{"id":55698,"date":"2023-03-10T10:33:23","date_gmt":"2023-03-10T08:33:23","guid":{"rendered":"https:\/\/buletin.de\/bucuresti\/?p=55698"},"modified":"2023-03-10T11:31:11","modified_gmt":"2023-03-10T09:31:11","slug":"doi-australieni-au-vrut-sa-viziteze-budapesta-dar-au-ajuns-din-greseala-la-bucuresti","status":"publish","type":"post","link":"https:\/\/buletin.de\/bucuresti\/doi-australieni-au-vrut-sa-viziteze-budapesta-dar-au-ajuns-din-greseala-la-bucuresti\/","title":{"rendered":"Doi australieni au vrut s\u0103 viziteze Budapesta, dar au ajuns, din gre\u0219eal\u0103, la Bucure\u0219ti"},"content":{"rendered":"\n<p><strong>Doi australieni \u0219i-au dorit s\u0103 viziteze Budapesta, \u00eens\u0103 au ajuns \u00een Rom\u00e2nia, la Bucure\u0219ti. Cei doi tineri au cump\u0103rat, din gre\u0219eal\u0103, bilete de avion spre Capitala Rom\u00e2niei, \u00een loc de Capitala Ungariei.<\/strong> <strong>Toat\u0103 p\u0103\u021bania a fost ar\u0103tat\u0103 pe Tiktok, videoclipurile celor doi tineri ajung\u00e2nd virale.<\/strong><\/p>\n\n\n\n<figure class=\"wp-block-image size-full\"><img fetchpriority=\"high\" decoding=\"async\" width=\"440\" height=\"658\" src=\"data:image\/gif;base64,R0lGODlhAQABAAAAACH5BAEKAAEALAAAAAABAAEAAAICTAEAOw==\" data-src=\"https:\/\/buletin.de\/bucuresti\/wp-content\/uploads\/Buharest1.jpg\" alt=\"\" class=\"wp-image-55699 lazyload\" data-sizes=\"auto\" data-srcset=\"https:\/\/buletin.de\/bucuresti\/wp-content\/uploads\/Buharest1.jpg 440w, https:\/\/buletin.de\/bucuresti\/wp-content\/uploads\/Buharest1-201x300.jpg 201w, https:\/\/buletin.de\/bucuresti\/wp-content\/uploads\/Buharest1-334x500.jpg 334w\" sizes=\"(max-width: 440px) 100vw, 440px\" \/><figcaption>Surs\u0103: New York Post<\/figcaption><\/figure>\n\n\n\n<p>Sophie Alice \u0219i Ben Kennedy sunt doi vloggeri de c\u0103l\u0103torii din Australia. T\u00e2n\u0103ra a povestit c\u0103 prietenul ei a vrut s\u0103 o surprind\u0103 cu o excursie \u00een Budapesta, \u00eens\u0103, din gre\u0219eal\u0103, a cump\u0103rat bilete de avion spre&#8230; Bucure\u0219ti, potrivit <a href=\"https:\/\/nypost.com\/2023\/03\/09\/australian-friends-book-flight-to-bucharest-instead-of-budapest\/?fbclid=IwAR3RZe9WnR_X4zR_R9vv0URM3Ivy7XtbH6WtmZ2YTV0ILObLxYwtelxPFvY\">New York Post<\/a>.<\/p>\n\n\n\n<p>Cei doi tineri \u0219i-au dat seama de gre\u0219eal\u0103 c\u00e2nd au ajuns la coada pentru \u00eembarcare, \u00een timp ce, pe ecrane, era afi\u0219at Bucure\u0219ti, Capitala Rom\u00e2niei, \u00een loc de Budapesta, Capitala Ungariei.<\/p>\n\n\n\n<figure class=\"wp-block-image size-full\"><img decoding=\"async\" width=\"439\" height=\"652\" src=\"data:image\/gif;base64,R0lGODlhAQABAAAAACH5BAEKAAEALAAAAAABAAEAAAICTAEAOw==\" data-src=\"https:\/\/buletin.de\/bucuresti\/wp-content\/uploads\/Bucharest.jpg\" alt=\"\" class=\"wp-image-55700 lazyload\" data-sizes=\"auto\" data-srcset=\"https:\/\/buletin.de\/bucuresti\/wp-content\/uploads\/Bucharest.jpg 439w, https:\/\/buletin.de\/bucuresti\/wp-content\/uploads\/Bucharest-202x300.jpg 202w, https:\/\/buletin.de\/bucuresti\/wp-content\/uploads\/Bucharest-337x500.jpg 337w\" sizes=\"(max-width: 439px) 100vw, 439px\" \/><figcaption>Surs\u0103: New York Post<\/figcaption><\/figure>\n\n\n\n<p>\u201eA fost grozav!\u201d, a m\u0103rturisit Sophie, r\u0103spunz\u00e2nd miilor de oameni care s-au amuzat pe seama erorii lor. \u201eCel mai bun prieten al meu care locuie\u0219te \u00een Australia \u0219i e plecat temporar \u00een Noua Zeeland\u0103, a venit pe nea\u0219teptate \u0219i mi-a f\u0103cut o surpriz\u0103, nu aveam nicio idee c\u0103 vine. Apoi a venit cu o alt\u0103 surpriz\u0103, adic\u0103 a rezervat o c\u0103l\u0103torie pentru noi \u00een Europa de Est \u0219i, da, am ajuns \u00een Bucure\u0219ti, Rom\u00e2nia\u201d, a mai spus ea.<\/p>\n\n\n\n<figure class=\"wp-block-embed is-type-video is-provider-tiktok wp-block-embed-tiktok\"><div class=\"wp-block-embed__wrapper\">\n<blockquote class=\"tiktok-embed\" cite=\"https:\/\/www.tiktok.com\/@sophealice\/video\/7206639694308773126\" data-video-id=\"7206639694308773126\" data-embed-from=\"oembed\" style=\"max-width: 605px;min-width: 325px;\" > <section> <a target=\"_blank\" title=\"@sophealice\" href=\"https:\/\/www.tiktok.com\/@sophealice?refer=embed\">@sophealice<\/a> <p>They sound similar right \ud83d\ude02    <a title=\"budapest\" target=\"_blank\" href=\"https:\/\/www.tiktok.com\/tag\/budapest?refer=embed\">#budapest<\/a> <a title=\"bucharest\" target=\"_blank\" href=\"https:\/\/www.tiktok.com\/tag\/bucharest?refer=embed\">#bucharest<\/a> <a title=\"romania\" target=\"_blank\" href=\"https:\/\/www.tiktok.com\/tag\/romania?refer=embed\">#romania<\/a> <a title=\"ryanair\" target=\"_blank\" href=\"https:\/\/www.tiktok.com\/tag\/ryanair?refer=embed\">#ryanair<\/a> <a title=\"airport\" target=\"_blank\" href=\"https:\/\/www.tiktok.com\/tag\/airport?refer=embed\">#airport<\/a> <a title=\"travel\" target=\"_blank\" href=\"https:\/\/www.tiktok.com\/tag\/travel?refer=embed\">#travel<\/a> <a title=\"bestfriends\" target=\"_blank\" href=\"https:\/\/www.tiktok.com\/tag\/bestfriends?refer=embed\">#bestfriends<\/a> <a title=\"viral\" target=\"_blank\" href=\"https:\/\/www.tiktok.com\/tag\/viral?refer=embed\">#viral<\/a> <a title=\"fyp\" target=\"_blank\" href=\"https:\/\/www.tiktok.com\/tag\/fyp?refer=embed\">#fyp<\/a> <a title=\"fyp\u30b7\" target=\"_blank\" href=\"https:\/\/www.tiktok.com\/tag\/fyp%E3%82%B7?refer=embed\">#fyp\u30b7<\/a> <a title=\"surprisingyourbff\" target=\"_blank\" href=\"https:\/\/www.tiktok.com\/tag\/surprisingyourbff?refer=embed\">#surprisingyourbff<\/a> <\/p> <a target=\"_blank\" title=\"\u266c original sound - Bull-E-Pack\" href=\"https:\/\/www.tiktok.com\/music\/original-sound-7125890709521042218?refer=embed\">\u266c original sound &#8211; Bull-E-Pack<\/a> <\/section> <\/blockquote> <script async src=\"https:\/\/www.tiktok.com\/embed.js\"><\/script>\n<\/div><\/figure>\n\n\n\n<p>Cei doi tineri au profitat de faptul c\u0103 au ajuns \u00een Rom\u00e2nia \u015fi au vizitat mai multe obiective turistice.<\/p>\n\n\n\n<figure class=\"wp-block-image size-full\"><img decoding=\"async\" width=\"442\" height=\"661\" src=\"data:image\/gif;base64,R0lGODlhAQABAAAAACH5BAEKAAEALAAAAAABAAEAAAICTAEAOw==\" data-src=\"https:\/\/buletin.de\/bucuresti\/wp-content\/uploads\/Alice.jpg\" alt=\"\" class=\"wp-image-55701 lazyload\" data-sizes=\"auto\" data-srcset=\"https:\/\/buletin.de\/bucuresti\/wp-content\/uploads\/Alice.jpg 442w, https:\/\/buletin.de\/bucuresti\/wp-content\/uploads\/Alice-201x300.jpg 201w, https:\/\/buletin.de\/bucuresti\/wp-content\/uploads\/Alice-334x500.jpg 334w\" sizes=\"(max-width: 442px) 100vw, 442px\" \/><figcaption>Surs\u0103: New York Post<\/figcaption><\/figure>\n\n\n\n<figure class=\"wp-block-image size-full\"><img loading=\"lazy\" decoding=\"async\" width=\"446\" height=\"697\" src=\"data:image\/gif;base64,R0lGODlhAQABAAAAACH5BAEKAAEALAAAAAABAAEAAAICTAEAOw==\" data-src=\"https:\/\/buletin.de\/bucuresti\/wp-content\/uploads\/Austrlieni.jpg\" alt=\"\" class=\"wp-image-55702 lazyload\" data-sizes=\"auto\" data-srcset=\"https:\/\/buletin.de\/bucuresti\/wp-content\/uploads\/Austrlieni.jpg 446w, https:\/\/buletin.de\/bucuresti\/wp-content\/uploads\/Austrlieni-192x300.jpg 192w, https:\/\/buletin.de\/bucuresti\/wp-content\/uploads\/Austrlieni-320x500.jpg 320w\" sizes=\"(max-width: 446px) 100vw, 446px\" \/><figcaption>Surs\u0103: New York Post<\/figcaption><\/figure>\n\n\n\n<p>Glumele nu au \u00eent\u00e2rziat s\u0103 apar\u0103. Unii dintre internau\u021bi s-au amuzat copios pe seama p\u0103\u021baniei celor doi. Un utilizator de TikTok i-a sf\u0103tuit s\u0103 nu confunde Austria cu Australia. Un altul le-a transmis c\u0103 \u201eRom\u00e2nia este cel mai subestimat loc, din toate \u021b\u0103rile \u00een care am fost \u2013 sunt at\u00e2t de multe lucruri de f\u0103cut acolo! S-a \u00eent\u00e2mplat pentru un motiv\u201d.<\/p>\n","protected":false},"excerpt":{"rendered":"<p>Doi australieni \u0219i-au dorit s\u0103 viziteze Budapesta, \u00eens\u0103 au ajuns \u00een Rom\u00e2nia, la Bucure\u0219ti. Cei doi tineri au cump\u0103rat, din gre\u0219eal\u0103, bilete de avion spre Capitala Rom\u00e2niei, \u00een loc de Capitala Ungariei. Toat\u0103 p\u0103\u021bania a fost ar\u0103tat\u0103 pe Tiktok, videoclipurile celor doi tineri ajung\u00e2nd virale. Sophie Alice \u0219i Ben Kennedy sunt doi vloggeri de c\u0103l\u0103torii [&hellip;]<\/p>\n","protected":false},"author":46,"featured_media":55706,"comment_status":"closed","ping_status":"open","sticky":false,"template":"","format":"standard","meta":{"_acf_changed":false,"inline_featured_image":false,"ngg_post_thumbnail":0,"footnotes":""},"categories":[3419,62],"tags":[5555,5556,5456,5553,5554],"ppma_author":[22605],"class_list":["post-55698","post","type-post","status-publish","format-standard","has-post-thumbnail","hentry","category-featured","category-stiri","tag-australieni","tag-biletedeavion","tag-budapesta","tag-calatorie-2","tag-patanie"],"acf":[],"yoast_head":"<!-- This site is optimized with the Yoast SEO Premium plugin v25.3 (Yoast SEO v27.4) - https:\/\/yoast.com\/product\/yoast-seo-premium-wordpress\/ -->\n<title>Doi australieni au vrut s\u0103 viziteze Budapesta, dar au ajuns, din gre\u0219eal\u0103, la Bucure\u0219ti - Buletin de Bucure\u0219ti<\/title>\n<meta name=\"robots\" content=\"index, follow, max-snippet:-1, max-image-preview:large, max-video-preview:-1\" \/>\n<link rel=\"canonical\" href=\"https:\/\/buletin.de\/bucuresti\/doi-australieni-au-vrut-sa-viziteze-budapesta-dar-au-ajuns-din-greseala-la-bucuresti\/\" \/>\n<meta property=\"og:locale\" content=\"en_GB\" \/>\n<meta property=\"og:type\" content=\"article\" \/>\n<meta property=\"og:title\" content=\"Doi australieni au vrut s\u0103 viziteze Budapesta, dar au ajuns, din gre\u0219eal\u0103, la Bucure\u0219ti\" \/>\n<meta property=\"og:description\" content=\"Doi australieni \u0219i-au dorit s\u0103 viziteze Budapesta, \u00eens\u0103 au ajuns \u00een Rom\u00e2nia, la Bucure\u0219ti. Cei doi tineri au cump\u0103rat, din gre\u0219eal\u0103, bilete de avion spre Capitala Rom\u00e2niei, \u00een loc de Capitala Ungariei. Toat\u0103 p\u0103\u021bania a fost ar\u0103tat\u0103 pe Tiktok, videoclipurile celor doi tineri ajung\u00e2nd virale. Sophie Alice \u0219i Ben Kennedy sunt doi vloggeri de c\u0103l\u0103torii [&hellip;]\" \/>\n<meta property=\"og:url\" content=\"https:\/\/buletin.de\/bucuresti\/doi-australieni-au-vrut-sa-viziteze-budapesta-dar-au-ajuns-din-greseala-la-bucuresti\/\" \/>\n<meta property=\"og:site_name\" content=\"Buletin de Bucure\u0219ti\" \/>\n<meta property=\"article:publisher\" content=\"https:\/\/www.facebook.com\/buletin.de.buc\" \/>\n<meta property=\"article:published_time\" content=\"2023-03-10T08:33:23+00:00\" \/>\n<meta property=\"article:modified_time\" content=\"2023-03-10T09:31:11+00:00\" \/>\n<meta property=\"og:image\" content=\"https:\/\/buletin.de\/bucuresti\/wp-content\/uploads\/Alice-2.jpg\" \/>\n\t<meta property=\"og:image:width\" content=\"429\" \/>\n\t<meta property=\"og:image:height\" content=\"332\" \/>\n\t<meta property=\"og:image:type\" content=\"image\/jpeg\" \/>\n<meta name=\"author\" content=\"Andreea Gelatu\" \/>\n<meta name=\"twitter:card\" content=\"summary_large_image\" \/>\n<meta name=\"twitter:label1\" content=\"Written by\" \/>\n\t<meta name=\"twitter:data1\" content=\"Andreea Gelatu\" \/>\n\t<meta name=\"twitter:label2\" content=\"Estimated reading time\" \/>\n\t<meta name=\"twitter:data2\" content=\"3 minutes\" \/>\n<script type=\"application\/ld+json\" class=\"yoast-schema-graph\">{\"@context\":\"https:\\\/\\\/schema.org\",\"@graph\":[{\"@type\":\"Article\",\"@id\":\"https:\\\/\\\/buletin.de\\\/bucuresti\\\/doi-australieni-au-vrut-sa-viziteze-budapesta-dar-au-ajuns-din-greseala-la-bucuresti\\\/#article\",\"isPartOf\":{\"@id\":\"https:\\\/\\\/buletin.de\\\/bucuresti\\\/doi-australieni-au-vrut-sa-viziteze-budapesta-dar-au-ajuns-din-greseala-la-bucuresti\\\/\"},\"author\":{\"name\":\"Andreea Gelatu\",\"@id\":\"https:\\\/\\\/buletin.de\\\/bucuresti\\\/#\\\/schema\\\/person\\\/87734700b2c7f8608881f7e93b8834de\"},\"headline\":\"Doi australieni au vrut s\u0103 viziteze Budapesta, dar au ajuns, din gre\u0219eal\u0103, la Bucure\u0219ti\",\"datePublished\":\"2023-03-10T08:33:23+00:00\",\"dateModified\":\"2023-03-10T09:31:11+00:00\",\"mainEntityOfPage\":{\"@id\":\"https:\\\/\\\/buletin.de\\\/bucuresti\\\/doi-australieni-au-vrut-sa-viziteze-budapesta-dar-au-ajuns-din-greseala-la-bucuresti\\\/\"},\"wordCount\":382,\"publisher\":{\"@id\":\"https:\\\/\\\/buletin.de\\\/bucuresti\\\/#organization\"},\"image\":{\"@id\":\"https:\\\/\\\/buletin.de\\\/bucuresti\\\/doi-australieni-au-vrut-sa-viziteze-budapesta-dar-au-ajuns-din-greseala-la-bucuresti\\\/#primaryimage\"},\"thumbnailUrl\":\"https:\\\/\\\/buletin.de\\\/bucuresti\\\/wp-content\\\/uploads\\\/Alice-2.jpg\",\"keywords\":[\"australieni\",\"biletedeavion\",\"Budapesta\",\"c\u0103l\u0103torie\",\"p\u0103\u021banie\"],\"articleSection\":[\"Featured\",\"\u0218tiri\"],\"inLanguage\":\"en-GB\",\"copyrightYear\":\"2023\",\"copyrightHolder\":{\"@id\":\"https:\\\/\\\/buletin.de\\\/bucuresti\\\/#organization\"}},{\"@type\":\"WebPage\",\"@id\":\"https:\\\/\\\/buletin.de\\\/bucuresti\\\/doi-australieni-au-vrut-sa-viziteze-budapesta-dar-au-ajuns-din-greseala-la-bucuresti\\\/\",\"url\":\"https:\\\/\\\/buletin.de\\\/bucuresti\\\/doi-australieni-au-vrut-sa-viziteze-budapesta-dar-au-ajuns-din-greseala-la-bucuresti\\\/\",\"name\":\"Doi australieni au vrut s\u0103 viziteze Budapesta, dar au ajuns, din gre\u0219eal\u0103, la Bucure\u0219ti - Buletin de Bucure\u0219ti\",\"isPartOf\":{\"@id\":\"https:\\\/\\\/buletin.de\\\/bucuresti\\\/#website\"},\"primaryImageOfPage\":{\"@id\":\"https:\\\/\\\/buletin.de\\\/bucuresti\\\/doi-australieni-au-vrut-sa-viziteze-budapesta-dar-au-ajuns-din-greseala-la-bucuresti\\\/#primaryimage\"},\"image\":{\"@id\":\"https:\\\/\\\/buletin.de\\\/bucuresti\\\/doi-australieni-au-vrut-sa-viziteze-budapesta-dar-au-ajuns-din-greseala-la-bucuresti\\\/#primaryimage\"},\"thumbnailUrl\":\"https:\\\/\\\/buletin.de\\\/bucuresti\\\/wp-content\\\/uploads\\\/Alice-2.jpg\",\"datePublished\":\"2023-03-10T08:33:23+00:00\",\"dateModified\":\"2023-03-10T09:31:11+00:00\",\"breadcrumb\":{\"@id\":\"https:\\\/\\\/buletin.de\\\/bucuresti\\\/doi-australieni-au-vrut-sa-viziteze-budapesta-dar-au-ajuns-din-greseala-la-bucuresti\\\/#breadcrumb\"},\"inLanguage\":\"en-GB\",\"potentialAction\":[{\"@type\":\"ReadAction\",\"target\":[\"https:\\\/\\\/buletin.de\\\/bucuresti\\\/doi-australieni-au-vrut-sa-viziteze-budapesta-dar-au-ajuns-din-greseala-la-bucuresti\\\/\"]}]},{\"@type\":\"ImageObject\",\"inLanguage\":\"en-GB\",\"@id\":\"https:\\\/\\\/buletin.de\\\/bucuresti\\\/doi-australieni-au-vrut-sa-viziteze-budapesta-dar-au-ajuns-din-greseala-la-bucuresti\\\/#primaryimage\",\"url\":\"https:\\\/\\\/buletin.de\\\/bucuresti\\\/wp-content\\\/uploads\\\/Alice-2.jpg\",\"contentUrl\":\"https:\\\/\\\/buletin.de\\\/bucuresti\\\/wp-content\\\/uploads\\\/Alice-2.jpg\",\"width\":429,\"height\":332},{\"@type\":\"BreadcrumbList\",\"@id\":\"https:\\\/\\\/buletin.de\\\/bucuresti\\\/doi-australieni-au-vrut-sa-viziteze-budapesta-dar-au-ajuns-din-greseala-la-bucuresti\\\/#breadcrumb\",\"itemListElement\":[{\"@type\":\"ListItem\",\"position\":1,\"name\":\"Acas\u0103\",\"item\":\"https:\\\/\\\/buletin.de\\\/bucuresti\\\/\"},{\"@type\":\"ListItem\",\"position\":2,\"name\":\"Doi australieni au vrut s\u0103 viziteze Budapesta, dar au ajuns, din gre\u0219eal\u0103, la Bucure\u0219ti\"}]},{\"@type\":\"WebSite\",\"@id\":\"https:\\\/\\\/buletin.de\\\/bucuresti\\\/#website\",\"url\":\"https:\\\/\\\/buletin.de\\\/bucuresti\\\/\",\"name\":\"Buletin de Bucure\u0219ti\",\"description\":\"\u0218tiri \u0219i investiga\u021bii esen\u021biale din capital\u0103\",\"publisher\":{\"@id\":\"https:\\\/\\\/buletin.de\\\/bucuresti\\\/#organization\"},\"potentialAction\":[{\"@type\":\"SearchAction\",\"target\":{\"@type\":\"EntryPoint\",\"urlTemplate\":\"https:\\\/\\\/buletin.de\\\/bucuresti\\\/?s={search_term_string}\"},\"query-input\":{\"@type\":\"PropertyValueSpecification\",\"valueRequired\":true,\"valueName\":\"search_term_string\"}}],\"inLanguage\":\"en-GB\"},{\"@type\":\"Organization\",\"@id\":\"https:\\\/\\\/buletin.de\\\/bucuresti\\\/#organization\",\"name\":\"Buletin de Bucure\u0219ti\",\"url\":\"https:\\\/\\\/buletin.de\\\/bucuresti\\\/\",\"logo\":{\"@type\":\"ImageObject\",\"inLanguage\":\"en-GB\",\"@id\":\"https:\\\/\\\/buletin.de\\\/bucuresti\\\/#\\\/schema\\\/logo\\\/image\\\/\",\"url\":\"https:\\\/\\\/buletin.de\\\/bucuresti\\\/wp-content\\\/uploads\\\/logo-bdb-full-wide-vernil-transparent.png\",\"contentUrl\":\"https:\\\/\\\/buletin.de\\\/bucuresti\\\/wp-content\\\/uploads\\\/logo-bdb-full-wide-vernil-transparent.png\",\"width\":1782,\"height\":626,\"caption\":\"Buletin de Bucure\u0219ti\"},\"image\":{\"@id\":\"https:\\\/\\\/buletin.de\\\/bucuresti\\\/#\\\/schema\\\/logo\\\/image\\\/\"},\"sameAs\":[\"https:\\\/\\\/www.facebook.com\\\/buletin.de.buc\",\"https:\\\/\\\/www.instagram.com\\\/buletinde.bucuresti\\\/\"]},{\"@type\":\"Person\",\"@id\":\"https:\\\/\\\/buletin.de\\\/bucuresti\\\/#\\\/schema\\\/person\\\/87734700b2c7f8608881f7e93b8834de\",\"name\":\"Andreea Gelatu\",\"image\":{\"@type\":\"ImageObject\",\"inLanguage\":\"en-GB\",\"@id\":\"https:\\\/\\\/secure.gravatar.com\\\/avatar\\\/b716eca2f984b9b65bdd87118b4b909d940b619cbe6e8cb725fe11c1b1f4194f?s=96&d=monsterid&r=g9b5eff4996c6b842a29b3057a7b4746f\",\"url\":\"https:\\\/\\\/secure.gravatar.com\\\/avatar\\\/b716eca2f984b9b65bdd87118b4b909d940b619cbe6e8cb725fe11c1b1f4194f?s=96&d=monsterid&r=g\",\"contentUrl\":\"https:\\\/\\\/secure.gravatar.com\\\/avatar\\\/b716eca2f984b9b65bdd87118b4b909d940b619cbe6e8cb725fe11c1b1f4194f?s=96&d=monsterid&r=g\",\"caption\":\"Andreea Gelatu\"},\"url\":\"https:\\\/\\\/buletin.de\\\/bucuresti\\\/author\\\/andreeagelatu\\\/\"}]}<\/script>\n<!-- \/ Yoast SEO Premium plugin. -->","yoast_head_json":{"title":"Doi australieni au vrut s\u0103 viziteze Budapesta, dar au ajuns, din gre\u0219eal\u0103, la Bucure\u0219ti - Buletin de Bucure\u0219ti","robots":{"index":"index","follow":"follow","max-snippet":"max-snippet:-1","max-image-preview":"max-image-preview:large","max-video-preview":"max-video-preview:-1"},"canonical":"https:\/\/buletin.de\/bucuresti\/doi-australieni-au-vrut-sa-viziteze-budapesta-dar-au-ajuns-din-greseala-la-bucuresti\/","og_locale":"en_GB","og_type":"article","og_title":"Doi australieni au vrut s\u0103 viziteze Budapesta, dar au ajuns, din gre\u0219eal\u0103, la Bucure\u0219ti","og_description":"Doi australieni \u0219i-au dorit s\u0103 viziteze Budapesta, \u00eens\u0103 au ajuns \u00een Rom\u00e2nia, la Bucure\u0219ti. Cei doi tineri au cump\u0103rat, din gre\u0219eal\u0103, bilete de avion spre Capitala Rom\u00e2niei, \u00een loc de Capitala Ungariei. Toat\u0103 p\u0103\u021bania a fost ar\u0103tat\u0103 pe Tiktok, videoclipurile celor doi tineri ajung\u00e2nd virale. Sophie Alice \u0219i Ben Kennedy sunt doi vloggeri de c\u0103l\u0103torii [&hellip;]","og_url":"https:\/\/buletin.de\/bucuresti\/doi-australieni-au-vrut-sa-viziteze-budapesta-dar-au-ajuns-din-greseala-la-bucuresti\/","og_site_name":"Buletin de Bucure\u0219ti","article_publisher":"https:\/\/www.facebook.com\/buletin.de.buc","article_published_time":"2023-03-10T08:33:23+00:00","article_modified_time":"2023-03-10T09:31:11+00:00","og_image":[{"width":429,"height":332,"url":"https:\/\/buletin.de\/bucuresti\/wp-content\/uploads\/Alice-2.jpg","type":"image\/jpeg"}],"author":"Andreea Gelatu","twitter_card":"summary_large_image","twitter_misc":{"Written by":"Andreea Gelatu","Estimated reading time":"3 minutes"},"schema":{"@context":"https:\/\/schema.org","@graph":[{"@type":"Article","@id":"https:\/\/buletin.de\/bucuresti\/doi-australieni-au-vrut-sa-viziteze-budapesta-dar-au-ajuns-din-greseala-la-bucuresti\/#article","isPartOf":{"@id":"https:\/\/buletin.de\/bucuresti\/doi-australieni-au-vrut-sa-viziteze-budapesta-dar-au-ajuns-din-greseala-la-bucuresti\/"},"author":{"name":"Andreea Gelatu","@id":"https:\/\/buletin.de\/bucuresti\/#\/schema\/person\/87734700b2c7f8608881f7e93b8834de"},"headline":"Doi australieni au vrut s\u0103 viziteze Budapesta, dar au ajuns, din gre\u0219eal\u0103, la Bucure\u0219ti","datePublished":"2023-03-10T08:33:23+00:00","dateModified":"2023-03-10T09:31:11+00:00","mainEntityOfPage":{"@id":"https:\/\/buletin.de\/bucuresti\/doi-australieni-au-vrut-sa-viziteze-budapesta-dar-au-ajuns-din-greseala-la-bucuresti\/"},"wordCount":382,"publisher":{"@id":"https:\/\/buletin.de\/bucuresti\/#organization"},"image":{"@id":"https:\/\/buletin.de\/bucuresti\/doi-australieni-au-vrut-sa-viziteze-budapesta-dar-au-ajuns-din-greseala-la-bucuresti\/#primaryimage"},"thumbnailUrl":"https:\/\/buletin.de\/bucuresti\/wp-content\/uploads\/Alice-2.jpg","keywords":["australieni","biletedeavion","Budapesta","c\u0103l\u0103torie","p\u0103\u021banie"],"articleSection":["Featured","\u0218tiri"],"inLanguage":"en-GB","copyrightYear":"2023","copyrightHolder":{"@id":"https:\/\/buletin.de\/bucuresti\/#organization"}},{"@type":"WebPage","@id":"https:\/\/buletin.de\/bucuresti\/doi-australieni-au-vrut-sa-viziteze-budapesta-dar-au-ajuns-din-greseala-la-bucuresti\/","url":"https:\/\/buletin.de\/bucuresti\/doi-australieni-au-vrut-sa-viziteze-budapesta-dar-au-ajuns-din-greseala-la-bucuresti\/","name":"Doi australieni au vrut s\u0103 viziteze Budapesta, dar au ajuns, din gre\u0219eal\u0103, la Bucure\u0219ti - Buletin de Bucure\u0219ti","isPartOf":{"@id":"https:\/\/buletin.de\/bucuresti\/#website"},"primaryImageOfPage":{"@id":"https:\/\/buletin.de\/bucuresti\/doi-australieni-au-vrut-sa-viziteze-budapesta-dar-au-ajuns-din-greseala-la-bucuresti\/#primaryimage"},"image":{"@id":"https:\/\/buletin.de\/bucuresti\/doi-australieni-au-vrut-sa-viziteze-budapesta-dar-au-ajuns-din-greseala-la-bucuresti\/#primaryimage"},"thumbnailUrl":"https:\/\/buletin.de\/bucuresti\/wp-content\/uploads\/Alice-2.jpg","datePublished":"2023-03-10T08:33:23+00:00","dateModified":"2023-03-10T09:31:11+00:00","breadcrumb":{"@id":"https:\/\/buletin.de\/bucuresti\/doi-australieni-au-vrut-sa-viziteze-budapesta-dar-au-ajuns-din-greseala-la-bucuresti\/#breadcrumb"},"inLanguage":"en-GB","potentialAction":[{"@type":"ReadAction","target":["https:\/\/buletin.de\/bucuresti\/doi-australieni-au-vrut-sa-viziteze-budapesta-dar-au-ajuns-din-greseala-la-bucuresti\/"]}]},{"@type":"ImageObject","inLanguage":"en-GB","@id":"https:\/\/buletin.de\/bucuresti\/doi-australieni-au-vrut-sa-viziteze-budapesta-dar-au-ajuns-din-greseala-la-bucuresti\/#primaryimage","url":"https:\/\/buletin.de\/bucuresti\/wp-content\/uploads\/Alice-2.jpg","contentUrl":"https:\/\/buletin.de\/bucuresti\/wp-content\/uploads\/Alice-2.jpg","width":429,"height":332},{"@type":"BreadcrumbList","@id":"https:\/\/buletin.de\/bucuresti\/doi-australieni-au-vrut-sa-viziteze-budapesta-dar-au-ajuns-din-greseala-la-bucuresti\/#breadcrumb","itemListElement":[{"@type":"ListItem","position":1,"name":"Acas\u0103","item":"https:\/\/buletin.de\/bucuresti\/"},{"@type":"ListItem","position":2,"name":"Doi australieni au vrut s\u0103 viziteze Budapesta, dar au ajuns, din gre\u0219eal\u0103, la Bucure\u0219ti"}]},{"@type":"WebSite","@id":"https:\/\/buletin.de\/bucuresti\/#website","url":"https:\/\/buletin.de\/bucuresti\/","name":"Buletin de Bucure\u0219ti","description":"\u0218tiri \u0219i investiga\u021bii esen\u021biale din capital\u0103","publisher":{"@id":"https:\/\/buletin.de\/bucuresti\/#organization"},"potentialAction":[{"@type":"SearchAction","target":{"@type":"EntryPoint","urlTemplate":"https:\/\/buletin.de\/bucuresti\/?s={search_term_string}"},"query-input":{"@type":"PropertyValueSpecification","valueRequired":true,"valueName":"search_term_string"}}],"inLanguage":"en-GB"},{"@type":"Organization","@id":"https:\/\/buletin.de\/bucuresti\/#organization","name":"Buletin de Bucure\u0219ti","url":"https:\/\/buletin.de\/bucuresti\/","logo":{"@type":"ImageObject","inLanguage":"en-GB","@id":"https:\/\/buletin.de\/bucuresti\/#\/schema\/logo\/image\/","url":"https:\/\/buletin.de\/bucuresti\/wp-content\/uploads\/logo-bdb-full-wide-vernil-transparent.png","contentUrl":"https:\/\/buletin.de\/bucuresti\/wp-content\/uploads\/logo-bdb-full-wide-vernil-transparent.png","width":1782,"height":626,"caption":"Buletin de Bucure\u0219ti"},"image":{"@id":"https:\/\/buletin.de\/bucuresti\/#\/schema\/logo\/image\/"},"sameAs":["https:\/\/www.facebook.com\/buletin.de.buc","https:\/\/www.instagram.com\/buletinde.bucuresti\/"]},{"@type":"Person","@id":"https:\/\/buletin.de\/bucuresti\/#\/schema\/person\/87734700b2c7f8608881f7e93b8834de","name":"Andreea Gelatu","image":{"@type":"ImageObject","inLanguage":"en-GB","@id":"https:\/\/secure.gravatar.com\/avatar\/b716eca2f984b9b65bdd87118b4b909d940b619cbe6e8cb725fe11c1b1f4194f?s=96&d=monsterid&r=g9b5eff4996c6b842a29b3057a7b4746f","url":"https:\/\/secure.gravatar.com\/avatar\/b716eca2f984b9b65bdd87118b4b909d940b619cbe6e8cb725fe11c1b1f4194f?s=96&d=monsterid&r=g","contentUrl":"https:\/\/secure.gravatar.com\/avatar\/b716eca2f984b9b65bdd87118b4b909d940b619cbe6e8cb725fe11c1b1f4194f?s=96&d=monsterid&r=g","caption":"Andreea Gelatu"},"url":"https:\/\/buletin.de\/bucuresti\/author\/andreeagelatu\/"}]}},"authors":[{"term_id":22605,"user_id":46,"is_guest":0,"slug":"andreeagelatu","display_name":"Andreea Gelatu","avatar_url":"https:\/\/secure.gravatar.com\/avatar\/b716eca2f984b9b65bdd87118b4b909d940b619cbe6e8cb725fe11c1b1f4194f?s=96&d=monsterid&r=g","0":null,"1":"","2":"","3":"","4":"","5":"","6":"","7":"","8":""}],"_links":{"self":[{"href":"https:\/\/buletin.de\/bucuresti\/wp-json\/wp\/v2\/posts\/55698","targetHints":{"allow":["GET"]}}],"collection":[{"href":"https:\/\/buletin.de\/bucuresti\/wp-json\/wp\/v2\/posts"}],"about":[{"href":"https:\/\/buletin.de\/bucuresti\/wp-json\/wp\/v2\/types\/post"}],"author":[{"embeddable":true,"href":"https:\/\/buletin.de\/bucuresti\/wp-json\/wp\/v2\/users\/46"}],"replies":[{"embeddable":true,"href":"https:\/\/buletin.de\/bucuresti\/wp-json\/wp\/v2\/comments?post=55698"}],"version-history":[{"count":5,"href":"https:\/\/buletin.de\/bucuresti\/wp-json\/wp\/v2\/posts\/55698\/revisions"}],"predecessor-version":[{"id":55709,"href":"https:\/\/buletin.de\/bucuresti\/wp-json\/wp\/v2\/posts\/55698\/revisions\/55709"}],"wp:featuredmedia":[{"embeddable":true,"href":"https:\/\/buletin.de\/bucuresti\/wp-json\/wp\/v2\/media\/55706"}],"wp:attachment":[{"href":"https:\/\/buletin.de\/bucuresti\/wp-json\/wp\/v2\/media?parent=55698"}],"wp:term":[{"taxonomy":"category","embeddable":true,"href":"https:\/\/buletin.de\/bucuresti\/wp-json\/wp\/v2\/categories?post=55698"},{"taxonomy":"post_tag","embeddable":true,"href":"https:\/\/buletin.de\/bucuresti\/wp-json\/wp\/v2\/tags?post=55698"},{"taxonomy":"author","embeddable":true,"href":"https:\/\/buletin.de\/bucuresti\/wp-json\/wp\/v2\/ppma_author?post=55698"}],"curies":[{"name":"wp","href":"https:\/\/api.w.org\/{rel}","templated":true}]}}