{"id":55663,"date":"2023-03-09T16:32:49","date_gmt":"2023-03-09T14:32:49","guid":{"rendered":"https:\/\/buletin.de\/bucuresti\/?p=55663"},"modified":"2023-09-19T15:33:41","modified_gmt":"2023-09-19T13:33:41","slug":"sintesti-actiune-a-autoritatilor-dupa-mai-multe-arderi-ilegale-de-deseuri","status":"publish","type":"post","link":"https:\/\/buletin.de\/bucuresti\/sintesti-actiune-a-autoritatilor-dupa-mai-multe-arderi-ilegale-de-deseuri\/","title":{"rendered":"Sinte\u0219ti | Ac\u021biune a autorit\u0103\u021bilor dup\u0103 mai multe arderi ilegale de de\u0219euri"},"content":{"rendered":"\n<p><strong>Comisarii G\u0103rzii de Mediu Ilfov, poli\u021bi\u0219ti \u0219i dou\u0103 ma\u0219ini de pompieri ac\u021bioneaz\u0103, \u00een aceast\u0103 dup\u0103 amiaz\u0103,  la Sinte\u0219ti. Autorit\u0103\u021bile au fost sesizate de fostul \u0219ef al G\u0103rzii de Mediu, Octavian Berceanu, c\u0103 \u00een zon\u0103 sunt arse de\u0219euri. <\/strong> <strong>Arderile ilegale de de\u0219euri din aceast\u0103 zon\u0103 sunt printre principalele cauze ale polu\u0103rii din Bucure\u0219ti \u0219i localit\u0103\u021bile \u00eenvecinate.<\/strong><\/p>\n\n\n\n<p>\u00cen jurul orei 6 ale acestei dimine\u021bi, 9 martie, Octavian Berceanu, fostul \u0219ef al G\u0103rzii de Mediu, a primit imagini cu focuri active pe un teren de l\u00e2ng\u0103 Sinte\u0219ti. Acesta, \u00eempreun\u0103 cu senatorul Drago\u0219 Popescu, s-a dus \u00een jurul orei 14 \u00een Sinte\u0219ti pentru a inspecta situa\u021bia.<\/p>\n\n\n\n<figure class=\"wp-block-image size-large\"><img fetchpriority=\"high\" decoding=\"async\" width=\"1644\" height=\"740\" src=\"data:image\/gif;base64,R0lGODlhAQABAAAAACH5BAEKAAEALAAAAAABAAEAAAICTAEAOw==\" data-src=\"https:\/\/buletin.de\/bucuresti\/wp-content\/uploads\/Screenshot_20230309-160944-edited.png\" alt=\"\" class=\"wp-image-55671 lazyload\" data-sizes=\"auto\" data-srcset=\"https:\/\/buletin.de\/bucuresti\/wp-content\/uploads\/Screenshot_20230309-160944-edited.png 1644w, https:\/\/buletin.de\/bucuresti\/wp-content\/uploads\/Screenshot_20230309-160944-edited-300x135.png 300w, https:\/\/buletin.de\/bucuresti\/wp-content\/uploads\/Screenshot_20230309-160944-edited-900x405.png 900w, https:\/\/buletin.de\/bucuresti\/wp-content\/uploads\/Screenshot_20230309-160944-edited-768x346.png 768w, https:\/\/buletin.de\/bucuresti\/wp-content\/uploads\/Screenshot_20230309-160944-edited-1536x691.png 1536w, https:\/\/buletin.de\/bucuresti\/wp-content\/uploads\/Screenshot_20230309-160944-edited-1060x477.png 1060w, https:\/\/buletin.de\/bucuresti\/wp-content\/uploads\/Screenshot_20230309-160944-edited-550x248.png 550w, https:\/\/buletin.de\/bucuresti\/wp-content\/uploads\/Screenshot_20230309-160944-edited-1111x500.png 1111w, https:\/\/buletin.de\/bucuresti\/wp-content\/uploads\/Screenshot_20230309-160944-edited-600x270.png 600w\" sizes=\"(max-width: 1644px) 100vw, 1644px\" \/><\/figure>\n\n\n\n<p>La fa\u021ba locului cei doi au identificat patru focuri, ce se manifestau cu fum des \u0219i miros pregnant. Garda de Mediu a fost alertat\u0103. Comisarii G\u0103rzi de Mediu au ajuns la Sinte\u0219ti direct de la o alt\u0103 interven\u021bie asem\u0103n\u0103toare, dintr-o zon\u0103 aflat\u0103 \u00een proximitate.&nbsp;<\/p>\n\n\n\n<figure class=\"wp-block-image size-large\"><img decoding=\"async\" width=\"1689\" height=\"760\" src=\"data:image\/gif;base64,R0lGODlhAQABAAAAACH5BAEKAAEALAAAAAABAAEAAAICTAEAOw==\" data-src=\"https:\/\/buletin.de\/bucuresti\/wp-content\/uploads\/Screenshot_20230309-160959-edited.png\" alt=\"\" class=\"wp-image-55670 lazyload\" data-sizes=\"auto\" data-srcset=\"https:\/\/buletin.de\/bucuresti\/wp-content\/uploads\/Screenshot_20230309-160959-edited.png 1689w, https:\/\/buletin.de\/bucuresti\/wp-content\/uploads\/Screenshot_20230309-160959-edited-300x135.png 300w, https:\/\/buletin.de\/bucuresti\/wp-content\/uploads\/Screenshot_20230309-160959-edited-900x405.png 900w, https:\/\/buletin.de\/bucuresti\/wp-content\/uploads\/Screenshot_20230309-160959-edited-768x346.png 768w, https:\/\/buletin.de\/bucuresti\/wp-content\/uploads\/Screenshot_20230309-160959-edited-1536x691.png 1536w, https:\/\/buletin.de\/bucuresti\/wp-content\/uploads\/Screenshot_20230309-160959-edited-1060x477.png 1060w, https:\/\/buletin.de\/bucuresti\/wp-content\/uploads\/Screenshot_20230309-160959-edited-550x247.png 550w, https:\/\/buletin.de\/bucuresti\/wp-content\/uploads\/Screenshot_20230309-160959-edited-1111x500.png 1111w, https:\/\/buletin.de\/bucuresti\/wp-content\/uploads\/Screenshot_20230309-160959-edited-600x270.png 600w\" sizes=\"(max-width: 1689px) 100vw, 1689px\" \/><\/figure>\n\n\n\n<figure class=\"wp-block-image size-large\"><img decoding=\"async\" width=\"1669\" height=\"751\" src=\"data:image\/gif;base64,R0lGODlhAQABAAAAACH5BAEKAAEALAAAAAABAAEAAAICTAEAOw==\" data-src=\"https:\/\/buletin.de\/bucuresti\/wp-content\/uploads\/Screenshot_20230309-161007-edited.png\" alt=\"\" class=\"wp-image-55672 lazyload\" data-sizes=\"auto\" data-srcset=\"https:\/\/buletin.de\/bucuresti\/wp-content\/uploads\/Screenshot_20230309-161007-edited.png 1669w, https:\/\/buletin.de\/bucuresti\/wp-content\/uploads\/Screenshot_20230309-161007-edited-300x135.png 300w, https:\/\/buletin.de\/bucuresti\/wp-content\/uploads\/Screenshot_20230309-161007-edited-900x405.png 900w, https:\/\/buletin.de\/bucuresti\/wp-content\/uploads\/Screenshot_20230309-161007-edited-768x346.png 768w, https:\/\/buletin.de\/bucuresti\/wp-content\/uploads\/Screenshot_20230309-161007-edited-1536x691.png 1536w, https:\/\/buletin.de\/bucuresti\/wp-content\/uploads\/Screenshot_20230309-161007-edited-1060x477.png 1060w, https:\/\/buletin.de\/bucuresti\/wp-content\/uploads\/Screenshot_20230309-161007-edited-550x247.png 550w, https:\/\/buletin.de\/bucuresti\/wp-content\/uploads\/Screenshot_20230309-161007-edited-1111x500.png 1111w, https:\/\/buletin.de\/bucuresti\/wp-content\/uploads\/Screenshot_20230309-161007-edited-600x270.png 600w\" sizes=\"(max-width: 1669px) 100vw, 1669px\" \/><\/figure>\n\n\n\n<p><\/p>\n\n\n\n<h2 class=\"wp-block-heading\">Sinte\u0219ti, \u201eTomberonul Europei\u201d <\/h2>\n\n\n\n<p>Problemele arderilor ilegale din jurul satului Sinte\u0219ti nu sunt o noutate. Pe l\u00e2ng\u0103 firmele locale care apeleaz\u0103 la a\u0219a-zi\u0219ii \u201ebrokeri de de\u0219euri\u201d comuna prime\u0219te \u0219i gunoi de import. \u00cen perioada 2019-2021 autorit\u0103\u021bile de mediu \u0219i de la frontier\u0103 au descoperit trei transporturi ilegale de de\u0219euri, \u00een valoare de 150.000 euro, care ar fi trebuit s\u0103 ajung\u0103 \u00een Sinte\u0219ti, conform unui reportaj Europa Liber\u0103.&nbsp;<\/p>\n\n\n\n<p>De asemenea, \u00een data de 26 noiembrie a anului trecut a avut loc \u0219i o ac\u021biune de amploare a G\u0103rzii de Mediu, \u00een colaborare cu Jandarmeria \u0219i Poli\u0163ia Consiliului Jude\u0163ean Ilfov. \u00cen urma acestora 12 persoane au fost sanc\u021bionate cu 350.000 de lei.<\/p>\n\n\n\n<p>\u00cens\u0103 problema persist\u0103, deoarece cei care provoac\u0103 arderile efective nu sunt aceea\u0219i oameni cu cei care profit\u0103 de pe urma lor. Grup\u0103rile criminale organizate caut\u0103 oameni simpli, s\u0103raci \u0219i din comunit\u0103\u021bi vulnerabile, pe care s\u0103-i transforme \u00een \u021bapi isp\u0103\u0219itori, conform pre\u0219edintelui Centrului de Advocacy \u015fi Drepturile Omului, pentru <a href=\"https:\/\/romania.europalibera.org\/a\/poluare-bucuresti-ardere-gunoi\/31576956.html\">Europa Liber\u0103<\/a>. \u00cen cadrul aceluia\u0219i reportaj, un procuror specializat \u00een anchetarea criminalit\u0103\u021bii organizate vorbea despre aceste practici specifice din localitatea Sinte\u0219ti, \u00een 2021:<\/p>\n\n\n\n<p><em>\u201eNu \u00een\u021beleg legea \u0219i nici nu vor s\u0103 o \u00een\u021beleag\u0103. De ace\u0219ti oameni analfabe\u021bi \u0219i s\u0103raci se folosesc cei c\u00e2teva zeci de oameni din Sinte\u0219ti care fac diverse afaceri la limita legii, s\u0103 spunem. Dac\u0103 \u00een prezent localnicii s-au aplecat mai mult asupra comer\u021bului cu de\u0219euri, acum un deceniu satul era celebru pentru sutele de firme \u00eenregistrate la aceea\u0219i adres\u0103, societ\u0103\u021bi folosite pentru tranzac\u021bii fictive, tranzac\u021bii \u00een care statul ajungea s\u0103 piard\u0103 taxe \u0219i impozite. Legisla\u021bia a fost \u00eembun\u0103t\u0103\u021bit\u0103 pu\u021bin \u00een domeniul evaziunii, a\u0219a c\u0103 probabil localnicii s-au apucat de afacerile cu de\u0219euri\u201d<\/em>.<\/p>\n\n\n\n<p>Acest sistem profit\u0103 \u0219i de sus\u021binerea deciziilor \u201epolitice\u201d, spune Octavian Berceanu. Una dintre aceste decizii ar fi men\u021binerea num\u0103rului mic de echipaje ale G\u0103rzii de Mediu care s\u0103 monitorizeze situa\u021bia. \u00cen tot Ilfovul, \u00een momentul de fa\u021b\u0103, sunt numai 6 echipe de comisari ai G\u0103rzii de Mediu, conform comisarului G\u0103rzii care s-a prezentat la arderile ilegale de ast\u0103zi, 9 martie.<\/p>\n\n\n\n<p>Surs\u0103 fotografii: Capturi de ecran Live Octavian Berceanu \/ Facebook<\/p>\n","protected":false},"excerpt":{"rendered":"<p>Comisarii G\u0103rzii de Mediu Ilfov, poli\u021bi\u0219ti \u0219i dou\u0103 ma\u0219ini de pompieri ac\u021bioneaz\u0103, \u00een aceast\u0103 dup\u0103 amiaz\u0103, la Sinte\u0219ti. Autorit\u0103\u021bile au fost sesizate de fostul \u0219ef al G\u0103rzii de Mediu, Octavian Berceanu, c\u0103 \u00een zon\u0103 sunt arse de\u0219euri. Arderile ilegale de de\u0219euri din aceast\u0103 zon\u0103 sunt printre principalele cauze ale polu\u0103rii din Bucure\u0219ti \u0219i localit\u0103\u021bile \u00eenvecinate. [&hellip;]<\/p>\n","protected":false},"author":47,"featured_media":55673,"comment_status":"closed","ping_status":"open","sticky":false,"template":"","format":"standard","meta":{"_acf_changed":false,"inline_featured_image":false,"ngg_post_thumbnail":0,"footnotes":""},"categories":[1432,62],"tags":[],"ppma_author":[22580],"class_list":["post-55663","post","type-post","status-publish","format-standard","has-post-thumbnail","hentry","category-buletin-de-ilfov","category-stiri"],"acf":[],"yoast_head":"<!-- This site is optimized with the Yoast SEO Premium plugin v25.3 (Yoast SEO v27.5) - https:\/\/yoast.com\/product\/yoast-seo-premium-wordpress\/ -->\n<title>Sinte\u0219ti | Ac\u021biune a autorit\u0103\u021bilor dup\u0103 mai multe arderi ilegale de de\u0219euri - Buletin de Bucure\u0219ti<\/title>\n<meta name=\"robots\" content=\"index, follow, max-snippet:-1, max-image-preview:large, max-video-preview:-1\" \/>\n<link rel=\"canonical\" href=\"https:\/\/buletin.de\/bucuresti\/sintesti-actiune-a-autoritatilor-dupa-mai-multe-arderi-ilegale-de-deseuri\/\" \/>\n<meta property=\"og:locale\" content=\"en_GB\" \/>\n<meta property=\"og:type\" content=\"article\" \/>\n<meta property=\"og:title\" content=\"Sinte\u0219ti | Ac\u021biune a autorit\u0103\u021bilor dup\u0103 mai multe arderi ilegale de de\u0219euri\" \/>\n<meta property=\"og:description\" content=\"Comisarii G\u0103rzii de Mediu Ilfov, poli\u021bi\u0219ti \u0219i dou\u0103 ma\u0219ini de pompieri ac\u021bioneaz\u0103, \u00een aceast\u0103 dup\u0103 amiaz\u0103, la Sinte\u0219ti. Autorit\u0103\u021bile au fost sesizate de fostul \u0219ef al G\u0103rzii de Mediu, Octavian Berceanu, c\u0103 \u00een zon\u0103 sunt arse de\u0219euri. Arderile ilegale de de\u0219euri din aceast\u0103 zon\u0103 sunt printre principalele cauze ale polu\u0103rii din Bucure\u0219ti \u0219i localit\u0103\u021bile \u00eenvecinate. [&hellip;]\" \/>\n<meta property=\"og:url\" content=\"https:\/\/buletin.de\/bucuresti\/sintesti-actiune-a-autoritatilor-dupa-mai-multe-arderi-ilegale-de-deseuri\/\" \/>\n<meta property=\"og:site_name\" content=\"Buletin de Bucure\u0219ti\" \/>\n<meta property=\"article:publisher\" content=\"https:\/\/www.facebook.com\/buletin.de.buc\" \/>\n<meta property=\"article:published_time\" content=\"2023-03-09T14:32:49+00:00\" \/>\n<meta property=\"article:modified_time\" content=\"2023-09-19T13:33:41+00:00\" \/>\n<meta property=\"og:image\" content=\"https:\/\/buletin.de\/bucuresti\/wp-content\/uploads\/Screenshot_20230309-161855.png\" \/>\n\t<meta property=\"og:image:width\" content=\"2000\" \/>\n\t<meta property=\"og:image:height\" content=\"900\" \/>\n\t<meta property=\"og:image:type\" content=\"image\/png\" \/>\n<meta name=\"author\" content=\"Adina C\u0103p\u00eelnean\" \/>\n<meta name=\"twitter:card\" content=\"summary_large_image\" \/>\n<meta name=\"twitter:label1\" content=\"Written by\" \/>\n\t<meta name=\"twitter:data1\" content=\"Adina C\u0103p\u00eelnean\" \/>\n\t<meta name=\"twitter:label2\" content=\"Estimated reading time\" \/>\n\t<meta name=\"twitter:data2\" content=\"3 minutes\" \/>\n<script type=\"application\/ld+json\" class=\"yoast-schema-graph\">{\"@context\":\"https:\\\/\\\/schema.org\",\"@graph\":[{\"@type\":\"Article\",\"@id\":\"https:\\\/\\\/buletin.de\\\/bucuresti\\\/sintesti-actiune-a-autoritatilor-dupa-mai-multe-arderi-ilegale-de-deseuri\\\/#article\",\"isPartOf\":{\"@id\":\"https:\\\/\\\/buletin.de\\\/bucuresti\\\/sintesti-actiune-a-autoritatilor-dupa-mai-multe-arderi-ilegale-de-deseuri\\\/\"},\"author\":{\"name\":\"Adina C\u0103p\u00eelnean\",\"@id\":\"https:\\\/\\\/buletin.de\\\/bucuresti\\\/#\\\/schema\\\/person\\\/ab174cf6711728e4ee83d672acf9a912\"},\"headline\":\"Sinte\u0219ti | Ac\u021biune a autorit\u0103\u021bilor dup\u0103 mai multe arderi ilegale de de\u0219euri\",\"datePublished\":\"2023-03-09T14:32:49+00:00\",\"dateModified\":\"2023-09-19T13:33:41+00:00\",\"mainEntityOfPage\":{\"@id\":\"https:\\\/\\\/buletin.de\\\/bucuresti\\\/sintesti-actiune-a-autoritatilor-dupa-mai-multe-arderi-ilegale-de-deseuri\\\/\"},\"wordCount\":572,\"publisher\":{\"@id\":\"https:\\\/\\\/buletin.de\\\/bucuresti\\\/#organization\"},\"image\":{\"@id\":\"https:\\\/\\\/buletin.de\\\/bucuresti\\\/sintesti-actiune-a-autoritatilor-dupa-mai-multe-arderi-ilegale-de-deseuri\\\/#primaryimage\"},\"thumbnailUrl\":\"https:\\\/\\\/buletin.de\\\/bucuresti\\\/wp-content\\\/uploads\\\/Screenshot_20230309-161855.png\",\"articleSection\":[\"Buletin de Ilfov\",\"\u0218tiri\"],\"inLanguage\":\"en-GB\",\"copyrightYear\":\"2023\",\"copyrightHolder\":{\"@id\":\"https:\\\/\\\/buletin.de\\\/bucuresti\\\/#organization\"}},{\"@type\":\"WebPage\",\"@id\":\"https:\\\/\\\/buletin.de\\\/bucuresti\\\/sintesti-actiune-a-autoritatilor-dupa-mai-multe-arderi-ilegale-de-deseuri\\\/\",\"url\":\"https:\\\/\\\/buletin.de\\\/bucuresti\\\/sintesti-actiune-a-autoritatilor-dupa-mai-multe-arderi-ilegale-de-deseuri\\\/\",\"name\":\"Sinte\u0219ti | Ac\u021biune a autorit\u0103\u021bilor dup\u0103 mai multe arderi ilegale de de\u0219euri - Buletin de Bucure\u0219ti\",\"isPartOf\":{\"@id\":\"https:\\\/\\\/buletin.de\\\/bucuresti\\\/#website\"},\"primaryImageOfPage\":{\"@id\":\"https:\\\/\\\/buletin.de\\\/bucuresti\\\/sintesti-actiune-a-autoritatilor-dupa-mai-multe-arderi-ilegale-de-deseuri\\\/#primaryimage\"},\"image\":{\"@id\":\"https:\\\/\\\/buletin.de\\\/bucuresti\\\/sintesti-actiune-a-autoritatilor-dupa-mai-multe-arderi-ilegale-de-deseuri\\\/#primaryimage\"},\"thumbnailUrl\":\"https:\\\/\\\/buletin.de\\\/bucuresti\\\/wp-content\\\/uploads\\\/Screenshot_20230309-161855.png\",\"datePublished\":\"2023-03-09T14:32:49+00:00\",\"dateModified\":\"2023-09-19T13:33:41+00:00\",\"breadcrumb\":{\"@id\":\"https:\\\/\\\/buletin.de\\\/bucuresti\\\/sintesti-actiune-a-autoritatilor-dupa-mai-multe-arderi-ilegale-de-deseuri\\\/#breadcrumb\"},\"inLanguage\":\"en-GB\",\"potentialAction\":[{\"@type\":\"ReadAction\",\"target\":[\"https:\\\/\\\/buletin.de\\\/bucuresti\\\/sintesti-actiune-a-autoritatilor-dupa-mai-multe-arderi-ilegale-de-deseuri\\\/\"]}]},{\"@type\":\"ImageObject\",\"inLanguage\":\"en-GB\",\"@id\":\"https:\\\/\\\/buletin.de\\\/bucuresti\\\/sintesti-actiune-a-autoritatilor-dupa-mai-multe-arderi-ilegale-de-deseuri\\\/#primaryimage\",\"url\":\"https:\\\/\\\/buletin.de\\\/bucuresti\\\/wp-content\\\/uploads\\\/Screenshot_20230309-161855.png\",\"contentUrl\":\"https:\\\/\\\/buletin.de\\\/bucuresti\\\/wp-content\\\/uploads\\\/Screenshot_20230309-161855.png\",\"width\":2000,\"height\":900},{\"@type\":\"BreadcrumbList\",\"@id\":\"https:\\\/\\\/buletin.de\\\/bucuresti\\\/sintesti-actiune-a-autoritatilor-dupa-mai-multe-arderi-ilegale-de-deseuri\\\/#breadcrumb\",\"itemListElement\":[{\"@type\":\"ListItem\",\"position\":1,\"name\":\"Acas\u0103\",\"item\":\"https:\\\/\\\/buletin.de\\\/bucuresti\\\/\"},{\"@type\":\"ListItem\",\"position\":2,\"name\":\"Sinte\u0219ti | Ac\u021biune a autorit\u0103\u021bilor dup\u0103 mai multe arderi ilegale de de\u0219euri\"}]},{\"@type\":\"WebSite\",\"@id\":\"https:\\\/\\\/buletin.de\\\/bucuresti\\\/#website\",\"url\":\"https:\\\/\\\/buletin.de\\\/bucuresti\\\/\",\"name\":\"Buletin de Bucure\u0219ti\",\"description\":\"\u0218tiri \u0219i investiga\u021bii esen\u021biale din capital\u0103\",\"publisher\":{\"@id\":\"https:\\\/\\\/buletin.de\\\/bucuresti\\\/#organization\"},\"potentialAction\":[{\"@type\":\"SearchAction\",\"target\":{\"@type\":\"EntryPoint\",\"urlTemplate\":\"https:\\\/\\\/buletin.de\\\/bucuresti\\\/?s={search_term_string}\"},\"query-input\":{\"@type\":\"PropertyValueSpecification\",\"valueRequired\":true,\"valueName\":\"search_term_string\"}}],\"inLanguage\":\"en-GB\"},{\"@type\":\"Organization\",\"@id\":\"https:\\\/\\\/buletin.de\\\/bucuresti\\\/#organization\",\"name\":\"Buletin de Bucure\u0219ti\",\"url\":\"https:\\\/\\\/buletin.de\\\/bucuresti\\\/\",\"logo\":{\"@type\":\"ImageObject\",\"inLanguage\":\"en-GB\",\"@id\":\"https:\\\/\\\/buletin.de\\\/bucuresti\\\/#\\\/schema\\\/logo\\\/image\\\/\",\"url\":\"https:\\\/\\\/buletin.de\\\/bucuresti\\\/wp-content\\\/uploads\\\/logo-bdb-full-wide-vernil-transparent.png\",\"contentUrl\":\"https:\\\/\\\/buletin.de\\\/bucuresti\\\/wp-content\\\/uploads\\\/logo-bdb-full-wide-vernil-transparent.png\",\"width\":1782,\"height\":626,\"caption\":\"Buletin de Bucure\u0219ti\"},\"image\":{\"@id\":\"https:\\\/\\\/buletin.de\\\/bucuresti\\\/#\\\/schema\\\/logo\\\/image\\\/\"},\"sameAs\":[\"https:\\\/\\\/www.facebook.com\\\/buletin.de.buc\",\"https:\\\/\\\/www.instagram.com\\\/buletinde.bucuresti\\\/\"]},{\"@type\":\"Person\",\"@id\":\"https:\\\/\\\/buletin.de\\\/bucuresti\\\/#\\\/schema\\\/person\\\/ab174cf6711728e4ee83d672acf9a912\",\"name\":\"Adina C\u0103p\u00eelnean\",\"image\":{\"@type\":\"ImageObject\",\"inLanguage\":\"en-GB\",\"@id\":\"https:\\\/\\\/secure.gravatar.com\\\/avatar\\\/4fe9675d6282fd7c1aa4e486a037d532d5728fc16a30360f293eb6126b2e73ad?s=96&d=monsterid&r=ge2b23868508aec3460d3c6a11d3b599a\",\"url\":\"https:\\\/\\\/secure.gravatar.com\\\/avatar\\\/4fe9675d6282fd7c1aa4e486a037d532d5728fc16a30360f293eb6126b2e73ad?s=96&d=monsterid&r=g\",\"contentUrl\":\"https:\\\/\\\/secure.gravatar.com\\\/avatar\\\/4fe9675d6282fd7c1aa4e486a037d532d5728fc16a30360f293eb6126b2e73ad?s=96&d=monsterid&r=g\",\"caption\":\"Adina C\u0103p\u00eelnean\"},\"url\":\"https:\\\/\\\/buletin.de\\\/bucuresti\\\/author\\\/adinacapilnean\\\/\"}]}<\/script>\n<!-- \/ Yoast SEO Premium plugin. -->","yoast_head_json":{"title":"Sinte\u0219ti | Ac\u021biune a autorit\u0103\u021bilor dup\u0103 mai multe arderi ilegale de de\u0219euri - Buletin de Bucure\u0219ti","robots":{"index":"index","follow":"follow","max-snippet":"max-snippet:-1","max-image-preview":"max-image-preview:large","max-video-preview":"max-video-preview:-1"},"canonical":"https:\/\/buletin.de\/bucuresti\/sintesti-actiune-a-autoritatilor-dupa-mai-multe-arderi-ilegale-de-deseuri\/","og_locale":"en_GB","og_type":"article","og_title":"Sinte\u0219ti | Ac\u021biune a autorit\u0103\u021bilor dup\u0103 mai multe arderi ilegale de de\u0219euri","og_description":"Comisarii G\u0103rzii de Mediu Ilfov, poli\u021bi\u0219ti \u0219i dou\u0103 ma\u0219ini de pompieri ac\u021bioneaz\u0103, \u00een aceast\u0103 dup\u0103 amiaz\u0103, la Sinte\u0219ti. Autorit\u0103\u021bile au fost sesizate de fostul \u0219ef al G\u0103rzii de Mediu, Octavian Berceanu, c\u0103 \u00een zon\u0103 sunt arse de\u0219euri. Arderile ilegale de de\u0219euri din aceast\u0103 zon\u0103 sunt printre principalele cauze ale polu\u0103rii din Bucure\u0219ti \u0219i localit\u0103\u021bile \u00eenvecinate. [&hellip;]","og_url":"https:\/\/buletin.de\/bucuresti\/sintesti-actiune-a-autoritatilor-dupa-mai-multe-arderi-ilegale-de-deseuri\/","og_site_name":"Buletin de Bucure\u0219ti","article_publisher":"https:\/\/www.facebook.com\/buletin.de.buc","article_published_time":"2023-03-09T14:32:49+00:00","article_modified_time":"2023-09-19T13:33:41+00:00","og_image":[{"width":2000,"height":900,"url":"https:\/\/buletin.de\/bucuresti\/wp-content\/uploads\/Screenshot_20230309-161855.png","type":"image\/png"}],"author":"Adina C\u0103p\u00eelnean","twitter_card":"summary_large_image","twitter_misc":{"Written by":"Adina C\u0103p\u00eelnean","Estimated reading time":"3 minutes"},"schema":{"@context":"https:\/\/schema.org","@graph":[{"@type":"Article","@id":"https:\/\/buletin.de\/bucuresti\/sintesti-actiune-a-autoritatilor-dupa-mai-multe-arderi-ilegale-de-deseuri\/#article","isPartOf":{"@id":"https:\/\/buletin.de\/bucuresti\/sintesti-actiune-a-autoritatilor-dupa-mai-multe-arderi-ilegale-de-deseuri\/"},"author":{"name":"Adina C\u0103p\u00eelnean","@id":"https:\/\/buletin.de\/bucuresti\/#\/schema\/person\/ab174cf6711728e4ee83d672acf9a912"},"headline":"Sinte\u0219ti | Ac\u021biune a autorit\u0103\u021bilor dup\u0103 mai multe arderi ilegale de de\u0219euri","datePublished":"2023-03-09T14:32:49+00:00","dateModified":"2023-09-19T13:33:41+00:00","mainEntityOfPage":{"@id":"https:\/\/buletin.de\/bucuresti\/sintesti-actiune-a-autoritatilor-dupa-mai-multe-arderi-ilegale-de-deseuri\/"},"wordCount":572,"publisher":{"@id":"https:\/\/buletin.de\/bucuresti\/#organization"},"image":{"@id":"https:\/\/buletin.de\/bucuresti\/sintesti-actiune-a-autoritatilor-dupa-mai-multe-arderi-ilegale-de-deseuri\/#primaryimage"},"thumbnailUrl":"https:\/\/buletin.de\/bucuresti\/wp-content\/uploads\/Screenshot_20230309-161855.png","articleSection":["Buletin de Ilfov","\u0218tiri"],"inLanguage":"en-GB","copyrightYear":"2023","copyrightHolder":{"@id":"https:\/\/buletin.de\/bucuresti\/#organization"}},{"@type":"WebPage","@id":"https:\/\/buletin.de\/bucuresti\/sintesti-actiune-a-autoritatilor-dupa-mai-multe-arderi-ilegale-de-deseuri\/","url":"https:\/\/buletin.de\/bucuresti\/sintesti-actiune-a-autoritatilor-dupa-mai-multe-arderi-ilegale-de-deseuri\/","name":"Sinte\u0219ti | Ac\u021biune a autorit\u0103\u021bilor dup\u0103 mai multe arderi ilegale de de\u0219euri - Buletin de Bucure\u0219ti","isPartOf":{"@id":"https:\/\/buletin.de\/bucuresti\/#website"},"primaryImageOfPage":{"@id":"https:\/\/buletin.de\/bucuresti\/sintesti-actiune-a-autoritatilor-dupa-mai-multe-arderi-ilegale-de-deseuri\/#primaryimage"},"image":{"@id":"https:\/\/buletin.de\/bucuresti\/sintesti-actiune-a-autoritatilor-dupa-mai-multe-arderi-ilegale-de-deseuri\/#primaryimage"},"thumbnailUrl":"https:\/\/buletin.de\/bucuresti\/wp-content\/uploads\/Screenshot_20230309-161855.png","datePublished":"2023-03-09T14:32:49+00:00","dateModified":"2023-09-19T13:33:41+00:00","breadcrumb":{"@id":"https:\/\/buletin.de\/bucuresti\/sintesti-actiune-a-autoritatilor-dupa-mai-multe-arderi-ilegale-de-deseuri\/#breadcrumb"},"inLanguage":"en-GB","potentialAction":[{"@type":"ReadAction","target":["https:\/\/buletin.de\/bucuresti\/sintesti-actiune-a-autoritatilor-dupa-mai-multe-arderi-ilegale-de-deseuri\/"]}]},{"@type":"ImageObject","inLanguage":"en-GB","@id":"https:\/\/buletin.de\/bucuresti\/sintesti-actiune-a-autoritatilor-dupa-mai-multe-arderi-ilegale-de-deseuri\/#primaryimage","url":"https:\/\/buletin.de\/bucuresti\/wp-content\/uploads\/Screenshot_20230309-161855.png","contentUrl":"https:\/\/buletin.de\/bucuresti\/wp-content\/uploads\/Screenshot_20230309-161855.png","width":2000,"height":900},{"@type":"BreadcrumbList","@id":"https:\/\/buletin.de\/bucuresti\/sintesti-actiune-a-autoritatilor-dupa-mai-multe-arderi-ilegale-de-deseuri\/#breadcrumb","itemListElement":[{"@type":"ListItem","position":1,"name":"Acas\u0103","item":"https:\/\/buletin.de\/bucuresti\/"},{"@type":"ListItem","position":2,"name":"Sinte\u0219ti | Ac\u021biune a autorit\u0103\u021bilor dup\u0103 mai multe arderi ilegale de de\u0219euri"}]},{"@type":"WebSite","@id":"https:\/\/buletin.de\/bucuresti\/#website","url":"https:\/\/buletin.de\/bucuresti\/","name":"Buletin de Bucure\u0219ti","description":"\u0218tiri \u0219i investiga\u021bii esen\u021biale din capital\u0103","publisher":{"@id":"https:\/\/buletin.de\/bucuresti\/#organization"},"potentialAction":[{"@type":"SearchAction","target":{"@type":"EntryPoint","urlTemplate":"https:\/\/buletin.de\/bucuresti\/?s={search_term_string}"},"query-input":{"@type":"PropertyValueSpecification","valueRequired":true,"valueName":"search_term_string"}}],"inLanguage":"en-GB"},{"@type":"Organization","@id":"https:\/\/buletin.de\/bucuresti\/#organization","name":"Buletin de Bucure\u0219ti","url":"https:\/\/buletin.de\/bucuresti\/","logo":{"@type":"ImageObject","inLanguage":"en-GB","@id":"https:\/\/buletin.de\/bucuresti\/#\/schema\/logo\/image\/","url":"https:\/\/buletin.de\/bucuresti\/wp-content\/uploads\/logo-bdb-full-wide-vernil-transparent.png","contentUrl":"https:\/\/buletin.de\/bucuresti\/wp-content\/uploads\/logo-bdb-full-wide-vernil-transparent.png","width":1782,"height":626,"caption":"Buletin de Bucure\u0219ti"},"image":{"@id":"https:\/\/buletin.de\/bucuresti\/#\/schema\/logo\/image\/"},"sameAs":["https:\/\/www.facebook.com\/buletin.de.buc","https:\/\/www.instagram.com\/buletinde.bucuresti\/"]},{"@type":"Person","@id":"https:\/\/buletin.de\/bucuresti\/#\/schema\/person\/ab174cf6711728e4ee83d672acf9a912","name":"Adina C\u0103p\u00eelnean","image":{"@type":"ImageObject","inLanguage":"en-GB","@id":"https:\/\/secure.gravatar.com\/avatar\/4fe9675d6282fd7c1aa4e486a037d532d5728fc16a30360f293eb6126b2e73ad?s=96&d=monsterid&r=ge2b23868508aec3460d3c6a11d3b599a","url":"https:\/\/secure.gravatar.com\/avatar\/4fe9675d6282fd7c1aa4e486a037d532d5728fc16a30360f293eb6126b2e73ad?s=96&d=monsterid&r=g","contentUrl":"https:\/\/secure.gravatar.com\/avatar\/4fe9675d6282fd7c1aa4e486a037d532d5728fc16a30360f293eb6126b2e73ad?s=96&d=monsterid&r=g","caption":"Adina C\u0103p\u00eelnean"},"url":"https:\/\/buletin.de\/bucuresti\/author\/adinacapilnean\/"}]}},"authors":[{"term_id":22580,"user_id":47,"is_guest":0,"slug":"adinacapilnean","display_name":"Adina C\u0103p\u00eelnean","avatar_url":"https:\/\/secure.gravatar.com\/avatar\/4fe9675d6282fd7c1aa4e486a037d532d5728fc16a30360f293eb6126b2e73ad?s=96&d=monsterid&r=g","0":null,"1":"","2":"","3":"","4":"","5":"","6":"","7":"","8":""}],"_links":{"self":[{"href":"https:\/\/buletin.de\/bucuresti\/wp-json\/wp\/v2\/posts\/55663","targetHints":{"allow":["GET"]}}],"collection":[{"href":"https:\/\/buletin.de\/bucuresti\/wp-json\/wp\/v2\/posts"}],"about":[{"href":"https:\/\/buletin.de\/bucuresti\/wp-json\/wp\/v2\/types\/post"}],"author":[{"embeddable":true,"href":"https:\/\/buletin.de\/bucuresti\/wp-json\/wp\/v2\/users\/47"}],"replies":[{"embeddable":true,"href":"https:\/\/buletin.de\/bucuresti\/wp-json\/wp\/v2\/comments?post=55663"}],"version-history":[{"count":9,"href":"https:\/\/buletin.de\/bucuresti\/wp-json\/wp\/v2\/posts\/55663\/revisions"}],"predecessor-version":[{"id":55684,"href":"https:\/\/buletin.de\/bucuresti\/wp-json\/wp\/v2\/posts\/55663\/revisions\/55684"}],"wp:featuredmedia":[{"embeddable":true,"href":"https:\/\/buletin.de\/bucuresti\/wp-json\/wp\/v2\/media\/55673"}],"wp:attachment":[{"href":"https:\/\/buletin.de\/bucuresti\/wp-json\/wp\/v2\/media?parent=55663"}],"wp:term":[{"taxonomy":"category","embeddable":true,"href":"https:\/\/buletin.de\/bucuresti\/wp-json\/wp\/v2\/categories?post=55663"},{"taxonomy":"post_tag","embeddable":true,"href":"https:\/\/buletin.de\/bucuresti\/wp-json\/wp\/v2\/tags?post=55663"},{"taxonomy":"author","embeddable":true,"href":"https:\/\/buletin.de\/bucuresti\/wp-json\/wp\/v2\/ppma_author?post=55663"}],"curies":[{"name":"wp","href":"https:\/\/api.w.org\/{rel}","templated":true}]}}