{"id":55627,"date":"2023-03-09T12:58:27","date_gmt":"2023-03-09T10:58:27","guid":{"rendered":"https:\/\/buletin.de\/bucuresti\/?p=55627"},"modified":"2023-03-09T12:58:28","modified_gmt":"2023-03-09T10:58:28","slug":"procurorii-au-pus-sechestru-si-pe-criptomonedele-fratilor-tate","status":"publish","type":"post","link":"https:\/\/buletin.de\/bucuresti\/procurorii-au-pus-sechestru-si-pe-criptomonedele-fratilor-tate\/","title":{"rendered":"Procurorii au pus sechestru \u0219i pe criptomonedele fra\u021bilor Tate"},"content":{"rendered":"\n<p><strong>Andrew \u0219i Tristan Tate au fost adu\u0219i, joi diminea\u021ba, la sediul DIICOT pentru a li se comunica faptul c\u0103 procurorii de caz au extins sechestrul pe bunurile acestora, mai exact pe criptomonedele pe care le de\u021bin, conform unor surse judiciare. Fra\u021bii Tate sunt aresta\u021bi preventiv \u00eenc\u0103 de la final de 2022, pentru trafic de persoane \u0219i viol.  <\/strong><\/p>\n\n\n\n<p>Conform surselor, Andrew \u0219i Tristan Tate au ajuns la sediul DIICOT \u00een jurul orei 10:00, iar audierile ar urma s\u0103 dureze aproximativ 2-3 ore, dup\u0103 care ace\u0219tia ar urma s\u0103 se \u00eentoarc\u0103 \u00een Arestul Central al Poli\u021biei Capitalei. <\/p>\n\n\n\n<p>Curtea de Apel Bucure\u0219ti a decis luni, 27 februarie, ca fra\u021bii Tate&nbsp;<a href=\"https:\/\/buletin.de\/bucuresti\/fratii-tate-raman-in-arest-preventiv-decizia-curtii-de-apel-bucuresti-este-definitiva-2\/\">s\u0103 r\u0103m\u00e2n\u0103 \u00een arest preventiv<\/a>&nbsp;pentru \u00eenc\u0103 30 de zile. CAB a respins contesta\u021bia fra\u021bilor Tate, dup\u0103 ce, pe 21 februarie, Tribunalul Bucure\u0219ti a decis prelungirea arestului preventiv \u00een cazul acestora. <\/p>\n\n\n\n<p>Cele dou\u0103 inculpate, Georgiana Manuela Naghel \u015fi Alexandra-Luana Radu, au fost plasate \u0219i ele \u00een arest preventiv pentru 30 de zile, de la data de 28 februarie p\u00e2n\u0103 pe 29 martie, inclusiv. Pe 21 februarie, Tribunalul Bucure\u0219ti hot\u0103r\u00e2se \u00eenlocuirea cu arest la domiciliu pentru cele dou\u0103 inculpate. Decizia este definitiv\u0103.<\/p>\n\n\n\n<p><strong>Surs\u0103 cover: <\/strong>Inquam Photos\/Octav Ganea<\/p>\n\n\n\n<p><strong>CITE\u0218TE \u0218I: <\/strong><\/p>\n\n\n\n<figure class=\"wp-block-embed is-type-wp-embed is-provider-buletin-de-bucure\u0219ti wp-block-embed-buletin-de-bucure\u0219ti\"><div class=\"wp-block-embed__wrapper\">\n<blockquote class=\"wp-embedded-content\" data-secret=\"B6wKmkG0Va\"><a href=\"https:\/\/buletin.de\/bucuresti\/andrew-tate-ar-fi-incercat-sa-ii-atraga-de-partea-sa-pe-george-simion-si-pe-diana-sosoaca\/\">Andrew Tate ar fi \u00eencercat s\u0103 \u00eei atrag\u0103 de partea sa pe George Simion \u0219i pe Diana \u0218o\u0219oac\u0103<\/a><\/blockquote><iframe class=\"wp-embedded-content\" sandbox=\"allow-scripts\" security=\"restricted\" style=\"position: absolute; clip: rect(1px, 1px, 1px, 1px);\" title=\"&#8222;Andrew Tate ar fi \u00eencercat s\u0103 \u00eei atrag\u0103 de partea sa pe George Simion \u0219i pe Diana \u0218o\u0219oac\u0103&#8221; &#8212; Buletin de Bucure\u0219ti\" src=\"https:\/\/buletin.de\/bucuresti\/andrew-tate-ar-fi-incercat-sa-ii-atraga-de-partea-sa-pe-george-simion-si-pe-diana-sosoaca\/embed\/#?secret=gmdIptshof#?secret=B6wKmkG0Va\" data-secret=\"B6wKmkG0Va\" width=\"600\" height=\"338\" frameborder=\"0\" marginwidth=\"0\" marginheight=\"0\" scrolling=\"no\"><\/iframe>\n<\/div><\/figure>\n\n\n\n<figure class=\"wp-block-embed is-type-wp-embed is-provider-buletin-de-bucure\u0219ti wp-block-embed-buletin-de-bucure\u0219ti\"><div class=\"wp-block-embed__wrapper\">\n<blockquote class=\"wp-embedded-content\" data-secret=\"Is9sLLabNk\"><a href=\"https:\/\/buletin.de\/bucuresti\/andrew-tate-afaceri-in-romania-de-peste-patru-milioane-de-lei\/\">Andrew Tate, afaceri \u00een Rom\u00e2nia de peste patru milioane de lei<\/a><\/blockquote><iframe class=\"wp-embedded-content\" sandbox=\"allow-scripts\" security=\"restricted\" style=\"position: absolute; clip: rect(1px, 1px, 1px, 1px);\" title=\"&#8222;Andrew Tate, afaceri \u00een Rom\u00e2nia de peste patru milioane de lei&#8221; &#8212; Buletin de Bucure\u0219ti\" src=\"https:\/\/buletin.de\/bucuresti\/andrew-tate-afaceri-in-romania-de-peste-patru-milioane-de-lei\/embed\/#?secret=9kKHn66xl2#?secret=Is9sLLabNk\" data-secret=\"Is9sLLabNk\" width=\"600\" height=\"338\" frameborder=\"0\" marginwidth=\"0\" marginheight=\"0\" scrolling=\"no\"><\/iframe>\n<\/div><\/figure>\n\n\n\n<figure class=\"wp-block-embed is-type-wp-embed is-provider-buletin-de-bucure\u0219ti wp-block-embed-buletin-de-bucure\u0219ti\"><div class=\"wp-block-embed__wrapper\">\n<blockquote class=\"wp-embedded-content\" data-secret=\"8ss81GFRbA\"><a href=\"https:\/\/buletin.de\/bucuresti\/andrew-tate-asociat-cu-o-fosta-companie-a-fratilor-doroftei-patronii-las-vegas-games\/\">Andrew Tate, asociat cu o fost\u0103 companie a fra\u021bilor Doroftei, patronii Las Vegas Games<\/a><\/blockquote><iframe class=\"wp-embedded-content\" sandbox=\"allow-scripts\" security=\"restricted\" style=\"position: absolute; clip: rect(1px, 1px, 1px, 1px);\" title=\"&#8222;Andrew Tate, asociat cu o fost\u0103 companie a fra\u021bilor Doroftei, patronii Las Vegas Games&#8221; &#8212; Buletin de Bucure\u0219ti\" src=\"https:\/\/buletin.de\/bucuresti\/andrew-tate-asociat-cu-o-fosta-companie-a-fratilor-doroftei-patronii-las-vegas-games\/embed\/#?secret=d8zsUqirYS#?secret=8ss81GFRbA\" data-secret=\"8ss81GFRbA\" width=\"600\" height=\"338\" frameborder=\"0\" marginwidth=\"0\" marginheight=\"0\" scrolling=\"no\"><\/iframe>\n<\/div><\/figure>\n","protected":false},"excerpt":{"rendered":"<p>Andrew \u0219i Tristan Tate au fost adu\u0219i, joi diminea\u021ba, la sediul DIICOT pentru a li se comunica faptul c\u0103 procurorii de caz au extins sechestrul pe bunurile acestora, mai exact pe criptomonedele pe care le de\u021bin, conform unor surse judiciare. Fra\u021bii Tate sunt aresta\u021bi preventiv \u00eenc\u0103 de la final de 2022, pentru trafic de persoane [&hellip;]<\/p>\n","protected":false},"author":17,"featured_media":51390,"comment_status":"closed","ping_status":"open","sticky":false,"template":"","format":"standard","meta":{"_acf_changed":false,"inline_featured_image":false,"ngg_post_thumbnail":0,"footnotes":""},"categories":[62],"tags":[5065,5541,5131,5540],"ppma_author":[22576],"class_list":["post-55627","post","type-post","status-publish","format-standard","has-post-thumbnail","hentry","category-stiri","tag-andrew-tate","tag-criptomonede","tag-fratii-tate","tag-secherstru"],"acf":[],"yoast_head":"<!-- This site is optimized with the Yoast SEO Premium plugin v25.3 (Yoast SEO v27.5) - https:\/\/yoast.com\/product\/yoast-seo-premium-wordpress\/ -->\n<title>Procurorii au pus sechestru \u0219i pe criptomonedele fra\u021bilor Tate - Buletin de Bucure\u0219ti<\/title>\n<meta name=\"robots\" content=\"index, follow, max-snippet:-1, max-image-preview:large, max-video-preview:-1\" \/>\n<link rel=\"canonical\" href=\"https:\/\/buletin.de\/bucuresti\/procurorii-au-pus-sechestru-si-pe-criptomonedele-fratilor-tate\/\" \/>\n<meta property=\"og:locale\" content=\"en_GB\" \/>\n<meta property=\"og:type\" content=\"article\" \/>\n<meta property=\"og:title\" content=\"Procurorii au pus sechestru \u0219i pe criptomonedele fra\u021bilor Tate\" \/>\n<meta property=\"og:description\" content=\"Andrew \u0219i Tristan Tate au fost adu\u0219i, joi diminea\u021ba, la sediul DIICOT pentru a li se comunica faptul c\u0103 procurorii de caz au extins sechestrul pe bunurile acestora, mai exact pe criptomonedele pe care le de\u021bin, conform unor surse judiciare. Fra\u021bii Tate sunt aresta\u021bi preventiv \u00eenc\u0103 de la final de 2022, pentru trafic de persoane [&hellip;]\" \/>\n<meta property=\"og:url\" content=\"https:\/\/buletin.de\/bucuresti\/procurorii-au-pus-sechestru-si-pe-criptomonedele-fratilor-tate\/\" \/>\n<meta property=\"og:site_name\" content=\"Buletin de Bucure\u0219ti\" \/>\n<meta property=\"article:publisher\" content=\"https:\/\/www.facebook.com\/buletin.de.buc\" \/>\n<meta property=\"article:published_time\" content=\"2023-03-09T10:58:27+00:00\" \/>\n<meta property=\"article:modified_time\" content=\"2023-03-09T10:58:28+00:00\" \/>\n<meta property=\"og:image\" content=\"https:\/\/buletin.de\/bucuresti\/wp-content\/uploads\/inquam-photo-bucuresti-cab-dosar-tate-10-ian-2023-211617.jpg\" \/>\n\t<meta property=\"og:image:width\" content=\"900\" \/>\n\t<meta property=\"og:image:height\" content=\"600\" \/>\n\t<meta property=\"og:image:type\" content=\"image\/jpeg\" \/>\n<meta name=\"author\" content=\"Florin R\u00e2\u0219teiu\" \/>\n<meta name=\"twitter:card\" content=\"summary_large_image\" \/>\n<meta name=\"twitter:label1\" content=\"Written by\" \/>\n\t<meta name=\"twitter:data1\" content=\"Florin R\u00e2\u0219teiu\" \/>\n\t<meta name=\"twitter:label2\" content=\"Estimated reading time\" \/>\n\t<meta name=\"twitter:data2\" content=\"1 minute\" \/>\n<script type=\"application\/ld+json\" class=\"yoast-schema-graph\">{\"@context\":\"https:\\\/\\\/schema.org\",\"@graph\":[{\"@type\":\"Article\",\"@id\":\"https:\\\/\\\/buletin.de\\\/bucuresti\\\/procurorii-au-pus-sechestru-si-pe-criptomonedele-fratilor-tate\\\/#article\",\"isPartOf\":{\"@id\":\"https:\\\/\\\/buletin.de\\\/bucuresti\\\/procurorii-au-pus-sechestru-si-pe-criptomonedele-fratilor-tate\\\/\"},\"author\":{\"name\":\"Florin R\u00e2\u0219teiu\",\"@id\":\"https:\\\/\\\/buletin.de\\\/bucuresti\\\/#\\\/schema\\\/person\\\/b0686d7a8b666c6afc78239777fd8a89\"},\"headline\":\"Procurorii au pus sechestru \u0219i pe criptomonedele fra\u021bilor Tate\",\"datePublished\":\"2023-03-09T10:58:27+00:00\",\"dateModified\":\"2023-03-09T10:58:28+00:00\",\"mainEntityOfPage\":{\"@id\":\"https:\\\/\\\/buletin.de\\\/bucuresti\\\/procurorii-au-pus-sechestru-si-pe-criptomonedele-fratilor-tate\\\/\"},\"wordCount\":233,\"publisher\":{\"@id\":\"https:\\\/\\\/buletin.de\\\/bucuresti\\\/#organization\"},\"image\":{\"@id\":\"https:\\\/\\\/buletin.de\\\/bucuresti\\\/procurorii-au-pus-sechestru-si-pe-criptomonedele-fratilor-tate\\\/#primaryimage\"},\"thumbnailUrl\":\"https:\\\/\\\/buletin.de\\\/bucuresti\\\/wp-content\\\/uploads\\\/inquam-photo-bucuresti-cab-dosar-tate-10-ian-2023-211617.jpg\",\"keywords\":[\"Andrew tate\",\"criptomonede\",\"Fra\u021bii tate\",\"secherstru\"],\"articleSection\":[\"\u0218tiri\"],\"inLanguage\":\"en-GB\",\"copyrightYear\":\"2023\",\"copyrightHolder\":{\"@id\":\"https:\\\/\\\/buletin.de\\\/bucuresti\\\/#organization\"}},{\"@type\":\"WebPage\",\"@id\":\"https:\\\/\\\/buletin.de\\\/bucuresti\\\/procurorii-au-pus-sechestru-si-pe-criptomonedele-fratilor-tate\\\/\",\"url\":\"https:\\\/\\\/buletin.de\\\/bucuresti\\\/procurorii-au-pus-sechestru-si-pe-criptomonedele-fratilor-tate\\\/\",\"name\":\"Procurorii au pus sechestru \u0219i pe criptomonedele fra\u021bilor Tate - Buletin de Bucure\u0219ti\",\"isPartOf\":{\"@id\":\"https:\\\/\\\/buletin.de\\\/bucuresti\\\/#website\"},\"primaryImageOfPage\":{\"@id\":\"https:\\\/\\\/buletin.de\\\/bucuresti\\\/procurorii-au-pus-sechestru-si-pe-criptomonedele-fratilor-tate\\\/#primaryimage\"},\"image\":{\"@id\":\"https:\\\/\\\/buletin.de\\\/bucuresti\\\/procurorii-au-pus-sechestru-si-pe-criptomonedele-fratilor-tate\\\/#primaryimage\"},\"thumbnailUrl\":\"https:\\\/\\\/buletin.de\\\/bucuresti\\\/wp-content\\\/uploads\\\/inquam-photo-bucuresti-cab-dosar-tate-10-ian-2023-211617.jpg\",\"datePublished\":\"2023-03-09T10:58:27+00:00\",\"dateModified\":\"2023-03-09T10:58:28+00:00\",\"breadcrumb\":{\"@id\":\"https:\\\/\\\/buletin.de\\\/bucuresti\\\/procurorii-au-pus-sechestru-si-pe-criptomonedele-fratilor-tate\\\/#breadcrumb\"},\"inLanguage\":\"en-GB\",\"potentialAction\":[{\"@type\":\"ReadAction\",\"target\":[\"https:\\\/\\\/buletin.de\\\/bucuresti\\\/procurorii-au-pus-sechestru-si-pe-criptomonedele-fratilor-tate\\\/\"]}]},{\"@type\":\"ImageObject\",\"inLanguage\":\"en-GB\",\"@id\":\"https:\\\/\\\/buletin.de\\\/bucuresti\\\/procurorii-au-pus-sechestru-si-pe-criptomonedele-fratilor-tate\\\/#primaryimage\",\"url\":\"https:\\\/\\\/buletin.de\\\/bucuresti\\\/wp-content\\\/uploads\\\/inquam-photo-bucuresti-cab-dosar-tate-10-ian-2023-211617.jpg\",\"contentUrl\":\"https:\\\/\\\/buletin.de\\\/bucuresti\\\/wp-content\\\/uploads\\\/inquam-photo-bucuresti-cab-dosar-tate-10-ian-2023-211617.jpg\",\"width\":900,\"height\":600,\"caption\":\"FOTO: Inquam\"},{\"@type\":\"BreadcrumbList\",\"@id\":\"https:\\\/\\\/buletin.de\\\/bucuresti\\\/procurorii-au-pus-sechestru-si-pe-criptomonedele-fratilor-tate\\\/#breadcrumb\",\"itemListElement\":[{\"@type\":\"ListItem\",\"position\":1,\"name\":\"Acas\u0103\",\"item\":\"https:\\\/\\\/buletin.de\\\/bucuresti\\\/\"},{\"@type\":\"ListItem\",\"position\":2,\"name\":\"Procurorii au pus sechestru \u0219i pe criptomonedele fra\u021bilor Tate\"}]},{\"@type\":\"WebSite\",\"@id\":\"https:\\\/\\\/buletin.de\\\/bucuresti\\\/#website\",\"url\":\"https:\\\/\\\/buletin.de\\\/bucuresti\\\/\",\"name\":\"Buletin de Bucure\u0219ti\",\"description\":\"\u0218tiri \u0219i investiga\u021bii esen\u021biale din capital\u0103\",\"publisher\":{\"@id\":\"https:\\\/\\\/buletin.de\\\/bucuresti\\\/#organization\"},\"potentialAction\":[{\"@type\":\"SearchAction\",\"target\":{\"@type\":\"EntryPoint\",\"urlTemplate\":\"https:\\\/\\\/buletin.de\\\/bucuresti\\\/?s={search_term_string}\"},\"query-input\":{\"@type\":\"PropertyValueSpecification\",\"valueRequired\":true,\"valueName\":\"search_term_string\"}}],\"inLanguage\":\"en-GB\"},{\"@type\":\"Organization\",\"@id\":\"https:\\\/\\\/buletin.de\\\/bucuresti\\\/#organization\",\"name\":\"Buletin de Bucure\u0219ti\",\"url\":\"https:\\\/\\\/buletin.de\\\/bucuresti\\\/\",\"logo\":{\"@type\":\"ImageObject\",\"inLanguage\":\"en-GB\",\"@id\":\"https:\\\/\\\/buletin.de\\\/bucuresti\\\/#\\\/schema\\\/logo\\\/image\\\/\",\"url\":\"https:\\\/\\\/buletin.de\\\/bucuresti\\\/wp-content\\\/uploads\\\/logo-bdb-full-wide-vernil-transparent.png\",\"contentUrl\":\"https:\\\/\\\/buletin.de\\\/bucuresti\\\/wp-content\\\/uploads\\\/logo-bdb-full-wide-vernil-transparent.png\",\"width\":1782,\"height\":626,\"caption\":\"Buletin de Bucure\u0219ti\"},\"image\":{\"@id\":\"https:\\\/\\\/buletin.de\\\/bucuresti\\\/#\\\/schema\\\/logo\\\/image\\\/\"},\"sameAs\":[\"https:\\\/\\\/www.facebook.com\\\/buletin.de.buc\",\"https:\\\/\\\/www.instagram.com\\\/buletinde.bucuresti\\\/\"]},{\"@type\":\"Person\",\"@id\":\"https:\\\/\\\/buletin.de\\\/bucuresti\\\/#\\\/schema\\\/person\\\/b0686d7a8b666c6afc78239777fd8a89\",\"name\":\"Florin R\u00e2\u0219teiu\",\"image\":{\"@type\":\"ImageObject\",\"inLanguage\":\"en-GB\",\"@id\":\"https:\\\/\\\/buletin.de\\\/bucuresti\\\/wp-content\\\/uploads\\\/Florin-Rasteiu-96x96.jpgf0a6fe28453aa12f0a60e4d0a2e3a78c\",\"url\":\"https:\\\/\\\/buletin.de\\\/bucuresti\\\/wp-content\\\/uploads\\\/Florin-Rasteiu-96x96.jpg\",\"contentUrl\":\"https:\\\/\\\/buletin.de\\\/bucuresti\\\/wp-content\\\/uploads\\\/Florin-Rasteiu-96x96.jpg\",\"caption\":\"Florin R\u00e2\u0219teiu\"},\"description\":\"Jurnalist de investiga\u021bie. Lucreaz\u0103 de aproape 6 ani la Buletin de Bucure\u0219ti, unde a publicat articole care scot la suprafa\u021b\u0103 corup\u021bia din Capital\u0103. Analizeaz\u0103 baze de date zilnic \u0219i scoate pove\u0219ti din exceluri pline de cifre. Pune reflectorul pe adev\u0103r cu fiecare ocazie. A c\u00e2\u0219tigat premiul I la categoria Pres\u0103 Local\u0103 \u00een 2025 \u0219i locul al II-lea la aceea\u0219i categorie \u00een 2024 \u00een cadrul Premiilor Superscrieri pentru jurnalism independent.\",\"url\":\"https:\\\/\\\/buletin.de\\\/bucuresti\\\/author\\\/florinrasteiu\\\/\"}]}<\/script>\n<!-- \/ Yoast SEO Premium plugin. -->","yoast_head_json":{"title":"Procurorii au pus sechestru \u0219i pe criptomonedele fra\u021bilor Tate - Buletin de Bucure\u0219ti","robots":{"index":"index","follow":"follow","max-snippet":"max-snippet:-1","max-image-preview":"max-image-preview:large","max-video-preview":"max-video-preview:-1"},"canonical":"https:\/\/buletin.de\/bucuresti\/procurorii-au-pus-sechestru-si-pe-criptomonedele-fratilor-tate\/","og_locale":"en_GB","og_type":"article","og_title":"Procurorii au pus sechestru \u0219i pe criptomonedele fra\u021bilor Tate","og_description":"Andrew \u0219i Tristan Tate au fost adu\u0219i, joi diminea\u021ba, la sediul DIICOT pentru a li se comunica faptul c\u0103 procurorii de caz au extins sechestrul pe bunurile acestora, mai exact pe criptomonedele pe care le de\u021bin, conform unor surse judiciare. Fra\u021bii Tate sunt aresta\u021bi preventiv \u00eenc\u0103 de la final de 2022, pentru trafic de persoane [&hellip;]","og_url":"https:\/\/buletin.de\/bucuresti\/procurorii-au-pus-sechestru-si-pe-criptomonedele-fratilor-tate\/","og_site_name":"Buletin de Bucure\u0219ti","article_publisher":"https:\/\/www.facebook.com\/buletin.de.buc","article_published_time":"2023-03-09T10:58:27+00:00","article_modified_time":"2023-03-09T10:58:28+00:00","og_image":[{"width":900,"height":600,"url":"https:\/\/buletin.de\/bucuresti\/wp-content\/uploads\/inquam-photo-bucuresti-cab-dosar-tate-10-ian-2023-211617.jpg","type":"image\/jpeg"}],"author":"Florin R\u00e2\u0219teiu","twitter_card":"summary_large_image","twitter_misc":{"Written by":"Florin R\u00e2\u0219teiu","Estimated reading time":"1 minute"},"schema":{"@context":"https:\/\/schema.org","@graph":[{"@type":"Article","@id":"https:\/\/buletin.de\/bucuresti\/procurorii-au-pus-sechestru-si-pe-criptomonedele-fratilor-tate\/#article","isPartOf":{"@id":"https:\/\/buletin.de\/bucuresti\/procurorii-au-pus-sechestru-si-pe-criptomonedele-fratilor-tate\/"},"author":{"name":"Florin R\u00e2\u0219teiu","@id":"https:\/\/buletin.de\/bucuresti\/#\/schema\/person\/b0686d7a8b666c6afc78239777fd8a89"},"headline":"Procurorii au pus sechestru \u0219i pe criptomonedele fra\u021bilor Tate","datePublished":"2023-03-09T10:58:27+00:00","dateModified":"2023-03-09T10:58:28+00:00","mainEntityOfPage":{"@id":"https:\/\/buletin.de\/bucuresti\/procurorii-au-pus-sechestru-si-pe-criptomonedele-fratilor-tate\/"},"wordCount":233,"publisher":{"@id":"https:\/\/buletin.de\/bucuresti\/#organization"},"image":{"@id":"https:\/\/buletin.de\/bucuresti\/procurorii-au-pus-sechestru-si-pe-criptomonedele-fratilor-tate\/#primaryimage"},"thumbnailUrl":"https:\/\/buletin.de\/bucuresti\/wp-content\/uploads\/inquam-photo-bucuresti-cab-dosar-tate-10-ian-2023-211617.jpg","keywords":["Andrew tate","criptomonede","Fra\u021bii tate","secherstru"],"articleSection":["\u0218tiri"],"inLanguage":"en-GB","copyrightYear":"2023","copyrightHolder":{"@id":"https:\/\/buletin.de\/bucuresti\/#organization"}},{"@type":"WebPage","@id":"https:\/\/buletin.de\/bucuresti\/procurorii-au-pus-sechestru-si-pe-criptomonedele-fratilor-tate\/","url":"https:\/\/buletin.de\/bucuresti\/procurorii-au-pus-sechestru-si-pe-criptomonedele-fratilor-tate\/","name":"Procurorii au pus sechestru \u0219i pe criptomonedele fra\u021bilor Tate - Buletin de Bucure\u0219ti","isPartOf":{"@id":"https:\/\/buletin.de\/bucuresti\/#website"},"primaryImageOfPage":{"@id":"https:\/\/buletin.de\/bucuresti\/procurorii-au-pus-sechestru-si-pe-criptomonedele-fratilor-tate\/#primaryimage"},"image":{"@id":"https:\/\/buletin.de\/bucuresti\/procurorii-au-pus-sechestru-si-pe-criptomonedele-fratilor-tate\/#primaryimage"},"thumbnailUrl":"https:\/\/buletin.de\/bucuresti\/wp-content\/uploads\/inquam-photo-bucuresti-cab-dosar-tate-10-ian-2023-211617.jpg","datePublished":"2023-03-09T10:58:27+00:00","dateModified":"2023-03-09T10:58:28+00:00","breadcrumb":{"@id":"https:\/\/buletin.de\/bucuresti\/procurorii-au-pus-sechestru-si-pe-criptomonedele-fratilor-tate\/#breadcrumb"},"inLanguage":"en-GB","potentialAction":[{"@type":"ReadAction","target":["https:\/\/buletin.de\/bucuresti\/procurorii-au-pus-sechestru-si-pe-criptomonedele-fratilor-tate\/"]}]},{"@type":"ImageObject","inLanguage":"en-GB","@id":"https:\/\/buletin.de\/bucuresti\/procurorii-au-pus-sechestru-si-pe-criptomonedele-fratilor-tate\/#primaryimage","url":"https:\/\/buletin.de\/bucuresti\/wp-content\/uploads\/inquam-photo-bucuresti-cab-dosar-tate-10-ian-2023-211617.jpg","contentUrl":"https:\/\/buletin.de\/bucuresti\/wp-content\/uploads\/inquam-photo-bucuresti-cab-dosar-tate-10-ian-2023-211617.jpg","width":900,"height":600,"caption":"FOTO: Inquam"},{"@type":"BreadcrumbList","@id":"https:\/\/buletin.de\/bucuresti\/procurorii-au-pus-sechestru-si-pe-criptomonedele-fratilor-tate\/#breadcrumb","itemListElement":[{"@type":"ListItem","position":1,"name":"Acas\u0103","item":"https:\/\/buletin.de\/bucuresti\/"},{"@type":"ListItem","position":2,"name":"Procurorii au pus sechestru \u0219i pe criptomonedele fra\u021bilor Tate"}]},{"@type":"WebSite","@id":"https:\/\/buletin.de\/bucuresti\/#website","url":"https:\/\/buletin.de\/bucuresti\/","name":"Buletin de Bucure\u0219ti","description":"\u0218tiri \u0219i investiga\u021bii esen\u021biale din capital\u0103","publisher":{"@id":"https:\/\/buletin.de\/bucuresti\/#organization"},"potentialAction":[{"@type":"SearchAction","target":{"@type":"EntryPoint","urlTemplate":"https:\/\/buletin.de\/bucuresti\/?s={search_term_string}"},"query-input":{"@type":"PropertyValueSpecification","valueRequired":true,"valueName":"search_term_string"}}],"inLanguage":"en-GB"},{"@type":"Organization","@id":"https:\/\/buletin.de\/bucuresti\/#organization","name":"Buletin de Bucure\u0219ti","url":"https:\/\/buletin.de\/bucuresti\/","logo":{"@type":"ImageObject","inLanguage":"en-GB","@id":"https:\/\/buletin.de\/bucuresti\/#\/schema\/logo\/image\/","url":"https:\/\/buletin.de\/bucuresti\/wp-content\/uploads\/logo-bdb-full-wide-vernil-transparent.png","contentUrl":"https:\/\/buletin.de\/bucuresti\/wp-content\/uploads\/logo-bdb-full-wide-vernil-transparent.png","width":1782,"height":626,"caption":"Buletin de Bucure\u0219ti"},"image":{"@id":"https:\/\/buletin.de\/bucuresti\/#\/schema\/logo\/image\/"},"sameAs":["https:\/\/www.facebook.com\/buletin.de.buc","https:\/\/www.instagram.com\/buletinde.bucuresti\/"]},{"@type":"Person","@id":"https:\/\/buletin.de\/bucuresti\/#\/schema\/person\/b0686d7a8b666c6afc78239777fd8a89","name":"Florin R\u00e2\u0219teiu","image":{"@type":"ImageObject","inLanguage":"en-GB","@id":"https:\/\/buletin.de\/bucuresti\/wp-content\/uploads\/Florin-Rasteiu-96x96.jpgf0a6fe28453aa12f0a60e4d0a2e3a78c","url":"https:\/\/buletin.de\/bucuresti\/wp-content\/uploads\/Florin-Rasteiu-96x96.jpg","contentUrl":"https:\/\/buletin.de\/bucuresti\/wp-content\/uploads\/Florin-Rasteiu-96x96.jpg","caption":"Florin R\u00e2\u0219teiu"},"description":"Jurnalist de investiga\u021bie. Lucreaz\u0103 de aproape 6 ani la Buletin de Bucure\u0219ti, unde a publicat articole care scot la suprafa\u021b\u0103 corup\u021bia din Capital\u0103. Analizeaz\u0103 baze de date zilnic \u0219i scoate pove\u0219ti din exceluri pline de cifre. Pune reflectorul pe adev\u0103r cu fiecare ocazie. A c\u00e2\u0219tigat premiul I la categoria Pres\u0103 Local\u0103 \u00een 2025 \u0219i locul al II-lea la aceea\u0219i categorie \u00een 2024 \u00een cadrul Premiilor Superscrieri pentru jurnalism independent.","url":"https:\/\/buletin.de\/bucuresti\/author\/florinrasteiu\/"}]}},"authors":[{"term_id":22576,"user_id":17,"is_guest":0,"slug":"florinrasteiu","display_name":"Florin R\u00e2\u0219teiu","avatar_url":"https:\/\/buletin.de\/bucuresti\/wp-content\/uploads\/Florin-Rasteiu-96x96.jpg","0":null,"1":"","2":"","3":"","4":"","5":"","6":"","7":"","8":""}],"_links":{"self":[{"href":"https:\/\/buletin.de\/bucuresti\/wp-json\/wp\/v2\/posts\/55627","targetHints":{"allow":["GET"]}}],"collection":[{"href":"https:\/\/buletin.de\/bucuresti\/wp-json\/wp\/v2\/posts"}],"about":[{"href":"https:\/\/buletin.de\/bucuresti\/wp-json\/wp\/v2\/types\/post"}],"author":[{"embeddable":true,"href":"https:\/\/buletin.de\/bucuresti\/wp-json\/wp\/v2\/users\/17"}],"replies":[{"embeddable":true,"href":"https:\/\/buletin.de\/bucuresti\/wp-json\/wp\/v2\/comments?post=55627"}],"version-history":[{"count":4,"href":"https:\/\/buletin.de\/bucuresti\/wp-json\/wp\/v2\/posts\/55627\/revisions"}],"predecessor-version":[{"id":55633,"href":"https:\/\/buletin.de\/bucuresti\/wp-json\/wp\/v2\/posts\/55627\/revisions\/55633"}],"wp:featuredmedia":[{"embeddable":true,"href":"https:\/\/buletin.de\/bucuresti\/wp-json\/wp\/v2\/media\/51390"}],"wp:attachment":[{"href":"https:\/\/buletin.de\/bucuresti\/wp-json\/wp\/v2\/media?parent=55627"}],"wp:term":[{"taxonomy":"category","embeddable":true,"href":"https:\/\/buletin.de\/bucuresti\/wp-json\/wp\/v2\/categories?post=55627"},{"taxonomy":"post_tag","embeddable":true,"href":"https:\/\/buletin.de\/bucuresti\/wp-json\/wp\/v2\/tags?post=55627"},{"taxonomy":"author","embeddable":true,"href":"https:\/\/buletin.de\/bucuresti\/wp-json\/wp\/v2\/ppma_author?post=55627"}],"curies":[{"name":"wp","href":"https:\/\/api.w.org\/{rel}","templated":true}]}}