{"id":55611,"date":"2023-03-09T10:55:51","date_gmt":"2023-03-09T08:55:51","guid":{"rendered":"https:\/\/buletin.de\/bucuresti\/?p=55611"},"modified":"2023-03-09T10:56:56","modified_gmt":"2023-03-09T08:56:56","slug":"fotovideo-anpc-a-oprit-temporar-evenimentul-traditii-romane%e1%b9%a3ti-legate-de-sarbatoarea-mucenicilor-din-parcul-tineretului","status":"publish","type":"post","link":"https:\/\/buletin.de\/bucuresti\/fotovideo-anpc-a-oprit-temporar-evenimentul-traditii-romane%e1%b9%a3ti-legate-de-sarbatoarea-mucenicilor-din-parcul-tineretului\/","title":{"rendered":"FOTO&#038;VIDEO | ANPC a oprit temporar evenimentul \u201eTradi\u021bii rom\u00e2ne\u1e63ti legate de s\u0103rb\u0103toarea Mucenicilor\u201d din Parcul Tineretului"},"content":{"rendered":"\n<p><strong><strong>Poli\u021bia Local\u0103 Sector 4 a solicitat inspectorilor de la Protec\u021bia Consumatorului s\u0103 verifice evenimentul evenimentul \u201eTradi\u021bii rom\u00e2ne\u1e63ti legate de s\u0103rb\u0103toarea Mucenicilor\u201d din Parcul Tineretului. \u00cen urma controlului, t\u00e2rgul a fost oprit temporar din cauza mai multor nereguli cum ar fi nerespectarea condi\u021biilor de p\u0103strare sau chiar folosirea unor spa\u021bii frigorifice cu acumul\u0103ri de impurit\u0103\u021bi \u015fi depuneri de rugin\u0103.&nbsp;<\/strong><\/strong><\/p>\n\n\n\n<figure class=\"wp-block-gallery has-nested-images columns-default is-cropped wp-block-gallery-1 is-layout-flex wp-block-gallery-is-layout-flex\">\n<figure class=\"wp-block-image size-large\"><img fetchpriority=\"high\" decoding=\"async\" width=\"900\" height=\"675\" data-id=\"55612\" src=\"data:image\/gif;base64,R0lGODlhAQABAAAAACH5BAEKAAEALAAAAAABAAEAAAICTAEAOw==\" data-src=\"https:\/\/buletin.de\/bucuresti\/wp-content\/uploads\/6658b54e-d6fc-494b-adfb-e223608d3560-900x675.jpeg\" alt=\"\" class=\"wp-image-55612 lazyload\" data-sizes=\"auto\" data-srcset=\"https:\/\/buletin.de\/bucuresti\/wp-content\/uploads\/6658b54e-d6fc-494b-adfb-e223608d3560-900x675.jpeg 900w, https:\/\/buletin.de\/bucuresti\/wp-content\/uploads\/6658b54e-d6fc-494b-adfb-e223608d3560-300x225.jpeg 300w, https:\/\/buletin.de\/bucuresti\/wp-content\/uploads\/6658b54e-d6fc-494b-adfb-e223608d3560-768x576.jpeg 768w, https:\/\/buletin.de\/bucuresti\/wp-content\/uploads\/6658b54e-d6fc-494b-adfb-e223608d3560-1536x1152.jpeg 1536w, https:\/\/buletin.de\/bucuresti\/wp-content\/uploads\/6658b54e-d6fc-494b-adfb-e223608d3560-1060x795.jpeg 1060w, https:\/\/buletin.de\/bucuresti\/wp-content\/uploads\/6658b54e-d6fc-494b-adfb-e223608d3560-550x413.jpeg 550w, https:\/\/buletin.de\/bucuresti\/wp-content\/uploads\/6658b54e-d6fc-494b-adfb-e223608d3560-667x500.jpeg 667w, https:\/\/buletin.de\/bucuresti\/wp-content\/uploads\/6658b54e-d6fc-494b-adfb-e223608d3560-1440x1080.jpeg 1440w, https:\/\/buletin.de\/bucuresti\/wp-content\/uploads\/6658b54e-d6fc-494b-adfb-e223608d3560-600x450.jpeg 600w, https:\/\/buletin.de\/bucuresti\/wp-content\/uploads\/6658b54e-d6fc-494b-adfb-e223608d3560.jpeg 1600w\" sizes=\"(max-width: 900px) 100vw, 900px\" \/><\/figure>\n\n\n\n<figure class=\"wp-block-image size-large\"><img decoding=\"async\" width=\"900\" height=\"675\" data-id=\"55614\" src=\"data:image\/gif;base64,R0lGODlhAQABAAAAACH5BAEKAAEALAAAAAABAAEAAAICTAEAOw==\" data-src=\"https:\/\/buletin.de\/bucuresti\/wp-content\/uploads\/037dbe08-2d2c-4d9a-b5ff-d4fd43fcf505-900x675.jpeg\" alt=\"\" class=\"wp-image-55614 lazyload\" data-sizes=\"auto\" data-srcset=\"https:\/\/buletin.de\/bucuresti\/wp-content\/uploads\/037dbe08-2d2c-4d9a-b5ff-d4fd43fcf505-900x675.jpeg 900w, https:\/\/buletin.de\/bucuresti\/wp-content\/uploads\/037dbe08-2d2c-4d9a-b5ff-d4fd43fcf505-300x225.jpeg 300w, https:\/\/buletin.de\/bucuresti\/wp-content\/uploads\/037dbe08-2d2c-4d9a-b5ff-d4fd43fcf505-768x576.jpeg 768w, https:\/\/buletin.de\/bucuresti\/wp-content\/uploads\/037dbe08-2d2c-4d9a-b5ff-d4fd43fcf505-1536x1152.jpeg 1536w, https:\/\/buletin.de\/bucuresti\/wp-content\/uploads\/037dbe08-2d2c-4d9a-b5ff-d4fd43fcf505-1060x795.jpeg 1060w, https:\/\/buletin.de\/bucuresti\/wp-content\/uploads\/037dbe08-2d2c-4d9a-b5ff-d4fd43fcf505-550x413.jpeg 550w, https:\/\/buletin.de\/bucuresti\/wp-content\/uploads\/037dbe08-2d2c-4d9a-b5ff-d4fd43fcf505-667x500.jpeg 667w, https:\/\/buletin.de\/bucuresti\/wp-content\/uploads\/037dbe08-2d2c-4d9a-b5ff-d4fd43fcf505-1440x1080.jpeg 1440w, https:\/\/buletin.de\/bucuresti\/wp-content\/uploads\/037dbe08-2d2c-4d9a-b5ff-d4fd43fcf505-600x450.jpeg 600w, https:\/\/buletin.de\/bucuresti\/wp-content\/uploads\/037dbe08-2d2c-4d9a-b5ff-d4fd43fcf505.jpeg 1600w\" sizes=\"(max-width: 900px) 100vw, 900px\" \/><\/figure>\n\n\n\n<figure class=\"wp-block-image size-large\"><img decoding=\"async\" width=\"900\" height=\"675\" data-id=\"55615\" src=\"data:image\/gif;base64,R0lGODlhAQABAAAAACH5BAEKAAEALAAAAAABAAEAAAICTAEAOw==\" data-src=\"https:\/\/buletin.de\/bucuresti\/wp-content\/uploads\/af1a802c-c70d-4902-8e2a-ae72ed245cb9-900x675.jpeg\" alt=\"\" class=\"wp-image-55615 lazyload\" data-sizes=\"auto\" data-srcset=\"https:\/\/buletin.de\/bucuresti\/wp-content\/uploads\/af1a802c-c70d-4902-8e2a-ae72ed245cb9-900x675.jpeg 900w, https:\/\/buletin.de\/bucuresti\/wp-content\/uploads\/af1a802c-c70d-4902-8e2a-ae72ed245cb9-300x225.jpeg 300w, https:\/\/buletin.de\/bucuresti\/wp-content\/uploads\/af1a802c-c70d-4902-8e2a-ae72ed245cb9-768x576.jpeg 768w, https:\/\/buletin.de\/bucuresti\/wp-content\/uploads\/af1a802c-c70d-4902-8e2a-ae72ed245cb9-1536x1152.jpeg 1536w, https:\/\/buletin.de\/bucuresti\/wp-content\/uploads\/af1a802c-c70d-4902-8e2a-ae72ed245cb9-1060x795.jpeg 1060w, https:\/\/buletin.de\/bucuresti\/wp-content\/uploads\/af1a802c-c70d-4902-8e2a-ae72ed245cb9-550x413.jpeg 550w, https:\/\/buletin.de\/bucuresti\/wp-content\/uploads\/af1a802c-c70d-4902-8e2a-ae72ed245cb9-667x500.jpeg 667w, https:\/\/buletin.de\/bucuresti\/wp-content\/uploads\/af1a802c-c70d-4902-8e2a-ae72ed245cb9-1440x1080.jpeg 1440w, https:\/\/buletin.de\/bucuresti\/wp-content\/uploads\/af1a802c-c70d-4902-8e2a-ae72ed245cb9-600x450.jpeg 600w, https:\/\/buletin.de\/bucuresti\/wp-content\/uploads\/af1a802c-c70d-4902-8e2a-ae72ed245cb9.jpeg 1600w\" sizes=\"(max-width: 900px) 100vw, 900px\" \/><\/figure>\n\n\n\n<figure class=\"wp-block-image size-large\"><img loading=\"lazy\" decoding=\"async\" width=\"900\" height=\"675\" data-id=\"55616\" src=\"data:image\/gif;base64,R0lGODlhAQABAAAAACH5BAEKAAEALAAAAAABAAEAAAICTAEAOw==\" data-src=\"https:\/\/buletin.de\/bucuresti\/wp-content\/uploads\/bc3c9707-2efe-4ce7-ae8c-cfa1bb0f34e1-900x675.jpeg\" alt=\"\" class=\"wp-image-55616 lazyload\" data-sizes=\"auto\" data-srcset=\"https:\/\/buletin.de\/bucuresti\/wp-content\/uploads\/bc3c9707-2efe-4ce7-ae8c-cfa1bb0f34e1-900x675.jpeg 900w, https:\/\/buletin.de\/bucuresti\/wp-content\/uploads\/bc3c9707-2efe-4ce7-ae8c-cfa1bb0f34e1-300x225.jpeg 300w, https:\/\/buletin.de\/bucuresti\/wp-content\/uploads\/bc3c9707-2efe-4ce7-ae8c-cfa1bb0f34e1-768x576.jpeg 768w, https:\/\/buletin.de\/bucuresti\/wp-content\/uploads\/bc3c9707-2efe-4ce7-ae8c-cfa1bb0f34e1-1536x1152.jpeg 1536w, https:\/\/buletin.de\/bucuresti\/wp-content\/uploads\/bc3c9707-2efe-4ce7-ae8c-cfa1bb0f34e1-1060x795.jpeg 1060w, https:\/\/buletin.de\/bucuresti\/wp-content\/uploads\/bc3c9707-2efe-4ce7-ae8c-cfa1bb0f34e1-550x413.jpeg 550w, https:\/\/buletin.de\/bucuresti\/wp-content\/uploads\/bc3c9707-2efe-4ce7-ae8c-cfa1bb0f34e1-667x500.jpeg 667w, https:\/\/buletin.de\/bucuresti\/wp-content\/uploads\/bc3c9707-2efe-4ce7-ae8c-cfa1bb0f34e1-1440x1080.jpeg 1440w, https:\/\/buletin.de\/bucuresti\/wp-content\/uploads\/bc3c9707-2efe-4ce7-ae8c-cfa1bb0f34e1-600x450.jpeg 600w, https:\/\/buletin.de\/bucuresti\/wp-content\/uploads\/bc3c9707-2efe-4ce7-ae8c-cfa1bb0f34e1.jpeg 1600w\" sizes=\"(max-width: 900px) 100vw, 900px\" \/><\/figure>\n\n\n\n<figure class=\"wp-block-image size-large\"><img loading=\"lazy\" decoding=\"async\" width=\"900\" height=\"675\" data-id=\"55617\" src=\"data:image\/gif;base64,R0lGODlhAQABAAAAACH5BAEKAAEALAAAAAABAAEAAAICTAEAOw==\" data-src=\"https:\/\/buletin.de\/bucuresti\/wp-content\/uploads\/64cd285a-b1b9-4de4-a271-1db762b37fd0-900x675.jpeg\" alt=\"\" class=\"wp-image-55617 lazyload\" data-sizes=\"auto\" data-srcset=\"https:\/\/buletin.de\/bucuresti\/wp-content\/uploads\/64cd285a-b1b9-4de4-a271-1db762b37fd0-900x675.jpeg 900w, https:\/\/buletin.de\/bucuresti\/wp-content\/uploads\/64cd285a-b1b9-4de4-a271-1db762b37fd0-300x225.jpeg 300w, https:\/\/buletin.de\/bucuresti\/wp-content\/uploads\/64cd285a-b1b9-4de4-a271-1db762b37fd0-768x576.jpeg 768w, https:\/\/buletin.de\/bucuresti\/wp-content\/uploads\/64cd285a-b1b9-4de4-a271-1db762b37fd0-1536x1152.jpeg 1536w, https:\/\/buletin.de\/bucuresti\/wp-content\/uploads\/64cd285a-b1b9-4de4-a271-1db762b37fd0-1060x795.jpeg 1060w, https:\/\/buletin.de\/bucuresti\/wp-content\/uploads\/64cd285a-b1b9-4de4-a271-1db762b37fd0-550x413.jpeg 550w, https:\/\/buletin.de\/bucuresti\/wp-content\/uploads\/64cd285a-b1b9-4de4-a271-1db762b37fd0-667x500.jpeg 667w, https:\/\/buletin.de\/bucuresti\/wp-content\/uploads\/64cd285a-b1b9-4de4-a271-1db762b37fd0-1440x1080.jpeg 1440w, https:\/\/buletin.de\/bucuresti\/wp-content\/uploads\/64cd285a-b1b9-4de4-a271-1db762b37fd0-600x450.jpeg 600w, https:\/\/buletin.de\/bucuresti\/wp-content\/uploads\/64cd285a-b1b9-4de4-a271-1db762b37fd0.jpeg 1600w\" sizes=\"(max-width: 900px) 100vw, 900px\" \/><\/figure>\n\n\n\n<figure class=\"wp-block-image size-large\"><img loading=\"lazy\" decoding=\"async\" width=\"900\" height=\"506\" data-id=\"55619\" src=\"data:image\/gif;base64,R0lGODlhAQABAAAAACH5BAEKAAEALAAAAAABAAEAAAICTAEAOw==\" data-src=\"https:\/\/buletin.de\/bucuresti\/wp-content\/uploads\/7642a3a2-7dd3-4106-92f2-e9acfa957a08-900x506.jpeg\" alt=\"\" class=\"wp-image-55619 lazyload\" data-sizes=\"auto\" data-srcset=\"https:\/\/buletin.de\/bucuresti\/wp-content\/uploads\/7642a3a2-7dd3-4106-92f2-e9acfa957a08-900x506.jpeg 900w, https:\/\/buletin.de\/bucuresti\/wp-content\/uploads\/7642a3a2-7dd3-4106-92f2-e9acfa957a08-300x169.jpeg 300w, https:\/\/buletin.de\/bucuresti\/wp-content\/uploads\/7642a3a2-7dd3-4106-92f2-e9acfa957a08-768x432.jpeg 768w, https:\/\/buletin.de\/bucuresti\/wp-content\/uploads\/7642a3a2-7dd3-4106-92f2-e9acfa957a08-1536x864.jpeg 1536w, https:\/\/buletin.de\/bucuresti\/wp-content\/uploads\/7642a3a2-7dd3-4106-92f2-e9acfa957a08-1060x596.jpeg 1060w, https:\/\/buletin.de\/bucuresti\/wp-content\/uploads\/7642a3a2-7dd3-4106-92f2-e9acfa957a08-550x309.jpeg 550w, https:\/\/buletin.de\/bucuresti\/wp-content\/uploads\/7642a3a2-7dd3-4106-92f2-e9acfa957a08-889x500.jpeg 889w, https:\/\/buletin.de\/bucuresti\/wp-content\/uploads\/7642a3a2-7dd3-4106-92f2-e9acfa957a08-600x338.jpeg 600w, https:\/\/buletin.de\/bucuresti\/wp-content\/uploads\/7642a3a2-7dd3-4106-92f2-e9acfa957a08.jpeg 1600w\" sizes=\"(max-width: 900px) 100vw, 900px\" \/><\/figure>\n\n\n\n<figure class=\"wp-block-image size-large\"><img loading=\"lazy\" decoding=\"async\" width=\"900\" height=\"675\" data-id=\"55620\" src=\"data:image\/gif;base64,R0lGODlhAQABAAAAACH5BAEKAAEALAAAAAABAAEAAAICTAEAOw==\" data-src=\"https:\/\/buletin.de\/bucuresti\/wp-content\/uploads\/f717c419-bee7-4c81-b9eb-3f18fa77165f-900x675.jpeg\" alt=\"\" class=\"wp-image-55620 lazyload\" data-sizes=\"auto\" data-srcset=\"https:\/\/buletin.de\/bucuresti\/wp-content\/uploads\/f717c419-bee7-4c81-b9eb-3f18fa77165f-900x675.jpeg 900w, https:\/\/buletin.de\/bucuresti\/wp-content\/uploads\/f717c419-bee7-4c81-b9eb-3f18fa77165f-300x225.jpeg 300w, https:\/\/buletin.de\/bucuresti\/wp-content\/uploads\/f717c419-bee7-4c81-b9eb-3f18fa77165f-768x576.jpeg 768w, https:\/\/buletin.de\/bucuresti\/wp-content\/uploads\/f717c419-bee7-4c81-b9eb-3f18fa77165f-1536x1152.jpeg 1536w, https:\/\/buletin.de\/bucuresti\/wp-content\/uploads\/f717c419-bee7-4c81-b9eb-3f18fa77165f-1060x795.jpeg 1060w, https:\/\/buletin.de\/bucuresti\/wp-content\/uploads\/f717c419-bee7-4c81-b9eb-3f18fa77165f-550x413.jpeg 550w, https:\/\/buletin.de\/bucuresti\/wp-content\/uploads\/f717c419-bee7-4c81-b9eb-3f18fa77165f-667x500.jpeg 667w, https:\/\/buletin.de\/bucuresti\/wp-content\/uploads\/f717c419-bee7-4c81-b9eb-3f18fa77165f-1440x1080.jpeg 1440w, https:\/\/buletin.de\/bucuresti\/wp-content\/uploads\/f717c419-bee7-4c81-b9eb-3f18fa77165f-600x450.jpeg 600w, https:\/\/buletin.de\/bucuresti\/wp-content\/uploads\/f717c419-bee7-4c81-b9eb-3f18fa77165f.jpeg 1600w\" sizes=\"(max-width: 900px) 100vw, 900px\" \/><\/figure>\n\n\n\n<figure class=\"wp-block-image size-large\"><img loading=\"lazy\" decoding=\"async\" width=\"900\" height=\"506\" data-id=\"55621\" src=\"data:image\/gif;base64,R0lGODlhAQABAAAAACH5BAEKAAEALAAAAAABAAEAAAICTAEAOw==\" data-src=\"https:\/\/buletin.de\/bucuresti\/wp-content\/uploads\/da89ae2b-1f0a-4f3f-9e7d-29fb0e263960-900x506.jpeg\" alt=\"\" class=\"wp-image-55621 lazyload\" data-sizes=\"auto\" data-srcset=\"https:\/\/buletin.de\/bucuresti\/wp-content\/uploads\/da89ae2b-1f0a-4f3f-9e7d-29fb0e263960-900x506.jpeg 900w, https:\/\/buletin.de\/bucuresti\/wp-content\/uploads\/da89ae2b-1f0a-4f3f-9e7d-29fb0e263960-300x169.jpeg 300w, https:\/\/buletin.de\/bucuresti\/wp-content\/uploads\/da89ae2b-1f0a-4f3f-9e7d-29fb0e263960-768x432.jpeg 768w, https:\/\/buletin.de\/bucuresti\/wp-content\/uploads\/da89ae2b-1f0a-4f3f-9e7d-29fb0e263960-1536x864.jpeg 1536w, https:\/\/buletin.de\/bucuresti\/wp-content\/uploads\/da89ae2b-1f0a-4f3f-9e7d-29fb0e263960-1060x596.jpeg 1060w, https:\/\/buletin.de\/bucuresti\/wp-content\/uploads\/da89ae2b-1f0a-4f3f-9e7d-29fb0e263960-550x309.jpeg 550w, https:\/\/buletin.de\/bucuresti\/wp-content\/uploads\/da89ae2b-1f0a-4f3f-9e7d-29fb0e263960-889x500.jpeg 889w, https:\/\/buletin.de\/bucuresti\/wp-content\/uploads\/da89ae2b-1f0a-4f3f-9e7d-29fb0e263960-600x338.jpeg 600w, https:\/\/buletin.de\/bucuresti\/wp-content\/uploads\/da89ae2b-1f0a-4f3f-9e7d-29fb0e263960.jpeg 1600w\" sizes=\"(max-width: 900px) 100vw, 900px\" \/><\/figure>\n<figcaption class=\"blocks-gallery-caption\">Imagini de la evenimentul din Parcul Tineretului. Surs\u0103 Foto: ANPC <\/figcaption><\/figure>\n\n\n\n<p><\/p>\n\n\n\n<p>De asemenea, au fost verifica\u021bi \u0219apte participan\u021bi la eveniment (operatori economici), care au fost sanc\u021biona\u021bi pentru deficien\u021bele \u00eenregistrate cu oprirea definitiv\u0103 de la comercializare a 200 kg de produse alimentare, \u00een valoare de 12.500 lei.&nbsp;<\/p>\n\n\n\n<p>Inspectorii ANPC au g\u0103sit mai multe nereguli precum p\u0103strarea produselor culinare \u00een recipiente ruginite sau depozitarea lor direct pe paviment, dup\u0103 cum urmeaz\u0103: <\/p>\n\n\n\n<ul class=\"has-background wp-block-list\" style=\"background-color:#fff4d5\"><li>Lipsa documentelor necesare func\u021bion\u0103rii<\/li><li>Nerespectarea condi\u021biilor de p\u0101strare stabilite de produc\u0103tor<\/li><li>Lipsa verific\u0103rii metrologice a c\u00e2ntarului utilizat<\/li><li>Lipsa unei surse de apa potabil\u0103<\/li><li>P\u0103strearea preparatelor culinare pentru comercializare \u00een recipiente depreciate, uzate, cu acumul\u0103ri de rugin\u0103<\/li><li>Lipsa registrului unic de control<\/li><li>Folosirea unor spa\u021bii frigorifice cu acumul\u0103ri de impurit\u0103\u021bi \u015fi depuneri de rugin\u0103<\/li><li>Comercializarea de produse f\u0103r\u0103 elemente de identificare \u015fi caracterizare<\/li><li>Utilizarea unor ustensile depreciate<\/li><li>Depozitarea materiilor prime \u015fi ambalajelor direct pe paviment<\/li><li>Expunerea preparatelor culinare la comercializare f\u0103r\u0103 existen\u021ba elementelor de protec\u021bie \u015fi siguran\u021b\u0103 alimentar\u0103.<\/li><\/ul>\n\n\n\n<figure class=\"wp-block-video\"><video controls src=\"https:\/\/buletin.de\/bucuresti\/wp-content\/uploads\/WhatsApp-Video-2023-03-09-at-08.55.59.mp4\"><\/video><figcaption>Imagini de la unul dintre operatorii care nu respectau regulile sanitare. Surs\u0103 Video: ANPC<\/figcaption><\/figure>\n\n\n\n<p><\/p>\n","protected":false},"excerpt":{"rendered":"<p>Poli\u021bia Local\u0103 Sector 4 a solicitat inspectorilor de la Protec\u021bia Consumatorului s\u0103 verifice evenimentul evenimentul \u201eTradi\u021bii rom\u00e2ne\u1e63ti legate de s\u0103rb\u0103toarea Mucenicilor\u201d din Parcul Tineretului. \u00cen urma controlului, t\u00e2rgul a fost oprit temporar din cauza mai multor nereguli cum ar fi nerespectarea condi\u021biilor de p\u0103strare sau chiar folosirea unor spa\u021bii frigorifice cu acumul\u0103ri de impurit\u0103\u021bi \u015fi [&hellip;]<\/p>\n","protected":false},"author":17,"featured_media":55615,"comment_status":"closed","ping_status":"open","sticky":false,"template":"","format":"standard","meta":{"_acf_changed":false,"inline_featured_image":false,"ngg_post_thumbnail":0,"footnotes":""},"categories":[62],"tags":[3410,5536,2383,765],"ppma_author":[22576],"class_list":["post-55611","post","type-post","status-publish","format-standard","has-post-thumbnail","hentry","category-stiri","tag-anpc","tag-mucenicii","tag-parcul-tineretului","tag-sector-4"],"acf":[],"yoast_head":"<!-- This site is optimized with the Yoast SEO Premium plugin v25.3 (Yoast SEO v27.5) - https:\/\/yoast.com\/product\/yoast-seo-premium-wordpress\/ -->\n<title>FOTO&amp;VIDEO | ANPC a oprit temporar evenimentul \u201eTradi\u021bii rom\u00e2ne\u1e63ti legate de s\u0103rb\u0103toarea Mucenicilor\u201d din Parcul Tineretului - Buletin de Bucure\u0219ti<\/title>\n<meta name=\"robots\" content=\"index, follow, max-snippet:-1, max-image-preview:large, max-video-preview:-1\" \/>\n<link rel=\"canonical\" href=\"https:\/\/buletin.de\/bucuresti\/fotovideo-anpc-a-oprit-temporar-evenimentul-traditii-romane\u1e63ti-legate-de-sarbatoarea-mucenicilor-din-parcul-tineretului\/\" \/>\n<meta property=\"og:locale\" content=\"en_GB\" \/>\n<meta property=\"og:type\" content=\"article\" \/>\n<meta property=\"og:title\" content=\"FOTO&amp;VIDEO | ANPC a oprit temporar evenimentul \u201eTradi\u021bii rom\u00e2ne\u1e63ti legate de s\u0103rb\u0103toarea Mucenicilor\u201d din Parcul Tineretului\" \/>\n<meta property=\"og:description\" content=\"Poli\u021bia Local\u0103 Sector 4 a solicitat inspectorilor de la Protec\u021bia Consumatorului s\u0103 verifice evenimentul evenimentul \u201eTradi\u021bii rom\u00e2ne\u1e63ti legate de s\u0103rb\u0103toarea Mucenicilor\u201d din Parcul Tineretului. \u00cen urma controlului, t\u00e2rgul a fost oprit temporar din cauza mai multor nereguli cum ar fi nerespectarea condi\u021biilor de p\u0103strare sau chiar folosirea unor spa\u021bii frigorifice cu acumul\u0103ri de impurit\u0103\u021bi \u015fi [&hellip;]\" \/>\n<meta property=\"og:url\" content=\"https:\/\/buletin.de\/bucuresti\/fotovideo-anpc-a-oprit-temporar-evenimentul-traditii-romane\u1e63ti-legate-de-sarbatoarea-mucenicilor-din-parcul-tineretului\/\" \/>\n<meta property=\"og:site_name\" content=\"Buletin de Bucure\u0219ti\" \/>\n<meta property=\"article:publisher\" content=\"https:\/\/www.facebook.com\/buletin.de.buc\" \/>\n<meta property=\"article:published_time\" content=\"2023-03-09T08:55:51+00:00\" \/>\n<meta property=\"article:modified_time\" content=\"2023-03-09T08:56:56+00:00\" \/>\n<meta property=\"og:image\" content=\"https:\/\/buletin.de\/bucuresti\/wp-content\/uploads\/af1a802c-c70d-4902-8e2a-ae72ed245cb9.jpeg\" \/>\n\t<meta property=\"og:image:width\" content=\"1600\" \/>\n\t<meta property=\"og:image:height\" content=\"1200\" \/>\n\t<meta property=\"og:image:type\" content=\"image\/jpeg\" \/>\n<meta name=\"author\" content=\"Florin R\u00e2\u0219teiu\" \/>\n<meta name=\"twitter:card\" content=\"summary_large_image\" \/>\n<meta name=\"twitter:label1\" content=\"Written by\" \/>\n\t<meta name=\"twitter:data1\" content=\"Florin R\u00e2\u0219teiu\" \/>\n\t<meta name=\"twitter:label2\" content=\"Estimated reading time\" \/>\n\t<meta name=\"twitter:data2\" content=\"3 minutes\" \/>\n<script type=\"application\/ld+json\" class=\"yoast-schema-graph\">{\"@context\":\"https:\\\/\\\/schema.org\",\"@graph\":[{\"@type\":\"Article\",\"@id\":\"https:\\\/\\\/buletin.de\\\/bucuresti\\\/fotovideo-anpc-a-oprit-temporar-evenimentul-traditii-romane%e1%b9%a3ti-legate-de-sarbatoarea-mucenicilor-din-parcul-tineretului\\\/#article\",\"isPartOf\":{\"@id\":\"https:\\\/\\\/buletin.de\\\/bucuresti\\\/fotovideo-anpc-a-oprit-temporar-evenimentul-traditii-romane%e1%b9%a3ti-legate-de-sarbatoarea-mucenicilor-din-parcul-tineretului\\\/\"},\"author\":{\"name\":\"Florin R\u00e2\u0219teiu\",\"@id\":\"https:\\\/\\\/buletin.de\\\/bucuresti\\\/#\\\/schema\\\/person\\\/b0686d7a8b666c6afc78239777fd8a89\"},\"headline\":\"FOTO&#038;VIDEO | ANPC a oprit temporar evenimentul \u201eTradi\u021bii rom\u00e2ne\u1e63ti legate de s\u0103rb\u0103toarea Mucenicilor\u201d din Parcul Tineretului\",\"datePublished\":\"2023-03-09T08:55:51+00:00\",\"dateModified\":\"2023-03-09T08:56:56+00:00\",\"mainEntityOfPage\":{\"@id\":\"https:\\\/\\\/buletin.de\\\/bucuresti\\\/fotovideo-anpc-a-oprit-temporar-evenimentul-traditii-romane%e1%b9%a3ti-legate-de-sarbatoarea-mucenicilor-din-parcul-tineretului\\\/\"},\"wordCount\":283,\"publisher\":{\"@id\":\"https:\\\/\\\/buletin.de\\\/bucuresti\\\/#organization\"},\"image\":{\"@id\":\"https:\\\/\\\/buletin.de\\\/bucuresti\\\/fotovideo-anpc-a-oprit-temporar-evenimentul-traditii-romane%e1%b9%a3ti-legate-de-sarbatoarea-mucenicilor-din-parcul-tineretului\\\/#primaryimage\"},\"thumbnailUrl\":\"https:\\\/\\\/buletin.de\\\/bucuresti\\\/wp-content\\\/uploads\\\/af1a802c-c70d-4902-8e2a-ae72ed245cb9.jpeg\",\"keywords\":[\"anpc\",\"Mucenicii\",\"Parcul Tineretului\",\"Sector 4\"],\"articleSection\":[\"\u0218tiri\"],\"inLanguage\":\"en-GB\",\"copyrightYear\":\"2023\",\"copyrightHolder\":{\"@id\":\"https:\\\/\\\/buletin.de\\\/bucuresti\\\/#organization\"}},{\"@type\":\"WebPage\",\"@id\":\"https:\\\/\\\/buletin.de\\\/bucuresti\\\/fotovideo-anpc-a-oprit-temporar-evenimentul-traditii-romane%e1%b9%a3ti-legate-de-sarbatoarea-mucenicilor-din-parcul-tineretului\\\/\",\"url\":\"https:\\\/\\\/buletin.de\\\/bucuresti\\\/fotovideo-anpc-a-oprit-temporar-evenimentul-traditii-romane%e1%b9%a3ti-legate-de-sarbatoarea-mucenicilor-din-parcul-tineretului\\\/\",\"name\":\"FOTO&VIDEO | ANPC a oprit temporar evenimentul \u201eTradi\u021bii rom\u00e2ne\u1e63ti legate de s\u0103rb\u0103toarea Mucenicilor\u201d din Parcul Tineretului - Buletin de Bucure\u0219ti\",\"isPartOf\":{\"@id\":\"https:\\\/\\\/buletin.de\\\/bucuresti\\\/#website\"},\"primaryImageOfPage\":{\"@id\":\"https:\\\/\\\/buletin.de\\\/bucuresti\\\/fotovideo-anpc-a-oprit-temporar-evenimentul-traditii-romane%e1%b9%a3ti-legate-de-sarbatoarea-mucenicilor-din-parcul-tineretului\\\/#primaryimage\"},\"image\":{\"@id\":\"https:\\\/\\\/buletin.de\\\/bucuresti\\\/fotovideo-anpc-a-oprit-temporar-evenimentul-traditii-romane%e1%b9%a3ti-legate-de-sarbatoarea-mucenicilor-din-parcul-tineretului\\\/#primaryimage\"},\"thumbnailUrl\":\"https:\\\/\\\/buletin.de\\\/bucuresti\\\/wp-content\\\/uploads\\\/af1a802c-c70d-4902-8e2a-ae72ed245cb9.jpeg\",\"datePublished\":\"2023-03-09T08:55:51+00:00\",\"dateModified\":\"2023-03-09T08:56:56+00:00\",\"breadcrumb\":{\"@id\":\"https:\\\/\\\/buletin.de\\\/bucuresti\\\/fotovideo-anpc-a-oprit-temporar-evenimentul-traditii-romane%e1%b9%a3ti-legate-de-sarbatoarea-mucenicilor-din-parcul-tineretului\\\/#breadcrumb\"},\"inLanguage\":\"en-GB\",\"potentialAction\":[{\"@type\":\"ReadAction\",\"target\":[\"https:\\\/\\\/buletin.de\\\/bucuresti\\\/fotovideo-anpc-a-oprit-temporar-evenimentul-traditii-romane%e1%b9%a3ti-legate-de-sarbatoarea-mucenicilor-din-parcul-tineretului\\\/\"]}]},{\"@type\":\"ImageObject\",\"inLanguage\":\"en-GB\",\"@id\":\"https:\\\/\\\/buletin.de\\\/bucuresti\\\/fotovideo-anpc-a-oprit-temporar-evenimentul-traditii-romane%e1%b9%a3ti-legate-de-sarbatoarea-mucenicilor-din-parcul-tineretului\\\/#primaryimage\",\"url\":\"https:\\\/\\\/buletin.de\\\/bucuresti\\\/wp-content\\\/uploads\\\/af1a802c-c70d-4902-8e2a-ae72ed245cb9.jpeg\",\"contentUrl\":\"https:\\\/\\\/buletin.de\\\/bucuresti\\\/wp-content\\\/uploads\\\/af1a802c-c70d-4902-8e2a-ae72ed245cb9.jpeg\",\"width\":1600,\"height\":1200},{\"@type\":\"BreadcrumbList\",\"@id\":\"https:\\\/\\\/buletin.de\\\/bucuresti\\\/fotovideo-anpc-a-oprit-temporar-evenimentul-traditii-romane%e1%b9%a3ti-legate-de-sarbatoarea-mucenicilor-din-parcul-tineretului\\\/#breadcrumb\",\"itemListElement\":[{\"@type\":\"ListItem\",\"position\":1,\"name\":\"Acas\u0103\",\"item\":\"https:\\\/\\\/buletin.de\\\/bucuresti\\\/\"},{\"@type\":\"ListItem\",\"position\":2,\"name\":\"FOTO&#038;VIDEO | ANPC a oprit temporar evenimentul \u201eTradi\u021bii rom\u00e2ne\u1e63ti legate de s\u0103rb\u0103toarea Mucenicilor\u201d din Parcul Tineretului\"}]},{\"@type\":\"WebSite\",\"@id\":\"https:\\\/\\\/buletin.de\\\/bucuresti\\\/#website\",\"url\":\"https:\\\/\\\/buletin.de\\\/bucuresti\\\/\",\"name\":\"Buletin de Bucure\u0219ti\",\"description\":\"\u0218tiri \u0219i investiga\u021bii esen\u021biale din capital\u0103\",\"publisher\":{\"@id\":\"https:\\\/\\\/buletin.de\\\/bucuresti\\\/#organization\"},\"potentialAction\":[{\"@type\":\"SearchAction\",\"target\":{\"@type\":\"EntryPoint\",\"urlTemplate\":\"https:\\\/\\\/buletin.de\\\/bucuresti\\\/?s={search_term_string}\"},\"query-input\":{\"@type\":\"PropertyValueSpecification\",\"valueRequired\":true,\"valueName\":\"search_term_string\"}}],\"inLanguage\":\"en-GB\"},{\"@type\":\"Organization\",\"@id\":\"https:\\\/\\\/buletin.de\\\/bucuresti\\\/#organization\",\"name\":\"Buletin de Bucure\u0219ti\",\"url\":\"https:\\\/\\\/buletin.de\\\/bucuresti\\\/\",\"logo\":{\"@type\":\"ImageObject\",\"inLanguage\":\"en-GB\",\"@id\":\"https:\\\/\\\/buletin.de\\\/bucuresti\\\/#\\\/schema\\\/logo\\\/image\\\/\",\"url\":\"https:\\\/\\\/buletin.de\\\/bucuresti\\\/wp-content\\\/uploads\\\/logo-bdb-full-wide-vernil-transparent.png\",\"contentUrl\":\"https:\\\/\\\/buletin.de\\\/bucuresti\\\/wp-content\\\/uploads\\\/logo-bdb-full-wide-vernil-transparent.png\",\"width\":1782,\"height\":626,\"caption\":\"Buletin de Bucure\u0219ti\"},\"image\":{\"@id\":\"https:\\\/\\\/buletin.de\\\/bucuresti\\\/#\\\/schema\\\/logo\\\/image\\\/\"},\"sameAs\":[\"https:\\\/\\\/www.facebook.com\\\/buletin.de.buc\",\"https:\\\/\\\/www.instagram.com\\\/buletinde.bucuresti\\\/\"]},{\"@type\":\"Person\",\"@id\":\"https:\\\/\\\/buletin.de\\\/bucuresti\\\/#\\\/schema\\\/person\\\/b0686d7a8b666c6afc78239777fd8a89\",\"name\":\"Florin R\u00e2\u0219teiu\",\"image\":{\"@type\":\"ImageObject\",\"inLanguage\":\"en-GB\",\"@id\":\"https:\\\/\\\/buletin.de\\\/bucuresti\\\/wp-content\\\/uploads\\\/Florin-Rasteiu-96x96.jpgf0a6fe28453aa12f0a60e4d0a2e3a78c\",\"url\":\"https:\\\/\\\/buletin.de\\\/bucuresti\\\/wp-content\\\/uploads\\\/Florin-Rasteiu-96x96.jpg\",\"contentUrl\":\"https:\\\/\\\/buletin.de\\\/bucuresti\\\/wp-content\\\/uploads\\\/Florin-Rasteiu-96x96.jpg\",\"caption\":\"Florin R\u00e2\u0219teiu\"},\"description\":\"Jurnalist de investiga\u021bie. Lucreaz\u0103 de aproape 6 ani la Buletin de Bucure\u0219ti, unde a publicat articole care scot la suprafa\u021b\u0103 corup\u021bia din Capital\u0103. Analizeaz\u0103 baze de date zilnic \u0219i scoate pove\u0219ti din exceluri pline de cifre. Pune reflectorul pe adev\u0103r cu fiecare ocazie. A c\u00e2\u0219tigat premiul I la categoria Pres\u0103 Local\u0103 \u00een 2025 \u0219i locul al II-lea la aceea\u0219i categorie \u00een 2024 \u00een cadrul Premiilor Superscrieri pentru jurnalism independent.\",\"url\":\"https:\\\/\\\/buletin.de\\\/bucuresti\\\/author\\\/florinrasteiu\\\/\"}]}<\/script>\n<!-- \/ Yoast SEO Premium plugin. -->","yoast_head_json":{"title":"FOTO&VIDEO | ANPC a oprit temporar evenimentul \u201eTradi\u021bii rom\u00e2ne\u1e63ti legate de s\u0103rb\u0103toarea Mucenicilor\u201d din Parcul Tineretului - Buletin de Bucure\u0219ti","robots":{"index":"index","follow":"follow","max-snippet":"max-snippet:-1","max-image-preview":"max-image-preview:large","max-video-preview":"max-video-preview:-1"},"canonical":"https:\/\/buletin.de\/bucuresti\/fotovideo-anpc-a-oprit-temporar-evenimentul-traditii-romane\u1e63ti-legate-de-sarbatoarea-mucenicilor-din-parcul-tineretului\/","og_locale":"en_GB","og_type":"article","og_title":"FOTO&VIDEO | ANPC a oprit temporar evenimentul \u201eTradi\u021bii rom\u00e2ne\u1e63ti legate de s\u0103rb\u0103toarea Mucenicilor\u201d din Parcul Tineretului","og_description":"Poli\u021bia Local\u0103 Sector 4 a solicitat inspectorilor de la Protec\u021bia Consumatorului s\u0103 verifice evenimentul evenimentul \u201eTradi\u021bii rom\u00e2ne\u1e63ti legate de s\u0103rb\u0103toarea Mucenicilor\u201d din Parcul Tineretului. \u00cen urma controlului, t\u00e2rgul a fost oprit temporar din cauza mai multor nereguli cum ar fi nerespectarea condi\u021biilor de p\u0103strare sau chiar folosirea unor spa\u021bii frigorifice cu acumul\u0103ri de impurit\u0103\u021bi \u015fi [&hellip;]","og_url":"https:\/\/buletin.de\/bucuresti\/fotovideo-anpc-a-oprit-temporar-evenimentul-traditii-romane\u1e63ti-legate-de-sarbatoarea-mucenicilor-din-parcul-tineretului\/","og_site_name":"Buletin de Bucure\u0219ti","article_publisher":"https:\/\/www.facebook.com\/buletin.de.buc","article_published_time":"2023-03-09T08:55:51+00:00","article_modified_time":"2023-03-09T08:56:56+00:00","og_image":[{"width":1600,"height":1200,"url":"https:\/\/buletin.de\/bucuresti\/wp-content\/uploads\/af1a802c-c70d-4902-8e2a-ae72ed245cb9.jpeg","type":"image\/jpeg"}],"author":"Florin R\u00e2\u0219teiu","twitter_card":"summary_large_image","twitter_misc":{"Written by":"Florin R\u00e2\u0219teiu","Estimated reading time":"3 minutes"},"schema":{"@context":"https:\/\/schema.org","@graph":[{"@type":"Article","@id":"https:\/\/buletin.de\/bucuresti\/fotovideo-anpc-a-oprit-temporar-evenimentul-traditii-romane%e1%b9%a3ti-legate-de-sarbatoarea-mucenicilor-din-parcul-tineretului\/#article","isPartOf":{"@id":"https:\/\/buletin.de\/bucuresti\/fotovideo-anpc-a-oprit-temporar-evenimentul-traditii-romane%e1%b9%a3ti-legate-de-sarbatoarea-mucenicilor-din-parcul-tineretului\/"},"author":{"name":"Florin R\u00e2\u0219teiu","@id":"https:\/\/buletin.de\/bucuresti\/#\/schema\/person\/b0686d7a8b666c6afc78239777fd8a89"},"headline":"FOTO&#038;VIDEO | ANPC a oprit temporar evenimentul \u201eTradi\u021bii rom\u00e2ne\u1e63ti legate de s\u0103rb\u0103toarea Mucenicilor\u201d din Parcul Tineretului","datePublished":"2023-03-09T08:55:51+00:00","dateModified":"2023-03-09T08:56:56+00:00","mainEntityOfPage":{"@id":"https:\/\/buletin.de\/bucuresti\/fotovideo-anpc-a-oprit-temporar-evenimentul-traditii-romane%e1%b9%a3ti-legate-de-sarbatoarea-mucenicilor-din-parcul-tineretului\/"},"wordCount":283,"publisher":{"@id":"https:\/\/buletin.de\/bucuresti\/#organization"},"image":{"@id":"https:\/\/buletin.de\/bucuresti\/fotovideo-anpc-a-oprit-temporar-evenimentul-traditii-romane%e1%b9%a3ti-legate-de-sarbatoarea-mucenicilor-din-parcul-tineretului\/#primaryimage"},"thumbnailUrl":"https:\/\/buletin.de\/bucuresti\/wp-content\/uploads\/af1a802c-c70d-4902-8e2a-ae72ed245cb9.jpeg","keywords":["anpc","Mucenicii","Parcul Tineretului","Sector 4"],"articleSection":["\u0218tiri"],"inLanguage":"en-GB","copyrightYear":"2023","copyrightHolder":{"@id":"https:\/\/buletin.de\/bucuresti\/#organization"}},{"@type":"WebPage","@id":"https:\/\/buletin.de\/bucuresti\/fotovideo-anpc-a-oprit-temporar-evenimentul-traditii-romane%e1%b9%a3ti-legate-de-sarbatoarea-mucenicilor-din-parcul-tineretului\/","url":"https:\/\/buletin.de\/bucuresti\/fotovideo-anpc-a-oprit-temporar-evenimentul-traditii-romane%e1%b9%a3ti-legate-de-sarbatoarea-mucenicilor-din-parcul-tineretului\/","name":"FOTO&VIDEO | ANPC a oprit temporar evenimentul \u201eTradi\u021bii rom\u00e2ne\u1e63ti legate de s\u0103rb\u0103toarea Mucenicilor\u201d din Parcul Tineretului - Buletin de Bucure\u0219ti","isPartOf":{"@id":"https:\/\/buletin.de\/bucuresti\/#website"},"primaryImageOfPage":{"@id":"https:\/\/buletin.de\/bucuresti\/fotovideo-anpc-a-oprit-temporar-evenimentul-traditii-romane%e1%b9%a3ti-legate-de-sarbatoarea-mucenicilor-din-parcul-tineretului\/#primaryimage"},"image":{"@id":"https:\/\/buletin.de\/bucuresti\/fotovideo-anpc-a-oprit-temporar-evenimentul-traditii-romane%e1%b9%a3ti-legate-de-sarbatoarea-mucenicilor-din-parcul-tineretului\/#primaryimage"},"thumbnailUrl":"https:\/\/buletin.de\/bucuresti\/wp-content\/uploads\/af1a802c-c70d-4902-8e2a-ae72ed245cb9.jpeg","datePublished":"2023-03-09T08:55:51+00:00","dateModified":"2023-03-09T08:56:56+00:00","breadcrumb":{"@id":"https:\/\/buletin.de\/bucuresti\/fotovideo-anpc-a-oprit-temporar-evenimentul-traditii-romane%e1%b9%a3ti-legate-de-sarbatoarea-mucenicilor-din-parcul-tineretului\/#breadcrumb"},"inLanguage":"en-GB","potentialAction":[{"@type":"ReadAction","target":["https:\/\/buletin.de\/bucuresti\/fotovideo-anpc-a-oprit-temporar-evenimentul-traditii-romane%e1%b9%a3ti-legate-de-sarbatoarea-mucenicilor-din-parcul-tineretului\/"]}]},{"@type":"ImageObject","inLanguage":"en-GB","@id":"https:\/\/buletin.de\/bucuresti\/fotovideo-anpc-a-oprit-temporar-evenimentul-traditii-romane%e1%b9%a3ti-legate-de-sarbatoarea-mucenicilor-din-parcul-tineretului\/#primaryimage","url":"https:\/\/buletin.de\/bucuresti\/wp-content\/uploads\/af1a802c-c70d-4902-8e2a-ae72ed245cb9.jpeg","contentUrl":"https:\/\/buletin.de\/bucuresti\/wp-content\/uploads\/af1a802c-c70d-4902-8e2a-ae72ed245cb9.jpeg","width":1600,"height":1200},{"@type":"BreadcrumbList","@id":"https:\/\/buletin.de\/bucuresti\/fotovideo-anpc-a-oprit-temporar-evenimentul-traditii-romane%e1%b9%a3ti-legate-de-sarbatoarea-mucenicilor-din-parcul-tineretului\/#breadcrumb","itemListElement":[{"@type":"ListItem","position":1,"name":"Acas\u0103","item":"https:\/\/buletin.de\/bucuresti\/"},{"@type":"ListItem","position":2,"name":"FOTO&#038;VIDEO | ANPC a oprit temporar evenimentul \u201eTradi\u021bii rom\u00e2ne\u1e63ti legate de s\u0103rb\u0103toarea Mucenicilor\u201d din Parcul Tineretului"}]},{"@type":"WebSite","@id":"https:\/\/buletin.de\/bucuresti\/#website","url":"https:\/\/buletin.de\/bucuresti\/","name":"Buletin de Bucure\u0219ti","description":"\u0218tiri \u0219i investiga\u021bii esen\u021biale din capital\u0103","publisher":{"@id":"https:\/\/buletin.de\/bucuresti\/#organization"},"potentialAction":[{"@type":"SearchAction","target":{"@type":"EntryPoint","urlTemplate":"https:\/\/buletin.de\/bucuresti\/?s={search_term_string}"},"query-input":{"@type":"PropertyValueSpecification","valueRequired":true,"valueName":"search_term_string"}}],"inLanguage":"en-GB"},{"@type":"Organization","@id":"https:\/\/buletin.de\/bucuresti\/#organization","name":"Buletin de Bucure\u0219ti","url":"https:\/\/buletin.de\/bucuresti\/","logo":{"@type":"ImageObject","inLanguage":"en-GB","@id":"https:\/\/buletin.de\/bucuresti\/#\/schema\/logo\/image\/","url":"https:\/\/buletin.de\/bucuresti\/wp-content\/uploads\/logo-bdb-full-wide-vernil-transparent.png","contentUrl":"https:\/\/buletin.de\/bucuresti\/wp-content\/uploads\/logo-bdb-full-wide-vernil-transparent.png","width":1782,"height":626,"caption":"Buletin de Bucure\u0219ti"},"image":{"@id":"https:\/\/buletin.de\/bucuresti\/#\/schema\/logo\/image\/"},"sameAs":["https:\/\/www.facebook.com\/buletin.de.buc","https:\/\/www.instagram.com\/buletinde.bucuresti\/"]},{"@type":"Person","@id":"https:\/\/buletin.de\/bucuresti\/#\/schema\/person\/b0686d7a8b666c6afc78239777fd8a89","name":"Florin R\u00e2\u0219teiu","image":{"@type":"ImageObject","inLanguage":"en-GB","@id":"https:\/\/buletin.de\/bucuresti\/wp-content\/uploads\/Florin-Rasteiu-96x96.jpgf0a6fe28453aa12f0a60e4d0a2e3a78c","url":"https:\/\/buletin.de\/bucuresti\/wp-content\/uploads\/Florin-Rasteiu-96x96.jpg","contentUrl":"https:\/\/buletin.de\/bucuresti\/wp-content\/uploads\/Florin-Rasteiu-96x96.jpg","caption":"Florin R\u00e2\u0219teiu"},"description":"Jurnalist de investiga\u021bie. Lucreaz\u0103 de aproape 6 ani la Buletin de Bucure\u0219ti, unde a publicat articole care scot la suprafa\u021b\u0103 corup\u021bia din Capital\u0103. Analizeaz\u0103 baze de date zilnic \u0219i scoate pove\u0219ti din exceluri pline de cifre. Pune reflectorul pe adev\u0103r cu fiecare ocazie. A c\u00e2\u0219tigat premiul I la categoria Pres\u0103 Local\u0103 \u00een 2025 \u0219i locul al II-lea la aceea\u0219i categorie \u00een 2024 \u00een cadrul Premiilor Superscrieri pentru jurnalism independent.","url":"https:\/\/buletin.de\/bucuresti\/author\/florinrasteiu\/"}]}},"authors":[{"term_id":22576,"user_id":17,"is_guest":0,"slug":"florinrasteiu","display_name":"Florin R\u00e2\u0219teiu","avatar_url":"https:\/\/buletin.de\/bucuresti\/wp-content\/uploads\/Florin-Rasteiu-96x96.jpg","0":null,"1":"","2":"","3":"","4":"","5":"","6":"","7":"","8":""}],"_links":{"self":[{"href":"https:\/\/buletin.de\/bucuresti\/wp-json\/wp\/v2\/posts\/55611","targetHints":{"allow":["GET"]}}],"collection":[{"href":"https:\/\/buletin.de\/bucuresti\/wp-json\/wp\/v2\/posts"}],"about":[{"href":"https:\/\/buletin.de\/bucuresti\/wp-json\/wp\/v2\/types\/post"}],"author":[{"embeddable":true,"href":"https:\/\/buletin.de\/bucuresti\/wp-json\/wp\/v2\/users\/17"}],"replies":[{"embeddable":true,"href":"https:\/\/buletin.de\/bucuresti\/wp-json\/wp\/v2\/comments?post=55611"}],"version-history":[{"count":2,"href":"https:\/\/buletin.de\/bucuresti\/wp-json\/wp\/v2\/posts\/55611\/revisions"}],"predecessor-version":[{"id":55626,"href":"https:\/\/buletin.de\/bucuresti\/wp-json\/wp\/v2\/posts\/55611\/revisions\/55626"}],"wp:featuredmedia":[{"embeddable":true,"href":"https:\/\/buletin.de\/bucuresti\/wp-json\/wp\/v2\/media\/55615"}],"wp:attachment":[{"href":"https:\/\/buletin.de\/bucuresti\/wp-json\/wp\/v2\/media?parent=55611"}],"wp:term":[{"taxonomy":"category","embeddable":true,"href":"https:\/\/buletin.de\/bucuresti\/wp-json\/wp\/v2\/categories?post=55611"},{"taxonomy":"post_tag","embeddable":true,"href":"https:\/\/buletin.de\/bucuresti\/wp-json\/wp\/v2\/tags?post=55611"},{"taxonomy":"author","embeddable":true,"href":"https:\/\/buletin.de\/bucuresti\/wp-json\/wp\/v2\/ppma_author?post=55611"}],"curies":[{"name":"wp","href":"https:\/\/api.w.org\/{rel}","templated":true}]}}