{"id":55606,"date":"2023-03-09T13:22:32","date_gmt":"2023-03-09T11:22:32","guid":{"rendered":"https:\/\/buletin.de\/bucuresti\/?p=55606"},"modified":"2023-03-09T13:22:32","modified_gmt":"2023-03-09T11:22:32","slug":"barbat-retinut-dupa-ce-ar-fi-provocat-un-incendiu-la-un-bloc-din-sectorul-2","status":"publish","type":"post","link":"https:\/\/buletin.de\/bucuresti\/barbat-retinut-dupa-ce-ar-fi-provocat-un-incendiu-la-un-bloc-din-sectorul-2\/","title":{"rendered":"B\u0103rbat re\u021binut dup\u0103 ce ar fi provocat un incendiu la un bloc din Sectorul 2"},"content":{"rendered":"\n<p><strong>Un b\u0103rbat de 53 de ani a fost re\u021binut pentru 24 de ore dup\u0103 ce ar fi provocat un incendiu \u00een parcarea subteran\u0103 a unui bloc din Sectorul 2. B\u0103rbatul este cercetat pentru s\u0103v\u00e2r\u0219irea infrac\u021biunii de distrugere prin incendiere.<\/strong> <strong>Acesta urmeaz\u0103 s\u0103 fie prezentat magistra\u021bilor cu propunere legal\u0103.<\/strong><\/p>\n\n\n\n<p>Poli\u021bi\u0219tii Capitalei &#8211; Sec\u021bia 8 Poli\u021bie au fost sesiza\u021bi pe 4 martie cu privire la producerea unui incendiu, \u00een parcarea subteran\u0103 a unui bloc din Sectorul 2, exist\u00e2nd riscul extinderii la ma\u0219inile din parcare \u0219i la instala\u021bia de gaze.<\/p>\n\n\n\n<p>Pompierii care au ajuns de urgen\u021b\u0103 la fa\u021ba locului au localizat \u0219i lichidat incendiul. \u00cen urma evenimentului, au fost distruse prin incendiere mai multe pubele din plastic.<\/p>\n\n\n\n<p>Din cercet\u0103ri, poli\u021bi\u0219tii Biroului Investiga\u021bii Criminale &#8211; Sec\u021bia 8 au identificat un b\u0103rbat de 53 de ani b\u0103nuit c\u0103 ar fi provocat incendiul. B\u0103rbatul a fost condus ieri, 8 martie, la audieri. Acesta a fost re\u021binut pentru 24 de ore, urm\u00e2nd s\u0103 fie prezentat magistra\u021bilor cu propunere legal\u0103.<\/p>\n\n\n\n<p>Cercet\u0103rile sunt continuate, \u00een acest caz, de c\u0103tre Sec\u021bia 8 Poli\u021bie, sub supravegherea Parchetului de pe l\u00e2ng\u0103 Judec\u0103toria Sectorului 2, sub aspectul s\u0103v\u00e2r\u0219irii infrac\u021biunii de distrugere prin incendiere.<\/p>\n","protected":false},"excerpt":{"rendered":"<p>Un b\u0103rbat de 53 de ani a fost re\u021binut pentru 24 de ore dup\u0103 ce ar fi provocat un incendiu \u00een parcarea subteran\u0103 a unui bloc din Sectorul 2. B\u0103rbatul este cercetat pentru s\u0103v\u00e2r\u0219irea infrac\u021biunii de distrugere prin incendiere. Acesta urmeaz\u0103 s\u0103 fie prezentat magistra\u021bilor cu propunere legal\u0103. Poli\u021bi\u0219tii Capitalei &#8211; Sec\u021bia 8 Poli\u021bie au [&hellip;]<\/p>\n","protected":false},"author":46,"featured_media":55607,"comment_status":"closed","ping_status":"open","sticky":false,"template":"","format":"standard","meta":{"_acf_changed":false,"inline_featured_image":false,"ngg_post_thumbnail":0,"footnotes":""},"categories":[62],"tags":[],"ppma_author":[22605],"class_list":["post-55606","post","type-post","status-publish","format-standard","has-post-thumbnail","hentry","category-stiri"],"acf":[],"yoast_head":"<!-- This site is optimized with the Yoast SEO Premium plugin v25.3 (Yoast SEO v27.5) - https:\/\/yoast.com\/product\/yoast-seo-premium-wordpress\/ -->\n<title>B\u0103rbat re\u021binut dup\u0103 ce ar fi provocat un incendiu la un bloc din Sectorul 2 - Buletin de Bucure\u0219ti<\/title>\n<meta name=\"robots\" content=\"index, follow, max-snippet:-1, max-image-preview:large, max-video-preview:-1\" \/>\n<link rel=\"canonical\" href=\"https:\/\/buletin.de\/bucuresti\/barbat-retinut-dupa-ce-ar-fi-provocat-un-incendiu-la-un-bloc-din-sectorul-2\/\" \/>\n<meta property=\"og:locale\" content=\"en_GB\" \/>\n<meta property=\"og:type\" content=\"article\" \/>\n<meta property=\"og:title\" content=\"B\u0103rbat re\u021binut dup\u0103 ce ar fi provocat un incendiu la un bloc din Sectorul 2\" \/>\n<meta property=\"og:description\" content=\"Un b\u0103rbat de 53 de ani a fost re\u021binut pentru 24 de ore dup\u0103 ce ar fi provocat un incendiu \u00een parcarea subteran\u0103 a unui bloc din Sectorul 2. B\u0103rbatul este cercetat pentru s\u0103v\u00e2r\u0219irea infrac\u021biunii de distrugere prin incendiere. Acesta urmeaz\u0103 s\u0103 fie prezentat magistra\u021bilor cu propunere legal\u0103. Poli\u021bi\u0219tii Capitalei &#8211; Sec\u021bia 8 Poli\u021bie au [&hellip;]\" \/>\n<meta property=\"og:url\" content=\"https:\/\/buletin.de\/bucuresti\/barbat-retinut-dupa-ce-ar-fi-provocat-un-incendiu-la-un-bloc-din-sectorul-2\/\" \/>\n<meta property=\"og:site_name\" content=\"Buletin de Bucure\u0219ti\" \/>\n<meta property=\"article:publisher\" content=\"https:\/\/www.facebook.com\/buletin.de.buc\" \/>\n<meta property=\"article:published_time\" content=\"2023-03-09T11:22:32+00:00\" \/>\n<meta property=\"og:image\" content=\"https:\/\/buletin.de\/bucuresti\/wp-content\/uploads\/Catuse.jpg\" \/>\n\t<meta property=\"og:image:width\" content=\"800\" \/>\n\t<meta property=\"og:image:height\" content=\"514\" \/>\n\t<meta property=\"og:image:type\" content=\"image\/jpeg\" \/>\n<meta name=\"author\" content=\"Andreea Gelatu\" \/>\n<meta name=\"twitter:card\" content=\"summary_large_image\" \/>\n<meta name=\"twitter:label1\" content=\"Written by\" \/>\n\t<meta name=\"twitter:data1\" content=\"Andreea Gelatu\" \/>\n\t<meta name=\"twitter:label2\" content=\"Estimated reading time\" \/>\n\t<meta name=\"twitter:data2\" content=\"1 minute\" \/>\n<script type=\"application\/ld+json\" class=\"yoast-schema-graph\">{\"@context\":\"https:\\\/\\\/schema.org\",\"@graph\":[{\"@type\":\"Article\",\"@id\":\"https:\\\/\\\/buletin.de\\\/bucuresti\\\/barbat-retinut-dupa-ce-ar-fi-provocat-un-incendiu-la-un-bloc-din-sectorul-2\\\/#article\",\"isPartOf\":{\"@id\":\"https:\\\/\\\/buletin.de\\\/bucuresti\\\/barbat-retinut-dupa-ce-ar-fi-provocat-un-incendiu-la-un-bloc-din-sectorul-2\\\/\"},\"author\":{\"name\":\"Andreea Gelatu\",\"@id\":\"https:\\\/\\\/buletin.de\\\/bucuresti\\\/#\\\/schema\\\/person\\\/87734700b2c7f8608881f7e93b8834de\"},\"headline\":\"B\u0103rbat re\u021binut dup\u0103 ce ar fi provocat un incendiu la un bloc din Sectorul 2\",\"datePublished\":\"2023-03-09T11:22:32+00:00\",\"mainEntityOfPage\":{\"@id\":\"https:\\\/\\\/buletin.de\\\/bucuresti\\\/barbat-retinut-dupa-ce-ar-fi-provocat-un-incendiu-la-un-bloc-din-sectorul-2\\\/\"},\"wordCount\":232,\"publisher\":{\"@id\":\"https:\\\/\\\/buletin.de\\\/bucuresti\\\/#organization\"},\"image\":{\"@id\":\"https:\\\/\\\/buletin.de\\\/bucuresti\\\/barbat-retinut-dupa-ce-ar-fi-provocat-un-incendiu-la-un-bloc-din-sectorul-2\\\/#primaryimage\"},\"thumbnailUrl\":\"https:\\\/\\\/buletin.de\\\/bucuresti\\\/wp-content\\\/uploads\\\/Catuse.jpg\",\"articleSection\":[\"\u0218tiri\"],\"inLanguage\":\"en-GB\",\"copyrightYear\":\"2023\",\"copyrightHolder\":{\"@id\":\"https:\\\/\\\/buletin.de\\\/bucuresti\\\/#organization\"}},{\"@type\":\"WebPage\",\"@id\":\"https:\\\/\\\/buletin.de\\\/bucuresti\\\/barbat-retinut-dupa-ce-ar-fi-provocat-un-incendiu-la-un-bloc-din-sectorul-2\\\/\",\"url\":\"https:\\\/\\\/buletin.de\\\/bucuresti\\\/barbat-retinut-dupa-ce-ar-fi-provocat-un-incendiu-la-un-bloc-din-sectorul-2\\\/\",\"name\":\"B\u0103rbat re\u021binut dup\u0103 ce ar fi provocat un incendiu la un bloc din Sectorul 2 - Buletin de Bucure\u0219ti\",\"isPartOf\":{\"@id\":\"https:\\\/\\\/buletin.de\\\/bucuresti\\\/#website\"},\"primaryImageOfPage\":{\"@id\":\"https:\\\/\\\/buletin.de\\\/bucuresti\\\/barbat-retinut-dupa-ce-ar-fi-provocat-un-incendiu-la-un-bloc-din-sectorul-2\\\/#primaryimage\"},\"image\":{\"@id\":\"https:\\\/\\\/buletin.de\\\/bucuresti\\\/barbat-retinut-dupa-ce-ar-fi-provocat-un-incendiu-la-un-bloc-din-sectorul-2\\\/#primaryimage\"},\"thumbnailUrl\":\"https:\\\/\\\/buletin.de\\\/bucuresti\\\/wp-content\\\/uploads\\\/Catuse.jpg\",\"datePublished\":\"2023-03-09T11:22:32+00:00\",\"breadcrumb\":{\"@id\":\"https:\\\/\\\/buletin.de\\\/bucuresti\\\/barbat-retinut-dupa-ce-ar-fi-provocat-un-incendiu-la-un-bloc-din-sectorul-2\\\/#breadcrumb\"},\"inLanguage\":\"en-GB\",\"potentialAction\":[{\"@type\":\"ReadAction\",\"target\":[\"https:\\\/\\\/buletin.de\\\/bucuresti\\\/barbat-retinut-dupa-ce-ar-fi-provocat-un-incendiu-la-un-bloc-din-sectorul-2\\\/\"]}]},{\"@type\":\"ImageObject\",\"inLanguage\":\"en-GB\",\"@id\":\"https:\\\/\\\/buletin.de\\\/bucuresti\\\/barbat-retinut-dupa-ce-ar-fi-provocat-un-incendiu-la-un-bloc-din-sectorul-2\\\/#primaryimage\",\"url\":\"https:\\\/\\\/buletin.de\\\/bucuresti\\\/wp-content\\\/uploads\\\/Catuse.jpg\",\"contentUrl\":\"https:\\\/\\\/buletin.de\\\/bucuresti\\\/wp-content\\\/uploads\\\/Catuse.jpg\",\"width\":800,\"height\":514,\"caption\":\"5 func\u021bionari din Direc\u021bia General\u0103 Antifraud\u0103 a ANAF, implica\u021bi \u00een dosarul de evaziune al clanului Vasiloi din Sectorul 6\"},{\"@type\":\"BreadcrumbList\",\"@id\":\"https:\\\/\\\/buletin.de\\\/bucuresti\\\/barbat-retinut-dupa-ce-ar-fi-provocat-un-incendiu-la-un-bloc-din-sectorul-2\\\/#breadcrumb\",\"itemListElement\":[{\"@type\":\"ListItem\",\"position\":1,\"name\":\"Acas\u0103\",\"item\":\"https:\\\/\\\/buletin.de\\\/bucuresti\\\/\"},{\"@type\":\"ListItem\",\"position\":2,\"name\":\"B\u0103rbat re\u021binut dup\u0103 ce ar fi provocat un incendiu la un bloc din Sectorul 2\"}]},{\"@type\":\"WebSite\",\"@id\":\"https:\\\/\\\/buletin.de\\\/bucuresti\\\/#website\",\"url\":\"https:\\\/\\\/buletin.de\\\/bucuresti\\\/\",\"name\":\"Buletin de Bucure\u0219ti\",\"description\":\"\u0218tiri \u0219i investiga\u021bii esen\u021biale din capital\u0103\",\"publisher\":{\"@id\":\"https:\\\/\\\/buletin.de\\\/bucuresti\\\/#organization\"},\"potentialAction\":[{\"@type\":\"SearchAction\",\"target\":{\"@type\":\"EntryPoint\",\"urlTemplate\":\"https:\\\/\\\/buletin.de\\\/bucuresti\\\/?s={search_term_string}\"},\"query-input\":{\"@type\":\"PropertyValueSpecification\",\"valueRequired\":true,\"valueName\":\"search_term_string\"}}],\"inLanguage\":\"en-GB\"},{\"@type\":\"Organization\",\"@id\":\"https:\\\/\\\/buletin.de\\\/bucuresti\\\/#organization\",\"name\":\"Buletin de Bucure\u0219ti\",\"url\":\"https:\\\/\\\/buletin.de\\\/bucuresti\\\/\",\"logo\":{\"@type\":\"ImageObject\",\"inLanguage\":\"en-GB\",\"@id\":\"https:\\\/\\\/buletin.de\\\/bucuresti\\\/#\\\/schema\\\/logo\\\/image\\\/\",\"url\":\"https:\\\/\\\/buletin.de\\\/bucuresti\\\/wp-content\\\/uploads\\\/logo-bdb-full-wide-vernil-transparent.png\",\"contentUrl\":\"https:\\\/\\\/buletin.de\\\/bucuresti\\\/wp-content\\\/uploads\\\/logo-bdb-full-wide-vernil-transparent.png\",\"width\":1782,\"height\":626,\"caption\":\"Buletin de Bucure\u0219ti\"},\"image\":{\"@id\":\"https:\\\/\\\/buletin.de\\\/bucuresti\\\/#\\\/schema\\\/logo\\\/image\\\/\"},\"sameAs\":[\"https:\\\/\\\/www.facebook.com\\\/buletin.de.buc\",\"https:\\\/\\\/www.instagram.com\\\/buletinde.bucuresti\\\/\"]},{\"@type\":\"Person\",\"@id\":\"https:\\\/\\\/buletin.de\\\/bucuresti\\\/#\\\/schema\\\/person\\\/87734700b2c7f8608881f7e93b8834de\",\"name\":\"Andreea Gelatu\",\"image\":{\"@type\":\"ImageObject\",\"inLanguage\":\"en-GB\",\"@id\":\"https:\\\/\\\/secure.gravatar.com\\\/avatar\\\/b716eca2f984b9b65bdd87118b4b909d940b619cbe6e8cb725fe11c1b1f4194f?s=96&d=monsterid&r=g9b5eff4996c6b842a29b3057a7b4746f\",\"url\":\"https:\\\/\\\/secure.gravatar.com\\\/avatar\\\/b716eca2f984b9b65bdd87118b4b909d940b619cbe6e8cb725fe11c1b1f4194f?s=96&d=monsterid&r=g\",\"contentUrl\":\"https:\\\/\\\/secure.gravatar.com\\\/avatar\\\/b716eca2f984b9b65bdd87118b4b909d940b619cbe6e8cb725fe11c1b1f4194f?s=96&d=monsterid&r=g\",\"caption\":\"Andreea Gelatu\"},\"url\":\"https:\\\/\\\/buletin.de\\\/bucuresti\\\/author\\\/andreeagelatu\\\/\"}]}<\/script>\n<!-- \/ Yoast SEO Premium plugin. -->","yoast_head_json":{"title":"B\u0103rbat re\u021binut dup\u0103 ce ar fi provocat un incendiu la un bloc din Sectorul 2 - Buletin de Bucure\u0219ti","robots":{"index":"index","follow":"follow","max-snippet":"max-snippet:-1","max-image-preview":"max-image-preview:large","max-video-preview":"max-video-preview:-1"},"canonical":"https:\/\/buletin.de\/bucuresti\/barbat-retinut-dupa-ce-ar-fi-provocat-un-incendiu-la-un-bloc-din-sectorul-2\/","og_locale":"en_GB","og_type":"article","og_title":"B\u0103rbat re\u021binut dup\u0103 ce ar fi provocat un incendiu la un bloc din Sectorul 2","og_description":"Un b\u0103rbat de 53 de ani a fost re\u021binut pentru 24 de ore dup\u0103 ce ar fi provocat un incendiu \u00een parcarea subteran\u0103 a unui bloc din Sectorul 2. B\u0103rbatul este cercetat pentru s\u0103v\u00e2r\u0219irea infrac\u021biunii de distrugere prin incendiere. Acesta urmeaz\u0103 s\u0103 fie prezentat magistra\u021bilor cu propunere legal\u0103. Poli\u021bi\u0219tii Capitalei &#8211; Sec\u021bia 8 Poli\u021bie au [&hellip;]","og_url":"https:\/\/buletin.de\/bucuresti\/barbat-retinut-dupa-ce-ar-fi-provocat-un-incendiu-la-un-bloc-din-sectorul-2\/","og_site_name":"Buletin de Bucure\u0219ti","article_publisher":"https:\/\/www.facebook.com\/buletin.de.buc","article_published_time":"2023-03-09T11:22:32+00:00","og_image":[{"width":800,"height":514,"url":"https:\/\/buletin.de\/bucuresti\/wp-content\/uploads\/Catuse.jpg","type":"image\/jpeg"}],"author":"Andreea Gelatu","twitter_card":"summary_large_image","twitter_misc":{"Written by":"Andreea Gelatu","Estimated reading time":"1 minute"},"schema":{"@context":"https:\/\/schema.org","@graph":[{"@type":"Article","@id":"https:\/\/buletin.de\/bucuresti\/barbat-retinut-dupa-ce-ar-fi-provocat-un-incendiu-la-un-bloc-din-sectorul-2\/#article","isPartOf":{"@id":"https:\/\/buletin.de\/bucuresti\/barbat-retinut-dupa-ce-ar-fi-provocat-un-incendiu-la-un-bloc-din-sectorul-2\/"},"author":{"name":"Andreea Gelatu","@id":"https:\/\/buletin.de\/bucuresti\/#\/schema\/person\/87734700b2c7f8608881f7e93b8834de"},"headline":"B\u0103rbat re\u021binut dup\u0103 ce ar fi provocat un incendiu la un bloc din Sectorul 2","datePublished":"2023-03-09T11:22:32+00:00","mainEntityOfPage":{"@id":"https:\/\/buletin.de\/bucuresti\/barbat-retinut-dupa-ce-ar-fi-provocat-un-incendiu-la-un-bloc-din-sectorul-2\/"},"wordCount":232,"publisher":{"@id":"https:\/\/buletin.de\/bucuresti\/#organization"},"image":{"@id":"https:\/\/buletin.de\/bucuresti\/barbat-retinut-dupa-ce-ar-fi-provocat-un-incendiu-la-un-bloc-din-sectorul-2\/#primaryimage"},"thumbnailUrl":"https:\/\/buletin.de\/bucuresti\/wp-content\/uploads\/Catuse.jpg","articleSection":["\u0218tiri"],"inLanguage":"en-GB","copyrightYear":"2023","copyrightHolder":{"@id":"https:\/\/buletin.de\/bucuresti\/#organization"}},{"@type":"WebPage","@id":"https:\/\/buletin.de\/bucuresti\/barbat-retinut-dupa-ce-ar-fi-provocat-un-incendiu-la-un-bloc-din-sectorul-2\/","url":"https:\/\/buletin.de\/bucuresti\/barbat-retinut-dupa-ce-ar-fi-provocat-un-incendiu-la-un-bloc-din-sectorul-2\/","name":"B\u0103rbat re\u021binut dup\u0103 ce ar fi provocat un incendiu la un bloc din Sectorul 2 - Buletin de Bucure\u0219ti","isPartOf":{"@id":"https:\/\/buletin.de\/bucuresti\/#website"},"primaryImageOfPage":{"@id":"https:\/\/buletin.de\/bucuresti\/barbat-retinut-dupa-ce-ar-fi-provocat-un-incendiu-la-un-bloc-din-sectorul-2\/#primaryimage"},"image":{"@id":"https:\/\/buletin.de\/bucuresti\/barbat-retinut-dupa-ce-ar-fi-provocat-un-incendiu-la-un-bloc-din-sectorul-2\/#primaryimage"},"thumbnailUrl":"https:\/\/buletin.de\/bucuresti\/wp-content\/uploads\/Catuse.jpg","datePublished":"2023-03-09T11:22:32+00:00","breadcrumb":{"@id":"https:\/\/buletin.de\/bucuresti\/barbat-retinut-dupa-ce-ar-fi-provocat-un-incendiu-la-un-bloc-din-sectorul-2\/#breadcrumb"},"inLanguage":"en-GB","potentialAction":[{"@type":"ReadAction","target":["https:\/\/buletin.de\/bucuresti\/barbat-retinut-dupa-ce-ar-fi-provocat-un-incendiu-la-un-bloc-din-sectorul-2\/"]}]},{"@type":"ImageObject","inLanguage":"en-GB","@id":"https:\/\/buletin.de\/bucuresti\/barbat-retinut-dupa-ce-ar-fi-provocat-un-incendiu-la-un-bloc-din-sectorul-2\/#primaryimage","url":"https:\/\/buletin.de\/bucuresti\/wp-content\/uploads\/Catuse.jpg","contentUrl":"https:\/\/buletin.de\/bucuresti\/wp-content\/uploads\/Catuse.jpg","width":800,"height":514,"caption":"5 func\u021bionari din Direc\u021bia General\u0103 Antifraud\u0103 a ANAF, implica\u021bi \u00een dosarul de evaziune al clanului Vasiloi din Sectorul 6"},{"@type":"BreadcrumbList","@id":"https:\/\/buletin.de\/bucuresti\/barbat-retinut-dupa-ce-ar-fi-provocat-un-incendiu-la-un-bloc-din-sectorul-2\/#breadcrumb","itemListElement":[{"@type":"ListItem","position":1,"name":"Acas\u0103","item":"https:\/\/buletin.de\/bucuresti\/"},{"@type":"ListItem","position":2,"name":"B\u0103rbat re\u021binut dup\u0103 ce ar fi provocat un incendiu la un bloc din Sectorul 2"}]},{"@type":"WebSite","@id":"https:\/\/buletin.de\/bucuresti\/#website","url":"https:\/\/buletin.de\/bucuresti\/","name":"Buletin de Bucure\u0219ti","description":"\u0218tiri \u0219i investiga\u021bii esen\u021biale din capital\u0103","publisher":{"@id":"https:\/\/buletin.de\/bucuresti\/#organization"},"potentialAction":[{"@type":"SearchAction","target":{"@type":"EntryPoint","urlTemplate":"https:\/\/buletin.de\/bucuresti\/?s={search_term_string}"},"query-input":{"@type":"PropertyValueSpecification","valueRequired":true,"valueName":"search_term_string"}}],"inLanguage":"en-GB"},{"@type":"Organization","@id":"https:\/\/buletin.de\/bucuresti\/#organization","name":"Buletin de Bucure\u0219ti","url":"https:\/\/buletin.de\/bucuresti\/","logo":{"@type":"ImageObject","inLanguage":"en-GB","@id":"https:\/\/buletin.de\/bucuresti\/#\/schema\/logo\/image\/","url":"https:\/\/buletin.de\/bucuresti\/wp-content\/uploads\/logo-bdb-full-wide-vernil-transparent.png","contentUrl":"https:\/\/buletin.de\/bucuresti\/wp-content\/uploads\/logo-bdb-full-wide-vernil-transparent.png","width":1782,"height":626,"caption":"Buletin de Bucure\u0219ti"},"image":{"@id":"https:\/\/buletin.de\/bucuresti\/#\/schema\/logo\/image\/"},"sameAs":["https:\/\/www.facebook.com\/buletin.de.buc","https:\/\/www.instagram.com\/buletinde.bucuresti\/"]},{"@type":"Person","@id":"https:\/\/buletin.de\/bucuresti\/#\/schema\/person\/87734700b2c7f8608881f7e93b8834de","name":"Andreea Gelatu","image":{"@type":"ImageObject","inLanguage":"en-GB","@id":"https:\/\/secure.gravatar.com\/avatar\/b716eca2f984b9b65bdd87118b4b909d940b619cbe6e8cb725fe11c1b1f4194f?s=96&d=monsterid&r=g9b5eff4996c6b842a29b3057a7b4746f","url":"https:\/\/secure.gravatar.com\/avatar\/b716eca2f984b9b65bdd87118b4b909d940b619cbe6e8cb725fe11c1b1f4194f?s=96&d=monsterid&r=g","contentUrl":"https:\/\/secure.gravatar.com\/avatar\/b716eca2f984b9b65bdd87118b4b909d940b619cbe6e8cb725fe11c1b1f4194f?s=96&d=monsterid&r=g","caption":"Andreea Gelatu"},"url":"https:\/\/buletin.de\/bucuresti\/author\/andreeagelatu\/"}]}},"authors":[{"term_id":22605,"user_id":46,"is_guest":0,"slug":"andreeagelatu","display_name":"Andreea Gelatu","avatar_url":"https:\/\/secure.gravatar.com\/avatar\/b716eca2f984b9b65bdd87118b4b909d940b619cbe6e8cb725fe11c1b1f4194f?s=96&d=monsterid&r=g","0":null,"1":"","2":"","3":"","4":"","5":"","6":"","7":"","8":""}],"_links":{"self":[{"href":"https:\/\/buletin.de\/bucuresti\/wp-json\/wp\/v2\/posts\/55606","targetHints":{"allow":["GET"]}}],"collection":[{"href":"https:\/\/buletin.de\/bucuresti\/wp-json\/wp\/v2\/posts"}],"about":[{"href":"https:\/\/buletin.de\/bucuresti\/wp-json\/wp\/v2\/types\/post"}],"author":[{"embeddable":true,"href":"https:\/\/buletin.de\/bucuresti\/wp-json\/wp\/v2\/users\/46"}],"replies":[{"embeddable":true,"href":"https:\/\/buletin.de\/bucuresti\/wp-json\/wp\/v2\/comments?post=55606"}],"version-history":[{"count":2,"href":"https:\/\/buletin.de\/bucuresti\/wp-json\/wp\/v2\/posts\/55606\/revisions"}],"predecessor-version":[{"id":55609,"href":"https:\/\/buletin.de\/bucuresti\/wp-json\/wp\/v2\/posts\/55606\/revisions\/55609"}],"wp:featuredmedia":[{"embeddable":true,"href":"https:\/\/buletin.de\/bucuresti\/wp-json\/wp\/v2\/media\/55607"}],"wp:attachment":[{"href":"https:\/\/buletin.de\/bucuresti\/wp-json\/wp\/v2\/media?parent=55606"}],"wp:term":[{"taxonomy":"category","embeddable":true,"href":"https:\/\/buletin.de\/bucuresti\/wp-json\/wp\/v2\/categories?post=55606"},{"taxonomy":"post_tag","embeddable":true,"href":"https:\/\/buletin.de\/bucuresti\/wp-json\/wp\/v2\/tags?post=55606"},{"taxonomy":"author","embeddable":true,"href":"https:\/\/buletin.de\/bucuresti\/wp-json\/wp\/v2\/ppma_author?post=55606"}],"curies":[{"name":"wp","href":"https:\/\/api.w.org\/{rel}","templated":true}]}}