{"id":55568,"date":"2023-03-07T20:46:01","date_gmt":"2023-03-07T18:46:01","guid":{"rendered":"https:\/\/buletin.de\/bucuresti\/?p=55568"},"modified":"2023-03-08T10:32:55","modified_gmt":"2023-03-08T08:32:55","slug":"primaria-capitalei-pavajul-va-fi-repus-pe-strazile-din-centrului-vechi","status":"publish","type":"post","link":"https:\/\/buletin.de\/bucuresti\/primaria-capitalei-pavajul-va-fi-repus-pe-strazile-din-centrului-vechi\/","title":{"rendered":"Prim\u0103ria Capitalei | Pavajul va fi repus pe str\u0103zile din Centrului Vechi"},"content":{"rendered":"\n<p><strong>Conform unei post\u0103ri pe pagina de Facebook a Prim\u0103riei Municipiului Bucure\u0219ti, lucr\u0103rile de reabilitare a re\u021belei de gaze \u00een urma c\u0103rora o parte dintre str\u0103zile din Centrul Vechi au fost betonate vor fi \u201eremediate\u201d \u0219i \u201eaduse la starea ini\u021bial\u0103\u201d.<\/strong><\/p>\n\n\n\n<p>PMB a verificat autoriza\u021bia emis\u0103 pentru lucr\u0103rile de reabilitare a re\u021belei de gaze din Centrul Vechi \u0219i a declarat c\u0103 au fost ob\u021binute toate avizele necesare, \u201einclusiv de la Ministerul Culturii\u201d.&nbsp;<\/p>\n\n\n\n<p>\u00cen unele zone \u00een care lucr\u0103rile au fost finalizate, piatra cubic\u0103 a fost montant\u0103 \u00eenapoi. \u00cen schimb, pe Lipscani, spre bulevardul I.C. Br\u0103tianu, \u0219i pe strada Ion Ghica a fost turnat beton.<\/p>\n\n\n\n<p>Conform PMB, \u00een momentul de fa\u021b\u0103 S.C. Engie Rom\u00e2nia S.A. remediaz\u0103 pavajele de pe Lipscani, iar \u00een urm\u0103toarea perioad\u0103 va reface pavajul de pe str\u0103zile Eugeniu Carada \u0219i Ion Ghica.<\/p>\n\n\n\n<figure class=\"wp-block-gallery has-nested-images columns-default is-cropped wp-block-gallery-1 is-layout-flex wp-block-gallery-is-layout-flex\">\n<figure class=\"wp-block-image size-large\"><img fetchpriority=\"high\" decoding=\"async\" width=\"678\" height=\"900\" data-id=\"55569\" src=\"data:image\/gif;base64,R0lGODlhAQABAAAAACH5BAEKAAEALAAAAAABAAEAAAICTAEAOw==\" data-src=\"https:\/\/buletin.de\/bucuresti\/wp-content\/uploads\/WhatsApp-Image-2023-03-07-at-20.22.241-678x900.jpeg\" alt=\"Image gallery image\" class=\"wp-image-55569 lazyload\" data-sizes=\"auto\" data-srcset=\"https:\/\/buletin.de\/bucuresti\/wp-content\/uploads\/WhatsApp-Image-2023-03-07-at-20.22.241-678x900.jpeg 678w, https:\/\/buletin.de\/bucuresti\/wp-content\/uploads\/WhatsApp-Image-2023-03-07-at-20.22.241-226x300.jpeg 226w, https:\/\/buletin.de\/bucuresti\/wp-content\/uploads\/WhatsApp-Image-2023-03-07-at-20.22.241-768x1020.jpeg 768w, https:\/\/buletin.de\/bucuresti\/wp-content\/uploads\/WhatsApp-Image-2023-03-07-at-20.22.241-1157x1536.jpeg 1157w, https:\/\/buletin.de\/bucuresti\/wp-content\/uploads\/WhatsApp-Image-2023-03-07-at-20.22.241-1060x1408.jpeg 1060w, https:\/\/buletin.de\/bucuresti\/wp-content\/uploads\/WhatsApp-Image-2023-03-07-at-20.22.241-550x730.jpeg 550w, https:\/\/buletin.de\/bucuresti\/wp-content\/uploads\/WhatsApp-Image-2023-03-07-at-20.22.241-376x500.jpeg 376w, https:\/\/buletin.de\/bucuresti\/wp-content\/uploads\/WhatsApp-Image-2023-03-07-at-20.22.241-813x1080.jpeg 813w, https:\/\/buletin.de\/bucuresti\/wp-content\/uploads\/WhatsApp-Image-2023-03-07-at-20.22.241-600x797.jpeg 600w, https:\/\/buletin.de\/bucuresti\/wp-content\/uploads\/WhatsApp-Image-2023-03-07-at-20.22.241.jpeg 1536w\" sizes=\"(max-width: 678px) 100vw, 678px\" \/><figcaption>Zona strada Sm\u00e2rdan &#8211; Ion Ghica, 3 martie<\/figcaption><\/figure>\n\n\n\n<figure class=\"wp-block-image size-large\"><img decoding=\"async\" width=\"678\" height=\"900\" data-id=\"55570\" src=\"data:image\/gif;base64,R0lGODlhAQABAAAAACH5BAEKAAEALAAAAAABAAEAAAICTAEAOw==\" data-src=\"https:\/\/buletin.de\/bucuresti\/wp-content\/uploads\/WhatsApp-Image-2023-03-07-at-20.22.242-678x900.jpeg\" alt=\"Image gallery image\" class=\"wp-image-55570 lazyload\" data-sizes=\"auto\" data-srcset=\"https:\/\/buletin.de\/bucuresti\/wp-content\/uploads\/WhatsApp-Image-2023-03-07-at-20.22.242-678x900.jpeg 678w, https:\/\/buletin.de\/bucuresti\/wp-content\/uploads\/WhatsApp-Image-2023-03-07-at-20.22.242-226x300.jpeg 226w, https:\/\/buletin.de\/bucuresti\/wp-content\/uploads\/WhatsApp-Image-2023-03-07-at-20.22.242-768x1020.jpeg 768w, https:\/\/buletin.de\/bucuresti\/wp-content\/uploads\/WhatsApp-Image-2023-03-07-at-20.22.242-1157x1536.jpeg 1157w, https:\/\/buletin.de\/bucuresti\/wp-content\/uploads\/WhatsApp-Image-2023-03-07-at-20.22.242-1060x1408.jpeg 1060w, https:\/\/buletin.de\/bucuresti\/wp-content\/uploads\/WhatsApp-Image-2023-03-07-at-20.22.242-550x730.jpeg 550w, https:\/\/buletin.de\/bucuresti\/wp-content\/uploads\/WhatsApp-Image-2023-03-07-at-20.22.242-376x500.jpeg 376w, https:\/\/buletin.de\/bucuresti\/wp-content\/uploads\/WhatsApp-Image-2023-03-07-at-20.22.242-813x1080.jpeg 813w, https:\/\/buletin.de\/bucuresti\/wp-content\/uploads\/WhatsApp-Image-2023-03-07-at-20.22.242-600x797.jpeg 600w, https:\/\/buletin.de\/bucuresti\/wp-content\/uploads\/WhatsApp-Image-2023-03-07-at-20.22.242.jpeg 1536w\" sizes=\"(max-width: 678px) 100vw, 678px\" \/><figcaption>Zona strada Sm\u00e2rdan &#8211; Ion Ghica, 3 martie<\/figcaption><\/figure>\n<figcaption class=\"blocks-gallery-caption\">Zona strada Sm\u00e2rdan &#8211; Ion Ghica, 3 martie<\/figcaption><\/figure>\n\n\n\n<figure class=\"wp-block-image size-large\"><img decoding=\"async\" width=\"900\" height=\"678\" src=\"data:image\/gif;base64,R0lGODlhAQABAAAAACH5BAEKAAEALAAAAAABAAEAAAICTAEAOw==\" data-src=\"https:\/\/buletin.de\/bucuresti\/wp-content\/uploads\/WhatsApp-Image-2023-02-28-at-18.15.32-900x678.jpeg\" alt=\"\" class=\"wp-image-55179 lazyload\" data-sizes=\"auto\" data-srcset=\"https:\/\/buletin.de\/bucuresti\/wp-content\/uploads\/WhatsApp-Image-2023-02-28-at-18.15.32-900x678.jpeg 900w, https:\/\/buletin.de\/bucuresti\/wp-content\/uploads\/WhatsApp-Image-2023-02-28-at-18.15.32-300x226.jpeg 300w, https:\/\/buletin.de\/bucuresti\/wp-content\/uploads\/WhatsApp-Image-2023-02-28-at-18.15.32-768x578.jpeg 768w, https:\/\/buletin.de\/bucuresti\/wp-content\/uploads\/WhatsApp-Image-2023-02-28-at-18.15.32-1536x1157.jpeg 1536w, https:\/\/buletin.de\/bucuresti\/wp-content\/uploads\/WhatsApp-Image-2023-02-28-at-18.15.32-1060x798.jpeg 1060w, https:\/\/buletin.de\/bucuresti\/wp-content\/uploads\/WhatsApp-Image-2023-02-28-at-18.15.32-550x414.jpeg 550w, https:\/\/buletin.de\/bucuresti\/wp-content\/uploads\/WhatsApp-Image-2023-02-28-at-18.15.32-664x500.jpeg 664w, https:\/\/buletin.de\/bucuresti\/wp-content\/uploads\/WhatsApp-Image-2023-02-28-at-18.15.32-1920x1446.jpeg 1920w, https:\/\/buletin.de\/bucuresti\/wp-content\/uploads\/WhatsApp-Image-2023-02-28-at-18.15.32-1434x1080.jpeg 1434w, https:\/\/buletin.de\/bucuresti\/wp-content\/uploads\/WhatsApp-Image-2023-02-28-at-18.15.32-600x452.jpeg 600w, https:\/\/buletin.de\/bucuresti\/wp-content\/uploads\/WhatsApp-Image-2023-02-28-at-18.15.32.jpeg 2040w\" sizes=\"(max-width: 900px) 100vw, 900px\" \/><figcaption>\u0218antierul de pe strada Sm\u00e2rdan, 28 februarie<\/figcaption><\/figure>\n\n\n\n<p>\u00cen leg\u0103tur\u0103 cu aceast\u0103 betonare au fost f\u0103cute mai multe sesiz\u0103ri, scrise sau verbale. Cel de la 112 Patrimoniu au trimis o sesizare scris\u0103 la Garda Na\u021bional\u0103 de Mediu iar subiectul a fost discutat pe scurt \u0219i \u00een ultima \u0219edin\u021b\u0103 de consiliu general a PMB. <\/p>\n\n\n\n<p>Lucr\u0103rile de reabilitare se fac \u00een baza autoriza\u021biei de construire 356\/26.07.2022, eliberat\u0103 de Prim\u0103ria Municipiului Bucure\u0219ti, \u0219i sunt executate de SC IRIGC IMPEX SRL care a fost c\u00e2\u0219tig\u0103toarea licita\u021biei publice lansat\u0103 de ENGIE Rom\u00e2nia. Valoarea contractului este de aproximativ 35 milioane lei cu TVA-ul inclus.<\/p>\n\n\n\n<p>Cele dou\u0103 locuri \u00een care a fost turnat beton la finalul lucr\u0103rilor de reabilitare se afl\u0103 \u00een zone protejate, respectiv zona Lipscani cu num\u0103rul 26a \u0219i zona Stavropoleos, num\u0103rul 27, ambele \u00eencadrate la grad maxim de protec\u021bie, ceea ce \u00eenseamn\u0103 c\u0103 valorile arhitectural-urbanistice trebuie protejate \u201e\u00een ansamblul lor\u201d.<\/p>\n\n\n\n<figure class=\"wp-block-embed is-type-wp-embed is-provider-buletin-de-bucure\u0219ti wp-block-embed-buletin-de-bucure\u0219ti\"><div class=\"wp-block-embed__wrapper\">\n<blockquote class=\"wp-embedded-content\" data-secret=\"og9IiYXgOJ\"><a href=\"https:\/\/buletin.de\/bucuresti\/beton-in-locul-pietrei-cubice-din-centrul-vechi\/\">Beton \u00een locul pietrei cubice din Centrul Vechi<\/a><\/blockquote><iframe class=\"wp-embedded-content\" sandbox=\"allow-scripts\" security=\"restricted\" style=\"position: absolute; clip: rect(1px, 1px, 1px, 1px);\" title=\"&#8220;Beton \u00een locul pietrei cubice din Centrul Vechi&#8221; &#8212; Buletin de Bucure\u0219ti\" src=\"https:\/\/buletin.de\/bucuresti\/beton-in-locul-pietrei-cubice-din-centrul-vechi\/embed\/#?secret=eYdPpR3eRN#?secret=og9IiYXgOJ\" data-secret=\"og9IiYXgOJ\" width=\"600\" height=\"338\" frameborder=\"0\" marginwidth=\"0\" marginheight=\"0\" scrolling=\"no\"><\/iframe>\n<\/div><\/figure>\n","protected":false},"excerpt":{"rendered":"<p>Conform unei post\u0103ri pe pagina de Facebook a Prim\u0103riei Municipiului Bucure\u0219ti, lucr\u0103rile de reabilitare a re\u021belei de gaze \u00een urma c\u0103rora o parte dintre str\u0103zile din Centrul Vechi au fost betonate vor fi \u201eremediate\u201d \u0219i \u201eaduse la starea ini\u021bial\u0103\u201d. PMB a verificat autoriza\u021bia emis\u0103 pentru lucr\u0103rile de reabilitare a re\u021belei de gaze din Centrul Vechi [&hellip;]<\/p>\n","protected":false},"author":47,"featured_media":55175,"comment_status":"closed","ping_status":"open","sticky":false,"template":"","format":"standard","meta":{"_acf_changed":false,"inline_featured_image":false,"ngg_post_thumbnail":0,"footnotes":""},"categories":[24,62],"tags":[],"ppma_author":[22580],"class_list":["post-55568","post","type-post","status-publish","format-standard","has-post-thumbnail","hentry","category-primarie","category-stiri"],"acf":[],"yoast_head":"<!-- This site is optimized with the Yoast SEO Premium plugin v25.3 (Yoast SEO v27.4) - https:\/\/yoast.com\/product\/yoast-seo-premium-wordpress\/ -->\n<title>Prim\u0103ria Capitalei | Pavajul va fi repus pe str\u0103zile din Centrului Vechi - Buletin de Bucure\u0219ti<\/title>\n<meta name=\"robots\" content=\"index, follow, max-snippet:-1, max-image-preview:large, max-video-preview:-1\" \/>\n<link rel=\"canonical\" href=\"https:\/\/buletin.de\/bucuresti\/primaria-capitalei-pavajul-va-fi-repus-pe-strazile-din-centrului-vechi\/\" \/>\n<meta property=\"og:locale\" content=\"en_GB\" \/>\n<meta property=\"og:type\" content=\"article\" \/>\n<meta property=\"og:title\" content=\"Prim\u0103ria Capitalei | Pavajul va fi repus pe str\u0103zile din Centrului Vechi\" \/>\n<meta property=\"og:description\" content=\"Conform unei post\u0103ri pe pagina de Facebook a Prim\u0103riei Municipiului Bucure\u0219ti, lucr\u0103rile de reabilitare a re\u021belei de gaze \u00een urma c\u0103rora o parte dintre str\u0103zile din Centrul Vechi au fost betonate vor fi \u201eremediate\u201d \u0219i \u201eaduse la starea ini\u021bial\u0103\u201d. PMB a verificat autoriza\u021bia emis\u0103 pentru lucr\u0103rile de reabilitare a re\u021belei de gaze din Centrul Vechi [&hellip;]\" \/>\n<meta property=\"og:url\" content=\"https:\/\/buletin.de\/bucuresti\/primaria-capitalei-pavajul-va-fi-repus-pe-strazile-din-centrului-vechi\/\" \/>\n<meta property=\"og:site_name\" content=\"Buletin de Bucure\u0219ti\" \/>\n<meta property=\"article:publisher\" content=\"https:\/\/www.facebook.com\/buletin.de.buc\" \/>\n<meta property=\"article:published_time\" content=\"2023-03-07T18:46:01+00:00\" \/>\n<meta property=\"article:modified_time\" content=\"2023-03-08T08:32:55+00:00\" \/>\n<meta property=\"og:image\" content=\"https:\/\/buletin.de\/bucuresti\/wp-content\/uploads\/WhatsApp-Image-2023-02-28-at-18.15.334.jpeg\" \/>\n\t<meta property=\"og:image:width\" content=\"1536\" \/>\n\t<meta property=\"og:image:height\" content=\"2040\" \/>\n\t<meta property=\"og:image:type\" content=\"image\/jpeg\" \/>\n<meta name=\"author\" content=\"Adina C\u0103p\u00eelnean\" \/>\n<meta name=\"twitter:card\" content=\"summary_large_image\" \/>\n<meta name=\"twitter:label1\" content=\"Written by\" \/>\n\t<meta name=\"twitter:data1\" content=\"Adina C\u0103p\u00eelnean\" \/>\n\t<meta name=\"twitter:label2\" content=\"Estimated reading time\" \/>\n\t<meta name=\"twitter:data2\" content=\"2 minutes\" \/>\n<script type=\"application\/ld+json\" class=\"yoast-schema-graph\">{\"@context\":\"https:\\\/\\\/schema.org\",\"@graph\":[{\"@type\":\"Article\",\"@id\":\"https:\\\/\\\/buletin.de\\\/bucuresti\\\/primaria-capitalei-pavajul-va-fi-repus-pe-strazile-din-centrului-vechi\\\/#article\",\"isPartOf\":{\"@id\":\"https:\\\/\\\/buletin.de\\\/bucuresti\\\/primaria-capitalei-pavajul-va-fi-repus-pe-strazile-din-centrului-vechi\\\/\"},\"author\":{\"name\":\"Adina C\u0103p\u00eelnean\",\"@id\":\"https:\\\/\\\/buletin.de\\\/bucuresti\\\/#\\\/schema\\\/person\\\/ab174cf6711728e4ee83d672acf9a912\"},\"headline\":\"Prim\u0103ria Capitalei | Pavajul va fi repus pe str\u0103zile din Centrului Vechi\",\"datePublished\":\"2023-03-07T18:46:01+00:00\",\"dateModified\":\"2023-03-08T08:32:55+00:00\",\"mainEntityOfPage\":{\"@id\":\"https:\\\/\\\/buletin.de\\\/bucuresti\\\/primaria-capitalei-pavajul-va-fi-repus-pe-strazile-din-centrului-vechi\\\/\"},\"wordCount\":352,\"publisher\":{\"@id\":\"https:\\\/\\\/buletin.de\\\/bucuresti\\\/#organization\"},\"image\":{\"@id\":\"https:\\\/\\\/buletin.de\\\/bucuresti\\\/primaria-capitalei-pavajul-va-fi-repus-pe-strazile-din-centrului-vechi\\\/#primaryimage\"},\"thumbnailUrl\":\"https:\\\/\\\/buletin.de\\\/bucuresti\\\/wp-content\\\/uploads\\\/WhatsApp-Image-2023-02-28-at-18.15.334.jpeg\",\"articleSection\":[\"Prim\u0103rie\",\"\u0218tiri\"],\"inLanguage\":\"en-GB\",\"copyrightYear\":\"2023\",\"copyrightHolder\":{\"@id\":\"https:\\\/\\\/buletin.de\\\/bucuresti\\\/#organization\"}},{\"@type\":\"WebPage\",\"@id\":\"https:\\\/\\\/buletin.de\\\/bucuresti\\\/primaria-capitalei-pavajul-va-fi-repus-pe-strazile-din-centrului-vechi\\\/\",\"url\":\"https:\\\/\\\/buletin.de\\\/bucuresti\\\/primaria-capitalei-pavajul-va-fi-repus-pe-strazile-din-centrului-vechi\\\/\",\"name\":\"Prim\u0103ria Capitalei | Pavajul va fi repus pe str\u0103zile din Centrului Vechi - Buletin de Bucure\u0219ti\",\"isPartOf\":{\"@id\":\"https:\\\/\\\/buletin.de\\\/bucuresti\\\/#website\"},\"primaryImageOfPage\":{\"@id\":\"https:\\\/\\\/buletin.de\\\/bucuresti\\\/primaria-capitalei-pavajul-va-fi-repus-pe-strazile-din-centrului-vechi\\\/#primaryimage\"},\"image\":{\"@id\":\"https:\\\/\\\/buletin.de\\\/bucuresti\\\/primaria-capitalei-pavajul-va-fi-repus-pe-strazile-din-centrului-vechi\\\/#primaryimage\"},\"thumbnailUrl\":\"https:\\\/\\\/buletin.de\\\/bucuresti\\\/wp-content\\\/uploads\\\/WhatsApp-Image-2023-02-28-at-18.15.334.jpeg\",\"datePublished\":\"2023-03-07T18:46:01+00:00\",\"dateModified\":\"2023-03-08T08:32:55+00:00\",\"breadcrumb\":{\"@id\":\"https:\\\/\\\/buletin.de\\\/bucuresti\\\/primaria-capitalei-pavajul-va-fi-repus-pe-strazile-din-centrului-vechi\\\/#breadcrumb\"},\"inLanguage\":\"en-GB\",\"potentialAction\":[{\"@type\":\"ReadAction\",\"target\":[\"https:\\\/\\\/buletin.de\\\/bucuresti\\\/primaria-capitalei-pavajul-va-fi-repus-pe-strazile-din-centrului-vechi\\\/\"]}]},{\"@type\":\"ImageObject\",\"inLanguage\":\"en-GB\",\"@id\":\"https:\\\/\\\/buletin.de\\\/bucuresti\\\/primaria-capitalei-pavajul-va-fi-repus-pe-strazile-din-centrului-vechi\\\/#primaryimage\",\"url\":\"https:\\\/\\\/buletin.de\\\/bucuresti\\\/wp-content\\\/uploads\\\/WhatsApp-Image-2023-02-28-at-18.15.334.jpeg\",\"contentUrl\":\"https:\\\/\\\/buletin.de\\\/bucuresti\\\/wp-content\\\/uploads\\\/WhatsApp-Image-2023-02-28-at-18.15.334.jpeg\",\"width\":1536,\"height\":2040},{\"@type\":\"BreadcrumbList\",\"@id\":\"https:\\\/\\\/buletin.de\\\/bucuresti\\\/primaria-capitalei-pavajul-va-fi-repus-pe-strazile-din-centrului-vechi\\\/#breadcrumb\",\"itemListElement\":[{\"@type\":\"ListItem\",\"position\":1,\"name\":\"Acas\u0103\",\"item\":\"https:\\\/\\\/buletin.de\\\/bucuresti\\\/\"},{\"@type\":\"ListItem\",\"position\":2,\"name\":\"Prim\u0103ria Capitalei | Pavajul va fi repus pe str\u0103zile din Centrului Vechi\"}]},{\"@type\":\"WebSite\",\"@id\":\"https:\\\/\\\/buletin.de\\\/bucuresti\\\/#website\",\"url\":\"https:\\\/\\\/buletin.de\\\/bucuresti\\\/\",\"name\":\"Buletin de Bucure\u0219ti\",\"description\":\"\u0218tiri \u0219i investiga\u021bii esen\u021biale din capital\u0103\",\"publisher\":{\"@id\":\"https:\\\/\\\/buletin.de\\\/bucuresti\\\/#organization\"},\"potentialAction\":[{\"@type\":\"SearchAction\",\"target\":{\"@type\":\"EntryPoint\",\"urlTemplate\":\"https:\\\/\\\/buletin.de\\\/bucuresti\\\/?s={search_term_string}\"},\"query-input\":{\"@type\":\"PropertyValueSpecification\",\"valueRequired\":true,\"valueName\":\"search_term_string\"}}],\"inLanguage\":\"en-GB\"},{\"@type\":\"Organization\",\"@id\":\"https:\\\/\\\/buletin.de\\\/bucuresti\\\/#organization\",\"name\":\"Buletin de Bucure\u0219ti\",\"url\":\"https:\\\/\\\/buletin.de\\\/bucuresti\\\/\",\"logo\":{\"@type\":\"ImageObject\",\"inLanguage\":\"en-GB\",\"@id\":\"https:\\\/\\\/buletin.de\\\/bucuresti\\\/#\\\/schema\\\/logo\\\/image\\\/\",\"url\":\"https:\\\/\\\/buletin.de\\\/bucuresti\\\/wp-content\\\/uploads\\\/logo-bdb-full-wide-vernil-transparent.png\",\"contentUrl\":\"https:\\\/\\\/buletin.de\\\/bucuresti\\\/wp-content\\\/uploads\\\/logo-bdb-full-wide-vernil-transparent.png\",\"width\":1782,\"height\":626,\"caption\":\"Buletin de Bucure\u0219ti\"},\"image\":{\"@id\":\"https:\\\/\\\/buletin.de\\\/bucuresti\\\/#\\\/schema\\\/logo\\\/image\\\/\"},\"sameAs\":[\"https:\\\/\\\/www.facebook.com\\\/buletin.de.buc\",\"https:\\\/\\\/www.instagram.com\\\/buletinde.bucuresti\\\/\"]},{\"@type\":\"Person\",\"@id\":\"https:\\\/\\\/buletin.de\\\/bucuresti\\\/#\\\/schema\\\/person\\\/ab174cf6711728e4ee83d672acf9a912\",\"name\":\"Adina C\u0103p\u00eelnean\",\"image\":{\"@type\":\"ImageObject\",\"inLanguage\":\"en-GB\",\"@id\":\"https:\\\/\\\/secure.gravatar.com\\\/avatar\\\/4fe9675d6282fd7c1aa4e486a037d532d5728fc16a30360f293eb6126b2e73ad?s=96&d=monsterid&r=ge2b23868508aec3460d3c6a11d3b599a\",\"url\":\"https:\\\/\\\/secure.gravatar.com\\\/avatar\\\/4fe9675d6282fd7c1aa4e486a037d532d5728fc16a30360f293eb6126b2e73ad?s=96&d=monsterid&r=g\",\"contentUrl\":\"https:\\\/\\\/secure.gravatar.com\\\/avatar\\\/4fe9675d6282fd7c1aa4e486a037d532d5728fc16a30360f293eb6126b2e73ad?s=96&d=monsterid&r=g\",\"caption\":\"Adina C\u0103p\u00eelnean\"},\"url\":\"https:\\\/\\\/buletin.de\\\/bucuresti\\\/author\\\/adinacapilnean\\\/\"}]}<\/script>\n<!-- \/ Yoast SEO Premium plugin. -->","yoast_head_json":{"title":"Prim\u0103ria Capitalei | Pavajul va fi repus pe str\u0103zile din Centrului Vechi - Buletin de Bucure\u0219ti","robots":{"index":"index","follow":"follow","max-snippet":"max-snippet:-1","max-image-preview":"max-image-preview:large","max-video-preview":"max-video-preview:-1"},"canonical":"https:\/\/buletin.de\/bucuresti\/primaria-capitalei-pavajul-va-fi-repus-pe-strazile-din-centrului-vechi\/","og_locale":"en_GB","og_type":"article","og_title":"Prim\u0103ria Capitalei | Pavajul va fi repus pe str\u0103zile din Centrului Vechi","og_description":"Conform unei post\u0103ri pe pagina de Facebook a Prim\u0103riei Municipiului Bucure\u0219ti, lucr\u0103rile de reabilitare a re\u021belei de gaze \u00een urma c\u0103rora o parte dintre str\u0103zile din Centrul Vechi au fost betonate vor fi \u201eremediate\u201d \u0219i \u201eaduse la starea ini\u021bial\u0103\u201d. PMB a verificat autoriza\u021bia emis\u0103 pentru lucr\u0103rile de reabilitare a re\u021belei de gaze din Centrul Vechi [&hellip;]","og_url":"https:\/\/buletin.de\/bucuresti\/primaria-capitalei-pavajul-va-fi-repus-pe-strazile-din-centrului-vechi\/","og_site_name":"Buletin de Bucure\u0219ti","article_publisher":"https:\/\/www.facebook.com\/buletin.de.buc","article_published_time":"2023-03-07T18:46:01+00:00","article_modified_time":"2023-03-08T08:32:55+00:00","og_image":[{"width":1536,"height":2040,"url":"https:\/\/buletin.de\/bucuresti\/wp-content\/uploads\/WhatsApp-Image-2023-02-28-at-18.15.334.jpeg","type":"image\/jpeg"}],"author":"Adina C\u0103p\u00eelnean","twitter_card":"summary_large_image","twitter_misc":{"Written by":"Adina C\u0103p\u00eelnean","Estimated reading time":"2 minutes"},"schema":{"@context":"https:\/\/schema.org","@graph":[{"@type":"Article","@id":"https:\/\/buletin.de\/bucuresti\/primaria-capitalei-pavajul-va-fi-repus-pe-strazile-din-centrului-vechi\/#article","isPartOf":{"@id":"https:\/\/buletin.de\/bucuresti\/primaria-capitalei-pavajul-va-fi-repus-pe-strazile-din-centrului-vechi\/"},"author":{"name":"Adina C\u0103p\u00eelnean","@id":"https:\/\/buletin.de\/bucuresti\/#\/schema\/person\/ab174cf6711728e4ee83d672acf9a912"},"headline":"Prim\u0103ria Capitalei | Pavajul va fi repus pe str\u0103zile din Centrului Vechi","datePublished":"2023-03-07T18:46:01+00:00","dateModified":"2023-03-08T08:32:55+00:00","mainEntityOfPage":{"@id":"https:\/\/buletin.de\/bucuresti\/primaria-capitalei-pavajul-va-fi-repus-pe-strazile-din-centrului-vechi\/"},"wordCount":352,"publisher":{"@id":"https:\/\/buletin.de\/bucuresti\/#organization"},"image":{"@id":"https:\/\/buletin.de\/bucuresti\/primaria-capitalei-pavajul-va-fi-repus-pe-strazile-din-centrului-vechi\/#primaryimage"},"thumbnailUrl":"https:\/\/buletin.de\/bucuresti\/wp-content\/uploads\/WhatsApp-Image-2023-02-28-at-18.15.334.jpeg","articleSection":["Prim\u0103rie","\u0218tiri"],"inLanguage":"en-GB","copyrightYear":"2023","copyrightHolder":{"@id":"https:\/\/buletin.de\/bucuresti\/#organization"}},{"@type":"WebPage","@id":"https:\/\/buletin.de\/bucuresti\/primaria-capitalei-pavajul-va-fi-repus-pe-strazile-din-centrului-vechi\/","url":"https:\/\/buletin.de\/bucuresti\/primaria-capitalei-pavajul-va-fi-repus-pe-strazile-din-centrului-vechi\/","name":"Prim\u0103ria Capitalei | Pavajul va fi repus pe str\u0103zile din Centrului Vechi - Buletin de Bucure\u0219ti","isPartOf":{"@id":"https:\/\/buletin.de\/bucuresti\/#website"},"primaryImageOfPage":{"@id":"https:\/\/buletin.de\/bucuresti\/primaria-capitalei-pavajul-va-fi-repus-pe-strazile-din-centrului-vechi\/#primaryimage"},"image":{"@id":"https:\/\/buletin.de\/bucuresti\/primaria-capitalei-pavajul-va-fi-repus-pe-strazile-din-centrului-vechi\/#primaryimage"},"thumbnailUrl":"https:\/\/buletin.de\/bucuresti\/wp-content\/uploads\/WhatsApp-Image-2023-02-28-at-18.15.334.jpeg","datePublished":"2023-03-07T18:46:01+00:00","dateModified":"2023-03-08T08:32:55+00:00","breadcrumb":{"@id":"https:\/\/buletin.de\/bucuresti\/primaria-capitalei-pavajul-va-fi-repus-pe-strazile-din-centrului-vechi\/#breadcrumb"},"inLanguage":"en-GB","potentialAction":[{"@type":"ReadAction","target":["https:\/\/buletin.de\/bucuresti\/primaria-capitalei-pavajul-va-fi-repus-pe-strazile-din-centrului-vechi\/"]}]},{"@type":"ImageObject","inLanguage":"en-GB","@id":"https:\/\/buletin.de\/bucuresti\/primaria-capitalei-pavajul-va-fi-repus-pe-strazile-din-centrului-vechi\/#primaryimage","url":"https:\/\/buletin.de\/bucuresti\/wp-content\/uploads\/WhatsApp-Image-2023-02-28-at-18.15.334.jpeg","contentUrl":"https:\/\/buletin.de\/bucuresti\/wp-content\/uploads\/WhatsApp-Image-2023-02-28-at-18.15.334.jpeg","width":1536,"height":2040},{"@type":"BreadcrumbList","@id":"https:\/\/buletin.de\/bucuresti\/primaria-capitalei-pavajul-va-fi-repus-pe-strazile-din-centrului-vechi\/#breadcrumb","itemListElement":[{"@type":"ListItem","position":1,"name":"Acas\u0103","item":"https:\/\/buletin.de\/bucuresti\/"},{"@type":"ListItem","position":2,"name":"Prim\u0103ria Capitalei | Pavajul va fi repus pe str\u0103zile din Centrului Vechi"}]},{"@type":"WebSite","@id":"https:\/\/buletin.de\/bucuresti\/#website","url":"https:\/\/buletin.de\/bucuresti\/","name":"Buletin de Bucure\u0219ti","description":"\u0218tiri \u0219i investiga\u021bii esen\u021biale din capital\u0103","publisher":{"@id":"https:\/\/buletin.de\/bucuresti\/#organization"},"potentialAction":[{"@type":"SearchAction","target":{"@type":"EntryPoint","urlTemplate":"https:\/\/buletin.de\/bucuresti\/?s={search_term_string}"},"query-input":{"@type":"PropertyValueSpecification","valueRequired":true,"valueName":"search_term_string"}}],"inLanguage":"en-GB"},{"@type":"Organization","@id":"https:\/\/buletin.de\/bucuresti\/#organization","name":"Buletin de Bucure\u0219ti","url":"https:\/\/buletin.de\/bucuresti\/","logo":{"@type":"ImageObject","inLanguage":"en-GB","@id":"https:\/\/buletin.de\/bucuresti\/#\/schema\/logo\/image\/","url":"https:\/\/buletin.de\/bucuresti\/wp-content\/uploads\/logo-bdb-full-wide-vernil-transparent.png","contentUrl":"https:\/\/buletin.de\/bucuresti\/wp-content\/uploads\/logo-bdb-full-wide-vernil-transparent.png","width":1782,"height":626,"caption":"Buletin de Bucure\u0219ti"},"image":{"@id":"https:\/\/buletin.de\/bucuresti\/#\/schema\/logo\/image\/"},"sameAs":["https:\/\/www.facebook.com\/buletin.de.buc","https:\/\/www.instagram.com\/buletinde.bucuresti\/"]},{"@type":"Person","@id":"https:\/\/buletin.de\/bucuresti\/#\/schema\/person\/ab174cf6711728e4ee83d672acf9a912","name":"Adina C\u0103p\u00eelnean","image":{"@type":"ImageObject","inLanguage":"en-GB","@id":"https:\/\/secure.gravatar.com\/avatar\/4fe9675d6282fd7c1aa4e486a037d532d5728fc16a30360f293eb6126b2e73ad?s=96&d=monsterid&r=ge2b23868508aec3460d3c6a11d3b599a","url":"https:\/\/secure.gravatar.com\/avatar\/4fe9675d6282fd7c1aa4e486a037d532d5728fc16a30360f293eb6126b2e73ad?s=96&d=monsterid&r=g","contentUrl":"https:\/\/secure.gravatar.com\/avatar\/4fe9675d6282fd7c1aa4e486a037d532d5728fc16a30360f293eb6126b2e73ad?s=96&d=monsterid&r=g","caption":"Adina C\u0103p\u00eelnean"},"url":"https:\/\/buletin.de\/bucuresti\/author\/adinacapilnean\/"}]}},"authors":[{"term_id":22580,"user_id":47,"is_guest":0,"slug":"adinacapilnean","display_name":"Adina C\u0103p\u00eelnean","avatar_url":"https:\/\/secure.gravatar.com\/avatar\/4fe9675d6282fd7c1aa4e486a037d532d5728fc16a30360f293eb6126b2e73ad?s=96&d=monsterid&r=g","0":null,"1":"","2":"","3":"","4":"","5":"","6":"","7":"","8":""}],"_links":{"self":[{"href":"https:\/\/buletin.de\/bucuresti\/wp-json\/wp\/v2\/posts\/55568","targetHints":{"allow":["GET"]}}],"collection":[{"href":"https:\/\/buletin.de\/bucuresti\/wp-json\/wp\/v2\/posts"}],"about":[{"href":"https:\/\/buletin.de\/bucuresti\/wp-json\/wp\/v2\/types\/post"}],"author":[{"embeddable":true,"href":"https:\/\/buletin.de\/bucuresti\/wp-json\/wp\/v2\/users\/47"}],"replies":[{"embeddable":true,"href":"https:\/\/buletin.de\/bucuresti\/wp-json\/wp\/v2\/comments?post=55568"}],"version-history":[{"count":8,"href":"https:\/\/buletin.de\/bucuresti\/wp-json\/wp\/v2\/posts\/55568\/revisions"}],"predecessor-version":[{"id":55581,"href":"https:\/\/buletin.de\/bucuresti\/wp-json\/wp\/v2\/posts\/55568\/revisions\/55581"}],"wp:featuredmedia":[{"embeddable":true,"href":"https:\/\/buletin.de\/bucuresti\/wp-json\/wp\/v2\/media\/55175"}],"wp:attachment":[{"href":"https:\/\/buletin.de\/bucuresti\/wp-json\/wp\/v2\/media?parent=55568"}],"wp:term":[{"taxonomy":"category","embeddable":true,"href":"https:\/\/buletin.de\/bucuresti\/wp-json\/wp\/v2\/categories?post=55568"},{"taxonomy":"post_tag","embeddable":true,"href":"https:\/\/buletin.de\/bucuresti\/wp-json\/wp\/v2\/tags?post=55568"},{"taxonomy":"author","embeddable":true,"href":"https:\/\/buletin.de\/bucuresti\/wp-json\/wp\/v2\/ppma_author?post=55568"}],"curies":[{"name":"wp","href":"https:\/\/api.w.org\/{rel}","templated":true}]}}