{"id":55523,"date":"2023-03-07T09:32:28","date_gmt":"2023-03-07T07:32:28","guid":{"rendered":"https:\/\/buletin.de\/bucuresti\/?p=55523"},"modified":"2023-03-07T09:45:32","modified_gmt":"2023-03-07T07:45:32","slug":"autobuzele-liniilor-136-si-n101-vor-opri-intr-o-statie-noua-de-marti-7-martie","status":"publish","type":"post","link":"https:\/\/buletin.de\/bucuresti\/autobuzele-liniilor-136-si-n101-vor-opri-intr-o-statie-noua-de-marti-7-martie\/","title":{"rendered":"Autobuzele liniilor 136 \u015fi N101 vor opri \u00eentr-o sta\u021bie nou\u0103, de mar\u021bi, 7 martie"},"content":{"rendered":"\n<p><strong>Autobuzele liniilor 136 \u015fi N101 vor opri \u00eentr-o sta\u021bie nou\u0103, pe Bulevardul Libert\u0103\u021bii, de mar\u021bi, 7 martie.<\/strong><\/p>\n\n\n\n<figure class=\"wp-block-image size-large\"><img fetchpriority=\"high\" decoding=\"async\" width=\"807\" height=\"900\" src=\"data:image\/gif;base64,R0lGODlhAQABAAAAACH5BAEKAAEALAAAAAABAAEAAAICTAEAOw==\" data-src=\"https:\/\/buletin.de\/bucuresti\/wp-content\/uploads\/329911028_1329799774239908_7233892442768094249_n-1-807x900.jpg\" alt=\"\" class=\"wp-image-55525 lazyload\" data-sizes=\"auto\" data-srcset=\"https:\/\/buletin.de\/bucuresti\/wp-content\/uploads\/329911028_1329799774239908_7233892442768094249_n-1-807x900.jpg 807w, https:\/\/buletin.de\/bucuresti\/wp-content\/uploads\/329911028_1329799774239908_7233892442768094249_n-1-269x300.jpg 269w, https:\/\/buletin.de\/bucuresti\/wp-content\/uploads\/329911028_1329799774239908_7233892442768094249_n-1-768x856.jpg 768w, https:\/\/buletin.de\/bucuresti\/wp-content\/uploads\/329911028_1329799774239908_7233892442768094249_n-1-1378x1536.jpg 1378w, https:\/\/buletin.de\/bucuresti\/wp-content\/uploads\/329911028_1329799774239908_7233892442768094249_n-1-1060x1182.jpg 1060w, https:\/\/buletin.de\/bucuresti\/wp-content\/uploads\/329911028_1329799774239908_7233892442768094249_n-1-550x613.jpg 550w, https:\/\/buletin.de\/bucuresti\/wp-content\/uploads\/329911028_1329799774239908_7233892442768094249_n-1-448x500.jpg 448w, https:\/\/buletin.de\/bucuresti\/wp-content\/uploads\/329911028_1329799774239908_7233892442768094249_n-1-969x1080.jpg 969w, https:\/\/buletin.de\/bucuresti\/wp-content\/uploads\/329911028_1329799774239908_7233892442768094249_n-1-600x669.jpg 600w, https:\/\/buletin.de\/bucuresti\/wp-content\/uploads\/329911028_1329799774239908_7233892442768094249_n-1.jpg 1808w\" sizes=\"(max-width: 807px) 100vw, 807px\" \/><\/figure>\n\n\n\n<p>\u00cencep\u0203nd de mar\u021bi, 07.03.2023, <strong>autobuzele liniilor 136 \u015fi N101<\/strong> vor efectua opriri suplimentare pe Bulevardul Libert\u0103\u0163ii, \u00een noua sta\u021bie <strong>\u201ePia\u021ba Francofoniei\u201d<\/strong>, amplasat\u0103 \u020bntre sta\u0163iile de autobuz \u201eCasa Academiei\u201d \u015fi \u201ePalatul Parlamentului\u201d, pe sensul de mers spre Podul Izvor (pentru linia 136), respectiv \u00eentre sta\u0163iile \u201eCasa Academiei\u201d \u015fi \u201ePia\u0163a Unirii 2\u201d, pe sensul de mers spre Pia\u0163a Unirii (pentru linia N101), informeaz\u0103 Societatea de Transport Bucure\u0219ti- STB SA.<\/p>\n","protected":false},"excerpt":{"rendered":"<p>Autobuzele liniilor 136 \u015fi N101 vor opri \u00eentr-o sta\u021bie nou\u0103, pe Bulevardul Libert\u0103\u021bii, de mar\u021bi, 7 martie. \u00cencep\u0203nd de mar\u021bi, 07.03.2023, autobuzele liniilor 136 \u015fi N101 vor efectua opriri suplimentare pe Bulevardul Libert\u0103\u0163ii, \u00een noua sta\u021bie \u201ePia\u021ba Francofoniei\u201d, amplasat\u0103 \u020bntre sta\u0163iile de autobuz \u201eCasa Academiei\u201d \u015fi \u201ePalatul Parlamentului\u201d, pe sensul de mers spre Podul Izvor [&hellip;]<\/p>\n","protected":false},"author":46,"featured_media":55530,"comment_status":"closed","ping_status":"open","sticky":false,"template":"","format":"standard","meta":{"_acf_changed":false,"inline_featured_image":false,"ngg_post_thumbnail":0,"footnotes":""},"categories":[62],"tags":[],"ppma_author":[22605],"class_list":["post-55523","post","type-post","status-publish","format-standard","has-post-thumbnail","hentry","category-stiri"],"acf":[],"yoast_head":"<!-- This site is optimized with the Yoast SEO Premium plugin v25.3 (Yoast SEO v27.5) - https:\/\/yoast.com\/product\/yoast-seo-premium-wordpress\/ -->\n<title>Autobuzele liniilor 136 \u015fi N101 vor opri \u00eentr-o sta\u021bie nou\u0103, de mar\u021bi, 7 martie - Buletin de Bucure\u0219ti<\/title>\n<meta name=\"robots\" content=\"index, follow, max-snippet:-1, max-image-preview:large, max-video-preview:-1\" \/>\n<link rel=\"canonical\" href=\"https:\/\/buletin.de\/bucuresti\/autobuzele-liniilor-136-si-n101-vor-opri-intr-o-statie-noua-de-marti-7-martie\/\" \/>\n<meta property=\"og:locale\" content=\"en_GB\" \/>\n<meta property=\"og:type\" content=\"article\" \/>\n<meta property=\"og:title\" content=\"Autobuzele liniilor 136 \u015fi N101 vor opri \u00eentr-o sta\u021bie nou\u0103, de mar\u021bi, 7 martie\" \/>\n<meta property=\"og:description\" content=\"Autobuzele liniilor 136 \u015fi N101 vor opri \u00eentr-o sta\u021bie nou\u0103, pe Bulevardul Libert\u0103\u021bii, de mar\u021bi, 7 martie. \u00cencep\u0203nd de mar\u021bi, 07.03.2023, autobuzele liniilor 136 \u015fi N101 vor efectua opriri suplimentare pe Bulevardul Libert\u0103\u0163ii, \u00een noua sta\u021bie \u201ePia\u021ba Francofoniei\u201d, amplasat\u0103 \u020bntre sta\u0163iile de autobuz \u201eCasa Academiei\u201d \u015fi \u201ePalatul Parlamentului\u201d, pe sensul de mers spre Podul Izvor [&hellip;]\" \/>\n<meta property=\"og:url\" content=\"https:\/\/buletin.de\/bucuresti\/autobuzele-liniilor-136-si-n101-vor-opri-intr-o-statie-noua-de-marti-7-martie\/\" \/>\n<meta property=\"og:site_name\" content=\"Buletin de Bucure\u0219ti\" \/>\n<meta property=\"article:publisher\" content=\"https:\/\/www.facebook.com\/buletin.de.buc\" \/>\n<meta property=\"article:published_time\" content=\"2023-03-07T07:32:28+00:00\" \/>\n<meta property=\"article:modified_time\" content=\"2023-03-07T07:45:32+00:00\" \/>\n<meta property=\"og:image\" content=\"https:\/\/buletin.de\/bucuresti\/wp-content\/uploads\/329911028_1329799774239908_7233892442768094249_n-2.jpg\" \/>\n\t<meta property=\"og:image:width\" content=\"1562\" \/>\n\t<meta property=\"og:image:height\" content=\"1260\" \/>\n\t<meta property=\"og:image:type\" content=\"image\/jpeg\" \/>\n<meta name=\"author\" content=\"Andreea Gelatu\" \/>\n<meta name=\"twitter:card\" content=\"summary_large_image\" \/>\n<meta name=\"twitter:label1\" content=\"Written by\" \/>\n\t<meta name=\"twitter:data1\" content=\"Andreea Gelatu\" \/>\n\t<meta name=\"twitter:label2\" content=\"Estimated reading time\" \/>\n\t<meta name=\"twitter:data2\" content=\"1 minute\" \/>\n<script type=\"application\/ld+json\" class=\"yoast-schema-graph\">{\"@context\":\"https:\\\/\\\/schema.org\",\"@graph\":[{\"@type\":\"Article\",\"@id\":\"https:\\\/\\\/buletin.de\\\/bucuresti\\\/autobuzele-liniilor-136-si-n101-vor-opri-intr-o-statie-noua-de-marti-7-martie\\\/#article\",\"isPartOf\":{\"@id\":\"https:\\\/\\\/buletin.de\\\/bucuresti\\\/autobuzele-liniilor-136-si-n101-vor-opri-intr-o-statie-noua-de-marti-7-martie\\\/\"},\"author\":{\"name\":\"Andreea Gelatu\",\"@id\":\"https:\\\/\\\/buletin.de\\\/bucuresti\\\/#\\\/schema\\\/person\\\/87734700b2c7f8608881f7e93b8834de\"},\"headline\":\"Autobuzele liniilor 136 \u015fi N101 vor opri \u00eentr-o sta\u021bie nou\u0103, de mar\u021bi, 7 martie\",\"datePublished\":\"2023-03-07T07:32:28+00:00\",\"dateModified\":\"2023-03-07T07:45:32+00:00\",\"mainEntityOfPage\":{\"@id\":\"https:\\\/\\\/buletin.de\\\/bucuresti\\\/autobuzele-liniilor-136-si-n101-vor-opri-intr-o-statie-noua-de-marti-7-martie\\\/\"},\"wordCount\":105,\"publisher\":{\"@id\":\"https:\\\/\\\/buletin.de\\\/bucuresti\\\/#organization\"},\"image\":{\"@id\":\"https:\\\/\\\/buletin.de\\\/bucuresti\\\/autobuzele-liniilor-136-si-n101-vor-opri-intr-o-statie-noua-de-marti-7-martie\\\/#primaryimage\"},\"thumbnailUrl\":\"https:\\\/\\\/buletin.de\\\/bucuresti\\\/wp-content\\\/uploads\\\/329911028_1329799774239908_7233892442768094249_n-2.jpg\",\"articleSection\":[\"\u0218tiri\"],\"inLanguage\":\"en-GB\",\"copyrightYear\":\"2023\",\"copyrightHolder\":{\"@id\":\"https:\\\/\\\/buletin.de\\\/bucuresti\\\/#organization\"}},{\"@type\":\"WebPage\",\"@id\":\"https:\\\/\\\/buletin.de\\\/bucuresti\\\/autobuzele-liniilor-136-si-n101-vor-opri-intr-o-statie-noua-de-marti-7-martie\\\/\",\"url\":\"https:\\\/\\\/buletin.de\\\/bucuresti\\\/autobuzele-liniilor-136-si-n101-vor-opri-intr-o-statie-noua-de-marti-7-martie\\\/\",\"name\":\"Autobuzele liniilor 136 \u015fi N101 vor opri \u00eentr-o sta\u021bie nou\u0103, de mar\u021bi, 7 martie - Buletin de Bucure\u0219ti\",\"isPartOf\":{\"@id\":\"https:\\\/\\\/buletin.de\\\/bucuresti\\\/#website\"},\"primaryImageOfPage\":{\"@id\":\"https:\\\/\\\/buletin.de\\\/bucuresti\\\/autobuzele-liniilor-136-si-n101-vor-opri-intr-o-statie-noua-de-marti-7-martie\\\/#primaryimage\"},\"image\":{\"@id\":\"https:\\\/\\\/buletin.de\\\/bucuresti\\\/autobuzele-liniilor-136-si-n101-vor-opri-intr-o-statie-noua-de-marti-7-martie\\\/#primaryimage\"},\"thumbnailUrl\":\"https:\\\/\\\/buletin.de\\\/bucuresti\\\/wp-content\\\/uploads\\\/329911028_1329799774239908_7233892442768094249_n-2.jpg\",\"datePublished\":\"2023-03-07T07:32:28+00:00\",\"dateModified\":\"2023-03-07T07:45:32+00:00\",\"breadcrumb\":{\"@id\":\"https:\\\/\\\/buletin.de\\\/bucuresti\\\/autobuzele-liniilor-136-si-n101-vor-opri-intr-o-statie-noua-de-marti-7-martie\\\/#breadcrumb\"},\"inLanguage\":\"en-GB\",\"potentialAction\":[{\"@type\":\"ReadAction\",\"target\":[\"https:\\\/\\\/buletin.de\\\/bucuresti\\\/autobuzele-liniilor-136-si-n101-vor-opri-intr-o-statie-noua-de-marti-7-martie\\\/\"]}]},{\"@type\":\"ImageObject\",\"inLanguage\":\"en-GB\",\"@id\":\"https:\\\/\\\/buletin.de\\\/bucuresti\\\/autobuzele-liniilor-136-si-n101-vor-opri-intr-o-statie-noua-de-marti-7-martie\\\/#primaryimage\",\"url\":\"https:\\\/\\\/buletin.de\\\/bucuresti\\\/wp-content\\\/uploads\\\/329911028_1329799774239908_7233892442768094249_n-2.jpg\",\"contentUrl\":\"https:\\\/\\\/buletin.de\\\/bucuresti\\\/wp-content\\\/uploads\\\/329911028_1329799774239908_7233892442768094249_n-2.jpg\",\"width\":1562,\"height\":1260},{\"@type\":\"BreadcrumbList\",\"@id\":\"https:\\\/\\\/buletin.de\\\/bucuresti\\\/autobuzele-liniilor-136-si-n101-vor-opri-intr-o-statie-noua-de-marti-7-martie\\\/#breadcrumb\",\"itemListElement\":[{\"@type\":\"ListItem\",\"position\":1,\"name\":\"Acas\u0103\",\"item\":\"https:\\\/\\\/buletin.de\\\/bucuresti\\\/\"},{\"@type\":\"ListItem\",\"position\":2,\"name\":\"Autobuzele liniilor 136 \u015fi N101 vor opri \u00eentr-o sta\u021bie nou\u0103, de mar\u021bi, 7 martie\"}]},{\"@type\":\"WebSite\",\"@id\":\"https:\\\/\\\/buletin.de\\\/bucuresti\\\/#website\",\"url\":\"https:\\\/\\\/buletin.de\\\/bucuresti\\\/\",\"name\":\"Buletin de Bucure\u0219ti\",\"description\":\"\u0218tiri \u0219i investiga\u021bii esen\u021biale din capital\u0103\",\"publisher\":{\"@id\":\"https:\\\/\\\/buletin.de\\\/bucuresti\\\/#organization\"},\"potentialAction\":[{\"@type\":\"SearchAction\",\"target\":{\"@type\":\"EntryPoint\",\"urlTemplate\":\"https:\\\/\\\/buletin.de\\\/bucuresti\\\/?s={search_term_string}\"},\"query-input\":{\"@type\":\"PropertyValueSpecification\",\"valueRequired\":true,\"valueName\":\"search_term_string\"}}],\"inLanguage\":\"en-GB\"},{\"@type\":\"Organization\",\"@id\":\"https:\\\/\\\/buletin.de\\\/bucuresti\\\/#organization\",\"name\":\"Buletin de Bucure\u0219ti\",\"url\":\"https:\\\/\\\/buletin.de\\\/bucuresti\\\/\",\"logo\":{\"@type\":\"ImageObject\",\"inLanguage\":\"en-GB\",\"@id\":\"https:\\\/\\\/buletin.de\\\/bucuresti\\\/#\\\/schema\\\/logo\\\/image\\\/\",\"url\":\"https:\\\/\\\/buletin.de\\\/bucuresti\\\/wp-content\\\/uploads\\\/logo-bdb-full-wide-vernil-transparent.png\",\"contentUrl\":\"https:\\\/\\\/buletin.de\\\/bucuresti\\\/wp-content\\\/uploads\\\/logo-bdb-full-wide-vernil-transparent.png\",\"width\":1782,\"height\":626,\"caption\":\"Buletin de Bucure\u0219ti\"},\"image\":{\"@id\":\"https:\\\/\\\/buletin.de\\\/bucuresti\\\/#\\\/schema\\\/logo\\\/image\\\/\"},\"sameAs\":[\"https:\\\/\\\/www.facebook.com\\\/buletin.de.buc\",\"https:\\\/\\\/www.instagram.com\\\/buletinde.bucuresti\\\/\"]},{\"@type\":\"Person\",\"@id\":\"https:\\\/\\\/buletin.de\\\/bucuresti\\\/#\\\/schema\\\/person\\\/87734700b2c7f8608881f7e93b8834de\",\"name\":\"Andreea Gelatu\",\"image\":{\"@type\":\"ImageObject\",\"inLanguage\":\"en-GB\",\"@id\":\"https:\\\/\\\/secure.gravatar.com\\\/avatar\\\/b716eca2f984b9b65bdd87118b4b909d940b619cbe6e8cb725fe11c1b1f4194f?s=96&d=monsterid&r=g9b5eff4996c6b842a29b3057a7b4746f\",\"url\":\"https:\\\/\\\/secure.gravatar.com\\\/avatar\\\/b716eca2f984b9b65bdd87118b4b909d940b619cbe6e8cb725fe11c1b1f4194f?s=96&d=monsterid&r=g\",\"contentUrl\":\"https:\\\/\\\/secure.gravatar.com\\\/avatar\\\/b716eca2f984b9b65bdd87118b4b909d940b619cbe6e8cb725fe11c1b1f4194f?s=96&d=monsterid&r=g\",\"caption\":\"Andreea Gelatu\"},\"url\":\"https:\\\/\\\/buletin.de\\\/bucuresti\\\/author\\\/andreeagelatu\\\/\"}]}<\/script>\n<!-- \/ Yoast SEO Premium plugin. -->","yoast_head_json":{"title":"Autobuzele liniilor 136 \u015fi N101 vor opri \u00eentr-o sta\u021bie nou\u0103, de mar\u021bi, 7 martie - Buletin de Bucure\u0219ti","robots":{"index":"index","follow":"follow","max-snippet":"max-snippet:-1","max-image-preview":"max-image-preview:large","max-video-preview":"max-video-preview:-1"},"canonical":"https:\/\/buletin.de\/bucuresti\/autobuzele-liniilor-136-si-n101-vor-opri-intr-o-statie-noua-de-marti-7-martie\/","og_locale":"en_GB","og_type":"article","og_title":"Autobuzele liniilor 136 \u015fi N101 vor opri \u00eentr-o sta\u021bie nou\u0103, de mar\u021bi, 7 martie","og_description":"Autobuzele liniilor 136 \u015fi N101 vor opri \u00eentr-o sta\u021bie nou\u0103, pe Bulevardul Libert\u0103\u021bii, de mar\u021bi, 7 martie. \u00cencep\u0203nd de mar\u021bi, 07.03.2023, autobuzele liniilor 136 \u015fi N101 vor efectua opriri suplimentare pe Bulevardul Libert\u0103\u0163ii, \u00een noua sta\u021bie \u201ePia\u021ba Francofoniei\u201d, amplasat\u0103 \u020bntre sta\u0163iile de autobuz \u201eCasa Academiei\u201d \u015fi \u201ePalatul Parlamentului\u201d, pe sensul de mers spre Podul Izvor [&hellip;]","og_url":"https:\/\/buletin.de\/bucuresti\/autobuzele-liniilor-136-si-n101-vor-opri-intr-o-statie-noua-de-marti-7-martie\/","og_site_name":"Buletin de Bucure\u0219ti","article_publisher":"https:\/\/www.facebook.com\/buletin.de.buc","article_published_time":"2023-03-07T07:32:28+00:00","article_modified_time":"2023-03-07T07:45:32+00:00","og_image":[{"width":1562,"height":1260,"url":"https:\/\/buletin.de\/bucuresti\/wp-content\/uploads\/329911028_1329799774239908_7233892442768094249_n-2.jpg","type":"image\/jpeg"}],"author":"Andreea Gelatu","twitter_card":"summary_large_image","twitter_misc":{"Written by":"Andreea Gelatu","Estimated reading time":"1 minute"},"schema":{"@context":"https:\/\/schema.org","@graph":[{"@type":"Article","@id":"https:\/\/buletin.de\/bucuresti\/autobuzele-liniilor-136-si-n101-vor-opri-intr-o-statie-noua-de-marti-7-martie\/#article","isPartOf":{"@id":"https:\/\/buletin.de\/bucuresti\/autobuzele-liniilor-136-si-n101-vor-opri-intr-o-statie-noua-de-marti-7-martie\/"},"author":{"name":"Andreea Gelatu","@id":"https:\/\/buletin.de\/bucuresti\/#\/schema\/person\/87734700b2c7f8608881f7e93b8834de"},"headline":"Autobuzele liniilor 136 \u015fi N101 vor opri \u00eentr-o sta\u021bie nou\u0103, de mar\u021bi, 7 martie","datePublished":"2023-03-07T07:32:28+00:00","dateModified":"2023-03-07T07:45:32+00:00","mainEntityOfPage":{"@id":"https:\/\/buletin.de\/bucuresti\/autobuzele-liniilor-136-si-n101-vor-opri-intr-o-statie-noua-de-marti-7-martie\/"},"wordCount":105,"publisher":{"@id":"https:\/\/buletin.de\/bucuresti\/#organization"},"image":{"@id":"https:\/\/buletin.de\/bucuresti\/autobuzele-liniilor-136-si-n101-vor-opri-intr-o-statie-noua-de-marti-7-martie\/#primaryimage"},"thumbnailUrl":"https:\/\/buletin.de\/bucuresti\/wp-content\/uploads\/329911028_1329799774239908_7233892442768094249_n-2.jpg","articleSection":["\u0218tiri"],"inLanguage":"en-GB","copyrightYear":"2023","copyrightHolder":{"@id":"https:\/\/buletin.de\/bucuresti\/#organization"}},{"@type":"WebPage","@id":"https:\/\/buletin.de\/bucuresti\/autobuzele-liniilor-136-si-n101-vor-opri-intr-o-statie-noua-de-marti-7-martie\/","url":"https:\/\/buletin.de\/bucuresti\/autobuzele-liniilor-136-si-n101-vor-opri-intr-o-statie-noua-de-marti-7-martie\/","name":"Autobuzele liniilor 136 \u015fi N101 vor opri \u00eentr-o sta\u021bie nou\u0103, de mar\u021bi, 7 martie - Buletin de Bucure\u0219ti","isPartOf":{"@id":"https:\/\/buletin.de\/bucuresti\/#website"},"primaryImageOfPage":{"@id":"https:\/\/buletin.de\/bucuresti\/autobuzele-liniilor-136-si-n101-vor-opri-intr-o-statie-noua-de-marti-7-martie\/#primaryimage"},"image":{"@id":"https:\/\/buletin.de\/bucuresti\/autobuzele-liniilor-136-si-n101-vor-opri-intr-o-statie-noua-de-marti-7-martie\/#primaryimage"},"thumbnailUrl":"https:\/\/buletin.de\/bucuresti\/wp-content\/uploads\/329911028_1329799774239908_7233892442768094249_n-2.jpg","datePublished":"2023-03-07T07:32:28+00:00","dateModified":"2023-03-07T07:45:32+00:00","breadcrumb":{"@id":"https:\/\/buletin.de\/bucuresti\/autobuzele-liniilor-136-si-n101-vor-opri-intr-o-statie-noua-de-marti-7-martie\/#breadcrumb"},"inLanguage":"en-GB","potentialAction":[{"@type":"ReadAction","target":["https:\/\/buletin.de\/bucuresti\/autobuzele-liniilor-136-si-n101-vor-opri-intr-o-statie-noua-de-marti-7-martie\/"]}]},{"@type":"ImageObject","inLanguage":"en-GB","@id":"https:\/\/buletin.de\/bucuresti\/autobuzele-liniilor-136-si-n101-vor-opri-intr-o-statie-noua-de-marti-7-martie\/#primaryimage","url":"https:\/\/buletin.de\/bucuresti\/wp-content\/uploads\/329911028_1329799774239908_7233892442768094249_n-2.jpg","contentUrl":"https:\/\/buletin.de\/bucuresti\/wp-content\/uploads\/329911028_1329799774239908_7233892442768094249_n-2.jpg","width":1562,"height":1260},{"@type":"BreadcrumbList","@id":"https:\/\/buletin.de\/bucuresti\/autobuzele-liniilor-136-si-n101-vor-opri-intr-o-statie-noua-de-marti-7-martie\/#breadcrumb","itemListElement":[{"@type":"ListItem","position":1,"name":"Acas\u0103","item":"https:\/\/buletin.de\/bucuresti\/"},{"@type":"ListItem","position":2,"name":"Autobuzele liniilor 136 \u015fi N101 vor opri \u00eentr-o sta\u021bie nou\u0103, de mar\u021bi, 7 martie"}]},{"@type":"WebSite","@id":"https:\/\/buletin.de\/bucuresti\/#website","url":"https:\/\/buletin.de\/bucuresti\/","name":"Buletin de Bucure\u0219ti","description":"\u0218tiri \u0219i investiga\u021bii esen\u021biale din capital\u0103","publisher":{"@id":"https:\/\/buletin.de\/bucuresti\/#organization"},"potentialAction":[{"@type":"SearchAction","target":{"@type":"EntryPoint","urlTemplate":"https:\/\/buletin.de\/bucuresti\/?s={search_term_string}"},"query-input":{"@type":"PropertyValueSpecification","valueRequired":true,"valueName":"search_term_string"}}],"inLanguage":"en-GB"},{"@type":"Organization","@id":"https:\/\/buletin.de\/bucuresti\/#organization","name":"Buletin de Bucure\u0219ti","url":"https:\/\/buletin.de\/bucuresti\/","logo":{"@type":"ImageObject","inLanguage":"en-GB","@id":"https:\/\/buletin.de\/bucuresti\/#\/schema\/logo\/image\/","url":"https:\/\/buletin.de\/bucuresti\/wp-content\/uploads\/logo-bdb-full-wide-vernil-transparent.png","contentUrl":"https:\/\/buletin.de\/bucuresti\/wp-content\/uploads\/logo-bdb-full-wide-vernil-transparent.png","width":1782,"height":626,"caption":"Buletin de Bucure\u0219ti"},"image":{"@id":"https:\/\/buletin.de\/bucuresti\/#\/schema\/logo\/image\/"},"sameAs":["https:\/\/www.facebook.com\/buletin.de.buc","https:\/\/www.instagram.com\/buletinde.bucuresti\/"]},{"@type":"Person","@id":"https:\/\/buletin.de\/bucuresti\/#\/schema\/person\/87734700b2c7f8608881f7e93b8834de","name":"Andreea Gelatu","image":{"@type":"ImageObject","inLanguage":"en-GB","@id":"https:\/\/secure.gravatar.com\/avatar\/b716eca2f984b9b65bdd87118b4b909d940b619cbe6e8cb725fe11c1b1f4194f?s=96&d=monsterid&r=g9b5eff4996c6b842a29b3057a7b4746f","url":"https:\/\/secure.gravatar.com\/avatar\/b716eca2f984b9b65bdd87118b4b909d940b619cbe6e8cb725fe11c1b1f4194f?s=96&d=monsterid&r=g","contentUrl":"https:\/\/secure.gravatar.com\/avatar\/b716eca2f984b9b65bdd87118b4b909d940b619cbe6e8cb725fe11c1b1f4194f?s=96&d=monsterid&r=g","caption":"Andreea Gelatu"},"url":"https:\/\/buletin.de\/bucuresti\/author\/andreeagelatu\/"}]}},"authors":[{"term_id":22605,"user_id":46,"is_guest":0,"slug":"andreeagelatu","display_name":"Andreea Gelatu","avatar_url":"https:\/\/secure.gravatar.com\/avatar\/b716eca2f984b9b65bdd87118b4b909d940b619cbe6e8cb725fe11c1b1f4194f?s=96&d=monsterid&r=g","0":null,"1":"","2":"","3":"","4":"","5":"","6":"","7":"","8":""}],"_links":{"self":[{"href":"https:\/\/buletin.de\/bucuresti\/wp-json\/wp\/v2\/posts\/55523","targetHints":{"allow":["GET"]}}],"collection":[{"href":"https:\/\/buletin.de\/bucuresti\/wp-json\/wp\/v2\/posts"}],"about":[{"href":"https:\/\/buletin.de\/bucuresti\/wp-json\/wp\/v2\/types\/post"}],"author":[{"embeddable":true,"href":"https:\/\/buletin.de\/bucuresti\/wp-json\/wp\/v2\/users\/46"}],"replies":[{"embeddable":true,"href":"https:\/\/buletin.de\/bucuresti\/wp-json\/wp\/v2\/comments?post=55523"}],"version-history":[{"count":4,"href":"https:\/\/buletin.de\/bucuresti\/wp-json\/wp\/v2\/posts\/55523\/revisions"}],"predecessor-version":[{"id":55529,"href":"https:\/\/buletin.de\/bucuresti\/wp-json\/wp\/v2\/posts\/55523\/revisions\/55529"}],"wp:featuredmedia":[{"embeddable":true,"href":"https:\/\/buletin.de\/bucuresti\/wp-json\/wp\/v2\/media\/55530"}],"wp:attachment":[{"href":"https:\/\/buletin.de\/bucuresti\/wp-json\/wp\/v2\/media?parent=55523"}],"wp:term":[{"taxonomy":"category","embeddable":true,"href":"https:\/\/buletin.de\/bucuresti\/wp-json\/wp\/v2\/categories?post=55523"},{"taxonomy":"post_tag","embeddable":true,"href":"https:\/\/buletin.de\/bucuresti\/wp-json\/wp\/v2\/tags?post=55523"},{"taxonomy":"author","embeddable":true,"href":"https:\/\/buletin.de\/bucuresti\/wp-json\/wp\/v2\/ppma_author?post=55523"}],"curies":[{"name":"wp","href":"https:\/\/api.w.org\/{rel}","templated":true}]}}