{"id":55517,"date":"2023-03-06T17:42:46","date_gmt":"2023-03-06T15:42:46","guid":{"rendered":"https:\/\/buletin.de\/bucuresti\/?p=55517"},"modified":"2023-03-06T17:42:47","modified_gmt":"2023-03-06T15:42:47","slug":"gabriel-oprea-achitat-in-prima-instanta-in-dosarul-mortii-politistului-bogdan-gigina","status":"publish","type":"post","link":"https:\/\/buletin.de\/bucuresti\/gabriel-oprea-achitat-in-prima-instanta-in-dosarul-mortii-politistului-bogdan-gigina\/","title":{"rendered":"Gabriel Oprea, achitat \u00een prim\u0103 instan\u021b\u0103 \u00een dosarul mor\u021bii poli\u021bistului Bogdan Gigin\u0103"},"content":{"rendered":"\n<p><strong>Gabriel Oprea a fost achitat de Tribunalul Bucure\u0219ti \u00een procesul \u00een care este acuzat de ucidere din culp\u0103. Sentin\u021ba nu este definitiv\u0103, put\u00e2nd fi atacat\u0103 cu recurs, \u00eens\u0103 fapta pentru care fostul ministru de Interne este judecat se va prescrie \u00een toamna anului acesta, conform unor surse judiciare citate de libertatea.ro.&nbsp;<\/strong><\/p>\n\n\n\n<p>\u00cen procesul de ast\u0103zi, 6 martie, instan\u021ba Tribunalului Bucure\u0219ti a decis achitarea lui Gabriel Oprea \u00een dosarul mor\u021bii poli\u021bistului Bogdan Gigin\u0103. Singurul vinovat g\u0103sit de instan\u021b\u0103 a fost societatea care a executat lucr\u0103rile, General MPM Impex SRL, deoarece nu a semnalizat corespunz\u0103tor groapa \u00een care poli\u021bistul a c\u0103zut cu motocicleta, av\u00e2nd ca urmare moartea sa, \u0219i a fost amendat\u0103 cu 330.000 lei, conform minutei instan\u021bei. Administratorul societ\u0103\u021bii, Mazilu Petre, a fost condamnat la 2 ani \u0219i 8 luni cu suspendare, sub supraveghere.&nbsp;<\/p>\n\n\n\n<h2 class=\"wp-block-heading\">Contextul mor\u021bii poli\u021bistului<\/h2>\n\n\n\n<p>Accidentul s-a produs \u00een seara zilei de 20 octombrie 2015, iar poli\u021bistul Bogdan Gigin\u0103 \u201econducea\u201d coloana oficial\u0103 care-l transporta acas\u0103 pe Oprea, c\u00e2nd a intrat cu vitez\u0103 \u00eentr-o groap\u0103 nesemnalizat\u0103. Poli\u021bistul, \u00een v\u00e2rst\u0103 de 28 de ani, a murit \u00een urma unei hemoragii cranio-cerebrale.<\/p>\n\n\n\n<p>Condi\u021biile erau neprielnice, afar\u0103 plou\u00e2nd \u0219i fiind vizibilitate redus\u0103. \u00cens\u0103 viteza coloanei oficiale era de 84km\/h, peste limita de siguran\u021b\u0103, iar vinovat pentru acest lucru nu putea fi dec\u00e2t Oprea, conform procurorilor DNA: <em>\u201eViteza de deplasare era stabilit\u0103 \u00een mod implicit de c\u0103tre ministrul de Interne, prin comunicarea destina\u021biei \u0219i a momentului precis la care aceasta trebuia s\u0103 ajung\u0103 la destina\u021bie (&#8230;) era singurul \u00een m\u0103sur\u0103 s\u0103 solicite m\u0103rirea vitezei de deplasare dincolo de dep\u0103\u0219irea limitei de siguran\u021b\u0103.\u201d<\/em><\/p>\n\n\n\n<p>De c\u00e2nd a devenit ministru al Afacerilor Interne \u00een ianuarie 2014 a dispus de o coloan\u0103 oficial\u0103 pentru aproape toate deplas\u0103rile, oficiale sau private, conform procurorilor DNA. Pentru a-\u0219i face loc \u00een trafic, acesta cerea s\u0103 fie \u00eenso\u021bit \u00een permanen\u021b\u0103 de c\u0103tre un dispozitiv de Poli\u021bie Rutier\u0103.<\/p>\n\n\n\n<p>Pe l\u00e2ng\u0103 c\u0103 acest lucru era o \u00eenc\u0103lcarea a dispozi\u0163iilor legale privind \u00eenso\u0163irea demnitarilor de c\u0103tre Poli\u0163ia Rutier\u0103, escordatrea permanent\u0103 fiind un regim rezervat prin lege exclusiv pre\u0219edintelui Rom\u00e2niei, pre\u0219edin\u021bilor celor dou\u0103 camere ale Parlamentului \u0219i prim-ministrului, Gabriel Oprea l-a folosit \u0219i \u00een mod abuziv, adic\u0103 de trei ori mai mult dec\u00e2t pre\u0219edintele de la acea vreme, \u00een aceea\u0219i perioad\u0103 de timp.&nbsp;<\/p>\n\n\n\n<p>Tot conform explica\u021biilor DNA, dou\u0103 dintre cele trei \u00eemprejur\u0103ri care au condus la moartea poli\u021bistului \u00eei sunt imputabile lui Gabriel Oprea, \u0219i anume prezen\u021ba victimei \u00een coloana oficial\u0103 \u0219i neadaptarea la condi\u021biile meteorologice.&nbsp;<\/p>\n\n\n\n<p>A treia \u00eemprejurare, semnalizarea deficitar\u0103 a obstacolelor, a fost imputat\u0103 de c\u0103tre Tribunalul Bucure\u0219ti societ\u0103\u021bii care a demarat lucr\u0103rile. \u00cens\u0103 Oprea a fost achitat.&nbsp;<\/p>\n\n\n\n<p><em>\u201e(\u2026) s-a verificat caracterul ilicit \u015fi culpabil al urm\u0103toarelor ac\u0163iuni care au dus la decesul victimei: prezen\u0163a victimei ca motociclist \u00eentr-o coloan\u0103 oficial\u0103; viteza de deplasare \u015fi neadaptarea acesteia la condi\u0163iile meteorologice; modalitatea deficitar\u0103 de semnalizate a obstacolelor existente pe carosabil. Cu privire la primele dou\u0103 cauze \u2013 prezen\u0163a victimei ca motociclist \u00eentr-o coloan\u0103 oficial\u0103, viteza de deplasare \u015fi neadaptarea acesteia la condi\u0163iile meteorologice \u2013 a rezultat c\u0103 aceste activit\u0103\u0163i au fost determinate \u015fi c\u0103 \u00eei sunt imputabile inculpatului Oprea Gabriel\u201d<\/em><\/p>\n\n\n\n<p>Surs\u0103 fotografie: Inquam Photos \/ Virgil Simonescu<\/p>\n","protected":false},"excerpt":{"rendered":"<p>Gabriel Oprea a fost achitat de Tribunalul Bucure\u0219ti \u00een procesul \u00een care este acuzat de ucidere din culp\u0103. Sentin\u021ba nu este definitiv\u0103, put\u00e2nd fi atacat\u0103 cu recurs, \u00eens\u0103 fapta pentru care fostul ministru de Interne este judecat se va prescrie \u00een toamna anului acesta, conform unor surse judiciare citate de libertatea.ro.&nbsp; \u00cen procesul de ast\u0103zi, [&hellip;]<\/p>\n","protected":false},"author":47,"featured_media":55518,"comment_status":"closed","ping_status":"open","sticky":false,"template":"","format":"standard","meta":{"_acf_changed":false,"inline_featured_image":false,"ngg_post_thumbnail":0,"footnotes":""},"categories":[62],"tags":[],"ppma_author":[22580],"class_list":["post-55517","post","type-post","status-publish","format-standard","has-post-thumbnail","hentry","category-stiri"],"acf":[],"yoast_head":"<!-- This site is optimized with the Yoast SEO Premium plugin v25.3 (Yoast SEO v27.5) - https:\/\/yoast.com\/product\/yoast-seo-premium-wordpress\/ -->\n<title>Gabriel Oprea, achitat \u00een prim\u0103 instan\u021b\u0103 \u00een dosarul mor\u021bii poli\u021bistului Bogdan Gigin\u0103 - Buletin de Bucure\u0219ti<\/title>\n<meta name=\"robots\" content=\"index, follow, max-snippet:-1, max-image-preview:large, max-video-preview:-1\" \/>\n<link rel=\"canonical\" href=\"https:\/\/buletin.de\/bucuresti\/gabriel-oprea-achitat-in-prima-instanta-in-dosarul-mortii-politistului-bogdan-gigina\/\" \/>\n<meta property=\"og:locale\" content=\"en_GB\" \/>\n<meta property=\"og:type\" content=\"article\" \/>\n<meta property=\"og:title\" content=\"Gabriel Oprea, achitat \u00een prim\u0103 instan\u021b\u0103 \u00een dosarul mor\u021bii poli\u021bistului Bogdan Gigin\u0103\" \/>\n<meta property=\"og:description\" content=\"Gabriel Oprea a fost achitat de Tribunalul Bucure\u0219ti \u00een procesul \u00een care este acuzat de ucidere din culp\u0103. Sentin\u021ba nu este definitiv\u0103, put\u00e2nd fi atacat\u0103 cu recurs, \u00eens\u0103 fapta pentru care fostul ministru de Interne este judecat se va prescrie \u00een toamna anului acesta, conform unor surse judiciare citate de libertatea.ro.&nbsp; \u00cen procesul de ast\u0103zi, [&hellip;]\" \/>\n<meta property=\"og:url\" content=\"https:\/\/buletin.de\/bucuresti\/gabriel-oprea-achitat-in-prima-instanta-in-dosarul-mortii-politistului-bogdan-gigina\/\" \/>\n<meta property=\"og:site_name\" content=\"Buletin de Bucure\u0219ti\" \/>\n<meta property=\"article:publisher\" content=\"https:\/\/www.facebook.com\/buletin.de.buc\" \/>\n<meta property=\"article:published_time\" content=\"2023-03-06T15:42:46+00:00\" \/>\n<meta property=\"article:modified_time\" content=\"2023-03-06T15:42:47+00:00\" \/>\n<meta property=\"og:image\" content=\"https:\/\/buletin.de\/bucuresti\/wp-content\/uploads\/WhatsApp-Image-2023-03-06-at-17.33.43.jpeg\" \/>\n\t<meta property=\"og:image:width\" content=\"1600\" \/>\n\t<meta property=\"og:image:height\" content=\"1066\" \/>\n\t<meta property=\"og:image:type\" content=\"image\/jpeg\" \/>\n<meta name=\"author\" content=\"Adina C\u0103p\u00eelnean\" \/>\n<meta name=\"twitter:card\" content=\"summary_large_image\" \/>\n<meta name=\"twitter:label1\" content=\"Written by\" \/>\n\t<meta name=\"twitter:data1\" content=\"Adina C\u0103p\u00eelnean\" \/>\n\t<meta name=\"twitter:label2\" content=\"Estimated reading time\" \/>\n\t<meta name=\"twitter:data2\" content=\"3 minutes\" \/>\n<script type=\"application\/ld+json\" class=\"yoast-schema-graph\">{\"@context\":\"https:\\\/\\\/schema.org\",\"@graph\":[{\"@type\":\"Article\",\"@id\":\"https:\\\/\\\/buletin.de\\\/bucuresti\\\/gabriel-oprea-achitat-in-prima-instanta-in-dosarul-mortii-politistului-bogdan-gigina\\\/#article\",\"isPartOf\":{\"@id\":\"https:\\\/\\\/buletin.de\\\/bucuresti\\\/gabriel-oprea-achitat-in-prima-instanta-in-dosarul-mortii-politistului-bogdan-gigina\\\/\"},\"author\":{\"name\":\"Adina C\u0103p\u00eelnean\",\"@id\":\"https:\\\/\\\/buletin.de\\\/bucuresti\\\/#\\\/schema\\\/person\\\/ab174cf6711728e4ee83d672acf9a912\"},\"headline\":\"Gabriel Oprea, achitat \u00een prim\u0103 instan\u021b\u0103 \u00een dosarul mor\u021bii poli\u021bistului Bogdan Gigin\u0103\",\"datePublished\":\"2023-03-06T15:42:46+00:00\",\"dateModified\":\"2023-03-06T15:42:47+00:00\",\"mainEntityOfPage\":{\"@id\":\"https:\\\/\\\/buletin.de\\\/bucuresti\\\/gabriel-oprea-achitat-in-prima-instanta-in-dosarul-mortii-politistului-bogdan-gigina\\\/\"},\"wordCount\":586,\"publisher\":{\"@id\":\"https:\\\/\\\/buletin.de\\\/bucuresti\\\/#organization\"},\"image\":{\"@id\":\"https:\\\/\\\/buletin.de\\\/bucuresti\\\/gabriel-oprea-achitat-in-prima-instanta-in-dosarul-mortii-politistului-bogdan-gigina\\\/#primaryimage\"},\"thumbnailUrl\":\"https:\\\/\\\/buletin.de\\\/bucuresti\\\/wp-content\\\/uploads\\\/WhatsApp-Image-2023-03-06-at-17.33.43.jpeg\",\"articleSection\":[\"\u0218tiri\"],\"inLanguage\":\"en-GB\",\"copyrightYear\":\"2023\",\"copyrightHolder\":{\"@id\":\"https:\\\/\\\/buletin.de\\\/bucuresti\\\/#organization\"}},{\"@type\":\"WebPage\",\"@id\":\"https:\\\/\\\/buletin.de\\\/bucuresti\\\/gabriel-oprea-achitat-in-prima-instanta-in-dosarul-mortii-politistului-bogdan-gigina\\\/\",\"url\":\"https:\\\/\\\/buletin.de\\\/bucuresti\\\/gabriel-oprea-achitat-in-prima-instanta-in-dosarul-mortii-politistului-bogdan-gigina\\\/\",\"name\":\"Gabriel Oprea, achitat \u00een prim\u0103 instan\u021b\u0103 \u00een dosarul mor\u021bii poli\u021bistului Bogdan Gigin\u0103 - Buletin de Bucure\u0219ti\",\"isPartOf\":{\"@id\":\"https:\\\/\\\/buletin.de\\\/bucuresti\\\/#website\"},\"primaryImageOfPage\":{\"@id\":\"https:\\\/\\\/buletin.de\\\/bucuresti\\\/gabriel-oprea-achitat-in-prima-instanta-in-dosarul-mortii-politistului-bogdan-gigina\\\/#primaryimage\"},\"image\":{\"@id\":\"https:\\\/\\\/buletin.de\\\/bucuresti\\\/gabriel-oprea-achitat-in-prima-instanta-in-dosarul-mortii-politistului-bogdan-gigina\\\/#primaryimage\"},\"thumbnailUrl\":\"https:\\\/\\\/buletin.de\\\/bucuresti\\\/wp-content\\\/uploads\\\/WhatsApp-Image-2023-03-06-at-17.33.43.jpeg\",\"datePublished\":\"2023-03-06T15:42:46+00:00\",\"dateModified\":\"2023-03-06T15:42:47+00:00\",\"breadcrumb\":{\"@id\":\"https:\\\/\\\/buletin.de\\\/bucuresti\\\/gabriel-oprea-achitat-in-prima-instanta-in-dosarul-mortii-politistului-bogdan-gigina\\\/#breadcrumb\"},\"inLanguage\":\"en-GB\",\"potentialAction\":[{\"@type\":\"ReadAction\",\"target\":[\"https:\\\/\\\/buletin.de\\\/bucuresti\\\/gabriel-oprea-achitat-in-prima-instanta-in-dosarul-mortii-politistului-bogdan-gigina\\\/\"]}]},{\"@type\":\"ImageObject\",\"inLanguage\":\"en-GB\",\"@id\":\"https:\\\/\\\/buletin.de\\\/bucuresti\\\/gabriel-oprea-achitat-in-prima-instanta-in-dosarul-mortii-politistului-bogdan-gigina\\\/#primaryimage\",\"url\":\"https:\\\/\\\/buletin.de\\\/bucuresti\\\/wp-content\\\/uploads\\\/WhatsApp-Image-2023-03-06-at-17.33.43.jpeg\",\"contentUrl\":\"https:\\\/\\\/buletin.de\\\/bucuresti\\\/wp-content\\\/uploads\\\/WhatsApp-Image-2023-03-06-at-17.33.43.jpeg\",\"width\":1600,\"height\":1066},{\"@type\":\"BreadcrumbList\",\"@id\":\"https:\\\/\\\/buletin.de\\\/bucuresti\\\/gabriel-oprea-achitat-in-prima-instanta-in-dosarul-mortii-politistului-bogdan-gigina\\\/#breadcrumb\",\"itemListElement\":[{\"@type\":\"ListItem\",\"position\":1,\"name\":\"Acas\u0103\",\"item\":\"https:\\\/\\\/buletin.de\\\/bucuresti\\\/\"},{\"@type\":\"ListItem\",\"position\":2,\"name\":\"Gabriel Oprea, achitat \u00een prim\u0103 instan\u021b\u0103 \u00een dosarul mor\u021bii poli\u021bistului Bogdan Gigin\u0103\"}]},{\"@type\":\"WebSite\",\"@id\":\"https:\\\/\\\/buletin.de\\\/bucuresti\\\/#website\",\"url\":\"https:\\\/\\\/buletin.de\\\/bucuresti\\\/\",\"name\":\"Buletin de Bucure\u0219ti\",\"description\":\"\u0218tiri \u0219i investiga\u021bii esen\u021biale din capital\u0103\",\"publisher\":{\"@id\":\"https:\\\/\\\/buletin.de\\\/bucuresti\\\/#organization\"},\"potentialAction\":[{\"@type\":\"SearchAction\",\"target\":{\"@type\":\"EntryPoint\",\"urlTemplate\":\"https:\\\/\\\/buletin.de\\\/bucuresti\\\/?s={search_term_string}\"},\"query-input\":{\"@type\":\"PropertyValueSpecification\",\"valueRequired\":true,\"valueName\":\"search_term_string\"}}],\"inLanguage\":\"en-GB\"},{\"@type\":\"Organization\",\"@id\":\"https:\\\/\\\/buletin.de\\\/bucuresti\\\/#organization\",\"name\":\"Buletin de Bucure\u0219ti\",\"url\":\"https:\\\/\\\/buletin.de\\\/bucuresti\\\/\",\"logo\":{\"@type\":\"ImageObject\",\"inLanguage\":\"en-GB\",\"@id\":\"https:\\\/\\\/buletin.de\\\/bucuresti\\\/#\\\/schema\\\/logo\\\/image\\\/\",\"url\":\"https:\\\/\\\/buletin.de\\\/bucuresti\\\/wp-content\\\/uploads\\\/logo-bdb-full-wide-vernil-transparent.png\",\"contentUrl\":\"https:\\\/\\\/buletin.de\\\/bucuresti\\\/wp-content\\\/uploads\\\/logo-bdb-full-wide-vernil-transparent.png\",\"width\":1782,\"height\":626,\"caption\":\"Buletin de Bucure\u0219ti\"},\"image\":{\"@id\":\"https:\\\/\\\/buletin.de\\\/bucuresti\\\/#\\\/schema\\\/logo\\\/image\\\/\"},\"sameAs\":[\"https:\\\/\\\/www.facebook.com\\\/buletin.de.buc\",\"https:\\\/\\\/www.instagram.com\\\/buletinde.bucuresti\\\/\"]},{\"@type\":\"Person\",\"@id\":\"https:\\\/\\\/buletin.de\\\/bucuresti\\\/#\\\/schema\\\/person\\\/ab174cf6711728e4ee83d672acf9a912\",\"name\":\"Adina C\u0103p\u00eelnean\",\"image\":{\"@type\":\"ImageObject\",\"inLanguage\":\"en-GB\",\"@id\":\"https:\\\/\\\/secure.gravatar.com\\\/avatar\\\/4fe9675d6282fd7c1aa4e486a037d532d5728fc16a30360f293eb6126b2e73ad?s=96&d=monsterid&r=ge2b23868508aec3460d3c6a11d3b599a\",\"url\":\"https:\\\/\\\/secure.gravatar.com\\\/avatar\\\/4fe9675d6282fd7c1aa4e486a037d532d5728fc16a30360f293eb6126b2e73ad?s=96&d=monsterid&r=g\",\"contentUrl\":\"https:\\\/\\\/secure.gravatar.com\\\/avatar\\\/4fe9675d6282fd7c1aa4e486a037d532d5728fc16a30360f293eb6126b2e73ad?s=96&d=monsterid&r=g\",\"caption\":\"Adina C\u0103p\u00eelnean\"},\"url\":\"https:\\\/\\\/buletin.de\\\/bucuresti\\\/author\\\/adinacapilnean\\\/\"}]}<\/script>\n<!-- \/ Yoast SEO Premium plugin. -->","yoast_head_json":{"title":"Gabriel Oprea, achitat \u00een prim\u0103 instan\u021b\u0103 \u00een dosarul mor\u021bii poli\u021bistului Bogdan Gigin\u0103 - Buletin de Bucure\u0219ti","robots":{"index":"index","follow":"follow","max-snippet":"max-snippet:-1","max-image-preview":"max-image-preview:large","max-video-preview":"max-video-preview:-1"},"canonical":"https:\/\/buletin.de\/bucuresti\/gabriel-oprea-achitat-in-prima-instanta-in-dosarul-mortii-politistului-bogdan-gigina\/","og_locale":"en_GB","og_type":"article","og_title":"Gabriel Oprea, achitat \u00een prim\u0103 instan\u021b\u0103 \u00een dosarul mor\u021bii poli\u021bistului Bogdan Gigin\u0103","og_description":"Gabriel Oprea a fost achitat de Tribunalul Bucure\u0219ti \u00een procesul \u00een care este acuzat de ucidere din culp\u0103. Sentin\u021ba nu este definitiv\u0103, put\u00e2nd fi atacat\u0103 cu recurs, \u00eens\u0103 fapta pentru care fostul ministru de Interne este judecat se va prescrie \u00een toamna anului acesta, conform unor surse judiciare citate de libertatea.ro.&nbsp; \u00cen procesul de ast\u0103zi, [&hellip;]","og_url":"https:\/\/buletin.de\/bucuresti\/gabriel-oprea-achitat-in-prima-instanta-in-dosarul-mortii-politistului-bogdan-gigina\/","og_site_name":"Buletin de Bucure\u0219ti","article_publisher":"https:\/\/www.facebook.com\/buletin.de.buc","article_published_time":"2023-03-06T15:42:46+00:00","article_modified_time":"2023-03-06T15:42:47+00:00","og_image":[{"width":1600,"height":1066,"url":"https:\/\/buletin.de\/bucuresti\/wp-content\/uploads\/WhatsApp-Image-2023-03-06-at-17.33.43.jpeg","type":"image\/jpeg"}],"author":"Adina C\u0103p\u00eelnean","twitter_card":"summary_large_image","twitter_misc":{"Written by":"Adina C\u0103p\u00eelnean","Estimated reading time":"3 minutes"},"schema":{"@context":"https:\/\/schema.org","@graph":[{"@type":"Article","@id":"https:\/\/buletin.de\/bucuresti\/gabriel-oprea-achitat-in-prima-instanta-in-dosarul-mortii-politistului-bogdan-gigina\/#article","isPartOf":{"@id":"https:\/\/buletin.de\/bucuresti\/gabriel-oprea-achitat-in-prima-instanta-in-dosarul-mortii-politistului-bogdan-gigina\/"},"author":{"name":"Adina C\u0103p\u00eelnean","@id":"https:\/\/buletin.de\/bucuresti\/#\/schema\/person\/ab174cf6711728e4ee83d672acf9a912"},"headline":"Gabriel Oprea, achitat \u00een prim\u0103 instan\u021b\u0103 \u00een dosarul mor\u021bii poli\u021bistului Bogdan Gigin\u0103","datePublished":"2023-03-06T15:42:46+00:00","dateModified":"2023-03-06T15:42:47+00:00","mainEntityOfPage":{"@id":"https:\/\/buletin.de\/bucuresti\/gabriel-oprea-achitat-in-prima-instanta-in-dosarul-mortii-politistului-bogdan-gigina\/"},"wordCount":586,"publisher":{"@id":"https:\/\/buletin.de\/bucuresti\/#organization"},"image":{"@id":"https:\/\/buletin.de\/bucuresti\/gabriel-oprea-achitat-in-prima-instanta-in-dosarul-mortii-politistului-bogdan-gigina\/#primaryimage"},"thumbnailUrl":"https:\/\/buletin.de\/bucuresti\/wp-content\/uploads\/WhatsApp-Image-2023-03-06-at-17.33.43.jpeg","articleSection":["\u0218tiri"],"inLanguage":"en-GB","copyrightYear":"2023","copyrightHolder":{"@id":"https:\/\/buletin.de\/bucuresti\/#organization"}},{"@type":"WebPage","@id":"https:\/\/buletin.de\/bucuresti\/gabriel-oprea-achitat-in-prima-instanta-in-dosarul-mortii-politistului-bogdan-gigina\/","url":"https:\/\/buletin.de\/bucuresti\/gabriel-oprea-achitat-in-prima-instanta-in-dosarul-mortii-politistului-bogdan-gigina\/","name":"Gabriel Oprea, achitat \u00een prim\u0103 instan\u021b\u0103 \u00een dosarul mor\u021bii poli\u021bistului Bogdan Gigin\u0103 - Buletin de Bucure\u0219ti","isPartOf":{"@id":"https:\/\/buletin.de\/bucuresti\/#website"},"primaryImageOfPage":{"@id":"https:\/\/buletin.de\/bucuresti\/gabriel-oprea-achitat-in-prima-instanta-in-dosarul-mortii-politistului-bogdan-gigina\/#primaryimage"},"image":{"@id":"https:\/\/buletin.de\/bucuresti\/gabriel-oprea-achitat-in-prima-instanta-in-dosarul-mortii-politistului-bogdan-gigina\/#primaryimage"},"thumbnailUrl":"https:\/\/buletin.de\/bucuresti\/wp-content\/uploads\/WhatsApp-Image-2023-03-06-at-17.33.43.jpeg","datePublished":"2023-03-06T15:42:46+00:00","dateModified":"2023-03-06T15:42:47+00:00","breadcrumb":{"@id":"https:\/\/buletin.de\/bucuresti\/gabriel-oprea-achitat-in-prima-instanta-in-dosarul-mortii-politistului-bogdan-gigina\/#breadcrumb"},"inLanguage":"en-GB","potentialAction":[{"@type":"ReadAction","target":["https:\/\/buletin.de\/bucuresti\/gabriel-oprea-achitat-in-prima-instanta-in-dosarul-mortii-politistului-bogdan-gigina\/"]}]},{"@type":"ImageObject","inLanguage":"en-GB","@id":"https:\/\/buletin.de\/bucuresti\/gabriel-oprea-achitat-in-prima-instanta-in-dosarul-mortii-politistului-bogdan-gigina\/#primaryimage","url":"https:\/\/buletin.de\/bucuresti\/wp-content\/uploads\/WhatsApp-Image-2023-03-06-at-17.33.43.jpeg","contentUrl":"https:\/\/buletin.de\/bucuresti\/wp-content\/uploads\/WhatsApp-Image-2023-03-06-at-17.33.43.jpeg","width":1600,"height":1066},{"@type":"BreadcrumbList","@id":"https:\/\/buletin.de\/bucuresti\/gabriel-oprea-achitat-in-prima-instanta-in-dosarul-mortii-politistului-bogdan-gigina\/#breadcrumb","itemListElement":[{"@type":"ListItem","position":1,"name":"Acas\u0103","item":"https:\/\/buletin.de\/bucuresti\/"},{"@type":"ListItem","position":2,"name":"Gabriel Oprea, achitat \u00een prim\u0103 instan\u021b\u0103 \u00een dosarul mor\u021bii poli\u021bistului Bogdan Gigin\u0103"}]},{"@type":"WebSite","@id":"https:\/\/buletin.de\/bucuresti\/#website","url":"https:\/\/buletin.de\/bucuresti\/","name":"Buletin de Bucure\u0219ti","description":"\u0218tiri \u0219i investiga\u021bii esen\u021biale din capital\u0103","publisher":{"@id":"https:\/\/buletin.de\/bucuresti\/#organization"},"potentialAction":[{"@type":"SearchAction","target":{"@type":"EntryPoint","urlTemplate":"https:\/\/buletin.de\/bucuresti\/?s={search_term_string}"},"query-input":{"@type":"PropertyValueSpecification","valueRequired":true,"valueName":"search_term_string"}}],"inLanguage":"en-GB"},{"@type":"Organization","@id":"https:\/\/buletin.de\/bucuresti\/#organization","name":"Buletin de Bucure\u0219ti","url":"https:\/\/buletin.de\/bucuresti\/","logo":{"@type":"ImageObject","inLanguage":"en-GB","@id":"https:\/\/buletin.de\/bucuresti\/#\/schema\/logo\/image\/","url":"https:\/\/buletin.de\/bucuresti\/wp-content\/uploads\/logo-bdb-full-wide-vernil-transparent.png","contentUrl":"https:\/\/buletin.de\/bucuresti\/wp-content\/uploads\/logo-bdb-full-wide-vernil-transparent.png","width":1782,"height":626,"caption":"Buletin de Bucure\u0219ti"},"image":{"@id":"https:\/\/buletin.de\/bucuresti\/#\/schema\/logo\/image\/"},"sameAs":["https:\/\/www.facebook.com\/buletin.de.buc","https:\/\/www.instagram.com\/buletinde.bucuresti\/"]},{"@type":"Person","@id":"https:\/\/buletin.de\/bucuresti\/#\/schema\/person\/ab174cf6711728e4ee83d672acf9a912","name":"Adina C\u0103p\u00eelnean","image":{"@type":"ImageObject","inLanguage":"en-GB","@id":"https:\/\/secure.gravatar.com\/avatar\/4fe9675d6282fd7c1aa4e486a037d532d5728fc16a30360f293eb6126b2e73ad?s=96&d=monsterid&r=ge2b23868508aec3460d3c6a11d3b599a","url":"https:\/\/secure.gravatar.com\/avatar\/4fe9675d6282fd7c1aa4e486a037d532d5728fc16a30360f293eb6126b2e73ad?s=96&d=monsterid&r=g","contentUrl":"https:\/\/secure.gravatar.com\/avatar\/4fe9675d6282fd7c1aa4e486a037d532d5728fc16a30360f293eb6126b2e73ad?s=96&d=monsterid&r=g","caption":"Adina C\u0103p\u00eelnean"},"url":"https:\/\/buletin.de\/bucuresti\/author\/adinacapilnean\/"}]}},"authors":[{"term_id":22580,"user_id":47,"is_guest":0,"slug":"adinacapilnean","display_name":"Adina C\u0103p\u00eelnean","avatar_url":"https:\/\/secure.gravatar.com\/avatar\/4fe9675d6282fd7c1aa4e486a037d532d5728fc16a30360f293eb6126b2e73ad?s=96&d=monsterid&r=g","0":null,"1":"","2":"","3":"","4":"","5":"","6":"","7":"","8":""}],"_links":{"self":[{"href":"https:\/\/buletin.de\/bucuresti\/wp-json\/wp\/v2\/posts\/55517","targetHints":{"allow":["GET"]}}],"collection":[{"href":"https:\/\/buletin.de\/bucuresti\/wp-json\/wp\/v2\/posts"}],"about":[{"href":"https:\/\/buletin.de\/bucuresti\/wp-json\/wp\/v2\/types\/post"}],"author":[{"embeddable":true,"href":"https:\/\/buletin.de\/bucuresti\/wp-json\/wp\/v2\/users\/47"}],"replies":[{"embeddable":true,"href":"https:\/\/buletin.de\/bucuresti\/wp-json\/wp\/v2\/comments?post=55517"}],"version-history":[{"count":3,"href":"https:\/\/buletin.de\/bucuresti\/wp-json\/wp\/v2\/posts\/55517\/revisions"}],"predecessor-version":[{"id":55522,"href":"https:\/\/buletin.de\/bucuresti\/wp-json\/wp\/v2\/posts\/55517\/revisions\/55522"}],"wp:featuredmedia":[{"embeddable":true,"href":"https:\/\/buletin.de\/bucuresti\/wp-json\/wp\/v2\/media\/55518"}],"wp:attachment":[{"href":"https:\/\/buletin.de\/bucuresti\/wp-json\/wp\/v2\/media?parent=55517"}],"wp:term":[{"taxonomy":"category","embeddable":true,"href":"https:\/\/buletin.de\/bucuresti\/wp-json\/wp\/v2\/categories?post=55517"},{"taxonomy":"post_tag","embeddable":true,"href":"https:\/\/buletin.de\/bucuresti\/wp-json\/wp\/v2\/tags?post=55517"},{"taxonomy":"author","embeddable":true,"href":"https:\/\/buletin.de\/bucuresti\/wp-json\/wp\/v2\/ppma_author?post=55517"}],"curies":[{"name":"wp","href":"https:\/\/api.w.org\/{rel}","templated":true}]}}