{"id":55352,"date":"2023-03-02T18:32:15","date_gmt":"2023-03-02T16:32:15","guid":{"rendered":"https:\/\/buletin.de\/bucuresti\/?p=55352"},"modified":"2023-03-02T18:32:16","modified_gmt":"2023-03-02T16:32:16","slug":"4-hectare-retrocedate-din-parcul-plumbuita-cumparate-de-primaria-sectorului-2","status":"publish","type":"post","link":"https:\/\/buletin.de\/bucuresti\/4-hectare-retrocedate-din-parcul-plumbuita-cumparate-de-primaria-sectorului-2\/","title":{"rendered":"4 hectare retrocedate din Parcul Plumbuita, cump\u0103rate de Prim\u0103ria Sectorului 2"},"content":{"rendered":"\n<p>Consiliul General al Municipiului Bucure\u0219ti a \u00eemputernicit Prim\u0103ria Sectorului 2 s\u0103 achizi\u021bioneze 4 hectare din parcul Plumbuita, zon\u0103 ce se afl\u0103 \u00een paragin\u0103. Hot\u0103r\u00e2rea a fost adoptat\u0103 \u00een cadrul \u0219edin\u021bei Consiliului General de joi, cu 50 de voturi \u201dpentru\u201d \u0219i o ab\u021binere.\u00a0<\/p>\n\n\n\n<p>Scopul achizi\u021biei zonei retrocedate din parcul Plumbuita este reamenajarea \u0219i modernizarea spa\u0163iilor verzi \u0219i a zonelor de joac\u0103 pentru copii, potrivit hot\u0103r\u00e2rii Consiliului General. Rezultatul acestor amenaj\u0103ri va fi extinderea zonei de agrement \u0219i recreere din parc. Terenul de pe strada Plumbuita este de 41. 324 mp \u0219i va fi amenajat special pentru activit\u0103\u021bile cu caracter recreativ \u0219i petrecerii timpului liber.\u00a0<\/p>\n\n\n\n<p><br>Sumele necesare achizi\u021bion\u0103rii terenului, precum \u0219i a lucr\u0103rilor de amenajare, vor fi achitate integral din bugetul local al Sectorului 2 al Municipiului Bucure\u0219ti.&nbsp;<\/p>\n\n\n\n<p>Consiliul Local al Sectorului 2 aprobase de pe 25 ianuarie o hot\u0103r\u00e2re prin care se solicit\u0103 acordul Consiliului General \u00een vederea achizi\u0163ion\u0103rii terenului respectiv. Radu Mihaiu, primarul Sectorului 2, a precizat c\u0103 exist\u0103 o coresponden\u0163\u0103 formal\u0103 cu reprezentan\u0163ii proprietarilor, care \u015fi-au exprimat inten\u0163ia de a vinde terenul.&nbsp; Proprietarii celor 4 hectare retrocedate sunt: B\u0103rbulescu Teodora, Coroi Rodica-Eugenia \u0219i Hanganu Anca-Maria.<br><br>&#8220;Este un teren proprietate privat\u0103. Proprietarii au ac\u0163ionat Prim\u0103ria Capitalei \u00een instan\u0163\u0103, cer\u00e2nd schimbarea din spa\u0163iu verde \u00een construibil (&#8230;) Au existat discu\u0163ii anterioare acestei \u015fedin\u0163e, \u00een care \u015ftim c\u0103 proprietarii inten\u0163ioneaz\u0103 s\u0103 v\u00e2nd\u0103, adic\u0103 sunt deschi\u015fi la o v\u00e2nzare a acestui teren. Mi-a\u015f dori s\u0103 cump\u0103r\u0103m terenul acesta. Din acest punct de vedere, acum, cerem acordul Consiliului General s\u0103 \u00eel cump\u0103r\u0103m, dar vom avea o comisie de negociere&#8221;, a explicat primarul Sectorului 2 Radu Mihaiu, potrivit spotmedia.ro<\/p>\n","protected":false},"excerpt":{"rendered":"<p>Consiliul General al Municipiului Bucure\u0219ti a \u00eemputernicit Prim\u0103ria Sectorului 2 s\u0103 achizi\u021bioneze 4 hectare din parcul Plumbuita, zon\u0103 ce se afl\u0103 \u00een paragin\u0103. Hot\u0103r\u00e2rea a fost adoptat\u0103 \u00een cadrul \u0219edin\u021bei Consiliului General de joi, cu 50 de voturi \u201dpentru\u201d \u0219i o ab\u021binere.\u00a0 Scopul achizi\u021biei zonei retrocedate din parcul Plumbuita este reamenajarea \u0219i modernizarea spa\u0163iilor verzi [&hellip;]<\/p>\n","protected":false},"author":45,"featured_media":55353,"comment_status":"closed","ping_status":"open","sticky":false,"template":"","format":"standard","meta":{"_acf_changed":false,"inline_featured_image":false,"ngg_post_thumbnail":0,"footnotes":""},"categories":[62],"tags":[],"ppma_author":[22604],"class_list":["post-55352","post","type-post","status-publish","format-standard","has-post-thumbnail","hentry","category-stiri"],"acf":[],"yoast_head":"<!-- This site is optimized with the Yoast SEO Premium plugin v25.3 (Yoast SEO v27.4) - https:\/\/yoast.com\/product\/yoast-seo-premium-wordpress\/ -->\n<title>4 hectare retrocedate din Parcul Plumbuita, cump\u0103rate de Prim\u0103ria Sectorului 2 - Buletin de Bucure\u0219ti<\/title>\n<meta name=\"robots\" content=\"index, follow, max-snippet:-1, max-image-preview:large, max-video-preview:-1\" \/>\n<link rel=\"canonical\" href=\"https:\/\/buletin.de\/bucuresti\/4-hectare-retrocedate-din-parcul-plumbuita-cumparate-de-primaria-sectorului-2\/\" \/>\n<meta property=\"og:locale\" content=\"en_GB\" \/>\n<meta property=\"og:type\" content=\"article\" \/>\n<meta property=\"og:title\" content=\"4 hectare retrocedate din Parcul Plumbuita, cump\u0103rate de Prim\u0103ria Sectorului 2\" \/>\n<meta property=\"og:description\" content=\"Consiliul General al Municipiului Bucure\u0219ti a \u00eemputernicit Prim\u0103ria Sectorului 2 s\u0103 achizi\u021bioneze 4 hectare din parcul Plumbuita, zon\u0103 ce se afl\u0103 \u00een paragin\u0103. Hot\u0103r\u00e2rea a fost adoptat\u0103 \u00een cadrul \u0219edin\u021bei Consiliului General de joi, cu 50 de voturi \u201dpentru\u201d \u0219i o ab\u021binere.\u00a0 Scopul achizi\u021biei zonei retrocedate din parcul Plumbuita este reamenajarea \u0219i modernizarea spa\u0163iilor verzi [&hellip;]\" \/>\n<meta property=\"og:url\" content=\"https:\/\/buletin.de\/bucuresti\/4-hectare-retrocedate-din-parcul-plumbuita-cumparate-de-primaria-sectorului-2\/\" \/>\n<meta property=\"og:site_name\" content=\"Buletin de Bucure\u0219ti\" \/>\n<meta property=\"article:publisher\" content=\"https:\/\/www.facebook.com\/buletin.de.buc\" \/>\n<meta property=\"article:published_time\" content=\"2023-03-02T16:32:15+00:00\" \/>\n<meta property=\"article:modified_time\" content=\"2023-03-02T16:32:16+00:00\" \/>\n<meta property=\"og:image\" content=\"https:\/\/buletin.de\/bucuresti\/wp-content\/uploads\/Screenshot-93-4.png\" \/>\n\t<meta property=\"og:image:width\" content=\"940\" \/>\n\t<meta property=\"og:image:height\" content=\"738\" \/>\n\t<meta property=\"og:image:type\" content=\"image\/png\" \/>\n<meta name=\"author\" content=\"Teodora \u0218uta\" \/>\n<meta name=\"twitter:card\" content=\"summary_large_image\" \/>\n<meta name=\"twitter:label1\" content=\"Written by\" \/>\n\t<meta name=\"twitter:data1\" content=\"Teodora \u0218uta\" \/>\n\t<meta name=\"twitter:label2\" content=\"Estimated reading time\" \/>\n\t<meta name=\"twitter:data2\" content=\"2 minutes\" \/>\n<script type=\"application\/ld+json\" class=\"yoast-schema-graph\">{\"@context\":\"https:\\\/\\\/schema.org\",\"@graph\":[{\"@type\":\"Article\",\"@id\":\"https:\\\/\\\/buletin.de\\\/bucuresti\\\/4-hectare-retrocedate-din-parcul-plumbuita-cumparate-de-primaria-sectorului-2\\\/#article\",\"isPartOf\":{\"@id\":\"https:\\\/\\\/buletin.de\\\/bucuresti\\\/4-hectare-retrocedate-din-parcul-plumbuita-cumparate-de-primaria-sectorului-2\\\/\"},\"author\":{\"name\":\"Teodora \u0218uta\",\"@id\":\"https:\\\/\\\/buletin.de\\\/bucuresti\\\/#\\\/schema\\\/person\\\/5d54908fa90ab7ad3b2e88152efd6845\"},\"headline\":\"4 hectare retrocedate din Parcul Plumbuita, cump\u0103rate de Prim\u0103ria Sectorului 2\",\"datePublished\":\"2023-03-02T16:32:15+00:00\",\"dateModified\":\"2023-03-02T16:32:16+00:00\",\"mainEntityOfPage\":{\"@id\":\"https:\\\/\\\/buletin.de\\\/bucuresti\\\/4-hectare-retrocedate-din-parcul-plumbuita-cumparate-de-primaria-sectorului-2\\\/\"},\"wordCount\":304,\"publisher\":{\"@id\":\"https:\\\/\\\/buletin.de\\\/bucuresti\\\/#organization\"},\"image\":{\"@id\":\"https:\\\/\\\/buletin.de\\\/bucuresti\\\/4-hectare-retrocedate-din-parcul-plumbuita-cumparate-de-primaria-sectorului-2\\\/#primaryimage\"},\"thumbnailUrl\":\"https:\\\/\\\/buletin.de\\\/bucuresti\\\/wp-content\\\/uploads\\\/Screenshot-93-4.png\",\"articleSection\":[\"\u0218tiri\"],\"inLanguage\":\"en-GB\",\"copyrightYear\":\"2023\",\"copyrightHolder\":{\"@id\":\"https:\\\/\\\/buletin.de\\\/bucuresti\\\/#organization\"}},{\"@type\":\"WebPage\",\"@id\":\"https:\\\/\\\/buletin.de\\\/bucuresti\\\/4-hectare-retrocedate-din-parcul-plumbuita-cumparate-de-primaria-sectorului-2\\\/\",\"url\":\"https:\\\/\\\/buletin.de\\\/bucuresti\\\/4-hectare-retrocedate-din-parcul-plumbuita-cumparate-de-primaria-sectorului-2\\\/\",\"name\":\"4 hectare retrocedate din Parcul Plumbuita, cump\u0103rate de Prim\u0103ria Sectorului 2 - Buletin de Bucure\u0219ti\",\"isPartOf\":{\"@id\":\"https:\\\/\\\/buletin.de\\\/bucuresti\\\/#website\"},\"primaryImageOfPage\":{\"@id\":\"https:\\\/\\\/buletin.de\\\/bucuresti\\\/4-hectare-retrocedate-din-parcul-plumbuita-cumparate-de-primaria-sectorului-2\\\/#primaryimage\"},\"image\":{\"@id\":\"https:\\\/\\\/buletin.de\\\/bucuresti\\\/4-hectare-retrocedate-din-parcul-plumbuita-cumparate-de-primaria-sectorului-2\\\/#primaryimage\"},\"thumbnailUrl\":\"https:\\\/\\\/buletin.de\\\/bucuresti\\\/wp-content\\\/uploads\\\/Screenshot-93-4.png\",\"datePublished\":\"2023-03-02T16:32:15+00:00\",\"dateModified\":\"2023-03-02T16:32:16+00:00\",\"breadcrumb\":{\"@id\":\"https:\\\/\\\/buletin.de\\\/bucuresti\\\/4-hectare-retrocedate-din-parcul-plumbuita-cumparate-de-primaria-sectorului-2\\\/#breadcrumb\"},\"inLanguage\":\"en-GB\",\"potentialAction\":[{\"@type\":\"ReadAction\",\"target\":[\"https:\\\/\\\/buletin.de\\\/bucuresti\\\/4-hectare-retrocedate-din-parcul-plumbuita-cumparate-de-primaria-sectorului-2\\\/\"]}]},{\"@type\":\"ImageObject\",\"inLanguage\":\"en-GB\",\"@id\":\"https:\\\/\\\/buletin.de\\\/bucuresti\\\/4-hectare-retrocedate-din-parcul-plumbuita-cumparate-de-primaria-sectorului-2\\\/#primaryimage\",\"url\":\"https:\\\/\\\/buletin.de\\\/bucuresti\\\/wp-content\\\/uploads\\\/Screenshot-93-4.png\",\"contentUrl\":\"https:\\\/\\\/buletin.de\\\/bucuresti\\\/wp-content\\\/uploads\\\/Screenshot-93-4.png\",\"width\":940,\"height\":738},{\"@type\":\"BreadcrumbList\",\"@id\":\"https:\\\/\\\/buletin.de\\\/bucuresti\\\/4-hectare-retrocedate-din-parcul-plumbuita-cumparate-de-primaria-sectorului-2\\\/#breadcrumb\",\"itemListElement\":[{\"@type\":\"ListItem\",\"position\":1,\"name\":\"Acas\u0103\",\"item\":\"https:\\\/\\\/buletin.de\\\/bucuresti\\\/\"},{\"@type\":\"ListItem\",\"position\":2,\"name\":\"4 hectare retrocedate din Parcul Plumbuita, cump\u0103rate de Prim\u0103ria Sectorului 2\"}]},{\"@type\":\"WebSite\",\"@id\":\"https:\\\/\\\/buletin.de\\\/bucuresti\\\/#website\",\"url\":\"https:\\\/\\\/buletin.de\\\/bucuresti\\\/\",\"name\":\"Buletin de Bucure\u0219ti\",\"description\":\"\u0218tiri \u0219i investiga\u021bii esen\u021biale din capital\u0103\",\"publisher\":{\"@id\":\"https:\\\/\\\/buletin.de\\\/bucuresti\\\/#organization\"},\"potentialAction\":[{\"@type\":\"SearchAction\",\"target\":{\"@type\":\"EntryPoint\",\"urlTemplate\":\"https:\\\/\\\/buletin.de\\\/bucuresti\\\/?s={search_term_string}\"},\"query-input\":{\"@type\":\"PropertyValueSpecification\",\"valueRequired\":true,\"valueName\":\"search_term_string\"}}],\"inLanguage\":\"en-GB\"},{\"@type\":\"Organization\",\"@id\":\"https:\\\/\\\/buletin.de\\\/bucuresti\\\/#organization\",\"name\":\"Buletin de Bucure\u0219ti\",\"url\":\"https:\\\/\\\/buletin.de\\\/bucuresti\\\/\",\"logo\":{\"@type\":\"ImageObject\",\"inLanguage\":\"en-GB\",\"@id\":\"https:\\\/\\\/buletin.de\\\/bucuresti\\\/#\\\/schema\\\/logo\\\/image\\\/\",\"url\":\"https:\\\/\\\/buletin.de\\\/bucuresti\\\/wp-content\\\/uploads\\\/logo-bdb-full-wide-vernil-transparent.png\",\"contentUrl\":\"https:\\\/\\\/buletin.de\\\/bucuresti\\\/wp-content\\\/uploads\\\/logo-bdb-full-wide-vernil-transparent.png\",\"width\":1782,\"height\":626,\"caption\":\"Buletin de Bucure\u0219ti\"},\"image\":{\"@id\":\"https:\\\/\\\/buletin.de\\\/bucuresti\\\/#\\\/schema\\\/logo\\\/image\\\/\"},\"sameAs\":[\"https:\\\/\\\/www.facebook.com\\\/buletin.de.buc\",\"https:\\\/\\\/www.instagram.com\\\/buletinde.bucuresti\\\/\"]},{\"@type\":\"Person\",\"@id\":\"https:\\\/\\\/buletin.de\\\/bucuresti\\\/#\\\/schema\\\/person\\\/5d54908fa90ab7ad3b2e88152efd6845\",\"name\":\"Teodora \u0218uta\",\"image\":{\"@type\":\"ImageObject\",\"inLanguage\":\"en-GB\",\"@id\":\"https:\\\/\\\/secure.gravatar.com\\\/avatar\\\/0c709226af9845d97b126aa0aa80ab42778847ec3d11d741016b74a61174088d?s=96&d=monsterid&r=gf2e0c6a01d766272c6fa8af9e494be28\",\"url\":\"https:\\\/\\\/secure.gravatar.com\\\/avatar\\\/0c709226af9845d97b126aa0aa80ab42778847ec3d11d741016b74a61174088d?s=96&d=monsterid&r=g\",\"contentUrl\":\"https:\\\/\\\/secure.gravatar.com\\\/avatar\\\/0c709226af9845d97b126aa0aa80ab42778847ec3d11d741016b74a61174088d?s=96&d=monsterid&r=g\",\"caption\":\"Teodora \u0218uta\"},\"url\":\"https:\\\/\\\/buletin.de\\\/bucuresti\\\/author\\\/mariasuta\\\/\"}]}<\/script>\n<!-- \/ Yoast SEO Premium plugin. -->","yoast_head_json":{"title":"4 hectare retrocedate din Parcul Plumbuita, cump\u0103rate de Prim\u0103ria Sectorului 2 - Buletin de Bucure\u0219ti","robots":{"index":"index","follow":"follow","max-snippet":"max-snippet:-1","max-image-preview":"max-image-preview:large","max-video-preview":"max-video-preview:-1"},"canonical":"https:\/\/buletin.de\/bucuresti\/4-hectare-retrocedate-din-parcul-plumbuita-cumparate-de-primaria-sectorului-2\/","og_locale":"en_GB","og_type":"article","og_title":"4 hectare retrocedate din Parcul Plumbuita, cump\u0103rate de Prim\u0103ria Sectorului 2","og_description":"Consiliul General al Municipiului Bucure\u0219ti a \u00eemputernicit Prim\u0103ria Sectorului 2 s\u0103 achizi\u021bioneze 4 hectare din parcul Plumbuita, zon\u0103 ce se afl\u0103 \u00een paragin\u0103. Hot\u0103r\u00e2rea a fost adoptat\u0103 \u00een cadrul \u0219edin\u021bei Consiliului General de joi, cu 50 de voturi \u201dpentru\u201d \u0219i o ab\u021binere.\u00a0 Scopul achizi\u021biei zonei retrocedate din parcul Plumbuita este reamenajarea \u0219i modernizarea spa\u0163iilor verzi [&hellip;]","og_url":"https:\/\/buletin.de\/bucuresti\/4-hectare-retrocedate-din-parcul-plumbuita-cumparate-de-primaria-sectorului-2\/","og_site_name":"Buletin de Bucure\u0219ti","article_publisher":"https:\/\/www.facebook.com\/buletin.de.buc","article_published_time":"2023-03-02T16:32:15+00:00","article_modified_time":"2023-03-02T16:32:16+00:00","og_image":[{"width":940,"height":738,"url":"https:\/\/buletin.de\/bucuresti\/wp-content\/uploads\/Screenshot-93-4.png","type":"image\/png"}],"author":"Teodora \u0218uta","twitter_card":"summary_large_image","twitter_misc":{"Written by":"Teodora \u0218uta","Estimated reading time":"2 minutes"},"schema":{"@context":"https:\/\/schema.org","@graph":[{"@type":"Article","@id":"https:\/\/buletin.de\/bucuresti\/4-hectare-retrocedate-din-parcul-plumbuita-cumparate-de-primaria-sectorului-2\/#article","isPartOf":{"@id":"https:\/\/buletin.de\/bucuresti\/4-hectare-retrocedate-din-parcul-plumbuita-cumparate-de-primaria-sectorului-2\/"},"author":{"name":"Teodora \u0218uta","@id":"https:\/\/buletin.de\/bucuresti\/#\/schema\/person\/5d54908fa90ab7ad3b2e88152efd6845"},"headline":"4 hectare retrocedate din Parcul Plumbuita, cump\u0103rate de Prim\u0103ria Sectorului 2","datePublished":"2023-03-02T16:32:15+00:00","dateModified":"2023-03-02T16:32:16+00:00","mainEntityOfPage":{"@id":"https:\/\/buletin.de\/bucuresti\/4-hectare-retrocedate-din-parcul-plumbuita-cumparate-de-primaria-sectorului-2\/"},"wordCount":304,"publisher":{"@id":"https:\/\/buletin.de\/bucuresti\/#organization"},"image":{"@id":"https:\/\/buletin.de\/bucuresti\/4-hectare-retrocedate-din-parcul-plumbuita-cumparate-de-primaria-sectorului-2\/#primaryimage"},"thumbnailUrl":"https:\/\/buletin.de\/bucuresti\/wp-content\/uploads\/Screenshot-93-4.png","articleSection":["\u0218tiri"],"inLanguage":"en-GB","copyrightYear":"2023","copyrightHolder":{"@id":"https:\/\/buletin.de\/bucuresti\/#organization"}},{"@type":"WebPage","@id":"https:\/\/buletin.de\/bucuresti\/4-hectare-retrocedate-din-parcul-plumbuita-cumparate-de-primaria-sectorului-2\/","url":"https:\/\/buletin.de\/bucuresti\/4-hectare-retrocedate-din-parcul-plumbuita-cumparate-de-primaria-sectorului-2\/","name":"4 hectare retrocedate din Parcul Plumbuita, cump\u0103rate de Prim\u0103ria Sectorului 2 - Buletin de Bucure\u0219ti","isPartOf":{"@id":"https:\/\/buletin.de\/bucuresti\/#website"},"primaryImageOfPage":{"@id":"https:\/\/buletin.de\/bucuresti\/4-hectare-retrocedate-din-parcul-plumbuita-cumparate-de-primaria-sectorului-2\/#primaryimage"},"image":{"@id":"https:\/\/buletin.de\/bucuresti\/4-hectare-retrocedate-din-parcul-plumbuita-cumparate-de-primaria-sectorului-2\/#primaryimage"},"thumbnailUrl":"https:\/\/buletin.de\/bucuresti\/wp-content\/uploads\/Screenshot-93-4.png","datePublished":"2023-03-02T16:32:15+00:00","dateModified":"2023-03-02T16:32:16+00:00","breadcrumb":{"@id":"https:\/\/buletin.de\/bucuresti\/4-hectare-retrocedate-din-parcul-plumbuita-cumparate-de-primaria-sectorului-2\/#breadcrumb"},"inLanguage":"en-GB","potentialAction":[{"@type":"ReadAction","target":["https:\/\/buletin.de\/bucuresti\/4-hectare-retrocedate-din-parcul-plumbuita-cumparate-de-primaria-sectorului-2\/"]}]},{"@type":"ImageObject","inLanguage":"en-GB","@id":"https:\/\/buletin.de\/bucuresti\/4-hectare-retrocedate-din-parcul-plumbuita-cumparate-de-primaria-sectorului-2\/#primaryimage","url":"https:\/\/buletin.de\/bucuresti\/wp-content\/uploads\/Screenshot-93-4.png","contentUrl":"https:\/\/buletin.de\/bucuresti\/wp-content\/uploads\/Screenshot-93-4.png","width":940,"height":738},{"@type":"BreadcrumbList","@id":"https:\/\/buletin.de\/bucuresti\/4-hectare-retrocedate-din-parcul-plumbuita-cumparate-de-primaria-sectorului-2\/#breadcrumb","itemListElement":[{"@type":"ListItem","position":1,"name":"Acas\u0103","item":"https:\/\/buletin.de\/bucuresti\/"},{"@type":"ListItem","position":2,"name":"4 hectare retrocedate din Parcul Plumbuita, cump\u0103rate de Prim\u0103ria Sectorului 2"}]},{"@type":"WebSite","@id":"https:\/\/buletin.de\/bucuresti\/#website","url":"https:\/\/buletin.de\/bucuresti\/","name":"Buletin de Bucure\u0219ti","description":"\u0218tiri \u0219i investiga\u021bii esen\u021biale din capital\u0103","publisher":{"@id":"https:\/\/buletin.de\/bucuresti\/#organization"},"potentialAction":[{"@type":"SearchAction","target":{"@type":"EntryPoint","urlTemplate":"https:\/\/buletin.de\/bucuresti\/?s={search_term_string}"},"query-input":{"@type":"PropertyValueSpecification","valueRequired":true,"valueName":"search_term_string"}}],"inLanguage":"en-GB"},{"@type":"Organization","@id":"https:\/\/buletin.de\/bucuresti\/#organization","name":"Buletin de Bucure\u0219ti","url":"https:\/\/buletin.de\/bucuresti\/","logo":{"@type":"ImageObject","inLanguage":"en-GB","@id":"https:\/\/buletin.de\/bucuresti\/#\/schema\/logo\/image\/","url":"https:\/\/buletin.de\/bucuresti\/wp-content\/uploads\/logo-bdb-full-wide-vernil-transparent.png","contentUrl":"https:\/\/buletin.de\/bucuresti\/wp-content\/uploads\/logo-bdb-full-wide-vernil-transparent.png","width":1782,"height":626,"caption":"Buletin de Bucure\u0219ti"},"image":{"@id":"https:\/\/buletin.de\/bucuresti\/#\/schema\/logo\/image\/"},"sameAs":["https:\/\/www.facebook.com\/buletin.de.buc","https:\/\/www.instagram.com\/buletinde.bucuresti\/"]},{"@type":"Person","@id":"https:\/\/buletin.de\/bucuresti\/#\/schema\/person\/5d54908fa90ab7ad3b2e88152efd6845","name":"Teodora \u0218uta","image":{"@type":"ImageObject","inLanguage":"en-GB","@id":"https:\/\/secure.gravatar.com\/avatar\/0c709226af9845d97b126aa0aa80ab42778847ec3d11d741016b74a61174088d?s=96&d=monsterid&r=gf2e0c6a01d766272c6fa8af9e494be28","url":"https:\/\/secure.gravatar.com\/avatar\/0c709226af9845d97b126aa0aa80ab42778847ec3d11d741016b74a61174088d?s=96&d=monsterid&r=g","contentUrl":"https:\/\/secure.gravatar.com\/avatar\/0c709226af9845d97b126aa0aa80ab42778847ec3d11d741016b74a61174088d?s=96&d=monsterid&r=g","caption":"Teodora \u0218uta"},"url":"https:\/\/buletin.de\/bucuresti\/author\/mariasuta\/"}]}},"authors":[{"term_id":22604,"user_id":45,"is_guest":0,"slug":"mariasuta","display_name":"Teodora \u0218uta","avatar_url":"https:\/\/secure.gravatar.com\/avatar\/0c709226af9845d97b126aa0aa80ab42778847ec3d11d741016b74a61174088d?s=96&d=monsterid&r=g","0":null,"1":"","2":"","3":"","4":"","5":"","6":"","7":"","8":""}],"_links":{"self":[{"href":"https:\/\/buletin.de\/bucuresti\/wp-json\/wp\/v2\/posts\/55352","targetHints":{"allow":["GET"]}}],"collection":[{"href":"https:\/\/buletin.de\/bucuresti\/wp-json\/wp\/v2\/posts"}],"about":[{"href":"https:\/\/buletin.de\/bucuresti\/wp-json\/wp\/v2\/types\/post"}],"author":[{"embeddable":true,"href":"https:\/\/buletin.de\/bucuresti\/wp-json\/wp\/v2\/users\/45"}],"replies":[{"embeddable":true,"href":"https:\/\/buletin.de\/bucuresti\/wp-json\/wp\/v2\/comments?post=55352"}],"version-history":[{"count":4,"href":"https:\/\/buletin.de\/bucuresti\/wp-json\/wp\/v2\/posts\/55352\/revisions"}],"predecessor-version":[{"id":55358,"href":"https:\/\/buletin.de\/bucuresti\/wp-json\/wp\/v2\/posts\/55352\/revisions\/55358"}],"wp:featuredmedia":[{"embeddable":true,"href":"https:\/\/buletin.de\/bucuresti\/wp-json\/wp\/v2\/media\/55353"}],"wp:attachment":[{"href":"https:\/\/buletin.de\/bucuresti\/wp-json\/wp\/v2\/media?parent=55352"}],"wp:term":[{"taxonomy":"category","embeddable":true,"href":"https:\/\/buletin.de\/bucuresti\/wp-json\/wp\/v2\/categories?post=55352"},{"taxonomy":"post_tag","embeddable":true,"href":"https:\/\/buletin.de\/bucuresti\/wp-json\/wp\/v2\/tags?post=55352"},{"taxonomy":"author","embeddable":true,"href":"https:\/\/buletin.de\/bucuresti\/wp-json\/wp\/v2\/ppma_author?post=55352"}],"curies":[{"name":"wp","href":"https:\/\/api.w.org\/{rel}","templated":true}]}}