{"id":55347,"date":"2023-03-03T09:55:06","date_gmt":"2023-03-03T07:55:06","guid":{"rendered":"https:\/\/buletin.de\/bucuresti\/?p=55347"},"modified":"2023-03-03T09:55:07","modified_gmt":"2023-03-03T07:55:07","slug":"robert-negoita-coboara-la-metrou-dupa-dezvaluirile-buletin-de-bucuresti-despre-evaziunea-din-subteranul-sectorului-3-vad-ca-nu-sunt-functionale-aceste-chioscuri-n-am-ajuns-aici-nu-stiam-ex","status":"publish","type":"post","link":"https:\/\/buletin.de\/bucuresti\/robert-negoita-coboara-la-metrou-dupa-dezvaluirile-buletin-de-bucuresti-despre-evaziunea-din-subteranul-sectorului-3-vad-ca-nu-sunt-functionale-aceste-chioscuri-n-am-ajuns-aici-nu-stiam-ex\/","title":{"rendered":"Robert Negoi\u021b\u0103 coboar\u0103 la metrou dup\u0103 dezv\u0103luirile Buletin de Bucure\u0219ti despre evaziunea din subteranul Sectorului 3: \u201eV\u0103d c\u0103 nu sunt func\u021bionale aceste chio\u0219curi. N-am ajuns aici, nu \u0219tiam exact cum arat\u0103\u201d"},"content":{"rendered":"\n<p><strong>Primarul Sectorului 3, Robert Negoi\u021b\u0103, s-a deplasat \u00een teren pentru a verifica situa\u021bia chio\u0219curilor de la sta\u021biile de metrou din jurisdic\u021bia sa, dup\u0103 ce, timp de doi ani, a refuzat s\u0103 semneze dispozi\u021biile de demolare. \u00cen tot acest timp, Buletin de Bucure\u0219ti a dezv\u0103luit c\u0103<a href=\"https:\/\/buletin.de\/bucuresti\/comert-feudal-la-metrorex-in-parohia-lui-negoita-fara-contracte-de-inchiriere-si-fara-case-de-marcat-buticarii-dau-bonuri-fiscale-de-mana\/\"> aici se practic\u0103 un comer\u021b ilicit<\/a> dar \u0219i c\u0103<a href=\"https:\/\/buletin.de\/bucuresti\/anaf-nu-vede-afacerile-ilegale-din-subteranul-parohiei-lui-negoita-analizele-de-risc-fiscal-nu-au-generat-rapoarte-nici-nu-au-fost-sesizari-dir\/\"> \u0219efa ANAF Bucure\u0219ti, institu\u021bie care ar fi trebuit s\u0103 fac\u0103 verific\u0103ri, se afl\u0103 pe statul de plat\u0103 al Prim\u0103riei Sectorului 3<\/a>.<\/strong><\/p>\n\n\n\n<p>Spa\u021biile comerciale din sta\u021biile de pe raza Sectorului 3 sunt neatinse de aproape doi ani din cauz\u0103 c\u0103 primarul Sectorul 3 Robert Negoi\u021b\u0103 a fost singurul primar de sector care a refuzat s\u0103 semneze dispozi\u021biile de demolare. Termenul limit\u0103 pentru eliberarea spa\u0163iilor comerciale amplasate \u00een incinta sta\u0163iilor de metrou \u0219i aflate pe domeniul public al Sectorului 3 a expirat \u00eenc\u0103 din aprilie 2021.<\/p>\n\n\n\n<p>Astfel, afacerile din subteranul prim\u0103riei condus\u0103 de Robert Negoi\u021b\u0103 au mers \u00eenainte, f\u0103r\u0103 acord de func\u021bionare, f\u0103r\u0103 case de marcat \u0219i prin ocuparea abuziv\u0103 a spa\u021biului public, dup\u0103 cum Buletin de Bucure\u0219ti a ar\u0103tat <a href=\"https:\/\/buletin.de\/bucuresti\/anaf-nu-vede-afacerile-ilegale-din-subteranul-parohiei-lui-negoita-analizele-de-risc-fiscal-nu-au-generat-rapoarte-nici-nu-au-fost-sesizari-dir\/\">aici<\/a>.<\/p>\n\n\n\n<h2 class=\"wp-block-heading\">\u201eMirarea&#8221; lui Negoi\u021b\u0103<\/h2>\n\n\n\n<p><em>\u201eSuntem la Pia\u021ba Unirii, la Pia\u021ba Unirii, la metrou. Ei bine, <\/em><strong><em>noi n-am avut niciodat\u0103 \u00een administrare aceste zone, zonele de metrou, galerii.<\/em><\/strong><em> Metroul \u00een sine este gestionat \u00een mod normal de Metrorex \u0219i Ministerul Transporturilor. <\/em><strong><em>Dar pentru c\u0103 ne-au cerut ajutorul \u0219i pentru c\u0103 v\u0103d c\u0103 nu sunt func\u021bionale aceste chio\u0219curi \u0219i arat\u0103 r\u0103u, recunosc, nu sunt un c\u0103l\u0103tor frecvent cu metroul, mai merg \u0219i eu din c\u00e2nd \u00een c\u00e2nd, n-am ajuns aici, nu \u0219tiam exact cum arat\u0103<\/em><\/strong><em>. Dar arat\u0103 foarte r\u0103u \u0219i se confirm\u0103 c\u0103 arat\u0103 foarte r\u0103u. Am notificat deja Metrorex \u0219i Ministerul transporturilor s\u0103 le spunem <\/em><strong><em>c\u0103 vom intra aici \u0219i c\u0103 vom face cur\u0103\u021benie. Probabil in urm\u0103toarea s\u0103pt\u0103m\u00e2na, 10 zile<\/em><\/strong>&#8230;\u201d, a explicat Robert Negoi\u021b\u0103 \u00eentr-un live pe Facebook care s-a \u00eentrerupt ulterior.<\/p>\n\n\n\n<iframe src=\"https:\/\/www.facebook.com\/plugins\/video.php?height=476&#038;href=https%3A%2F%2Fwww.facebook.com%2FRobert.Negoita%2Fvideos%2F881585559793323%2F&#038;show_text=false&#038;width=267&#038;t=0\" width=\"267\" height=\"476\" style=\"border:none;overflow:hidden\" scrolling=\"no\" frameborder=\"0\" allowfullscreen=\"true\" allow=\"autoplay; clipboard-write; encrypted-media; picture-in-picture; web-share\" allowFullScreen=\"true\"><\/iframe>\n\n\n\n<p>Din cele comunicate de Robert Negoi\u021b\u0103, nu este clar dac\u0103 ac\u021biunea de demolare se va desf\u0103\u0219ura doar la sta\u021bia Unirii 2, acolo unde chio\u0219curile sunt deja abandonate de comercian\u021bi, sau va fi extins\u0103 \u0219i \u00een sta\u021biile Titan, Dristor 1, Dristor 2, Nicolae Grigorescu \u0219i Republica, acolo unde \u00eenc\u0103 mai func\u021bioneaz\u0103 comer\u021bul subteran.<\/p>\n\n\n\n<p>De\u0219i Poli\u021bia Local\u0103 Sector 3, din subordinea lui Robert Negoi\u021b\u0103, are un serviciu de Investigare a Criminalit\u0103\u021bii Economice, timp de aproape doi ani agen\u021bii nu au dispus nici m\u0103car \u00eenchiderea afacerilor, ci au dat doar o serie de amenzi, au explicat surse Metrorex.<\/p>\n\n\n\n<p>Mai mult, la nivelul Agen\u021biei Na\u021bionale de Administrare Fiscal\u0103 \u201eanalizele de risc nu au generat rapoarte \u0219i nici nu au fost sesiz\u0103ri\u201d, au transmis reprezentan\u021bii institu\u021biei la solicitarea redac\u021biei.<\/p>\n\n\n\n<p>\u00cen plus,<a href=\"https:\/\/buletin.de\/bucuresti\/anaf-nu-vede-afacerile-ilegale-din-subteranul-parohiei-lui-negoita-analizele-de-risc-fiscal-nu-au-generat-rapoarte-nici-nu-au-fost-sesizari-dir\/\"> Buletin de Bucure\u0219ti a dezv\u0103luit c\u0103 \u0219efa ANAF Bucure\u0219ti<\/a> a declarat c\u0103 a \u00eencasat venituri \u00een 2022, \u00een cuantum de peste 17.000 de euro, de la Prim\u0103ria Sectorului 3 \u0219i 4.<\/p>\n\n\n\n<h2 class=\"wp-block-heading\"><strong>Comercian\u021bii, membrii \u00een partidul lui Negoi\u021b\u0103<\/strong><\/h2>\n\n\n\n<p>Un motiv pentru care comercian\u021bii din aceast\u0103 zon\u0103 au fost \u201cinvizibili\u201d \u00een ochii institu\u021biilor statului \u00eel g\u0103sim \u00een rechizitoriul din dosarul \u00een care liderul de sindicat Ion R\u0103doi este acuzat de \u015fantaj.<\/p>\n\n\n\n<p>\u201e<em>Rela\u021bia dintre Robert Negoi\u021b\u0103 \u0219i R\u0103doi Ion este una privilegiat\u0103 \u0219i co-interesat\u0103, \u00een condi\u021biile \u00een care \u00een anul 2020 <\/em><strong><em>R\u0103doi Ion i-a acordat sprijin politic acestuia pentru candidatura la func\u021bia de primar al sectorului 3<\/em><\/strong><em>, din partea Alian\u021bei Pro-Romania \u0219i Partidul Bucure\u0219ti 2020, iar unul dintre angaja\u021bii Metrorex \u0219i membru de sindicat (Sebe\u0219an Mircea) a fost pe lista de consilieri locali ai Alian\u021bei, la Sector 3, devenind ulterior consilier local. [\u2026] <\/em><strong><em>Av\u00e2nd asigur\u0103ri de la primarul sectorului 3 Negoi\u021b\u0103 Robert, cum c\u0103 nu va proceda la demolarea spa\u021biilor comerciale de la metrou, de\u0219i multe din acestea nu aveau autoriza\u021bii de construc\u021bie definitive \u0219i nici autoriza\u021bii de func\u021bionare, inculpa\u021bii R\u0103doi Ion \u0219i Minea Elena Claudia se arat\u0103 dispu\u0219i s\u0103-i acorde sprijin politic lui Robert Negoi\u021b\u0103, prin \u00eenscrierea \u00een partidul Bucure\u0219ti 2020 a unor persoane de \u00eencredere<\/em><\/strong><em> \u2013 Ni\u021bu Ionu (\u0219oferul liderului de sindicat, angajat IT Metrorex),<\/em><a href=\"https:\/\/www.gandul.ro\/dezvaluiri\/mega-exclusivitate-sindicalistul-sef-ion-radoi-a-oprit-metroul-pentru-ca-iubita-lui-secreta-ramane-fara-spatii-comerciale-fotovideo-bomba-19609727\"><strong><em> familia concubinei Minea Elena Claudia<\/em><\/strong><\/a><strong><em>,<\/em><\/strong><em> <\/em><strong><em>to\u021bi comercian\u021bii de la Sector 3<\/em><\/strong><strong>\u201d<\/strong>, se arat\u0103 \u00een rechizitoriul procurorilor DNA.<\/p>\n","protected":false},"excerpt":{"rendered":"<p>Primarul Sectorului 3, Robert Negoi\u021b\u0103, s-a deplasat \u00een teren pentru a verifica situa\u021bia chio\u0219curilor de la sta\u021biile de metrou din jurisdic\u021bia sa, dup\u0103 ce, timp de doi ani, a refuzat s\u0103 semneze dispozi\u021biile de demolare. \u00cen tot acest timp, Buletin de Bucure\u0219ti a dezv\u0103luit c\u0103 aici se practic\u0103 un comer\u021b ilicit dar \u0219i c\u0103 \u0219efa [&hellip;]<\/p>\n","protected":false},"author":10,"featured_media":55348,"comment_status":"closed","ping_status":"open","sticky":false,"template":"","format":"standard","meta":{"_acf_changed":false,"inline_featured_image":false,"ngg_post_thumbnail":0,"footnotes":""},"categories":[3419,24],"tags":[3302,2637,4915,376,1391,1809,440,2237],"ppma_author":[22575],"class_list":["post-55347","post","type-post","status-publish","format-standard","has-post-thumbnail","hentry","category-featured","category-primarie","tag-anaf","tag-chioscuri","tag-evaziune","tag-metrou","tag-negoita","tag-radoi","tag-sector-3","tag-spatii"],"acf":[],"yoast_head":"<!-- This site is optimized with the Yoast SEO Premium plugin v25.3 (Yoast SEO v27.4) - https:\/\/yoast.com\/product\/yoast-seo-premium-wordpress\/ -->\n<title>Robert Negoi\u021b\u0103 coboar\u0103 la metrou dup\u0103 dezv\u0103luirile Buletin de Bucure\u0219ti despre evaziunea din subteranul Sectorului 3: \u201eV\u0103d c\u0103 nu sunt func\u021bionale aceste chio\u0219curi. N-am ajuns aici, nu \u0219tiam exact cum arat\u0103\u201d - Buletin de Bucure\u0219ti<\/title>\n<meta name=\"robots\" content=\"index, follow, max-snippet:-1, max-image-preview:large, max-video-preview:-1\" \/>\n<link rel=\"canonical\" href=\"https:\/\/buletin.de\/bucuresti\/robert-negoita-coboara-la-metrou-dupa-dezvaluirile-buletin-de-bucuresti-despre-evaziunea-din-subteranul-sectorului-3-vad-ca-nu-sunt-functionale-aceste-chioscuri-n-am-ajuns-aici-nu-stiam-ex\/\" \/>\n<meta property=\"og:locale\" content=\"en_GB\" \/>\n<meta property=\"og:type\" content=\"article\" \/>\n<meta property=\"og:title\" content=\"Robert Negoi\u021b\u0103 coboar\u0103 la metrou dup\u0103 dezv\u0103luirile Buletin de Bucure\u0219ti despre evaziunea din subteranul Sectorului 3: \u201eV\u0103d c\u0103 nu sunt func\u021bionale aceste chio\u0219curi. N-am ajuns aici, nu \u0219tiam exact cum arat\u0103\u201d\" \/>\n<meta property=\"og:description\" content=\"Primarul Sectorului 3, Robert Negoi\u021b\u0103, s-a deplasat \u00een teren pentru a verifica situa\u021bia chio\u0219curilor de la sta\u021biile de metrou din jurisdic\u021bia sa, dup\u0103 ce, timp de doi ani, a refuzat s\u0103 semneze dispozi\u021biile de demolare. \u00cen tot acest timp, Buletin de Bucure\u0219ti a dezv\u0103luit c\u0103 aici se practic\u0103 un comer\u021b ilicit dar \u0219i c\u0103 \u0219efa [&hellip;]\" \/>\n<meta property=\"og:url\" content=\"https:\/\/buletin.de\/bucuresti\/robert-negoita-coboara-la-metrou-dupa-dezvaluirile-buletin-de-bucuresti-despre-evaziunea-din-subteranul-sectorului-3-vad-ca-nu-sunt-functionale-aceste-chioscuri-n-am-ajuns-aici-nu-stiam-ex\/\" \/>\n<meta property=\"og:site_name\" content=\"Buletin de Bucure\u0219ti\" \/>\n<meta property=\"article:publisher\" content=\"https:\/\/www.facebook.com\/buletin.de.buc\" \/>\n<meta property=\"article:published_time\" content=\"2023-03-03T07:55:06+00:00\" \/>\n<meta property=\"article:modified_time\" content=\"2023-03-03T07:55:07+00:00\" \/>\n<meta property=\"og:image\" content=\"https:\/\/buletin.de\/bucuresti\/wp-content\/uploads\/negoita-cover.jpg\" \/>\n\t<meta property=\"og:image:width\" content=\"1920\" \/>\n\t<meta property=\"og:image:height\" content=\"1080\" \/>\n\t<meta property=\"og:image:type\" content=\"image\/jpeg\" \/>\n<meta name=\"author\" content=\"C\u0103t\u0103lin Dosca\u0219\" \/>\n<meta name=\"twitter:card\" content=\"summary_large_image\" \/>\n<meta name=\"twitter:label1\" content=\"Written by\" \/>\n\t<meta name=\"twitter:data1\" content=\"C\u0103t\u0103lin Dosca\u0219\" \/>\n\t<meta name=\"twitter:label2\" content=\"Estimated reading time\" \/>\n\t<meta name=\"twitter:data2\" content=\"3 minutes\" \/>\n<script type=\"application\/ld+json\" class=\"yoast-schema-graph\">{\"@context\":\"https:\\\/\\\/schema.org\",\"@graph\":[{\"@type\":\"Article\",\"@id\":\"https:\\\/\\\/buletin.de\\\/bucuresti\\\/robert-negoita-coboara-la-metrou-dupa-dezvaluirile-buletin-de-bucuresti-despre-evaziunea-din-subteranul-sectorului-3-vad-ca-nu-sunt-functionale-aceste-chioscuri-n-am-ajuns-aici-nu-stiam-ex\\\/#article\",\"isPartOf\":{\"@id\":\"https:\\\/\\\/buletin.de\\\/bucuresti\\\/robert-negoita-coboara-la-metrou-dupa-dezvaluirile-buletin-de-bucuresti-despre-evaziunea-din-subteranul-sectorului-3-vad-ca-nu-sunt-functionale-aceste-chioscuri-n-am-ajuns-aici-nu-stiam-ex\\\/\"},\"author\":{\"name\":\"C\u0103t\u0103lin Dosca\u0219\",\"@id\":\"https:\\\/\\\/buletin.de\\\/bucuresti\\\/#\\\/schema\\\/person\\\/31117187ed4d0bdb0a4c7d6acc79d0f8\"},\"headline\":\"Robert Negoi\u021b\u0103 coboar\u0103 la metrou dup\u0103 dezv\u0103luirile Buletin de Bucure\u0219ti despre evaziunea din subteranul Sectorului 3: \u201eV\u0103d c\u0103 nu sunt func\u021bionale aceste chio\u0219curi. N-am ajuns aici, nu \u0219tiam exact cum arat\u0103\u201d\",\"datePublished\":\"2023-03-03T07:55:06+00:00\",\"dateModified\":\"2023-03-03T07:55:07+00:00\",\"mainEntityOfPage\":{\"@id\":\"https:\\\/\\\/buletin.de\\\/bucuresti\\\/robert-negoita-coboara-la-metrou-dupa-dezvaluirile-buletin-de-bucuresti-despre-evaziunea-din-subteranul-sectorului-3-vad-ca-nu-sunt-functionale-aceste-chioscuri-n-am-ajuns-aici-nu-stiam-ex\\\/\"},\"wordCount\":765,\"publisher\":{\"@id\":\"https:\\\/\\\/buletin.de\\\/bucuresti\\\/#organization\"},\"image\":{\"@id\":\"https:\\\/\\\/buletin.de\\\/bucuresti\\\/robert-negoita-coboara-la-metrou-dupa-dezvaluirile-buletin-de-bucuresti-despre-evaziunea-din-subteranul-sectorului-3-vad-ca-nu-sunt-functionale-aceste-chioscuri-n-am-ajuns-aici-nu-stiam-ex\\\/#primaryimage\"},\"thumbnailUrl\":\"https:\\\/\\\/buletin.de\\\/bucuresti\\\/wp-content\\\/uploads\\\/negoita-cover.jpg\",\"keywords\":[\"anaf\",\"chioscuri\",\"evaziune\",\"metrou\",\"negoita\",\"radoi\",\"Sector 3\",\"spatii\"],\"articleSection\":[\"Featured\",\"Prim\u0103rie\"],\"inLanguage\":\"en-GB\",\"copyrightYear\":\"2023\",\"copyrightHolder\":{\"@id\":\"https:\\\/\\\/buletin.de\\\/bucuresti\\\/#organization\"}},{\"@type\":\"WebPage\",\"@id\":\"https:\\\/\\\/buletin.de\\\/bucuresti\\\/robert-negoita-coboara-la-metrou-dupa-dezvaluirile-buletin-de-bucuresti-despre-evaziunea-din-subteranul-sectorului-3-vad-ca-nu-sunt-functionale-aceste-chioscuri-n-am-ajuns-aici-nu-stiam-ex\\\/\",\"url\":\"https:\\\/\\\/buletin.de\\\/bucuresti\\\/robert-negoita-coboara-la-metrou-dupa-dezvaluirile-buletin-de-bucuresti-despre-evaziunea-din-subteranul-sectorului-3-vad-ca-nu-sunt-functionale-aceste-chioscuri-n-am-ajuns-aici-nu-stiam-ex\\\/\",\"name\":\"Robert Negoi\u021b\u0103 coboar\u0103 la metrou dup\u0103 dezv\u0103luirile Buletin de Bucure\u0219ti despre evaziunea din subteranul Sectorului 3: \u201eV\u0103d c\u0103 nu sunt func\u021bionale aceste chio\u0219curi. N-am ajuns aici, nu \u0219tiam exact cum arat\u0103\u201d - Buletin de Bucure\u0219ti\",\"isPartOf\":{\"@id\":\"https:\\\/\\\/buletin.de\\\/bucuresti\\\/#website\"},\"primaryImageOfPage\":{\"@id\":\"https:\\\/\\\/buletin.de\\\/bucuresti\\\/robert-negoita-coboara-la-metrou-dupa-dezvaluirile-buletin-de-bucuresti-despre-evaziunea-din-subteranul-sectorului-3-vad-ca-nu-sunt-functionale-aceste-chioscuri-n-am-ajuns-aici-nu-stiam-ex\\\/#primaryimage\"},\"image\":{\"@id\":\"https:\\\/\\\/buletin.de\\\/bucuresti\\\/robert-negoita-coboara-la-metrou-dupa-dezvaluirile-buletin-de-bucuresti-despre-evaziunea-din-subteranul-sectorului-3-vad-ca-nu-sunt-functionale-aceste-chioscuri-n-am-ajuns-aici-nu-stiam-ex\\\/#primaryimage\"},\"thumbnailUrl\":\"https:\\\/\\\/buletin.de\\\/bucuresti\\\/wp-content\\\/uploads\\\/negoita-cover.jpg\",\"datePublished\":\"2023-03-03T07:55:06+00:00\",\"dateModified\":\"2023-03-03T07:55:07+00:00\",\"breadcrumb\":{\"@id\":\"https:\\\/\\\/buletin.de\\\/bucuresti\\\/robert-negoita-coboara-la-metrou-dupa-dezvaluirile-buletin-de-bucuresti-despre-evaziunea-din-subteranul-sectorului-3-vad-ca-nu-sunt-functionale-aceste-chioscuri-n-am-ajuns-aici-nu-stiam-ex\\\/#breadcrumb\"},\"inLanguage\":\"en-GB\",\"potentialAction\":[{\"@type\":\"ReadAction\",\"target\":[\"https:\\\/\\\/buletin.de\\\/bucuresti\\\/robert-negoita-coboara-la-metrou-dupa-dezvaluirile-buletin-de-bucuresti-despre-evaziunea-din-subteranul-sectorului-3-vad-ca-nu-sunt-functionale-aceste-chioscuri-n-am-ajuns-aici-nu-stiam-ex\\\/\"]}]},{\"@type\":\"ImageObject\",\"inLanguage\":\"en-GB\",\"@id\":\"https:\\\/\\\/buletin.de\\\/bucuresti\\\/robert-negoita-coboara-la-metrou-dupa-dezvaluirile-buletin-de-bucuresti-despre-evaziunea-din-subteranul-sectorului-3-vad-ca-nu-sunt-functionale-aceste-chioscuri-n-am-ajuns-aici-nu-stiam-ex\\\/#primaryimage\",\"url\":\"https:\\\/\\\/buletin.de\\\/bucuresti\\\/wp-content\\\/uploads\\\/negoita-cover.jpg\",\"contentUrl\":\"https:\\\/\\\/buletin.de\\\/bucuresti\\\/wp-content\\\/uploads\\\/negoita-cover.jpg\",\"width\":1920,\"height\":1080},{\"@type\":\"BreadcrumbList\",\"@id\":\"https:\\\/\\\/buletin.de\\\/bucuresti\\\/robert-negoita-coboara-la-metrou-dupa-dezvaluirile-buletin-de-bucuresti-despre-evaziunea-din-subteranul-sectorului-3-vad-ca-nu-sunt-functionale-aceste-chioscuri-n-am-ajuns-aici-nu-stiam-ex\\\/#breadcrumb\",\"itemListElement\":[{\"@type\":\"ListItem\",\"position\":1,\"name\":\"Acas\u0103\",\"item\":\"https:\\\/\\\/buletin.de\\\/bucuresti\\\/\"},{\"@type\":\"ListItem\",\"position\":2,\"name\":\"Robert Negoi\u021b\u0103 coboar\u0103 la metrou dup\u0103 dezv\u0103luirile Buletin de Bucure\u0219ti despre evaziunea din subteranul Sectorului 3: \u201eV\u0103d c\u0103 nu sunt func\u021bionale aceste chio\u0219curi. N-am ajuns aici, nu \u0219tiam exact cum arat\u0103\u201d\"}]},{\"@type\":\"WebSite\",\"@id\":\"https:\\\/\\\/buletin.de\\\/bucuresti\\\/#website\",\"url\":\"https:\\\/\\\/buletin.de\\\/bucuresti\\\/\",\"name\":\"Buletin de Bucure\u0219ti\",\"description\":\"\u0218tiri \u0219i investiga\u021bii esen\u021biale din capital\u0103\",\"publisher\":{\"@id\":\"https:\\\/\\\/buletin.de\\\/bucuresti\\\/#organization\"},\"potentialAction\":[{\"@type\":\"SearchAction\",\"target\":{\"@type\":\"EntryPoint\",\"urlTemplate\":\"https:\\\/\\\/buletin.de\\\/bucuresti\\\/?s={search_term_string}\"},\"query-input\":{\"@type\":\"PropertyValueSpecification\",\"valueRequired\":true,\"valueName\":\"search_term_string\"}}],\"inLanguage\":\"en-GB\"},{\"@type\":\"Organization\",\"@id\":\"https:\\\/\\\/buletin.de\\\/bucuresti\\\/#organization\",\"name\":\"Buletin de Bucure\u0219ti\",\"url\":\"https:\\\/\\\/buletin.de\\\/bucuresti\\\/\",\"logo\":{\"@type\":\"ImageObject\",\"inLanguage\":\"en-GB\",\"@id\":\"https:\\\/\\\/buletin.de\\\/bucuresti\\\/#\\\/schema\\\/logo\\\/image\\\/\",\"url\":\"https:\\\/\\\/buletin.de\\\/bucuresti\\\/wp-content\\\/uploads\\\/logo-bdb-full-wide-vernil-transparent.png\",\"contentUrl\":\"https:\\\/\\\/buletin.de\\\/bucuresti\\\/wp-content\\\/uploads\\\/logo-bdb-full-wide-vernil-transparent.png\",\"width\":1782,\"height\":626,\"caption\":\"Buletin de Bucure\u0219ti\"},\"image\":{\"@id\":\"https:\\\/\\\/buletin.de\\\/bucuresti\\\/#\\\/schema\\\/logo\\\/image\\\/\"},\"sameAs\":[\"https:\\\/\\\/www.facebook.com\\\/buletin.de.buc\",\"https:\\\/\\\/www.instagram.com\\\/buletinde.bucuresti\\\/\"]},{\"@type\":\"Person\",\"@id\":\"https:\\\/\\\/buletin.de\\\/bucuresti\\\/#\\\/schema\\\/person\\\/31117187ed4d0bdb0a4c7d6acc79d0f8\",\"name\":\"C\u0103t\u0103lin Dosca\u0219\",\"image\":{\"@type\":\"ImageObject\",\"inLanguage\":\"en-GB\",\"@id\":\"https:\\\/\\\/buletin.de\\\/bucuresti\\\/wp-content\\\/uploads\\\/Catalin-Doscas-e1732731064764-96x96.jpga93e2943bb3b1c1f9ead823df6e6317a\",\"url\":\"https:\\\/\\\/buletin.de\\\/bucuresti\\\/wp-content\\\/uploads\\\/Catalin-Doscas-e1732731064764-96x96.jpg\",\"contentUrl\":\"https:\\\/\\\/buletin.de\\\/bucuresti\\\/wp-content\\\/uploads\\\/Catalin-Doscas-e1732731064764-96x96.jpg\",\"caption\":\"C\u0103t\u0103lin Dosca\u0219\"},\"description\":\"Reporter \u0219i redactor-\u0219ef Buletin de Bucure\u0219ti. Lucreaz\u0103 \u00een mass-media de la v\u00e2rsta de 15 ani, c\u00e2nd a publicat primele articole \u00een presa local\u0103 din Tecuci. \u00cen Bucure\u0219ti a lucrat \u00een redac\u021bii radio ca reporter, redactor \u0219i prezentator (StudentFM, Na\u021bionalFM, Radio Total, Smart FM), unde a acoperit domeniile politic, economic, social \u0219i externe. Ulterior, a fost editor-coordonator al postului Realitatea FM. Experien\u021ba \u00een jurnalismul online a dob\u00e2ndit-o la portalul B365.ro, unde a fost editor. \u00cen 2012 s-a angajat \u00een televiziune. La Realitatea TV a fost, pe r\u00e2nd, reporter la sec\u021bia Social, reporter special la emisiunea de reportaje \u0219i anchete \u201eReporterii Realit\u0103\u021bii\u201d, dar \u0219i editor al jurnalelor de \u0219tiri. Ulterior, a f\u0103cut parte din sec\u021bia de Investiga\u021bii de la Digi24 \u0219i a lucrat la campania \u201eRom\u00e2nia furat\u0103\u201d. A revenit \u00een presa scris\u0103 \u00een 2017, ca reporter special, \u00een cadrul unui proiect de repozi\u021bionare a tabloidului Libertatea \u00een cotidian generalist. Este jurnalist Buletin de Bucure\u0219ti din 2019.\",\"url\":\"https:\\\/\\\/buletin.de\\\/bucuresti\\\/author\\\/catalin\\\/\"}]}<\/script>\n<!-- \/ Yoast SEO Premium plugin. -->","yoast_head_json":{"title":"Robert Negoi\u021b\u0103 coboar\u0103 la metrou dup\u0103 dezv\u0103luirile Buletin de Bucure\u0219ti despre evaziunea din subteranul Sectorului 3: \u201eV\u0103d c\u0103 nu sunt func\u021bionale aceste chio\u0219curi. N-am ajuns aici, nu \u0219tiam exact cum arat\u0103\u201d - Buletin de Bucure\u0219ti","robots":{"index":"index","follow":"follow","max-snippet":"max-snippet:-1","max-image-preview":"max-image-preview:large","max-video-preview":"max-video-preview:-1"},"canonical":"https:\/\/buletin.de\/bucuresti\/robert-negoita-coboara-la-metrou-dupa-dezvaluirile-buletin-de-bucuresti-despre-evaziunea-din-subteranul-sectorului-3-vad-ca-nu-sunt-functionale-aceste-chioscuri-n-am-ajuns-aici-nu-stiam-ex\/","og_locale":"en_GB","og_type":"article","og_title":"Robert Negoi\u021b\u0103 coboar\u0103 la metrou dup\u0103 dezv\u0103luirile Buletin de Bucure\u0219ti despre evaziunea din subteranul Sectorului 3: \u201eV\u0103d c\u0103 nu sunt func\u021bionale aceste chio\u0219curi. N-am ajuns aici, nu \u0219tiam exact cum arat\u0103\u201d","og_description":"Primarul Sectorului 3, Robert Negoi\u021b\u0103, s-a deplasat \u00een teren pentru a verifica situa\u021bia chio\u0219curilor de la sta\u021biile de metrou din jurisdic\u021bia sa, dup\u0103 ce, timp de doi ani, a refuzat s\u0103 semneze dispozi\u021biile de demolare. \u00cen tot acest timp, Buletin de Bucure\u0219ti a dezv\u0103luit c\u0103 aici se practic\u0103 un comer\u021b ilicit dar \u0219i c\u0103 \u0219efa [&hellip;]","og_url":"https:\/\/buletin.de\/bucuresti\/robert-negoita-coboara-la-metrou-dupa-dezvaluirile-buletin-de-bucuresti-despre-evaziunea-din-subteranul-sectorului-3-vad-ca-nu-sunt-functionale-aceste-chioscuri-n-am-ajuns-aici-nu-stiam-ex\/","og_site_name":"Buletin de Bucure\u0219ti","article_publisher":"https:\/\/www.facebook.com\/buletin.de.buc","article_published_time":"2023-03-03T07:55:06+00:00","article_modified_time":"2023-03-03T07:55:07+00:00","og_image":[{"width":1920,"height":1080,"url":"https:\/\/buletin.de\/bucuresti\/wp-content\/uploads\/negoita-cover.jpg","type":"image\/jpeg"}],"author":"C\u0103t\u0103lin Dosca\u0219","twitter_card":"summary_large_image","twitter_misc":{"Written by":"C\u0103t\u0103lin Dosca\u0219","Estimated reading time":"3 minutes"},"schema":{"@context":"https:\/\/schema.org","@graph":[{"@type":"Article","@id":"https:\/\/buletin.de\/bucuresti\/robert-negoita-coboara-la-metrou-dupa-dezvaluirile-buletin-de-bucuresti-despre-evaziunea-din-subteranul-sectorului-3-vad-ca-nu-sunt-functionale-aceste-chioscuri-n-am-ajuns-aici-nu-stiam-ex\/#article","isPartOf":{"@id":"https:\/\/buletin.de\/bucuresti\/robert-negoita-coboara-la-metrou-dupa-dezvaluirile-buletin-de-bucuresti-despre-evaziunea-din-subteranul-sectorului-3-vad-ca-nu-sunt-functionale-aceste-chioscuri-n-am-ajuns-aici-nu-stiam-ex\/"},"author":{"name":"C\u0103t\u0103lin Dosca\u0219","@id":"https:\/\/buletin.de\/bucuresti\/#\/schema\/person\/31117187ed4d0bdb0a4c7d6acc79d0f8"},"headline":"Robert Negoi\u021b\u0103 coboar\u0103 la metrou dup\u0103 dezv\u0103luirile Buletin de Bucure\u0219ti despre evaziunea din subteranul Sectorului 3: \u201eV\u0103d c\u0103 nu sunt func\u021bionale aceste chio\u0219curi. N-am ajuns aici, nu \u0219tiam exact cum arat\u0103\u201d","datePublished":"2023-03-03T07:55:06+00:00","dateModified":"2023-03-03T07:55:07+00:00","mainEntityOfPage":{"@id":"https:\/\/buletin.de\/bucuresti\/robert-negoita-coboara-la-metrou-dupa-dezvaluirile-buletin-de-bucuresti-despre-evaziunea-din-subteranul-sectorului-3-vad-ca-nu-sunt-functionale-aceste-chioscuri-n-am-ajuns-aici-nu-stiam-ex\/"},"wordCount":765,"publisher":{"@id":"https:\/\/buletin.de\/bucuresti\/#organization"},"image":{"@id":"https:\/\/buletin.de\/bucuresti\/robert-negoita-coboara-la-metrou-dupa-dezvaluirile-buletin-de-bucuresti-despre-evaziunea-din-subteranul-sectorului-3-vad-ca-nu-sunt-functionale-aceste-chioscuri-n-am-ajuns-aici-nu-stiam-ex\/#primaryimage"},"thumbnailUrl":"https:\/\/buletin.de\/bucuresti\/wp-content\/uploads\/negoita-cover.jpg","keywords":["anaf","chioscuri","evaziune","metrou","negoita","radoi","Sector 3","spatii"],"articleSection":["Featured","Prim\u0103rie"],"inLanguage":"en-GB","copyrightYear":"2023","copyrightHolder":{"@id":"https:\/\/buletin.de\/bucuresti\/#organization"}},{"@type":"WebPage","@id":"https:\/\/buletin.de\/bucuresti\/robert-negoita-coboara-la-metrou-dupa-dezvaluirile-buletin-de-bucuresti-despre-evaziunea-din-subteranul-sectorului-3-vad-ca-nu-sunt-functionale-aceste-chioscuri-n-am-ajuns-aici-nu-stiam-ex\/","url":"https:\/\/buletin.de\/bucuresti\/robert-negoita-coboara-la-metrou-dupa-dezvaluirile-buletin-de-bucuresti-despre-evaziunea-din-subteranul-sectorului-3-vad-ca-nu-sunt-functionale-aceste-chioscuri-n-am-ajuns-aici-nu-stiam-ex\/","name":"Robert Negoi\u021b\u0103 coboar\u0103 la metrou dup\u0103 dezv\u0103luirile Buletin de Bucure\u0219ti despre evaziunea din subteranul Sectorului 3: \u201eV\u0103d c\u0103 nu sunt func\u021bionale aceste chio\u0219curi. N-am ajuns aici, nu \u0219tiam exact cum arat\u0103\u201d - Buletin de Bucure\u0219ti","isPartOf":{"@id":"https:\/\/buletin.de\/bucuresti\/#website"},"primaryImageOfPage":{"@id":"https:\/\/buletin.de\/bucuresti\/robert-negoita-coboara-la-metrou-dupa-dezvaluirile-buletin-de-bucuresti-despre-evaziunea-din-subteranul-sectorului-3-vad-ca-nu-sunt-functionale-aceste-chioscuri-n-am-ajuns-aici-nu-stiam-ex\/#primaryimage"},"image":{"@id":"https:\/\/buletin.de\/bucuresti\/robert-negoita-coboara-la-metrou-dupa-dezvaluirile-buletin-de-bucuresti-despre-evaziunea-din-subteranul-sectorului-3-vad-ca-nu-sunt-functionale-aceste-chioscuri-n-am-ajuns-aici-nu-stiam-ex\/#primaryimage"},"thumbnailUrl":"https:\/\/buletin.de\/bucuresti\/wp-content\/uploads\/negoita-cover.jpg","datePublished":"2023-03-03T07:55:06+00:00","dateModified":"2023-03-03T07:55:07+00:00","breadcrumb":{"@id":"https:\/\/buletin.de\/bucuresti\/robert-negoita-coboara-la-metrou-dupa-dezvaluirile-buletin-de-bucuresti-despre-evaziunea-din-subteranul-sectorului-3-vad-ca-nu-sunt-functionale-aceste-chioscuri-n-am-ajuns-aici-nu-stiam-ex\/#breadcrumb"},"inLanguage":"en-GB","potentialAction":[{"@type":"ReadAction","target":["https:\/\/buletin.de\/bucuresti\/robert-negoita-coboara-la-metrou-dupa-dezvaluirile-buletin-de-bucuresti-despre-evaziunea-din-subteranul-sectorului-3-vad-ca-nu-sunt-functionale-aceste-chioscuri-n-am-ajuns-aici-nu-stiam-ex\/"]}]},{"@type":"ImageObject","inLanguage":"en-GB","@id":"https:\/\/buletin.de\/bucuresti\/robert-negoita-coboara-la-metrou-dupa-dezvaluirile-buletin-de-bucuresti-despre-evaziunea-din-subteranul-sectorului-3-vad-ca-nu-sunt-functionale-aceste-chioscuri-n-am-ajuns-aici-nu-stiam-ex\/#primaryimage","url":"https:\/\/buletin.de\/bucuresti\/wp-content\/uploads\/negoita-cover.jpg","contentUrl":"https:\/\/buletin.de\/bucuresti\/wp-content\/uploads\/negoita-cover.jpg","width":1920,"height":1080},{"@type":"BreadcrumbList","@id":"https:\/\/buletin.de\/bucuresti\/robert-negoita-coboara-la-metrou-dupa-dezvaluirile-buletin-de-bucuresti-despre-evaziunea-din-subteranul-sectorului-3-vad-ca-nu-sunt-functionale-aceste-chioscuri-n-am-ajuns-aici-nu-stiam-ex\/#breadcrumb","itemListElement":[{"@type":"ListItem","position":1,"name":"Acas\u0103","item":"https:\/\/buletin.de\/bucuresti\/"},{"@type":"ListItem","position":2,"name":"Robert Negoi\u021b\u0103 coboar\u0103 la metrou dup\u0103 dezv\u0103luirile Buletin de Bucure\u0219ti despre evaziunea din subteranul Sectorului 3: \u201eV\u0103d c\u0103 nu sunt func\u021bionale aceste chio\u0219curi. N-am ajuns aici, nu \u0219tiam exact cum arat\u0103\u201d"}]},{"@type":"WebSite","@id":"https:\/\/buletin.de\/bucuresti\/#website","url":"https:\/\/buletin.de\/bucuresti\/","name":"Buletin de Bucure\u0219ti","description":"\u0218tiri \u0219i investiga\u021bii esen\u021biale din capital\u0103","publisher":{"@id":"https:\/\/buletin.de\/bucuresti\/#organization"},"potentialAction":[{"@type":"SearchAction","target":{"@type":"EntryPoint","urlTemplate":"https:\/\/buletin.de\/bucuresti\/?s={search_term_string}"},"query-input":{"@type":"PropertyValueSpecification","valueRequired":true,"valueName":"search_term_string"}}],"inLanguage":"en-GB"},{"@type":"Organization","@id":"https:\/\/buletin.de\/bucuresti\/#organization","name":"Buletin de Bucure\u0219ti","url":"https:\/\/buletin.de\/bucuresti\/","logo":{"@type":"ImageObject","inLanguage":"en-GB","@id":"https:\/\/buletin.de\/bucuresti\/#\/schema\/logo\/image\/","url":"https:\/\/buletin.de\/bucuresti\/wp-content\/uploads\/logo-bdb-full-wide-vernil-transparent.png","contentUrl":"https:\/\/buletin.de\/bucuresti\/wp-content\/uploads\/logo-bdb-full-wide-vernil-transparent.png","width":1782,"height":626,"caption":"Buletin de Bucure\u0219ti"},"image":{"@id":"https:\/\/buletin.de\/bucuresti\/#\/schema\/logo\/image\/"},"sameAs":["https:\/\/www.facebook.com\/buletin.de.buc","https:\/\/www.instagram.com\/buletinde.bucuresti\/"]},{"@type":"Person","@id":"https:\/\/buletin.de\/bucuresti\/#\/schema\/person\/31117187ed4d0bdb0a4c7d6acc79d0f8","name":"C\u0103t\u0103lin Dosca\u0219","image":{"@type":"ImageObject","inLanguage":"en-GB","@id":"https:\/\/buletin.de\/bucuresti\/wp-content\/uploads\/Catalin-Doscas-e1732731064764-96x96.jpga93e2943bb3b1c1f9ead823df6e6317a","url":"https:\/\/buletin.de\/bucuresti\/wp-content\/uploads\/Catalin-Doscas-e1732731064764-96x96.jpg","contentUrl":"https:\/\/buletin.de\/bucuresti\/wp-content\/uploads\/Catalin-Doscas-e1732731064764-96x96.jpg","caption":"C\u0103t\u0103lin Dosca\u0219"},"description":"Reporter \u0219i redactor-\u0219ef Buletin de Bucure\u0219ti. Lucreaz\u0103 \u00een mass-media de la v\u00e2rsta de 15 ani, c\u00e2nd a publicat primele articole \u00een presa local\u0103 din Tecuci. \u00cen Bucure\u0219ti a lucrat \u00een redac\u021bii radio ca reporter, redactor \u0219i prezentator (StudentFM, Na\u021bionalFM, Radio Total, Smart FM), unde a acoperit domeniile politic, economic, social \u0219i externe. Ulterior, a fost editor-coordonator al postului Realitatea FM. Experien\u021ba \u00een jurnalismul online a dob\u00e2ndit-o la portalul B365.ro, unde a fost editor. \u00cen 2012 s-a angajat \u00een televiziune. La Realitatea TV a fost, pe r\u00e2nd, reporter la sec\u021bia Social, reporter special la emisiunea de reportaje \u0219i anchete \u201eReporterii Realit\u0103\u021bii\u201d, dar \u0219i editor al jurnalelor de \u0219tiri. Ulterior, a f\u0103cut parte din sec\u021bia de Investiga\u021bii de la Digi24 \u0219i a lucrat la campania \u201eRom\u00e2nia furat\u0103\u201d. A revenit \u00een presa scris\u0103 \u00een 2017, ca reporter special, \u00een cadrul unui proiect de repozi\u021bionare a tabloidului Libertatea \u00een cotidian generalist. Este jurnalist Buletin de Bucure\u0219ti din 2019.","url":"https:\/\/buletin.de\/bucuresti\/author\/catalin\/"}]}},"authors":[{"term_id":22575,"user_id":10,"is_guest":0,"slug":"catalin","display_name":"C\u0103t\u0103lin Dosca\u0219","avatar_url":"https:\/\/buletin.de\/bucuresti\/wp-content\/uploads\/Catalin-Doscas-e1732731064764-96x96.jpg","0":null,"1":"","2":"","3":"","4":"","5":"","6":"","7":"","8":""}],"_links":{"self":[{"href":"https:\/\/buletin.de\/bucuresti\/wp-json\/wp\/v2\/posts\/55347","targetHints":{"allow":["GET"]}}],"collection":[{"href":"https:\/\/buletin.de\/bucuresti\/wp-json\/wp\/v2\/posts"}],"about":[{"href":"https:\/\/buletin.de\/bucuresti\/wp-json\/wp\/v2\/types\/post"}],"author":[{"embeddable":true,"href":"https:\/\/buletin.de\/bucuresti\/wp-json\/wp\/v2\/users\/10"}],"replies":[{"embeddable":true,"href":"https:\/\/buletin.de\/bucuresti\/wp-json\/wp\/v2\/comments?post=55347"}],"version-history":[{"count":1,"href":"https:\/\/buletin.de\/bucuresti\/wp-json\/wp\/v2\/posts\/55347\/revisions"}],"predecessor-version":[{"id":55349,"href":"https:\/\/buletin.de\/bucuresti\/wp-json\/wp\/v2\/posts\/55347\/revisions\/55349"}],"wp:featuredmedia":[{"embeddable":true,"href":"https:\/\/buletin.de\/bucuresti\/wp-json\/wp\/v2\/media\/55348"}],"wp:attachment":[{"href":"https:\/\/buletin.de\/bucuresti\/wp-json\/wp\/v2\/media?parent=55347"}],"wp:term":[{"taxonomy":"category","embeddable":true,"href":"https:\/\/buletin.de\/bucuresti\/wp-json\/wp\/v2\/categories?post=55347"},{"taxonomy":"post_tag","embeddable":true,"href":"https:\/\/buletin.de\/bucuresti\/wp-json\/wp\/v2\/tags?post=55347"},{"taxonomy":"author","embeddable":true,"href":"https:\/\/buletin.de\/bucuresti\/wp-json\/wp\/v2\/ppma_author?post=55347"}],"curies":[{"name":"wp","href":"https:\/\/api.w.org\/{rel}","templated":true}]}}