{"id":55243,"date":"2023-03-01T15:54:21","date_gmt":"2023-03-01T13:54:21","guid":{"rendered":"https:\/\/buletin.de\/bucuresti\/?p=55243"},"modified":"2023-03-01T16:20:48","modified_gmt":"2023-03-01T14:20:48","slug":"ccr-amana-a-cincea-oara-pronuntarea-la-teorema-lui-precup-primarul-nu-mai-candideaza-dupa-18-ani-de-mandat","status":"publish","type":"post","link":"https:\/\/buletin.de\/bucuresti\/ccr-amana-a-cincea-oara-pronuntarea-la-teorema-lui-precup-primarul-nu-mai-candideaza-dupa-18-ani-de-mandat\/","title":{"rendered":"CCR am\u00e2n\u0103, a cincea oar\u0103, pronun\u021barea la Teorema lui Precup. Primarul nu mai candideaz\u0103 dup\u0103 18 ani de mandat"},"content":{"rendered":"\n<p><strong>Edilul Mogo\u0219oaiei nu mai candideaz\u0103. Paul Precup a anun\u021bat, \u00eentr-o postare pe Facebook, c\u0103 acesta este ultimul s\u0103u mandat pe care \u00eel va duce, \u00eens\u0103, p\u00e2n\u0103 la final. Motivele invocate sunt de ordin personal. Viceprimarul \u00een func\u021bie a demisionat deja iar \u00een locul s\u0103u a fost numit un alt consilier local. \u00centre timp, proiectul de suflet al primarului Precup, Sectorul Zero, e blocat de instan\u021be iar Curtea Constitu\u021bional\u0103 nu a rezolvat \u00eenc\u0103 teorema pe care a lansat-o edilul.<\/strong><\/p>\n\n\n\n<p>Primarul Mogo\u0219oaiei nu a mai fost foarte activ \u00een ultimele luni. Cam de c\u00e2nd au \u00eenceput problemele legate de Sectorul Zero, de reconfigurare teritorial\u0103 a Mogo\u0219oaiei. Dar anun\u021bul s\u0103u, c\u0103 renun\u021b\u0103 la o nou\u0103 candidatur\u0103, a fost o surpriz\u0103 pentru toat\u0103 lumea.<\/p>\n\n\n\n<h2 class=\"wp-block-heading\">&#8220;Degeaba ai o via\u021b\u0103 de realiz\u0103ri daca \u021bi-ai \u0219ubrezit s\u0103n\u0103tatea f\u0103c\u00e2ndu-le \u0219i nu apuci s\u0103 te bucuri de ele&#8221;<\/h2>\n\n\n\n<p>\u00centr-o foarte lung\u0103 postare pe pagina sa de Facebook, Paul Precup explic\u0103 de ce a luat aceast\u0103 decizie. S\u0103n\u0103tatea nu-i mai permite \u0219i e momentul ca \u00een fotoliul de primar s\u0103 vin\u0103 un t\u00e2n\u0103r.<\/p>\n\n\n\n<p>&#8220;<em>Acum, a venit \u00eens\u0103 vremea s\u0103 v\u0103 spun c\u0103 nu voi mai candida la alegerile viitoare. A venit vremea s\u0103 las locul unui primar mai t\u00e2n\u0103r, mai proasp\u0103t. Anii scur\u0219i \u00een aceast\u0103 func\u021bie \u0219i-au pus amprenta asupra mea. De-a lungul acestor mandate am avut un num\u0103r de episoade de s\u0103n\u0103tate care mi-au tot tras semnalul de alarm\u0103. De re\u021binut pentru mine au fost cele cardiace. Ce v\u0103 pot spune cu certitudine este c\u0103 tavanul de salvare este o priveli\u0219te foarte urat\u0103<\/em>&#8220;, a explicat primarul Mogo\u0219oaiei, \u00een postarea sa.<\/p>\n\n\n\n<p>A vorbit \u0219i despre Sectorul Zero, despre blocajul din acest moment. I-a asigurat pe cei care \u0219i-au cedat deja terenurile, pentru reconfigurare, c\u0103 \u00een cazul \u00een care proiectul pic\u0103, \u00ee\u0219i vor primi terenurile \u00eenapoi.<\/p>\n\n\n\n<p>&#8220;<em>Din p\u0103cate, Sectorul Zero este suspendat p\u00e2n\u0103 la rezolvarea \u00een instan\u021b\u0103 a proceselor \u00eencepute. \u00cen continuare spun c\u0103 este un proiect bun \u0219i frumos pentru comunitate, crearea unei zone cu tot ce are nevoie comuna. Nu po\u021bi l\u0103sa dezvoltarea unei localit\u0103\u021bi la m\u00e2na dezvoltatorilor imobiliari, ci trebuie s\u0103 prevezi cadrul necesar. Le mul\u021bumesc tuturor celor care au sus\u021binut proiectul \u0219i care au donat teren prim\u0103riei pentru realizarea acestuia.<\/em><br><em>Din p\u0103cate, rezolvarea nu mai este la mine, este la instan\u021bele de judecat\u0103.<br>\u00cen cazul \u00een care solu\u021bia finala va fi favorabil\u0103 nou\u0103, Sectorul Zero se va realiza \u0219i probabil c\u0103 Mogo\u0219oaia va deveni unul dintre cele mai importante centre universitare \u0219i medicale din Rom\u00e2nia<\/em>.<br><em>Daca solu\u021bia final\u0103 dat\u0103 de instan\u021b\u0103 ne va fi defavorabil\u0103, sunt solu\u021bii identificate pentru ca proprietarii care au cedat teren pentru Sectorul Zero s\u0103 \u00ee\u0219i poat\u0103 lua terenul \u00eenapoi<\/em>&#8220;, a scris Paul Precup, pe pagina sa de Facebook.<\/p>\n\n\n\n<p>\u00cen finalul post\u0103rii, Paul Precup \u00eei asigur\u0103 pe cet\u0103\u021benii comunei c\u0103 <em>\u00ee\u0219i va duce mandatul p\u00e2n\u0103 la cap\u0103t cu responsabilitate.<\/em><\/p>\n\n\n<p><iframe src=\"https:\/\/www.facebook.com\/plugins\/post.php?href=https%3A%2F%2Fwww.facebook.com%2FPaulPrecup%2Fposts%2F592702062878846&amp;show_text=true&amp;width=500\" width=\"500\" height=\"297\" style=\"border:none;overflow:hidden\" scrolling=\"no\" frameborder=\"0\" allowfullscreen=\"true\" allow=\"autoplay; clipboard-write; encrypted-media; picture-in-picture; web-share\"><\/iframe><\/p>\n\n\n\n<h2 class=\"wp-block-heading\">Schimbare \u00een linia secund\u0103<\/h2>\n\n\n\n<p>La \u00eenceputul s\u0103pt\u0103m\u00e2nii, m\u00e2na dreapt\u0103 a primarului Precup, viceprimarul Roxana Chihai a demisionat. Doar din conducerea Prim\u0103riei nu \u0219i din Consiliul Local. Ale\u0219ii locali au luat deja act de demisie, \u0219i au \u0219i numit un nou viceprimar \u00een locul s\u0103u.<\/p>\n\n\n\n<figure class=\"wp-block-image size-full\"><img fetchpriority=\"high\" decoding=\"async\" width=\"486\" height=\"536\" src=\"data:image\/gif;base64,R0lGODlhAQABAAAAACH5BAEKAAEALAAAAAABAAEAAAICTAEAOw==\" data-src=\"https:\/\/buletin.de\/bucuresti\/wp-content\/uploads\/WhatsApp-Image-2023-02-27-at-12.17.15.jpeg\" alt=\"\" class=\"wp-image-55247 lazyload\" data-sizes=\"auto\" data-srcset=\"https:\/\/buletin.de\/bucuresti\/wp-content\/uploads\/WhatsApp-Image-2023-02-27-at-12.17.15.jpeg 486w, https:\/\/buletin.de\/bucuresti\/wp-content\/uploads\/WhatsApp-Image-2023-02-27-at-12.17.15-272x300.jpeg 272w, https:\/\/buletin.de\/bucuresti\/wp-content\/uploads\/WhatsApp-Image-2023-02-27-at-12.17.15-453x500.jpeg 453w\" sizes=\"(max-width: 486px) 100vw, 486px\" \/><\/figure>\n\n\n\n<p>Noul viceprimar ales este Florin R\u0103ducu Covaci de la PNL. <a href=\"https:\/\/www.caa.ro\/uploads\/pages\/CV%20DP%20anonimizate%20Covaci%20Florin.pdf\">Fost poli\u021bist,<\/a> Covaci a fost director de Opera\u021biuni la Aeroportul B\u0103neasa, membru \u00een Consiliul de Administra\u021bie al Autorit\u0103\u021bii Aeronautice Civile  \u0219i director la Serviciul Public De Paz\u0103 Obiective de Interes Jude\u021bean Ilfov. <\/p>\n\n\n\n<p> Florin R\u0103ducu Covaci a absolvit \u0218cola Militar\u0103 de Poli\u021bie \u201dVasile Lasc\u0103r\u201d din C\u00e2mpina, Facult\u0103tea de Drept \u2013 Profilul \u0218tiin\u021be Juridice din cadrul Universit\u0103\u021bii \u201dBioterra\u201d \u0219i al cursurile Institutului Na\u021bional de Preg\u0103tire \u0219i Perfec\u021bionare a Avoca\u021bilor Bucure\u0219ti. \u00cen trecut Covaci a fost boxer de performan\u021b\u0103 la Rapid \u0219i Dinamo C\u00e2mpina. \u00cen 2012 a candidat din partea ARD-PDL la Prim\u0103ria Mogo\u015foaia contra lui Paul Precup.<\/p>\n\n\n\n<h2 class=\"wp-block-heading\">Teorema lui Precup, subiect greu pentru CCR<\/h2>\n\n\n\n<p class=\"has-custom-font\" style=\"font-family:Georgia\">Din octombrie 2022, judec\u0103torii Cur\u021bii Constitu\u021bionale dezbat Teorema lui Precup. Mai exact, trebuie s\u0103 afle dac\u0103 <mark style=\"background-color:rgba(0, 0, 0, 0)\" class=\"has-inline-color has-pale-pink-color\">2\/3*10=9.99<\/mark> a\u0219a cum a scris edilul Mogo\u0219oaiei cu cret\u0103 pe tabl\u0103, \u00een \u0219edin\u021ba de Consiliul Local, iar ale\u0219ii au votat c\u0103 are dreptate.<\/p>\n\n\n\n<p>\u00cen spe\u021b\u0103, este vorba de num\u0103rul de voturi necesar pentru majoritatea calificat\u0103 \u00een Consiliul Local Mogo\u0219oaia, unde num\u0103rul de consilieri este 15.<\/p>\n\n\n\n<blockquote class=\"wp-block-quote is-layout-flow wp-block-quote-is-layout-flow\"><p><strong>dd)<\/strong>&nbsp;majoritatea calificat\u0103 \u2013 primul num\u0103r natural care este mai mare dec\u00e2t valoarea numeric\u0103 rezultat\u0103 \u00een urma aplic\u0103rii frac\u0163iei\/procentului stabilite\/stabilit prin lege la totalul membrilor organului colegial stabilit \u00een condi\u0163iile legii.<\/p><cite>CODUL ADMINISTRATIV<\/cite><\/blockquote>\n\n\n\n<p>Ale\u0219ii opozi\u021biei din Consiliul Local Mogo\u0219oaia \u0219i proprietarii afecta\u021bi de proiectul primarului au contestat, \u00een instan\u021b\u0103, toate hot\u0103r\u00e2rile privind \u00eenfiin\u021barea Sectorului Zero \u0219i cele de demarare a procedurilor de expropriere. Unul dintre motivele de contesta\u021bie este modul \u00een care au trecut aceste hot\u0103r\u00e2ri de Consiliul Local, \u0219i anume cu doar 10 voturi, at\u00e2t cat are coali\u021bia PNL \u0219i PMP din Mogo\u0219oaia.<\/p>\n\n\n\n<p>Fiind vorba de decizii privind proprietatea, Codul Administrativ prevede ca modalitate de aprobare a lor majoritatea calificat\u0103. \u0218i de aici au \u00eenceput discu\u021biile.<video controls=\"\" src=\"https:\/\/buletin.de\/bucuresti\/wp-content\/uploads\/final_61e71d7a544b1b00872447fd_973699-1-1.mp4\"><\/p>\n\n\n\n<p>Primarul din Mogo\u0219oaia, Paul Precup, 18 ianuarie 2022.<\/p>\n\n\n\n<p class=\"has-pale-pink-background-color has-background\">\u201d&nbsp;<em>Vorbim de o matematic\u0103 \u00een care trebuie s\u0103 respect\u0103m regulile matematice. Dac\u0103 ne amintim, din matematic\u0103, 2\/3 ori 15. O lu\u0103m pe regula matematic\u0103, da? Cum se fac opera\u021biile \u00een matematic\u0103, \u00een ce ordine de fac? A\u0219a scrie \u00een lege, se \u00eenmul\u021be\u0219te frac\u021bia, cu num\u0103rul de consilieri. A\u0219a scrie \u00een lege.<\/em><br><em>Frac\u021bia este 2\/3, \u00een matematic\u0103, pute\u021bi c\u0103uta repede pe Google, \u00een matematic\u0103, ordinea opera\u021biilor este de la st\u00e2nga la dreapta.<\/em><br><em>Prima opera\u021bie care se face, este 2\/3. Adic\u0103 0.66.<\/em><br><em>A doua opera\u021bie este ori 15. Care \u00ee\u021bi d\u0103, GHICI, 9,99.<\/em><br><em>\u00ceN LUMEA REAL\u0102.<\/em>\u201c<\/p>\n\n\n\n<p>Pe 28 februarie, judec\u0103torii au avut al patrulea termen \u00een care ar fi trebuit s\u0103 dea o solu\u021bie. Dar au repus cauza pe rol \u0219i o vor rejudeca \u00een aprilie.<\/p>\n\n\n\n<h2 class=\"wp-block-heading\">Sectorul Zero, blocat de instan\u021be<\/h2>\n\n\n\n<p>Pe rolul instan\u021belor sunt nu mai pu\u021bin de 50 de procese pentru desfiin\u021barea Sectorului Zero. \u00cen spe\u021b\u0103, judec\u0103torii dezbat legalitatea hot\u0103r\u00e2rilor de Consiliu Local prin care urma s\u0103 se reconfigureze comuna. <\/p>\n\n\n\n<p>\u00cen noiembrie 2022, magistra\u021bii de la Tribunalul Bucure\u0219ti s-au pronun\u021bat \u00eentr-unul din dosare \u00een care persoane fizice sau consilieri locali ai opozi\u021biei \u0219i au anulat actele de na\u0219tere ale Sectorului Zero. \u00cen alte dosare, judec\u0103torii doar au suspendat hot\u0103r\u00e2rile de CL p\u00e2n\u0103 la rezolvarea spe\u021belor pe fond.<\/p>\n\n\n\n<p>Sectorul Zero, proiectul de suflet al primarului Precup, \u00eenseamn\u0103 1100 de hectare din teritoriul comunei Mogo\u0219oaia transformate \u00een loc de joac\u0103 pentru dezvoltatori imobiliari. Ca terenul cu pricina s\u0103 ias\u0103 din proprietatea cet\u0103\u021benilor \u0219i s\u0103 treac\u0103 \u00een domeniul public au existat dou\u0103 variante. Fie prin transfer voluntar, fie prin expropriere. Momentan exproprierile sunt blocate, ca dealtfel \u00eentregul proiect.<\/p>\n\n\n\n<figure class=\"wp-block-embed is-type-wp-embed is-provider-buletin-de-bucure\u0219ti wp-block-embed-buletin-de-bucure\u0219ti\"><div class=\"wp-block-embed__wrapper\">\n<blockquote class=\"wp-embedded-content\" data-secret=\"oJuiKZfjNf\"><a href=\"https:\/\/buletin.de\/bucuresti\/megaproiectul-sectorul-0-mogosoaia-de-la-lanuri-si-paduri-la-blocuri-de-10-etaje-consilierii-dezbat-vineri-reconfigurarea-teritoriala-a-comunei\/\">Megaproiectul \u201eSectorul 0 Mogo\u0219oaia\u201d | De la lanuri \u0219i p\u0103duri, la blocuri de 10 etaje. Reconfigurarea teritorial\u0103 a comunei, dezb\u0103tut\u0103 de Consiliul Local<\/a><\/blockquote><iframe class=\"wp-embedded-content\" sandbox=\"allow-scripts\" security=\"restricted\" style=\"position: absolute; clip: rect(1px, 1px, 1px, 1px);\" title=\"&#8222;Megaproiectul \u201eSectorul 0 Mogo\u0219oaia\u201d | De la lanuri \u0219i p\u0103duri, la blocuri de 10 etaje. Reconfigurarea teritorial\u0103 a comunei, dezb\u0103tut\u0103 de Consiliul Local&#8221; &#8212; Buletin de Bucure\u0219ti\" src=\"https:\/\/buletin.de\/bucuresti\/megaproiectul-sectorul-0-mogosoaia-de-la-lanuri-si-paduri-la-blocuri-de-10-etaje-consilierii-dezbat-vineri-reconfigurarea-teritoriala-a-comunei\/embed\/#?secret=dlaYrnzmMi#?secret=oJuiKZfjNf\" data-secret=\"oJuiKZfjNf\" width=\"600\" height=\"338\" frameborder=\"0\" marginwidth=\"0\" marginheight=\"0\" scrolling=\"no\"><\/iframe>\n<\/div><\/figure>\n","protected":false},"excerpt":{"rendered":"<p>Edilul Mogo\u0219oaiei nu mai candideaz\u0103. Paul Precup a anun\u021bat, \u00eentr-o postare pe Facebook, c\u0103 acesta este ultimul s\u0103u mandat pe care \u00eel va duce, \u00eens\u0103, p\u00e2n\u0103 la final. Motivele invocate sunt de ordin personal. Viceprimarul \u00een func\u021bie a demisionat deja iar \u00een locul s\u0103u a fost numit un alt consilier local. \u00centre timp, proiectul de [&hellip;]<\/p>\n","protected":false},"author":18,"featured_media":38370,"comment_status":"closed","ping_status":"open","sticky":false,"template":"","format":"standard","meta":{"_acf_changed":false,"inline_featured_image":false,"ngg_post_thumbnail":0,"footnotes":""},"categories":[3419,62],"tags":[1406,1888,3827,5516,3730,4620],"ppma_author":[22579],"class_list":["post-55243","post","type-post","status-publish","format-standard","has-post-thumbnail","hentry","category-featured","category-stiri","tag-mandat","tag-mogosoaia","tag-precup","tag-renuntare","tag-sectorul-zero","tag-teorema-lui-precup"],"acf":[],"yoast_head":"<!-- This site is optimized with the Yoast SEO Premium plugin v25.3 (Yoast SEO v27.5) - https:\/\/yoast.com\/product\/yoast-seo-premium-wordpress\/ -->\n<title>CCR am\u00e2n\u0103, a cincea oar\u0103, pronun\u021barea la Teorema lui Precup. Primarul nu mai candideaz\u0103 dup\u0103 18 ani de mandat - Buletin de Bucure\u0219ti<\/title>\n<meta name=\"robots\" content=\"index, follow, max-snippet:-1, max-image-preview:large, max-video-preview:-1\" \/>\n<link rel=\"canonical\" href=\"https:\/\/buletin.de\/bucuresti\/ccr-amana-a-cincea-oara-pronuntarea-la-teorema-lui-precup-primarul-nu-mai-candideaza-dupa-18-ani-de-mandat\/\" \/>\n<meta property=\"og:locale\" content=\"en_GB\" \/>\n<meta property=\"og:type\" content=\"article\" \/>\n<meta property=\"og:title\" content=\"CCR am\u00e2n\u0103, a cincea oar\u0103, pronun\u021barea la Teorema lui Precup. Primarul nu mai candideaz\u0103 dup\u0103 18 ani de mandat\" \/>\n<meta property=\"og:description\" content=\"Edilul Mogo\u0219oaiei nu mai candideaz\u0103. Paul Precup a anun\u021bat, \u00eentr-o postare pe Facebook, c\u0103 acesta este ultimul s\u0103u mandat pe care \u00eel va duce, \u00eens\u0103, p\u00e2n\u0103 la final. Motivele invocate sunt de ordin personal. Viceprimarul \u00een func\u021bie a demisionat deja iar \u00een locul s\u0103u a fost numit un alt consilier local. \u00centre timp, proiectul de [&hellip;]\" \/>\n<meta property=\"og:url\" content=\"https:\/\/buletin.de\/bucuresti\/ccr-amana-a-cincea-oara-pronuntarea-la-teorema-lui-precup-primarul-nu-mai-candideaza-dupa-18-ani-de-mandat\/\" \/>\n<meta property=\"og:site_name\" content=\"Buletin de Bucure\u0219ti\" \/>\n<meta property=\"article:publisher\" content=\"https:\/\/www.facebook.com\/buletin.de.buc\" \/>\n<meta property=\"article:published_time\" content=\"2023-03-01T13:54:21+00:00\" \/>\n<meta property=\"article:modified_time\" content=\"2023-03-01T14:20:48+00:00\" \/>\n<meta property=\"og:image\" content=\"https:\/\/buletin.de\/bucuresti\/wp-content\/uploads\/precup.png\" \/>\n\t<meta property=\"og:image:width\" content=\"684\" \/>\n\t<meta property=\"og:image:height\" content=\"330\" \/>\n\t<meta property=\"og:image:type\" content=\"image\/png\" \/>\n<meta name=\"author\" content=\"Teodora Stroe\" \/>\n<meta name=\"twitter:card\" content=\"summary_large_image\" \/>\n<meta name=\"twitter:label1\" content=\"Written by\" \/>\n\t<meta name=\"twitter:data1\" content=\"Teodora Stroe\" \/>\n\t<meta name=\"twitter:label2\" content=\"Estimated reading time\" \/>\n\t<meta name=\"twitter:data2\" content=\"5 minutes\" \/>\n<script type=\"application\/ld+json\" class=\"yoast-schema-graph\">{\"@context\":\"https:\\\/\\\/schema.org\",\"@graph\":[{\"@type\":\"Article\",\"@id\":\"https:\\\/\\\/buletin.de\\\/bucuresti\\\/ccr-amana-a-cincea-oara-pronuntarea-la-teorema-lui-precup-primarul-nu-mai-candideaza-dupa-18-ani-de-mandat\\\/#article\",\"isPartOf\":{\"@id\":\"https:\\\/\\\/buletin.de\\\/bucuresti\\\/ccr-amana-a-cincea-oara-pronuntarea-la-teorema-lui-precup-primarul-nu-mai-candideaza-dupa-18-ani-de-mandat\\\/\"},\"author\":{\"name\":\"Teodora Stroe\",\"@id\":\"https:\\\/\\\/buletin.de\\\/bucuresti\\\/#\\\/schema\\\/person\\\/d369d7ddc775abece205795e0b804614\"},\"headline\":\"CCR am\u00e2n\u0103, a cincea oar\u0103, pronun\u021barea la Teorema lui Precup. Primarul nu mai candideaz\u0103 dup\u0103 18 ani de mandat\",\"datePublished\":\"2023-03-01T13:54:21+00:00\",\"dateModified\":\"2023-03-01T14:20:48+00:00\",\"mainEntityOfPage\":{\"@id\":\"https:\\\/\\\/buletin.de\\\/bucuresti\\\/ccr-amana-a-cincea-oara-pronuntarea-la-teorema-lui-precup-primarul-nu-mai-candideaza-dupa-18-ani-de-mandat\\\/\"},\"wordCount\":1233,\"publisher\":{\"@id\":\"https:\\\/\\\/buletin.de\\\/bucuresti\\\/#organization\"},\"image\":{\"@id\":\"https:\\\/\\\/buletin.de\\\/bucuresti\\\/ccr-amana-a-cincea-oara-pronuntarea-la-teorema-lui-precup-primarul-nu-mai-candideaza-dupa-18-ani-de-mandat\\\/#primaryimage\"},\"thumbnailUrl\":\"https:\\\/\\\/buletin.de\\\/bucuresti\\\/wp-content\\\/uploads\\\/precup.png\",\"keywords\":[\"mandat\",\"Mogo\u0219oaia\",\"precup\",\"renuntare\",\"sectorul zero\",\"teorema lui precup\"],\"articleSection\":[\"Featured\",\"\u0218tiri\"],\"inLanguage\":\"en-GB\",\"copyrightYear\":\"2023\",\"copyrightHolder\":{\"@id\":\"https:\\\/\\\/buletin.de\\\/bucuresti\\\/#organization\"}},{\"@type\":\"WebPage\",\"@id\":\"https:\\\/\\\/buletin.de\\\/bucuresti\\\/ccr-amana-a-cincea-oara-pronuntarea-la-teorema-lui-precup-primarul-nu-mai-candideaza-dupa-18-ani-de-mandat\\\/\",\"url\":\"https:\\\/\\\/buletin.de\\\/bucuresti\\\/ccr-amana-a-cincea-oara-pronuntarea-la-teorema-lui-precup-primarul-nu-mai-candideaza-dupa-18-ani-de-mandat\\\/\",\"name\":\"CCR am\u00e2n\u0103, a cincea oar\u0103, pronun\u021barea la Teorema lui Precup. Primarul nu mai candideaz\u0103 dup\u0103 18 ani de mandat - Buletin de Bucure\u0219ti\",\"isPartOf\":{\"@id\":\"https:\\\/\\\/buletin.de\\\/bucuresti\\\/#website\"},\"primaryImageOfPage\":{\"@id\":\"https:\\\/\\\/buletin.de\\\/bucuresti\\\/ccr-amana-a-cincea-oara-pronuntarea-la-teorema-lui-precup-primarul-nu-mai-candideaza-dupa-18-ani-de-mandat\\\/#primaryimage\"},\"image\":{\"@id\":\"https:\\\/\\\/buletin.de\\\/bucuresti\\\/ccr-amana-a-cincea-oara-pronuntarea-la-teorema-lui-precup-primarul-nu-mai-candideaza-dupa-18-ani-de-mandat\\\/#primaryimage\"},\"thumbnailUrl\":\"https:\\\/\\\/buletin.de\\\/bucuresti\\\/wp-content\\\/uploads\\\/precup.png\",\"datePublished\":\"2023-03-01T13:54:21+00:00\",\"dateModified\":\"2023-03-01T14:20:48+00:00\",\"breadcrumb\":{\"@id\":\"https:\\\/\\\/buletin.de\\\/bucuresti\\\/ccr-amana-a-cincea-oara-pronuntarea-la-teorema-lui-precup-primarul-nu-mai-candideaza-dupa-18-ani-de-mandat\\\/#breadcrumb\"},\"inLanguage\":\"en-GB\",\"potentialAction\":[{\"@type\":\"ReadAction\",\"target\":[\"https:\\\/\\\/buletin.de\\\/bucuresti\\\/ccr-amana-a-cincea-oara-pronuntarea-la-teorema-lui-precup-primarul-nu-mai-candideaza-dupa-18-ani-de-mandat\\\/\"]}]},{\"@type\":\"ImageObject\",\"inLanguage\":\"en-GB\",\"@id\":\"https:\\\/\\\/buletin.de\\\/bucuresti\\\/ccr-amana-a-cincea-oara-pronuntarea-la-teorema-lui-precup-primarul-nu-mai-candideaza-dupa-18-ani-de-mandat\\\/#primaryimage\",\"url\":\"https:\\\/\\\/buletin.de\\\/bucuresti\\\/wp-content\\\/uploads\\\/precup.png\",\"contentUrl\":\"https:\\\/\\\/buletin.de\\\/bucuresti\\\/wp-content\\\/uploads\\\/precup.png\",\"width\":684,\"height\":330},{\"@type\":\"BreadcrumbList\",\"@id\":\"https:\\\/\\\/buletin.de\\\/bucuresti\\\/ccr-amana-a-cincea-oara-pronuntarea-la-teorema-lui-precup-primarul-nu-mai-candideaza-dupa-18-ani-de-mandat\\\/#breadcrumb\",\"itemListElement\":[{\"@type\":\"ListItem\",\"position\":1,\"name\":\"Acas\u0103\",\"item\":\"https:\\\/\\\/buletin.de\\\/bucuresti\\\/\"},{\"@type\":\"ListItem\",\"position\":2,\"name\":\"CCR am\u00e2n\u0103, a cincea oar\u0103, pronun\u021barea la Teorema lui Precup. Primarul nu mai candideaz\u0103 dup\u0103 18 ani de mandat\"}]},{\"@type\":\"WebSite\",\"@id\":\"https:\\\/\\\/buletin.de\\\/bucuresti\\\/#website\",\"url\":\"https:\\\/\\\/buletin.de\\\/bucuresti\\\/\",\"name\":\"Buletin de Bucure\u0219ti\",\"description\":\"\u0218tiri \u0219i investiga\u021bii esen\u021biale din capital\u0103\",\"publisher\":{\"@id\":\"https:\\\/\\\/buletin.de\\\/bucuresti\\\/#organization\"},\"potentialAction\":[{\"@type\":\"SearchAction\",\"target\":{\"@type\":\"EntryPoint\",\"urlTemplate\":\"https:\\\/\\\/buletin.de\\\/bucuresti\\\/?s={search_term_string}\"},\"query-input\":{\"@type\":\"PropertyValueSpecification\",\"valueRequired\":true,\"valueName\":\"search_term_string\"}}],\"inLanguage\":\"en-GB\"},{\"@type\":\"Organization\",\"@id\":\"https:\\\/\\\/buletin.de\\\/bucuresti\\\/#organization\",\"name\":\"Buletin de Bucure\u0219ti\",\"url\":\"https:\\\/\\\/buletin.de\\\/bucuresti\\\/\",\"logo\":{\"@type\":\"ImageObject\",\"inLanguage\":\"en-GB\",\"@id\":\"https:\\\/\\\/buletin.de\\\/bucuresti\\\/#\\\/schema\\\/logo\\\/image\\\/\",\"url\":\"https:\\\/\\\/buletin.de\\\/bucuresti\\\/wp-content\\\/uploads\\\/logo-bdb-full-wide-vernil-transparent.png\",\"contentUrl\":\"https:\\\/\\\/buletin.de\\\/bucuresti\\\/wp-content\\\/uploads\\\/logo-bdb-full-wide-vernil-transparent.png\",\"width\":1782,\"height\":626,\"caption\":\"Buletin de Bucure\u0219ti\"},\"image\":{\"@id\":\"https:\\\/\\\/buletin.de\\\/bucuresti\\\/#\\\/schema\\\/logo\\\/image\\\/\"},\"sameAs\":[\"https:\\\/\\\/www.facebook.com\\\/buletin.de.buc\",\"https:\\\/\\\/www.instagram.com\\\/buletinde.bucuresti\\\/\"]},{\"@type\":\"Person\",\"@id\":\"https:\\\/\\\/buletin.de\\\/bucuresti\\\/#\\\/schema\\\/person\\\/d369d7ddc775abece205795e0b804614\",\"name\":\"Teodora Stroe\",\"image\":{\"@type\":\"ImageObject\",\"inLanguage\":\"en-GB\",\"@id\":\"https:\\\/\\\/secure.gravatar.com\\\/avatar\\\/2560b4cd9f5f1bc100b123158e657d75584bd1c3e1d9c69285720b9457c1b78d?s=96&d=monsterid&r=gc104800242ba5f2d78dd5d7dc4df08b6\",\"url\":\"https:\\\/\\\/secure.gravatar.com\\\/avatar\\\/2560b4cd9f5f1bc100b123158e657d75584bd1c3e1d9c69285720b9457c1b78d?s=96&d=monsterid&r=g\",\"contentUrl\":\"https:\\\/\\\/secure.gravatar.com\\\/avatar\\\/2560b4cd9f5f1bc100b123158e657d75584bd1c3e1d9c69285720b9457c1b78d?s=96&d=monsterid&r=g\",\"caption\":\"Teodora Stroe\"},\"url\":\"https:\\\/\\\/buletin.de\\\/bucuresti\\\/author\\\/simonacarlugea\\\/\"}]}<\/script>\n<!-- \/ Yoast SEO Premium plugin. -->","yoast_head_json":{"title":"CCR am\u00e2n\u0103, a cincea oar\u0103, pronun\u021barea la Teorema lui Precup. Primarul nu mai candideaz\u0103 dup\u0103 18 ani de mandat - Buletin de Bucure\u0219ti","robots":{"index":"index","follow":"follow","max-snippet":"max-snippet:-1","max-image-preview":"max-image-preview:large","max-video-preview":"max-video-preview:-1"},"canonical":"https:\/\/buletin.de\/bucuresti\/ccr-amana-a-cincea-oara-pronuntarea-la-teorema-lui-precup-primarul-nu-mai-candideaza-dupa-18-ani-de-mandat\/","og_locale":"en_GB","og_type":"article","og_title":"CCR am\u00e2n\u0103, a cincea oar\u0103, pronun\u021barea la Teorema lui Precup. Primarul nu mai candideaz\u0103 dup\u0103 18 ani de mandat","og_description":"Edilul Mogo\u0219oaiei nu mai candideaz\u0103. Paul Precup a anun\u021bat, \u00eentr-o postare pe Facebook, c\u0103 acesta este ultimul s\u0103u mandat pe care \u00eel va duce, \u00eens\u0103, p\u00e2n\u0103 la final. Motivele invocate sunt de ordin personal. Viceprimarul \u00een func\u021bie a demisionat deja iar \u00een locul s\u0103u a fost numit un alt consilier local. \u00centre timp, proiectul de [&hellip;]","og_url":"https:\/\/buletin.de\/bucuresti\/ccr-amana-a-cincea-oara-pronuntarea-la-teorema-lui-precup-primarul-nu-mai-candideaza-dupa-18-ani-de-mandat\/","og_site_name":"Buletin de Bucure\u0219ti","article_publisher":"https:\/\/www.facebook.com\/buletin.de.buc","article_published_time":"2023-03-01T13:54:21+00:00","article_modified_time":"2023-03-01T14:20:48+00:00","og_image":[{"width":684,"height":330,"url":"https:\/\/buletin.de\/bucuresti\/wp-content\/uploads\/precup.png","type":"image\/png"}],"author":"Teodora Stroe","twitter_card":"summary_large_image","twitter_misc":{"Written by":"Teodora Stroe","Estimated reading time":"5 minutes"},"schema":{"@context":"https:\/\/schema.org","@graph":[{"@type":"Article","@id":"https:\/\/buletin.de\/bucuresti\/ccr-amana-a-cincea-oara-pronuntarea-la-teorema-lui-precup-primarul-nu-mai-candideaza-dupa-18-ani-de-mandat\/#article","isPartOf":{"@id":"https:\/\/buletin.de\/bucuresti\/ccr-amana-a-cincea-oara-pronuntarea-la-teorema-lui-precup-primarul-nu-mai-candideaza-dupa-18-ani-de-mandat\/"},"author":{"name":"Teodora Stroe","@id":"https:\/\/buletin.de\/bucuresti\/#\/schema\/person\/d369d7ddc775abece205795e0b804614"},"headline":"CCR am\u00e2n\u0103, a cincea oar\u0103, pronun\u021barea la Teorema lui Precup. Primarul nu mai candideaz\u0103 dup\u0103 18 ani de mandat","datePublished":"2023-03-01T13:54:21+00:00","dateModified":"2023-03-01T14:20:48+00:00","mainEntityOfPage":{"@id":"https:\/\/buletin.de\/bucuresti\/ccr-amana-a-cincea-oara-pronuntarea-la-teorema-lui-precup-primarul-nu-mai-candideaza-dupa-18-ani-de-mandat\/"},"wordCount":1233,"publisher":{"@id":"https:\/\/buletin.de\/bucuresti\/#organization"},"image":{"@id":"https:\/\/buletin.de\/bucuresti\/ccr-amana-a-cincea-oara-pronuntarea-la-teorema-lui-precup-primarul-nu-mai-candideaza-dupa-18-ani-de-mandat\/#primaryimage"},"thumbnailUrl":"https:\/\/buletin.de\/bucuresti\/wp-content\/uploads\/precup.png","keywords":["mandat","Mogo\u0219oaia","precup","renuntare","sectorul zero","teorema lui precup"],"articleSection":["Featured","\u0218tiri"],"inLanguage":"en-GB","copyrightYear":"2023","copyrightHolder":{"@id":"https:\/\/buletin.de\/bucuresti\/#organization"}},{"@type":"WebPage","@id":"https:\/\/buletin.de\/bucuresti\/ccr-amana-a-cincea-oara-pronuntarea-la-teorema-lui-precup-primarul-nu-mai-candideaza-dupa-18-ani-de-mandat\/","url":"https:\/\/buletin.de\/bucuresti\/ccr-amana-a-cincea-oara-pronuntarea-la-teorema-lui-precup-primarul-nu-mai-candideaza-dupa-18-ani-de-mandat\/","name":"CCR am\u00e2n\u0103, a cincea oar\u0103, pronun\u021barea la Teorema lui Precup. Primarul nu mai candideaz\u0103 dup\u0103 18 ani de mandat - Buletin de Bucure\u0219ti","isPartOf":{"@id":"https:\/\/buletin.de\/bucuresti\/#website"},"primaryImageOfPage":{"@id":"https:\/\/buletin.de\/bucuresti\/ccr-amana-a-cincea-oara-pronuntarea-la-teorema-lui-precup-primarul-nu-mai-candideaza-dupa-18-ani-de-mandat\/#primaryimage"},"image":{"@id":"https:\/\/buletin.de\/bucuresti\/ccr-amana-a-cincea-oara-pronuntarea-la-teorema-lui-precup-primarul-nu-mai-candideaza-dupa-18-ani-de-mandat\/#primaryimage"},"thumbnailUrl":"https:\/\/buletin.de\/bucuresti\/wp-content\/uploads\/precup.png","datePublished":"2023-03-01T13:54:21+00:00","dateModified":"2023-03-01T14:20:48+00:00","breadcrumb":{"@id":"https:\/\/buletin.de\/bucuresti\/ccr-amana-a-cincea-oara-pronuntarea-la-teorema-lui-precup-primarul-nu-mai-candideaza-dupa-18-ani-de-mandat\/#breadcrumb"},"inLanguage":"en-GB","potentialAction":[{"@type":"ReadAction","target":["https:\/\/buletin.de\/bucuresti\/ccr-amana-a-cincea-oara-pronuntarea-la-teorema-lui-precup-primarul-nu-mai-candideaza-dupa-18-ani-de-mandat\/"]}]},{"@type":"ImageObject","inLanguage":"en-GB","@id":"https:\/\/buletin.de\/bucuresti\/ccr-amana-a-cincea-oara-pronuntarea-la-teorema-lui-precup-primarul-nu-mai-candideaza-dupa-18-ani-de-mandat\/#primaryimage","url":"https:\/\/buletin.de\/bucuresti\/wp-content\/uploads\/precup.png","contentUrl":"https:\/\/buletin.de\/bucuresti\/wp-content\/uploads\/precup.png","width":684,"height":330},{"@type":"BreadcrumbList","@id":"https:\/\/buletin.de\/bucuresti\/ccr-amana-a-cincea-oara-pronuntarea-la-teorema-lui-precup-primarul-nu-mai-candideaza-dupa-18-ani-de-mandat\/#breadcrumb","itemListElement":[{"@type":"ListItem","position":1,"name":"Acas\u0103","item":"https:\/\/buletin.de\/bucuresti\/"},{"@type":"ListItem","position":2,"name":"CCR am\u00e2n\u0103, a cincea oar\u0103, pronun\u021barea la Teorema lui Precup. Primarul nu mai candideaz\u0103 dup\u0103 18 ani de mandat"}]},{"@type":"WebSite","@id":"https:\/\/buletin.de\/bucuresti\/#website","url":"https:\/\/buletin.de\/bucuresti\/","name":"Buletin de Bucure\u0219ti","description":"\u0218tiri \u0219i investiga\u021bii esen\u021biale din capital\u0103","publisher":{"@id":"https:\/\/buletin.de\/bucuresti\/#organization"},"potentialAction":[{"@type":"SearchAction","target":{"@type":"EntryPoint","urlTemplate":"https:\/\/buletin.de\/bucuresti\/?s={search_term_string}"},"query-input":{"@type":"PropertyValueSpecification","valueRequired":true,"valueName":"search_term_string"}}],"inLanguage":"en-GB"},{"@type":"Organization","@id":"https:\/\/buletin.de\/bucuresti\/#organization","name":"Buletin de Bucure\u0219ti","url":"https:\/\/buletin.de\/bucuresti\/","logo":{"@type":"ImageObject","inLanguage":"en-GB","@id":"https:\/\/buletin.de\/bucuresti\/#\/schema\/logo\/image\/","url":"https:\/\/buletin.de\/bucuresti\/wp-content\/uploads\/logo-bdb-full-wide-vernil-transparent.png","contentUrl":"https:\/\/buletin.de\/bucuresti\/wp-content\/uploads\/logo-bdb-full-wide-vernil-transparent.png","width":1782,"height":626,"caption":"Buletin de Bucure\u0219ti"},"image":{"@id":"https:\/\/buletin.de\/bucuresti\/#\/schema\/logo\/image\/"},"sameAs":["https:\/\/www.facebook.com\/buletin.de.buc","https:\/\/www.instagram.com\/buletinde.bucuresti\/"]},{"@type":"Person","@id":"https:\/\/buletin.de\/bucuresti\/#\/schema\/person\/d369d7ddc775abece205795e0b804614","name":"Teodora Stroe","image":{"@type":"ImageObject","inLanguage":"en-GB","@id":"https:\/\/secure.gravatar.com\/avatar\/2560b4cd9f5f1bc100b123158e657d75584bd1c3e1d9c69285720b9457c1b78d?s=96&d=monsterid&r=gc104800242ba5f2d78dd5d7dc4df08b6","url":"https:\/\/secure.gravatar.com\/avatar\/2560b4cd9f5f1bc100b123158e657d75584bd1c3e1d9c69285720b9457c1b78d?s=96&d=monsterid&r=g","contentUrl":"https:\/\/secure.gravatar.com\/avatar\/2560b4cd9f5f1bc100b123158e657d75584bd1c3e1d9c69285720b9457c1b78d?s=96&d=monsterid&r=g","caption":"Teodora Stroe"},"url":"https:\/\/buletin.de\/bucuresti\/author\/simonacarlugea\/"}]}},"authors":[{"term_id":22579,"user_id":18,"is_guest":0,"slug":"simonacarlugea","display_name":"Teodora Stroe","avatar_url":"https:\/\/secure.gravatar.com\/avatar\/2560b4cd9f5f1bc100b123158e657d75584bd1c3e1d9c69285720b9457c1b78d?s=96&d=monsterid&r=g","0":null,"1":"","2":"","3":"","4":"","5":"","6":"","7":"","8":""}],"_links":{"self":[{"href":"https:\/\/buletin.de\/bucuresti\/wp-json\/wp\/v2\/posts\/55243","targetHints":{"allow":["GET"]}}],"collection":[{"href":"https:\/\/buletin.de\/bucuresti\/wp-json\/wp\/v2\/posts"}],"about":[{"href":"https:\/\/buletin.de\/bucuresti\/wp-json\/wp\/v2\/types\/post"}],"author":[{"embeddable":true,"href":"https:\/\/buletin.de\/bucuresti\/wp-json\/wp\/v2\/users\/18"}],"replies":[{"embeddable":true,"href":"https:\/\/buletin.de\/bucuresti\/wp-json\/wp\/v2\/comments?post=55243"}],"version-history":[{"count":20,"href":"https:\/\/buletin.de\/bucuresti\/wp-json\/wp\/v2\/posts\/55243\/revisions"}],"predecessor-version":[{"id":55265,"href":"https:\/\/buletin.de\/bucuresti\/wp-json\/wp\/v2\/posts\/55243\/revisions\/55265"}],"wp:featuredmedia":[{"embeddable":true,"href":"https:\/\/buletin.de\/bucuresti\/wp-json\/wp\/v2\/media\/38370"}],"wp:attachment":[{"href":"https:\/\/buletin.de\/bucuresti\/wp-json\/wp\/v2\/media?parent=55243"}],"wp:term":[{"taxonomy":"category","embeddable":true,"href":"https:\/\/buletin.de\/bucuresti\/wp-json\/wp\/v2\/categories?post=55243"},{"taxonomy":"post_tag","embeddable":true,"href":"https:\/\/buletin.de\/bucuresti\/wp-json\/wp\/v2\/tags?post=55243"},{"taxonomy":"author","embeddable":true,"href":"https:\/\/buletin.de\/bucuresti\/wp-json\/wp\/v2\/ppma_author?post=55243"}],"curies":[{"name":"wp","href":"https:\/\/api.w.org\/{rel}","templated":true}]}}