{"id":5522,"date":"2020-04-06T18:28:07","date_gmt":"2020-04-06T15:28:07","guid":{"rendered":"https:\/\/buletin.de\/bucuresti\/?p=5522"},"modified":"2020-04-06T21:44:24","modified_gmt":"2020-04-06T18:44:24","slug":"proiect-de-oug-mandatul-primarilor-si-a-celorlalti-alesi-locali-prelungit-pana-cel-tarziu-la-31-decembrie","status":"publish","type":"post","link":"https:\/\/buletin.de\/bucuresti\/proiect-de-oug-mandatul-primarilor-si-a-celorlalti-alesi-locali-prelungit-pana-cel-tarziu-la-31-decembrie\/","title":{"rendered":"Proiect de OUG: Alegerile locale se am\u00e2n\u0103. Mandatele primarilor \u0219i cele ale celorlal\u021bi ale\u0219i locali, prelungite p\u00e2n\u0103 cel t\u00e2rziu la 31 decembrie"},"content":{"rendered":"\n<p><strong>UPDATE 22:40<\/strong><\/p>\n\n\n\n<p>Guvernul a aprobat proiectul de ordonan\u021b\u0103 de urgen\u021b\u0103 prin care se prelungesc mandatele ale\u0219ilor locali p\u00e2n\u0103 cel t\u00e2rziu la data de 31 decembrie 2020. <\/p>\n\n\n\n<p><strong>\u0218tirea ini\u021bial\u0103<\/strong><\/p>\n\n\n\n<p>Mandatele ale\u0219ilor locali \u2013 primari, consilieri locali, pre\u0219edin\u021bi de consilii jude\u021bene \u0219i consilieri jude\u021beni \u2013 vor fi prelungite p\u00e2n\u0103 cel t\u00e2rziu pe 31 decembrie, potrivit unui proiect de ordonan\u021b\u0103 de urgen\u021b\u0103 care este discutat \u00een \u0219edin\u021ba de Guvern de luni. Ini\u021bial se dorea organizarea alegerilor locale pe 28 iunie. <\/p>\n\n\n\n<p>\u201eEste evident c\u0103\n\u00een aceast\u0103 perioad\u0103 nu se pot desf\u0103\u0219ura activit\u0103\u021bi specifice campaniei\nelectorale \u0219i c\u0103 alegerile trebuie s\u0103 aib\u0103 loc \u00eentr-o perioad\u0103 sigur\u0103 din punct\nde vedere epidemiologic.&nbsp; A\u0219adar, trei\ninstitu\u021bii \u2013 Autoritatea Electoral\u0103 Permanent\u0103, \u00eempreun\u0103 cu Ministerul de\nInterne \u0219i Ministerul Lucr\u0103rilor Publice, Dezvolt\u0103rii \u0219i Administra\u021biei \u2013&nbsp; propun un proiect de ordonan\u021b\u0103 de urgen\u021b\u0103 de\nprelungire a mandatelor ale\u0219ilor locali p\u00e2n\u0103 cel t\u00e2rziu la 31 decembrie 2020\u201d,\na declarat la \u00eenceputul \u0219edin\u021bei vecepremierul Raluca Turcan. <\/p>\n\n\n\n<p>Proiectul de act\nnormativ simplific\u0103 \u0219i procedura depunerii candidaturilor. <\/p>\n\n\n\n<p>\u201ePartidele\npolitice \u0219i candida\u021bii pentru func\u021biile din administra\u021bia public\u0103 local\u0103 vor\nprezenta o singur\u0103 list\u0103 de sus\u021bin\u0103tori \u0219i vor depune un num\u0103r minim de 25.000\nde semn\u0103turi, dintre care c\u00e2te 500 din fiecare jude\u021b \u0219i 1000 din municipiul\nBucure\u0219ti\u201d, a ad\u0103ugat Raluca Turcan. <\/p>\n\n\n\n<p>Potrivit acesteia,\nproiectul de OUG prevede \u0219i ca \u00een locul listei cu sus\u021bin\u0103tori s\u0103 fie f\u0103cut\u0103\ndovada depunerii \u00een contul bancar a unei contribu\u021bii electorale. <\/p>\n","protected":false},"excerpt":{"rendered":"<p>UPDATE 22:40 Guvernul a aprobat proiectul de ordonan\u021b\u0103 de urgen\u021b\u0103 prin care se prelungesc mandatele ale\u0219ilor locali p\u00e2n\u0103 cel t\u00e2rziu la data de 31 decembrie 2020. \u0218tirea ini\u021bial\u0103 Mandatele ale\u0219ilor locali \u2013 primari, consilieri locali, pre\u0219edin\u021bi de consilii jude\u021bene \u0219i consilieri jude\u021beni \u2013 vor fi prelungite p\u00e2n\u0103 cel t\u00e2rziu pe 31 decembrie, potrivit unui proiect [&hellip;]<\/p>\n","protected":false},"author":11,"featured_media":5523,"comment_status":"closed","ping_status":"open","sticky":false,"template":"","format":"standard","meta":{"_acf_changed":false,"inline_featured_image":false,"ngg_post_thumbnail":0,"footnotes":""},"categories":[62],"tags":[781,802,801,225,803],"ppma_author":[22590],"class_list":["post-5522","post","type-post","status-publish","format-standard","has-post-thumbnail","hentry","category-stiri","tag-alegeri-locale","tag-consiliu-local","tag-prelugire-mandate-alesi-locali","tag-primar","tag-primari-de-sector"],"acf":[],"yoast_head":"<!-- This site is optimized with the Yoast SEO Premium plugin v25.3 (Yoast SEO v27.4) - https:\/\/yoast.com\/product\/yoast-seo-premium-wordpress\/ -->\n<title>Proiect de OUG: Alegerile locale se am\u00e2n\u0103. Mandatele primarilor \u0219i cele ale celorlal\u021bi ale\u0219i locali, prelungite p\u00e2n\u0103 cel t\u00e2rziu la 31 decembrie - Buletin de Bucure\u0219ti<\/title>\n<meta name=\"robots\" content=\"index, follow, max-snippet:-1, max-image-preview:large, max-video-preview:-1\" \/>\n<link rel=\"canonical\" href=\"https:\/\/buletin.de\/bucuresti\/proiect-de-oug-mandatul-primarilor-si-a-celorlalti-alesi-locali-prelungit-pana-cel-tarziu-la-31-decembrie\/\" \/>\n<meta property=\"og:locale\" content=\"en_GB\" \/>\n<meta property=\"og:type\" content=\"article\" \/>\n<meta property=\"og:title\" content=\"Proiect de OUG: Alegerile locale se am\u00e2n\u0103. Mandatele primarilor \u0219i cele ale celorlal\u021bi ale\u0219i locali, prelungite p\u00e2n\u0103 cel t\u00e2rziu la 31 decembrie\" \/>\n<meta property=\"og:description\" content=\"UPDATE 22:40 Guvernul a aprobat proiectul de ordonan\u021b\u0103 de urgen\u021b\u0103 prin care se prelungesc mandatele ale\u0219ilor locali p\u00e2n\u0103 cel t\u00e2rziu la data de 31 decembrie 2020. \u0218tirea ini\u021bial\u0103 Mandatele ale\u0219ilor locali \u2013 primari, consilieri locali, pre\u0219edin\u021bi de consilii jude\u021bene \u0219i consilieri jude\u021beni \u2013 vor fi prelungite p\u00e2n\u0103 cel t\u00e2rziu pe 31 decembrie, potrivit unui proiect [&hellip;]\" \/>\n<meta property=\"og:url\" content=\"https:\/\/buletin.de\/bucuresti\/proiect-de-oug-mandatul-primarilor-si-a-celorlalti-alesi-locali-prelungit-pana-cel-tarziu-la-31-decembrie\/\" \/>\n<meta property=\"og:site_name\" content=\"Buletin de Bucure\u0219ti\" \/>\n<meta property=\"article:publisher\" content=\"https:\/\/www.facebook.com\/buletin.de.buc\" \/>\n<meta property=\"article:published_time\" content=\"2020-04-06T15:28:07+00:00\" \/>\n<meta property=\"article:modified_time\" content=\"2020-04-06T18:44:24+00:00\" \/>\n<meta property=\"og:image\" content=\"https:\/\/buletin.de\/bucuresti\/wp-content\/uploads\/sedinta-de-guvern-900x524.png\" \/>\n\t<meta property=\"og:image:width\" content=\"900\" \/>\n\t<meta property=\"og:image:height\" content=\"524\" \/>\n\t<meta property=\"og:image:type\" content=\"image\/png\" \/>\n<meta name=\"author\" content=\"Cristina Sb\u00eern\" \/>\n<meta name=\"twitter:card\" content=\"summary_large_image\" \/>\n<meta name=\"twitter:label1\" content=\"Written by\" \/>\n\t<meta name=\"twitter:data1\" content=\"Cristina Sb\u00eern\" \/>\n\t<meta name=\"twitter:label2\" content=\"Estimated reading time\" \/>\n\t<meta name=\"twitter:data2\" content=\"1 minute\" \/>\n<script type=\"application\/ld+json\" class=\"yoast-schema-graph\">{\"@context\":\"https:\\\/\\\/schema.org\",\"@graph\":[{\"@type\":\"Article\",\"@id\":\"https:\\\/\\\/buletin.de\\\/bucuresti\\\/proiect-de-oug-mandatul-primarilor-si-a-celorlalti-alesi-locali-prelungit-pana-cel-tarziu-la-31-decembrie\\\/#article\",\"isPartOf\":{\"@id\":\"https:\\\/\\\/buletin.de\\\/bucuresti\\\/proiect-de-oug-mandatul-primarilor-si-a-celorlalti-alesi-locali-prelungit-pana-cel-tarziu-la-31-decembrie\\\/\"},\"author\":{\"name\":\"Cristina Sb\u00eern\",\"@id\":\"https:\\\/\\\/buletin.de\\\/bucuresti\\\/#\\\/schema\\\/person\\\/491b46d206898645bf48e42ec8d16a4e\"},\"headline\":\"Proiect de OUG: Alegerile locale se am\u00e2n\u0103. Mandatele primarilor \u0219i cele ale celorlal\u021bi ale\u0219i locali, prelungite p\u00e2n\u0103 cel t\u00e2rziu la 31 decembrie\",\"datePublished\":\"2020-04-06T15:28:07+00:00\",\"dateModified\":\"2020-04-06T18:44:24+00:00\",\"mainEntityOfPage\":{\"@id\":\"https:\\\/\\\/buletin.de\\\/bucuresti\\\/proiect-de-oug-mandatul-primarilor-si-a-celorlalti-alesi-locali-prelungit-pana-cel-tarziu-la-31-decembrie\\\/\"},\"wordCount\":283,\"publisher\":{\"@id\":\"https:\\\/\\\/buletin.de\\\/bucuresti\\\/#organization\"},\"image\":{\"@id\":\"https:\\\/\\\/buletin.de\\\/bucuresti\\\/proiect-de-oug-mandatul-primarilor-si-a-celorlalti-alesi-locali-prelungit-pana-cel-tarziu-la-31-decembrie\\\/#primaryimage\"},\"thumbnailUrl\":\"https:\\\/\\\/buletin.de\\\/bucuresti\\\/wp-content\\\/uploads\\\/sedinta-de-guvern.png\",\"keywords\":[\"alegeri locale\",\"consiliu local\",\"prelugire mandate alesi locali\",\"primar\",\"primari de sector\"],\"articleSection\":[\"\u0218tiri\"],\"inLanguage\":\"en-GB\",\"copyrightYear\":\"2020\",\"copyrightHolder\":{\"@id\":\"https:\\\/\\\/buletin.de\\\/bucuresti\\\/#organization\"}},{\"@type\":\"WebPage\",\"@id\":\"https:\\\/\\\/buletin.de\\\/bucuresti\\\/proiect-de-oug-mandatul-primarilor-si-a-celorlalti-alesi-locali-prelungit-pana-cel-tarziu-la-31-decembrie\\\/\",\"url\":\"https:\\\/\\\/buletin.de\\\/bucuresti\\\/proiect-de-oug-mandatul-primarilor-si-a-celorlalti-alesi-locali-prelungit-pana-cel-tarziu-la-31-decembrie\\\/\",\"name\":\"Proiect de OUG: Alegerile locale se am\u00e2n\u0103. Mandatele primarilor \u0219i cele ale celorlal\u021bi ale\u0219i locali, prelungite p\u00e2n\u0103 cel t\u00e2rziu la 31 decembrie - Buletin de Bucure\u0219ti\",\"isPartOf\":{\"@id\":\"https:\\\/\\\/buletin.de\\\/bucuresti\\\/#website\"},\"primaryImageOfPage\":{\"@id\":\"https:\\\/\\\/buletin.de\\\/bucuresti\\\/proiect-de-oug-mandatul-primarilor-si-a-celorlalti-alesi-locali-prelungit-pana-cel-tarziu-la-31-decembrie\\\/#primaryimage\"},\"image\":{\"@id\":\"https:\\\/\\\/buletin.de\\\/bucuresti\\\/proiect-de-oug-mandatul-primarilor-si-a-celorlalti-alesi-locali-prelungit-pana-cel-tarziu-la-31-decembrie\\\/#primaryimage\"},\"thumbnailUrl\":\"https:\\\/\\\/buletin.de\\\/bucuresti\\\/wp-content\\\/uploads\\\/sedinta-de-guvern.png\",\"datePublished\":\"2020-04-06T15:28:07+00:00\",\"dateModified\":\"2020-04-06T18:44:24+00:00\",\"breadcrumb\":{\"@id\":\"https:\\\/\\\/buletin.de\\\/bucuresti\\\/proiect-de-oug-mandatul-primarilor-si-a-celorlalti-alesi-locali-prelungit-pana-cel-tarziu-la-31-decembrie\\\/#breadcrumb\"},\"inLanguage\":\"en-GB\",\"potentialAction\":[{\"@type\":\"ReadAction\",\"target\":[\"https:\\\/\\\/buletin.de\\\/bucuresti\\\/proiect-de-oug-mandatul-primarilor-si-a-celorlalti-alesi-locali-prelungit-pana-cel-tarziu-la-31-decembrie\\\/\"]}]},{\"@type\":\"ImageObject\",\"inLanguage\":\"en-GB\",\"@id\":\"https:\\\/\\\/buletin.de\\\/bucuresti\\\/proiect-de-oug-mandatul-primarilor-si-a-celorlalti-alesi-locali-prelungit-pana-cel-tarziu-la-31-decembrie\\\/#primaryimage\",\"url\":\"https:\\\/\\\/buletin.de\\\/bucuresti\\\/wp-content\\\/uploads\\\/sedinta-de-guvern.png\",\"contentUrl\":\"https:\\\/\\\/buletin.de\\\/bucuresti\\\/wp-content\\\/uploads\\\/sedinta-de-guvern.png\",\"width\":2761,\"height\":1609},{\"@type\":\"BreadcrumbList\",\"@id\":\"https:\\\/\\\/buletin.de\\\/bucuresti\\\/proiect-de-oug-mandatul-primarilor-si-a-celorlalti-alesi-locali-prelungit-pana-cel-tarziu-la-31-decembrie\\\/#breadcrumb\",\"itemListElement\":[{\"@type\":\"ListItem\",\"position\":1,\"name\":\"Acas\u0103\",\"item\":\"https:\\\/\\\/buletin.de\\\/bucuresti\\\/\"},{\"@type\":\"ListItem\",\"position\":2,\"name\":\"Proiect de OUG: Alegerile locale se am\u00e2n\u0103. Mandatele primarilor \u0219i cele ale celorlal\u021bi ale\u0219i locali, prelungite p\u00e2n\u0103 cel t\u00e2rziu la 31 decembrie\"}]},{\"@type\":\"WebSite\",\"@id\":\"https:\\\/\\\/buletin.de\\\/bucuresti\\\/#website\",\"url\":\"https:\\\/\\\/buletin.de\\\/bucuresti\\\/\",\"name\":\"Buletin de Bucure\u0219ti\",\"description\":\"\u0218tiri \u0219i investiga\u021bii esen\u021biale din capital\u0103\",\"publisher\":{\"@id\":\"https:\\\/\\\/buletin.de\\\/bucuresti\\\/#organization\"},\"potentialAction\":[{\"@type\":\"SearchAction\",\"target\":{\"@type\":\"EntryPoint\",\"urlTemplate\":\"https:\\\/\\\/buletin.de\\\/bucuresti\\\/?s={search_term_string}\"},\"query-input\":{\"@type\":\"PropertyValueSpecification\",\"valueRequired\":true,\"valueName\":\"search_term_string\"}}],\"inLanguage\":\"en-GB\"},{\"@type\":\"Organization\",\"@id\":\"https:\\\/\\\/buletin.de\\\/bucuresti\\\/#organization\",\"name\":\"Buletin de Bucure\u0219ti\",\"url\":\"https:\\\/\\\/buletin.de\\\/bucuresti\\\/\",\"logo\":{\"@type\":\"ImageObject\",\"inLanguage\":\"en-GB\",\"@id\":\"https:\\\/\\\/buletin.de\\\/bucuresti\\\/#\\\/schema\\\/logo\\\/image\\\/\",\"url\":\"https:\\\/\\\/buletin.de\\\/bucuresti\\\/wp-content\\\/uploads\\\/logo-bdb-full-wide-vernil-transparent.png\",\"contentUrl\":\"https:\\\/\\\/buletin.de\\\/bucuresti\\\/wp-content\\\/uploads\\\/logo-bdb-full-wide-vernil-transparent.png\",\"width\":1782,\"height\":626,\"caption\":\"Buletin de Bucure\u0219ti\"},\"image\":{\"@id\":\"https:\\\/\\\/buletin.de\\\/bucuresti\\\/#\\\/schema\\\/logo\\\/image\\\/\"},\"sameAs\":[\"https:\\\/\\\/www.facebook.com\\\/buletin.de.buc\",\"https:\\\/\\\/www.instagram.com\\\/buletinde.bucuresti\\\/\"]},{\"@type\":\"Person\",\"@id\":\"https:\\\/\\\/buletin.de\\\/bucuresti\\\/#\\\/schema\\\/person\\\/491b46d206898645bf48e42ec8d16a4e\",\"name\":\"Cristina Sb\u00eern\",\"image\":{\"@type\":\"ImageObject\",\"inLanguage\":\"en-GB\",\"@id\":\"https:\\\/\\\/secure.gravatar.com\\\/avatar\\\/37e16dbd00976eec8a6ce30eadedf4377f2cf2504eadbf5ef401b703947010b3?s=96&d=monsterid&r=g1bf283f4b400adaebc79de5a891c6b20\",\"url\":\"https:\\\/\\\/secure.gravatar.com\\\/avatar\\\/37e16dbd00976eec8a6ce30eadedf4377f2cf2504eadbf5ef401b703947010b3?s=96&d=monsterid&r=g\",\"contentUrl\":\"https:\\\/\\\/secure.gravatar.com\\\/avatar\\\/37e16dbd00976eec8a6ce30eadedf4377f2cf2504eadbf5ef401b703947010b3?s=96&d=monsterid&r=g\",\"caption\":\"Cristina Sb\u00eern\"},\"description\":\"Reporter\",\"url\":\"https:\\\/\\\/buletin.de\\\/bucuresti\\\/author\\\/cristinasbirn\\\/\"}]}<\/script>\n<!-- \/ Yoast SEO Premium plugin. -->","yoast_head_json":{"title":"Proiect de OUG: Alegerile locale se am\u00e2n\u0103. Mandatele primarilor \u0219i cele ale celorlal\u021bi ale\u0219i locali, prelungite p\u00e2n\u0103 cel t\u00e2rziu la 31 decembrie - Buletin de Bucure\u0219ti","robots":{"index":"index","follow":"follow","max-snippet":"max-snippet:-1","max-image-preview":"max-image-preview:large","max-video-preview":"max-video-preview:-1"},"canonical":"https:\/\/buletin.de\/bucuresti\/proiect-de-oug-mandatul-primarilor-si-a-celorlalti-alesi-locali-prelungit-pana-cel-tarziu-la-31-decembrie\/","og_locale":"en_GB","og_type":"article","og_title":"Proiect de OUG: Alegerile locale se am\u00e2n\u0103. Mandatele primarilor \u0219i cele ale celorlal\u021bi ale\u0219i locali, prelungite p\u00e2n\u0103 cel t\u00e2rziu la 31 decembrie","og_description":"UPDATE 22:40 Guvernul a aprobat proiectul de ordonan\u021b\u0103 de urgen\u021b\u0103 prin care se prelungesc mandatele ale\u0219ilor locali p\u00e2n\u0103 cel t\u00e2rziu la data de 31 decembrie 2020. \u0218tirea ini\u021bial\u0103 Mandatele ale\u0219ilor locali \u2013 primari, consilieri locali, pre\u0219edin\u021bi de consilii jude\u021bene \u0219i consilieri jude\u021beni \u2013 vor fi prelungite p\u00e2n\u0103 cel t\u00e2rziu pe 31 decembrie, potrivit unui proiect [&hellip;]","og_url":"https:\/\/buletin.de\/bucuresti\/proiect-de-oug-mandatul-primarilor-si-a-celorlalti-alesi-locali-prelungit-pana-cel-tarziu-la-31-decembrie\/","og_site_name":"Buletin de Bucure\u0219ti","article_publisher":"https:\/\/www.facebook.com\/buletin.de.buc","article_published_time":"2020-04-06T15:28:07+00:00","article_modified_time":"2020-04-06T18:44:24+00:00","og_image":[{"width":900,"height":524,"url":"https:\/\/buletin.de\/bucuresti\/wp-content\/uploads\/sedinta-de-guvern-900x524.png","type":"image\/png"}],"author":"Cristina Sb\u00eern","twitter_card":"summary_large_image","twitter_misc":{"Written by":"Cristina Sb\u00eern","Estimated reading time":"1 minute"},"schema":{"@context":"https:\/\/schema.org","@graph":[{"@type":"Article","@id":"https:\/\/buletin.de\/bucuresti\/proiect-de-oug-mandatul-primarilor-si-a-celorlalti-alesi-locali-prelungit-pana-cel-tarziu-la-31-decembrie\/#article","isPartOf":{"@id":"https:\/\/buletin.de\/bucuresti\/proiect-de-oug-mandatul-primarilor-si-a-celorlalti-alesi-locali-prelungit-pana-cel-tarziu-la-31-decembrie\/"},"author":{"name":"Cristina Sb\u00eern","@id":"https:\/\/buletin.de\/bucuresti\/#\/schema\/person\/491b46d206898645bf48e42ec8d16a4e"},"headline":"Proiect de OUG: Alegerile locale se am\u00e2n\u0103. Mandatele primarilor \u0219i cele ale celorlal\u021bi ale\u0219i locali, prelungite p\u00e2n\u0103 cel t\u00e2rziu la 31 decembrie","datePublished":"2020-04-06T15:28:07+00:00","dateModified":"2020-04-06T18:44:24+00:00","mainEntityOfPage":{"@id":"https:\/\/buletin.de\/bucuresti\/proiect-de-oug-mandatul-primarilor-si-a-celorlalti-alesi-locali-prelungit-pana-cel-tarziu-la-31-decembrie\/"},"wordCount":283,"publisher":{"@id":"https:\/\/buletin.de\/bucuresti\/#organization"},"image":{"@id":"https:\/\/buletin.de\/bucuresti\/proiect-de-oug-mandatul-primarilor-si-a-celorlalti-alesi-locali-prelungit-pana-cel-tarziu-la-31-decembrie\/#primaryimage"},"thumbnailUrl":"https:\/\/buletin.de\/bucuresti\/wp-content\/uploads\/sedinta-de-guvern.png","keywords":["alegeri locale","consiliu local","prelugire mandate alesi locali","primar","primari de sector"],"articleSection":["\u0218tiri"],"inLanguage":"en-GB","copyrightYear":"2020","copyrightHolder":{"@id":"https:\/\/buletin.de\/bucuresti\/#organization"}},{"@type":"WebPage","@id":"https:\/\/buletin.de\/bucuresti\/proiect-de-oug-mandatul-primarilor-si-a-celorlalti-alesi-locali-prelungit-pana-cel-tarziu-la-31-decembrie\/","url":"https:\/\/buletin.de\/bucuresti\/proiect-de-oug-mandatul-primarilor-si-a-celorlalti-alesi-locali-prelungit-pana-cel-tarziu-la-31-decembrie\/","name":"Proiect de OUG: Alegerile locale se am\u00e2n\u0103. Mandatele primarilor \u0219i cele ale celorlal\u021bi ale\u0219i locali, prelungite p\u00e2n\u0103 cel t\u00e2rziu la 31 decembrie - Buletin de Bucure\u0219ti","isPartOf":{"@id":"https:\/\/buletin.de\/bucuresti\/#website"},"primaryImageOfPage":{"@id":"https:\/\/buletin.de\/bucuresti\/proiect-de-oug-mandatul-primarilor-si-a-celorlalti-alesi-locali-prelungit-pana-cel-tarziu-la-31-decembrie\/#primaryimage"},"image":{"@id":"https:\/\/buletin.de\/bucuresti\/proiect-de-oug-mandatul-primarilor-si-a-celorlalti-alesi-locali-prelungit-pana-cel-tarziu-la-31-decembrie\/#primaryimage"},"thumbnailUrl":"https:\/\/buletin.de\/bucuresti\/wp-content\/uploads\/sedinta-de-guvern.png","datePublished":"2020-04-06T15:28:07+00:00","dateModified":"2020-04-06T18:44:24+00:00","breadcrumb":{"@id":"https:\/\/buletin.de\/bucuresti\/proiect-de-oug-mandatul-primarilor-si-a-celorlalti-alesi-locali-prelungit-pana-cel-tarziu-la-31-decembrie\/#breadcrumb"},"inLanguage":"en-GB","potentialAction":[{"@type":"ReadAction","target":["https:\/\/buletin.de\/bucuresti\/proiect-de-oug-mandatul-primarilor-si-a-celorlalti-alesi-locali-prelungit-pana-cel-tarziu-la-31-decembrie\/"]}]},{"@type":"ImageObject","inLanguage":"en-GB","@id":"https:\/\/buletin.de\/bucuresti\/proiect-de-oug-mandatul-primarilor-si-a-celorlalti-alesi-locali-prelungit-pana-cel-tarziu-la-31-decembrie\/#primaryimage","url":"https:\/\/buletin.de\/bucuresti\/wp-content\/uploads\/sedinta-de-guvern.png","contentUrl":"https:\/\/buletin.de\/bucuresti\/wp-content\/uploads\/sedinta-de-guvern.png","width":2761,"height":1609},{"@type":"BreadcrumbList","@id":"https:\/\/buletin.de\/bucuresti\/proiect-de-oug-mandatul-primarilor-si-a-celorlalti-alesi-locali-prelungit-pana-cel-tarziu-la-31-decembrie\/#breadcrumb","itemListElement":[{"@type":"ListItem","position":1,"name":"Acas\u0103","item":"https:\/\/buletin.de\/bucuresti\/"},{"@type":"ListItem","position":2,"name":"Proiect de OUG: Alegerile locale se am\u00e2n\u0103. Mandatele primarilor \u0219i cele ale celorlal\u021bi ale\u0219i locali, prelungite p\u00e2n\u0103 cel t\u00e2rziu la 31 decembrie"}]},{"@type":"WebSite","@id":"https:\/\/buletin.de\/bucuresti\/#website","url":"https:\/\/buletin.de\/bucuresti\/","name":"Buletin de Bucure\u0219ti","description":"\u0218tiri \u0219i investiga\u021bii esen\u021biale din capital\u0103","publisher":{"@id":"https:\/\/buletin.de\/bucuresti\/#organization"},"potentialAction":[{"@type":"SearchAction","target":{"@type":"EntryPoint","urlTemplate":"https:\/\/buletin.de\/bucuresti\/?s={search_term_string}"},"query-input":{"@type":"PropertyValueSpecification","valueRequired":true,"valueName":"search_term_string"}}],"inLanguage":"en-GB"},{"@type":"Organization","@id":"https:\/\/buletin.de\/bucuresti\/#organization","name":"Buletin de Bucure\u0219ti","url":"https:\/\/buletin.de\/bucuresti\/","logo":{"@type":"ImageObject","inLanguage":"en-GB","@id":"https:\/\/buletin.de\/bucuresti\/#\/schema\/logo\/image\/","url":"https:\/\/buletin.de\/bucuresti\/wp-content\/uploads\/logo-bdb-full-wide-vernil-transparent.png","contentUrl":"https:\/\/buletin.de\/bucuresti\/wp-content\/uploads\/logo-bdb-full-wide-vernil-transparent.png","width":1782,"height":626,"caption":"Buletin de Bucure\u0219ti"},"image":{"@id":"https:\/\/buletin.de\/bucuresti\/#\/schema\/logo\/image\/"},"sameAs":["https:\/\/www.facebook.com\/buletin.de.buc","https:\/\/www.instagram.com\/buletinde.bucuresti\/"]},{"@type":"Person","@id":"https:\/\/buletin.de\/bucuresti\/#\/schema\/person\/491b46d206898645bf48e42ec8d16a4e","name":"Cristina Sb\u00eern","image":{"@type":"ImageObject","inLanguage":"en-GB","@id":"https:\/\/secure.gravatar.com\/avatar\/37e16dbd00976eec8a6ce30eadedf4377f2cf2504eadbf5ef401b703947010b3?s=96&d=monsterid&r=g1bf283f4b400adaebc79de5a891c6b20","url":"https:\/\/secure.gravatar.com\/avatar\/37e16dbd00976eec8a6ce30eadedf4377f2cf2504eadbf5ef401b703947010b3?s=96&d=monsterid&r=g","contentUrl":"https:\/\/secure.gravatar.com\/avatar\/37e16dbd00976eec8a6ce30eadedf4377f2cf2504eadbf5ef401b703947010b3?s=96&d=monsterid&r=g","caption":"Cristina Sb\u00eern"},"description":"Reporter","url":"https:\/\/buletin.de\/bucuresti\/author\/cristinasbirn\/"}]}},"authors":[{"term_id":22590,"user_id":11,"is_guest":0,"slug":"cristinasbirn","display_name":"Cristina Sb\u00eern","avatar_url":"https:\/\/secure.gravatar.com\/avatar\/37e16dbd00976eec8a6ce30eadedf4377f2cf2504eadbf5ef401b703947010b3?s=96&d=monsterid&r=g","0":null,"1":"","2":"","3":"","4":"","5":"","6":"","7":"","8":""}],"_links":{"self":[{"href":"https:\/\/buletin.de\/bucuresti\/wp-json\/wp\/v2\/posts\/5522","targetHints":{"allow":["GET"]}}],"collection":[{"href":"https:\/\/buletin.de\/bucuresti\/wp-json\/wp\/v2\/posts"}],"about":[{"href":"https:\/\/buletin.de\/bucuresti\/wp-json\/wp\/v2\/types\/post"}],"author":[{"embeddable":true,"href":"https:\/\/buletin.de\/bucuresti\/wp-json\/wp\/v2\/users\/11"}],"replies":[{"embeddable":true,"href":"https:\/\/buletin.de\/bucuresti\/wp-json\/wp\/v2\/comments?post=5522"}],"version-history":[{"count":5,"href":"https:\/\/buletin.de\/bucuresti\/wp-json\/wp\/v2\/posts\/5522\/revisions"}],"predecessor-version":[{"id":5556,"href":"https:\/\/buletin.de\/bucuresti\/wp-json\/wp\/v2\/posts\/5522\/revisions\/5556"}],"wp:featuredmedia":[{"embeddable":true,"href":"https:\/\/buletin.de\/bucuresti\/wp-json\/wp\/v2\/media\/5523"}],"wp:attachment":[{"href":"https:\/\/buletin.de\/bucuresti\/wp-json\/wp\/v2\/media?parent=5522"}],"wp:term":[{"taxonomy":"category","embeddable":true,"href":"https:\/\/buletin.de\/bucuresti\/wp-json\/wp\/v2\/categories?post=5522"},{"taxonomy":"post_tag","embeddable":true,"href":"https:\/\/buletin.de\/bucuresti\/wp-json\/wp\/v2\/tags?post=5522"},{"taxonomy":"author","embeddable":true,"href":"https:\/\/buletin.de\/bucuresti\/wp-json\/wp\/v2\/ppma_author?post=5522"}],"curies":[{"name":"wp","href":"https:\/\/api.w.org\/{rel}","templated":true}]}}