{"id":55219,"date":"2023-03-01T12:41:26","date_gmt":"2023-03-01T10:41:26","guid":{"rendered":"https:\/\/buletin.de\/bucuresti\/?p=55219"},"modified":"2023-03-01T13:04:28","modified_gmt":"2023-03-01T11:04:28","slug":"video-miercurea-alarmelor-a-sunat-alarma-in-capitala","status":"publish","type":"post","link":"https:\/\/buletin.de\/bucuresti\/video-miercurea-alarmelor-a-sunat-alarma-in-capitala\/","title":{"rendered":"VIDEO: Miercurea alarmelor | A sunat alarma \u00een Capital\u0103!"},"content":{"rendered":"\n<p><strong>A sunat alarma \u00een Capital\u0103! Sirenele au sunat azi, 1 martie, \u00een Capital\u0103 \u0219i \u00een jude\u021bele \u021b\u0103rii, \u00eentre orele 10.00 \u2013 11.00, \u00eentr-un exerci\u021biu de alarmare public\u0103, organizat de Inspectoratul General pentru Situa\u021bii de Urgen\u021b\u0103.<\/strong><\/p>\n\n\n\n<figure class=\"wp-block-video\"><video height=\"640\" style=\"aspect-ratio: 352 \/ 640;\" width=\"352\" controls src=\"https:\/\/buletin.de\/bucuresti\/wp-content\/uploads\/WhatsApp-Video-2023-03-01-at-10.08.14.mp4\"><\/video><figcaption>Exerci\u021biul a \u00eenceput prin \u00een\u0219tiin\u021barea popula\u021biei cu mesaje vocale &#8211; imagini amator. Splaiul Independen\u021bei<\/figcaption><\/figure>\n\n\n\n<p>IGSU a reluat exerci\u021biul na\u021bional \u201eMiercurea Alarmelor\u201d. Scopul acestui exerci\u021biu este testarea \u0219i verificarea echipamentelor din componen\u021ba sistemului de \u00een\u0219tiin\u021bare, avertizare \u0219i alarmare \u00een situa\u021bii de protec\u021bie civil\u0103.<\/p>\n\n\n\n<p>Locuitorii Capitalei \u0219i cei din jude\u021bele \u021b\u0103rii au auzit semnalul \u201ealarm\u0103 la dezastre\u201d, compus din 5 sunete a c\u00e2te 16 secunde fiecare, cu pauz\u0103 de 10 secunde \u00eentre ele.<\/p>\n\n\n\n<figure class=\"wp-block-video\"><video height=\"352\" style=\"aspect-ratio: 640 \/ 352;\" width=\"640\" controls src=\"https:\/\/buletin.de\/bucuresti\/wp-content\/uploads\/WhatsApp-Video-2023-03-01-at-10.26.22.mp4\"><\/video><figcaption>Groz\u0103ve\u0219ti<\/figcaption><\/figure>\n\n\n\n<figure class=\"wp-block-video\"><video height=\"352\" style=\"aspect-ratio: 640 \/ 352;\" width=\"640\" controls src=\"https:\/\/buletin.de\/bucuresti\/wp-content\/uploads\/WhatsApp-Video-2023-03-01-at-10.27.02.mp4\"><\/video><\/figure>\n\n\n\n<figure class=\"wp-block-video\"><video height=\"640\" style=\"aspect-ratio: 352 \/ 640;\" width=\"352\" controls src=\"https:\/\/buletin.de\/bucuresti\/wp-content\/uploads\/WhatsApp-Video-2023-03-01-at-10.27.02-1.mp4\"><\/video><figcaption>Universitate &#8211; imagini amator<\/figcaption><\/figure>\n\n\n\n<p>Exerci\u021biul de alarmare public\u0103 a fost desf\u0103\u0219urat \u00een contextul organiz\u0103rii la nivel na\u021bional a evenimentului S\u0103pt\u0103m\u00e2na Protec\u021biei Civile, \u00een perioada 25.02-04.03.2023.<\/p>\n\n\n\n<p>Raed Arafat, \u0219eful Departamentului pentru Situa\u021bii de Urgen\u021b\u0103, a explicat c\u0103 este normal s\u0103 se fac\u0103 astfel de exerci\u021bii.<\/p>\n\n\n\n<p>\u201eFaptul c\u0103 facem inform\u0103ri, preg\u0103tiri nu \u00eenseamn\u0103 c\u0103 noi \u0219tim c\u0103 m\u00e2ine se va \u00eent\u00e2mpla ceva. Este obliga\u021bia noastr\u0103 s\u0103 facem acest lucru. Asta face Protec\u021bia Civil\u0103: preg\u0103te\u0219te popula\u021bia!\u201d, a men\u021bionat Raed Arafat, \u00eentr-o conferin\u021b\u0103 de pres\u0103. <\/p>\n\n\n<p><iframe src=\"https:\/\/www.facebook.com\/plugins\/video.php?height=314&#038;href=https%3A%2F%2Fwww.facebook.com%2Figsu.situatiideurgenta%2Fvideos%2F421188396882171%2F&#038;show_text=false&#038;width=560&#038;t=0\" width=\"560\" height=\"314\" style=\"border:none;overflow:hidden\" scrolling=\"no\" frameborder=\"0\" allowfullscreen=\"true\" allow=\"autoplay; clipboard-write; encrypted-media; picture-in-picture; web-share\" allowFullScreen=\"true\"><\/iframe><\/p>\n\n\n\n<p>Conferin\u021ba de pres\u0103 organizat\u0103 cu prilejul debutului \u201eS\u0103pt\u0103m\u00e2nii Protec\u021biei&nbsp;Civile\u201d, 25 februarie. Facebook, IGSU<\/p>\n\n\n\n<p>Pe 28 februarie este s\u0103rb\u0103torit\u0103 Ziua Na\u0163ional\u0103 a Protec\u0163iei Civile. Pe 1 martie este Ziua Interna\u0163ional\u0103 a Protec\u0163iei Civile. Pentru a marca aceste zile, s-a decis organizarea unei s\u0103pt\u0103m\u00e2ni de evenimente care s\u0103 permit\u0103 speciali\u015ftilor din domeniu s\u0103 comunice cu oamenii despre riscuri. \u00cen acest an, se \u00eemplinesc 90 de ani de protec\u021bie civil\u0103 \u00een Rom\u00e2nia.<\/p>\n\n\n\n<p>Platforma&nbsp;<a href=\"https:\/\/fiipregatit.ro\/\">fiipreg\u0103tit.ro<\/a>, dar \u015fi aplica\u0163ia DSU con\u0163in toate informa\u0163iile privind modul de ac\u021biune \u00een caz de dezastru, dar \u0219i despre interven\u021bii de prim ajutor sau despre ce trebuie s\u0103 con\u0163in\u0103 trusa de urgen\u0163\u0103.<\/p>\n\n\n\n<figure class=\"wp-block-image size-large\"><img fetchpriority=\"high\" decoding=\"async\" width=\"900\" height=\"900\" src=\"data:image\/gif;base64,R0lGODlhAQABAAAAACH5BAEKAAEALAAAAAABAAEAAAICTAEAOw==\" data-src=\"https:\/\/buletin.de\/bucuresti\/wp-content\/uploads\/333214734_507926201536983_3194346553400692116_n-1-900x900.jpg\" alt=\"\" class=\"wp-image-55226 lazyload\" data-sizes=\"auto\" data-srcset=\"https:\/\/buletin.de\/bucuresti\/wp-content\/uploads\/333214734_507926201536983_3194346553400692116_n-1-900x900.jpg 900w, https:\/\/buletin.de\/bucuresti\/wp-content\/uploads\/333214734_507926201536983_3194346553400692116_n-1-300x300.jpg 300w, https:\/\/buletin.de\/bucuresti\/wp-content\/uploads\/333214734_507926201536983_3194346553400692116_n-1-150x150.jpg 150w, https:\/\/buletin.de\/bucuresti\/wp-content\/uploads\/333214734_507926201536983_3194346553400692116_n-1-768x768.jpg 768w, https:\/\/buletin.de\/bucuresti\/wp-content\/uploads\/333214734_507926201536983_3194346553400692116_n-1-550x550.jpg 550w, https:\/\/buletin.de\/bucuresti\/wp-content\/uploads\/333214734_507926201536983_3194346553400692116_n-1-500x500.jpg 500w, https:\/\/buletin.de\/bucuresti\/wp-content\/uploads\/333214734_507926201536983_3194346553400692116_n-1-45x45.jpg 45w, https:\/\/buletin.de\/bucuresti\/wp-content\/uploads\/333214734_507926201536983_3194346553400692116_n-1-250x250.jpg 250w, https:\/\/buletin.de\/bucuresti\/wp-content\/uploads\/333214734_507926201536983_3194346553400692116_n-1-600x600.jpg 600w, https:\/\/buletin.de\/bucuresti\/wp-content\/uploads\/333214734_507926201536983_3194346553400692116_n-1-100x100.jpg 100w, https:\/\/buletin.de\/bucuresti\/wp-content\/uploads\/333214734_507926201536983_3194346553400692116_n-1.jpg 960w\" sizes=\"(max-width: 900px) 100vw, 900px\" \/><figcaption>\u00cen imagine sunt prezentate m\u0103surile pe care trebuie s\u0103 le realizeze cet\u0103\u021benii \u00eentr-o situa\u021bie real\u0103 care impune declan\u0219area sistemului de alarmare a popula\u021biei. Surs\u0103: IGSU<\/figcaption><\/figure>\n\n\n\n<p><em>Cele mai des \u00eent\u00e2lnite situa\u021bii \u00een care este alarmat\u0103 popula\u021bia, prin intermediul sirenelor electrice \u0219i electronice, au loc pe timpul inunda\u021biilor, c\u00e2nd este semnalat\u0103 iminen\u021ba producerii unor viituri care s\u0103 pun\u0103 \u00een pericol via\u021ba persoanelor<\/em>, potrivit Inspectoratului pentru Situa\u021bii de Urgen\u021b\u0103 Dealul Spirii Bucure\u0219ti-Ilfov.<\/p>\n\n\n\n<p><em>De asemenea, sistemul de \u00een\u0219tiin\u021bare \u2013 alarmare este utilizat \u00een cazul producerii unor accidente tehnologice \u00een care sunt implicate substan\u021be periculoase, ruperii unor baraje hidrotehnice sau c\u0103derii obiectelor din atmosfer\u0103. Aceast\u0103 metod\u0103 destinat\u0103 protec\u021biei popula\u021biei civile poate fi utilizat\u0103 \u0219i pe timpul conflictelor armate<\/em>, mai precizeaz\u0103 ISU B-IF.<\/p>\n","protected":false},"excerpt":{"rendered":"<p>A sunat alarma \u00een Capital\u0103! Sirenele au sunat azi, 1 martie, \u00een Capital\u0103 \u0219i \u00een jude\u021bele \u021b\u0103rii, \u00eentre orele 10.00 \u2013 11.00, \u00eentr-un exerci\u021biu de alarmare public\u0103, organizat de Inspectoratul General pentru Situa\u021bii de Urgen\u021b\u0103. IGSU a reluat exerci\u021biul na\u021bional \u201eMiercurea Alarmelor\u201d. Scopul acestui exerci\u021biu este testarea \u0219i verificarea echipamentelor din componen\u021ba sistemului de \u00een\u0219tiin\u021bare, [&hellip;]<\/p>\n","protected":false},"author":46,"featured_media":55241,"comment_status":"closed","ping_status":"open","sticky":false,"template":"","format":"standard","meta":{"_acf_changed":false,"inline_featured_image":false,"ngg_post_thumbnail":0,"footnotes":""},"categories":[62],"tags":[5514,3347,5513,5515],"ppma_author":[22605],"class_list":["post-55219","post","type-post","status-publish","format-standard","has-post-thumbnail","hentry","category-stiri","tag-exercitiu","tag-igsu","tag-miercureasirenelor","tag-protectiecivila"],"acf":[],"yoast_head":"<!-- This site is optimized with the Yoast SEO Premium plugin v25.3 (Yoast SEO v27.4) - https:\/\/yoast.com\/product\/yoast-seo-premium-wordpress\/ -->\n<title>VIDEO: Miercurea alarmelor | A sunat alarma \u00een Capital\u0103! - Buletin de Bucure\u0219ti<\/title>\n<meta name=\"robots\" content=\"index, follow, max-snippet:-1, max-image-preview:large, max-video-preview:-1\" \/>\n<link rel=\"canonical\" href=\"https:\/\/buletin.de\/bucuresti\/video-miercurea-alarmelor-a-sunat-alarma-in-capitala\/\" \/>\n<meta property=\"og:locale\" content=\"en_GB\" \/>\n<meta property=\"og:type\" content=\"article\" \/>\n<meta property=\"og:title\" content=\"VIDEO: Miercurea alarmelor | A sunat alarma \u00een Capital\u0103!\" \/>\n<meta property=\"og:description\" content=\"A sunat alarma \u00een Capital\u0103! Sirenele au sunat azi, 1 martie, \u00een Capital\u0103 \u0219i \u00een jude\u021bele \u021b\u0103rii, \u00eentre orele 10.00 \u2013 11.00, \u00eentr-un exerci\u021biu de alarmare public\u0103, organizat de Inspectoratul General pentru Situa\u021bii de Urgen\u021b\u0103. IGSU a reluat exerci\u021biul na\u021bional \u201eMiercurea Alarmelor\u201d. Scopul acestui exerci\u021biu este testarea \u0219i verificarea echipamentelor din componen\u021ba sistemului de \u00een\u0219tiin\u021bare, [&hellip;]\" \/>\n<meta property=\"og:url\" content=\"https:\/\/buletin.de\/bucuresti\/video-miercurea-alarmelor-a-sunat-alarma-in-capitala\/\" \/>\n<meta property=\"og:site_name\" content=\"Buletin de Bucure\u0219ti\" \/>\n<meta property=\"article:publisher\" content=\"https:\/\/www.facebook.com\/buletin.de.buc\" \/>\n<meta property=\"article:published_time\" content=\"2023-03-01T10:41:26+00:00\" \/>\n<meta property=\"article:modified_time\" content=\"2023-03-01T11:04:28+00:00\" \/>\n<meta property=\"og:image\" content=\"https:\/\/buletin.de\/bucuresti\/wp-content\/uploads\/WhatsApp-Image-2023-03-01-at-13.03.42.jpeg\" \/>\n\t<meta property=\"og:image:width\" content=\"1080\" \/>\n\t<meta property=\"og:image:height\" content=\"566\" \/>\n\t<meta property=\"og:image:type\" content=\"image\/jpeg\" \/>\n<meta name=\"author\" content=\"Andreea Gelatu\" \/>\n<meta name=\"twitter:card\" content=\"summary_large_image\" \/>\n<meta name=\"twitter:label1\" content=\"Written by\" \/>\n\t<meta name=\"twitter:data1\" content=\"Andreea Gelatu\" \/>\n\t<meta name=\"twitter:label2\" content=\"Estimated reading time\" \/>\n\t<meta name=\"twitter:data2\" content=\"2 minutes\" \/>\n<script type=\"application\/ld+json\" class=\"yoast-schema-graph\">{\"@context\":\"https:\\\/\\\/schema.org\",\"@graph\":[{\"@type\":\"Article\",\"@id\":\"https:\\\/\\\/buletin.de\\\/bucuresti\\\/video-miercurea-alarmelor-a-sunat-alarma-in-capitala\\\/#article\",\"isPartOf\":{\"@id\":\"https:\\\/\\\/buletin.de\\\/bucuresti\\\/video-miercurea-alarmelor-a-sunat-alarma-in-capitala\\\/\"},\"author\":{\"name\":\"Andreea Gelatu\",\"@id\":\"https:\\\/\\\/buletin.de\\\/bucuresti\\\/#\\\/schema\\\/person\\\/87734700b2c7f8608881f7e93b8834de\"},\"headline\":\"VIDEO: Miercurea alarmelor | A sunat alarma \u00een Capital\u0103!\",\"datePublished\":\"2023-03-01T10:41:26+00:00\",\"dateModified\":\"2023-03-01T11:04:28+00:00\",\"mainEntityOfPage\":{\"@id\":\"https:\\\/\\\/buletin.de\\\/bucuresti\\\/video-miercurea-alarmelor-a-sunat-alarma-in-capitala\\\/\"},\"wordCount\":491,\"publisher\":{\"@id\":\"https:\\\/\\\/buletin.de\\\/bucuresti\\\/#organization\"},\"image\":{\"@id\":\"https:\\\/\\\/buletin.de\\\/bucuresti\\\/video-miercurea-alarmelor-a-sunat-alarma-in-capitala\\\/#primaryimage\"},\"thumbnailUrl\":\"https:\\\/\\\/buletin.de\\\/bucuresti\\\/wp-content\\\/uploads\\\/WhatsApp-Image-2023-03-01-at-13.03.42.jpeg\",\"keywords\":[\"exerci\u021biu\",\"igsu\",\"miercureasirenelor\",\"protec\u021biecivil\u0103\"],\"articleSection\":[\"\u0218tiri\"],\"inLanguage\":\"en-GB\",\"copyrightYear\":\"2023\",\"copyrightHolder\":{\"@id\":\"https:\\\/\\\/buletin.de\\\/bucuresti\\\/#organization\"}},{\"@type\":\"WebPage\",\"@id\":\"https:\\\/\\\/buletin.de\\\/bucuresti\\\/video-miercurea-alarmelor-a-sunat-alarma-in-capitala\\\/\",\"url\":\"https:\\\/\\\/buletin.de\\\/bucuresti\\\/video-miercurea-alarmelor-a-sunat-alarma-in-capitala\\\/\",\"name\":\"VIDEO: Miercurea alarmelor | A sunat alarma \u00een Capital\u0103! - Buletin de Bucure\u0219ti\",\"isPartOf\":{\"@id\":\"https:\\\/\\\/buletin.de\\\/bucuresti\\\/#website\"},\"primaryImageOfPage\":{\"@id\":\"https:\\\/\\\/buletin.de\\\/bucuresti\\\/video-miercurea-alarmelor-a-sunat-alarma-in-capitala\\\/#primaryimage\"},\"image\":{\"@id\":\"https:\\\/\\\/buletin.de\\\/bucuresti\\\/video-miercurea-alarmelor-a-sunat-alarma-in-capitala\\\/#primaryimage\"},\"thumbnailUrl\":\"https:\\\/\\\/buletin.de\\\/bucuresti\\\/wp-content\\\/uploads\\\/WhatsApp-Image-2023-03-01-at-13.03.42.jpeg\",\"datePublished\":\"2023-03-01T10:41:26+00:00\",\"dateModified\":\"2023-03-01T11:04:28+00:00\",\"breadcrumb\":{\"@id\":\"https:\\\/\\\/buletin.de\\\/bucuresti\\\/video-miercurea-alarmelor-a-sunat-alarma-in-capitala\\\/#breadcrumb\"},\"inLanguage\":\"en-GB\",\"potentialAction\":[{\"@type\":\"ReadAction\",\"target\":[\"https:\\\/\\\/buletin.de\\\/bucuresti\\\/video-miercurea-alarmelor-a-sunat-alarma-in-capitala\\\/\"]}]},{\"@type\":\"ImageObject\",\"inLanguage\":\"en-GB\",\"@id\":\"https:\\\/\\\/buletin.de\\\/bucuresti\\\/video-miercurea-alarmelor-a-sunat-alarma-in-capitala\\\/#primaryimage\",\"url\":\"https:\\\/\\\/buletin.de\\\/bucuresti\\\/wp-content\\\/uploads\\\/WhatsApp-Image-2023-03-01-at-13.03.42.jpeg\",\"contentUrl\":\"https:\\\/\\\/buletin.de\\\/bucuresti\\\/wp-content\\\/uploads\\\/WhatsApp-Image-2023-03-01-at-13.03.42.jpeg\",\"width\":1080,\"height\":566},{\"@type\":\"BreadcrumbList\",\"@id\":\"https:\\\/\\\/buletin.de\\\/bucuresti\\\/video-miercurea-alarmelor-a-sunat-alarma-in-capitala\\\/#breadcrumb\",\"itemListElement\":[{\"@type\":\"ListItem\",\"position\":1,\"name\":\"Acas\u0103\",\"item\":\"https:\\\/\\\/buletin.de\\\/bucuresti\\\/\"},{\"@type\":\"ListItem\",\"position\":2,\"name\":\"VIDEO: Miercurea alarmelor | A sunat alarma \u00een Capital\u0103!\"}]},{\"@type\":\"WebSite\",\"@id\":\"https:\\\/\\\/buletin.de\\\/bucuresti\\\/#website\",\"url\":\"https:\\\/\\\/buletin.de\\\/bucuresti\\\/\",\"name\":\"Buletin de Bucure\u0219ti\",\"description\":\"\u0218tiri \u0219i investiga\u021bii esen\u021biale din capital\u0103\",\"publisher\":{\"@id\":\"https:\\\/\\\/buletin.de\\\/bucuresti\\\/#organization\"},\"potentialAction\":[{\"@type\":\"SearchAction\",\"target\":{\"@type\":\"EntryPoint\",\"urlTemplate\":\"https:\\\/\\\/buletin.de\\\/bucuresti\\\/?s={search_term_string}\"},\"query-input\":{\"@type\":\"PropertyValueSpecification\",\"valueRequired\":true,\"valueName\":\"search_term_string\"}}],\"inLanguage\":\"en-GB\"},{\"@type\":\"Organization\",\"@id\":\"https:\\\/\\\/buletin.de\\\/bucuresti\\\/#organization\",\"name\":\"Buletin de Bucure\u0219ti\",\"url\":\"https:\\\/\\\/buletin.de\\\/bucuresti\\\/\",\"logo\":{\"@type\":\"ImageObject\",\"inLanguage\":\"en-GB\",\"@id\":\"https:\\\/\\\/buletin.de\\\/bucuresti\\\/#\\\/schema\\\/logo\\\/image\\\/\",\"url\":\"https:\\\/\\\/buletin.de\\\/bucuresti\\\/wp-content\\\/uploads\\\/logo-bdb-full-wide-vernil-transparent.png\",\"contentUrl\":\"https:\\\/\\\/buletin.de\\\/bucuresti\\\/wp-content\\\/uploads\\\/logo-bdb-full-wide-vernil-transparent.png\",\"width\":1782,\"height\":626,\"caption\":\"Buletin de Bucure\u0219ti\"},\"image\":{\"@id\":\"https:\\\/\\\/buletin.de\\\/bucuresti\\\/#\\\/schema\\\/logo\\\/image\\\/\"},\"sameAs\":[\"https:\\\/\\\/www.facebook.com\\\/buletin.de.buc\",\"https:\\\/\\\/www.instagram.com\\\/buletinde.bucuresti\\\/\"]},{\"@type\":\"Person\",\"@id\":\"https:\\\/\\\/buletin.de\\\/bucuresti\\\/#\\\/schema\\\/person\\\/87734700b2c7f8608881f7e93b8834de\",\"name\":\"Andreea Gelatu\",\"image\":{\"@type\":\"ImageObject\",\"inLanguage\":\"en-GB\",\"@id\":\"https:\\\/\\\/secure.gravatar.com\\\/avatar\\\/b716eca2f984b9b65bdd87118b4b909d940b619cbe6e8cb725fe11c1b1f4194f?s=96&d=monsterid&r=g9b5eff4996c6b842a29b3057a7b4746f\",\"url\":\"https:\\\/\\\/secure.gravatar.com\\\/avatar\\\/b716eca2f984b9b65bdd87118b4b909d940b619cbe6e8cb725fe11c1b1f4194f?s=96&d=monsterid&r=g\",\"contentUrl\":\"https:\\\/\\\/secure.gravatar.com\\\/avatar\\\/b716eca2f984b9b65bdd87118b4b909d940b619cbe6e8cb725fe11c1b1f4194f?s=96&d=monsterid&r=g\",\"caption\":\"Andreea Gelatu\"},\"url\":\"https:\\\/\\\/buletin.de\\\/bucuresti\\\/author\\\/andreeagelatu\\\/\"}]}<\/script>\n<!-- \/ Yoast SEO Premium plugin. -->","yoast_head_json":{"title":"VIDEO: Miercurea alarmelor | A sunat alarma \u00een Capital\u0103! - Buletin de Bucure\u0219ti","robots":{"index":"index","follow":"follow","max-snippet":"max-snippet:-1","max-image-preview":"max-image-preview:large","max-video-preview":"max-video-preview:-1"},"canonical":"https:\/\/buletin.de\/bucuresti\/video-miercurea-alarmelor-a-sunat-alarma-in-capitala\/","og_locale":"en_GB","og_type":"article","og_title":"VIDEO: Miercurea alarmelor | A sunat alarma \u00een Capital\u0103!","og_description":"A sunat alarma \u00een Capital\u0103! Sirenele au sunat azi, 1 martie, \u00een Capital\u0103 \u0219i \u00een jude\u021bele \u021b\u0103rii, \u00eentre orele 10.00 \u2013 11.00, \u00eentr-un exerci\u021biu de alarmare public\u0103, organizat de Inspectoratul General pentru Situa\u021bii de Urgen\u021b\u0103. IGSU a reluat exerci\u021biul na\u021bional \u201eMiercurea Alarmelor\u201d. Scopul acestui exerci\u021biu este testarea \u0219i verificarea echipamentelor din componen\u021ba sistemului de \u00een\u0219tiin\u021bare, [&hellip;]","og_url":"https:\/\/buletin.de\/bucuresti\/video-miercurea-alarmelor-a-sunat-alarma-in-capitala\/","og_site_name":"Buletin de Bucure\u0219ti","article_publisher":"https:\/\/www.facebook.com\/buletin.de.buc","article_published_time":"2023-03-01T10:41:26+00:00","article_modified_time":"2023-03-01T11:04:28+00:00","og_image":[{"width":1080,"height":566,"url":"https:\/\/buletin.de\/bucuresti\/wp-content\/uploads\/WhatsApp-Image-2023-03-01-at-13.03.42.jpeg","type":"image\/jpeg"}],"author":"Andreea Gelatu","twitter_card":"summary_large_image","twitter_misc":{"Written by":"Andreea Gelatu","Estimated reading time":"2 minutes"},"schema":{"@context":"https:\/\/schema.org","@graph":[{"@type":"Article","@id":"https:\/\/buletin.de\/bucuresti\/video-miercurea-alarmelor-a-sunat-alarma-in-capitala\/#article","isPartOf":{"@id":"https:\/\/buletin.de\/bucuresti\/video-miercurea-alarmelor-a-sunat-alarma-in-capitala\/"},"author":{"name":"Andreea Gelatu","@id":"https:\/\/buletin.de\/bucuresti\/#\/schema\/person\/87734700b2c7f8608881f7e93b8834de"},"headline":"VIDEO: Miercurea alarmelor | A sunat alarma \u00een Capital\u0103!","datePublished":"2023-03-01T10:41:26+00:00","dateModified":"2023-03-01T11:04:28+00:00","mainEntityOfPage":{"@id":"https:\/\/buletin.de\/bucuresti\/video-miercurea-alarmelor-a-sunat-alarma-in-capitala\/"},"wordCount":491,"publisher":{"@id":"https:\/\/buletin.de\/bucuresti\/#organization"},"image":{"@id":"https:\/\/buletin.de\/bucuresti\/video-miercurea-alarmelor-a-sunat-alarma-in-capitala\/#primaryimage"},"thumbnailUrl":"https:\/\/buletin.de\/bucuresti\/wp-content\/uploads\/WhatsApp-Image-2023-03-01-at-13.03.42.jpeg","keywords":["exerci\u021biu","igsu","miercureasirenelor","protec\u021biecivil\u0103"],"articleSection":["\u0218tiri"],"inLanguage":"en-GB","copyrightYear":"2023","copyrightHolder":{"@id":"https:\/\/buletin.de\/bucuresti\/#organization"}},{"@type":"WebPage","@id":"https:\/\/buletin.de\/bucuresti\/video-miercurea-alarmelor-a-sunat-alarma-in-capitala\/","url":"https:\/\/buletin.de\/bucuresti\/video-miercurea-alarmelor-a-sunat-alarma-in-capitala\/","name":"VIDEO: Miercurea alarmelor | A sunat alarma \u00een Capital\u0103! - Buletin de Bucure\u0219ti","isPartOf":{"@id":"https:\/\/buletin.de\/bucuresti\/#website"},"primaryImageOfPage":{"@id":"https:\/\/buletin.de\/bucuresti\/video-miercurea-alarmelor-a-sunat-alarma-in-capitala\/#primaryimage"},"image":{"@id":"https:\/\/buletin.de\/bucuresti\/video-miercurea-alarmelor-a-sunat-alarma-in-capitala\/#primaryimage"},"thumbnailUrl":"https:\/\/buletin.de\/bucuresti\/wp-content\/uploads\/WhatsApp-Image-2023-03-01-at-13.03.42.jpeg","datePublished":"2023-03-01T10:41:26+00:00","dateModified":"2023-03-01T11:04:28+00:00","breadcrumb":{"@id":"https:\/\/buletin.de\/bucuresti\/video-miercurea-alarmelor-a-sunat-alarma-in-capitala\/#breadcrumb"},"inLanguage":"en-GB","potentialAction":[{"@type":"ReadAction","target":["https:\/\/buletin.de\/bucuresti\/video-miercurea-alarmelor-a-sunat-alarma-in-capitala\/"]}]},{"@type":"ImageObject","inLanguage":"en-GB","@id":"https:\/\/buletin.de\/bucuresti\/video-miercurea-alarmelor-a-sunat-alarma-in-capitala\/#primaryimage","url":"https:\/\/buletin.de\/bucuresti\/wp-content\/uploads\/WhatsApp-Image-2023-03-01-at-13.03.42.jpeg","contentUrl":"https:\/\/buletin.de\/bucuresti\/wp-content\/uploads\/WhatsApp-Image-2023-03-01-at-13.03.42.jpeg","width":1080,"height":566},{"@type":"BreadcrumbList","@id":"https:\/\/buletin.de\/bucuresti\/video-miercurea-alarmelor-a-sunat-alarma-in-capitala\/#breadcrumb","itemListElement":[{"@type":"ListItem","position":1,"name":"Acas\u0103","item":"https:\/\/buletin.de\/bucuresti\/"},{"@type":"ListItem","position":2,"name":"VIDEO: Miercurea alarmelor | A sunat alarma \u00een Capital\u0103!"}]},{"@type":"WebSite","@id":"https:\/\/buletin.de\/bucuresti\/#website","url":"https:\/\/buletin.de\/bucuresti\/","name":"Buletin de Bucure\u0219ti","description":"\u0218tiri \u0219i investiga\u021bii esen\u021biale din capital\u0103","publisher":{"@id":"https:\/\/buletin.de\/bucuresti\/#organization"},"potentialAction":[{"@type":"SearchAction","target":{"@type":"EntryPoint","urlTemplate":"https:\/\/buletin.de\/bucuresti\/?s={search_term_string}"},"query-input":{"@type":"PropertyValueSpecification","valueRequired":true,"valueName":"search_term_string"}}],"inLanguage":"en-GB"},{"@type":"Organization","@id":"https:\/\/buletin.de\/bucuresti\/#organization","name":"Buletin de Bucure\u0219ti","url":"https:\/\/buletin.de\/bucuresti\/","logo":{"@type":"ImageObject","inLanguage":"en-GB","@id":"https:\/\/buletin.de\/bucuresti\/#\/schema\/logo\/image\/","url":"https:\/\/buletin.de\/bucuresti\/wp-content\/uploads\/logo-bdb-full-wide-vernil-transparent.png","contentUrl":"https:\/\/buletin.de\/bucuresti\/wp-content\/uploads\/logo-bdb-full-wide-vernil-transparent.png","width":1782,"height":626,"caption":"Buletin de Bucure\u0219ti"},"image":{"@id":"https:\/\/buletin.de\/bucuresti\/#\/schema\/logo\/image\/"},"sameAs":["https:\/\/www.facebook.com\/buletin.de.buc","https:\/\/www.instagram.com\/buletinde.bucuresti\/"]},{"@type":"Person","@id":"https:\/\/buletin.de\/bucuresti\/#\/schema\/person\/87734700b2c7f8608881f7e93b8834de","name":"Andreea Gelatu","image":{"@type":"ImageObject","inLanguage":"en-GB","@id":"https:\/\/secure.gravatar.com\/avatar\/b716eca2f984b9b65bdd87118b4b909d940b619cbe6e8cb725fe11c1b1f4194f?s=96&d=monsterid&r=g9b5eff4996c6b842a29b3057a7b4746f","url":"https:\/\/secure.gravatar.com\/avatar\/b716eca2f984b9b65bdd87118b4b909d940b619cbe6e8cb725fe11c1b1f4194f?s=96&d=monsterid&r=g","contentUrl":"https:\/\/secure.gravatar.com\/avatar\/b716eca2f984b9b65bdd87118b4b909d940b619cbe6e8cb725fe11c1b1f4194f?s=96&d=monsterid&r=g","caption":"Andreea Gelatu"},"url":"https:\/\/buletin.de\/bucuresti\/author\/andreeagelatu\/"}]}},"authors":[{"term_id":22605,"user_id":46,"is_guest":0,"slug":"andreeagelatu","display_name":"Andreea Gelatu","avatar_url":"https:\/\/secure.gravatar.com\/avatar\/b716eca2f984b9b65bdd87118b4b909d940b619cbe6e8cb725fe11c1b1f4194f?s=96&d=monsterid&r=g","0":null,"1":"","2":"","3":"","4":"","5":"","6":"","7":"","8":""}],"_links":{"self":[{"href":"https:\/\/buletin.de\/bucuresti\/wp-json\/wp\/v2\/posts\/55219","targetHints":{"allow":["GET"]}}],"collection":[{"href":"https:\/\/buletin.de\/bucuresti\/wp-json\/wp\/v2\/posts"}],"about":[{"href":"https:\/\/buletin.de\/bucuresti\/wp-json\/wp\/v2\/types\/post"}],"author":[{"embeddable":true,"href":"https:\/\/buletin.de\/bucuresti\/wp-json\/wp\/v2\/users\/46"}],"replies":[{"embeddable":true,"href":"https:\/\/buletin.de\/bucuresti\/wp-json\/wp\/v2\/comments?post=55219"}],"version-history":[{"count":8,"href":"https:\/\/buletin.de\/bucuresti\/wp-json\/wp\/v2\/posts\/55219\/revisions"}],"predecessor-version":[{"id":55239,"href":"https:\/\/buletin.de\/bucuresti\/wp-json\/wp\/v2\/posts\/55219\/revisions\/55239"}],"wp:featuredmedia":[{"embeddable":true,"href":"https:\/\/buletin.de\/bucuresti\/wp-json\/wp\/v2\/media\/55241"}],"wp:attachment":[{"href":"https:\/\/buletin.de\/bucuresti\/wp-json\/wp\/v2\/media?parent=55219"}],"wp:term":[{"taxonomy":"category","embeddable":true,"href":"https:\/\/buletin.de\/bucuresti\/wp-json\/wp\/v2\/categories?post=55219"},{"taxonomy":"post_tag","embeddable":true,"href":"https:\/\/buletin.de\/bucuresti\/wp-json\/wp\/v2\/tags?post=55219"},{"taxonomy":"author","embeddable":true,"href":"https:\/\/buletin.de\/bucuresti\/wp-json\/wp\/v2\/ppma_author?post=55219"}],"curies":[{"name":"wp","href":"https:\/\/api.w.org\/{rel}","templated":true}]}}