{"id":54989,"date":"2023-02-26T12:36:29","date_gmt":"2023-02-26T10:36:29","guid":{"rendered":"https:\/\/buletin.de\/bucuresti\/?p=54989"},"modified":"2023-02-26T12:41:35","modified_gmt":"2023-02-26T10:41:35","slug":"plata-taxelor-catre-primaria-capitalei-ar-putea-fi-digitalizata-prin-ghiseul-ro","status":"publish","type":"post","link":"https:\/\/buletin.de\/bucuresti\/plata-taxelor-catre-primaria-capitalei-ar-putea-fi-digitalizata-prin-ghiseul-ro\/","title":{"rendered":"Plata taxelor c\u0103tre Prim\u0103ria Capitalei ar putea fi digitalizat\u0103 prin ghiseul.ro"},"content":{"rendered":"\n<p><strong>Consiliului General al Municipiului Bucure\u0219ti va decide, pe 2 martie, \u00eenrolarea Municipiului Bucure\u0219ti la Sistemul Na\u021bional Electronic de Plat\u0103 Online &#8211; Ghiseul.ro cu mai multe capitole de taxe locale. Acest lucru va \u00eensemna, de exemplu, digitalizarea pl\u0103\u021bilor precum abonamentele de STB sau a documenta\u021biilor de urbanism.&nbsp;<\/strong><\/p>\n\n\n\n<p>Bucure\u0219tenii vor putea s\u0103 achite online, prin Ghiseul.ro, taxele c\u0103tre Prim\u0103ria Capitalei, f\u0103r\u0103 perceperea unei taxe suplimentare, \u00eentruc\u00e2t costurile comisioanelor tranzac\u021bilor aferente vor fi acoperite din bugetul PMB, conform proiectului de hot\u0103r\u00e2re.<\/p>\n\n\n\n<p>Printre plata taxelor digitalizate se num\u0103r\u0103:<\/p>\n\n\n\n<ul class=\"wp-block-list\"><li>Plata abonamentelor STB \u0219i de parcare<\/li><li>Taxe autovehicule transport m\u0103rfuri<\/li><li>Taxe pentru eliberarea autoriza\u021biilor de taxi<\/li><li>Taxe eliberare documenta\u021bii de urbanism<\/li><li>Taxe pentru ocuparea spa\u021biilor publice \u00een vederea desf\u0103\u0219ur\u0103rii anumitor evenimente<\/li><li>Taxe ale Administra\u021biei Lacuri, Parcuri \u0219i Agrement<\/li><li>Taxe ale Administra\u021biei Fondului Imobiliar (chirii, rate etc.)<\/li><li>Taxe ale Administra\u021biei Cimitirelor \u0219i Crematoriilor Umane&nbsp;<\/li><\/ul>\n\n\n\n<p>Conven\u021bia dintre SNEP \u0219i PMB intr\u0103&nbsp; \u00een vigoare de la data semn\u0103rii \u0219i se \u00eencheie pe o perioad\u0103 de doi ani, prelungindu-se automat at\u00e2ta timp c\u00e2t nicio parte nu denun\u021b\u0103 \u00een\u021belegerea.&nbsp;<\/p>\n\n\n\n<p>Viceprimarul Stelian Bujduveanu este desemnat ca persoana care va trebui s\u0103 fac\u0103 toate demersurile necesare dintre PMB \u0219i SNEP pentru includerea acestor servicii de plat\u0103 online pe platforma Ghi\u0219eul.&nbsp;<\/p>\n\n\n\n<p>Conform viceprimarului, care este \u0219i ini\u021biatorul propunerii, decizia a fost luat\u0103 \u00eempreun\u0103 cu George Cristian Tu\u021b\u0103, pre\u015fedintele Comisiei speciale a Camerei Deputa\u0163ilor pentru Automatizare \u015fide Drago\u0219 Toh\u0103nean, Vicepre\u0219edintele Autorit\u0103\u021bii pentru Digitalizarea Rom\u00e2niei.&nbsp;<\/p>\n\n\n\n<p>Surs\u0103 fotografie: Facebook \/ Stelian Bujduveanu<\/p>\n","protected":false},"excerpt":{"rendered":"<p>Consiliului General al Municipiului Bucure\u0219ti va decide, pe 2 martie, \u00eenrolarea Municipiului Bucure\u0219ti la Sistemul Na\u021bional Electronic de Plat\u0103 Online &#8211; Ghiseul.ro cu mai multe capitole de taxe locale. Acest lucru va \u00eensemna, de exemplu, digitalizarea pl\u0103\u021bilor precum abonamentele de STB sau a documenta\u021biilor de urbanism.&nbsp; Bucure\u0219tenii vor putea s\u0103 achite online, prin Ghiseul.ro, taxele [&hellip;]<\/p>\n","protected":false},"author":47,"featured_media":54990,"comment_status":"closed","ping_status":"open","sticky":false,"template":"","format":"standard","meta":{"_acf_changed":false,"inline_featured_image":false,"ngg_post_thumbnail":0,"footnotes":""},"categories":[62],"tags":[],"ppma_author":[22580],"class_list":["post-54989","post","type-post","status-publish","format-standard","has-post-thumbnail","hentry","category-stiri"],"acf":[],"yoast_head":"<!-- This site is optimized with the Yoast SEO Premium plugin v25.3 (Yoast SEO v27.4) - https:\/\/yoast.com\/product\/yoast-seo-premium-wordpress\/ -->\n<title>Plata taxelor c\u0103tre Prim\u0103ria Capitalei ar putea fi digitalizat\u0103 prin ghiseul.ro - Buletin de Bucure\u0219ti<\/title>\n<meta name=\"robots\" content=\"index, follow, max-snippet:-1, max-image-preview:large, max-video-preview:-1\" \/>\n<link rel=\"canonical\" href=\"https:\/\/buletin.de\/bucuresti\/plata-taxelor-catre-primaria-capitalei-ar-putea-fi-digitalizata-prin-ghiseul-ro\/\" \/>\n<meta property=\"og:locale\" content=\"en_GB\" \/>\n<meta property=\"og:type\" content=\"article\" \/>\n<meta property=\"og:title\" content=\"Plata taxelor c\u0103tre Prim\u0103ria Capitalei ar putea fi digitalizat\u0103 prin ghiseul.ro\" \/>\n<meta property=\"og:description\" content=\"Consiliului General al Municipiului Bucure\u0219ti va decide, pe 2 martie, \u00eenrolarea Municipiului Bucure\u0219ti la Sistemul Na\u021bional Electronic de Plat\u0103 Online &#8211; Ghiseul.ro cu mai multe capitole de taxe locale. Acest lucru va \u00eensemna, de exemplu, digitalizarea pl\u0103\u021bilor precum abonamentele de STB sau a documenta\u021biilor de urbanism.&nbsp; Bucure\u0219tenii vor putea s\u0103 achite online, prin Ghiseul.ro, taxele [&hellip;]\" \/>\n<meta property=\"og:url\" content=\"https:\/\/buletin.de\/bucuresti\/plata-taxelor-catre-primaria-capitalei-ar-putea-fi-digitalizata-prin-ghiseul-ro\/\" \/>\n<meta property=\"og:site_name\" content=\"Buletin de Bucure\u0219ti\" \/>\n<meta property=\"article:publisher\" content=\"https:\/\/www.facebook.com\/buletin.de.buc\" \/>\n<meta property=\"article:published_time\" content=\"2023-02-26T10:36:29+00:00\" \/>\n<meta property=\"article:modified_time\" content=\"2023-02-26T10:41:35+00:00\" \/>\n<meta property=\"og:image\" content=\"https:\/\/buletin.de\/bucuresti\/wp-content\/uploads\/332188803_3668842660009593_6709132733398249550_n.jpg\" \/>\n\t<meta property=\"og:image:width\" content=\"1170\" \/>\n\t<meta property=\"og:image:height\" content=\"587\" \/>\n\t<meta property=\"og:image:type\" content=\"image\/jpeg\" \/>\n<meta name=\"author\" content=\"Adina C\u0103p\u00eelnean\" \/>\n<meta name=\"twitter:card\" content=\"summary_large_image\" \/>\n<meta name=\"twitter:label1\" content=\"Written by\" \/>\n\t<meta name=\"twitter:data1\" content=\"Adina C\u0103p\u00eelnean\" \/>\n\t<meta name=\"twitter:label2\" content=\"Estimated reading time\" \/>\n\t<meta name=\"twitter:data2\" content=\"2 minutes\" \/>\n<script type=\"application\/ld+json\" class=\"yoast-schema-graph\">{\"@context\":\"https:\\\/\\\/schema.org\",\"@graph\":[{\"@type\":\"Article\",\"@id\":\"https:\\\/\\\/buletin.de\\\/bucuresti\\\/plata-taxelor-catre-primaria-capitalei-ar-putea-fi-digitalizata-prin-ghiseul-ro\\\/#article\",\"isPartOf\":{\"@id\":\"https:\\\/\\\/buletin.de\\\/bucuresti\\\/plata-taxelor-catre-primaria-capitalei-ar-putea-fi-digitalizata-prin-ghiseul-ro\\\/\"},\"author\":{\"name\":\"Adina C\u0103p\u00eelnean\",\"@id\":\"https:\\\/\\\/buletin.de\\\/bucuresti\\\/#\\\/schema\\\/person\\\/ab174cf6711728e4ee83d672acf9a912\"},\"headline\":\"Plata taxelor c\u0103tre Prim\u0103ria Capitalei ar putea fi digitalizat\u0103 prin ghiseul.ro\",\"datePublished\":\"2023-02-26T10:36:29+00:00\",\"dateModified\":\"2023-02-26T10:41:35+00:00\",\"mainEntityOfPage\":{\"@id\":\"https:\\\/\\\/buletin.de\\\/bucuresti\\\/plata-taxelor-catre-primaria-capitalei-ar-putea-fi-digitalizata-prin-ghiseul-ro\\\/\"},\"wordCount\":291,\"publisher\":{\"@id\":\"https:\\\/\\\/buletin.de\\\/bucuresti\\\/#organization\"},\"image\":{\"@id\":\"https:\\\/\\\/buletin.de\\\/bucuresti\\\/plata-taxelor-catre-primaria-capitalei-ar-putea-fi-digitalizata-prin-ghiseul-ro\\\/#primaryimage\"},\"thumbnailUrl\":\"https:\\\/\\\/buletin.de\\\/bucuresti\\\/wp-content\\\/uploads\\\/332188803_3668842660009593_6709132733398249550_n.jpg\",\"articleSection\":[\"\u0218tiri\"],\"inLanguage\":\"en-GB\",\"copyrightYear\":\"2023\",\"copyrightHolder\":{\"@id\":\"https:\\\/\\\/buletin.de\\\/bucuresti\\\/#organization\"}},{\"@type\":\"WebPage\",\"@id\":\"https:\\\/\\\/buletin.de\\\/bucuresti\\\/plata-taxelor-catre-primaria-capitalei-ar-putea-fi-digitalizata-prin-ghiseul-ro\\\/\",\"url\":\"https:\\\/\\\/buletin.de\\\/bucuresti\\\/plata-taxelor-catre-primaria-capitalei-ar-putea-fi-digitalizata-prin-ghiseul-ro\\\/\",\"name\":\"Plata taxelor c\u0103tre Prim\u0103ria Capitalei ar putea fi digitalizat\u0103 prin ghiseul.ro - Buletin de Bucure\u0219ti\",\"isPartOf\":{\"@id\":\"https:\\\/\\\/buletin.de\\\/bucuresti\\\/#website\"},\"primaryImageOfPage\":{\"@id\":\"https:\\\/\\\/buletin.de\\\/bucuresti\\\/plata-taxelor-catre-primaria-capitalei-ar-putea-fi-digitalizata-prin-ghiseul-ro\\\/#primaryimage\"},\"image\":{\"@id\":\"https:\\\/\\\/buletin.de\\\/bucuresti\\\/plata-taxelor-catre-primaria-capitalei-ar-putea-fi-digitalizata-prin-ghiseul-ro\\\/#primaryimage\"},\"thumbnailUrl\":\"https:\\\/\\\/buletin.de\\\/bucuresti\\\/wp-content\\\/uploads\\\/332188803_3668842660009593_6709132733398249550_n.jpg\",\"datePublished\":\"2023-02-26T10:36:29+00:00\",\"dateModified\":\"2023-02-26T10:41:35+00:00\",\"breadcrumb\":{\"@id\":\"https:\\\/\\\/buletin.de\\\/bucuresti\\\/plata-taxelor-catre-primaria-capitalei-ar-putea-fi-digitalizata-prin-ghiseul-ro\\\/#breadcrumb\"},\"inLanguage\":\"en-GB\",\"potentialAction\":[{\"@type\":\"ReadAction\",\"target\":[\"https:\\\/\\\/buletin.de\\\/bucuresti\\\/plata-taxelor-catre-primaria-capitalei-ar-putea-fi-digitalizata-prin-ghiseul-ro\\\/\"]}]},{\"@type\":\"ImageObject\",\"inLanguage\":\"en-GB\",\"@id\":\"https:\\\/\\\/buletin.de\\\/bucuresti\\\/plata-taxelor-catre-primaria-capitalei-ar-putea-fi-digitalizata-prin-ghiseul-ro\\\/#primaryimage\",\"url\":\"https:\\\/\\\/buletin.de\\\/bucuresti\\\/wp-content\\\/uploads\\\/332188803_3668842660009593_6709132733398249550_n.jpg\",\"contentUrl\":\"https:\\\/\\\/buletin.de\\\/bucuresti\\\/wp-content\\\/uploads\\\/332188803_3668842660009593_6709132733398249550_n.jpg\",\"width\":1170,\"height\":587},{\"@type\":\"BreadcrumbList\",\"@id\":\"https:\\\/\\\/buletin.de\\\/bucuresti\\\/plata-taxelor-catre-primaria-capitalei-ar-putea-fi-digitalizata-prin-ghiseul-ro\\\/#breadcrumb\",\"itemListElement\":[{\"@type\":\"ListItem\",\"position\":1,\"name\":\"Acas\u0103\",\"item\":\"https:\\\/\\\/buletin.de\\\/bucuresti\\\/\"},{\"@type\":\"ListItem\",\"position\":2,\"name\":\"Plata taxelor c\u0103tre Prim\u0103ria Capitalei ar putea fi digitalizat\u0103 prin ghiseul.ro\"}]},{\"@type\":\"WebSite\",\"@id\":\"https:\\\/\\\/buletin.de\\\/bucuresti\\\/#website\",\"url\":\"https:\\\/\\\/buletin.de\\\/bucuresti\\\/\",\"name\":\"Buletin de Bucure\u0219ti\",\"description\":\"\u0218tiri \u0219i investiga\u021bii esen\u021biale din capital\u0103\",\"publisher\":{\"@id\":\"https:\\\/\\\/buletin.de\\\/bucuresti\\\/#organization\"},\"potentialAction\":[{\"@type\":\"SearchAction\",\"target\":{\"@type\":\"EntryPoint\",\"urlTemplate\":\"https:\\\/\\\/buletin.de\\\/bucuresti\\\/?s={search_term_string}\"},\"query-input\":{\"@type\":\"PropertyValueSpecification\",\"valueRequired\":true,\"valueName\":\"search_term_string\"}}],\"inLanguage\":\"en-GB\"},{\"@type\":\"Organization\",\"@id\":\"https:\\\/\\\/buletin.de\\\/bucuresti\\\/#organization\",\"name\":\"Buletin de Bucure\u0219ti\",\"url\":\"https:\\\/\\\/buletin.de\\\/bucuresti\\\/\",\"logo\":{\"@type\":\"ImageObject\",\"inLanguage\":\"en-GB\",\"@id\":\"https:\\\/\\\/buletin.de\\\/bucuresti\\\/#\\\/schema\\\/logo\\\/image\\\/\",\"url\":\"https:\\\/\\\/buletin.de\\\/bucuresti\\\/wp-content\\\/uploads\\\/logo-bdb-full-wide-vernil-transparent.png\",\"contentUrl\":\"https:\\\/\\\/buletin.de\\\/bucuresti\\\/wp-content\\\/uploads\\\/logo-bdb-full-wide-vernil-transparent.png\",\"width\":1782,\"height\":626,\"caption\":\"Buletin de Bucure\u0219ti\"},\"image\":{\"@id\":\"https:\\\/\\\/buletin.de\\\/bucuresti\\\/#\\\/schema\\\/logo\\\/image\\\/\"},\"sameAs\":[\"https:\\\/\\\/www.facebook.com\\\/buletin.de.buc\",\"https:\\\/\\\/www.instagram.com\\\/buletinde.bucuresti\\\/\"]},{\"@type\":\"Person\",\"@id\":\"https:\\\/\\\/buletin.de\\\/bucuresti\\\/#\\\/schema\\\/person\\\/ab174cf6711728e4ee83d672acf9a912\",\"name\":\"Adina C\u0103p\u00eelnean\",\"image\":{\"@type\":\"ImageObject\",\"inLanguage\":\"en-GB\",\"@id\":\"https:\\\/\\\/secure.gravatar.com\\\/avatar\\\/4fe9675d6282fd7c1aa4e486a037d532d5728fc16a30360f293eb6126b2e73ad?s=96&d=monsterid&r=ge2b23868508aec3460d3c6a11d3b599a\",\"url\":\"https:\\\/\\\/secure.gravatar.com\\\/avatar\\\/4fe9675d6282fd7c1aa4e486a037d532d5728fc16a30360f293eb6126b2e73ad?s=96&d=monsterid&r=g\",\"contentUrl\":\"https:\\\/\\\/secure.gravatar.com\\\/avatar\\\/4fe9675d6282fd7c1aa4e486a037d532d5728fc16a30360f293eb6126b2e73ad?s=96&d=monsterid&r=g\",\"caption\":\"Adina C\u0103p\u00eelnean\"},\"url\":\"https:\\\/\\\/buletin.de\\\/bucuresti\\\/author\\\/adinacapilnean\\\/\"}]}<\/script>\n<!-- \/ Yoast SEO Premium plugin. -->","yoast_head_json":{"title":"Plata taxelor c\u0103tre Prim\u0103ria Capitalei ar putea fi digitalizat\u0103 prin ghiseul.ro - Buletin de Bucure\u0219ti","robots":{"index":"index","follow":"follow","max-snippet":"max-snippet:-1","max-image-preview":"max-image-preview:large","max-video-preview":"max-video-preview:-1"},"canonical":"https:\/\/buletin.de\/bucuresti\/plata-taxelor-catre-primaria-capitalei-ar-putea-fi-digitalizata-prin-ghiseul-ro\/","og_locale":"en_GB","og_type":"article","og_title":"Plata taxelor c\u0103tre Prim\u0103ria Capitalei ar putea fi digitalizat\u0103 prin ghiseul.ro","og_description":"Consiliului General al Municipiului Bucure\u0219ti va decide, pe 2 martie, \u00eenrolarea Municipiului Bucure\u0219ti la Sistemul Na\u021bional Electronic de Plat\u0103 Online &#8211; Ghiseul.ro cu mai multe capitole de taxe locale. Acest lucru va \u00eensemna, de exemplu, digitalizarea pl\u0103\u021bilor precum abonamentele de STB sau a documenta\u021biilor de urbanism.&nbsp; Bucure\u0219tenii vor putea s\u0103 achite online, prin Ghiseul.ro, taxele [&hellip;]","og_url":"https:\/\/buletin.de\/bucuresti\/plata-taxelor-catre-primaria-capitalei-ar-putea-fi-digitalizata-prin-ghiseul-ro\/","og_site_name":"Buletin de Bucure\u0219ti","article_publisher":"https:\/\/www.facebook.com\/buletin.de.buc","article_published_time":"2023-02-26T10:36:29+00:00","article_modified_time":"2023-02-26T10:41:35+00:00","og_image":[{"width":1170,"height":587,"url":"https:\/\/buletin.de\/bucuresti\/wp-content\/uploads\/332188803_3668842660009593_6709132733398249550_n.jpg","type":"image\/jpeg"}],"author":"Adina C\u0103p\u00eelnean","twitter_card":"summary_large_image","twitter_misc":{"Written by":"Adina C\u0103p\u00eelnean","Estimated reading time":"2 minutes"},"schema":{"@context":"https:\/\/schema.org","@graph":[{"@type":"Article","@id":"https:\/\/buletin.de\/bucuresti\/plata-taxelor-catre-primaria-capitalei-ar-putea-fi-digitalizata-prin-ghiseul-ro\/#article","isPartOf":{"@id":"https:\/\/buletin.de\/bucuresti\/plata-taxelor-catre-primaria-capitalei-ar-putea-fi-digitalizata-prin-ghiseul-ro\/"},"author":{"name":"Adina C\u0103p\u00eelnean","@id":"https:\/\/buletin.de\/bucuresti\/#\/schema\/person\/ab174cf6711728e4ee83d672acf9a912"},"headline":"Plata taxelor c\u0103tre Prim\u0103ria Capitalei ar putea fi digitalizat\u0103 prin ghiseul.ro","datePublished":"2023-02-26T10:36:29+00:00","dateModified":"2023-02-26T10:41:35+00:00","mainEntityOfPage":{"@id":"https:\/\/buletin.de\/bucuresti\/plata-taxelor-catre-primaria-capitalei-ar-putea-fi-digitalizata-prin-ghiseul-ro\/"},"wordCount":291,"publisher":{"@id":"https:\/\/buletin.de\/bucuresti\/#organization"},"image":{"@id":"https:\/\/buletin.de\/bucuresti\/plata-taxelor-catre-primaria-capitalei-ar-putea-fi-digitalizata-prin-ghiseul-ro\/#primaryimage"},"thumbnailUrl":"https:\/\/buletin.de\/bucuresti\/wp-content\/uploads\/332188803_3668842660009593_6709132733398249550_n.jpg","articleSection":["\u0218tiri"],"inLanguage":"en-GB","copyrightYear":"2023","copyrightHolder":{"@id":"https:\/\/buletin.de\/bucuresti\/#organization"}},{"@type":"WebPage","@id":"https:\/\/buletin.de\/bucuresti\/plata-taxelor-catre-primaria-capitalei-ar-putea-fi-digitalizata-prin-ghiseul-ro\/","url":"https:\/\/buletin.de\/bucuresti\/plata-taxelor-catre-primaria-capitalei-ar-putea-fi-digitalizata-prin-ghiseul-ro\/","name":"Plata taxelor c\u0103tre Prim\u0103ria Capitalei ar putea fi digitalizat\u0103 prin ghiseul.ro - Buletin de Bucure\u0219ti","isPartOf":{"@id":"https:\/\/buletin.de\/bucuresti\/#website"},"primaryImageOfPage":{"@id":"https:\/\/buletin.de\/bucuresti\/plata-taxelor-catre-primaria-capitalei-ar-putea-fi-digitalizata-prin-ghiseul-ro\/#primaryimage"},"image":{"@id":"https:\/\/buletin.de\/bucuresti\/plata-taxelor-catre-primaria-capitalei-ar-putea-fi-digitalizata-prin-ghiseul-ro\/#primaryimage"},"thumbnailUrl":"https:\/\/buletin.de\/bucuresti\/wp-content\/uploads\/332188803_3668842660009593_6709132733398249550_n.jpg","datePublished":"2023-02-26T10:36:29+00:00","dateModified":"2023-02-26T10:41:35+00:00","breadcrumb":{"@id":"https:\/\/buletin.de\/bucuresti\/plata-taxelor-catre-primaria-capitalei-ar-putea-fi-digitalizata-prin-ghiseul-ro\/#breadcrumb"},"inLanguage":"en-GB","potentialAction":[{"@type":"ReadAction","target":["https:\/\/buletin.de\/bucuresti\/plata-taxelor-catre-primaria-capitalei-ar-putea-fi-digitalizata-prin-ghiseul-ro\/"]}]},{"@type":"ImageObject","inLanguage":"en-GB","@id":"https:\/\/buletin.de\/bucuresti\/plata-taxelor-catre-primaria-capitalei-ar-putea-fi-digitalizata-prin-ghiseul-ro\/#primaryimage","url":"https:\/\/buletin.de\/bucuresti\/wp-content\/uploads\/332188803_3668842660009593_6709132733398249550_n.jpg","contentUrl":"https:\/\/buletin.de\/bucuresti\/wp-content\/uploads\/332188803_3668842660009593_6709132733398249550_n.jpg","width":1170,"height":587},{"@type":"BreadcrumbList","@id":"https:\/\/buletin.de\/bucuresti\/plata-taxelor-catre-primaria-capitalei-ar-putea-fi-digitalizata-prin-ghiseul-ro\/#breadcrumb","itemListElement":[{"@type":"ListItem","position":1,"name":"Acas\u0103","item":"https:\/\/buletin.de\/bucuresti\/"},{"@type":"ListItem","position":2,"name":"Plata taxelor c\u0103tre Prim\u0103ria Capitalei ar putea fi digitalizat\u0103 prin ghiseul.ro"}]},{"@type":"WebSite","@id":"https:\/\/buletin.de\/bucuresti\/#website","url":"https:\/\/buletin.de\/bucuresti\/","name":"Buletin de Bucure\u0219ti","description":"\u0218tiri \u0219i investiga\u021bii esen\u021biale din capital\u0103","publisher":{"@id":"https:\/\/buletin.de\/bucuresti\/#organization"},"potentialAction":[{"@type":"SearchAction","target":{"@type":"EntryPoint","urlTemplate":"https:\/\/buletin.de\/bucuresti\/?s={search_term_string}"},"query-input":{"@type":"PropertyValueSpecification","valueRequired":true,"valueName":"search_term_string"}}],"inLanguage":"en-GB"},{"@type":"Organization","@id":"https:\/\/buletin.de\/bucuresti\/#organization","name":"Buletin de Bucure\u0219ti","url":"https:\/\/buletin.de\/bucuresti\/","logo":{"@type":"ImageObject","inLanguage":"en-GB","@id":"https:\/\/buletin.de\/bucuresti\/#\/schema\/logo\/image\/","url":"https:\/\/buletin.de\/bucuresti\/wp-content\/uploads\/logo-bdb-full-wide-vernil-transparent.png","contentUrl":"https:\/\/buletin.de\/bucuresti\/wp-content\/uploads\/logo-bdb-full-wide-vernil-transparent.png","width":1782,"height":626,"caption":"Buletin de Bucure\u0219ti"},"image":{"@id":"https:\/\/buletin.de\/bucuresti\/#\/schema\/logo\/image\/"},"sameAs":["https:\/\/www.facebook.com\/buletin.de.buc","https:\/\/www.instagram.com\/buletinde.bucuresti\/"]},{"@type":"Person","@id":"https:\/\/buletin.de\/bucuresti\/#\/schema\/person\/ab174cf6711728e4ee83d672acf9a912","name":"Adina C\u0103p\u00eelnean","image":{"@type":"ImageObject","inLanguage":"en-GB","@id":"https:\/\/secure.gravatar.com\/avatar\/4fe9675d6282fd7c1aa4e486a037d532d5728fc16a30360f293eb6126b2e73ad?s=96&d=monsterid&r=ge2b23868508aec3460d3c6a11d3b599a","url":"https:\/\/secure.gravatar.com\/avatar\/4fe9675d6282fd7c1aa4e486a037d532d5728fc16a30360f293eb6126b2e73ad?s=96&d=monsterid&r=g","contentUrl":"https:\/\/secure.gravatar.com\/avatar\/4fe9675d6282fd7c1aa4e486a037d532d5728fc16a30360f293eb6126b2e73ad?s=96&d=monsterid&r=g","caption":"Adina C\u0103p\u00eelnean"},"url":"https:\/\/buletin.de\/bucuresti\/author\/adinacapilnean\/"}]}},"authors":[{"term_id":22580,"user_id":47,"is_guest":0,"slug":"adinacapilnean","display_name":"Adina C\u0103p\u00eelnean","avatar_url":"https:\/\/secure.gravatar.com\/avatar\/4fe9675d6282fd7c1aa4e486a037d532d5728fc16a30360f293eb6126b2e73ad?s=96&d=monsterid&r=g","0":null,"1":"","2":"","3":"","4":"","5":"","6":"","7":"","8":""}],"_links":{"self":[{"href":"https:\/\/buletin.de\/bucuresti\/wp-json\/wp\/v2\/posts\/54989","targetHints":{"allow":["GET"]}}],"collection":[{"href":"https:\/\/buletin.de\/bucuresti\/wp-json\/wp\/v2\/posts"}],"about":[{"href":"https:\/\/buletin.de\/bucuresti\/wp-json\/wp\/v2\/types\/post"}],"author":[{"embeddable":true,"href":"https:\/\/buletin.de\/bucuresti\/wp-json\/wp\/v2\/users\/47"}],"replies":[{"embeddable":true,"href":"https:\/\/buletin.de\/bucuresti\/wp-json\/wp\/v2\/comments?post=54989"}],"version-history":[{"count":4,"href":"https:\/\/buletin.de\/bucuresti\/wp-json\/wp\/v2\/posts\/54989\/revisions"}],"predecessor-version":[{"id":54995,"href":"https:\/\/buletin.de\/bucuresti\/wp-json\/wp\/v2\/posts\/54989\/revisions\/54995"}],"wp:featuredmedia":[{"embeddable":true,"href":"https:\/\/buletin.de\/bucuresti\/wp-json\/wp\/v2\/media\/54990"}],"wp:attachment":[{"href":"https:\/\/buletin.de\/bucuresti\/wp-json\/wp\/v2\/media?parent=54989"}],"wp:term":[{"taxonomy":"category","embeddable":true,"href":"https:\/\/buletin.de\/bucuresti\/wp-json\/wp\/v2\/categories?post=54989"},{"taxonomy":"post_tag","embeddable":true,"href":"https:\/\/buletin.de\/bucuresti\/wp-json\/wp\/v2\/tags?post=54989"},{"taxonomy":"author","embeddable":true,"href":"https:\/\/buletin.de\/bucuresti\/wp-json\/wp\/v2\/ppma_author?post=54989"}],"curies":[{"name":"wp","href":"https:\/\/api.w.org\/{rel}","templated":true}]}}