{"id":54976,"date":"2023-02-25T12:32:42","date_gmt":"2023-02-25T10:32:42","guid":{"rendered":"https:\/\/buletin.de\/bucuresti\/?p=54976"},"modified":"2023-02-25T12:32:45","modified_gmt":"2023-02-25T10:32:45","slug":"proiectul-strazi-deschise-va-avea-loc-si-in-2023","status":"publish","type":"post","link":"https:\/\/buletin.de\/bucuresti\/proiectul-strazi-deschise-va-avea-loc-si-in-2023\/","title":{"rendered":"Proiectul \u201eStr\u0103zi Deschise\u201c va avea loc \u0219i \u00een 2023"},"content":{"rendered":"\n<p><strong>Comisiei de Avizare a Cererilor de Organizare a Adun\u0103rilor Publice din cadrul Prim\u0103riei Capitalei a aprobat derularea proiectului \u201eStr\u0103zi Deschise\u201c \u0219i \u00een 2023. \u00cen acet an, evenimentul se afl\u0103 la a treia edi\u021bie \u0219i va avea loc \u00een intervalul 29 aprilie &#8211; 8 octombrie 2023<\/strong><\/p>\n\n\n\n<blockquote class=\"wp-block-quote is-layout-flow wp-block-quote-is-layout-flow\"><p>Succesul de anul trecut ne determin\u0103 s\u0103 credem c\u0103 \u0219i \u00een 2023 vom fi la \u00een\u0103l\u021bimea a\u0219tept\u0103rilor \u0219i vom avea parte de o experien\u021b\u0103 frumoas\u0103.<\/p><cite>a scris Nicu\u0219or Dan, primarul Capitalei, pe Facebook <\/cite><\/blockquote>\n\n\n\n<p>\u00cen 2022, str\u0103zi deschise a avut loc \u00een fiecare weekend, c\u00e2nd cinci zone din centrul ora\u0219ului au devenit pietonale: Calea Victoriei \u0219i str\u0103zile adiacente, Pia\u021ba George Enescu, Pia\u021ba Universit\u0103\u021bii, Bulevardul Unirii, \u0218oseaua Kiseleff.&nbsp;&nbsp;Anul trecut a avut loc \u0219i noutate: proiectul va fi extins \u0219i \u00een celelalte sectoare ale Capitalei.<\/p>\n\n\n\n<p>\u00cen 2021, proiectul a avut o raz\u0103 de ac\u021biune mai mic\u0103 \u0219i perioada 29 mai \u2013 17 octombrie, \u0219apte zone din centrul ora\u015fului, de la Gr\u0103dina Kiseleff la D\u00e2mbovi\u021ba \u015fi de la Gr\u0103dina Icoanei la Gr\u0103dina Ci\u0219migiu, au devenit pietonale, \u00een fiecare s\u00e2mb\u0103t\u0103 \u0219i duminic\u0103. Este vorba de 34 de str\u0103zi \u0219i 11,66 km de artere. Acelea\u0219i zone vor fi pietonale \u0219i anul acesta. <\/p>\n\n\n\n<p><\/p>\n","protected":false},"excerpt":{"rendered":"<p>Comisiei de Avizare a Cererilor de Organizare a Adun\u0103rilor Publice din cadrul Prim\u0103riei Capitalei a aprobat derularea proiectului \u201eStr\u0103zi Deschise\u201c \u0219i \u00een 2023. \u00cen acet an, evenimentul se afl\u0103 la a treia edi\u021bie \u0219i va avea loc \u00een intervalul 29 aprilie &#8211; 8 octombrie 2023 Succesul de anul trecut ne determin\u0103 s\u0103 credem c\u0103 \u0219i [&hellip;]<\/p>\n","protected":false},"author":17,"featured_media":42377,"comment_status":"closed","ping_status":"open","sticky":false,"template":"","format":"standard","meta":{"_acf_changed":false,"inline_featured_image":false,"ngg_post_thumbnail":0,"footnotes":""},"categories":[24],"tags":[5493,2794],"ppma_author":[22576],"class_list":["post-54976","post","type-post","status-publish","format-standard","has-post-thumbnail","hentry","category-primarie","tag-bucuesti-2","tag-strazi-deschise"],"acf":[],"yoast_head":"<!-- This site is optimized with the Yoast SEO Premium plugin v25.3 (Yoast SEO v27.4) - https:\/\/yoast.com\/product\/yoast-seo-premium-wordpress\/ -->\n<title>Proiectul \u201eStr\u0103zi Deschise\u201c va avea loc \u0219i \u00een 2023 - Buletin de Bucure\u0219ti<\/title>\n<meta name=\"robots\" content=\"index, follow, max-snippet:-1, max-image-preview:large, max-video-preview:-1\" \/>\n<link rel=\"canonical\" href=\"https:\/\/buletin.de\/bucuresti\/proiectul-strazi-deschise-va-avea-loc-si-in-2023\/\" \/>\n<meta property=\"og:locale\" content=\"en_GB\" \/>\n<meta property=\"og:type\" content=\"article\" \/>\n<meta property=\"og:title\" content=\"Proiectul \u201eStr\u0103zi Deschise\u201c va avea loc \u0219i \u00een 2023\" \/>\n<meta property=\"og:description\" content=\"Comisiei de Avizare a Cererilor de Organizare a Adun\u0103rilor Publice din cadrul Prim\u0103riei Capitalei a aprobat derularea proiectului \u201eStr\u0103zi Deschise\u201c \u0219i \u00een 2023. \u00cen acet an, evenimentul se afl\u0103 la a treia edi\u021bie \u0219i va avea loc \u00een intervalul 29 aprilie &#8211; 8 octombrie 2023 Succesul de anul trecut ne determin\u0103 s\u0103 credem c\u0103 \u0219i [&hellip;]\" \/>\n<meta property=\"og:url\" content=\"https:\/\/buletin.de\/bucuresti\/proiectul-strazi-deschise-va-avea-loc-si-in-2023\/\" \/>\n<meta property=\"og:site_name\" content=\"Buletin de Bucure\u0219ti\" \/>\n<meta property=\"article:publisher\" content=\"https:\/\/www.facebook.com\/buletin.de.buc\" \/>\n<meta property=\"article:published_time\" content=\"2023-02-25T10:32:42+00:00\" \/>\n<meta property=\"article:modified_time\" content=\"2023-02-25T10:32:45+00:00\" \/>\n<meta property=\"og:image\" content=\"https:\/\/buletin.de\/bucuresti\/wp-content\/uploads\/IMG_0403.jpg\" \/>\n\t<meta property=\"og:image:width\" content=\"2000\" \/>\n\t<meta property=\"og:image:height\" content=\"1500\" \/>\n\t<meta property=\"og:image:type\" content=\"image\/jpeg\" \/>\n<meta name=\"author\" content=\"Florin R\u00e2\u0219teiu\" \/>\n<meta name=\"twitter:card\" content=\"summary_large_image\" \/>\n<meta name=\"twitter:label1\" content=\"Written by\" \/>\n\t<meta name=\"twitter:data1\" content=\"Florin R\u00e2\u0219teiu\" \/>\n\t<meta name=\"twitter:label2\" content=\"Estimated reading time\" \/>\n\t<meta name=\"twitter:data2\" content=\"1 minute\" \/>\n<script type=\"application\/ld+json\" class=\"yoast-schema-graph\">{\"@context\":\"https:\\\/\\\/schema.org\",\"@graph\":[{\"@type\":\"Article\",\"@id\":\"https:\\\/\\\/buletin.de\\\/bucuresti\\\/proiectul-strazi-deschise-va-avea-loc-si-in-2023\\\/#article\",\"isPartOf\":{\"@id\":\"https:\\\/\\\/buletin.de\\\/bucuresti\\\/proiectul-strazi-deschise-va-avea-loc-si-in-2023\\\/\"},\"author\":{\"name\":\"Florin R\u00e2\u0219teiu\",\"@id\":\"https:\\\/\\\/buletin.de\\\/bucuresti\\\/#\\\/schema\\\/person\\\/b0686d7a8b666c6afc78239777fd8a89\"},\"headline\":\"Proiectul \u201eStr\u0103zi Deschise\u201c va avea loc \u0219i \u00een 2023\",\"datePublished\":\"2023-02-25T10:32:42+00:00\",\"dateModified\":\"2023-02-25T10:32:45+00:00\",\"mainEntityOfPage\":{\"@id\":\"https:\\\/\\\/buletin.de\\\/bucuresti\\\/proiectul-strazi-deschise-va-avea-loc-si-in-2023\\\/\"},\"wordCount\":219,\"publisher\":{\"@id\":\"https:\\\/\\\/buletin.de\\\/bucuresti\\\/#organization\"},\"image\":{\"@id\":\"https:\\\/\\\/buletin.de\\\/bucuresti\\\/proiectul-strazi-deschise-va-avea-loc-si-in-2023\\\/#primaryimage\"},\"thumbnailUrl\":\"https:\\\/\\\/buletin.de\\\/bucuresti\\\/wp-content\\\/uploads\\\/IMG_0403.jpg\",\"keywords\":[\"bucuesti\",\"strazi deschise\"],\"articleSection\":[\"Prim\u0103rie\"],\"inLanguage\":\"en-GB\",\"copyrightYear\":\"2023\",\"copyrightHolder\":{\"@id\":\"https:\\\/\\\/buletin.de\\\/bucuresti\\\/#organization\"}},{\"@type\":\"WebPage\",\"@id\":\"https:\\\/\\\/buletin.de\\\/bucuresti\\\/proiectul-strazi-deschise-va-avea-loc-si-in-2023\\\/\",\"url\":\"https:\\\/\\\/buletin.de\\\/bucuresti\\\/proiectul-strazi-deschise-va-avea-loc-si-in-2023\\\/\",\"name\":\"Proiectul \u201eStr\u0103zi Deschise\u201c va avea loc \u0219i \u00een 2023 - Buletin de Bucure\u0219ti\",\"isPartOf\":{\"@id\":\"https:\\\/\\\/buletin.de\\\/bucuresti\\\/#website\"},\"primaryImageOfPage\":{\"@id\":\"https:\\\/\\\/buletin.de\\\/bucuresti\\\/proiectul-strazi-deschise-va-avea-loc-si-in-2023\\\/#primaryimage\"},\"image\":{\"@id\":\"https:\\\/\\\/buletin.de\\\/bucuresti\\\/proiectul-strazi-deschise-va-avea-loc-si-in-2023\\\/#primaryimage\"},\"thumbnailUrl\":\"https:\\\/\\\/buletin.de\\\/bucuresti\\\/wp-content\\\/uploads\\\/IMG_0403.jpg\",\"datePublished\":\"2023-02-25T10:32:42+00:00\",\"dateModified\":\"2023-02-25T10:32:45+00:00\",\"breadcrumb\":{\"@id\":\"https:\\\/\\\/buletin.de\\\/bucuresti\\\/proiectul-strazi-deschise-va-avea-loc-si-in-2023\\\/#breadcrumb\"},\"inLanguage\":\"en-GB\",\"potentialAction\":[{\"@type\":\"ReadAction\",\"target\":[\"https:\\\/\\\/buletin.de\\\/bucuresti\\\/proiectul-strazi-deschise-va-avea-loc-si-in-2023\\\/\"]}]},{\"@type\":\"ImageObject\",\"inLanguage\":\"en-GB\",\"@id\":\"https:\\\/\\\/buletin.de\\\/bucuresti\\\/proiectul-strazi-deschise-va-avea-loc-si-in-2023\\\/#primaryimage\",\"url\":\"https:\\\/\\\/buletin.de\\\/bucuresti\\\/wp-content\\\/uploads\\\/IMG_0403.jpg\",\"contentUrl\":\"https:\\\/\\\/buletin.de\\\/bucuresti\\\/wp-content\\\/uploads\\\/IMG_0403.jpg\",\"width\":2000,\"height\":1500},{\"@type\":\"BreadcrumbList\",\"@id\":\"https:\\\/\\\/buletin.de\\\/bucuresti\\\/proiectul-strazi-deschise-va-avea-loc-si-in-2023\\\/#breadcrumb\",\"itemListElement\":[{\"@type\":\"ListItem\",\"position\":1,\"name\":\"Acas\u0103\",\"item\":\"https:\\\/\\\/buletin.de\\\/bucuresti\\\/\"},{\"@type\":\"ListItem\",\"position\":2,\"name\":\"Proiectul \u201eStr\u0103zi Deschise\u201c va avea loc \u0219i \u00een 2023\"}]},{\"@type\":\"WebSite\",\"@id\":\"https:\\\/\\\/buletin.de\\\/bucuresti\\\/#website\",\"url\":\"https:\\\/\\\/buletin.de\\\/bucuresti\\\/\",\"name\":\"Buletin de Bucure\u0219ti\",\"description\":\"\u0218tiri \u0219i investiga\u021bii esen\u021biale din capital\u0103\",\"publisher\":{\"@id\":\"https:\\\/\\\/buletin.de\\\/bucuresti\\\/#organization\"},\"potentialAction\":[{\"@type\":\"SearchAction\",\"target\":{\"@type\":\"EntryPoint\",\"urlTemplate\":\"https:\\\/\\\/buletin.de\\\/bucuresti\\\/?s={search_term_string}\"},\"query-input\":{\"@type\":\"PropertyValueSpecification\",\"valueRequired\":true,\"valueName\":\"search_term_string\"}}],\"inLanguage\":\"en-GB\"},{\"@type\":\"Organization\",\"@id\":\"https:\\\/\\\/buletin.de\\\/bucuresti\\\/#organization\",\"name\":\"Buletin de Bucure\u0219ti\",\"url\":\"https:\\\/\\\/buletin.de\\\/bucuresti\\\/\",\"logo\":{\"@type\":\"ImageObject\",\"inLanguage\":\"en-GB\",\"@id\":\"https:\\\/\\\/buletin.de\\\/bucuresti\\\/#\\\/schema\\\/logo\\\/image\\\/\",\"url\":\"https:\\\/\\\/buletin.de\\\/bucuresti\\\/wp-content\\\/uploads\\\/logo-bdb-full-wide-vernil-transparent.png\",\"contentUrl\":\"https:\\\/\\\/buletin.de\\\/bucuresti\\\/wp-content\\\/uploads\\\/logo-bdb-full-wide-vernil-transparent.png\",\"width\":1782,\"height\":626,\"caption\":\"Buletin de Bucure\u0219ti\"},\"image\":{\"@id\":\"https:\\\/\\\/buletin.de\\\/bucuresti\\\/#\\\/schema\\\/logo\\\/image\\\/\"},\"sameAs\":[\"https:\\\/\\\/www.facebook.com\\\/buletin.de.buc\",\"https:\\\/\\\/www.instagram.com\\\/buletinde.bucuresti\\\/\"]},{\"@type\":\"Person\",\"@id\":\"https:\\\/\\\/buletin.de\\\/bucuresti\\\/#\\\/schema\\\/person\\\/b0686d7a8b666c6afc78239777fd8a89\",\"name\":\"Florin R\u00e2\u0219teiu\",\"image\":{\"@type\":\"ImageObject\",\"inLanguage\":\"en-GB\",\"@id\":\"https:\\\/\\\/buletin.de\\\/bucuresti\\\/wp-content\\\/uploads\\\/Florin-Rasteiu-96x96.jpgf0a6fe28453aa12f0a60e4d0a2e3a78c\",\"url\":\"https:\\\/\\\/buletin.de\\\/bucuresti\\\/wp-content\\\/uploads\\\/Florin-Rasteiu-96x96.jpg\",\"contentUrl\":\"https:\\\/\\\/buletin.de\\\/bucuresti\\\/wp-content\\\/uploads\\\/Florin-Rasteiu-96x96.jpg\",\"caption\":\"Florin R\u00e2\u0219teiu\"},\"description\":\"Jurnalist de investiga\u021bie. Lucreaz\u0103 de aproape 6 ani la Buletin de Bucure\u0219ti, unde a publicat articole care scot la suprafa\u021b\u0103 corup\u021bia din Capital\u0103. Analizeaz\u0103 baze de date zilnic \u0219i scoate pove\u0219ti din exceluri pline de cifre. Pune reflectorul pe adev\u0103r cu fiecare ocazie. A c\u00e2\u0219tigat premiul I la categoria Pres\u0103 Local\u0103 \u00een 2025 \u0219i locul al II-lea la aceea\u0219i categorie \u00een 2024 \u00een cadrul Premiilor Superscrieri pentru jurnalism independent.\",\"url\":\"https:\\\/\\\/buletin.de\\\/bucuresti\\\/author\\\/florinrasteiu\\\/\"}]}<\/script>\n<!-- \/ Yoast SEO Premium plugin. -->","yoast_head_json":{"title":"Proiectul \u201eStr\u0103zi Deschise\u201c va avea loc \u0219i \u00een 2023 - Buletin de Bucure\u0219ti","robots":{"index":"index","follow":"follow","max-snippet":"max-snippet:-1","max-image-preview":"max-image-preview:large","max-video-preview":"max-video-preview:-1"},"canonical":"https:\/\/buletin.de\/bucuresti\/proiectul-strazi-deschise-va-avea-loc-si-in-2023\/","og_locale":"en_GB","og_type":"article","og_title":"Proiectul \u201eStr\u0103zi Deschise\u201c va avea loc \u0219i \u00een 2023","og_description":"Comisiei de Avizare a Cererilor de Organizare a Adun\u0103rilor Publice din cadrul Prim\u0103riei Capitalei a aprobat derularea proiectului \u201eStr\u0103zi Deschise\u201c \u0219i \u00een 2023. \u00cen acet an, evenimentul se afl\u0103 la a treia edi\u021bie \u0219i va avea loc \u00een intervalul 29 aprilie &#8211; 8 octombrie 2023 Succesul de anul trecut ne determin\u0103 s\u0103 credem c\u0103 \u0219i [&hellip;]","og_url":"https:\/\/buletin.de\/bucuresti\/proiectul-strazi-deschise-va-avea-loc-si-in-2023\/","og_site_name":"Buletin de Bucure\u0219ti","article_publisher":"https:\/\/www.facebook.com\/buletin.de.buc","article_published_time":"2023-02-25T10:32:42+00:00","article_modified_time":"2023-02-25T10:32:45+00:00","og_image":[{"width":2000,"height":1500,"url":"https:\/\/buletin.de\/bucuresti\/wp-content\/uploads\/IMG_0403.jpg","type":"image\/jpeg"}],"author":"Florin R\u00e2\u0219teiu","twitter_card":"summary_large_image","twitter_misc":{"Written by":"Florin R\u00e2\u0219teiu","Estimated reading time":"1 minute"},"schema":{"@context":"https:\/\/schema.org","@graph":[{"@type":"Article","@id":"https:\/\/buletin.de\/bucuresti\/proiectul-strazi-deschise-va-avea-loc-si-in-2023\/#article","isPartOf":{"@id":"https:\/\/buletin.de\/bucuresti\/proiectul-strazi-deschise-va-avea-loc-si-in-2023\/"},"author":{"name":"Florin R\u00e2\u0219teiu","@id":"https:\/\/buletin.de\/bucuresti\/#\/schema\/person\/b0686d7a8b666c6afc78239777fd8a89"},"headline":"Proiectul \u201eStr\u0103zi Deschise\u201c va avea loc \u0219i \u00een 2023","datePublished":"2023-02-25T10:32:42+00:00","dateModified":"2023-02-25T10:32:45+00:00","mainEntityOfPage":{"@id":"https:\/\/buletin.de\/bucuresti\/proiectul-strazi-deschise-va-avea-loc-si-in-2023\/"},"wordCount":219,"publisher":{"@id":"https:\/\/buletin.de\/bucuresti\/#organization"},"image":{"@id":"https:\/\/buletin.de\/bucuresti\/proiectul-strazi-deschise-va-avea-loc-si-in-2023\/#primaryimage"},"thumbnailUrl":"https:\/\/buletin.de\/bucuresti\/wp-content\/uploads\/IMG_0403.jpg","keywords":["bucuesti","strazi deschise"],"articleSection":["Prim\u0103rie"],"inLanguage":"en-GB","copyrightYear":"2023","copyrightHolder":{"@id":"https:\/\/buletin.de\/bucuresti\/#organization"}},{"@type":"WebPage","@id":"https:\/\/buletin.de\/bucuresti\/proiectul-strazi-deschise-va-avea-loc-si-in-2023\/","url":"https:\/\/buletin.de\/bucuresti\/proiectul-strazi-deschise-va-avea-loc-si-in-2023\/","name":"Proiectul \u201eStr\u0103zi Deschise\u201c va avea loc \u0219i \u00een 2023 - Buletin de Bucure\u0219ti","isPartOf":{"@id":"https:\/\/buletin.de\/bucuresti\/#website"},"primaryImageOfPage":{"@id":"https:\/\/buletin.de\/bucuresti\/proiectul-strazi-deschise-va-avea-loc-si-in-2023\/#primaryimage"},"image":{"@id":"https:\/\/buletin.de\/bucuresti\/proiectul-strazi-deschise-va-avea-loc-si-in-2023\/#primaryimage"},"thumbnailUrl":"https:\/\/buletin.de\/bucuresti\/wp-content\/uploads\/IMG_0403.jpg","datePublished":"2023-02-25T10:32:42+00:00","dateModified":"2023-02-25T10:32:45+00:00","breadcrumb":{"@id":"https:\/\/buletin.de\/bucuresti\/proiectul-strazi-deschise-va-avea-loc-si-in-2023\/#breadcrumb"},"inLanguage":"en-GB","potentialAction":[{"@type":"ReadAction","target":["https:\/\/buletin.de\/bucuresti\/proiectul-strazi-deschise-va-avea-loc-si-in-2023\/"]}]},{"@type":"ImageObject","inLanguage":"en-GB","@id":"https:\/\/buletin.de\/bucuresti\/proiectul-strazi-deschise-va-avea-loc-si-in-2023\/#primaryimage","url":"https:\/\/buletin.de\/bucuresti\/wp-content\/uploads\/IMG_0403.jpg","contentUrl":"https:\/\/buletin.de\/bucuresti\/wp-content\/uploads\/IMG_0403.jpg","width":2000,"height":1500},{"@type":"BreadcrumbList","@id":"https:\/\/buletin.de\/bucuresti\/proiectul-strazi-deschise-va-avea-loc-si-in-2023\/#breadcrumb","itemListElement":[{"@type":"ListItem","position":1,"name":"Acas\u0103","item":"https:\/\/buletin.de\/bucuresti\/"},{"@type":"ListItem","position":2,"name":"Proiectul \u201eStr\u0103zi Deschise\u201c va avea loc \u0219i \u00een 2023"}]},{"@type":"WebSite","@id":"https:\/\/buletin.de\/bucuresti\/#website","url":"https:\/\/buletin.de\/bucuresti\/","name":"Buletin de Bucure\u0219ti","description":"\u0218tiri \u0219i investiga\u021bii esen\u021biale din capital\u0103","publisher":{"@id":"https:\/\/buletin.de\/bucuresti\/#organization"},"potentialAction":[{"@type":"SearchAction","target":{"@type":"EntryPoint","urlTemplate":"https:\/\/buletin.de\/bucuresti\/?s={search_term_string}"},"query-input":{"@type":"PropertyValueSpecification","valueRequired":true,"valueName":"search_term_string"}}],"inLanguage":"en-GB"},{"@type":"Organization","@id":"https:\/\/buletin.de\/bucuresti\/#organization","name":"Buletin de Bucure\u0219ti","url":"https:\/\/buletin.de\/bucuresti\/","logo":{"@type":"ImageObject","inLanguage":"en-GB","@id":"https:\/\/buletin.de\/bucuresti\/#\/schema\/logo\/image\/","url":"https:\/\/buletin.de\/bucuresti\/wp-content\/uploads\/logo-bdb-full-wide-vernil-transparent.png","contentUrl":"https:\/\/buletin.de\/bucuresti\/wp-content\/uploads\/logo-bdb-full-wide-vernil-transparent.png","width":1782,"height":626,"caption":"Buletin de Bucure\u0219ti"},"image":{"@id":"https:\/\/buletin.de\/bucuresti\/#\/schema\/logo\/image\/"},"sameAs":["https:\/\/www.facebook.com\/buletin.de.buc","https:\/\/www.instagram.com\/buletinde.bucuresti\/"]},{"@type":"Person","@id":"https:\/\/buletin.de\/bucuresti\/#\/schema\/person\/b0686d7a8b666c6afc78239777fd8a89","name":"Florin R\u00e2\u0219teiu","image":{"@type":"ImageObject","inLanguage":"en-GB","@id":"https:\/\/buletin.de\/bucuresti\/wp-content\/uploads\/Florin-Rasteiu-96x96.jpgf0a6fe28453aa12f0a60e4d0a2e3a78c","url":"https:\/\/buletin.de\/bucuresti\/wp-content\/uploads\/Florin-Rasteiu-96x96.jpg","contentUrl":"https:\/\/buletin.de\/bucuresti\/wp-content\/uploads\/Florin-Rasteiu-96x96.jpg","caption":"Florin R\u00e2\u0219teiu"},"description":"Jurnalist de investiga\u021bie. Lucreaz\u0103 de aproape 6 ani la Buletin de Bucure\u0219ti, unde a publicat articole care scot la suprafa\u021b\u0103 corup\u021bia din Capital\u0103. Analizeaz\u0103 baze de date zilnic \u0219i scoate pove\u0219ti din exceluri pline de cifre. Pune reflectorul pe adev\u0103r cu fiecare ocazie. A c\u00e2\u0219tigat premiul I la categoria Pres\u0103 Local\u0103 \u00een 2025 \u0219i locul al II-lea la aceea\u0219i categorie \u00een 2024 \u00een cadrul Premiilor Superscrieri pentru jurnalism independent.","url":"https:\/\/buletin.de\/bucuresti\/author\/florinrasteiu\/"}]}},"authors":[{"term_id":22576,"user_id":17,"is_guest":0,"slug":"florinrasteiu","display_name":"Florin R\u00e2\u0219teiu","avatar_url":"https:\/\/buletin.de\/bucuresti\/wp-content\/uploads\/Florin-Rasteiu-96x96.jpg","0":null,"1":"","2":"","3":"","4":"","5":"","6":"","7":"","8":""}],"_links":{"self":[{"href":"https:\/\/buletin.de\/bucuresti\/wp-json\/wp\/v2\/posts\/54976","targetHints":{"allow":["GET"]}}],"collection":[{"href":"https:\/\/buletin.de\/bucuresti\/wp-json\/wp\/v2\/posts"}],"about":[{"href":"https:\/\/buletin.de\/bucuresti\/wp-json\/wp\/v2\/types\/post"}],"author":[{"embeddable":true,"href":"https:\/\/buletin.de\/bucuresti\/wp-json\/wp\/v2\/users\/17"}],"replies":[{"embeddable":true,"href":"https:\/\/buletin.de\/bucuresti\/wp-json\/wp\/v2\/comments?post=54976"}],"version-history":[{"count":2,"href":"https:\/\/buletin.de\/bucuresti\/wp-json\/wp\/v2\/posts\/54976\/revisions"}],"predecessor-version":[{"id":54978,"href":"https:\/\/buletin.de\/bucuresti\/wp-json\/wp\/v2\/posts\/54976\/revisions\/54978"}],"wp:featuredmedia":[{"embeddable":true,"href":"https:\/\/buletin.de\/bucuresti\/wp-json\/wp\/v2\/media\/42377"}],"wp:attachment":[{"href":"https:\/\/buletin.de\/bucuresti\/wp-json\/wp\/v2\/media?parent=54976"}],"wp:term":[{"taxonomy":"category","embeddable":true,"href":"https:\/\/buletin.de\/bucuresti\/wp-json\/wp\/v2\/categories?post=54976"},{"taxonomy":"post_tag","embeddable":true,"href":"https:\/\/buletin.de\/bucuresti\/wp-json\/wp\/v2\/tags?post=54976"},{"taxonomy":"author","embeddable":true,"href":"https:\/\/buletin.de\/bucuresti\/wp-json\/wp\/v2\/ppma_author?post=54976"}],"curies":[{"name":"wp","href":"https:\/\/api.w.org\/{rel}","templated":true}]}}