{"id":54779,"date":"2023-02-22T16:40:01","date_gmt":"2023-02-22T14:40:01","guid":{"rendered":"https:\/\/buletin.de\/bucuresti\/?p=54779"},"modified":"2023-02-22T17:05:09","modified_gmt":"2023-02-22T15:05:09","slug":"autobuzele-liniei-425-vor-circula-temporar-pe-un-traseu-modificat","status":"publish","type":"post","link":"https:\/\/buletin.de\/bucuresti\/autobuzele-liniei-425-vor-circula-temporar-pe-un-traseu-modificat\/","title":{"rendered":"Autobuzele liniei 425 vor circula temporar pe un traseu modificat"},"content":{"rendered":"\n<p><strong>Autobuzele liniei 425 circul\u0103 temporar pe un traseu modificat \u00een localitatea Ordoreanu, anun\u021b\u0103 Asocia\u021bia de Dezvoltare Intercomunitar\u0103 pentru Transport Public Bucure\u0219ti &#8211; Ilfov (TPBI). M\u0103sura a fost luat\u0103 pentru c\u0103 se efectueaz\u0103 lucr\u0103ri la re\u021beaua public\u0103 de ap\u0103 potabil\u0103 \u0219i canalizare de pe str\u0103zile Unirii \u0219i Tudor Vladimirescu.<\/strong><\/p>\n\n\n\n<figure class=\"wp-block-image size-large\"><img fetchpriority=\"high\" decoding=\"async\" width=\"900\" height=\"814\" src=\"data:image\/gif;base64,R0lGODlhAQABAAAAACH5BAEKAAEALAAAAAABAAEAAAICTAEAOw==\" data-src=\"https:\/\/buletin.de\/bucuresti\/wp-content\/uploads\/332320712_1155893518452498_3765316966147691998_n-900x814.jpg\" alt=\"\" class=\"wp-image-54780 lazyload\" data-sizes=\"auto\" data-srcset=\"https:\/\/buletin.de\/bucuresti\/wp-content\/uploads\/332320712_1155893518452498_3765316966147691998_n-900x814.jpg 900w, https:\/\/buletin.de\/bucuresti\/wp-content\/uploads\/332320712_1155893518452498_3765316966147691998_n-300x271.jpg 300w, https:\/\/buletin.de\/bucuresti\/wp-content\/uploads\/332320712_1155893518452498_3765316966147691998_n-768x695.jpg 768w, https:\/\/buletin.de\/bucuresti\/wp-content\/uploads\/332320712_1155893518452498_3765316966147691998_n-1536x1389.jpg 1536w, https:\/\/buletin.de\/bucuresti\/wp-content\/uploads\/332320712_1155893518452498_3765316966147691998_n-1060x959.jpg 1060w, https:\/\/buletin.de\/bucuresti\/wp-content\/uploads\/332320712_1155893518452498_3765316966147691998_n-550x497.jpg 550w, https:\/\/buletin.de\/bucuresti\/wp-content\/uploads\/332320712_1155893518452498_3765316966147691998_n-553x500.jpg 553w, https:\/\/buletin.de\/bucuresti\/wp-content\/uploads\/332320712_1155893518452498_3765316966147691998_n-1920x1736.jpg 1920w, https:\/\/buletin.de\/bucuresti\/wp-content\/uploads\/332320712_1155893518452498_3765316966147691998_n-1194x1080.jpg 1194w, https:\/\/buletin.de\/bucuresti\/wp-content\/uploads\/332320712_1155893518452498_3765316966147691998_n-600x543.jpg 600w, https:\/\/buletin.de\/bucuresti\/wp-content\/uploads\/332320712_1155893518452498_3765316966147691998_n.jpg 2048w\" sizes=\"(max-width: 900px) 100vw, 900px\" \/><\/figure>\n\n\n\n<p>Linia 425 func\u021bioneaz\u0103 pe traseul de baz\u0103 de la terminalul \u201eGhencea\u201d p\u00e2n\u0103 la intersec\u021bia \u0218os. Ordoreanu (DC 125)\/ Str. Unirii, apoi pe un traseu modificat pe \u0218os. Ordoreanu (DC 125), p\u00e2n\u0103 la intersec\u021bia cu Strada Digului.<\/p>\n\n\n\n<p>P\u00e2n\u0103 la finalizarea lucr\u0103rilor, sta\u021biile \u201eBiserica\u201d, \u201eTudor Vladimirescu\u201d \u0219i \u201eOrdoreanu\u201d, de pe sensul spre cap\u0103tul de linie \u201eOrdoreanu\u201d, vor fi reamplasate pe \u0218oseaua Ordoreanu, astfel:<\/p>\n\n\n\n<p>&#8211; Sta\u021bia \u201eBiserica\u201d \u2013 dup\u0103 intersec\u021bia cu Str. Unirii;<br>&#8211; Sta\u021bia \u201eTudor Vladimirescu\u201d \u2013 \u00eenainte de intersec\u021bia cu Str. Tudor Vladimirescu;<br>&#8211; Sta\u021bia cap\u0103t de linie \u201eOrdoreanu\u201d (cobor\u00e2re\/urcare) \u2013 la intersec\u021bia cu Str. Digul<\/p>\n","protected":false},"excerpt":{"rendered":"<p>Autobuzele liniei 425 circul\u0103 temporar pe un traseu modificat \u00een localitatea Ordoreanu, anun\u021b\u0103 Asocia\u021bia de Dezvoltare Intercomunitar\u0103 pentru Transport Public Bucure\u0219ti &#8211; Ilfov (TPBI). M\u0103sura a fost luat\u0103 pentru c\u0103 se efectueaz\u0103 lucr\u0103ri la re\u021beaua public\u0103 de ap\u0103 potabil\u0103 \u0219i canalizare de pe str\u0103zile Unirii \u0219i Tudor Vladimirescu. Linia 425 func\u021bioneaz\u0103 pe traseul de baz\u0103 [&hellip;]<\/p>\n","protected":false},"author":46,"featured_media":54780,"comment_status":"closed","ping_status":"open","sticky":false,"template":"","format":"standard","meta":{"_acf_changed":false,"inline_featured_image":false,"ngg_post_thumbnail":0,"footnotes":""},"categories":[62,650],"tags":[],"ppma_author":[22605],"class_list":["post-54779","post","type-post","status-publish","format-standard","has-post-thumbnail","hentry","category-stiri","category-transport"],"acf":[],"yoast_head":"<!-- This site is optimized with the Yoast SEO Premium plugin v25.3 (Yoast SEO v27.4) - https:\/\/yoast.com\/product\/yoast-seo-premium-wordpress\/ -->\n<title>Autobuzele liniei 425 vor circula temporar pe un traseu modificat - Buletin de Bucure\u0219ti<\/title>\n<meta name=\"robots\" content=\"index, follow, max-snippet:-1, max-image-preview:large, max-video-preview:-1\" \/>\n<link rel=\"canonical\" href=\"https:\/\/buletin.de\/bucuresti\/autobuzele-liniei-425-vor-circula-temporar-pe-un-traseu-modificat\/\" \/>\n<meta property=\"og:locale\" content=\"en_GB\" \/>\n<meta property=\"og:type\" content=\"article\" \/>\n<meta property=\"og:title\" content=\"Autobuzele liniei 425 vor circula temporar pe un traseu modificat\" \/>\n<meta property=\"og:description\" content=\"Autobuzele liniei 425 circul\u0103 temporar pe un traseu modificat \u00een localitatea Ordoreanu, anun\u021b\u0103 Asocia\u021bia de Dezvoltare Intercomunitar\u0103 pentru Transport Public Bucure\u0219ti &#8211; Ilfov (TPBI). M\u0103sura a fost luat\u0103 pentru c\u0103 se efectueaz\u0103 lucr\u0103ri la re\u021beaua public\u0103 de ap\u0103 potabil\u0103 \u0219i canalizare de pe str\u0103zile Unirii \u0219i Tudor Vladimirescu. Linia 425 func\u021bioneaz\u0103 pe traseul de baz\u0103 [&hellip;]\" \/>\n<meta property=\"og:url\" content=\"https:\/\/buletin.de\/bucuresti\/autobuzele-liniei-425-vor-circula-temporar-pe-un-traseu-modificat\/\" \/>\n<meta property=\"og:site_name\" content=\"Buletin de Bucure\u0219ti\" \/>\n<meta property=\"article:publisher\" content=\"https:\/\/www.facebook.com\/buletin.de.buc\" \/>\n<meta property=\"article:published_time\" content=\"2023-02-22T14:40:01+00:00\" \/>\n<meta property=\"article:modified_time\" content=\"2023-02-22T15:05:09+00:00\" \/>\n<meta property=\"og:image\" content=\"https:\/\/buletin.de\/bucuresti\/wp-content\/uploads\/332320712_1155893518452498_3765316966147691998_n.jpg\" \/>\n\t<meta property=\"og:image:width\" content=\"2048\" \/>\n\t<meta property=\"og:image:height\" content=\"1852\" \/>\n\t<meta property=\"og:image:type\" content=\"image\/jpeg\" \/>\n<meta name=\"author\" content=\"Andreea Gelatu\" \/>\n<meta name=\"twitter:card\" content=\"summary_large_image\" \/>\n<meta name=\"twitter:label1\" content=\"Written by\" \/>\n\t<meta name=\"twitter:data1\" content=\"Andreea Gelatu\" \/>\n\t<meta name=\"twitter:label2\" content=\"Estimated reading time\" \/>\n\t<meta name=\"twitter:data2\" content=\"1 minute\" \/>\n<script type=\"application\/ld+json\" class=\"yoast-schema-graph\">{\"@context\":\"https:\\\/\\\/schema.org\",\"@graph\":[{\"@type\":\"Article\",\"@id\":\"https:\\\/\\\/buletin.de\\\/bucuresti\\\/autobuzele-liniei-425-vor-circula-temporar-pe-un-traseu-modificat\\\/#article\",\"isPartOf\":{\"@id\":\"https:\\\/\\\/buletin.de\\\/bucuresti\\\/autobuzele-liniei-425-vor-circula-temporar-pe-un-traseu-modificat\\\/\"},\"author\":{\"name\":\"Andreea Gelatu\",\"@id\":\"https:\\\/\\\/buletin.de\\\/bucuresti\\\/#\\\/schema\\\/person\\\/87734700b2c7f8608881f7e93b8834de\"},\"headline\":\"Autobuzele liniei 425 vor circula temporar pe un traseu modificat\",\"datePublished\":\"2023-02-22T14:40:01+00:00\",\"dateModified\":\"2023-02-22T15:05:09+00:00\",\"mainEntityOfPage\":{\"@id\":\"https:\\\/\\\/buletin.de\\\/bucuresti\\\/autobuzele-liniei-425-vor-circula-temporar-pe-un-traseu-modificat\\\/\"},\"wordCount\":169,\"publisher\":{\"@id\":\"https:\\\/\\\/buletin.de\\\/bucuresti\\\/#organization\"},\"image\":{\"@id\":\"https:\\\/\\\/buletin.de\\\/bucuresti\\\/autobuzele-liniei-425-vor-circula-temporar-pe-un-traseu-modificat\\\/#primaryimage\"},\"thumbnailUrl\":\"https:\\\/\\\/buletin.de\\\/bucuresti\\\/wp-content\\\/uploads\\\/332320712_1155893518452498_3765316966147691998_n.jpg\",\"articleSection\":[\"\u0218tiri\",\"Transport\"],\"inLanguage\":\"en-GB\",\"copyrightYear\":\"2023\",\"copyrightHolder\":{\"@id\":\"https:\\\/\\\/buletin.de\\\/bucuresti\\\/#organization\"}},{\"@type\":\"WebPage\",\"@id\":\"https:\\\/\\\/buletin.de\\\/bucuresti\\\/autobuzele-liniei-425-vor-circula-temporar-pe-un-traseu-modificat\\\/\",\"url\":\"https:\\\/\\\/buletin.de\\\/bucuresti\\\/autobuzele-liniei-425-vor-circula-temporar-pe-un-traseu-modificat\\\/\",\"name\":\"Autobuzele liniei 425 vor circula temporar pe un traseu modificat - Buletin de Bucure\u0219ti\",\"isPartOf\":{\"@id\":\"https:\\\/\\\/buletin.de\\\/bucuresti\\\/#website\"},\"primaryImageOfPage\":{\"@id\":\"https:\\\/\\\/buletin.de\\\/bucuresti\\\/autobuzele-liniei-425-vor-circula-temporar-pe-un-traseu-modificat\\\/#primaryimage\"},\"image\":{\"@id\":\"https:\\\/\\\/buletin.de\\\/bucuresti\\\/autobuzele-liniei-425-vor-circula-temporar-pe-un-traseu-modificat\\\/#primaryimage\"},\"thumbnailUrl\":\"https:\\\/\\\/buletin.de\\\/bucuresti\\\/wp-content\\\/uploads\\\/332320712_1155893518452498_3765316966147691998_n.jpg\",\"datePublished\":\"2023-02-22T14:40:01+00:00\",\"dateModified\":\"2023-02-22T15:05:09+00:00\",\"breadcrumb\":{\"@id\":\"https:\\\/\\\/buletin.de\\\/bucuresti\\\/autobuzele-liniei-425-vor-circula-temporar-pe-un-traseu-modificat\\\/#breadcrumb\"},\"inLanguage\":\"en-GB\",\"potentialAction\":[{\"@type\":\"ReadAction\",\"target\":[\"https:\\\/\\\/buletin.de\\\/bucuresti\\\/autobuzele-liniei-425-vor-circula-temporar-pe-un-traseu-modificat\\\/\"]}]},{\"@type\":\"ImageObject\",\"inLanguage\":\"en-GB\",\"@id\":\"https:\\\/\\\/buletin.de\\\/bucuresti\\\/autobuzele-liniei-425-vor-circula-temporar-pe-un-traseu-modificat\\\/#primaryimage\",\"url\":\"https:\\\/\\\/buletin.de\\\/bucuresti\\\/wp-content\\\/uploads\\\/332320712_1155893518452498_3765316966147691998_n.jpg\",\"contentUrl\":\"https:\\\/\\\/buletin.de\\\/bucuresti\\\/wp-content\\\/uploads\\\/332320712_1155893518452498_3765316966147691998_n.jpg\",\"width\":2048,\"height\":1852},{\"@type\":\"BreadcrumbList\",\"@id\":\"https:\\\/\\\/buletin.de\\\/bucuresti\\\/autobuzele-liniei-425-vor-circula-temporar-pe-un-traseu-modificat\\\/#breadcrumb\",\"itemListElement\":[{\"@type\":\"ListItem\",\"position\":1,\"name\":\"Acas\u0103\",\"item\":\"https:\\\/\\\/buletin.de\\\/bucuresti\\\/\"},{\"@type\":\"ListItem\",\"position\":2,\"name\":\"Autobuzele liniei 425 vor circula temporar pe un traseu modificat\"}]},{\"@type\":\"WebSite\",\"@id\":\"https:\\\/\\\/buletin.de\\\/bucuresti\\\/#website\",\"url\":\"https:\\\/\\\/buletin.de\\\/bucuresti\\\/\",\"name\":\"Buletin de Bucure\u0219ti\",\"description\":\"\u0218tiri \u0219i investiga\u021bii esen\u021biale din capital\u0103\",\"publisher\":{\"@id\":\"https:\\\/\\\/buletin.de\\\/bucuresti\\\/#organization\"},\"potentialAction\":[{\"@type\":\"SearchAction\",\"target\":{\"@type\":\"EntryPoint\",\"urlTemplate\":\"https:\\\/\\\/buletin.de\\\/bucuresti\\\/?s={search_term_string}\"},\"query-input\":{\"@type\":\"PropertyValueSpecification\",\"valueRequired\":true,\"valueName\":\"search_term_string\"}}],\"inLanguage\":\"en-GB\"},{\"@type\":\"Organization\",\"@id\":\"https:\\\/\\\/buletin.de\\\/bucuresti\\\/#organization\",\"name\":\"Buletin de Bucure\u0219ti\",\"url\":\"https:\\\/\\\/buletin.de\\\/bucuresti\\\/\",\"logo\":{\"@type\":\"ImageObject\",\"inLanguage\":\"en-GB\",\"@id\":\"https:\\\/\\\/buletin.de\\\/bucuresti\\\/#\\\/schema\\\/logo\\\/image\\\/\",\"url\":\"https:\\\/\\\/buletin.de\\\/bucuresti\\\/wp-content\\\/uploads\\\/logo-bdb-full-wide-vernil-transparent.png\",\"contentUrl\":\"https:\\\/\\\/buletin.de\\\/bucuresti\\\/wp-content\\\/uploads\\\/logo-bdb-full-wide-vernil-transparent.png\",\"width\":1782,\"height\":626,\"caption\":\"Buletin de Bucure\u0219ti\"},\"image\":{\"@id\":\"https:\\\/\\\/buletin.de\\\/bucuresti\\\/#\\\/schema\\\/logo\\\/image\\\/\"},\"sameAs\":[\"https:\\\/\\\/www.facebook.com\\\/buletin.de.buc\",\"https:\\\/\\\/www.instagram.com\\\/buletinde.bucuresti\\\/\"]},{\"@type\":\"Person\",\"@id\":\"https:\\\/\\\/buletin.de\\\/bucuresti\\\/#\\\/schema\\\/person\\\/87734700b2c7f8608881f7e93b8834de\",\"name\":\"Andreea Gelatu\",\"image\":{\"@type\":\"ImageObject\",\"inLanguage\":\"en-GB\",\"@id\":\"https:\\\/\\\/secure.gravatar.com\\\/avatar\\\/b716eca2f984b9b65bdd87118b4b909d940b619cbe6e8cb725fe11c1b1f4194f?s=96&d=monsterid&r=g9b5eff4996c6b842a29b3057a7b4746f\",\"url\":\"https:\\\/\\\/secure.gravatar.com\\\/avatar\\\/b716eca2f984b9b65bdd87118b4b909d940b619cbe6e8cb725fe11c1b1f4194f?s=96&d=monsterid&r=g\",\"contentUrl\":\"https:\\\/\\\/secure.gravatar.com\\\/avatar\\\/b716eca2f984b9b65bdd87118b4b909d940b619cbe6e8cb725fe11c1b1f4194f?s=96&d=monsterid&r=g\",\"caption\":\"Andreea Gelatu\"},\"url\":\"https:\\\/\\\/buletin.de\\\/bucuresti\\\/author\\\/andreeagelatu\\\/\"}]}<\/script>\n<!-- \/ Yoast SEO Premium plugin. -->","yoast_head_json":{"title":"Autobuzele liniei 425 vor circula temporar pe un traseu modificat - Buletin de Bucure\u0219ti","robots":{"index":"index","follow":"follow","max-snippet":"max-snippet:-1","max-image-preview":"max-image-preview:large","max-video-preview":"max-video-preview:-1"},"canonical":"https:\/\/buletin.de\/bucuresti\/autobuzele-liniei-425-vor-circula-temporar-pe-un-traseu-modificat\/","og_locale":"en_GB","og_type":"article","og_title":"Autobuzele liniei 425 vor circula temporar pe un traseu modificat","og_description":"Autobuzele liniei 425 circul\u0103 temporar pe un traseu modificat \u00een localitatea Ordoreanu, anun\u021b\u0103 Asocia\u021bia de Dezvoltare Intercomunitar\u0103 pentru Transport Public Bucure\u0219ti &#8211; Ilfov (TPBI). M\u0103sura a fost luat\u0103 pentru c\u0103 se efectueaz\u0103 lucr\u0103ri la re\u021beaua public\u0103 de ap\u0103 potabil\u0103 \u0219i canalizare de pe str\u0103zile Unirii \u0219i Tudor Vladimirescu. Linia 425 func\u021bioneaz\u0103 pe traseul de baz\u0103 [&hellip;]","og_url":"https:\/\/buletin.de\/bucuresti\/autobuzele-liniei-425-vor-circula-temporar-pe-un-traseu-modificat\/","og_site_name":"Buletin de Bucure\u0219ti","article_publisher":"https:\/\/www.facebook.com\/buletin.de.buc","article_published_time":"2023-02-22T14:40:01+00:00","article_modified_time":"2023-02-22T15:05:09+00:00","og_image":[{"width":2048,"height":1852,"url":"https:\/\/buletin.de\/bucuresti\/wp-content\/uploads\/332320712_1155893518452498_3765316966147691998_n.jpg","type":"image\/jpeg"}],"author":"Andreea Gelatu","twitter_card":"summary_large_image","twitter_misc":{"Written by":"Andreea Gelatu","Estimated reading time":"1 minute"},"schema":{"@context":"https:\/\/schema.org","@graph":[{"@type":"Article","@id":"https:\/\/buletin.de\/bucuresti\/autobuzele-liniei-425-vor-circula-temporar-pe-un-traseu-modificat\/#article","isPartOf":{"@id":"https:\/\/buletin.de\/bucuresti\/autobuzele-liniei-425-vor-circula-temporar-pe-un-traseu-modificat\/"},"author":{"name":"Andreea Gelatu","@id":"https:\/\/buletin.de\/bucuresti\/#\/schema\/person\/87734700b2c7f8608881f7e93b8834de"},"headline":"Autobuzele liniei 425 vor circula temporar pe un traseu modificat","datePublished":"2023-02-22T14:40:01+00:00","dateModified":"2023-02-22T15:05:09+00:00","mainEntityOfPage":{"@id":"https:\/\/buletin.de\/bucuresti\/autobuzele-liniei-425-vor-circula-temporar-pe-un-traseu-modificat\/"},"wordCount":169,"publisher":{"@id":"https:\/\/buletin.de\/bucuresti\/#organization"},"image":{"@id":"https:\/\/buletin.de\/bucuresti\/autobuzele-liniei-425-vor-circula-temporar-pe-un-traseu-modificat\/#primaryimage"},"thumbnailUrl":"https:\/\/buletin.de\/bucuresti\/wp-content\/uploads\/332320712_1155893518452498_3765316966147691998_n.jpg","articleSection":["\u0218tiri","Transport"],"inLanguage":"en-GB","copyrightYear":"2023","copyrightHolder":{"@id":"https:\/\/buletin.de\/bucuresti\/#organization"}},{"@type":"WebPage","@id":"https:\/\/buletin.de\/bucuresti\/autobuzele-liniei-425-vor-circula-temporar-pe-un-traseu-modificat\/","url":"https:\/\/buletin.de\/bucuresti\/autobuzele-liniei-425-vor-circula-temporar-pe-un-traseu-modificat\/","name":"Autobuzele liniei 425 vor circula temporar pe un traseu modificat - Buletin de Bucure\u0219ti","isPartOf":{"@id":"https:\/\/buletin.de\/bucuresti\/#website"},"primaryImageOfPage":{"@id":"https:\/\/buletin.de\/bucuresti\/autobuzele-liniei-425-vor-circula-temporar-pe-un-traseu-modificat\/#primaryimage"},"image":{"@id":"https:\/\/buletin.de\/bucuresti\/autobuzele-liniei-425-vor-circula-temporar-pe-un-traseu-modificat\/#primaryimage"},"thumbnailUrl":"https:\/\/buletin.de\/bucuresti\/wp-content\/uploads\/332320712_1155893518452498_3765316966147691998_n.jpg","datePublished":"2023-02-22T14:40:01+00:00","dateModified":"2023-02-22T15:05:09+00:00","breadcrumb":{"@id":"https:\/\/buletin.de\/bucuresti\/autobuzele-liniei-425-vor-circula-temporar-pe-un-traseu-modificat\/#breadcrumb"},"inLanguage":"en-GB","potentialAction":[{"@type":"ReadAction","target":["https:\/\/buletin.de\/bucuresti\/autobuzele-liniei-425-vor-circula-temporar-pe-un-traseu-modificat\/"]}]},{"@type":"ImageObject","inLanguage":"en-GB","@id":"https:\/\/buletin.de\/bucuresti\/autobuzele-liniei-425-vor-circula-temporar-pe-un-traseu-modificat\/#primaryimage","url":"https:\/\/buletin.de\/bucuresti\/wp-content\/uploads\/332320712_1155893518452498_3765316966147691998_n.jpg","contentUrl":"https:\/\/buletin.de\/bucuresti\/wp-content\/uploads\/332320712_1155893518452498_3765316966147691998_n.jpg","width":2048,"height":1852},{"@type":"BreadcrumbList","@id":"https:\/\/buletin.de\/bucuresti\/autobuzele-liniei-425-vor-circula-temporar-pe-un-traseu-modificat\/#breadcrumb","itemListElement":[{"@type":"ListItem","position":1,"name":"Acas\u0103","item":"https:\/\/buletin.de\/bucuresti\/"},{"@type":"ListItem","position":2,"name":"Autobuzele liniei 425 vor circula temporar pe un traseu modificat"}]},{"@type":"WebSite","@id":"https:\/\/buletin.de\/bucuresti\/#website","url":"https:\/\/buletin.de\/bucuresti\/","name":"Buletin de Bucure\u0219ti","description":"\u0218tiri \u0219i investiga\u021bii esen\u021biale din capital\u0103","publisher":{"@id":"https:\/\/buletin.de\/bucuresti\/#organization"},"potentialAction":[{"@type":"SearchAction","target":{"@type":"EntryPoint","urlTemplate":"https:\/\/buletin.de\/bucuresti\/?s={search_term_string}"},"query-input":{"@type":"PropertyValueSpecification","valueRequired":true,"valueName":"search_term_string"}}],"inLanguage":"en-GB"},{"@type":"Organization","@id":"https:\/\/buletin.de\/bucuresti\/#organization","name":"Buletin de Bucure\u0219ti","url":"https:\/\/buletin.de\/bucuresti\/","logo":{"@type":"ImageObject","inLanguage":"en-GB","@id":"https:\/\/buletin.de\/bucuresti\/#\/schema\/logo\/image\/","url":"https:\/\/buletin.de\/bucuresti\/wp-content\/uploads\/logo-bdb-full-wide-vernil-transparent.png","contentUrl":"https:\/\/buletin.de\/bucuresti\/wp-content\/uploads\/logo-bdb-full-wide-vernil-transparent.png","width":1782,"height":626,"caption":"Buletin de Bucure\u0219ti"},"image":{"@id":"https:\/\/buletin.de\/bucuresti\/#\/schema\/logo\/image\/"},"sameAs":["https:\/\/www.facebook.com\/buletin.de.buc","https:\/\/www.instagram.com\/buletinde.bucuresti\/"]},{"@type":"Person","@id":"https:\/\/buletin.de\/bucuresti\/#\/schema\/person\/87734700b2c7f8608881f7e93b8834de","name":"Andreea Gelatu","image":{"@type":"ImageObject","inLanguage":"en-GB","@id":"https:\/\/secure.gravatar.com\/avatar\/b716eca2f984b9b65bdd87118b4b909d940b619cbe6e8cb725fe11c1b1f4194f?s=96&d=monsterid&r=g9b5eff4996c6b842a29b3057a7b4746f","url":"https:\/\/secure.gravatar.com\/avatar\/b716eca2f984b9b65bdd87118b4b909d940b619cbe6e8cb725fe11c1b1f4194f?s=96&d=monsterid&r=g","contentUrl":"https:\/\/secure.gravatar.com\/avatar\/b716eca2f984b9b65bdd87118b4b909d940b619cbe6e8cb725fe11c1b1f4194f?s=96&d=monsterid&r=g","caption":"Andreea Gelatu"},"url":"https:\/\/buletin.de\/bucuresti\/author\/andreeagelatu\/"}]}},"authors":[{"term_id":22605,"user_id":46,"is_guest":0,"slug":"andreeagelatu","display_name":"Andreea Gelatu","avatar_url":"https:\/\/secure.gravatar.com\/avatar\/b716eca2f984b9b65bdd87118b4b909d940b619cbe6e8cb725fe11c1b1f4194f?s=96&d=monsterid&r=g","0":null,"1":"","2":"","3":"","4":"","5":"","6":"","7":"","8":""}],"_links":{"self":[{"href":"https:\/\/buletin.de\/bucuresti\/wp-json\/wp\/v2\/posts\/54779","targetHints":{"allow":["GET"]}}],"collection":[{"href":"https:\/\/buletin.de\/bucuresti\/wp-json\/wp\/v2\/posts"}],"about":[{"href":"https:\/\/buletin.de\/bucuresti\/wp-json\/wp\/v2\/types\/post"}],"author":[{"embeddable":true,"href":"https:\/\/buletin.de\/bucuresti\/wp-json\/wp\/v2\/users\/46"}],"replies":[{"embeddable":true,"href":"https:\/\/buletin.de\/bucuresti\/wp-json\/wp\/v2\/comments?post=54779"}],"version-history":[{"count":2,"href":"https:\/\/buletin.de\/bucuresti\/wp-json\/wp\/v2\/posts\/54779\/revisions"}],"predecessor-version":[{"id":54782,"href":"https:\/\/buletin.de\/bucuresti\/wp-json\/wp\/v2\/posts\/54779\/revisions\/54782"}],"wp:featuredmedia":[{"embeddable":true,"href":"https:\/\/buletin.de\/bucuresti\/wp-json\/wp\/v2\/media\/54780"}],"wp:attachment":[{"href":"https:\/\/buletin.de\/bucuresti\/wp-json\/wp\/v2\/media?parent=54779"}],"wp:term":[{"taxonomy":"category","embeddable":true,"href":"https:\/\/buletin.de\/bucuresti\/wp-json\/wp\/v2\/categories?post=54779"},{"taxonomy":"post_tag","embeddable":true,"href":"https:\/\/buletin.de\/bucuresti\/wp-json\/wp\/v2\/tags?post=54779"},{"taxonomy":"author","embeddable":true,"href":"https:\/\/buletin.de\/bucuresti\/wp-json\/wp\/v2\/ppma_author?post=54779"}],"curies":[{"name":"wp","href":"https:\/\/api.w.org\/{rel}","templated":true}]}}