{"id":54756,"date":"2023-02-22T14:05:03","date_gmt":"2023-02-22T12:05:03","guid":{"rendered":"https:\/\/buletin.de\/bucuresti\/?p=54756"},"modified":"2023-02-22T14:05:03","modified_gmt":"2023-02-22T12:05:03","slug":"video-perchezitii-in-bucuresti-si-ilfov-mai-multe-persoane-au-fost-retinute-intr-un-dosar-de-trafic-de-minori-trafic-de-persoane-si-proxenetism","status":"publish","type":"post","link":"https:\/\/buletin.de\/bucuresti\/video-perchezitii-in-bucuresti-si-ilfov-mai-multe-persoane-au-fost-retinute-intr-un-dosar-de-trafic-de-minori-trafic-de-persoane-si-proxenetism\/","title":{"rendered":"Video | Perchezi\u021bii \u00een Bucure\u0219ti \u0219i Ilfov. Mai multe persoane au fost re\u021binute \u00eentr-un dosar de trafic de minori, trafic de persoane \u0219i proxenetism"},"content":{"rendered":"\n<p><strong>Poli\u021bi\u0219tii Capitalei &#8211; Serviciul Investiga\u021bii Criminale Sector 5, \u00eempreun\u0103 cu procurorii DIICOT, au descins ieri, 21 februarie, \u00een mai multe loca\u021bii din Bucure\u0219ti \u0219i din Ilfov \u0219i au dispus 13 mandate de aducere \u00eentr-un dosar de constituire a unui grup infrac\u021bional organizat, trafic de minori, trafic de persoane \u0219i proxenetism \u00een form\u0103 continuat\u0103.<\/strong> <\/p>\n\n\n\n<p>\u00cen baza mandatelor de aducere, mai multe persoane au fost duse la audieri la sediul DIICOT. \u0218apte persoane, o femeie \u0219i \u0219ase b\u0103rba\u021bi, au fost re\u021binute pentru 24 de ore \u0219i urmeaz\u0103 s\u0103 fie prezentate magistra\u021bilor cu propunere de arestare preventiv\u0103. S-a dispus arestarea \u00een lips\u0103 a trei b\u0103nui\u021bi care se sustrag urm\u0103ririi penale.<\/p>\n\n\n\n<figure class=\"wp-block-video\"><video height=\"640\" style=\"aspect-ratio: 352 \/ 640;\" width=\"352\" controls src=\"https:\/\/buletin.de\/bucuresti\/wp-content\/uploads\/WhatsApp-Video-2023-02-22-at-13.16.53.mp4\"><\/video><\/figure>\n\n\n\n<p>\u00cen perioada 2020 &#8211; februarie 2023, se pare c\u0103 ar fi fost constituit \u0219i ar fi activat un grup infrac\u021bional organizat. Membrii grupului ar fi recrutat \u0219i ar fi obligat peste zece persoane s\u0103 practice prostitu\u021bia pe teritoriul Rom\u00e2niei, dar \u0219i \u00een str\u0103in\u0103tate (Belgia, Suedia, Cipru, Austria, Olanda), asigur\u00e2ndu-le transportul, cazarea \u0219i protec\u021bia. \u00cen acest mod, ar fi ob\u021binut peste 250.000 de euro.<\/p>\n\n\n\n<p>Din cercet\u0103ri, s-a stabilit c\u0103, \u00een anul 2020, una dintre persoanele b\u0103nuite, o femeie de 36 de ani, ar fi recrutat doi minori \u00een vederea exploat\u0103rii sexuale a acestora.<\/p>\n\n\n\n<p>\u00cen urma perchezi\u021biilor, au fost ridicate mai multe bunuri \u0219i \u00eenscrisuri de interes \u00een cauz\u0103. 7 persoane, o femeie \u0219i \u0219ase b\u0103rba\u021bi, au fost re\u021binute pentru 24 de ore \u0219i urmeaz\u0103 s\u0103 fie prezentate magistra\u021bilor cu propunere de arestare preventiv\u0103. S-a dispus arestarea \u00een lips\u0103 a trei b\u0103nui\u021bi care se sustrag urm\u0103ririi penale. Fa\u021b\u0103 de o alt\u0103 persoan\u0103 s-a luat m\u0103sura preventiv\u0103 a controlului judiciar.<\/p>\n\n\n\n<p>Cercet\u0103rile sunt continuate, \u00een acest caz, de Serviciul Investiga\u021bii Criminale Sector 5, sub supravegherea procurorului din cadrul Direc\u021biei de Investigare a Infrac\u021biunilor de Criminalitate Organizat\u0103 \u0219i Terorism \u00een vederea administr\u0103rii \u00eentregului material probator.<\/p>\n","protected":false},"excerpt":{"rendered":"<p>Poli\u021bi\u0219tii Capitalei &#8211; Serviciul Investiga\u021bii Criminale Sector 5, \u00eempreun\u0103 cu procurorii DIICOT, au descins ieri, 21 februarie, \u00een mai multe loca\u021bii din Bucure\u0219ti \u0219i din Ilfov \u0219i au dispus 13 mandate de aducere \u00eentr-un dosar de constituire a unui grup infrac\u021bional organizat, trafic de minori, trafic de persoane \u0219i proxenetism \u00een form\u0103 continuat\u0103. \u00cen baza [&hellip;]<\/p>\n","protected":false},"author":46,"featured_media":54757,"comment_status":"closed","ping_status":"open","sticky":false,"template":"","format":"standard","meta":{"_acf_changed":false,"inline_featured_image":false,"ngg_post_thumbnail":0,"footnotes":""},"categories":[62],"tags":[],"ppma_author":[22605],"class_list":["post-54756","post","type-post","status-publish","format-standard","has-post-thumbnail","hentry","category-stiri"],"acf":[],"yoast_head":"<!-- This site is optimized with the Yoast SEO Premium plugin v25.3 (Yoast SEO v27.4) - https:\/\/yoast.com\/product\/yoast-seo-premium-wordpress\/ -->\n<title>Video | Perchezi\u021bii \u00een Bucure\u0219ti \u0219i Ilfov. Mai multe persoane au fost re\u021binute \u00eentr-un dosar de trafic de minori, trafic de persoane \u0219i proxenetism - Buletin de Bucure\u0219ti<\/title>\n<meta name=\"robots\" content=\"index, follow, max-snippet:-1, max-image-preview:large, max-video-preview:-1\" \/>\n<link rel=\"canonical\" href=\"https:\/\/buletin.de\/bucuresti\/video-perchezitii-in-bucuresti-si-ilfov-mai-multe-persoane-au-fost-retinute-intr-un-dosar-de-trafic-de-minori-trafic-de-persoane-si-proxenetism\/\" \/>\n<meta property=\"og:locale\" content=\"en_GB\" \/>\n<meta property=\"og:type\" content=\"article\" \/>\n<meta property=\"og:title\" content=\"Video | Perchezi\u021bii \u00een Bucure\u0219ti \u0219i Ilfov. Mai multe persoane au fost re\u021binute \u00eentr-un dosar de trafic de minori, trafic de persoane \u0219i proxenetism\" \/>\n<meta property=\"og:description\" content=\"Poli\u021bi\u0219tii Capitalei &#8211; Serviciul Investiga\u021bii Criminale Sector 5, \u00eempreun\u0103 cu procurorii DIICOT, au descins ieri, 21 februarie, \u00een mai multe loca\u021bii din Bucure\u0219ti \u0219i din Ilfov \u0219i au dispus 13 mandate de aducere \u00eentr-un dosar de constituire a unui grup infrac\u021bional organizat, trafic de minori, trafic de persoane \u0219i proxenetism \u00een form\u0103 continuat\u0103. \u00cen baza [&hellip;]\" \/>\n<meta property=\"og:url\" content=\"https:\/\/buletin.de\/bucuresti\/video-perchezitii-in-bucuresti-si-ilfov-mai-multe-persoane-au-fost-retinute-intr-un-dosar-de-trafic-de-minori-trafic-de-persoane-si-proxenetism\/\" \/>\n<meta property=\"og:site_name\" content=\"Buletin de Bucure\u0219ti\" \/>\n<meta property=\"article:publisher\" content=\"https:\/\/www.facebook.com\/buletin.de.buc\" \/>\n<meta property=\"article:published_time\" content=\"2023-02-22T12:05:03+00:00\" \/>\n<meta property=\"og:image\" content=\"https:\/\/buletin.de\/bucuresti\/wp-content\/uploads\/WhatsApp-Image-2023-02-22-at-13.21.55.jpeg\" \/>\n\t<meta property=\"og:image:width\" content=\"1080\" \/>\n\t<meta property=\"og:image:height\" content=\"615\" \/>\n\t<meta property=\"og:image:type\" content=\"image\/jpeg\" \/>\n<meta name=\"author\" content=\"Andreea Gelatu\" \/>\n<meta name=\"twitter:card\" content=\"summary_large_image\" \/>\n<meta name=\"twitter:label1\" content=\"Written by\" \/>\n\t<meta name=\"twitter:data1\" content=\"Andreea Gelatu\" \/>\n\t<meta name=\"twitter:label2\" content=\"Estimated reading time\" \/>\n\t<meta name=\"twitter:data2\" content=\"2 minutes\" \/>\n<script type=\"application\/ld+json\" class=\"yoast-schema-graph\">{\"@context\":\"https:\\\/\\\/schema.org\",\"@graph\":[{\"@type\":\"Article\",\"@id\":\"https:\\\/\\\/buletin.de\\\/bucuresti\\\/video-perchezitii-in-bucuresti-si-ilfov-mai-multe-persoane-au-fost-retinute-intr-un-dosar-de-trafic-de-minori-trafic-de-persoane-si-proxenetism\\\/#article\",\"isPartOf\":{\"@id\":\"https:\\\/\\\/buletin.de\\\/bucuresti\\\/video-perchezitii-in-bucuresti-si-ilfov-mai-multe-persoane-au-fost-retinute-intr-un-dosar-de-trafic-de-minori-trafic-de-persoane-si-proxenetism\\\/\"},\"author\":{\"name\":\"Andreea Gelatu\",\"@id\":\"https:\\\/\\\/buletin.de\\\/bucuresti\\\/#\\\/schema\\\/person\\\/87734700b2c7f8608881f7e93b8834de\"},\"headline\":\"Video | Perchezi\u021bii \u00een Bucure\u0219ti \u0219i Ilfov. Mai multe persoane au fost re\u021binute \u00eentr-un dosar de trafic de minori, trafic de persoane \u0219i proxenetism\",\"datePublished\":\"2023-02-22T12:05:03+00:00\",\"mainEntityOfPage\":{\"@id\":\"https:\\\/\\\/buletin.de\\\/bucuresti\\\/video-perchezitii-in-bucuresti-si-ilfov-mai-multe-persoane-au-fost-retinute-intr-un-dosar-de-trafic-de-minori-trafic-de-persoane-si-proxenetism\\\/\"},\"wordCount\":349,\"publisher\":{\"@id\":\"https:\\\/\\\/buletin.de\\\/bucuresti\\\/#organization\"},\"image\":{\"@id\":\"https:\\\/\\\/buletin.de\\\/bucuresti\\\/video-perchezitii-in-bucuresti-si-ilfov-mai-multe-persoane-au-fost-retinute-intr-un-dosar-de-trafic-de-minori-trafic-de-persoane-si-proxenetism\\\/#primaryimage\"},\"thumbnailUrl\":\"https:\\\/\\\/buletin.de\\\/bucuresti\\\/wp-content\\\/uploads\\\/WhatsApp-Image-2023-02-22-at-13.21.55.jpeg\",\"articleSection\":[\"\u0218tiri\"],\"inLanguage\":\"en-GB\",\"copyrightYear\":\"2023\",\"copyrightHolder\":{\"@id\":\"https:\\\/\\\/buletin.de\\\/bucuresti\\\/#organization\"}},{\"@type\":\"WebPage\",\"@id\":\"https:\\\/\\\/buletin.de\\\/bucuresti\\\/video-perchezitii-in-bucuresti-si-ilfov-mai-multe-persoane-au-fost-retinute-intr-un-dosar-de-trafic-de-minori-trafic-de-persoane-si-proxenetism\\\/\",\"url\":\"https:\\\/\\\/buletin.de\\\/bucuresti\\\/video-perchezitii-in-bucuresti-si-ilfov-mai-multe-persoane-au-fost-retinute-intr-un-dosar-de-trafic-de-minori-trafic-de-persoane-si-proxenetism\\\/\",\"name\":\"Video | Perchezi\u021bii \u00een Bucure\u0219ti \u0219i Ilfov. Mai multe persoane au fost re\u021binute \u00eentr-un dosar de trafic de minori, trafic de persoane \u0219i proxenetism - Buletin de Bucure\u0219ti\",\"isPartOf\":{\"@id\":\"https:\\\/\\\/buletin.de\\\/bucuresti\\\/#website\"},\"primaryImageOfPage\":{\"@id\":\"https:\\\/\\\/buletin.de\\\/bucuresti\\\/video-perchezitii-in-bucuresti-si-ilfov-mai-multe-persoane-au-fost-retinute-intr-un-dosar-de-trafic-de-minori-trafic-de-persoane-si-proxenetism\\\/#primaryimage\"},\"image\":{\"@id\":\"https:\\\/\\\/buletin.de\\\/bucuresti\\\/video-perchezitii-in-bucuresti-si-ilfov-mai-multe-persoane-au-fost-retinute-intr-un-dosar-de-trafic-de-minori-trafic-de-persoane-si-proxenetism\\\/#primaryimage\"},\"thumbnailUrl\":\"https:\\\/\\\/buletin.de\\\/bucuresti\\\/wp-content\\\/uploads\\\/WhatsApp-Image-2023-02-22-at-13.21.55.jpeg\",\"datePublished\":\"2023-02-22T12:05:03+00:00\",\"breadcrumb\":{\"@id\":\"https:\\\/\\\/buletin.de\\\/bucuresti\\\/video-perchezitii-in-bucuresti-si-ilfov-mai-multe-persoane-au-fost-retinute-intr-un-dosar-de-trafic-de-minori-trafic-de-persoane-si-proxenetism\\\/#breadcrumb\"},\"inLanguage\":\"en-GB\",\"potentialAction\":[{\"@type\":\"ReadAction\",\"target\":[\"https:\\\/\\\/buletin.de\\\/bucuresti\\\/video-perchezitii-in-bucuresti-si-ilfov-mai-multe-persoane-au-fost-retinute-intr-un-dosar-de-trafic-de-minori-trafic-de-persoane-si-proxenetism\\\/\"]}]},{\"@type\":\"ImageObject\",\"inLanguage\":\"en-GB\",\"@id\":\"https:\\\/\\\/buletin.de\\\/bucuresti\\\/video-perchezitii-in-bucuresti-si-ilfov-mai-multe-persoane-au-fost-retinute-intr-un-dosar-de-trafic-de-minori-trafic-de-persoane-si-proxenetism\\\/#primaryimage\",\"url\":\"https:\\\/\\\/buletin.de\\\/bucuresti\\\/wp-content\\\/uploads\\\/WhatsApp-Image-2023-02-22-at-13.21.55.jpeg\",\"contentUrl\":\"https:\\\/\\\/buletin.de\\\/bucuresti\\\/wp-content\\\/uploads\\\/WhatsApp-Image-2023-02-22-at-13.21.55.jpeg\",\"width\":1080,\"height\":615},{\"@type\":\"BreadcrumbList\",\"@id\":\"https:\\\/\\\/buletin.de\\\/bucuresti\\\/video-perchezitii-in-bucuresti-si-ilfov-mai-multe-persoane-au-fost-retinute-intr-un-dosar-de-trafic-de-minori-trafic-de-persoane-si-proxenetism\\\/#breadcrumb\",\"itemListElement\":[{\"@type\":\"ListItem\",\"position\":1,\"name\":\"Acas\u0103\",\"item\":\"https:\\\/\\\/buletin.de\\\/bucuresti\\\/\"},{\"@type\":\"ListItem\",\"position\":2,\"name\":\"Video | Perchezi\u021bii \u00een Bucure\u0219ti \u0219i Ilfov. Mai multe persoane au fost re\u021binute \u00eentr-un dosar de trafic de minori, trafic de persoane \u0219i proxenetism\"}]},{\"@type\":\"WebSite\",\"@id\":\"https:\\\/\\\/buletin.de\\\/bucuresti\\\/#website\",\"url\":\"https:\\\/\\\/buletin.de\\\/bucuresti\\\/\",\"name\":\"Buletin de Bucure\u0219ti\",\"description\":\"\u0218tiri \u0219i investiga\u021bii esen\u021biale din capital\u0103\",\"publisher\":{\"@id\":\"https:\\\/\\\/buletin.de\\\/bucuresti\\\/#organization\"},\"potentialAction\":[{\"@type\":\"SearchAction\",\"target\":{\"@type\":\"EntryPoint\",\"urlTemplate\":\"https:\\\/\\\/buletin.de\\\/bucuresti\\\/?s={search_term_string}\"},\"query-input\":{\"@type\":\"PropertyValueSpecification\",\"valueRequired\":true,\"valueName\":\"search_term_string\"}}],\"inLanguage\":\"en-GB\"},{\"@type\":\"Organization\",\"@id\":\"https:\\\/\\\/buletin.de\\\/bucuresti\\\/#organization\",\"name\":\"Buletin de Bucure\u0219ti\",\"url\":\"https:\\\/\\\/buletin.de\\\/bucuresti\\\/\",\"logo\":{\"@type\":\"ImageObject\",\"inLanguage\":\"en-GB\",\"@id\":\"https:\\\/\\\/buletin.de\\\/bucuresti\\\/#\\\/schema\\\/logo\\\/image\\\/\",\"url\":\"https:\\\/\\\/buletin.de\\\/bucuresti\\\/wp-content\\\/uploads\\\/logo-bdb-full-wide-vernil-transparent.png\",\"contentUrl\":\"https:\\\/\\\/buletin.de\\\/bucuresti\\\/wp-content\\\/uploads\\\/logo-bdb-full-wide-vernil-transparent.png\",\"width\":1782,\"height\":626,\"caption\":\"Buletin de Bucure\u0219ti\"},\"image\":{\"@id\":\"https:\\\/\\\/buletin.de\\\/bucuresti\\\/#\\\/schema\\\/logo\\\/image\\\/\"},\"sameAs\":[\"https:\\\/\\\/www.facebook.com\\\/buletin.de.buc\",\"https:\\\/\\\/www.instagram.com\\\/buletinde.bucuresti\\\/\"]},{\"@type\":\"Person\",\"@id\":\"https:\\\/\\\/buletin.de\\\/bucuresti\\\/#\\\/schema\\\/person\\\/87734700b2c7f8608881f7e93b8834de\",\"name\":\"Andreea Gelatu\",\"image\":{\"@type\":\"ImageObject\",\"inLanguage\":\"en-GB\",\"@id\":\"https:\\\/\\\/secure.gravatar.com\\\/avatar\\\/b716eca2f984b9b65bdd87118b4b909d940b619cbe6e8cb725fe11c1b1f4194f?s=96&d=monsterid&r=g9b5eff4996c6b842a29b3057a7b4746f\",\"url\":\"https:\\\/\\\/secure.gravatar.com\\\/avatar\\\/b716eca2f984b9b65bdd87118b4b909d940b619cbe6e8cb725fe11c1b1f4194f?s=96&d=monsterid&r=g\",\"contentUrl\":\"https:\\\/\\\/secure.gravatar.com\\\/avatar\\\/b716eca2f984b9b65bdd87118b4b909d940b619cbe6e8cb725fe11c1b1f4194f?s=96&d=monsterid&r=g\",\"caption\":\"Andreea Gelatu\"},\"url\":\"https:\\\/\\\/buletin.de\\\/bucuresti\\\/author\\\/andreeagelatu\\\/\"}]}<\/script>\n<!-- \/ Yoast SEO Premium plugin. -->","yoast_head_json":{"title":"Video | Perchezi\u021bii \u00een Bucure\u0219ti \u0219i Ilfov. Mai multe persoane au fost re\u021binute \u00eentr-un dosar de trafic de minori, trafic de persoane \u0219i proxenetism - Buletin de Bucure\u0219ti","robots":{"index":"index","follow":"follow","max-snippet":"max-snippet:-1","max-image-preview":"max-image-preview:large","max-video-preview":"max-video-preview:-1"},"canonical":"https:\/\/buletin.de\/bucuresti\/video-perchezitii-in-bucuresti-si-ilfov-mai-multe-persoane-au-fost-retinute-intr-un-dosar-de-trafic-de-minori-trafic-de-persoane-si-proxenetism\/","og_locale":"en_GB","og_type":"article","og_title":"Video | Perchezi\u021bii \u00een Bucure\u0219ti \u0219i Ilfov. Mai multe persoane au fost re\u021binute \u00eentr-un dosar de trafic de minori, trafic de persoane \u0219i proxenetism","og_description":"Poli\u021bi\u0219tii Capitalei &#8211; Serviciul Investiga\u021bii Criminale Sector 5, \u00eempreun\u0103 cu procurorii DIICOT, au descins ieri, 21 februarie, \u00een mai multe loca\u021bii din Bucure\u0219ti \u0219i din Ilfov \u0219i au dispus 13 mandate de aducere \u00eentr-un dosar de constituire a unui grup infrac\u021bional organizat, trafic de minori, trafic de persoane \u0219i proxenetism \u00een form\u0103 continuat\u0103. \u00cen baza [&hellip;]","og_url":"https:\/\/buletin.de\/bucuresti\/video-perchezitii-in-bucuresti-si-ilfov-mai-multe-persoane-au-fost-retinute-intr-un-dosar-de-trafic-de-minori-trafic-de-persoane-si-proxenetism\/","og_site_name":"Buletin de Bucure\u0219ti","article_publisher":"https:\/\/www.facebook.com\/buletin.de.buc","article_published_time":"2023-02-22T12:05:03+00:00","og_image":[{"width":1080,"height":615,"url":"https:\/\/buletin.de\/bucuresti\/wp-content\/uploads\/WhatsApp-Image-2023-02-22-at-13.21.55.jpeg","type":"image\/jpeg"}],"author":"Andreea Gelatu","twitter_card":"summary_large_image","twitter_misc":{"Written by":"Andreea Gelatu","Estimated reading time":"2 minutes"},"schema":{"@context":"https:\/\/schema.org","@graph":[{"@type":"Article","@id":"https:\/\/buletin.de\/bucuresti\/video-perchezitii-in-bucuresti-si-ilfov-mai-multe-persoane-au-fost-retinute-intr-un-dosar-de-trafic-de-minori-trafic-de-persoane-si-proxenetism\/#article","isPartOf":{"@id":"https:\/\/buletin.de\/bucuresti\/video-perchezitii-in-bucuresti-si-ilfov-mai-multe-persoane-au-fost-retinute-intr-un-dosar-de-trafic-de-minori-trafic-de-persoane-si-proxenetism\/"},"author":{"name":"Andreea Gelatu","@id":"https:\/\/buletin.de\/bucuresti\/#\/schema\/person\/87734700b2c7f8608881f7e93b8834de"},"headline":"Video | Perchezi\u021bii \u00een Bucure\u0219ti \u0219i Ilfov. Mai multe persoane au fost re\u021binute \u00eentr-un dosar de trafic de minori, trafic de persoane \u0219i proxenetism","datePublished":"2023-02-22T12:05:03+00:00","mainEntityOfPage":{"@id":"https:\/\/buletin.de\/bucuresti\/video-perchezitii-in-bucuresti-si-ilfov-mai-multe-persoane-au-fost-retinute-intr-un-dosar-de-trafic-de-minori-trafic-de-persoane-si-proxenetism\/"},"wordCount":349,"publisher":{"@id":"https:\/\/buletin.de\/bucuresti\/#organization"},"image":{"@id":"https:\/\/buletin.de\/bucuresti\/video-perchezitii-in-bucuresti-si-ilfov-mai-multe-persoane-au-fost-retinute-intr-un-dosar-de-trafic-de-minori-trafic-de-persoane-si-proxenetism\/#primaryimage"},"thumbnailUrl":"https:\/\/buletin.de\/bucuresti\/wp-content\/uploads\/WhatsApp-Image-2023-02-22-at-13.21.55.jpeg","articleSection":["\u0218tiri"],"inLanguage":"en-GB","copyrightYear":"2023","copyrightHolder":{"@id":"https:\/\/buletin.de\/bucuresti\/#organization"}},{"@type":"WebPage","@id":"https:\/\/buletin.de\/bucuresti\/video-perchezitii-in-bucuresti-si-ilfov-mai-multe-persoane-au-fost-retinute-intr-un-dosar-de-trafic-de-minori-trafic-de-persoane-si-proxenetism\/","url":"https:\/\/buletin.de\/bucuresti\/video-perchezitii-in-bucuresti-si-ilfov-mai-multe-persoane-au-fost-retinute-intr-un-dosar-de-trafic-de-minori-trafic-de-persoane-si-proxenetism\/","name":"Video | Perchezi\u021bii \u00een Bucure\u0219ti \u0219i Ilfov. Mai multe persoane au fost re\u021binute \u00eentr-un dosar de trafic de minori, trafic de persoane \u0219i proxenetism - Buletin de Bucure\u0219ti","isPartOf":{"@id":"https:\/\/buletin.de\/bucuresti\/#website"},"primaryImageOfPage":{"@id":"https:\/\/buletin.de\/bucuresti\/video-perchezitii-in-bucuresti-si-ilfov-mai-multe-persoane-au-fost-retinute-intr-un-dosar-de-trafic-de-minori-trafic-de-persoane-si-proxenetism\/#primaryimage"},"image":{"@id":"https:\/\/buletin.de\/bucuresti\/video-perchezitii-in-bucuresti-si-ilfov-mai-multe-persoane-au-fost-retinute-intr-un-dosar-de-trafic-de-minori-trafic-de-persoane-si-proxenetism\/#primaryimage"},"thumbnailUrl":"https:\/\/buletin.de\/bucuresti\/wp-content\/uploads\/WhatsApp-Image-2023-02-22-at-13.21.55.jpeg","datePublished":"2023-02-22T12:05:03+00:00","breadcrumb":{"@id":"https:\/\/buletin.de\/bucuresti\/video-perchezitii-in-bucuresti-si-ilfov-mai-multe-persoane-au-fost-retinute-intr-un-dosar-de-trafic-de-minori-trafic-de-persoane-si-proxenetism\/#breadcrumb"},"inLanguage":"en-GB","potentialAction":[{"@type":"ReadAction","target":["https:\/\/buletin.de\/bucuresti\/video-perchezitii-in-bucuresti-si-ilfov-mai-multe-persoane-au-fost-retinute-intr-un-dosar-de-trafic-de-minori-trafic-de-persoane-si-proxenetism\/"]}]},{"@type":"ImageObject","inLanguage":"en-GB","@id":"https:\/\/buletin.de\/bucuresti\/video-perchezitii-in-bucuresti-si-ilfov-mai-multe-persoane-au-fost-retinute-intr-un-dosar-de-trafic-de-minori-trafic-de-persoane-si-proxenetism\/#primaryimage","url":"https:\/\/buletin.de\/bucuresti\/wp-content\/uploads\/WhatsApp-Image-2023-02-22-at-13.21.55.jpeg","contentUrl":"https:\/\/buletin.de\/bucuresti\/wp-content\/uploads\/WhatsApp-Image-2023-02-22-at-13.21.55.jpeg","width":1080,"height":615},{"@type":"BreadcrumbList","@id":"https:\/\/buletin.de\/bucuresti\/video-perchezitii-in-bucuresti-si-ilfov-mai-multe-persoane-au-fost-retinute-intr-un-dosar-de-trafic-de-minori-trafic-de-persoane-si-proxenetism\/#breadcrumb","itemListElement":[{"@type":"ListItem","position":1,"name":"Acas\u0103","item":"https:\/\/buletin.de\/bucuresti\/"},{"@type":"ListItem","position":2,"name":"Video | Perchezi\u021bii \u00een Bucure\u0219ti \u0219i Ilfov. Mai multe persoane au fost re\u021binute \u00eentr-un dosar de trafic de minori, trafic de persoane \u0219i proxenetism"}]},{"@type":"WebSite","@id":"https:\/\/buletin.de\/bucuresti\/#website","url":"https:\/\/buletin.de\/bucuresti\/","name":"Buletin de Bucure\u0219ti","description":"\u0218tiri \u0219i investiga\u021bii esen\u021biale din capital\u0103","publisher":{"@id":"https:\/\/buletin.de\/bucuresti\/#organization"},"potentialAction":[{"@type":"SearchAction","target":{"@type":"EntryPoint","urlTemplate":"https:\/\/buletin.de\/bucuresti\/?s={search_term_string}"},"query-input":{"@type":"PropertyValueSpecification","valueRequired":true,"valueName":"search_term_string"}}],"inLanguage":"en-GB"},{"@type":"Organization","@id":"https:\/\/buletin.de\/bucuresti\/#organization","name":"Buletin de Bucure\u0219ti","url":"https:\/\/buletin.de\/bucuresti\/","logo":{"@type":"ImageObject","inLanguage":"en-GB","@id":"https:\/\/buletin.de\/bucuresti\/#\/schema\/logo\/image\/","url":"https:\/\/buletin.de\/bucuresti\/wp-content\/uploads\/logo-bdb-full-wide-vernil-transparent.png","contentUrl":"https:\/\/buletin.de\/bucuresti\/wp-content\/uploads\/logo-bdb-full-wide-vernil-transparent.png","width":1782,"height":626,"caption":"Buletin de Bucure\u0219ti"},"image":{"@id":"https:\/\/buletin.de\/bucuresti\/#\/schema\/logo\/image\/"},"sameAs":["https:\/\/www.facebook.com\/buletin.de.buc","https:\/\/www.instagram.com\/buletinde.bucuresti\/"]},{"@type":"Person","@id":"https:\/\/buletin.de\/bucuresti\/#\/schema\/person\/87734700b2c7f8608881f7e93b8834de","name":"Andreea Gelatu","image":{"@type":"ImageObject","inLanguage":"en-GB","@id":"https:\/\/secure.gravatar.com\/avatar\/b716eca2f984b9b65bdd87118b4b909d940b619cbe6e8cb725fe11c1b1f4194f?s=96&d=monsterid&r=g9b5eff4996c6b842a29b3057a7b4746f","url":"https:\/\/secure.gravatar.com\/avatar\/b716eca2f984b9b65bdd87118b4b909d940b619cbe6e8cb725fe11c1b1f4194f?s=96&d=monsterid&r=g","contentUrl":"https:\/\/secure.gravatar.com\/avatar\/b716eca2f984b9b65bdd87118b4b909d940b619cbe6e8cb725fe11c1b1f4194f?s=96&d=monsterid&r=g","caption":"Andreea Gelatu"},"url":"https:\/\/buletin.de\/bucuresti\/author\/andreeagelatu\/"}]}},"authors":[{"term_id":22605,"user_id":46,"is_guest":0,"slug":"andreeagelatu","display_name":"Andreea Gelatu","avatar_url":"https:\/\/secure.gravatar.com\/avatar\/b716eca2f984b9b65bdd87118b4b909d940b619cbe6e8cb725fe11c1b1f4194f?s=96&d=monsterid&r=g","0":null,"1":"","2":"","3":"","4":"","5":"","6":"","7":"","8":""}],"_links":{"self":[{"href":"https:\/\/buletin.de\/bucuresti\/wp-json\/wp\/v2\/posts\/54756","targetHints":{"allow":["GET"]}}],"collection":[{"href":"https:\/\/buletin.de\/bucuresti\/wp-json\/wp\/v2\/posts"}],"about":[{"href":"https:\/\/buletin.de\/bucuresti\/wp-json\/wp\/v2\/types\/post"}],"author":[{"embeddable":true,"href":"https:\/\/buletin.de\/bucuresti\/wp-json\/wp\/v2\/users\/46"}],"replies":[{"embeddable":true,"href":"https:\/\/buletin.de\/bucuresti\/wp-json\/wp\/v2\/comments?post=54756"}],"version-history":[{"count":4,"href":"https:\/\/buletin.de\/bucuresti\/wp-json\/wp\/v2\/posts\/54756\/revisions"}],"predecessor-version":[{"id":54762,"href":"https:\/\/buletin.de\/bucuresti\/wp-json\/wp\/v2\/posts\/54756\/revisions\/54762"}],"wp:featuredmedia":[{"embeddable":true,"href":"https:\/\/buletin.de\/bucuresti\/wp-json\/wp\/v2\/media\/54757"}],"wp:attachment":[{"href":"https:\/\/buletin.de\/bucuresti\/wp-json\/wp\/v2\/media?parent=54756"}],"wp:term":[{"taxonomy":"category","embeddable":true,"href":"https:\/\/buletin.de\/bucuresti\/wp-json\/wp\/v2\/categories?post=54756"},{"taxonomy":"post_tag","embeddable":true,"href":"https:\/\/buletin.de\/bucuresti\/wp-json\/wp\/v2\/tags?post=54756"},{"taxonomy":"author","embeddable":true,"href":"https:\/\/buletin.de\/bucuresti\/wp-json\/wp\/v2\/ppma_author?post=54756"}],"curies":[{"name":"wp","href":"https:\/\/api.w.org\/{rel}","templated":true}]}}