{"id":54585,"date":"2023-02-20T20:50:49","date_gmt":"2023-02-20T18:50:49","guid":{"rendered":"https:\/\/buletin.de\/bucuresti\/?p=54585"},"modified":"2023-02-20T20:51:04","modified_gmt":"2023-02-20T18:51:04","slug":"sector-2-siria-cercetat-dupa-ce-a-folosit-bani-falsi","status":"publish","type":"post","link":"https:\/\/buletin.de\/bucuresti\/sector-2-siria-cercetat-dupa-ce-a-folosit-bani-falsi\/","title":{"rendered":"Sector 2 | Sirian cercetat dup\u0103 ce a folosit bani fal\u0219i"},"content":{"rendered":"\n<p><strong>Un b\u0103rbat de origine sirian\u0103 de 48 de ani este cercetat pentru c\u0103 a \u00eencercat s\u0103 cumpere cu bani fal\u0219i diferite produse la pre\u021b mic. B\u0103rbatul pl\u0103tea cu bancnote de 100 de lei, astfel \u00eenc\u00e2t s\u0103 primeasc\u0103 rest. Bancnotele de 100 de lei cu care achita erau, \u00eens\u0103, false.<\/strong><\/p>\n\n\n\n<figure class=\"wp-block-image size-large\"><img fetchpriority=\"high\" decoding=\"async\" width=\"675\" height=\"900\" src=\"data:image\/gif;base64,R0lGODlhAQABAAAAACH5BAEKAAEALAAAAAABAAEAAAICTAEAOw==\" data-src=\"https:\/\/buletin.de\/bucuresti\/wp-content\/uploads\/332098362_913079663074106_2689616738320320108_n-675x900.jpg\" alt=\"\" class=\"wp-image-54586 lazyload\" data-sizes=\"auto\" data-srcset=\"https:\/\/buletin.de\/bucuresti\/wp-content\/uploads\/332098362_913079663074106_2689616738320320108_n-675x900.jpg 675w, https:\/\/buletin.de\/bucuresti\/wp-content\/uploads\/332098362_913079663074106_2689616738320320108_n-225x300.jpg 225w, https:\/\/buletin.de\/bucuresti\/wp-content\/uploads\/332098362_913079663074106_2689616738320320108_n-768x1024.jpg 768w, https:\/\/buletin.de\/bucuresti\/wp-content\/uploads\/332098362_913079663074106_2689616738320320108_n-1152x1536.jpg 1152w, https:\/\/buletin.de\/bucuresti\/wp-content\/uploads\/332098362_913079663074106_2689616738320320108_n-1060x1413.jpg 1060w, https:\/\/buletin.de\/bucuresti\/wp-content\/uploads\/332098362_913079663074106_2689616738320320108_n-550x733.jpg 550w, https:\/\/buletin.de\/bucuresti\/wp-content\/uploads\/332098362_913079663074106_2689616738320320108_n-375x500.jpg 375w, https:\/\/buletin.de\/bucuresti\/wp-content\/uploads\/332098362_913079663074106_2689616738320320108_n-810x1080.jpg 810w, https:\/\/buletin.de\/bucuresti\/wp-content\/uploads\/332098362_913079663074106_2689616738320320108_n-600x800.jpg 600w, https:\/\/buletin.de\/bucuresti\/wp-content\/uploads\/332098362_913079663074106_2689616738320320108_n.jpg 1200w\" sizes=\"(max-width: 675px) 100vw, 675px\" \/><figcaption>Surs\u0103 foto: Facebook, Prim\u0103ria Sectorului 2 &#8211; Poli\u021bia Local\u0103<\/figcaption><\/figure>\n\n\n\n<p>Situa\u021bia a fost semnalat\u0103 de un comerciant de la magazinele din zona Andronache. Acesta le-a spus poli\u021bi\u0219tilor locali care patrulau c\u0103 o persoan\u0103 de sex masculin, de aproximativ 48 de ani, \u00eencearc\u0103 s\u0103 cumpere produse cu bani fal\u0219i. Pe baza semnalmentelor oferite, poli\u021bi\u0219tii locali au pornit \u00een c\u0103utarea b\u0103rbatului. A fost g\u0103sit la un alt magazin din apropiere.<\/p>\n\n\n\n<p>Persoana \u0219i-a recunoscut fapta. Avea la el opt bancnote de 100 lei, cu aceea\u0219i serie, iar culoarea era diferit\u0103 fa\u021b\u0103 de bancnotele originale. F\u0103pta\u0219ul a fost predat autorit\u0103\u021bilor pentru continuarea cercet\u0103rilor, sub aspectul s\u0103v\u00e2r\u0219irii infrac\u021biunii de falsificarea de moned\u0103, prev\u0103zut\u0103 de art. 310 Cod Penal.<\/p>\n\n\n\n<figure class=\"wp-block-image size-large\"><img decoding=\"async\" width=\"900\" height=\"675\" src=\"data:image\/gif;base64,R0lGODlhAQABAAAAACH5BAEKAAEALAAAAAABAAEAAAICTAEAOw==\" data-src=\"https:\/\/buletin.de\/bucuresti\/wp-content\/uploads\/332083393_700064118519385_8427704411510156200_n-900x675.jpg\" alt=\"\" class=\"wp-image-54587 lazyload\" data-sizes=\"auto\" data-srcset=\"https:\/\/buletin.de\/bucuresti\/wp-content\/uploads\/332083393_700064118519385_8427704411510156200_n-900x675.jpg 900w, https:\/\/buletin.de\/bucuresti\/wp-content\/uploads\/332083393_700064118519385_8427704411510156200_n-300x225.jpg 300w, https:\/\/buletin.de\/bucuresti\/wp-content\/uploads\/332083393_700064118519385_8427704411510156200_n-768x576.jpg 768w, https:\/\/buletin.de\/bucuresti\/wp-content\/uploads\/332083393_700064118519385_8427704411510156200_n-1536x1152.jpg 1536w, https:\/\/buletin.de\/bucuresti\/wp-content\/uploads\/332083393_700064118519385_8427704411510156200_n-1060x795.jpg 1060w, https:\/\/buletin.de\/bucuresti\/wp-content\/uploads\/332083393_700064118519385_8427704411510156200_n-550x413.jpg 550w, https:\/\/buletin.de\/bucuresti\/wp-content\/uploads\/332083393_700064118519385_8427704411510156200_n-667x500.jpg 667w, https:\/\/buletin.de\/bucuresti\/wp-content\/uploads\/332083393_700064118519385_8427704411510156200_n-1440x1080.jpg 1440w, https:\/\/buletin.de\/bucuresti\/wp-content\/uploads\/332083393_700064118519385_8427704411510156200_n-600x450.jpg 600w, https:\/\/buletin.de\/bucuresti\/wp-content\/uploads\/332083393_700064118519385_8427704411510156200_n.jpg 1600w\" sizes=\"(max-width: 900px) 100vw, 900px\" \/><figcaption>Surs\u0103 foto: Facebook, Prim\u0103ria Sectorului 2 &#8211; Poli\u021bia Local\u0103 <\/figcaption><\/figure>\n\n\n<p><iframe src=\"https:\/\/www.facebook.com\/plugins\/post.php?href=https%3A%2F%2Fwww.facebook.com%2Fpermalink.php%3Fstory_fbid%3Dpfbid0SMQ9YcoupdiJGF943PPyprnBgmPUH61GzVD2W6XqzygEqo2Eqzmx6on1CKCkSCWUl%26id%3D100065517968758&amp;show_text=true&amp;width=500\" width=\"500\" height=\"863\" style=\"border:none;overflow:hidden\" scrolling=\"no\" frameborder=\"0\" allowfullscreen=\"true\" allow=\"autoplay; clipboard-write; encrypted-media; picture-in-picture; web-share\"><\/iframe><\/p>\n","protected":false},"excerpt":{"rendered":"<p>Un b\u0103rbat de origine sirian\u0103 de 48 de ani este cercetat pentru c\u0103 a \u00eencercat s\u0103 cumpere cu bani fal\u0219i diferite produse la pre\u021b mic. B\u0103rbatul pl\u0103tea cu bancnote de 100 de lei, astfel \u00eenc\u00e2t s\u0103 primeasc\u0103 rest. Bancnotele de 100 de lei cu care achita erau, \u00eens\u0103, false. Situa\u021bia a fost semnalat\u0103 de un [&hellip;]<\/p>\n","protected":false},"author":46,"featured_media":54589,"comment_status":"closed","ping_status":"open","sticky":false,"template":"","format":"standard","meta":{"_acf_changed":false,"inline_featured_image":false,"ngg_post_thumbnail":0,"footnotes":""},"categories":[62],"tags":[],"ppma_author":[22605],"class_list":["post-54585","post","type-post","status-publish","format-standard","has-post-thumbnail","hentry","category-stiri"],"acf":[],"yoast_head":"<!-- This site is optimized with the Yoast SEO Premium plugin v25.3 (Yoast SEO v27.4) - https:\/\/yoast.com\/product\/yoast-seo-premium-wordpress\/ -->\n<title>Sector 2 | Sirian cercetat dup\u0103 ce a folosit bani fal\u0219i - Buletin de Bucure\u0219ti<\/title>\n<meta name=\"robots\" content=\"index, follow, max-snippet:-1, max-image-preview:large, max-video-preview:-1\" \/>\n<link rel=\"canonical\" href=\"https:\/\/buletin.de\/bucuresti\/sector-2-siria-cercetat-dupa-ce-a-folosit-bani-falsi\/\" \/>\n<meta property=\"og:locale\" content=\"en_GB\" \/>\n<meta property=\"og:type\" content=\"article\" \/>\n<meta property=\"og:title\" content=\"Sector 2 | Sirian cercetat dup\u0103 ce a folosit bani fal\u0219i\" \/>\n<meta property=\"og:description\" content=\"Un b\u0103rbat de origine sirian\u0103 de 48 de ani este cercetat pentru c\u0103 a \u00eencercat s\u0103 cumpere cu bani fal\u0219i diferite produse la pre\u021b mic. B\u0103rbatul pl\u0103tea cu bancnote de 100 de lei, astfel \u00eenc\u00e2t s\u0103 primeasc\u0103 rest. Bancnotele de 100 de lei cu care achita erau, \u00eens\u0103, false. Situa\u021bia a fost semnalat\u0103 de un [&hellip;]\" \/>\n<meta property=\"og:url\" content=\"https:\/\/buletin.de\/bucuresti\/sector-2-siria-cercetat-dupa-ce-a-folosit-bani-falsi\/\" \/>\n<meta property=\"og:site_name\" content=\"Buletin de Bucure\u0219ti\" \/>\n<meta property=\"article:publisher\" content=\"https:\/\/www.facebook.com\/buletin.de.buc\" \/>\n<meta property=\"article:published_time\" content=\"2023-02-20T18:50:49+00:00\" \/>\n<meta property=\"article:modified_time\" content=\"2023-02-20T18:51:04+00:00\" \/>\n<meta property=\"og:image\" content=\"https:\/\/buletin.de\/bucuresti\/wp-content\/uploads\/332083393_700064118519385_8427704411510156200_n-1.jpg\" \/>\n\t<meta property=\"og:image:width\" content=\"1600\" \/>\n\t<meta property=\"og:image:height\" content=\"731\" \/>\n\t<meta property=\"og:image:type\" content=\"image\/jpeg\" \/>\n<meta name=\"author\" content=\"Andreea Gelatu\" \/>\n<meta name=\"twitter:card\" content=\"summary_large_image\" \/>\n<meta name=\"twitter:label1\" content=\"Written by\" \/>\n\t<meta name=\"twitter:data1\" content=\"Andreea Gelatu\" \/>\n\t<meta name=\"twitter:label2\" content=\"Estimated reading time\" \/>\n\t<meta name=\"twitter:data2\" content=\"2 minutes\" \/>\n<script type=\"application\/ld+json\" class=\"yoast-schema-graph\">{\"@context\":\"https:\\\/\\\/schema.org\",\"@graph\":[{\"@type\":\"Article\",\"@id\":\"https:\\\/\\\/buletin.de\\\/bucuresti\\\/sector-2-siria-cercetat-dupa-ce-a-folosit-bani-falsi\\\/#article\",\"isPartOf\":{\"@id\":\"https:\\\/\\\/buletin.de\\\/bucuresti\\\/sector-2-siria-cercetat-dupa-ce-a-folosit-bani-falsi\\\/\"},\"author\":{\"name\":\"Andreea Gelatu\",\"@id\":\"https:\\\/\\\/buletin.de\\\/bucuresti\\\/#\\\/schema\\\/person\\\/87734700b2c7f8608881f7e93b8834de\"},\"headline\":\"Sector 2 | Sirian cercetat dup\u0103 ce a folosit bani fal\u0219i\",\"datePublished\":\"2023-02-20T18:50:49+00:00\",\"dateModified\":\"2023-02-20T18:51:04+00:00\",\"mainEntityOfPage\":{\"@id\":\"https:\\\/\\\/buletin.de\\\/bucuresti\\\/sector-2-siria-cercetat-dupa-ce-a-folosit-bani-falsi\\\/\"},\"wordCount\":200,\"publisher\":{\"@id\":\"https:\\\/\\\/buletin.de\\\/bucuresti\\\/#organization\"},\"image\":{\"@id\":\"https:\\\/\\\/buletin.de\\\/bucuresti\\\/sector-2-siria-cercetat-dupa-ce-a-folosit-bani-falsi\\\/#primaryimage\"},\"thumbnailUrl\":\"https:\\\/\\\/buletin.de\\\/bucuresti\\\/wp-content\\\/uploads\\\/332083393_700064118519385_8427704411510156200_n-1.jpg\",\"articleSection\":[\"\u0218tiri\"],\"inLanguage\":\"en-GB\",\"copyrightYear\":\"2023\",\"copyrightHolder\":{\"@id\":\"https:\\\/\\\/buletin.de\\\/bucuresti\\\/#organization\"}},{\"@type\":\"WebPage\",\"@id\":\"https:\\\/\\\/buletin.de\\\/bucuresti\\\/sector-2-siria-cercetat-dupa-ce-a-folosit-bani-falsi\\\/\",\"url\":\"https:\\\/\\\/buletin.de\\\/bucuresti\\\/sector-2-siria-cercetat-dupa-ce-a-folosit-bani-falsi\\\/\",\"name\":\"Sector 2 | Sirian cercetat dup\u0103 ce a folosit bani fal\u0219i - Buletin de Bucure\u0219ti\",\"isPartOf\":{\"@id\":\"https:\\\/\\\/buletin.de\\\/bucuresti\\\/#website\"},\"primaryImageOfPage\":{\"@id\":\"https:\\\/\\\/buletin.de\\\/bucuresti\\\/sector-2-siria-cercetat-dupa-ce-a-folosit-bani-falsi\\\/#primaryimage\"},\"image\":{\"@id\":\"https:\\\/\\\/buletin.de\\\/bucuresti\\\/sector-2-siria-cercetat-dupa-ce-a-folosit-bani-falsi\\\/#primaryimage\"},\"thumbnailUrl\":\"https:\\\/\\\/buletin.de\\\/bucuresti\\\/wp-content\\\/uploads\\\/332083393_700064118519385_8427704411510156200_n-1.jpg\",\"datePublished\":\"2023-02-20T18:50:49+00:00\",\"dateModified\":\"2023-02-20T18:51:04+00:00\",\"breadcrumb\":{\"@id\":\"https:\\\/\\\/buletin.de\\\/bucuresti\\\/sector-2-siria-cercetat-dupa-ce-a-folosit-bani-falsi\\\/#breadcrumb\"},\"inLanguage\":\"en-GB\",\"potentialAction\":[{\"@type\":\"ReadAction\",\"target\":[\"https:\\\/\\\/buletin.de\\\/bucuresti\\\/sector-2-siria-cercetat-dupa-ce-a-folosit-bani-falsi\\\/\"]}]},{\"@type\":\"ImageObject\",\"inLanguage\":\"en-GB\",\"@id\":\"https:\\\/\\\/buletin.de\\\/bucuresti\\\/sector-2-siria-cercetat-dupa-ce-a-folosit-bani-falsi\\\/#primaryimage\",\"url\":\"https:\\\/\\\/buletin.de\\\/bucuresti\\\/wp-content\\\/uploads\\\/332083393_700064118519385_8427704411510156200_n-1.jpg\",\"contentUrl\":\"https:\\\/\\\/buletin.de\\\/bucuresti\\\/wp-content\\\/uploads\\\/332083393_700064118519385_8427704411510156200_n-1.jpg\",\"width\":1600,\"height\":731},{\"@type\":\"BreadcrumbList\",\"@id\":\"https:\\\/\\\/buletin.de\\\/bucuresti\\\/sector-2-siria-cercetat-dupa-ce-a-folosit-bani-falsi\\\/#breadcrumb\",\"itemListElement\":[{\"@type\":\"ListItem\",\"position\":1,\"name\":\"Acas\u0103\",\"item\":\"https:\\\/\\\/buletin.de\\\/bucuresti\\\/\"},{\"@type\":\"ListItem\",\"position\":2,\"name\":\"Sector 2 | Sirian cercetat dup\u0103 ce a folosit bani fal\u0219i\"}]},{\"@type\":\"WebSite\",\"@id\":\"https:\\\/\\\/buletin.de\\\/bucuresti\\\/#website\",\"url\":\"https:\\\/\\\/buletin.de\\\/bucuresti\\\/\",\"name\":\"Buletin de Bucure\u0219ti\",\"description\":\"\u0218tiri \u0219i investiga\u021bii esen\u021biale din capital\u0103\",\"publisher\":{\"@id\":\"https:\\\/\\\/buletin.de\\\/bucuresti\\\/#organization\"},\"potentialAction\":[{\"@type\":\"SearchAction\",\"target\":{\"@type\":\"EntryPoint\",\"urlTemplate\":\"https:\\\/\\\/buletin.de\\\/bucuresti\\\/?s={search_term_string}\"},\"query-input\":{\"@type\":\"PropertyValueSpecification\",\"valueRequired\":true,\"valueName\":\"search_term_string\"}}],\"inLanguage\":\"en-GB\"},{\"@type\":\"Organization\",\"@id\":\"https:\\\/\\\/buletin.de\\\/bucuresti\\\/#organization\",\"name\":\"Buletin de Bucure\u0219ti\",\"url\":\"https:\\\/\\\/buletin.de\\\/bucuresti\\\/\",\"logo\":{\"@type\":\"ImageObject\",\"inLanguage\":\"en-GB\",\"@id\":\"https:\\\/\\\/buletin.de\\\/bucuresti\\\/#\\\/schema\\\/logo\\\/image\\\/\",\"url\":\"https:\\\/\\\/buletin.de\\\/bucuresti\\\/wp-content\\\/uploads\\\/logo-bdb-full-wide-vernil-transparent.png\",\"contentUrl\":\"https:\\\/\\\/buletin.de\\\/bucuresti\\\/wp-content\\\/uploads\\\/logo-bdb-full-wide-vernil-transparent.png\",\"width\":1782,\"height\":626,\"caption\":\"Buletin de Bucure\u0219ti\"},\"image\":{\"@id\":\"https:\\\/\\\/buletin.de\\\/bucuresti\\\/#\\\/schema\\\/logo\\\/image\\\/\"},\"sameAs\":[\"https:\\\/\\\/www.facebook.com\\\/buletin.de.buc\",\"https:\\\/\\\/www.instagram.com\\\/buletinde.bucuresti\\\/\"]},{\"@type\":\"Person\",\"@id\":\"https:\\\/\\\/buletin.de\\\/bucuresti\\\/#\\\/schema\\\/person\\\/87734700b2c7f8608881f7e93b8834de\",\"name\":\"Andreea Gelatu\",\"image\":{\"@type\":\"ImageObject\",\"inLanguage\":\"en-GB\",\"@id\":\"https:\\\/\\\/secure.gravatar.com\\\/avatar\\\/b716eca2f984b9b65bdd87118b4b909d940b619cbe6e8cb725fe11c1b1f4194f?s=96&d=monsterid&r=g9b5eff4996c6b842a29b3057a7b4746f\",\"url\":\"https:\\\/\\\/secure.gravatar.com\\\/avatar\\\/b716eca2f984b9b65bdd87118b4b909d940b619cbe6e8cb725fe11c1b1f4194f?s=96&d=monsterid&r=g\",\"contentUrl\":\"https:\\\/\\\/secure.gravatar.com\\\/avatar\\\/b716eca2f984b9b65bdd87118b4b909d940b619cbe6e8cb725fe11c1b1f4194f?s=96&d=monsterid&r=g\",\"caption\":\"Andreea Gelatu\"},\"url\":\"https:\\\/\\\/buletin.de\\\/bucuresti\\\/author\\\/andreeagelatu\\\/\"}]}<\/script>\n<!-- \/ Yoast SEO Premium plugin. -->","yoast_head_json":{"title":"Sector 2 | Sirian cercetat dup\u0103 ce a folosit bani fal\u0219i - Buletin de Bucure\u0219ti","robots":{"index":"index","follow":"follow","max-snippet":"max-snippet:-1","max-image-preview":"max-image-preview:large","max-video-preview":"max-video-preview:-1"},"canonical":"https:\/\/buletin.de\/bucuresti\/sector-2-siria-cercetat-dupa-ce-a-folosit-bani-falsi\/","og_locale":"en_GB","og_type":"article","og_title":"Sector 2 | Sirian cercetat dup\u0103 ce a folosit bani fal\u0219i","og_description":"Un b\u0103rbat de origine sirian\u0103 de 48 de ani este cercetat pentru c\u0103 a \u00eencercat s\u0103 cumpere cu bani fal\u0219i diferite produse la pre\u021b mic. B\u0103rbatul pl\u0103tea cu bancnote de 100 de lei, astfel \u00eenc\u00e2t s\u0103 primeasc\u0103 rest. Bancnotele de 100 de lei cu care achita erau, \u00eens\u0103, false. Situa\u021bia a fost semnalat\u0103 de un [&hellip;]","og_url":"https:\/\/buletin.de\/bucuresti\/sector-2-siria-cercetat-dupa-ce-a-folosit-bani-falsi\/","og_site_name":"Buletin de Bucure\u0219ti","article_publisher":"https:\/\/www.facebook.com\/buletin.de.buc","article_published_time":"2023-02-20T18:50:49+00:00","article_modified_time":"2023-02-20T18:51:04+00:00","og_image":[{"width":1600,"height":731,"url":"https:\/\/buletin.de\/bucuresti\/wp-content\/uploads\/332083393_700064118519385_8427704411510156200_n-1.jpg","type":"image\/jpeg"}],"author":"Andreea Gelatu","twitter_card":"summary_large_image","twitter_misc":{"Written by":"Andreea Gelatu","Estimated reading time":"2 minutes"},"schema":{"@context":"https:\/\/schema.org","@graph":[{"@type":"Article","@id":"https:\/\/buletin.de\/bucuresti\/sector-2-siria-cercetat-dupa-ce-a-folosit-bani-falsi\/#article","isPartOf":{"@id":"https:\/\/buletin.de\/bucuresti\/sector-2-siria-cercetat-dupa-ce-a-folosit-bani-falsi\/"},"author":{"name":"Andreea Gelatu","@id":"https:\/\/buletin.de\/bucuresti\/#\/schema\/person\/87734700b2c7f8608881f7e93b8834de"},"headline":"Sector 2 | Sirian cercetat dup\u0103 ce a folosit bani fal\u0219i","datePublished":"2023-02-20T18:50:49+00:00","dateModified":"2023-02-20T18:51:04+00:00","mainEntityOfPage":{"@id":"https:\/\/buletin.de\/bucuresti\/sector-2-siria-cercetat-dupa-ce-a-folosit-bani-falsi\/"},"wordCount":200,"publisher":{"@id":"https:\/\/buletin.de\/bucuresti\/#organization"},"image":{"@id":"https:\/\/buletin.de\/bucuresti\/sector-2-siria-cercetat-dupa-ce-a-folosit-bani-falsi\/#primaryimage"},"thumbnailUrl":"https:\/\/buletin.de\/bucuresti\/wp-content\/uploads\/332083393_700064118519385_8427704411510156200_n-1.jpg","articleSection":["\u0218tiri"],"inLanguage":"en-GB","copyrightYear":"2023","copyrightHolder":{"@id":"https:\/\/buletin.de\/bucuresti\/#organization"}},{"@type":"WebPage","@id":"https:\/\/buletin.de\/bucuresti\/sector-2-siria-cercetat-dupa-ce-a-folosit-bani-falsi\/","url":"https:\/\/buletin.de\/bucuresti\/sector-2-siria-cercetat-dupa-ce-a-folosit-bani-falsi\/","name":"Sector 2 | Sirian cercetat dup\u0103 ce a folosit bani fal\u0219i - Buletin de Bucure\u0219ti","isPartOf":{"@id":"https:\/\/buletin.de\/bucuresti\/#website"},"primaryImageOfPage":{"@id":"https:\/\/buletin.de\/bucuresti\/sector-2-siria-cercetat-dupa-ce-a-folosit-bani-falsi\/#primaryimage"},"image":{"@id":"https:\/\/buletin.de\/bucuresti\/sector-2-siria-cercetat-dupa-ce-a-folosit-bani-falsi\/#primaryimage"},"thumbnailUrl":"https:\/\/buletin.de\/bucuresti\/wp-content\/uploads\/332083393_700064118519385_8427704411510156200_n-1.jpg","datePublished":"2023-02-20T18:50:49+00:00","dateModified":"2023-02-20T18:51:04+00:00","breadcrumb":{"@id":"https:\/\/buletin.de\/bucuresti\/sector-2-siria-cercetat-dupa-ce-a-folosit-bani-falsi\/#breadcrumb"},"inLanguage":"en-GB","potentialAction":[{"@type":"ReadAction","target":["https:\/\/buletin.de\/bucuresti\/sector-2-siria-cercetat-dupa-ce-a-folosit-bani-falsi\/"]}]},{"@type":"ImageObject","inLanguage":"en-GB","@id":"https:\/\/buletin.de\/bucuresti\/sector-2-siria-cercetat-dupa-ce-a-folosit-bani-falsi\/#primaryimage","url":"https:\/\/buletin.de\/bucuresti\/wp-content\/uploads\/332083393_700064118519385_8427704411510156200_n-1.jpg","contentUrl":"https:\/\/buletin.de\/bucuresti\/wp-content\/uploads\/332083393_700064118519385_8427704411510156200_n-1.jpg","width":1600,"height":731},{"@type":"BreadcrumbList","@id":"https:\/\/buletin.de\/bucuresti\/sector-2-siria-cercetat-dupa-ce-a-folosit-bani-falsi\/#breadcrumb","itemListElement":[{"@type":"ListItem","position":1,"name":"Acas\u0103","item":"https:\/\/buletin.de\/bucuresti\/"},{"@type":"ListItem","position":2,"name":"Sector 2 | Sirian cercetat dup\u0103 ce a folosit bani fal\u0219i"}]},{"@type":"WebSite","@id":"https:\/\/buletin.de\/bucuresti\/#website","url":"https:\/\/buletin.de\/bucuresti\/","name":"Buletin de Bucure\u0219ti","description":"\u0218tiri \u0219i investiga\u021bii esen\u021biale din capital\u0103","publisher":{"@id":"https:\/\/buletin.de\/bucuresti\/#organization"},"potentialAction":[{"@type":"SearchAction","target":{"@type":"EntryPoint","urlTemplate":"https:\/\/buletin.de\/bucuresti\/?s={search_term_string}"},"query-input":{"@type":"PropertyValueSpecification","valueRequired":true,"valueName":"search_term_string"}}],"inLanguage":"en-GB"},{"@type":"Organization","@id":"https:\/\/buletin.de\/bucuresti\/#organization","name":"Buletin de Bucure\u0219ti","url":"https:\/\/buletin.de\/bucuresti\/","logo":{"@type":"ImageObject","inLanguage":"en-GB","@id":"https:\/\/buletin.de\/bucuresti\/#\/schema\/logo\/image\/","url":"https:\/\/buletin.de\/bucuresti\/wp-content\/uploads\/logo-bdb-full-wide-vernil-transparent.png","contentUrl":"https:\/\/buletin.de\/bucuresti\/wp-content\/uploads\/logo-bdb-full-wide-vernil-transparent.png","width":1782,"height":626,"caption":"Buletin de Bucure\u0219ti"},"image":{"@id":"https:\/\/buletin.de\/bucuresti\/#\/schema\/logo\/image\/"},"sameAs":["https:\/\/www.facebook.com\/buletin.de.buc","https:\/\/www.instagram.com\/buletinde.bucuresti\/"]},{"@type":"Person","@id":"https:\/\/buletin.de\/bucuresti\/#\/schema\/person\/87734700b2c7f8608881f7e93b8834de","name":"Andreea Gelatu","image":{"@type":"ImageObject","inLanguage":"en-GB","@id":"https:\/\/secure.gravatar.com\/avatar\/b716eca2f984b9b65bdd87118b4b909d940b619cbe6e8cb725fe11c1b1f4194f?s=96&d=monsterid&r=g9b5eff4996c6b842a29b3057a7b4746f","url":"https:\/\/secure.gravatar.com\/avatar\/b716eca2f984b9b65bdd87118b4b909d940b619cbe6e8cb725fe11c1b1f4194f?s=96&d=monsterid&r=g","contentUrl":"https:\/\/secure.gravatar.com\/avatar\/b716eca2f984b9b65bdd87118b4b909d940b619cbe6e8cb725fe11c1b1f4194f?s=96&d=monsterid&r=g","caption":"Andreea Gelatu"},"url":"https:\/\/buletin.de\/bucuresti\/author\/andreeagelatu\/"}]}},"authors":[{"term_id":22605,"user_id":46,"is_guest":0,"slug":"andreeagelatu","display_name":"Andreea Gelatu","avatar_url":"https:\/\/secure.gravatar.com\/avatar\/b716eca2f984b9b65bdd87118b4b909d940b619cbe6e8cb725fe11c1b1f4194f?s=96&d=monsterid&r=g","0":null,"1":"","2":"","3":"","4":"","5":"","6":"","7":"","8":""}],"_links":{"self":[{"href":"https:\/\/buletin.de\/bucuresti\/wp-json\/wp\/v2\/posts\/54585","targetHints":{"allow":["GET"]}}],"collection":[{"href":"https:\/\/buletin.de\/bucuresti\/wp-json\/wp\/v2\/posts"}],"about":[{"href":"https:\/\/buletin.de\/bucuresti\/wp-json\/wp\/v2\/types\/post"}],"author":[{"embeddable":true,"href":"https:\/\/buletin.de\/bucuresti\/wp-json\/wp\/v2\/users\/46"}],"replies":[{"embeddable":true,"href":"https:\/\/buletin.de\/bucuresti\/wp-json\/wp\/v2\/comments?post=54585"}],"version-history":[{"count":6,"href":"https:\/\/buletin.de\/bucuresti\/wp-json\/wp\/v2\/posts\/54585\/revisions"}],"predecessor-version":[{"id":54595,"href":"https:\/\/buletin.de\/bucuresti\/wp-json\/wp\/v2\/posts\/54585\/revisions\/54595"}],"wp:featuredmedia":[{"embeddable":true,"href":"https:\/\/buletin.de\/bucuresti\/wp-json\/wp\/v2\/media\/54589"}],"wp:attachment":[{"href":"https:\/\/buletin.de\/bucuresti\/wp-json\/wp\/v2\/media?parent=54585"}],"wp:term":[{"taxonomy":"category","embeddable":true,"href":"https:\/\/buletin.de\/bucuresti\/wp-json\/wp\/v2\/categories?post=54585"},{"taxonomy":"post_tag","embeddable":true,"href":"https:\/\/buletin.de\/bucuresti\/wp-json\/wp\/v2\/tags?post=54585"},{"taxonomy":"author","embeddable":true,"href":"https:\/\/buletin.de\/bucuresti\/wp-json\/wp\/v2\/ppma_author?post=54585"}],"curies":[{"name":"wp","href":"https:\/\/api.w.org\/{rel}","templated":true}]}}