{"id":54572,"date":"2023-02-21T10:34:17","date_gmt":"2023-02-21T08:34:17","guid":{"rendered":"https:\/\/buletin.de\/bucuresti\/?p=54572"},"modified":"2023-02-21T12:54:27","modified_gmt":"2023-02-21T10:54:27","slug":"daniel-fenechiu-vrea-sa-treaca-la-secret-declaratiile-de-avere-si-interese-pentru-anumiti-angajati-din-aparare-ordine-publica-si-siguranta-nationala","status":"publish","type":"post","link":"https:\/\/buletin.de\/bucuresti\/daniel-fenechiu-vrea-sa-treaca-la-secret-declaratiile-de-avere-si-interese-pentru-anumiti-angajati-din-aparare-ordine-publica-si-siguranta-nationala\/","title":{"rendered":"Daniel Fenechiu vrea s\u0103 treac\u0103 la secret declara\u021biile de avere \u0219i interese pentru anumi\u021bi angaja\u021bi din ap\u0103rare, ordine public\u0103 \u0219i siguran\u021b\u0103 na\u021bional\u0103"},"content":{"rendered":"\n<p>Update: Amendamentele depuse de senatorul Daniel Fenechiu au fost retrase \u00een \u0219edin\u021ba Comisiei Juridice de la Senat.<\/p>\n\n\n\n<p><strong>Senatorul Daniel Fenechiu vrea s\u0103 modifice legea care oblig\u0103 angaja\u021bii statului s\u0103 fac\u0103 publice declara\u021biile de avere \u0219i de interese. A depus amendamente la o ini\u021biativ\u0103 legislativ\u0103 a Guvernului prin care se proroga termenul de aplicare a semn\u0103turii digitale pe declara\u021bii. Dac\u0103 amendamentele depuse pentru modificarea legii vor fi aprobare, anumite categorii de bugetari vor avea declara\u021biile la secret &#8211; personalul din ap\u0103rare, ordine public\u0103 \u0219i siguran\u021b\u0103 na\u021bional\u0103. Agen\u021bia Na\u021bional\u0103 de Integritate se opune acestor modific\u0103ri \u0219i sus\u021bine c\u0103, pentru aceste categorii de bugetari, a identificat p\u00e2n\u0103 \u00een prezent peste 800 de incidente de integritate const\u00e2nd \u00een incompatibilit\u0103\u021bi, conflicte de interese \u00een materie administrativ\u0103, averi nejustificate cu o valoare total\u0103 de aprox. 20,2 milioane Lei<\/strong>.<\/p>\n\n\n\n<p>Pe <a href=\"https:\/\/senat.ro\/Legis\/PDF\/2022\/22L835OG.pdf\">28 decembrie 2022<\/a>, la Comisia Juridic\u0103 a Senatului a ajuns un proiect de Ordonan\u021b\u0103 prin care Guvernul proroga termenul de aplicare a deciziei de publicare a declara\u021biilor de avere \u0219i interese cu semn\u0103tur\u0103 electronic\u0103 p\u00e2n\u0103 la sf\u00e2r\u0219itul anului. Pe 14 februarie, senatorul Daniel Fenechiu a adus mai multe amendamente la acest proiect de act legislativ care modific\u0103 fundamental Legea nr. 176\/2010, cea prin care s-a stipulat obligativitatea depunerii celor dou\u0103 declara\u021bii de angaja\u021bii statului. <\/p>\n\n\n\n<p>Mai exact, anumi\u021bi angaja\u021bi din armat\u0103, ordine public\u0103 \u0219i siguran\u021ba na\u021bional\u0103 nu vor mai depune public declara\u021biile de avere \u0219i interese ci la sediul institu\u021biei unde lucreaz\u0103. ANI le poate consulta, dar doar dup\u0103 ce solicit\u0103 acest lucru, \u0219i la sediul angajatorului. \u00cen motivarea propunerii, se explic\u0103 c\u0103, \u00een acest mod, anumi\u021bi angaja\u021bi ai structurilor respective ar fi proteja\u021bi. <\/p>\n\n\n\n<p class=\"has-small-font-size\">&#8220;<em>Aceste modific\u0103ri sunt necesare av\u00e2nd \u00een vedere atribu\u021biile specifice ce revin structurilor specializate ale MAI \u00een domeniul ordinii publice \u0219i securit\u0103\u021bii na\u021bionale, respectiv desf\u0103\u0219urarea activit\u0103\u021bilor de informa\u021bii \u0219i contrainforma\u021bii \u00een domeniile de competen\u021b\u0103 de c\u0103tre personalul conspirat \u0219i acoperit a c\u0103rui&nbsp;apartenen\u021ba la aceste institu\u021bii, potrivit statutului sau atribu\u021biilor de serviciu, reprezint\u0103 informa\u021bii clasificate ori  confiden\u021biale\/nedestinate publicit\u0103\u021bii, apreciem c\u0103, prin diseminarea datelor referitoare la aceast\u0103 categorie de personal se poate pune \u00een pericol via\u021ba integritatea corporal\u0103 sau s\u0103n\u0103tatea acestora precum \u0219i buna desf\u0103\u0219urare a misiunilor MAI. Astfel pentru asigurarea protec\u021biei acestei categorii de personal \u0219i a misiunilor desf\u0103\u0219urate, se impun acest modific\u0103ri<\/em>&#8221; &#8211; a scris senatorul Fenechiu ca motivare a propunerilor.<\/p>\n\n\n\n<p>Amendamentele propuse<\/p>\n\n\n\n<p class=\"has-cyan-bluish-gray-background-color has-background has-small-font-size\">Art. 2<sup>2<\/sup>(1) Prin excep\u021bie de la prevederile art. 2 \u0219i art. 2<sup>1<\/sup>&nbsp;alin. (1) \u0219i (3), <strong>declara\u021biile de avere \u0219i de interese ale personalului din institu\u021biile publice de ap\u0103rare, ordine public\u0103 \u0219i securitate na\u021bional\u0103 pentru care, potrivit statutului ori prin natura atribu\u021biilor de serviciu, apartenen\u021ba la aceste institu\u021bii reprezint\u0103 informa\u021bii clasificate ori&nbsp;confiden\u021biale\/nedestinate publicit\u0103\u021bii,&nbsp;ori prin a c\u0103ror diseminare neautorizat\u0103 se pot prejudicia ordinea public\u0103, securitatea na\u021bional\u0103, ap\u0103rarea \u021b\u0103rii, interesele persoanelor de drept public de\u021bin\u0103toare, rezultatul misiunilor&nbsp;specifice, ori se pot dezv\u0103lui surse confiden\u021biale, se pot pune \u00een pericol via\u021ba, integritatea corporal\u0103, s\u0103n\u0103tatea unei persoane \u00een urma misiunilor specifice, se completeaz\u0103 \u0219i se depun \u00een format h\u00e2rtie sau electronic la persoana responsabil\u0103 care asigur\u0103&nbsp;implementarea prevederilor legale&nbsp;privind declara\u021biile de avere \u0219i declara\u021biile de interese, prin anonimizarea datelor cu caracter&nbsp;personal.<\/strong><br>(2) Personalul care face parte din categoriile prev\u0103zute la alin. (1) \u0219i modul de anonimizare a datelor cu caracter personal se stabilesc prin norme interne ale institu\u021biilor respective.<br>***<br>Art. 5. (&#8230;)<br>(2) Declara\u0163iile de avere \u015fi declara\u0163iile de interese se depun exclusiv prin intermediul e-DAI,&nbsp;cu excep\u021bia celor prev\u0103zute la art. 2<sup>2<\/sup>, dup\u0103 cum urmeaz\u0103:<br>\u00ad\u00ad\u00ad\u00ad\u00ad\u00ad\u00ad\u00ad\u00ad\u00ad\u00ad\u00ad\u00ad***<br>Art. 7.&nbsp;(1)&nbsp;Dac\u0103, \u00een termen de 10 zile de la primirea declara\u0163iei de avere \u015fi a declara\u0163iei de interese, persoanele responsabile potrivit prevederilor art. 5&nbsp;<a href=\"https:\/\/lege5.ro\/App\/Document\/geztombtha\/legea-nr-176-2010-privind-integritatea-in-exercitarea-functiilor-si-demnitatilor-publice-pentru-modificarea-si-completarea-legii-nr-144-2007-privind-infiintarea-organizarea-si-functionarea-agentiei-na?pid=43905217&amp;d=2023-02-16#p-43905217\" target=\"_blank\" rel=\"noreferrer noopener\">alin. (2)<\/a>&nbsp;sesizeaz\u0103 deficien\u0163e \u00een completarea acestora, vor recomanda, \u00een scris, pe baz\u0103 de semn\u0103tur\u0103 sau scrisoare recomandat\u0103, persoanei \u00een cauz\u0103 rectificarea declara\u0163iei de avere \u015fi\/sau a declara\u0163iei de interese, \u00een termen de cel mult 30 de zile de la transmiterea recomand\u0103rii. Rectificarea declara\u0163iei poate fi ini\u0163iat\u0103 \u015fi de c\u0103tre persoanele prev\u0103zute la&nbsp;<a href=\"https:\/\/lege5.ro\/App\/Document\/geztombtha\/legea-nr-176-2010-privind-integritatea-in-exercitarea-functiilor-si-demnitatilor-publice-pentru-modificarea-si-completarea-legii-nr-144-2007-privind-infiintarea-organizarea-si-functionarea-agentiei-na?pid=43905154&amp;d=2023-02-16#p-43905154\" target=\"_blank\" rel=\"noreferrer noopener\">art. 1<\/a>, \u00een termen de 40 de zile de la depunerea ini\u0163ial\u0103. Declara\u0163ia de avere \u015fi\/sau declara\u0163ia de interese rectificat\u0103 pot\/poate fi \u00eenso\u0163ite\/\u00eenso\u0163it\u0103 de documente justificative.<br>(2)&nbsp;Declara\u0163ia de avere \u015fi\/sau declara\u0163ia de interese depuse\/depus\u0103, \u00eempreun\u0103 cu documentele justificative, se trimit\/se trimite de \u00eendat\u0103 Agen\u0163iei prin intermediul e-DAI.<br>(3)&nbsp;P\u00e2n\u0103 la expirarea termenului de depunere a declara\u0163iei de avere \u015fi\/sau a declara\u0163iei de interese rectificate, Agen\u0163ia nu poate declan\u015fa procedurile prev\u0103zute de prezenta lege, \u00een condi\u0163iile \u00een care sunt depuse \u00een termenul legal.<br>Art. 7<sup>1<\/sup>&nbsp;&#8211; (1) Prin excep\u021bie de la&nbsp;prevederile art. 6 \u0219i art. 7, alin. (2), pentru declara\u021biile de avere \u0219i de interese depuse \u00een condi\u021biile art. 2<sup>2<\/sup>, persoanele responsabile cu implementarea&nbsp;prevederilor referitoare la declara\u021biile de avere \u0219i declara\u021biile de interese au urm\u0103toarele atribu\u021bii:<br>a) acord\u0103 consultan\u021b\u0103 referitor la con\u021binutul \u0219i aplicarea prevederilor legale privind completarea \u0219i depunerea declara\u021biilor de avere \u0219i a declara\u021biilor de interese persoanelor care au obliga\u021bia depunerii acestora;<br>b) primesc, \u00eenregistreaz\u0103 \u00een registrul special constituit \u00een acest sens \u0219i p\u0103streaz\u0103 \u00een locuri special amenajate, \u00een condi\u021bii care s\u0103 asigure&nbsp;confiden\u021bialitatea, declara\u021biile de avere \u0219i declara\u021biile de interese ini\u021biale \u0219i rectificate, cu respectarea legisla\u021biei privind protec\u021bia persoanelor fizice \u00een ceea ce prive\u0219te prelucrarea datelor cu caracter personal, protec\u021bia&nbsp;informa\u021biilor clasificate \u0219i&nbsp;confiden\u021biale\/nedestinate publicit\u0103\u021bii, \u0219i elibereaz\u0103 la depunere o dovad\u0103 de primire;<br>c) \u00een vederea \u00eendeplinirii atribu\u021biilor de evaluare, pun la dispozi\u021bia personalului anume desemnat din cadrul Agen\u021biei, la solicitarea acestuia, la sediul institu\u021biei din care face parte personalul,&nbsp;declara\u021biile de avere \u0219i declara\u021biile de interese ini\u021biale \u0219i rectificate, \u00een termen de cel mult 10 zile de la primirea solicit\u0103rii;<br>d) \u021bin eviden\u021ba persoanelor care nu au depus declara\u021biile de avere \u0219i declara\u021biile de interese \u00een termenul de depunere \u0219i informeaz\u0103 de \u00eendat\u0103 aceste persoane, solicit\u00e2ndu-le un punct de vedere \u00een termen de 10 zile lucr\u0103toare;<br>e) pun la dispozi\u021bia personalului anume desemnat din cadrul Agen\u021biei, la sediul institu\u021biei din care face parte personalul, lista definitiv\u0103 cu persoanele care nu au depus \u00een termen sau au depus cu \u00eent\u00e2rziere declara\u021biile de avere \u0219i declara\u021biile de interese, \u00eenso\u021bit\u0103 de punctele de vedere primite, p\u00e2n\u0103 la data de 1 august a aceluia\u0219i an.<br>***<br>Art. 28.Fapta persoanelor care, cu inten\u0163ie, depun declara\u0163ii de avere sau declara\u0163ii de interese care nu corespund adev\u0103rului constituie infrac\u0163iunea de fals \u00een declara\u0163ii \u015fi se pedepse\u015fte potrivit Codului penal.<br><strong>Art. 28<sup>1<\/sup><br>(1) Pentru personalul prev\u0103zut la art. 2<sup>2<\/sup>, activitatea de evaluare a averii \u0219i a conflictelor de interese \u0219i a incompatibilit\u0103\u021bilor se realizeaz\u0103 de personal anume desemnat din cadrul Agen\u021biei, cu respectarea legisla\u021biei privind protec\u021bia persoanelor fizice \u00een ceea ce prive\u0219te prelucrarea datelor cu caracter personal, protec\u021bia informa\u021biilor clasificate \u0219i confiden\u021biale\/nedestinate publicit\u0103\u021bii.<\/strong><br>(2) Activit\u0103\u021bile care presupun&nbsp;interac\u021biunea cu persoana care face obiectul evalu\u0103rii se desf\u0103\u0219oar\u0103 prin intermediul personalului anume&nbsp;desemnat de conducerea institu\u021biei din care face parte persoana evaluat\u0103.<br>(3) \u00cen&nbsp;vederea comunic\u0103rii c\u0103tre&nbsp;organele fiscale, cele de urm\u0103rire penal\u0103 \u0219i cele disciplinare, precum \u0219i c\u0103tre comisia de cercetare a&nbsp;averilor&nbsp;prev\u0103zut\u0103 de Legea nr. 115\/1996, rapoartele de evaluare prin care se constat\u0103 existen\u021ba unui conflict de interese sau a unei incompatibilit\u0103\u021bi, inclusiv \u00een condi\u021biile art. 17 alin. (6) se transmit conduc\u0103torilor institu\u021biilor din care fac parte persoanele evaluate, care sunt obliga\u021bi s\u0103 dispun\u0103 m\u0103surile corespunz\u0103toare pentru&nbsp;deanonimizarea declara\u021biilor de avere \u0219i declara\u021biilor de interese (sau&nbsp;personalizarea declara\u021biilor&nbsp;anonimizate);<br><strong>(4) Deanonimizarea se realizeaz\u0103 \u00een termen de cel mult 3 luni de la data solicit\u0103rii Agen\u021biei, cu asigurarea&nbsp;protec\u021biei siguran\u021bei na\u021bionale, ap\u0103r\u0103rii \u021b\u0103rii, intereselor persoanelor de drept public, rezultatului misiunilor specifice, identit\u0103\u021bii surselor confiden\u021biale sau vie\u021bii, integrit\u0103\u021bii corporale, s\u0103n\u0103t\u0103\u021bii unei persoane \u00een urma misiunilor specifice, dup\u0103 caz.<\/strong><\/p>\n\n\n\n<p><\/p>\n\n\n\n<h2 class=\"wp-block-heading\">Agen\u021bia Na\u021bional\u0103 de Integritate se opune<\/h2>\n\n\n\n<p>ANI sus\u021bine c\u0103 amendamentele propuse de Fenechiu, nu sunt explicite \u00een privin\u021ba c\u0103ror categorii de personal din cadrul institu\u021biilor publice de ap\u0103rare, ordine public\u0103 \u0219i securitate na\u021bional\u0103 se aplic\u0103 aceast\u0103 excep\u021bie. Potrivit modific\u0103rilor propuse, persoanele care ar urma s\u0103 fac\u0103 parte din aceste categorii vor fi stabilite prin norme interne ale institu\u021biei,&nbsp;aspect ce contravine \u00een mod grav normelor constitu\u021bionale \u0219i de tehnic\u0103 legislativ\u0103, sus\u021bine ANI.&nbsp;Pe de alt\u0103 parte, \u00een sec\u021biunea aferent\u0103 motiv\u0103rii amendamentelor, autorul acestora face referire la o anumit\u0103 categorie de personal c\u0103rora li s-ar aplica aceast\u0103 excep\u021bie, \u0219i anume la \u201e<em>structurile specializate ale MAI \u00een domeniul ordinii publice \u0219i securit\u0103\u021bii na\u021bionale<\/em>\u201d.<\/p>\n\n\n\n<p>Agen\u021bia Na\u021bional\u0103 de Integritate avertizeaz\u0103 \u0219i care vor fi, concret, efectele produse de aceste amendamente. <\/p>\n\n\n\n<ol type=\"1\" class=\"has-small-font-size wp-block-list\"><li><strong>\u00cenc\u0103lcarea principiului transparen\u021bei \u00een exercitarea func\u021biilor publice:<\/strong><br>&#8211;&nbsp;&nbsp;&nbsp;&nbsp;&nbsp;&nbsp;&nbsp;&nbsp;&nbsp;&nbsp;Declara\u021biile de avere \u0219i de interese depuse de c\u0103tre aceste persoane&nbsp;<strong>nu vor mai fi publice<\/strong>, ci vor trebui p\u0103strate&nbsp;<em>\u201e\u00een locuri special amenajate, \u00een condi\u021bii \u00een care s\u0103 asigure confiden\u021bialitatea\u201d.<\/em><br>&#8211;&nbsp;&nbsp;&nbsp;&nbsp;&nbsp;&nbsp;&nbsp;&nbsp;&nbsp;&nbsp;Persoanele men\u021bionate anterior ar urma s\u0103 depun\u0103 declara\u021bii de avere \u0219i de interese strict \u00een cadrul institu\u021biei unde \u00ee\u0219i desf\u0103\u0219oar\u0103 activitatea, elimin\u00e2nd atribu\u021bia persoanei responsabile de a le transmite Agen\u021biei, cum de altfel este cazul \u00eencep\u00e2nd cu anul 2007, astfel c\u0103 ANI nu va mai putea primi \u0219i gestiona declara\u021bii pentru aceste categorii de persoane. Mai mult, preciz\u0103m faptul c\u0103 \u00eencep\u00e2nd cu anul 2022 declara\u021biile de avere \u0219i de interese se depun exclusiv&nbsp;<strong>prin intermediul platformei e-DAI<\/strong>.<\/li><\/ol>\n\n\n\n<ol type=\"1\" start=\"2\" class=\"has-small-font-size wp-block-list\"><li><strong>Ingerin\u021be \u00een activitatea de evaluare \u0219i \u00eenc\u0103lcarea independen\u021bei opera\u021bionale:<\/strong><br>&#8211;&nbsp;&nbsp;&nbsp;&nbsp;&nbsp;&nbsp;&nbsp;&nbsp;&nbsp;&nbsp;Declara\u021biile de avere \u0219i de interese ale persoanelor vizate de amendamente vor putea fi accesate de inspectori de integritate&nbsp;<strong>special desemna\u021bi<\/strong>&nbsp;\u0219i doar la sediul institu\u021biei din care face parte persoana evaluat\u0103;<br>&#8211;&nbsp;&nbsp;&nbsp;&nbsp;&nbsp;&nbsp;&nbsp;&nbsp;&nbsp;&nbsp;Pentru a desf\u0103\u0219ura activit\u0103\u021bi de evaluare specifice privind incompatibilit\u0103\u021bi, conflicte de interese sau averi nejustificate,&nbsp;<strong>inspectorul ANI trebuie s\u0103 solicite unei alte entit\u0103\u021bi aprob\u0103ri suplimentare<\/strong>&nbsp;pentru a accesa aceste declara\u021bii \u0219i s\u0103 se deplaseze la sediul acesteia pentru a le putea vizualiza;<br>&#8211;&nbsp;&nbsp;&nbsp;&nbsp;&nbsp;&nbsp;&nbsp;&nbsp;&nbsp;&nbsp;<strong>Interac\u021biunea inspectorilor ANI cu persoana evaluat\u0103 se va realiza prin intermediul unor persoane anume desemnate&nbsp;<\/strong>de c\u0103tre institu\u021bia \u00een care \u00ee\u0219i desf\u0103\u0219oar\u0103 activitatea persoana evaluat\u0103;<br>&#8211;&nbsp;&nbsp;&nbsp;&nbsp;&nbsp;&nbsp;&nbsp;&nbsp;&nbsp;&nbsp;\u00cen cazul \u00een care Agen\u021bia constat\u0103 un incident de integritate, \u00een vederea comunic\u0103rii rapoartelor de evaluare, inspectorul de integritate trebuie s\u0103 solicite institu\u021biei din care face parte persoana evaluat\u0103 \u201e<strong><em>deanonimizarea<\/em><\/strong>\u201d declara\u021biilor de avere \u0219i de interese. Aceast\u0103 \u201e<strong><em>deanonimizare\u201d<\/em><\/strong>&nbsp;se realizeaz\u0103, potrivit amendamentelor, \u00een termen de cel mult 3 luni de la data solicit\u0103rii ANI. Astfel, noile amendamente creeaz\u0103 obliga\u021bia ANI de a transmite rapoartele de evaluare \u00een prim\u0103 faz\u0103 c\u0103tre conduc\u0103torul institu\u021biei din care face parte persoana evaluat\u0103, urm\u00e2nd ca ulterior s\u0103 trimit\u0103 raportul de evaluare \u0219i institu\u021biilor cu competen\u021be \u00een controlul respect\u0103rii legisla\u021biei, fiscale, penale, disciplinare etc.<br>&#8211;&nbsp;&nbsp;&nbsp;&nbsp;&nbsp;&nbsp;&nbsp;&nbsp;&nbsp;&nbsp;Adoptarea acestor amendamente ar duce la afectarea \u0219i \u00eent\u00e2rzierea activit\u0103\u021bii de evaluare \u00een cele peste 380 de dosare aflate \u00een prezent pe rolul Agen\u021biei, \u0219i a altor c\u00e2teva zeci aflate pe rolul instan\u021belor de judecat\u0103, dosare care vizeaz\u0103 persoane care ar putea face parte din categoriile invocate \u00een amendamentele Comisiei juridice, de numiri, disciplin\u0103, imunit\u0103\u021bi \u0219i valid\u0103ri.<\/li><\/ol>\n\n\n\n<ol type=\"1\" start=\"3\" class=\"has-small-font-size wp-block-list\"><li><strong>\u00cenc\u0103lcarea principiului repartiz\u0103rii aleatorii a dosarelor:<\/strong>&nbsp;<br>&#8211;&nbsp;&nbsp;&nbsp;&nbsp;&nbsp;&nbsp;&nbsp;&nbsp;&nbsp;&nbsp;Activitatea de evaluare a averii, a conflictelor de interese \u0219i a incompatibilit\u0103\u021bilor se va realiza de c\u0103tre inspectori de integritate anume desemna\u021bi, aspect ce va crea un profund caracter de subiectivitate \u0219i o lips\u0103 de impar\u021bialitate \u00een ceea ce prive\u0219te repartizarea sesiz\u0103rilor.<\/li><\/ol>\n\n\n\n<p>Pentru persoanele vizate de aceste modific\u0103ri legislative, Agen\u021bia a identificat p\u00e2n\u0103 \u00een prezent peste 800 de incidente de integritate const\u00e2nd \u00een incompatibilit\u0103\u021bi, conflicte de interese \u00een materie administrativ\u0103, averi nejustificate cu o valoare total\u0103 de aprox. 20,2 milioane Lei, sesizarea organelor de urm\u0103rire penal\u0103 pentru nedeclarare venituri din jocuri de noroc \u00een valoare de peste 900.000 Lei, precum \u0219i cazuri de nedepunere a declara\u021biilor de avere \u0219i de interese.<br><br>&nbsp;ANI a transmis vineri, 17 februarie, c\u0103tre Comisia juridic\u0103, de numiri, disciplin\u0103, imunit\u0103\u021bi \u0219i valid\u0103ri un <a href=\"https:\/\/bit.ly\/41mkY07\">punct de vedere<\/a>  prin care arat\u0103 c\u0103 nu sus\u021bine modific\u0103rile propuse, \u00eentruc\u00e2t actuala reglementare instituie suficiente garan\u021bii privind confiden\u021bialitatea informa\u021biilor \u00een cadrul ac\u021biunilor specifice de depunere a declara\u021biilor de avere \u0219i de interese, precum \u0219i a celor desf\u0103\u0219urate de inspectorii de integritate.<\/p>\n\n\n\n<p class=\"has-small-font-size\">&#8220;Consider\u0103m c\u0103 aceste amendamente au rolul de \u00eenl\u0103tura unele categorii de deponen\u021bi de la publicarea declara\u021biilor de avere \u0219i de interese, de a implementa proceduri distincte \u00een ceea ce prive\u0219te at\u00e2t depunerea declara\u021biilor c\u00e2t \u0219i modalitatea de evaluare pentru categorii de func\u021bii care au obliga\u021bia respect\u0103rii Legii nr. 176\/2010,&nbsp;<em>cu modific\u0103rile \u0219i complet\u0103rile ulterioare<\/em>.<\/p>\n\n\n\n<p class=\"has-small-font-size\">Facem precizarea c\u0103 \u00een prezent, Rom\u00e2nia este evaluat\u0103 de Grupul de State \u00eempotriva Corup\u021biei (GRECO) \u00een cadrul Rundei a cincea de evaluare, printre temele examinate fiind&nbsp;<em>Prevenirea corup\u021biei \u0219i promovarea integrit\u0103\u021bii (&#8230;) la nivelul institu\u021biilor de punere \u00een aplicare a legii.<\/em> Astfel, evaluarea vizeaz\u0103 func\u021bionarii organismelor care \u00eendeplinesc func\u021bii esen\u021biale de aplicare a legii \u0219i care fac obiectul reglement\u0103rilor na\u021bionale, respectiv func\u021bionarii din cadrul institu\u021biilor din domeniul ordinii, siguran\u021bei publice \u0219i siguran\u021bei na\u021bionale&#8221;, se men\u021bioneaz\u0103 \u00een comunicatul ANI. <\/p>\n\n\n\n<p>Propunerea legislativ\u0103 a Guvernului, inclusiv amendamentele depuse de Daniel Fenechiu vor intra ast\u0103zi, 21 martie, \u00een discu\u021bia Comisiei Juridice a Senatului.<\/p>\n\n\n\n<p>Surs\u0103 foto cover Facebook Daniel Fenechiu<\/p>\n\n\n\n<p><\/p>\n","protected":false},"excerpt":{"rendered":"<p>Update: Amendamentele depuse de senatorul Daniel Fenechiu au fost retrase \u00een \u0219edin\u021ba Comisiei Juridice de la Senat. Senatorul Daniel Fenechiu vrea s\u0103 modifice legea care oblig\u0103 angaja\u021bii statului s\u0103 fac\u0103 publice declara\u021biile de avere \u0219i de interese. A depus amendamente la o ini\u021biativ\u0103 legislativ\u0103 a Guvernului prin care se proroga termenul de aplicare a semn\u0103turii [&hellip;]<\/p>\n","protected":false},"author":18,"featured_media":54601,"comment_status":"closed","ping_status":"open","sticky":false,"template":"","format":"standard","meta":{"_acf_changed":false,"inline_featured_image":false,"ngg_post_thumbnail":0,"footnotes":""},"categories":[3419,62],"tags":[5472,5473,5471,2611,1180],"ppma_author":[22579],"class_list":["post-54572","post","type-post","status-publish","format-standard","has-post-thumbnail","hentry","category-featured","category-stiri","tag-amendamente","tag-declaratii-de-avere-si-interese","tag-fenechiu","tag-secret","tag-senat"],"acf":[],"yoast_head":"<!-- This site is optimized with the Yoast SEO Premium plugin v25.3 (Yoast SEO v27.4) - https:\/\/yoast.com\/product\/yoast-seo-premium-wordpress\/ -->\n<title>Daniel Fenechiu vrea s\u0103 treac\u0103 la secret declara\u021biile de avere \u0219i interese pentru anumi\u021bi angaja\u021bi din ap\u0103rare, ordine public\u0103 \u0219i siguran\u021b\u0103 na\u021bional\u0103 - Buletin de Bucure\u0219ti<\/title>\n<meta name=\"robots\" content=\"index, follow, max-snippet:-1, max-image-preview:large, max-video-preview:-1\" \/>\n<link rel=\"canonical\" href=\"https:\/\/buletin.de\/bucuresti\/daniel-fenechiu-vrea-sa-treaca-la-secret-declaratiile-de-avere-si-interese-pentru-anumiti-angajati-din-aparare-ordine-publica-si-siguranta-nationala\/\" \/>\n<meta property=\"og:locale\" content=\"en_GB\" \/>\n<meta property=\"og:type\" content=\"article\" \/>\n<meta property=\"og:title\" content=\"Daniel Fenechiu vrea s\u0103 treac\u0103 la secret declara\u021biile de avere \u0219i interese pentru anumi\u021bi angaja\u021bi din ap\u0103rare, ordine public\u0103 \u0219i siguran\u021b\u0103 na\u021bional\u0103\" \/>\n<meta property=\"og:description\" content=\"Update: Amendamentele depuse de senatorul Daniel Fenechiu au fost retrase \u00een \u0219edin\u021ba Comisiei Juridice de la Senat. Senatorul Daniel Fenechiu vrea s\u0103 modifice legea care oblig\u0103 angaja\u021bii statului s\u0103 fac\u0103 publice declara\u021biile de avere \u0219i de interese. A depus amendamente la o ini\u021biativ\u0103 legislativ\u0103 a Guvernului prin care se proroga termenul de aplicare a semn\u0103turii [&hellip;]\" \/>\n<meta property=\"og:url\" content=\"https:\/\/buletin.de\/bucuresti\/daniel-fenechiu-vrea-sa-treaca-la-secret-declaratiile-de-avere-si-interese-pentru-anumiti-angajati-din-aparare-ordine-publica-si-siguranta-nationala\/\" \/>\n<meta property=\"og:site_name\" content=\"Buletin de Bucure\u0219ti\" \/>\n<meta property=\"article:publisher\" content=\"https:\/\/www.facebook.com\/buletin.de.buc\" \/>\n<meta property=\"article:published_time\" content=\"2023-02-21T08:34:17+00:00\" \/>\n<meta property=\"article:modified_time\" content=\"2023-02-21T10:54:27+00:00\" \/>\n<meta property=\"og:image\" content=\"https:\/\/buletin.de\/bucuresti\/wp-content\/uploads\/WhatsApp-Image-2023-02-21-at-10.32.27.jpeg\" \/>\n\t<meta property=\"og:image:width\" content=\"1600\" \/>\n\t<meta property=\"og:image:height\" content=\"1066\" \/>\n\t<meta property=\"og:image:type\" content=\"image\/jpeg\" \/>\n<meta name=\"author\" content=\"Teodora Stroe\" \/>\n<meta name=\"twitter:card\" content=\"summary_large_image\" \/>\n<meta name=\"twitter:label1\" content=\"Written by\" \/>\n\t<meta name=\"twitter:data1\" content=\"Teodora Stroe\" \/>\n\t<meta name=\"twitter:label2\" content=\"Estimated reading time\" \/>\n\t<meta name=\"twitter:data2\" content=\"10 minutes\" \/>\n<script type=\"application\/ld+json\" class=\"yoast-schema-graph\">{\"@context\":\"https:\\\/\\\/schema.org\",\"@graph\":[{\"@type\":\"Article\",\"@id\":\"https:\\\/\\\/buletin.de\\\/bucuresti\\\/daniel-fenechiu-vrea-sa-treaca-la-secret-declaratiile-de-avere-si-interese-pentru-anumiti-angajati-din-aparare-ordine-publica-si-siguranta-nationala\\\/#article\",\"isPartOf\":{\"@id\":\"https:\\\/\\\/buletin.de\\\/bucuresti\\\/daniel-fenechiu-vrea-sa-treaca-la-secret-declaratiile-de-avere-si-interese-pentru-anumiti-angajati-din-aparare-ordine-publica-si-siguranta-nationala\\\/\"},\"author\":{\"name\":\"Teodora Stroe\",\"@id\":\"https:\\\/\\\/buletin.de\\\/bucuresti\\\/#\\\/schema\\\/person\\\/d369d7ddc775abece205795e0b804614\"},\"headline\":\"Daniel Fenechiu vrea s\u0103 treac\u0103 la secret declara\u021biile de avere \u0219i interese pentru anumi\u021bi angaja\u021bi din ap\u0103rare, ordine public\u0103 \u0219i siguran\u021b\u0103 na\u021bional\u0103\",\"datePublished\":\"2023-02-21T08:34:17+00:00\",\"dateModified\":\"2023-02-21T10:54:27+00:00\",\"mainEntityOfPage\":{\"@id\":\"https:\\\/\\\/buletin.de\\\/bucuresti\\\/daniel-fenechiu-vrea-sa-treaca-la-secret-declaratiile-de-avere-si-interese-pentru-anumiti-angajati-din-aparare-ordine-publica-si-siguranta-nationala\\\/\"},\"wordCount\":2541,\"publisher\":{\"@id\":\"https:\\\/\\\/buletin.de\\\/bucuresti\\\/#organization\"},\"image\":{\"@id\":\"https:\\\/\\\/buletin.de\\\/bucuresti\\\/daniel-fenechiu-vrea-sa-treaca-la-secret-declaratiile-de-avere-si-interese-pentru-anumiti-angajati-din-aparare-ordine-publica-si-siguranta-nationala\\\/#primaryimage\"},\"thumbnailUrl\":\"https:\\\/\\\/buletin.de\\\/bucuresti\\\/wp-content\\\/uploads\\\/WhatsApp-Image-2023-02-21-at-10.32.27.jpeg\",\"keywords\":[\"amendamente\",\"declaratii de avere si interese\",\"Fenechiu\",\"secret\",\"senat\"],\"articleSection\":[\"Featured\",\"\u0218tiri\"],\"inLanguage\":\"en-GB\",\"copyrightYear\":\"2023\",\"copyrightHolder\":{\"@id\":\"https:\\\/\\\/buletin.de\\\/bucuresti\\\/#organization\"}},{\"@type\":\"WebPage\",\"@id\":\"https:\\\/\\\/buletin.de\\\/bucuresti\\\/daniel-fenechiu-vrea-sa-treaca-la-secret-declaratiile-de-avere-si-interese-pentru-anumiti-angajati-din-aparare-ordine-publica-si-siguranta-nationala\\\/\",\"url\":\"https:\\\/\\\/buletin.de\\\/bucuresti\\\/daniel-fenechiu-vrea-sa-treaca-la-secret-declaratiile-de-avere-si-interese-pentru-anumiti-angajati-din-aparare-ordine-publica-si-siguranta-nationala\\\/\",\"name\":\"Daniel Fenechiu vrea s\u0103 treac\u0103 la secret declara\u021biile de avere \u0219i interese pentru anumi\u021bi angaja\u021bi din ap\u0103rare, ordine public\u0103 \u0219i siguran\u021b\u0103 na\u021bional\u0103 - Buletin de Bucure\u0219ti\",\"isPartOf\":{\"@id\":\"https:\\\/\\\/buletin.de\\\/bucuresti\\\/#website\"},\"primaryImageOfPage\":{\"@id\":\"https:\\\/\\\/buletin.de\\\/bucuresti\\\/daniel-fenechiu-vrea-sa-treaca-la-secret-declaratiile-de-avere-si-interese-pentru-anumiti-angajati-din-aparare-ordine-publica-si-siguranta-nationala\\\/#primaryimage\"},\"image\":{\"@id\":\"https:\\\/\\\/buletin.de\\\/bucuresti\\\/daniel-fenechiu-vrea-sa-treaca-la-secret-declaratiile-de-avere-si-interese-pentru-anumiti-angajati-din-aparare-ordine-publica-si-siguranta-nationala\\\/#primaryimage\"},\"thumbnailUrl\":\"https:\\\/\\\/buletin.de\\\/bucuresti\\\/wp-content\\\/uploads\\\/WhatsApp-Image-2023-02-21-at-10.32.27.jpeg\",\"datePublished\":\"2023-02-21T08:34:17+00:00\",\"dateModified\":\"2023-02-21T10:54:27+00:00\",\"breadcrumb\":{\"@id\":\"https:\\\/\\\/buletin.de\\\/bucuresti\\\/daniel-fenechiu-vrea-sa-treaca-la-secret-declaratiile-de-avere-si-interese-pentru-anumiti-angajati-din-aparare-ordine-publica-si-siguranta-nationala\\\/#breadcrumb\"},\"inLanguage\":\"en-GB\",\"potentialAction\":[{\"@type\":\"ReadAction\",\"target\":[\"https:\\\/\\\/buletin.de\\\/bucuresti\\\/daniel-fenechiu-vrea-sa-treaca-la-secret-declaratiile-de-avere-si-interese-pentru-anumiti-angajati-din-aparare-ordine-publica-si-siguranta-nationala\\\/\"]}]},{\"@type\":\"ImageObject\",\"inLanguage\":\"en-GB\",\"@id\":\"https:\\\/\\\/buletin.de\\\/bucuresti\\\/daniel-fenechiu-vrea-sa-treaca-la-secret-declaratiile-de-avere-si-interese-pentru-anumiti-angajati-din-aparare-ordine-publica-si-siguranta-nationala\\\/#primaryimage\",\"url\":\"https:\\\/\\\/buletin.de\\\/bucuresti\\\/wp-content\\\/uploads\\\/WhatsApp-Image-2023-02-21-at-10.32.27.jpeg\",\"contentUrl\":\"https:\\\/\\\/buletin.de\\\/bucuresti\\\/wp-content\\\/uploads\\\/WhatsApp-Image-2023-02-21-at-10.32.27.jpeg\",\"width\":1600,\"height\":1066},{\"@type\":\"BreadcrumbList\",\"@id\":\"https:\\\/\\\/buletin.de\\\/bucuresti\\\/daniel-fenechiu-vrea-sa-treaca-la-secret-declaratiile-de-avere-si-interese-pentru-anumiti-angajati-din-aparare-ordine-publica-si-siguranta-nationala\\\/#breadcrumb\",\"itemListElement\":[{\"@type\":\"ListItem\",\"position\":1,\"name\":\"Acas\u0103\",\"item\":\"https:\\\/\\\/buletin.de\\\/bucuresti\\\/\"},{\"@type\":\"ListItem\",\"position\":2,\"name\":\"Daniel Fenechiu vrea s\u0103 treac\u0103 la secret declara\u021biile de avere \u0219i interese pentru anumi\u021bi angaja\u021bi din ap\u0103rare, ordine public\u0103 \u0219i siguran\u021b\u0103 na\u021bional\u0103\"}]},{\"@type\":\"WebSite\",\"@id\":\"https:\\\/\\\/buletin.de\\\/bucuresti\\\/#website\",\"url\":\"https:\\\/\\\/buletin.de\\\/bucuresti\\\/\",\"name\":\"Buletin de Bucure\u0219ti\",\"description\":\"\u0218tiri \u0219i investiga\u021bii esen\u021biale din capital\u0103\",\"publisher\":{\"@id\":\"https:\\\/\\\/buletin.de\\\/bucuresti\\\/#organization\"},\"potentialAction\":[{\"@type\":\"SearchAction\",\"target\":{\"@type\":\"EntryPoint\",\"urlTemplate\":\"https:\\\/\\\/buletin.de\\\/bucuresti\\\/?s={search_term_string}\"},\"query-input\":{\"@type\":\"PropertyValueSpecification\",\"valueRequired\":true,\"valueName\":\"search_term_string\"}}],\"inLanguage\":\"en-GB\"},{\"@type\":\"Organization\",\"@id\":\"https:\\\/\\\/buletin.de\\\/bucuresti\\\/#organization\",\"name\":\"Buletin de Bucure\u0219ti\",\"url\":\"https:\\\/\\\/buletin.de\\\/bucuresti\\\/\",\"logo\":{\"@type\":\"ImageObject\",\"inLanguage\":\"en-GB\",\"@id\":\"https:\\\/\\\/buletin.de\\\/bucuresti\\\/#\\\/schema\\\/logo\\\/image\\\/\",\"url\":\"https:\\\/\\\/buletin.de\\\/bucuresti\\\/wp-content\\\/uploads\\\/logo-bdb-full-wide-vernil-transparent.png\",\"contentUrl\":\"https:\\\/\\\/buletin.de\\\/bucuresti\\\/wp-content\\\/uploads\\\/logo-bdb-full-wide-vernil-transparent.png\",\"width\":1782,\"height\":626,\"caption\":\"Buletin de Bucure\u0219ti\"},\"image\":{\"@id\":\"https:\\\/\\\/buletin.de\\\/bucuresti\\\/#\\\/schema\\\/logo\\\/image\\\/\"},\"sameAs\":[\"https:\\\/\\\/www.facebook.com\\\/buletin.de.buc\",\"https:\\\/\\\/www.instagram.com\\\/buletinde.bucuresti\\\/\"]},{\"@type\":\"Person\",\"@id\":\"https:\\\/\\\/buletin.de\\\/bucuresti\\\/#\\\/schema\\\/person\\\/d369d7ddc775abece205795e0b804614\",\"name\":\"Teodora Stroe\",\"image\":{\"@type\":\"ImageObject\",\"inLanguage\":\"en-GB\",\"@id\":\"https:\\\/\\\/secure.gravatar.com\\\/avatar\\\/2560b4cd9f5f1bc100b123158e657d75584bd1c3e1d9c69285720b9457c1b78d?s=96&d=monsterid&r=gc104800242ba5f2d78dd5d7dc4df08b6\",\"url\":\"https:\\\/\\\/secure.gravatar.com\\\/avatar\\\/2560b4cd9f5f1bc100b123158e657d75584bd1c3e1d9c69285720b9457c1b78d?s=96&d=monsterid&r=g\",\"contentUrl\":\"https:\\\/\\\/secure.gravatar.com\\\/avatar\\\/2560b4cd9f5f1bc100b123158e657d75584bd1c3e1d9c69285720b9457c1b78d?s=96&d=monsterid&r=g\",\"caption\":\"Teodora Stroe\"},\"url\":\"https:\\\/\\\/buletin.de\\\/bucuresti\\\/author\\\/simonacarlugea\\\/\"}]}<\/script>\n<!-- \/ Yoast SEO Premium plugin. -->","yoast_head_json":{"title":"Daniel Fenechiu vrea s\u0103 treac\u0103 la secret declara\u021biile de avere \u0219i interese pentru anumi\u021bi angaja\u021bi din ap\u0103rare, ordine public\u0103 \u0219i siguran\u021b\u0103 na\u021bional\u0103 - Buletin de Bucure\u0219ti","robots":{"index":"index","follow":"follow","max-snippet":"max-snippet:-1","max-image-preview":"max-image-preview:large","max-video-preview":"max-video-preview:-1"},"canonical":"https:\/\/buletin.de\/bucuresti\/daniel-fenechiu-vrea-sa-treaca-la-secret-declaratiile-de-avere-si-interese-pentru-anumiti-angajati-din-aparare-ordine-publica-si-siguranta-nationala\/","og_locale":"en_GB","og_type":"article","og_title":"Daniel Fenechiu vrea s\u0103 treac\u0103 la secret declara\u021biile de avere \u0219i interese pentru anumi\u021bi angaja\u021bi din ap\u0103rare, ordine public\u0103 \u0219i siguran\u021b\u0103 na\u021bional\u0103","og_description":"Update: Amendamentele depuse de senatorul Daniel Fenechiu au fost retrase \u00een \u0219edin\u021ba Comisiei Juridice de la Senat. Senatorul Daniel Fenechiu vrea s\u0103 modifice legea care oblig\u0103 angaja\u021bii statului s\u0103 fac\u0103 publice declara\u021biile de avere \u0219i de interese. A depus amendamente la o ini\u021biativ\u0103 legislativ\u0103 a Guvernului prin care se proroga termenul de aplicare a semn\u0103turii [&hellip;]","og_url":"https:\/\/buletin.de\/bucuresti\/daniel-fenechiu-vrea-sa-treaca-la-secret-declaratiile-de-avere-si-interese-pentru-anumiti-angajati-din-aparare-ordine-publica-si-siguranta-nationala\/","og_site_name":"Buletin de Bucure\u0219ti","article_publisher":"https:\/\/www.facebook.com\/buletin.de.buc","article_published_time":"2023-02-21T08:34:17+00:00","article_modified_time":"2023-02-21T10:54:27+00:00","og_image":[{"width":1600,"height":1066,"url":"https:\/\/buletin.de\/bucuresti\/wp-content\/uploads\/WhatsApp-Image-2023-02-21-at-10.32.27.jpeg","type":"image\/jpeg"}],"author":"Teodora Stroe","twitter_card":"summary_large_image","twitter_misc":{"Written by":"Teodora Stroe","Estimated reading time":"10 minutes"},"schema":{"@context":"https:\/\/schema.org","@graph":[{"@type":"Article","@id":"https:\/\/buletin.de\/bucuresti\/daniel-fenechiu-vrea-sa-treaca-la-secret-declaratiile-de-avere-si-interese-pentru-anumiti-angajati-din-aparare-ordine-publica-si-siguranta-nationala\/#article","isPartOf":{"@id":"https:\/\/buletin.de\/bucuresti\/daniel-fenechiu-vrea-sa-treaca-la-secret-declaratiile-de-avere-si-interese-pentru-anumiti-angajati-din-aparare-ordine-publica-si-siguranta-nationala\/"},"author":{"name":"Teodora Stroe","@id":"https:\/\/buletin.de\/bucuresti\/#\/schema\/person\/d369d7ddc775abece205795e0b804614"},"headline":"Daniel Fenechiu vrea s\u0103 treac\u0103 la secret declara\u021biile de avere \u0219i interese pentru anumi\u021bi angaja\u021bi din ap\u0103rare, ordine public\u0103 \u0219i siguran\u021b\u0103 na\u021bional\u0103","datePublished":"2023-02-21T08:34:17+00:00","dateModified":"2023-02-21T10:54:27+00:00","mainEntityOfPage":{"@id":"https:\/\/buletin.de\/bucuresti\/daniel-fenechiu-vrea-sa-treaca-la-secret-declaratiile-de-avere-si-interese-pentru-anumiti-angajati-din-aparare-ordine-publica-si-siguranta-nationala\/"},"wordCount":2541,"publisher":{"@id":"https:\/\/buletin.de\/bucuresti\/#organization"},"image":{"@id":"https:\/\/buletin.de\/bucuresti\/daniel-fenechiu-vrea-sa-treaca-la-secret-declaratiile-de-avere-si-interese-pentru-anumiti-angajati-din-aparare-ordine-publica-si-siguranta-nationala\/#primaryimage"},"thumbnailUrl":"https:\/\/buletin.de\/bucuresti\/wp-content\/uploads\/WhatsApp-Image-2023-02-21-at-10.32.27.jpeg","keywords":["amendamente","declaratii de avere si interese","Fenechiu","secret","senat"],"articleSection":["Featured","\u0218tiri"],"inLanguage":"en-GB","copyrightYear":"2023","copyrightHolder":{"@id":"https:\/\/buletin.de\/bucuresti\/#organization"}},{"@type":"WebPage","@id":"https:\/\/buletin.de\/bucuresti\/daniel-fenechiu-vrea-sa-treaca-la-secret-declaratiile-de-avere-si-interese-pentru-anumiti-angajati-din-aparare-ordine-publica-si-siguranta-nationala\/","url":"https:\/\/buletin.de\/bucuresti\/daniel-fenechiu-vrea-sa-treaca-la-secret-declaratiile-de-avere-si-interese-pentru-anumiti-angajati-din-aparare-ordine-publica-si-siguranta-nationala\/","name":"Daniel Fenechiu vrea s\u0103 treac\u0103 la secret declara\u021biile de avere \u0219i interese pentru anumi\u021bi angaja\u021bi din ap\u0103rare, ordine public\u0103 \u0219i siguran\u021b\u0103 na\u021bional\u0103 - Buletin de Bucure\u0219ti","isPartOf":{"@id":"https:\/\/buletin.de\/bucuresti\/#website"},"primaryImageOfPage":{"@id":"https:\/\/buletin.de\/bucuresti\/daniel-fenechiu-vrea-sa-treaca-la-secret-declaratiile-de-avere-si-interese-pentru-anumiti-angajati-din-aparare-ordine-publica-si-siguranta-nationala\/#primaryimage"},"image":{"@id":"https:\/\/buletin.de\/bucuresti\/daniel-fenechiu-vrea-sa-treaca-la-secret-declaratiile-de-avere-si-interese-pentru-anumiti-angajati-din-aparare-ordine-publica-si-siguranta-nationala\/#primaryimage"},"thumbnailUrl":"https:\/\/buletin.de\/bucuresti\/wp-content\/uploads\/WhatsApp-Image-2023-02-21-at-10.32.27.jpeg","datePublished":"2023-02-21T08:34:17+00:00","dateModified":"2023-02-21T10:54:27+00:00","breadcrumb":{"@id":"https:\/\/buletin.de\/bucuresti\/daniel-fenechiu-vrea-sa-treaca-la-secret-declaratiile-de-avere-si-interese-pentru-anumiti-angajati-din-aparare-ordine-publica-si-siguranta-nationala\/#breadcrumb"},"inLanguage":"en-GB","potentialAction":[{"@type":"ReadAction","target":["https:\/\/buletin.de\/bucuresti\/daniel-fenechiu-vrea-sa-treaca-la-secret-declaratiile-de-avere-si-interese-pentru-anumiti-angajati-din-aparare-ordine-publica-si-siguranta-nationala\/"]}]},{"@type":"ImageObject","inLanguage":"en-GB","@id":"https:\/\/buletin.de\/bucuresti\/daniel-fenechiu-vrea-sa-treaca-la-secret-declaratiile-de-avere-si-interese-pentru-anumiti-angajati-din-aparare-ordine-publica-si-siguranta-nationala\/#primaryimage","url":"https:\/\/buletin.de\/bucuresti\/wp-content\/uploads\/WhatsApp-Image-2023-02-21-at-10.32.27.jpeg","contentUrl":"https:\/\/buletin.de\/bucuresti\/wp-content\/uploads\/WhatsApp-Image-2023-02-21-at-10.32.27.jpeg","width":1600,"height":1066},{"@type":"BreadcrumbList","@id":"https:\/\/buletin.de\/bucuresti\/daniel-fenechiu-vrea-sa-treaca-la-secret-declaratiile-de-avere-si-interese-pentru-anumiti-angajati-din-aparare-ordine-publica-si-siguranta-nationala\/#breadcrumb","itemListElement":[{"@type":"ListItem","position":1,"name":"Acas\u0103","item":"https:\/\/buletin.de\/bucuresti\/"},{"@type":"ListItem","position":2,"name":"Daniel Fenechiu vrea s\u0103 treac\u0103 la secret declara\u021biile de avere \u0219i interese pentru anumi\u021bi angaja\u021bi din ap\u0103rare, ordine public\u0103 \u0219i siguran\u021b\u0103 na\u021bional\u0103"}]},{"@type":"WebSite","@id":"https:\/\/buletin.de\/bucuresti\/#website","url":"https:\/\/buletin.de\/bucuresti\/","name":"Buletin de Bucure\u0219ti","description":"\u0218tiri \u0219i investiga\u021bii esen\u021biale din capital\u0103","publisher":{"@id":"https:\/\/buletin.de\/bucuresti\/#organization"},"potentialAction":[{"@type":"SearchAction","target":{"@type":"EntryPoint","urlTemplate":"https:\/\/buletin.de\/bucuresti\/?s={search_term_string}"},"query-input":{"@type":"PropertyValueSpecification","valueRequired":true,"valueName":"search_term_string"}}],"inLanguage":"en-GB"},{"@type":"Organization","@id":"https:\/\/buletin.de\/bucuresti\/#organization","name":"Buletin de Bucure\u0219ti","url":"https:\/\/buletin.de\/bucuresti\/","logo":{"@type":"ImageObject","inLanguage":"en-GB","@id":"https:\/\/buletin.de\/bucuresti\/#\/schema\/logo\/image\/","url":"https:\/\/buletin.de\/bucuresti\/wp-content\/uploads\/logo-bdb-full-wide-vernil-transparent.png","contentUrl":"https:\/\/buletin.de\/bucuresti\/wp-content\/uploads\/logo-bdb-full-wide-vernil-transparent.png","width":1782,"height":626,"caption":"Buletin de Bucure\u0219ti"},"image":{"@id":"https:\/\/buletin.de\/bucuresti\/#\/schema\/logo\/image\/"},"sameAs":["https:\/\/www.facebook.com\/buletin.de.buc","https:\/\/www.instagram.com\/buletinde.bucuresti\/"]},{"@type":"Person","@id":"https:\/\/buletin.de\/bucuresti\/#\/schema\/person\/d369d7ddc775abece205795e0b804614","name":"Teodora Stroe","image":{"@type":"ImageObject","inLanguage":"en-GB","@id":"https:\/\/secure.gravatar.com\/avatar\/2560b4cd9f5f1bc100b123158e657d75584bd1c3e1d9c69285720b9457c1b78d?s=96&d=monsterid&r=gc104800242ba5f2d78dd5d7dc4df08b6","url":"https:\/\/secure.gravatar.com\/avatar\/2560b4cd9f5f1bc100b123158e657d75584bd1c3e1d9c69285720b9457c1b78d?s=96&d=monsterid&r=g","contentUrl":"https:\/\/secure.gravatar.com\/avatar\/2560b4cd9f5f1bc100b123158e657d75584bd1c3e1d9c69285720b9457c1b78d?s=96&d=monsterid&r=g","caption":"Teodora Stroe"},"url":"https:\/\/buletin.de\/bucuresti\/author\/simonacarlugea\/"}]}},"authors":[{"term_id":22579,"user_id":18,"is_guest":0,"slug":"simonacarlugea","display_name":"Teodora Stroe","avatar_url":"https:\/\/secure.gravatar.com\/avatar\/2560b4cd9f5f1bc100b123158e657d75584bd1c3e1d9c69285720b9457c1b78d?s=96&d=monsterid&r=g","0":null,"1":"","2":"","3":"","4":"","5":"","6":"","7":"","8":""}],"_links":{"self":[{"href":"https:\/\/buletin.de\/bucuresti\/wp-json\/wp\/v2\/posts\/54572","targetHints":{"allow":["GET"]}}],"collection":[{"href":"https:\/\/buletin.de\/bucuresti\/wp-json\/wp\/v2\/posts"}],"about":[{"href":"https:\/\/buletin.de\/bucuresti\/wp-json\/wp\/v2\/types\/post"}],"author":[{"embeddable":true,"href":"https:\/\/buletin.de\/bucuresti\/wp-json\/wp\/v2\/users\/18"}],"replies":[{"embeddable":true,"href":"https:\/\/buletin.de\/bucuresti\/wp-json\/wp\/v2\/comments?post=54572"}],"version-history":[{"count":9,"href":"https:\/\/buletin.de\/bucuresti\/wp-json\/wp\/v2\/posts\/54572\/revisions"}],"predecessor-version":[{"id":54606,"href":"https:\/\/buletin.de\/bucuresti\/wp-json\/wp\/v2\/posts\/54572\/revisions\/54606"}],"wp:featuredmedia":[{"embeddable":true,"href":"https:\/\/buletin.de\/bucuresti\/wp-json\/wp\/v2\/media\/54601"}],"wp:attachment":[{"href":"https:\/\/buletin.de\/bucuresti\/wp-json\/wp\/v2\/media?parent=54572"}],"wp:term":[{"taxonomy":"category","embeddable":true,"href":"https:\/\/buletin.de\/bucuresti\/wp-json\/wp\/v2\/categories?post=54572"},{"taxonomy":"post_tag","embeddable":true,"href":"https:\/\/buletin.de\/bucuresti\/wp-json\/wp\/v2\/tags?post=54572"},{"taxonomy":"author","embeddable":true,"href":"https:\/\/buletin.de\/bucuresti\/wp-json\/wp\/v2\/ppma_author?post=54572"}],"curies":[{"name":"wp","href":"https:\/\/api.w.org\/{rel}","templated":true}]}}