{"id":54542,"date":"2023-02-20T13:13:23","date_gmt":"2023-02-20T11:13:23","guid":{"rendered":"https:\/\/buletin.de\/bucuresti\/?p=54542"},"modified":"2023-02-20T13:13:24","modified_gmt":"2023-02-20T11:13:24","slug":"tramvaiul-41-nu-va-mai-opri-in-statia-casin-de-maine-21-februarie","status":"publish","type":"post","link":"https:\/\/buletin.de\/bucuresti\/tramvaiul-41-nu-va-mai-opri-in-statia-casin-de-maine-21-februarie\/","title":{"rendered":"Tramvaiul 41 nu va mai opri \u00een sta\u021bia \u201eCa\u0219in\u201d, de m\u00e2ine, 21 februarie"},"content":{"rendered":"\n<p>Tramvaiele liniei 41 nu vor mai opri \u00een sta\u021bia \u201eCa\u0219in\u201d, pe sensul spre terminalul \u201eGhencea\u201d, de m\u00e2ine, 21 februarie, anun\u021b\u0103 Asocia\u021bia de Dezvoltare Intercomunitar\u0103 pentru Transport Public Bucure\u0219ti \u2013 Ilfov (TPBI).<\/p>\n\n\n\n<figure class=\"wp-block-image size-large\"><img fetchpriority=\"high\" decoding=\"async\" width=\"900\" height=\"900\" src=\"data:image\/gif;base64,R0lGODlhAQABAAAAACH5BAEKAAEALAAAAAABAAEAAAICTAEAOw==\" data-src=\"https:\/\/buletin.de\/bucuresti\/wp-content\/uploads\/332451801_1849564832080343_6533711313188521578_n-900x900.jpg\" alt=\"\" class=\"wp-image-54543 lazyload\" data-sizes=\"auto\" data-srcset=\"https:\/\/buletin.de\/bucuresti\/wp-content\/uploads\/332451801_1849564832080343_6533711313188521578_n-900x900.jpg 900w, https:\/\/buletin.de\/bucuresti\/wp-content\/uploads\/332451801_1849564832080343_6533711313188521578_n-300x300.jpg 300w, https:\/\/buletin.de\/bucuresti\/wp-content\/uploads\/332451801_1849564832080343_6533711313188521578_n-150x150.jpg 150w, https:\/\/buletin.de\/bucuresti\/wp-content\/uploads\/332451801_1849564832080343_6533711313188521578_n-768x767.jpg 768w, https:\/\/buletin.de\/bucuresti\/wp-content\/uploads\/332451801_1849564832080343_6533711313188521578_n-550x550.jpg 550w, https:\/\/buletin.de\/bucuresti\/wp-content\/uploads\/332451801_1849564832080343_6533711313188521578_n-501x500.jpg 501w, https:\/\/buletin.de\/bucuresti\/wp-content\/uploads\/332451801_1849564832080343_6533711313188521578_n-45x45.jpg 45w, https:\/\/buletin.de\/bucuresti\/wp-content\/uploads\/332451801_1849564832080343_6533711313188521578_n-250x250.jpg 250w, https:\/\/buletin.de\/bucuresti\/wp-content\/uploads\/332451801_1849564832080343_6533711313188521578_n-600x599.jpg 600w, https:\/\/buletin.de\/bucuresti\/wp-content\/uploads\/332451801_1849564832080343_6533711313188521578_n-100x100.jpg 100w, https:\/\/buletin.de\/bucuresti\/wp-content\/uploads\/332451801_1849564832080343_6533711313188521578_n.jpg 1290w\" sizes=\"(max-width: 900px) 100vw, 900px\" \/><figcaption>Surs\u0103 foto: Facebook, Asocia\u021bia de Dezvoltare Intercomunitar\u0103 pentru Transport Public Bucure\u0219ti \u2013 Ilfov<\/figcaption><\/figure>\n\n\n\n<p>M\u0103sura a fost luat\u0103 de TPBI pentru a permite Trustului de Cl\u0103diri Metropolitane Bucure\u015fti s\u0103 efectueze lucr\u0103ri la carosabil \u00een zona sta\u021biei respective.<\/p>\n","protected":false},"excerpt":{"rendered":"<p>Tramvaiele liniei 41 nu vor mai opri \u00een sta\u021bia \u201eCa\u0219in\u201d, pe sensul spre terminalul \u201eGhencea\u201d, de m\u00e2ine, 21 februarie, anun\u021b\u0103 Asocia\u021bia de Dezvoltare Intercomunitar\u0103 pentru Transport Public Bucure\u0219ti \u2013 Ilfov (TPBI). M\u0103sura a fost luat\u0103 de TPBI pentru a permite Trustului de Cl\u0103diri Metropolitane Bucure\u015fti s\u0103 efectueze lucr\u0103ri la carosabil \u00een zona sta\u021biei respective.<\/p>\n","protected":false},"author":46,"featured_media":54543,"comment_status":"closed","ping_status":"open","sticky":false,"template":"","format":"standard","meta":{"_acf_changed":false,"inline_featured_image":false,"ngg_post_thumbnail":0,"footnotes":""},"categories":[62,650],"tags":[],"ppma_author":[22605],"class_list":["post-54542","post","type-post","status-publish","format-standard","has-post-thumbnail","hentry","category-stiri","category-transport"],"acf":[],"yoast_head":"<!-- This site is optimized with the Yoast SEO Premium plugin v25.3 (Yoast SEO v27.5) - https:\/\/yoast.com\/product\/yoast-seo-premium-wordpress\/ -->\n<title>Tramvaiul 41 nu va mai opri \u00een sta\u021bia \u201eCa\u0219in\u201d, de m\u00e2ine, 21 februarie - Buletin de Bucure\u0219ti<\/title>\n<meta name=\"robots\" content=\"index, follow, max-snippet:-1, max-image-preview:large, max-video-preview:-1\" \/>\n<link rel=\"canonical\" href=\"https:\/\/buletin.de\/bucuresti\/tramvaiul-41-nu-va-mai-opri-in-statia-casin-de-maine-21-februarie\/\" \/>\n<meta property=\"og:locale\" content=\"en_GB\" \/>\n<meta property=\"og:type\" content=\"article\" \/>\n<meta property=\"og:title\" content=\"Tramvaiul 41 nu va mai opri \u00een sta\u021bia \u201eCa\u0219in\u201d, de m\u00e2ine, 21 februarie\" \/>\n<meta property=\"og:description\" content=\"Tramvaiele liniei 41 nu vor mai opri \u00een sta\u021bia \u201eCa\u0219in\u201d, pe sensul spre terminalul \u201eGhencea\u201d, de m\u00e2ine, 21 februarie, anun\u021b\u0103 Asocia\u021bia de Dezvoltare Intercomunitar\u0103 pentru Transport Public Bucure\u0219ti \u2013 Ilfov (TPBI). M\u0103sura a fost luat\u0103 de TPBI pentru a permite Trustului de Cl\u0103diri Metropolitane Bucure\u015fti s\u0103 efectueze lucr\u0103ri la carosabil \u00een zona sta\u021biei respective.\" \/>\n<meta property=\"og:url\" content=\"https:\/\/buletin.de\/bucuresti\/tramvaiul-41-nu-va-mai-opri-in-statia-casin-de-maine-21-februarie\/\" \/>\n<meta property=\"og:site_name\" content=\"Buletin de Bucure\u0219ti\" \/>\n<meta property=\"article:publisher\" content=\"https:\/\/www.facebook.com\/buletin.de.buc\" \/>\n<meta property=\"article:published_time\" content=\"2023-02-20T11:13:23+00:00\" \/>\n<meta property=\"article:modified_time\" content=\"2023-02-20T11:13:24+00:00\" \/>\n<meta property=\"og:image\" content=\"https:\/\/buletin.de\/bucuresti\/wp-content\/uploads\/332451801_1849564832080343_6533711313188521578_n.jpg\" \/>\n\t<meta property=\"og:image:width\" content=\"1290\" \/>\n\t<meta property=\"og:image:height\" content=\"1288\" \/>\n\t<meta property=\"og:image:type\" content=\"image\/jpeg\" \/>\n<meta name=\"author\" content=\"Andreea Gelatu\" \/>\n<meta name=\"twitter:card\" content=\"summary_large_image\" \/>\n<meta name=\"twitter:label1\" content=\"Written by\" \/>\n\t<meta name=\"twitter:data1\" content=\"Andreea Gelatu\" \/>\n\t<meta name=\"twitter:label2\" content=\"Estimated reading time\" \/>\n\t<meta name=\"twitter:data2\" content=\"1 minute\" \/>\n<script type=\"application\/ld+json\" class=\"yoast-schema-graph\">{\"@context\":\"https:\\\/\\\/schema.org\",\"@graph\":[{\"@type\":\"Article\",\"@id\":\"https:\\\/\\\/buletin.de\\\/bucuresti\\\/tramvaiul-41-nu-va-mai-opri-in-statia-casin-de-maine-21-februarie\\\/#article\",\"isPartOf\":{\"@id\":\"https:\\\/\\\/buletin.de\\\/bucuresti\\\/tramvaiul-41-nu-va-mai-opri-in-statia-casin-de-maine-21-februarie\\\/\"},\"author\":{\"name\":\"Andreea Gelatu\",\"@id\":\"https:\\\/\\\/buletin.de\\\/bucuresti\\\/#\\\/schema\\\/person\\\/87734700b2c7f8608881f7e93b8834de\"},\"headline\":\"Tramvaiul 41 nu va mai opri \u00een sta\u021bia \u201eCa\u0219in\u201d, de m\u00e2ine, 21 februarie\",\"datePublished\":\"2023-02-20T11:13:23+00:00\",\"dateModified\":\"2023-02-20T11:13:24+00:00\",\"mainEntityOfPage\":{\"@id\":\"https:\\\/\\\/buletin.de\\\/bucuresti\\\/tramvaiul-41-nu-va-mai-opri-in-statia-casin-de-maine-21-februarie\\\/\"},\"wordCount\":89,\"publisher\":{\"@id\":\"https:\\\/\\\/buletin.de\\\/bucuresti\\\/#organization\"},\"image\":{\"@id\":\"https:\\\/\\\/buletin.de\\\/bucuresti\\\/tramvaiul-41-nu-va-mai-opri-in-statia-casin-de-maine-21-februarie\\\/#primaryimage\"},\"thumbnailUrl\":\"https:\\\/\\\/buletin.de\\\/bucuresti\\\/wp-content\\\/uploads\\\/332451801_1849564832080343_6533711313188521578_n.jpg\",\"articleSection\":[\"\u0218tiri\",\"Transport\"],\"inLanguage\":\"en-GB\",\"copyrightYear\":\"2023\",\"copyrightHolder\":{\"@id\":\"https:\\\/\\\/buletin.de\\\/bucuresti\\\/#organization\"}},{\"@type\":\"WebPage\",\"@id\":\"https:\\\/\\\/buletin.de\\\/bucuresti\\\/tramvaiul-41-nu-va-mai-opri-in-statia-casin-de-maine-21-februarie\\\/\",\"url\":\"https:\\\/\\\/buletin.de\\\/bucuresti\\\/tramvaiul-41-nu-va-mai-opri-in-statia-casin-de-maine-21-februarie\\\/\",\"name\":\"Tramvaiul 41 nu va mai opri \u00een sta\u021bia \u201eCa\u0219in\u201d, de m\u00e2ine, 21 februarie - Buletin de Bucure\u0219ti\",\"isPartOf\":{\"@id\":\"https:\\\/\\\/buletin.de\\\/bucuresti\\\/#website\"},\"primaryImageOfPage\":{\"@id\":\"https:\\\/\\\/buletin.de\\\/bucuresti\\\/tramvaiul-41-nu-va-mai-opri-in-statia-casin-de-maine-21-februarie\\\/#primaryimage\"},\"image\":{\"@id\":\"https:\\\/\\\/buletin.de\\\/bucuresti\\\/tramvaiul-41-nu-va-mai-opri-in-statia-casin-de-maine-21-februarie\\\/#primaryimage\"},\"thumbnailUrl\":\"https:\\\/\\\/buletin.de\\\/bucuresti\\\/wp-content\\\/uploads\\\/332451801_1849564832080343_6533711313188521578_n.jpg\",\"datePublished\":\"2023-02-20T11:13:23+00:00\",\"dateModified\":\"2023-02-20T11:13:24+00:00\",\"breadcrumb\":{\"@id\":\"https:\\\/\\\/buletin.de\\\/bucuresti\\\/tramvaiul-41-nu-va-mai-opri-in-statia-casin-de-maine-21-februarie\\\/#breadcrumb\"},\"inLanguage\":\"en-GB\",\"potentialAction\":[{\"@type\":\"ReadAction\",\"target\":[\"https:\\\/\\\/buletin.de\\\/bucuresti\\\/tramvaiul-41-nu-va-mai-opri-in-statia-casin-de-maine-21-februarie\\\/\"]}]},{\"@type\":\"ImageObject\",\"inLanguage\":\"en-GB\",\"@id\":\"https:\\\/\\\/buletin.de\\\/bucuresti\\\/tramvaiul-41-nu-va-mai-opri-in-statia-casin-de-maine-21-februarie\\\/#primaryimage\",\"url\":\"https:\\\/\\\/buletin.de\\\/bucuresti\\\/wp-content\\\/uploads\\\/332451801_1849564832080343_6533711313188521578_n.jpg\",\"contentUrl\":\"https:\\\/\\\/buletin.de\\\/bucuresti\\\/wp-content\\\/uploads\\\/332451801_1849564832080343_6533711313188521578_n.jpg\",\"width\":1290,\"height\":1288},{\"@type\":\"BreadcrumbList\",\"@id\":\"https:\\\/\\\/buletin.de\\\/bucuresti\\\/tramvaiul-41-nu-va-mai-opri-in-statia-casin-de-maine-21-februarie\\\/#breadcrumb\",\"itemListElement\":[{\"@type\":\"ListItem\",\"position\":1,\"name\":\"Acas\u0103\",\"item\":\"https:\\\/\\\/buletin.de\\\/bucuresti\\\/\"},{\"@type\":\"ListItem\",\"position\":2,\"name\":\"Tramvaiul 41 nu va mai opri \u00een sta\u021bia \u201eCa\u0219in\u201d, de m\u00e2ine, 21 februarie\"}]},{\"@type\":\"WebSite\",\"@id\":\"https:\\\/\\\/buletin.de\\\/bucuresti\\\/#website\",\"url\":\"https:\\\/\\\/buletin.de\\\/bucuresti\\\/\",\"name\":\"Buletin de Bucure\u0219ti\",\"description\":\"\u0218tiri \u0219i investiga\u021bii esen\u021biale din capital\u0103\",\"publisher\":{\"@id\":\"https:\\\/\\\/buletin.de\\\/bucuresti\\\/#organization\"},\"potentialAction\":[{\"@type\":\"SearchAction\",\"target\":{\"@type\":\"EntryPoint\",\"urlTemplate\":\"https:\\\/\\\/buletin.de\\\/bucuresti\\\/?s={search_term_string}\"},\"query-input\":{\"@type\":\"PropertyValueSpecification\",\"valueRequired\":true,\"valueName\":\"search_term_string\"}}],\"inLanguage\":\"en-GB\"},{\"@type\":\"Organization\",\"@id\":\"https:\\\/\\\/buletin.de\\\/bucuresti\\\/#organization\",\"name\":\"Buletin de Bucure\u0219ti\",\"url\":\"https:\\\/\\\/buletin.de\\\/bucuresti\\\/\",\"logo\":{\"@type\":\"ImageObject\",\"inLanguage\":\"en-GB\",\"@id\":\"https:\\\/\\\/buletin.de\\\/bucuresti\\\/#\\\/schema\\\/logo\\\/image\\\/\",\"url\":\"https:\\\/\\\/buletin.de\\\/bucuresti\\\/wp-content\\\/uploads\\\/logo-bdb-full-wide-vernil-transparent.png\",\"contentUrl\":\"https:\\\/\\\/buletin.de\\\/bucuresti\\\/wp-content\\\/uploads\\\/logo-bdb-full-wide-vernil-transparent.png\",\"width\":1782,\"height\":626,\"caption\":\"Buletin de Bucure\u0219ti\"},\"image\":{\"@id\":\"https:\\\/\\\/buletin.de\\\/bucuresti\\\/#\\\/schema\\\/logo\\\/image\\\/\"},\"sameAs\":[\"https:\\\/\\\/www.facebook.com\\\/buletin.de.buc\",\"https:\\\/\\\/www.instagram.com\\\/buletinde.bucuresti\\\/\"]},{\"@type\":\"Person\",\"@id\":\"https:\\\/\\\/buletin.de\\\/bucuresti\\\/#\\\/schema\\\/person\\\/87734700b2c7f8608881f7e93b8834de\",\"name\":\"Andreea Gelatu\",\"image\":{\"@type\":\"ImageObject\",\"inLanguage\":\"en-GB\",\"@id\":\"https:\\\/\\\/secure.gravatar.com\\\/avatar\\\/b716eca2f984b9b65bdd87118b4b909d940b619cbe6e8cb725fe11c1b1f4194f?s=96&d=monsterid&r=g9b5eff4996c6b842a29b3057a7b4746f\",\"url\":\"https:\\\/\\\/secure.gravatar.com\\\/avatar\\\/b716eca2f984b9b65bdd87118b4b909d940b619cbe6e8cb725fe11c1b1f4194f?s=96&d=monsterid&r=g\",\"contentUrl\":\"https:\\\/\\\/secure.gravatar.com\\\/avatar\\\/b716eca2f984b9b65bdd87118b4b909d940b619cbe6e8cb725fe11c1b1f4194f?s=96&d=monsterid&r=g\",\"caption\":\"Andreea Gelatu\"},\"url\":\"https:\\\/\\\/buletin.de\\\/bucuresti\\\/author\\\/andreeagelatu\\\/\"}]}<\/script>\n<!-- \/ Yoast SEO Premium plugin. -->","yoast_head_json":{"title":"Tramvaiul 41 nu va mai opri \u00een sta\u021bia \u201eCa\u0219in\u201d, de m\u00e2ine, 21 februarie - Buletin de Bucure\u0219ti","robots":{"index":"index","follow":"follow","max-snippet":"max-snippet:-1","max-image-preview":"max-image-preview:large","max-video-preview":"max-video-preview:-1"},"canonical":"https:\/\/buletin.de\/bucuresti\/tramvaiul-41-nu-va-mai-opri-in-statia-casin-de-maine-21-februarie\/","og_locale":"en_GB","og_type":"article","og_title":"Tramvaiul 41 nu va mai opri \u00een sta\u021bia \u201eCa\u0219in\u201d, de m\u00e2ine, 21 februarie","og_description":"Tramvaiele liniei 41 nu vor mai opri \u00een sta\u021bia \u201eCa\u0219in\u201d, pe sensul spre terminalul \u201eGhencea\u201d, de m\u00e2ine, 21 februarie, anun\u021b\u0103 Asocia\u021bia de Dezvoltare Intercomunitar\u0103 pentru Transport Public Bucure\u0219ti \u2013 Ilfov (TPBI). M\u0103sura a fost luat\u0103 de TPBI pentru a permite Trustului de Cl\u0103diri Metropolitane Bucure\u015fti s\u0103 efectueze lucr\u0103ri la carosabil \u00een zona sta\u021biei respective.","og_url":"https:\/\/buletin.de\/bucuresti\/tramvaiul-41-nu-va-mai-opri-in-statia-casin-de-maine-21-februarie\/","og_site_name":"Buletin de Bucure\u0219ti","article_publisher":"https:\/\/www.facebook.com\/buletin.de.buc","article_published_time":"2023-02-20T11:13:23+00:00","article_modified_time":"2023-02-20T11:13:24+00:00","og_image":[{"width":1290,"height":1288,"url":"https:\/\/buletin.de\/bucuresti\/wp-content\/uploads\/332451801_1849564832080343_6533711313188521578_n.jpg","type":"image\/jpeg"}],"author":"Andreea Gelatu","twitter_card":"summary_large_image","twitter_misc":{"Written by":"Andreea Gelatu","Estimated reading time":"1 minute"},"schema":{"@context":"https:\/\/schema.org","@graph":[{"@type":"Article","@id":"https:\/\/buletin.de\/bucuresti\/tramvaiul-41-nu-va-mai-opri-in-statia-casin-de-maine-21-februarie\/#article","isPartOf":{"@id":"https:\/\/buletin.de\/bucuresti\/tramvaiul-41-nu-va-mai-opri-in-statia-casin-de-maine-21-februarie\/"},"author":{"name":"Andreea Gelatu","@id":"https:\/\/buletin.de\/bucuresti\/#\/schema\/person\/87734700b2c7f8608881f7e93b8834de"},"headline":"Tramvaiul 41 nu va mai opri \u00een sta\u021bia \u201eCa\u0219in\u201d, de m\u00e2ine, 21 februarie","datePublished":"2023-02-20T11:13:23+00:00","dateModified":"2023-02-20T11:13:24+00:00","mainEntityOfPage":{"@id":"https:\/\/buletin.de\/bucuresti\/tramvaiul-41-nu-va-mai-opri-in-statia-casin-de-maine-21-februarie\/"},"wordCount":89,"publisher":{"@id":"https:\/\/buletin.de\/bucuresti\/#organization"},"image":{"@id":"https:\/\/buletin.de\/bucuresti\/tramvaiul-41-nu-va-mai-opri-in-statia-casin-de-maine-21-februarie\/#primaryimage"},"thumbnailUrl":"https:\/\/buletin.de\/bucuresti\/wp-content\/uploads\/332451801_1849564832080343_6533711313188521578_n.jpg","articleSection":["\u0218tiri","Transport"],"inLanguage":"en-GB","copyrightYear":"2023","copyrightHolder":{"@id":"https:\/\/buletin.de\/bucuresti\/#organization"}},{"@type":"WebPage","@id":"https:\/\/buletin.de\/bucuresti\/tramvaiul-41-nu-va-mai-opri-in-statia-casin-de-maine-21-februarie\/","url":"https:\/\/buletin.de\/bucuresti\/tramvaiul-41-nu-va-mai-opri-in-statia-casin-de-maine-21-februarie\/","name":"Tramvaiul 41 nu va mai opri \u00een sta\u021bia \u201eCa\u0219in\u201d, de m\u00e2ine, 21 februarie - Buletin de Bucure\u0219ti","isPartOf":{"@id":"https:\/\/buletin.de\/bucuresti\/#website"},"primaryImageOfPage":{"@id":"https:\/\/buletin.de\/bucuresti\/tramvaiul-41-nu-va-mai-opri-in-statia-casin-de-maine-21-februarie\/#primaryimage"},"image":{"@id":"https:\/\/buletin.de\/bucuresti\/tramvaiul-41-nu-va-mai-opri-in-statia-casin-de-maine-21-februarie\/#primaryimage"},"thumbnailUrl":"https:\/\/buletin.de\/bucuresti\/wp-content\/uploads\/332451801_1849564832080343_6533711313188521578_n.jpg","datePublished":"2023-02-20T11:13:23+00:00","dateModified":"2023-02-20T11:13:24+00:00","breadcrumb":{"@id":"https:\/\/buletin.de\/bucuresti\/tramvaiul-41-nu-va-mai-opri-in-statia-casin-de-maine-21-februarie\/#breadcrumb"},"inLanguage":"en-GB","potentialAction":[{"@type":"ReadAction","target":["https:\/\/buletin.de\/bucuresti\/tramvaiul-41-nu-va-mai-opri-in-statia-casin-de-maine-21-februarie\/"]}]},{"@type":"ImageObject","inLanguage":"en-GB","@id":"https:\/\/buletin.de\/bucuresti\/tramvaiul-41-nu-va-mai-opri-in-statia-casin-de-maine-21-februarie\/#primaryimage","url":"https:\/\/buletin.de\/bucuresti\/wp-content\/uploads\/332451801_1849564832080343_6533711313188521578_n.jpg","contentUrl":"https:\/\/buletin.de\/bucuresti\/wp-content\/uploads\/332451801_1849564832080343_6533711313188521578_n.jpg","width":1290,"height":1288},{"@type":"BreadcrumbList","@id":"https:\/\/buletin.de\/bucuresti\/tramvaiul-41-nu-va-mai-opri-in-statia-casin-de-maine-21-februarie\/#breadcrumb","itemListElement":[{"@type":"ListItem","position":1,"name":"Acas\u0103","item":"https:\/\/buletin.de\/bucuresti\/"},{"@type":"ListItem","position":2,"name":"Tramvaiul 41 nu va mai opri \u00een sta\u021bia \u201eCa\u0219in\u201d, de m\u00e2ine, 21 februarie"}]},{"@type":"WebSite","@id":"https:\/\/buletin.de\/bucuresti\/#website","url":"https:\/\/buletin.de\/bucuresti\/","name":"Buletin de Bucure\u0219ti","description":"\u0218tiri \u0219i investiga\u021bii esen\u021biale din capital\u0103","publisher":{"@id":"https:\/\/buletin.de\/bucuresti\/#organization"},"potentialAction":[{"@type":"SearchAction","target":{"@type":"EntryPoint","urlTemplate":"https:\/\/buletin.de\/bucuresti\/?s={search_term_string}"},"query-input":{"@type":"PropertyValueSpecification","valueRequired":true,"valueName":"search_term_string"}}],"inLanguage":"en-GB"},{"@type":"Organization","@id":"https:\/\/buletin.de\/bucuresti\/#organization","name":"Buletin de Bucure\u0219ti","url":"https:\/\/buletin.de\/bucuresti\/","logo":{"@type":"ImageObject","inLanguage":"en-GB","@id":"https:\/\/buletin.de\/bucuresti\/#\/schema\/logo\/image\/","url":"https:\/\/buletin.de\/bucuresti\/wp-content\/uploads\/logo-bdb-full-wide-vernil-transparent.png","contentUrl":"https:\/\/buletin.de\/bucuresti\/wp-content\/uploads\/logo-bdb-full-wide-vernil-transparent.png","width":1782,"height":626,"caption":"Buletin de Bucure\u0219ti"},"image":{"@id":"https:\/\/buletin.de\/bucuresti\/#\/schema\/logo\/image\/"},"sameAs":["https:\/\/www.facebook.com\/buletin.de.buc","https:\/\/www.instagram.com\/buletinde.bucuresti\/"]},{"@type":"Person","@id":"https:\/\/buletin.de\/bucuresti\/#\/schema\/person\/87734700b2c7f8608881f7e93b8834de","name":"Andreea Gelatu","image":{"@type":"ImageObject","inLanguage":"en-GB","@id":"https:\/\/secure.gravatar.com\/avatar\/b716eca2f984b9b65bdd87118b4b909d940b619cbe6e8cb725fe11c1b1f4194f?s=96&d=monsterid&r=g9b5eff4996c6b842a29b3057a7b4746f","url":"https:\/\/secure.gravatar.com\/avatar\/b716eca2f984b9b65bdd87118b4b909d940b619cbe6e8cb725fe11c1b1f4194f?s=96&d=monsterid&r=g","contentUrl":"https:\/\/secure.gravatar.com\/avatar\/b716eca2f984b9b65bdd87118b4b909d940b619cbe6e8cb725fe11c1b1f4194f?s=96&d=monsterid&r=g","caption":"Andreea Gelatu"},"url":"https:\/\/buletin.de\/bucuresti\/author\/andreeagelatu\/"}]}},"authors":[{"term_id":22605,"user_id":46,"is_guest":0,"slug":"andreeagelatu","display_name":"Andreea Gelatu","avatar_url":"https:\/\/secure.gravatar.com\/avatar\/b716eca2f984b9b65bdd87118b4b909d940b619cbe6e8cb725fe11c1b1f4194f?s=96&d=monsterid&r=g","0":null,"1":"","2":"","3":"","4":"","5":"","6":"","7":"","8":""}],"_links":{"self":[{"href":"https:\/\/buletin.de\/bucuresti\/wp-json\/wp\/v2\/posts\/54542","targetHints":{"allow":["GET"]}}],"collection":[{"href":"https:\/\/buletin.de\/bucuresti\/wp-json\/wp\/v2\/posts"}],"about":[{"href":"https:\/\/buletin.de\/bucuresti\/wp-json\/wp\/v2\/types\/post"}],"author":[{"embeddable":true,"href":"https:\/\/buletin.de\/bucuresti\/wp-json\/wp\/v2\/users\/46"}],"replies":[{"embeddable":true,"href":"https:\/\/buletin.de\/bucuresti\/wp-json\/wp\/v2\/comments?post=54542"}],"version-history":[{"count":1,"href":"https:\/\/buletin.de\/bucuresti\/wp-json\/wp\/v2\/posts\/54542\/revisions"}],"predecessor-version":[{"id":54544,"href":"https:\/\/buletin.de\/bucuresti\/wp-json\/wp\/v2\/posts\/54542\/revisions\/54544"}],"wp:featuredmedia":[{"embeddable":true,"href":"https:\/\/buletin.de\/bucuresti\/wp-json\/wp\/v2\/media\/54543"}],"wp:attachment":[{"href":"https:\/\/buletin.de\/bucuresti\/wp-json\/wp\/v2\/media?parent=54542"}],"wp:term":[{"taxonomy":"category","embeddable":true,"href":"https:\/\/buletin.de\/bucuresti\/wp-json\/wp\/v2\/categories?post=54542"},{"taxonomy":"post_tag","embeddable":true,"href":"https:\/\/buletin.de\/bucuresti\/wp-json\/wp\/v2\/tags?post=54542"},{"taxonomy":"author","embeddable":true,"href":"https:\/\/buletin.de\/bucuresti\/wp-json\/wp\/v2\/ppma_author?post=54542"}],"curies":[{"name":"wp","href":"https:\/\/api.w.org\/{rel}","templated":true}]}}