{"id":54538,"date":"2023-02-20T14:24:51","date_gmt":"2023-02-20T12:24:51","guid":{"rendered":"https:\/\/buletin.de\/bucuresti\/?p=54538"},"modified":"2023-02-20T14:24:52","modified_gmt":"2023-02-20T12:24:52","slug":"filmari-pe-strazile-din-bucuresti-pentru-productia-unui-film-traficul-rutier-restrictionat","status":"publish","type":"post","link":"https:\/\/buletin.de\/bucuresti\/filmari-pe-strazile-din-bucuresti-pentru-productia-unui-film-traficul-rutier-restrictionat\/","title":{"rendered":"Film\u0103ri pe str\u0103zile din Bucure\u0219ti pentru produc\u021bia unui film. Traficul rutier, restric\u021bionat"},"content":{"rendered":"\n<p>Traficul rutier va fi restric\u021bionat \u00een mai multe zone din Bucure\u0219ti, \u00een zilele de <strong>20, 21 \u0219i 27 februarie<\/strong>, pentru filmarea unor secven\u021be din produc\u021bia unui film artistic.<\/p>\n\n\n\n<p>Film\u0103rile vor fi realizate cu \u00eentreruperea cu intermiten\u021be de 5 minute la interval de 20 de minute a traficului rutier, sub supravegherea poli\u021bi\u0219tilor rutieri.<\/p>\n\n\n\n<p>Zonele unde circula\u021bia va fi restric\u021bionat\u0103 sunt: <\/p>\n\n\n\n<ul class=\"wp-block-list\"><li>pe <strong>20 februarie<\/strong>, \u00eentre orele <strong>12.30-17.00<\/strong>, <strong>Str. C.A. Rosetti, zona Galeriei Galateca<\/strong>;<\/li><li>pe <strong>21 februarie<\/strong>, \u00eentre orele <strong>12.00-22.00<\/strong>, <strong>Str. Negustori nr.10<\/strong>;<\/li><li>pe <strong>27 februarie<\/strong>, \u00eentre orele <strong>07.00-22.00<\/strong>, <strong>breteaua de pe Bd. Aviatorilor nr. 19<\/strong>.<\/li><\/ul>\n\n\n\n<p>Brigada Rutier\u0103 le cere \u0219oferilor auto s\u0103 circule cu pruden\u021b\u0103, s\u0103 p\u0103streze o distan\u021b\u0103 suficient\u0103 pentru a putea fr\u00e2na \u00een condi\u021bii de siguran\u021b\u0103, s\u0103 nu opreasc\u0103 ori s\u0103 sta\u0163ioneze dec\u00e2t \u00een locurile special amenajate \u0219i s\u0103 respecte semnalele \u0219i indica\u021biile poli\u021bi\u015ftilor rutieri.<\/p>\n\n\n\n<p>Pietonilor, Brigada Rutier\u0103 le recomand\u0103 s\u0103 respecte semnalele \u0219i indica\u021biile poli\u021bi\u015ftilor rutieri, s\u0103 circule doar pe trotuare, traversarea str\u0103zii s\u0103 o fac\u0103 doar prin locurile special amenajate \u0219i la culoarea verde a semaforului electric, dup\u0103 ce s-au asigurat temeinic, iar conduc\u0103torii de vehicule le-au \u00een\u021beles inten\u0163ia de a traversa.<\/p>\n","protected":false},"excerpt":{"rendered":"<p>Traficul rutier va fi restric\u021bionat \u00een mai multe zone din Bucure\u0219ti, \u00een zilele de 20, 21 \u0219i 27 februarie, pentru filmarea unor secven\u021be din produc\u021bia unui film artistic. Film\u0103rile vor fi realizate cu \u00eentreruperea cu intermiten\u021be de 5 minute la interval de 20 de minute a traficului rutier, sub supravegherea poli\u021bi\u0219tilor rutieri. Zonele unde circula\u021bia [&hellip;]<\/p>\n","protected":false},"author":46,"featured_media":54412,"comment_status":"closed","ping_status":"open","sticky":false,"template":"","format":"standard","meta":{"_acf_changed":false,"inline_featured_image":false,"ngg_post_thumbnail":0,"footnotes":""},"categories":[62],"tags":[],"ppma_author":[22605],"class_list":["post-54538","post","type-post","status-publish","format-standard","has-post-thumbnail","hentry","category-stiri"],"acf":[],"yoast_head":"<!-- This site is optimized with the Yoast SEO Premium plugin v25.3 (Yoast SEO v27.5) - https:\/\/yoast.com\/product\/yoast-seo-premium-wordpress\/ -->\n<title>Film\u0103ri pe str\u0103zile din Bucure\u0219ti pentru produc\u021bia unui film. Traficul rutier, restric\u021bionat - Buletin de Bucure\u0219ti<\/title>\n<meta name=\"robots\" content=\"index, follow, max-snippet:-1, max-image-preview:large, max-video-preview:-1\" \/>\n<link rel=\"canonical\" href=\"https:\/\/buletin.de\/bucuresti\/filmari-pe-strazile-din-bucuresti-pentru-productia-unui-film-traficul-rutier-restrictionat\/\" \/>\n<meta property=\"og:locale\" content=\"en_GB\" \/>\n<meta property=\"og:type\" content=\"article\" \/>\n<meta property=\"og:title\" content=\"Film\u0103ri pe str\u0103zile din Bucure\u0219ti pentru produc\u021bia unui film. Traficul rutier, restric\u021bionat\" \/>\n<meta property=\"og:description\" content=\"Traficul rutier va fi restric\u021bionat \u00een mai multe zone din Bucure\u0219ti, \u00een zilele de 20, 21 \u0219i 27 februarie, pentru filmarea unor secven\u021be din produc\u021bia unui film artistic. Film\u0103rile vor fi realizate cu \u00eentreruperea cu intermiten\u021be de 5 minute la interval de 20 de minute a traficului rutier, sub supravegherea poli\u021bi\u0219tilor rutieri. Zonele unde circula\u021bia [&hellip;]\" \/>\n<meta property=\"og:url\" content=\"https:\/\/buletin.de\/bucuresti\/filmari-pe-strazile-din-bucuresti-pentru-productia-unui-film-traficul-rutier-restrictionat\/\" \/>\n<meta property=\"og:site_name\" content=\"Buletin de Bucure\u0219ti\" \/>\n<meta property=\"article:publisher\" content=\"https:\/\/www.facebook.com\/buletin.de.buc\" \/>\n<meta property=\"article:published_time\" content=\"2023-02-20T12:24:51+00:00\" \/>\n<meta property=\"article:modified_time\" content=\"2023-02-20T12:24:52+00:00\" \/>\n<meta property=\"og:image\" content=\"https:\/\/buletin.de\/bucuresti\/wp-content\/uploads\/555e8eb9293e47c331adeb1771ebd91e.jpg\" \/>\n\t<meta property=\"og:image:width\" content=\"563\" \/>\n\t<meta property=\"og:image:height\" content=\"533\" \/>\n\t<meta property=\"og:image:type\" content=\"image\/jpeg\" \/>\n<meta name=\"author\" content=\"Andreea Gelatu\" \/>\n<meta name=\"twitter:card\" content=\"summary_large_image\" \/>\n<meta name=\"twitter:label1\" content=\"Written by\" \/>\n\t<meta name=\"twitter:data1\" content=\"Andreea Gelatu\" \/>\n\t<meta name=\"twitter:label2\" content=\"Estimated reading time\" \/>\n\t<meta name=\"twitter:data2\" content=\"1 minute\" \/>\n<script type=\"application\/ld+json\" class=\"yoast-schema-graph\">{\"@context\":\"https:\\\/\\\/schema.org\",\"@graph\":[{\"@type\":\"Article\",\"@id\":\"https:\\\/\\\/buletin.de\\\/bucuresti\\\/filmari-pe-strazile-din-bucuresti-pentru-productia-unui-film-traficul-rutier-restrictionat\\\/#article\",\"isPartOf\":{\"@id\":\"https:\\\/\\\/buletin.de\\\/bucuresti\\\/filmari-pe-strazile-din-bucuresti-pentru-productia-unui-film-traficul-rutier-restrictionat\\\/\"},\"author\":{\"name\":\"Andreea Gelatu\",\"@id\":\"https:\\\/\\\/buletin.de\\\/bucuresti\\\/#\\\/schema\\\/person\\\/87734700b2c7f8608881f7e93b8834de\"},\"headline\":\"Film\u0103ri pe str\u0103zile din Bucure\u0219ti pentru produc\u021bia unui film. Traficul rutier, restric\u021bionat\",\"datePublished\":\"2023-02-20T12:24:51+00:00\",\"dateModified\":\"2023-02-20T12:24:52+00:00\",\"mainEntityOfPage\":{\"@id\":\"https:\\\/\\\/buletin.de\\\/bucuresti\\\/filmari-pe-strazile-din-bucuresti-pentru-productia-unui-film-traficul-rutier-restrictionat\\\/\"},\"wordCount\":218,\"publisher\":{\"@id\":\"https:\\\/\\\/buletin.de\\\/bucuresti\\\/#organization\"},\"image\":{\"@id\":\"https:\\\/\\\/buletin.de\\\/bucuresti\\\/filmari-pe-strazile-din-bucuresti-pentru-productia-unui-film-traficul-rutier-restrictionat\\\/#primaryimage\"},\"thumbnailUrl\":\"https:\\\/\\\/buletin.de\\\/bucuresti\\\/wp-content\\\/uploads\\\/555e8eb9293e47c331adeb1771ebd91e.jpg\",\"articleSection\":[\"\u0218tiri\"],\"inLanguage\":\"en-GB\",\"copyrightYear\":\"2023\",\"copyrightHolder\":{\"@id\":\"https:\\\/\\\/buletin.de\\\/bucuresti\\\/#organization\"}},{\"@type\":\"WebPage\",\"@id\":\"https:\\\/\\\/buletin.de\\\/bucuresti\\\/filmari-pe-strazile-din-bucuresti-pentru-productia-unui-film-traficul-rutier-restrictionat\\\/\",\"url\":\"https:\\\/\\\/buletin.de\\\/bucuresti\\\/filmari-pe-strazile-din-bucuresti-pentru-productia-unui-film-traficul-rutier-restrictionat\\\/\",\"name\":\"Film\u0103ri pe str\u0103zile din Bucure\u0219ti pentru produc\u021bia unui film. Traficul rutier, restric\u021bionat - Buletin de Bucure\u0219ti\",\"isPartOf\":{\"@id\":\"https:\\\/\\\/buletin.de\\\/bucuresti\\\/#website\"},\"primaryImageOfPage\":{\"@id\":\"https:\\\/\\\/buletin.de\\\/bucuresti\\\/filmari-pe-strazile-din-bucuresti-pentru-productia-unui-film-traficul-rutier-restrictionat\\\/#primaryimage\"},\"image\":{\"@id\":\"https:\\\/\\\/buletin.de\\\/bucuresti\\\/filmari-pe-strazile-din-bucuresti-pentru-productia-unui-film-traficul-rutier-restrictionat\\\/#primaryimage\"},\"thumbnailUrl\":\"https:\\\/\\\/buletin.de\\\/bucuresti\\\/wp-content\\\/uploads\\\/555e8eb9293e47c331adeb1771ebd91e.jpg\",\"datePublished\":\"2023-02-20T12:24:51+00:00\",\"dateModified\":\"2023-02-20T12:24:52+00:00\",\"breadcrumb\":{\"@id\":\"https:\\\/\\\/buletin.de\\\/bucuresti\\\/filmari-pe-strazile-din-bucuresti-pentru-productia-unui-film-traficul-rutier-restrictionat\\\/#breadcrumb\"},\"inLanguage\":\"en-GB\",\"potentialAction\":[{\"@type\":\"ReadAction\",\"target\":[\"https:\\\/\\\/buletin.de\\\/bucuresti\\\/filmari-pe-strazile-din-bucuresti-pentru-productia-unui-film-traficul-rutier-restrictionat\\\/\"]}]},{\"@type\":\"ImageObject\",\"inLanguage\":\"en-GB\",\"@id\":\"https:\\\/\\\/buletin.de\\\/bucuresti\\\/filmari-pe-strazile-din-bucuresti-pentru-productia-unui-film-traficul-rutier-restrictionat\\\/#primaryimage\",\"url\":\"https:\\\/\\\/buletin.de\\\/bucuresti\\\/wp-content\\\/uploads\\\/555e8eb9293e47c331adeb1771ebd91e.jpg\",\"contentUrl\":\"https:\\\/\\\/buletin.de\\\/bucuresti\\\/wp-content\\\/uploads\\\/555e8eb9293e47c331adeb1771ebd91e.jpg\",\"width\":563,\"height\":533},{\"@type\":\"BreadcrumbList\",\"@id\":\"https:\\\/\\\/buletin.de\\\/bucuresti\\\/filmari-pe-strazile-din-bucuresti-pentru-productia-unui-film-traficul-rutier-restrictionat\\\/#breadcrumb\",\"itemListElement\":[{\"@type\":\"ListItem\",\"position\":1,\"name\":\"Acas\u0103\",\"item\":\"https:\\\/\\\/buletin.de\\\/bucuresti\\\/\"},{\"@type\":\"ListItem\",\"position\":2,\"name\":\"Film\u0103ri pe str\u0103zile din Bucure\u0219ti pentru produc\u021bia unui film. Traficul rutier, restric\u021bionat\"}]},{\"@type\":\"WebSite\",\"@id\":\"https:\\\/\\\/buletin.de\\\/bucuresti\\\/#website\",\"url\":\"https:\\\/\\\/buletin.de\\\/bucuresti\\\/\",\"name\":\"Buletin de Bucure\u0219ti\",\"description\":\"\u0218tiri \u0219i investiga\u021bii esen\u021biale din capital\u0103\",\"publisher\":{\"@id\":\"https:\\\/\\\/buletin.de\\\/bucuresti\\\/#organization\"},\"potentialAction\":[{\"@type\":\"SearchAction\",\"target\":{\"@type\":\"EntryPoint\",\"urlTemplate\":\"https:\\\/\\\/buletin.de\\\/bucuresti\\\/?s={search_term_string}\"},\"query-input\":{\"@type\":\"PropertyValueSpecification\",\"valueRequired\":true,\"valueName\":\"search_term_string\"}}],\"inLanguage\":\"en-GB\"},{\"@type\":\"Organization\",\"@id\":\"https:\\\/\\\/buletin.de\\\/bucuresti\\\/#organization\",\"name\":\"Buletin de Bucure\u0219ti\",\"url\":\"https:\\\/\\\/buletin.de\\\/bucuresti\\\/\",\"logo\":{\"@type\":\"ImageObject\",\"inLanguage\":\"en-GB\",\"@id\":\"https:\\\/\\\/buletin.de\\\/bucuresti\\\/#\\\/schema\\\/logo\\\/image\\\/\",\"url\":\"https:\\\/\\\/buletin.de\\\/bucuresti\\\/wp-content\\\/uploads\\\/logo-bdb-full-wide-vernil-transparent.png\",\"contentUrl\":\"https:\\\/\\\/buletin.de\\\/bucuresti\\\/wp-content\\\/uploads\\\/logo-bdb-full-wide-vernil-transparent.png\",\"width\":1782,\"height\":626,\"caption\":\"Buletin de Bucure\u0219ti\"},\"image\":{\"@id\":\"https:\\\/\\\/buletin.de\\\/bucuresti\\\/#\\\/schema\\\/logo\\\/image\\\/\"},\"sameAs\":[\"https:\\\/\\\/www.facebook.com\\\/buletin.de.buc\",\"https:\\\/\\\/www.instagram.com\\\/buletinde.bucuresti\\\/\"]},{\"@type\":\"Person\",\"@id\":\"https:\\\/\\\/buletin.de\\\/bucuresti\\\/#\\\/schema\\\/person\\\/87734700b2c7f8608881f7e93b8834de\",\"name\":\"Andreea Gelatu\",\"image\":{\"@type\":\"ImageObject\",\"inLanguage\":\"en-GB\",\"@id\":\"https:\\\/\\\/secure.gravatar.com\\\/avatar\\\/b716eca2f984b9b65bdd87118b4b909d940b619cbe6e8cb725fe11c1b1f4194f?s=96&d=monsterid&r=g9b5eff4996c6b842a29b3057a7b4746f\",\"url\":\"https:\\\/\\\/secure.gravatar.com\\\/avatar\\\/b716eca2f984b9b65bdd87118b4b909d940b619cbe6e8cb725fe11c1b1f4194f?s=96&d=monsterid&r=g\",\"contentUrl\":\"https:\\\/\\\/secure.gravatar.com\\\/avatar\\\/b716eca2f984b9b65bdd87118b4b909d940b619cbe6e8cb725fe11c1b1f4194f?s=96&d=monsterid&r=g\",\"caption\":\"Andreea Gelatu\"},\"url\":\"https:\\\/\\\/buletin.de\\\/bucuresti\\\/author\\\/andreeagelatu\\\/\"}]}<\/script>\n<!-- \/ Yoast SEO Premium plugin. -->","yoast_head_json":{"title":"Film\u0103ri pe str\u0103zile din Bucure\u0219ti pentru produc\u021bia unui film. Traficul rutier, restric\u021bionat - Buletin de Bucure\u0219ti","robots":{"index":"index","follow":"follow","max-snippet":"max-snippet:-1","max-image-preview":"max-image-preview:large","max-video-preview":"max-video-preview:-1"},"canonical":"https:\/\/buletin.de\/bucuresti\/filmari-pe-strazile-din-bucuresti-pentru-productia-unui-film-traficul-rutier-restrictionat\/","og_locale":"en_GB","og_type":"article","og_title":"Film\u0103ri pe str\u0103zile din Bucure\u0219ti pentru produc\u021bia unui film. Traficul rutier, restric\u021bionat","og_description":"Traficul rutier va fi restric\u021bionat \u00een mai multe zone din Bucure\u0219ti, \u00een zilele de 20, 21 \u0219i 27 februarie, pentru filmarea unor secven\u021be din produc\u021bia unui film artistic. Film\u0103rile vor fi realizate cu \u00eentreruperea cu intermiten\u021be de 5 minute la interval de 20 de minute a traficului rutier, sub supravegherea poli\u021bi\u0219tilor rutieri. Zonele unde circula\u021bia [&hellip;]","og_url":"https:\/\/buletin.de\/bucuresti\/filmari-pe-strazile-din-bucuresti-pentru-productia-unui-film-traficul-rutier-restrictionat\/","og_site_name":"Buletin de Bucure\u0219ti","article_publisher":"https:\/\/www.facebook.com\/buletin.de.buc","article_published_time":"2023-02-20T12:24:51+00:00","article_modified_time":"2023-02-20T12:24:52+00:00","og_image":[{"width":563,"height":533,"url":"https:\/\/buletin.de\/bucuresti\/wp-content\/uploads\/555e8eb9293e47c331adeb1771ebd91e.jpg","type":"image\/jpeg"}],"author":"Andreea Gelatu","twitter_card":"summary_large_image","twitter_misc":{"Written by":"Andreea Gelatu","Estimated reading time":"1 minute"},"schema":{"@context":"https:\/\/schema.org","@graph":[{"@type":"Article","@id":"https:\/\/buletin.de\/bucuresti\/filmari-pe-strazile-din-bucuresti-pentru-productia-unui-film-traficul-rutier-restrictionat\/#article","isPartOf":{"@id":"https:\/\/buletin.de\/bucuresti\/filmari-pe-strazile-din-bucuresti-pentru-productia-unui-film-traficul-rutier-restrictionat\/"},"author":{"name":"Andreea Gelatu","@id":"https:\/\/buletin.de\/bucuresti\/#\/schema\/person\/87734700b2c7f8608881f7e93b8834de"},"headline":"Film\u0103ri pe str\u0103zile din Bucure\u0219ti pentru produc\u021bia unui film. Traficul rutier, restric\u021bionat","datePublished":"2023-02-20T12:24:51+00:00","dateModified":"2023-02-20T12:24:52+00:00","mainEntityOfPage":{"@id":"https:\/\/buletin.de\/bucuresti\/filmari-pe-strazile-din-bucuresti-pentru-productia-unui-film-traficul-rutier-restrictionat\/"},"wordCount":218,"publisher":{"@id":"https:\/\/buletin.de\/bucuresti\/#organization"},"image":{"@id":"https:\/\/buletin.de\/bucuresti\/filmari-pe-strazile-din-bucuresti-pentru-productia-unui-film-traficul-rutier-restrictionat\/#primaryimage"},"thumbnailUrl":"https:\/\/buletin.de\/bucuresti\/wp-content\/uploads\/555e8eb9293e47c331adeb1771ebd91e.jpg","articleSection":["\u0218tiri"],"inLanguage":"en-GB","copyrightYear":"2023","copyrightHolder":{"@id":"https:\/\/buletin.de\/bucuresti\/#organization"}},{"@type":"WebPage","@id":"https:\/\/buletin.de\/bucuresti\/filmari-pe-strazile-din-bucuresti-pentru-productia-unui-film-traficul-rutier-restrictionat\/","url":"https:\/\/buletin.de\/bucuresti\/filmari-pe-strazile-din-bucuresti-pentru-productia-unui-film-traficul-rutier-restrictionat\/","name":"Film\u0103ri pe str\u0103zile din Bucure\u0219ti pentru produc\u021bia unui film. Traficul rutier, restric\u021bionat - Buletin de Bucure\u0219ti","isPartOf":{"@id":"https:\/\/buletin.de\/bucuresti\/#website"},"primaryImageOfPage":{"@id":"https:\/\/buletin.de\/bucuresti\/filmari-pe-strazile-din-bucuresti-pentru-productia-unui-film-traficul-rutier-restrictionat\/#primaryimage"},"image":{"@id":"https:\/\/buletin.de\/bucuresti\/filmari-pe-strazile-din-bucuresti-pentru-productia-unui-film-traficul-rutier-restrictionat\/#primaryimage"},"thumbnailUrl":"https:\/\/buletin.de\/bucuresti\/wp-content\/uploads\/555e8eb9293e47c331adeb1771ebd91e.jpg","datePublished":"2023-02-20T12:24:51+00:00","dateModified":"2023-02-20T12:24:52+00:00","breadcrumb":{"@id":"https:\/\/buletin.de\/bucuresti\/filmari-pe-strazile-din-bucuresti-pentru-productia-unui-film-traficul-rutier-restrictionat\/#breadcrumb"},"inLanguage":"en-GB","potentialAction":[{"@type":"ReadAction","target":["https:\/\/buletin.de\/bucuresti\/filmari-pe-strazile-din-bucuresti-pentru-productia-unui-film-traficul-rutier-restrictionat\/"]}]},{"@type":"ImageObject","inLanguage":"en-GB","@id":"https:\/\/buletin.de\/bucuresti\/filmari-pe-strazile-din-bucuresti-pentru-productia-unui-film-traficul-rutier-restrictionat\/#primaryimage","url":"https:\/\/buletin.de\/bucuresti\/wp-content\/uploads\/555e8eb9293e47c331adeb1771ebd91e.jpg","contentUrl":"https:\/\/buletin.de\/bucuresti\/wp-content\/uploads\/555e8eb9293e47c331adeb1771ebd91e.jpg","width":563,"height":533},{"@type":"BreadcrumbList","@id":"https:\/\/buletin.de\/bucuresti\/filmari-pe-strazile-din-bucuresti-pentru-productia-unui-film-traficul-rutier-restrictionat\/#breadcrumb","itemListElement":[{"@type":"ListItem","position":1,"name":"Acas\u0103","item":"https:\/\/buletin.de\/bucuresti\/"},{"@type":"ListItem","position":2,"name":"Film\u0103ri pe str\u0103zile din Bucure\u0219ti pentru produc\u021bia unui film. Traficul rutier, restric\u021bionat"}]},{"@type":"WebSite","@id":"https:\/\/buletin.de\/bucuresti\/#website","url":"https:\/\/buletin.de\/bucuresti\/","name":"Buletin de Bucure\u0219ti","description":"\u0218tiri \u0219i investiga\u021bii esen\u021biale din capital\u0103","publisher":{"@id":"https:\/\/buletin.de\/bucuresti\/#organization"},"potentialAction":[{"@type":"SearchAction","target":{"@type":"EntryPoint","urlTemplate":"https:\/\/buletin.de\/bucuresti\/?s={search_term_string}"},"query-input":{"@type":"PropertyValueSpecification","valueRequired":true,"valueName":"search_term_string"}}],"inLanguage":"en-GB"},{"@type":"Organization","@id":"https:\/\/buletin.de\/bucuresti\/#organization","name":"Buletin de Bucure\u0219ti","url":"https:\/\/buletin.de\/bucuresti\/","logo":{"@type":"ImageObject","inLanguage":"en-GB","@id":"https:\/\/buletin.de\/bucuresti\/#\/schema\/logo\/image\/","url":"https:\/\/buletin.de\/bucuresti\/wp-content\/uploads\/logo-bdb-full-wide-vernil-transparent.png","contentUrl":"https:\/\/buletin.de\/bucuresti\/wp-content\/uploads\/logo-bdb-full-wide-vernil-transparent.png","width":1782,"height":626,"caption":"Buletin de Bucure\u0219ti"},"image":{"@id":"https:\/\/buletin.de\/bucuresti\/#\/schema\/logo\/image\/"},"sameAs":["https:\/\/www.facebook.com\/buletin.de.buc","https:\/\/www.instagram.com\/buletinde.bucuresti\/"]},{"@type":"Person","@id":"https:\/\/buletin.de\/bucuresti\/#\/schema\/person\/87734700b2c7f8608881f7e93b8834de","name":"Andreea Gelatu","image":{"@type":"ImageObject","inLanguage":"en-GB","@id":"https:\/\/secure.gravatar.com\/avatar\/b716eca2f984b9b65bdd87118b4b909d940b619cbe6e8cb725fe11c1b1f4194f?s=96&d=monsterid&r=g9b5eff4996c6b842a29b3057a7b4746f","url":"https:\/\/secure.gravatar.com\/avatar\/b716eca2f984b9b65bdd87118b4b909d940b619cbe6e8cb725fe11c1b1f4194f?s=96&d=monsterid&r=g","contentUrl":"https:\/\/secure.gravatar.com\/avatar\/b716eca2f984b9b65bdd87118b4b909d940b619cbe6e8cb725fe11c1b1f4194f?s=96&d=monsterid&r=g","caption":"Andreea Gelatu"},"url":"https:\/\/buletin.de\/bucuresti\/author\/andreeagelatu\/"}]}},"authors":[{"term_id":22605,"user_id":46,"is_guest":0,"slug":"andreeagelatu","display_name":"Andreea Gelatu","avatar_url":"https:\/\/secure.gravatar.com\/avatar\/b716eca2f984b9b65bdd87118b4b909d940b619cbe6e8cb725fe11c1b1f4194f?s=96&d=monsterid&r=g","0":null,"1":"","2":"","3":"","4":"","5":"","6":"","7":"","8":""}],"_links":{"self":[{"href":"https:\/\/buletin.de\/bucuresti\/wp-json\/wp\/v2\/posts\/54538","targetHints":{"allow":["GET"]}}],"collection":[{"href":"https:\/\/buletin.de\/bucuresti\/wp-json\/wp\/v2\/posts"}],"about":[{"href":"https:\/\/buletin.de\/bucuresti\/wp-json\/wp\/v2\/types\/post"}],"author":[{"embeddable":true,"href":"https:\/\/buletin.de\/bucuresti\/wp-json\/wp\/v2\/users\/46"}],"replies":[{"embeddable":true,"href":"https:\/\/buletin.de\/bucuresti\/wp-json\/wp\/v2\/comments?post=54538"}],"version-history":[{"count":3,"href":"https:\/\/buletin.de\/bucuresti\/wp-json\/wp\/v2\/posts\/54538\/revisions"}],"predecessor-version":[{"id":54541,"href":"https:\/\/buletin.de\/bucuresti\/wp-json\/wp\/v2\/posts\/54538\/revisions\/54541"}],"wp:featuredmedia":[{"embeddable":true,"href":"https:\/\/buletin.de\/bucuresti\/wp-json\/wp\/v2\/media\/54412"}],"wp:attachment":[{"href":"https:\/\/buletin.de\/bucuresti\/wp-json\/wp\/v2\/media?parent=54538"}],"wp:term":[{"taxonomy":"category","embeddable":true,"href":"https:\/\/buletin.de\/bucuresti\/wp-json\/wp\/v2\/categories?post=54538"},{"taxonomy":"post_tag","embeddable":true,"href":"https:\/\/buletin.de\/bucuresti\/wp-json\/wp\/v2\/tags?post=54538"},{"taxonomy":"author","embeddable":true,"href":"https:\/\/buletin.de\/bucuresti\/wp-json\/wp\/v2\/ppma_author?post=54538"}],"curies":[{"name":"wp","href":"https:\/\/api.w.org\/{rel}","templated":true}]}}