{"id":54533,"date":"2023-02-19T20:49:58","date_gmt":"2023-02-19T18:49:58","guid":{"rendered":"https:\/\/buletin.de\/bucuresti\/?p=54533"},"modified":"2023-02-20T20:38:54","modified_gmt":"2023-02-20T18:38:54","slug":"ciorogarla-bataie-pe-strada-intre-mai-multe-persoane","status":"publish","type":"post","link":"https:\/\/buletin.de\/bucuresti\/ciorogarla-bataie-pe-strada-intre-mai-multe-persoane\/","title":{"rendered":"Ciorog\u00e2rla | B\u0103taie pe strad\u0103 \u00eentre mai multe persoane"},"content":{"rendered":"\n<p>Actualizare: Au fost identificate 14 persoane care au participat la alterca\u021bia din satul D\u00e2rvari, localitatea Ciorog\u00e2rla. 12 dintre acestea au fost arestate preventiv pentru 24 de ore.<\/p>\n\n\n\n<p>Persoana transportat\u0103 la spital, singura femeie dintre cei identifica\u021bi, nu a avut nevoie de internare.&nbsp;<\/p>\n\n\n\n<p>Celor 12 b\u0103rba\u021bi aresta\u021bi preventiv, cu v\u00e2rste cuprinse \u00eentre 19 \u0219i 60 de ani, le-a fost deschis un dosar penal \u00een care se efectueaz\u0103 cercet\u0103ri sub aspectul <em>s\u0103v\u00e2r\u0219irii infrac\u021biunilor de \u00eenc\u0103ierare, tulburarea ordinii \u0219i lini\u0219tii publice \u0219i respectiv distrugere.&nbsp;<\/em><\/p>\n\n\n\n<p>Cercet\u0103rile sunt efectuate sub supravegherea Parchetului de pe l\u00e2ng\u0103 Judec\u0103toria Cornetu.<\/p>\n\n\n\n<p><strong>Mai mul\u021bi oameni s-au luat la b\u0103taie, \u00een aceast\u0103 dup\u0103-amiaz\u0103, 19 februarie, pe o strad\u0103 din localitatea Ciorog\u00e2rla. Din cele 11 persoane identificate ca responsabile pentru b\u0103taie, una dintre ele a fost transportat\u0103 la spital, pentru \u00eengrijiri medicale. Restul au fost transporta\u021bi la sec\u021bia de poli\u021bie.\u00a0<\/strong><\/p>\n\n\n\n<p>\u00cen jurul orei 15:00, mai multe persoane s-au luat la b\u0103taie, lovindu-se inclusiv cu obiecte contondente. O persoan\u0103 a avut nevoie de \u00eengrijiri medicale de specialitate, a\u0219a c\u0103 a fost transportat\u0103 la spital. De asemenea, \u00een urma conflictului, o ma\u0219in\u0103 a fost distrus\u0103.&nbsp;<\/p>\n\n\n\n<p>Poli\u021bi\u0219tii din Bragadiru au intervenit \u00eempreun\u0103 cu poli\u021bi\u0219tii din Chitila, de la ac\u021biuni speciale Ilfov \u0219i jandarmi Ilfoveni. Ace\u0219tia au identificat, p\u00e2n\u0103 \u00een momentul de fa\u021b\u0103, 11 persoane responsabile, une dintre ele fiind persoana transportat\u0103 la spital.&nbsp;<\/p>\n\n\n\n<p>For\u021bele speciale \u00eenc\u0103 nu au stabilit motivul sau amploarea alterca\u021biei. \u00cen urma cercet\u0103rilor, acestea vor putea s\u0103 stabileasc\u0103 \u0219i m\u0103surile legale ce vor fi aplicate.&nbsp;<\/p>\n","protected":false},"excerpt":{"rendered":"<p>Actualizare: Au fost identificate 14 persoane care au participat la alterca\u021bia din satul D\u00e2rvari, localitatea Ciorog\u00e2rla. 12 dintre acestea au fost arestate preventiv pentru 24 de ore. Persoana transportat\u0103 la spital, singura femeie dintre cei identifica\u021bi, nu a avut nevoie de internare.&nbsp; Celor 12 b\u0103rba\u021bi aresta\u021bi preventiv, cu v\u00e2rste cuprinse \u00eentre 19 \u0219i 60 de [&hellip;]<\/p>\n","protected":false},"author":47,"featured_media":28057,"comment_status":"closed","ping_status":"open","sticky":false,"template":"","format":"standard","meta":{"_acf_changed":false,"inline_featured_image":false,"ngg_post_thumbnail":0,"footnotes":""},"categories":[62],"tags":[],"ppma_author":[22580],"class_list":["post-54533","post","type-post","status-publish","format-standard","has-post-thumbnail","hentry","category-stiri"],"acf":[],"yoast_head":"<!-- This site is optimized with the Yoast SEO Premium plugin v25.3 (Yoast SEO v27.4) - https:\/\/yoast.com\/product\/yoast-seo-premium-wordpress\/ -->\n<title>Ciorog\u00e2rla | B\u0103taie pe strad\u0103 \u00eentre mai multe persoane - Buletin de Bucure\u0219ti<\/title>\n<meta name=\"robots\" content=\"index, follow, max-snippet:-1, max-image-preview:large, max-video-preview:-1\" \/>\n<link rel=\"canonical\" href=\"https:\/\/buletin.de\/bucuresti\/ciorogarla-bataie-pe-strada-intre-mai-multe-persoane\/\" \/>\n<meta property=\"og:locale\" content=\"en_GB\" \/>\n<meta property=\"og:type\" content=\"article\" \/>\n<meta property=\"og:title\" content=\"Ciorog\u00e2rla | B\u0103taie pe strad\u0103 \u00eentre mai multe persoane\" \/>\n<meta property=\"og:description\" content=\"Actualizare: Au fost identificate 14 persoane care au participat la alterca\u021bia din satul D\u00e2rvari, localitatea Ciorog\u00e2rla. 12 dintre acestea au fost arestate preventiv pentru 24 de ore. Persoana transportat\u0103 la spital, singura femeie dintre cei identifica\u021bi, nu a avut nevoie de internare.&nbsp; Celor 12 b\u0103rba\u021bi aresta\u021bi preventiv, cu v\u00e2rste cuprinse \u00eentre 19 \u0219i 60 de [&hellip;]\" \/>\n<meta property=\"og:url\" content=\"https:\/\/buletin.de\/bucuresti\/ciorogarla-bataie-pe-strada-intre-mai-multe-persoane\/\" \/>\n<meta property=\"og:site_name\" content=\"Buletin de Bucure\u0219ti\" \/>\n<meta property=\"article:publisher\" content=\"https:\/\/www.facebook.com\/buletin.de.buc\" \/>\n<meta property=\"article:published_time\" content=\"2023-02-19T18:49:58+00:00\" \/>\n<meta property=\"article:modified_time\" content=\"2023-02-20T18:38:54+00:00\" \/>\n<meta property=\"og:image\" content=\"https:\/\/buletin.de\/bucuresti\/wp-content\/uploads\/politia-bucuresti-masina-politie.jpg\" \/>\n\t<meta property=\"og:image:width\" content=\"1440\" \/>\n\t<meta property=\"og:image:height\" content=\"1230\" \/>\n\t<meta property=\"og:image:type\" content=\"image\/jpeg\" \/>\n<meta name=\"author\" content=\"Adina C\u0103p\u00eelnean\" \/>\n<meta name=\"twitter:card\" content=\"summary_large_image\" \/>\n<meta name=\"twitter:label1\" content=\"Written by\" \/>\n\t<meta name=\"twitter:data1\" content=\"Adina C\u0103p\u00eelnean\" \/>\n\t<meta name=\"twitter:label2\" content=\"Estimated reading time\" \/>\n\t<meta name=\"twitter:data2\" content=\"2 minutes\" \/>\n<script type=\"application\/ld+json\" class=\"yoast-schema-graph\">{\"@context\":\"https:\\\/\\\/schema.org\",\"@graph\":[{\"@type\":\"Article\",\"@id\":\"https:\\\/\\\/buletin.de\\\/bucuresti\\\/ciorogarla-bataie-pe-strada-intre-mai-multe-persoane\\\/#article\",\"isPartOf\":{\"@id\":\"https:\\\/\\\/buletin.de\\\/bucuresti\\\/ciorogarla-bataie-pe-strada-intre-mai-multe-persoane\\\/\"},\"author\":{\"name\":\"Adina C\u0103p\u00eelnean\",\"@id\":\"https:\\\/\\\/buletin.de\\\/bucuresti\\\/#\\\/schema\\\/person\\\/ab174cf6711728e4ee83d672acf9a912\"},\"headline\":\"Ciorog\u00e2rla | B\u0103taie pe strad\u0103 \u00eentre mai multe persoane\",\"datePublished\":\"2023-02-19T18:49:58+00:00\",\"dateModified\":\"2023-02-20T18:38:54+00:00\",\"mainEntityOfPage\":{\"@id\":\"https:\\\/\\\/buletin.de\\\/bucuresti\\\/ciorogarla-bataie-pe-strada-intre-mai-multe-persoane\\\/\"},\"wordCount\":288,\"publisher\":{\"@id\":\"https:\\\/\\\/buletin.de\\\/bucuresti\\\/#organization\"},\"image\":{\"@id\":\"https:\\\/\\\/buletin.de\\\/bucuresti\\\/ciorogarla-bataie-pe-strada-intre-mai-multe-persoane\\\/#primaryimage\"},\"thumbnailUrl\":\"https:\\\/\\\/buletin.de\\\/bucuresti\\\/wp-content\\\/uploads\\\/politia-bucuresti-masina-politie.jpg\",\"articleSection\":[\"\u0218tiri\"],\"inLanguage\":\"en-GB\",\"copyrightYear\":\"2023\",\"copyrightHolder\":{\"@id\":\"https:\\\/\\\/buletin.de\\\/bucuresti\\\/#organization\"}},{\"@type\":\"WebPage\",\"@id\":\"https:\\\/\\\/buletin.de\\\/bucuresti\\\/ciorogarla-bataie-pe-strada-intre-mai-multe-persoane\\\/\",\"url\":\"https:\\\/\\\/buletin.de\\\/bucuresti\\\/ciorogarla-bataie-pe-strada-intre-mai-multe-persoane\\\/\",\"name\":\"Ciorog\u00e2rla | B\u0103taie pe strad\u0103 \u00eentre mai multe persoane - Buletin de Bucure\u0219ti\",\"isPartOf\":{\"@id\":\"https:\\\/\\\/buletin.de\\\/bucuresti\\\/#website\"},\"primaryImageOfPage\":{\"@id\":\"https:\\\/\\\/buletin.de\\\/bucuresti\\\/ciorogarla-bataie-pe-strada-intre-mai-multe-persoane\\\/#primaryimage\"},\"image\":{\"@id\":\"https:\\\/\\\/buletin.de\\\/bucuresti\\\/ciorogarla-bataie-pe-strada-intre-mai-multe-persoane\\\/#primaryimage\"},\"thumbnailUrl\":\"https:\\\/\\\/buletin.de\\\/bucuresti\\\/wp-content\\\/uploads\\\/politia-bucuresti-masina-politie.jpg\",\"datePublished\":\"2023-02-19T18:49:58+00:00\",\"dateModified\":\"2023-02-20T18:38:54+00:00\",\"breadcrumb\":{\"@id\":\"https:\\\/\\\/buletin.de\\\/bucuresti\\\/ciorogarla-bataie-pe-strada-intre-mai-multe-persoane\\\/#breadcrumb\"},\"inLanguage\":\"en-GB\",\"potentialAction\":[{\"@type\":\"ReadAction\",\"target\":[\"https:\\\/\\\/buletin.de\\\/bucuresti\\\/ciorogarla-bataie-pe-strada-intre-mai-multe-persoane\\\/\"]}]},{\"@type\":\"ImageObject\",\"inLanguage\":\"en-GB\",\"@id\":\"https:\\\/\\\/buletin.de\\\/bucuresti\\\/ciorogarla-bataie-pe-strada-intre-mai-multe-persoane\\\/#primaryimage\",\"url\":\"https:\\\/\\\/buletin.de\\\/bucuresti\\\/wp-content\\\/uploads\\\/politia-bucuresti-masina-politie.jpg\",\"contentUrl\":\"https:\\\/\\\/buletin.de\\\/bucuresti\\\/wp-content\\\/uploads\\\/politia-bucuresti-masina-politie.jpg\",\"width\":1440,\"height\":1230,\"caption\":\"sursa foto: Facebook \\\/ Direc\u021bia General\u0103 de Poli\u021bie a Municipiului Bucure\u0219ti\"},{\"@type\":\"BreadcrumbList\",\"@id\":\"https:\\\/\\\/buletin.de\\\/bucuresti\\\/ciorogarla-bataie-pe-strada-intre-mai-multe-persoane\\\/#breadcrumb\",\"itemListElement\":[{\"@type\":\"ListItem\",\"position\":1,\"name\":\"Acas\u0103\",\"item\":\"https:\\\/\\\/buletin.de\\\/bucuresti\\\/\"},{\"@type\":\"ListItem\",\"position\":2,\"name\":\"Ciorog\u00e2rla | B\u0103taie pe strad\u0103 \u00eentre mai multe persoane\"}]},{\"@type\":\"WebSite\",\"@id\":\"https:\\\/\\\/buletin.de\\\/bucuresti\\\/#website\",\"url\":\"https:\\\/\\\/buletin.de\\\/bucuresti\\\/\",\"name\":\"Buletin de Bucure\u0219ti\",\"description\":\"\u0218tiri \u0219i investiga\u021bii esen\u021biale din capital\u0103\",\"publisher\":{\"@id\":\"https:\\\/\\\/buletin.de\\\/bucuresti\\\/#organization\"},\"potentialAction\":[{\"@type\":\"SearchAction\",\"target\":{\"@type\":\"EntryPoint\",\"urlTemplate\":\"https:\\\/\\\/buletin.de\\\/bucuresti\\\/?s={search_term_string}\"},\"query-input\":{\"@type\":\"PropertyValueSpecification\",\"valueRequired\":true,\"valueName\":\"search_term_string\"}}],\"inLanguage\":\"en-GB\"},{\"@type\":\"Organization\",\"@id\":\"https:\\\/\\\/buletin.de\\\/bucuresti\\\/#organization\",\"name\":\"Buletin de Bucure\u0219ti\",\"url\":\"https:\\\/\\\/buletin.de\\\/bucuresti\\\/\",\"logo\":{\"@type\":\"ImageObject\",\"inLanguage\":\"en-GB\",\"@id\":\"https:\\\/\\\/buletin.de\\\/bucuresti\\\/#\\\/schema\\\/logo\\\/image\\\/\",\"url\":\"https:\\\/\\\/buletin.de\\\/bucuresti\\\/wp-content\\\/uploads\\\/logo-bdb-full-wide-vernil-transparent.png\",\"contentUrl\":\"https:\\\/\\\/buletin.de\\\/bucuresti\\\/wp-content\\\/uploads\\\/logo-bdb-full-wide-vernil-transparent.png\",\"width\":1782,\"height\":626,\"caption\":\"Buletin de Bucure\u0219ti\"},\"image\":{\"@id\":\"https:\\\/\\\/buletin.de\\\/bucuresti\\\/#\\\/schema\\\/logo\\\/image\\\/\"},\"sameAs\":[\"https:\\\/\\\/www.facebook.com\\\/buletin.de.buc\",\"https:\\\/\\\/www.instagram.com\\\/buletinde.bucuresti\\\/\"]},{\"@type\":\"Person\",\"@id\":\"https:\\\/\\\/buletin.de\\\/bucuresti\\\/#\\\/schema\\\/person\\\/ab174cf6711728e4ee83d672acf9a912\",\"name\":\"Adina C\u0103p\u00eelnean\",\"image\":{\"@type\":\"ImageObject\",\"inLanguage\":\"en-GB\",\"@id\":\"https:\\\/\\\/secure.gravatar.com\\\/avatar\\\/4fe9675d6282fd7c1aa4e486a037d532d5728fc16a30360f293eb6126b2e73ad?s=96&d=monsterid&r=ge2b23868508aec3460d3c6a11d3b599a\",\"url\":\"https:\\\/\\\/secure.gravatar.com\\\/avatar\\\/4fe9675d6282fd7c1aa4e486a037d532d5728fc16a30360f293eb6126b2e73ad?s=96&d=monsterid&r=g\",\"contentUrl\":\"https:\\\/\\\/secure.gravatar.com\\\/avatar\\\/4fe9675d6282fd7c1aa4e486a037d532d5728fc16a30360f293eb6126b2e73ad?s=96&d=monsterid&r=g\",\"caption\":\"Adina C\u0103p\u00eelnean\"},\"url\":\"https:\\\/\\\/buletin.de\\\/bucuresti\\\/author\\\/adinacapilnean\\\/\"}]}<\/script>\n<!-- \/ Yoast SEO Premium plugin. -->","yoast_head_json":{"title":"Ciorog\u00e2rla | B\u0103taie pe strad\u0103 \u00eentre mai multe persoane - Buletin de Bucure\u0219ti","robots":{"index":"index","follow":"follow","max-snippet":"max-snippet:-1","max-image-preview":"max-image-preview:large","max-video-preview":"max-video-preview:-1"},"canonical":"https:\/\/buletin.de\/bucuresti\/ciorogarla-bataie-pe-strada-intre-mai-multe-persoane\/","og_locale":"en_GB","og_type":"article","og_title":"Ciorog\u00e2rla | B\u0103taie pe strad\u0103 \u00eentre mai multe persoane","og_description":"Actualizare: Au fost identificate 14 persoane care au participat la alterca\u021bia din satul D\u00e2rvari, localitatea Ciorog\u00e2rla. 12 dintre acestea au fost arestate preventiv pentru 24 de ore. Persoana transportat\u0103 la spital, singura femeie dintre cei identifica\u021bi, nu a avut nevoie de internare.&nbsp; Celor 12 b\u0103rba\u021bi aresta\u021bi preventiv, cu v\u00e2rste cuprinse \u00eentre 19 \u0219i 60 de [&hellip;]","og_url":"https:\/\/buletin.de\/bucuresti\/ciorogarla-bataie-pe-strada-intre-mai-multe-persoane\/","og_site_name":"Buletin de Bucure\u0219ti","article_publisher":"https:\/\/www.facebook.com\/buletin.de.buc","article_published_time":"2023-02-19T18:49:58+00:00","article_modified_time":"2023-02-20T18:38:54+00:00","og_image":[{"width":1440,"height":1230,"url":"https:\/\/buletin.de\/bucuresti\/wp-content\/uploads\/politia-bucuresti-masina-politie.jpg","type":"image\/jpeg"}],"author":"Adina C\u0103p\u00eelnean","twitter_card":"summary_large_image","twitter_misc":{"Written by":"Adina C\u0103p\u00eelnean","Estimated reading time":"2 minutes"},"schema":{"@context":"https:\/\/schema.org","@graph":[{"@type":"Article","@id":"https:\/\/buletin.de\/bucuresti\/ciorogarla-bataie-pe-strada-intre-mai-multe-persoane\/#article","isPartOf":{"@id":"https:\/\/buletin.de\/bucuresti\/ciorogarla-bataie-pe-strada-intre-mai-multe-persoane\/"},"author":{"name":"Adina C\u0103p\u00eelnean","@id":"https:\/\/buletin.de\/bucuresti\/#\/schema\/person\/ab174cf6711728e4ee83d672acf9a912"},"headline":"Ciorog\u00e2rla | B\u0103taie pe strad\u0103 \u00eentre mai multe persoane","datePublished":"2023-02-19T18:49:58+00:00","dateModified":"2023-02-20T18:38:54+00:00","mainEntityOfPage":{"@id":"https:\/\/buletin.de\/bucuresti\/ciorogarla-bataie-pe-strada-intre-mai-multe-persoane\/"},"wordCount":288,"publisher":{"@id":"https:\/\/buletin.de\/bucuresti\/#organization"},"image":{"@id":"https:\/\/buletin.de\/bucuresti\/ciorogarla-bataie-pe-strada-intre-mai-multe-persoane\/#primaryimage"},"thumbnailUrl":"https:\/\/buletin.de\/bucuresti\/wp-content\/uploads\/politia-bucuresti-masina-politie.jpg","articleSection":["\u0218tiri"],"inLanguage":"en-GB","copyrightYear":"2023","copyrightHolder":{"@id":"https:\/\/buletin.de\/bucuresti\/#organization"}},{"@type":"WebPage","@id":"https:\/\/buletin.de\/bucuresti\/ciorogarla-bataie-pe-strada-intre-mai-multe-persoane\/","url":"https:\/\/buletin.de\/bucuresti\/ciorogarla-bataie-pe-strada-intre-mai-multe-persoane\/","name":"Ciorog\u00e2rla | B\u0103taie pe strad\u0103 \u00eentre mai multe persoane - Buletin de Bucure\u0219ti","isPartOf":{"@id":"https:\/\/buletin.de\/bucuresti\/#website"},"primaryImageOfPage":{"@id":"https:\/\/buletin.de\/bucuresti\/ciorogarla-bataie-pe-strada-intre-mai-multe-persoane\/#primaryimage"},"image":{"@id":"https:\/\/buletin.de\/bucuresti\/ciorogarla-bataie-pe-strada-intre-mai-multe-persoane\/#primaryimage"},"thumbnailUrl":"https:\/\/buletin.de\/bucuresti\/wp-content\/uploads\/politia-bucuresti-masina-politie.jpg","datePublished":"2023-02-19T18:49:58+00:00","dateModified":"2023-02-20T18:38:54+00:00","breadcrumb":{"@id":"https:\/\/buletin.de\/bucuresti\/ciorogarla-bataie-pe-strada-intre-mai-multe-persoane\/#breadcrumb"},"inLanguage":"en-GB","potentialAction":[{"@type":"ReadAction","target":["https:\/\/buletin.de\/bucuresti\/ciorogarla-bataie-pe-strada-intre-mai-multe-persoane\/"]}]},{"@type":"ImageObject","inLanguage":"en-GB","@id":"https:\/\/buletin.de\/bucuresti\/ciorogarla-bataie-pe-strada-intre-mai-multe-persoane\/#primaryimage","url":"https:\/\/buletin.de\/bucuresti\/wp-content\/uploads\/politia-bucuresti-masina-politie.jpg","contentUrl":"https:\/\/buletin.de\/bucuresti\/wp-content\/uploads\/politia-bucuresti-masina-politie.jpg","width":1440,"height":1230,"caption":"sursa foto: Facebook \/ Direc\u021bia General\u0103 de Poli\u021bie a Municipiului Bucure\u0219ti"},{"@type":"BreadcrumbList","@id":"https:\/\/buletin.de\/bucuresti\/ciorogarla-bataie-pe-strada-intre-mai-multe-persoane\/#breadcrumb","itemListElement":[{"@type":"ListItem","position":1,"name":"Acas\u0103","item":"https:\/\/buletin.de\/bucuresti\/"},{"@type":"ListItem","position":2,"name":"Ciorog\u00e2rla | B\u0103taie pe strad\u0103 \u00eentre mai multe persoane"}]},{"@type":"WebSite","@id":"https:\/\/buletin.de\/bucuresti\/#website","url":"https:\/\/buletin.de\/bucuresti\/","name":"Buletin de Bucure\u0219ti","description":"\u0218tiri \u0219i investiga\u021bii esen\u021biale din capital\u0103","publisher":{"@id":"https:\/\/buletin.de\/bucuresti\/#organization"},"potentialAction":[{"@type":"SearchAction","target":{"@type":"EntryPoint","urlTemplate":"https:\/\/buletin.de\/bucuresti\/?s={search_term_string}"},"query-input":{"@type":"PropertyValueSpecification","valueRequired":true,"valueName":"search_term_string"}}],"inLanguage":"en-GB"},{"@type":"Organization","@id":"https:\/\/buletin.de\/bucuresti\/#organization","name":"Buletin de Bucure\u0219ti","url":"https:\/\/buletin.de\/bucuresti\/","logo":{"@type":"ImageObject","inLanguage":"en-GB","@id":"https:\/\/buletin.de\/bucuresti\/#\/schema\/logo\/image\/","url":"https:\/\/buletin.de\/bucuresti\/wp-content\/uploads\/logo-bdb-full-wide-vernil-transparent.png","contentUrl":"https:\/\/buletin.de\/bucuresti\/wp-content\/uploads\/logo-bdb-full-wide-vernil-transparent.png","width":1782,"height":626,"caption":"Buletin de Bucure\u0219ti"},"image":{"@id":"https:\/\/buletin.de\/bucuresti\/#\/schema\/logo\/image\/"},"sameAs":["https:\/\/www.facebook.com\/buletin.de.buc","https:\/\/www.instagram.com\/buletinde.bucuresti\/"]},{"@type":"Person","@id":"https:\/\/buletin.de\/bucuresti\/#\/schema\/person\/ab174cf6711728e4ee83d672acf9a912","name":"Adina C\u0103p\u00eelnean","image":{"@type":"ImageObject","inLanguage":"en-GB","@id":"https:\/\/secure.gravatar.com\/avatar\/4fe9675d6282fd7c1aa4e486a037d532d5728fc16a30360f293eb6126b2e73ad?s=96&d=monsterid&r=ge2b23868508aec3460d3c6a11d3b599a","url":"https:\/\/secure.gravatar.com\/avatar\/4fe9675d6282fd7c1aa4e486a037d532d5728fc16a30360f293eb6126b2e73ad?s=96&d=monsterid&r=g","contentUrl":"https:\/\/secure.gravatar.com\/avatar\/4fe9675d6282fd7c1aa4e486a037d532d5728fc16a30360f293eb6126b2e73ad?s=96&d=monsterid&r=g","caption":"Adina C\u0103p\u00eelnean"},"url":"https:\/\/buletin.de\/bucuresti\/author\/adinacapilnean\/"}]}},"authors":[{"term_id":22580,"user_id":47,"is_guest":0,"slug":"adinacapilnean","display_name":"Adina C\u0103p\u00eelnean","avatar_url":"https:\/\/secure.gravatar.com\/avatar\/4fe9675d6282fd7c1aa4e486a037d532d5728fc16a30360f293eb6126b2e73ad?s=96&d=monsterid&r=g","0":null,"1":"","2":"","3":"","4":"","5":"","6":"","7":"","8":""}],"_links":{"self":[{"href":"https:\/\/buletin.de\/bucuresti\/wp-json\/wp\/v2\/posts\/54533","targetHints":{"allow":["GET"]}}],"collection":[{"href":"https:\/\/buletin.de\/bucuresti\/wp-json\/wp\/v2\/posts"}],"about":[{"href":"https:\/\/buletin.de\/bucuresti\/wp-json\/wp\/v2\/types\/post"}],"author":[{"embeddable":true,"href":"https:\/\/buletin.de\/bucuresti\/wp-json\/wp\/v2\/users\/47"}],"replies":[{"embeddable":true,"href":"https:\/\/buletin.de\/bucuresti\/wp-json\/wp\/v2\/comments?post=54533"}],"version-history":[{"count":3,"href":"https:\/\/buletin.de\/bucuresti\/wp-json\/wp\/v2\/posts\/54533\/revisions"}],"predecessor-version":[{"id":54591,"href":"https:\/\/buletin.de\/bucuresti\/wp-json\/wp\/v2\/posts\/54533\/revisions\/54591"}],"wp:featuredmedia":[{"embeddable":true,"href":"https:\/\/buletin.de\/bucuresti\/wp-json\/wp\/v2\/media\/28057"}],"wp:attachment":[{"href":"https:\/\/buletin.de\/bucuresti\/wp-json\/wp\/v2\/media?parent=54533"}],"wp:term":[{"taxonomy":"category","embeddable":true,"href":"https:\/\/buletin.de\/bucuresti\/wp-json\/wp\/v2\/categories?post=54533"},{"taxonomy":"post_tag","embeddable":true,"href":"https:\/\/buletin.de\/bucuresti\/wp-json\/wp\/v2\/tags?post=54533"},{"taxonomy":"author","embeddable":true,"href":"https:\/\/buletin.de\/bucuresti\/wp-json\/wp\/v2\/ppma_author?post=54533"}],"curies":[{"name":"wp","href":"https:\/\/api.w.org\/{rel}","templated":true}]}}