{"id":54509,"date":"2023-02-19T15:45:58","date_gmt":"2023-02-19T13:45:58","guid":{"rendered":"https:\/\/buletin.de\/bucuresti\/?p=54509"},"modified":"2023-02-19T15:45:59","modified_gmt":"2023-02-19T13:45:59","slug":"foto-vreme-de-primavara-in-februarie-parcul-ior-plin-de-bucuresteni","status":"publish","type":"post","link":"https:\/\/buletin.de\/bucuresti\/foto-vreme-de-primavara-in-februarie-parcul-ior-plin-de-bucuresteni\/","title":{"rendered":"FOTO | Vreme de prim\u0103var\u0103 \u00een februarie. Parcul IOR, plin de bucure\u0219teni"},"content":{"rendered":"\n<p><strong>Bucure\u0219tenii s-au sim\u021bit ast\u0103zi ca \u00eentr-o zi de prim\u0103var\u0103. Temperatura din termometre a ajuns la 16-17 grade Celsius. De\u0219i bate v\u00e2ntul, Parcul Alexandru Ioan Cuza, cunoscut sub denumirea de IOR, a fost plin de oameni care au ie\u0219it s\u0103 se plimbe, s\u0103 alerge sau chiar s\u0103 citeasc\u0103 l\u00e2ng\u0103 copacii din parc. <\/strong><\/p>\n\n\n\n<figure class=\"wp-block-video\"><video controls src=\"https:\/\/buletin.de\/bucuresti\/wp-content\/uploads\/WhatsApp-Video-2023-02-19-at-14.16.48.mp4\"><\/video><figcaption>L\u00e2ng\u0103 lacul din Parcul IOR bucure\u0219tenii stau pe b\u0103nci \u0219i ascult\u0103 muzic\u0103. <\/figcaption><\/figure>\n\n\n\n<p><\/p>\n\n\n\n<p>\u00cenc\u0103 de la primele ore ale dimine\u021bii, bucure\u0219enii au ie\u0219it s\u0103 se plimbe \u00een parcurile din Capital\u0103. Locuitorii din Sectorul 3 au \u00eemp\u00e2nzit aleile din Parcul IOR, plimb\u00e2ndu-se, alerg\u00e2nd sau d\u00e2nd ture cu bicicleta. <\/p>\n\n\n\n<figure class=\"wp-block-image size-large\"><img fetchpriority=\"high\" decoding=\"async\" width=\"900\" height=\"678\" src=\"data:image\/gif;base64,R0lGODlhAQABAAAAACH5BAEKAAEALAAAAAABAAEAAAICTAEAOw==\" data-src=\"https:\/\/buletin.de\/bucuresti\/wp-content\/uploads\/WhatsApp-Image-2023-02-19-at-14.16.41-900x678.jpeg\" alt=\"\" class=\"wp-image-54511 lazyload\" data-sizes=\"auto\" data-srcset=\"https:\/\/buletin.de\/bucuresti\/wp-content\/uploads\/WhatsApp-Image-2023-02-19-at-14.16.41-900x678.jpeg 900w, https:\/\/buletin.de\/bucuresti\/wp-content\/uploads\/WhatsApp-Image-2023-02-19-at-14.16.41-300x226.jpeg 300w, https:\/\/buletin.de\/bucuresti\/wp-content\/uploads\/WhatsApp-Image-2023-02-19-at-14.16.41-768x578.jpeg 768w, https:\/\/buletin.de\/bucuresti\/wp-content\/uploads\/WhatsApp-Image-2023-02-19-at-14.16.41-1536x1157.jpeg 1536w, https:\/\/buletin.de\/bucuresti\/wp-content\/uploads\/WhatsApp-Image-2023-02-19-at-14.16.41-1060x798.jpeg 1060w, https:\/\/buletin.de\/bucuresti\/wp-content\/uploads\/WhatsApp-Image-2023-02-19-at-14.16.41-550x414.jpeg 550w, https:\/\/buletin.de\/bucuresti\/wp-content\/uploads\/WhatsApp-Image-2023-02-19-at-14.16.41-664x500.jpeg 664w, https:\/\/buletin.de\/bucuresti\/wp-content\/uploads\/WhatsApp-Image-2023-02-19-at-14.16.41-1920x1446.jpeg 1920w, https:\/\/buletin.de\/bucuresti\/wp-content\/uploads\/WhatsApp-Image-2023-02-19-at-14.16.41-1434x1080.jpeg 1434w, https:\/\/buletin.de\/bucuresti\/wp-content\/uploads\/WhatsApp-Image-2023-02-19-at-14.16.41-600x452.jpeg 600w, https:\/\/buletin.de\/bucuresti\/wp-content\/uploads\/WhatsApp-Image-2023-02-19-at-14.16.41.jpeg 2040w\" sizes=\"(max-width: 900px) 100vw, 900px\" \/><figcaption>Imagini cu una dintre aleile din Parcul IOR, \u00een jurul orei 14:00. <\/figcaption><\/figure>\n\n\n\n<p><\/p>\n\n\n\n<p>Bucure\u0219tenii s-au oprit \u0219i la tarabele cu m\u00e2ncare din parc. Porumbul \u0219i vinul fiert au fost atrac\u021bia zilei la capitolul m\u00e2ncare \u0219i b\u0103utur\u0103. <\/p>\n\n\n\n<figure class=\"wp-block-gallery has-nested-images columns-default is-cropped wp-block-gallery-1 is-layout-flex wp-block-gallery-is-layout-flex\">\n<figure class=\"wp-block-image size-large\"><img decoding=\"async\" width=\"900\" height=\"678\" data-id=\"54514\" src=\"data:image\/gif;base64,R0lGODlhAQABAAAAACH5BAEKAAEALAAAAAABAAEAAAICTAEAOw==\" data-src=\"https:\/\/buletin.de\/bucuresti\/wp-content\/uploads\/WhatsApp-Image-2023-02-19-at-14.16.19-1-900x678.jpeg\" alt=\"\" class=\"wp-image-54514 lazyload\" data-sizes=\"auto\" data-srcset=\"https:\/\/buletin.de\/bucuresti\/wp-content\/uploads\/WhatsApp-Image-2023-02-19-at-14.16.19-1-900x678.jpeg 900w, https:\/\/buletin.de\/bucuresti\/wp-content\/uploads\/WhatsApp-Image-2023-02-19-at-14.16.19-1-300x226.jpeg 300w, https:\/\/buletin.de\/bucuresti\/wp-content\/uploads\/WhatsApp-Image-2023-02-19-at-14.16.19-1-768x578.jpeg 768w, https:\/\/buletin.de\/bucuresti\/wp-content\/uploads\/WhatsApp-Image-2023-02-19-at-14.16.19-1-1536x1157.jpeg 1536w, https:\/\/buletin.de\/bucuresti\/wp-content\/uploads\/WhatsApp-Image-2023-02-19-at-14.16.19-1-1060x798.jpeg 1060w, https:\/\/buletin.de\/bucuresti\/wp-content\/uploads\/WhatsApp-Image-2023-02-19-at-14.16.19-1-550x414.jpeg 550w, https:\/\/buletin.de\/bucuresti\/wp-content\/uploads\/WhatsApp-Image-2023-02-19-at-14.16.19-1-664x500.jpeg 664w, https:\/\/buletin.de\/bucuresti\/wp-content\/uploads\/WhatsApp-Image-2023-02-19-at-14.16.19-1-1920x1446.jpeg 1920w, https:\/\/buletin.de\/bucuresti\/wp-content\/uploads\/WhatsApp-Image-2023-02-19-at-14.16.19-1-1434x1080.jpeg 1434w, https:\/\/buletin.de\/bucuresti\/wp-content\/uploads\/WhatsApp-Image-2023-02-19-at-14.16.19-1-600x452.jpeg 600w, https:\/\/buletin.de\/bucuresti\/wp-content\/uploads\/WhatsApp-Image-2023-02-19-at-14.16.19-1.jpeg 2040w\" sizes=\"(max-width: 900px) 100vw, 900px\" \/><\/figure>\n\n\n\n<figure class=\"wp-block-image size-large\"><img decoding=\"async\" width=\"900\" height=\"678\" data-id=\"54516\" src=\"data:image\/gif;base64,R0lGODlhAQABAAAAACH5BAEKAAEALAAAAAABAAEAAAICTAEAOw==\" data-src=\"https:\/\/buletin.de\/bucuresti\/wp-content\/uploads\/WhatsApp-Image-2023-02-19-at-14.16.16-900x678.jpeg\" alt=\"\" class=\"wp-image-54516 lazyload\" data-sizes=\"auto\" data-srcset=\"https:\/\/buletin.de\/bucuresti\/wp-content\/uploads\/WhatsApp-Image-2023-02-19-at-14.16.16-900x678.jpeg 900w, https:\/\/buletin.de\/bucuresti\/wp-content\/uploads\/WhatsApp-Image-2023-02-19-at-14.16.16-300x226.jpeg 300w, https:\/\/buletin.de\/bucuresti\/wp-content\/uploads\/WhatsApp-Image-2023-02-19-at-14.16.16-768x578.jpeg 768w, https:\/\/buletin.de\/bucuresti\/wp-content\/uploads\/WhatsApp-Image-2023-02-19-at-14.16.16-1536x1157.jpeg 1536w, https:\/\/buletin.de\/bucuresti\/wp-content\/uploads\/WhatsApp-Image-2023-02-19-at-14.16.16-1060x798.jpeg 1060w, https:\/\/buletin.de\/bucuresti\/wp-content\/uploads\/WhatsApp-Image-2023-02-19-at-14.16.16-550x414.jpeg 550w, https:\/\/buletin.de\/bucuresti\/wp-content\/uploads\/WhatsApp-Image-2023-02-19-at-14.16.16-664x500.jpeg 664w, https:\/\/buletin.de\/bucuresti\/wp-content\/uploads\/WhatsApp-Image-2023-02-19-at-14.16.16-1920x1446.jpeg 1920w, https:\/\/buletin.de\/bucuresti\/wp-content\/uploads\/WhatsApp-Image-2023-02-19-at-14.16.16-1434x1080.jpeg 1434w, https:\/\/buletin.de\/bucuresti\/wp-content\/uploads\/WhatsApp-Image-2023-02-19-at-14.16.16-600x452.jpeg 600w, https:\/\/buletin.de\/bucuresti\/wp-content\/uploads\/WhatsApp-Image-2023-02-19-at-14.16.16.jpeg 2040w\" sizes=\"(max-width: 900px) 100vw, 900px\" \/><\/figure>\n<\/figure>\n\n\n\n<p><\/p>\n\n\n\n<p>Pesc\u0103ru\u0219ii s-au bucurat \u0219i ei de vremea frumoas\u0103 \u0219i de aten\u021bia oamenilor opri\u021bi la lacul din parc. P\u0103s\u0103rile au \u00eemp\u00e2nzit cerul \u0219i au creat un cadru de poveste \u00een inima parcului.  <\/p>\n\n\n\n<figure class=\"wp-block-gallery has-nested-images columns-default is-cropped wp-block-gallery-2 is-layout-flex wp-block-gallery-is-layout-flex\">\n<figure class=\"wp-block-image size-large\"><img loading=\"lazy\" decoding=\"async\" width=\"900\" height=\"678\" data-id=\"54519\" src=\"data:image\/gif;base64,R0lGODlhAQABAAAAACH5BAEKAAEALAAAAAABAAEAAAICTAEAOw==\" data-src=\"https:\/\/buletin.de\/bucuresti\/wp-content\/uploads\/WhatsApp-Image-2023-02-19-at-14.16.43-900x678.jpeg\" alt=\"\" class=\"wp-image-54519 lazyload\" data-sizes=\"auto\" data-srcset=\"https:\/\/buletin.de\/bucuresti\/wp-content\/uploads\/WhatsApp-Image-2023-02-19-at-14.16.43-900x678.jpeg 900w, https:\/\/buletin.de\/bucuresti\/wp-content\/uploads\/WhatsApp-Image-2023-02-19-at-14.16.43-300x226.jpeg 300w, https:\/\/buletin.de\/bucuresti\/wp-content\/uploads\/WhatsApp-Image-2023-02-19-at-14.16.43-768x578.jpeg 768w, https:\/\/buletin.de\/bucuresti\/wp-content\/uploads\/WhatsApp-Image-2023-02-19-at-14.16.43-1536x1157.jpeg 1536w, https:\/\/buletin.de\/bucuresti\/wp-content\/uploads\/WhatsApp-Image-2023-02-19-at-14.16.43-1060x798.jpeg 1060w, https:\/\/buletin.de\/bucuresti\/wp-content\/uploads\/WhatsApp-Image-2023-02-19-at-14.16.43-550x414.jpeg 550w, https:\/\/buletin.de\/bucuresti\/wp-content\/uploads\/WhatsApp-Image-2023-02-19-at-14.16.43-664x500.jpeg 664w, https:\/\/buletin.de\/bucuresti\/wp-content\/uploads\/WhatsApp-Image-2023-02-19-at-14.16.43-1920x1446.jpeg 1920w, https:\/\/buletin.de\/bucuresti\/wp-content\/uploads\/WhatsApp-Image-2023-02-19-at-14.16.43-1434x1080.jpeg 1434w, https:\/\/buletin.de\/bucuresti\/wp-content\/uploads\/WhatsApp-Image-2023-02-19-at-14.16.43-600x452.jpeg 600w, https:\/\/buletin.de\/bucuresti\/wp-content\/uploads\/WhatsApp-Image-2023-02-19-at-14.16.43.jpeg 2040w\" sizes=\"(max-width: 900px) 100vw, 900px\" \/><\/figure>\n\n\n\n<figure class=\"wp-block-image size-large\"><img loading=\"lazy\" decoding=\"async\" width=\"900\" height=\"678\" data-id=\"54520\" src=\"data:image\/gif;base64,R0lGODlhAQABAAAAACH5BAEKAAEALAAAAAABAAEAAAICTAEAOw==\" data-src=\"https:\/\/buletin.de\/bucuresti\/wp-content\/uploads\/WhatsApp-Image-2023-02-19-at-14.16.42-900x678.jpeg\" alt=\"\" class=\"wp-image-54520 lazyload\" data-sizes=\"auto\" data-srcset=\"https:\/\/buletin.de\/bucuresti\/wp-content\/uploads\/WhatsApp-Image-2023-02-19-at-14.16.42-900x678.jpeg 900w, https:\/\/buletin.de\/bucuresti\/wp-content\/uploads\/WhatsApp-Image-2023-02-19-at-14.16.42-300x226.jpeg 300w, https:\/\/buletin.de\/bucuresti\/wp-content\/uploads\/WhatsApp-Image-2023-02-19-at-14.16.42-768x578.jpeg 768w, https:\/\/buletin.de\/bucuresti\/wp-content\/uploads\/WhatsApp-Image-2023-02-19-at-14.16.42-1536x1157.jpeg 1536w, https:\/\/buletin.de\/bucuresti\/wp-content\/uploads\/WhatsApp-Image-2023-02-19-at-14.16.42-1060x798.jpeg 1060w, https:\/\/buletin.de\/bucuresti\/wp-content\/uploads\/WhatsApp-Image-2023-02-19-at-14.16.42-550x414.jpeg 550w, https:\/\/buletin.de\/bucuresti\/wp-content\/uploads\/WhatsApp-Image-2023-02-19-at-14.16.42-664x500.jpeg 664w, https:\/\/buletin.de\/bucuresti\/wp-content\/uploads\/WhatsApp-Image-2023-02-19-at-14.16.42-1920x1446.jpeg 1920w, https:\/\/buletin.de\/bucuresti\/wp-content\/uploads\/WhatsApp-Image-2023-02-19-at-14.16.42-1434x1080.jpeg 1434w, https:\/\/buletin.de\/bucuresti\/wp-content\/uploads\/WhatsApp-Image-2023-02-19-at-14.16.42-600x452.jpeg 600w, https:\/\/buletin.de\/bucuresti\/wp-content\/uploads\/WhatsApp-Image-2023-02-19-at-14.16.42.jpeg 2040w\" sizes=\"(max-width: 900px) 100vw, 900px\" \/><\/figure>\n<\/figure>\n\n\n\n<p><\/p>\n\n\n\n<div class=\"wp-block-media-text alignwide is-stacked-on-mobile\"><figure class=\"wp-block-media-text__media\"><img loading=\"lazy\" decoding=\"async\" width=\"900\" height=\"677\" src=\"data:image\/gif;base64,R0lGODlhAQABAAAAACH5BAEKAAEALAAAAAABAAEAAAICTAEAOw==\" data-src=\"https:\/\/buletin.de\/bucuresti\/wp-content\/uploads\/WhatsApp-Image-2023-02-19-at-14.22.13-900x677.jpeg\" alt=\"\" class=\"wp-image-54522 size-full lazyload\" data-sizes=\"auto\" data-srcset=\"https:\/\/buletin.de\/bucuresti\/wp-content\/uploads\/WhatsApp-Image-2023-02-19-at-14.22.13-900x677.jpeg 900w, https:\/\/buletin.de\/bucuresti\/wp-content\/uploads\/WhatsApp-Image-2023-02-19-at-14.22.13-300x226.jpeg 300w, https:\/\/buletin.de\/bucuresti\/wp-content\/uploads\/WhatsApp-Image-2023-02-19-at-14.22.13-768x578.jpeg 768w, https:\/\/buletin.de\/bucuresti\/wp-content\/uploads\/WhatsApp-Image-2023-02-19-at-14.22.13-1536x1156.jpeg 1536w, https:\/\/buletin.de\/bucuresti\/wp-content\/uploads\/WhatsApp-Image-2023-02-19-at-14.22.13-1060x798.jpeg 1060w, https:\/\/buletin.de\/bucuresti\/wp-content\/uploads\/WhatsApp-Image-2023-02-19-at-14.22.13-550x414.jpeg 550w, https:\/\/buletin.de\/bucuresti\/wp-content\/uploads\/WhatsApp-Image-2023-02-19-at-14.22.13-664x500.jpeg 664w, https:\/\/buletin.de\/bucuresti\/wp-content\/uploads\/WhatsApp-Image-2023-02-19-at-14.22.13-1435x1080.jpeg 1435w, https:\/\/buletin.de\/bucuresti\/wp-content\/uploads\/WhatsApp-Image-2023-02-19-at-14.22.13-600x452.jpeg 600w, https:\/\/buletin.de\/bucuresti\/wp-content\/uploads\/WhatsApp-Image-2023-02-19-at-14.22.13.jpeg 1600w\" sizes=\"(max-width: 900px) 100vw, 900px\" \/><\/figure><div class=\"wp-block-media-text__content\">\n<p style=\"font-size:18px\">Din loc \u00een loc, la ad\u0103postul copacilor, pe p\u0103turi sau chiar pe iarb\u0103, oamenii citeau \u00een aer liber. <\/p>\n<\/div><\/div>\n\n\n\n<p>Patinoarul nu a mai reprezentat un punct de interes pentru majoritatea oamenilor, a\u0219a cum obi\u0219nuia s\u0103 o fie cu doar c\u00e2teva s\u0103pt\u0103m\u00e2ni \u00een urm\u0103. <\/p>\n\n\n\n<figure class=\"wp-block-image size-large\"><img loading=\"lazy\" decoding=\"async\" width=\"900\" height=\"675\" src=\"data:image\/gif;base64,R0lGODlhAQABAAAAACH5BAEKAAEALAAAAAABAAEAAAICTAEAOw==\" data-src=\"https:\/\/buletin.de\/bucuresti\/wp-content\/uploads\/WhatsApp-Image-2023-02-19-at-14.20.19-900x675.jpeg\" alt=\"\" class=\"wp-image-54521 lazyload\" data-sizes=\"auto\" data-srcset=\"https:\/\/buletin.de\/bucuresti\/wp-content\/uploads\/WhatsApp-Image-2023-02-19-at-14.20.19-900x675.jpeg 900w, https:\/\/buletin.de\/bucuresti\/wp-content\/uploads\/WhatsApp-Image-2023-02-19-at-14.20.19-300x225.jpeg 300w, https:\/\/buletin.de\/bucuresti\/wp-content\/uploads\/WhatsApp-Image-2023-02-19-at-14.20.19-768x576.jpeg 768w, https:\/\/buletin.de\/bucuresti\/wp-content\/uploads\/WhatsApp-Image-2023-02-19-at-14.20.19-1536x1152.jpeg 1536w, https:\/\/buletin.de\/bucuresti\/wp-content\/uploads\/WhatsApp-Image-2023-02-19-at-14.20.19-1060x795.jpeg 1060w, https:\/\/buletin.de\/bucuresti\/wp-content\/uploads\/WhatsApp-Image-2023-02-19-at-14.20.19-550x413.jpeg 550w, https:\/\/buletin.de\/bucuresti\/wp-content\/uploads\/WhatsApp-Image-2023-02-19-at-14.20.19-667x500.jpeg 667w, https:\/\/buletin.de\/bucuresti\/wp-content\/uploads\/WhatsApp-Image-2023-02-19-at-14.20.19-1440x1080.jpeg 1440w, https:\/\/buletin.de\/bucuresti\/wp-content\/uploads\/WhatsApp-Image-2023-02-19-at-14.20.19-600x450.jpeg 600w, https:\/\/buletin.de\/bucuresti\/wp-content\/uploads\/WhatsApp-Image-2023-02-19-at-14.20.19.jpeg 1600w\" sizes=\"(max-width: 900px) 100vw, 900px\" \/><figcaption>Imagini cu patinoarul din Parcul IOR, \u00een jurul orei 14:50. <\/figcaption><\/figure>\n\n\n\n<p><strong>A contribuit: Adina C\u0103p\u00eelnean <\/strong><\/p>\n\n\n\n<p><strong>Foto \u0219i video: Adina C\u0103p\u00eelnean <\/strong><\/p>\n","protected":false},"excerpt":{"rendered":"<p>Bucure\u0219tenii s-au sim\u021bit ast\u0103zi ca \u00eentr-o zi de prim\u0103var\u0103. Temperatura din termometre a ajuns la 16-17 grade Celsius. De\u0219i bate v\u00e2ntul, Parcul Alexandru Ioan Cuza, cunoscut sub denumirea de IOR, a fost plin de oameni care au ie\u0219it s\u0103 se plimbe, s\u0103 alerge sau chiar s\u0103 citeasc\u0103 l\u00e2ng\u0103 copacii din parc. \u00cenc\u0103 de la primele [&hellip;]<\/p>\n","protected":false},"author":17,"featured_media":54511,"comment_status":"closed","ping_status":"open","sticky":false,"template":"","format":"standard","meta":{"_acf_changed":false,"inline_featured_image":false,"ngg_post_thumbnail":0,"footnotes":""},"categories":[62],"tags":[],"ppma_author":[22576],"class_list":["post-54509","post","type-post","status-publish","format-standard","has-post-thumbnail","hentry","category-stiri"],"acf":[],"yoast_head":"<!-- This site is optimized with the Yoast SEO Premium plugin v25.3 (Yoast SEO v27.4) - https:\/\/yoast.com\/product\/yoast-seo-premium-wordpress\/ -->\n<title>FOTO | Vreme de prim\u0103var\u0103 \u00een februarie. Parcul IOR, plin de bucure\u0219teni - Buletin de Bucure\u0219ti<\/title>\n<meta name=\"robots\" content=\"index, follow, max-snippet:-1, max-image-preview:large, max-video-preview:-1\" \/>\n<link rel=\"canonical\" href=\"https:\/\/buletin.de\/bucuresti\/foto-vreme-de-primavara-in-februarie-parcul-ior-plin-de-bucuresteni\/\" \/>\n<meta property=\"og:locale\" content=\"en_GB\" \/>\n<meta property=\"og:type\" content=\"article\" \/>\n<meta property=\"og:title\" content=\"FOTO | Vreme de prim\u0103var\u0103 \u00een februarie. Parcul IOR, plin de bucure\u0219teni\" \/>\n<meta property=\"og:description\" content=\"Bucure\u0219tenii s-au sim\u021bit ast\u0103zi ca \u00eentr-o zi de prim\u0103var\u0103. Temperatura din termometre a ajuns la 16-17 grade Celsius. De\u0219i bate v\u00e2ntul, Parcul Alexandru Ioan Cuza, cunoscut sub denumirea de IOR, a fost plin de oameni care au ie\u0219it s\u0103 se plimbe, s\u0103 alerge sau chiar s\u0103 citeasc\u0103 l\u00e2ng\u0103 copacii din parc. \u00cenc\u0103 de la primele [&hellip;]\" \/>\n<meta property=\"og:url\" content=\"https:\/\/buletin.de\/bucuresti\/foto-vreme-de-primavara-in-februarie-parcul-ior-plin-de-bucuresteni\/\" \/>\n<meta property=\"og:site_name\" content=\"Buletin de Bucure\u0219ti\" \/>\n<meta property=\"article:publisher\" content=\"https:\/\/www.facebook.com\/buletin.de.buc\" \/>\n<meta property=\"article:published_time\" content=\"2023-02-19T13:45:58+00:00\" \/>\n<meta property=\"article:modified_time\" content=\"2023-02-19T13:45:59+00:00\" \/>\n<meta property=\"og:image\" content=\"https:\/\/buletin.de\/bucuresti\/wp-content\/uploads\/WhatsApp-Image-2023-02-19-at-14.16.41.jpeg\" \/>\n\t<meta property=\"og:image:width\" content=\"2040\" \/>\n\t<meta property=\"og:image:height\" content=\"1536\" \/>\n\t<meta property=\"og:image:type\" content=\"image\/jpeg\" \/>\n<meta name=\"author\" content=\"Florin R\u00e2\u0219teiu\" \/>\n<meta name=\"twitter:card\" content=\"summary_large_image\" \/>\n<meta name=\"twitter:label1\" content=\"Written by\" \/>\n\t<meta name=\"twitter:data1\" content=\"Florin R\u00e2\u0219teiu\" \/>\n\t<meta name=\"twitter:label2\" content=\"Estimated reading time\" \/>\n\t<meta name=\"twitter:data2\" content=\"3 minutes\" \/>\n<script type=\"application\/ld+json\" class=\"yoast-schema-graph\">{\"@context\":\"https:\\\/\\\/schema.org\",\"@graph\":[{\"@type\":\"Article\",\"@id\":\"https:\\\/\\\/buletin.de\\\/bucuresti\\\/foto-vreme-de-primavara-in-februarie-parcul-ior-plin-de-bucuresteni\\\/#article\",\"isPartOf\":{\"@id\":\"https:\\\/\\\/buletin.de\\\/bucuresti\\\/foto-vreme-de-primavara-in-februarie-parcul-ior-plin-de-bucuresteni\\\/\"},\"author\":{\"name\":\"Florin R\u00e2\u0219teiu\",\"@id\":\"https:\\\/\\\/buletin.de\\\/bucuresti\\\/#\\\/schema\\\/person\\\/b0686d7a8b666c6afc78239777fd8a89\"},\"headline\":\"FOTO | Vreme de prim\u0103var\u0103 \u00een februarie. Parcul IOR, plin de bucure\u0219teni\",\"datePublished\":\"2023-02-19T13:45:58+00:00\",\"dateModified\":\"2023-02-19T13:45:59+00:00\",\"mainEntityOfPage\":{\"@id\":\"https:\\\/\\\/buletin.de\\\/bucuresti\\\/foto-vreme-de-primavara-in-februarie-parcul-ior-plin-de-bucuresteni\\\/\"},\"wordCount\":276,\"publisher\":{\"@id\":\"https:\\\/\\\/buletin.de\\\/bucuresti\\\/#organization\"},\"image\":{\"@id\":\"https:\\\/\\\/buletin.de\\\/bucuresti\\\/foto-vreme-de-primavara-in-februarie-parcul-ior-plin-de-bucuresteni\\\/#primaryimage\"},\"thumbnailUrl\":\"https:\\\/\\\/buletin.de\\\/bucuresti\\\/wp-content\\\/uploads\\\/WhatsApp-Image-2023-02-19-at-14.16.41.jpeg\",\"articleSection\":[\"\u0218tiri\"],\"inLanguage\":\"en-GB\",\"copyrightYear\":\"2023\",\"copyrightHolder\":{\"@id\":\"https:\\\/\\\/buletin.de\\\/bucuresti\\\/#organization\"}},{\"@type\":\"WebPage\",\"@id\":\"https:\\\/\\\/buletin.de\\\/bucuresti\\\/foto-vreme-de-primavara-in-februarie-parcul-ior-plin-de-bucuresteni\\\/\",\"url\":\"https:\\\/\\\/buletin.de\\\/bucuresti\\\/foto-vreme-de-primavara-in-februarie-parcul-ior-plin-de-bucuresteni\\\/\",\"name\":\"FOTO | Vreme de prim\u0103var\u0103 \u00een februarie. Parcul IOR, plin de bucure\u0219teni - Buletin de Bucure\u0219ti\",\"isPartOf\":{\"@id\":\"https:\\\/\\\/buletin.de\\\/bucuresti\\\/#website\"},\"primaryImageOfPage\":{\"@id\":\"https:\\\/\\\/buletin.de\\\/bucuresti\\\/foto-vreme-de-primavara-in-februarie-parcul-ior-plin-de-bucuresteni\\\/#primaryimage\"},\"image\":{\"@id\":\"https:\\\/\\\/buletin.de\\\/bucuresti\\\/foto-vreme-de-primavara-in-februarie-parcul-ior-plin-de-bucuresteni\\\/#primaryimage\"},\"thumbnailUrl\":\"https:\\\/\\\/buletin.de\\\/bucuresti\\\/wp-content\\\/uploads\\\/WhatsApp-Image-2023-02-19-at-14.16.41.jpeg\",\"datePublished\":\"2023-02-19T13:45:58+00:00\",\"dateModified\":\"2023-02-19T13:45:59+00:00\",\"breadcrumb\":{\"@id\":\"https:\\\/\\\/buletin.de\\\/bucuresti\\\/foto-vreme-de-primavara-in-februarie-parcul-ior-plin-de-bucuresteni\\\/#breadcrumb\"},\"inLanguage\":\"en-GB\",\"potentialAction\":[{\"@type\":\"ReadAction\",\"target\":[\"https:\\\/\\\/buletin.de\\\/bucuresti\\\/foto-vreme-de-primavara-in-februarie-parcul-ior-plin-de-bucuresteni\\\/\"]}]},{\"@type\":\"ImageObject\",\"inLanguage\":\"en-GB\",\"@id\":\"https:\\\/\\\/buletin.de\\\/bucuresti\\\/foto-vreme-de-primavara-in-februarie-parcul-ior-plin-de-bucuresteni\\\/#primaryimage\",\"url\":\"https:\\\/\\\/buletin.de\\\/bucuresti\\\/wp-content\\\/uploads\\\/WhatsApp-Image-2023-02-19-at-14.16.41.jpeg\",\"contentUrl\":\"https:\\\/\\\/buletin.de\\\/bucuresti\\\/wp-content\\\/uploads\\\/WhatsApp-Image-2023-02-19-at-14.16.41.jpeg\",\"width\":2040,\"height\":1536},{\"@type\":\"BreadcrumbList\",\"@id\":\"https:\\\/\\\/buletin.de\\\/bucuresti\\\/foto-vreme-de-primavara-in-februarie-parcul-ior-plin-de-bucuresteni\\\/#breadcrumb\",\"itemListElement\":[{\"@type\":\"ListItem\",\"position\":1,\"name\":\"Acas\u0103\",\"item\":\"https:\\\/\\\/buletin.de\\\/bucuresti\\\/\"},{\"@type\":\"ListItem\",\"position\":2,\"name\":\"FOTO | Vreme de prim\u0103var\u0103 \u00een februarie. Parcul IOR, plin de bucure\u0219teni\"}]},{\"@type\":\"WebSite\",\"@id\":\"https:\\\/\\\/buletin.de\\\/bucuresti\\\/#website\",\"url\":\"https:\\\/\\\/buletin.de\\\/bucuresti\\\/\",\"name\":\"Buletin de Bucure\u0219ti\",\"description\":\"\u0218tiri \u0219i investiga\u021bii esen\u021biale din capital\u0103\",\"publisher\":{\"@id\":\"https:\\\/\\\/buletin.de\\\/bucuresti\\\/#organization\"},\"potentialAction\":[{\"@type\":\"SearchAction\",\"target\":{\"@type\":\"EntryPoint\",\"urlTemplate\":\"https:\\\/\\\/buletin.de\\\/bucuresti\\\/?s={search_term_string}\"},\"query-input\":{\"@type\":\"PropertyValueSpecification\",\"valueRequired\":true,\"valueName\":\"search_term_string\"}}],\"inLanguage\":\"en-GB\"},{\"@type\":\"Organization\",\"@id\":\"https:\\\/\\\/buletin.de\\\/bucuresti\\\/#organization\",\"name\":\"Buletin de Bucure\u0219ti\",\"url\":\"https:\\\/\\\/buletin.de\\\/bucuresti\\\/\",\"logo\":{\"@type\":\"ImageObject\",\"inLanguage\":\"en-GB\",\"@id\":\"https:\\\/\\\/buletin.de\\\/bucuresti\\\/#\\\/schema\\\/logo\\\/image\\\/\",\"url\":\"https:\\\/\\\/buletin.de\\\/bucuresti\\\/wp-content\\\/uploads\\\/logo-bdb-full-wide-vernil-transparent.png\",\"contentUrl\":\"https:\\\/\\\/buletin.de\\\/bucuresti\\\/wp-content\\\/uploads\\\/logo-bdb-full-wide-vernil-transparent.png\",\"width\":1782,\"height\":626,\"caption\":\"Buletin de Bucure\u0219ti\"},\"image\":{\"@id\":\"https:\\\/\\\/buletin.de\\\/bucuresti\\\/#\\\/schema\\\/logo\\\/image\\\/\"},\"sameAs\":[\"https:\\\/\\\/www.facebook.com\\\/buletin.de.buc\",\"https:\\\/\\\/www.instagram.com\\\/buletinde.bucuresti\\\/\"]},{\"@type\":\"Person\",\"@id\":\"https:\\\/\\\/buletin.de\\\/bucuresti\\\/#\\\/schema\\\/person\\\/b0686d7a8b666c6afc78239777fd8a89\",\"name\":\"Florin R\u00e2\u0219teiu\",\"image\":{\"@type\":\"ImageObject\",\"inLanguage\":\"en-GB\",\"@id\":\"https:\\\/\\\/buletin.de\\\/bucuresti\\\/wp-content\\\/uploads\\\/Florin-Rasteiu-96x96.jpgf0a6fe28453aa12f0a60e4d0a2e3a78c\",\"url\":\"https:\\\/\\\/buletin.de\\\/bucuresti\\\/wp-content\\\/uploads\\\/Florin-Rasteiu-96x96.jpg\",\"contentUrl\":\"https:\\\/\\\/buletin.de\\\/bucuresti\\\/wp-content\\\/uploads\\\/Florin-Rasteiu-96x96.jpg\",\"caption\":\"Florin R\u00e2\u0219teiu\"},\"description\":\"Jurnalist de investiga\u021bie. Lucreaz\u0103 de aproape 6 ani la Buletin de Bucure\u0219ti, unde a publicat articole care scot la suprafa\u021b\u0103 corup\u021bia din Capital\u0103. Analizeaz\u0103 baze de date zilnic \u0219i scoate pove\u0219ti din exceluri pline de cifre. Pune reflectorul pe adev\u0103r cu fiecare ocazie. A c\u00e2\u0219tigat premiul I la categoria Pres\u0103 Local\u0103 \u00een 2025 \u0219i locul al II-lea la aceea\u0219i categorie \u00een 2024 \u00een cadrul Premiilor Superscrieri pentru jurnalism independent.\",\"url\":\"https:\\\/\\\/buletin.de\\\/bucuresti\\\/author\\\/florinrasteiu\\\/\"}]}<\/script>\n<!-- \/ Yoast SEO Premium plugin. -->","yoast_head_json":{"title":"FOTO | Vreme de prim\u0103var\u0103 \u00een februarie. Parcul IOR, plin de bucure\u0219teni - Buletin de Bucure\u0219ti","robots":{"index":"index","follow":"follow","max-snippet":"max-snippet:-1","max-image-preview":"max-image-preview:large","max-video-preview":"max-video-preview:-1"},"canonical":"https:\/\/buletin.de\/bucuresti\/foto-vreme-de-primavara-in-februarie-parcul-ior-plin-de-bucuresteni\/","og_locale":"en_GB","og_type":"article","og_title":"FOTO | Vreme de prim\u0103var\u0103 \u00een februarie. Parcul IOR, plin de bucure\u0219teni","og_description":"Bucure\u0219tenii s-au sim\u021bit ast\u0103zi ca \u00eentr-o zi de prim\u0103var\u0103. Temperatura din termometre a ajuns la 16-17 grade Celsius. De\u0219i bate v\u00e2ntul, Parcul Alexandru Ioan Cuza, cunoscut sub denumirea de IOR, a fost plin de oameni care au ie\u0219it s\u0103 se plimbe, s\u0103 alerge sau chiar s\u0103 citeasc\u0103 l\u00e2ng\u0103 copacii din parc. \u00cenc\u0103 de la primele [&hellip;]","og_url":"https:\/\/buletin.de\/bucuresti\/foto-vreme-de-primavara-in-februarie-parcul-ior-plin-de-bucuresteni\/","og_site_name":"Buletin de Bucure\u0219ti","article_publisher":"https:\/\/www.facebook.com\/buletin.de.buc","article_published_time":"2023-02-19T13:45:58+00:00","article_modified_time":"2023-02-19T13:45:59+00:00","og_image":[{"width":2040,"height":1536,"url":"https:\/\/buletin.de\/bucuresti\/wp-content\/uploads\/WhatsApp-Image-2023-02-19-at-14.16.41.jpeg","type":"image\/jpeg"}],"author":"Florin R\u00e2\u0219teiu","twitter_card":"summary_large_image","twitter_misc":{"Written by":"Florin R\u00e2\u0219teiu","Estimated reading time":"3 minutes"},"schema":{"@context":"https:\/\/schema.org","@graph":[{"@type":"Article","@id":"https:\/\/buletin.de\/bucuresti\/foto-vreme-de-primavara-in-februarie-parcul-ior-plin-de-bucuresteni\/#article","isPartOf":{"@id":"https:\/\/buletin.de\/bucuresti\/foto-vreme-de-primavara-in-februarie-parcul-ior-plin-de-bucuresteni\/"},"author":{"name":"Florin R\u00e2\u0219teiu","@id":"https:\/\/buletin.de\/bucuresti\/#\/schema\/person\/b0686d7a8b666c6afc78239777fd8a89"},"headline":"FOTO | Vreme de prim\u0103var\u0103 \u00een februarie. Parcul IOR, plin de bucure\u0219teni","datePublished":"2023-02-19T13:45:58+00:00","dateModified":"2023-02-19T13:45:59+00:00","mainEntityOfPage":{"@id":"https:\/\/buletin.de\/bucuresti\/foto-vreme-de-primavara-in-februarie-parcul-ior-plin-de-bucuresteni\/"},"wordCount":276,"publisher":{"@id":"https:\/\/buletin.de\/bucuresti\/#organization"},"image":{"@id":"https:\/\/buletin.de\/bucuresti\/foto-vreme-de-primavara-in-februarie-parcul-ior-plin-de-bucuresteni\/#primaryimage"},"thumbnailUrl":"https:\/\/buletin.de\/bucuresti\/wp-content\/uploads\/WhatsApp-Image-2023-02-19-at-14.16.41.jpeg","articleSection":["\u0218tiri"],"inLanguage":"en-GB","copyrightYear":"2023","copyrightHolder":{"@id":"https:\/\/buletin.de\/bucuresti\/#organization"}},{"@type":"WebPage","@id":"https:\/\/buletin.de\/bucuresti\/foto-vreme-de-primavara-in-februarie-parcul-ior-plin-de-bucuresteni\/","url":"https:\/\/buletin.de\/bucuresti\/foto-vreme-de-primavara-in-februarie-parcul-ior-plin-de-bucuresteni\/","name":"FOTO | Vreme de prim\u0103var\u0103 \u00een februarie. Parcul IOR, plin de bucure\u0219teni - Buletin de Bucure\u0219ti","isPartOf":{"@id":"https:\/\/buletin.de\/bucuresti\/#website"},"primaryImageOfPage":{"@id":"https:\/\/buletin.de\/bucuresti\/foto-vreme-de-primavara-in-februarie-parcul-ior-plin-de-bucuresteni\/#primaryimage"},"image":{"@id":"https:\/\/buletin.de\/bucuresti\/foto-vreme-de-primavara-in-februarie-parcul-ior-plin-de-bucuresteni\/#primaryimage"},"thumbnailUrl":"https:\/\/buletin.de\/bucuresti\/wp-content\/uploads\/WhatsApp-Image-2023-02-19-at-14.16.41.jpeg","datePublished":"2023-02-19T13:45:58+00:00","dateModified":"2023-02-19T13:45:59+00:00","breadcrumb":{"@id":"https:\/\/buletin.de\/bucuresti\/foto-vreme-de-primavara-in-februarie-parcul-ior-plin-de-bucuresteni\/#breadcrumb"},"inLanguage":"en-GB","potentialAction":[{"@type":"ReadAction","target":["https:\/\/buletin.de\/bucuresti\/foto-vreme-de-primavara-in-februarie-parcul-ior-plin-de-bucuresteni\/"]}]},{"@type":"ImageObject","inLanguage":"en-GB","@id":"https:\/\/buletin.de\/bucuresti\/foto-vreme-de-primavara-in-februarie-parcul-ior-plin-de-bucuresteni\/#primaryimage","url":"https:\/\/buletin.de\/bucuresti\/wp-content\/uploads\/WhatsApp-Image-2023-02-19-at-14.16.41.jpeg","contentUrl":"https:\/\/buletin.de\/bucuresti\/wp-content\/uploads\/WhatsApp-Image-2023-02-19-at-14.16.41.jpeg","width":2040,"height":1536},{"@type":"BreadcrumbList","@id":"https:\/\/buletin.de\/bucuresti\/foto-vreme-de-primavara-in-februarie-parcul-ior-plin-de-bucuresteni\/#breadcrumb","itemListElement":[{"@type":"ListItem","position":1,"name":"Acas\u0103","item":"https:\/\/buletin.de\/bucuresti\/"},{"@type":"ListItem","position":2,"name":"FOTO | Vreme de prim\u0103var\u0103 \u00een februarie. Parcul IOR, plin de bucure\u0219teni"}]},{"@type":"WebSite","@id":"https:\/\/buletin.de\/bucuresti\/#website","url":"https:\/\/buletin.de\/bucuresti\/","name":"Buletin de Bucure\u0219ti","description":"\u0218tiri \u0219i investiga\u021bii esen\u021biale din capital\u0103","publisher":{"@id":"https:\/\/buletin.de\/bucuresti\/#organization"},"potentialAction":[{"@type":"SearchAction","target":{"@type":"EntryPoint","urlTemplate":"https:\/\/buletin.de\/bucuresti\/?s={search_term_string}"},"query-input":{"@type":"PropertyValueSpecification","valueRequired":true,"valueName":"search_term_string"}}],"inLanguage":"en-GB"},{"@type":"Organization","@id":"https:\/\/buletin.de\/bucuresti\/#organization","name":"Buletin de Bucure\u0219ti","url":"https:\/\/buletin.de\/bucuresti\/","logo":{"@type":"ImageObject","inLanguage":"en-GB","@id":"https:\/\/buletin.de\/bucuresti\/#\/schema\/logo\/image\/","url":"https:\/\/buletin.de\/bucuresti\/wp-content\/uploads\/logo-bdb-full-wide-vernil-transparent.png","contentUrl":"https:\/\/buletin.de\/bucuresti\/wp-content\/uploads\/logo-bdb-full-wide-vernil-transparent.png","width":1782,"height":626,"caption":"Buletin de Bucure\u0219ti"},"image":{"@id":"https:\/\/buletin.de\/bucuresti\/#\/schema\/logo\/image\/"},"sameAs":["https:\/\/www.facebook.com\/buletin.de.buc","https:\/\/www.instagram.com\/buletinde.bucuresti\/"]},{"@type":"Person","@id":"https:\/\/buletin.de\/bucuresti\/#\/schema\/person\/b0686d7a8b666c6afc78239777fd8a89","name":"Florin R\u00e2\u0219teiu","image":{"@type":"ImageObject","inLanguage":"en-GB","@id":"https:\/\/buletin.de\/bucuresti\/wp-content\/uploads\/Florin-Rasteiu-96x96.jpgf0a6fe28453aa12f0a60e4d0a2e3a78c","url":"https:\/\/buletin.de\/bucuresti\/wp-content\/uploads\/Florin-Rasteiu-96x96.jpg","contentUrl":"https:\/\/buletin.de\/bucuresti\/wp-content\/uploads\/Florin-Rasteiu-96x96.jpg","caption":"Florin R\u00e2\u0219teiu"},"description":"Jurnalist de investiga\u021bie. Lucreaz\u0103 de aproape 6 ani la Buletin de Bucure\u0219ti, unde a publicat articole care scot la suprafa\u021b\u0103 corup\u021bia din Capital\u0103. Analizeaz\u0103 baze de date zilnic \u0219i scoate pove\u0219ti din exceluri pline de cifre. Pune reflectorul pe adev\u0103r cu fiecare ocazie. A c\u00e2\u0219tigat premiul I la categoria Pres\u0103 Local\u0103 \u00een 2025 \u0219i locul al II-lea la aceea\u0219i categorie \u00een 2024 \u00een cadrul Premiilor Superscrieri pentru jurnalism independent.","url":"https:\/\/buletin.de\/bucuresti\/author\/florinrasteiu\/"}]}},"authors":[{"term_id":22576,"user_id":17,"is_guest":0,"slug":"florinrasteiu","display_name":"Florin R\u00e2\u0219teiu","avatar_url":"https:\/\/buletin.de\/bucuresti\/wp-content\/uploads\/Florin-Rasteiu-96x96.jpg","0":null,"1":"","2":"","3":"","4":"","5":"","6":"","7":"","8":""}],"_links":{"self":[{"href":"https:\/\/buletin.de\/bucuresti\/wp-json\/wp\/v2\/posts\/54509","targetHints":{"allow":["GET"]}}],"collection":[{"href":"https:\/\/buletin.de\/bucuresti\/wp-json\/wp\/v2\/posts"}],"about":[{"href":"https:\/\/buletin.de\/bucuresti\/wp-json\/wp\/v2\/types\/post"}],"author":[{"embeddable":true,"href":"https:\/\/buletin.de\/bucuresti\/wp-json\/wp\/v2\/users\/17"}],"replies":[{"embeddable":true,"href":"https:\/\/buletin.de\/bucuresti\/wp-json\/wp\/v2\/comments?post=54509"}],"version-history":[{"count":1,"href":"https:\/\/buletin.de\/bucuresti\/wp-json\/wp\/v2\/posts\/54509\/revisions"}],"predecessor-version":[{"id":54523,"href":"https:\/\/buletin.de\/bucuresti\/wp-json\/wp\/v2\/posts\/54509\/revisions\/54523"}],"wp:featuredmedia":[{"embeddable":true,"href":"https:\/\/buletin.de\/bucuresti\/wp-json\/wp\/v2\/media\/54511"}],"wp:attachment":[{"href":"https:\/\/buletin.de\/bucuresti\/wp-json\/wp\/v2\/media?parent=54509"}],"wp:term":[{"taxonomy":"category","embeddable":true,"href":"https:\/\/buletin.de\/bucuresti\/wp-json\/wp\/v2\/categories?post=54509"},{"taxonomy":"post_tag","embeddable":true,"href":"https:\/\/buletin.de\/bucuresti\/wp-json\/wp\/v2\/tags?post=54509"},{"taxonomy":"author","embeddable":true,"href":"https:\/\/buletin.de\/bucuresti\/wp-json\/wp\/v2\/ppma_author?post=54509"}],"curies":[{"name":"wp","href":"https:\/\/api.w.org\/{rel}","templated":true}]}}