{"id":54486,"date":"2023-02-19T14:38:08","date_gmt":"2023-02-19T12:38:08","guid":{"rendered":"https:\/\/buletin.de\/bucuresti\/?p=54486"},"modified":"2023-02-19T14:46:18","modified_gmt":"2023-02-19T12:46:18","slug":"ziua-nationala-constantin-brancusi-sarbatorita-in-bucuresti","status":"publish","type":"post","link":"https:\/\/buletin.de\/bucuresti\/ziua-nationala-constantin-brancusi-sarbatorita-in-bucuresti\/","title":{"rendered":"Ziua Na\u021bional\u0103 Constantin Br\u00e2ncu\u0219i, s\u0103rb\u0103torit\u0103 \u00een Bucure\u0219ti"},"content":{"rendered":"\n<p>Ziua Na\u021bional\u0103 Constantin Br\u00e2ncu\u0219i celebreaz\u0103 memoria celui mai mare sculptor pe care l-a dat Rom\u00e2nia. Se s\u0103rb\u0103tore\u0219te anual, pe 19 februarie, data anivers\u0103rii marelui sculptor rom\u00e2n. \u00cen acest an, se \u00eemplinesc 147 de ani de la na\u0219terea sculptorului.<\/p>\n\n\n\n<p>Bucure\u0219tenii se pot bucura de art\u0103, \u00een Bucure\u0219ti fiind organizate expozi\u021bii \u0219i evenimente culturale cu acest prilej.<\/p>\n\n\n\n<p><strong>Ziua Br\u00e2ncu\u0219i la Palatul Cesianu-Racovi\u021b\u0103<\/strong><\/p>\n\n\n\n<p>Ziua Na\u021bional\u0103 Constantin Br\u00e2ncu\u0219i este marcat\u0103 la Palatul Cesianu-Racovi\u021b\u0103 (Strada C.A Rosetti, nr. 5), printr-o expozi\u021bie aniversar\u0103 ce reune\u0219te opere simbol semnate de Constantin Br\u00e2ncu\u0219i, obiecte personale ale marelui maestru, al\u0103turi de experien\u021be new media \u201eAiBr\u00e2ncu\u0219i\u201d \u0219i cafea cu art\u0103, anun\u021b\u0103 organizatorii.<\/p>\n\n\n\n<figure class=\"wp-block-image size-large\"><img fetchpriority=\"high\" decoding=\"async\" width=\"900\" height=\"675\" src=\"data:image\/gif;base64,R0lGODlhAQABAAAAACH5BAEKAAEALAAAAAABAAEAAAICTAEAOw==\" data-src=\"https:\/\/buletin.de\/bucuresti\/wp-content\/uploads\/331579651_929820998022102_346538775649787935_n-900x675.jpg\" alt=\"\" class=\"wp-image-54495 lazyload\" data-sizes=\"auto\" data-srcset=\"https:\/\/buletin.de\/bucuresti\/wp-content\/uploads\/331579651_929820998022102_346538775649787935_n-900x675.jpg 900w, https:\/\/buletin.de\/bucuresti\/wp-content\/uploads\/331579651_929820998022102_346538775649787935_n-300x225.jpg 300w, https:\/\/buletin.de\/bucuresti\/wp-content\/uploads\/331579651_929820998022102_346538775649787935_n-768x576.jpg 768w, https:\/\/buletin.de\/bucuresti\/wp-content\/uploads\/331579651_929820998022102_346538775649787935_n-1536x1152.jpg 1536w, https:\/\/buletin.de\/bucuresti\/wp-content\/uploads\/331579651_929820998022102_346538775649787935_n-1060x795.jpg 1060w, https:\/\/buletin.de\/bucuresti\/wp-content\/uploads\/331579651_929820998022102_346538775649787935_n-550x413.jpg 550w, https:\/\/buletin.de\/bucuresti\/wp-content\/uploads\/331579651_929820998022102_346538775649787935_n-667x500.jpg 667w, https:\/\/buletin.de\/bucuresti\/wp-content\/uploads\/331579651_929820998022102_346538775649787935_n-1920x1440.jpg 1920w, https:\/\/buletin.de\/bucuresti\/wp-content\/uploads\/331579651_929820998022102_346538775649787935_n-1440x1080.jpg 1440w, https:\/\/buletin.de\/bucuresti\/wp-content\/uploads\/331579651_929820998022102_346538775649787935_n-600x450.jpg 600w, https:\/\/buletin.de\/bucuresti\/wp-content\/uploads\/331579651_929820998022102_346538775649787935_n.jpg 2048w\" sizes=\"(max-width: 900px) 100vw, 900px\" \/><figcaption>Surs\u0103: Facebook, Artmark<\/figcaption><\/figure>\n\n\n\n<p>\u201eAst\u0103zi, revine \u00een fa\u021ba publicului crea\u021bia \u201eLe Crocodile\u201d, care face parte din seria experimentelor de atelier realizate \u00een plumb de celebrul sculptor.<\/p>\n\n\n\n<p>O alt\u0103 impresionant\u0103 pies\u0103 ce va completa expozi\u021bia este andreaua din metal, cu dop de \u0219ampanie cu foaie de o\u021bel imprimat\u0103 \u201eTorino Ballor\u201d, confec\u021bionat\u0103 de Constantin Br\u00e2ncu\u0219i pentru pictori\u021ba Natalia Dumitrescu.\u201d, mai transmit organizatorii.<\/p>\n\n\n\n<p>Expozi\u021bia prezint\u0103 loturi din colec\u021bia privat\u0103 Emilian Radu.<\/p>\n\n\n\n<figure class=\"wp-block-image size-large\"><img decoding=\"async\" width=\"709\" height=\"900\" src=\"data:image\/gif;base64,R0lGODlhAQABAAAAACH5BAEKAAEALAAAAAABAAEAAAICTAEAOw==\" data-src=\"https:\/\/buletin.de\/bucuresti\/wp-content\/uploads\/332109295_745558843804561_6326345992620328159_n-709x900.jpg\" alt=\"\" class=\"wp-image-54490 lazyload\" data-sizes=\"auto\" data-srcset=\"https:\/\/buletin.de\/bucuresti\/wp-content\/uploads\/332109295_745558843804561_6326345992620328159_n-709x900.jpg 709w, https:\/\/buletin.de\/bucuresti\/wp-content\/uploads\/332109295_745558843804561_6326345992620328159_n-236x300.jpg 236w, https:\/\/buletin.de\/bucuresti\/wp-content\/uploads\/332109295_745558843804561_6326345992620328159_n-768x974.jpg 768w, https:\/\/buletin.de\/bucuresti\/wp-content\/uploads\/332109295_745558843804561_6326345992620328159_n-1211x1536.jpg 1211w, https:\/\/buletin.de\/bucuresti\/wp-content\/uploads\/332109295_745558843804561_6326345992620328159_n-1060x1345.jpg 1060w, https:\/\/buletin.de\/bucuresti\/wp-content\/uploads\/332109295_745558843804561_6326345992620328159_n-550x698.jpg 550w, https:\/\/buletin.de\/bucuresti\/wp-content\/uploads\/332109295_745558843804561_6326345992620328159_n-394x500.jpg 394w, https:\/\/buletin.de\/bucuresti\/wp-content\/uploads\/332109295_745558843804561_6326345992620328159_n-851x1080.jpg 851w, https:\/\/buletin.de\/bucuresti\/wp-content\/uploads\/332109295_745558843804561_6326345992620328159_n-600x761.jpg 600w, https:\/\/buletin.de\/bucuresti\/wp-content\/uploads\/332109295_745558843804561_6326345992620328159_n.jpg 1284w\" sizes=\"(max-width: 709px) 100vw, 709px\" \/><figcaption>Surs\u0103: Facebook, Artmark<\/figcaption><\/figure>\n\n\n\n<p>Totodat\u0103, revin \u00een fa\u021ba publicului \u0219i dou\u0103 scrisori de dragoste dintre p\u0103rintele sculpturii moderne, Constantin Br\u00e2ncu\u0219i \u0219i una dintre iubirile renumitului sculptor, Florence Meyer, dansatoare modern\u0103 american\u0103, cunoscut\u0103 \u0219i pentru pasiunea sa pentru fotografie.<\/p>\n\n\n\n<figure class=\"wp-block-image size-large\"><img decoding=\"async\" width=\"675\" height=\"900\" src=\"data:image\/gif;base64,R0lGODlhAQABAAAAACH5BAEKAAEALAAAAAABAAEAAAICTAEAOw==\" data-src=\"https:\/\/buletin.de\/bucuresti\/wp-content\/uploads\/331896340_876448116742924_5058805821838661535_n-675x900.jpg\" alt=\"\" class=\"wp-image-54491 lazyload\" data-sizes=\"auto\" data-srcset=\"https:\/\/buletin.de\/bucuresti\/wp-content\/uploads\/331896340_876448116742924_5058805821838661535_n-675x900.jpg 675w, https:\/\/buletin.de\/bucuresti\/wp-content\/uploads\/331896340_876448116742924_5058805821838661535_n-225x300.jpg 225w, https:\/\/buletin.de\/bucuresti\/wp-content\/uploads\/331896340_876448116742924_5058805821838661535_n-768x1024.jpg 768w, https:\/\/buletin.de\/bucuresti\/wp-content\/uploads\/331896340_876448116742924_5058805821838661535_n-1152x1536.jpg 1152w, https:\/\/buletin.de\/bucuresti\/wp-content\/uploads\/331896340_876448116742924_5058805821838661535_n-1060x1413.jpg 1060w, https:\/\/buletin.de\/bucuresti\/wp-content\/uploads\/331896340_876448116742924_5058805821838661535_n-550x733.jpg 550w, https:\/\/buletin.de\/bucuresti\/wp-content\/uploads\/331896340_876448116742924_5058805821838661535_n-375x500.jpg 375w, https:\/\/buletin.de\/bucuresti\/wp-content\/uploads\/331896340_876448116742924_5058805821838661535_n-810x1080.jpg 810w, https:\/\/buletin.de\/bucuresti\/wp-content\/uploads\/331896340_876448116742924_5058805821838661535_n-600x800.jpg 600w, https:\/\/buletin.de\/bucuresti\/wp-content\/uploads\/331896340_876448116742924_5058805821838661535_n.jpg 1536w\" sizes=\"(max-width: 675px) 100vw, 675px\" \/><figcaption>Sursp: Facebook, Artmark<\/figcaption><\/figure>\n\n\n\n<p>Expozi\u021bia aniversar\u0103 va fi deschis\u0103 publicului \u00een intervalul 10:00-20:00, cu intrare liber\u0103.<\/p>\n\n\n\n<p><strong>Ziua Br\u00e2ncu\u0219i la MNAR<\/strong><\/p>\n\n\n\n<p>Ziua Br\u00e2ncu\u0219i este s\u0103rb\u0103torit\u0103 \u0219i la Muzeul Na\u021bional de Art\u0103 al Rom\u00e2niei. Sunt organizate o serie de activit\u0103\u021bi destinate at\u00e2t persoanelor adulte, c\u00e2t \u0219i copiilor.<\/p>\n\n\n\n<figure class=\"wp-block-image size-large\"><img loading=\"lazy\" decoding=\"async\" width=\"900\" height=\"507\" src=\"data:image\/gif;base64,R0lGODlhAQABAAAAACH5BAEKAAEALAAAAAABAAEAAAICTAEAOw==\" data-src=\"https:\/\/buletin.de\/bucuresti\/wp-content\/uploads\/brancusi890-1-900x507.jpg\" alt=\"\" class=\"wp-image-54494 lazyload\" data-sizes=\"auto\" data-srcset=\"https:\/\/buletin.de\/bucuresti\/wp-content\/uploads\/brancusi890-1-900x507.jpg 900w, https:\/\/buletin.de\/bucuresti\/wp-content\/uploads\/brancusi890-1-300x169.jpg 300w, https:\/\/buletin.de\/bucuresti\/wp-content\/uploads\/brancusi890-1-768x433.jpg 768w, https:\/\/buletin.de\/bucuresti\/wp-content\/uploads\/brancusi890-1-1536x865.jpg 1536w, https:\/\/buletin.de\/bucuresti\/wp-content\/uploads\/brancusi890-1-1060x597.jpg 1060w, https:\/\/buletin.de\/bucuresti\/wp-content\/uploads\/brancusi890-1-550x310.jpg 550w, https:\/\/buletin.de\/bucuresti\/wp-content\/uploads\/brancusi890-1-887x500.jpg 887w, https:\/\/buletin.de\/bucuresti\/wp-content\/uploads\/brancusi890-1-600x338.jpg 600w, https:\/\/buletin.de\/bucuresti\/wp-content\/uploads\/brancusi890-1.jpg 1640w\" sizes=\"(max-width: 900px) 100vw, 900px\" \/><figcaption>Surs\u0103: MNAR<\/figcaption><\/figure>\n\n\n\n<p>Publicul adult este invitat la un tur ghidat al operelor lui Br\u00e2ncu\u0219i aflate \u00een Galeria de Art\u0103 Rom\u00e2neasc\u0103 Modern\u0103 a MNAR, sus\u021binut de Miruna Moraru, muzeograf \u00een cadrul Sec\u021biei de Art\u0103 Rom\u00e2neasc\u0103 Modern\u0103. Lucr\u0103ri precum\u00a0<em>Somnul, Danaida, Macheta pilonului Por\u0163ii S\u0103rutului, Scaun, Cap de copil, Supliciul, Prometeu sau Rug\u0103ciunea\u00a0<\/em>vor fi prezentate \u0219i contextualizate \u00een cadrul \u00eentregii opere br\u00e2ncu\u0219iene.<\/p>\n\n\n\n<p>Copiii \u00eentre 8 \u0219i 14 ani sunt invita\u021bi s\u0103 p\u0103trund\u0103 \u00een universul operei br\u00e2ncu\u0219iene prin intermediul jocului, al sim\u021burilor \u0219i al experien\u021bei directe \u00een cadrul deosebit al atelierului \u201ePas\u0103rea ascuns\u0103 \u00een piatr\u0103\u201d. Ace\u0219tia vor vizita operele originale ale lui Br\u00e2ncu\u0219i \u00een sala dedicat\u0103 din Galeria de Art\u0103 Rom\u00e2neasc\u0103 Modern\u0103, apoi vor fi \u00eenso\u021bi\u021bi \u00een atelierul vizual-tactil dedicat lui Br\u00e2ncu\u0219i al MNAR unde vor avea ocazia s\u0103 lucreze cu materiale nobile precum piatra, lemnul \u0219i bronzul, \u0219i cu instrumente importante folosite de Br\u00e2ncu\u0219i, precum dalta, pila sau piatra de ascu\u021bit.<\/p>\n\n\n\n<p>Spa\u021biul-atelier \u201ePas\u0103rea ascuns\u0103 \u00een piatr\u0103\u201d a fost conceput si realizat de c\u0103tre speciali\u0219tii \u00een educa\u021bie ai Muzeului Na\u021bional de Art\u0103 Modern\u0103 &#8211; Centrul Georges Pompidou din Paris \u0219i donat \u00een 2007 Muzeului Na\u021bional de Art\u0103 al Rom\u00e2niei. MNAR este de\u021bin\u0103torul celei mai mari colec\u021bii de opere ale lui Constantin Br\u00e2ncu\u0219i din Rom\u00e2nia.<\/p>\n\n\n\n<p><strong>PROGRAM 19 Februarie 2023 MNAR Calea Victoriei 49-53<\/strong><\/p>\n\n\n\n<ul class=\"wp-block-list\"><li>ora 11:00&nbsp;Atelier \u201ePas\u0103rea ascuns\u0103 \u00een piatra\u201d copii 8 \u2013 12 ani<\/li><li>ora 14:00 Atelier \u201ePas\u0103rea ascuns\u0103 \u00een piatra\u201d copii 10 \u2013 14 ani<\/li><li>ora 16:00 Tur ghidat \u00een Sala Br\u00e2ncu\u0219i din Galeria Na\u021bional\u0103, sus\u021binut de Miruna Moraru, muzeograf Sec\u021bia Art\u0103 Rom\u00e2neasc\u0103 Modern\u0103.<\/li><\/ul>\n\n\n\n<p>Participarea la atelierele pentru copii se face cu \u00eenscriere prealabil\u0103 la adresa&nbsp;<a href=\"mailto:educatie@art.museum.ro.\"><\/a><a href=\"mailto:educatie@art.museum.ro\">educatie@art.museum.ro<\/a>.<br>Pre\u021b atelier: 35 lei\/copil. Intrarea se face prin Galeria Na\u021bional\u0103, Calea Victoriei nr. 49-53. Ateliere sus\u021binute de Ioana Ciu\u0219tea.<\/p>\n\n\n\n<p>Participarea la turul ghidat se va face \u00een baza biletului de intrare la Galeria Na\u021bional\u0103 \u0219i \u00een limita a 30 persoane.<br>Pre\u021b bilet intrare: 24 lei la care se aplic\u0103 reduceri \u0219i gratuit\u0103\u021bi; ghidaj gratuit.<\/p>\n\n\n\n<p><strong>Ziua Br\u00e2ncu\u0219i la Art Safari<\/strong><\/p>\n\n\n\n<figure class=\"wp-block-image size-large\"><img loading=\"lazy\" decoding=\"async\" width=\"506\" height=\"900\" src=\"data:image\/gif;base64,R0lGODlhAQABAAAAACH5BAEKAAEALAAAAAABAAEAAAICTAEAOw==\" data-src=\"https:\/\/buletin.de\/bucuresti\/wp-content\/uploads\/art-safari-constantin-brancusi_bfef9cf3ef6a9c4fc94a3fac156ce746-1-506x900.jpg\" alt=\"\" class=\"wp-image-54492 lazyload\" data-sizes=\"auto\" data-srcset=\"https:\/\/buletin.de\/bucuresti\/wp-content\/uploads\/art-safari-constantin-brancusi_bfef9cf3ef6a9c4fc94a3fac156ce746-1-506x900.jpg 506w, https:\/\/buletin.de\/bucuresti\/wp-content\/uploads\/art-safari-constantin-brancusi_bfef9cf3ef6a9c4fc94a3fac156ce746-1-169x300.jpg 169w, https:\/\/buletin.de\/bucuresti\/wp-content\/uploads\/art-safari-constantin-brancusi_bfef9cf3ef6a9c4fc94a3fac156ce746-1-768x1365.jpg 768w, https:\/\/buletin.de\/bucuresti\/wp-content\/uploads\/art-safari-constantin-brancusi_bfef9cf3ef6a9c4fc94a3fac156ce746-1-550x978.jpg 550w, https:\/\/buletin.de\/bucuresti\/wp-content\/uploads\/art-safari-constantin-brancusi_bfef9cf3ef6a9c4fc94a3fac156ce746-1-281x500.jpg 281w, https:\/\/buletin.de\/bucuresti\/wp-content\/uploads\/art-safari-constantin-brancusi_bfef9cf3ef6a9c4fc94a3fac156ce746-1-608x1080.jpg 608w, https:\/\/buletin.de\/bucuresti\/wp-content\/uploads\/art-safari-constantin-brancusi_bfef9cf3ef6a9c4fc94a3fac156ce746-1-600x1067.jpg 600w, https:\/\/buletin.de\/bucuresti\/wp-content\/uploads\/art-safari-constantin-brancusi_bfef9cf3ef6a9c4fc94a3fac156ce746-1.jpg 800w\" sizes=\"(max-width: 506px) 100vw, 506px\" \/><figcaption>Surs\u0103: Facebook, Art Safari<\/figcaption><\/figure>\n\n\n\n<p>Art Safari este deschis publicului pentru prima dat\u0103 de Ziua Na\u021bional\u0103 Constantin Br\u00e2ncu\u0219i. Evenimentul aduce \u00een fa\u021ba publicului o expozi\u021bie inedit\u0103. Art Safari \u00eei va prezenta pe cei 10 urma\u0219i ai lui Constantin Br\u00e2ncu\u0219i, \u00eentr-o expozi\u021bie temporar\u0103. Cei 10 urma\u0219i ai lui Constantin Br\u00e2ncu\u0219i, selecta\u021bi de Ioana Spiridon, curatorul expozi\u021biei, sunt: George Apostu, Florica Ioan, Vasile Gorduz, Napoleon Tiron, Gheorghe Iliescu C\u0103line\u0219ti, Ion Vlasiu, G\u00e9za Vida, Paul Neagu, Irina Codreanu, Ingo Glass.<\/p>\n\n\n\n<figure class=\"wp-block-image size-large\"><img loading=\"lazy\" decoding=\"async\" width=\"720\" height=\"900\" src=\"data:image\/gif;base64,R0lGODlhAQABAAAAACH5BAEKAAEALAAAAAABAAEAAAICTAEAOw==\" data-src=\"https:\/\/buletin.de\/bucuresti\/wp-content\/uploads\/331791189_636249738260399_236786519410206590_n-1-720x900.jpg\" alt=\"\" class=\"wp-image-54493 lazyload\" data-sizes=\"auto\" data-srcset=\"https:\/\/buletin.de\/bucuresti\/wp-content\/uploads\/331791189_636249738260399_236786519410206590_n-1-720x900.jpg 720w, https:\/\/buletin.de\/bucuresti\/wp-content\/uploads\/331791189_636249738260399_236786519410206590_n-1-240x300.jpg 240w, https:\/\/buletin.de\/bucuresti\/wp-content\/uploads\/331791189_636249738260399_236786519410206590_n-1-768x960.jpg 768w, https:\/\/buletin.de\/bucuresti\/wp-content\/uploads\/331791189_636249738260399_236786519410206590_n-1-1060x1325.jpg 1060w, https:\/\/buletin.de\/bucuresti\/wp-content\/uploads\/331791189_636249738260399_236786519410206590_n-1-550x688.jpg 550w, https:\/\/buletin.de\/bucuresti\/wp-content\/uploads\/331791189_636249738260399_236786519410206590_n-1-400x500.jpg 400w, https:\/\/buletin.de\/bucuresti\/wp-content\/uploads\/331791189_636249738260399_236786519410206590_n-1-864x1080.jpg 864w, https:\/\/buletin.de\/bucuresti\/wp-content\/uploads\/331791189_636249738260399_236786519410206590_n-1-600x750.jpg 600w, https:\/\/buletin.de\/bucuresti\/wp-content\/uploads\/331791189_636249738260399_236786519410206590_n-1.jpg 1080w\" sizes=\"(max-width: 720px) 100vw, 720px\" \/><figcaption>Surs\u0103: Facebook, Art Safari<\/figcaption><\/figure>\n\n\n\n<p>Expozi\u021bia temporar\u0103 poate fi vizitat\u0103 ast\u0103zi, de Ziua Na\u021bional\u0103 Constantin Br\u00e2ncu\u0219i, la Palatul Dacia-Rom\u00e2nia, Lipscani 18, \u00eentre orele 12:00 &#8211; 21.00.<\/p>\n\n\n\n<p><strong>Marele sculptor rom\u00e2n Constantin Br\u00e2ncu\u0219i<\/strong><\/p>\n\n\n\n<p>Constantin Br\u00e2ncu\u015fi a l\u0103sat lumii o colec\u021bie impresionant\u0103 de&nbsp;opere caracterizate printr-o elegan\u0163\u0103 deosebit\u0103, rezultat\u0103 din combinarea simplit\u0103\u0163ii artei populare rom\u00e2ne\u015fti cu rafinamentul avangardei pariziene. <\/p>\n\n\n\n<p>N\u0103scut la Hobi\u021ba, Gorj, pe data de 19 februarie 1876, Constantin Br\u00e2ncu\u0219i a ales un ora\u0219 care s\u0103-i poarte ve\u0219nic operele sculptate. \u00cen ora\u0219ul T\u00e2rgu Jiu din jude\u021bul Gorj, sculptorul a creat ansamblul de sculpturi \u00een memoria eroilor care au luptat de-a lungul r\u00e2ului Jiu \u00een Primul R\u0103zboi Mondial.<\/p>\n\n\n\n<figure class=\"wp-block-image size-large\"><img loading=\"lazy\" decoding=\"async\" width=\"663\" height=\"900\" src=\"data:image\/gif;base64,R0lGODlhAQABAAAAACH5BAEKAAEALAAAAAABAAEAAAICTAEAOw==\" data-src=\"https:\/\/buletin.de\/bucuresti\/wp-content\/uploads\/WhatsApp-Image-2023-02-19-at-13.47.41-663x900.jpeg\" alt=\"\" class=\"wp-image-54496 lazyload\" data-sizes=\"auto\" data-srcset=\"https:\/\/buletin.de\/bucuresti\/wp-content\/uploads\/WhatsApp-Image-2023-02-19-at-13.47.41-663x900.jpeg 663w, https:\/\/buletin.de\/bucuresti\/wp-content\/uploads\/WhatsApp-Image-2023-02-19-at-13.47.41-221x300.jpeg 221w, https:\/\/buletin.de\/bucuresti\/wp-content\/uploads\/WhatsApp-Image-2023-02-19-at-13.47.41-768x1042.jpeg 768w, https:\/\/buletin.de\/bucuresti\/wp-content\/uploads\/WhatsApp-Image-2023-02-19-at-13.47.41-1060x1439.jpeg 1060w, https:\/\/buletin.de\/bucuresti\/wp-content\/uploads\/WhatsApp-Image-2023-02-19-at-13.47.41-550x747.jpeg 550w, https:\/\/buletin.de\/bucuresti\/wp-content\/uploads\/WhatsApp-Image-2023-02-19-at-13.47.41-368x500.jpeg 368w, https:\/\/buletin.de\/bucuresti\/wp-content\/uploads\/WhatsApp-Image-2023-02-19-at-13.47.41-796x1080.jpeg 796w, https:\/\/buletin.de\/bucuresti\/wp-content\/uploads\/WhatsApp-Image-2023-02-19-at-13.47.41-600x814.jpeg 600w, https:\/\/buletin.de\/bucuresti\/wp-content\/uploads\/WhatsApp-Image-2023-02-19-at-13.47.41.jpeg 1080w\" sizes=\"(max-width: 663px) 100vw, 663px\" \/><figcaption>Coloana Infinitului, T\u00e2rgu-Jiu. Foto: Andreea Gelatu<\/figcaption><\/figure>\n\n\n\n<figure class=\"wp-block-image size-large\"><img loading=\"lazy\" decoding=\"async\" width=\"900\" height=\"666\" src=\"data:image\/gif;base64,R0lGODlhAQABAAAAACH5BAEKAAEALAAAAAABAAEAAAICTAEAOw==\" data-src=\"https:\/\/buletin.de\/bucuresti\/wp-content\/uploads\/WhatsApp-Image-2023-02-19-at-13.45.49-900x666.jpeg\" alt=\"\" class=\"wp-image-54499 lazyload\" data-sizes=\"auto\" data-srcset=\"https:\/\/buletin.de\/bucuresti\/wp-content\/uploads\/WhatsApp-Image-2023-02-19-at-13.45.49-900x666.jpeg 900w, https:\/\/buletin.de\/bucuresti\/wp-content\/uploads\/WhatsApp-Image-2023-02-19-at-13.45.49-300x222.jpeg 300w, https:\/\/buletin.de\/bucuresti\/wp-content\/uploads\/WhatsApp-Image-2023-02-19-at-13.45.49-768x568.jpeg 768w, https:\/\/buletin.de\/bucuresti\/wp-content\/uploads\/WhatsApp-Image-2023-02-19-at-13.45.49-1060x784.jpeg 1060w, https:\/\/buletin.de\/bucuresti\/wp-content\/uploads\/WhatsApp-Image-2023-02-19-at-13.45.49-550x407.jpeg 550w, https:\/\/buletin.de\/bucuresti\/wp-content\/uploads\/WhatsApp-Image-2023-02-19-at-13.45.49-676x500.jpeg 676w, https:\/\/buletin.de\/bucuresti\/wp-content\/uploads\/WhatsApp-Image-2023-02-19-at-13.45.49-600x444.jpeg 600w, https:\/\/buletin.de\/bucuresti\/wp-content\/uploads\/WhatsApp-Image-2023-02-19-at-13.45.49.jpeg 1080w\" sizes=\"(max-width: 900px) 100vw, 900px\" \/><\/figure>\n\n\n<p><iframe src=\"https:\/\/www.facebook.com\/plugins\/video.php?height=438&#038;href=https%3A%2F%2Fwww.facebook.com%2Fdanastefanescu.ro%2Fvideos%2F1855262411495786%2F&#038;show_text=false&#038;width=560&#038;t=0\" width=\"560\" height=\"438\" style=\"border:none;overflow:hidden\" scrolling=\"no\" frameborder=\"0\" allowfullscreen=\"true\" allow=\"autoplay; clipboard-write; encrypted-media; picture-in-picture; web-share\" allowFullScreen=\"true\"><\/iframe><\/p>\n\n\n\n<p>Surs\u0103 video: Facebook, Dana Mihaela Stefanescu<\/p>\n\n\n\n<figure class=\"wp-block-image size-large\"><img loading=\"lazy\" decoding=\"async\" width=\"900\" height=\"771\" src=\"data:image\/gif;base64,R0lGODlhAQABAAAAACH5BAEKAAEALAAAAAABAAEAAAICTAEAOw==\" data-src=\"https:\/\/buletin.de\/bucuresti\/wp-content\/uploads\/WhatsApp-Image-2023-02-19-at-13.45.48-900x771.jpeg\" alt=\"\" class=\"wp-image-54497 lazyload\" data-sizes=\"auto\" data-srcset=\"https:\/\/buletin.de\/bucuresti\/wp-content\/uploads\/WhatsApp-Image-2023-02-19-at-13.45.48-900x771.jpeg 900w, https:\/\/buletin.de\/bucuresti\/wp-content\/uploads\/WhatsApp-Image-2023-02-19-at-13.45.48-300x257.jpeg 300w, https:\/\/buletin.de\/bucuresti\/wp-content\/uploads\/WhatsApp-Image-2023-02-19-at-13.45.48-768x658.jpeg 768w, https:\/\/buletin.de\/bucuresti\/wp-content\/uploads\/WhatsApp-Image-2023-02-19-at-13.45.48-1060x908.jpeg 1060w, https:\/\/buletin.de\/bucuresti\/wp-content\/uploads\/WhatsApp-Image-2023-02-19-at-13.45.48-550x471.jpeg 550w, https:\/\/buletin.de\/bucuresti\/wp-content\/uploads\/WhatsApp-Image-2023-02-19-at-13.45.48-584x500.jpeg 584w, https:\/\/buletin.de\/bucuresti\/wp-content\/uploads\/WhatsApp-Image-2023-02-19-at-13.45.48-600x514.jpeg 600w, https:\/\/buletin.de\/bucuresti\/wp-content\/uploads\/WhatsApp-Image-2023-02-19-at-13.45.48.jpeg 1080w\" sizes=\"(max-width: 900px) 100vw, 900px\" \/><figcaption>Masa T\u0103cerii, T\u00e2rgu-Jiu. Foto: Andreea Gelatu<\/figcaption><\/figure>\n\n\n\n<figure class=\"wp-block-image size-large\"><img loading=\"lazy\" decoding=\"async\" width=\"900\" height=\"812\" src=\"data:image\/gif;base64,R0lGODlhAQABAAAAACH5BAEKAAEALAAAAAABAAEAAAICTAEAOw==\" data-src=\"https:\/\/buletin.de\/bucuresti\/wp-content\/uploads\/WhatsApp-Image-2023-02-19-at-13.45.48-1-900x812.jpeg\" alt=\"\" class=\"wp-image-54498 lazyload\" data-sizes=\"auto\" data-srcset=\"https:\/\/buletin.de\/bucuresti\/wp-content\/uploads\/WhatsApp-Image-2023-02-19-at-13.45.48-1-900x812.jpeg 900w, https:\/\/buletin.de\/bucuresti\/wp-content\/uploads\/WhatsApp-Image-2023-02-19-at-13.45.48-1-300x271.jpeg 300w, https:\/\/buletin.de\/bucuresti\/wp-content\/uploads\/WhatsApp-Image-2023-02-19-at-13.45.48-1-768x693.jpeg 768w, https:\/\/buletin.de\/bucuresti\/wp-content\/uploads\/WhatsApp-Image-2023-02-19-at-13.45.48-1-1060x956.jpeg 1060w, https:\/\/buletin.de\/bucuresti\/wp-content\/uploads\/WhatsApp-Image-2023-02-19-at-13.45.48-1-550x496.jpeg 550w, https:\/\/buletin.de\/bucuresti\/wp-content\/uploads\/WhatsApp-Image-2023-02-19-at-13.45.48-1-554x500.jpeg 554w, https:\/\/buletin.de\/bucuresti\/wp-content\/uploads\/WhatsApp-Image-2023-02-19-at-13.45.48-1-600x541.jpeg 600w, https:\/\/buletin.de\/bucuresti\/wp-content\/uploads\/WhatsApp-Image-2023-02-19-at-13.45.48-1.jpeg 1069w\" sizes=\"(max-width: 900px) 100vw, 900px\" \/><figcaption>Poarta S\u0103rutului, T\u00e2rgu-Jiu. Foto: Andreea Gelatu<\/figcaption><\/figure>\n\n\n\n<p>Surs\u0103 foto cover: Andreea Gelatu, Ziua Br\u00e2ncu\u0219i la MNAR, arhiv\u0103 2020<\/p>\n","protected":false},"excerpt":{"rendered":"<p>Ziua Na\u021bional\u0103 Constantin Br\u00e2ncu\u0219i celebreaz\u0103 memoria celui mai mare sculptor pe care l-a dat Rom\u00e2nia. Se s\u0103rb\u0103tore\u0219te anual, pe 19 februarie, data anivers\u0103rii marelui sculptor rom\u00e2n. \u00cen acest an, se \u00eemplinesc 147 de ani de la na\u0219terea sculptorului. Bucure\u0219tenii se pot bucura de art\u0103, \u00een Bucure\u0219ti fiind organizate expozi\u021bii \u0219i evenimente culturale cu acest prilej. [&hellip;]<\/p>\n","protected":false},"author":46,"featured_media":54503,"comment_status":"closed","ping_status":"open","sticky":false,"template":"","format":"standard","meta":{"_acf_changed":false,"inline_featured_image":false,"ngg_post_thumbnail":0,"footnotes":""},"categories":[62],"tags":[5467,5468,5466],"ppma_author":[22605],"class_list":["post-54486","post","type-post","status-publish","format-standard","has-post-thumbnail","hentry","category-stiri","tag-19februarie","tag-expozitii","tag-ziuabrancusi"],"acf":[],"yoast_head":"<!-- This site is optimized with the Yoast SEO Premium plugin v25.3 (Yoast SEO v27.4) - https:\/\/yoast.com\/product\/yoast-seo-premium-wordpress\/ -->\n<title>Ziua Na\u021bional\u0103 Constantin Br\u00e2ncu\u0219i, s\u0103rb\u0103torit\u0103 \u00een Bucure\u0219ti - Buletin de Bucure\u0219ti<\/title>\n<meta name=\"robots\" content=\"index, follow, max-snippet:-1, max-image-preview:large, max-video-preview:-1\" \/>\n<link rel=\"canonical\" href=\"https:\/\/buletin.de\/bucuresti\/ziua-nationala-constantin-brancusi-sarbatorita-in-bucuresti\/\" \/>\n<meta property=\"og:locale\" content=\"en_GB\" \/>\n<meta property=\"og:type\" content=\"article\" \/>\n<meta property=\"og:title\" content=\"Ziua Na\u021bional\u0103 Constantin Br\u00e2ncu\u0219i, s\u0103rb\u0103torit\u0103 \u00een Bucure\u0219ti\" \/>\n<meta property=\"og:description\" content=\"Ziua Na\u021bional\u0103 Constantin Br\u00e2ncu\u0219i celebreaz\u0103 memoria celui mai mare sculptor pe care l-a dat Rom\u00e2nia. Se s\u0103rb\u0103tore\u0219te anual, pe 19 februarie, data anivers\u0103rii marelui sculptor rom\u00e2n. \u00cen acest an, se \u00eemplinesc 147 de ani de la na\u0219terea sculptorului. Bucure\u0219tenii se pot bucura de art\u0103, \u00een Bucure\u0219ti fiind organizate expozi\u021bii \u0219i evenimente culturale cu acest prilej. [&hellip;]\" \/>\n<meta property=\"og:url\" content=\"https:\/\/buletin.de\/bucuresti\/ziua-nationala-constantin-brancusi-sarbatorita-in-bucuresti\/\" \/>\n<meta property=\"og:site_name\" content=\"Buletin de Bucure\u0219ti\" \/>\n<meta property=\"article:publisher\" content=\"https:\/\/www.facebook.com\/buletin.de.buc\" \/>\n<meta property=\"article:published_time\" content=\"2023-02-19T12:38:08+00:00\" \/>\n<meta property=\"article:modified_time\" content=\"2023-02-19T12:46:18+00:00\" \/>\n<meta property=\"og:image\" content=\"https:\/\/buletin.de\/bucuresti\/wp-content\/uploads\/WhatsApp-Image-2023-02-19-at-13.54.04.jpeg\" \/>\n\t<meta property=\"og:image:width\" content=\"1080\" \/>\n\t<meta property=\"og:image:height\" content=\"1056\" \/>\n\t<meta property=\"og:image:type\" content=\"image\/jpeg\" \/>\n<meta name=\"author\" content=\"Andreea Gelatu\" \/>\n<meta name=\"twitter:card\" content=\"summary_large_image\" \/>\n<meta name=\"twitter:label1\" content=\"Written by\" \/>\n\t<meta name=\"twitter:data1\" content=\"Andreea Gelatu\" \/>\n\t<meta name=\"twitter:label2\" content=\"Estimated reading time\" \/>\n\t<meta name=\"twitter:data2\" content=\"6 minutes\" \/>\n<script type=\"application\/ld+json\" class=\"yoast-schema-graph\">{\"@context\":\"https:\\\/\\\/schema.org\",\"@graph\":[{\"@type\":\"Article\",\"@id\":\"https:\\\/\\\/buletin.de\\\/bucuresti\\\/ziua-nationala-constantin-brancusi-sarbatorita-in-bucuresti\\\/#article\",\"isPartOf\":{\"@id\":\"https:\\\/\\\/buletin.de\\\/bucuresti\\\/ziua-nationala-constantin-brancusi-sarbatorita-in-bucuresti\\\/\"},\"author\":{\"name\":\"Andreea Gelatu\",\"@id\":\"https:\\\/\\\/buletin.de\\\/bucuresti\\\/#\\\/schema\\\/person\\\/87734700b2c7f8608881f7e93b8834de\"},\"headline\":\"Ziua Na\u021bional\u0103 Constantin Br\u00e2ncu\u0219i, s\u0103rb\u0103torit\u0103 \u00een Bucure\u0219ti\",\"datePublished\":\"2023-02-19T12:38:08+00:00\",\"dateModified\":\"2023-02-19T12:46:18+00:00\",\"mainEntityOfPage\":{\"@id\":\"https:\\\/\\\/buletin.de\\\/bucuresti\\\/ziua-nationala-constantin-brancusi-sarbatorita-in-bucuresti\\\/\"},\"wordCount\":946,\"publisher\":{\"@id\":\"https:\\\/\\\/buletin.de\\\/bucuresti\\\/#organization\"},\"image\":{\"@id\":\"https:\\\/\\\/buletin.de\\\/bucuresti\\\/ziua-nationala-constantin-brancusi-sarbatorita-in-bucuresti\\\/#primaryimage\"},\"thumbnailUrl\":\"https:\\\/\\\/buletin.de\\\/bucuresti\\\/wp-content\\\/uploads\\\/WhatsApp-Image-2023-02-19-at-13.54.04.jpeg\",\"keywords\":[\"19februarie\",\"expozi\u021bii\",\"ZiuaBr\u00e2ncu\u0219i\"],\"articleSection\":[\"\u0218tiri\"],\"inLanguage\":\"en-GB\",\"copyrightYear\":\"2023\",\"copyrightHolder\":{\"@id\":\"https:\\\/\\\/buletin.de\\\/bucuresti\\\/#organization\"}},{\"@type\":\"WebPage\",\"@id\":\"https:\\\/\\\/buletin.de\\\/bucuresti\\\/ziua-nationala-constantin-brancusi-sarbatorita-in-bucuresti\\\/\",\"url\":\"https:\\\/\\\/buletin.de\\\/bucuresti\\\/ziua-nationala-constantin-brancusi-sarbatorita-in-bucuresti\\\/\",\"name\":\"Ziua Na\u021bional\u0103 Constantin Br\u00e2ncu\u0219i, s\u0103rb\u0103torit\u0103 \u00een Bucure\u0219ti - Buletin de Bucure\u0219ti\",\"isPartOf\":{\"@id\":\"https:\\\/\\\/buletin.de\\\/bucuresti\\\/#website\"},\"primaryImageOfPage\":{\"@id\":\"https:\\\/\\\/buletin.de\\\/bucuresti\\\/ziua-nationala-constantin-brancusi-sarbatorita-in-bucuresti\\\/#primaryimage\"},\"image\":{\"@id\":\"https:\\\/\\\/buletin.de\\\/bucuresti\\\/ziua-nationala-constantin-brancusi-sarbatorita-in-bucuresti\\\/#primaryimage\"},\"thumbnailUrl\":\"https:\\\/\\\/buletin.de\\\/bucuresti\\\/wp-content\\\/uploads\\\/WhatsApp-Image-2023-02-19-at-13.54.04.jpeg\",\"datePublished\":\"2023-02-19T12:38:08+00:00\",\"dateModified\":\"2023-02-19T12:46:18+00:00\",\"breadcrumb\":{\"@id\":\"https:\\\/\\\/buletin.de\\\/bucuresti\\\/ziua-nationala-constantin-brancusi-sarbatorita-in-bucuresti\\\/#breadcrumb\"},\"inLanguage\":\"en-GB\",\"potentialAction\":[{\"@type\":\"ReadAction\",\"target\":[\"https:\\\/\\\/buletin.de\\\/bucuresti\\\/ziua-nationala-constantin-brancusi-sarbatorita-in-bucuresti\\\/\"]}]},{\"@type\":\"ImageObject\",\"inLanguage\":\"en-GB\",\"@id\":\"https:\\\/\\\/buletin.de\\\/bucuresti\\\/ziua-nationala-constantin-brancusi-sarbatorita-in-bucuresti\\\/#primaryimage\",\"url\":\"https:\\\/\\\/buletin.de\\\/bucuresti\\\/wp-content\\\/uploads\\\/WhatsApp-Image-2023-02-19-at-13.54.04.jpeg\",\"contentUrl\":\"https:\\\/\\\/buletin.de\\\/bucuresti\\\/wp-content\\\/uploads\\\/WhatsApp-Image-2023-02-19-at-13.54.04.jpeg\",\"width\":1080,\"height\":1056},{\"@type\":\"BreadcrumbList\",\"@id\":\"https:\\\/\\\/buletin.de\\\/bucuresti\\\/ziua-nationala-constantin-brancusi-sarbatorita-in-bucuresti\\\/#breadcrumb\",\"itemListElement\":[{\"@type\":\"ListItem\",\"position\":1,\"name\":\"Acas\u0103\",\"item\":\"https:\\\/\\\/buletin.de\\\/bucuresti\\\/\"},{\"@type\":\"ListItem\",\"position\":2,\"name\":\"Ziua Na\u021bional\u0103 Constantin Br\u00e2ncu\u0219i, s\u0103rb\u0103torit\u0103 \u00een Bucure\u0219ti\"}]},{\"@type\":\"WebSite\",\"@id\":\"https:\\\/\\\/buletin.de\\\/bucuresti\\\/#website\",\"url\":\"https:\\\/\\\/buletin.de\\\/bucuresti\\\/\",\"name\":\"Buletin de Bucure\u0219ti\",\"description\":\"\u0218tiri \u0219i investiga\u021bii esen\u021biale din capital\u0103\",\"publisher\":{\"@id\":\"https:\\\/\\\/buletin.de\\\/bucuresti\\\/#organization\"},\"potentialAction\":[{\"@type\":\"SearchAction\",\"target\":{\"@type\":\"EntryPoint\",\"urlTemplate\":\"https:\\\/\\\/buletin.de\\\/bucuresti\\\/?s={search_term_string}\"},\"query-input\":{\"@type\":\"PropertyValueSpecification\",\"valueRequired\":true,\"valueName\":\"search_term_string\"}}],\"inLanguage\":\"en-GB\"},{\"@type\":\"Organization\",\"@id\":\"https:\\\/\\\/buletin.de\\\/bucuresti\\\/#organization\",\"name\":\"Buletin de Bucure\u0219ti\",\"url\":\"https:\\\/\\\/buletin.de\\\/bucuresti\\\/\",\"logo\":{\"@type\":\"ImageObject\",\"inLanguage\":\"en-GB\",\"@id\":\"https:\\\/\\\/buletin.de\\\/bucuresti\\\/#\\\/schema\\\/logo\\\/image\\\/\",\"url\":\"https:\\\/\\\/buletin.de\\\/bucuresti\\\/wp-content\\\/uploads\\\/logo-bdb-full-wide-vernil-transparent.png\",\"contentUrl\":\"https:\\\/\\\/buletin.de\\\/bucuresti\\\/wp-content\\\/uploads\\\/logo-bdb-full-wide-vernil-transparent.png\",\"width\":1782,\"height\":626,\"caption\":\"Buletin de Bucure\u0219ti\"},\"image\":{\"@id\":\"https:\\\/\\\/buletin.de\\\/bucuresti\\\/#\\\/schema\\\/logo\\\/image\\\/\"},\"sameAs\":[\"https:\\\/\\\/www.facebook.com\\\/buletin.de.buc\",\"https:\\\/\\\/www.instagram.com\\\/buletinde.bucuresti\\\/\"]},{\"@type\":\"Person\",\"@id\":\"https:\\\/\\\/buletin.de\\\/bucuresti\\\/#\\\/schema\\\/person\\\/87734700b2c7f8608881f7e93b8834de\",\"name\":\"Andreea Gelatu\",\"image\":{\"@type\":\"ImageObject\",\"inLanguage\":\"en-GB\",\"@id\":\"https:\\\/\\\/secure.gravatar.com\\\/avatar\\\/b716eca2f984b9b65bdd87118b4b909d940b619cbe6e8cb725fe11c1b1f4194f?s=96&d=monsterid&r=g9b5eff4996c6b842a29b3057a7b4746f\",\"url\":\"https:\\\/\\\/secure.gravatar.com\\\/avatar\\\/b716eca2f984b9b65bdd87118b4b909d940b619cbe6e8cb725fe11c1b1f4194f?s=96&d=monsterid&r=g\",\"contentUrl\":\"https:\\\/\\\/secure.gravatar.com\\\/avatar\\\/b716eca2f984b9b65bdd87118b4b909d940b619cbe6e8cb725fe11c1b1f4194f?s=96&d=monsterid&r=g\",\"caption\":\"Andreea Gelatu\"},\"url\":\"https:\\\/\\\/buletin.de\\\/bucuresti\\\/author\\\/andreeagelatu\\\/\"}]}<\/script>\n<!-- \/ Yoast SEO Premium plugin. -->","yoast_head_json":{"title":"Ziua Na\u021bional\u0103 Constantin Br\u00e2ncu\u0219i, s\u0103rb\u0103torit\u0103 \u00een Bucure\u0219ti - Buletin de Bucure\u0219ti","robots":{"index":"index","follow":"follow","max-snippet":"max-snippet:-1","max-image-preview":"max-image-preview:large","max-video-preview":"max-video-preview:-1"},"canonical":"https:\/\/buletin.de\/bucuresti\/ziua-nationala-constantin-brancusi-sarbatorita-in-bucuresti\/","og_locale":"en_GB","og_type":"article","og_title":"Ziua Na\u021bional\u0103 Constantin Br\u00e2ncu\u0219i, s\u0103rb\u0103torit\u0103 \u00een Bucure\u0219ti","og_description":"Ziua Na\u021bional\u0103 Constantin Br\u00e2ncu\u0219i celebreaz\u0103 memoria celui mai mare sculptor pe care l-a dat Rom\u00e2nia. Se s\u0103rb\u0103tore\u0219te anual, pe 19 februarie, data anivers\u0103rii marelui sculptor rom\u00e2n. \u00cen acest an, se \u00eemplinesc 147 de ani de la na\u0219terea sculptorului. Bucure\u0219tenii se pot bucura de art\u0103, \u00een Bucure\u0219ti fiind organizate expozi\u021bii \u0219i evenimente culturale cu acest prilej. [&hellip;]","og_url":"https:\/\/buletin.de\/bucuresti\/ziua-nationala-constantin-brancusi-sarbatorita-in-bucuresti\/","og_site_name":"Buletin de Bucure\u0219ti","article_publisher":"https:\/\/www.facebook.com\/buletin.de.buc","article_published_time":"2023-02-19T12:38:08+00:00","article_modified_time":"2023-02-19T12:46:18+00:00","og_image":[{"width":1080,"height":1056,"url":"https:\/\/buletin.de\/bucuresti\/wp-content\/uploads\/WhatsApp-Image-2023-02-19-at-13.54.04.jpeg","type":"image\/jpeg"}],"author":"Andreea Gelatu","twitter_card":"summary_large_image","twitter_misc":{"Written by":"Andreea Gelatu","Estimated reading time":"6 minutes"},"schema":{"@context":"https:\/\/schema.org","@graph":[{"@type":"Article","@id":"https:\/\/buletin.de\/bucuresti\/ziua-nationala-constantin-brancusi-sarbatorita-in-bucuresti\/#article","isPartOf":{"@id":"https:\/\/buletin.de\/bucuresti\/ziua-nationala-constantin-brancusi-sarbatorita-in-bucuresti\/"},"author":{"name":"Andreea Gelatu","@id":"https:\/\/buletin.de\/bucuresti\/#\/schema\/person\/87734700b2c7f8608881f7e93b8834de"},"headline":"Ziua Na\u021bional\u0103 Constantin Br\u00e2ncu\u0219i, s\u0103rb\u0103torit\u0103 \u00een Bucure\u0219ti","datePublished":"2023-02-19T12:38:08+00:00","dateModified":"2023-02-19T12:46:18+00:00","mainEntityOfPage":{"@id":"https:\/\/buletin.de\/bucuresti\/ziua-nationala-constantin-brancusi-sarbatorita-in-bucuresti\/"},"wordCount":946,"publisher":{"@id":"https:\/\/buletin.de\/bucuresti\/#organization"},"image":{"@id":"https:\/\/buletin.de\/bucuresti\/ziua-nationala-constantin-brancusi-sarbatorita-in-bucuresti\/#primaryimage"},"thumbnailUrl":"https:\/\/buletin.de\/bucuresti\/wp-content\/uploads\/WhatsApp-Image-2023-02-19-at-13.54.04.jpeg","keywords":["19februarie","expozi\u021bii","ZiuaBr\u00e2ncu\u0219i"],"articleSection":["\u0218tiri"],"inLanguage":"en-GB","copyrightYear":"2023","copyrightHolder":{"@id":"https:\/\/buletin.de\/bucuresti\/#organization"}},{"@type":"WebPage","@id":"https:\/\/buletin.de\/bucuresti\/ziua-nationala-constantin-brancusi-sarbatorita-in-bucuresti\/","url":"https:\/\/buletin.de\/bucuresti\/ziua-nationala-constantin-brancusi-sarbatorita-in-bucuresti\/","name":"Ziua Na\u021bional\u0103 Constantin Br\u00e2ncu\u0219i, s\u0103rb\u0103torit\u0103 \u00een Bucure\u0219ti - Buletin de Bucure\u0219ti","isPartOf":{"@id":"https:\/\/buletin.de\/bucuresti\/#website"},"primaryImageOfPage":{"@id":"https:\/\/buletin.de\/bucuresti\/ziua-nationala-constantin-brancusi-sarbatorita-in-bucuresti\/#primaryimage"},"image":{"@id":"https:\/\/buletin.de\/bucuresti\/ziua-nationala-constantin-brancusi-sarbatorita-in-bucuresti\/#primaryimage"},"thumbnailUrl":"https:\/\/buletin.de\/bucuresti\/wp-content\/uploads\/WhatsApp-Image-2023-02-19-at-13.54.04.jpeg","datePublished":"2023-02-19T12:38:08+00:00","dateModified":"2023-02-19T12:46:18+00:00","breadcrumb":{"@id":"https:\/\/buletin.de\/bucuresti\/ziua-nationala-constantin-brancusi-sarbatorita-in-bucuresti\/#breadcrumb"},"inLanguage":"en-GB","potentialAction":[{"@type":"ReadAction","target":["https:\/\/buletin.de\/bucuresti\/ziua-nationala-constantin-brancusi-sarbatorita-in-bucuresti\/"]}]},{"@type":"ImageObject","inLanguage":"en-GB","@id":"https:\/\/buletin.de\/bucuresti\/ziua-nationala-constantin-brancusi-sarbatorita-in-bucuresti\/#primaryimage","url":"https:\/\/buletin.de\/bucuresti\/wp-content\/uploads\/WhatsApp-Image-2023-02-19-at-13.54.04.jpeg","contentUrl":"https:\/\/buletin.de\/bucuresti\/wp-content\/uploads\/WhatsApp-Image-2023-02-19-at-13.54.04.jpeg","width":1080,"height":1056},{"@type":"BreadcrumbList","@id":"https:\/\/buletin.de\/bucuresti\/ziua-nationala-constantin-brancusi-sarbatorita-in-bucuresti\/#breadcrumb","itemListElement":[{"@type":"ListItem","position":1,"name":"Acas\u0103","item":"https:\/\/buletin.de\/bucuresti\/"},{"@type":"ListItem","position":2,"name":"Ziua Na\u021bional\u0103 Constantin Br\u00e2ncu\u0219i, s\u0103rb\u0103torit\u0103 \u00een Bucure\u0219ti"}]},{"@type":"WebSite","@id":"https:\/\/buletin.de\/bucuresti\/#website","url":"https:\/\/buletin.de\/bucuresti\/","name":"Buletin de Bucure\u0219ti","description":"\u0218tiri \u0219i investiga\u021bii esen\u021biale din capital\u0103","publisher":{"@id":"https:\/\/buletin.de\/bucuresti\/#organization"},"potentialAction":[{"@type":"SearchAction","target":{"@type":"EntryPoint","urlTemplate":"https:\/\/buletin.de\/bucuresti\/?s={search_term_string}"},"query-input":{"@type":"PropertyValueSpecification","valueRequired":true,"valueName":"search_term_string"}}],"inLanguage":"en-GB"},{"@type":"Organization","@id":"https:\/\/buletin.de\/bucuresti\/#organization","name":"Buletin de Bucure\u0219ti","url":"https:\/\/buletin.de\/bucuresti\/","logo":{"@type":"ImageObject","inLanguage":"en-GB","@id":"https:\/\/buletin.de\/bucuresti\/#\/schema\/logo\/image\/","url":"https:\/\/buletin.de\/bucuresti\/wp-content\/uploads\/logo-bdb-full-wide-vernil-transparent.png","contentUrl":"https:\/\/buletin.de\/bucuresti\/wp-content\/uploads\/logo-bdb-full-wide-vernil-transparent.png","width":1782,"height":626,"caption":"Buletin de Bucure\u0219ti"},"image":{"@id":"https:\/\/buletin.de\/bucuresti\/#\/schema\/logo\/image\/"},"sameAs":["https:\/\/www.facebook.com\/buletin.de.buc","https:\/\/www.instagram.com\/buletinde.bucuresti\/"]},{"@type":"Person","@id":"https:\/\/buletin.de\/bucuresti\/#\/schema\/person\/87734700b2c7f8608881f7e93b8834de","name":"Andreea Gelatu","image":{"@type":"ImageObject","inLanguage":"en-GB","@id":"https:\/\/secure.gravatar.com\/avatar\/b716eca2f984b9b65bdd87118b4b909d940b619cbe6e8cb725fe11c1b1f4194f?s=96&d=monsterid&r=g9b5eff4996c6b842a29b3057a7b4746f","url":"https:\/\/secure.gravatar.com\/avatar\/b716eca2f984b9b65bdd87118b4b909d940b619cbe6e8cb725fe11c1b1f4194f?s=96&d=monsterid&r=g","contentUrl":"https:\/\/secure.gravatar.com\/avatar\/b716eca2f984b9b65bdd87118b4b909d940b619cbe6e8cb725fe11c1b1f4194f?s=96&d=monsterid&r=g","caption":"Andreea Gelatu"},"url":"https:\/\/buletin.de\/bucuresti\/author\/andreeagelatu\/"}]}},"authors":[{"term_id":22605,"user_id":46,"is_guest":0,"slug":"andreeagelatu","display_name":"Andreea Gelatu","avatar_url":"https:\/\/secure.gravatar.com\/avatar\/b716eca2f984b9b65bdd87118b4b909d940b619cbe6e8cb725fe11c1b1f4194f?s=96&d=monsterid&r=g","0":null,"1":"","2":"","3":"","4":"","5":"","6":"","7":"","8":""}],"_links":{"self":[{"href":"https:\/\/buletin.de\/bucuresti\/wp-json\/wp\/v2\/posts\/54486","targetHints":{"allow":["GET"]}}],"collection":[{"href":"https:\/\/buletin.de\/bucuresti\/wp-json\/wp\/v2\/posts"}],"about":[{"href":"https:\/\/buletin.de\/bucuresti\/wp-json\/wp\/v2\/types\/post"}],"author":[{"embeddable":true,"href":"https:\/\/buletin.de\/bucuresti\/wp-json\/wp\/v2\/users\/46"}],"replies":[{"embeddable":true,"href":"https:\/\/buletin.de\/bucuresti\/wp-json\/wp\/v2\/comments?post=54486"}],"version-history":[{"count":9,"href":"https:\/\/buletin.de\/bucuresti\/wp-json\/wp\/v2\/posts\/54486\/revisions"}],"predecessor-version":[{"id":54518,"href":"https:\/\/buletin.de\/bucuresti\/wp-json\/wp\/v2\/posts\/54486\/revisions\/54518"}],"wp:featuredmedia":[{"embeddable":true,"href":"https:\/\/buletin.de\/bucuresti\/wp-json\/wp\/v2\/media\/54503"}],"wp:attachment":[{"href":"https:\/\/buletin.de\/bucuresti\/wp-json\/wp\/v2\/media?parent=54486"}],"wp:term":[{"taxonomy":"category","embeddable":true,"href":"https:\/\/buletin.de\/bucuresti\/wp-json\/wp\/v2\/categories?post=54486"},{"taxonomy":"post_tag","embeddable":true,"href":"https:\/\/buletin.de\/bucuresti\/wp-json\/wp\/v2\/tags?post=54486"},{"taxonomy":"author","embeddable":true,"href":"https:\/\/buletin.de\/bucuresti\/wp-json\/wp\/v2\/ppma_author?post=54486"}],"curies":[{"name":"wp","href":"https:\/\/api.w.org\/{rel}","templated":true}]}}