{"id":54475,"date":"2023-02-19T10:19:05","date_gmt":"2023-02-19T08:19:05","guid":{"rendered":"https:\/\/buletin.de\/bucuresti\/?p=54475"},"modified":"2023-02-19T10:22:03","modified_gmt":"2023-02-19T08:22:03","slug":"incendiu-puternic-in-comuna-chiajna","status":"publish","type":"post","link":"https:\/\/buletin.de\/bucuresti\/incendiu-puternic-in-comuna-chiajna\/","title":{"rendered":"Incendiu puternic \u00een comuna Chiajna"},"content":{"rendered":"\n<p>Un incendiu puternic de vegeta\u021bie a izbucnit \u00een comuna Chiajna \u00een noaptea dinspre 18 spre 19 februarie. Pe l\u00e2ng\u0103 daunele produse, fumul a dus la diminuarea calit\u0103\u021bii aerului \u00een zon\u0103.&nbsp;<\/p>\n\n\n\n<p>Incendiul de vegeta\u021bie, ce a izbucnit s\u00e2mb\u0103t\u0103 seara, a cuprins 6.000 de mp. Trei ma\u0219ini de pompieri au ajuns la fa\u021ba locului \u0219i au reu\u0219it s\u0103 sting\u0103 focul.\u00a0<\/p>\n\n\n\n<p>Calitatea aerului a fost grav afectat\u0103 \u00een urma izbucnirii fl\u0103c\u0103rilor. Senzorii ce monitorizeaz\u0103 calitatea aerului \u00een Bucure\u0219ti au fost pe ro\u0219u \u00een zona de periferie a Capitalei, acolo unde a avut loc incidentul. Concentra\u021bia de particule PM 2,5 a fost de trei ori mai mare dec\u00e2t cea considerat\u0103 inofensiv\u0103 pentru om, mai exact media a fost de 47.93 \u00b5g\/m3.<\/p>\n\n\n\n<p><\/p>\n\n\n\n<figure class=\"wp-block-video\"><video controls src=\"https:\/\/buletin.de\/bucuresti\/wp-content\/uploads\/WhatsApp-Video-2023-02-19-at-00.17.04.mp4\"><\/video><\/figure>\n\n\n\n<figure class=\"wp-block-image size-large\"><img fetchpriority=\"high\" decoding=\"async\" width=\"900\" height=\"516\" src=\"data:image\/gif;base64,R0lGODlhAQABAAAAACH5BAEKAAEALAAAAAABAAEAAAICTAEAOw==\" data-src=\"https:\/\/buletin.de\/bucuresti\/wp-content\/uploads\/Screenshot-79-900x516.png\" alt=\"\" class=\"wp-image-54476 lazyload\" data-sizes=\"auto\" data-srcset=\"https:\/\/buletin.de\/bucuresti\/wp-content\/uploads\/Screenshot-79-900x516.png 900w, https:\/\/buletin.de\/bucuresti\/wp-content\/uploads\/Screenshot-79-300x172.png 300w, https:\/\/buletin.de\/bucuresti\/wp-content\/uploads\/Screenshot-79-768x440.png 768w, https:\/\/buletin.de\/bucuresti\/wp-content\/uploads\/Screenshot-79-1060x607.png 1060w, https:\/\/buletin.de\/bucuresti\/wp-content\/uploads\/Screenshot-79-550x315.png 550w, https:\/\/buletin.de\/bucuresti\/wp-content\/uploads\/Screenshot-79-873x500.png 873w, https:\/\/buletin.de\/bucuresti\/wp-content\/uploads\/Screenshot-79-600x344.png 600w, https:\/\/buletin.de\/bucuresti\/wp-content\/uploads\/Screenshot-79.png 1157w\" sizes=\"(max-width: 900px) 100vw, 900px\" \/><figcaption>Surs\u0103 foto: calitateaer.ro<\/figcaption><\/figure>\n","protected":false},"excerpt":{"rendered":"<p>Un incendiu puternic de vegeta\u021bie a izbucnit \u00een comuna Chiajna \u00een noaptea dinspre 18 spre 19 februarie. Pe l\u00e2ng\u0103 daunele produse, fumul a dus la diminuarea calit\u0103\u021bii aerului \u00een zon\u0103.&nbsp; Incendiul de vegeta\u021bie, ce a izbucnit s\u00e2mb\u0103t\u0103 seara, a cuprins 6.000 de mp. Trei ma\u0219ini de pompieri au ajuns la fa\u021ba locului \u0219i au reu\u0219it [&hellip;]<\/p>\n","protected":false},"author":45,"featured_media":54477,"comment_status":"closed","ping_status":"open","sticky":false,"template":"","format":"standard","meta":{"_acf_changed":false,"inline_featured_image":false,"ngg_post_thumbnail":0,"footnotes":""},"categories":[62],"tags":[],"ppma_author":[22604],"class_list":["post-54475","post","type-post","status-publish","format-standard","has-post-thumbnail","hentry","category-stiri"],"acf":[],"yoast_head":"<!-- This site is optimized with the Yoast SEO Premium plugin v25.3 (Yoast SEO v27.4) - https:\/\/yoast.com\/product\/yoast-seo-premium-wordpress\/ -->\n<title>Incendiu puternic \u00een comuna Chiajna - Buletin de Bucure\u0219ti<\/title>\n<meta name=\"robots\" content=\"index, follow, max-snippet:-1, max-image-preview:large, max-video-preview:-1\" \/>\n<link rel=\"canonical\" href=\"https:\/\/buletin.de\/bucuresti\/incendiu-puternic-in-comuna-chiajna\/\" \/>\n<meta property=\"og:locale\" content=\"en_GB\" \/>\n<meta property=\"og:type\" content=\"article\" \/>\n<meta property=\"og:title\" content=\"Incendiu puternic \u00een comuna Chiajna\" \/>\n<meta property=\"og:description\" content=\"Un incendiu puternic de vegeta\u021bie a izbucnit \u00een comuna Chiajna \u00een noaptea dinspre 18 spre 19 februarie. Pe l\u00e2ng\u0103 daunele produse, fumul a dus la diminuarea calit\u0103\u021bii aerului \u00een zon\u0103.&nbsp; Incendiul de vegeta\u021bie, ce a izbucnit s\u00e2mb\u0103t\u0103 seara, a cuprins 6.000 de mp. Trei ma\u0219ini de pompieri au ajuns la fa\u021ba locului \u0219i au reu\u0219it [&hellip;]\" \/>\n<meta property=\"og:url\" content=\"https:\/\/buletin.de\/bucuresti\/incendiu-puternic-in-comuna-chiajna\/\" \/>\n<meta property=\"og:site_name\" content=\"Buletin de Bucure\u0219ti\" \/>\n<meta property=\"article:publisher\" content=\"https:\/\/www.facebook.com\/buletin.de.buc\" \/>\n<meta property=\"article:published_time\" content=\"2023-02-19T08:19:05+00:00\" \/>\n<meta property=\"article:modified_time\" content=\"2023-02-19T08:22:03+00:00\" \/>\n<meta property=\"og:image\" content=\"https:\/\/buletin.de\/bucuresti\/wp-content\/uploads\/52608850_1562169380594615_3906170179008069632_n.jpg\" \/>\n\t<meta property=\"og:image:width\" content=\"800\" \/>\n\t<meta property=\"og:image:height\" content=\"1440\" \/>\n\t<meta property=\"og:image:type\" content=\"image\/jpeg\" \/>\n<meta name=\"author\" content=\"Teodora \u0218uta\" \/>\n<meta name=\"twitter:card\" content=\"summary_large_image\" \/>\n<meta name=\"twitter:label1\" content=\"Written by\" \/>\n\t<meta name=\"twitter:data1\" content=\"Teodora \u0218uta\" \/>\n\t<meta name=\"twitter:label2\" content=\"Estimated reading time\" \/>\n\t<meta name=\"twitter:data2\" content=\"1 minute\" \/>\n<script type=\"application\/ld+json\" class=\"yoast-schema-graph\">{\"@context\":\"https:\\\/\\\/schema.org\",\"@graph\":[{\"@type\":\"Article\",\"@id\":\"https:\\\/\\\/buletin.de\\\/bucuresti\\\/incendiu-puternic-in-comuna-chiajna\\\/#article\",\"isPartOf\":{\"@id\":\"https:\\\/\\\/buletin.de\\\/bucuresti\\\/incendiu-puternic-in-comuna-chiajna\\\/\"},\"author\":{\"name\":\"Teodora \u0218uta\",\"@id\":\"https:\\\/\\\/buletin.de\\\/bucuresti\\\/#\\\/schema\\\/person\\\/5d54908fa90ab7ad3b2e88152efd6845\"},\"headline\":\"Incendiu puternic \u00een comuna Chiajna\",\"datePublished\":\"2023-02-19T08:19:05+00:00\",\"dateModified\":\"2023-02-19T08:22:03+00:00\",\"mainEntityOfPage\":{\"@id\":\"https:\\\/\\\/buletin.de\\\/bucuresti\\\/incendiu-puternic-in-comuna-chiajna\\\/\"},\"wordCount\":138,\"publisher\":{\"@id\":\"https:\\\/\\\/buletin.de\\\/bucuresti\\\/#organization\"},\"image\":{\"@id\":\"https:\\\/\\\/buletin.de\\\/bucuresti\\\/incendiu-puternic-in-comuna-chiajna\\\/#primaryimage\"},\"thumbnailUrl\":\"https:\\\/\\\/buletin.de\\\/bucuresti\\\/wp-content\\\/uploads\\\/52608850_1562169380594615_3906170179008069632_n.jpg\",\"articleSection\":[\"\u0218tiri\"],\"inLanguage\":\"en-GB\",\"copyrightYear\":\"2023\",\"copyrightHolder\":{\"@id\":\"https:\\\/\\\/buletin.de\\\/bucuresti\\\/#organization\"}},{\"@type\":\"WebPage\",\"@id\":\"https:\\\/\\\/buletin.de\\\/bucuresti\\\/incendiu-puternic-in-comuna-chiajna\\\/\",\"url\":\"https:\\\/\\\/buletin.de\\\/bucuresti\\\/incendiu-puternic-in-comuna-chiajna\\\/\",\"name\":\"Incendiu puternic \u00een comuna Chiajna - Buletin de Bucure\u0219ti\",\"isPartOf\":{\"@id\":\"https:\\\/\\\/buletin.de\\\/bucuresti\\\/#website\"},\"primaryImageOfPage\":{\"@id\":\"https:\\\/\\\/buletin.de\\\/bucuresti\\\/incendiu-puternic-in-comuna-chiajna\\\/#primaryimage\"},\"image\":{\"@id\":\"https:\\\/\\\/buletin.de\\\/bucuresti\\\/incendiu-puternic-in-comuna-chiajna\\\/#primaryimage\"},\"thumbnailUrl\":\"https:\\\/\\\/buletin.de\\\/bucuresti\\\/wp-content\\\/uploads\\\/52608850_1562169380594615_3906170179008069632_n.jpg\",\"datePublished\":\"2023-02-19T08:19:05+00:00\",\"dateModified\":\"2023-02-19T08:22:03+00:00\",\"breadcrumb\":{\"@id\":\"https:\\\/\\\/buletin.de\\\/bucuresti\\\/incendiu-puternic-in-comuna-chiajna\\\/#breadcrumb\"},\"inLanguage\":\"en-GB\",\"potentialAction\":[{\"@type\":\"ReadAction\",\"target\":[\"https:\\\/\\\/buletin.de\\\/bucuresti\\\/incendiu-puternic-in-comuna-chiajna\\\/\"]}]},{\"@type\":\"ImageObject\",\"inLanguage\":\"en-GB\",\"@id\":\"https:\\\/\\\/buletin.de\\\/bucuresti\\\/incendiu-puternic-in-comuna-chiajna\\\/#primaryimage\",\"url\":\"https:\\\/\\\/buletin.de\\\/bucuresti\\\/wp-content\\\/uploads\\\/52608850_1562169380594615_3906170179008069632_n.jpg\",\"contentUrl\":\"https:\\\/\\\/buletin.de\\\/bucuresti\\\/wp-content\\\/uploads\\\/52608850_1562169380594615_3906170179008069632_n.jpg\",\"width\":800,\"height\":1440},{\"@type\":\"BreadcrumbList\",\"@id\":\"https:\\\/\\\/buletin.de\\\/bucuresti\\\/incendiu-puternic-in-comuna-chiajna\\\/#breadcrumb\",\"itemListElement\":[{\"@type\":\"ListItem\",\"position\":1,\"name\":\"Acas\u0103\",\"item\":\"https:\\\/\\\/buletin.de\\\/bucuresti\\\/\"},{\"@type\":\"ListItem\",\"position\":2,\"name\":\"Incendiu puternic \u00een comuna Chiajna\"}]},{\"@type\":\"WebSite\",\"@id\":\"https:\\\/\\\/buletin.de\\\/bucuresti\\\/#website\",\"url\":\"https:\\\/\\\/buletin.de\\\/bucuresti\\\/\",\"name\":\"Buletin de Bucure\u0219ti\",\"description\":\"\u0218tiri \u0219i investiga\u021bii esen\u021biale din capital\u0103\",\"publisher\":{\"@id\":\"https:\\\/\\\/buletin.de\\\/bucuresti\\\/#organization\"},\"potentialAction\":[{\"@type\":\"SearchAction\",\"target\":{\"@type\":\"EntryPoint\",\"urlTemplate\":\"https:\\\/\\\/buletin.de\\\/bucuresti\\\/?s={search_term_string}\"},\"query-input\":{\"@type\":\"PropertyValueSpecification\",\"valueRequired\":true,\"valueName\":\"search_term_string\"}}],\"inLanguage\":\"en-GB\"},{\"@type\":\"Organization\",\"@id\":\"https:\\\/\\\/buletin.de\\\/bucuresti\\\/#organization\",\"name\":\"Buletin de Bucure\u0219ti\",\"url\":\"https:\\\/\\\/buletin.de\\\/bucuresti\\\/\",\"logo\":{\"@type\":\"ImageObject\",\"inLanguage\":\"en-GB\",\"@id\":\"https:\\\/\\\/buletin.de\\\/bucuresti\\\/#\\\/schema\\\/logo\\\/image\\\/\",\"url\":\"https:\\\/\\\/buletin.de\\\/bucuresti\\\/wp-content\\\/uploads\\\/logo-bdb-full-wide-vernil-transparent.png\",\"contentUrl\":\"https:\\\/\\\/buletin.de\\\/bucuresti\\\/wp-content\\\/uploads\\\/logo-bdb-full-wide-vernil-transparent.png\",\"width\":1782,\"height\":626,\"caption\":\"Buletin de Bucure\u0219ti\"},\"image\":{\"@id\":\"https:\\\/\\\/buletin.de\\\/bucuresti\\\/#\\\/schema\\\/logo\\\/image\\\/\"},\"sameAs\":[\"https:\\\/\\\/www.facebook.com\\\/buletin.de.buc\",\"https:\\\/\\\/www.instagram.com\\\/buletinde.bucuresti\\\/\"]},{\"@type\":\"Person\",\"@id\":\"https:\\\/\\\/buletin.de\\\/bucuresti\\\/#\\\/schema\\\/person\\\/5d54908fa90ab7ad3b2e88152efd6845\",\"name\":\"Teodora \u0218uta\",\"image\":{\"@type\":\"ImageObject\",\"inLanguage\":\"en-GB\",\"@id\":\"https:\\\/\\\/secure.gravatar.com\\\/avatar\\\/0c709226af9845d97b126aa0aa80ab42778847ec3d11d741016b74a61174088d?s=96&d=monsterid&r=gf2e0c6a01d766272c6fa8af9e494be28\",\"url\":\"https:\\\/\\\/secure.gravatar.com\\\/avatar\\\/0c709226af9845d97b126aa0aa80ab42778847ec3d11d741016b74a61174088d?s=96&d=monsterid&r=g\",\"contentUrl\":\"https:\\\/\\\/secure.gravatar.com\\\/avatar\\\/0c709226af9845d97b126aa0aa80ab42778847ec3d11d741016b74a61174088d?s=96&d=monsterid&r=g\",\"caption\":\"Teodora \u0218uta\"},\"url\":\"https:\\\/\\\/buletin.de\\\/bucuresti\\\/author\\\/mariasuta\\\/\"}]}<\/script>\n<!-- \/ Yoast SEO Premium plugin. -->","yoast_head_json":{"title":"Incendiu puternic \u00een comuna Chiajna - Buletin de Bucure\u0219ti","robots":{"index":"index","follow":"follow","max-snippet":"max-snippet:-1","max-image-preview":"max-image-preview:large","max-video-preview":"max-video-preview:-1"},"canonical":"https:\/\/buletin.de\/bucuresti\/incendiu-puternic-in-comuna-chiajna\/","og_locale":"en_GB","og_type":"article","og_title":"Incendiu puternic \u00een comuna Chiajna","og_description":"Un incendiu puternic de vegeta\u021bie a izbucnit \u00een comuna Chiajna \u00een noaptea dinspre 18 spre 19 februarie. Pe l\u00e2ng\u0103 daunele produse, fumul a dus la diminuarea calit\u0103\u021bii aerului \u00een zon\u0103.&nbsp; Incendiul de vegeta\u021bie, ce a izbucnit s\u00e2mb\u0103t\u0103 seara, a cuprins 6.000 de mp. Trei ma\u0219ini de pompieri au ajuns la fa\u021ba locului \u0219i au reu\u0219it [&hellip;]","og_url":"https:\/\/buletin.de\/bucuresti\/incendiu-puternic-in-comuna-chiajna\/","og_site_name":"Buletin de Bucure\u0219ti","article_publisher":"https:\/\/www.facebook.com\/buletin.de.buc","article_published_time":"2023-02-19T08:19:05+00:00","article_modified_time":"2023-02-19T08:22:03+00:00","og_image":[{"width":800,"height":1440,"url":"https:\/\/buletin.de\/bucuresti\/wp-content\/uploads\/52608850_1562169380594615_3906170179008069632_n.jpg","type":"image\/jpeg"}],"author":"Teodora \u0218uta","twitter_card":"summary_large_image","twitter_misc":{"Written by":"Teodora \u0218uta","Estimated reading time":"1 minute"},"schema":{"@context":"https:\/\/schema.org","@graph":[{"@type":"Article","@id":"https:\/\/buletin.de\/bucuresti\/incendiu-puternic-in-comuna-chiajna\/#article","isPartOf":{"@id":"https:\/\/buletin.de\/bucuresti\/incendiu-puternic-in-comuna-chiajna\/"},"author":{"name":"Teodora \u0218uta","@id":"https:\/\/buletin.de\/bucuresti\/#\/schema\/person\/5d54908fa90ab7ad3b2e88152efd6845"},"headline":"Incendiu puternic \u00een comuna Chiajna","datePublished":"2023-02-19T08:19:05+00:00","dateModified":"2023-02-19T08:22:03+00:00","mainEntityOfPage":{"@id":"https:\/\/buletin.de\/bucuresti\/incendiu-puternic-in-comuna-chiajna\/"},"wordCount":138,"publisher":{"@id":"https:\/\/buletin.de\/bucuresti\/#organization"},"image":{"@id":"https:\/\/buletin.de\/bucuresti\/incendiu-puternic-in-comuna-chiajna\/#primaryimage"},"thumbnailUrl":"https:\/\/buletin.de\/bucuresti\/wp-content\/uploads\/52608850_1562169380594615_3906170179008069632_n.jpg","articleSection":["\u0218tiri"],"inLanguage":"en-GB","copyrightYear":"2023","copyrightHolder":{"@id":"https:\/\/buletin.de\/bucuresti\/#organization"}},{"@type":"WebPage","@id":"https:\/\/buletin.de\/bucuresti\/incendiu-puternic-in-comuna-chiajna\/","url":"https:\/\/buletin.de\/bucuresti\/incendiu-puternic-in-comuna-chiajna\/","name":"Incendiu puternic \u00een comuna Chiajna - Buletin de Bucure\u0219ti","isPartOf":{"@id":"https:\/\/buletin.de\/bucuresti\/#website"},"primaryImageOfPage":{"@id":"https:\/\/buletin.de\/bucuresti\/incendiu-puternic-in-comuna-chiajna\/#primaryimage"},"image":{"@id":"https:\/\/buletin.de\/bucuresti\/incendiu-puternic-in-comuna-chiajna\/#primaryimage"},"thumbnailUrl":"https:\/\/buletin.de\/bucuresti\/wp-content\/uploads\/52608850_1562169380594615_3906170179008069632_n.jpg","datePublished":"2023-02-19T08:19:05+00:00","dateModified":"2023-02-19T08:22:03+00:00","breadcrumb":{"@id":"https:\/\/buletin.de\/bucuresti\/incendiu-puternic-in-comuna-chiajna\/#breadcrumb"},"inLanguage":"en-GB","potentialAction":[{"@type":"ReadAction","target":["https:\/\/buletin.de\/bucuresti\/incendiu-puternic-in-comuna-chiajna\/"]}]},{"@type":"ImageObject","inLanguage":"en-GB","@id":"https:\/\/buletin.de\/bucuresti\/incendiu-puternic-in-comuna-chiajna\/#primaryimage","url":"https:\/\/buletin.de\/bucuresti\/wp-content\/uploads\/52608850_1562169380594615_3906170179008069632_n.jpg","contentUrl":"https:\/\/buletin.de\/bucuresti\/wp-content\/uploads\/52608850_1562169380594615_3906170179008069632_n.jpg","width":800,"height":1440},{"@type":"BreadcrumbList","@id":"https:\/\/buletin.de\/bucuresti\/incendiu-puternic-in-comuna-chiajna\/#breadcrumb","itemListElement":[{"@type":"ListItem","position":1,"name":"Acas\u0103","item":"https:\/\/buletin.de\/bucuresti\/"},{"@type":"ListItem","position":2,"name":"Incendiu puternic \u00een comuna Chiajna"}]},{"@type":"WebSite","@id":"https:\/\/buletin.de\/bucuresti\/#website","url":"https:\/\/buletin.de\/bucuresti\/","name":"Buletin de Bucure\u0219ti","description":"\u0218tiri \u0219i investiga\u021bii esen\u021biale din capital\u0103","publisher":{"@id":"https:\/\/buletin.de\/bucuresti\/#organization"},"potentialAction":[{"@type":"SearchAction","target":{"@type":"EntryPoint","urlTemplate":"https:\/\/buletin.de\/bucuresti\/?s={search_term_string}"},"query-input":{"@type":"PropertyValueSpecification","valueRequired":true,"valueName":"search_term_string"}}],"inLanguage":"en-GB"},{"@type":"Organization","@id":"https:\/\/buletin.de\/bucuresti\/#organization","name":"Buletin de Bucure\u0219ti","url":"https:\/\/buletin.de\/bucuresti\/","logo":{"@type":"ImageObject","inLanguage":"en-GB","@id":"https:\/\/buletin.de\/bucuresti\/#\/schema\/logo\/image\/","url":"https:\/\/buletin.de\/bucuresti\/wp-content\/uploads\/logo-bdb-full-wide-vernil-transparent.png","contentUrl":"https:\/\/buletin.de\/bucuresti\/wp-content\/uploads\/logo-bdb-full-wide-vernil-transparent.png","width":1782,"height":626,"caption":"Buletin de Bucure\u0219ti"},"image":{"@id":"https:\/\/buletin.de\/bucuresti\/#\/schema\/logo\/image\/"},"sameAs":["https:\/\/www.facebook.com\/buletin.de.buc","https:\/\/www.instagram.com\/buletinde.bucuresti\/"]},{"@type":"Person","@id":"https:\/\/buletin.de\/bucuresti\/#\/schema\/person\/5d54908fa90ab7ad3b2e88152efd6845","name":"Teodora \u0218uta","image":{"@type":"ImageObject","inLanguage":"en-GB","@id":"https:\/\/secure.gravatar.com\/avatar\/0c709226af9845d97b126aa0aa80ab42778847ec3d11d741016b74a61174088d?s=96&d=monsterid&r=gf2e0c6a01d766272c6fa8af9e494be28","url":"https:\/\/secure.gravatar.com\/avatar\/0c709226af9845d97b126aa0aa80ab42778847ec3d11d741016b74a61174088d?s=96&d=monsterid&r=g","contentUrl":"https:\/\/secure.gravatar.com\/avatar\/0c709226af9845d97b126aa0aa80ab42778847ec3d11d741016b74a61174088d?s=96&d=monsterid&r=g","caption":"Teodora \u0218uta"},"url":"https:\/\/buletin.de\/bucuresti\/author\/mariasuta\/"}]}},"authors":[{"term_id":22604,"user_id":45,"is_guest":0,"slug":"mariasuta","display_name":"Teodora \u0218uta","avatar_url":"https:\/\/secure.gravatar.com\/avatar\/0c709226af9845d97b126aa0aa80ab42778847ec3d11d741016b74a61174088d?s=96&d=monsterid&r=g","0":null,"1":"","2":"","3":"","4":"","5":"","6":"","7":"","8":""}],"_links":{"self":[{"href":"https:\/\/buletin.de\/bucuresti\/wp-json\/wp\/v2\/posts\/54475","targetHints":{"allow":["GET"]}}],"collection":[{"href":"https:\/\/buletin.de\/bucuresti\/wp-json\/wp\/v2\/posts"}],"about":[{"href":"https:\/\/buletin.de\/bucuresti\/wp-json\/wp\/v2\/types\/post"}],"author":[{"embeddable":true,"href":"https:\/\/buletin.de\/bucuresti\/wp-json\/wp\/v2\/users\/45"}],"replies":[{"embeddable":true,"href":"https:\/\/buletin.de\/bucuresti\/wp-json\/wp\/v2\/comments?post=54475"}],"version-history":[{"count":6,"href":"https:\/\/buletin.de\/bucuresti\/wp-json\/wp\/v2\/posts\/54475\/revisions"}],"predecessor-version":[{"id":54485,"href":"https:\/\/buletin.de\/bucuresti\/wp-json\/wp\/v2\/posts\/54475\/revisions\/54485"}],"wp:featuredmedia":[{"embeddable":true,"href":"https:\/\/buletin.de\/bucuresti\/wp-json\/wp\/v2\/media\/54477"}],"wp:attachment":[{"href":"https:\/\/buletin.de\/bucuresti\/wp-json\/wp\/v2\/media?parent=54475"}],"wp:term":[{"taxonomy":"category","embeddable":true,"href":"https:\/\/buletin.de\/bucuresti\/wp-json\/wp\/v2\/categories?post=54475"},{"taxonomy":"post_tag","embeddable":true,"href":"https:\/\/buletin.de\/bucuresti\/wp-json\/wp\/v2\/tags?post=54475"},{"taxonomy":"author","embeddable":true,"href":"https:\/\/buletin.de\/bucuresti\/wp-json\/wp\/v2\/ppma_author?post=54475"}],"curies":[{"name":"wp","href":"https:\/\/api.w.org\/{rel}","templated":true}]}}