{"id":54471,"date":"2023-02-18T20:30:54","date_gmt":"2023-02-18T18:30:54","guid":{"rendered":"https:\/\/buletin.de\/bucuresti\/?p=54471"},"modified":"2023-02-18T20:30:54","modified_gmt":"2023-02-18T18:30:54","slug":"ilfov-barbat-arestat-dupa-ce-si-a-amenintat-concubina-ca-da-foc-la-casa","status":"publish","type":"post","link":"https:\/\/buletin.de\/bucuresti\/ilfov-barbat-arestat-dupa-ce-si-a-amenintat-concubina-ca-da-foc-la-casa\/","title":{"rendered":"Ilfov | B\u0103rbat arestat dup\u0103 ce \u0219i-a amenin\u021bat concubina c\u0103 d\u0103 foc la cas\u0103"},"content":{"rendered":"\n<p><strong>Un b\u0103rbat de 55 de ani din Ilfov a fost arestat preventiv pentru 30 de zile, dup\u0103 ce \u0219i-a amenin\u021bat concubina c\u0103 \u00eei va incendia locuin\u021ba dac\u0103 nu \u00eei va \u00eenapoia suma de 10.000 de lei.<\/strong><\/p>\n\n\n\n<p>Apelul la 112 a fost dat de c\u0103tre femeie pe 17 februarie, \u00een jurul orei 10.33. Aceasta le-a spus poli\u021bi\u0219tilor c\u0103 a fost amenin\u021bat\u0103 de concubin c\u0103 \u00eei va da foc locuin\u021bei din Peri\u0219 dac\u0103 nu \u00eei va restitui suma de 10.000 de lei.<\/p>\n\n\n\n<p>\u00cen urma cercet\u0103rilor, poli\u021bi\u0219tii din Snagov l-au depistat \u00eentr-un bar din localitate pe b\u0103rbatul b\u0103nuit de comiterea faptei. Acesta avea la el un topor \u0219i un bidon cu o substan\u021b\u0103 inflamabil\u0103. B\u0103rbatul a fost dus la sediul Postului de Poli\u021bie Peri\u0219 pentru cercet\u0103ri, unde a continuat actele de \u0219antaj. Conform procedurii, poli\u021bi\u0219tii au emis ordin de protec\u021bie provizoriu.<\/p>\n\n\n\n<p>B\u0103rbatul a fost re\u021binut pentru 24 de ore de poli\u021bi\u0219tii din Snagov, iar ast\u0103zi, 18 februarie, a fost dispus\u0103 m\u0103sura arest\u0103rii preventive pentru 30 de zile.<\/p>\n\n\n\n<p>Cercet\u0103rile sunt continuate, \u00een acest caz, de c\u0103tre poli\u021bi\u0219tii Sta\u021biunii Snagov, sub aspectul s\u0103v\u00e2r\u0219irii infrac\u021biunii de \u0219antaj \u00een form\u0103 continuat\u0103, urm\u0103rirea penal\u0103 fiind efectuat\u0103 sub supravegherea procurorului de caz din cadrul Parchetului de pe l\u00e2ng\u0103 Judec\u0103toria Buftea.<\/p>\n","protected":false},"excerpt":{"rendered":"<p>Un b\u0103rbat de 55 de ani din Ilfov a fost arestat preventiv pentru 30 de zile, dup\u0103 ce \u0219i-a amenin\u021bat concubina c\u0103 \u00eei va incendia locuin\u021ba dac\u0103 nu \u00eei va \u00eenapoia suma de 10.000 de lei. Apelul la 112 a fost dat de c\u0103tre femeie pe 17 februarie, \u00een jurul orei 10.33. Aceasta le-a spus [&hellip;]<\/p>\n","protected":false},"author":46,"featured_media":52666,"comment_status":"closed","ping_status":"open","sticky":false,"template":"","format":"standard","meta":{"_acf_changed":false,"inline_featured_image":false,"ngg_post_thumbnail":0,"footnotes":""},"categories":[62],"tags":[],"ppma_author":[22605],"class_list":["post-54471","post","type-post","status-publish","format-standard","has-post-thumbnail","hentry","category-stiri"],"acf":[],"yoast_head":"<!-- This site is optimized with the Yoast SEO Premium plugin v25.3 (Yoast SEO v27.4) - https:\/\/yoast.com\/product\/yoast-seo-premium-wordpress\/ -->\n<title>Ilfov | B\u0103rbat arestat dup\u0103 ce \u0219i-a amenin\u021bat concubina c\u0103 d\u0103 foc la cas\u0103 - Buletin de Bucure\u0219ti<\/title>\n<meta name=\"robots\" content=\"index, follow, max-snippet:-1, max-image-preview:large, max-video-preview:-1\" \/>\n<link rel=\"canonical\" href=\"https:\/\/buletin.de\/bucuresti\/ilfov-barbat-arestat-dupa-ce-si-a-amenintat-concubina-ca-da-foc-la-casa\/\" \/>\n<meta property=\"og:locale\" content=\"en_GB\" \/>\n<meta property=\"og:type\" content=\"article\" \/>\n<meta property=\"og:title\" content=\"Ilfov | B\u0103rbat arestat dup\u0103 ce \u0219i-a amenin\u021bat concubina c\u0103 d\u0103 foc la cas\u0103\" \/>\n<meta property=\"og:description\" content=\"Un b\u0103rbat de 55 de ani din Ilfov a fost arestat preventiv pentru 30 de zile, dup\u0103 ce \u0219i-a amenin\u021bat concubina c\u0103 \u00eei va incendia locuin\u021ba dac\u0103 nu \u00eei va \u00eenapoia suma de 10.000 de lei. Apelul la 112 a fost dat de c\u0103tre femeie pe 17 februarie, \u00een jurul orei 10.33. Aceasta le-a spus [&hellip;]\" \/>\n<meta property=\"og:url\" content=\"https:\/\/buletin.de\/bucuresti\/ilfov-barbat-arestat-dupa-ce-si-a-amenintat-concubina-ca-da-foc-la-casa\/\" \/>\n<meta property=\"og:site_name\" content=\"Buletin de Bucure\u0219ti\" \/>\n<meta property=\"article:publisher\" content=\"https:\/\/www.facebook.com\/buletin.de.buc\" \/>\n<meta property=\"article:published_time\" content=\"2023-02-18T18:30:54+00:00\" \/>\n<meta property=\"og:image\" content=\"https:\/\/buletin.de\/bucuresti\/wp-content\/uploads\/politiaaa-1.jpg\" \/>\n\t<meta property=\"og:image:width\" content=\"964\" \/>\n\t<meta property=\"og:image:height\" content=\"1063\" \/>\n\t<meta property=\"og:image:type\" content=\"image\/jpeg\" \/>\n<meta name=\"author\" content=\"Andreea Gelatu\" \/>\n<meta name=\"twitter:card\" content=\"summary_large_image\" \/>\n<meta name=\"twitter:label1\" content=\"Written by\" \/>\n\t<meta name=\"twitter:data1\" content=\"Andreea Gelatu\" \/>\n\t<meta name=\"twitter:label2\" content=\"Estimated reading time\" \/>\n\t<meta name=\"twitter:data2\" content=\"1 minute\" \/>\n<script type=\"application\/ld+json\" class=\"yoast-schema-graph\">{\"@context\":\"https:\\\/\\\/schema.org\",\"@graph\":[{\"@type\":\"Article\",\"@id\":\"https:\\\/\\\/buletin.de\\\/bucuresti\\\/ilfov-barbat-arestat-dupa-ce-si-a-amenintat-concubina-ca-da-foc-la-casa\\\/#article\",\"isPartOf\":{\"@id\":\"https:\\\/\\\/buletin.de\\\/bucuresti\\\/ilfov-barbat-arestat-dupa-ce-si-a-amenintat-concubina-ca-da-foc-la-casa\\\/\"},\"author\":{\"name\":\"Andreea Gelatu\",\"@id\":\"https:\\\/\\\/buletin.de\\\/bucuresti\\\/#\\\/schema\\\/person\\\/87734700b2c7f8608881f7e93b8834de\"},\"headline\":\"Ilfov | B\u0103rbat arestat dup\u0103 ce \u0219i-a amenin\u021bat concubina c\u0103 d\u0103 foc la cas\u0103\",\"datePublished\":\"2023-02-18T18:30:54+00:00\",\"mainEntityOfPage\":{\"@id\":\"https:\\\/\\\/buletin.de\\\/bucuresti\\\/ilfov-barbat-arestat-dupa-ce-si-a-amenintat-concubina-ca-da-foc-la-casa\\\/\"},\"wordCount\":244,\"publisher\":{\"@id\":\"https:\\\/\\\/buletin.de\\\/bucuresti\\\/#organization\"},\"image\":{\"@id\":\"https:\\\/\\\/buletin.de\\\/bucuresti\\\/ilfov-barbat-arestat-dupa-ce-si-a-amenintat-concubina-ca-da-foc-la-casa\\\/#primaryimage\"},\"thumbnailUrl\":\"https:\\\/\\\/buletin.de\\\/bucuresti\\\/wp-content\\\/uploads\\\/politiaaa-1.jpg\",\"articleSection\":[\"\u0218tiri\"],\"inLanguage\":\"en-GB\",\"copyrightYear\":\"2023\",\"copyrightHolder\":{\"@id\":\"https:\\\/\\\/buletin.de\\\/bucuresti\\\/#organization\"}},{\"@type\":\"WebPage\",\"@id\":\"https:\\\/\\\/buletin.de\\\/bucuresti\\\/ilfov-barbat-arestat-dupa-ce-si-a-amenintat-concubina-ca-da-foc-la-casa\\\/\",\"url\":\"https:\\\/\\\/buletin.de\\\/bucuresti\\\/ilfov-barbat-arestat-dupa-ce-si-a-amenintat-concubina-ca-da-foc-la-casa\\\/\",\"name\":\"Ilfov | B\u0103rbat arestat dup\u0103 ce \u0219i-a amenin\u021bat concubina c\u0103 d\u0103 foc la cas\u0103 - Buletin de Bucure\u0219ti\",\"isPartOf\":{\"@id\":\"https:\\\/\\\/buletin.de\\\/bucuresti\\\/#website\"},\"primaryImageOfPage\":{\"@id\":\"https:\\\/\\\/buletin.de\\\/bucuresti\\\/ilfov-barbat-arestat-dupa-ce-si-a-amenintat-concubina-ca-da-foc-la-casa\\\/#primaryimage\"},\"image\":{\"@id\":\"https:\\\/\\\/buletin.de\\\/bucuresti\\\/ilfov-barbat-arestat-dupa-ce-si-a-amenintat-concubina-ca-da-foc-la-casa\\\/#primaryimage\"},\"thumbnailUrl\":\"https:\\\/\\\/buletin.de\\\/bucuresti\\\/wp-content\\\/uploads\\\/politiaaa-1.jpg\",\"datePublished\":\"2023-02-18T18:30:54+00:00\",\"breadcrumb\":{\"@id\":\"https:\\\/\\\/buletin.de\\\/bucuresti\\\/ilfov-barbat-arestat-dupa-ce-si-a-amenintat-concubina-ca-da-foc-la-casa\\\/#breadcrumb\"},\"inLanguage\":\"en-GB\",\"potentialAction\":[{\"@type\":\"ReadAction\",\"target\":[\"https:\\\/\\\/buletin.de\\\/bucuresti\\\/ilfov-barbat-arestat-dupa-ce-si-a-amenintat-concubina-ca-da-foc-la-casa\\\/\"]}]},{\"@type\":\"ImageObject\",\"inLanguage\":\"en-GB\",\"@id\":\"https:\\\/\\\/buletin.de\\\/bucuresti\\\/ilfov-barbat-arestat-dupa-ce-si-a-amenintat-concubina-ca-da-foc-la-casa\\\/#primaryimage\",\"url\":\"https:\\\/\\\/buletin.de\\\/bucuresti\\\/wp-content\\\/uploads\\\/politiaaa-1.jpg\",\"contentUrl\":\"https:\\\/\\\/buletin.de\\\/bucuresti\\\/wp-content\\\/uploads\\\/politiaaa-1.jpg\",\"width\":964,\"height\":1063},{\"@type\":\"BreadcrumbList\",\"@id\":\"https:\\\/\\\/buletin.de\\\/bucuresti\\\/ilfov-barbat-arestat-dupa-ce-si-a-amenintat-concubina-ca-da-foc-la-casa\\\/#breadcrumb\",\"itemListElement\":[{\"@type\":\"ListItem\",\"position\":1,\"name\":\"Acas\u0103\",\"item\":\"https:\\\/\\\/buletin.de\\\/bucuresti\\\/\"},{\"@type\":\"ListItem\",\"position\":2,\"name\":\"Ilfov | B\u0103rbat arestat dup\u0103 ce \u0219i-a amenin\u021bat concubina c\u0103 d\u0103 foc la cas\u0103\"}]},{\"@type\":\"WebSite\",\"@id\":\"https:\\\/\\\/buletin.de\\\/bucuresti\\\/#website\",\"url\":\"https:\\\/\\\/buletin.de\\\/bucuresti\\\/\",\"name\":\"Buletin de Bucure\u0219ti\",\"description\":\"\u0218tiri \u0219i investiga\u021bii esen\u021biale din capital\u0103\",\"publisher\":{\"@id\":\"https:\\\/\\\/buletin.de\\\/bucuresti\\\/#organization\"},\"potentialAction\":[{\"@type\":\"SearchAction\",\"target\":{\"@type\":\"EntryPoint\",\"urlTemplate\":\"https:\\\/\\\/buletin.de\\\/bucuresti\\\/?s={search_term_string}\"},\"query-input\":{\"@type\":\"PropertyValueSpecification\",\"valueRequired\":true,\"valueName\":\"search_term_string\"}}],\"inLanguage\":\"en-GB\"},{\"@type\":\"Organization\",\"@id\":\"https:\\\/\\\/buletin.de\\\/bucuresti\\\/#organization\",\"name\":\"Buletin de Bucure\u0219ti\",\"url\":\"https:\\\/\\\/buletin.de\\\/bucuresti\\\/\",\"logo\":{\"@type\":\"ImageObject\",\"inLanguage\":\"en-GB\",\"@id\":\"https:\\\/\\\/buletin.de\\\/bucuresti\\\/#\\\/schema\\\/logo\\\/image\\\/\",\"url\":\"https:\\\/\\\/buletin.de\\\/bucuresti\\\/wp-content\\\/uploads\\\/logo-bdb-full-wide-vernil-transparent.png\",\"contentUrl\":\"https:\\\/\\\/buletin.de\\\/bucuresti\\\/wp-content\\\/uploads\\\/logo-bdb-full-wide-vernil-transparent.png\",\"width\":1782,\"height\":626,\"caption\":\"Buletin de Bucure\u0219ti\"},\"image\":{\"@id\":\"https:\\\/\\\/buletin.de\\\/bucuresti\\\/#\\\/schema\\\/logo\\\/image\\\/\"},\"sameAs\":[\"https:\\\/\\\/www.facebook.com\\\/buletin.de.buc\",\"https:\\\/\\\/www.instagram.com\\\/buletinde.bucuresti\\\/\"]},{\"@type\":\"Person\",\"@id\":\"https:\\\/\\\/buletin.de\\\/bucuresti\\\/#\\\/schema\\\/person\\\/87734700b2c7f8608881f7e93b8834de\",\"name\":\"Andreea Gelatu\",\"image\":{\"@type\":\"ImageObject\",\"inLanguage\":\"en-GB\",\"@id\":\"https:\\\/\\\/secure.gravatar.com\\\/avatar\\\/b716eca2f984b9b65bdd87118b4b909d940b619cbe6e8cb725fe11c1b1f4194f?s=96&d=monsterid&r=g9b5eff4996c6b842a29b3057a7b4746f\",\"url\":\"https:\\\/\\\/secure.gravatar.com\\\/avatar\\\/b716eca2f984b9b65bdd87118b4b909d940b619cbe6e8cb725fe11c1b1f4194f?s=96&d=monsterid&r=g\",\"contentUrl\":\"https:\\\/\\\/secure.gravatar.com\\\/avatar\\\/b716eca2f984b9b65bdd87118b4b909d940b619cbe6e8cb725fe11c1b1f4194f?s=96&d=monsterid&r=g\",\"caption\":\"Andreea Gelatu\"},\"url\":\"https:\\\/\\\/buletin.de\\\/bucuresti\\\/author\\\/andreeagelatu\\\/\"}]}<\/script>\n<!-- \/ Yoast SEO Premium plugin. -->","yoast_head_json":{"title":"Ilfov | B\u0103rbat arestat dup\u0103 ce \u0219i-a amenin\u021bat concubina c\u0103 d\u0103 foc la cas\u0103 - Buletin de Bucure\u0219ti","robots":{"index":"index","follow":"follow","max-snippet":"max-snippet:-1","max-image-preview":"max-image-preview:large","max-video-preview":"max-video-preview:-1"},"canonical":"https:\/\/buletin.de\/bucuresti\/ilfov-barbat-arestat-dupa-ce-si-a-amenintat-concubina-ca-da-foc-la-casa\/","og_locale":"en_GB","og_type":"article","og_title":"Ilfov | B\u0103rbat arestat dup\u0103 ce \u0219i-a amenin\u021bat concubina c\u0103 d\u0103 foc la cas\u0103","og_description":"Un b\u0103rbat de 55 de ani din Ilfov a fost arestat preventiv pentru 30 de zile, dup\u0103 ce \u0219i-a amenin\u021bat concubina c\u0103 \u00eei va incendia locuin\u021ba dac\u0103 nu \u00eei va \u00eenapoia suma de 10.000 de lei. Apelul la 112 a fost dat de c\u0103tre femeie pe 17 februarie, \u00een jurul orei 10.33. Aceasta le-a spus [&hellip;]","og_url":"https:\/\/buletin.de\/bucuresti\/ilfov-barbat-arestat-dupa-ce-si-a-amenintat-concubina-ca-da-foc-la-casa\/","og_site_name":"Buletin de Bucure\u0219ti","article_publisher":"https:\/\/www.facebook.com\/buletin.de.buc","article_published_time":"2023-02-18T18:30:54+00:00","og_image":[{"width":964,"height":1063,"url":"https:\/\/buletin.de\/bucuresti\/wp-content\/uploads\/politiaaa-1.jpg","type":"image\/jpeg"}],"author":"Andreea Gelatu","twitter_card":"summary_large_image","twitter_misc":{"Written by":"Andreea Gelatu","Estimated reading time":"1 minute"},"schema":{"@context":"https:\/\/schema.org","@graph":[{"@type":"Article","@id":"https:\/\/buletin.de\/bucuresti\/ilfov-barbat-arestat-dupa-ce-si-a-amenintat-concubina-ca-da-foc-la-casa\/#article","isPartOf":{"@id":"https:\/\/buletin.de\/bucuresti\/ilfov-barbat-arestat-dupa-ce-si-a-amenintat-concubina-ca-da-foc-la-casa\/"},"author":{"name":"Andreea Gelatu","@id":"https:\/\/buletin.de\/bucuresti\/#\/schema\/person\/87734700b2c7f8608881f7e93b8834de"},"headline":"Ilfov | B\u0103rbat arestat dup\u0103 ce \u0219i-a amenin\u021bat concubina c\u0103 d\u0103 foc la cas\u0103","datePublished":"2023-02-18T18:30:54+00:00","mainEntityOfPage":{"@id":"https:\/\/buletin.de\/bucuresti\/ilfov-barbat-arestat-dupa-ce-si-a-amenintat-concubina-ca-da-foc-la-casa\/"},"wordCount":244,"publisher":{"@id":"https:\/\/buletin.de\/bucuresti\/#organization"},"image":{"@id":"https:\/\/buletin.de\/bucuresti\/ilfov-barbat-arestat-dupa-ce-si-a-amenintat-concubina-ca-da-foc-la-casa\/#primaryimage"},"thumbnailUrl":"https:\/\/buletin.de\/bucuresti\/wp-content\/uploads\/politiaaa-1.jpg","articleSection":["\u0218tiri"],"inLanguage":"en-GB","copyrightYear":"2023","copyrightHolder":{"@id":"https:\/\/buletin.de\/bucuresti\/#organization"}},{"@type":"WebPage","@id":"https:\/\/buletin.de\/bucuresti\/ilfov-barbat-arestat-dupa-ce-si-a-amenintat-concubina-ca-da-foc-la-casa\/","url":"https:\/\/buletin.de\/bucuresti\/ilfov-barbat-arestat-dupa-ce-si-a-amenintat-concubina-ca-da-foc-la-casa\/","name":"Ilfov | B\u0103rbat arestat dup\u0103 ce \u0219i-a amenin\u021bat concubina c\u0103 d\u0103 foc la cas\u0103 - Buletin de Bucure\u0219ti","isPartOf":{"@id":"https:\/\/buletin.de\/bucuresti\/#website"},"primaryImageOfPage":{"@id":"https:\/\/buletin.de\/bucuresti\/ilfov-barbat-arestat-dupa-ce-si-a-amenintat-concubina-ca-da-foc-la-casa\/#primaryimage"},"image":{"@id":"https:\/\/buletin.de\/bucuresti\/ilfov-barbat-arestat-dupa-ce-si-a-amenintat-concubina-ca-da-foc-la-casa\/#primaryimage"},"thumbnailUrl":"https:\/\/buletin.de\/bucuresti\/wp-content\/uploads\/politiaaa-1.jpg","datePublished":"2023-02-18T18:30:54+00:00","breadcrumb":{"@id":"https:\/\/buletin.de\/bucuresti\/ilfov-barbat-arestat-dupa-ce-si-a-amenintat-concubina-ca-da-foc-la-casa\/#breadcrumb"},"inLanguage":"en-GB","potentialAction":[{"@type":"ReadAction","target":["https:\/\/buletin.de\/bucuresti\/ilfov-barbat-arestat-dupa-ce-si-a-amenintat-concubina-ca-da-foc-la-casa\/"]}]},{"@type":"ImageObject","inLanguage":"en-GB","@id":"https:\/\/buletin.de\/bucuresti\/ilfov-barbat-arestat-dupa-ce-si-a-amenintat-concubina-ca-da-foc-la-casa\/#primaryimage","url":"https:\/\/buletin.de\/bucuresti\/wp-content\/uploads\/politiaaa-1.jpg","contentUrl":"https:\/\/buletin.de\/bucuresti\/wp-content\/uploads\/politiaaa-1.jpg","width":964,"height":1063},{"@type":"BreadcrumbList","@id":"https:\/\/buletin.de\/bucuresti\/ilfov-barbat-arestat-dupa-ce-si-a-amenintat-concubina-ca-da-foc-la-casa\/#breadcrumb","itemListElement":[{"@type":"ListItem","position":1,"name":"Acas\u0103","item":"https:\/\/buletin.de\/bucuresti\/"},{"@type":"ListItem","position":2,"name":"Ilfov | B\u0103rbat arestat dup\u0103 ce \u0219i-a amenin\u021bat concubina c\u0103 d\u0103 foc la cas\u0103"}]},{"@type":"WebSite","@id":"https:\/\/buletin.de\/bucuresti\/#website","url":"https:\/\/buletin.de\/bucuresti\/","name":"Buletin de Bucure\u0219ti","description":"\u0218tiri \u0219i investiga\u021bii esen\u021biale din capital\u0103","publisher":{"@id":"https:\/\/buletin.de\/bucuresti\/#organization"},"potentialAction":[{"@type":"SearchAction","target":{"@type":"EntryPoint","urlTemplate":"https:\/\/buletin.de\/bucuresti\/?s={search_term_string}"},"query-input":{"@type":"PropertyValueSpecification","valueRequired":true,"valueName":"search_term_string"}}],"inLanguage":"en-GB"},{"@type":"Organization","@id":"https:\/\/buletin.de\/bucuresti\/#organization","name":"Buletin de Bucure\u0219ti","url":"https:\/\/buletin.de\/bucuresti\/","logo":{"@type":"ImageObject","inLanguage":"en-GB","@id":"https:\/\/buletin.de\/bucuresti\/#\/schema\/logo\/image\/","url":"https:\/\/buletin.de\/bucuresti\/wp-content\/uploads\/logo-bdb-full-wide-vernil-transparent.png","contentUrl":"https:\/\/buletin.de\/bucuresti\/wp-content\/uploads\/logo-bdb-full-wide-vernil-transparent.png","width":1782,"height":626,"caption":"Buletin de Bucure\u0219ti"},"image":{"@id":"https:\/\/buletin.de\/bucuresti\/#\/schema\/logo\/image\/"},"sameAs":["https:\/\/www.facebook.com\/buletin.de.buc","https:\/\/www.instagram.com\/buletinde.bucuresti\/"]},{"@type":"Person","@id":"https:\/\/buletin.de\/bucuresti\/#\/schema\/person\/87734700b2c7f8608881f7e93b8834de","name":"Andreea Gelatu","image":{"@type":"ImageObject","inLanguage":"en-GB","@id":"https:\/\/secure.gravatar.com\/avatar\/b716eca2f984b9b65bdd87118b4b909d940b619cbe6e8cb725fe11c1b1f4194f?s=96&d=monsterid&r=g9b5eff4996c6b842a29b3057a7b4746f","url":"https:\/\/secure.gravatar.com\/avatar\/b716eca2f984b9b65bdd87118b4b909d940b619cbe6e8cb725fe11c1b1f4194f?s=96&d=monsterid&r=g","contentUrl":"https:\/\/secure.gravatar.com\/avatar\/b716eca2f984b9b65bdd87118b4b909d940b619cbe6e8cb725fe11c1b1f4194f?s=96&d=monsterid&r=g","caption":"Andreea Gelatu"},"url":"https:\/\/buletin.de\/bucuresti\/author\/andreeagelatu\/"}]}},"authors":[{"term_id":22605,"user_id":46,"is_guest":0,"slug":"andreeagelatu","display_name":"Andreea Gelatu","avatar_url":"https:\/\/secure.gravatar.com\/avatar\/b716eca2f984b9b65bdd87118b4b909d940b619cbe6e8cb725fe11c1b1f4194f?s=96&d=monsterid&r=g","0":null,"1":"","2":"","3":"","4":"","5":"","6":"","7":"","8":""}],"_links":{"self":[{"href":"https:\/\/buletin.de\/bucuresti\/wp-json\/wp\/v2\/posts\/54471","targetHints":{"allow":["GET"]}}],"collection":[{"href":"https:\/\/buletin.de\/bucuresti\/wp-json\/wp\/v2\/posts"}],"about":[{"href":"https:\/\/buletin.de\/bucuresti\/wp-json\/wp\/v2\/types\/post"}],"author":[{"embeddable":true,"href":"https:\/\/buletin.de\/bucuresti\/wp-json\/wp\/v2\/users\/46"}],"replies":[{"embeddable":true,"href":"https:\/\/buletin.de\/bucuresti\/wp-json\/wp\/v2\/comments?post=54471"}],"version-history":[{"count":2,"href":"https:\/\/buletin.de\/bucuresti\/wp-json\/wp\/v2\/posts\/54471\/revisions"}],"predecessor-version":[{"id":54473,"href":"https:\/\/buletin.de\/bucuresti\/wp-json\/wp\/v2\/posts\/54471\/revisions\/54473"}],"wp:featuredmedia":[{"embeddable":true,"href":"https:\/\/buletin.de\/bucuresti\/wp-json\/wp\/v2\/media\/52666"}],"wp:attachment":[{"href":"https:\/\/buletin.de\/bucuresti\/wp-json\/wp\/v2\/media?parent=54471"}],"wp:term":[{"taxonomy":"category","embeddable":true,"href":"https:\/\/buletin.de\/bucuresti\/wp-json\/wp\/v2\/categories?post=54471"},{"taxonomy":"post_tag","embeddable":true,"href":"https:\/\/buletin.de\/bucuresti\/wp-json\/wp\/v2\/tags?post=54471"},{"taxonomy":"author","embeddable":true,"href":"https:\/\/buletin.de\/bucuresti\/wp-json\/wp\/v2\/ppma_author?post=54471"}],"curies":[{"name":"wp","href":"https:\/\/api.w.org\/{rel}","templated":true}]}}