{"id":54459,"date":"2023-02-18T15:49:57","date_gmt":"2023-02-18T13:49:57","guid":{"rendered":"https:\/\/buletin.de\/bucuresti\/?p=54459"},"modified":"2023-02-18T15:49:57","modified_gmt":"2023-02-18T13:49:57","slug":"panouri-digitale-in-statiile-de-transport-public-din-ilfov","status":"publish","type":"post","link":"https:\/\/buletin.de\/bucuresti\/panouri-digitale-in-statiile-de-transport-public-din-ilfov\/","title":{"rendered":"Panouri digitale \u00een sta\u021biile de transport public din Ilfov"},"content":{"rendered":"\n<p>Asocia\u0163ia de Dezvoltare Intercomunitar\u0103 pentru Transport Public Bucure\u015fti \u2013 Ilfov (TPBI) a anun\u021bat montarea sta\u021biilor dotate cu panouri audio-video dinamice, \u00een 21 de localit\u0103\u021bi din Ilfov. \u00cencep\u00e2nd cu 2024, cet\u0103\u021benii vor putea afla informa\u021bii \u00een timp real despre programul de circula\u0163ie a mijloacelor de transport \u00een comun.<\/p>\n\n\n\n<p>Proiectul ini\u0163iat de TPBI, \u201eSistem ITS Integrat Smart&amp;Green Mobility pentru regiunea Bucure\u015fti-Ilfov \u2013 Informarea c\u0103l\u0103torilor \u00een sta\u0163ii\u201d, urm\u0103re\u0219te digitalizarea serviciilor de informare a c\u0103l\u0103torilor \u00een sta\u021biile de autobuz. Proiectul vizeaz\u0103 adaptarea sistemului la necesit\u0103\u021bile publicului larg, prin dotarea panourilor cu dispozitive audio \u0219i video.<\/p>\n\n\n\n<p>Prim\u0103ria Ora\u015fului Pope\u015fti \u2013 Leordeni, ce este lider de parteneriat, a semnat contractul de finan\u0163are prin PNRR, \u00een valoare de 3,4 milioane de euro. Prin aceast\u0103 investi\u021bie, localit\u0103\u021bile din jude\u021bul Ilfov vor fi dotate cu panouri de informare digitale, \u00een cursul anului 2024. Echipamentele necesare inform\u0103rii c\u0103l\u0103torilor vor fi montate \u00een peste 1.100 de sta\u0163ii.<\/p>\n\n\n\n<p>Ora\u0219ele \u0219i comunele care vor beneficia de noile sisteme montate \u00een sta\u021biile de autobuz sunt: Bragadiru, Buftea, Afuma\u021bi, Balote\u0219ti, Chiajna, Ciolpani, Ciorog\u00e2rla, Clinceni, Cop\u0103ceni, Corbeanca, Cornetu, Dasc\u0103lu, D\u0103r\u0103\u0219ti-Ilfov, Dobroe\u0219ti, Glina, Gr\u0103di\u0219tea, Gruiu, Moara Vl\u0103siei, Nuci \u0219i Vidra.<\/p>\n\n\n\n<p>Viitoarele etape ale proiectului urm\u0103resc achizi\u021bionarea echipamentelor \u0219i software-ului necesar sistemului de informare al c\u0103l\u0103torilor \u00een sta\u021biile de transport public, dar \u0219i preg\u0103tirea documenta\u021biei tehnico-economic\u0103 aferent\u0103 investi\u021biei.&nbsp; Ac\u021biunea de digitalizare a sta\u021biilor de transport \u00een comun face parte dintr-un proiectul strategic integrat&nbsp; ITS (Sisteme de Transport Inteligente), ce este \u00een curs de dezvoltare la nivelul TPBI, Prim\u0103riei Municipiului Bucure\u0219ti \u0219i Consiliului Jude\u021bean Ilfov.&nbsp;&nbsp;<\/p>\n\n\n\n<p>Surs\u0103 foto: Pagina de Facebook Prim\u0103ria Afuma\u021bi<\/p>\n","protected":false},"excerpt":{"rendered":"<p>Asocia\u0163ia de Dezvoltare Intercomunitar\u0103 pentru Transport Public Bucure\u015fti \u2013 Ilfov (TPBI) a anun\u021bat montarea sta\u021biilor dotate cu panouri audio-video dinamice, \u00een 21 de localit\u0103\u021bi din Ilfov. \u00cencep\u00e2nd cu 2024, cet\u0103\u021benii vor putea afla informa\u021bii \u00een timp real despre programul de circula\u0163ie a mijloacelor de transport \u00een comun. Proiectul ini\u0163iat de TPBI, \u201eSistem ITS Integrat Smart&amp;Green [&hellip;]<\/p>\n","protected":false},"author":45,"featured_media":54461,"comment_status":"closed","ping_status":"open","sticky":false,"template":"","format":"standard","meta":{"_acf_changed":false,"inline_featured_image":false,"ngg_post_thumbnail":0,"footnotes":""},"categories":[62],"tags":[],"ppma_author":[22604],"class_list":["post-54459","post","type-post","status-publish","format-standard","has-post-thumbnail","hentry","category-stiri"],"acf":[],"yoast_head":"<!-- This site is optimized with the Yoast SEO Premium plugin v25.3 (Yoast SEO v27.5) - https:\/\/yoast.com\/product\/yoast-seo-premium-wordpress\/ -->\n<title>Panouri digitale \u00een sta\u021biile de transport public din Ilfov - Buletin de Bucure\u0219ti<\/title>\n<meta name=\"robots\" content=\"index, follow, max-snippet:-1, max-image-preview:large, max-video-preview:-1\" \/>\n<link rel=\"canonical\" href=\"https:\/\/buletin.de\/bucuresti\/panouri-digitale-in-statiile-de-transport-public-din-ilfov\/\" \/>\n<meta property=\"og:locale\" content=\"en_GB\" \/>\n<meta property=\"og:type\" content=\"article\" \/>\n<meta property=\"og:title\" content=\"Panouri digitale \u00een sta\u021biile de transport public din Ilfov\" \/>\n<meta property=\"og:description\" content=\"Asocia\u0163ia de Dezvoltare Intercomunitar\u0103 pentru Transport Public Bucure\u015fti \u2013 Ilfov (TPBI) a anun\u021bat montarea sta\u021biilor dotate cu panouri audio-video dinamice, \u00een 21 de localit\u0103\u021bi din Ilfov. \u00cencep\u00e2nd cu 2024, cet\u0103\u021benii vor putea afla informa\u021bii \u00een timp real despre programul de circula\u0163ie a mijloacelor de transport \u00een comun. Proiectul ini\u0163iat de TPBI, \u201eSistem ITS Integrat Smart&amp;Green [&hellip;]\" \/>\n<meta property=\"og:url\" content=\"https:\/\/buletin.de\/bucuresti\/panouri-digitale-in-statiile-de-transport-public-din-ilfov\/\" \/>\n<meta property=\"og:site_name\" content=\"Buletin de Bucure\u0219ti\" \/>\n<meta property=\"article:publisher\" content=\"https:\/\/www.facebook.com\/buletin.de.buc\" \/>\n<meta property=\"article:published_time\" content=\"2023-02-18T13:49:57+00:00\" \/>\n<meta property=\"og:image\" content=\"https:\/\/buletin.de\/bucuresti\/wp-content\/uploads\/330782811_3462437690692877_3176428187331469370_n.jpg\" \/>\n\t<meta property=\"og:image:width\" content=\"1024\" \/>\n\t<meta property=\"og:image:height\" content=\"1024\" \/>\n\t<meta property=\"og:image:type\" content=\"image\/jpeg\" \/>\n<meta name=\"author\" content=\"Teodora \u0218uta\" \/>\n<meta name=\"twitter:card\" content=\"summary_large_image\" \/>\n<meta name=\"twitter:label1\" content=\"Written by\" \/>\n\t<meta name=\"twitter:data1\" content=\"Teodora \u0218uta\" \/>\n\t<meta name=\"twitter:label2\" content=\"Estimated reading time\" \/>\n\t<meta name=\"twitter:data2\" content=\"2 minutes\" \/>\n<script type=\"application\/ld+json\" class=\"yoast-schema-graph\">{\"@context\":\"https:\\\/\\\/schema.org\",\"@graph\":[{\"@type\":\"Article\",\"@id\":\"https:\\\/\\\/buletin.de\\\/bucuresti\\\/panouri-digitale-in-statiile-de-transport-public-din-ilfov\\\/#article\",\"isPartOf\":{\"@id\":\"https:\\\/\\\/buletin.de\\\/bucuresti\\\/panouri-digitale-in-statiile-de-transport-public-din-ilfov\\\/\"},\"author\":{\"name\":\"Teodora \u0218uta\",\"@id\":\"https:\\\/\\\/buletin.de\\\/bucuresti\\\/#\\\/schema\\\/person\\\/5d54908fa90ab7ad3b2e88152efd6845\"},\"headline\":\"Panouri digitale \u00een sta\u021biile de transport public din Ilfov\",\"datePublished\":\"2023-02-18T13:49:57+00:00\",\"mainEntityOfPage\":{\"@id\":\"https:\\\/\\\/buletin.de\\\/bucuresti\\\/panouri-digitale-in-statiile-de-transport-public-din-ilfov\\\/\"},\"wordCount\":320,\"publisher\":{\"@id\":\"https:\\\/\\\/buletin.de\\\/bucuresti\\\/#organization\"},\"image\":{\"@id\":\"https:\\\/\\\/buletin.de\\\/bucuresti\\\/panouri-digitale-in-statiile-de-transport-public-din-ilfov\\\/#primaryimage\"},\"thumbnailUrl\":\"https:\\\/\\\/buletin.de\\\/bucuresti\\\/wp-content\\\/uploads\\\/330782811_3462437690692877_3176428187331469370_n.jpg\",\"articleSection\":[\"\u0218tiri\"],\"inLanguage\":\"en-GB\",\"copyrightYear\":\"2023\",\"copyrightHolder\":{\"@id\":\"https:\\\/\\\/buletin.de\\\/bucuresti\\\/#organization\"}},{\"@type\":\"WebPage\",\"@id\":\"https:\\\/\\\/buletin.de\\\/bucuresti\\\/panouri-digitale-in-statiile-de-transport-public-din-ilfov\\\/\",\"url\":\"https:\\\/\\\/buletin.de\\\/bucuresti\\\/panouri-digitale-in-statiile-de-transport-public-din-ilfov\\\/\",\"name\":\"Panouri digitale \u00een sta\u021biile de transport public din Ilfov - Buletin de Bucure\u0219ti\",\"isPartOf\":{\"@id\":\"https:\\\/\\\/buletin.de\\\/bucuresti\\\/#website\"},\"primaryImageOfPage\":{\"@id\":\"https:\\\/\\\/buletin.de\\\/bucuresti\\\/panouri-digitale-in-statiile-de-transport-public-din-ilfov\\\/#primaryimage\"},\"image\":{\"@id\":\"https:\\\/\\\/buletin.de\\\/bucuresti\\\/panouri-digitale-in-statiile-de-transport-public-din-ilfov\\\/#primaryimage\"},\"thumbnailUrl\":\"https:\\\/\\\/buletin.de\\\/bucuresti\\\/wp-content\\\/uploads\\\/330782811_3462437690692877_3176428187331469370_n.jpg\",\"datePublished\":\"2023-02-18T13:49:57+00:00\",\"breadcrumb\":{\"@id\":\"https:\\\/\\\/buletin.de\\\/bucuresti\\\/panouri-digitale-in-statiile-de-transport-public-din-ilfov\\\/#breadcrumb\"},\"inLanguage\":\"en-GB\",\"potentialAction\":[{\"@type\":\"ReadAction\",\"target\":[\"https:\\\/\\\/buletin.de\\\/bucuresti\\\/panouri-digitale-in-statiile-de-transport-public-din-ilfov\\\/\"]}]},{\"@type\":\"ImageObject\",\"inLanguage\":\"en-GB\",\"@id\":\"https:\\\/\\\/buletin.de\\\/bucuresti\\\/panouri-digitale-in-statiile-de-transport-public-din-ilfov\\\/#primaryimage\",\"url\":\"https:\\\/\\\/buletin.de\\\/bucuresti\\\/wp-content\\\/uploads\\\/330782811_3462437690692877_3176428187331469370_n.jpg\",\"contentUrl\":\"https:\\\/\\\/buletin.de\\\/bucuresti\\\/wp-content\\\/uploads\\\/330782811_3462437690692877_3176428187331469370_n.jpg\",\"width\":1024,\"height\":1024},{\"@type\":\"BreadcrumbList\",\"@id\":\"https:\\\/\\\/buletin.de\\\/bucuresti\\\/panouri-digitale-in-statiile-de-transport-public-din-ilfov\\\/#breadcrumb\",\"itemListElement\":[{\"@type\":\"ListItem\",\"position\":1,\"name\":\"Acas\u0103\",\"item\":\"https:\\\/\\\/buletin.de\\\/bucuresti\\\/\"},{\"@type\":\"ListItem\",\"position\":2,\"name\":\"Panouri digitale \u00een sta\u021biile de transport public din Ilfov\"}]},{\"@type\":\"WebSite\",\"@id\":\"https:\\\/\\\/buletin.de\\\/bucuresti\\\/#website\",\"url\":\"https:\\\/\\\/buletin.de\\\/bucuresti\\\/\",\"name\":\"Buletin de Bucure\u0219ti\",\"description\":\"\u0218tiri \u0219i investiga\u021bii esen\u021biale din capital\u0103\",\"publisher\":{\"@id\":\"https:\\\/\\\/buletin.de\\\/bucuresti\\\/#organization\"},\"potentialAction\":[{\"@type\":\"SearchAction\",\"target\":{\"@type\":\"EntryPoint\",\"urlTemplate\":\"https:\\\/\\\/buletin.de\\\/bucuresti\\\/?s={search_term_string}\"},\"query-input\":{\"@type\":\"PropertyValueSpecification\",\"valueRequired\":true,\"valueName\":\"search_term_string\"}}],\"inLanguage\":\"en-GB\"},{\"@type\":\"Organization\",\"@id\":\"https:\\\/\\\/buletin.de\\\/bucuresti\\\/#organization\",\"name\":\"Buletin de Bucure\u0219ti\",\"url\":\"https:\\\/\\\/buletin.de\\\/bucuresti\\\/\",\"logo\":{\"@type\":\"ImageObject\",\"inLanguage\":\"en-GB\",\"@id\":\"https:\\\/\\\/buletin.de\\\/bucuresti\\\/#\\\/schema\\\/logo\\\/image\\\/\",\"url\":\"https:\\\/\\\/buletin.de\\\/bucuresti\\\/wp-content\\\/uploads\\\/logo-bdb-full-wide-vernil-transparent.png\",\"contentUrl\":\"https:\\\/\\\/buletin.de\\\/bucuresti\\\/wp-content\\\/uploads\\\/logo-bdb-full-wide-vernil-transparent.png\",\"width\":1782,\"height\":626,\"caption\":\"Buletin de Bucure\u0219ti\"},\"image\":{\"@id\":\"https:\\\/\\\/buletin.de\\\/bucuresti\\\/#\\\/schema\\\/logo\\\/image\\\/\"},\"sameAs\":[\"https:\\\/\\\/www.facebook.com\\\/buletin.de.buc\",\"https:\\\/\\\/www.instagram.com\\\/buletinde.bucuresti\\\/\"]},{\"@type\":\"Person\",\"@id\":\"https:\\\/\\\/buletin.de\\\/bucuresti\\\/#\\\/schema\\\/person\\\/5d54908fa90ab7ad3b2e88152efd6845\",\"name\":\"Teodora \u0218uta\",\"image\":{\"@type\":\"ImageObject\",\"inLanguage\":\"en-GB\",\"@id\":\"https:\\\/\\\/secure.gravatar.com\\\/avatar\\\/0c709226af9845d97b126aa0aa80ab42778847ec3d11d741016b74a61174088d?s=96&d=monsterid&r=gf2e0c6a01d766272c6fa8af9e494be28\",\"url\":\"https:\\\/\\\/secure.gravatar.com\\\/avatar\\\/0c709226af9845d97b126aa0aa80ab42778847ec3d11d741016b74a61174088d?s=96&d=monsterid&r=g\",\"contentUrl\":\"https:\\\/\\\/secure.gravatar.com\\\/avatar\\\/0c709226af9845d97b126aa0aa80ab42778847ec3d11d741016b74a61174088d?s=96&d=monsterid&r=g\",\"caption\":\"Teodora \u0218uta\"},\"url\":\"https:\\\/\\\/buletin.de\\\/bucuresti\\\/author\\\/mariasuta\\\/\"}]}<\/script>\n<!-- \/ Yoast SEO Premium plugin. -->","yoast_head_json":{"title":"Panouri digitale \u00een sta\u021biile de transport public din Ilfov - Buletin de Bucure\u0219ti","robots":{"index":"index","follow":"follow","max-snippet":"max-snippet:-1","max-image-preview":"max-image-preview:large","max-video-preview":"max-video-preview:-1"},"canonical":"https:\/\/buletin.de\/bucuresti\/panouri-digitale-in-statiile-de-transport-public-din-ilfov\/","og_locale":"en_GB","og_type":"article","og_title":"Panouri digitale \u00een sta\u021biile de transport public din Ilfov","og_description":"Asocia\u0163ia de Dezvoltare Intercomunitar\u0103 pentru Transport Public Bucure\u015fti \u2013 Ilfov (TPBI) a anun\u021bat montarea sta\u021biilor dotate cu panouri audio-video dinamice, \u00een 21 de localit\u0103\u021bi din Ilfov. \u00cencep\u00e2nd cu 2024, cet\u0103\u021benii vor putea afla informa\u021bii \u00een timp real despre programul de circula\u0163ie a mijloacelor de transport \u00een comun. Proiectul ini\u0163iat de TPBI, \u201eSistem ITS Integrat Smart&amp;Green [&hellip;]","og_url":"https:\/\/buletin.de\/bucuresti\/panouri-digitale-in-statiile-de-transport-public-din-ilfov\/","og_site_name":"Buletin de Bucure\u0219ti","article_publisher":"https:\/\/www.facebook.com\/buletin.de.buc","article_published_time":"2023-02-18T13:49:57+00:00","og_image":[{"width":1024,"height":1024,"url":"https:\/\/buletin.de\/bucuresti\/wp-content\/uploads\/330782811_3462437690692877_3176428187331469370_n.jpg","type":"image\/jpeg"}],"author":"Teodora \u0218uta","twitter_card":"summary_large_image","twitter_misc":{"Written by":"Teodora \u0218uta","Estimated reading time":"2 minutes"},"schema":{"@context":"https:\/\/schema.org","@graph":[{"@type":"Article","@id":"https:\/\/buletin.de\/bucuresti\/panouri-digitale-in-statiile-de-transport-public-din-ilfov\/#article","isPartOf":{"@id":"https:\/\/buletin.de\/bucuresti\/panouri-digitale-in-statiile-de-transport-public-din-ilfov\/"},"author":{"name":"Teodora \u0218uta","@id":"https:\/\/buletin.de\/bucuresti\/#\/schema\/person\/5d54908fa90ab7ad3b2e88152efd6845"},"headline":"Panouri digitale \u00een sta\u021biile de transport public din Ilfov","datePublished":"2023-02-18T13:49:57+00:00","mainEntityOfPage":{"@id":"https:\/\/buletin.de\/bucuresti\/panouri-digitale-in-statiile-de-transport-public-din-ilfov\/"},"wordCount":320,"publisher":{"@id":"https:\/\/buletin.de\/bucuresti\/#organization"},"image":{"@id":"https:\/\/buletin.de\/bucuresti\/panouri-digitale-in-statiile-de-transport-public-din-ilfov\/#primaryimage"},"thumbnailUrl":"https:\/\/buletin.de\/bucuresti\/wp-content\/uploads\/330782811_3462437690692877_3176428187331469370_n.jpg","articleSection":["\u0218tiri"],"inLanguage":"en-GB","copyrightYear":"2023","copyrightHolder":{"@id":"https:\/\/buletin.de\/bucuresti\/#organization"}},{"@type":"WebPage","@id":"https:\/\/buletin.de\/bucuresti\/panouri-digitale-in-statiile-de-transport-public-din-ilfov\/","url":"https:\/\/buletin.de\/bucuresti\/panouri-digitale-in-statiile-de-transport-public-din-ilfov\/","name":"Panouri digitale \u00een sta\u021biile de transport public din Ilfov - Buletin de Bucure\u0219ti","isPartOf":{"@id":"https:\/\/buletin.de\/bucuresti\/#website"},"primaryImageOfPage":{"@id":"https:\/\/buletin.de\/bucuresti\/panouri-digitale-in-statiile-de-transport-public-din-ilfov\/#primaryimage"},"image":{"@id":"https:\/\/buletin.de\/bucuresti\/panouri-digitale-in-statiile-de-transport-public-din-ilfov\/#primaryimage"},"thumbnailUrl":"https:\/\/buletin.de\/bucuresti\/wp-content\/uploads\/330782811_3462437690692877_3176428187331469370_n.jpg","datePublished":"2023-02-18T13:49:57+00:00","breadcrumb":{"@id":"https:\/\/buletin.de\/bucuresti\/panouri-digitale-in-statiile-de-transport-public-din-ilfov\/#breadcrumb"},"inLanguage":"en-GB","potentialAction":[{"@type":"ReadAction","target":["https:\/\/buletin.de\/bucuresti\/panouri-digitale-in-statiile-de-transport-public-din-ilfov\/"]}]},{"@type":"ImageObject","inLanguage":"en-GB","@id":"https:\/\/buletin.de\/bucuresti\/panouri-digitale-in-statiile-de-transport-public-din-ilfov\/#primaryimage","url":"https:\/\/buletin.de\/bucuresti\/wp-content\/uploads\/330782811_3462437690692877_3176428187331469370_n.jpg","contentUrl":"https:\/\/buletin.de\/bucuresti\/wp-content\/uploads\/330782811_3462437690692877_3176428187331469370_n.jpg","width":1024,"height":1024},{"@type":"BreadcrumbList","@id":"https:\/\/buletin.de\/bucuresti\/panouri-digitale-in-statiile-de-transport-public-din-ilfov\/#breadcrumb","itemListElement":[{"@type":"ListItem","position":1,"name":"Acas\u0103","item":"https:\/\/buletin.de\/bucuresti\/"},{"@type":"ListItem","position":2,"name":"Panouri digitale \u00een sta\u021biile de transport public din Ilfov"}]},{"@type":"WebSite","@id":"https:\/\/buletin.de\/bucuresti\/#website","url":"https:\/\/buletin.de\/bucuresti\/","name":"Buletin de Bucure\u0219ti","description":"\u0218tiri \u0219i investiga\u021bii esen\u021biale din capital\u0103","publisher":{"@id":"https:\/\/buletin.de\/bucuresti\/#organization"},"potentialAction":[{"@type":"SearchAction","target":{"@type":"EntryPoint","urlTemplate":"https:\/\/buletin.de\/bucuresti\/?s={search_term_string}"},"query-input":{"@type":"PropertyValueSpecification","valueRequired":true,"valueName":"search_term_string"}}],"inLanguage":"en-GB"},{"@type":"Organization","@id":"https:\/\/buletin.de\/bucuresti\/#organization","name":"Buletin de Bucure\u0219ti","url":"https:\/\/buletin.de\/bucuresti\/","logo":{"@type":"ImageObject","inLanguage":"en-GB","@id":"https:\/\/buletin.de\/bucuresti\/#\/schema\/logo\/image\/","url":"https:\/\/buletin.de\/bucuresti\/wp-content\/uploads\/logo-bdb-full-wide-vernil-transparent.png","contentUrl":"https:\/\/buletin.de\/bucuresti\/wp-content\/uploads\/logo-bdb-full-wide-vernil-transparent.png","width":1782,"height":626,"caption":"Buletin de Bucure\u0219ti"},"image":{"@id":"https:\/\/buletin.de\/bucuresti\/#\/schema\/logo\/image\/"},"sameAs":["https:\/\/www.facebook.com\/buletin.de.buc","https:\/\/www.instagram.com\/buletinde.bucuresti\/"]},{"@type":"Person","@id":"https:\/\/buletin.de\/bucuresti\/#\/schema\/person\/5d54908fa90ab7ad3b2e88152efd6845","name":"Teodora \u0218uta","image":{"@type":"ImageObject","inLanguage":"en-GB","@id":"https:\/\/secure.gravatar.com\/avatar\/0c709226af9845d97b126aa0aa80ab42778847ec3d11d741016b74a61174088d?s=96&d=monsterid&r=gf2e0c6a01d766272c6fa8af9e494be28","url":"https:\/\/secure.gravatar.com\/avatar\/0c709226af9845d97b126aa0aa80ab42778847ec3d11d741016b74a61174088d?s=96&d=monsterid&r=g","contentUrl":"https:\/\/secure.gravatar.com\/avatar\/0c709226af9845d97b126aa0aa80ab42778847ec3d11d741016b74a61174088d?s=96&d=monsterid&r=g","caption":"Teodora \u0218uta"},"url":"https:\/\/buletin.de\/bucuresti\/author\/mariasuta\/"}]}},"authors":[{"term_id":22604,"user_id":45,"is_guest":0,"slug":"mariasuta","display_name":"Teodora \u0218uta","avatar_url":"https:\/\/secure.gravatar.com\/avatar\/0c709226af9845d97b126aa0aa80ab42778847ec3d11d741016b74a61174088d?s=96&d=monsterid&r=g","0":null,"1":"","2":"","3":"","4":"","5":"","6":"","7":"","8":""}],"_links":{"self":[{"href":"https:\/\/buletin.de\/bucuresti\/wp-json\/wp\/v2\/posts\/54459","targetHints":{"allow":["GET"]}}],"collection":[{"href":"https:\/\/buletin.de\/bucuresti\/wp-json\/wp\/v2\/posts"}],"about":[{"href":"https:\/\/buletin.de\/bucuresti\/wp-json\/wp\/v2\/types\/post"}],"author":[{"embeddable":true,"href":"https:\/\/buletin.de\/bucuresti\/wp-json\/wp\/v2\/users\/45"}],"replies":[{"embeddable":true,"href":"https:\/\/buletin.de\/bucuresti\/wp-json\/wp\/v2\/comments?post=54459"}],"version-history":[{"count":3,"href":"https:\/\/buletin.de\/bucuresti\/wp-json\/wp\/v2\/posts\/54459\/revisions"}],"predecessor-version":[{"id":54469,"href":"https:\/\/buletin.de\/bucuresti\/wp-json\/wp\/v2\/posts\/54459\/revisions\/54469"}],"wp:featuredmedia":[{"embeddable":true,"href":"https:\/\/buletin.de\/bucuresti\/wp-json\/wp\/v2\/media\/54461"}],"wp:attachment":[{"href":"https:\/\/buletin.de\/bucuresti\/wp-json\/wp\/v2\/media?parent=54459"}],"wp:term":[{"taxonomy":"category","embeddable":true,"href":"https:\/\/buletin.de\/bucuresti\/wp-json\/wp\/v2\/categories?post=54459"},{"taxonomy":"post_tag","embeddable":true,"href":"https:\/\/buletin.de\/bucuresti\/wp-json\/wp\/v2\/tags?post=54459"},{"taxonomy":"author","embeddable":true,"href":"https:\/\/buletin.de\/bucuresti\/wp-json\/wp\/v2\/ppma_author?post=54459"}],"curies":[{"name":"wp","href":"https:\/\/api.w.org\/{rel}","templated":true}]}}