{"id":54451,"date":"2023-02-18T11:16:27","date_gmt":"2023-02-18T09:16:27","guid":{"rendered":"https:\/\/buletin.de\/bucuresti\/?p=54451"},"modified":"2023-11-19T22:21:58","modified_gmt":"2023-11-19T20:21:58","slug":"teatrul-bulandra-consolidat-si-restaurat-cu-bani-din-pnrr","status":"publish","type":"post","link":"https:\/\/buletin.de\/bucuresti\/teatrul-bulandra-consolidat-si-restaurat-cu-bani-din-pnrr\/","title":{"rendered":"Teatrul Bulandra, consolidat \u0219i restaurat cu bani din PNRR"},"content":{"rendered":"\n<p>Teatrul Bulandra va fi restaurat \u0219i consolidat cu bani din PNRR. Primarul Capitalei, Nicu\u0219or Dan, a anun\u021bat pe pagina sa de Facebook c\u0103 proiectul de reabilitare a teatrului a primit finan\u021bare. <\/p>\n\n\n\n<p>Noul proiect depus de Prim\u0103ria Capitalei prin Administra\u021bia Municipal\u0103 pentru Consolidarea Cl\u0103dirilor cu Risc Seismic (AMCCRS), vizeaz\u0103 restaurarea teatrului Bulandra, ce are o istorie de peste 70 de ani. Consolidarea acestei institu\u021bii necesit\u0103 o investi\u021bie de 65.378.065,87 lei, valoare aprobat\u0103 de Ministerul Dezvolt\u0103rii, Lucr\u0103rilor Publice \u0219i Administra\u021biei. Proiectul presupune modernizarea spa\u021biului institu\u021biei, ce are un regim de \u00een\u0103l\u021bime S+P+7E+M, av\u00e2nd o suprafa\u021b\u0103 de 11.873 mp.<\/p>\n\n\n\n<p><br>\u201eCl\u0103direa a fost construit\u0103 \u00een anul 1935, la care s-a ad\u0103ugat \u00een 1937 corpul de la Bd. Schitu M\u0103gureanu, adiacent teatrului, aflat \u00een Zona Construit Protejat\u0103 ZCP 06 &#8211; Bulevardul Elisabeta-Kog\u0103lniceanu, regim de \u00een\u0103l\u0163ime S+P+7E+M (la parter se afl\u0103 Sala de spectacole Liviu Ciulei), av\u00e2nd o suprafa\u0163\u0103 construit desf\u0103\u015furat\u0103 11.873 mp\u201d, a explicat primarul general, pe pagina sa de Facebook.<\/p>\n\n\n\n<p>\u00cenfiin\u021bat \u00een 1937, institu\u021bia public\u0103 numit\u0103 ini\u021bial Teatrul Municipal, \u0219i-a \u00eenceput activitatea sub conducerea celebrei actri\u0163e Lucia Sturdza Bulandra. Cu sediul \u00een Bd. Schitu M\u0103gureanu nr. 1, sector 5, teatrul Buleandra, care \u0219i-a rebotezat numele \u00een 1963, era cunoscut pentru particip\u0103rile la festivalurile \u0219i turneele interna\u021bionale. \u00cen 1991 devine membru al Uniunii Teatrelor din Europa, iar \u00een anii 1995 \u015fi 2008 a g\u0103zduit Festivalul Uniunii Teatrelor din Europa, potrivit bulandra.ro.<\/p>\n\n\n\n<p>De-a lungul istoriei de 70 de ani, Teatrul Bulandra a r\u0103spuns invita\u021biilor la festivalurile organizate \u00een \u0163\u0103ri ca Italia, Spania, Columbia, Israel, Rusia, Ungaria, Mexic, Portugalia sau Fran\u0163a. Aceste particip\u0103ri au fost \u00eentotdeauna privite ca ni\u015fte oportunit\u0103\u0163i, at\u00e2t pentru c\u0103 era o \u0219ans\u0103 de a reprezenta Rom\u00e2nia \u0219i valorile teatrului rom\u00e2nesc, c\u00e2t \u0219i pentru c\u0103 se putea oferi publicului de alt\u0103 na\u021bionalitate o perspectiv\u0103 diferit\u0103 a artei teatrului, format\u0103 \u0219i cizelat\u0103 \u00een zeci de ani de munc\u0103. Astfel, datorit\u0103 activit\u0103\u021bii prestigioase a teatrului, Consilierii Generali ai Municipiului Bucure\u0219ti au votat \u00een 2017 numirea institu\u021biei \u00een \u201dBulandra-Teatru al Europei\u201d.<\/p>\n\n\n\n<p>\u00cen prezent, institu\u021bia se bucur\u0103 de colaborarea cu 30 de actori rom\u00e2ni de prestigiu, printre care C\u0103t\u0103lin Babliuc, Manuela Ciucur, Adrian Ciobanu, Silviu Geam\u0103nu \u0219i mul\u021bi al\u021bii.<\/p>\n","protected":false},"excerpt":{"rendered":"<p>Teatrul Bulandra va fi restaurat \u0219i consolidat cu bani din PNRR. Primarul Capitalei, Nicu\u0219or Dan, a anun\u021bat pe pagina sa de Facebook c\u0103 proiectul de reabilitare a teatrului a primit finan\u021bare. Noul proiect depus de Prim\u0103ria Capitalei prin Administra\u021bia Municipal\u0103 pentru Consolidarea Cl\u0103dirilor cu Risc Seismic (AMCCRS), vizeaz\u0103 restaurarea teatrului Bulandra, ce are o istorie [&hellip;]<\/p>\n","protected":false},"author":45,"featured_media":54453,"comment_status":"closed","ping_status":"open","sticky":false,"template":"","format":"standard","meta":{"_acf_changed":false,"inline_featured_image":false,"ngg_post_thumbnail":0,"footnotes":""},"categories":[81,62],"tags":[],"ppma_author":[22604],"class_list":["post-54451","post","type-post","status-publish","format-standard","has-post-thumbnail","hentry","category-cultura","category-stiri"],"acf":[],"yoast_head":"<!-- This site is optimized with the Yoast SEO Premium plugin v25.3 (Yoast SEO v27.4) - https:\/\/yoast.com\/product\/yoast-seo-premium-wordpress\/ -->\n<title>Teatrul Bulandra, consolidat \u0219i restaurat cu bani din PNRR - Buletin de Bucure\u0219ti<\/title>\n<meta name=\"robots\" content=\"index, follow, max-snippet:-1, max-image-preview:large, max-video-preview:-1\" \/>\n<link rel=\"canonical\" href=\"https:\/\/buletin.de\/bucuresti\/teatrul-bulandra-consolidat-si-restaurat-cu-bani-din-pnrr\/\" \/>\n<meta property=\"og:locale\" content=\"en_GB\" \/>\n<meta property=\"og:type\" content=\"article\" \/>\n<meta property=\"og:title\" content=\"Teatrul Bulandra, consolidat \u0219i restaurat cu bani din PNRR\" \/>\n<meta property=\"og:description\" content=\"Teatrul Bulandra va fi restaurat \u0219i consolidat cu bani din PNRR. Primarul Capitalei, Nicu\u0219or Dan, a anun\u021bat pe pagina sa de Facebook c\u0103 proiectul de reabilitare a teatrului a primit finan\u021bare. Noul proiect depus de Prim\u0103ria Capitalei prin Administra\u021bia Municipal\u0103 pentru Consolidarea Cl\u0103dirilor cu Risc Seismic (AMCCRS), vizeaz\u0103 restaurarea teatrului Bulandra, ce are o istorie [&hellip;]\" \/>\n<meta property=\"og:url\" content=\"https:\/\/buletin.de\/bucuresti\/teatrul-bulandra-consolidat-si-restaurat-cu-bani-din-pnrr\/\" \/>\n<meta property=\"og:site_name\" content=\"Buletin de Bucure\u0219ti\" \/>\n<meta property=\"article:publisher\" content=\"https:\/\/www.facebook.com\/buletin.de.buc\" \/>\n<meta property=\"article:published_time\" content=\"2023-02-18T09:16:27+00:00\" \/>\n<meta property=\"article:modified_time\" content=\"2023-11-19T20:21:58+00:00\" \/>\n<meta property=\"og:image\" content=\"https:\/\/buletin.de\/bucuresti\/wp-content\/uploads\/331425925_697861888750502_4306442945404570857_n.jpg\" \/>\n\t<meta property=\"og:image:width\" content=\"484\" \/>\n\t<meta property=\"og:image:height\" content=\"620\" \/>\n\t<meta property=\"og:image:type\" content=\"image\/jpeg\" \/>\n<meta name=\"author\" content=\"Teodora \u0218uta\" \/>\n<meta name=\"twitter:card\" content=\"summary_large_image\" \/>\n<meta name=\"twitter:label1\" content=\"Written by\" \/>\n\t<meta name=\"twitter:data1\" content=\"Teodora \u0218uta\" \/>\n\t<meta name=\"twitter:label2\" content=\"Estimated reading time\" \/>\n\t<meta name=\"twitter:data2\" content=\"2 minutes\" \/>\n<script type=\"application\/ld+json\" class=\"yoast-schema-graph\">{\"@context\":\"https:\\\/\\\/schema.org\",\"@graph\":[{\"@type\":\"Article\",\"@id\":\"https:\\\/\\\/buletin.de\\\/bucuresti\\\/teatrul-bulandra-consolidat-si-restaurat-cu-bani-din-pnrr\\\/#article\",\"isPartOf\":{\"@id\":\"https:\\\/\\\/buletin.de\\\/bucuresti\\\/teatrul-bulandra-consolidat-si-restaurat-cu-bani-din-pnrr\\\/\"},\"author\":{\"name\":\"Teodora \u0218uta\",\"@id\":\"https:\\\/\\\/buletin.de\\\/bucuresti\\\/#\\\/schema\\\/person\\\/5d54908fa90ab7ad3b2e88152efd6845\"},\"headline\":\"Teatrul Bulandra, consolidat \u0219i restaurat cu bani din PNRR\",\"datePublished\":\"2023-02-18T09:16:27+00:00\",\"dateModified\":\"2023-11-19T20:21:58+00:00\",\"mainEntityOfPage\":{\"@id\":\"https:\\\/\\\/buletin.de\\\/bucuresti\\\/teatrul-bulandra-consolidat-si-restaurat-cu-bani-din-pnrr\\\/\"},\"wordCount\":403,\"publisher\":{\"@id\":\"https:\\\/\\\/buletin.de\\\/bucuresti\\\/#organization\"},\"image\":{\"@id\":\"https:\\\/\\\/buletin.de\\\/bucuresti\\\/teatrul-bulandra-consolidat-si-restaurat-cu-bani-din-pnrr\\\/#primaryimage\"},\"thumbnailUrl\":\"https:\\\/\\\/buletin.de\\\/bucuresti\\\/wp-content\\\/uploads\\\/331425925_697861888750502_4306442945404570857_n.jpg\",\"articleSection\":[\"Cultur\u0103\",\"\u0218tiri\"],\"inLanguage\":\"en-GB\",\"copyrightYear\":\"2023\",\"copyrightHolder\":{\"@id\":\"https:\\\/\\\/buletin.de\\\/bucuresti\\\/#organization\"}},{\"@type\":\"WebPage\",\"@id\":\"https:\\\/\\\/buletin.de\\\/bucuresti\\\/teatrul-bulandra-consolidat-si-restaurat-cu-bani-din-pnrr\\\/\",\"url\":\"https:\\\/\\\/buletin.de\\\/bucuresti\\\/teatrul-bulandra-consolidat-si-restaurat-cu-bani-din-pnrr\\\/\",\"name\":\"Teatrul Bulandra, consolidat \u0219i restaurat cu bani din PNRR - Buletin de Bucure\u0219ti\",\"isPartOf\":{\"@id\":\"https:\\\/\\\/buletin.de\\\/bucuresti\\\/#website\"},\"primaryImageOfPage\":{\"@id\":\"https:\\\/\\\/buletin.de\\\/bucuresti\\\/teatrul-bulandra-consolidat-si-restaurat-cu-bani-din-pnrr\\\/#primaryimage\"},\"image\":{\"@id\":\"https:\\\/\\\/buletin.de\\\/bucuresti\\\/teatrul-bulandra-consolidat-si-restaurat-cu-bani-din-pnrr\\\/#primaryimage\"},\"thumbnailUrl\":\"https:\\\/\\\/buletin.de\\\/bucuresti\\\/wp-content\\\/uploads\\\/331425925_697861888750502_4306442945404570857_n.jpg\",\"datePublished\":\"2023-02-18T09:16:27+00:00\",\"dateModified\":\"2023-11-19T20:21:58+00:00\",\"breadcrumb\":{\"@id\":\"https:\\\/\\\/buletin.de\\\/bucuresti\\\/teatrul-bulandra-consolidat-si-restaurat-cu-bani-din-pnrr\\\/#breadcrumb\"},\"inLanguage\":\"en-GB\",\"potentialAction\":[{\"@type\":\"ReadAction\",\"target\":[\"https:\\\/\\\/buletin.de\\\/bucuresti\\\/teatrul-bulandra-consolidat-si-restaurat-cu-bani-din-pnrr\\\/\"]}]},{\"@type\":\"ImageObject\",\"inLanguage\":\"en-GB\",\"@id\":\"https:\\\/\\\/buletin.de\\\/bucuresti\\\/teatrul-bulandra-consolidat-si-restaurat-cu-bani-din-pnrr\\\/#primaryimage\",\"url\":\"https:\\\/\\\/buletin.de\\\/bucuresti\\\/wp-content\\\/uploads\\\/331425925_697861888750502_4306442945404570857_n.jpg\",\"contentUrl\":\"https:\\\/\\\/buletin.de\\\/bucuresti\\\/wp-content\\\/uploads\\\/331425925_697861888750502_4306442945404570857_n.jpg\",\"width\":484,\"height\":620},{\"@type\":\"BreadcrumbList\",\"@id\":\"https:\\\/\\\/buletin.de\\\/bucuresti\\\/teatrul-bulandra-consolidat-si-restaurat-cu-bani-din-pnrr\\\/#breadcrumb\",\"itemListElement\":[{\"@type\":\"ListItem\",\"position\":1,\"name\":\"Acas\u0103\",\"item\":\"https:\\\/\\\/buletin.de\\\/bucuresti\\\/\"},{\"@type\":\"ListItem\",\"position\":2,\"name\":\"Teatrul Bulandra, consolidat \u0219i restaurat cu bani din PNRR\"}]},{\"@type\":\"WebSite\",\"@id\":\"https:\\\/\\\/buletin.de\\\/bucuresti\\\/#website\",\"url\":\"https:\\\/\\\/buletin.de\\\/bucuresti\\\/\",\"name\":\"Buletin de Bucure\u0219ti\",\"description\":\"\u0218tiri \u0219i investiga\u021bii esen\u021biale din capital\u0103\",\"publisher\":{\"@id\":\"https:\\\/\\\/buletin.de\\\/bucuresti\\\/#organization\"},\"potentialAction\":[{\"@type\":\"SearchAction\",\"target\":{\"@type\":\"EntryPoint\",\"urlTemplate\":\"https:\\\/\\\/buletin.de\\\/bucuresti\\\/?s={search_term_string}\"},\"query-input\":{\"@type\":\"PropertyValueSpecification\",\"valueRequired\":true,\"valueName\":\"search_term_string\"}}],\"inLanguage\":\"en-GB\"},{\"@type\":\"Organization\",\"@id\":\"https:\\\/\\\/buletin.de\\\/bucuresti\\\/#organization\",\"name\":\"Buletin de Bucure\u0219ti\",\"url\":\"https:\\\/\\\/buletin.de\\\/bucuresti\\\/\",\"logo\":{\"@type\":\"ImageObject\",\"inLanguage\":\"en-GB\",\"@id\":\"https:\\\/\\\/buletin.de\\\/bucuresti\\\/#\\\/schema\\\/logo\\\/image\\\/\",\"url\":\"https:\\\/\\\/buletin.de\\\/bucuresti\\\/wp-content\\\/uploads\\\/logo-bdb-full-wide-vernil-transparent.png\",\"contentUrl\":\"https:\\\/\\\/buletin.de\\\/bucuresti\\\/wp-content\\\/uploads\\\/logo-bdb-full-wide-vernil-transparent.png\",\"width\":1782,\"height\":626,\"caption\":\"Buletin de Bucure\u0219ti\"},\"image\":{\"@id\":\"https:\\\/\\\/buletin.de\\\/bucuresti\\\/#\\\/schema\\\/logo\\\/image\\\/\"},\"sameAs\":[\"https:\\\/\\\/www.facebook.com\\\/buletin.de.buc\",\"https:\\\/\\\/www.instagram.com\\\/buletinde.bucuresti\\\/\"]},{\"@type\":\"Person\",\"@id\":\"https:\\\/\\\/buletin.de\\\/bucuresti\\\/#\\\/schema\\\/person\\\/5d54908fa90ab7ad3b2e88152efd6845\",\"name\":\"Teodora \u0218uta\",\"image\":{\"@type\":\"ImageObject\",\"inLanguage\":\"en-GB\",\"@id\":\"https:\\\/\\\/secure.gravatar.com\\\/avatar\\\/0c709226af9845d97b126aa0aa80ab42778847ec3d11d741016b74a61174088d?s=96&d=monsterid&r=gf2e0c6a01d766272c6fa8af9e494be28\",\"url\":\"https:\\\/\\\/secure.gravatar.com\\\/avatar\\\/0c709226af9845d97b126aa0aa80ab42778847ec3d11d741016b74a61174088d?s=96&d=monsterid&r=g\",\"contentUrl\":\"https:\\\/\\\/secure.gravatar.com\\\/avatar\\\/0c709226af9845d97b126aa0aa80ab42778847ec3d11d741016b74a61174088d?s=96&d=monsterid&r=g\",\"caption\":\"Teodora \u0218uta\"},\"url\":\"https:\\\/\\\/buletin.de\\\/bucuresti\\\/author\\\/mariasuta\\\/\"}]}<\/script>\n<!-- \/ Yoast SEO Premium plugin. -->","yoast_head_json":{"title":"Teatrul Bulandra, consolidat \u0219i restaurat cu bani din PNRR - Buletin de Bucure\u0219ti","robots":{"index":"index","follow":"follow","max-snippet":"max-snippet:-1","max-image-preview":"max-image-preview:large","max-video-preview":"max-video-preview:-1"},"canonical":"https:\/\/buletin.de\/bucuresti\/teatrul-bulandra-consolidat-si-restaurat-cu-bani-din-pnrr\/","og_locale":"en_GB","og_type":"article","og_title":"Teatrul Bulandra, consolidat \u0219i restaurat cu bani din PNRR","og_description":"Teatrul Bulandra va fi restaurat \u0219i consolidat cu bani din PNRR. Primarul Capitalei, Nicu\u0219or Dan, a anun\u021bat pe pagina sa de Facebook c\u0103 proiectul de reabilitare a teatrului a primit finan\u021bare. Noul proiect depus de Prim\u0103ria Capitalei prin Administra\u021bia Municipal\u0103 pentru Consolidarea Cl\u0103dirilor cu Risc Seismic (AMCCRS), vizeaz\u0103 restaurarea teatrului Bulandra, ce are o istorie [&hellip;]","og_url":"https:\/\/buletin.de\/bucuresti\/teatrul-bulandra-consolidat-si-restaurat-cu-bani-din-pnrr\/","og_site_name":"Buletin de Bucure\u0219ti","article_publisher":"https:\/\/www.facebook.com\/buletin.de.buc","article_published_time":"2023-02-18T09:16:27+00:00","article_modified_time":"2023-11-19T20:21:58+00:00","og_image":[{"width":484,"height":620,"url":"https:\/\/buletin.de\/bucuresti\/wp-content\/uploads\/331425925_697861888750502_4306442945404570857_n.jpg","type":"image\/jpeg"}],"author":"Teodora \u0218uta","twitter_card":"summary_large_image","twitter_misc":{"Written by":"Teodora \u0218uta","Estimated reading time":"2 minutes"},"schema":{"@context":"https:\/\/schema.org","@graph":[{"@type":"Article","@id":"https:\/\/buletin.de\/bucuresti\/teatrul-bulandra-consolidat-si-restaurat-cu-bani-din-pnrr\/#article","isPartOf":{"@id":"https:\/\/buletin.de\/bucuresti\/teatrul-bulandra-consolidat-si-restaurat-cu-bani-din-pnrr\/"},"author":{"name":"Teodora \u0218uta","@id":"https:\/\/buletin.de\/bucuresti\/#\/schema\/person\/5d54908fa90ab7ad3b2e88152efd6845"},"headline":"Teatrul Bulandra, consolidat \u0219i restaurat cu bani din PNRR","datePublished":"2023-02-18T09:16:27+00:00","dateModified":"2023-11-19T20:21:58+00:00","mainEntityOfPage":{"@id":"https:\/\/buletin.de\/bucuresti\/teatrul-bulandra-consolidat-si-restaurat-cu-bani-din-pnrr\/"},"wordCount":403,"publisher":{"@id":"https:\/\/buletin.de\/bucuresti\/#organization"},"image":{"@id":"https:\/\/buletin.de\/bucuresti\/teatrul-bulandra-consolidat-si-restaurat-cu-bani-din-pnrr\/#primaryimage"},"thumbnailUrl":"https:\/\/buletin.de\/bucuresti\/wp-content\/uploads\/331425925_697861888750502_4306442945404570857_n.jpg","articleSection":["Cultur\u0103","\u0218tiri"],"inLanguage":"en-GB","copyrightYear":"2023","copyrightHolder":{"@id":"https:\/\/buletin.de\/bucuresti\/#organization"}},{"@type":"WebPage","@id":"https:\/\/buletin.de\/bucuresti\/teatrul-bulandra-consolidat-si-restaurat-cu-bani-din-pnrr\/","url":"https:\/\/buletin.de\/bucuresti\/teatrul-bulandra-consolidat-si-restaurat-cu-bani-din-pnrr\/","name":"Teatrul Bulandra, consolidat \u0219i restaurat cu bani din PNRR - Buletin de Bucure\u0219ti","isPartOf":{"@id":"https:\/\/buletin.de\/bucuresti\/#website"},"primaryImageOfPage":{"@id":"https:\/\/buletin.de\/bucuresti\/teatrul-bulandra-consolidat-si-restaurat-cu-bani-din-pnrr\/#primaryimage"},"image":{"@id":"https:\/\/buletin.de\/bucuresti\/teatrul-bulandra-consolidat-si-restaurat-cu-bani-din-pnrr\/#primaryimage"},"thumbnailUrl":"https:\/\/buletin.de\/bucuresti\/wp-content\/uploads\/331425925_697861888750502_4306442945404570857_n.jpg","datePublished":"2023-02-18T09:16:27+00:00","dateModified":"2023-11-19T20:21:58+00:00","breadcrumb":{"@id":"https:\/\/buletin.de\/bucuresti\/teatrul-bulandra-consolidat-si-restaurat-cu-bani-din-pnrr\/#breadcrumb"},"inLanguage":"en-GB","potentialAction":[{"@type":"ReadAction","target":["https:\/\/buletin.de\/bucuresti\/teatrul-bulandra-consolidat-si-restaurat-cu-bani-din-pnrr\/"]}]},{"@type":"ImageObject","inLanguage":"en-GB","@id":"https:\/\/buletin.de\/bucuresti\/teatrul-bulandra-consolidat-si-restaurat-cu-bani-din-pnrr\/#primaryimage","url":"https:\/\/buletin.de\/bucuresti\/wp-content\/uploads\/331425925_697861888750502_4306442945404570857_n.jpg","contentUrl":"https:\/\/buletin.de\/bucuresti\/wp-content\/uploads\/331425925_697861888750502_4306442945404570857_n.jpg","width":484,"height":620},{"@type":"BreadcrumbList","@id":"https:\/\/buletin.de\/bucuresti\/teatrul-bulandra-consolidat-si-restaurat-cu-bani-din-pnrr\/#breadcrumb","itemListElement":[{"@type":"ListItem","position":1,"name":"Acas\u0103","item":"https:\/\/buletin.de\/bucuresti\/"},{"@type":"ListItem","position":2,"name":"Teatrul Bulandra, consolidat \u0219i restaurat cu bani din PNRR"}]},{"@type":"WebSite","@id":"https:\/\/buletin.de\/bucuresti\/#website","url":"https:\/\/buletin.de\/bucuresti\/","name":"Buletin de Bucure\u0219ti","description":"\u0218tiri \u0219i investiga\u021bii esen\u021biale din capital\u0103","publisher":{"@id":"https:\/\/buletin.de\/bucuresti\/#organization"},"potentialAction":[{"@type":"SearchAction","target":{"@type":"EntryPoint","urlTemplate":"https:\/\/buletin.de\/bucuresti\/?s={search_term_string}"},"query-input":{"@type":"PropertyValueSpecification","valueRequired":true,"valueName":"search_term_string"}}],"inLanguage":"en-GB"},{"@type":"Organization","@id":"https:\/\/buletin.de\/bucuresti\/#organization","name":"Buletin de Bucure\u0219ti","url":"https:\/\/buletin.de\/bucuresti\/","logo":{"@type":"ImageObject","inLanguage":"en-GB","@id":"https:\/\/buletin.de\/bucuresti\/#\/schema\/logo\/image\/","url":"https:\/\/buletin.de\/bucuresti\/wp-content\/uploads\/logo-bdb-full-wide-vernil-transparent.png","contentUrl":"https:\/\/buletin.de\/bucuresti\/wp-content\/uploads\/logo-bdb-full-wide-vernil-transparent.png","width":1782,"height":626,"caption":"Buletin de Bucure\u0219ti"},"image":{"@id":"https:\/\/buletin.de\/bucuresti\/#\/schema\/logo\/image\/"},"sameAs":["https:\/\/www.facebook.com\/buletin.de.buc","https:\/\/www.instagram.com\/buletinde.bucuresti\/"]},{"@type":"Person","@id":"https:\/\/buletin.de\/bucuresti\/#\/schema\/person\/5d54908fa90ab7ad3b2e88152efd6845","name":"Teodora \u0218uta","image":{"@type":"ImageObject","inLanguage":"en-GB","@id":"https:\/\/secure.gravatar.com\/avatar\/0c709226af9845d97b126aa0aa80ab42778847ec3d11d741016b74a61174088d?s=96&d=monsterid&r=gf2e0c6a01d766272c6fa8af9e494be28","url":"https:\/\/secure.gravatar.com\/avatar\/0c709226af9845d97b126aa0aa80ab42778847ec3d11d741016b74a61174088d?s=96&d=monsterid&r=g","contentUrl":"https:\/\/secure.gravatar.com\/avatar\/0c709226af9845d97b126aa0aa80ab42778847ec3d11d741016b74a61174088d?s=96&d=monsterid&r=g","caption":"Teodora \u0218uta"},"url":"https:\/\/buletin.de\/bucuresti\/author\/mariasuta\/"}]}},"authors":[{"term_id":22604,"user_id":45,"is_guest":0,"slug":"mariasuta","display_name":"Teodora \u0218uta","avatar_url":"https:\/\/secure.gravatar.com\/avatar\/0c709226af9845d97b126aa0aa80ab42778847ec3d11d741016b74a61174088d?s=96&d=monsterid&r=g","0":null,"1":"","2":"","3":"","4":"","5":"","6":"","7":"","8":""}],"_links":{"self":[{"href":"https:\/\/buletin.de\/bucuresti\/wp-json\/wp\/v2\/posts\/54451","targetHints":{"allow":["GET"]}}],"collection":[{"href":"https:\/\/buletin.de\/bucuresti\/wp-json\/wp\/v2\/posts"}],"about":[{"href":"https:\/\/buletin.de\/bucuresti\/wp-json\/wp\/v2\/types\/post"}],"author":[{"embeddable":true,"href":"https:\/\/buletin.de\/bucuresti\/wp-json\/wp\/v2\/users\/45"}],"replies":[{"embeddable":true,"href":"https:\/\/buletin.de\/bucuresti\/wp-json\/wp\/v2\/comments?post=54451"}],"version-history":[{"count":4,"href":"https:\/\/buletin.de\/bucuresti\/wp-json\/wp\/v2\/posts\/54451\/revisions"}],"predecessor-version":[{"id":69447,"href":"https:\/\/buletin.de\/bucuresti\/wp-json\/wp\/v2\/posts\/54451\/revisions\/69447"}],"wp:featuredmedia":[{"embeddable":true,"href":"https:\/\/buletin.de\/bucuresti\/wp-json\/wp\/v2\/media\/54453"}],"wp:attachment":[{"href":"https:\/\/buletin.de\/bucuresti\/wp-json\/wp\/v2\/media?parent=54451"}],"wp:term":[{"taxonomy":"category","embeddable":true,"href":"https:\/\/buletin.de\/bucuresti\/wp-json\/wp\/v2\/categories?post=54451"},{"taxonomy":"post_tag","embeddable":true,"href":"https:\/\/buletin.de\/bucuresti\/wp-json\/wp\/v2\/tags?post=54451"},{"taxonomy":"author","embeddable":true,"href":"https:\/\/buletin.de\/bucuresti\/wp-json\/wp\/v2\/ppma_author?post=54451"}],"curies":[{"name":"wp","href":"https:\/\/api.w.org\/{rel}","templated":true}]}}