{"id":5414,"date":"2020-04-04T13:26:28","date_gmt":"2020-04-04T10:26:28","guid":{"rendered":"https:\/\/buletin.de\/bucuresti\/?p=5414"},"modified":"2020-04-04T13:53:29","modified_gmt":"2020-04-04T10:53:29","slug":"ministrul-sanatatii-nelu-tataru-testat-pentru-covid-19-un-director-din-minister-este-infectat-cu-noul-coronavirus","status":"publish","type":"post","link":"https:\/\/buletin.de\/bucuresti\/ministrul-sanatatii-nelu-tataru-testat-pentru-covid-19-un-director-din-minister-este-infectat-cu-noul-coronavirus\/","title":{"rendered":"UPDATE Testul ministrului S\u0103n\u0103t\u0103\u021bii, Nelu T\u0103taru, pentru COVID-19 este negativ. Un director din minister este infectat cu noul coronavirus"},"content":{"rendered":"\n<p><strong>UPDATE 13:50<\/strong><\/p>\n\n\n\n<p>Ministerul S\u0103n\u0103t\u0103\u021bii a revenit cu preciz\u0103ri suplimentare. Testul f\u0103cut ministrului S\u0103n\u0103t\u0103\u021bii, Nelu T\u0103taru, este negativ. <\/p>\n\n\n\n<p>\u0218eful corpului de control al MS este \u00een prezent asimptomatic \u0219i se afl\u0103 internat din noaptea trecut\u0103 la Spitalul de Boli Infec\u021bioase Constan\u021ba.<\/p>\n\n\n\n<p><strong>\u0218tirea ini\u021bial\u0103<\/strong><\/p>\n\n\n\n<p>Ministrului S\u0103n\u0103t\u0103\u021bii, Nelu T\u0103taru, i-au fost probe pentru un nou test COVID-19, anun\u021b\u0103 Ministerul S\u0103n\u0103t\u0103\u021bii. <\/p>\n\n\n\n<p>Asta \u00een condi\u021biile \u00een care directorului Direc\u021biei Control \u0219i Integritate din cadrul Ministerului S\u0103n\u0103t\u0103\u021bii a fost depistat pozitiv la COVID-19. Acesta se afla internat \u00een Spitalul Clinic Judetean de Urgen\u021b\u0103 Constan\u021ba. \u00cen acest caz s-a \u00eenceput ancheta epidemiologic\u0103 pentru stabilirea contac\u021bilor direc\u021bi.<\/p>\n\n\n\n<p>Mai mult, \u00een cadrul Ministerului S\u0103n\u0103t\u0103\u021bii vor fi  luate m\u0103suri de dezinfec\u021bie.<\/p>\n\n\n\n<p><em>Sursa foto: Inquam Photos \/ Fotograf: Octav Ganea<\/em><\/p>\n","protected":false},"excerpt":{"rendered":"<p>UPDATE 13:50 Ministerul S\u0103n\u0103t\u0103\u021bii a revenit cu preciz\u0103ri suplimentare. Testul f\u0103cut ministrului S\u0103n\u0103t\u0103\u021bii, Nelu T\u0103taru, este negativ. \u0218eful corpului de control al MS este \u00een prezent asimptomatic \u0219i se afl\u0103 internat din noaptea trecut\u0103 la Spitalul de Boli Infec\u021bioase Constan\u021ba. \u0218tirea ini\u021bial\u0103 Ministrului S\u0103n\u0103t\u0103\u021bii, Nelu T\u0103taru, i-au fost probe pentru un nou test COVID-19, anun\u021b\u0103 [&hellip;]<\/p>\n","protected":false},"author":11,"featured_media":5416,"comment_status":"closed","ping_status":"open","sticky":false,"template":"","format":"standard","meta":{"_acf_changed":false,"inline_featured_image":false,"ngg_post_thumbnail":0,"footnotes":""},"categories":[62],"tags":[529,643,785,536,784,778],"ppma_author":[22590],"class_list":["post-5414","post","type-post","status-publish","format-standard","has-post-thumbnail","hentry","category-stiri","tag-coronavirus","tag-covid19","tag-director-din-ministerul-sanatatii-depistat-cu-covid-19","tag-epidemie","tag-ministrul-sanatatii","tag-nelu-tataru"],"acf":[],"yoast_head":"<!-- This site is optimized with the Yoast SEO Premium plugin v25.3 (Yoast SEO v27.5) - https:\/\/yoast.com\/product\/yoast-seo-premium-wordpress\/ -->\n<title>UPDATE Testul ministrului S\u0103n\u0103t\u0103\u021bii, Nelu T\u0103taru, pentru COVID-19 este negativ. Un director din minister este infectat cu noul coronavirus - Buletin de Bucure\u0219ti<\/title>\n<meta name=\"robots\" content=\"index, follow, max-snippet:-1, max-image-preview:large, max-video-preview:-1\" \/>\n<link rel=\"canonical\" href=\"https:\/\/buletin.de\/bucuresti\/ministrul-sanatatii-nelu-tataru-testat-pentru-covid-19-un-director-din-minister-este-infectat-cu-noul-coronavirus\/\" \/>\n<meta property=\"og:locale\" content=\"en_GB\" \/>\n<meta property=\"og:type\" content=\"article\" \/>\n<meta property=\"og:title\" content=\"UPDATE Testul ministrului S\u0103n\u0103t\u0103\u021bii, Nelu T\u0103taru, pentru COVID-19 este negativ. Un director din minister este infectat cu noul coronavirus\" \/>\n<meta property=\"og:description\" content=\"UPDATE 13:50 Ministerul S\u0103n\u0103t\u0103\u021bii a revenit cu preciz\u0103ri suplimentare. Testul f\u0103cut ministrului S\u0103n\u0103t\u0103\u021bii, Nelu T\u0103taru, este negativ. \u0218eful corpului de control al MS este \u00een prezent asimptomatic \u0219i se afl\u0103 internat din noaptea trecut\u0103 la Spitalul de Boli Infec\u021bioase Constan\u021ba. \u0218tirea ini\u021bial\u0103 Ministrului S\u0103n\u0103t\u0103\u021bii, Nelu T\u0103taru, i-au fost probe pentru un nou test COVID-19, anun\u021b\u0103 [&hellip;]\" \/>\n<meta property=\"og:url\" content=\"https:\/\/buletin.de\/bucuresti\/ministrul-sanatatii-nelu-tataru-testat-pentru-covid-19-un-director-din-minister-este-infectat-cu-noul-coronavirus\/\" \/>\n<meta property=\"og:site_name\" content=\"Buletin de Bucure\u0219ti\" \/>\n<meta property=\"article:publisher\" content=\"https:\/\/www.facebook.com\/buletin.de.buc\" \/>\n<meta property=\"article:published_time\" content=\"2020-04-04T10:26:28+00:00\" \/>\n<meta property=\"article:modified_time\" content=\"2020-04-04T10:53:29+00:00\" \/>\n<meta property=\"og:image\" content=\"https:\/\/buletin.de\/bucuresti\/wp-content\/uploads\/ID133016_INQUAM_Photos_Octav_Ganea-scaled.jpg\" \/>\n\t<meta property=\"og:image:width\" content=\"2560\" \/>\n\t<meta property=\"og:image:height\" content=\"1706\" \/>\n\t<meta property=\"og:image:type\" content=\"image\/jpeg\" \/>\n<meta name=\"author\" content=\"Cristina Sb\u00eern\" \/>\n<meta name=\"twitter:card\" content=\"summary_large_image\" \/>\n<meta name=\"twitter:label1\" content=\"Written by\" \/>\n\t<meta name=\"twitter:data1\" content=\"Cristina Sb\u00eern\" \/>\n\t<meta name=\"twitter:label2\" content=\"Estimated reading time\" \/>\n\t<meta name=\"twitter:data2\" content=\"1 minute\" \/>\n<script type=\"application\/ld+json\" class=\"yoast-schema-graph\">{\"@context\":\"https:\\\/\\\/schema.org\",\"@graph\":[{\"@type\":\"Article\",\"@id\":\"https:\\\/\\\/buletin.de\\\/bucuresti\\\/ministrul-sanatatii-nelu-tataru-testat-pentru-covid-19-un-director-din-minister-este-infectat-cu-noul-coronavirus\\\/#article\",\"isPartOf\":{\"@id\":\"https:\\\/\\\/buletin.de\\\/bucuresti\\\/ministrul-sanatatii-nelu-tataru-testat-pentru-covid-19-un-director-din-minister-este-infectat-cu-noul-coronavirus\\\/\"},\"author\":{\"name\":\"Cristina Sb\u00eern\",\"@id\":\"https:\\\/\\\/buletin.de\\\/bucuresti\\\/#\\\/schema\\\/person\\\/491b46d206898645bf48e42ec8d16a4e\"},\"headline\":\"UPDATE Testul ministrului S\u0103n\u0103t\u0103\u021bii, Nelu T\u0103taru, pentru COVID-19 este negativ. Un director din minister este infectat cu noul coronavirus\",\"datePublished\":\"2020-04-04T10:26:28+00:00\",\"dateModified\":\"2020-04-04T10:53:29+00:00\",\"mainEntityOfPage\":{\"@id\":\"https:\\\/\\\/buletin.de\\\/bucuresti\\\/ministrul-sanatatii-nelu-tataru-testat-pentru-covid-19-un-director-din-minister-este-infectat-cu-noul-coronavirus\\\/\"},\"wordCount\":172,\"publisher\":{\"@id\":\"https:\\\/\\\/buletin.de\\\/bucuresti\\\/#organization\"},\"image\":{\"@id\":\"https:\\\/\\\/buletin.de\\\/bucuresti\\\/ministrul-sanatatii-nelu-tataru-testat-pentru-covid-19-un-director-din-minister-este-infectat-cu-noul-coronavirus\\\/#primaryimage\"},\"thumbnailUrl\":\"https:\\\/\\\/buletin.de\\\/bucuresti\\\/wp-content\\\/uploads\\\/ID133016_INQUAM_Photos_Octav_Ganea-scaled.jpg\",\"keywords\":[\"coronavirus\",\"covid19\",\"director din ministerul sanatatii depistat cu covid 19\",\"epidemie\",\"ministrul sanatatii\",\"nelu tataru\"],\"articleSection\":[\"\u0218tiri\"],\"inLanguage\":\"en-GB\",\"copyrightYear\":\"2020\",\"copyrightHolder\":{\"@id\":\"https:\\\/\\\/buletin.de\\\/bucuresti\\\/#organization\"}},{\"@type\":\"WebPage\",\"@id\":\"https:\\\/\\\/buletin.de\\\/bucuresti\\\/ministrul-sanatatii-nelu-tataru-testat-pentru-covid-19-un-director-din-minister-este-infectat-cu-noul-coronavirus\\\/\",\"url\":\"https:\\\/\\\/buletin.de\\\/bucuresti\\\/ministrul-sanatatii-nelu-tataru-testat-pentru-covid-19-un-director-din-minister-este-infectat-cu-noul-coronavirus\\\/\",\"name\":\"UPDATE Testul ministrului S\u0103n\u0103t\u0103\u021bii, Nelu T\u0103taru, pentru COVID-19 este negativ. Un director din minister este infectat cu noul coronavirus - Buletin de Bucure\u0219ti\",\"isPartOf\":{\"@id\":\"https:\\\/\\\/buletin.de\\\/bucuresti\\\/#website\"},\"primaryImageOfPage\":{\"@id\":\"https:\\\/\\\/buletin.de\\\/bucuresti\\\/ministrul-sanatatii-nelu-tataru-testat-pentru-covid-19-un-director-din-minister-este-infectat-cu-noul-coronavirus\\\/#primaryimage\"},\"image\":{\"@id\":\"https:\\\/\\\/buletin.de\\\/bucuresti\\\/ministrul-sanatatii-nelu-tataru-testat-pentru-covid-19-un-director-din-minister-este-infectat-cu-noul-coronavirus\\\/#primaryimage\"},\"thumbnailUrl\":\"https:\\\/\\\/buletin.de\\\/bucuresti\\\/wp-content\\\/uploads\\\/ID133016_INQUAM_Photos_Octav_Ganea-scaled.jpg\",\"datePublished\":\"2020-04-04T10:26:28+00:00\",\"dateModified\":\"2020-04-04T10:53:29+00:00\",\"breadcrumb\":{\"@id\":\"https:\\\/\\\/buletin.de\\\/bucuresti\\\/ministrul-sanatatii-nelu-tataru-testat-pentru-covid-19-un-director-din-minister-este-infectat-cu-noul-coronavirus\\\/#breadcrumb\"},\"inLanguage\":\"en-GB\",\"potentialAction\":[{\"@type\":\"ReadAction\",\"target\":[\"https:\\\/\\\/buletin.de\\\/bucuresti\\\/ministrul-sanatatii-nelu-tataru-testat-pentru-covid-19-un-director-din-minister-este-infectat-cu-noul-coronavirus\\\/\"]}]},{\"@type\":\"ImageObject\",\"inLanguage\":\"en-GB\",\"@id\":\"https:\\\/\\\/buletin.de\\\/bucuresti\\\/ministrul-sanatatii-nelu-tataru-testat-pentru-covid-19-un-director-din-minister-este-infectat-cu-noul-coronavirus\\\/#primaryimage\",\"url\":\"https:\\\/\\\/buletin.de\\\/bucuresti\\\/wp-content\\\/uploads\\\/ID133016_INQUAM_Photos_Octav_Ganea-scaled.jpg\",\"contentUrl\":\"https:\\\/\\\/buletin.de\\\/bucuresti\\\/wp-content\\\/uploads\\\/ID133016_INQUAM_Photos_Octav_Ganea-scaled.jpg\",\"width\":2560,\"height\":1706},{\"@type\":\"BreadcrumbList\",\"@id\":\"https:\\\/\\\/buletin.de\\\/bucuresti\\\/ministrul-sanatatii-nelu-tataru-testat-pentru-covid-19-un-director-din-minister-este-infectat-cu-noul-coronavirus\\\/#breadcrumb\",\"itemListElement\":[{\"@type\":\"ListItem\",\"position\":1,\"name\":\"Acas\u0103\",\"item\":\"https:\\\/\\\/buletin.de\\\/bucuresti\\\/\"},{\"@type\":\"ListItem\",\"position\":2,\"name\":\"UPDATE Testul ministrului S\u0103n\u0103t\u0103\u021bii, Nelu T\u0103taru, pentru COVID-19 este negativ. Un director din minister este infectat cu noul coronavirus\"}]},{\"@type\":\"WebSite\",\"@id\":\"https:\\\/\\\/buletin.de\\\/bucuresti\\\/#website\",\"url\":\"https:\\\/\\\/buletin.de\\\/bucuresti\\\/\",\"name\":\"Buletin de Bucure\u0219ti\",\"description\":\"\u0218tiri \u0219i investiga\u021bii esen\u021biale din capital\u0103\",\"publisher\":{\"@id\":\"https:\\\/\\\/buletin.de\\\/bucuresti\\\/#organization\"},\"potentialAction\":[{\"@type\":\"SearchAction\",\"target\":{\"@type\":\"EntryPoint\",\"urlTemplate\":\"https:\\\/\\\/buletin.de\\\/bucuresti\\\/?s={search_term_string}\"},\"query-input\":{\"@type\":\"PropertyValueSpecification\",\"valueRequired\":true,\"valueName\":\"search_term_string\"}}],\"inLanguage\":\"en-GB\"},{\"@type\":\"Organization\",\"@id\":\"https:\\\/\\\/buletin.de\\\/bucuresti\\\/#organization\",\"name\":\"Buletin de Bucure\u0219ti\",\"url\":\"https:\\\/\\\/buletin.de\\\/bucuresti\\\/\",\"logo\":{\"@type\":\"ImageObject\",\"inLanguage\":\"en-GB\",\"@id\":\"https:\\\/\\\/buletin.de\\\/bucuresti\\\/#\\\/schema\\\/logo\\\/image\\\/\",\"url\":\"https:\\\/\\\/buletin.de\\\/bucuresti\\\/wp-content\\\/uploads\\\/logo-bdb-full-wide-vernil-transparent.png\",\"contentUrl\":\"https:\\\/\\\/buletin.de\\\/bucuresti\\\/wp-content\\\/uploads\\\/logo-bdb-full-wide-vernil-transparent.png\",\"width\":1782,\"height\":626,\"caption\":\"Buletin de Bucure\u0219ti\"},\"image\":{\"@id\":\"https:\\\/\\\/buletin.de\\\/bucuresti\\\/#\\\/schema\\\/logo\\\/image\\\/\"},\"sameAs\":[\"https:\\\/\\\/www.facebook.com\\\/buletin.de.buc\",\"https:\\\/\\\/www.instagram.com\\\/buletinde.bucuresti\\\/\"]},{\"@type\":\"Person\",\"@id\":\"https:\\\/\\\/buletin.de\\\/bucuresti\\\/#\\\/schema\\\/person\\\/491b46d206898645bf48e42ec8d16a4e\",\"name\":\"Cristina Sb\u00eern\",\"image\":{\"@type\":\"ImageObject\",\"inLanguage\":\"en-GB\",\"@id\":\"https:\\\/\\\/secure.gravatar.com\\\/avatar\\\/37e16dbd00976eec8a6ce30eadedf4377f2cf2504eadbf5ef401b703947010b3?s=96&d=monsterid&r=g1bf283f4b400adaebc79de5a891c6b20\",\"url\":\"https:\\\/\\\/secure.gravatar.com\\\/avatar\\\/37e16dbd00976eec8a6ce30eadedf4377f2cf2504eadbf5ef401b703947010b3?s=96&d=monsterid&r=g\",\"contentUrl\":\"https:\\\/\\\/secure.gravatar.com\\\/avatar\\\/37e16dbd00976eec8a6ce30eadedf4377f2cf2504eadbf5ef401b703947010b3?s=96&d=monsterid&r=g\",\"caption\":\"Cristina Sb\u00eern\"},\"description\":\"Reporter\",\"url\":\"https:\\\/\\\/buletin.de\\\/bucuresti\\\/author\\\/cristinasbirn\\\/\"}]}<\/script>\n<!-- \/ Yoast SEO Premium plugin. -->","yoast_head_json":{"title":"UPDATE Testul ministrului S\u0103n\u0103t\u0103\u021bii, Nelu T\u0103taru, pentru COVID-19 este negativ. Un director din minister este infectat cu noul coronavirus - Buletin de Bucure\u0219ti","robots":{"index":"index","follow":"follow","max-snippet":"max-snippet:-1","max-image-preview":"max-image-preview:large","max-video-preview":"max-video-preview:-1"},"canonical":"https:\/\/buletin.de\/bucuresti\/ministrul-sanatatii-nelu-tataru-testat-pentru-covid-19-un-director-din-minister-este-infectat-cu-noul-coronavirus\/","og_locale":"en_GB","og_type":"article","og_title":"UPDATE Testul ministrului S\u0103n\u0103t\u0103\u021bii, Nelu T\u0103taru, pentru COVID-19 este negativ. Un director din minister este infectat cu noul coronavirus","og_description":"UPDATE 13:50 Ministerul S\u0103n\u0103t\u0103\u021bii a revenit cu preciz\u0103ri suplimentare. Testul f\u0103cut ministrului S\u0103n\u0103t\u0103\u021bii, Nelu T\u0103taru, este negativ. \u0218eful corpului de control al MS este \u00een prezent asimptomatic \u0219i se afl\u0103 internat din noaptea trecut\u0103 la Spitalul de Boli Infec\u021bioase Constan\u021ba. \u0218tirea ini\u021bial\u0103 Ministrului S\u0103n\u0103t\u0103\u021bii, Nelu T\u0103taru, i-au fost probe pentru un nou test COVID-19, anun\u021b\u0103 [&hellip;]","og_url":"https:\/\/buletin.de\/bucuresti\/ministrul-sanatatii-nelu-tataru-testat-pentru-covid-19-un-director-din-minister-este-infectat-cu-noul-coronavirus\/","og_site_name":"Buletin de Bucure\u0219ti","article_publisher":"https:\/\/www.facebook.com\/buletin.de.buc","article_published_time":"2020-04-04T10:26:28+00:00","article_modified_time":"2020-04-04T10:53:29+00:00","og_image":[{"width":2560,"height":1706,"url":"https:\/\/buletin.de\/bucuresti\/wp-content\/uploads\/ID133016_INQUAM_Photos_Octav_Ganea-scaled.jpg","type":"image\/jpeg"}],"author":"Cristina Sb\u00eern","twitter_card":"summary_large_image","twitter_misc":{"Written by":"Cristina Sb\u00eern","Estimated reading time":"1 minute"},"schema":{"@context":"https:\/\/schema.org","@graph":[{"@type":"Article","@id":"https:\/\/buletin.de\/bucuresti\/ministrul-sanatatii-nelu-tataru-testat-pentru-covid-19-un-director-din-minister-este-infectat-cu-noul-coronavirus\/#article","isPartOf":{"@id":"https:\/\/buletin.de\/bucuresti\/ministrul-sanatatii-nelu-tataru-testat-pentru-covid-19-un-director-din-minister-este-infectat-cu-noul-coronavirus\/"},"author":{"name":"Cristina Sb\u00eern","@id":"https:\/\/buletin.de\/bucuresti\/#\/schema\/person\/491b46d206898645bf48e42ec8d16a4e"},"headline":"UPDATE Testul ministrului S\u0103n\u0103t\u0103\u021bii, Nelu T\u0103taru, pentru COVID-19 este negativ. Un director din minister este infectat cu noul coronavirus","datePublished":"2020-04-04T10:26:28+00:00","dateModified":"2020-04-04T10:53:29+00:00","mainEntityOfPage":{"@id":"https:\/\/buletin.de\/bucuresti\/ministrul-sanatatii-nelu-tataru-testat-pentru-covid-19-un-director-din-minister-este-infectat-cu-noul-coronavirus\/"},"wordCount":172,"publisher":{"@id":"https:\/\/buletin.de\/bucuresti\/#organization"},"image":{"@id":"https:\/\/buletin.de\/bucuresti\/ministrul-sanatatii-nelu-tataru-testat-pentru-covid-19-un-director-din-minister-este-infectat-cu-noul-coronavirus\/#primaryimage"},"thumbnailUrl":"https:\/\/buletin.de\/bucuresti\/wp-content\/uploads\/ID133016_INQUAM_Photos_Octav_Ganea-scaled.jpg","keywords":["coronavirus","covid19","director din ministerul sanatatii depistat cu covid 19","epidemie","ministrul sanatatii","nelu tataru"],"articleSection":["\u0218tiri"],"inLanguage":"en-GB","copyrightYear":"2020","copyrightHolder":{"@id":"https:\/\/buletin.de\/bucuresti\/#organization"}},{"@type":"WebPage","@id":"https:\/\/buletin.de\/bucuresti\/ministrul-sanatatii-nelu-tataru-testat-pentru-covid-19-un-director-din-minister-este-infectat-cu-noul-coronavirus\/","url":"https:\/\/buletin.de\/bucuresti\/ministrul-sanatatii-nelu-tataru-testat-pentru-covid-19-un-director-din-minister-este-infectat-cu-noul-coronavirus\/","name":"UPDATE Testul ministrului S\u0103n\u0103t\u0103\u021bii, Nelu T\u0103taru, pentru COVID-19 este negativ. Un director din minister este infectat cu noul coronavirus - Buletin de Bucure\u0219ti","isPartOf":{"@id":"https:\/\/buletin.de\/bucuresti\/#website"},"primaryImageOfPage":{"@id":"https:\/\/buletin.de\/bucuresti\/ministrul-sanatatii-nelu-tataru-testat-pentru-covid-19-un-director-din-minister-este-infectat-cu-noul-coronavirus\/#primaryimage"},"image":{"@id":"https:\/\/buletin.de\/bucuresti\/ministrul-sanatatii-nelu-tataru-testat-pentru-covid-19-un-director-din-minister-este-infectat-cu-noul-coronavirus\/#primaryimage"},"thumbnailUrl":"https:\/\/buletin.de\/bucuresti\/wp-content\/uploads\/ID133016_INQUAM_Photos_Octav_Ganea-scaled.jpg","datePublished":"2020-04-04T10:26:28+00:00","dateModified":"2020-04-04T10:53:29+00:00","breadcrumb":{"@id":"https:\/\/buletin.de\/bucuresti\/ministrul-sanatatii-nelu-tataru-testat-pentru-covid-19-un-director-din-minister-este-infectat-cu-noul-coronavirus\/#breadcrumb"},"inLanguage":"en-GB","potentialAction":[{"@type":"ReadAction","target":["https:\/\/buletin.de\/bucuresti\/ministrul-sanatatii-nelu-tataru-testat-pentru-covid-19-un-director-din-minister-este-infectat-cu-noul-coronavirus\/"]}]},{"@type":"ImageObject","inLanguage":"en-GB","@id":"https:\/\/buletin.de\/bucuresti\/ministrul-sanatatii-nelu-tataru-testat-pentru-covid-19-un-director-din-minister-este-infectat-cu-noul-coronavirus\/#primaryimage","url":"https:\/\/buletin.de\/bucuresti\/wp-content\/uploads\/ID133016_INQUAM_Photos_Octav_Ganea-scaled.jpg","contentUrl":"https:\/\/buletin.de\/bucuresti\/wp-content\/uploads\/ID133016_INQUAM_Photos_Octav_Ganea-scaled.jpg","width":2560,"height":1706},{"@type":"BreadcrumbList","@id":"https:\/\/buletin.de\/bucuresti\/ministrul-sanatatii-nelu-tataru-testat-pentru-covid-19-un-director-din-minister-este-infectat-cu-noul-coronavirus\/#breadcrumb","itemListElement":[{"@type":"ListItem","position":1,"name":"Acas\u0103","item":"https:\/\/buletin.de\/bucuresti\/"},{"@type":"ListItem","position":2,"name":"UPDATE Testul ministrului S\u0103n\u0103t\u0103\u021bii, Nelu T\u0103taru, pentru COVID-19 este negativ. Un director din minister este infectat cu noul coronavirus"}]},{"@type":"WebSite","@id":"https:\/\/buletin.de\/bucuresti\/#website","url":"https:\/\/buletin.de\/bucuresti\/","name":"Buletin de Bucure\u0219ti","description":"\u0218tiri \u0219i investiga\u021bii esen\u021biale din capital\u0103","publisher":{"@id":"https:\/\/buletin.de\/bucuresti\/#organization"},"potentialAction":[{"@type":"SearchAction","target":{"@type":"EntryPoint","urlTemplate":"https:\/\/buletin.de\/bucuresti\/?s={search_term_string}"},"query-input":{"@type":"PropertyValueSpecification","valueRequired":true,"valueName":"search_term_string"}}],"inLanguage":"en-GB"},{"@type":"Organization","@id":"https:\/\/buletin.de\/bucuresti\/#organization","name":"Buletin de Bucure\u0219ti","url":"https:\/\/buletin.de\/bucuresti\/","logo":{"@type":"ImageObject","inLanguage":"en-GB","@id":"https:\/\/buletin.de\/bucuresti\/#\/schema\/logo\/image\/","url":"https:\/\/buletin.de\/bucuresti\/wp-content\/uploads\/logo-bdb-full-wide-vernil-transparent.png","contentUrl":"https:\/\/buletin.de\/bucuresti\/wp-content\/uploads\/logo-bdb-full-wide-vernil-transparent.png","width":1782,"height":626,"caption":"Buletin de Bucure\u0219ti"},"image":{"@id":"https:\/\/buletin.de\/bucuresti\/#\/schema\/logo\/image\/"},"sameAs":["https:\/\/www.facebook.com\/buletin.de.buc","https:\/\/www.instagram.com\/buletinde.bucuresti\/"]},{"@type":"Person","@id":"https:\/\/buletin.de\/bucuresti\/#\/schema\/person\/491b46d206898645bf48e42ec8d16a4e","name":"Cristina Sb\u00eern","image":{"@type":"ImageObject","inLanguage":"en-GB","@id":"https:\/\/secure.gravatar.com\/avatar\/37e16dbd00976eec8a6ce30eadedf4377f2cf2504eadbf5ef401b703947010b3?s=96&d=monsterid&r=g1bf283f4b400adaebc79de5a891c6b20","url":"https:\/\/secure.gravatar.com\/avatar\/37e16dbd00976eec8a6ce30eadedf4377f2cf2504eadbf5ef401b703947010b3?s=96&d=monsterid&r=g","contentUrl":"https:\/\/secure.gravatar.com\/avatar\/37e16dbd00976eec8a6ce30eadedf4377f2cf2504eadbf5ef401b703947010b3?s=96&d=monsterid&r=g","caption":"Cristina Sb\u00eern"},"description":"Reporter","url":"https:\/\/buletin.de\/bucuresti\/author\/cristinasbirn\/"}]}},"authors":[{"term_id":22590,"user_id":11,"is_guest":0,"slug":"cristinasbirn","display_name":"Cristina Sb\u00eern","avatar_url":"https:\/\/secure.gravatar.com\/avatar\/37e16dbd00976eec8a6ce30eadedf4377f2cf2504eadbf5ef401b703947010b3?s=96&d=monsterid&r=g","0":null,"1":"","2":"","3":"","4":"","5":"","6":"","7":"","8":""}],"_links":{"self":[{"href":"https:\/\/buletin.de\/bucuresti\/wp-json\/wp\/v2\/posts\/5414","targetHints":{"allow":["GET"]}}],"collection":[{"href":"https:\/\/buletin.de\/bucuresti\/wp-json\/wp\/v2\/posts"}],"about":[{"href":"https:\/\/buletin.de\/bucuresti\/wp-json\/wp\/v2\/types\/post"}],"author":[{"embeddable":true,"href":"https:\/\/buletin.de\/bucuresti\/wp-json\/wp\/v2\/users\/11"}],"replies":[{"embeddable":true,"href":"https:\/\/buletin.de\/bucuresti\/wp-json\/wp\/v2\/comments?post=5414"}],"version-history":[{"count":4,"href":"https:\/\/buletin.de\/bucuresti\/wp-json\/wp\/v2\/posts\/5414\/revisions"}],"predecessor-version":[{"id":5420,"href":"https:\/\/buletin.de\/bucuresti\/wp-json\/wp\/v2\/posts\/5414\/revisions\/5420"}],"wp:featuredmedia":[{"embeddable":true,"href":"https:\/\/buletin.de\/bucuresti\/wp-json\/wp\/v2\/media\/5416"}],"wp:attachment":[{"href":"https:\/\/buletin.de\/bucuresti\/wp-json\/wp\/v2\/media?parent=5414"}],"wp:term":[{"taxonomy":"category","embeddable":true,"href":"https:\/\/buletin.de\/bucuresti\/wp-json\/wp\/v2\/categories?post=5414"},{"taxonomy":"post_tag","embeddable":true,"href":"https:\/\/buletin.de\/bucuresti\/wp-json\/wp\/v2\/tags?post=5414"},{"taxonomy":"author","embeddable":true,"href":"https:\/\/buletin.de\/bucuresti\/wp-json\/wp\/v2\/ppma_author?post=5414"}],"curies":[{"name":"wp","href":"https:\/\/api.w.org\/{rel}","templated":true}]}}