{"id":5402,"date":"2020-04-03T19:17:39","date_gmt":"2020-04-03T16:17:39","guid":{"rendered":"https:\/\/buletin.de\/bucuresti\/?p=5402"},"modified":"2020-04-03T19:17:40","modified_gmt":"2020-04-03T16:17:40","slug":"gabriela-firea-ar-putea-ramane-la-primarie-pana-in-septembrie-alegerile-locale-vor-fi-cel-mai-probabil-amanate","status":"publish","type":"post","link":"https:\/\/buletin.de\/bucuresti\/gabriela-firea-ar-putea-ramane-la-primarie-pana-in-septembrie-alegerile-locale-vor-fi-cel-mai-probabil-amanate\/","title":{"rendered":"Gabriela Firea ar putea r\u0103m\u00e2ne la Prim\u0103rie p\u00e2n\u0103 \u00een septembrie. Alegerile locale vor fi cel mai probabil am\u00e2nate"},"content":{"rendered":"\n<p>Este foarte posibil ca alegerile locale s\u0103 aib\u0103 loc \u00een septembrie, potrivit\nunei declara\u021bii f\u0103cut\u0103 pentru Agerpres de premierul Ludovic Orban. Acesta a\ndeclarat c\u0103 \u00een contextul epidemiei de coronavirus este clar c\u0103 oamenii nu pot\nfi chema\u021bi la urne pe 28 iunie. <\/p>\n\n\n\n<p>Am\u00e2narea datei alegerilor locale \u00eenseamn\u0103 prelungirea mandatelor ale\u0219ilor locali: primari, consilieri locali, pre\u0219edin\u021bi de consilii jude\u021bene \u0219i consilieri jude\u021beni. <\/p>\n\n\n\n<p>Cu alte cuvinte \u0219i mandatul Gabrielei Firea la Prim\u0103ria Capitalei va fi prelungit, precum \u0219i cele ale primarilor de sector. <br> <br>&#8220;Preg\u0103tim un act normativ pentru prelungirea mandatului ale\u015filor locali care exercit\u0103 mandatul \u00een urma alegerilor din 2016 p\u00e2n\u0103 la data viitoarelor alegeri locale. Data urmeaz\u0103 s\u0103 fie stabilit\u0103 de Guvern, dar, din punctul meu de vedere, ast\u0103zi, este clar c\u0103 alegerile locale nu pot fi organizate \u00een condi\u0163ii normale \u00een data de 28 (n.r. &#8211; iunie) \u015fi va fi necesar\u0103 am\u00e2narea acestor alegeri. (&#8230;) Sper\u0103m s\u0103 treac\u0103 c\u00e2t mai repede epidemia. Dup\u0103 trecerea epidemiei, c\u00e2nd o s\u0103 existe un interval de timp \u00een care s\u0103 revenim la normal, s\u0103 se poat\u0103 desf\u0103\u015fura o campanie fireasc\u0103 \u00een care candida\u0163ii s\u0103 poat\u0103 interac\u0163iona cu aleg\u0103torii, aleg\u0103torii s\u0103 cunoasc\u0103 bine candida\u0163ii, vom decide organizarea acestor alegeri&#8221;, a declarat premierul Ludovic Orban, potrivit Agerpres. <\/p>\n","protected":false},"excerpt":{"rendered":"<p>Este foarte posibil ca alegerile locale s\u0103 aib\u0103 loc \u00een septembrie, potrivit unei declara\u021bii f\u0103cut\u0103 pentru Agerpres de premierul Ludovic Orban. Acesta a declarat c\u0103 \u00een contextul epidemiei de coronavirus este clar c\u0103 oamenii nu pot fi chema\u021bi la urne pe 28 iunie. Am\u00e2narea datei alegerilor locale \u00eenseamn\u0103 prelungirea mandatelor ale\u0219ilor locali: primari, consilieri locali, [&hellip;]<\/p>\n","protected":false},"author":11,"featured_media":1037,"comment_status":"closed","ping_status":"open","sticky":false,"template":"","format":"standard","meta":{"_acf_changed":false,"inline_featured_image":false,"ngg_post_thumbnail":0,"footnotes":""},"categories":[62],"tags":[781,782,529,643,536,36,682,783],"ppma_author":[22590],"class_list":["post-5402","post","type-post","status-publish","format-standard","has-post-thumbnail","hentry","category-stiri","tag-alegeri-locale","tag-amanare-alegeri","tag-coronavirus","tag-covid19","tag-epidemie","tag-gabriela-firea","tag-ludovic-orban","tag-prelungire-mandat-primar"],"acf":[],"yoast_head":"<!-- This site is optimized with the Yoast SEO Premium plugin v25.3 (Yoast SEO v27.4) - https:\/\/yoast.com\/product\/yoast-seo-premium-wordpress\/ -->\n<title>Gabriela Firea ar putea r\u0103m\u00e2ne la Prim\u0103rie p\u00e2n\u0103 \u00een septembrie. Alegerile locale vor fi cel mai probabil am\u00e2nate - Buletin de Bucure\u0219ti<\/title>\n<meta name=\"robots\" content=\"index, follow, max-snippet:-1, max-image-preview:large, max-video-preview:-1\" \/>\n<link rel=\"canonical\" href=\"https:\/\/buletin.de\/bucuresti\/gabriela-firea-ar-putea-ramane-la-primarie-pana-in-septembrie-alegerile-locale-vor-fi-cel-mai-probabil-amanate\/\" \/>\n<meta property=\"og:locale\" content=\"en_GB\" \/>\n<meta property=\"og:type\" content=\"article\" \/>\n<meta property=\"og:title\" content=\"Gabriela Firea ar putea r\u0103m\u00e2ne la Prim\u0103rie p\u00e2n\u0103 \u00een septembrie. Alegerile locale vor fi cel mai probabil am\u00e2nate\" \/>\n<meta property=\"og:description\" content=\"Este foarte posibil ca alegerile locale s\u0103 aib\u0103 loc \u00een septembrie, potrivit unei declara\u021bii f\u0103cut\u0103 pentru Agerpres de premierul Ludovic Orban. Acesta a declarat c\u0103 \u00een contextul epidemiei de coronavirus este clar c\u0103 oamenii nu pot fi chema\u021bi la urne pe 28 iunie. Am\u00e2narea datei alegerilor locale \u00eenseamn\u0103 prelungirea mandatelor ale\u0219ilor locali: primari, consilieri locali, [&hellip;]\" \/>\n<meta property=\"og:url\" content=\"https:\/\/buletin.de\/bucuresti\/gabriela-firea-ar-putea-ramane-la-primarie-pana-in-septembrie-alegerile-locale-vor-fi-cel-mai-probabil-amanate\/\" \/>\n<meta property=\"og:site_name\" content=\"Buletin de Bucure\u0219ti\" \/>\n<meta property=\"article:publisher\" content=\"https:\/\/www.facebook.com\/buletin.de.buc\" \/>\n<meta property=\"article:published_time\" content=\"2020-04-03T16:17:39+00:00\" \/>\n<meta property=\"article:modified_time\" content=\"2020-04-03T16:17:40+00:00\" \/>\n<meta property=\"og:image\" content=\"https:\/\/buletin.de\/bucuresti\/wp-content\/uploads\/gabriela-firea-fb.jpg\" \/>\n\t<meta property=\"og:image:width\" content=\"959\" \/>\n\t<meta property=\"og:image:height\" content=\"889\" \/>\n\t<meta property=\"og:image:type\" content=\"image\/jpeg\" \/>\n<meta name=\"author\" content=\"Cristina Sb\u00eern\" \/>\n<meta name=\"twitter:card\" content=\"summary_large_image\" \/>\n<meta name=\"twitter:label1\" content=\"Written by\" \/>\n\t<meta name=\"twitter:data1\" content=\"Cristina Sb\u00eern\" \/>\n\t<meta name=\"twitter:label2\" content=\"Estimated reading time\" \/>\n\t<meta name=\"twitter:data2\" content=\"1 minute\" \/>\n<script type=\"application\/ld+json\" class=\"yoast-schema-graph\">{\"@context\":\"https:\\\/\\\/schema.org\",\"@graph\":[{\"@type\":\"Article\",\"@id\":\"https:\\\/\\\/buletin.de\\\/bucuresti\\\/gabriela-firea-ar-putea-ramane-la-primarie-pana-in-septembrie-alegerile-locale-vor-fi-cel-mai-probabil-amanate\\\/#article\",\"isPartOf\":{\"@id\":\"https:\\\/\\\/buletin.de\\\/bucuresti\\\/gabriela-firea-ar-putea-ramane-la-primarie-pana-in-septembrie-alegerile-locale-vor-fi-cel-mai-probabil-amanate\\\/\"},\"author\":{\"name\":\"Cristina Sb\u00eern\",\"@id\":\"https:\\\/\\\/buletin.de\\\/bucuresti\\\/#\\\/schema\\\/person\\\/491b46d206898645bf48e42ec8d16a4e\"},\"headline\":\"Gabriela Firea ar putea r\u0103m\u00e2ne la Prim\u0103rie p\u00e2n\u0103 \u00een septembrie. Alegerile locale vor fi cel mai probabil am\u00e2nate\",\"datePublished\":\"2020-04-03T16:17:39+00:00\",\"dateModified\":\"2020-04-03T16:17:40+00:00\",\"mainEntityOfPage\":{\"@id\":\"https:\\\/\\\/buletin.de\\\/bucuresti\\\/gabriela-firea-ar-putea-ramane-la-primarie-pana-in-septembrie-alegerile-locale-vor-fi-cel-mai-probabil-amanate\\\/\"},\"wordCount\":247,\"publisher\":{\"@id\":\"https:\\\/\\\/buletin.de\\\/bucuresti\\\/#organization\"},\"image\":{\"@id\":\"https:\\\/\\\/buletin.de\\\/bucuresti\\\/gabriela-firea-ar-putea-ramane-la-primarie-pana-in-septembrie-alegerile-locale-vor-fi-cel-mai-probabil-amanate\\\/#primaryimage\"},\"thumbnailUrl\":\"https:\\\/\\\/buletin.de\\\/bucuresti\\\/wp-content\\\/uploads\\\/gabriela-firea-fb.jpg\",\"keywords\":[\"alegeri locale\",\"amanare alegeri\",\"coronavirus\",\"covid19\",\"epidemie\",\"gabriela firea\",\"ludovic orban\",\"prelungire mandat primar\"],\"articleSection\":[\"\u0218tiri\"],\"inLanguage\":\"en-GB\",\"copyrightYear\":\"2020\",\"copyrightHolder\":{\"@id\":\"https:\\\/\\\/buletin.de\\\/bucuresti\\\/#organization\"}},{\"@type\":\"WebPage\",\"@id\":\"https:\\\/\\\/buletin.de\\\/bucuresti\\\/gabriela-firea-ar-putea-ramane-la-primarie-pana-in-septembrie-alegerile-locale-vor-fi-cel-mai-probabil-amanate\\\/\",\"url\":\"https:\\\/\\\/buletin.de\\\/bucuresti\\\/gabriela-firea-ar-putea-ramane-la-primarie-pana-in-septembrie-alegerile-locale-vor-fi-cel-mai-probabil-amanate\\\/\",\"name\":\"Gabriela Firea ar putea r\u0103m\u00e2ne la Prim\u0103rie p\u00e2n\u0103 \u00een septembrie. Alegerile locale vor fi cel mai probabil am\u00e2nate - Buletin de Bucure\u0219ti\",\"isPartOf\":{\"@id\":\"https:\\\/\\\/buletin.de\\\/bucuresti\\\/#website\"},\"primaryImageOfPage\":{\"@id\":\"https:\\\/\\\/buletin.de\\\/bucuresti\\\/gabriela-firea-ar-putea-ramane-la-primarie-pana-in-septembrie-alegerile-locale-vor-fi-cel-mai-probabil-amanate\\\/#primaryimage\"},\"image\":{\"@id\":\"https:\\\/\\\/buletin.de\\\/bucuresti\\\/gabriela-firea-ar-putea-ramane-la-primarie-pana-in-septembrie-alegerile-locale-vor-fi-cel-mai-probabil-amanate\\\/#primaryimage\"},\"thumbnailUrl\":\"https:\\\/\\\/buletin.de\\\/bucuresti\\\/wp-content\\\/uploads\\\/gabriela-firea-fb.jpg\",\"datePublished\":\"2020-04-03T16:17:39+00:00\",\"dateModified\":\"2020-04-03T16:17:40+00:00\",\"breadcrumb\":{\"@id\":\"https:\\\/\\\/buletin.de\\\/bucuresti\\\/gabriela-firea-ar-putea-ramane-la-primarie-pana-in-septembrie-alegerile-locale-vor-fi-cel-mai-probabil-amanate\\\/#breadcrumb\"},\"inLanguage\":\"en-GB\",\"potentialAction\":[{\"@type\":\"ReadAction\",\"target\":[\"https:\\\/\\\/buletin.de\\\/bucuresti\\\/gabriela-firea-ar-putea-ramane-la-primarie-pana-in-septembrie-alegerile-locale-vor-fi-cel-mai-probabil-amanate\\\/\"]}]},{\"@type\":\"ImageObject\",\"inLanguage\":\"en-GB\",\"@id\":\"https:\\\/\\\/buletin.de\\\/bucuresti\\\/gabriela-firea-ar-putea-ramane-la-primarie-pana-in-septembrie-alegerile-locale-vor-fi-cel-mai-probabil-amanate\\\/#primaryimage\",\"url\":\"https:\\\/\\\/buletin.de\\\/bucuresti\\\/wp-content\\\/uploads\\\/gabriela-firea-fb.jpg\",\"contentUrl\":\"https:\\\/\\\/buletin.de\\\/bucuresti\\\/wp-content\\\/uploads\\\/gabriela-firea-fb.jpg\",\"width\":959,\"height\":889,\"caption\":\"Foto: facebook.com\\\/Gabriela Firea\"},{\"@type\":\"BreadcrumbList\",\"@id\":\"https:\\\/\\\/buletin.de\\\/bucuresti\\\/gabriela-firea-ar-putea-ramane-la-primarie-pana-in-septembrie-alegerile-locale-vor-fi-cel-mai-probabil-amanate\\\/#breadcrumb\",\"itemListElement\":[{\"@type\":\"ListItem\",\"position\":1,\"name\":\"Acas\u0103\",\"item\":\"https:\\\/\\\/buletin.de\\\/bucuresti\\\/\"},{\"@type\":\"ListItem\",\"position\":2,\"name\":\"Gabriela Firea ar putea r\u0103m\u00e2ne la Prim\u0103rie p\u00e2n\u0103 \u00een septembrie. Alegerile locale vor fi cel mai probabil am\u00e2nate\"}]},{\"@type\":\"WebSite\",\"@id\":\"https:\\\/\\\/buletin.de\\\/bucuresti\\\/#website\",\"url\":\"https:\\\/\\\/buletin.de\\\/bucuresti\\\/\",\"name\":\"Buletin de Bucure\u0219ti\",\"description\":\"\u0218tiri \u0219i investiga\u021bii esen\u021biale din capital\u0103\",\"publisher\":{\"@id\":\"https:\\\/\\\/buletin.de\\\/bucuresti\\\/#organization\"},\"potentialAction\":[{\"@type\":\"SearchAction\",\"target\":{\"@type\":\"EntryPoint\",\"urlTemplate\":\"https:\\\/\\\/buletin.de\\\/bucuresti\\\/?s={search_term_string}\"},\"query-input\":{\"@type\":\"PropertyValueSpecification\",\"valueRequired\":true,\"valueName\":\"search_term_string\"}}],\"inLanguage\":\"en-GB\"},{\"@type\":\"Organization\",\"@id\":\"https:\\\/\\\/buletin.de\\\/bucuresti\\\/#organization\",\"name\":\"Buletin de Bucure\u0219ti\",\"url\":\"https:\\\/\\\/buletin.de\\\/bucuresti\\\/\",\"logo\":{\"@type\":\"ImageObject\",\"inLanguage\":\"en-GB\",\"@id\":\"https:\\\/\\\/buletin.de\\\/bucuresti\\\/#\\\/schema\\\/logo\\\/image\\\/\",\"url\":\"https:\\\/\\\/buletin.de\\\/bucuresti\\\/wp-content\\\/uploads\\\/logo-bdb-full-wide-vernil-transparent.png\",\"contentUrl\":\"https:\\\/\\\/buletin.de\\\/bucuresti\\\/wp-content\\\/uploads\\\/logo-bdb-full-wide-vernil-transparent.png\",\"width\":1782,\"height\":626,\"caption\":\"Buletin de Bucure\u0219ti\"},\"image\":{\"@id\":\"https:\\\/\\\/buletin.de\\\/bucuresti\\\/#\\\/schema\\\/logo\\\/image\\\/\"},\"sameAs\":[\"https:\\\/\\\/www.facebook.com\\\/buletin.de.buc\",\"https:\\\/\\\/www.instagram.com\\\/buletinde.bucuresti\\\/\"]},{\"@type\":\"Person\",\"@id\":\"https:\\\/\\\/buletin.de\\\/bucuresti\\\/#\\\/schema\\\/person\\\/491b46d206898645bf48e42ec8d16a4e\",\"name\":\"Cristina Sb\u00eern\",\"image\":{\"@type\":\"ImageObject\",\"inLanguage\":\"en-GB\",\"@id\":\"https:\\\/\\\/secure.gravatar.com\\\/avatar\\\/37e16dbd00976eec8a6ce30eadedf4377f2cf2504eadbf5ef401b703947010b3?s=96&d=monsterid&r=g1bf283f4b400adaebc79de5a891c6b20\",\"url\":\"https:\\\/\\\/secure.gravatar.com\\\/avatar\\\/37e16dbd00976eec8a6ce30eadedf4377f2cf2504eadbf5ef401b703947010b3?s=96&d=monsterid&r=g\",\"contentUrl\":\"https:\\\/\\\/secure.gravatar.com\\\/avatar\\\/37e16dbd00976eec8a6ce30eadedf4377f2cf2504eadbf5ef401b703947010b3?s=96&d=monsterid&r=g\",\"caption\":\"Cristina Sb\u00eern\"},\"description\":\"Reporter\",\"url\":\"https:\\\/\\\/buletin.de\\\/bucuresti\\\/author\\\/cristinasbirn\\\/\"}]}<\/script>\n<!-- \/ Yoast SEO Premium plugin. -->","yoast_head_json":{"title":"Gabriela Firea ar putea r\u0103m\u00e2ne la Prim\u0103rie p\u00e2n\u0103 \u00een septembrie. Alegerile locale vor fi cel mai probabil am\u00e2nate - Buletin de Bucure\u0219ti","robots":{"index":"index","follow":"follow","max-snippet":"max-snippet:-1","max-image-preview":"max-image-preview:large","max-video-preview":"max-video-preview:-1"},"canonical":"https:\/\/buletin.de\/bucuresti\/gabriela-firea-ar-putea-ramane-la-primarie-pana-in-septembrie-alegerile-locale-vor-fi-cel-mai-probabil-amanate\/","og_locale":"en_GB","og_type":"article","og_title":"Gabriela Firea ar putea r\u0103m\u00e2ne la Prim\u0103rie p\u00e2n\u0103 \u00een septembrie. Alegerile locale vor fi cel mai probabil am\u00e2nate","og_description":"Este foarte posibil ca alegerile locale s\u0103 aib\u0103 loc \u00een septembrie, potrivit unei declara\u021bii f\u0103cut\u0103 pentru Agerpres de premierul Ludovic Orban. Acesta a declarat c\u0103 \u00een contextul epidemiei de coronavirus este clar c\u0103 oamenii nu pot fi chema\u021bi la urne pe 28 iunie. Am\u00e2narea datei alegerilor locale \u00eenseamn\u0103 prelungirea mandatelor ale\u0219ilor locali: primari, consilieri locali, [&hellip;]","og_url":"https:\/\/buletin.de\/bucuresti\/gabriela-firea-ar-putea-ramane-la-primarie-pana-in-septembrie-alegerile-locale-vor-fi-cel-mai-probabil-amanate\/","og_site_name":"Buletin de Bucure\u0219ti","article_publisher":"https:\/\/www.facebook.com\/buletin.de.buc","article_published_time":"2020-04-03T16:17:39+00:00","article_modified_time":"2020-04-03T16:17:40+00:00","og_image":[{"width":959,"height":889,"url":"https:\/\/buletin.de\/bucuresti\/wp-content\/uploads\/gabriela-firea-fb.jpg","type":"image\/jpeg"}],"author":"Cristina Sb\u00eern","twitter_card":"summary_large_image","twitter_misc":{"Written by":"Cristina Sb\u00eern","Estimated reading time":"1 minute"},"schema":{"@context":"https:\/\/schema.org","@graph":[{"@type":"Article","@id":"https:\/\/buletin.de\/bucuresti\/gabriela-firea-ar-putea-ramane-la-primarie-pana-in-septembrie-alegerile-locale-vor-fi-cel-mai-probabil-amanate\/#article","isPartOf":{"@id":"https:\/\/buletin.de\/bucuresti\/gabriela-firea-ar-putea-ramane-la-primarie-pana-in-septembrie-alegerile-locale-vor-fi-cel-mai-probabil-amanate\/"},"author":{"name":"Cristina Sb\u00eern","@id":"https:\/\/buletin.de\/bucuresti\/#\/schema\/person\/491b46d206898645bf48e42ec8d16a4e"},"headline":"Gabriela Firea ar putea r\u0103m\u00e2ne la Prim\u0103rie p\u00e2n\u0103 \u00een septembrie. Alegerile locale vor fi cel mai probabil am\u00e2nate","datePublished":"2020-04-03T16:17:39+00:00","dateModified":"2020-04-03T16:17:40+00:00","mainEntityOfPage":{"@id":"https:\/\/buletin.de\/bucuresti\/gabriela-firea-ar-putea-ramane-la-primarie-pana-in-septembrie-alegerile-locale-vor-fi-cel-mai-probabil-amanate\/"},"wordCount":247,"publisher":{"@id":"https:\/\/buletin.de\/bucuresti\/#organization"},"image":{"@id":"https:\/\/buletin.de\/bucuresti\/gabriela-firea-ar-putea-ramane-la-primarie-pana-in-septembrie-alegerile-locale-vor-fi-cel-mai-probabil-amanate\/#primaryimage"},"thumbnailUrl":"https:\/\/buletin.de\/bucuresti\/wp-content\/uploads\/gabriela-firea-fb.jpg","keywords":["alegeri locale","amanare alegeri","coronavirus","covid19","epidemie","gabriela firea","ludovic orban","prelungire mandat primar"],"articleSection":["\u0218tiri"],"inLanguage":"en-GB","copyrightYear":"2020","copyrightHolder":{"@id":"https:\/\/buletin.de\/bucuresti\/#organization"}},{"@type":"WebPage","@id":"https:\/\/buletin.de\/bucuresti\/gabriela-firea-ar-putea-ramane-la-primarie-pana-in-septembrie-alegerile-locale-vor-fi-cel-mai-probabil-amanate\/","url":"https:\/\/buletin.de\/bucuresti\/gabriela-firea-ar-putea-ramane-la-primarie-pana-in-septembrie-alegerile-locale-vor-fi-cel-mai-probabil-amanate\/","name":"Gabriela Firea ar putea r\u0103m\u00e2ne la Prim\u0103rie p\u00e2n\u0103 \u00een septembrie. Alegerile locale vor fi cel mai probabil am\u00e2nate - Buletin de Bucure\u0219ti","isPartOf":{"@id":"https:\/\/buletin.de\/bucuresti\/#website"},"primaryImageOfPage":{"@id":"https:\/\/buletin.de\/bucuresti\/gabriela-firea-ar-putea-ramane-la-primarie-pana-in-septembrie-alegerile-locale-vor-fi-cel-mai-probabil-amanate\/#primaryimage"},"image":{"@id":"https:\/\/buletin.de\/bucuresti\/gabriela-firea-ar-putea-ramane-la-primarie-pana-in-septembrie-alegerile-locale-vor-fi-cel-mai-probabil-amanate\/#primaryimage"},"thumbnailUrl":"https:\/\/buletin.de\/bucuresti\/wp-content\/uploads\/gabriela-firea-fb.jpg","datePublished":"2020-04-03T16:17:39+00:00","dateModified":"2020-04-03T16:17:40+00:00","breadcrumb":{"@id":"https:\/\/buletin.de\/bucuresti\/gabriela-firea-ar-putea-ramane-la-primarie-pana-in-septembrie-alegerile-locale-vor-fi-cel-mai-probabil-amanate\/#breadcrumb"},"inLanguage":"en-GB","potentialAction":[{"@type":"ReadAction","target":["https:\/\/buletin.de\/bucuresti\/gabriela-firea-ar-putea-ramane-la-primarie-pana-in-septembrie-alegerile-locale-vor-fi-cel-mai-probabil-amanate\/"]}]},{"@type":"ImageObject","inLanguage":"en-GB","@id":"https:\/\/buletin.de\/bucuresti\/gabriela-firea-ar-putea-ramane-la-primarie-pana-in-septembrie-alegerile-locale-vor-fi-cel-mai-probabil-amanate\/#primaryimage","url":"https:\/\/buletin.de\/bucuresti\/wp-content\/uploads\/gabriela-firea-fb.jpg","contentUrl":"https:\/\/buletin.de\/bucuresti\/wp-content\/uploads\/gabriela-firea-fb.jpg","width":959,"height":889,"caption":"Foto: facebook.com\/Gabriela Firea"},{"@type":"BreadcrumbList","@id":"https:\/\/buletin.de\/bucuresti\/gabriela-firea-ar-putea-ramane-la-primarie-pana-in-septembrie-alegerile-locale-vor-fi-cel-mai-probabil-amanate\/#breadcrumb","itemListElement":[{"@type":"ListItem","position":1,"name":"Acas\u0103","item":"https:\/\/buletin.de\/bucuresti\/"},{"@type":"ListItem","position":2,"name":"Gabriela Firea ar putea r\u0103m\u00e2ne la Prim\u0103rie p\u00e2n\u0103 \u00een septembrie. Alegerile locale vor fi cel mai probabil am\u00e2nate"}]},{"@type":"WebSite","@id":"https:\/\/buletin.de\/bucuresti\/#website","url":"https:\/\/buletin.de\/bucuresti\/","name":"Buletin de Bucure\u0219ti","description":"\u0218tiri \u0219i investiga\u021bii esen\u021biale din capital\u0103","publisher":{"@id":"https:\/\/buletin.de\/bucuresti\/#organization"},"potentialAction":[{"@type":"SearchAction","target":{"@type":"EntryPoint","urlTemplate":"https:\/\/buletin.de\/bucuresti\/?s={search_term_string}"},"query-input":{"@type":"PropertyValueSpecification","valueRequired":true,"valueName":"search_term_string"}}],"inLanguage":"en-GB"},{"@type":"Organization","@id":"https:\/\/buletin.de\/bucuresti\/#organization","name":"Buletin de Bucure\u0219ti","url":"https:\/\/buletin.de\/bucuresti\/","logo":{"@type":"ImageObject","inLanguage":"en-GB","@id":"https:\/\/buletin.de\/bucuresti\/#\/schema\/logo\/image\/","url":"https:\/\/buletin.de\/bucuresti\/wp-content\/uploads\/logo-bdb-full-wide-vernil-transparent.png","contentUrl":"https:\/\/buletin.de\/bucuresti\/wp-content\/uploads\/logo-bdb-full-wide-vernil-transparent.png","width":1782,"height":626,"caption":"Buletin de Bucure\u0219ti"},"image":{"@id":"https:\/\/buletin.de\/bucuresti\/#\/schema\/logo\/image\/"},"sameAs":["https:\/\/www.facebook.com\/buletin.de.buc","https:\/\/www.instagram.com\/buletinde.bucuresti\/"]},{"@type":"Person","@id":"https:\/\/buletin.de\/bucuresti\/#\/schema\/person\/491b46d206898645bf48e42ec8d16a4e","name":"Cristina Sb\u00eern","image":{"@type":"ImageObject","inLanguage":"en-GB","@id":"https:\/\/secure.gravatar.com\/avatar\/37e16dbd00976eec8a6ce30eadedf4377f2cf2504eadbf5ef401b703947010b3?s=96&d=monsterid&r=g1bf283f4b400adaebc79de5a891c6b20","url":"https:\/\/secure.gravatar.com\/avatar\/37e16dbd00976eec8a6ce30eadedf4377f2cf2504eadbf5ef401b703947010b3?s=96&d=monsterid&r=g","contentUrl":"https:\/\/secure.gravatar.com\/avatar\/37e16dbd00976eec8a6ce30eadedf4377f2cf2504eadbf5ef401b703947010b3?s=96&d=monsterid&r=g","caption":"Cristina Sb\u00eern"},"description":"Reporter","url":"https:\/\/buletin.de\/bucuresti\/author\/cristinasbirn\/"}]}},"authors":[{"term_id":22590,"user_id":11,"is_guest":0,"slug":"cristinasbirn","display_name":"Cristina Sb\u00eern","avatar_url":"https:\/\/secure.gravatar.com\/avatar\/37e16dbd00976eec8a6ce30eadedf4377f2cf2504eadbf5ef401b703947010b3?s=96&d=monsterid&r=g","0":null,"1":"","2":"","3":"","4":"","5":"","6":"","7":"","8":""}],"_links":{"self":[{"href":"https:\/\/buletin.de\/bucuresti\/wp-json\/wp\/v2\/posts\/5402","targetHints":{"allow":["GET"]}}],"collection":[{"href":"https:\/\/buletin.de\/bucuresti\/wp-json\/wp\/v2\/posts"}],"about":[{"href":"https:\/\/buletin.de\/bucuresti\/wp-json\/wp\/v2\/types\/post"}],"author":[{"embeddable":true,"href":"https:\/\/buletin.de\/bucuresti\/wp-json\/wp\/v2\/users\/11"}],"replies":[{"embeddable":true,"href":"https:\/\/buletin.de\/bucuresti\/wp-json\/wp\/v2\/comments?post=5402"}],"version-history":[{"count":1,"href":"https:\/\/buletin.de\/bucuresti\/wp-json\/wp\/v2\/posts\/5402\/revisions"}],"predecessor-version":[{"id":5403,"href":"https:\/\/buletin.de\/bucuresti\/wp-json\/wp\/v2\/posts\/5402\/revisions\/5403"}],"wp:featuredmedia":[{"embeddable":true,"href":"https:\/\/buletin.de\/bucuresti\/wp-json\/wp\/v2\/media\/1037"}],"wp:attachment":[{"href":"https:\/\/buletin.de\/bucuresti\/wp-json\/wp\/v2\/media?parent=5402"}],"wp:term":[{"taxonomy":"category","embeddable":true,"href":"https:\/\/buletin.de\/bucuresti\/wp-json\/wp\/v2\/categories?post=5402"},{"taxonomy":"post_tag","embeddable":true,"href":"https:\/\/buletin.de\/bucuresti\/wp-json\/wp\/v2\/tags?post=5402"},{"taxonomy":"author","embeddable":true,"href":"https:\/\/buletin.de\/bucuresti\/wp-json\/wp\/v2\/ppma_author?post=5402"}],"curies":[{"name":"wp","href":"https:\/\/api.w.org\/{rel}","templated":true}]}}