{"id":53842,"date":"2023-02-10T14:58:29","date_gmt":"2023-02-10T12:58:29","guid":{"rendered":"https:\/\/buletin.de\/bucuresti\/?p=53842"},"modified":"2023-02-10T15:18:41","modified_gmt":"2023-02-10T13:18:41","slug":"mario-iorgulescu-condamnat-la-15-ani-si-8-luni-de-inchisoare-decizia-nu-este-definitiva","status":"publish","type":"post","link":"https:\/\/buletin.de\/bucuresti\/mario-iorgulescu-condamnat-la-15-ani-si-8-luni-de-inchisoare-decizia-nu-este-definitiva\/","title":{"rendered":"Mario Iorgulescu, condamnat la 15 ani \u0219i 8 luni de \u00eenchisoare. Decizia nu este definitiv\u0103"},"content":{"rendered":"\n<p>Mario Iorgulescu, fiul lui Gino Iorgulescu (pre\u0219edintele Ligii Profesioniste de Fotbal), a fost condamnat de magistra\u021bii Tribunalului Bucure\u0219ti la 15 ani \u0219i 8 luni de \u00eenchisoare cu executare pentru omor \u0219i conducerea unui vehicul sub influen\u021ba alcoolului \u0219i a substan\u021belor interzise. Mario Iorgulescu a plecat \u00een Italia imediat dup\u0103 accident, iar autorit\u0103\u021bile italiene au refuzat extradarea sa.<\/p>\n\n\n\n<p>Instan\u021ba a decis ca Mario Iorgulescu s\u0103 \u0219i pl\u0103teasc\u0103 c\u00e2te 100.000 de mii de euro \u0219i 50.000 de lei pentru dou\u0103 dintre p\u0103r\u021bile civile din dosar. <\/p>\n\n\n\n<p>Decizia Tribunalului Bucure\u0219ti nu este definitiv\u0103. <\/p>\n\n\n\n<p><strong>Iorgulescu Jr. a accidentat mortal un b\u0103rbat \u00een septembrie 2019, dup\u0103 ce s-a urcat la volan b\u0103ut \u0219i drogat <\/strong><\/p>\n\n\n\n<p>\u00cen septembrie 2019, Mario Iorgulescu a produs un accident rutier grav, dup\u0103 ce a consumat cocain\u0103 \u0219i alcool, av\u00e2nd o alcoolemie de 1,96 g\/l. A trecut pe ro\u0219u la semafor \u00een intersec\u021bia dintre \u0218oseaua Chitilei \u0219i Strada Teodor Neagoe, a urcat ma\u0219ina cu partea st\u00e2ng\u0103 pe un scuar, a ap\u0103sat la maximum pedala de accelera\u021bie a bolidului s\u0103u cu un motor ce poate atinge 700 de cai putere. A ajuns pe contrasens \u0219i a intrat \u00een coliziune cu o ma\u0219in\u0103. \u00cen urma impactului, \u0219oferul care circula regulamentar a murit pe loc. <\/p>\n\n\n\n<p>Procurorii spun c\u0103 Mario Iorgulescu nu a ap\u0103sat deloc fr\u00e2na, iar pedala de accelera\u021bie era ap\u0103sat\u0103 la maximum.<\/p>\n\n\n\n<figure class=\"wp-block-image size-large\"><img fetchpriority=\"high\" decoding=\"async\" width=\"675\" height=\"900\" src=\"data:image\/gif;base64,R0lGODlhAQABAAAAACH5BAEKAAEALAAAAAABAAEAAAICTAEAOw==\" data-src=\"https:\/\/buletin.de\/bucuresti\/wp-content\/uploads\/WhatsApp-Image-2023-02-10-at-13.51.52-1-675x900.jpeg\" alt=\"\" class=\"wp-image-53846 lazyload\" data-sizes=\"auto\" data-srcset=\"https:\/\/buletin.de\/bucuresti\/wp-content\/uploads\/WhatsApp-Image-2023-02-10-at-13.51.52-1-675x900.jpeg 675w, https:\/\/buletin.de\/bucuresti\/wp-content\/uploads\/WhatsApp-Image-2023-02-10-at-13.51.52-1-225x300.jpeg 225w, https:\/\/buletin.de\/bucuresti\/wp-content\/uploads\/WhatsApp-Image-2023-02-10-at-13.51.52-1-768x1024.jpeg 768w, https:\/\/buletin.de\/bucuresti\/wp-content\/uploads\/WhatsApp-Image-2023-02-10-at-13.51.52-1-550x733.jpeg 550w, https:\/\/buletin.de\/bucuresti\/wp-content\/uploads\/WhatsApp-Image-2023-02-10-at-13.51.52-1-375x500.jpeg 375w, https:\/\/buletin.de\/bucuresti\/wp-content\/uploads\/WhatsApp-Image-2023-02-10-at-13.51.52-1-810x1080.jpeg 810w, https:\/\/buletin.de\/bucuresti\/wp-content\/uploads\/WhatsApp-Image-2023-02-10-at-13.51.52-1-600x800.jpeg 600w, https:\/\/buletin.de\/bucuresti\/wp-content\/uploads\/WhatsApp-Image-2023-02-10-at-13.51.52-1.jpeg 960w\" sizes=\"(max-width: 675px) 100vw, 675px\" \/><\/figure>\n\n\n\n<p>Surs\u0103 foto arhiv\u0103<\/p>\n\n\n\n<p>Dup\u0103 accident, Iorgulescu Jr. a fost transferat de p\u0103rin\u021bii lui de la Spitalul Elias din Bucure\u0219ti \u00eentr-o clinic\u0103 privat\u0103 din Italia. Nu a fost predat autorit\u0103\u021bilor din Rom\u00e2nia, pe motiv c\u0103 starea de s\u0103n\u0103tate nu permite acest lucru. <\/p>\n","protected":false},"excerpt":{"rendered":"<p>Mario Iorgulescu, fiul lui Gino Iorgulescu (pre\u0219edintele Ligii Profesioniste de Fotbal), a fost condamnat de magistra\u021bii Tribunalului Bucure\u0219ti la 15 ani \u0219i 8 luni de \u00eenchisoare cu executare pentru omor \u0219i conducerea unui vehicul sub influen\u021ba alcoolului \u0219i a substan\u021belor interzise. Mario Iorgulescu a plecat \u00een Italia imediat dup\u0103 accident, iar autorit\u0103\u021bile italiene au refuzat [&hellip;]<\/p>\n","protected":false},"author":46,"featured_media":53845,"comment_status":"closed","ping_status":"open","sticky":false,"template":"","format":"standard","meta":{"_acf_changed":false,"inline_featured_image":false,"ngg_post_thumbnail":0,"footnotes":""},"categories":[62],"tags":[5099,2169,5426],"ppma_author":[22605],"class_list":["post-53842","post","type-post","status-publish","format-standard","has-post-thumbnail","hentry","category-stiri","tag-accidentmortal","tag-condamnare","tag-marioiorgulescu"],"acf":[],"yoast_head":"<!-- This site is optimized with the Yoast SEO Premium plugin v25.3 (Yoast SEO v27.4) - https:\/\/yoast.com\/product\/yoast-seo-premium-wordpress\/ -->\n<title>Mario Iorgulescu, condamnat la 15 ani \u0219i 8 luni de \u00eenchisoare. Decizia nu este definitiv\u0103 - Buletin de Bucure\u0219ti<\/title>\n<meta name=\"robots\" content=\"index, follow, max-snippet:-1, max-image-preview:large, max-video-preview:-1\" \/>\n<link rel=\"canonical\" href=\"https:\/\/buletin.de\/bucuresti\/mario-iorgulescu-condamnat-la-15-ani-si-8-luni-de-inchisoare-decizia-nu-este-definitiva\/\" \/>\n<meta property=\"og:locale\" content=\"en_GB\" \/>\n<meta property=\"og:type\" content=\"article\" \/>\n<meta property=\"og:title\" content=\"Mario Iorgulescu, condamnat la 15 ani \u0219i 8 luni de \u00eenchisoare. Decizia nu este definitiv\u0103\" \/>\n<meta property=\"og:description\" content=\"Mario Iorgulescu, fiul lui Gino Iorgulescu (pre\u0219edintele Ligii Profesioniste de Fotbal), a fost condamnat de magistra\u021bii Tribunalului Bucure\u0219ti la 15 ani \u0219i 8 luni de \u00eenchisoare cu executare pentru omor \u0219i conducerea unui vehicul sub influen\u021ba alcoolului \u0219i a substan\u021belor interzise. Mario Iorgulescu a plecat \u00een Italia imediat dup\u0103 accident, iar autorit\u0103\u021bile italiene au refuzat [&hellip;]\" \/>\n<meta property=\"og:url\" content=\"https:\/\/buletin.de\/bucuresti\/mario-iorgulescu-condamnat-la-15-ani-si-8-luni-de-inchisoare-decizia-nu-este-definitiva\/\" \/>\n<meta property=\"og:site_name\" content=\"Buletin de Bucure\u0219ti\" \/>\n<meta property=\"article:publisher\" content=\"https:\/\/www.facebook.com\/buletin.de.buc\" \/>\n<meta property=\"article:published_time\" content=\"2023-02-10T12:58:29+00:00\" \/>\n<meta property=\"article:modified_time\" content=\"2023-02-10T13:18:41+00:00\" \/>\n<meta property=\"og:image\" content=\"https:\/\/buletin.de\/bucuresti\/wp-content\/uploads\/WhatsApp-Image-2023-02-10-at-13.52.59.jpeg\" \/>\n\t<meta property=\"og:image:width\" content=\"595\" \/>\n\t<meta property=\"og:image:height\" content=\"695\" \/>\n\t<meta property=\"og:image:type\" content=\"image\/jpeg\" \/>\n<meta name=\"author\" content=\"Andreea Gelatu\" \/>\n<meta name=\"twitter:card\" content=\"summary_large_image\" \/>\n<meta name=\"twitter:label1\" content=\"Written by\" \/>\n\t<meta name=\"twitter:data1\" content=\"Andreea Gelatu\" \/>\n\t<meta name=\"twitter:label2\" content=\"Estimated reading time\" \/>\n\t<meta name=\"twitter:data2\" content=\"2 minutes\" \/>\n<script type=\"application\/ld+json\" class=\"yoast-schema-graph\">{\"@context\":\"https:\\\/\\\/schema.org\",\"@graph\":[{\"@type\":\"Article\",\"@id\":\"https:\\\/\\\/buletin.de\\\/bucuresti\\\/mario-iorgulescu-condamnat-la-15-ani-si-8-luni-de-inchisoare-decizia-nu-este-definitiva\\\/#article\",\"isPartOf\":{\"@id\":\"https:\\\/\\\/buletin.de\\\/bucuresti\\\/mario-iorgulescu-condamnat-la-15-ani-si-8-luni-de-inchisoare-decizia-nu-este-definitiva\\\/\"},\"author\":{\"name\":\"Andreea Gelatu\",\"@id\":\"https:\\\/\\\/buletin.de\\\/bucuresti\\\/#\\\/schema\\\/person\\\/87734700b2c7f8608881f7e93b8834de\"},\"headline\":\"Mario Iorgulescu, condamnat la 15 ani \u0219i 8 luni de \u00eenchisoare. Decizia nu este definitiv\u0103\",\"datePublished\":\"2023-02-10T12:58:29+00:00\",\"dateModified\":\"2023-02-10T13:18:41+00:00\",\"mainEntityOfPage\":{\"@id\":\"https:\\\/\\\/buletin.de\\\/bucuresti\\\/mario-iorgulescu-condamnat-la-15-ani-si-8-luni-de-inchisoare-decizia-nu-este-definitiva\\\/\"},\"wordCount\":298,\"publisher\":{\"@id\":\"https:\\\/\\\/buletin.de\\\/bucuresti\\\/#organization\"},\"image\":{\"@id\":\"https:\\\/\\\/buletin.de\\\/bucuresti\\\/mario-iorgulescu-condamnat-la-15-ani-si-8-luni-de-inchisoare-decizia-nu-este-definitiva\\\/#primaryimage\"},\"thumbnailUrl\":\"https:\\\/\\\/buletin.de\\\/bucuresti\\\/wp-content\\\/uploads\\\/WhatsApp-Image-2023-02-10-at-13.52.59.jpeg\",\"keywords\":[\"accidentmortal\",\"condamnare\",\"MarioIorgulescu\"],\"articleSection\":[\"\u0218tiri\"],\"inLanguage\":\"en-GB\",\"copyrightYear\":\"2023\",\"copyrightHolder\":{\"@id\":\"https:\\\/\\\/buletin.de\\\/bucuresti\\\/#organization\"}},{\"@type\":\"WebPage\",\"@id\":\"https:\\\/\\\/buletin.de\\\/bucuresti\\\/mario-iorgulescu-condamnat-la-15-ani-si-8-luni-de-inchisoare-decizia-nu-este-definitiva\\\/\",\"url\":\"https:\\\/\\\/buletin.de\\\/bucuresti\\\/mario-iorgulescu-condamnat-la-15-ani-si-8-luni-de-inchisoare-decizia-nu-este-definitiva\\\/\",\"name\":\"Mario Iorgulescu, condamnat la 15 ani \u0219i 8 luni de \u00eenchisoare. Decizia nu este definitiv\u0103 - Buletin de Bucure\u0219ti\",\"isPartOf\":{\"@id\":\"https:\\\/\\\/buletin.de\\\/bucuresti\\\/#website\"},\"primaryImageOfPage\":{\"@id\":\"https:\\\/\\\/buletin.de\\\/bucuresti\\\/mario-iorgulescu-condamnat-la-15-ani-si-8-luni-de-inchisoare-decizia-nu-este-definitiva\\\/#primaryimage\"},\"image\":{\"@id\":\"https:\\\/\\\/buletin.de\\\/bucuresti\\\/mario-iorgulescu-condamnat-la-15-ani-si-8-luni-de-inchisoare-decizia-nu-este-definitiva\\\/#primaryimage\"},\"thumbnailUrl\":\"https:\\\/\\\/buletin.de\\\/bucuresti\\\/wp-content\\\/uploads\\\/WhatsApp-Image-2023-02-10-at-13.52.59.jpeg\",\"datePublished\":\"2023-02-10T12:58:29+00:00\",\"dateModified\":\"2023-02-10T13:18:41+00:00\",\"breadcrumb\":{\"@id\":\"https:\\\/\\\/buletin.de\\\/bucuresti\\\/mario-iorgulescu-condamnat-la-15-ani-si-8-luni-de-inchisoare-decizia-nu-este-definitiva\\\/#breadcrumb\"},\"inLanguage\":\"en-GB\",\"potentialAction\":[{\"@type\":\"ReadAction\",\"target\":[\"https:\\\/\\\/buletin.de\\\/bucuresti\\\/mario-iorgulescu-condamnat-la-15-ani-si-8-luni-de-inchisoare-decizia-nu-este-definitiva\\\/\"]}]},{\"@type\":\"ImageObject\",\"inLanguage\":\"en-GB\",\"@id\":\"https:\\\/\\\/buletin.de\\\/bucuresti\\\/mario-iorgulescu-condamnat-la-15-ani-si-8-luni-de-inchisoare-decizia-nu-este-definitiva\\\/#primaryimage\",\"url\":\"https:\\\/\\\/buletin.de\\\/bucuresti\\\/wp-content\\\/uploads\\\/WhatsApp-Image-2023-02-10-at-13.52.59.jpeg\",\"contentUrl\":\"https:\\\/\\\/buletin.de\\\/bucuresti\\\/wp-content\\\/uploads\\\/WhatsApp-Image-2023-02-10-at-13.52.59.jpeg\",\"width\":595,\"height\":695},{\"@type\":\"BreadcrumbList\",\"@id\":\"https:\\\/\\\/buletin.de\\\/bucuresti\\\/mario-iorgulescu-condamnat-la-15-ani-si-8-luni-de-inchisoare-decizia-nu-este-definitiva\\\/#breadcrumb\",\"itemListElement\":[{\"@type\":\"ListItem\",\"position\":1,\"name\":\"Acas\u0103\",\"item\":\"https:\\\/\\\/buletin.de\\\/bucuresti\\\/\"},{\"@type\":\"ListItem\",\"position\":2,\"name\":\"Mario Iorgulescu, condamnat la 15 ani \u0219i 8 luni de \u00eenchisoare. Decizia nu este definitiv\u0103\"}]},{\"@type\":\"WebSite\",\"@id\":\"https:\\\/\\\/buletin.de\\\/bucuresti\\\/#website\",\"url\":\"https:\\\/\\\/buletin.de\\\/bucuresti\\\/\",\"name\":\"Buletin de Bucure\u0219ti\",\"description\":\"\u0218tiri \u0219i investiga\u021bii esen\u021biale din capital\u0103\",\"publisher\":{\"@id\":\"https:\\\/\\\/buletin.de\\\/bucuresti\\\/#organization\"},\"potentialAction\":[{\"@type\":\"SearchAction\",\"target\":{\"@type\":\"EntryPoint\",\"urlTemplate\":\"https:\\\/\\\/buletin.de\\\/bucuresti\\\/?s={search_term_string}\"},\"query-input\":{\"@type\":\"PropertyValueSpecification\",\"valueRequired\":true,\"valueName\":\"search_term_string\"}}],\"inLanguage\":\"en-GB\"},{\"@type\":\"Organization\",\"@id\":\"https:\\\/\\\/buletin.de\\\/bucuresti\\\/#organization\",\"name\":\"Buletin de Bucure\u0219ti\",\"url\":\"https:\\\/\\\/buletin.de\\\/bucuresti\\\/\",\"logo\":{\"@type\":\"ImageObject\",\"inLanguage\":\"en-GB\",\"@id\":\"https:\\\/\\\/buletin.de\\\/bucuresti\\\/#\\\/schema\\\/logo\\\/image\\\/\",\"url\":\"https:\\\/\\\/buletin.de\\\/bucuresti\\\/wp-content\\\/uploads\\\/logo-bdb-full-wide-vernil-transparent.png\",\"contentUrl\":\"https:\\\/\\\/buletin.de\\\/bucuresti\\\/wp-content\\\/uploads\\\/logo-bdb-full-wide-vernil-transparent.png\",\"width\":1782,\"height\":626,\"caption\":\"Buletin de Bucure\u0219ti\"},\"image\":{\"@id\":\"https:\\\/\\\/buletin.de\\\/bucuresti\\\/#\\\/schema\\\/logo\\\/image\\\/\"},\"sameAs\":[\"https:\\\/\\\/www.facebook.com\\\/buletin.de.buc\",\"https:\\\/\\\/www.instagram.com\\\/buletinde.bucuresti\\\/\"]},{\"@type\":\"Person\",\"@id\":\"https:\\\/\\\/buletin.de\\\/bucuresti\\\/#\\\/schema\\\/person\\\/87734700b2c7f8608881f7e93b8834de\",\"name\":\"Andreea Gelatu\",\"image\":{\"@type\":\"ImageObject\",\"inLanguage\":\"en-GB\",\"@id\":\"https:\\\/\\\/secure.gravatar.com\\\/avatar\\\/b716eca2f984b9b65bdd87118b4b909d940b619cbe6e8cb725fe11c1b1f4194f?s=96&d=monsterid&r=g9b5eff4996c6b842a29b3057a7b4746f\",\"url\":\"https:\\\/\\\/secure.gravatar.com\\\/avatar\\\/b716eca2f984b9b65bdd87118b4b909d940b619cbe6e8cb725fe11c1b1f4194f?s=96&d=monsterid&r=g\",\"contentUrl\":\"https:\\\/\\\/secure.gravatar.com\\\/avatar\\\/b716eca2f984b9b65bdd87118b4b909d940b619cbe6e8cb725fe11c1b1f4194f?s=96&d=monsterid&r=g\",\"caption\":\"Andreea Gelatu\"},\"url\":\"https:\\\/\\\/buletin.de\\\/bucuresti\\\/author\\\/andreeagelatu\\\/\"}]}<\/script>\n<!-- \/ Yoast SEO Premium plugin. -->","yoast_head_json":{"title":"Mario Iorgulescu, condamnat la 15 ani \u0219i 8 luni de \u00eenchisoare. Decizia nu este definitiv\u0103 - Buletin de Bucure\u0219ti","robots":{"index":"index","follow":"follow","max-snippet":"max-snippet:-1","max-image-preview":"max-image-preview:large","max-video-preview":"max-video-preview:-1"},"canonical":"https:\/\/buletin.de\/bucuresti\/mario-iorgulescu-condamnat-la-15-ani-si-8-luni-de-inchisoare-decizia-nu-este-definitiva\/","og_locale":"en_GB","og_type":"article","og_title":"Mario Iorgulescu, condamnat la 15 ani \u0219i 8 luni de \u00eenchisoare. Decizia nu este definitiv\u0103","og_description":"Mario Iorgulescu, fiul lui Gino Iorgulescu (pre\u0219edintele Ligii Profesioniste de Fotbal), a fost condamnat de magistra\u021bii Tribunalului Bucure\u0219ti la 15 ani \u0219i 8 luni de \u00eenchisoare cu executare pentru omor \u0219i conducerea unui vehicul sub influen\u021ba alcoolului \u0219i a substan\u021belor interzise. Mario Iorgulescu a plecat \u00een Italia imediat dup\u0103 accident, iar autorit\u0103\u021bile italiene au refuzat [&hellip;]","og_url":"https:\/\/buletin.de\/bucuresti\/mario-iorgulescu-condamnat-la-15-ani-si-8-luni-de-inchisoare-decizia-nu-este-definitiva\/","og_site_name":"Buletin de Bucure\u0219ti","article_publisher":"https:\/\/www.facebook.com\/buletin.de.buc","article_published_time":"2023-02-10T12:58:29+00:00","article_modified_time":"2023-02-10T13:18:41+00:00","og_image":[{"width":595,"height":695,"url":"https:\/\/buletin.de\/bucuresti\/wp-content\/uploads\/WhatsApp-Image-2023-02-10-at-13.52.59.jpeg","type":"image\/jpeg"}],"author":"Andreea Gelatu","twitter_card":"summary_large_image","twitter_misc":{"Written by":"Andreea Gelatu","Estimated reading time":"2 minutes"},"schema":{"@context":"https:\/\/schema.org","@graph":[{"@type":"Article","@id":"https:\/\/buletin.de\/bucuresti\/mario-iorgulescu-condamnat-la-15-ani-si-8-luni-de-inchisoare-decizia-nu-este-definitiva\/#article","isPartOf":{"@id":"https:\/\/buletin.de\/bucuresti\/mario-iorgulescu-condamnat-la-15-ani-si-8-luni-de-inchisoare-decizia-nu-este-definitiva\/"},"author":{"name":"Andreea Gelatu","@id":"https:\/\/buletin.de\/bucuresti\/#\/schema\/person\/87734700b2c7f8608881f7e93b8834de"},"headline":"Mario Iorgulescu, condamnat la 15 ani \u0219i 8 luni de \u00eenchisoare. Decizia nu este definitiv\u0103","datePublished":"2023-02-10T12:58:29+00:00","dateModified":"2023-02-10T13:18:41+00:00","mainEntityOfPage":{"@id":"https:\/\/buletin.de\/bucuresti\/mario-iorgulescu-condamnat-la-15-ani-si-8-luni-de-inchisoare-decizia-nu-este-definitiva\/"},"wordCount":298,"publisher":{"@id":"https:\/\/buletin.de\/bucuresti\/#organization"},"image":{"@id":"https:\/\/buletin.de\/bucuresti\/mario-iorgulescu-condamnat-la-15-ani-si-8-luni-de-inchisoare-decizia-nu-este-definitiva\/#primaryimage"},"thumbnailUrl":"https:\/\/buletin.de\/bucuresti\/wp-content\/uploads\/WhatsApp-Image-2023-02-10-at-13.52.59.jpeg","keywords":["accidentmortal","condamnare","MarioIorgulescu"],"articleSection":["\u0218tiri"],"inLanguage":"en-GB","copyrightYear":"2023","copyrightHolder":{"@id":"https:\/\/buletin.de\/bucuresti\/#organization"}},{"@type":"WebPage","@id":"https:\/\/buletin.de\/bucuresti\/mario-iorgulescu-condamnat-la-15-ani-si-8-luni-de-inchisoare-decizia-nu-este-definitiva\/","url":"https:\/\/buletin.de\/bucuresti\/mario-iorgulescu-condamnat-la-15-ani-si-8-luni-de-inchisoare-decizia-nu-este-definitiva\/","name":"Mario Iorgulescu, condamnat la 15 ani \u0219i 8 luni de \u00eenchisoare. Decizia nu este definitiv\u0103 - Buletin de Bucure\u0219ti","isPartOf":{"@id":"https:\/\/buletin.de\/bucuresti\/#website"},"primaryImageOfPage":{"@id":"https:\/\/buletin.de\/bucuresti\/mario-iorgulescu-condamnat-la-15-ani-si-8-luni-de-inchisoare-decizia-nu-este-definitiva\/#primaryimage"},"image":{"@id":"https:\/\/buletin.de\/bucuresti\/mario-iorgulescu-condamnat-la-15-ani-si-8-luni-de-inchisoare-decizia-nu-este-definitiva\/#primaryimage"},"thumbnailUrl":"https:\/\/buletin.de\/bucuresti\/wp-content\/uploads\/WhatsApp-Image-2023-02-10-at-13.52.59.jpeg","datePublished":"2023-02-10T12:58:29+00:00","dateModified":"2023-02-10T13:18:41+00:00","breadcrumb":{"@id":"https:\/\/buletin.de\/bucuresti\/mario-iorgulescu-condamnat-la-15-ani-si-8-luni-de-inchisoare-decizia-nu-este-definitiva\/#breadcrumb"},"inLanguage":"en-GB","potentialAction":[{"@type":"ReadAction","target":["https:\/\/buletin.de\/bucuresti\/mario-iorgulescu-condamnat-la-15-ani-si-8-luni-de-inchisoare-decizia-nu-este-definitiva\/"]}]},{"@type":"ImageObject","inLanguage":"en-GB","@id":"https:\/\/buletin.de\/bucuresti\/mario-iorgulescu-condamnat-la-15-ani-si-8-luni-de-inchisoare-decizia-nu-este-definitiva\/#primaryimage","url":"https:\/\/buletin.de\/bucuresti\/wp-content\/uploads\/WhatsApp-Image-2023-02-10-at-13.52.59.jpeg","contentUrl":"https:\/\/buletin.de\/bucuresti\/wp-content\/uploads\/WhatsApp-Image-2023-02-10-at-13.52.59.jpeg","width":595,"height":695},{"@type":"BreadcrumbList","@id":"https:\/\/buletin.de\/bucuresti\/mario-iorgulescu-condamnat-la-15-ani-si-8-luni-de-inchisoare-decizia-nu-este-definitiva\/#breadcrumb","itemListElement":[{"@type":"ListItem","position":1,"name":"Acas\u0103","item":"https:\/\/buletin.de\/bucuresti\/"},{"@type":"ListItem","position":2,"name":"Mario Iorgulescu, condamnat la 15 ani \u0219i 8 luni de \u00eenchisoare. Decizia nu este definitiv\u0103"}]},{"@type":"WebSite","@id":"https:\/\/buletin.de\/bucuresti\/#website","url":"https:\/\/buletin.de\/bucuresti\/","name":"Buletin de Bucure\u0219ti","description":"\u0218tiri \u0219i investiga\u021bii esen\u021biale din capital\u0103","publisher":{"@id":"https:\/\/buletin.de\/bucuresti\/#organization"},"potentialAction":[{"@type":"SearchAction","target":{"@type":"EntryPoint","urlTemplate":"https:\/\/buletin.de\/bucuresti\/?s={search_term_string}"},"query-input":{"@type":"PropertyValueSpecification","valueRequired":true,"valueName":"search_term_string"}}],"inLanguage":"en-GB"},{"@type":"Organization","@id":"https:\/\/buletin.de\/bucuresti\/#organization","name":"Buletin de Bucure\u0219ti","url":"https:\/\/buletin.de\/bucuresti\/","logo":{"@type":"ImageObject","inLanguage":"en-GB","@id":"https:\/\/buletin.de\/bucuresti\/#\/schema\/logo\/image\/","url":"https:\/\/buletin.de\/bucuresti\/wp-content\/uploads\/logo-bdb-full-wide-vernil-transparent.png","contentUrl":"https:\/\/buletin.de\/bucuresti\/wp-content\/uploads\/logo-bdb-full-wide-vernil-transparent.png","width":1782,"height":626,"caption":"Buletin de Bucure\u0219ti"},"image":{"@id":"https:\/\/buletin.de\/bucuresti\/#\/schema\/logo\/image\/"},"sameAs":["https:\/\/www.facebook.com\/buletin.de.buc","https:\/\/www.instagram.com\/buletinde.bucuresti\/"]},{"@type":"Person","@id":"https:\/\/buletin.de\/bucuresti\/#\/schema\/person\/87734700b2c7f8608881f7e93b8834de","name":"Andreea Gelatu","image":{"@type":"ImageObject","inLanguage":"en-GB","@id":"https:\/\/secure.gravatar.com\/avatar\/b716eca2f984b9b65bdd87118b4b909d940b619cbe6e8cb725fe11c1b1f4194f?s=96&d=monsterid&r=g9b5eff4996c6b842a29b3057a7b4746f","url":"https:\/\/secure.gravatar.com\/avatar\/b716eca2f984b9b65bdd87118b4b909d940b619cbe6e8cb725fe11c1b1f4194f?s=96&d=monsterid&r=g","contentUrl":"https:\/\/secure.gravatar.com\/avatar\/b716eca2f984b9b65bdd87118b4b909d940b619cbe6e8cb725fe11c1b1f4194f?s=96&d=monsterid&r=g","caption":"Andreea Gelatu"},"url":"https:\/\/buletin.de\/bucuresti\/author\/andreeagelatu\/"}]}},"authors":[{"term_id":22605,"user_id":46,"is_guest":0,"slug":"andreeagelatu","display_name":"Andreea Gelatu","avatar_url":"https:\/\/secure.gravatar.com\/avatar\/b716eca2f984b9b65bdd87118b4b909d940b619cbe6e8cb725fe11c1b1f4194f?s=96&d=monsterid&r=g","0":null,"1":"","2":"","3":"","4":"","5":"","6":"","7":"","8":""}],"_links":{"self":[{"href":"https:\/\/buletin.de\/bucuresti\/wp-json\/wp\/v2\/posts\/53842","targetHints":{"allow":["GET"]}}],"collection":[{"href":"https:\/\/buletin.de\/bucuresti\/wp-json\/wp\/v2\/posts"}],"about":[{"href":"https:\/\/buletin.de\/bucuresti\/wp-json\/wp\/v2\/types\/post"}],"author":[{"embeddable":true,"href":"https:\/\/buletin.de\/bucuresti\/wp-json\/wp\/v2\/users\/46"}],"replies":[{"embeddable":true,"href":"https:\/\/buletin.de\/bucuresti\/wp-json\/wp\/v2\/comments?post=53842"}],"version-history":[{"count":9,"href":"https:\/\/buletin.de\/bucuresti\/wp-json\/wp\/v2\/posts\/53842\/revisions"}],"predecessor-version":[{"id":53859,"href":"https:\/\/buletin.de\/bucuresti\/wp-json\/wp\/v2\/posts\/53842\/revisions\/53859"}],"wp:featuredmedia":[{"embeddable":true,"href":"https:\/\/buletin.de\/bucuresti\/wp-json\/wp\/v2\/media\/53845"}],"wp:attachment":[{"href":"https:\/\/buletin.de\/bucuresti\/wp-json\/wp\/v2\/media?parent=53842"}],"wp:term":[{"taxonomy":"category","embeddable":true,"href":"https:\/\/buletin.de\/bucuresti\/wp-json\/wp\/v2\/categories?post=53842"},{"taxonomy":"post_tag","embeddable":true,"href":"https:\/\/buletin.de\/bucuresti\/wp-json\/wp\/v2\/tags?post=53842"},{"taxonomy":"author","embeddable":true,"href":"https:\/\/buletin.de\/bucuresti\/wp-json\/wp\/v2\/ppma_author?post=53842"}],"curies":[{"name":"wp","href":"https:\/\/api.w.org\/{rel}","templated":true}]}}