{"id":537,"date":"2019-06-21T18:13:38","date_gmt":"2019-06-21T18:13:38","guid":{"rendered":"https:\/\/buletin.de\/bucuresti\/?p=537"},"modified":"2019-06-26T09:05:37","modified_gmt":"2019-06-26T09:05:37","slug":"schela-care-s-a-prabusit-era-a-firmei-primariei-capitalei","status":"publish","type":"post","link":"https:\/\/buletin.de\/bucuresti\/schela-care-s-a-prabusit-era-a-firmei-primariei-capitalei\/","title":{"rendered":"Schela care s-a pr\u0103bu\u0219it era a firmei Prim\u0103riei Capitalei"},"content":{"rendered":"\n<h2 class=\"wp-block-heading\"><em>Compania Municipal\u0103 Consolid\u0103ri a cump\u0103rat schele de 1,6 milioane de lei \u00een ultimul an<\/em><\/h2>\n\n\n\n<figure class=\"wp-block-video\"><video height=\"344\" style=\"aspect-ratio: 600 \/ 344;\" width=\"600\" controls src=\"https:\/\/buletin.de\/bucuresti\/wp-content\/uploads\/62056278-2.mp4\"><\/video><figcaption>Surs\u0103: <a href=\"https:\/\/stirileprotv.ro\/stiri\/actualitate\/momentul-in-care-o-schela-a-cazut-de-pe-fatada-unei-cladiri-din-capitala.html\">\u0218tirile ProTV<\/a><\/figcaption><\/figure>\n\n\n\n<p>Cl\u0103direa de pe strada \u0218tirbei Vod\u0103 nr. 20 din Capital\u0103, de pe care s-a pr\u0103bu\u0219it schela \u00een aceast\u0103 dup\u0103-amiaz\u0103, era consolidat\u0103 de Compania Municipal\u0103 Consolid\u0103ri S.A. &#8211; una dintre firmele \u00eenfiin\u021bate de Gabriela Firea \u0219i declarate ilegale de instan\u021b\u0103.&nbsp;<\/p>\n\n\n\n<p>Lucr\u0103rile au \u00eenceput, conform site-ului firmei, \u00een ianuarie 2018. Conform post\u0103rii de pe Facebook a companiei municipale, ele au \u00eenceput \u00een 15 aprilie anul acesta. \u00cen postare se arat\u0103 c\u0103:<\/p>\n\n\n\n<blockquote style=\"text-align:left; font-size:25px\">Blocul de \u0219ase etaje din strada \u0218tirbei Vod\u0103 nr. 20 este \u00een plin \u0219antier. \nAu \u00eenceput turn\u0103rile de beton pentru \u00eent\u0103rirea st\u00e2lpilor de rezisten\u021b\u0103<\/blockquote>\n\n\n\n<p>Pentru aceste lucr\u0103ri,&nbsp;<a href=\"https:\/\/www.facebook.com\/PMBucuresti\/?__tn__=K-R&amp;eid=ARC4kQZPtMW_6YNH614_V8yGD4TJaOutUQ2m1K7JX2AkpcNS5EdNwPAVe_w6OZi6LM5jBG-7pYQyWQQM&amp;fref=mentions&amp;__xts__%255B0%255D=68.ARBpcOP8R3gRXSvJBYyd5lwA95ZAeqV0GxPMLxeZacMeMA3_lMg5zWWj3mVRs4lusk3mQFCF7zXCIEvc35Sdk_Aumss_FkQCa5rZZtTx0JLVKjfUgI_Ls-bIb5b7gAF3EME-ToTv-LjBTq-xqM0Wiag-Zo6oun5RvtpPRpsiWF8W_gO_Gb0PCD_liQ8FsO7wnjTPWGQ0a5qpDTWdukjiFnJMPNPaKaHa7DLbwVD--rKfEgyeiVOgjToxR9lmgIKar7NXToUrESueGt3MzTYy9hlO0Vj_7ss-5Udl-xV6TjxItQ78-J4Bl_GYjKqjwvjX_XfzVYXMs-TUMaeUuQ-IsUc\">Prim\u0103ria Municipiului Bucure\u015fti<\/a>, prin&nbsp;<a href=\"https:\/\/www.facebook.com\/riscseismicbucuresti\/?__tn__=K-R&amp;eid=ARA-wak03UvhtMqDsuSlDS_nT9GtrwoiCW1NPm7Gc9dTchoEaQOQE7QsLGOn90obdFu49_6onkd_MhFZ&amp;fref=mentions&amp;__xts__%255B0%255D=68.ARBpcOP8R3gRXSvJBYyd5lwA95ZAeqV0GxPMLxeZacMeMA3_lMg5zWWj3mVRs4lusk3mQFCF7zXCIEvc35Sdk_Aumss_FkQCa5rZZtTx0JLVKjfUgI_Ls-bIb5b7gAF3EME-ToTv-LjBTq-xqM0Wiag-Zo6oun5RvtpPRpsiWF8W_gO_Gb0PCD_liQ8FsO7wnjTPWGQ0a5qpDTWdukjiFnJMPNPaKaHa7DLbwVD--rKfEgyeiVOgjToxR9lmgIKar7NXToUrESueGt3MzTYy9hlO0Vj_7ss-5Udl-xV6TjxItQ78-J4Bl_GYjKqjwvjX_XfzVYXMs-TUMaeUuQ-IsUc\">Administra\u021bia Municipal\u0103 pentru Consolidarea Cl\u0103dirilor cu Risc Seismic<\/a>, a alocat peste 9,5 milioane de lei. Lucr\u0103rile vor fi realizate de&nbsp;<a href=\"https:\/\/www.facebook.com\/companiamunicipalaconsolidari\/?__tn__=K-R&amp;eid=ARAiSboEuyzbNy16eXErV8G2sVJ9iQ0tALQnfFFUl54gzK_ltTNYIt6LiUYEv36bTgqDjjAlMTPiLPO2&amp;fref=mentions&amp;__xts__%255B0%255D=68.ARBpcOP8R3gRXSvJBYyd5lwA95ZAeqV0GxPMLxeZacMeMA3_lMg5zWWj3mVRs4lusk3mQFCF7zXCIEvc35Sdk_Aumss_FkQCa5rZZtTx0JLVKjfUgI_Ls-bIb5b7gAF3EME-ToTv-LjBTq-xqM0Wiag-Zo6oun5RvtpPRpsiWF8W_gO_Gb0PCD_liQ8FsO7wnjTPWGQ0a5qpDTWdukjiFnJMPNPaKaHa7DLbwVD--rKfEgyeiVOgjToxR9lmgIKar7NXToUrESueGt3MzTYy9hlO0Vj_7ss-5Udl-xV6TjxItQ78-J4Bl_GYjKqjwvjX_XfzVYXMs-TUMaeUuQ-IsUc\">Compania Municipal\u0103 Consolid\u0103ri Bucure\u0219ti<\/a>.\u201d<\/p>\n\n\n\n<iframe src=\"https:\/\/www.facebook.com\/plugins\/post.php?href=https%3A%2F%2Fwww.facebook.com%2Fcompaniamunicipalaconsolidari%2Fphotos%2Fa.279637466004472%2F353177328650485%2F%3Ftype%3D3&#038;width=500\" width=\"500\" height=\"502\" style=\"border:none;overflow:hidden\" scrolling=\"no\" frameborder=\"0\" allowTransparency=\"true\" allow=\"encrypted-media\"><\/iframe>\n\n\n\n<p><strong>Valoarea total\u0103 a investi\u021biei este de 10,638,394.54 de lei<\/strong>, stabilit\u0103 \u00een martie 2019, prin \u0219edin\u021b\u0103 de Consiliu General cu 2,5 milioane mai mult ca suma stabilit\u0103 cu un an \u00eenainte ca fiind necesar\u0103 pentru consolidarea cl\u0103dirii. \u00cen martie 2018, consilierii locali votaser\u0103 o valoare de 8,042,113.65 de lei.<\/p>\n\n\n\n<p>Cl\u0103direa (S+P+6E+M) dateaz\u0103 din 1935. Ea a fost \u00eencadrat\u0103 \u00een clasa de risc seismic \u00een anul 2001, de c\u00e2nd a\u0219teapt\u0103 s\u0103 fie reconsolidat\u0103.&nbsp;<\/p>\n\n\n\n<h2 class=\"wp-block-heading\">Care sunt firmele de la care a luat schelele<\/h2>\n\n\n\n<p>Conform site-ului de licita\u021bii publice, Compania Municipal\u0103 Consolid\u0103ri SA a cump\u0103rat componente schelei \u00een data de 25 aprilie 2019, \u00een valoare total\u0103 de 1,147,000 de lei f\u0103r\u0103 TVA de la firma SC FORTZA.RO SRL din Media\u0219, Sibiu care apar\u021bine \u00een propor\u021bie de 100% italianului <a href=\"https:\/\/www.facebook.com\/profile.php?id=1146450881\">Giuliano&nbsp;Racanello<\/a>.&nbsp;<\/p>\n\n\n\n<p><a href=\"http:\/\/sicap-prod.e-licitatie.ro\/pub\/notices\/ca-notices\/view-c\/100023458\">Un al doilea contract<\/a> pentru componente de schele &#8211; <a href=\"http:\/\/sicap-prod.e-licitatie.ro\/pub\/notices\/ca-notices\/view-c\/100067383\">Furnizare componente schela metalica<\/a>: cadre 1.072 buc, baz\u0103 reglabil\u0103 filetat\u0103 114 buc, scar\u0103 de acces 22 buc, podin\u0103 zincat\u0103 cu trap\u0103 22 buc, podin\u0103 zincat\u0103 simpl\u0103 1.630 buc, bar\u0103 orizontal\u0103 2.800 buc, bar\u0103 diagonal\u0103 1.137 buc, morsete fixe octogonale 165 buc, ancorare de perete cu pin 130 buc &#8211; \u00een valoare de 521406.44 de lei, a fost \u00eencheiat cu societatea SC JUST MULTISERV SRL, la data de 11 octombrie 2018.&nbsp;<\/p>\n\n\n\n<div class=\"wp-block-image\"><figure class=\"aligncenter\"><img fetchpriority=\"high\" decoding=\"async\" width=\"900\" height=\"675\" src=\"data:image\/gif;base64,R0lGODlhAQABAAAAACH5BAEKAAEALAAAAAABAAEAAAICTAEAOw==\" data-src=\"https:\/\/buletin.de\/bucuresti\/wp-content\/uploads\/IMG-20190621-WA0022-900x675.jpg\" alt=\"\" class=\"wp-image-541 lazyload\" data-sizes=\"auto\" data-srcset=\"https:\/\/buletin.de\/bucuresti\/wp-content\/uploads\/IMG-20190621-WA0022-900x675.jpg 900w, https:\/\/buletin.de\/bucuresti\/wp-content\/uploads\/IMG-20190621-WA0022-600x450.jpg 600w, https:\/\/buletin.de\/bucuresti\/wp-content\/uploads\/IMG-20190621-WA0022-300x225.jpg 300w, https:\/\/buletin.de\/bucuresti\/wp-content\/uploads\/IMG-20190621-WA0022-768x576.jpg 768w, https:\/\/buletin.de\/bucuresti\/wp-content\/uploads\/IMG-20190621-WA0022-1060x795.jpg 1060w, https:\/\/buletin.de\/bucuresti\/wp-content\/uploads\/IMG-20190621-WA0022-550x413.jpg 550w, https:\/\/buletin.de\/bucuresti\/wp-content\/uploads\/IMG-20190621-WA0022-667x500.jpg 667w, https:\/\/buletin.de\/bucuresti\/wp-content\/uploads\/IMG-20190621-WA0022-1440x1080.jpg 1440w, https:\/\/buletin.de\/bucuresti\/wp-content\/uploads\/IMG-20190621-WA0022.jpg 1600w\" sizes=\"(max-width: 900px) 100vw, 900px\" \/><\/figure><\/div>\n\n\n\n<p>Firma este din Pite\u0219ti Arge\u0219 \u0219i \u00eei apar\u021binie lui Justinian Ple\u0219a. Acesta era membru \u00een&nbsp;Comisia de Securitate a Federa\u021biei Rom\u00e2ne de Automobilism Sportiv, institu\u021bie \u00eenfiin\u021bat\u0103 de fostul trezorier al PSD, Mircea Dr\u0103ghici \u0219i un abonat la banii Companiei Municipale Consolid\u0103ri.&nbsp;<\/p>\n\n\n\n<figure class=\"wp-block-image\"><img decoding=\"async\" width=\"675\" height=\"900\" src=\"data:image\/gif;base64,R0lGODlhAQABAAAAACH5BAEKAAEALAAAAAABAAEAAAICTAEAOw==\" data-src=\"https:\/\/buletin.de\/bucuresti\/wp-content\/uploads\/IMG-20190621-WA0026-675x900.jpg\" alt=\"\" class=\"wp-image-542 lazyload\" data-sizes=\"auto\" data-srcset=\"https:\/\/buletin.de\/bucuresti\/wp-content\/uploads\/IMG-20190621-WA0026-675x900.jpg 675w, https:\/\/buletin.de\/bucuresti\/wp-content\/uploads\/IMG-20190621-WA0026-600x800.jpg 600w, https:\/\/buletin.de\/bucuresti\/wp-content\/uploads\/IMG-20190621-WA0026-225x300.jpg 225w, https:\/\/buletin.de\/bucuresti\/wp-content\/uploads\/IMG-20190621-WA0026-768x1024.jpg 768w, https:\/\/buletin.de\/bucuresti\/wp-content\/uploads\/IMG-20190621-WA0026-1060x1413.jpg 1060w, https:\/\/buletin.de\/bucuresti\/wp-content\/uploads\/IMG-20190621-WA0026-550x733.jpg 550w, https:\/\/buletin.de\/bucuresti\/wp-content\/uploads\/IMG-20190621-WA0026-375x500.jpg 375w, https:\/\/buletin.de\/bucuresti\/wp-content\/uploads\/IMG-20190621-WA0026-810x1080.jpg 810w, https:\/\/buletin.de\/bucuresti\/wp-content\/uploads\/IMG-20190621-WA0026.jpg 1200w\" sizes=\"(max-width: 675px) 100vw, 675px\" \/><figcaption>Pe afi\u0219ul Companiei Municipale Consolid\u0103ri, pierdut \u00eentre d\u0103r\u00e2m\u0103turi, scria &#8220;Bucuresti Trainic&#8221;. El a fost luat \u0219i pus \u00een curtea de l\u00e2ng\u0103 bloc. Schela este \u00een curs de demontare. Conform unui muncitor de la Companie, urmeaz\u0103 s\u0103 fie montat\u0103 alt\u0103 schel\u0103.<\/figcaption><\/figure>\n\n\n\n<p>Vineri dup\u0103-amiaz\u0103 o schel\u0103 din Strada \u0218tirbei Vod\u0103 s-a pr\u0103bu\u0219it din cauza v\u00e2ntului. Mesh-ul publicitar de pe alt\u0103 schel\u0103 de pe Bulevardul Regina Elisabeta s-a desprins. Nu a fost nicio victim\u0103 \u0219i nicio ma\u0219in\u0103 nu a fost avariat\u0103. Au fost avariate liniile troleibuzelor \u0219i zeci de troleibuze au fost blocate.<\/p>\n\n\n\n<p><em>Text \u0219i imagini: Andrei Petre<\/em><\/p>\n\n\n\n<p style=\"\nfont-family: courier new;\nfont-size: 0.8em;\nfont-style: italic;\n\">\nSurse date: <a href=\"http:\/\/www.transparenta-bugetara.gov.ro\/transparenta-bugetara\/index.htm\" target=\"_blank\" rel=\"noopener noreferrer\">Transparen\u021b\u0103 Bugetar\u0103<\/a> \u0219i <a href=\"http:\/\/data.gov.ro\/organization\/agentia-pentru-agenda-digitala-a-romaniei\" target=\"_blank\" rel=\"noopener noreferrer\">data.gov<\/a>.\n<\/p>\n","protected":false},"excerpt":{"rendered":"<p>Compania Municipal\u0103 Consolid\u0103ri a cump\u0103rat schele de 1,6 milioane de lei \u00een ultimul an Cl\u0103direa de pe strada \u0218tirbei Vod\u0103 nr. 20 din Capital\u0103, de pe care s-a pr\u0103bu\u0219it schela \u00een aceast\u0103 dup\u0103-amiaz\u0103, era consolidat\u0103 de Compania Municipal\u0103 Consolid\u0103ri S.A. &#8211; una dintre firmele \u00eenfiin\u021bate de Gabriela Firea \u0219i declarate ilegale de instan\u021b\u0103.&nbsp; Lucr\u0103rile au [&hellip;]<\/p>\n","protected":false},"author":1,"featured_media":539,"comment_status":"closed","ping_status":"open","sticky":false,"template":"","format":"standard","meta":{"_acf_changed":false,"inline_featured_image":false,"ngg_post_thumbnail":0,"footnotes":""},"categories":[62],"tags":[],"ppma_author":[22583],"class_list":["post-537","post","type-post","status-publish","format-standard","has-post-thumbnail","hentry","category-stiri"],"acf":[],"yoast_head":"<!-- This site is optimized with the Yoast SEO Premium plugin v25.3 (Yoast SEO v27.4) - https:\/\/yoast.com\/product\/yoast-seo-premium-wordpress\/ -->\n<title>Schela care s-a pr\u0103bu\u0219it era a firmei Prim\u0103riei Capitalei - Buletin de Bucure\u0219ti<\/title>\n<meta name=\"robots\" content=\"index, follow, max-snippet:-1, max-image-preview:large, max-video-preview:-1\" \/>\n<link rel=\"canonical\" href=\"https:\/\/buletin.de\/bucuresti\/schela-care-s-a-prabusit-era-a-firmei-primariei-capitalei\/\" \/>\n<meta property=\"og:locale\" content=\"en_GB\" \/>\n<meta property=\"og:type\" content=\"article\" \/>\n<meta property=\"og:title\" content=\"Schela care s-a pr\u0103bu\u0219it era a firmei Prim\u0103riei Capitalei\" \/>\n<meta property=\"og:description\" content=\"Compania Municipal\u0103 Consolid\u0103ri a cump\u0103rat schele de 1,6 milioane de lei \u00een ultimul an Cl\u0103direa de pe strada \u0218tirbei Vod\u0103 nr. 20 din Capital\u0103, de pe care s-a pr\u0103bu\u0219it schela \u00een aceast\u0103 dup\u0103-amiaz\u0103, era consolidat\u0103 de Compania Municipal\u0103 Consolid\u0103ri S.A. &#8211; una dintre firmele \u00eenfiin\u021bate de Gabriela Firea \u0219i declarate ilegale de instan\u021b\u0103.&nbsp; Lucr\u0103rile au [&hellip;]\" \/>\n<meta property=\"og:url\" content=\"https:\/\/buletin.de\/bucuresti\/schela-care-s-a-prabusit-era-a-firmei-primariei-capitalei\/\" \/>\n<meta property=\"og:site_name\" content=\"Buletin de Bucure\u0219ti\" \/>\n<meta property=\"article:publisher\" content=\"https:\/\/www.facebook.com\/buletin.de.buc\" \/>\n<meta property=\"article:published_time\" content=\"2019-06-21T18:13:38+00:00\" \/>\n<meta property=\"article:modified_time\" content=\"2019-06-26T09:05:37+00:00\" \/>\n<meta property=\"og:image\" content=\"https:\/\/buletin.de\/bucuresti\/wp-content\/uploads\/IMG-20190621-WA0012.jpg\" \/>\n\t<meta property=\"og:image:width\" content=\"1600\" \/>\n\t<meta property=\"og:image:height\" content=\"1200\" \/>\n\t<meta property=\"og:image:type\" content=\"image\/jpeg\" \/>\n<meta name=\"author\" content=\"Redac\u021bia Buletin de Bucure\u0219ti\" \/>\n<meta name=\"twitter:card\" content=\"summary_large_image\" \/>\n<meta name=\"twitter:label1\" content=\"Written by\" \/>\n\t<meta name=\"twitter:data1\" content=\"Redac\u021bia Buletin de Bucure\u0219ti\" \/>\n\t<meta name=\"twitter:label2\" content=\"Estimated reading time\" \/>\n\t<meta name=\"twitter:data2\" content=\"3 minutes\" \/>\n<script type=\"application\/ld+json\" class=\"yoast-schema-graph\">{\"@context\":\"https:\\\/\\\/schema.org\",\"@graph\":[{\"@type\":\"Article\",\"@id\":\"https:\\\/\\\/buletin.de\\\/bucuresti\\\/schela-care-s-a-prabusit-era-a-firmei-primariei-capitalei\\\/#article\",\"isPartOf\":{\"@id\":\"https:\\\/\\\/buletin.de\\\/bucuresti\\\/schela-care-s-a-prabusit-era-a-firmei-primariei-capitalei\\\/\"},\"author\":{\"name\":\"Redac\u021bia Buletin de Bucure\u0219ti\",\"@id\":\"https:\\\/\\\/buletin.de\\\/bucuresti\\\/#\\\/schema\\\/person\\\/2bbcf854e5f2419a13804af574d06ab1\"},\"headline\":\"Schela care s-a pr\u0103bu\u0219it era a firmei Prim\u0103riei Capitalei\",\"datePublished\":\"2019-06-21T18:13:38+00:00\",\"dateModified\":\"2019-06-26T09:05:37+00:00\",\"mainEntityOfPage\":{\"@id\":\"https:\\\/\\\/buletin.de\\\/bucuresti\\\/schela-care-s-a-prabusit-era-a-firmei-primariei-capitalei\\\/\"},\"wordCount\":539,\"publisher\":{\"@id\":\"https:\\\/\\\/buletin.de\\\/bucuresti\\\/#organization\"},\"image\":{\"@id\":\"https:\\\/\\\/buletin.de\\\/bucuresti\\\/schela-care-s-a-prabusit-era-a-firmei-primariei-capitalei\\\/#primaryimage\"},\"thumbnailUrl\":\"https:\\\/\\\/buletin.de\\\/bucuresti\\\/wp-content\\\/uploads\\\/IMG-20190621-WA0012.jpg\",\"articleSection\":[\"\u0218tiri\"],\"inLanguage\":\"en-GB\",\"copyrightYear\":\"2019\",\"copyrightHolder\":{\"@id\":\"https:\\\/\\\/buletin.de\\\/bucuresti\\\/#organization\"}},{\"@type\":\"WebPage\",\"@id\":\"https:\\\/\\\/buletin.de\\\/bucuresti\\\/schela-care-s-a-prabusit-era-a-firmei-primariei-capitalei\\\/\",\"url\":\"https:\\\/\\\/buletin.de\\\/bucuresti\\\/schela-care-s-a-prabusit-era-a-firmei-primariei-capitalei\\\/\",\"name\":\"Schela care s-a pr\u0103bu\u0219it era a firmei Prim\u0103riei Capitalei - Buletin de Bucure\u0219ti\",\"isPartOf\":{\"@id\":\"https:\\\/\\\/buletin.de\\\/bucuresti\\\/#website\"},\"primaryImageOfPage\":{\"@id\":\"https:\\\/\\\/buletin.de\\\/bucuresti\\\/schela-care-s-a-prabusit-era-a-firmei-primariei-capitalei\\\/#primaryimage\"},\"image\":{\"@id\":\"https:\\\/\\\/buletin.de\\\/bucuresti\\\/schela-care-s-a-prabusit-era-a-firmei-primariei-capitalei\\\/#primaryimage\"},\"thumbnailUrl\":\"https:\\\/\\\/buletin.de\\\/bucuresti\\\/wp-content\\\/uploads\\\/IMG-20190621-WA0012.jpg\",\"datePublished\":\"2019-06-21T18:13:38+00:00\",\"dateModified\":\"2019-06-26T09:05:37+00:00\",\"breadcrumb\":{\"@id\":\"https:\\\/\\\/buletin.de\\\/bucuresti\\\/schela-care-s-a-prabusit-era-a-firmei-primariei-capitalei\\\/#breadcrumb\"},\"inLanguage\":\"en-GB\",\"potentialAction\":[{\"@type\":\"ReadAction\",\"target\":[\"https:\\\/\\\/buletin.de\\\/bucuresti\\\/schela-care-s-a-prabusit-era-a-firmei-primariei-capitalei\\\/\"]}]},{\"@type\":\"ImageObject\",\"inLanguage\":\"en-GB\",\"@id\":\"https:\\\/\\\/buletin.de\\\/bucuresti\\\/schela-care-s-a-prabusit-era-a-firmei-primariei-capitalei\\\/#primaryimage\",\"url\":\"https:\\\/\\\/buletin.de\\\/bucuresti\\\/wp-content\\\/uploads\\\/IMG-20190621-WA0012.jpg\",\"contentUrl\":\"https:\\\/\\\/buletin.de\\\/bucuresti\\\/wp-content\\\/uploads\\\/IMG-20190621-WA0012.jpg\",\"width\":1600,\"height\":1200,\"caption\":\"schela daramata de furtuna\"},{\"@type\":\"BreadcrumbList\",\"@id\":\"https:\\\/\\\/buletin.de\\\/bucuresti\\\/schela-care-s-a-prabusit-era-a-firmei-primariei-capitalei\\\/#breadcrumb\",\"itemListElement\":[{\"@type\":\"ListItem\",\"position\":1,\"name\":\"Acas\u0103\",\"item\":\"https:\\\/\\\/buletin.de\\\/bucuresti\\\/\"},{\"@type\":\"ListItem\",\"position\":2,\"name\":\"Schela care s-a pr\u0103bu\u0219it era a firmei Prim\u0103riei Capitalei\"}]},{\"@type\":\"WebSite\",\"@id\":\"https:\\\/\\\/buletin.de\\\/bucuresti\\\/#website\",\"url\":\"https:\\\/\\\/buletin.de\\\/bucuresti\\\/\",\"name\":\"Buletin de Bucure\u0219ti\",\"description\":\"\u0218tiri \u0219i investiga\u021bii esen\u021biale din capital\u0103\",\"publisher\":{\"@id\":\"https:\\\/\\\/buletin.de\\\/bucuresti\\\/#organization\"},\"potentialAction\":[{\"@type\":\"SearchAction\",\"target\":{\"@type\":\"EntryPoint\",\"urlTemplate\":\"https:\\\/\\\/buletin.de\\\/bucuresti\\\/?s={search_term_string}\"},\"query-input\":{\"@type\":\"PropertyValueSpecification\",\"valueRequired\":true,\"valueName\":\"search_term_string\"}}],\"inLanguage\":\"en-GB\"},{\"@type\":\"Organization\",\"@id\":\"https:\\\/\\\/buletin.de\\\/bucuresti\\\/#organization\",\"name\":\"Buletin de Bucure\u0219ti\",\"url\":\"https:\\\/\\\/buletin.de\\\/bucuresti\\\/\",\"logo\":{\"@type\":\"ImageObject\",\"inLanguage\":\"en-GB\",\"@id\":\"https:\\\/\\\/buletin.de\\\/bucuresti\\\/#\\\/schema\\\/logo\\\/image\\\/\",\"url\":\"https:\\\/\\\/buletin.de\\\/bucuresti\\\/wp-content\\\/uploads\\\/logo-bdb-full-wide-vernil-transparent.png\",\"contentUrl\":\"https:\\\/\\\/buletin.de\\\/bucuresti\\\/wp-content\\\/uploads\\\/logo-bdb-full-wide-vernil-transparent.png\",\"width\":1782,\"height\":626,\"caption\":\"Buletin de Bucure\u0219ti\"},\"image\":{\"@id\":\"https:\\\/\\\/buletin.de\\\/bucuresti\\\/#\\\/schema\\\/logo\\\/image\\\/\"},\"sameAs\":[\"https:\\\/\\\/www.facebook.com\\\/buletin.de.buc\",\"https:\\\/\\\/www.instagram.com\\\/buletinde.bucuresti\\\/\"]},{\"@type\":\"Person\",\"@id\":\"https:\\\/\\\/buletin.de\\\/bucuresti\\\/#\\\/schema\\\/person\\\/2bbcf854e5f2419a13804af574d06ab1\",\"name\":\"Redac\u021bia Buletin de Bucure\u0219ti\",\"image\":{\"@type\":\"ImageObject\",\"inLanguage\":\"en-GB\",\"@id\":\"https:\\\/\\\/secure.gravatar.com\\\/avatar\\\/18c5342381ed1a08620e6280424e3e5efc958618f5d67c522c9e44c1bc6f9226?s=96&d=monsterid&r=g60c7cd0ad92c68c049fcd4bb3504d609\",\"url\":\"https:\\\/\\\/secure.gravatar.com\\\/avatar\\\/18c5342381ed1a08620e6280424e3e5efc958618f5d67c522c9e44c1bc6f9226?s=96&d=monsterid&r=g\",\"contentUrl\":\"https:\\\/\\\/secure.gravatar.com\\\/avatar\\\/18c5342381ed1a08620e6280424e3e5efc958618f5d67c522c9e44c1bc6f9226?s=96&d=monsterid&r=g\",\"caption\":\"Redac\u021bia Buletin de Bucure\u0219ti\"},\"description\":\"Buletin de Bucure\u0219ti exist\u0103 din vara anului 2019.\",\"url\":\"https:\\\/\\\/buletin.de\\\/bucuresti\\\/author\\\/adminbuletin\\\/\"}]}<\/script>\n<!-- \/ Yoast SEO Premium plugin. -->","yoast_head_json":{"title":"Schela care s-a pr\u0103bu\u0219it era a firmei Prim\u0103riei Capitalei - Buletin de Bucure\u0219ti","robots":{"index":"index","follow":"follow","max-snippet":"max-snippet:-1","max-image-preview":"max-image-preview:large","max-video-preview":"max-video-preview:-1"},"canonical":"https:\/\/buletin.de\/bucuresti\/schela-care-s-a-prabusit-era-a-firmei-primariei-capitalei\/","og_locale":"en_GB","og_type":"article","og_title":"Schela care s-a pr\u0103bu\u0219it era a firmei Prim\u0103riei Capitalei","og_description":"Compania Municipal\u0103 Consolid\u0103ri a cump\u0103rat schele de 1,6 milioane de lei \u00een ultimul an Cl\u0103direa de pe strada \u0218tirbei Vod\u0103 nr. 20 din Capital\u0103, de pe care s-a pr\u0103bu\u0219it schela \u00een aceast\u0103 dup\u0103-amiaz\u0103, era consolidat\u0103 de Compania Municipal\u0103 Consolid\u0103ri S.A. &#8211; una dintre firmele \u00eenfiin\u021bate de Gabriela Firea \u0219i declarate ilegale de instan\u021b\u0103.&nbsp; Lucr\u0103rile au [&hellip;]","og_url":"https:\/\/buletin.de\/bucuresti\/schela-care-s-a-prabusit-era-a-firmei-primariei-capitalei\/","og_site_name":"Buletin de Bucure\u0219ti","article_publisher":"https:\/\/www.facebook.com\/buletin.de.buc","article_published_time":"2019-06-21T18:13:38+00:00","article_modified_time":"2019-06-26T09:05:37+00:00","og_image":[{"width":1600,"height":1200,"url":"https:\/\/buletin.de\/bucuresti\/wp-content\/uploads\/IMG-20190621-WA0012.jpg","type":"image\/jpeg"}],"author":"Redac\u021bia Buletin de Bucure\u0219ti","twitter_card":"summary_large_image","twitter_misc":{"Written by":"Redac\u021bia Buletin de Bucure\u0219ti","Estimated reading time":"3 minutes"},"schema":{"@context":"https:\/\/schema.org","@graph":[{"@type":"Article","@id":"https:\/\/buletin.de\/bucuresti\/schela-care-s-a-prabusit-era-a-firmei-primariei-capitalei\/#article","isPartOf":{"@id":"https:\/\/buletin.de\/bucuresti\/schela-care-s-a-prabusit-era-a-firmei-primariei-capitalei\/"},"author":{"name":"Redac\u021bia Buletin de Bucure\u0219ti","@id":"https:\/\/buletin.de\/bucuresti\/#\/schema\/person\/2bbcf854e5f2419a13804af574d06ab1"},"headline":"Schela care s-a pr\u0103bu\u0219it era a firmei Prim\u0103riei Capitalei","datePublished":"2019-06-21T18:13:38+00:00","dateModified":"2019-06-26T09:05:37+00:00","mainEntityOfPage":{"@id":"https:\/\/buletin.de\/bucuresti\/schela-care-s-a-prabusit-era-a-firmei-primariei-capitalei\/"},"wordCount":539,"publisher":{"@id":"https:\/\/buletin.de\/bucuresti\/#organization"},"image":{"@id":"https:\/\/buletin.de\/bucuresti\/schela-care-s-a-prabusit-era-a-firmei-primariei-capitalei\/#primaryimage"},"thumbnailUrl":"https:\/\/buletin.de\/bucuresti\/wp-content\/uploads\/IMG-20190621-WA0012.jpg","articleSection":["\u0218tiri"],"inLanguage":"en-GB","copyrightYear":"2019","copyrightHolder":{"@id":"https:\/\/buletin.de\/bucuresti\/#organization"}},{"@type":"WebPage","@id":"https:\/\/buletin.de\/bucuresti\/schela-care-s-a-prabusit-era-a-firmei-primariei-capitalei\/","url":"https:\/\/buletin.de\/bucuresti\/schela-care-s-a-prabusit-era-a-firmei-primariei-capitalei\/","name":"Schela care s-a pr\u0103bu\u0219it era a firmei Prim\u0103riei Capitalei - Buletin de Bucure\u0219ti","isPartOf":{"@id":"https:\/\/buletin.de\/bucuresti\/#website"},"primaryImageOfPage":{"@id":"https:\/\/buletin.de\/bucuresti\/schela-care-s-a-prabusit-era-a-firmei-primariei-capitalei\/#primaryimage"},"image":{"@id":"https:\/\/buletin.de\/bucuresti\/schela-care-s-a-prabusit-era-a-firmei-primariei-capitalei\/#primaryimage"},"thumbnailUrl":"https:\/\/buletin.de\/bucuresti\/wp-content\/uploads\/IMG-20190621-WA0012.jpg","datePublished":"2019-06-21T18:13:38+00:00","dateModified":"2019-06-26T09:05:37+00:00","breadcrumb":{"@id":"https:\/\/buletin.de\/bucuresti\/schela-care-s-a-prabusit-era-a-firmei-primariei-capitalei\/#breadcrumb"},"inLanguage":"en-GB","potentialAction":[{"@type":"ReadAction","target":["https:\/\/buletin.de\/bucuresti\/schela-care-s-a-prabusit-era-a-firmei-primariei-capitalei\/"]}]},{"@type":"ImageObject","inLanguage":"en-GB","@id":"https:\/\/buletin.de\/bucuresti\/schela-care-s-a-prabusit-era-a-firmei-primariei-capitalei\/#primaryimage","url":"https:\/\/buletin.de\/bucuresti\/wp-content\/uploads\/IMG-20190621-WA0012.jpg","contentUrl":"https:\/\/buletin.de\/bucuresti\/wp-content\/uploads\/IMG-20190621-WA0012.jpg","width":1600,"height":1200,"caption":"schela daramata de furtuna"},{"@type":"BreadcrumbList","@id":"https:\/\/buletin.de\/bucuresti\/schela-care-s-a-prabusit-era-a-firmei-primariei-capitalei\/#breadcrumb","itemListElement":[{"@type":"ListItem","position":1,"name":"Acas\u0103","item":"https:\/\/buletin.de\/bucuresti\/"},{"@type":"ListItem","position":2,"name":"Schela care s-a pr\u0103bu\u0219it era a firmei Prim\u0103riei Capitalei"}]},{"@type":"WebSite","@id":"https:\/\/buletin.de\/bucuresti\/#website","url":"https:\/\/buletin.de\/bucuresti\/","name":"Buletin de Bucure\u0219ti","description":"\u0218tiri \u0219i investiga\u021bii esen\u021biale din capital\u0103","publisher":{"@id":"https:\/\/buletin.de\/bucuresti\/#organization"},"potentialAction":[{"@type":"SearchAction","target":{"@type":"EntryPoint","urlTemplate":"https:\/\/buletin.de\/bucuresti\/?s={search_term_string}"},"query-input":{"@type":"PropertyValueSpecification","valueRequired":true,"valueName":"search_term_string"}}],"inLanguage":"en-GB"},{"@type":"Organization","@id":"https:\/\/buletin.de\/bucuresti\/#organization","name":"Buletin de Bucure\u0219ti","url":"https:\/\/buletin.de\/bucuresti\/","logo":{"@type":"ImageObject","inLanguage":"en-GB","@id":"https:\/\/buletin.de\/bucuresti\/#\/schema\/logo\/image\/","url":"https:\/\/buletin.de\/bucuresti\/wp-content\/uploads\/logo-bdb-full-wide-vernil-transparent.png","contentUrl":"https:\/\/buletin.de\/bucuresti\/wp-content\/uploads\/logo-bdb-full-wide-vernil-transparent.png","width":1782,"height":626,"caption":"Buletin de Bucure\u0219ti"},"image":{"@id":"https:\/\/buletin.de\/bucuresti\/#\/schema\/logo\/image\/"},"sameAs":["https:\/\/www.facebook.com\/buletin.de.buc","https:\/\/www.instagram.com\/buletinde.bucuresti\/"]},{"@type":"Person","@id":"https:\/\/buletin.de\/bucuresti\/#\/schema\/person\/2bbcf854e5f2419a13804af574d06ab1","name":"Redac\u021bia Buletin de Bucure\u0219ti","image":{"@type":"ImageObject","inLanguage":"en-GB","@id":"https:\/\/secure.gravatar.com\/avatar\/18c5342381ed1a08620e6280424e3e5efc958618f5d67c522c9e44c1bc6f9226?s=96&d=monsterid&r=g60c7cd0ad92c68c049fcd4bb3504d609","url":"https:\/\/secure.gravatar.com\/avatar\/18c5342381ed1a08620e6280424e3e5efc958618f5d67c522c9e44c1bc6f9226?s=96&d=monsterid&r=g","contentUrl":"https:\/\/secure.gravatar.com\/avatar\/18c5342381ed1a08620e6280424e3e5efc958618f5d67c522c9e44c1bc6f9226?s=96&d=monsterid&r=g","caption":"Redac\u021bia Buletin de Bucure\u0219ti"},"description":"Buletin de Bucure\u0219ti exist\u0103 din vara anului 2019.","url":"https:\/\/buletin.de\/bucuresti\/author\/adminbuletin\/"}]}},"authors":[{"term_id":22583,"user_id":1,"is_guest":0,"slug":"adminbuletin","display_name":"Redac\u021bia Buletin de Bucure\u0219ti","avatar_url":"https:\/\/secure.gravatar.com\/avatar\/18c5342381ed1a08620e6280424e3e5efc958618f5d67c522c9e44c1bc6f9226?s=96&d=monsterid&r=g","0":null,"1":"","2":"","3":"","4":"","5":"","6":"","7":"","8":""}],"_links":{"self":[{"href":"https:\/\/buletin.de\/bucuresti\/wp-json\/wp\/v2\/posts\/537","targetHints":{"allow":["GET"]}}],"collection":[{"href":"https:\/\/buletin.de\/bucuresti\/wp-json\/wp\/v2\/posts"}],"about":[{"href":"https:\/\/buletin.de\/bucuresti\/wp-json\/wp\/v2\/types\/post"}],"author":[{"embeddable":true,"href":"https:\/\/buletin.de\/bucuresti\/wp-json\/wp\/v2\/users\/1"}],"replies":[{"embeddable":true,"href":"https:\/\/buletin.de\/bucuresti\/wp-json\/wp\/v2\/comments?post=537"}],"version-history":[{"count":10,"href":"https:\/\/buletin.de\/bucuresti\/wp-json\/wp\/v2\/posts\/537\/revisions"}],"predecessor-version":[{"id":578,"href":"https:\/\/buletin.de\/bucuresti\/wp-json\/wp\/v2\/posts\/537\/revisions\/578"}],"wp:featuredmedia":[{"embeddable":true,"href":"https:\/\/buletin.de\/bucuresti\/wp-json\/wp\/v2\/media\/539"}],"wp:attachment":[{"href":"https:\/\/buletin.de\/bucuresti\/wp-json\/wp\/v2\/media?parent=537"}],"wp:term":[{"taxonomy":"category","embeddable":true,"href":"https:\/\/buletin.de\/bucuresti\/wp-json\/wp\/v2\/categories?post=537"},{"taxonomy":"post_tag","embeddable":true,"href":"https:\/\/buletin.de\/bucuresti\/wp-json\/wp\/v2\/tags?post=537"},{"taxonomy":"author","embeddable":true,"href":"https:\/\/buletin.de\/bucuresti\/wp-json\/wp\/v2\/ppma_author?post=537"}],"curies":[{"name":"wp","href":"https:\/\/api.w.org\/{rel}","templated":true}]}}