{"id":53603,"date":"2023-02-08T12:17:58","date_gmt":"2023-02-08T10:17:58","guid":{"rendered":"https:\/\/buletin.de\/bucuresti\/?p=53603"},"modified":"2023-02-08T12:19:38","modified_gmt":"2023-02-08T10:19:38","slug":"perchezitii-la-primaria-sectorului-5-pentru-fals-in-acte","status":"publish","type":"post","link":"https:\/\/buletin.de\/bucuresti\/perchezitii-la-primaria-sectorului-5-pentru-fals-in-acte\/","title":{"rendered":"Perchezi\u021bii la Prim\u0103ria Sectorului 5 pentru fals \u00een acte"},"content":{"rendered":"\n<p><strong>Sunt perchezi\u021bii ale Poli\u021biei Capitalei la Prim\u0103ria Sector 5 \u0219i alte 2 adrese. Anchetatorii caut\u0103 probe \u00eentr-un dosar de de \u00een\u0219el\u0103ciune, fals \u00een declara\u021bii, fals intelectual \u0219i uz de fals. 12 persoane vor fi aduse la audieri la sediul Serviciului de Investigare a Criminalit\u0103\u021bii Economice \u2013 Sector 5.<\/strong><\/p>\n\n\n\n<p>Faptele cercetate de poli\u021bi\u0219ti vizeaz\u0103 recep\u021bia unei construc\u021bii. Persoanele cercetate \u00een dosar sunt acuzate de faptul c\u0103 ar fi min\u021bit \u00een \u00eentocmirea unui proces verbal de recep\u021bie la terminarea lucr\u0103rilor unui bloc. Acest certificat trebuia s\u0103 confirme faptul c\u0103 <em>\u201eexecutantul (construc\u021biei) \u015fi-a \u00eendeplinit obliga\u0163iile \u00een conformitate cu prevederile contractului \u015fi ale documenta\u0163iei de execu\u0163ie\u201d<\/em>, conform M.O. nr. 193\/2807.1994.  <\/p>\n\n\n\n<p>La finalul celor 3 perchezi\u021bii, de la Prim\u0103ria Sector 5 \u0219i dou\u0103 domicilii private, 12 persoane vor fi conduse, \u00een urma aplic\u0103rii unor mandate de aducere, la sediul Serviciului de Investigare a Criminalit\u0103\u021bii Economice \u2013 Sector 5. Cercet\u0103rile sunt continuate de c\u0103tre poli\u021bi\u0219ti sec\u021biei respective, sub supravegherea Parchetului de pe l\u00e2ng\u0103 Judec\u0103toria Sectorului 5<\/p>\n","protected":false},"excerpt":{"rendered":"<p>Sunt perchezi\u021bii ale Poli\u021biei Capitalei la Prim\u0103ria Sector 5 \u0219i alte 2 adrese. Anchetatorii caut\u0103 probe \u00eentr-un dosar de de \u00een\u0219el\u0103ciune, fals \u00een declara\u021bii, fals intelectual \u0219i uz de fals. 12 persoane vor fi aduse la audieri la sediul Serviciului de Investigare a Criminalit\u0103\u021bii Economice \u2013 Sector 5. Faptele cercetate de poli\u021bi\u0219ti vizeaz\u0103 recep\u021bia unei [&hellip;]<\/p>\n","protected":false},"author":47,"featured_media":50914,"comment_status":"closed","ping_status":"open","sticky":false,"template":"","format":"standard","meta":{"_acf_changed":false,"inline_featured_image":false,"ngg_post_thumbnail":0,"footnotes":""},"categories":[62],"tags":[],"ppma_author":[22580],"class_list":["post-53603","post","type-post","status-publish","format-standard","has-post-thumbnail","hentry","category-stiri"],"acf":[],"yoast_head":"<!-- This site is optimized with the Yoast SEO Premium plugin v25.3 (Yoast SEO v27.4) - https:\/\/yoast.com\/product\/yoast-seo-premium-wordpress\/ -->\n<title>Perchezi\u021bii la Prim\u0103ria Sectorului 5 pentru fals \u00een acte - Buletin de Bucure\u0219ti<\/title>\n<meta name=\"robots\" content=\"index, follow, max-snippet:-1, max-image-preview:large, max-video-preview:-1\" \/>\n<link rel=\"canonical\" href=\"https:\/\/buletin.de\/bucuresti\/perchezitii-la-primaria-sectorului-5-pentru-fals-in-acte\/\" \/>\n<meta property=\"og:locale\" content=\"en_GB\" \/>\n<meta property=\"og:type\" content=\"article\" \/>\n<meta property=\"og:title\" content=\"Perchezi\u021bii la Prim\u0103ria Sectorului 5 pentru fals \u00een acte\" \/>\n<meta property=\"og:description\" content=\"Sunt perchezi\u021bii ale Poli\u021biei Capitalei la Prim\u0103ria Sector 5 \u0219i alte 2 adrese. Anchetatorii caut\u0103 probe \u00eentr-un dosar de de \u00een\u0219el\u0103ciune, fals \u00een declara\u021bii, fals intelectual \u0219i uz de fals. 12 persoane vor fi aduse la audieri la sediul Serviciului de Investigare a Criminalit\u0103\u021bii Economice \u2013 Sector 5. Faptele cercetate de poli\u021bi\u0219ti vizeaz\u0103 recep\u021bia unei [&hellip;]\" \/>\n<meta property=\"og:url\" content=\"https:\/\/buletin.de\/bucuresti\/perchezitii-la-primaria-sectorului-5-pentru-fals-in-acte\/\" \/>\n<meta property=\"og:site_name\" content=\"Buletin de Bucure\u0219ti\" \/>\n<meta property=\"article:publisher\" content=\"https:\/\/www.facebook.com\/buletin.de.buc\" \/>\n<meta property=\"article:published_time\" content=\"2023-02-08T10:17:58+00:00\" \/>\n<meta property=\"article:modified_time\" content=\"2023-02-08T10:19:38+00:00\" \/>\n<meta property=\"og:image\" content=\"https:\/\/buletin.de\/bucuresti\/wp-content\/uploads\/sector-5.jpg\" \/>\n\t<meta property=\"og:image:width\" content=\"1600\" \/>\n\t<meta property=\"og:image:height\" content=\"900\" \/>\n\t<meta property=\"og:image:type\" content=\"image\/jpeg\" \/>\n<meta name=\"author\" content=\"Adina C\u0103p\u00eelnean\" \/>\n<meta name=\"twitter:card\" content=\"summary_large_image\" \/>\n<meta name=\"twitter:label1\" content=\"Written by\" \/>\n\t<meta name=\"twitter:data1\" content=\"Adina C\u0103p\u00eelnean\" \/>\n\t<meta name=\"twitter:label2\" content=\"Estimated reading time\" \/>\n\t<meta name=\"twitter:data2\" content=\"1 minute\" \/>\n<script type=\"application\/ld+json\" class=\"yoast-schema-graph\">{\"@context\":\"https:\\\/\\\/schema.org\",\"@graph\":[{\"@type\":\"Article\",\"@id\":\"https:\\\/\\\/buletin.de\\\/bucuresti\\\/perchezitii-la-primaria-sectorului-5-pentru-fals-in-acte\\\/#article\",\"isPartOf\":{\"@id\":\"https:\\\/\\\/buletin.de\\\/bucuresti\\\/perchezitii-la-primaria-sectorului-5-pentru-fals-in-acte\\\/\"},\"author\":{\"name\":\"Adina C\u0103p\u00eelnean\",\"@id\":\"https:\\\/\\\/buletin.de\\\/bucuresti\\\/#\\\/schema\\\/person\\\/ab174cf6711728e4ee83d672acf9a912\"},\"headline\":\"Perchezi\u021bii la Prim\u0103ria Sectorului 5 pentru fals \u00een acte\",\"datePublished\":\"2023-02-08T10:17:58+00:00\",\"dateModified\":\"2023-02-08T10:19:38+00:00\",\"mainEntityOfPage\":{\"@id\":\"https:\\\/\\\/buletin.de\\\/bucuresti\\\/perchezitii-la-primaria-sectorului-5-pentru-fals-in-acte\\\/\"},\"wordCount\":188,\"publisher\":{\"@id\":\"https:\\\/\\\/buletin.de\\\/bucuresti\\\/#organization\"},\"image\":{\"@id\":\"https:\\\/\\\/buletin.de\\\/bucuresti\\\/perchezitii-la-primaria-sectorului-5-pentru-fals-in-acte\\\/#primaryimage\"},\"thumbnailUrl\":\"https:\\\/\\\/buletin.de\\\/bucuresti\\\/wp-content\\\/uploads\\\/sector-5.jpg\",\"articleSection\":[\"\u0218tiri\"],\"inLanguage\":\"en-GB\",\"copyrightYear\":\"2023\",\"copyrightHolder\":{\"@id\":\"https:\\\/\\\/buletin.de\\\/bucuresti\\\/#organization\"}},{\"@type\":\"WebPage\",\"@id\":\"https:\\\/\\\/buletin.de\\\/bucuresti\\\/perchezitii-la-primaria-sectorului-5-pentru-fals-in-acte\\\/\",\"url\":\"https:\\\/\\\/buletin.de\\\/bucuresti\\\/perchezitii-la-primaria-sectorului-5-pentru-fals-in-acte\\\/\",\"name\":\"Perchezi\u021bii la Prim\u0103ria Sectorului 5 pentru fals \u00een acte - Buletin de Bucure\u0219ti\",\"isPartOf\":{\"@id\":\"https:\\\/\\\/buletin.de\\\/bucuresti\\\/#website\"},\"primaryImageOfPage\":{\"@id\":\"https:\\\/\\\/buletin.de\\\/bucuresti\\\/perchezitii-la-primaria-sectorului-5-pentru-fals-in-acte\\\/#primaryimage\"},\"image\":{\"@id\":\"https:\\\/\\\/buletin.de\\\/bucuresti\\\/perchezitii-la-primaria-sectorului-5-pentru-fals-in-acte\\\/#primaryimage\"},\"thumbnailUrl\":\"https:\\\/\\\/buletin.de\\\/bucuresti\\\/wp-content\\\/uploads\\\/sector-5.jpg\",\"datePublished\":\"2023-02-08T10:17:58+00:00\",\"dateModified\":\"2023-02-08T10:19:38+00:00\",\"breadcrumb\":{\"@id\":\"https:\\\/\\\/buletin.de\\\/bucuresti\\\/perchezitii-la-primaria-sectorului-5-pentru-fals-in-acte\\\/#breadcrumb\"},\"inLanguage\":\"en-GB\",\"potentialAction\":[{\"@type\":\"ReadAction\",\"target\":[\"https:\\\/\\\/buletin.de\\\/bucuresti\\\/perchezitii-la-primaria-sectorului-5-pentru-fals-in-acte\\\/\"]}]},{\"@type\":\"ImageObject\",\"inLanguage\":\"en-GB\",\"@id\":\"https:\\\/\\\/buletin.de\\\/bucuresti\\\/perchezitii-la-primaria-sectorului-5-pentru-fals-in-acte\\\/#primaryimage\",\"url\":\"https:\\\/\\\/buletin.de\\\/bucuresti\\\/wp-content\\\/uploads\\\/sector-5.jpg\",\"contentUrl\":\"https:\\\/\\\/buletin.de\\\/bucuresti\\\/wp-content\\\/uploads\\\/sector-5.jpg\",\"width\":1600,\"height\":900},{\"@type\":\"BreadcrumbList\",\"@id\":\"https:\\\/\\\/buletin.de\\\/bucuresti\\\/perchezitii-la-primaria-sectorului-5-pentru-fals-in-acte\\\/#breadcrumb\",\"itemListElement\":[{\"@type\":\"ListItem\",\"position\":1,\"name\":\"Acas\u0103\",\"item\":\"https:\\\/\\\/buletin.de\\\/bucuresti\\\/\"},{\"@type\":\"ListItem\",\"position\":2,\"name\":\"Perchezi\u021bii la Prim\u0103ria Sectorului 5 pentru fals \u00een acte\"}]},{\"@type\":\"WebSite\",\"@id\":\"https:\\\/\\\/buletin.de\\\/bucuresti\\\/#website\",\"url\":\"https:\\\/\\\/buletin.de\\\/bucuresti\\\/\",\"name\":\"Buletin de Bucure\u0219ti\",\"description\":\"\u0218tiri \u0219i investiga\u021bii esen\u021biale din capital\u0103\",\"publisher\":{\"@id\":\"https:\\\/\\\/buletin.de\\\/bucuresti\\\/#organization\"},\"potentialAction\":[{\"@type\":\"SearchAction\",\"target\":{\"@type\":\"EntryPoint\",\"urlTemplate\":\"https:\\\/\\\/buletin.de\\\/bucuresti\\\/?s={search_term_string}\"},\"query-input\":{\"@type\":\"PropertyValueSpecification\",\"valueRequired\":true,\"valueName\":\"search_term_string\"}}],\"inLanguage\":\"en-GB\"},{\"@type\":\"Organization\",\"@id\":\"https:\\\/\\\/buletin.de\\\/bucuresti\\\/#organization\",\"name\":\"Buletin de Bucure\u0219ti\",\"url\":\"https:\\\/\\\/buletin.de\\\/bucuresti\\\/\",\"logo\":{\"@type\":\"ImageObject\",\"inLanguage\":\"en-GB\",\"@id\":\"https:\\\/\\\/buletin.de\\\/bucuresti\\\/#\\\/schema\\\/logo\\\/image\\\/\",\"url\":\"https:\\\/\\\/buletin.de\\\/bucuresti\\\/wp-content\\\/uploads\\\/logo-bdb-full-wide-vernil-transparent.png\",\"contentUrl\":\"https:\\\/\\\/buletin.de\\\/bucuresti\\\/wp-content\\\/uploads\\\/logo-bdb-full-wide-vernil-transparent.png\",\"width\":1782,\"height\":626,\"caption\":\"Buletin de Bucure\u0219ti\"},\"image\":{\"@id\":\"https:\\\/\\\/buletin.de\\\/bucuresti\\\/#\\\/schema\\\/logo\\\/image\\\/\"},\"sameAs\":[\"https:\\\/\\\/www.facebook.com\\\/buletin.de.buc\",\"https:\\\/\\\/www.instagram.com\\\/buletinde.bucuresti\\\/\"]},{\"@type\":\"Person\",\"@id\":\"https:\\\/\\\/buletin.de\\\/bucuresti\\\/#\\\/schema\\\/person\\\/ab174cf6711728e4ee83d672acf9a912\",\"name\":\"Adina C\u0103p\u00eelnean\",\"image\":{\"@type\":\"ImageObject\",\"inLanguage\":\"en-GB\",\"@id\":\"https:\\\/\\\/secure.gravatar.com\\\/avatar\\\/4fe9675d6282fd7c1aa4e486a037d532d5728fc16a30360f293eb6126b2e73ad?s=96&d=monsterid&r=ge2b23868508aec3460d3c6a11d3b599a\",\"url\":\"https:\\\/\\\/secure.gravatar.com\\\/avatar\\\/4fe9675d6282fd7c1aa4e486a037d532d5728fc16a30360f293eb6126b2e73ad?s=96&d=monsterid&r=g\",\"contentUrl\":\"https:\\\/\\\/secure.gravatar.com\\\/avatar\\\/4fe9675d6282fd7c1aa4e486a037d532d5728fc16a30360f293eb6126b2e73ad?s=96&d=monsterid&r=g\",\"caption\":\"Adina C\u0103p\u00eelnean\"},\"url\":\"https:\\\/\\\/buletin.de\\\/bucuresti\\\/author\\\/adinacapilnean\\\/\"}]}<\/script>\n<!-- \/ Yoast SEO Premium plugin. -->","yoast_head_json":{"title":"Perchezi\u021bii la Prim\u0103ria Sectorului 5 pentru fals \u00een acte - Buletin de Bucure\u0219ti","robots":{"index":"index","follow":"follow","max-snippet":"max-snippet:-1","max-image-preview":"max-image-preview:large","max-video-preview":"max-video-preview:-1"},"canonical":"https:\/\/buletin.de\/bucuresti\/perchezitii-la-primaria-sectorului-5-pentru-fals-in-acte\/","og_locale":"en_GB","og_type":"article","og_title":"Perchezi\u021bii la Prim\u0103ria Sectorului 5 pentru fals \u00een acte","og_description":"Sunt perchezi\u021bii ale Poli\u021biei Capitalei la Prim\u0103ria Sector 5 \u0219i alte 2 adrese. Anchetatorii caut\u0103 probe \u00eentr-un dosar de de \u00een\u0219el\u0103ciune, fals \u00een declara\u021bii, fals intelectual \u0219i uz de fals. 12 persoane vor fi aduse la audieri la sediul Serviciului de Investigare a Criminalit\u0103\u021bii Economice \u2013 Sector 5. Faptele cercetate de poli\u021bi\u0219ti vizeaz\u0103 recep\u021bia unei [&hellip;]","og_url":"https:\/\/buletin.de\/bucuresti\/perchezitii-la-primaria-sectorului-5-pentru-fals-in-acte\/","og_site_name":"Buletin de Bucure\u0219ti","article_publisher":"https:\/\/www.facebook.com\/buletin.de.buc","article_published_time":"2023-02-08T10:17:58+00:00","article_modified_time":"2023-02-08T10:19:38+00:00","og_image":[{"width":1600,"height":900,"url":"https:\/\/buletin.de\/bucuresti\/wp-content\/uploads\/sector-5.jpg","type":"image\/jpeg"}],"author":"Adina C\u0103p\u00eelnean","twitter_card":"summary_large_image","twitter_misc":{"Written by":"Adina C\u0103p\u00eelnean","Estimated reading time":"1 minute"},"schema":{"@context":"https:\/\/schema.org","@graph":[{"@type":"Article","@id":"https:\/\/buletin.de\/bucuresti\/perchezitii-la-primaria-sectorului-5-pentru-fals-in-acte\/#article","isPartOf":{"@id":"https:\/\/buletin.de\/bucuresti\/perchezitii-la-primaria-sectorului-5-pentru-fals-in-acte\/"},"author":{"name":"Adina C\u0103p\u00eelnean","@id":"https:\/\/buletin.de\/bucuresti\/#\/schema\/person\/ab174cf6711728e4ee83d672acf9a912"},"headline":"Perchezi\u021bii la Prim\u0103ria Sectorului 5 pentru fals \u00een acte","datePublished":"2023-02-08T10:17:58+00:00","dateModified":"2023-02-08T10:19:38+00:00","mainEntityOfPage":{"@id":"https:\/\/buletin.de\/bucuresti\/perchezitii-la-primaria-sectorului-5-pentru-fals-in-acte\/"},"wordCount":188,"publisher":{"@id":"https:\/\/buletin.de\/bucuresti\/#organization"},"image":{"@id":"https:\/\/buletin.de\/bucuresti\/perchezitii-la-primaria-sectorului-5-pentru-fals-in-acte\/#primaryimage"},"thumbnailUrl":"https:\/\/buletin.de\/bucuresti\/wp-content\/uploads\/sector-5.jpg","articleSection":["\u0218tiri"],"inLanguage":"en-GB","copyrightYear":"2023","copyrightHolder":{"@id":"https:\/\/buletin.de\/bucuresti\/#organization"}},{"@type":"WebPage","@id":"https:\/\/buletin.de\/bucuresti\/perchezitii-la-primaria-sectorului-5-pentru-fals-in-acte\/","url":"https:\/\/buletin.de\/bucuresti\/perchezitii-la-primaria-sectorului-5-pentru-fals-in-acte\/","name":"Perchezi\u021bii la Prim\u0103ria Sectorului 5 pentru fals \u00een acte - Buletin de Bucure\u0219ti","isPartOf":{"@id":"https:\/\/buletin.de\/bucuresti\/#website"},"primaryImageOfPage":{"@id":"https:\/\/buletin.de\/bucuresti\/perchezitii-la-primaria-sectorului-5-pentru-fals-in-acte\/#primaryimage"},"image":{"@id":"https:\/\/buletin.de\/bucuresti\/perchezitii-la-primaria-sectorului-5-pentru-fals-in-acte\/#primaryimage"},"thumbnailUrl":"https:\/\/buletin.de\/bucuresti\/wp-content\/uploads\/sector-5.jpg","datePublished":"2023-02-08T10:17:58+00:00","dateModified":"2023-02-08T10:19:38+00:00","breadcrumb":{"@id":"https:\/\/buletin.de\/bucuresti\/perchezitii-la-primaria-sectorului-5-pentru-fals-in-acte\/#breadcrumb"},"inLanguage":"en-GB","potentialAction":[{"@type":"ReadAction","target":["https:\/\/buletin.de\/bucuresti\/perchezitii-la-primaria-sectorului-5-pentru-fals-in-acte\/"]}]},{"@type":"ImageObject","inLanguage":"en-GB","@id":"https:\/\/buletin.de\/bucuresti\/perchezitii-la-primaria-sectorului-5-pentru-fals-in-acte\/#primaryimage","url":"https:\/\/buletin.de\/bucuresti\/wp-content\/uploads\/sector-5.jpg","contentUrl":"https:\/\/buletin.de\/bucuresti\/wp-content\/uploads\/sector-5.jpg","width":1600,"height":900},{"@type":"BreadcrumbList","@id":"https:\/\/buletin.de\/bucuresti\/perchezitii-la-primaria-sectorului-5-pentru-fals-in-acte\/#breadcrumb","itemListElement":[{"@type":"ListItem","position":1,"name":"Acas\u0103","item":"https:\/\/buletin.de\/bucuresti\/"},{"@type":"ListItem","position":2,"name":"Perchezi\u021bii la Prim\u0103ria Sectorului 5 pentru fals \u00een acte"}]},{"@type":"WebSite","@id":"https:\/\/buletin.de\/bucuresti\/#website","url":"https:\/\/buletin.de\/bucuresti\/","name":"Buletin de Bucure\u0219ti","description":"\u0218tiri \u0219i investiga\u021bii esen\u021biale din capital\u0103","publisher":{"@id":"https:\/\/buletin.de\/bucuresti\/#organization"},"potentialAction":[{"@type":"SearchAction","target":{"@type":"EntryPoint","urlTemplate":"https:\/\/buletin.de\/bucuresti\/?s={search_term_string}"},"query-input":{"@type":"PropertyValueSpecification","valueRequired":true,"valueName":"search_term_string"}}],"inLanguage":"en-GB"},{"@type":"Organization","@id":"https:\/\/buletin.de\/bucuresti\/#organization","name":"Buletin de Bucure\u0219ti","url":"https:\/\/buletin.de\/bucuresti\/","logo":{"@type":"ImageObject","inLanguage":"en-GB","@id":"https:\/\/buletin.de\/bucuresti\/#\/schema\/logo\/image\/","url":"https:\/\/buletin.de\/bucuresti\/wp-content\/uploads\/logo-bdb-full-wide-vernil-transparent.png","contentUrl":"https:\/\/buletin.de\/bucuresti\/wp-content\/uploads\/logo-bdb-full-wide-vernil-transparent.png","width":1782,"height":626,"caption":"Buletin de Bucure\u0219ti"},"image":{"@id":"https:\/\/buletin.de\/bucuresti\/#\/schema\/logo\/image\/"},"sameAs":["https:\/\/www.facebook.com\/buletin.de.buc","https:\/\/www.instagram.com\/buletinde.bucuresti\/"]},{"@type":"Person","@id":"https:\/\/buletin.de\/bucuresti\/#\/schema\/person\/ab174cf6711728e4ee83d672acf9a912","name":"Adina C\u0103p\u00eelnean","image":{"@type":"ImageObject","inLanguage":"en-GB","@id":"https:\/\/secure.gravatar.com\/avatar\/4fe9675d6282fd7c1aa4e486a037d532d5728fc16a30360f293eb6126b2e73ad?s=96&d=monsterid&r=ge2b23868508aec3460d3c6a11d3b599a","url":"https:\/\/secure.gravatar.com\/avatar\/4fe9675d6282fd7c1aa4e486a037d532d5728fc16a30360f293eb6126b2e73ad?s=96&d=monsterid&r=g","contentUrl":"https:\/\/secure.gravatar.com\/avatar\/4fe9675d6282fd7c1aa4e486a037d532d5728fc16a30360f293eb6126b2e73ad?s=96&d=monsterid&r=g","caption":"Adina C\u0103p\u00eelnean"},"url":"https:\/\/buletin.de\/bucuresti\/author\/adinacapilnean\/"}]}},"authors":[{"term_id":22580,"user_id":47,"is_guest":0,"slug":"adinacapilnean","display_name":"Adina C\u0103p\u00eelnean","avatar_url":"https:\/\/secure.gravatar.com\/avatar\/4fe9675d6282fd7c1aa4e486a037d532d5728fc16a30360f293eb6126b2e73ad?s=96&d=monsterid&r=g","0":null,"1":"","2":"","3":"","4":"","5":"","6":"","7":"","8":""}],"_links":{"self":[{"href":"https:\/\/buletin.de\/bucuresti\/wp-json\/wp\/v2\/posts\/53603","targetHints":{"allow":["GET"]}}],"collection":[{"href":"https:\/\/buletin.de\/bucuresti\/wp-json\/wp\/v2\/posts"}],"about":[{"href":"https:\/\/buletin.de\/bucuresti\/wp-json\/wp\/v2\/types\/post"}],"author":[{"embeddable":true,"href":"https:\/\/buletin.de\/bucuresti\/wp-json\/wp\/v2\/users\/47"}],"replies":[{"embeddable":true,"href":"https:\/\/buletin.de\/bucuresti\/wp-json\/wp\/v2\/comments?post=53603"}],"version-history":[{"count":3,"href":"https:\/\/buletin.de\/bucuresti\/wp-json\/wp\/v2\/posts\/53603\/revisions"}],"predecessor-version":[{"id":53616,"href":"https:\/\/buletin.de\/bucuresti\/wp-json\/wp\/v2\/posts\/53603\/revisions\/53616"}],"wp:featuredmedia":[{"embeddable":true,"href":"https:\/\/buletin.de\/bucuresti\/wp-json\/wp\/v2\/media\/50914"}],"wp:attachment":[{"href":"https:\/\/buletin.de\/bucuresti\/wp-json\/wp\/v2\/media?parent=53603"}],"wp:term":[{"taxonomy":"category","embeddable":true,"href":"https:\/\/buletin.de\/bucuresti\/wp-json\/wp\/v2\/categories?post=53603"},{"taxonomy":"post_tag","embeddable":true,"href":"https:\/\/buletin.de\/bucuresti\/wp-json\/wp\/v2\/tags?post=53603"},{"taxonomy":"author","embeddable":true,"href":"https:\/\/buletin.de\/bucuresti\/wp-json\/wp\/v2\/ppma_author?post=53603"}],"curies":[{"name":"wp","href":"https:\/\/api.w.org\/{rel}","templated":true}]}}