{"id":53599,"date":"2023-02-08T11:26:25","date_gmt":"2023-02-08T09:26:25","guid":{"rendered":"https:\/\/buletin.de\/bucuresti\/?p=53599"},"modified":"2023-02-08T11:26:26","modified_gmt":"2023-02-08T09:26:26","slug":"cardurile-contactless-metrorex-vor-putea-fi-reincarcate-la-automatele-de-vandut-cartele","status":"publish","type":"post","link":"https:\/\/buletin.de\/bucuresti\/cardurile-contactless-metrorex-vor-putea-fi-reincarcate-la-automatele-de-vandut-cartele\/","title":{"rendered":"Cardurile contactless Metrorex vor putea fi re\u00eenc\u0103rcate la automatele de v\u00e2ndut cartele"},"content":{"rendered":"\n<p>Metrorex anun\u021b\u0103 c\u0103 \u00eencep\u00e2nd de ast\u0103zi, 8.02.2023, cardurile contactless vor putea fi re\u00eenc\u0103rcate la automatele de v\u00e2ndut cartele din sta\u021biile de metrou. C\u0103l\u0103torii vor putea consulta \u0219i re\u00eenc\u0103rca cardurile \u00een c\u00e2teva secunde.<\/p>\n\n\n\n<p>Aceast\u0103 nou\u0103 func\u021bionalitate va permite c\u0103l\u0103torilor s\u0103 verifice pe cardurile contactless Metrorex titlurile de c\u0103l\u0103torie care au fost \u00eenc\u0103rcate anterior pe cardurile de\u021binute de ace\u0219tia. C\u0103l\u0103torii, vor putea afla toate informa\u021biile necesare, conform indica\u021biilor din meniul automatelor de v\u00e2ndut cartele. La automatele de v\u00e2ndut cartele nu se pot re\u00eenc\u0103rca titluri de c\u0103l\u0103torie cu reducere. Serviciul este func\u021bional \u00een toat\u0103 re\u021beaua de metrou, mai pu\u021bin la automatele amplasate \u00een sta\u021biile de pe tronsoanele Gara de Nord 2 \u2013 Str\u0103ule\u0219ti \u0219i Nicolae Grigorescu 2 \u2013 Anghel Saligny.<\/p>\n\n\n\n<p>Metrorex asigur\u0103 aceast\u0103 modalitate de re\u00eenc\u0103rcare a cardurilor contactless prin intermediul a 210 Automate de V\u00e2ndut Cartele, amplasate pe Magistralele 1, 2, 3 \u0219i 5. Implementarea noului serviciu reprezint\u0103 un rezultat important care ofer\u0103, astfel, c\u0103l\u0103torilor facilit\u0103\u021bi moderne de acces la metrou.<br><br>Surs\u0103 foto: Pagina de Facebook Metrorex<\/p>\n","protected":false},"excerpt":{"rendered":"<p>Metrorex anun\u021b\u0103 c\u0103 \u00eencep\u00e2nd de ast\u0103zi, 8.02.2023, cardurile contactless vor putea fi re\u00eenc\u0103rcate la automatele de v\u00e2ndut cartele din sta\u021biile de metrou. C\u0103l\u0103torii vor putea consulta \u0219i re\u00eenc\u0103rca cardurile \u00een c\u00e2teva secunde. Aceast\u0103 nou\u0103 func\u021bionalitate va permite c\u0103l\u0103torilor s\u0103 verifice pe cardurile contactless Metrorex titlurile de c\u0103l\u0103torie care au fost \u00eenc\u0103rcate anterior pe cardurile de\u021binute [&hellip;]<\/p>\n","protected":false},"author":45,"featured_media":53600,"comment_status":"closed","ping_status":"open","sticky":false,"template":"","format":"standard","meta":{"_acf_changed":false,"inline_featured_image":false,"ngg_post_thumbnail":0,"footnotes":""},"categories":[62],"tags":[],"ppma_author":[22604],"class_list":["post-53599","post","type-post","status-publish","format-standard","has-post-thumbnail","hentry","category-stiri"],"acf":[],"yoast_head":"<!-- This site is optimized with the Yoast SEO Premium plugin v25.3 (Yoast SEO v27.4) - https:\/\/yoast.com\/product\/yoast-seo-premium-wordpress\/ -->\n<title>Cardurile contactless Metrorex vor putea fi re\u00eenc\u0103rcate la automatele de v\u00e2ndut cartele - Buletin de Bucure\u0219ti<\/title>\n<meta name=\"robots\" content=\"index, follow, max-snippet:-1, max-image-preview:large, max-video-preview:-1\" \/>\n<link rel=\"canonical\" href=\"https:\/\/buletin.de\/bucuresti\/cardurile-contactless-metrorex-vor-putea-fi-reincarcate-la-automatele-de-vandut-cartele\/\" \/>\n<meta property=\"og:locale\" content=\"en_GB\" \/>\n<meta property=\"og:type\" content=\"article\" \/>\n<meta property=\"og:title\" content=\"Cardurile contactless Metrorex vor putea fi re\u00eenc\u0103rcate la automatele de v\u00e2ndut cartele\" \/>\n<meta property=\"og:description\" content=\"Metrorex anun\u021b\u0103 c\u0103 \u00eencep\u00e2nd de ast\u0103zi, 8.02.2023, cardurile contactless vor putea fi re\u00eenc\u0103rcate la automatele de v\u00e2ndut cartele din sta\u021biile de metrou. C\u0103l\u0103torii vor putea consulta \u0219i re\u00eenc\u0103rca cardurile \u00een c\u00e2teva secunde. Aceast\u0103 nou\u0103 func\u021bionalitate va permite c\u0103l\u0103torilor s\u0103 verifice pe cardurile contactless Metrorex titlurile de c\u0103l\u0103torie care au fost \u00eenc\u0103rcate anterior pe cardurile de\u021binute [&hellip;]\" \/>\n<meta property=\"og:url\" content=\"https:\/\/buletin.de\/bucuresti\/cardurile-contactless-metrorex-vor-putea-fi-reincarcate-la-automatele-de-vandut-cartele\/\" \/>\n<meta property=\"og:site_name\" content=\"Buletin de Bucure\u0219ti\" \/>\n<meta property=\"article:publisher\" content=\"https:\/\/www.facebook.com\/buletin.de.buc\" \/>\n<meta property=\"article:published_time\" content=\"2023-02-08T09:26:25+00:00\" \/>\n<meta property=\"article:modified_time\" content=\"2023-02-08T09:26:26+00:00\" \/>\n<meta property=\"og:image\" content=\"https:\/\/buletin.de\/bucuresti\/wp-content\/uploads\/330146099_915580926241001_8836782607199073162_n.jpg\" \/>\n\t<meta property=\"og:image:width\" content=\"682\" \/>\n\t<meta property=\"og:image:height\" content=\"1024\" \/>\n\t<meta property=\"og:image:type\" content=\"image\/jpeg\" \/>\n<meta name=\"author\" content=\"Teodora \u0218uta\" \/>\n<meta name=\"twitter:card\" content=\"summary_large_image\" \/>\n<meta name=\"twitter:label1\" content=\"Written by\" \/>\n\t<meta name=\"twitter:data1\" content=\"Teodora \u0218uta\" \/>\n\t<meta name=\"twitter:label2\" content=\"Estimated reading time\" \/>\n\t<meta name=\"twitter:data2\" content=\"1 minute\" \/>\n<script type=\"application\/ld+json\" class=\"yoast-schema-graph\">{\"@context\":\"https:\\\/\\\/schema.org\",\"@graph\":[{\"@type\":\"Article\",\"@id\":\"https:\\\/\\\/buletin.de\\\/bucuresti\\\/cardurile-contactless-metrorex-vor-putea-fi-reincarcate-la-automatele-de-vandut-cartele\\\/#article\",\"isPartOf\":{\"@id\":\"https:\\\/\\\/buletin.de\\\/bucuresti\\\/cardurile-contactless-metrorex-vor-putea-fi-reincarcate-la-automatele-de-vandut-cartele\\\/\"},\"author\":{\"name\":\"Teodora \u0218uta\",\"@id\":\"https:\\\/\\\/buletin.de\\\/bucuresti\\\/#\\\/schema\\\/person\\\/5d54908fa90ab7ad3b2e88152efd6845\"},\"headline\":\"Cardurile contactless Metrorex vor putea fi re\u00eenc\u0103rcate la automatele de v\u00e2ndut cartele\",\"datePublished\":\"2023-02-08T09:26:25+00:00\",\"dateModified\":\"2023-02-08T09:26:26+00:00\",\"mainEntityOfPage\":{\"@id\":\"https:\\\/\\\/buletin.de\\\/bucuresti\\\/cardurile-contactless-metrorex-vor-putea-fi-reincarcate-la-automatele-de-vandut-cartele\\\/\"},\"wordCount\":211,\"publisher\":{\"@id\":\"https:\\\/\\\/buletin.de\\\/bucuresti\\\/#organization\"},\"image\":{\"@id\":\"https:\\\/\\\/buletin.de\\\/bucuresti\\\/cardurile-contactless-metrorex-vor-putea-fi-reincarcate-la-automatele-de-vandut-cartele\\\/#primaryimage\"},\"thumbnailUrl\":\"https:\\\/\\\/buletin.de\\\/bucuresti\\\/wp-content\\\/uploads\\\/330146099_915580926241001_8836782607199073162_n.jpg\",\"articleSection\":[\"\u0218tiri\"],\"inLanguage\":\"en-GB\",\"copyrightYear\":\"2023\",\"copyrightHolder\":{\"@id\":\"https:\\\/\\\/buletin.de\\\/bucuresti\\\/#organization\"}},{\"@type\":\"WebPage\",\"@id\":\"https:\\\/\\\/buletin.de\\\/bucuresti\\\/cardurile-contactless-metrorex-vor-putea-fi-reincarcate-la-automatele-de-vandut-cartele\\\/\",\"url\":\"https:\\\/\\\/buletin.de\\\/bucuresti\\\/cardurile-contactless-metrorex-vor-putea-fi-reincarcate-la-automatele-de-vandut-cartele\\\/\",\"name\":\"Cardurile contactless Metrorex vor putea fi re\u00eenc\u0103rcate la automatele de v\u00e2ndut cartele - Buletin de Bucure\u0219ti\",\"isPartOf\":{\"@id\":\"https:\\\/\\\/buletin.de\\\/bucuresti\\\/#website\"},\"primaryImageOfPage\":{\"@id\":\"https:\\\/\\\/buletin.de\\\/bucuresti\\\/cardurile-contactless-metrorex-vor-putea-fi-reincarcate-la-automatele-de-vandut-cartele\\\/#primaryimage\"},\"image\":{\"@id\":\"https:\\\/\\\/buletin.de\\\/bucuresti\\\/cardurile-contactless-metrorex-vor-putea-fi-reincarcate-la-automatele-de-vandut-cartele\\\/#primaryimage\"},\"thumbnailUrl\":\"https:\\\/\\\/buletin.de\\\/bucuresti\\\/wp-content\\\/uploads\\\/330146099_915580926241001_8836782607199073162_n.jpg\",\"datePublished\":\"2023-02-08T09:26:25+00:00\",\"dateModified\":\"2023-02-08T09:26:26+00:00\",\"breadcrumb\":{\"@id\":\"https:\\\/\\\/buletin.de\\\/bucuresti\\\/cardurile-contactless-metrorex-vor-putea-fi-reincarcate-la-automatele-de-vandut-cartele\\\/#breadcrumb\"},\"inLanguage\":\"en-GB\",\"potentialAction\":[{\"@type\":\"ReadAction\",\"target\":[\"https:\\\/\\\/buletin.de\\\/bucuresti\\\/cardurile-contactless-metrorex-vor-putea-fi-reincarcate-la-automatele-de-vandut-cartele\\\/\"]}]},{\"@type\":\"ImageObject\",\"inLanguage\":\"en-GB\",\"@id\":\"https:\\\/\\\/buletin.de\\\/bucuresti\\\/cardurile-contactless-metrorex-vor-putea-fi-reincarcate-la-automatele-de-vandut-cartele\\\/#primaryimage\",\"url\":\"https:\\\/\\\/buletin.de\\\/bucuresti\\\/wp-content\\\/uploads\\\/330146099_915580926241001_8836782607199073162_n.jpg\",\"contentUrl\":\"https:\\\/\\\/buletin.de\\\/bucuresti\\\/wp-content\\\/uploads\\\/330146099_915580926241001_8836782607199073162_n.jpg\",\"width\":682,\"height\":1024},{\"@type\":\"BreadcrumbList\",\"@id\":\"https:\\\/\\\/buletin.de\\\/bucuresti\\\/cardurile-contactless-metrorex-vor-putea-fi-reincarcate-la-automatele-de-vandut-cartele\\\/#breadcrumb\",\"itemListElement\":[{\"@type\":\"ListItem\",\"position\":1,\"name\":\"Acas\u0103\",\"item\":\"https:\\\/\\\/buletin.de\\\/bucuresti\\\/\"},{\"@type\":\"ListItem\",\"position\":2,\"name\":\"Cardurile contactless Metrorex vor putea fi re\u00eenc\u0103rcate la automatele de v\u00e2ndut cartele\"}]},{\"@type\":\"WebSite\",\"@id\":\"https:\\\/\\\/buletin.de\\\/bucuresti\\\/#website\",\"url\":\"https:\\\/\\\/buletin.de\\\/bucuresti\\\/\",\"name\":\"Buletin de Bucure\u0219ti\",\"description\":\"\u0218tiri \u0219i investiga\u021bii esen\u021biale din capital\u0103\",\"publisher\":{\"@id\":\"https:\\\/\\\/buletin.de\\\/bucuresti\\\/#organization\"},\"potentialAction\":[{\"@type\":\"SearchAction\",\"target\":{\"@type\":\"EntryPoint\",\"urlTemplate\":\"https:\\\/\\\/buletin.de\\\/bucuresti\\\/?s={search_term_string}\"},\"query-input\":{\"@type\":\"PropertyValueSpecification\",\"valueRequired\":true,\"valueName\":\"search_term_string\"}}],\"inLanguage\":\"en-GB\"},{\"@type\":\"Organization\",\"@id\":\"https:\\\/\\\/buletin.de\\\/bucuresti\\\/#organization\",\"name\":\"Buletin de Bucure\u0219ti\",\"url\":\"https:\\\/\\\/buletin.de\\\/bucuresti\\\/\",\"logo\":{\"@type\":\"ImageObject\",\"inLanguage\":\"en-GB\",\"@id\":\"https:\\\/\\\/buletin.de\\\/bucuresti\\\/#\\\/schema\\\/logo\\\/image\\\/\",\"url\":\"https:\\\/\\\/buletin.de\\\/bucuresti\\\/wp-content\\\/uploads\\\/logo-bdb-full-wide-vernil-transparent.png\",\"contentUrl\":\"https:\\\/\\\/buletin.de\\\/bucuresti\\\/wp-content\\\/uploads\\\/logo-bdb-full-wide-vernil-transparent.png\",\"width\":1782,\"height\":626,\"caption\":\"Buletin de Bucure\u0219ti\"},\"image\":{\"@id\":\"https:\\\/\\\/buletin.de\\\/bucuresti\\\/#\\\/schema\\\/logo\\\/image\\\/\"},\"sameAs\":[\"https:\\\/\\\/www.facebook.com\\\/buletin.de.buc\",\"https:\\\/\\\/www.instagram.com\\\/buletinde.bucuresti\\\/\"]},{\"@type\":\"Person\",\"@id\":\"https:\\\/\\\/buletin.de\\\/bucuresti\\\/#\\\/schema\\\/person\\\/5d54908fa90ab7ad3b2e88152efd6845\",\"name\":\"Teodora \u0218uta\",\"image\":{\"@type\":\"ImageObject\",\"inLanguage\":\"en-GB\",\"@id\":\"https:\\\/\\\/secure.gravatar.com\\\/avatar\\\/0c709226af9845d97b126aa0aa80ab42778847ec3d11d741016b74a61174088d?s=96&d=monsterid&r=gf2e0c6a01d766272c6fa8af9e494be28\",\"url\":\"https:\\\/\\\/secure.gravatar.com\\\/avatar\\\/0c709226af9845d97b126aa0aa80ab42778847ec3d11d741016b74a61174088d?s=96&d=monsterid&r=g\",\"contentUrl\":\"https:\\\/\\\/secure.gravatar.com\\\/avatar\\\/0c709226af9845d97b126aa0aa80ab42778847ec3d11d741016b74a61174088d?s=96&d=monsterid&r=g\",\"caption\":\"Teodora \u0218uta\"},\"url\":\"https:\\\/\\\/buletin.de\\\/bucuresti\\\/author\\\/mariasuta\\\/\"}]}<\/script>\n<!-- \/ Yoast SEO Premium plugin. -->","yoast_head_json":{"title":"Cardurile contactless Metrorex vor putea fi re\u00eenc\u0103rcate la automatele de v\u00e2ndut cartele - Buletin de Bucure\u0219ti","robots":{"index":"index","follow":"follow","max-snippet":"max-snippet:-1","max-image-preview":"max-image-preview:large","max-video-preview":"max-video-preview:-1"},"canonical":"https:\/\/buletin.de\/bucuresti\/cardurile-contactless-metrorex-vor-putea-fi-reincarcate-la-automatele-de-vandut-cartele\/","og_locale":"en_GB","og_type":"article","og_title":"Cardurile contactless Metrorex vor putea fi re\u00eenc\u0103rcate la automatele de v\u00e2ndut cartele","og_description":"Metrorex anun\u021b\u0103 c\u0103 \u00eencep\u00e2nd de ast\u0103zi, 8.02.2023, cardurile contactless vor putea fi re\u00eenc\u0103rcate la automatele de v\u00e2ndut cartele din sta\u021biile de metrou. C\u0103l\u0103torii vor putea consulta \u0219i re\u00eenc\u0103rca cardurile \u00een c\u00e2teva secunde. Aceast\u0103 nou\u0103 func\u021bionalitate va permite c\u0103l\u0103torilor s\u0103 verifice pe cardurile contactless Metrorex titlurile de c\u0103l\u0103torie care au fost \u00eenc\u0103rcate anterior pe cardurile de\u021binute [&hellip;]","og_url":"https:\/\/buletin.de\/bucuresti\/cardurile-contactless-metrorex-vor-putea-fi-reincarcate-la-automatele-de-vandut-cartele\/","og_site_name":"Buletin de Bucure\u0219ti","article_publisher":"https:\/\/www.facebook.com\/buletin.de.buc","article_published_time":"2023-02-08T09:26:25+00:00","article_modified_time":"2023-02-08T09:26:26+00:00","og_image":[{"width":682,"height":1024,"url":"https:\/\/buletin.de\/bucuresti\/wp-content\/uploads\/330146099_915580926241001_8836782607199073162_n.jpg","type":"image\/jpeg"}],"author":"Teodora \u0218uta","twitter_card":"summary_large_image","twitter_misc":{"Written by":"Teodora \u0218uta","Estimated reading time":"1 minute"},"schema":{"@context":"https:\/\/schema.org","@graph":[{"@type":"Article","@id":"https:\/\/buletin.de\/bucuresti\/cardurile-contactless-metrorex-vor-putea-fi-reincarcate-la-automatele-de-vandut-cartele\/#article","isPartOf":{"@id":"https:\/\/buletin.de\/bucuresti\/cardurile-contactless-metrorex-vor-putea-fi-reincarcate-la-automatele-de-vandut-cartele\/"},"author":{"name":"Teodora \u0218uta","@id":"https:\/\/buletin.de\/bucuresti\/#\/schema\/person\/5d54908fa90ab7ad3b2e88152efd6845"},"headline":"Cardurile contactless Metrorex vor putea fi re\u00eenc\u0103rcate la automatele de v\u00e2ndut cartele","datePublished":"2023-02-08T09:26:25+00:00","dateModified":"2023-02-08T09:26:26+00:00","mainEntityOfPage":{"@id":"https:\/\/buletin.de\/bucuresti\/cardurile-contactless-metrorex-vor-putea-fi-reincarcate-la-automatele-de-vandut-cartele\/"},"wordCount":211,"publisher":{"@id":"https:\/\/buletin.de\/bucuresti\/#organization"},"image":{"@id":"https:\/\/buletin.de\/bucuresti\/cardurile-contactless-metrorex-vor-putea-fi-reincarcate-la-automatele-de-vandut-cartele\/#primaryimage"},"thumbnailUrl":"https:\/\/buletin.de\/bucuresti\/wp-content\/uploads\/330146099_915580926241001_8836782607199073162_n.jpg","articleSection":["\u0218tiri"],"inLanguage":"en-GB","copyrightYear":"2023","copyrightHolder":{"@id":"https:\/\/buletin.de\/bucuresti\/#organization"}},{"@type":"WebPage","@id":"https:\/\/buletin.de\/bucuresti\/cardurile-contactless-metrorex-vor-putea-fi-reincarcate-la-automatele-de-vandut-cartele\/","url":"https:\/\/buletin.de\/bucuresti\/cardurile-contactless-metrorex-vor-putea-fi-reincarcate-la-automatele-de-vandut-cartele\/","name":"Cardurile contactless Metrorex vor putea fi re\u00eenc\u0103rcate la automatele de v\u00e2ndut cartele - Buletin de Bucure\u0219ti","isPartOf":{"@id":"https:\/\/buletin.de\/bucuresti\/#website"},"primaryImageOfPage":{"@id":"https:\/\/buletin.de\/bucuresti\/cardurile-contactless-metrorex-vor-putea-fi-reincarcate-la-automatele-de-vandut-cartele\/#primaryimage"},"image":{"@id":"https:\/\/buletin.de\/bucuresti\/cardurile-contactless-metrorex-vor-putea-fi-reincarcate-la-automatele-de-vandut-cartele\/#primaryimage"},"thumbnailUrl":"https:\/\/buletin.de\/bucuresti\/wp-content\/uploads\/330146099_915580926241001_8836782607199073162_n.jpg","datePublished":"2023-02-08T09:26:25+00:00","dateModified":"2023-02-08T09:26:26+00:00","breadcrumb":{"@id":"https:\/\/buletin.de\/bucuresti\/cardurile-contactless-metrorex-vor-putea-fi-reincarcate-la-automatele-de-vandut-cartele\/#breadcrumb"},"inLanguage":"en-GB","potentialAction":[{"@type":"ReadAction","target":["https:\/\/buletin.de\/bucuresti\/cardurile-contactless-metrorex-vor-putea-fi-reincarcate-la-automatele-de-vandut-cartele\/"]}]},{"@type":"ImageObject","inLanguage":"en-GB","@id":"https:\/\/buletin.de\/bucuresti\/cardurile-contactless-metrorex-vor-putea-fi-reincarcate-la-automatele-de-vandut-cartele\/#primaryimage","url":"https:\/\/buletin.de\/bucuresti\/wp-content\/uploads\/330146099_915580926241001_8836782607199073162_n.jpg","contentUrl":"https:\/\/buletin.de\/bucuresti\/wp-content\/uploads\/330146099_915580926241001_8836782607199073162_n.jpg","width":682,"height":1024},{"@type":"BreadcrumbList","@id":"https:\/\/buletin.de\/bucuresti\/cardurile-contactless-metrorex-vor-putea-fi-reincarcate-la-automatele-de-vandut-cartele\/#breadcrumb","itemListElement":[{"@type":"ListItem","position":1,"name":"Acas\u0103","item":"https:\/\/buletin.de\/bucuresti\/"},{"@type":"ListItem","position":2,"name":"Cardurile contactless Metrorex vor putea fi re\u00eenc\u0103rcate la automatele de v\u00e2ndut cartele"}]},{"@type":"WebSite","@id":"https:\/\/buletin.de\/bucuresti\/#website","url":"https:\/\/buletin.de\/bucuresti\/","name":"Buletin de Bucure\u0219ti","description":"\u0218tiri \u0219i investiga\u021bii esen\u021biale din capital\u0103","publisher":{"@id":"https:\/\/buletin.de\/bucuresti\/#organization"},"potentialAction":[{"@type":"SearchAction","target":{"@type":"EntryPoint","urlTemplate":"https:\/\/buletin.de\/bucuresti\/?s={search_term_string}"},"query-input":{"@type":"PropertyValueSpecification","valueRequired":true,"valueName":"search_term_string"}}],"inLanguage":"en-GB"},{"@type":"Organization","@id":"https:\/\/buletin.de\/bucuresti\/#organization","name":"Buletin de Bucure\u0219ti","url":"https:\/\/buletin.de\/bucuresti\/","logo":{"@type":"ImageObject","inLanguage":"en-GB","@id":"https:\/\/buletin.de\/bucuresti\/#\/schema\/logo\/image\/","url":"https:\/\/buletin.de\/bucuresti\/wp-content\/uploads\/logo-bdb-full-wide-vernil-transparent.png","contentUrl":"https:\/\/buletin.de\/bucuresti\/wp-content\/uploads\/logo-bdb-full-wide-vernil-transparent.png","width":1782,"height":626,"caption":"Buletin de Bucure\u0219ti"},"image":{"@id":"https:\/\/buletin.de\/bucuresti\/#\/schema\/logo\/image\/"},"sameAs":["https:\/\/www.facebook.com\/buletin.de.buc","https:\/\/www.instagram.com\/buletinde.bucuresti\/"]},{"@type":"Person","@id":"https:\/\/buletin.de\/bucuresti\/#\/schema\/person\/5d54908fa90ab7ad3b2e88152efd6845","name":"Teodora \u0218uta","image":{"@type":"ImageObject","inLanguage":"en-GB","@id":"https:\/\/secure.gravatar.com\/avatar\/0c709226af9845d97b126aa0aa80ab42778847ec3d11d741016b74a61174088d?s=96&d=monsterid&r=gf2e0c6a01d766272c6fa8af9e494be28","url":"https:\/\/secure.gravatar.com\/avatar\/0c709226af9845d97b126aa0aa80ab42778847ec3d11d741016b74a61174088d?s=96&d=monsterid&r=g","contentUrl":"https:\/\/secure.gravatar.com\/avatar\/0c709226af9845d97b126aa0aa80ab42778847ec3d11d741016b74a61174088d?s=96&d=monsterid&r=g","caption":"Teodora \u0218uta"},"url":"https:\/\/buletin.de\/bucuresti\/author\/mariasuta\/"}]}},"authors":[{"term_id":22604,"user_id":45,"is_guest":0,"slug":"mariasuta","display_name":"Teodora \u0218uta","avatar_url":"https:\/\/secure.gravatar.com\/avatar\/0c709226af9845d97b126aa0aa80ab42778847ec3d11d741016b74a61174088d?s=96&d=monsterid&r=g","0":null,"1":"","2":"","3":"","4":"","5":"","6":"","7":"","8":""}],"_links":{"self":[{"href":"https:\/\/buletin.de\/bucuresti\/wp-json\/wp\/v2\/posts\/53599","targetHints":{"allow":["GET"]}}],"collection":[{"href":"https:\/\/buletin.de\/bucuresti\/wp-json\/wp\/v2\/posts"}],"about":[{"href":"https:\/\/buletin.de\/bucuresti\/wp-json\/wp\/v2\/types\/post"}],"author":[{"embeddable":true,"href":"https:\/\/buletin.de\/bucuresti\/wp-json\/wp\/v2\/users\/45"}],"replies":[{"embeddable":true,"href":"https:\/\/buletin.de\/bucuresti\/wp-json\/wp\/v2\/comments?post=53599"}],"version-history":[{"count":2,"href":"https:\/\/buletin.de\/bucuresti\/wp-json\/wp\/v2\/posts\/53599\/revisions"}],"predecessor-version":[{"id":53602,"href":"https:\/\/buletin.de\/bucuresti\/wp-json\/wp\/v2\/posts\/53599\/revisions\/53602"}],"wp:featuredmedia":[{"embeddable":true,"href":"https:\/\/buletin.de\/bucuresti\/wp-json\/wp\/v2\/media\/53600"}],"wp:attachment":[{"href":"https:\/\/buletin.de\/bucuresti\/wp-json\/wp\/v2\/media?parent=53599"}],"wp:term":[{"taxonomy":"category","embeddable":true,"href":"https:\/\/buletin.de\/bucuresti\/wp-json\/wp\/v2\/categories?post=53599"},{"taxonomy":"post_tag","embeddable":true,"href":"https:\/\/buletin.de\/bucuresti\/wp-json\/wp\/v2\/tags?post=53599"},{"taxonomy":"author","embeddable":true,"href":"https:\/\/buletin.de\/bucuresti\/wp-json\/wp\/v2\/ppma_author?post=53599"}],"curies":[{"name":"wp","href":"https:\/\/api.w.org\/{rel}","templated":true}]}}