{"id":53546,"date":"2023-02-07T14:19:52","date_gmt":"2023-02-07T12:19:52","guid":{"rendered":"https:\/\/buletin.de\/bucuresti\/?p=53546"},"modified":"2023-02-07T14:19:52","modified_gmt":"2023-02-07T12:19:52","slug":"barbat-din-capitala-acuzat-de-agresiune-sexuala-asupra-unei-minore","status":"publish","type":"post","link":"https:\/\/buletin.de\/bucuresti\/barbat-din-capitala-acuzat-de-agresiune-sexuala-asupra-unei-minore\/","title":{"rendered":"B\u0103rbat din Capital\u0103, acuzat de agresiune sexual\u0103 asupra unei minore"},"content":{"rendered":"\n<p><strong>Un b\u0103rbat din Bucure\u0219ti, de 42 de ani, a fost arestat preventiv pentru 30 de zile, dup\u0103 ce ar fi agresat sexual o minor\u0103 \u0219i i-ar fi furat mai multe bijuterii.<\/strong><\/p>\n\n\n\n<p>Pe 8 ianuarie, Serviciul Omoruri \u2013 Biroul Agresiuni Sexuale a fost sesizat c\u0103 o minor\u0103 de 15 ani ar fi fost agresat\u0103 sexual de un b\u0103rbat necunoscut. Se pare c\u0103 acesta ar fi abordat-o pe minor\u0103 \u00eentr-un parc, apoi ar fi condus-o \u00een locuin\u021ba sa din Sectorul 5. Prin constr\u00e2ngere psihic\u0103, ar fi atins-o \u00een zonele intime. B\u0103rbatul b\u0103nuit ar fi furat de la minor\u0103 un lan\u021b, cerceii pe care \u00eei purta \u0219i mai multe br\u0103\u021b\u0103ri.&nbsp;<\/p>\n\n\n\n<p>Poli\u0163i\u015ftii Direc\u021biei Generale de Poli\u0163ie a Municipiului Bucure\u0219ti, sub supravegherea Parchetului de pe l\u00e2ng\u0103 Judec\u0103toria Sectorului 5, au f\u0103cut perchezi\u021bii ieri, 6 februarie, la locuin\u021ba b\u0103rbatului b\u0103nuit \u0219i \u00een ma\u0219ina acestuia. \u00cen urma perchezi\u021biilor, au fost g\u0103site \u0219i ridicate bunurile pe care b\u0103rbatul le-ar fi furat.<\/p>\n\n\n\n<p>B\u0103rbatul a fost condus la audieri \u0219i re\u021binut pentru 24 de ore. Ulterior, s-a luat m\u0103sura arest\u0103rii preventive a acestuia.<\/p>\n\n\n\n<p>Cercet\u0103rile sunt continuate, \u00een acest caz, de c\u0103tre poli\u021bi\u0219ti din cadrul Serviciului Omoruri \u2013 Biroul Agresiuni Sexuale, sub supravegherea Parchetului de pe l\u00e2ng\u0103 Judec\u0103toria Sectorului 5, sub aspectul s\u0103v\u00e2r\u0219irii infrac\u021biunilor de agresiune sexual\u0103 \u0219i furt.<\/p>\n","protected":false},"excerpt":{"rendered":"<p>Un b\u0103rbat din Bucure\u0219ti, de 42 de ani, a fost arestat preventiv pentru 30 de zile, dup\u0103 ce ar fi agresat sexual o minor\u0103 \u0219i i-ar fi furat mai multe bijuterii. Pe 8 ianuarie, Serviciul Omoruri \u2013 Biroul Agresiuni Sexuale a fost sesizat c\u0103 o minor\u0103 de 15 ani ar fi fost agresat\u0103 sexual de [&hellip;]<\/p>\n","protected":false},"author":46,"featured_media":53547,"comment_status":"closed","ping_status":"open","sticky":false,"template":"","format":"standard","meta":{"_acf_changed":false,"inline_featured_image":false,"ngg_post_thumbnail":0,"footnotes":""},"categories":[62],"tags":[5397,9,1571,5398],"ppma_author":[22605],"class_list":["post-53546","post","type-post","status-publish","format-standard","has-post-thumbnail","hentry","category-stiri","tag-agresiunesexuala","tag-bucuresti","tag-furt","tag-minora"],"acf":[],"yoast_head":"<!-- This site is optimized with the Yoast SEO Premium plugin v25.3 (Yoast SEO v27.4) - https:\/\/yoast.com\/product\/yoast-seo-premium-wordpress\/ -->\n<title>B\u0103rbat din Capital\u0103, acuzat de agresiune sexual\u0103 asupra unei minore - Buletin de Bucure\u0219ti<\/title>\n<meta name=\"robots\" content=\"index, follow, max-snippet:-1, max-image-preview:large, max-video-preview:-1\" \/>\n<link rel=\"canonical\" href=\"https:\/\/buletin.de\/bucuresti\/barbat-din-capitala-acuzat-de-agresiune-sexuala-asupra-unei-minore\/\" \/>\n<meta property=\"og:locale\" content=\"en_GB\" \/>\n<meta property=\"og:type\" content=\"article\" \/>\n<meta property=\"og:title\" content=\"B\u0103rbat din Capital\u0103, acuzat de agresiune sexual\u0103 asupra unei minore\" \/>\n<meta property=\"og:description\" content=\"Un b\u0103rbat din Bucure\u0219ti, de 42 de ani, a fost arestat preventiv pentru 30 de zile, dup\u0103 ce ar fi agresat sexual o minor\u0103 \u0219i i-ar fi furat mai multe bijuterii. Pe 8 ianuarie, Serviciul Omoruri \u2013 Biroul Agresiuni Sexuale a fost sesizat c\u0103 o minor\u0103 de 15 ani ar fi fost agresat\u0103 sexual de [&hellip;]\" \/>\n<meta property=\"og:url\" content=\"https:\/\/buletin.de\/bucuresti\/barbat-din-capitala-acuzat-de-agresiune-sexuala-asupra-unei-minore\/\" \/>\n<meta property=\"og:site_name\" content=\"Buletin de Bucure\u0219ti\" \/>\n<meta property=\"article:publisher\" content=\"https:\/\/www.facebook.com\/buletin.de.buc\" \/>\n<meta property=\"article:published_time\" content=\"2023-02-07T12:19:52+00:00\" \/>\n<meta property=\"og:image\" content=\"https:\/\/buletin.de\/bucuresti\/wp-content\/uploads\/17agresiune-sexuala.jpg\" \/>\n\t<meta property=\"og:image:width\" content=\"800\" \/>\n\t<meta property=\"og:image:height\" content=\"514\" \/>\n\t<meta property=\"og:image:type\" content=\"image\/jpeg\" \/>\n<meta name=\"author\" content=\"Andreea Gelatu\" \/>\n<meta name=\"twitter:card\" content=\"summary_large_image\" \/>\n<meta name=\"twitter:label1\" content=\"Written by\" \/>\n\t<meta name=\"twitter:data1\" content=\"Andreea Gelatu\" \/>\n\t<meta name=\"twitter:label2\" content=\"Estimated reading time\" \/>\n\t<meta name=\"twitter:data2\" content=\"1 minute\" \/>\n<script type=\"application\/ld+json\" class=\"yoast-schema-graph\">{\"@context\":\"https:\\\/\\\/schema.org\",\"@graph\":[{\"@type\":\"Article\",\"@id\":\"https:\\\/\\\/buletin.de\\\/bucuresti\\\/barbat-din-capitala-acuzat-de-agresiune-sexuala-asupra-unei-minore\\\/#article\",\"isPartOf\":{\"@id\":\"https:\\\/\\\/buletin.de\\\/bucuresti\\\/barbat-din-capitala-acuzat-de-agresiune-sexuala-asupra-unei-minore\\\/\"},\"author\":{\"name\":\"Andreea Gelatu\",\"@id\":\"https:\\\/\\\/buletin.de\\\/bucuresti\\\/#\\\/schema\\\/person\\\/87734700b2c7f8608881f7e93b8834de\"},\"headline\":\"B\u0103rbat din Capital\u0103, acuzat de agresiune sexual\u0103 asupra unei minore\",\"datePublished\":\"2023-02-07T12:19:52+00:00\",\"mainEntityOfPage\":{\"@id\":\"https:\\\/\\\/buletin.de\\\/bucuresti\\\/barbat-din-capitala-acuzat-de-agresiune-sexuala-asupra-unei-minore\\\/\"},\"wordCount\":247,\"publisher\":{\"@id\":\"https:\\\/\\\/buletin.de\\\/bucuresti\\\/#organization\"},\"image\":{\"@id\":\"https:\\\/\\\/buletin.de\\\/bucuresti\\\/barbat-din-capitala-acuzat-de-agresiune-sexuala-asupra-unei-minore\\\/#primaryimage\"},\"thumbnailUrl\":\"https:\\\/\\\/buletin.de\\\/bucuresti\\\/wp-content\\\/uploads\\\/17agresiune-sexuala.jpg\",\"keywords\":[\"agresiunesexual\u0103\",\"bucuresti\",\"furt\",\"minor\u0103\"],\"articleSection\":[\"\u0218tiri\"],\"inLanguage\":\"en-GB\",\"copyrightYear\":\"2023\",\"copyrightHolder\":{\"@id\":\"https:\\\/\\\/buletin.de\\\/bucuresti\\\/#organization\"}},{\"@type\":\"WebPage\",\"@id\":\"https:\\\/\\\/buletin.de\\\/bucuresti\\\/barbat-din-capitala-acuzat-de-agresiune-sexuala-asupra-unei-minore\\\/\",\"url\":\"https:\\\/\\\/buletin.de\\\/bucuresti\\\/barbat-din-capitala-acuzat-de-agresiune-sexuala-asupra-unei-minore\\\/\",\"name\":\"B\u0103rbat din Capital\u0103, acuzat de agresiune sexual\u0103 asupra unei minore - Buletin de Bucure\u0219ti\",\"isPartOf\":{\"@id\":\"https:\\\/\\\/buletin.de\\\/bucuresti\\\/#website\"},\"primaryImageOfPage\":{\"@id\":\"https:\\\/\\\/buletin.de\\\/bucuresti\\\/barbat-din-capitala-acuzat-de-agresiune-sexuala-asupra-unei-minore\\\/#primaryimage\"},\"image\":{\"@id\":\"https:\\\/\\\/buletin.de\\\/bucuresti\\\/barbat-din-capitala-acuzat-de-agresiune-sexuala-asupra-unei-minore\\\/#primaryimage\"},\"thumbnailUrl\":\"https:\\\/\\\/buletin.de\\\/bucuresti\\\/wp-content\\\/uploads\\\/17agresiune-sexuala.jpg\",\"datePublished\":\"2023-02-07T12:19:52+00:00\",\"breadcrumb\":{\"@id\":\"https:\\\/\\\/buletin.de\\\/bucuresti\\\/barbat-din-capitala-acuzat-de-agresiune-sexuala-asupra-unei-minore\\\/#breadcrumb\"},\"inLanguage\":\"en-GB\",\"potentialAction\":[{\"@type\":\"ReadAction\",\"target\":[\"https:\\\/\\\/buletin.de\\\/bucuresti\\\/barbat-din-capitala-acuzat-de-agresiune-sexuala-asupra-unei-minore\\\/\"]}]},{\"@type\":\"ImageObject\",\"inLanguage\":\"en-GB\",\"@id\":\"https:\\\/\\\/buletin.de\\\/bucuresti\\\/barbat-din-capitala-acuzat-de-agresiune-sexuala-asupra-unei-minore\\\/#primaryimage\",\"url\":\"https:\\\/\\\/buletin.de\\\/bucuresti\\\/wp-content\\\/uploads\\\/17agresiune-sexuala.jpg\",\"contentUrl\":\"https:\\\/\\\/buletin.de\\\/bucuresti\\\/wp-content\\\/uploads\\\/17agresiune-sexuala.jpg\",\"width\":800,\"height\":514},{\"@type\":\"BreadcrumbList\",\"@id\":\"https:\\\/\\\/buletin.de\\\/bucuresti\\\/barbat-din-capitala-acuzat-de-agresiune-sexuala-asupra-unei-minore\\\/#breadcrumb\",\"itemListElement\":[{\"@type\":\"ListItem\",\"position\":1,\"name\":\"Acas\u0103\",\"item\":\"https:\\\/\\\/buletin.de\\\/bucuresti\\\/\"},{\"@type\":\"ListItem\",\"position\":2,\"name\":\"B\u0103rbat din Capital\u0103, acuzat de agresiune sexual\u0103 asupra unei minore\"}]},{\"@type\":\"WebSite\",\"@id\":\"https:\\\/\\\/buletin.de\\\/bucuresti\\\/#website\",\"url\":\"https:\\\/\\\/buletin.de\\\/bucuresti\\\/\",\"name\":\"Buletin de Bucure\u0219ti\",\"description\":\"\u0218tiri \u0219i investiga\u021bii esen\u021biale din capital\u0103\",\"publisher\":{\"@id\":\"https:\\\/\\\/buletin.de\\\/bucuresti\\\/#organization\"},\"potentialAction\":[{\"@type\":\"SearchAction\",\"target\":{\"@type\":\"EntryPoint\",\"urlTemplate\":\"https:\\\/\\\/buletin.de\\\/bucuresti\\\/?s={search_term_string}\"},\"query-input\":{\"@type\":\"PropertyValueSpecification\",\"valueRequired\":true,\"valueName\":\"search_term_string\"}}],\"inLanguage\":\"en-GB\"},{\"@type\":\"Organization\",\"@id\":\"https:\\\/\\\/buletin.de\\\/bucuresti\\\/#organization\",\"name\":\"Buletin de Bucure\u0219ti\",\"url\":\"https:\\\/\\\/buletin.de\\\/bucuresti\\\/\",\"logo\":{\"@type\":\"ImageObject\",\"inLanguage\":\"en-GB\",\"@id\":\"https:\\\/\\\/buletin.de\\\/bucuresti\\\/#\\\/schema\\\/logo\\\/image\\\/\",\"url\":\"https:\\\/\\\/buletin.de\\\/bucuresti\\\/wp-content\\\/uploads\\\/logo-bdb-full-wide-vernil-transparent.png\",\"contentUrl\":\"https:\\\/\\\/buletin.de\\\/bucuresti\\\/wp-content\\\/uploads\\\/logo-bdb-full-wide-vernil-transparent.png\",\"width\":1782,\"height\":626,\"caption\":\"Buletin de Bucure\u0219ti\"},\"image\":{\"@id\":\"https:\\\/\\\/buletin.de\\\/bucuresti\\\/#\\\/schema\\\/logo\\\/image\\\/\"},\"sameAs\":[\"https:\\\/\\\/www.facebook.com\\\/buletin.de.buc\",\"https:\\\/\\\/www.instagram.com\\\/buletinde.bucuresti\\\/\"]},{\"@type\":\"Person\",\"@id\":\"https:\\\/\\\/buletin.de\\\/bucuresti\\\/#\\\/schema\\\/person\\\/87734700b2c7f8608881f7e93b8834de\",\"name\":\"Andreea Gelatu\",\"image\":{\"@type\":\"ImageObject\",\"inLanguage\":\"en-GB\",\"@id\":\"https:\\\/\\\/secure.gravatar.com\\\/avatar\\\/b716eca2f984b9b65bdd87118b4b909d940b619cbe6e8cb725fe11c1b1f4194f?s=96&d=monsterid&r=g9b5eff4996c6b842a29b3057a7b4746f\",\"url\":\"https:\\\/\\\/secure.gravatar.com\\\/avatar\\\/b716eca2f984b9b65bdd87118b4b909d940b619cbe6e8cb725fe11c1b1f4194f?s=96&d=monsterid&r=g\",\"contentUrl\":\"https:\\\/\\\/secure.gravatar.com\\\/avatar\\\/b716eca2f984b9b65bdd87118b4b909d940b619cbe6e8cb725fe11c1b1f4194f?s=96&d=monsterid&r=g\",\"caption\":\"Andreea Gelatu\"},\"url\":\"https:\\\/\\\/buletin.de\\\/bucuresti\\\/author\\\/andreeagelatu\\\/\"}]}<\/script>\n<!-- \/ Yoast SEO Premium plugin. -->","yoast_head_json":{"title":"B\u0103rbat din Capital\u0103, acuzat de agresiune sexual\u0103 asupra unei minore - Buletin de Bucure\u0219ti","robots":{"index":"index","follow":"follow","max-snippet":"max-snippet:-1","max-image-preview":"max-image-preview:large","max-video-preview":"max-video-preview:-1"},"canonical":"https:\/\/buletin.de\/bucuresti\/barbat-din-capitala-acuzat-de-agresiune-sexuala-asupra-unei-minore\/","og_locale":"en_GB","og_type":"article","og_title":"B\u0103rbat din Capital\u0103, acuzat de agresiune sexual\u0103 asupra unei minore","og_description":"Un b\u0103rbat din Bucure\u0219ti, de 42 de ani, a fost arestat preventiv pentru 30 de zile, dup\u0103 ce ar fi agresat sexual o minor\u0103 \u0219i i-ar fi furat mai multe bijuterii. Pe 8 ianuarie, Serviciul Omoruri \u2013 Biroul Agresiuni Sexuale a fost sesizat c\u0103 o minor\u0103 de 15 ani ar fi fost agresat\u0103 sexual de [&hellip;]","og_url":"https:\/\/buletin.de\/bucuresti\/barbat-din-capitala-acuzat-de-agresiune-sexuala-asupra-unei-minore\/","og_site_name":"Buletin de Bucure\u0219ti","article_publisher":"https:\/\/www.facebook.com\/buletin.de.buc","article_published_time":"2023-02-07T12:19:52+00:00","og_image":[{"width":800,"height":514,"url":"https:\/\/buletin.de\/bucuresti\/wp-content\/uploads\/17agresiune-sexuala.jpg","type":"image\/jpeg"}],"author":"Andreea Gelatu","twitter_card":"summary_large_image","twitter_misc":{"Written by":"Andreea Gelatu","Estimated reading time":"1 minute"},"schema":{"@context":"https:\/\/schema.org","@graph":[{"@type":"Article","@id":"https:\/\/buletin.de\/bucuresti\/barbat-din-capitala-acuzat-de-agresiune-sexuala-asupra-unei-minore\/#article","isPartOf":{"@id":"https:\/\/buletin.de\/bucuresti\/barbat-din-capitala-acuzat-de-agresiune-sexuala-asupra-unei-minore\/"},"author":{"name":"Andreea Gelatu","@id":"https:\/\/buletin.de\/bucuresti\/#\/schema\/person\/87734700b2c7f8608881f7e93b8834de"},"headline":"B\u0103rbat din Capital\u0103, acuzat de agresiune sexual\u0103 asupra unei minore","datePublished":"2023-02-07T12:19:52+00:00","mainEntityOfPage":{"@id":"https:\/\/buletin.de\/bucuresti\/barbat-din-capitala-acuzat-de-agresiune-sexuala-asupra-unei-minore\/"},"wordCount":247,"publisher":{"@id":"https:\/\/buletin.de\/bucuresti\/#organization"},"image":{"@id":"https:\/\/buletin.de\/bucuresti\/barbat-din-capitala-acuzat-de-agresiune-sexuala-asupra-unei-minore\/#primaryimage"},"thumbnailUrl":"https:\/\/buletin.de\/bucuresti\/wp-content\/uploads\/17agresiune-sexuala.jpg","keywords":["agresiunesexual\u0103","bucuresti","furt","minor\u0103"],"articleSection":["\u0218tiri"],"inLanguage":"en-GB","copyrightYear":"2023","copyrightHolder":{"@id":"https:\/\/buletin.de\/bucuresti\/#organization"}},{"@type":"WebPage","@id":"https:\/\/buletin.de\/bucuresti\/barbat-din-capitala-acuzat-de-agresiune-sexuala-asupra-unei-minore\/","url":"https:\/\/buletin.de\/bucuresti\/barbat-din-capitala-acuzat-de-agresiune-sexuala-asupra-unei-minore\/","name":"B\u0103rbat din Capital\u0103, acuzat de agresiune sexual\u0103 asupra unei minore - Buletin de Bucure\u0219ti","isPartOf":{"@id":"https:\/\/buletin.de\/bucuresti\/#website"},"primaryImageOfPage":{"@id":"https:\/\/buletin.de\/bucuresti\/barbat-din-capitala-acuzat-de-agresiune-sexuala-asupra-unei-minore\/#primaryimage"},"image":{"@id":"https:\/\/buletin.de\/bucuresti\/barbat-din-capitala-acuzat-de-agresiune-sexuala-asupra-unei-minore\/#primaryimage"},"thumbnailUrl":"https:\/\/buletin.de\/bucuresti\/wp-content\/uploads\/17agresiune-sexuala.jpg","datePublished":"2023-02-07T12:19:52+00:00","breadcrumb":{"@id":"https:\/\/buletin.de\/bucuresti\/barbat-din-capitala-acuzat-de-agresiune-sexuala-asupra-unei-minore\/#breadcrumb"},"inLanguage":"en-GB","potentialAction":[{"@type":"ReadAction","target":["https:\/\/buletin.de\/bucuresti\/barbat-din-capitala-acuzat-de-agresiune-sexuala-asupra-unei-minore\/"]}]},{"@type":"ImageObject","inLanguage":"en-GB","@id":"https:\/\/buletin.de\/bucuresti\/barbat-din-capitala-acuzat-de-agresiune-sexuala-asupra-unei-minore\/#primaryimage","url":"https:\/\/buletin.de\/bucuresti\/wp-content\/uploads\/17agresiune-sexuala.jpg","contentUrl":"https:\/\/buletin.de\/bucuresti\/wp-content\/uploads\/17agresiune-sexuala.jpg","width":800,"height":514},{"@type":"BreadcrumbList","@id":"https:\/\/buletin.de\/bucuresti\/barbat-din-capitala-acuzat-de-agresiune-sexuala-asupra-unei-minore\/#breadcrumb","itemListElement":[{"@type":"ListItem","position":1,"name":"Acas\u0103","item":"https:\/\/buletin.de\/bucuresti\/"},{"@type":"ListItem","position":2,"name":"B\u0103rbat din Capital\u0103, acuzat de agresiune sexual\u0103 asupra unei minore"}]},{"@type":"WebSite","@id":"https:\/\/buletin.de\/bucuresti\/#website","url":"https:\/\/buletin.de\/bucuresti\/","name":"Buletin de Bucure\u0219ti","description":"\u0218tiri \u0219i investiga\u021bii esen\u021biale din capital\u0103","publisher":{"@id":"https:\/\/buletin.de\/bucuresti\/#organization"},"potentialAction":[{"@type":"SearchAction","target":{"@type":"EntryPoint","urlTemplate":"https:\/\/buletin.de\/bucuresti\/?s={search_term_string}"},"query-input":{"@type":"PropertyValueSpecification","valueRequired":true,"valueName":"search_term_string"}}],"inLanguage":"en-GB"},{"@type":"Organization","@id":"https:\/\/buletin.de\/bucuresti\/#organization","name":"Buletin de Bucure\u0219ti","url":"https:\/\/buletin.de\/bucuresti\/","logo":{"@type":"ImageObject","inLanguage":"en-GB","@id":"https:\/\/buletin.de\/bucuresti\/#\/schema\/logo\/image\/","url":"https:\/\/buletin.de\/bucuresti\/wp-content\/uploads\/logo-bdb-full-wide-vernil-transparent.png","contentUrl":"https:\/\/buletin.de\/bucuresti\/wp-content\/uploads\/logo-bdb-full-wide-vernil-transparent.png","width":1782,"height":626,"caption":"Buletin de Bucure\u0219ti"},"image":{"@id":"https:\/\/buletin.de\/bucuresti\/#\/schema\/logo\/image\/"},"sameAs":["https:\/\/www.facebook.com\/buletin.de.buc","https:\/\/www.instagram.com\/buletinde.bucuresti\/"]},{"@type":"Person","@id":"https:\/\/buletin.de\/bucuresti\/#\/schema\/person\/87734700b2c7f8608881f7e93b8834de","name":"Andreea Gelatu","image":{"@type":"ImageObject","inLanguage":"en-GB","@id":"https:\/\/secure.gravatar.com\/avatar\/b716eca2f984b9b65bdd87118b4b909d940b619cbe6e8cb725fe11c1b1f4194f?s=96&d=monsterid&r=g9b5eff4996c6b842a29b3057a7b4746f","url":"https:\/\/secure.gravatar.com\/avatar\/b716eca2f984b9b65bdd87118b4b909d940b619cbe6e8cb725fe11c1b1f4194f?s=96&d=monsterid&r=g","contentUrl":"https:\/\/secure.gravatar.com\/avatar\/b716eca2f984b9b65bdd87118b4b909d940b619cbe6e8cb725fe11c1b1f4194f?s=96&d=monsterid&r=g","caption":"Andreea Gelatu"},"url":"https:\/\/buletin.de\/bucuresti\/author\/andreeagelatu\/"}]}},"authors":[{"term_id":22605,"user_id":46,"is_guest":0,"slug":"andreeagelatu","display_name":"Andreea Gelatu","avatar_url":"https:\/\/secure.gravatar.com\/avatar\/b716eca2f984b9b65bdd87118b4b909d940b619cbe6e8cb725fe11c1b1f4194f?s=96&d=monsterid&r=g","0":null,"1":"","2":"","3":"","4":"","5":"","6":"","7":"","8":""}],"_links":{"self":[{"href":"https:\/\/buletin.de\/bucuresti\/wp-json\/wp\/v2\/posts\/53546","targetHints":{"allow":["GET"]}}],"collection":[{"href":"https:\/\/buletin.de\/bucuresti\/wp-json\/wp\/v2\/posts"}],"about":[{"href":"https:\/\/buletin.de\/bucuresti\/wp-json\/wp\/v2\/types\/post"}],"author":[{"embeddable":true,"href":"https:\/\/buletin.de\/bucuresti\/wp-json\/wp\/v2\/users\/46"}],"replies":[{"embeddable":true,"href":"https:\/\/buletin.de\/bucuresti\/wp-json\/wp\/v2\/comments?post=53546"}],"version-history":[{"count":4,"href":"https:\/\/buletin.de\/bucuresti\/wp-json\/wp\/v2\/posts\/53546\/revisions"}],"predecessor-version":[{"id":53551,"href":"https:\/\/buletin.de\/bucuresti\/wp-json\/wp\/v2\/posts\/53546\/revisions\/53551"}],"wp:featuredmedia":[{"embeddable":true,"href":"https:\/\/buletin.de\/bucuresti\/wp-json\/wp\/v2\/media\/53547"}],"wp:attachment":[{"href":"https:\/\/buletin.de\/bucuresti\/wp-json\/wp\/v2\/media?parent=53546"}],"wp:term":[{"taxonomy":"category","embeddable":true,"href":"https:\/\/buletin.de\/bucuresti\/wp-json\/wp\/v2\/categories?post=53546"},{"taxonomy":"post_tag","embeddable":true,"href":"https:\/\/buletin.de\/bucuresti\/wp-json\/wp\/v2\/tags?post=53546"},{"taxonomy":"author","embeddable":true,"href":"https:\/\/buletin.de\/bucuresti\/wp-json\/wp\/v2\/ppma_author?post=53546"}],"curies":[{"name":"wp","href":"https:\/\/api.w.org\/{rel}","templated":true}]}}