{"id":53534,"date":"2023-02-07T17:52:07","date_gmt":"2023-02-07T15:52:07","guid":{"rendered":"https:\/\/buletin.de\/bucuresti\/?p=53534"},"modified":"2023-02-07T17:52:08","modified_gmt":"2023-02-07T15:52:08","slug":"viceprimarul-din-popesti-leordeni-si-un-consilier-local-in-conflict-de-interese","status":"publish","type":"post","link":"https:\/\/buletin.de\/bucuresti\/viceprimarul-din-popesti-leordeni-si-un-consilier-local-in-conflict-de-interese\/","title":{"rendered":"Viceprimarul din Pope\u0219ti-Leordeni \u0219i un consilier local, \u00een conflict de interese"},"content":{"rendered":"\n<p>Agen\u021bia Na\u021bional\u0103 de Integritate \u00eei acuz\u0103 pe viceprimarul ora\u0219ului Pope\u0219ti-Leordeni, \u0218tef\u0103nescu George Adrian, \u0219i pe consilierul local din aceea\u0219i localitate, Ciotoianu Marian, de conflict de interese administrative. Am\u00e2ndoi au votat \u00een \u0219edin\u021be de Consiliu Local pentru hot\u0103r\u00e2ri care \u00eei priveau direct. De asemenea, viceprimarul ar fi girat un PUZ care viza terenuri aflate \u00een proprietatea unei societ\u0103\u021bi unde e ac\u021bionar. <\/p>\n\n\n\n<h2 class=\"wp-block-heading\">\u0218tef\u0103nescu George Adrian &#8211; viceprimar al ora\u0219ului Pope\u0219ti- Leordeni<\/h2>\n\n\n\n<p>Viceprimarul ora\u0219ului din Jude\u021bul Ilfov, reprezentant PNL, este acuzat de ANI cum c\u0103 ar fi favorizat aprobarea Planului Urbanistic Zonal al unui ansamblu de locuin\u021be situat pe strada Echinoc\u021biului, pe un teren de\u021binut de societatea al c\u0103rui administrator \u0219i asociat unic e. <\/p>\n\n\n\n<p>Ar fi vorba vorba despre Hot\u0103r\u00e2rea de Consiliu num\u0103rul 78 din data de 26.08.2021, prin care se aproba PUZ-ul \u00een vederea construirii unui bloc S+P+4E+E5R, \u0219i cele aferente necesare unui spa\u021biu de locuire. Terenul pe care blocul urma s\u0103 fie construit, de 4.500 mp, apar\u021bine S.C. PREMIUM RESIDENCE CONSTRUCT SRL.  <\/p>\n\n\n\n<p>Aprobarea PUZ-ului s-a f\u0103cut \u00een baza aportului Comisiei pentru amenajare \u0219i urbanism din Pope\u0219ti-Leordeni, condus\u0103 de viceprimarul George Adrian \u0218tef\u0103nescu. Acela\u0219i viceprimar, \u0218tef\u0103nescu, este \u0219i asociat unica al firmei ESCU PHARM SRL care a primit, 6 luni mai t\u00e2rziu, o Autoriza\u021bie de Construc\u021bie \u00een cadrul aceluia\u0219i proiect pentru care s-a modificat PUZ-ul. <\/p>\n\n\n\n<p>Dovad\u0103 este faptul c\u0103 numerele cadastrale ale PUZ-ului votat \u00een consiliu, \u0219i cel \u00een baza c\u0103ruia firma asociat\u0103 cu viceprimarul prime\u0219te AC, coincid. Num\u0103rul cadastral ajut\u0103 la identificarea tuturor imobilelor construite \u00een Rom\u00e2nia.<\/p>\n\n\n\n<figure class=\"wp-block-image size-large\"><img fetchpriority=\"high\" decoding=\"async\" width=\"900\" height=\"422\" src=\"data:image\/gif;base64,R0lGODlhAQABAAAAACH5BAEKAAEALAAAAAABAAEAAAICTAEAOw==\" data-src=\"https:\/\/buletin.de\/bucuresti\/wp-content\/uploads\/Captura-de-ecran-2023-02-07-170730-900x422.png\" alt=\"\" class=\"wp-image-53576 lazyload\" data-sizes=\"auto\" data-srcset=\"https:\/\/buletin.de\/bucuresti\/wp-content\/uploads\/Captura-de-ecran-2023-02-07-170730-900x422.png 900w, https:\/\/buletin.de\/bucuresti\/wp-content\/uploads\/Captura-de-ecran-2023-02-07-170730-300x141.png 300w, https:\/\/buletin.de\/bucuresti\/wp-content\/uploads\/Captura-de-ecran-2023-02-07-170730-768x360.png 768w, https:\/\/buletin.de\/bucuresti\/wp-content\/uploads\/Captura-de-ecran-2023-02-07-170730-1060x497.png 1060w, https:\/\/buletin.de\/bucuresti\/wp-content\/uploads\/Captura-de-ecran-2023-02-07-170730-550x258.png 550w, https:\/\/buletin.de\/bucuresti\/wp-content\/uploads\/Captura-de-ecran-2023-02-07-170730-600x281.png 600w, https:\/\/buletin.de\/bucuresti\/wp-content\/uploads\/Captura-de-ecran-2023-02-07-170730.png 1062w\" sizes=\"(max-width: 900px) 100vw, 900px\" \/><figcaption>Captur\u0103 de ecran Hot\u0103r\u00e2re nr. 78 din data de 26.08.2021<\/figcaption><\/figure>\n\n\n\n<figure class=\"wp-block-image size-large\"><img decoding=\"async\" width=\"900\" height=\"80\" src=\"data:image\/gif;base64,R0lGODlhAQABAAAAACH5BAEKAAEALAAAAAABAAEAAAICTAEAOw==\" data-src=\"https:\/\/buletin.de\/bucuresti\/wp-content\/uploads\/esc-pharm165958-900x80.png\" alt=\"\" class=\"wp-image-53574 lazyload\" data-sizes=\"auto\" data-srcset=\"https:\/\/buletin.de\/bucuresti\/wp-content\/uploads\/esc-pharm165958-900x80.png 900w, https:\/\/buletin.de\/bucuresti\/wp-content\/uploads\/esc-pharm165958-300x27.png 300w, https:\/\/buletin.de\/bucuresti\/wp-content\/uploads\/esc-pharm165958-768x68.png 768w, https:\/\/buletin.de\/bucuresti\/wp-content\/uploads\/esc-pharm165958-1536x137.png 1536w, https:\/\/buletin.de\/bucuresti\/wp-content\/uploads\/esc-pharm165958-1060x94.png 1060w, https:\/\/buletin.de\/bucuresti\/wp-content\/uploads\/esc-pharm165958-550x49.png 550w, https:\/\/buletin.de\/bucuresti\/wp-content\/uploads\/esc-pharm165958-600x53.png 600w, https:\/\/buletin.de\/bucuresti\/wp-content\/uploads\/esc-pharm165958.png 1651w\" sizes=\"(max-width: 900px) 100vw, 900px\" \/><figcaption>Captur\u0103 de ecran din Lista Certificatelor de Urbanism eliberate de Prim\u0103ria Pope\u0219ti Leordeni, de pe site-ul prim\u0103riei: https:\/\/prim\u0103ria-pope\u0219ti-leordeni.ro\/primarie\/urbanism\/cu-2022<\/figcaption><\/figure>\n\n\n\n<figure class=\"wp-block-image size-full\"><img decoding=\"async\" width=\"725\" height=\"423\" src=\"data:image\/gif;base64,R0lGODlhAQABAAAAACH5BAEKAAEALAAAAAABAAEAAAICTAEAOw==\" data-src=\"https:\/\/buletin.de\/bucuresti\/wp-content\/uploads\/WhatsApp-Image-2023-02-07-at-15.54.25.jpeg\" alt=\"\" class=\"wp-image-53571 lazyload\" data-sizes=\"auto\" data-srcset=\"https:\/\/buletin.de\/bucuresti\/wp-content\/uploads\/WhatsApp-Image-2023-02-07-at-15.54.25.jpeg 725w, https:\/\/buletin.de\/bucuresti\/wp-content\/uploads\/WhatsApp-Image-2023-02-07-at-15.54.25-300x175.jpeg 300w, https:\/\/buletin.de\/bucuresti\/wp-content\/uploads\/WhatsApp-Image-2023-02-07-at-15.54.25-550x321.jpeg 550w, https:\/\/buletin.de\/bucuresti\/wp-content\/uploads\/WhatsApp-Image-2023-02-07-at-15.54.25-600x350.jpeg 600w\" sizes=\"(max-width: 725px) 100vw, 725px\" \/><figcaption>Captur\u0103 de ecran Declara\u021bie de Interese<\/figcaption><\/figure>\n\n\n\n<p>Firma viceprimarului ar fi intrat \u00een proiectul de dezvoltare imobiliar\u0103 la doar 10 zile de la aprobarea PUZ-ului proiectului, conform unui articol postat pe prociutescu.ro. <\/p>\n\n\n\n<p>De asemenea, viceprimarul \u0218tef\u0103nescu a participat la adoptarea Hot\u0103r\u00e2rii de Consiliu Local nr. 84, conform c\u0103reia a fost respins un Proiect de Hot\u0103r\u00e2re, proiectul nr. 48636\/23.09.2021, propus de Alian\u021ba USR-Plus, ce avea \u00een vedere \u00eencetarea mandatelor unor consilieri locali. <\/p>\n\n\n\n<p>\u00ceni\u021biativa USR-Plus num\u0103rul 21, \u00eenregistrat\u0103 \u00een data de 23 septembrie 2021 avea \u00een vedere \u00eencetarea mandatelor consilierilor locali Pro Rom\u00e2nia \u0219i PNL, \u00eenainte de termenul de expirare al mandatelor. Motivul ar fi fost absen\u021ba nemotivat\u0103 a acestor consilieri la 3 \u00eentruniri ale consiliului, convocate pe o perioad\u0103 de 3 luni. Absen\u021ba nemotivat\u0103 a acestora a atras dup\u0103 sine ne\u00eemplinirea cvorumului necesar derul\u0103rii \u0219edin\u021belor, astfel f\u0103c\u00e2nd imposibil\u0103 <em><em>\u201edesf\u0103\u0219urarea, \u00een condi\u021biile legii, a \u0219edin\u021belor ordinare \u0219i\/sau extraordinare\u201d<\/em><\/em>.<\/p>\n\n\n\n<div class=\"wp-block-coblocks-alert\" aria-label=\"Alert section\"><p class=\"wp-block-coblocks-alert__title\">Conform comunicatului ANI:<\/p><p class=\"wp-block-coblocks-alert__text\">\u201e\u00cen&nbsp;calitate de consilier local a participat la adoptarea Hot\u0103r\u00e2rii Consiliului Local din data de 28 septembrie 2021 privind respingerea Proiectului de hot\u0103r\u00e2re din data de 23 septembrie 2021 cu privire la \u00eencetarea mandatelor de consilieri locali, acesta av\u00e2nd un interes personal \u00een problema supus\u0103 dezbaterii \u00eentruc\u00e2t se afla pe lista consilierilor locali ale c\u0103ror mandate au fost declarate \u00eencetate de drept.<br>Totodat\u0103, \u0218TEF\u0102NESCU GEORGE ADRIAN a participat la adoptarea Hot\u0103r\u00e2rii Consiliului Local din data de 26 august 2021 prin care a fost aprobat Planul Urbanistic Zonal pentru un ansamblu de locuin\u021be aflat pe terenul de\u021binut de societatea la care persoana evaluat\u0103 de\u021bine calitatea de asociat unic \u0219i func\u021bia de administrator.<br><br>Astfel, persoana evaluat\u0103 a \u00eenc\u0103lcat prevederile art. 70 din Legea nr. 161\/2003, coroborate cu prevederile art. 228, alin. (1), lit. c) din O.U.G. nr. 57\/2019\u201d.<\/p><\/div>\n\n\n\n<p><\/p>\n\n\n\n<h2 class=\"wp-block-heading\">Ciotoianu Marian &#8211; consilier local al ora\u0219ului Pope\u0219ti- Leordeni<\/h2>\n\n\n\n<p>Marian Citoianu, reprezentant al partidului PRO Rom\u00e2nia, a fost \u0219i el vizat, \u00eempreun\u0103 cu restul colegilor s\u0103i \u0219i consilierilor PNL, de proiectul de hot\u0103r\u00e2re ini\u021biat de URS-Plus, fiind pe lista membrilor de consiliu c\u0103rora li se cerea \u00eencetarea mandatelor, \u00een baza absentismului nemotivat de la \u0219edin\u021bele de consiliu. Absen\u021ba nemotivat\u0103 a acestora a atras dup\u0103 sine ne\u00eemplinirea cvorumului necesar derul\u0103rii \u0219edin\u021belor, \u00een num\u0103r de 3, timp de 3 luni, astfel f\u0103c\u00e2nd imposibil\u0103 <em>\u201edesf\u0103\u0219urarea, \u00een condi\u021biile legii, a \u0219edin\u021belor ordinare \u0219i\/sau extraordinare\u201d<\/em>.<\/p>\n\n\n\n<p>Precum viceprimarul ora\u0219ului, \u0219i el a participat \u0219i el la adoptarea Hot\u0103r\u00e2rii de Consiliu Local nr. 84, prin care se respingea acest proiect de lege.<\/p>\n\n\n\n<div class=\"wp-block-coblocks-alert\" aria-label=\"Alert section\"><p class=\"wp-block-coblocks-alert__title\">Conform comunicatului ANI:<\/p><p class=\"wp-block-coblocks-alert__text\">&#8220;\u00cen&nbsp;calitate de consilier local a participat la adoptarea Hot\u0103r\u00e2rii Consiliului Local din data de 28 septembrie 2021 privind respingerea Proiectului de hot\u0103r\u00e2re&nbsp;din data de 23 septembrie 2021 cu privire la \u00eencetarea mandatelor de consilieri locali, acesta av\u00e2nd un interes personal \u00een problema supus\u0103 dezbaterii, deoarece se afla pe lista consilierilor locali ale c\u0103ror mandate au fost declarate \u00eencetate de drept. Persoana evaluat\u0103 a \u00eenc\u0103lcat astfel prevederile art. 70 din Legea nr. 161\/2003, coroborate cu prevederile art. 228, alin. (1) din O.U.G. nr. 57\/2019.&#8221;<\/p><\/div>\n","protected":false},"excerpt":{"rendered":"<p>Agen\u021bia Na\u021bional\u0103 de Integritate \u00eei acuz\u0103 pe viceprimarul ora\u0219ului Pope\u0219ti-Leordeni, \u0218tef\u0103nescu George Adrian, \u0219i pe consilierul local din aceea\u0219i localitate, Ciotoianu Marian, de conflict de interese administrative. Am\u00e2ndoi au votat \u00een \u0219edin\u021be de Consiliu Local pentru hot\u0103r\u00e2ri care \u00eei priveau direct. De asemenea, viceprimarul ar fi girat un PUZ care viza terenuri aflate \u00een proprietatea [&hellip;]<\/p>\n","protected":false},"author":47,"featured_media":53553,"comment_status":"closed","ping_status":"open","sticky":false,"template":"","format":"standard","meta":{"_acf_changed":false,"inline_featured_image":false,"ngg_post_thumbnail":0,"footnotes":""},"categories":[62],"tags":[],"ppma_author":[22580],"class_list":["post-53534","post","type-post","status-publish","format-standard","has-post-thumbnail","hentry","category-stiri"],"acf":[],"yoast_head":"<!-- This site is optimized with the Yoast SEO Premium plugin v25.3 (Yoast SEO v27.4) - https:\/\/yoast.com\/product\/yoast-seo-premium-wordpress\/ -->\n<title>Viceprimarul din Pope\u0219ti-Leordeni \u0219i un consilier local, \u00een conflict de interese - Buletin de Bucure\u0219ti<\/title>\n<meta name=\"robots\" content=\"index, follow, max-snippet:-1, max-image-preview:large, max-video-preview:-1\" \/>\n<link rel=\"canonical\" href=\"https:\/\/buletin.de\/bucuresti\/viceprimarul-din-popesti-leordeni-si-un-consilier-local-in-conflict-de-interese\/\" \/>\n<meta property=\"og:locale\" content=\"en_GB\" \/>\n<meta property=\"og:type\" content=\"article\" \/>\n<meta property=\"og:title\" content=\"Viceprimarul din Pope\u0219ti-Leordeni \u0219i un consilier local, \u00een conflict de interese\" \/>\n<meta property=\"og:description\" content=\"Agen\u021bia Na\u021bional\u0103 de Integritate \u00eei acuz\u0103 pe viceprimarul ora\u0219ului Pope\u0219ti-Leordeni, \u0218tef\u0103nescu George Adrian, \u0219i pe consilierul local din aceea\u0219i localitate, Ciotoianu Marian, de conflict de interese administrative. Am\u00e2ndoi au votat \u00een \u0219edin\u021be de Consiliu Local pentru hot\u0103r\u00e2ri care \u00eei priveau direct. De asemenea, viceprimarul ar fi girat un PUZ care viza terenuri aflate \u00een proprietatea [&hellip;]\" \/>\n<meta property=\"og:url\" content=\"https:\/\/buletin.de\/bucuresti\/viceprimarul-din-popesti-leordeni-si-un-consilier-local-in-conflict-de-interese\/\" \/>\n<meta property=\"og:site_name\" content=\"Buletin de Bucure\u0219ti\" \/>\n<meta property=\"article:publisher\" content=\"https:\/\/www.facebook.com\/buletin.de.buc\" \/>\n<meta property=\"article:published_time\" content=\"2023-02-07T15:52:07+00:00\" \/>\n<meta property=\"article:modified_time\" content=\"2023-02-07T15:52:08+00:00\" \/>\n<meta property=\"og:image\" content=\"https:\/\/buletin.de\/bucuresti\/wp-content\/uploads\/WhatsApp-Image-2023-02-07-at-15.24.27.jpeg\" \/>\n\t<meta property=\"og:image:width\" content=\"851\" \/>\n\t<meta property=\"og:image:height\" content=\"315\" \/>\n\t<meta property=\"og:image:type\" content=\"image\/jpeg\" \/>\n<meta name=\"author\" content=\"Adina C\u0103p\u00eelnean\" \/>\n<meta name=\"twitter:card\" content=\"summary_large_image\" \/>\n<meta name=\"twitter:label1\" content=\"Written by\" \/>\n\t<meta name=\"twitter:data1\" content=\"Adina C\u0103p\u00eelnean\" \/>\n\t<meta name=\"twitter:label2\" content=\"Estimated reading time\" \/>\n\t<meta name=\"twitter:data2\" content=\"4 minutes\" \/>\n<script type=\"application\/ld+json\" class=\"yoast-schema-graph\">{\"@context\":\"https:\\\/\\\/schema.org\",\"@graph\":[{\"@type\":\"Article\",\"@id\":\"https:\\\/\\\/buletin.de\\\/bucuresti\\\/viceprimarul-din-popesti-leordeni-si-un-consilier-local-in-conflict-de-interese\\\/#article\",\"isPartOf\":{\"@id\":\"https:\\\/\\\/buletin.de\\\/bucuresti\\\/viceprimarul-din-popesti-leordeni-si-un-consilier-local-in-conflict-de-interese\\\/\"},\"author\":{\"name\":\"Adina C\u0103p\u00eelnean\",\"@id\":\"https:\\\/\\\/buletin.de\\\/bucuresti\\\/#\\\/schema\\\/person\\\/ab174cf6711728e4ee83d672acf9a912\"},\"headline\":\"Viceprimarul din Pope\u0219ti-Leordeni \u0219i un consilier local, \u00een conflict de interese\",\"datePublished\":\"2023-02-07T15:52:07+00:00\",\"dateModified\":\"2023-02-07T15:52:08+00:00\",\"mainEntityOfPage\":{\"@id\":\"https:\\\/\\\/buletin.de\\\/bucuresti\\\/viceprimarul-din-popesti-leordeni-si-un-consilier-local-in-conflict-de-interese\\\/\"},\"wordCount\":867,\"publisher\":{\"@id\":\"https:\\\/\\\/buletin.de\\\/bucuresti\\\/#organization\"},\"image\":{\"@id\":\"https:\\\/\\\/buletin.de\\\/bucuresti\\\/viceprimarul-din-popesti-leordeni-si-un-consilier-local-in-conflict-de-interese\\\/#primaryimage\"},\"thumbnailUrl\":\"https:\\\/\\\/buletin.de\\\/bucuresti\\\/wp-content\\\/uploads\\\/WhatsApp-Image-2023-02-07-at-15.24.27.jpeg\",\"articleSection\":[\"\u0218tiri\"],\"inLanguage\":\"en-GB\",\"copyrightYear\":\"2023\",\"copyrightHolder\":{\"@id\":\"https:\\\/\\\/buletin.de\\\/bucuresti\\\/#organization\"}},{\"@type\":\"WebPage\",\"@id\":\"https:\\\/\\\/buletin.de\\\/bucuresti\\\/viceprimarul-din-popesti-leordeni-si-un-consilier-local-in-conflict-de-interese\\\/\",\"url\":\"https:\\\/\\\/buletin.de\\\/bucuresti\\\/viceprimarul-din-popesti-leordeni-si-un-consilier-local-in-conflict-de-interese\\\/\",\"name\":\"Viceprimarul din Pope\u0219ti-Leordeni \u0219i un consilier local, \u00een conflict de interese - Buletin de Bucure\u0219ti\",\"isPartOf\":{\"@id\":\"https:\\\/\\\/buletin.de\\\/bucuresti\\\/#website\"},\"primaryImageOfPage\":{\"@id\":\"https:\\\/\\\/buletin.de\\\/bucuresti\\\/viceprimarul-din-popesti-leordeni-si-un-consilier-local-in-conflict-de-interese\\\/#primaryimage\"},\"image\":{\"@id\":\"https:\\\/\\\/buletin.de\\\/bucuresti\\\/viceprimarul-din-popesti-leordeni-si-un-consilier-local-in-conflict-de-interese\\\/#primaryimage\"},\"thumbnailUrl\":\"https:\\\/\\\/buletin.de\\\/bucuresti\\\/wp-content\\\/uploads\\\/WhatsApp-Image-2023-02-07-at-15.24.27.jpeg\",\"datePublished\":\"2023-02-07T15:52:07+00:00\",\"dateModified\":\"2023-02-07T15:52:08+00:00\",\"breadcrumb\":{\"@id\":\"https:\\\/\\\/buletin.de\\\/bucuresti\\\/viceprimarul-din-popesti-leordeni-si-un-consilier-local-in-conflict-de-interese\\\/#breadcrumb\"},\"inLanguage\":\"en-GB\",\"potentialAction\":[{\"@type\":\"ReadAction\",\"target\":[\"https:\\\/\\\/buletin.de\\\/bucuresti\\\/viceprimarul-din-popesti-leordeni-si-un-consilier-local-in-conflict-de-interese\\\/\"]}]},{\"@type\":\"ImageObject\",\"inLanguage\":\"en-GB\",\"@id\":\"https:\\\/\\\/buletin.de\\\/bucuresti\\\/viceprimarul-din-popesti-leordeni-si-un-consilier-local-in-conflict-de-interese\\\/#primaryimage\",\"url\":\"https:\\\/\\\/buletin.de\\\/bucuresti\\\/wp-content\\\/uploads\\\/WhatsApp-Image-2023-02-07-at-15.24.27.jpeg\",\"contentUrl\":\"https:\\\/\\\/buletin.de\\\/bucuresti\\\/wp-content\\\/uploads\\\/WhatsApp-Image-2023-02-07-at-15.24.27.jpeg\",\"width\":851,\"height\":315},{\"@type\":\"BreadcrumbList\",\"@id\":\"https:\\\/\\\/buletin.de\\\/bucuresti\\\/viceprimarul-din-popesti-leordeni-si-un-consilier-local-in-conflict-de-interese\\\/#breadcrumb\",\"itemListElement\":[{\"@type\":\"ListItem\",\"position\":1,\"name\":\"Acas\u0103\",\"item\":\"https:\\\/\\\/buletin.de\\\/bucuresti\\\/\"},{\"@type\":\"ListItem\",\"position\":2,\"name\":\"Viceprimarul din Pope\u0219ti-Leordeni \u0219i un consilier local, \u00een conflict de interese\"}]},{\"@type\":\"WebSite\",\"@id\":\"https:\\\/\\\/buletin.de\\\/bucuresti\\\/#website\",\"url\":\"https:\\\/\\\/buletin.de\\\/bucuresti\\\/\",\"name\":\"Buletin de Bucure\u0219ti\",\"description\":\"\u0218tiri \u0219i investiga\u021bii esen\u021biale din capital\u0103\",\"publisher\":{\"@id\":\"https:\\\/\\\/buletin.de\\\/bucuresti\\\/#organization\"},\"potentialAction\":[{\"@type\":\"SearchAction\",\"target\":{\"@type\":\"EntryPoint\",\"urlTemplate\":\"https:\\\/\\\/buletin.de\\\/bucuresti\\\/?s={search_term_string}\"},\"query-input\":{\"@type\":\"PropertyValueSpecification\",\"valueRequired\":true,\"valueName\":\"search_term_string\"}}],\"inLanguage\":\"en-GB\"},{\"@type\":\"Organization\",\"@id\":\"https:\\\/\\\/buletin.de\\\/bucuresti\\\/#organization\",\"name\":\"Buletin de Bucure\u0219ti\",\"url\":\"https:\\\/\\\/buletin.de\\\/bucuresti\\\/\",\"logo\":{\"@type\":\"ImageObject\",\"inLanguage\":\"en-GB\",\"@id\":\"https:\\\/\\\/buletin.de\\\/bucuresti\\\/#\\\/schema\\\/logo\\\/image\\\/\",\"url\":\"https:\\\/\\\/buletin.de\\\/bucuresti\\\/wp-content\\\/uploads\\\/logo-bdb-full-wide-vernil-transparent.png\",\"contentUrl\":\"https:\\\/\\\/buletin.de\\\/bucuresti\\\/wp-content\\\/uploads\\\/logo-bdb-full-wide-vernil-transparent.png\",\"width\":1782,\"height\":626,\"caption\":\"Buletin de Bucure\u0219ti\"},\"image\":{\"@id\":\"https:\\\/\\\/buletin.de\\\/bucuresti\\\/#\\\/schema\\\/logo\\\/image\\\/\"},\"sameAs\":[\"https:\\\/\\\/www.facebook.com\\\/buletin.de.buc\",\"https:\\\/\\\/www.instagram.com\\\/buletinde.bucuresti\\\/\"]},{\"@type\":\"Person\",\"@id\":\"https:\\\/\\\/buletin.de\\\/bucuresti\\\/#\\\/schema\\\/person\\\/ab174cf6711728e4ee83d672acf9a912\",\"name\":\"Adina C\u0103p\u00eelnean\",\"image\":{\"@type\":\"ImageObject\",\"inLanguage\":\"en-GB\",\"@id\":\"https:\\\/\\\/secure.gravatar.com\\\/avatar\\\/4fe9675d6282fd7c1aa4e486a037d532d5728fc16a30360f293eb6126b2e73ad?s=96&d=monsterid&r=ge2b23868508aec3460d3c6a11d3b599a\",\"url\":\"https:\\\/\\\/secure.gravatar.com\\\/avatar\\\/4fe9675d6282fd7c1aa4e486a037d532d5728fc16a30360f293eb6126b2e73ad?s=96&d=monsterid&r=g\",\"contentUrl\":\"https:\\\/\\\/secure.gravatar.com\\\/avatar\\\/4fe9675d6282fd7c1aa4e486a037d532d5728fc16a30360f293eb6126b2e73ad?s=96&d=monsterid&r=g\",\"caption\":\"Adina C\u0103p\u00eelnean\"},\"url\":\"https:\\\/\\\/buletin.de\\\/bucuresti\\\/author\\\/adinacapilnean\\\/\"}]}<\/script>\n<!-- \/ Yoast SEO Premium plugin. -->","yoast_head_json":{"title":"Viceprimarul din Pope\u0219ti-Leordeni \u0219i un consilier local, \u00een conflict de interese - Buletin de Bucure\u0219ti","robots":{"index":"index","follow":"follow","max-snippet":"max-snippet:-1","max-image-preview":"max-image-preview:large","max-video-preview":"max-video-preview:-1"},"canonical":"https:\/\/buletin.de\/bucuresti\/viceprimarul-din-popesti-leordeni-si-un-consilier-local-in-conflict-de-interese\/","og_locale":"en_GB","og_type":"article","og_title":"Viceprimarul din Pope\u0219ti-Leordeni \u0219i un consilier local, \u00een conflict de interese","og_description":"Agen\u021bia Na\u021bional\u0103 de Integritate \u00eei acuz\u0103 pe viceprimarul ora\u0219ului Pope\u0219ti-Leordeni, \u0218tef\u0103nescu George Adrian, \u0219i pe consilierul local din aceea\u0219i localitate, Ciotoianu Marian, de conflict de interese administrative. Am\u00e2ndoi au votat \u00een \u0219edin\u021be de Consiliu Local pentru hot\u0103r\u00e2ri care \u00eei priveau direct. De asemenea, viceprimarul ar fi girat un PUZ care viza terenuri aflate \u00een proprietatea [&hellip;]","og_url":"https:\/\/buletin.de\/bucuresti\/viceprimarul-din-popesti-leordeni-si-un-consilier-local-in-conflict-de-interese\/","og_site_name":"Buletin de Bucure\u0219ti","article_publisher":"https:\/\/www.facebook.com\/buletin.de.buc","article_published_time":"2023-02-07T15:52:07+00:00","article_modified_time":"2023-02-07T15:52:08+00:00","og_image":[{"width":851,"height":315,"url":"https:\/\/buletin.de\/bucuresti\/wp-content\/uploads\/WhatsApp-Image-2023-02-07-at-15.24.27.jpeg","type":"image\/jpeg"}],"author":"Adina C\u0103p\u00eelnean","twitter_card":"summary_large_image","twitter_misc":{"Written by":"Adina C\u0103p\u00eelnean","Estimated reading time":"4 minutes"},"schema":{"@context":"https:\/\/schema.org","@graph":[{"@type":"Article","@id":"https:\/\/buletin.de\/bucuresti\/viceprimarul-din-popesti-leordeni-si-un-consilier-local-in-conflict-de-interese\/#article","isPartOf":{"@id":"https:\/\/buletin.de\/bucuresti\/viceprimarul-din-popesti-leordeni-si-un-consilier-local-in-conflict-de-interese\/"},"author":{"name":"Adina C\u0103p\u00eelnean","@id":"https:\/\/buletin.de\/bucuresti\/#\/schema\/person\/ab174cf6711728e4ee83d672acf9a912"},"headline":"Viceprimarul din Pope\u0219ti-Leordeni \u0219i un consilier local, \u00een conflict de interese","datePublished":"2023-02-07T15:52:07+00:00","dateModified":"2023-02-07T15:52:08+00:00","mainEntityOfPage":{"@id":"https:\/\/buletin.de\/bucuresti\/viceprimarul-din-popesti-leordeni-si-un-consilier-local-in-conflict-de-interese\/"},"wordCount":867,"publisher":{"@id":"https:\/\/buletin.de\/bucuresti\/#organization"},"image":{"@id":"https:\/\/buletin.de\/bucuresti\/viceprimarul-din-popesti-leordeni-si-un-consilier-local-in-conflict-de-interese\/#primaryimage"},"thumbnailUrl":"https:\/\/buletin.de\/bucuresti\/wp-content\/uploads\/WhatsApp-Image-2023-02-07-at-15.24.27.jpeg","articleSection":["\u0218tiri"],"inLanguage":"en-GB","copyrightYear":"2023","copyrightHolder":{"@id":"https:\/\/buletin.de\/bucuresti\/#organization"}},{"@type":"WebPage","@id":"https:\/\/buletin.de\/bucuresti\/viceprimarul-din-popesti-leordeni-si-un-consilier-local-in-conflict-de-interese\/","url":"https:\/\/buletin.de\/bucuresti\/viceprimarul-din-popesti-leordeni-si-un-consilier-local-in-conflict-de-interese\/","name":"Viceprimarul din Pope\u0219ti-Leordeni \u0219i un consilier local, \u00een conflict de interese - Buletin de Bucure\u0219ti","isPartOf":{"@id":"https:\/\/buletin.de\/bucuresti\/#website"},"primaryImageOfPage":{"@id":"https:\/\/buletin.de\/bucuresti\/viceprimarul-din-popesti-leordeni-si-un-consilier-local-in-conflict-de-interese\/#primaryimage"},"image":{"@id":"https:\/\/buletin.de\/bucuresti\/viceprimarul-din-popesti-leordeni-si-un-consilier-local-in-conflict-de-interese\/#primaryimage"},"thumbnailUrl":"https:\/\/buletin.de\/bucuresti\/wp-content\/uploads\/WhatsApp-Image-2023-02-07-at-15.24.27.jpeg","datePublished":"2023-02-07T15:52:07+00:00","dateModified":"2023-02-07T15:52:08+00:00","breadcrumb":{"@id":"https:\/\/buletin.de\/bucuresti\/viceprimarul-din-popesti-leordeni-si-un-consilier-local-in-conflict-de-interese\/#breadcrumb"},"inLanguage":"en-GB","potentialAction":[{"@type":"ReadAction","target":["https:\/\/buletin.de\/bucuresti\/viceprimarul-din-popesti-leordeni-si-un-consilier-local-in-conflict-de-interese\/"]}]},{"@type":"ImageObject","inLanguage":"en-GB","@id":"https:\/\/buletin.de\/bucuresti\/viceprimarul-din-popesti-leordeni-si-un-consilier-local-in-conflict-de-interese\/#primaryimage","url":"https:\/\/buletin.de\/bucuresti\/wp-content\/uploads\/WhatsApp-Image-2023-02-07-at-15.24.27.jpeg","contentUrl":"https:\/\/buletin.de\/bucuresti\/wp-content\/uploads\/WhatsApp-Image-2023-02-07-at-15.24.27.jpeg","width":851,"height":315},{"@type":"BreadcrumbList","@id":"https:\/\/buletin.de\/bucuresti\/viceprimarul-din-popesti-leordeni-si-un-consilier-local-in-conflict-de-interese\/#breadcrumb","itemListElement":[{"@type":"ListItem","position":1,"name":"Acas\u0103","item":"https:\/\/buletin.de\/bucuresti\/"},{"@type":"ListItem","position":2,"name":"Viceprimarul din Pope\u0219ti-Leordeni \u0219i un consilier local, \u00een conflict de interese"}]},{"@type":"WebSite","@id":"https:\/\/buletin.de\/bucuresti\/#website","url":"https:\/\/buletin.de\/bucuresti\/","name":"Buletin de Bucure\u0219ti","description":"\u0218tiri \u0219i investiga\u021bii esen\u021biale din capital\u0103","publisher":{"@id":"https:\/\/buletin.de\/bucuresti\/#organization"},"potentialAction":[{"@type":"SearchAction","target":{"@type":"EntryPoint","urlTemplate":"https:\/\/buletin.de\/bucuresti\/?s={search_term_string}"},"query-input":{"@type":"PropertyValueSpecification","valueRequired":true,"valueName":"search_term_string"}}],"inLanguage":"en-GB"},{"@type":"Organization","@id":"https:\/\/buletin.de\/bucuresti\/#organization","name":"Buletin de Bucure\u0219ti","url":"https:\/\/buletin.de\/bucuresti\/","logo":{"@type":"ImageObject","inLanguage":"en-GB","@id":"https:\/\/buletin.de\/bucuresti\/#\/schema\/logo\/image\/","url":"https:\/\/buletin.de\/bucuresti\/wp-content\/uploads\/logo-bdb-full-wide-vernil-transparent.png","contentUrl":"https:\/\/buletin.de\/bucuresti\/wp-content\/uploads\/logo-bdb-full-wide-vernil-transparent.png","width":1782,"height":626,"caption":"Buletin de Bucure\u0219ti"},"image":{"@id":"https:\/\/buletin.de\/bucuresti\/#\/schema\/logo\/image\/"},"sameAs":["https:\/\/www.facebook.com\/buletin.de.buc","https:\/\/www.instagram.com\/buletinde.bucuresti\/"]},{"@type":"Person","@id":"https:\/\/buletin.de\/bucuresti\/#\/schema\/person\/ab174cf6711728e4ee83d672acf9a912","name":"Adina C\u0103p\u00eelnean","image":{"@type":"ImageObject","inLanguage":"en-GB","@id":"https:\/\/secure.gravatar.com\/avatar\/4fe9675d6282fd7c1aa4e486a037d532d5728fc16a30360f293eb6126b2e73ad?s=96&d=monsterid&r=ge2b23868508aec3460d3c6a11d3b599a","url":"https:\/\/secure.gravatar.com\/avatar\/4fe9675d6282fd7c1aa4e486a037d532d5728fc16a30360f293eb6126b2e73ad?s=96&d=monsterid&r=g","contentUrl":"https:\/\/secure.gravatar.com\/avatar\/4fe9675d6282fd7c1aa4e486a037d532d5728fc16a30360f293eb6126b2e73ad?s=96&d=monsterid&r=g","caption":"Adina C\u0103p\u00eelnean"},"url":"https:\/\/buletin.de\/bucuresti\/author\/adinacapilnean\/"}]}},"authors":[{"term_id":22580,"user_id":47,"is_guest":0,"slug":"adinacapilnean","display_name":"Adina C\u0103p\u00eelnean","avatar_url":"https:\/\/secure.gravatar.com\/avatar\/4fe9675d6282fd7c1aa4e486a037d532d5728fc16a30360f293eb6126b2e73ad?s=96&d=monsterid&r=g","0":null,"1":"","2":"","3":"","4":"","5":"","6":"","7":"","8":""}],"_links":{"self":[{"href":"https:\/\/buletin.de\/bucuresti\/wp-json\/wp\/v2\/posts\/53534","targetHints":{"allow":["GET"]}}],"collection":[{"href":"https:\/\/buletin.de\/bucuresti\/wp-json\/wp\/v2\/posts"}],"about":[{"href":"https:\/\/buletin.de\/bucuresti\/wp-json\/wp\/v2\/types\/post"}],"author":[{"embeddable":true,"href":"https:\/\/buletin.de\/bucuresti\/wp-json\/wp\/v2\/users\/47"}],"replies":[{"embeddable":true,"href":"https:\/\/buletin.de\/bucuresti\/wp-json\/wp\/v2\/comments?post=53534"}],"version-history":[{"count":16,"href":"https:\/\/buletin.de\/bucuresti\/wp-json\/wp\/v2\/posts\/53534\/revisions"}],"predecessor-version":[{"id":53589,"href":"https:\/\/buletin.de\/bucuresti\/wp-json\/wp\/v2\/posts\/53534\/revisions\/53589"}],"wp:featuredmedia":[{"embeddable":true,"href":"https:\/\/buletin.de\/bucuresti\/wp-json\/wp\/v2\/media\/53553"}],"wp:attachment":[{"href":"https:\/\/buletin.de\/bucuresti\/wp-json\/wp\/v2\/media?parent=53534"}],"wp:term":[{"taxonomy":"category","embeddable":true,"href":"https:\/\/buletin.de\/bucuresti\/wp-json\/wp\/v2\/categories?post=53534"},{"taxonomy":"post_tag","embeddable":true,"href":"https:\/\/buletin.de\/bucuresti\/wp-json\/wp\/v2\/tags?post=53534"},{"taxonomy":"author","embeddable":true,"href":"https:\/\/buletin.de\/bucuresti\/wp-json\/wp\/v2\/ppma_author?post=53534"}],"curies":[{"name":"wp","href":"https:\/\/api.w.org\/{rel}","templated":true}]}}