{"id":53460,"date":"2023-02-08T12:38:22","date_gmt":"2023-02-08T10:38:22","guid":{"rendered":"https:\/\/buletin.de\/bucuresti\/?p=53460"},"modified":"2023-02-08T14:13:33","modified_gmt":"2023-02-08T12:13:33","slug":"controversa-zonelor-protejate-din-capitala-directia-de-urbanism-din-primarie-confirma-ca-nu-gaseste-documentele-originale","status":"publish","type":"post","link":"https:\/\/buletin.de\/bucuresti\/controversa-zonelor-protejate-din-capitala-directia-de-urbanism-din-primarie-confirma-ca-nu-gaseste-documentele-originale\/","title":{"rendered":"Controversa \u201ezonelor protejate&#8221; din Capital\u0103. Direc\u021bia de Urbanism din Prim\u0103rie confirm\u0103 c\u0103 nu g\u0103se\u0219te documentele originale"},"content":{"rendered":"\n<p><strong>Un scandal izbucnit \u00eentre edilul general \u0219i prefectul de Bucure\u0219ti scoate la iveal\u0103 o problem\u0103 grav\u0103 pentru Capital\u0103. Documenta\u021biile originale ale Planurilor de Urbanism Zonal care protejeaz\u0103 zonele istorice nu mai sunt de g\u0103sit \u00een arhiva prim\u0103riei. Primarul Nicu\u0219or Dan a acuzat prefectul de Bucure\u0219ti c\u0103 vrea s\u0103 atace \u00een instan\u021b\u0103 PUZ-urile pentru a face jocurile unor investitori imobiliari. \u00cen replic\u0103, prefectul sus\u021bine c\u0103 vrea doar s\u0103 verifice legalitatea actelor \u0219i c\u0103 declara\u021biile edilului general \u00eei confirm\u0103 c\u0103 ceva e \u00een neregul\u0103. <\/strong><\/p>\n\n\n\n<p>Pe 1 februarie 2023, o adres\u0103 ultimativ\u0103 a plecat de la Prefectura Bucure\u0219ti spre Prim\u0103rie. Reprezentatul Guvernului \u00een teritoriu \u00eei solicit\u0103 primarului general ca, p\u00e2n\u0103 pe 6 februarie 2023, s\u0103 trimit\u0103 Prefecturii toat\u0103 documenta\u021bia original\u0103 \u00een leg\u0103tur\u0103 cu \u201ezonele protejate&#8221;. \u00cen caz contrar, prefectul amenin\u021b\u0103 cu o ac\u021biune \u00een contencios administrativ pentru anulare hot\u0103r\u00e2rii CGMB prin care au fost aprobate PUZ-urile.<\/p>\n\n\n\n<h2 class=\"wp-block-heading\">De unde a plecat totul<\/h2>\n\n\n\n<p>Pe 3 decembrie 2021, Asocia\u021bia Lexcivica a chemat \u00een judecat\u0103 Consiliul General al Municipiului Bucure\u0219ti \u0219i a cerut anulare HCGMB 279\/2000. Hot\u0103r\u00e2rea cu pricina este cea care aprob\u0103 <a href=\"https:\/\/www2.pmb.ro\/servicii\/urbanism\/zone_protejate\/z_protejate_aprobate.php\">PUZ-urile zonelor protejate din Capital\u0103.<\/a> Intervenient \u00een proces este \u0219i un mare dezoltator imobilar din Capital\u0103, One Modrogan, unul dintre cei afecta\u021bi de restric\u021biile din zon\u0103. <\/p>\n\n\n\n<figure class=\"wp-block-embed is-type-wp-embed is-provider-buletin-de-bucure\u0219ti wp-block-embed-buletin-de-bucure\u0219ti\"><div class=\"wp-block-embed__wrapper\">\n<blockquote class=\"wp-embedded-content\" data-secret=\"kO1bXRCltG\"><a href=\"https:\/\/buletin.de\/bucuresti\/cab-a-suspendat-definitiv-doua-autorizatii-de-construire-date-de-firea-pentru-blocuri-in-modrogan-in-curtea-vilei-filipescu-si-pe-strada-icoanei\/\">CAB a suspendat, definitiv, dou\u0103 autoriza\u021bii de construire date de Gabriela Firea. Pentru blocuri \u00een Modrogan, \u00een curtea vilei Filipescu, \u0219i pe strada Icoanei<\/a><\/blockquote><iframe class=\"wp-embedded-content\" sandbox=\"allow-scripts\" security=\"restricted\" style=\"position: absolute; clip: rect(1px, 1px, 1px, 1px);\" title=\"&#8222;CAB a suspendat, definitiv, dou\u0103 autoriza\u021bii de construire date de Gabriela Firea. Pentru blocuri \u00een Modrogan, \u00een curtea vilei Filipescu, \u0219i pe strada Icoanei&#8221; &#8212; Buletin de Bucure\u0219ti\" src=\"https:\/\/buletin.de\/bucuresti\/cab-a-suspendat-definitiv-doua-autorizatii-de-construire-date-de-firea-pentru-blocuri-in-modrogan-in-curtea-vilei-filipescu-si-pe-strada-icoanei\/embed\/#?secret=ZkFzOiF4yM#?secret=kO1bXRCltG\" data-secret=\"kO1bXRCltG\" width=\"600\" height=\"338\" frameborder=\"0\" marginwidth=\"0\" marginheight=\"0\" scrolling=\"no\"><\/iframe>\n<\/div><\/figure>\n\n\n\n<p>Asocia\u021bia Lexcivica a solicitat o serie de documente la Prefectura Bucure\u0219ti \u0219i de la Inspectoratul de Stat \u00een Construc\u021bii, iar aceste solicit\u0103ri au scos la iveal\u0103 situa\u021bia PUZ-urilor zonelor protejate din Capital\u0103.<\/p>\n\n\n\n<h2 class=\"wp-block-heading\">Ce reclam\u0103 Lexcivica<\/h2>\n\n\n\n<p>Dintr-o \u00eent\u00e2mpinare depus\u0103 la instan\u021b\u0103 \u00een octombrie 2022 de Asocia\u021bia Lexcivica, \u00een procesul mai sus men\u021bionat, reiese c\u0103 problema ridicat\u0103 \u00een fa\u021ba judec\u0103torilor este Zona Protejat\u0103 17, inclus\u0103 \u00een PUZ-urile cu pricina. Zona este cea delimitat\u0103 de strada care une\u0219te Bul. Magheru \u0219i Calea Mo\u0219ilor (segmentul nou) \u0219i include str. \u0218coalei \u0219i por\u021biuni ale str. Logof\u0103t Stroici. <\/p>\n\n\n\n<p>\u00cen not\u0103 sunt men\u021bionate c\u00e2teva din argumentele aduse \u00een instan\u021b\u0103 pentru suspendarea HCGMB 279\/2000.<\/p>\n\n\n\n<ul class=\"wp-block-list\"><li>nu exist\u0103 o hot\u0103r\u00e2re a CGMB care s\u0103 fi aprobat un PUZ aferent zonei protejate nr. 17<\/li><li>nu exist\u0103 avize de la Ministerul Lucr\u0103rilor Publice \u0219i nici de la Ministerul Culturii<\/li><li>nu exist\u0103 studii de fundamentare<\/li><li>PUZ-ul nu a avut la baza un Certificat de urbanism a\u0219a cum cere legea<\/li><li>Comisia de urbanism \u0219i lucr\u0103ri publice din PMB <em> a respins <\/em>proiectul de hot\u0103r\u00e2re care st\u0103 la baza HCGMB 279\/2000<\/li><li>o singur\u0103 hot\u0103r\u00e2re a HCGMB nu putea aproba 98 de PUZ-uri diferite<\/li><li><\/li><\/ul>\n\n\n\n<figure class=\"wp-block-image size-full is-resized\"><img fetchpriority=\"high\" decoding=\"async\" src=\"data:image\/gif;base64,R0lGODlhAQABAAAAACH5BAEKAAEALAAAAAABAAEAAAICTAEAOw==\" data-src=\"https:\/\/buletin.de\/bucuresti\/wp-content\/uploads\/image-1400.png\" alt=\"\" class=\"wp-image-53465 lazyload\" width=\"744\" height=\"239\" data-sizes=\"auto\" data-srcset=\"https:\/\/buletin.de\/bucuresti\/wp-content\/uploads\/image-1400.png 744w, https:\/\/buletin.de\/bucuresti\/wp-content\/uploads\/image-1400-300x96.png 300w, https:\/\/buletin.de\/bucuresti\/wp-content\/uploads\/image-1400-550x177.png 550w, https:\/\/buletin.de\/bucuresti\/wp-content\/uploads\/image-1400-600x193.png 600w\" sizes=\"(max-width: 744px) 100vw, 744px\" \/><\/figure>\n\n\n\n<figure class=\"wp-block-image size-full\"><img decoding=\"async\" width=\"723\" height=\"229\" src=\"data:image\/gif;base64,R0lGODlhAQABAAAAACH5BAEKAAEALAAAAAABAAEAAAICTAEAOw==\" data-src=\"https:\/\/buletin.de\/bucuresti\/wp-content\/uploads\/image-1401.png\" alt=\"\" class=\"wp-image-53466 lazyload\" data-sizes=\"auto\" data-srcset=\"https:\/\/buletin.de\/bucuresti\/wp-content\/uploads\/image-1401.png 723w, https:\/\/buletin.de\/bucuresti\/wp-content\/uploads\/image-1401-300x95.png 300w, https:\/\/buletin.de\/bucuresti\/wp-content\/uploads\/image-1401-550x174.png 550w, https:\/\/buletin.de\/bucuresti\/wp-content\/uploads\/image-1401-600x190.png 600w\" sizes=\"(max-width: 723px) 100vw, 723px\" \/><\/figure>\n\n\n\n<figure class=\"wp-block-image size-full\"><img decoding=\"async\" width=\"711\" height=\"511\" src=\"data:image\/gif;base64,R0lGODlhAQABAAAAACH5BAEKAAEALAAAAAABAAEAAAICTAEAOw==\" data-src=\"https:\/\/buletin.de\/bucuresti\/wp-content\/uploads\/image-1402.png\" alt=\"\" class=\"wp-image-53467 lazyload\" data-sizes=\"auto\" data-srcset=\"https:\/\/buletin.de\/bucuresti\/wp-content\/uploads\/image-1402.png 711w, https:\/\/buletin.de\/bucuresti\/wp-content\/uploads\/image-1402-300x216.png 300w, https:\/\/buletin.de\/bucuresti\/wp-content\/uploads\/image-1402-550x395.png 550w, https:\/\/buletin.de\/bucuresti\/wp-content\/uploads\/image-1402-696x500.png 696w, https:\/\/buletin.de\/bucuresti\/wp-content\/uploads\/image-1402-600x431.png 600w\" sizes=\"(max-width: 711px) 100vw, 711px\" \/><\/figure>\n\n\n\n<p>Nu este singurul proces \u00een care Lexcivica a solicitat anularea HCGMB 279\/2000 \u0219i, implicit, a PUZ-urilor zone protejate. Mai exist\u0103 \u00eenc\u0103 dou\u0103 proces tot la Tribunalul Bucure\u0219ti, deschise de asocia\u021bie, \u00een iunie 2021 \u0219i \u00een decembrie 2022. Lexcivica este intervenient \u0219i \u00een alt proces, cu aceea\u0219i spe\u021b\u0103, deschis de COSTAS ATHANASSIOU INVESTMENTS SRL.<\/p>\n\n\n\n<p>Pe 2 februarie, acela\u0219i lucru l-a cerut \u0219i avocatul Hnatec Teodor Gabriel, \u00eentr-un nou proces deschis la Tribunalul Bucure\u0219ti.<\/p>\n\n\n\n<h2 class=\"wp-block-heading\">Direc\u021bia de Urbanism din PMB recunoa\u0219te c\u0103 sunt probleme<\/h2>\n\n\n\n<p>Asocia\u021bia Lexcivica a cerut informa\u021bii legate de PUZ-uri la ISC Bucure\u0219ti \u0219i la Prefectur\u0103. Ceea ce a declan\u0219at o serie de verific\u0103ri finalizate cu concluzia c\u0103 documenta\u021bia original\u0103 nu mai este de g\u0103sit. Informa\u021bia vine chiar de la Direc\u021bia de Urbanism de la Prim\u0103ria Bucure\u0219ti, \u0219i apare \u00eentr-o adres\u0103 a ISC Bucure\u0219ti c\u0103tre Asocia\u021bia Lexcivica \u0219i Institu\u021bia Prefectului Bucure\u0219ti, de pe 14 decembrie 2022. Mai mult, \u00een r\u0103spunsul direc\u021biei se precizeaz\u0103 cu nu exist\u0103 certitudinea c\u0103 varianta PUZ-urilor care exist\u0103 acum e cea adoptat\u0103 acum 23 de ani. \u0218i recunosc cei din direc\u021bie c\u0103, la momentul respectiv, \u00een 2000, nu au fost \u00eendeplinite procedurile legale pentru adoptarea hot\u0103r\u00e2rii de CGMB.<\/p>\n\n\n\n<figure class=\"wp-block-image size-large\"><img loading=\"lazy\" decoding=\"async\" width=\"900\" height=\"244\" src=\"data:image\/gif;base64,R0lGODlhAQABAAAAACH5BAEKAAEALAAAAAABAAEAAAICTAEAOw==\" data-src=\"https:\/\/buletin.de\/bucuresti\/wp-content\/uploads\/image-1403-900x244.png\" alt=\"\" class=\"wp-image-53604 lazyload\" data-sizes=\"auto\" data-srcset=\"https:\/\/buletin.de\/bucuresti\/wp-content\/uploads\/image-1403-900x244.png 900w, https:\/\/buletin.de\/bucuresti\/wp-content\/uploads\/image-1403-300x81.png 300w, https:\/\/buletin.de\/bucuresti\/wp-content\/uploads\/image-1403-768x208.png 768w, https:\/\/buletin.de\/bucuresti\/wp-content\/uploads\/image-1403-1060x287.png 1060w, https:\/\/buletin.de\/bucuresti\/wp-content\/uploads\/image-1403-550x149.png 550w, https:\/\/buletin.de\/bucuresti\/wp-content\/uploads\/image-1403-600x163.png 600w, https:\/\/buletin.de\/bucuresti\/wp-content\/uploads\/image-1403.png 1155w\" sizes=\"(max-width: 900px) 100vw, 900px\" \/><\/figure>\n\n\n\n<h2 class=\"wp-block-heading\">Prefectura cere l\u0103muriri<\/h2>\n\n\n\n<p>Pe 16 ianuarie 2023, prefectul Capitalei \u00eei solicit\u0103, printr-o adres\u0103, edilului general, s\u0103 \u00eei pun\u0103 la dispozi\u021bie, \u00een original, toat\u0103 documenta\u021bia care a stat la baza adopt\u0103rii celor 98 de Planuri Urbanistice Zonale \u00een 2000. <\/p>\n\n\n\n<figure class=\"wp-block-image size-large\"><img loading=\"lazy\" decoding=\"async\" width=\"900\" height=\"319\" src=\"data:image\/gif;base64,R0lGODlhAQABAAAAACH5BAEKAAEALAAAAAABAAEAAAICTAEAOw==\" data-src=\"https:\/\/buletin.de\/bucuresti\/wp-content\/uploads\/image-1404-900x319.png\" alt=\"\" class=\"wp-image-53605 lazyload\" data-sizes=\"auto\" data-srcset=\"https:\/\/buletin.de\/bucuresti\/wp-content\/uploads\/image-1404-900x319.png 900w, https:\/\/buletin.de\/bucuresti\/wp-content\/uploads\/image-1404-300x106.png 300w, https:\/\/buletin.de\/bucuresti\/wp-content\/uploads\/image-1404-768x272.png 768w, https:\/\/buletin.de\/bucuresti\/wp-content\/uploads\/image-1404-1060x375.png 1060w, https:\/\/buletin.de\/bucuresti\/wp-content\/uploads\/image-1404-550x195.png 550w, https:\/\/buletin.de\/bucuresti\/wp-content\/uploads\/image-1404-600x213.png 600w, https:\/\/buletin.de\/bucuresti\/wp-content\/uploads\/image-1404.png 1183w\" sizes=\"(max-width: 900px) 100vw, 900px\" \/><\/figure>\n\n\n\n<p>Dou\u0103 s\u0103pt\u0103m\u00e2ni mai t\u00e2rziu, prefectul revine cu adres\u0103 c\u0103tre PMB cu un ultimatum. Dac\u0103 nu prime\u0219te documenta\u021bia va ataca \u00een instan\u021b\u0103 hot\u0103r\u00e2rea care a aprobat PUZ-urile pe motiv de legalitate. Termenul limit\u0103 precizat este 6 februarie 2023. Iar actele solicitate sunt copiile conforme cu orginalul ale tuturor documentelor care au stat la baza \u0219i au fundamentat HCGMB 279\/2000 prin care s-au aprobat PUZ-urile zone protejate.<\/p>\n\n\n\n<p>\u0218i confirm\u0103 c\u0103 Asocia\u021bia Lexcivica e cea care solicit\u0103 toate aceste informa\u021bii \u0219i cere intrarea \u00een legalitate.<\/p>\n\n\n\n<figure class=\"wp-block-image size-full\"><img loading=\"lazy\" decoding=\"async\" width=\"605\" height=\"497\" src=\"data:image\/gif;base64,R0lGODlhAQABAAAAACH5BAEKAAEALAAAAAABAAEAAAICTAEAOw==\" data-src=\"https:\/\/buletin.de\/bucuresti\/wp-content\/uploads\/image-1405.png\" alt=\"\" class=\"wp-image-53606 lazyload\" data-sizes=\"auto\" data-srcset=\"https:\/\/buletin.de\/bucuresti\/wp-content\/uploads\/image-1405.png 605w, https:\/\/buletin.de\/bucuresti\/wp-content\/uploads\/image-1405-300x246.png 300w, https:\/\/buletin.de\/bucuresti\/wp-content\/uploads\/image-1405-550x452.png 550w, https:\/\/buletin.de\/bucuresti\/wp-content\/uploads\/image-1405-600x493.png 600w\" sizes=\"(max-width: 605px) 100vw, 605px\" \/><\/figure>\n\n\n\n<h2 class=\"wp-block-heading\">Ce urmeaz\u0103<\/h2>\n\n\n\n<p>Primarul Nicu\u0219or Dan a reac\u021bionat, cu o zi \u00eenainte de data limit\u0103 impus\u0103 de prefectul de Bucure\u0219ti cu o conferin\u021b\u0103 de pres\u0103. L-a acuzat pe Toni Grebl\u0103 c\u0103 face jocul unor rechini imobiliari \u0219i vrea s\u0103 desfiin\u021beze PUZ-urile zone protejate pentru a elimina restric\u021biile impuse construc\u021biilor din acele zone.<\/p>\n\n\n\n<p><a href=\"https:\/\/buletin.de\/bucuresti\/53402-2\/\">Prefectul Toni Grebl\u0103, acuzat c\u0103 sus\u021bine interesele rechinilor imobiliari din zona istoric\u0103 a Capitalei<\/a><\/p>\n\n\n\n<p>Replica prefectului a venit <a href=\"https:\/\/buletin.de\/bucuresti\/prefectul-capitalei-respinge-acuzatiile-lui-nicusor-dan-dar-spune-ca-e-ceva-in-neregula-cu-puz-urile-zonelor-protejate\/\">imediat<\/a>. Toni Grebl\u0103 a explicat c\u0103 a cerut aceste documente Prim\u0103riei dup\u0103 ce a ap\u0103rut un zvon c\u0103 acestea nu ar fi fost adoptate \u00een 2000, \u00een CGMB \u015fi c\u0103 nu ar exista \u00een arhivele Prim\u0103riei. Iar faptul c\u0103 Nicu\u0219or Dan nu a r\u0103spuns la adrese este, \u00een opinia prefectului, un semn c\u0103 ceva nu este \u00een regul\u0103. Toni Grebl\u0103 a mai spus c\u0103 nu are de ce s\u0103 atace PUZ-urile \u00een instan\u0163\u0103 pentru c\u0103 nu \u015ftie dac\u0103 exist\u0103.<\/p>\n\n\n\n<p>\u00cen controvers\u0103 a intrat \u0219i \u0219eful ISC Ilfov, Paul Racovit\u0103, care a explicat, pentru <a href=\"https:\/\/www.gandul.ro\/actualitate\/document-exclusiv-seful-inspectoratului-de-stat-in-constructii-il-demoleaza-pe-primarul-capitalei-paul-racovita-arunca-in-aer-punct-cu-punct-argumentele-lui-nicusor-dan-in-speta-zonelor-p-19920818\">Gandul.ro,<\/a> ce ar \u00eensemna suspendarea acestor PUZ-uri. \u00cen opinia \u0219efului ISC, zonele protejate de PUZ-uri ar r\u0103m\u00e2ne \u0219i \u00een lipsa acestora sub protec\u021bia PUG-ului.<\/p>\n\n\n\n<p>&#8220;<em>Zonele construite protejate au fost instituite prin Planul Urbanistic General al Municipiului Bucure\u0219ti, astfel \u00eenc\u00e2t, \u00een cazul lipsirii de efecte a HCGMB nr. 279\/2000, gradul de protec\u021bie conferit imobilelor aflate, \u00een prezent, \u00een sfera de reglementare a planurilor urbanistice zonale aprobate \u00een temeiul hot\u0103r\u00e2rii anterior men\u021bionate, nu va fi \u00eenl\u0103turat<\/em>&#8220;, a spus Paul Racovi\u021b\u0103, pentru Gandul.ro.<\/p>\n\n\n\n<p>O prim\u0103 \u00eent\u00e2lnire \u00eentre cei implica\u021bi \u00een acest conflict va avea loc ast\u0103zi, 8 februarie, la Prim\u0103ria Capitalei. <\/p>\n","protected":false},"excerpt":{"rendered":"<p>Un scandal izbucnit \u00eentre edilul general \u0219i prefectul de Bucure\u0219ti scoate la iveal\u0103 o problem\u0103 grav\u0103 pentru Capital\u0103. Documenta\u021biile originale ale Planurilor de Urbanism Zonal care protejeaz\u0103 zonele istorice nu mai sunt de g\u0103sit \u00een arhiva prim\u0103riei. Primarul Nicu\u0219or Dan a acuzat prefectul de Bucure\u0219ti c\u0103 vrea s\u0103 atace \u00een instan\u021b\u0103 PUZ-urile pentru a face [&hellip;]<\/p>\n","protected":false},"author":18,"featured_media":43268,"comment_status":"closed","ping_status":"open","sticky":false,"template":"","format":"standard","meta":{"_acf_changed":false,"inline_featured_image":false,"ngg_post_thumbnail":0,"footnotes":""},"categories":[3419,62],"tags":[9,3671,5405],"ppma_author":[22579],"class_list":["post-53460","post","type-post","status-publish","format-standard","has-post-thumbnail","hentry","category-featured","category-stiri","tag-bucuresti","tag-puz-uri","tag-zone-protejate"],"acf":[],"yoast_head":"<!-- This site is optimized with the Yoast SEO Premium plugin v25.3 (Yoast SEO v27.4) - https:\/\/yoast.com\/product\/yoast-seo-premium-wordpress\/ -->\n<title>Controversa \u201ezonelor protejate&quot; din Capital\u0103. Direc\u021bia de Urbanism din Prim\u0103rie confirm\u0103 c\u0103 nu g\u0103se\u0219te documentele originale - Buletin de Bucure\u0219ti<\/title>\n<meta name=\"robots\" content=\"index, follow, max-snippet:-1, max-image-preview:large, max-video-preview:-1\" \/>\n<link rel=\"canonical\" href=\"https:\/\/buletin.de\/bucuresti\/controversa-zonelor-protejate-din-capitala-directia-de-urbanism-din-primarie-confirma-ca-nu-gaseste-documentele-originale\/\" \/>\n<meta property=\"og:locale\" content=\"en_GB\" \/>\n<meta property=\"og:type\" content=\"article\" \/>\n<meta property=\"og:title\" content=\"Controversa \u201ezonelor protejate&quot; din Capital\u0103. Direc\u021bia de Urbanism din Prim\u0103rie confirm\u0103 c\u0103 nu g\u0103se\u0219te documentele originale\" \/>\n<meta property=\"og:description\" content=\"Un scandal izbucnit \u00eentre edilul general \u0219i prefectul de Bucure\u0219ti scoate la iveal\u0103 o problem\u0103 grav\u0103 pentru Capital\u0103. Documenta\u021biile originale ale Planurilor de Urbanism Zonal care protejeaz\u0103 zonele istorice nu mai sunt de g\u0103sit \u00een arhiva prim\u0103riei. Primarul Nicu\u0219or Dan a acuzat prefectul de Bucure\u0219ti c\u0103 vrea s\u0103 atace \u00een instan\u021b\u0103 PUZ-urile pentru a face [&hellip;]\" \/>\n<meta property=\"og:url\" content=\"https:\/\/buletin.de\/bucuresti\/controversa-zonelor-protejate-din-capitala-directia-de-urbanism-din-primarie-confirma-ca-nu-gaseste-documentele-originale\/\" \/>\n<meta property=\"og:site_name\" content=\"Buletin de Bucure\u0219ti\" \/>\n<meta property=\"article:publisher\" content=\"https:\/\/www.facebook.com\/buletin.de.buc\" \/>\n<meta property=\"article:published_time\" content=\"2023-02-08T10:38:22+00:00\" \/>\n<meta property=\"article:modified_time\" content=\"2023-02-08T12:13:33+00:00\" \/>\n<meta property=\"og:image\" content=\"https:\/\/buletin.de\/bucuresti\/wp-content\/uploads\/BeFunky-collage-23.jpg\" \/>\n\t<meta property=\"og:image:width\" content=\"2000\" \/>\n\t<meta property=\"og:image:height\" content=\"2000\" \/>\n\t<meta property=\"og:image:type\" content=\"image\/jpeg\" \/>\n<meta name=\"author\" content=\"Teodora Stroe\" \/>\n<meta name=\"twitter:card\" content=\"summary_large_image\" \/>\n<meta name=\"twitter:label1\" content=\"Written by\" \/>\n\t<meta name=\"twitter:data1\" content=\"Teodora Stroe\" \/>\n\t<meta name=\"twitter:label2\" content=\"Estimated reading time\" \/>\n\t<meta name=\"twitter:data2\" content=\"6 minutes\" \/>\n<script type=\"application\/ld+json\" class=\"yoast-schema-graph\">{\"@context\":\"https:\\\/\\\/schema.org\",\"@graph\":[{\"@type\":\"Article\",\"@id\":\"https:\\\/\\\/buletin.de\\\/bucuresti\\\/controversa-zonelor-protejate-din-capitala-directia-de-urbanism-din-primarie-confirma-ca-nu-gaseste-documentele-originale\\\/#article\",\"isPartOf\":{\"@id\":\"https:\\\/\\\/buletin.de\\\/bucuresti\\\/controversa-zonelor-protejate-din-capitala-directia-de-urbanism-din-primarie-confirma-ca-nu-gaseste-documentele-originale\\\/\"},\"author\":{\"name\":\"Teodora Stroe\",\"@id\":\"https:\\\/\\\/buletin.de\\\/bucuresti\\\/#\\\/schema\\\/person\\\/d369d7ddc775abece205795e0b804614\"},\"headline\":\"Controversa \u201ezonelor protejate&#8221; din Capital\u0103. Direc\u021bia de Urbanism din Prim\u0103rie confirm\u0103 c\u0103 nu g\u0103se\u0219te documentele originale\",\"datePublished\":\"2023-02-08T10:38:22+00:00\",\"dateModified\":\"2023-02-08T12:13:33+00:00\",\"mainEntityOfPage\":{\"@id\":\"https:\\\/\\\/buletin.de\\\/bucuresti\\\/controversa-zonelor-protejate-din-capitala-directia-de-urbanism-din-primarie-confirma-ca-nu-gaseste-documentele-originale\\\/\"},\"wordCount\":1072,\"publisher\":{\"@id\":\"https:\\\/\\\/buletin.de\\\/bucuresti\\\/#organization\"},\"image\":{\"@id\":\"https:\\\/\\\/buletin.de\\\/bucuresti\\\/controversa-zonelor-protejate-din-capitala-directia-de-urbanism-din-primarie-confirma-ca-nu-gaseste-documentele-originale\\\/#primaryimage\"},\"thumbnailUrl\":\"https:\\\/\\\/buletin.de\\\/bucuresti\\\/wp-content\\\/uploads\\\/BeFunky-collage-23.jpg\",\"keywords\":[\"bucuresti\",\"puz-uri\",\"zone protejate\"],\"articleSection\":[\"Featured\",\"\u0218tiri\"],\"inLanguage\":\"en-GB\",\"copyrightYear\":\"2023\",\"copyrightHolder\":{\"@id\":\"https:\\\/\\\/buletin.de\\\/bucuresti\\\/#organization\"}},{\"@type\":\"WebPage\",\"@id\":\"https:\\\/\\\/buletin.de\\\/bucuresti\\\/controversa-zonelor-protejate-din-capitala-directia-de-urbanism-din-primarie-confirma-ca-nu-gaseste-documentele-originale\\\/\",\"url\":\"https:\\\/\\\/buletin.de\\\/bucuresti\\\/controversa-zonelor-protejate-din-capitala-directia-de-urbanism-din-primarie-confirma-ca-nu-gaseste-documentele-originale\\\/\",\"name\":\"Controversa \u201ezonelor protejate\\\" din Capital\u0103. Direc\u021bia de Urbanism din Prim\u0103rie confirm\u0103 c\u0103 nu g\u0103se\u0219te documentele originale - Buletin de Bucure\u0219ti\",\"isPartOf\":{\"@id\":\"https:\\\/\\\/buletin.de\\\/bucuresti\\\/#website\"},\"primaryImageOfPage\":{\"@id\":\"https:\\\/\\\/buletin.de\\\/bucuresti\\\/controversa-zonelor-protejate-din-capitala-directia-de-urbanism-din-primarie-confirma-ca-nu-gaseste-documentele-originale\\\/#primaryimage\"},\"image\":{\"@id\":\"https:\\\/\\\/buletin.de\\\/bucuresti\\\/controversa-zonelor-protejate-din-capitala-directia-de-urbanism-din-primarie-confirma-ca-nu-gaseste-documentele-originale\\\/#primaryimage\"},\"thumbnailUrl\":\"https:\\\/\\\/buletin.de\\\/bucuresti\\\/wp-content\\\/uploads\\\/BeFunky-collage-23.jpg\",\"datePublished\":\"2023-02-08T10:38:22+00:00\",\"dateModified\":\"2023-02-08T12:13:33+00:00\",\"breadcrumb\":{\"@id\":\"https:\\\/\\\/buletin.de\\\/bucuresti\\\/controversa-zonelor-protejate-din-capitala-directia-de-urbanism-din-primarie-confirma-ca-nu-gaseste-documentele-originale\\\/#breadcrumb\"},\"inLanguage\":\"en-GB\",\"potentialAction\":[{\"@type\":\"ReadAction\",\"target\":[\"https:\\\/\\\/buletin.de\\\/bucuresti\\\/controversa-zonelor-protejate-din-capitala-directia-de-urbanism-din-primarie-confirma-ca-nu-gaseste-documentele-originale\\\/\"]}]},{\"@type\":\"ImageObject\",\"inLanguage\":\"en-GB\",\"@id\":\"https:\\\/\\\/buletin.de\\\/bucuresti\\\/controversa-zonelor-protejate-din-capitala-directia-de-urbanism-din-primarie-confirma-ca-nu-gaseste-documentele-originale\\\/#primaryimage\",\"url\":\"https:\\\/\\\/buletin.de\\\/bucuresti\\\/wp-content\\\/uploads\\\/BeFunky-collage-23.jpg\",\"contentUrl\":\"https:\\\/\\\/buletin.de\\\/bucuresti\\\/wp-content\\\/uploads\\\/BeFunky-collage-23.jpg\",\"width\":2000,\"height\":2000,\"caption\":\"Contre pe organizarea referendumului, \u00eentre Nicu\u015for Dan \u015fi Toni Grebl\u0103\"},{\"@type\":\"BreadcrumbList\",\"@id\":\"https:\\\/\\\/buletin.de\\\/bucuresti\\\/controversa-zonelor-protejate-din-capitala-directia-de-urbanism-din-primarie-confirma-ca-nu-gaseste-documentele-originale\\\/#breadcrumb\",\"itemListElement\":[{\"@type\":\"ListItem\",\"position\":1,\"name\":\"Acas\u0103\",\"item\":\"https:\\\/\\\/buletin.de\\\/bucuresti\\\/\"},{\"@type\":\"ListItem\",\"position\":2,\"name\":\"Controversa \u201ezonelor protejate&#8221; din Capital\u0103. Direc\u021bia de Urbanism din Prim\u0103rie confirm\u0103 c\u0103 nu g\u0103se\u0219te documentele originale\"}]},{\"@type\":\"WebSite\",\"@id\":\"https:\\\/\\\/buletin.de\\\/bucuresti\\\/#website\",\"url\":\"https:\\\/\\\/buletin.de\\\/bucuresti\\\/\",\"name\":\"Buletin de Bucure\u0219ti\",\"description\":\"\u0218tiri \u0219i investiga\u021bii esen\u021biale din capital\u0103\",\"publisher\":{\"@id\":\"https:\\\/\\\/buletin.de\\\/bucuresti\\\/#organization\"},\"potentialAction\":[{\"@type\":\"SearchAction\",\"target\":{\"@type\":\"EntryPoint\",\"urlTemplate\":\"https:\\\/\\\/buletin.de\\\/bucuresti\\\/?s={search_term_string}\"},\"query-input\":{\"@type\":\"PropertyValueSpecification\",\"valueRequired\":true,\"valueName\":\"search_term_string\"}}],\"inLanguage\":\"en-GB\"},{\"@type\":\"Organization\",\"@id\":\"https:\\\/\\\/buletin.de\\\/bucuresti\\\/#organization\",\"name\":\"Buletin de Bucure\u0219ti\",\"url\":\"https:\\\/\\\/buletin.de\\\/bucuresti\\\/\",\"logo\":{\"@type\":\"ImageObject\",\"inLanguage\":\"en-GB\",\"@id\":\"https:\\\/\\\/buletin.de\\\/bucuresti\\\/#\\\/schema\\\/logo\\\/image\\\/\",\"url\":\"https:\\\/\\\/buletin.de\\\/bucuresti\\\/wp-content\\\/uploads\\\/logo-bdb-full-wide-vernil-transparent.png\",\"contentUrl\":\"https:\\\/\\\/buletin.de\\\/bucuresti\\\/wp-content\\\/uploads\\\/logo-bdb-full-wide-vernil-transparent.png\",\"width\":1782,\"height\":626,\"caption\":\"Buletin de Bucure\u0219ti\"},\"image\":{\"@id\":\"https:\\\/\\\/buletin.de\\\/bucuresti\\\/#\\\/schema\\\/logo\\\/image\\\/\"},\"sameAs\":[\"https:\\\/\\\/www.facebook.com\\\/buletin.de.buc\",\"https:\\\/\\\/www.instagram.com\\\/buletinde.bucuresti\\\/\"]},{\"@type\":\"Person\",\"@id\":\"https:\\\/\\\/buletin.de\\\/bucuresti\\\/#\\\/schema\\\/person\\\/d369d7ddc775abece205795e0b804614\",\"name\":\"Teodora Stroe\",\"image\":{\"@type\":\"ImageObject\",\"inLanguage\":\"en-GB\",\"@id\":\"https:\\\/\\\/secure.gravatar.com\\\/avatar\\\/2560b4cd9f5f1bc100b123158e657d75584bd1c3e1d9c69285720b9457c1b78d?s=96&d=monsterid&r=gc104800242ba5f2d78dd5d7dc4df08b6\",\"url\":\"https:\\\/\\\/secure.gravatar.com\\\/avatar\\\/2560b4cd9f5f1bc100b123158e657d75584bd1c3e1d9c69285720b9457c1b78d?s=96&d=monsterid&r=g\",\"contentUrl\":\"https:\\\/\\\/secure.gravatar.com\\\/avatar\\\/2560b4cd9f5f1bc100b123158e657d75584bd1c3e1d9c69285720b9457c1b78d?s=96&d=monsterid&r=g\",\"caption\":\"Teodora Stroe\"},\"url\":\"https:\\\/\\\/buletin.de\\\/bucuresti\\\/author\\\/simonacarlugea\\\/\"}]}<\/script>\n<!-- \/ Yoast SEO Premium plugin. -->","yoast_head_json":{"title":"Controversa \u201ezonelor protejate\" din Capital\u0103. Direc\u021bia de Urbanism din Prim\u0103rie confirm\u0103 c\u0103 nu g\u0103se\u0219te documentele originale - Buletin de Bucure\u0219ti","robots":{"index":"index","follow":"follow","max-snippet":"max-snippet:-1","max-image-preview":"max-image-preview:large","max-video-preview":"max-video-preview:-1"},"canonical":"https:\/\/buletin.de\/bucuresti\/controversa-zonelor-protejate-din-capitala-directia-de-urbanism-din-primarie-confirma-ca-nu-gaseste-documentele-originale\/","og_locale":"en_GB","og_type":"article","og_title":"Controversa \u201ezonelor protejate\" din Capital\u0103. Direc\u021bia de Urbanism din Prim\u0103rie confirm\u0103 c\u0103 nu g\u0103se\u0219te documentele originale","og_description":"Un scandal izbucnit \u00eentre edilul general \u0219i prefectul de Bucure\u0219ti scoate la iveal\u0103 o problem\u0103 grav\u0103 pentru Capital\u0103. Documenta\u021biile originale ale Planurilor de Urbanism Zonal care protejeaz\u0103 zonele istorice nu mai sunt de g\u0103sit \u00een arhiva prim\u0103riei. Primarul Nicu\u0219or Dan a acuzat prefectul de Bucure\u0219ti c\u0103 vrea s\u0103 atace \u00een instan\u021b\u0103 PUZ-urile pentru a face [&hellip;]","og_url":"https:\/\/buletin.de\/bucuresti\/controversa-zonelor-protejate-din-capitala-directia-de-urbanism-din-primarie-confirma-ca-nu-gaseste-documentele-originale\/","og_site_name":"Buletin de Bucure\u0219ti","article_publisher":"https:\/\/www.facebook.com\/buletin.de.buc","article_published_time":"2023-02-08T10:38:22+00:00","article_modified_time":"2023-02-08T12:13:33+00:00","og_image":[{"width":2000,"height":2000,"url":"https:\/\/buletin.de\/bucuresti\/wp-content\/uploads\/BeFunky-collage-23.jpg","type":"image\/jpeg"}],"author":"Teodora Stroe","twitter_card":"summary_large_image","twitter_misc":{"Written by":"Teodora Stroe","Estimated reading time":"6 minutes"},"schema":{"@context":"https:\/\/schema.org","@graph":[{"@type":"Article","@id":"https:\/\/buletin.de\/bucuresti\/controversa-zonelor-protejate-din-capitala-directia-de-urbanism-din-primarie-confirma-ca-nu-gaseste-documentele-originale\/#article","isPartOf":{"@id":"https:\/\/buletin.de\/bucuresti\/controversa-zonelor-protejate-din-capitala-directia-de-urbanism-din-primarie-confirma-ca-nu-gaseste-documentele-originale\/"},"author":{"name":"Teodora Stroe","@id":"https:\/\/buletin.de\/bucuresti\/#\/schema\/person\/d369d7ddc775abece205795e0b804614"},"headline":"Controversa \u201ezonelor protejate&#8221; din Capital\u0103. Direc\u021bia de Urbanism din Prim\u0103rie confirm\u0103 c\u0103 nu g\u0103se\u0219te documentele originale","datePublished":"2023-02-08T10:38:22+00:00","dateModified":"2023-02-08T12:13:33+00:00","mainEntityOfPage":{"@id":"https:\/\/buletin.de\/bucuresti\/controversa-zonelor-protejate-din-capitala-directia-de-urbanism-din-primarie-confirma-ca-nu-gaseste-documentele-originale\/"},"wordCount":1072,"publisher":{"@id":"https:\/\/buletin.de\/bucuresti\/#organization"},"image":{"@id":"https:\/\/buletin.de\/bucuresti\/controversa-zonelor-protejate-din-capitala-directia-de-urbanism-din-primarie-confirma-ca-nu-gaseste-documentele-originale\/#primaryimage"},"thumbnailUrl":"https:\/\/buletin.de\/bucuresti\/wp-content\/uploads\/BeFunky-collage-23.jpg","keywords":["bucuresti","puz-uri","zone protejate"],"articleSection":["Featured","\u0218tiri"],"inLanguage":"en-GB","copyrightYear":"2023","copyrightHolder":{"@id":"https:\/\/buletin.de\/bucuresti\/#organization"}},{"@type":"WebPage","@id":"https:\/\/buletin.de\/bucuresti\/controversa-zonelor-protejate-din-capitala-directia-de-urbanism-din-primarie-confirma-ca-nu-gaseste-documentele-originale\/","url":"https:\/\/buletin.de\/bucuresti\/controversa-zonelor-protejate-din-capitala-directia-de-urbanism-din-primarie-confirma-ca-nu-gaseste-documentele-originale\/","name":"Controversa \u201ezonelor protejate\" din Capital\u0103. Direc\u021bia de Urbanism din Prim\u0103rie confirm\u0103 c\u0103 nu g\u0103se\u0219te documentele originale - Buletin de Bucure\u0219ti","isPartOf":{"@id":"https:\/\/buletin.de\/bucuresti\/#website"},"primaryImageOfPage":{"@id":"https:\/\/buletin.de\/bucuresti\/controversa-zonelor-protejate-din-capitala-directia-de-urbanism-din-primarie-confirma-ca-nu-gaseste-documentele-originale\/#primaryimage"},"image":{"@id":"https:\/\/buletin.de\/bucuresti\/controversa-zonelor-protejate-din-capitala-directia-de-urbanism-din-primarie-confirma-ca-nu-gaseste-documentele-originale\/#primaryimage"},"thumbnailUrl":"https:\/\/buletin.de\/bucuresti\/wp-content\/uploads\/BeFunky-collage-23.jpg","datePublished":"2023-02-08T10:38:22+00:00","dateModified":"2023-02-08T12:13:33+00:00","breadcrumb":{"@id":"https:\/\/buletin.de\/bucuresti\/controversa-zonelor-protejate-din-capitala-directia-de-urbanism-din-primarie-confirma-ca-nu-gaseste-documentele-originale\/#breadcrumb"},"inLanguage":"en-GB","potentialAction":[{"@type":"ReadAction","target":["https:\/\/buletin.de\/bucuresti\/controversa-zonelor-protejate-din-capitala-directia-de-urbanism-din-primarie-confirma-ca-nu-gaseste-documentele-originale\/"]}]},{"@type":"ImageObject","inLanguage":"en-GB","@id":"https:\/\/buletin.de\/bucuresti\/controversa-zonelor-protejate-din-capitala-directia-de-urbanism-din-primarie-confirma-ca-nu-gaseste-documentele-originale\/#primaryimage","url":"https:\/\/buletin.de\/bucuresti\/wp-content\/uploads\/BeFunky-collage-23.jpg","contentUrl":"https:\/\/buletin.de\/bucuresti\/wp-content\/uploads\/BeFunky-collage-23.jpg","width":2000,"height":2000,"caption":"Contre pe organizarea referendumului, \u00eentre Nicu\u015for Dan \u015fi Toni Grebl\u0103"},{"@type":"BreadcrumbList","@id":"https:\/\/buletin.de\/bucuresti\/controversa-zonelor-protejate-din-capitala-directia-de-urbanism-din-primarie-confirma-ca-nu-gaseste-documentele-originale\/#breadcrumb","itemListElement":[{"@type":"ListItem","position":1,"name":"Acas\u0103","item":"https:\/\/buletin.de\/bucuresti\/"},{"@type":"ListItem","position":2,"name":"Controversa \u201ezonelor protejate&#8221; din Capital\u0103. Direc\u021bia de Urbanism din Prim\u0103rie confirm\u0103 c\u0103 nu g\u0103se\u0219te documentele originale"}]},{"@type":"WebSite","@id":"https:\/\/buletin.de\/bucuresti\/#website","url":"https:\/\/buletin.de\/bucuresti\/","name":"Buletin de Bucure\u0219ti","description":"\u0218tiri \u0219i investiga\u021bii esen\u021biale din capital\u0103","publisher":{"@id":"https:\/\/buletin.de\/bucuresti\/#organization"},"potentialAction":[{"@type":"SearchAction","target":{"@type":"EntryPoint","urlTemplate":"https:\/\/buletin.de\/bucuresti\/?s={search_term_string}"},"query-input":{"@type":"PropertyValueSpecification","valueRequired":true,"valueName":"search_term_string"}}],"inLanguage":"en-GB"},{"@type":"Organization","@id":"https:\/\/buletin.de\/bucuresti\/#organization","name":"Buletin de Bucure\u0219ti","url":"https:\/\/buletin.de\/bucuresti\/","logo":{"@type":"ImageObject","inLanguage":"en-GB","@id":"https:\/\/buletin.de\/bucuresti\/#\/schema\/logo\/image\/","url":"https:\/\/buletin.de\/bucuresti\/wp-content\/uploads\/logo-bdb-full-wide-vernil-transparent.png","contentUrl":"https:\/\/buletin.de\/bucuresti\/wp-content\/uploads\/logo-bdb-full-wide-vernil-transparent.png","width":1782,"height":626,"caption":"Buletin de Bucure\u0219ti"},"image":{"@id":"https:\/\/buletin.de\/bucuresti\/#\/schema\/logo\/image\/"},"sameAs":["https:\/\/www.facebook.com\/buletin.de.buc","https:\/\/www.instagram.com\/buletinde.bucuresti\/"]},{"@type":"Person","@id":"https:\/\/buletin.de\/bucuresti\/#\/schema\/person\/d369d7ddc775abece205795e0b804614","name":"Teodora Stroe","image":{"@type":"ImageObject","inLanguage":"en-GB","@id":"https:\/\/secure.gravatar.com\/avatar\/2560b4cd9f5f1bc100b123158e657d75584bd1c3e1d9c69285720b9457c1b78d?s=96&d=monsterid&r=gc104800242ba5f2d78dd5d7dc4df08b6","url":"https:\/\/secure.gravatar.com\/avatar\/2560b4cd9f5f1bc100b123158e657d75584bd1c3e1d9c69285720b9457c1b78d?s=96&d=monsterid&r=g","contentUrl":"https:\/\/secure.gravatar.com\/avatar\/2560b4cd9f5f1bc100b123158e657d75584bd1c3e1d9c69285720b9457c1b78d?s=96&d=monsterid&r=g","caption":"Teodora Stroe"},"url":"https:\/\/buletin.de\/bucuresti\/author\/simonacarlugea\/"}]}},"authors":[{"term_id":22579,"user_id":18,"is_guest":0,"slug":"simonacarlugea","display_name":"Teodora Stroe","avatar_url":"https:\/\/secure.gravatar.com\/avatar\/2560b4cd9f5f1bc100b123158e657d75584bd1c3e1d9c69285720b9457c1b78d?s=96&d=monsterid&r=g","0":null,"1":"","2":"","3":"","4":"","5":"","6":"","7":"","8":""}],"_links":{"self":[{"href":"https:\/\/buletin.de\/bucuresti\/wp-json\/wp\/v2\/posts\/53460","targetHints":{"allow":["GET"]}}],"collection":[{"href":"https:\/\/buletin.de\/bucuresti\/wp-json\/wp\/v2\/posts"}],"about":[{"href":"https:\/\/buletin.de\/bucuresti\/wp-json\/wp\/v2\/types\/post"}],"author":[{"embeddable":true,"href":"https:\/\/buletin.de\/bucuresti\/wp-json\/wp\/v2\/users\/18"}],"replies":[{"embeddable":true,"href":"https:\/\/buletin.de\/bucuresti\/wp-json\/wp\/v2\/comments?post=53460"}],"version-history":[{"count":11,"href":"https:\/\/buletin.de\/bucuresti\/wp-json\/wp\/v2\/posts\/53460\/revisions"}],"predecessor-version":[{"id":53629,"href":"https:\/\/buletin.de\/bucuresti\/wp-json\/wp\/v2\/posts\/53460\/revisions\/53629"}],"wp:featuredmedia":[{"embeddable":true,"href":"https:\/\/buletin.de\/bucuresti\/wp-json\/wp\/v2\/media\/43268"}],"wp:attachment":[{"href":"https:\/\/buletin.de\/bucuresti\/wp-json\/wp\/v2\/media?parent=53460"}],"wp:term":[{"taxonomy":"category","embeddable":true,"href":"https:\/\/buletin.de\/bucuresti\/wp-json\/wp\/v2\/categories?post=53460"},{"taxonomy":"post_tag","embeddable":true,"href":"https:\/\/buletin.de\/bucuresti\/wp-json\/wp\/v2\/tags?post=53460"},{"taxonomy":"author","embeddable":true,"href":"https:\/\/buletin.de\/bucuresti\/wp-json\/wp\/v2\/ppma_author?post=53460"}],"curies":[{"name":"wp","href":"https:\/\/api.w.org\/{rel}","templated":true}]}}