{"id":53449,"date":"2023-02-06T12:34:48","date_gmt":"2023-02-06T10:34:48","guid":{"rendered":"https:\/\/buletin.de\/bucuresti\/?p=53449"},"modified":"2023-02-06T12:34:49","modified_gmt":"2023-02-06T10:34:49","slug":"claudiu-nasui-a-fost-audiat-de-dna-in-dosarul-romarm-el-ar-fi-denuntat-presupusul-act-de-coruptie","status":"publish","type":"post","link":"https:\/\/buletin.de\/bucuresti\/claudiu-nasui-a-fost-audiat-de-dna-in-dosarul-romarm-el-ar-fi-denuntat-presupusul-act-de-coruptie\/","title":{"rendered":"Claudiu N\u0103sui a fost audiat de DNA \u00een dosarul Romarm. El ar fi denun\u021bat presupusul act de corup\u021bie"},"content":{"rendered":"\n<p><strong>Fostul ministru al Economiei, Claudiu N\u0103sui, a fost audiat la DNA \u00een calitate de martor \u00een dosarul de corup\u021bie de la Romarm \u00een care sunt urm\u0103ri\u021bi penal \u0219eful companiei, Gabriel \u021au\u021bu, Victor Pi\u021burc\u0103 \u0219i Alexandru Pi\u021burc\u0103. \u00cen acest dosar procurorii cerceteaz\u0103&nbsp;achizi\u021bia de m\u0103\u0219ti de protec\u021bie \u0219i materiale de produc\u021bie \u00een pandemia Covid-19.<\/strong><\/p>\n\n\n\n<p>\u00cen urm\u0103 cu cinci zile, Claudiu N\u0103sui declara \u00een direct la Prima TV c\u0103, \u00een perioada \u00een care era ministru al Economiei, a avut o rela\u0163ie foarte proast\u0103 cu \u0219eful Romarm. A vrut s\u0103 \u00eel schimbe \u015fi chiar a \u00eenceput procedura, dar avea Gabriel \u021au\u021bu avea un contract de manageriat care stipula plata multor salarii compensatorii \u00een caz de concediere. <\/p>\n\n\n\n<blockquote class=\"wp-block-quote is-layout-flow wp-block-quote-is-layout-flow\"><p>Lucurile pe care le-am descoperit c\u00e2t eram ministrul Economiei, s\u0103 \u015ftii c\u0103 am depus pl\u00e2ngeri la organele abilitate, \u00een m\u0103sura \u00een care am decoperit \u015fi am avut \u015fi dovezi s\u0103 le dau mai departe. \u0162u\u0163u a r\u0103mas, de\u015fi era dinaintea mea pus de Virgil Popescu, gra\u0163ie acestui contract care este unic. Aveam peste 70 de companii \u00een subordine, niciuna nu avea contractul pe care \u00eel avea dl \u0162u\u0163u. <\/p><cite>a continuat Claudiu N\u0103sui <\/cite><\/blockquote>\n\n\n\n<p>Fostul selec\u021bioner al Na\u021bionalei, Victor Pi\u021burc\u0103 \u0219i directorul Companiei Na\u021bionale Romarm, Gabriel \u021au\u021bu, sunt cerceta\u021bi de c\u0103tre DNA \u00eentr-un dosar privind achizi\u021biile din pandemie. Gabriel \u021au\u021bu este acuzat c\u0103 ar fi s\u0103v\u00e2r\u0219it abuz \u00een serviciu prin care a ob\u021binut pentru sine sau pentru altul un folos necuvenit, trafic de influen\u021b\u0103 \u00een form\u0103 continuat\u0103 \u0219i fals intelectual. Fiul lui Victor Pi\u0163urc\u0103, Alexandru, este acuzat de&nbsp;cump\u0103rare de influen\u0163\u0103.&nbsp;<\/p>\n\n\n\n<p>Surs\u0103 cover: Facebook, Claudiu N\u0103sui <\/p>\n","protected":false},"excerpt":{"rendered":"<p>Fostul ministru al Economiei, Claudiu N\u0103sui, a fost audiat la DNA \u00een calitate de martor \u00een dosarul de corup\u021bie de la Romarm \u00een care sunt urm\u0103ri\u021bi penal \u0219eful companiei, Gabriel \u021au\u021bu, Victor Pi\u021burc\u0103 \u0219i Alexandru Pi\u021burc\u0103. \u00cen acest dosar procurorii cerceteaz\u0103&nbsp;achizi\u021bia de m\u0103\u0219ti de protec\u021bie \u0219i materiale de produc\u021bie \u00een pandemia Covid-19. \u00cen urm\u0103 cu [&hellip;]<\/p>\n","protected":false},"author":17,"featured_media":53450,"comment_status":"closed","ping_status":"open","sticky":false,"template":"","format":"standard","meta":{"_acf_changed":false,"inline_featured_image":false,"ngg_post_thumbnail":0,"footnotes":""},"categories":[62],"tags":[5380,744,875,5381,2083,5382,5384,5383],"ppma_author":[22576],"class_list":["post-53449","post","type-post","status-publish","format-standard","has-post-thumbnail","hentry","category-stiri","tag-claudiu-nasui-2","tag-covid-19-2","tag-dna","tag-martor","tag-masti","tag-romarm","tag-utilaj","tag-victor-piturca-2"],"acf":[],"yoast_head":"<!-- This site is optimized with the Yoast SEO Premium plugin v25.3 (Yoast SEO v27.5) - https:\/\/yoast.com\/product\/yoast-seo-premium-wordpress\/ -->\n<title>Claudiu N\u0103sui a fost audiat de DNA \u00een dosarul Romarm. El ar fi denun\u021bat presupusul act de corup\u021bie - Buletin de Bucure\u0219ti<\/title>\n<meta name=\"robots\" content=\"index, follow, max-snippet:-1, max-image-preview:large, max-video-preview:-1\" \/>\n<link rel=\"canonical\" href=\"https:\/\/buletin.de\/bucuresti\/claudiu-nasui-a-fost-audiat-de-dna-in-dosarul-romarm-el-ar-fi-denuntat-presupusul-act-de-coruptie\/\" \/>\n<meta property=\"og:locale\" content=\"en_GB\" \/>\n<meta property=\"og:type\" content=\"article\" \/>\n<meta property=\"og:title\" content=\"Claudiu N\u0103sui a fost audiat de DNA \u00een dosarul Romarm. El ar fi denun\u021bat presupusul act de corup\u021bie\" \/>\n<meta property=\"og:description\" content=\"Fostul ministru al Economiei, Claudiu N\u0103sui, a fost audiat la DNA \u00een calitate de martor \u00een dosarul de corup\u021bie de la Romarm \u00een care sunt urm\u0103ri\u021bi penal \u0219eful companiei, Gabriel \u021au\u021bu, Victor Pi\u021burc\u0103 \u0219i Alexandru Pi\u021burc\u0103. \u00cen acest dosar procurorii cerceteaz\u0103&nbsp;achizi\u021bia de m\u0103\u0219ti de protec\u021bie \u0219i materiale de produc\u021bie \u00een pandemia Covid-19. \u00cen urm\u0103 cu [&hellip;]\" \/>\n<meta property=\"og:url\" content=\"https:\/\/buletin.de\/bucuresti\/claudiu-nasui-a-fost-audiat-de-dna-in-dosarul-romarm-el-ar-fi-denuntat-presupusul-act-de-coruptie\/\" \/>\n<meta property=\"og:site_name\" content=\"Buletin de Bucure\u0219ti\" \/>\n<meta property=\"article:publisher\" content=\"https:\/\/www.facebook.com\/buletin.de.buc\" \/>\n<meta property=\"article:published_time\" content=\"2023-02-06T10:34:48+00:00\" \/>\n<meta property=\"article:modified_time\" content=\"2023-02-06T10:34:49+00:00\" \/>\n<meta property=\"og:image\" content=\"https:\/\/buletin.de\/bucuresti\/wp-content\/uploads\/309089154_638345064325483_6732523746617471909_n.jpeg\" \/>\n\t<meta property=\"og:image:width\" content=\"780\" \/>\n\t<meta property=\"og:image:height\" content=\"440\" \/>\n\t<meta property=\"og:image:type\" content=\"image\/jpeg\" \/>\n<meta name=\"author\" content=\"Florin R\u00e2\u0219teiu\" \/>\n<meta name=\"twitter:card\" content=\"summary_large_image\" \/>\n<meta name=\"twitter:label1\" content=\"Written by\" \/>\n\t<meta name=\"twitter:data1\" content=\"Florin R\u00e2\u0219teiu\" \/>\n\t<meta name=\"twitter:label2\" content=\"Estimated reading time\" \/>\n\t<meta name=\"twitter:data2\" content=\"2 minutes\" \/>\n<script type=\"application\/ld+json\" class=\"yoast-schema-graph\">{\"@context\":\"https:\\\/\\\/schema.org\",\"@graph\":[{\"@type\":\"Article\",\"@id\":\"https:\\\/\\\/buletin.de\\\/bucuresti\\\/claudiu-nasui-a-fost-audiat-de-dna-in-dosarul-romarm-el-ar-fi-denuntat-presupusul-act-de-coruptie\\\/#article\",\"isPartOf\":{\"@id\":\"https:\\\/\\\/buletin.de\\\/bucuresti\\\/claudiu-nasui-a-fost-audiat-de-dna-in-dosarul-romarm-el-ar-fi-denuntat-presupusul-act-de-coruptie\\\/\"},\"author\":{\"name\":\"Florin R\u00e2\u0219teiu\",\"@id\":\"https:\\\/\\\/buletin.de\\\/bucuresti\\\/#\\\/schema\\\/person\\\/b0686d7a8b666c6afc78239777fd8a89\"},\"headline\":\"Claudiu N\u0103sui a fost audiat de DNA \u00een dosarul Romarm. El ar fi denun\u021bat presupusul act de corup\u021bie\",\"datePublished\":\"2023-02-06T10:34:48+00:00\",\"dateModified\":\"2023-02-06T10:34:49+00:00\",\"mainEntityOfPage\":{\"@id\":\"https:\\\/\\\/buletin.de\\\/bucuresti\\\/claudiu-nasui-a-fost-audiat-de-dna-in-dosarul-romarm-el-ar-fi-denuntat-presupusul-act-de-coruptie\\\/\"},\"wordCount\":319,\"publisher\":{\"@id\":\"https:\\\/\\\/buletin.de\\\/bucuresti\\\/#organization\"},\"image\":{\"@id\":\"https:\\\/\\\/buletin.de\\\/bucuresti\\\/claudiu-nasui-a-fost-audiat-de-dna-in-dosarul-romarm-el-ar-fi-denuntat-presupusul-act-de-coruptie\\\/#primaryimage\"},\"thumbnailUrl\":\"https:\\\/\\\/buletin.de\\\/bucuresti\\\/wp-content\\\/uploads\\\/309089154_638345064325483_6732523746617471909_n.jpeg\",\"keywords\":[\"Claudiu N\u0103sui\",\"covid 19\",\"dna\",\"martor\",\"masti\",\"romarm\",\"utilaj\",\"victor piturc\u0103\"],\"articleSection\":[\"\u0218tiri\"],\"inLanguage\":\"en-GB\",\"copyrightYear\":\"2023\",\"copyrightHolder\":{\"@id\":\"https:\\\/\\\/buletin.de\\\/bucuresti\\\/#organization\"}},{\"@type\":\"WebPage\",\"@id\":\"https:\\\/\\\/buletin.de\\\/bucuresti\\\/claudiu-nasui-a-fost-audiat-de-dna-in-dosarul-romarm-el-ar-fi-denuntat-presupusul-act-de-coruptie\\\/\",\"url\":\"https:\\\/\\\/buletin.de\\\/bucuresti\\\/claudiu-nasui-a-fost-audiat-de-dna-in-dosarul-romarm-el-ar-fi-denuntat-presupusul-act-de-coruptie\\\/\",\"name\":\"Claudiu N\u0103sui a fost audiat de DNA \u00een dosarul Romarm. El ar fi denun\u021bat presupusul act de corup\u021bie - Buletin de Bucure\u0219ti\",\"isPartOf\":{\"@id\":\"https:\\\/\\\/buletin.de\\\/bucuresti\\\/#website\"},\"primaryImageOfPage\":{\"@id\":\"https:\\\/\\\/buletin.de\\\/bucuresti\\\/claudiu-nasui-a-fost-audiat-de-dna-in-dosarul-romarm-el-ar-fi-denuntat-presupusul-act-de-coruptie\\\/#primaryimage\"},\"image\":{\"@id\":\"https:\\\/\\\/buletin.de\\\/bucuresti\\\/claudiu-nasui-a-fost-audiat-de-dna-in-dosarul-romarm-el-ar-fi-denuntat-presupusul-act-de-coruptie\\\/#primaryimage\"},\"thumbnailUrl\":\"https:\\\/\\\/buletin.de\\\/bucuresti\\\/wp-content\\\/uploads\\\/309089154_638345064325483_6732523746617471909_n.jpeg\",\"datePublished\":\"2023-02-06T10:34:48+00:00\",\"dateModified\":\"2023-02-06T10:34:49+00:00\",\"breadcrumb\":{\"@id\":\"https:\\\/\\\/buletin.de\\\/bucuresti\\\/claudiu-nasui-a-fost-audiat-de-dna-in-dosarul-romarm-el-ar-fi-denuntat-presupusul-act-de-coruptie\\\/#breadcrumb\"},\"inLanguage\":\"en-GB\",\"potentialAction\":[{\"@type\":\"ReadAction\",\"target\":[\"https:\\\/\\\/buletin.de\\\/bucuresti\\\/claudiu-nasui-a-fost-audiat-de-dna-in-dosarul-romarm-el-ar-fi-denuntat-presupusul-act-de-coruptie\\\/\"]}]},{\"@type\":\"ImageObject\",\"inLanguage\":\"en-GB\",\"@id\":\"https:\\\/\\\/buletin.de\\\/bucuresti\\\/claudiu-nasui-a-fost-audiat-de-dna-in-dosarul-romarm-el-ar-fi-denuntat-presupusul-act-de-coruptie\\\/#primaryimage\",\"url\":\"https:\\\/\\\/buletin.de\\\/bucuresti\\\/wp-content\\\/uploads\\\/309089154_638345064325483_6732523746617471909_n.jpeg\",\"contentUrl\":\"https:\\\/\\\/buletin.de\\\/bucuresti\\\/wp-content\\\/uploads\\\/309089154_638345064325483_6732523746617471909_n.jpeg\",\"width\":780,\"height\":440},{\"@type\":\"BreadcrumbList\",\"@id\":\"https:\\\/\\\/buletin.de\\\/bucuresti\\\/claudiu-nasui-a-fost-audiat-de-dna-in-dosarul-romarm-el-ar-fi-denuntat-presupusul-act-de-coruptie\\\/#breadcrumb\",\"itemListElement\":[{\"@type\":\"ListItem\",\"position\":1,\"name\":\"Acas\u0103\",\"item\":\"https:\\\/\\\/buletin.de\\\/bucuresti\\\/\"},{\"@type\":\"ListItem\",\"position\":2,\"name\":\"Claudiu N\u0103sui a fost audiat de DNA \u00een dosarul Romarm. El ar fi denun\u021bat presupusul act de corup\u021bie\"}]},{\"@type\":\"WebSite\",\"@id\":\"https:\\\/\\\/buletin.de\\\/bucuresti\\\/#website\",\"url\":\"https:\\\/\\\/buletin.de\\\/bucuresti\\\/\",\"name\":\"Buletin de Bucure\u0219ti\",\"description\":\"\u0218tiri \u0219i investiga\u021bii esen\u021biale din capital\u0103\",\"publisher\":{\"@id\":\"https:\\\/\\\/buletin.de\\\/bucuresti\\\/#organization\"},\"potentialAction\":[{\"@type\":\"SearchAction\",\"target\":{\"@type\":\"EntryPoint\",\"urlTemplate\":\"https:\\\/\\\/buletin.de\\\/bucuresti\\\/?s={search_term_string}\"},\"query-input\":{\"@type\":\"PropertyValueSpecification\",\"valueRequired\":true,\"valueName\":\"search_term_string\"}}],\"inLanguage\":\"en-GB\"},{\"@type\":\"Organization\",\"@id\":\"https:\\\/\\\/buletin.de\\\/bucuresti\\\/#organization\",\"name\":\"Buletin de Bucure\u0219ti\",\"url\":\"https:\\\/\\\/buletin.de\\\/bucuresti\\\/\",\"logo\":{\"@type\":\"ImageObject\",\"inLanguage\":\"en-GB\",\"@id\":\"https:\\\/\\\/buletin.de\\\/bucuresti\\\/#\\\/schema\\\/logo\\\/image\\\/\",\"url\":\"https:\\\/\\\/buletin.de\\\/bucuresti\\\/wp-content\\\/uploads\\\/logo-bdb-full-wide-vernil-transparent.png\",\"contentUrl\":\"https:\\\/\\\/buletin.de\\\/bucuresti\\\/wp-content\\\/uploads\\\/logo-bdb-full-wide-vernil-transparent.png\",\"width\":1782,\"height\":626,\"caption\":\"Buletin de Bucure\u0219ti\"},\"image\":{\"@id\":\"https:\\\/\\\/buletin.de\\\/bucuresti\\\/#\\\/schema\\\/logo\\\/image\\\/\"},\"sameAs\":[\"https:\\\/\\\/www.facebook.com\\\/buletin.de.buc\",\"https:\\\/\\\/www.instagram.com\\\/buletinde.bucuresti\\\/\"]},{\"@type\":\"Person\",\"@id\":\"https:\\\/\\\/buletin.de\\\/bucuresti\\\/#\\\/schema\\\/person\\\/b0686d7a8b666c6afc78239777fd8a89\",\"name\":\"Florin R\u00e2\u0219teiu\",\"image\":{\"@type\":\"ImageObject\",\"inLanguage\":\"en-GB\",\"@id\":\"https:\\\/\\\/buletin.de\\\/bucuresti\\\/wp-content\\\/uploads\\\/Florin-Rasteiu-96x96.jpgf0a6fe28453aa12f0a60e4d0a2e3a78c\",\"url\":\"https:\\\/\\\/buletin.de\\\/bucuresti\\\/wp-content\\\/uploads\\\/Florin-Rasteiu-96x96.jpg\",\"contentUrl\":\"https:\\\/\\\/buletin.de\\\/bucuresti\\\/wp-content\\\/uploads\\\/Florin-Rasteiu-96x96.jpg\",\"caption\":\"Florin R\u00e2\u0219teiu\"},\"description\":\"Jurnalist de investiga\u021bie. Lucreaz\u0103 de aproape 6 ani la Buletin de Bucure\u0219ti, unde a publicat articole care scot la suprafa\u021b\u0103 corup\u021bia din Capital\u0103. Analizeaz\u0103 baze de date zilnic \u0219i scoate pove\u0219ti din exceluri pline de cifre. Pune reflectorul pe adev\u0103r cu fiecare ocazie. A c\u00e2\u0219tigat premiul I la categoria Pres\u0103 Local\u0103 \u00een 2025 \u0219i locul al II-lea la aceea\u0219i categorie \u00een 2024 \u00een cadrul Premiilor Superscrieri pentru jurnalism independent.\",\"url\":\"https:\\\/\\\/buletin.de\\\/bucuresti\\\/author\\\/florinrasteiu\\\/\"}]}<\/script>\n<!-- \/ Yoast SEO Premium plugin. -->","yoast_head_json":{"title":"Claudiu N\u0103sui a fost audiat de DNA \u00een dosarul Romarm. El ar fi denun\u021bat presupusul act de corup\u021bie - Buletin de Bucure\u0219ti","robots":{"index":"index","follow":"follow","max-snippet":"max-snippet:-1","max-image-preview":"max-image-preview:large","max-video-preview":"max-video-preview:-1"},"canonical":"https:\/\/buletin.de\/bucuresti\/claudiu-nasui-a-fost-audiat-de-dna-in-dosarul-romarm-el-ar-fi-denuntat-presupusul-act-de-coruptie\/","og_locale":"en_GB","og_type":"article","og_title":"Claudiu N\u0103sui a fost audiat de DNA \u00een dosarul Romarm. El ar fi denun\u021bat presupusul act de corup\u021bie","og_description":"Fostul ministru al Economiei, Claudiu N\u0103sui, a fost audiat la DNA \u00een calitate de martor \u00een dosarul de corup\u021bie de la Romarm \u00een care sunt urm\u0103ri\u021bi penal \u0219eful companiei, Gabriel \u021au\u021bu, Victor Pi\u021burc\u0103 \u0219i Alexandru Pi\u021burc\u0103. \u00cen acest dosar procurorii cerceteaz\u0103&nbsp;achizi\u021bia de m\u0103\u0219ti de protec\u021bie \u0219i materiale de produc\u021bie \u00een pandemia Covid-19. \u00cen urm\u0103 cu [&hellip;]","og_url":"https:\/\/buletin.de\/bucuresti\/claudiu-nasui-a-fost-audiat-de-dna-in-dosarul-romarm-el-ar-fi-denuntat-presupusul-act-de-coruptie\/","og_site_name":"Buletin de Bucure\u0219ti","article_publisher":"https:\/\/www.facebook.com\/buletin.de.buc","article_published_time":"2023-02-06T10:34:48+00:00","article_modified_time":"2023-02-06T10:34:49+00:00","og_image":[{"width":780,"height":440,"url":"https:\/\/buletin.de\/bucuresti\/wp-content\/uploads\/309089154_638345064325483_6732523746617471909_n.jpeg","type":"image\/jpeg"}],"author":"Florin R\u00e2\u0219teiu","twitter_card":"summary_large_image","twitter_misc":{"Written by":"Florin R\u00e2\u0219teiu","Estimated reading time":"2 minutes"},"schema":{"@context":"https:\/\/schema.org","@graph":[{"@type":"Article","@id":"https:\/\/buletin.de\/bucuresti\/claudiu-nasui-a-fost-audiat-de-dna-in-dosarul-romarm-el-ar-fi-denuntat-presupusul-act-de-coruptie\/#article","isPartOf":{"@id":"https:\/\/buletin.de\/bucuresti\/claudiu-nasui-a-fost-audiat-de-dna-in-dosarul-romarm-el-ar-fi-denuntat-presupusul-act-de-coruptie\/"},"author":{"name":"Florin R\u00e2\u0219teiu","@id":"https:\/\/buletin.de\/bucuresti\/#\/schema\/person\/b0686d7a8b666c6afc78239777fd8a89"},"headline":"Claudiu N\u0103sui a fost audiat de DNA \u00een dosarul Romarm. El ar fi denun\u021bat presupusul act de corup\u021bie","datePublished":"2023-02-06T10:34:48+00:00","dateModified":"2023-02-06T10:34:49+00:00","mainEntityOfPage":{"@id":"https:\/\/buletin.de\/bucuresti\/claudiu-nasui-a-fost-audiat-de-dna-in-dosarul-romarm-el-ar-fi-denuntat-presupusul-act-de-coruptie\/"},"wordCount":319,"publisher":{"@id":"https:\/\/buletin.de\/bucuresti\/#organization"},"image":{"@id":"https:\/\/buletin.de\/bucuresti\/claudiu-nasui-a-fost-audiat-de-dna-in-dosarul-romarm-el-ar-fi-denuntat-presupusul-act-de-coruptie\/#primaryimage"},"thumbnailUrl":"https:\/\/buletin.de\/bucuresti\/wp-content\/uploads\/309089154_638345064325483_6732523746617471909_n.jpeg","keywords":["Claudiu N\u0103sui","covid 19","dna","martor","masti","romarm","utilaj","victor piturc\u0103"],"articleSection":["\u0218tiri"],"inLanguage":"en-GB","copyrightYear":"2023","copyrightHolder":{"@id":"https:\/\/buletin.de\/bucuresti\/#organization"}},{"@type":"WebPage","@id":"https:\/\/buletin.de\/bucuresti\/claudiu-nasui-a-fost-audiat-de-dna-in-dosarul-romarm-el-ar-fi-denuntat-presupusul-act-de-coruptie\/","url":"https:\/\/buletin.de\/bucuresti\/claudiu-nasui-a-fost-audiat-de-dna-in-dosarul-romarm-el-ar-fi-denuntat-presupusul-act-de-coruptie\/","name":"Claudiu N\u0103sui a fost audiat de DNA \u00een dosarul Romarm. El ar fi denun\u021bat presupusul act de corup\u021bie - Buletin de Bucure\u0219ti","isPartOf":{"@id":"https:\/\/buletin.de\/bucuresti\/#website"},"primaryImageOfPage":{"@id":"https:\/\/buletin.de\/bucuresti\/claudiu-nasui-a-fost-audiat-de-dna-in-dosarul-romarm-el-ar-fi-denuntat-presupusul-act-de-coruptie\/#primaryimage"},"image":{"@id":"https:\/\/buletin.de\/bucuresti\/claudiu-nasui-a-fost-audiat-de-dna-in-dosarul-romarm-el-ar-fi-denuntat-presupusul-act-de-coruptie\/#primaryimage"},"thumbnailUrl":"https:\/\/buletin.de\/bucuresti\/wp-content\/uploads\/309089154_638345064325483_6732523746617471909_n.jpeg","datePublished":"2023-02-06T10:34:48+00:00","dateModified":"2023-02-06T10:34:49+00:00","breadcrumb":{"@id":"https:\/\/buletin.de\/bucuresti\/claudiu-nasui-a-fost-audiat-de-dna-in-dosarul-romarm-el-ar-fi-denuntat-presupusul-act-de-coruptie\/#breadcrumb"},"inLanguage":"en-GB","potentialAction":[{"@type":"ReadAction","target":["https:\/\/buletin.de\/bucuresti\/claudiu-nasui-a-fost-audiat-de-dna-in-dosarul-romarm-el-ar-fi-denuntat-presupusul-act-de-coruptie\/"]}]},{"@type":"ImageObject","inLanguage":"en-GB","@id":"https:\/\/buletin.de\/bucuresti\/claudiu-nasui-a-fost-audiat-de-dna-in-dosarul-romarm-el-ar-fi-denuntat-presupusul-act-de-coruptie\/#primaryimage","url":"https:\/\/buletin.de\/bucuresti\/wp-content\/uploads\/309089154_638345064325483_6732523746617471909_n.jpeg","contentUrl":"https:\/\/buletin.de\/bucuresti\/wp-content\/uploads\/309089154_638345064325483_6732523746617471909_n.jpeg","width":780,"height":440},{"@type":"BreadcrumbList","@id":"https:\/\/buletin.de\/bucuresti\/claudiu-nasui-a-fost-audiat-de-dna-in-dosarul-romarm-el-ar-fi-denuntat-presupusul-act-de-coruptie\/#breadcrumb","itemListElement":[{"@type":"ListItem","position":1,"name":"Acas\u0103","item":"https:\/\/buletin.de\/bucuresti\/"},{"@type":"ListItem","position":2,"name":"Claudiu N\u0103sui a fost audiat de DNA \u00een dosarul Romarm. El ar fi denun\u021bat presupusul act de corup\u021bie"}]},{"@type":"WebSite","@id":"https:\/\/buletin.de\/bucuresti\/#website","url":"https:\/\/buletin.de\/bucuresti\/","name":"Buletin de Bucure\u0219ti","description":"\u0218tiri \u0219i investiga\u021bii esen\u021biale din capital\u0103","publisher":{"@id":"https:\/\/buletin.de\/bucuresti\/#organization"},"potentialAction":[{"@type":"SearchAction","target":{"@type":"EntryPoint","urlTemplate":"https:\/\/buletin.de\/bucuresti\/?s={search_term_string}"},"query-input":{"@type":"PropertyValueSpecification","valueRequired":true,"valueName":"search_term_string"}}],"inLanguage":"en-GB"},{"@type":"Organization","@id":"https:\/\/buletin.de\/bucuresti\/#organization","name":"Buletin de Bucure\u0219ti","url":"https:\/\/buletin.de\/bucuresti\/","logo":{"@type":"ImageObject","inLanguage":"en-GB","@id":"https:\/\/buletin.de\/bucuresti\/#\/schema\/logo\/image\/","url":"https:\/\/buletin.de\/bucuresti\/wp-content\/uploads\/logo-bdb-full-wide-vernil-transparent.png","contentUrl":"https:\/\/buletin.de\/bucuresti\/wp-content\/uploads\/logo-bdb-full-wide-vernil-transparent.png","width":1782,"height":626,"caption":"Buletin de Bucure\u0219ti"},"image":{"@id":"https:\/\/buletin.de\/bucuresti\/#\/schema\/logo\/image\/"},"sameAs":["https:\/\/www.facebook.com\/buletin.de.buc","https:\/\/www.instagram.com\/buletinde.bucuresti\/"]},{"@type":"Person","@id":"https:\/\/buletin.de\/bucuresti\/#\/schema\/person\/b0686d7a8b666c6afc78239777fd8a89","name":"Florin R\u00e2\u0219teiu","image":{"@type":"ImageObject","inLanguage":"en-GB","@id":"https:\/\/buletin.de\/bucuresti\/wp-content\/uploads\/Florin-Rasteiu-96x96.jpgf0a6fe28453aa12f0a60e4d0a2e3a78c","url":"https:\/\/buletin.de\/bucuresti\/wp-content\/uploads\/Florin-Rasteiu-96x96.jpg","contentUrl":"https:\/\/buletin.de\/bucuresti\/wp-content\/uploads\/Florin-Rasteiu-96x96.jpg","caption":"Florin R\u00e2\u0219teiu"},"description":"Jurnalist de investiga\u021bie. Lucreaz\u0103 de aproape 6 ani la Buletin de Bucure\u0219ti, unde a publicat articole care scot la suprafa\u021b\u0103 corup\u021bia din Capital\u0103. Analizeaz\u0103 baze de date zilnic \u0219i scoate pove\u0219ti din exceluri pline de cifre. Pune reflectorul pe adev\u0103r cu fiecare ocazie. A c\u00e2\u0219tigat premiul I la categoria Pres\u0103 Local\u0103 \u00een 2025 \u0219i locul al II-lea la aceea\u0219i categorie \u00een 2024 \u00een cadrul Premiilor Superscrieri pentru jurnalism independent.","url":"https:\/\/buletin.de\/bucuresti\/author\/florinrasteiu\/"}]}},"authors":[{"term_id":22576,"user_id":17,"is_guest":0,"slug":"florinrasteiu","display_name":"Florin R\u00e2\u0219teiu","avatar_url":"https:\/\/buletin.de\/bucuresti\/wp-content\/uploads\/Florin-Rasteiu-96x96.jpg","0":null,"1":"","2":"","3":"","4":"","5":"","6":"","7":"","8":""}],"_links":{"self":[{"href":"https:\/\/buletin.de\/bucuresti\/wp-json\/wp\/v2\/posts\/53449","targetHints":{"allow":["GET"]}}],"collection":[{"href":"https:\/\/buletin.de\/bucuresti\/wp-json\/wp\/v2\/posts"}],"about":[{"href":"https:\/\/buletin.de\/bucuresti\/wp-json\/wp\/v2\/types\/post"}],"author":[{"embeddable":true,"href":"https:\/\/buletin.de\/bucuresti\/wp-json\/wp\/v2\/users\/17"}],"replies":[{"embeddable":true,"href":"https:\/\/buletin.de\/bucuresti\/wp-json\/wp\/v2\/comments?post=53449"}],"version-history":[{"count":3,"href":"https:\/\/buletin.de\/bucuresti\/wp-json\/wp\/v2\/posts\/53449\/revisions"}],"predecessor-version":[{"id":53459,"href":"https:\/\/buletin.de\/bucuresti\/wp-json\/wp\/v2\/posts\/53449\/revisions\/53459"}],"wp:featuredmedia":[{"embeddable":true,"href":"https:\/\/buletin.de\/bucuresti\/wp-json\/wp\/v2\/media\/53450"}],"wp:attachment":[{"href":"https:\/\/buletin.de\/bucuresti\/wp-json\/wp\/v2\/media?parent=53449"}],"wp:term":[{"taxonomy":"category","embeddable":true,"href":"https:\/\/buletin.de\/bucuresti\/wp-json\/wp\/v2\/categories?post=53449"},{"taxonomy":"post_tag","embeddable":true,"href":"https:\/\/buletin.de\/bucuresti\/wp-json\/wp\/v2\/tags?post=53449"},{"taxonomy":"author","embeddable":true,"href":"https:\/\/buletin.de\/bucuresti\/wp-json\/wp\/v2\/ppma_author?post=53449"}],"curies":[{"name":"wp","href":"https:\/\/api.w.org\/{rel}","templated":true}]}}