{"id":53433,"date":"2023-02-06T09:47:47","date_gmt":"2023-02-06T07:47:47","guid":{"rendered":"https:\/\/buletin.de\/bucuresti\/?p=53433"},"modified":"2023-02-07T17:49:40","modified_gmt":"2023-02-07T15:49:40","slug":"incident-socant-in-capitala-o-femeie-a-fost-inchisa-in-portbagajul-unei-masini-iar-autovehiculul-incendiat","status":"publish","type":"post","link":"https:\/\/buletin.de\/bucuresti\/incident-socant-in-capitala-o-femeie-a-fost-inchisa-in-portbagajul-unei-masini-iar-autovehiculul-incendiat\/","title":{"rendered":"Incident \u0219ocant \u00een Capital\u0103. O femeie a fost \u00eenchis\u0103 \u00een portbagajul unei ma\u0219ini, iar autovehiculul incendiat"},"content":{"rendered":"\n<p>Actualizare 2: \u00cen urma deciziei magistra\u021bilor, agresorul a fost arestat preventiv pentru 30 de zile.<\/p>\n\n\n\n<p>Actualizare: B\u0103rbatul a fost re\u021binut pentru 24 de ore. M\u00e2ine, acesta va fi trimis \u00een fa\u021ba magistra\u021bilor, unde procurorii vor prezenta o propunere legal\u0103 pentru prelungirea arestului.<\/p>\n\n\n\n<p>Un incident \u0219ocant a avut loc, \u00een aceast\u0103 diminea\u021b\u0103, \u00een Bucure\u0219ti. O femeie a sunat la 112 \u0219i a cerut ajutor. Fusese r\u0103pit\u0103, \u0219i \u00eenchis\u0103 \u00een portbagajul unei ma\u0219ini. C\u00e2nd a fost g\u0103sit\u0103 de poli\u021bi\u0219ti, ma\u0219ina fusese abandonat\u0103 pe un c\u00e2mp, \u0219i ardea. Femeia a fost salvat\u0103 iar agresorul a fost re\u021binut.<\/p>\n\n\n\n<p>La ora 4,40 de minute, un apel la 112 a pus pe jar autorit\u0103\u021bile. O femeie a reclamat c\u0103, dup\u0103 o ceart\u0103 cu partenerul, acesta a \u00eenchis-o cu for\u021ba \u00een portbagajul ma\u0219ini \u0219i a demarat \u00een tromb\u0103. <\/p>\n\n\n\n<p>Loca\u021bia femeii din portbagajul ma\u0219inii \u00een mi\u0219care a fost urm\u0103rit\u0103 de c\u0103tre Operatorul Serviciului de Telecomunica\u021bii Speciale. Ace\u0219tia iau  transmis un link de localizare cu ajutorul c\u0103ruia s-a reu\u0219it monitorizarea traseului parcurs, iar loca\u021bia a fost comunicat\u0103 tuturor echipajelor de poli\u021bie aflate \u00een serviciu.<\/p>\n\n\n\n<p>Brigada Rutier\u0103 a depistat autoturismul, pe un c\u00e2mp din Sectorul 3, \u00een jurul orei 4:50. Ace\u0219tia au observat flac\u0103r\u0103 deschis\u0103 \u00een interiorul ma\u0219inii. Poli\u021bi\u0219tii au scos femeia din portbagaj \u0219i au stins incendiului cu extinctoarele din dotare. La fa\u021ba locului a fost chemat \u0219i un echipaj medical. <\/p>\n\n\n\n<p>\u00cen apropierea zonei \u00een care se afla femeia, pe l\u00e2ng\u0103 o sta\u021bie peco, a fost g\u0103sit \u0219i agresorul. Era b\u0103ut \u0219i drogat. <\/p>\n\n\n\n<p>\u00cen vederea stabilirii cauzelor \u0219i condi\u021biilor \u00een care a avut loc evenimentul, \u0219i pentru deteriminarea m\u0103surilor legale ce trebuie aplicate, cercet\u0103rile au fost preluate de c\u0103tre Serviciul Omoruri \u0219i Parchetul de pe l\u00e2ng\u0103 Tribunalul Bucure\u0219ti.<\/p>\n\n\n\n<p><\/p>\n\n\n\n<figure class=\"wp-block-video\"><video height=\"640\" style=\"aspect-ratio: 352 \/ 640;\" width=\"352\" controls src=\"https:\/\/buletin.de\/bucuresti\/wp-content\/uploads\/VID-20230206-WA0000.mp4\"><\/video><\/figure>\n","protected":false},"excerpt":{"rendered":"<p>Actualizare 2: \u00cen urma deciziei magistra\u021bilor, agresorul a fost arestat preventiv pentru 30 de zile. Actualizare: B\u0103rbatul a fost re\u021binut pentru 24 de ore. M\u00e2ine, acesta va fi trimis \u00een fa\u021ba magistra\u021bilor, unde procurorii vor prezenta o propunere legal\u0103 pentru prelungirea arestului. Un incident \u0219ocant a avut loc, \u00een aceast\u0103 diminea\u021b\u0103, \u00een Bucure\u0219ti. O femeie [&hellip;]<\/p>\n","protected":false},"author":47,"featured_media":53436,"comment_status":"closed","ping_status":"open","sticky":false,"template":"","format":"standard","meta":{"_acf_changed":false,"inline_featured_image":false,"ngg_post_thumbnail":0,"footnotes":""},"categories":[3419,62],"tags":[],"ppma_author":[22580],"class_list":["post-53433","post","type-post","status-publish","format-standard","has-post-thumbnail","hentry","category-featured","category-stiri"],"acf":[],"yoast_head":"<!-- This site is optimized with the Yoast SEO Premium plugin v25.3 (Yoast SEO v27.4) - https:\/\/yoast.com\/product\/yoast-seo-premium-wordpress\/ -->\n<title>Incident \u0219ocant \u00een Capital\u0103. O femeie a fost \u00eenchis\u0103 \u00een portbagajul unei ma\u0219ini, iar autovehiculul incendiat - Buletin de Bucure\u0219ti<\/title>\n<meta name=\"robots\" content=\"index, follow, max-snippet:-1, max-image-preview:large, max-video-preview:-1\" \/>\n<link rel=\"canonical\" href=\"https:\/\/buletin.de\/bucuresti\/incident-socant-in-capitala-o-femeie-a-fost-inchisa-in-portbagajul-unei-masini-iar-autovehiculul-incendiat\/\" \/>\n<meta property=\"og:locale\" content=\"en_GB\" \/>\n<meta property=\"og:type\" content=\"article\" \/>\n<meta property=\"og:title\" content=\"Incident \u0219ocant \u00een Capital\u0103. O femeie a fost \u00eenchis\u0103 \u00een portbagajul unei ma\u0219ini, iar autovehiculul incendiat\" \/>\n<meta property=\"og:description\" content=\"Actualizare 2: \u00cen urma deciziei magistra\u021bilor, agresorul a fost arestat preventiv pentru 30 de zile. Actualizare: B\u0103rbatul a fost re\u021binut pentru 24 de ore. M\u00e2ine, acesta va fi trimis \u00een fa\u021ba magistra\u021bilor, unde procurorii vor prezenta o propunere legal\u0103 pentru prelungirea arestului. Un incident \u0219ocant a avut loc, \u00een aceast\u0103 diminea\u021b\u0103, \u00een Bucure\u0219ti. O femeie [&hellip;]\" \/>\n<meta property=\"og:url\" content=\"https:\/\/buletin.de\/bucuresti\/incident-socant-in-capitala-o-femeie-a-fost-inchisa-in-portbagajul-unei-masini-iar-autovehiculul-incendiat\/\" \/>\n<meta property=\"og:site_name\" content=\"Buletin de Bucure\u0219ti\" \/>\n<meta property=\"article:publisher\" content=\"https:\/\/www.facebook.com\/buletin.de.buc\" \/>\n<meta property=\"article:published_time\" content=\"2023-02-06T07:47:47+00:00\" \/>\n<meta property=\"article:modified_time\" content=\"2023-02-07T15:49:40+00:00\" \/>\n<meta property=\"og:image\" content=\"https:\/\/buletin.de\/bucuresti\/wp-content\/uploads\/guido-jansen-Nz-zAt4qiuU-unsplash-3.jpg\" \/>\n\t<meta property=\"og:image:width\" content=\"844\" \/>\n\t<meta property=\"og:image:height\" content=\"528\" \/>\n\t<meta property=\"og:image:type\" content=\"image\/jpeg\" \/>\n<meta name=\"author\" content=\"Adina C\u0103p\u00eelnean\" \/>\n<meta name=\"twitter:card\" content=\"summary_large_image\" \/>\n<meta name=\"twitter:label1\" content=\"Written by\" \/>\n\t<meta name=\"twitter:data1\" content=\"Adina C\u0103p\u00eelnean\" \/>\n\t<meta name=\"twitter:label2\" content=\"Estimated reading time\" \/>\n\t<meta name=\"twitter:data2\" content=\"2 minutes\" \/>\n<script type=\"application\/ld+json\" class=\"yoast-schema-graph\">{\"@context\":\"https:\\\/\\\/schema.org\",\"@graph\":[{\"@type\":\"Article\",\"@id\":\"https:\\\/\\\/buletin.de\\\/bucuresti\\\/incident-socant-in-capitala-o-femeie-a-fost-inchisa-in-portbagajul-unei-masini-iar-autovehiculul-incendiat\\\/#article\",\"isPartOf\":{\"@id\":\"https:\\\/\\\/buletin.de\\\/bucuresti\\\/incident-socant-in-capitala-o-femeie-a-fost-inchisa-in-portbagajul-unei-masini-iar-autovehiculul-incendiat\\\/\"},\"author\":{\"name\":\"Adina C\u0103p\u00eelnean\",\"@id\":\"https:\\\/\\\/buletin.de\\\/bucuresti\\\/#\\\/schema\\\/person\\\/ab174cf6711728e4ee83d672acf9a912\"},\"headline\":\"Incident \u0219ocant \u00een Capital\u0103. O femeie a fost \u00eenchis\u0103 \u00een portbagajul unei ma\u0219ini, iar autovehiculul incendiat\",\"datePublished\":\"2023-02-06T07:47:47+00:00\",\"dateModified\":\"2023-02-07T15:49:40+00:00\",\"mainEntityOfPage\":{\"@id\":\"https:\\\/\\\/buletin.de\\\/bucuresti\\\/incident-socant-in-capitala-o-femeie-a-fost-inchisa-in-portbagajul-unei-masini-iar-autovehiculul-incendiat\\\/\"},\"wordCount\":335,\"publisher\":{\"@id\":\"https:\\\/\\\/buletin.de\\\/bucuresti\\\/#organization\"},\"image\":{\"@id\":\"https:\\\/\\\/buletin.de\\\/bucuresti\\\/incident-socant-in-capitala-o-femeie-a-fost-inchisa-in-portbagajul-unei-masini-iar-autovehiculul-incendiat\\\/#primaryimage\"},\"thumbnailUrl\":\"https:\\\/\\\/buletin.de\\\/bucuresti\\\/wp-content\\\/uploads\\\/guido-jansen-Nz-zAt4qiuU-unsplash-3.jpg\",\"articleSection\":[\"Featured\",\"\u0218tiri\"],\"inLanguage\":\"en-GB\",\"copyrightYear\":\"2023\",\"copyrightHolder\":{\"@id\":\"https:\\\/\\\/buletin.de\\\/bucuresti\\\/#organization\"}},{\"@type\":\"WebPage\",\"@id\":\"https:\\\/\\\/buletin.de\\\/bucuresti\\\/incident-socant-in-capitala-o-femeie-a-fost-inchisa-in-portbagajul-unei-masini-iar-autovehiculul-incendiat\\\/\",\"url\":\"https:\\\/\\\/buletin.de\\\/bucuresti\\\/incident-socant-in-capitala-o-femeie-a-fost-inchisa-in-portbagajul-unei-masini-iar-autovehiculul-incendiat\\\/\",\"name\":\"Incident \u0219ocant \u00een Capital\u0103. O femeie a fost \u00eenchis\u0103 \u00een portbagajul unei ma\u0219ini, iar autovehiculul incendiat - Buletin de Bucure\u0219ti\",\"isPartOf\":{\"@id\":\"https:\\\/\\\/buletin.de\\\/bucuresti\\\/#website\"},\"primaryImageOfPage\":{\"@id\":\"https:\\\/\\\/buletin.de\\\/bucuresti\\\/incident-socant-in-capitala-o-femeie-a-fost-inchisa-in-portbagajul-unei-masini-iar-autovehiculul-incendiat\\\/#primaryimage\"},\"image\":{\"@id\":\"https:\\\/\\\/buletin.de\\\/bucuresti\\\/incident-socant-in-capitala-o-femeie-a-fost-inchisa-in-portbagajul-unei-masini-iar-autovehiculul-incendiat\\\/#primaryimage\"},\"thumbnailUrl\":\"https:\\\/\\\/buletin.de\\\/bucuresti\\\/wp-content\\\/uploads\\\/guido-jansen-Nz-zAt4qiuU-unsplash-3.jpg\",\"datePublished\":\"2023-02-06T07:47:47+00:00\",\"dateModified\":\"2023-02-07T15:49:40+00:00\",\"breadcrumb\":{\"@id\":\"https:\\\/\\\/buletin.de\\\/bucuresti\\\/incident-socant-in-capitala-o-femeie-a-fost-inchisa-in-portbagajul-unei-masini-iar-autovehiculul-incendiat\\\/#breadcrumb\"},\"inLanguage\":\"en-GB\",\"potentialAction\":[{\"@type\":\"ReadAction\",\"target\":[\"https:\\\/\\\/buletin.de\\\/bucuresti\\\/incident-socant-in-capitala-o-femeie-a-fost-inchisa-in-portbagajul-unei-masini-iar-autovehiculul-incendiat\\\/\"]}]},{\"@type\":\"ImageObject\",\"inLanguage\":\"en-GB\",\"@id\":\"https:\\\/\\\/buletin.de\\\/bucuresti\\\/incident-socant-in-capitala-o-femeie-a-fost-inchisa-in-portbagajul-unei-masini-iar-autovehiculul-incendiat\\\/#primaryimage\",\"url\":\"https:\\\/\\\/buletin.de\\\/bucuresti\\\/wp-content\\\/uploads\\\/guido-jansen-Nz-zAt4qiuU-unsplash-3.jpg\",\"contentUrl\":\"https:\\\/\\\/buletin.de\\\/bucuresti\\\/wp-content\\\/uploads\\\/guido-jansen-Nz-zAt4qiuU-unsplash-3.jpg\",\"width\":844,\"height\":528},{\"@type\":\"BreadcrumbList\",\"@id\":\"https:\\\/\\\/buletin.de\\\/bucuresti\\\/incident-socant-in-capitala-o-femeie-a-fost-inchisa-in-portbagajul-unei-masini-iar-autovehiculul-incendiat\\\/#breadcrumb\",\"itemListElement\":[{\"@type\":\"ListItem\",\"position\":1,\"name\":\"Acas\u0103\",\"item\":\"https:\\\/\\\/buletin.de\\\/bucuresti\\\/\"},{\"@type\":\"ListItem\",\"position\":2,\"name\":\"Incident \u0219ocant \u00een Capital\u0103. O femeie a fost \u00eenchis\u0103 \u00een portbagajul unei ma\u0219ini, iar autovehiculul incendiat\"}]},{\"@type\":\"WebSite\",\"@id\":\"https:\\\/\\\/buletin.de\\\/bucuresti\\\/#website\",\"url\":\"https:\\\/\\\/buletin.de\\\/bucuresti\\\/\",\"name\":\"Buletin de Bucure\u0219ti\",\"description\":\"\u0218tiri \u0219i investiga\u021bii esen\u021biale din capital\u0103\",\"publisher\":{\"@id\":\"https:\\\/\\\/buletin.de\\\/bucuresti\\\/#organization\"},\"potentialAction\":[{\"@type\":\"SearchAction\",\"target\":{\"@type\":\"EntryPoint\",\"urlTemplate\":\"https:\\\/\\\/buletin.de\\\/bucuresti\\\/?s={search_term_string}\"},\"query-input\":{\"@type\":\"PropertyValueSpecification\",\"valueRequired\":true,\"valueName\":\"search_term_string\"}}],\"inLanguage\":\"en-GB\"},{\"@type\":\"Organization\",\"@id\":\"https:\\\/\\\/buletin.de\\\/bucuresti\\\/#organization\",\"name\":\"Buletin de Bucure\u0219ti\",\"url\":\"https:\\\/\\\/buletin.de\\\/bucuresti\\\/\",\"logo\":{\"@type\":\"ImageObject\",\"inLanguage\":\"en-GB\",\"@id\":\"https:\\\/\\\/buletin.de\\\/bucuresti\\\/#\\\/schema\\\/logo\\\/image\\\/\",\"url\":\"https:\\\/\\\/buletin.de\\\/bucuresti\\\/wp-content\\\/uploads\\\/logo-bdb-full-wide-vernil-transparent.png\",\"contentUrl\":\"https:\\\/\\\/buletin.de\\\/bucuresti\\\/wp-content\\\/uploads\\\/logo-bdb-full-wide-vernil-transparent.png\",\"width\":1782,\"height\":626,\"caption\":\"Buletin de Bucure\u0219ti\"},\"image\":{\"@id\":\"https:\\\/\\\/buletin.de\\\/bucuresti\\\/#\\\/schema\\\/logo\\\/image\\\/\"},\"sameAs\":[\"https:\\\/\\\/www.facebook.com\\\/buletin.de.buc\",\"https:\\\/\\\/www.instagram.com\\\/buletinde.bucuresti\\\/\"]},{\"@type\":\"Person\",\"@id\":\"https:\\\/\\\/buletin.de\\\/bucuresti\\\/#\\\/schema\\\/person\\\/ab174cf6711728e4ee83d672acf9a912\",\"name\":\"Adina C\u0103p\u00eelnean\",\"image\":{\"@type\":\"ImageObject\",\"inLanguage\":\"en-GB\",\"@id\":\"https:\\\/\\\/secure.gravatar.com\\\/avatar\\\/4fe9675d6282fd7c1aa4e486a037d532d5728fc16a30360f293eb6126b2e73ad?s=96&d=monsterid&r=ge2b23868508aec3460d3c6a11d3b599a\",\"url\":\"https:\\\/\\\/secure.gravatar.com\\\/avatar\\\/4fe9675d6282fd7c1aa4e486a037d532d5728fc16a30360f293eb6126b2e73ad?s=96&d=monsterid&r=g\",\"contentUrl\":\"https:\\\/\\\/secure.gravatar.com\\\/avatar\\\/4fe9675d6282fd7c1aa4e486a037d532d5728fc16a30360f293eb6126b2e73ad?s=96&d=monsterid&r=g\",\"caption\":\"Adina C\u0103p\u00eelnean\"},\"url\":\"https:\\\/\\\/buletin.de\\\/bucuresti\\\/author\\\/adinacapilnean\\\/\"}]}<\/script>\n<!-- \/ Yoast SEO Premium plugin. -->","yoast_head_json":{"title":"Incident \u0219ocant \u00een Capital\u0103. O femeie a fost \u00eenchis\u0103 \u00een portbagajul unei ma\u0219ini, iar autovehiculul incendiat - Buletin de Bucure\u0219ti","robots":{"index":"index","follow":"follow","max-snippet":"max-snippet:-1","max-image-preview":"max-image-preview:large","max-video-preview":"max-video-preview:-1"},"canonical":"https:\/\/buletin.de\/bucuresti\/incident-socant-in-capitala-o-femeie-a-fost-inchisa-in-portbagajul-unei-masini-iar-autovehiculul-incendiat\/","og_locale":"en_GB","og_type":"article","og_title":"Incident \u0219ocant \u00een Capital\u0103. O femeie a fost \u00eenchis\u0103 \u00een portbagajul unei ma\u0219ini, iar autovehiculul incendiat","og_description":"Actualizare 2: \u00cen urma deciziei magistra\u021bilor, agresorul a fost arestat preventiv pentru 30 de zile. Actualizare: B\u0103rbatul a fost re\u021binut pentru 24 de ore. M\u00e2ine, acesta va fi trimis \u00een fa\u021ba magistra\u021bilor, unde procurorii vor prezenta o propunere legal\u0103 pentru prelungirea arestului. Un incident \u0219ocant a avut loc, \u00een aceast\u0103 diminea\u021b\u0103, \u00een Bucure\u0219ti. O femeie [&hellip;]","og_url":"https:\/\/buletin.de\/bucuresti\/incident-socant-in-capitala-o-femeie-a-fost-inchisa-in-portbagajul-unei-masini-iar-autovehiculul-incendiat\/","og_site_name":"Buletin de Bucure\u0219ti","article_publisher":"https:\/\/www.facebook.com\/buletin.de.buc","article_published_time":"2023-02-06T07:47:47+00:00","article_modified_time":"2023-02-07T15:49:40+00:00","og_image":[{"width":844,"height":528,"url":"https:\/\/buletin.de\/bucuresti\/wp-content\/uploads\/guido-jansen-Nz-zAt4qiuU-unsplash-3.jpg","type":"image\/jpeg"}],"author":"Adina C\u0103p\u00eelnean","twitter_card":"summary_large_image","twitter_misc":{"Written by":"Adina C\u0103p\u00eelnean","Estimated reading time":"2 minutes"},"schema":{"@context":"https:\/\/schema.org","@graph":[{"@type":"Article","@id":"https:\/\/buletin.de\/bucuresti\/incident-socant-in-capitala-o-femeie-a-fost-inchisa-in-portbagajul-unei-masini-iar-autovehiculul-incendiat\/#article","isPartOf":{"@id":"https:\/\/buletin.de\/bucuresti\/incident-socant-in-capitala-o-femeie-a-fost-inchisa-in-portbagajul-unei-masini-iar-autovehiculul-incendiat\/"},"author":{"name":"Adina C\u0103p\u00eelnean","@id":"https:\/\/buletin.de\/bucuresti\/#\/schema\/person\/ab174cf6711728e4ee83d672acf9a912"},"headline":"Incident \u0219ocant \u00een Capital\u0103. O femeie a fost \u00eenchis\u0103 \u00een portbagajul unei ma\u0219ini, iar autovehiculul incendiat","datePublished":"2023-02-06T07:47:47+00:00","dateModified":"2023-02-07T15:49:40+00:00","mainEntityOfPage":{"@id":"https:\/\/buletin.de\/bucuresti\/incident-socant-in-capitala-o-femeie-a-fost-inchisa-in-portbagajul-unei-masini-iar-autovehiculul-incendiat\/"},"wordCount":335,"publisher":{"@id":"https:\/\/buletin.de\/bucuresti\/#organization"},"image":{"@id":"https:\/\/buletin.de\/bucuresti\/incident-socant-in-capitala-o-femeie-a-fost-inchisa-in-portbagajul-unei-masini-iar-autovehiculul-incendiat\/#primaryimage"},"thumbnailUrl":"https:\/\/buletin.de\/bucuresti\/wp-content\/uploads\/guido-jansen-Nz-zAt4qiuU-unsplash-3.jpg","articleSection":["Featured","\u0218tiri"],"inLanguage":"en-GB","copyrightYear":"2023","copyrightHolder":{"@id":"https:\/\/buletin.de\/bucuresti\/#organization"}},{"@type":"WebPage","@id":"https:\/\/buletin.de\/bucuresti\/incident-socant-in-capitala-o-femeie-a-fost-inchisa-in-portbagajul-unei-masini-iar-autovehiculul-incendiat\/","url":"https:\/\/buletin.de\/bucuresti\/incident-socant-in-capitala-o-femeie-a-fost-inchisa-in-portbagajul-unei-masini-iar-autovehiculul-incendiat\/","name":"Incident \u0219ocant \u00een Capital\u0103. O femeie a fost \u00eenchis\u0103 \u00een portbagajul unei ma\u0219ini, iar autovehiculul incendiat - Buletin de Bucure\u0219ti","isPartOf":{"@id":"https:\/\/buletin.de\/bucuresti\/#website"},"primaryImageOfPage":{"@id":"https:\/\/buletin.de\/bucuresti\/incident-socant-in-capitala-o-femeie-a-fost-inchisa-in-portbagajul-unei-masini-iar-autovehiculul-incendiat\/#primaryimage"},"image":{"@id":"https:\/\/buletin.de\/bucuresti\/incident-socant-in-capitala-o-femeie-a-fost-inchisa-in-portbagajul-unei-masini-iar-autovehiculul-incendiat\/#primaryimage"},"thumbnailUrl":"https:\/\/buletin.de\/bucuresti\/wp-content\/uploads\/guido-jansen-Nz-zAt4qiuU-unsplash-3.jpg","datePublished":"2023-02-06T07:47:47+00:00","dateModified":"2023-02-07T15:49:40+00:00","breadcrumb":{"@id":"https:\/\/buletin.de\/bucuresti\/incident-socant-in-capitala-o-femeie-a-fost-inchisa-in-portbagajul-unei-masini-iar-autovehiculul-incendiat\/#breadcrumb"},"inLanguage":"en-GB","potentialAction":[{"@type":"ReadAction","target":["https:\/\/buletin.de\/bucuresti\/incident-socant-in-capitala-o-femeie-a-fost-inchisa-in-portbagajul-unei-masini-iar-autovehiculul-incendiat\/"]}]},{"@type":"ImageObject","inLanguage":"en-GB","@id":"https:\/\/buletin.de\/bucuresti\/incident-socant-in-capitala-o-femeie-a-fost-inchisa-in-portbagajul-unei-masini-iar-autovehiculul-incendiat\/#primaryimage","url":"https:\/\/buletin.de\/bucuresti\/wp-content\/uploads\/guido-jansen-Nz-zAt4qiuU-unsplash-3.jpg","contentUrl":"https:\/\/buletin.de\/bucuresti\/wp-content\/uploads\/guido-jansen-Nz-zAt4qiuU-unsplash-3.jpg","width":844,"height":528},{"@type":"BreadcrumbList","@id":"https:\/\/buletin.de\/bucuresti\/incident-socant-in-capitala-o-femeie-a-fost-inchisa-in-portbagajul-unei-masini-iar-autovehiculul-incendiat\/#breadcrumb","itemListElement":[{"@type":"ListItem","position":1,"name":"Acas\u0103","item":"https:\/\/buletin.de\/bucuresti\/"},{"@type":"ListItem","position":2,"name":"Incident \u0219ocant \u00een Capital\u0103. O femeie a fost \u00eenchis\u0103 \u00een portbagajul unei ma\u0219ini, iar autovehiculul incendiat"}]},{"@type":"WebSite","@id":"https:\/\/buletin.de\/bucuresti\/#website","url":"https:\/\/buletin.de\/bucuresti\/","name":"Buletin de Bucure\u0219ti","description":"\u0218tiri \u0219i investiga\u021bii esen\u021biale din capital\u0103","publisher":{"@id":"https:\/\/buletin.de\/bucuresti\/#organization"},"potentialAction":[{"@type":"SearchAction","target":{"@type":"EntryPoint","urlTemplate":"https:\/\/buletin.de\/bucuresti\/?s={search_term_string}"},"query-input":{"@type":"PropertyValueSpecification","valueRequired":true,"valueName":"search_term_string"}}],"inLanguage":"en-GB"},{"@type":"Organization","@id":"https:\/\/buletin.de\/bucuresti\/#organization","name":"Buletin de Bucure\u0219ti","url":"https:\/\/buletin.de\/bucuresti\/","logo":{"@type":"ImageObject","inLanguage":"en-GB","@id":"https:\/\/buletin.de\/bucuresti\/#\/schema\/logo\/image\/","url":"https:\/\/buletin.de\/bucuresti\/wp-content\/uploads\/logo-bdb-full-wide-vernil-transparent.png","contentUrl":"https:\/\/buletin.de\/bucuresti\/wp-content\/uploads\/logo-bdb-full-wide-vernil-transparent.png","width":1782,"height":626,"caption":"Buletin de Bucure\u0219ti"},"image":{"@id":"https:\/\/buletin.de\/bucuresti\/#\/schema\/logo\/image\/"},"sameAs":["https:\/\/www.facebook.com\/buletin.de.buc","https:\/\/www.instagram.com\/buletinde.bucuresti\/"]},{"@type":"Person","@id":"https:\/\/buletin.de\/bucuresti\/#\/schema\/person\/ab174cf6711728e4ee83d672acf9a912","name":"Adina C\u0103p\u00eelnean","image":{"@type":"ImageObject","inLanguage":"en-GB","@id":"https:\/\/secure.gravatar.com\/avatar\/4fe9675d6282fd7c1aa4e486a037d532d5728fc16a30360f293eb6126b2e73ad?s=96&d=monsterid&r=ge2b23868508aec3460d3c6a11d3b599a","url":"https:\/\/secure.gravatar.com\/avatar\/4fe9675d6282fd7c1aa4e486a037d532d5728fc16a30360f293eb6126b2e73ad?s=96&d=monsterid&r=g","contentUrl":"https:\/\/secure.gravatar.com\/avatar\/4fe9675d6282fd7c1aa4e486a037d532d5728fc16a30360f293eb6126b2e73ad?s=96&d=monsterid&r=g","caption":"Adina C\u0103p\u00eelnean"},"url":"https:\/\/buletin.de\/bucuresti\/author\/adinacapilnean\/"}]}},"authors":[{"term_id":22580,"user_id":47,"is_guest":0,"slug":"adinacapilnean","display_name":"Adina C\u0103p\u00eelnean","avatar_url":"https:\/\/secure.gravatar.com\/avatar\/4fe9675d6282fd7c1aa4e486a037d532d5728fc16a30360f293eb6126b2e73ad?s=96&d=monsterid&r=g","0":null,"1":"","2":"","3":"","4":"","5":"","6":"","7":"","8":""}],"_links":{"self":[{"href":"https:\/\/buletin.de\/bucuresti\/wp-json\/wp\/v2\/posts\/53433","targetHints":{"allow":["GET"]}}],"collection":[{"href":"https:\/\/buletin.de\/bucuresti\/wp-json\/wp\/v2\/posts"}],"about":[{"href":"https:\/\/buletin.de\/bucuresti\/wp-json\/wp\/v2\/types\/post"}],"author":[{"embeddable":true,"href":"https:\/\/buletin.de\/bucuresti\/wp-json\/wp\/v2\/users\/47"}],"replies":[{"embeddable":true,"href":"https:\/\/buletin.de\/bucuresti\/wp-json\/wp\/v2\/comments?post=53433"}],"version-history":[{"count":10,"href":"https:\/\/buletin.de\/bucuresti\/wp-json\/wp\/v2\/posts\/53433\/revisions"}],"predecessor-version":[{"id":53585,"href":"https:\/\/buletin.de\/bucuresti\/wp-json\/wp\/v2\/posts\/53433\/revisions\/53585"}],"wp:featuredmedia":[{"embeddable":true,"href":"https:\/\/buletin.de\/bucuresti\/wp-json\/wp\/v2\/media\/53436"}],"wp:attachment":[{"href":"https:\/\/buletin.de\/bucuresti\/wp-json\/wp\/v2\/media?parent=53433"}],"wp:term":[{"taxonomy":"category","embeddable":true,"href":"https:\/\/buletin.de\/bucuresti\/wp-json\/wp\/v2\/categories?post=53433"},{"taxonomy":"post_tag","embeddable":true,"href":"https:\/\/buletin.de\/bucuresti\/wp-json\/wp\/v2\/tags?post=53433"},{"taxonomy":"author","embeddable":true,"href":"https:\/\/buletin.de\/bucuresti\/wp-json\/wp\/v2\/ppma_author?post=53433"}],"curies":[{"name":"wp","href":"https:\/\/api.w.org\/{rel}","templated":true}]}}