{"id":53348,"date":"2023-02-03T16:35:38","date_gmt":"2023-02-03T14:35:38","guid":{"rendered":"https:\/\/buletin.de\/bucuresti\/?p=53348"},"modified":"2023-02-03T16:39:28","modified_gmt":"2023-02-03T14:39:28","slug":"sector-6-parcarile-de-la-piata-gorjului-si-piata-drumul-taberei-vor-putea-fi-folosite-pe-timpul-noptii-in-baza-unui-abonament-lunar","status":"publish","type":"post","link":"https:\/\/buletin.de\/bucuresti\/sector-6-parcarile-de-la-piata-gorjului-si-piata-drumul-taberei-vor-putea-fi-folosite-pe-timpul-noptii-in-baza-unui-abonament-lunar\/","title":{"rendered":"Sector 6 | Parc\u0103rile de la Pia\u021ba Gorjului \u0219i Pia\u021ba Drumul Taberei vor putea fi folosite, pe timpul nop\u021bii, \u00een baza unui abonament lunar"},"content":{"rendered":"\n<p>Parc\u0103rile de la Pia\u021ba Gorjului \u0219i Pia\u021ba Drumul Taberei vor putea fi folosite, pe timpul nop\u021bii, pentru suma de 150 de lei, \u00een baza unui abonament lunar, \u00een intervalul orar 19.00-8.00, de luni, 6 februarie. <\/p>\n\n\n\n<p>La Pia\u021ba Gorjului sunt 36 de locuri de parcare disponibile, iar la Pia\u021ba Drumul Taberei, 50. Parc\u0103rile sunt securizate, monitorizate video, iar accesul se va face controlat la barier\u0103. Cei care \u00ee\u0219i vor face abonament vor primi cartele. Pot beneficia de parcare, \u00een baza vizei de flotant, \u0219i persoanele care locuiesc \u00een Sectorul 6.<\/p>\n\n\n\n<p>Pentru abonamente, doritorii se pot \u00eenscrie de luni, 6 februarie, pe <a href=\"https:\/\/parcari.adps6.ro\/\">parcari.ADPS6.ro<\/a>, la Sec\u021biunea \u201eParcare cu plat\u0103\u201d. Pentru \u00eenscriere, trebuie trimise, scanate sau jpg, documentele: cartea de identitate, certificatul de \u00eenmatriculare \u0219i asigurarea auto. <\/p>\n\n\n\n<p>\u00centre orele 8.00-19.00, parc\u0103rile pot fi utilizate de c\u0103tre to\u021bi \u0219oferii, tariful fiind de 4 lei pe or\u0103.<\/p>\n\n\n\n<p>Prim\u0103ria Sectorului 6 anun\u021b\u0103 c\u0103, \u00een cur\u00e2nd, va putea fi folosit\u0103 pe timp de noapte \u0219i parcarea de la Pia\u021ba Cr\u00e2nga\u0219i, care va fi securizat\u0103.<\/p>\n\n\n\n<p>Surs\u0103 foto cover: Facebook, Prim\u0103ria Sectorului 6<\/p>\n","protected":false},"excerpt":{"rendered":"<p>Parc\u0103rile de la Pia\u021ba Gorjului \u0219i Pia\u021ba Drumul Taberei vor putea fi folosite, pe timpul nop\u021bii, pentru suma de 150 de lei, \u00een baza unui abonament lunar, \u00een intervalul orar 19.00-8.00, de luni, 6 februarie. La Pia\u021ba Gorjului sunt 36 de locuri de parcare disponibile, iar la Pia\u021ba Drumul Taberei, 50. Parc\u0103rile sunt securizate, monitorizate [&hellip;]<\/p>\n","protected":false},"author":46,"featured_media":53351,"comment_status":"closed","ping_status":"open","sticky":false,"template":"","format":"standard","meta":{"_acf_changed":false,"inline_featured_image":false,"ngg_post_thumbnail":0,"footnotes":""},"categories":[62],"tags":[5372,2992,5374,5373,5004],"ppma_author":[22605],"class_list":["post-53348","post","type-post","status-publish","format-standard","has-post-thumbnail","hentry","category-stiri","tag-abonamentlunar","tag-parcari-2","tag-piatadrumultaberei","tag-piatagorjului","tag-sector6"],"acf":[],"yoast_head":"<!-- This site is optimized with the Yoast SEO Premium plugin v25.3 (Yoast SEO v27.4) - https:\/\/yoast.com\/product\/yoast-seo-premium-wordpress\/ -->\n<title>Sector 6 | Parc\u0103rile de la Pia\u021ba Gorjului \u0219i Pia\u021ba Drumul Taberei vor putea fi folosite, pe timpul nop\u021bii, \u00een baza unui abonament lunar - Buletin de Bucure\u0219ti<\/title>\n<meta name=\"robots\" content=\"index, follow, max-snippet:-1, max-image-preview:large, max-video-preview:-1\" \/>\n<link rel=\"canonical\" href=\"https:\/\/buletin.de\/bucuresti\/sector-6-parcarile-de-la-piata-gorjului-si-piata-drumul-taberei-vor-putea-fi-folosite-pe-timpul-noptii-in-baza-unui-abonament-lunar\/\" \/>\n<meta property=\"og:locale\" content=\"en_GB\" \/>\n<meta property=\"og:type\" content=\"article\" \/>\n<meta property=\"og:title\" content=\"Sector 6 | Parc\u0103rile de la Pia\u021ba Gorjului \u0219i Pia\u021ba Drumul Taberei vor putea fi folosite, pe timpul nop\u021bii, \u00een baza unui abonament lunar\" \/>\n<meta property=\"og:description\" content=\"Parc\u0103rile de la Pia\u021ba Gorjului \u0219i Pia\u021ba Drumul Taberei vor putea fi folosite, pe timpul nop\u021bii, pentru suma de 150 de lei, \u00een baza unui abonament lunar, \u00een intervalul orar 19.00-8.00, de luni, 6 februarie. La Pia\u021ba Gorjului sunt 36 de locuri de parcare disponibile, iar la Pia\u021ba Drumul Taberei, 50. Parc\u0103rile sunt securizate, monitorizate [&hellip;]\" \/>\n<meta property=\"og:url\" content=\"https:\/\/buletin.de\/bucuresti\/sector-6-parcarile-de-la-piata-gorjului-si-piata-drumul-taberei-vor-putea-fi-folosite-pe-timpul-noptii-in-baza-unui-abonament-lunar\/\" \/>\n<meta property=\"og:site_name\" content=\"Buletin de Bucure\u0219ti\" \/>\n<meta property=\"article:publisher\" content=\"https:\/\/www.facebook.com\/buletin.de.buc\" \/>\n<meta property=\"article:published_time\" content=\"2023-02-03T14:35:38+00:00\" \/>\n<meta property=\"article:modified_time\" content=\"2023-02-03T14:39:28+00:00\" \/>\n<meta property=\"og:image\" content=\"https:\/\/buletin.de\/bucuresti\/wp-content\/uploads\/326692415_862447801504573_1976256004767825167_n.jpg\" \/>\n\t<meta property=\"og:image:width\" content=\"960\" \/>\n\t<meta property=\"og:image:height\" content=\"540\" \/>\n\t<meta property=\"og:image:type\" content=\"image\/jpeg\" \/>\n<meta name=\"author\" content=\"Andreea Gelatu\" \/>\n<meta name=\"twitter:card\" content=\"summary_large_image\" \/>\n<meta name=\"twitter:label1\" content=\"Written by\" \/>\n\t<meta name=\"twitter:data1\" content=\"Andreea Gelatu\" \/>\n\t<meta name=\"twitter:label2\" content=\"Estimated reading time\" \/>\n\t<meta name=\"twitter:data2\" content=\"1 minute\" \/>\n<script type=\"application\/ld+json\" class=\"yoast-schema-graph\">{\"@context\":\"https:\\\/\\\/schema.org\",\"@graph\":[{\"@type\":\"Article\",\"@id\":\"https:\\\/\\\/buletin.de\\\/bucuresti\\\/sector-6-parcarile-de-la-piata-gorjului-si-piata-drumul-taberei-vor-putea-fi-folosite-pe-timpul-noptii-in-baza-unui-abonament-lunar\\\/#article\",\"isPartOf\":{\"@id\":\"https:\\\/\\\/buletin.de\\\/bucuresti\\\/sector-6-parcarile-de-la-piata-gorjului-si-piata-drumul-taberei-vor-putea-fi-folosite-pe-timpul-noptii-in-baza-unui-abonament-lunar\\\/\"},\"author\":{\"name\":\"Andreea Gelatu\",\"@id\":\"https:\\\/\\\/buletin.de\\\/bucuresti\\\/#\\\/schema\\\/person\\\/87734700b2c7f8608881f7e93b8834de\"},\"headline\":\"Sector 6 | Parc\u0103rile de la Pia\u021ba Gorjului \u0219i Pia\u021ba Drumul Taberei vor putea fi folosite, pe timpul nop\u021bii, \u00een baza unui abonament lunar\",\"datePublished\":\"2023-02-03T14:35:38+00:00\",\"dateModified\":\"2023-02-03T14:39:28+00:00\",\"mainEntityOfPage\":{\"@id\":\"https:\\\/\\\/buletin.de\\\/bucuresti\\\/sector-6-parcarile-de-la-piata-gorjului-si-piata-drumul-taberei-vor-putea-fi-folosite-pe-timpul-noptii-in-baza-unui-abonament-lunar\\\/\"},\"wordCount\":209,\"publisher\":{\"@id\":\"https:\\\/\\\/buletin.de\\\/bucuresti\\\/#organization\"},\"image\":{\"@id\":\"https:\\\/\\\/buletin.de\\\/bucuresti\\\/sector-6-parcarile-de-la-piata-gorjului-si-piata-drumul-taberei-vor-putea-fi-folosite-pe-timpul-noptii-in-baza-unui-abonament-lunar\\\/#primaryimage\"},\"thumbnailUrl\":\"https:\\\/\\\/buletin.de\\\/bucuresti\\\/wp-content\\\/uploads\\\/326692415_862447801504573_1976256004767825167_n.jpg\",\"keywords\":[\"abonamentlunar\",\"parc\u0103ri\",\"pia\u021badrumultaberei\",\"pia\u021bagorjului\",\"sector6\"],\"articleSection\":[\"\u0218tiri\"],\"inLanguage\":\"en-GB\",\"copyrightYear\":\"2023\",\"copyrightHolder\":{\"@id\":\"https:\\\/\\\/buletin.de\\\/bucuresti\\\/#organization\"}},{\"@type\":\"WebPage\",\"@id\":\"https:\\\/\\\/buletin.de\\\/bucuresti\\\/sector-6-parcarile-de-la-piata-gorjului-si-piata-drumul-taberei-vor-putea-fi-folosite-pe-timpul-noptii-in-baza-unui-abonament-lunar\\\/\",\"url\":\"https:\\\/\\\/buletin.de\\\/bucuresti\\\/sector-6-parcarile-de-la-piata-gorjului-si-piata-drumul-taberei-vor-putea-fi-folosite-pe-timpul-noptii-in-baza-unui-abonament-lunar\\\/\",\"name\":\"Sector 6 | Parc\u0103rile de la Pia\u021ba Gorjului \u0219i Pia\u021ba Drumul Taberei vor putea fi folosite, pe timpul nop\u021bii, \u00een baza unui abonament lunar - Buletin de Bucure\u0219ti\",\"isPartOf\":{\"@id\":\"https:\\\/\\\/buletin.de\\\/bucuresti\\\/#website\"},\"primaryImageOfPage\":{\"@id\":\"https:\\\/\\\/buletin.de\\\/bucuresti\\\/sector-6-parcarile-de-la-piata-gorjului-si-piata-drumul-taberei-vor-putea-fi-folosite-pe-timpul-noptii-in-baza-unui-abonament-lunar\\\/#primaryimage\"},\"image\":{\"@id\":\"https:\\\/\\\/buletin.de\\\/bucuresti\\\/sector-6-parcarile-de-la-piata-gorjului-si-piata-drumul-taberei-vor-putea-fi-folosite-pe-timpul-noptii-in-baza-unui-abonament-lunar\\\/#primaryimage\"},\"thumbnailUrl\":\"https:\\\/\\\/buletin.de\\\/bucuresti\\\/wp-content\\\/uploads\\\/326692415_862447801504573_1976256004767825167_n.jpg\",\"datePublished\":\"2023-02-03T14:35:38+00:00\",\"dateModified\":\"2023-02-03T14:39:28+00:00\",\"breadcrumb\":{\"@id\":\"https:\\\/\\\/buletin.de\\\/bucuresti\\\/sector-6-parcarile-de-la-piata-gorjului-si-piata-drumul-taberei-vor-putea-fi-folosite-pe-timpul-noptii-in-baza-unui-abonament-lunar\\\/#breadcrumb\"},\"inLanguage\":\"en-GB\",\"potentialAction\":[{\"@type\":\"ReadAction\",\"target\":[\"https:\\\/\\\/buletin.de\\\/bucuresti\\\/sector-6-parcarile-de-la-piata-gorjului-si-piata-drumul-taberei-vor-putea-fi-folosite-pe-timpul-noptii-in-baza-unui-abonament-lunar\\\/\"]}]},{\"@type\":\"ImageObject\",\"inLanguage\":\"en-GB\",\"@id\":\"https:\\\/\\\/buletin.de\\\/bucuresti\\\/sector-6-parcarile-de-la-piata-gorjului-si-piata-drumul-taberei-vor-putea-fi-folosite-pe-timpul-noptii-in-baza-unui-abonament-lunar\\\/#primaryimage\",\"url\":\"https:\\\/\\\/buletin.de\\\/bucuresti\\\/wp-content\\\/uploads\\\/326692415_862447801504573_1976256004767825167_n.jpg\",\"contentUrl\":\"https:\\\/\\\/buletin.de\\\/bucuresti\\\/wp-content\\\/uploads\\\/326692415_862447801504573_1976256004767825167_n.jpg\",\"width\":960,\"height\":540},{\"@type\":\"BreadcrumbList\",\"@id\":\"https:\\\/\\\/buletin.de\\\/bucuresti\\\/sector-6-parcarile-de-la-piata-gorjului-si-piata-drumul-taberei-vor-putea-fi-folosite-pe-timpul-noptii-in-baza-unui-abonament-lunar\\\/#breadcrumb\",\"itemListElement\":[{\"@type\":\"ListItem\",\"position\":1,\"name\":\"Acas\u0103\",\"item\":\"https:\\\/\\\/buletin.de\\\/bucuresti\\\/\"},{\"@type\":\"ListItem\",\"position\":2,\"name\":\"Sector 6 | Parc\u0103rile de la Pia\u021ba Gorjului \u0219i Pia\u021ba Drumul Taberei vor putea fi folosite, pe timpul nop\u021bii, \u00een baza unui abonament lunar\"}]},{\"@type\":\"WebSite\",\"@id\":\"https:\\\/\\\/buletin.de\\\/bucuresti\\\/#website\",\"url\":\"https:\\\/\\\/buletin.de\\\/bucuresti\\\/\",\"name\":\"Buletin de Bucure\u0219ti\",\"description\":\"\u0218tiri \u0219i investiga\u021bii esen\u021biale din capital\u0103\",\"publisher\":{\"@id\":\"https:\\\/\\\/buletin.de\\\/bucuresti\\\/#organization\"},\"potentialAction\":[{\"@type\":\"SearchAction\",\"target\":{\"@type\":\"EntryPoint\",\"urlTemplate\":\"https:\\\/\\\/buletin.de\\\/bucuresti\\\/?s={search_term_string}\"},\"query-input\":{\"@type\":\"PropertyValueSpecification\",\"valueRequired\":true,\"valueName\":\"search_term_string\"}}],\"inLanguage\":\"en-GB\"},{\"@type\":\"Organization\",\"@id\":\"https:\\\/\\\/buletin.de\\\/bucuresti\\\/#organization\",\"name\":\"Buletin de Bucure\u0219ti\",\"url\":\"https:\\\/\\\/buletin.de\\\/bucuresti\\\/\",\"logo\":{\"@type\":\"ImageObject\",\"inLanguage\":\"en-GB\",\"@id\":\"https:\\\/\\\/buletin.de\\\/bucuresti\\\/#\\\/schema\\\/logo\\\/image\\\/\",\"url\":\"https:\\\/\\\/buletin.de\\\/bucuresti\\\/wp-content\\\/uploads\\\/logo-bdb-full-wide-vernil-transparent.png\",\"contentUrl\":\"https:\\\/\\\/buletin.de\\\/bucuresti\\\/wp-content\\\/uploads\\\/logo-bdb-full-wide-vernil-transparent.png\",\"width\":1782,\"height\":626,\"caption\":\"Buletin de Bucure\u0219ti\"},\"image\":{\"@id\":\"https:\\\/\\\/buletin.de\\\/bucuresti\\\/#\\\/schema\\\/logo\\\/image\\\/\"},\"sameAs\":[\"https:\\\/\\\/www.facebook.com\\\/buletin.de.buc\",\"https:\\\/\\\/www.instagram.com\\\/buletinde.bucuresti\\\/\"]},{\"@type\":\"Person\",\"@id\":\"https:\\\/\\\/buletin.de\\\/bucuresti\\\/#\\\/schema\\\/person\\\/87734700b2c7f8608881f7e93b8834de\",\"name\":\"Andreea Gelatu\",\"image\":{\"@type\":\"ImageObject\",\"inLanguage\":\"en-GB\",\"@id\":\"https:\\\/\\\/secure.gravatar.com\\\/avatar\\\/b716eca2f984b9b65bdd87118b4b909d940b619cbe6e8cb725fe11c1b1f4194f?s=96&d=monsterid&r=g9b5eff4996c6b842a29b3057a7b4746f\",\"url\":\"https:\\\/\\\/secure.gravatar.com\\\/avatar\\\/b716eca2f984b9b65bdd87118b4b909d940b619cbe6e8cb725fe11c1b1f4194f?s=96&d=monsterid&r=g\",\"contentUrl\":\"https:\\\/\\\/secure.gravatar.com\\\/avatar\\\/b716eca2f984b9b65bdd87118b4b909d940b619cbe6e8cb725fe11c1b1f4194f?s=96&d=monsterid&r=g\",\"caption\":\"Andreea Gelatu\"},\"url\":\"https:\\\/\\\/buletin.de\\\/bucuresti\\\/author\\\/andreeagelatu\\\/\"}]}<\/script>\n<!-- \/ Yoast SEO Premium plugin. -->","yoast_head_json":{"title":"Sector 6 | Parc\u0103rile de la Pia\u021ba Gorjului \u0219i Pia\u021ba Drumul Taberei vor putea fi folosite, pe timpul nop\u021bii, \u00een baza unui abonament lunar - Buletin de Bucure\u0219ti","robots":{"index":"index","follow":"follow","max-snippet":"max-snippet:-1","max-image-preview":"max-image-preview:large","max-video-preview":"max-video-preview:-1"},"canonical":"https:\/\/buletin.de\/bucuresti\/sector-6-parcarile-de-la-piata-gorjului-si-piata-drumul-taberei-vor-putea-fi-folosite-pe-timpul-noptii-in-baza-unui-abonament-lunar\/","og_locale":"en_GB","og_type":"article","og_title":"Sector 6 | Parc\u0103rile de la Pia\u021ba Gorjului \u0219i Pia\u021ba Drumul Taberei vor putea fi folosite, pe timpul nop\u021bii, \u00een baza unui abonament lunar","og_description":"Parc\u0103rile de la Pia\u021ba Gorjului \u0219i Pia\u021ba Drumul Taberei vor putea fi folosite, pe timpul nop\u021bii, pentru suma de 150 de lei, \u00een baza unui abonament lunar, \u00een intervalul orar 19.00-8.00, de luni, 6 februarie. La Pia\u021ba Gorjului sunt 36 de locuri de parcare disponibile, iar la Pia\u021ba Drumul Taberei, 50. Parc\u0103rile sunt securizate, monitorizate [&hellip;]","og_url":"https:\/\/buletin.de\/bucuresti\/sector-6-parcarile-de-la-piata-gorjului-si-piata-drumul-taberei-vor-putea-fi-folosite-pe-timpul-noptii-in-baza-unui-abonament-lunar\/","og_site_name":"Buletin de Bucure\u0219ti","article_publisher":"https:\/\/www.facebook.com\/buletin.de.buc","article_published_time":"2023-02-03T14:35:38+00:00","article_modified_time":"2023-02-03T14:39:28+00:00","og_image":[{"width":960,"height":540,"url":"https:\/\/buletin.de\/bucuresti\/wp-content\/uploads\/326692415_862447801504573_1976256004767825167_n.jpg","type":"image\/jpeg"}],"author":"Andreea Gelatu","twitter_card":"summary_large_image","twitter_misc":{"Written by":"Andreea Gelatu","Estimated reading time":"1 minute"},"schema":{"@context":"https:\/\/schema.org","@graph":[{"@type":"Article","@id":"https:\/\/buletin.de\/bucuresti\/sector-6-parcarile-de-la-piata-gorjului-si-piata-drumul-taberei-vor-putea-fi-folosite-pe-timpul-noptii-in-baza-unui-abonament-lunar\/#article","isPartOf":{"@id":"https:\/\/buletin.de\/bucuresti\/sector-6-parcarile-de-la-piata-gorjului-si-piata-drumul-taberei-vor-putea-fi-folosite-pe-timpul-noptii-in-baza-unui-abonament-lunar\/"},"author":{"name":"Andreea Gelatu","@id":"https:\/\/buletin.de\/bucuresti\/#\/schema\/person\/87734700b2c7f8608881f7e93b8834de"},"headline":"Sector 6 | Parc\u0103rile de la Pia\u021ba Gorjului \u0219i Pia\u021ba Drumul Taberei vor putea fi folosite, pe timpul nop\u021bii, \u00een baza unui abonament lunar","datePublished":"2023-02-03T14:35:38+00:00","dateModified":"2023-02-03T14:39:28+00:00","mainEntityOfPage":{"@id":"https:\/\/buletin.de\/bucuresti\/sector-6-parcarile-de-la-piata-gorjului-si-piata-drumul-taberei-vor-putea-fi-folosite-pe-timpul-noptii-in-baza-unui-abonament-lunar\/"},"wordCount":209,"publisher":{"@id":"https:\/\/buletin.de\/bucuresti\/#organization"},"image":{"@id":"https:\/\/buletin.de\/bucuresti\/sector-6-parcarile-de-la-piata-gorjului-si-piata-drumul-taberei-vor-putea-fi-folosite-pe-timpul-noptii-in-baza-unui-abonament-lunar\/#primaryimage"},"thumbnailUrl":"https:\/\/buletin.de\/bucuresti\/wp-content\/uploads\/326692415_862447801504573_1976256004767825167_n.jpg","keywords":["abonamentlunar","parc\u0103ri","pia\u021badrumultaberei","pia\u021bagorjului","sector6"],"articleSection":["\u0218tiri"],"inLanguage":"en-GB","copyrightYear":"2023","copyrightHolder":{"@id":"https:\/\/buletin.de\/bucuresti\/#organization"}},{"@type":"WebPage","@id":"https:\/\/buletin.de\/bucuresti\/sector-6-parcarile-de-la-piata-gorjului-si-piata-drumul-taberei-vor-putea-fi-folosite-pe-timpul-noptii-in-baza-unui-abonament-lunar\/","url":"https:\/\/buletin.de\/bucuresti\/sector-6-parcarile-de-la-piata-gorjului-si-piata-drumul-taberei-vor-putea-fi-folosite-pe-timpul-noptii-in-baza-unui-abonament-lunar\/","name":"Sector 6 | Parc\u0103rile de la Pia\u021ba Gorjului \u0219i Pia\u021ba Drumul Taberei vor putea fi folosite, pe timpul nop\u021bii, \u00een baza unui abonament lunar - Buletin de Bucure\u0219ti","isPartOf":{"@id":"https:\/\/buletin.de\/bucuresti\/#website"},"primaryImageOfPage":{"@id":"https:\/\/buletin.de\/bucuresti\/sector-6-parcarile-de-la-piata-gorjului-si-piata-drumul-taberei-vor-putea-fi-folosite-pe-timpul-noptii-in-baza-unui-abonament-lunar\/#primaryimage"},"image":{"@id":"https:\/\/buletin.de\/bucuresti\/sector-6-parcarile-de-la-piata-gorjului-si-piata-drumul-taberei-vor-putea-fi-folosite-pe-timpul-noptii-in-baza-unui-abonament-lunar\/#primaryimage"},"thumbnailUrl":"https:\/\/buletin.de\/bucuresti\/wp-content\/uploads\/326692415_862447801504573_1976256004767825167_n.jpg","datePublished":"2023-02-03T14:35:38+00:00","dateModified":"2023-02-03T14:39:28+00:00","breadcrumb":{"@id":"https:\/\/buletin.de\/bucuresti\/sector-6-parcarile-de-la-piata-gorjului-si-piata-drumul-taberei-vor-putea-fi-folosite-pe-timpul-noptii-in-baza-unui-abonament-lunar\/#breadcrumb"},"inLanguage":"en-GB","potentialAction":[{"@type":"ReadAction","target":["https:\/\/buletin.de\/bucuresti\/sector-6-parcarile-de-la-piata-gorjului-si-piata-drumul-taberei-vor-putea-fi-folosite-pe-timpul-noptii-in-baza-unui-abonament-lunar\/"]}]},{"@type":"ImageObject","inLanguage":"en-GB","@id":"https:\/\/buletin.de\/bucuresti\/sector-6-parcarile-de-la-piata-gorjului-si-piata-drumul-taberei-vor-putea-fi-folosite-pe-timpul-noptii-in-baza-unui-abonament-lunar\/#primaryimage","url":"https:\/\/buletin.de\/bucuresti\/wp-content\/uploads\/326692415_862447801504573_1976256004767825167_n.jpg","contentUrl":"https:\/\/buletin.de\/bucuresti\/wp-content\/uploads\/326692415_862447801504573_1976256004767825167_n.jpg","width":960,"height":540},{"@type":"BreadcrumbList","@id":"https:\/\/buletin.de\/bucuresti\/sector-6-parcarile-de-la-piata-gorjului-si-piata-drumul-taberei-vor-putea-fi-folosite-pe-timpul-noptii-in-baza-unui-abonament-lunar\/#breadcrumb","itemListElement":[{"@type":"ListItem","position":1,"name":"Acas\u0103","item":"https:\/\/buletin.de\/bucuresti\/"},{"@type":"ListItem","position":2,"name":"Sector 6 | Parc\u0103rile de la Pia\u021ba Gorjului \u0219i Pia\u021ba Drumul Taberei vor putea fi folosite, pe timpul nop\u021bii, \u00een baza unui abonament lunar"}]},{"@type":"WebSite","@id":"https:\/\/buletin.de\/bucuresti\/#website","url":"https:\/\/buletin.de\/bucuresti\/","name":"Buletin de Bucure\u0219ti","description":"\u0218tiri \u0219i investiga\u021bii esen\u021biale din capital\u0103","publisher":{"@id":"https:\/\/buletin.de\/bucuresti\/#organization"},"potentialAction":[{"@type":"SearchAction","target":{"@type":"EntryPoint","urlTemplate":"https:\/\/buletin.de\/bucuresti\/?s={search_term_string}"},"query-input":{"@type":"PropertyValueSpecification","valueRequired":true,"valueName":"search_term_string"}}],"inLanguage":"en-GB"},{"@type":"Organization","@id":"https:\/\/buletin.de\/bucuresti\/#organization","name":"Buletin de Bucure\u0219ti","url":"https:\/\/buletin.de\/bucuresti\/","logo":{"@type":"ImageObject","inLanguage":"en-GB","@id":"https:\/\/buletin.de\/bucuresti\/#\/schema\/logo\/image\/","url":"https:\/\/buletin.de\/bucuresti\/wp-content\/uploads\/logo-bdb-full-wide-vernil-transparent.png","contentUrl":"https:\/\/buletin.de\/bucuresti\/wp-content\/uploads\/logo-bdb-full-wide-vernil-transparent.png","width":1782,"height":626,"caption":"Buletin de Bucure\u0219ti"},"image":{"@id":"https:\/\/buletin.de\/bucuresti\/#\/schema\/logo\/image\/"},"sameAs":["https:\/\/www.facebook.com\/buletin.de.buc","https:\/\/www.instagram.com\/buletinde.bucuresti\/"]},{"@type":"Person","@id":"https:\/\/buletin.de\/bucuresti\/#\/schema\/person\/87734700b2c7f8608881f7e93b8834de","name":"Andreea Gelatu","image":{"@type":"ImageObject","inLanguage":"en-GB","@id":"https:\/\/secure.gravatar.com\/avatar\/b716eca2f984b9b65bdd87118b4b909d940b619cbe6e8cb725fe11c1b1f4194f?s=96&d=monsterid&r=g9b5eff4996c6b842a29b3057a7b4746f","url":"https:\/\/secure.gravatar.com\/avatar\/b716eca2f984b9b65bdd87118b4b909d940b619cbe6e8cb725fe11c1b1f4194f?s=96&d=monsterid&r=g","contentUrl":"https:\/\/secure.gravatar.com\/avatar\/b716eca2f984b9b65bdd87118b4b909d940b619cbe6e8cb725fe11c1b1f4194f?s=96&d=monsterid&r=g","caption":"Andreea Gelatu"},"url":"https:\/\/buletin.de\/bucuresti\/author\/andreeagelatu\/"}]}},"authors":[{"term_id":22605,"user_id":46,"is_guest":0,"slug":"andreeagelatu","display_name":"Andreea Gelatu","avatar_url":"https:\/\/secure.gravatar.com\/avatar\/b716eca2f984b9b65bdd87118b4b909d940b619cbe6e8cb725fe11c1b1f4194f?s=96&d=monsterid&r=g","0":null,"1":"","2":"","3":"","4":"","5":"","6":"","7":"","8":""}],"_links":{"self":[{"href":"https:\/\/buletin.de\/bucuresti\/wp-json\/wp\/v2\/posts\/53348","targetHints":{"allow":["GET"]}}],"collection":[{"href":"https:\/\/buletin.de\/bucuresti\/wp-json\/wp\/v2\/posts"}],"about":[{"href":"https:\/\/buletin.de\/bucuresti\/wp-json\/wp\/v2\/types\/post"}],"author":[{"embeddable":true,"href":"https:\/\/buletin.de\/bucuresti\/wp-json\/wp\/v2\/users\/46"}],"replies":[{"embeddable":true,"href":"https:\/\/buletin.de\/bucuresti\/wp-json\/wp\/v2\/comments?post=53348"}],"version-history":[{"count":4,"href":"https:\/\/buletin.de\/bucuresti\/wp-json\/wp\/v2\/posts\/53348\/revisions"}],"predecessor-version":[{"id":53359,"href":"https:\/\/buletin.de\/bucuresti\/wp-json\/wp\/v2\/posts\/53348\/revisions\/53359"}],"wp:featuredmedia":[{"embeddable":true,"href":"https:\/\/buletin.de\/bucuresti\/wp-json\/wp\/v2\/media\/53351"}],"wp:attachment":[{"href":"https:\/\/buletin.de\/bucuresti\/wp-json\/wp\/v2\/media?parent=53348"}],"wp:term":[{"taxonomy":"category","embeddable":true,"href":"https:\/\/buletin.de\/bucuresti\/wp-json\/wp\/v2\/categories?post=53348"},{"taxonomy":"post_tag","embeddable":true,"href":"https:\/\/buletin.de\/bucuresti\/wp-json\/wp\/v2\/tags?post=53348"},{"taxonomy":"author","embeddable":true,"href":"https:\/\/buletin.de\/bucuresti\/wp-json\/wp\/v2\/ppma_author?post=53348"}],"curies":[{"name":"wp","href":"https:\/\/api.w.org\/{rel}","templated":true}]}}