{"id":53331,"date":"2023-02-03T15:50:06","date_gmt":"2023-02-03T13:50:06","guid":{"rendered":"https:\/\/buletin.de\/bucuresti\/?p=53331"},"modified":"2023-02-03T16:12:26","modified_gmt":"2023-02-03T14:12:26","slug":"capitala-are-buget-pentru-2023-pe-ce-se-vor-cheltui-banii","status":"publish","type":"post","link":"https:\/\/buletin.de\/bucuresti\/capitala-are-buget-pentru-2023-pe-ce-se-vor-cheltui-banii\/","title":{"rendered":"Capitala are buget pentru 2023. Pe ce se vor cheltui banii"},"content":{"rendered":"\n<p><strong><strong>Consilierii generali au aprobat, vineri, bugetul local al Municipiului Bucure\u0219ti. Conform bugetului proasp\u0103t votat, veniturile totale ale Capitalei sunt estimate la 11,3 miliarde de lei. Fa\u021b\u0103 de bugetul propus \u00een dezbatere public\u0103, acesta a suferit mai multe modific\u0103ri prin amendamente depuse de grupurile USR, PNL, dar \u0219i de c\u0103tre primarul Capitalei Nicu\u0219or Dan.&nbsp;<\/strong><\/strong><\/p>\n\n\n\n<p>\u0218edin\u021ba convocat\u0103, la ora 10:00, pentru aprobarea bugetului a fost am\u00e2nat\u0103 dou\u0103 ore pentru formularea unor amendamente din parte grupurilor politice. La o or\u0103 dup\u0103 reluarea \u0219edin\u021bei grupul PSD a depus o serie de amendamente care nu au fost aprobate de majoritatea din Consiliul General, iar in semn de protest, consilierii generali PSD au p\u0103r\u0103sit sala de \u0219edin\u021b\u0103. <\/p>\n\n\n\n<h2 class=\"wp-block-heading\"><strong>Amendamentele aprobate <\/strong><\/h2>\n\n\n\n<p>Consilierii USR au depus, la r\u00e2ndul lor, amendamente prin care au cerut ca bugetul Clubului Sportiv Bucure\u0219ti (CSMB) s\u0103 fie majorat cu 2,4 milioane de lei pentru modernizarea sediului institu\u021biei, dar \u0219i pentru construc\u021bia a noi terenuri de tenis. Bugetul de venituri al ALPAB a crescut cu 375 de milioane de lei, iar cel al ASSMB cu 43 de milioane de lei, tot la propunere grupului USR. Toate amendamentele depuse de grupul USR au fost aprobate.&nbsp;<\/p>\n\n\n\n<p>Grupul PNL a propus, prin amendamente, cre\u0219terea bugetului de transporturi cu 100 de milioane de lei, bani oferi\u021bi pentru renovarea \u0219i modernizarea tramvaielor care se afl\u0103 \u00een flota Societ\u0103\u021bii de Transport Public Bucure\u0219ti (STB). Ace\u0219tia au propus \u0219i ca bugetul de bugetare participativ\u0103 s\u0103 creasc\u0103 cu un milion de lei, iar bugetul Administra\u021biei Str\u0103zilor cu 54 de milioane de lei pentru a putea duce la cap\u0103t reabilitarea sistemului rutier, de semaforizare, dar \u0219i pentru construc\u021bia de noi parc\u0103ri. Toate amendamentele grupului PNL au fost aprobate.&nbsp;<\/p>\n\n\n\n<p>Cele mai multe amendamente au venit din partea edilului Nicu\u0219or Dan, care a propus majorarea capitolului de salarii de baz\u0103 de la mai multe institu\u021bii din subordinea Capitalei, cum ar fi Biblioteca Metropolitan\u0103, CREART, PROEDUS, dar \u0219i pentru institu\u021biile de teatru din subordine &#8211; major\u0103rile propuse de Nicu\u0219or Dan ajung la 37 de milioane de lei, ceea ce \u00eenseamn\u0103 o cre\u0219terea a salariilor angaja\u021bilor cu 10%. Primarul Bucure\u0219tiului a propus \u0219i alocarea a 10 milioane lei \u00een plus la ASPA, 3,2 milioane lei \u00een plus la Biblioteca Metropolitan\u0103, 5 milioane lei \u00een plus la ARCUB, 2 milioane lei la PROEDUS, 3 milioane lei \u00een plus la Centrul Pentru Seniori, 4 milioane lei \u00een plus la CREART, 18 milioane lei \u00een plus la Administra\u021bia Fondului Imobiliar. Toate amendamentele depuse de Nicu\u0219or Dan au trecut.&nbsp;<\/p>\n\n\n\n<h2 class=\"wp-block-heading\"><strong>Unde se duc banii bucure\u0219tenilor<\/strong><\/h2>\n\n\n\n<p>Fa\u021b\u0103 de anul trecut cheltuielile cresc cu 1,5 miliarde de lei. Institu\u021bia vrea s\u0103 aloce mai mul\u021bi bani \u00een majoritatea capitolelor bugetare, \u00eens\u0103 vrea s\u0103 dea cu peste jum\u0103tate de miliard mai pu\u021bin pe subven\u021bii. Principalele subven\u021bii pe care le pl\u0103te\u0219te prim\u0103ria sunt la termie (Termoenergetica) \u0219i la transportul public (STB).<\/p>\n\n\n\n<p>Prim\u0103ria Capitalei a alocat, \u00een acest an, 2,4 miliarde de lei pentru investi\u021bii, printre altele, \u00een sistemul de termoficare (800 milioane lei), \u00een transportul \u00een comun (700 milioane lei), piste de biciclete noi (33 milioane lei), Sta\u021bia de epurare de la Glina plus reabilitarea casetei D\u00e2mbovi\u021bei (375 milioane lei), reabilitarea liniilor de tramvai (65 milioane lei), dar \u0219i \u00een proiectele mari de infrastructur\u0103 pecum l\u0103rgirea bulevardului Prelungirea Ghencea (65 milioane lei) \u0219i finalizarea Pasajului Doamna Ghica (59 milioane lei).<\/p>\n\n\n\n<div class=\"infogram-embed\" data-id=\"_\/nclRZ8Af9MwQfbuhIbT6\" data-type=\"interactive\" data-title=\"Untitled infographic\"><\/div><script>!function(e,i,n,s){var t=\"InfogramEmbeds\",d=e.getElementsByTagName(\"script\")[0];if(window[t]&&window[t].initialized)window[t].process&&window[t].process();else if(!e.getElementById(n)){var o=e.createElement(\"script\");o.async=1,o.id=n,o.src=\"https:\/\/e.infogram.com\/js\/dist\/embed-loader-min.js\",d.parentNode.insertBefore(o,d)}}(document,0,\"infogram-async\");<\/script>\n\n\n\n<p>Aproape 2 miliarde de lei din bugetul local vor merge direct c\u0103tre institu\u021biile subordonate Prim\u0103riei Municipiului Bucure\u0219ti. Cei mai mul\u021bi bani merg c\u0103tre Administra\u021bia Spitalelor (650 milioane lei) \u0219i Direc\u021bia General\u0103 de Asisten\u021b\u0103 Social\u0103 a Municipiului Bucure\u0219ti (415 milioane lei), \u00een timp ce cei mai pu\u021bini bani ajung la Centrul pentru Tineret al Municipiului Bucure\u0219ti (6,5 milioane lei) \u0219i la Centrul pentru Seniori al Municipiului Bucure\u0219ti (7 milioane lei).<\/p>\n\n\n\n<div class=\"infogram-embed\" data-id=\"_\/1w000gktp9nhwhNWSkGl\" data-type=\"interactive\" data-title=\"Untitled infographic\"><\/div><script>!function(e,i,n,s){var t=\"InfogramEmbeds\",d=e.getElementsByTagName(\"script\")[0];if(window[t]&&window[t].initialized)window[t].process&&window[t].process();else if(!e.getElementById(n)){var o=e.createElement(\"script\");o.async=1,o.id=n,o.src=\"https:\/\/e.infogram.com\/js\/dist\/embed-loader-min.js\",d.parentNode.insertBefore(o,d)}}(document,0,\"infogram-async\");<\/script>\n\n\n\n<p>De asemenea, PMB a alocat mai mul\u021bi bani la capitolul \u201eramburs\u0103ri credite\u201c pentru a pl\u0103ti c\u0103tre Unicredit Bank o parte dn creditul de 500 de milioane de lei primit la final de 2022 pentru a putea pl\u0103ti datoria pe care o avea Termoenergetica. Mai mult, pe l\u00e2ng\u0103 suma pentru rambursarea creditelor cre\u0219te \u0219i suma alocat\u0103 pl\u0103\u021bii dob\u00e2nzilor.<\/p>\n","protected":false},"excerpt":{"rendered":"<p>Consilierii generali au aprobat, vineri, bugetul local al Municipiului Bucure\u0219ti. Conform bugetului proasp\u0103t votat, veniturile totale ale Capitalei sunt estimate la 11,3 miliarde de lei. Fa\u021b\u0103 de bugetul propus \u00een dezbatere public\u0103, acesta a suferit mai multe modific\u0103ri prin amendamente depuse de grupurile USR, PNL, dar \u0219i de c\u0103tre primarul Capitalei Nicu\u0219or Dan.&nbsp; \u0218edin\u021ba convocat\u0103, [&hellip;]<\/p>\n","protected":false},"author":17,"featured_media":0,"comment_status":"closed","ping_status":"open","sticky":false,"template":"","format":"standard","meta":{"_acf_changed":false,"inline_featured_image":false,"ngg_post_thumbnail":0,"footnotes":""},"categories":[3419],"tags":[104],"ppma_author":[22576],"class_list":["post-53331","post","type-post","status-publish","format-standard","hentry","category-featured","tag-pmb"],"acf":[],"yoast_head":"<!-- This site is optimized with the Yoast SEO Premium plugin v25.3 (Yoast SEO v27.4) - https:\/\/yoast.com\/product\/yoast-seo-premium-wordpress\/ -->\n<title>Capitala are buget pentru 2023. Pe ce se vor cheltui banii - Buletin de Bucure\u0219ti<\/title>\n<meta name=\"robots\" content=\"index, follow, max-snippet:-1, max-image-preview:large, max-video-preview:-1\" \/>\n<link rel=\"canonical\" href=\"https:\/\/buletin.de\/bucuresti\/capitala-are-buget-pentru-2023-pe-ce-se-vor-cheltui-banii\/\" \/>\n<meta property=\"og:locale\" content=\"en_GB\" \/>\n<meta property=\"og:type\" content=\"article\" \/>\n<meta property=\"og:title\" content=\"Capitala are buget pentru 2023. Pe ce se vor cheltui banii\" \/>\n<meta property=\"og:description\" content=\"Consilierii generali au aprobat, vineri, bugetul local al Municipiului Bucure\u0219ti. Conform bugetului proasp\u0103t votat, veniturile totale ale Capitalei sunt estimate la 11,3 miliarde de lei. Fa\u021b\u0103 de bugetul propus \u00een dezbatere public\u0103, acesta a suferit mai multe modific\u0103ri prin amendamente depuse de grupurile USR, PNL, dar \u0219i de c\u0103tre primarul Capitalei Nicu\u0219or Dan.&nbsp; \u0218edin\u021ba convocat\u0103, [&hellip;]\" \/>\n<meta property=\"og:url\" content=\"https:\/\/buletin.de\/bucuresti\/capitala-are-buget-pentru-2023-pe-ce-se-vor-cheltui-banii\/\" \/>\n<meta property=\"og:site_name\" content=\"Buletin de Bucure\u0219ti\" \/>\n<meta property=\"article:publisher\" content=\"https:\/\/www.facebook.com\/buletin.de.buc\" \/>\n<meta property=\"article:published_time\" content=\"2023-02-03T13:50:06+00:00\" \/>\n<meta property=\"article:modified_time\" content=\"2023-02-03T14:12:26+00:00\" \/>\n<meta property=\"og:image\" content=\"https:\/\/buletin.de\/bucuresti\/wp-content\/uploads\/steven-lelham-atSaEOeE8Nk-unsplash-1.jpg\" \/>\n\t<meta property=\"og:image:width\" content=\"1541\" \/>\n\t<meta property=\"og:image:height\" content=\"812\" \/>\n\t<meta property=\"og:image:type\" content=\"image\/jpeg\" \/>\n<meta name=\"author\" content=\"Florin R\u00e2\u0219teiu\" \/>\n<meta name=\"twitter:card\" content=\"summary_large_image\" \/>\n<meta name=\"twitter:label1\" content=\"Written by\" \/>\n\t<meta name=\"twitter:data1\" content=\"Florin R\u00e2\u0219teiu\" \/>\n\t<meta name=\"twitter:label2\" content=\"Estimated reading time\" \/>\n\t<meta name=\"twitter:data2\" content=\"3 minutes\" \/>\n<script type=\"application\/ld+json\" class=\"yoast-schema-graph\">{\"@context\":\"https:\\\/\\\/schema.org\",\"@graph\":[{\"@type\":\"Article\",\"@id\":\"https:\\\/\\\/buletin.de\\\/bucuresti\\\/capitala-are-buget-pentru-2023-pe-ce-se-vor-cheltui-banii\\\/#article\",\"isPartOf\":{\"@id\":\"https:\\\/\\\/buletin.de\\\/bucuresti\\\/capitala-are-buget-pentru-2023-pe-ce-se-vor-cheltui-banii\\\/\"},\"author\":{\"name\":\"Florin R\u00e2\u0219teiu\",\"@id\":\"https:\\\/\\\/buletin.de\\\/bucuresti\\\/#\\\/schema\\\/person\\\/b0686d7a8b666c6afc78239777fd8a89\"},\"headline\":\"Capitala are buget pentru 2023. Pe ce se vor cheltui banii\",\"datePublished\":\"2023-02-03T13:50:06+00:00\",\"dateModified\":\"2023-02-03T14:12:26+00:00\",\"mainEntityOfPage\":{\"@id\":\"https:\\\/\\\/buletin.de\\\/bucuresti\\\/capitala-are-buget-pentru-2023-pe-ce-se-vor-cheltui-banii\\\/\"},\"wordCount\":721,\"publisher\":{\"@id\":\"https:\\\/\\\/buletin.de\\\/bucuresti\\\/#organization\"},\"keywords\":[\"pmb\"],\"articleSection\":[\"Featured\"],\"inLanguage\":\"en-GB\",\"copyrightYear\":\"2023\",\"copyrightHolder\":{\"@id\":\"https:\\\/\\\/buletin.de\\\/bucuresti\\\/#organization\"}},{\"@type\":\"WebPage\",\"@id\":\"https:\\\/\\\/buletin.de\\\/bucuresti\\\/capitala-are-buget-pentru-2023-pe-ce-se-vor-cheltui-banii\\\/\",\"url\":\"https:\\\/\\\/buletin.de\\\/bucuresti\\\/capitala-are-buget-pentru-2023-pe-ce-se-vor-cheltui-banii\\\/\",\"name\":\"Capitala are buget pentru 2023. Pe ce se vor cheltui banii - Buletin de Bucure\u0219ti\",\"isPartOf\":{\"@id\":\"https:\\\/\\\/buletin.de\\\/bucuresti\\\/#website\"},\"datePublished\":\"2023-02-03T13:50:06+00:00\",\"dateModified\":\"2023-02-03T14:12:26+00:00\",\"breadcrumb\":{\"@id\":\"https:\\\/\\\/buletin.de\\\/bucuresti\\\/capitala-are-buget-pentru-2023-pe-ce-se-vor-cheltui-banii\\\/#breadcrumb\"},\"inLanguage\":\"en-GB\",\"potentialAction\":[{\"@type\":\"ReadAction\",\"target\":[\"https:\\\/\\\/buletin.de\\\/bucuresti\\\/capitala-are-buget-pentru-2023-pe-ce-se-vor-cheltui-banii\\\/\"]}]},{\"@type\":\"BreadcrumbList\",\"@id\":\"https:\\\/\\\/buletin.de\\\/bucuresti\\\/capitala-are-buget-pentru-2023-pe-ce-se-vor-cheltui-banii\\\/#breadcrumb\",\"itemListElement\":[{\"@type\":\"ListItem\",\"position\":1,\"name\":\"Acas\u0103\",\"item\":\"https:\\\/\\\/buletin.de\\\/bucuresti\\\/\"},{\"@type\":\"ListItem\",\"position\":2,\"name\":\"Capitala are buget pentru 2023. Pe ce se vor cheltui banii\"}]},{\"@type\":\"WebSite\",\"@id\":\"https:\\\/\\\/buletin.de\\\/bucuresti\\\/#website\",\"url\":\"https:\\\/\\\/buletin.de\\\/bucuresti\\\/\",\"name\":\"Buletin de Bucure\u0219ti\",\"description\":\"\u0218tiri \u0219i investiga\u021bii esen\u021biale din capital\u0103\",\"publisher\":{\"@id\":\"https:\\\/\\\/buletin.de\\\/bucuresti\\\/#organization\"},\"potentialAction\":[{\"@type\":\"SearchAction\",\"target\":{\"@type\":\"EntryPoint\",\"urlTemplate\":\"https:\\\/\\\/buletin.de\\\/bucuresti\\\/?s={search_term_string}\"},\"query-input\":{\"@type\":\"PropertyValueSpecification\",\"valueRequired\":true,\"valueName\":\"search_term_string\"}}],\"inLanguage\":\"en-GB\"},{\"@type\":\"Organization\",\"@id\":\"https:\\\/\\\/buletin.de\\\/bucuresti\\\/#organization\",\"name\":\"Buletin de Bucure\u0219ti\",\"url\":\"https:\\\/\\\/buletin.de\\\/bucuresti\\\/\",\"logo\":{\"@type\":\"ImageObject\",\"inLanguage\":\"en-GB\",\"@id\":\"https:\\\/\\\/buletin.de\\\/bucuresti\\\/#\\\/schema\\\/logo\\\/image\\\/\",\"url\":\"https:\\\/\\\/buletin.de\\\/bucuresti\\\/wp-content\\\/uploads\\\/logo-bdb-full-wide-vernil-transparent.png\",\"contentUrl\":\"https:\\\/\\\/buletin.de\\\/bucuresti\\\/wp-content\\\/uploads\\\/logo-bdb-full-wide-vernil-transparent.png\",\"width\":1782,\"height\":626,\"caption\":\"Buletin de Bucure\u0219ti\"},\"image\":{\"@id\":\"https:\\\/\\\/buletin.de\\\/bucuresti\\\/#\\\/schema\\\/logo\\\/image\\\/\"},\"sameAs\":[\"https:\\\/\\\/www.facebook.com\\\/buletin.de.buc\",\"https:\\\/\\\/www.instagram.com\\\/buletinde.bucuresti\\\/\"]},{\"@type\":\"Person\",\"@id\":\"https:\\\/\\\/buletin.de\\\/bucuresti\\\/#\\\/schema\\\/person\\\/b0686d7a8b666c6afc78239777fd8a89\",\"name\":\"Florin R\u00e2\u0219teiu\",\"image\":{\"@type\":\"ImageObject\",\"inLanguage\":\"en-GB\",\"@id\":\"https:\\\/\\\/buletin.de\\\/bucuresti\\\/wp-content\\\/uploads\\\/Florin-Rasteiu-96x96.jpgf0a6fe28453aa12f0a60e4d0a2e3a78c\",\"url\":\"https:\\\/\\\/buletin.de\\\/bucuresti\\\/wp-content\\\/uploads\\\/Florin-Rasteiu-96x96.jpg\",\"contentUrl\":\"https:\\\/\\\/buletin.de\\\/bucuresti\\\/wp-content\\\/uploads\\\/Florin-Rasteiu-96x96.jpg\",\"caption\":\"Florin R\u00e2\u0219teiu\"},\"description\":\"Jurnalist de investiga\u021bie. Lucreaz\u0103 de aproape 6 ani la Buletin de Bucure\u0219ti, unde a publicat articole care scot la suprafa\u021b\u0103 corup\u021bia din Capital\u0103. Analizeaz\u0103 baze de date zilnic \u0219i scoate pove\u0219ti din exceluri pline de cifre. Pune reflectorul pe adev\u0103r cu fiecare ocazie. A c\u00e2\u0219tigat premiul I la categoria Pres\u0103 Local\u0103 \u00een 2025 \u0219i locul al II-lea la aceea\u0219i categorie \u00een 2024 \u00een cadrul Premiilor Superscrieri pentru jurnalism independent.\",\"url\":\"https:\\\/\\\/buletin.de\\\/bucuresti\\\/author\\\/florinrasteiu\\\/\"}]}<\/script>\n<!-- \/ Yoast SEO Premium plugin. -->","yoast_head_json":{"title":"Capitala are buget pentru 2023. Pe ce se vor cheltui banii - Buletin de Bucure\u0219ti","robots":{"index":"index","follow":"follow","max-snippet":"max-snippet:-1","max-image-preview":"max-image-preview:large","max-video-preview":"max-video-preview:-1"},"canonical":"https:\/\/buletin.de\/bucuresti\/capitala-are-buget-pentru-2023-pe-ce-se-vor-cheltui-banii\/","og_locale":"en_GB","og_type":"article","og_title":"Capitala are buget pentru 2023. Pe ce se vor cheltui banii","og_description":"Consilierii generali au aprobat, vineri, bugetul local al Municipiului Bucure\u0219ti. Conform bugetului proasp\u0103t votat, veniturile totale ale Capitalei sunt estimate la 11,3 miliarde de lei. Fa\u021b\u0103 de bugetul propus \u00een dezbatere public\u0103, acesta a suferit mai multe modific\u0103ri prin amendamente depuse de grupurile USR, PNL, dar \u0219i de c\u0103tre primarul Capitalei Nicu\u0219or Dan.&nbsp; \u0218edin\u021ba convocat\u0103, [&hellip;]","og_url":"https:\/\/buletin.de\/bucuresti\/capitala-are-buget-pentru-2023-pe-ce-se-vor-cheltui-banii\/","og_site_name":"Buletin de Bucure\u0219ti","article_publisher":"https:\/\/www.facebook.com\/buletin.de.buc","article_published_time":"2023-02-03T13:50:06+00:00","article_modified_time":"2023-02-03T14:12:26+00:00","og_image":[{"width":1541,"height":812,"url":"https:\/\/buletin.de\/bucuresti\/wp-content\/uploads\/steven-lelham-atSaEOeE8Nk-unsplash-1.jpg","type":"image\/jpeg"}],"author":"Florin R\u00e2\u0219teiu","twitter_card":"summary_large_image","twitter_misc":{"Written by":"Florin R\u00e2\u0219teiu","Estimated reading time":"3 minutes"},"schema":{"@context":"https:\/\/schema.org","@graph":[{"@type":"Article","@id":"https:\/\/buletin.de\/bucuresti\/capitala-are-buget-pentru-2023-pe-ce-se-vor-cheltui-banii\/#article","isPartOf":{"@id":"https:\/\/buletin.de\/bucuresti\/capitala-are-buget-pentru-2023-pe-ce-se-vor-cheltui-banii\/"},"author":{"name":"Florin R\u00e2\u0219teiu","@id":"https:\/\/buletin.de\/bucuresti\/#\/schema\/person\/b0686d7a8b666c6afc78239777fd8a89"},"headline":"Capitala are buget pentru 2023. Pe ce se vor cheltui banii","datePublished":"2023-02-03T13:50:06+00:00","dateModified":"2023-02-03T14:12:26+00:00","mainEntityOfPage":{"@id":"https:\/\/buletin.de\/bucuresti\/capitala-are-buget-pentru-2023-pe-ce-se-vor-cheltui-banii\/"},"wordCount":721,"publisher":{"@id":"https:\/\/buletin.de\/bucuresti\/#organization"},"keywords":["pmb"],"articleSection":["Featured"],"inLanguage":"en-GB","copyrightYear":"2023","copyrightHolder":{"@id":"https:\/\/buletin.de\/bucuresti\/#organization"}},{"@type":"WebPage","@id":"https:\/\/buletin.de\/bucuresti\/capitala-are-buget-pentru-2023-pe-ce-se-vor-cheltui-banii\/","url":"https:\/\/buletin.de\/bucuresti\/capitala-are-buget-pentru-2023-pe-ce-se-vor-cheltui-banii\/","name":"Capitala are buget pentru 2023. Pe ce se vor cheltui banii - Buletin de Bucure\u0219ti","isPartOf":{"@id":"https:\/\/buletin.de\/bucuresti\/#website"},"datePublished":"2023-02-03T13:50:06+00:00","dateModified":"2023-02-03T14:12:26+00:00","breadcrumb":{"@id":"https:\/\/buletin.de\/bucuresti\/capitala-are-buget-pentru-2023-pe-ce-se-vor-cheltui-banii\/#breadcrumb"},"inLanguage":"en-GB","potentialAction":[{"@type":"ReadAction","target":["https:\/\/buletin.de\/bucuresti\/capitala-are-buget-pentru-2023-pe-ce-se-vor-cheltui-banii\/"]}]},{"@type":"BreadcrumbList","@id":"https:\/\/buletin.de\/bucuresti\/capitala-are-buget-pentru-2023-pe-ce-se-vor-cheltui-banii\/#breadcrumb","itemListElement":[{"@type":"ListItem","position":1,"name":"Acas\u0103","item":"https:\/\/buletin.de\/bucuresti\/"},{"@type":"ListItem","position":2,"name":"Capitala are buget pentru 2023. Pe ce se vor cheltui banii"}]},{"@type":"WebSite","@id":"https:\/\/buletin.de\/bucuresti\/#website","url":"https:\/\/buletin.de\/bucuresti\/","name":"Buletin de Bucure\u0219ti","description":"\u0218tiri \u0219i investiga\u021bii esen\u021biale din capital\u0103","publisher":{"@id":"https:\/\/buletin.de\/bucuresti\/#organization"},"potentialAction":[{"@type":"SearchAction","target":{"@type":"EntryPoint","urlTemplate":"https:\/\/buletin.de\/bucuresti\/?s={search_term_string}"},"query-input":{"@type":"PropertyValueSpecification","valueRequired":true,"valueName":"search_term_string"}}],"inLanguage":"en-GB"},{"@type":"Organization","@id":"https:\/\/buletin.de\/bucuresti\/#organization","name":"Buletin de Bucure\u0219ti","url":"https:\/\/buletin.de\/bucuresti\/","logo":{"@type":"ImageObject","inLanguage":"en-GB","@id":"https:\/\/buletin.de\/bucuresti\/#\/schema\/logo\/image\/","url":"https:\/\/buletin.de\/bucuresti\/wp-content\/uploads\/logo-bdb-full-wide-vernil-transparent.png","contentUrl":"https:\/\/buletin.de\/bucuresti\/wp-content\/uploads\/logo-bdb-full-wide-vernil-transparent.png","width":1782,"height":626,"caption":"Buletin de Bucure\u0219ti"},"image":{"@id":"https:\/\/buletin.de\/bucuresti\/#\/schema\/logo\/image\/"},"sameAs":["https:\/\/www.facebook.com\/buletin.de.buc","https:\/\/www.instagram.com\/buletinde.bucuresti\/"]},{"@type":"Person","@id":"https:\/\/buletin.de\/bucuresti\/#\/schema\/person\/b0686d7a8b666c6afc78239777fd8a89","name":"Florin R\u00e2\u0219teiu","image":{"@type":"ImageObject","inLanguage":"en-GB","@id":"https:\/\/buletin.de\/bucuresti\/wp-content\/uploads\/Florin-Rasteiu-96x96.jpgf0a6fe28453aa12f0a60e4d0a2e3a78c","url":"https:\/\/buletin.de\/bucuresti\/wp-content\/uploads\/Florin-Rasteiu-96x96.jpg","contentUrl":"https:\/\/buletin.de\/bucuresti\/wp-content\/uploads\/Florin-Rasteiu-96x96.jpg","caption":"Florin R\u00e2\u0219teiu"},"description":"Jurnalist de investiga\u021bie. Lucreaz\u0103 de aproape 6 ani la Buletin de Bucure\u0219ti, unde a publicat articole care scot la suprafa\u021b\u0103 corup\u021bia din Capital\u0103. Analizeaz\u0103 baze de date zilnic \u0219i scoate pove\u0219ti din exceluri pline de cifre. Pune reflectorul pe adev\u0103r cu fiecare ocazie. A c\u00e2\u0219tigat premiul I la categoria Pres\u0103 Local\u0103 \u00een 2025 \u0219i locul al II-lea la aceea\u0219i categorie \u00een 2024 \u00een cadrul Premiilor Superscrieri pentru jurnalism independent.","url":"https:\/\/buletin.de\/bucuresti\/author\/florinrasteiu\/"}]}},"authors":[{"term_id":22576,"user_id":17,"is_guest":0,"slug":"florinrasteiu","display_name":"Florin R\u00e2\u0219teiu","avatar_url":"https:\/\/buletin.de\/bucuresti\/wp-content\/uploads\/Florin-Rasteiu-96x96.jpg","0":null,"1":"","2":"","3":"","4":"","5":"","6":"","7":"","8":""}],"_links":{"self":[{"href":"https:\/\/buletin.de\/bucuresti\/wp-json\/wp\/v2\/posts\/53331","targetHints":{"allow":["GET"]}}],"collection":[{"href":"https:\/\/buletin.de\/bucuresti\/wp-json\/wp\/v2\/posts"}],"about":[{"href":"https:\/\/buletin.de\/bucuresti\/wp-json\/wp\/v2\/types\/post"}],"author":[{"embeddable":true,"href":"https:\/\/buletin.de\/bucuresti\/wp-json\/wp\/v2\/users\/17"}],"replies":[{"embeddable":true,"href":"https:\/\/buletin.de\/bucuresti\/wp-json\/wp\/v2\/comments?post=53331"}],"version-history":[{"count":4,"href":"https:\/\/buletin.de\/bucuresti\/wp-json\/wp\/v2\/posts\/53331\/revisions"}],"predecessor-version":[{"id":53354,"href":"https:\/\/buletin.de\/bucuresti\/wp-json\/wp\/v2\/posts\/53331\/revisions\/53354"}],"wp:attachment":[{"href":"https:\/\/buletin.de\/bucuresti\/wp-json\/wp\/v2\/media?parent=53331"}],"wp:term":[{"taxonomy":"category","embeddable":true,"href":"https:\/\/buletin.de\/bucuresti\/wp-json\/wp\/v2\/categories?post=53331"},{"taxonomy":"post_tag","embeddable":true,"href":"https:\/\/buletin.de\/bucuresti\/wp-json\/wp\/v2\/tags?post=53331"},{"taxonomy":"author","embeddable":true,"href":"https:\/\/buletin.de\/bucuresti\/wp-json\/wp\/v2\/ppma_author?post=53331"}],"curies":[{"name":"wp","href":"https:\/\/api.w.org\/{rel}","templated":true}]}}