{"id":53328,"date":"2023-02-03T15:34:45","date_gmt":"2023-02-03T13:34:45","guid":{"rendered":"https:\/\/buletin.de\/bucuresti\/?p=53328"},"modified":"2023-02-03T15:34:45","modified_gmt":"2023-02-03T13:34:45","slug":"video-politia-a-desfiintat-un-depozit-ilegal-de-pacura-prejudiciul-depaseste-10-milioane-de-lei","status":"publish","type":"post","link":"https:\/\/buletin.de\/bucuresti\/video-politia-a-desfiintat-un-depozit-ilegal-de-pacura-prejudiciul-depaseste-10-milioane-de-lei\/","title":{"rendered":"Video | Poli\u021bia a desfiin\u021bat un depozit ilegal de p\u0103cur\u0103. Prejudiciul dep\u0103\u0219e\u0219te 10 milioane de lei"},"content":{"rendered":"\n<p>210.000 litri de p\u0103cur\u0103, f\u0103r\u0103 documente de provenien\u021b\u0103, au fost g\u0103si\u021bi \u00eentr-un depozit ilegal de combustibil din sectorul 2. Pe l\u00e2ng\u0103 containere cu combustibil, poli\u021bi\u0219tii au g\u0103sit \u0219i o instala\u021bie prelucrare de reziduuri petroliere. Prejudiciul este de 10.5 milioane de lei.<\/p>\n\n\n\n<p>Poli\u021bi\u0219tii Direc\u021biei Generale de Poli\u021bie a Municipiului Bucure\u0219ti &#8211; Serviciul de Investigare a Criminalit\u0103\u021bii Economice &#8211; Sector 2 au pus \u00een aplicare ieri, 2 februarie, 60 de mandate de perchezi\u021bii domiciliare. \u00cen urma audierilor, 7 persoane au fost arestate preventiv pentru 24 de ore. <\/p>\n\n\n\n<p>Combustibilul era depozitat \u00een 5 rezervoare de suprafa\u021b\u0103, 3 bazine subterane din beton \u0219i 3 autocisterne, iar reziduurile petroliere erau prelucrate cu ajutorul unei instala\u021bii destinate acestei activit\u0103\u021bi. <\/p>\n\n\n\n<figure class=\"wp-block-coblocks-gallery-masonry masonry-grid has-medium-gutter\">\n<figure class=\"wp-block-image size-large masonry-brick\"><img fetchpriority=\"high\" decoding=\"async\" width=\"593\" height=\"332\" src=\"data:image\/gif;base64,R0lGODlhAQABAAAAACH5BAEKAAEALAAAAAABAAEAAAICTAEAOw==\" data-src=\"https:\/\/buletin.de\/bucuresti\/wp-content\/uploads\/guido-jansen-Nz-zAt4qiuU-unsplash-2.jpg\" alt=\"Image gallery image\" class=\"wp-image-53334 lazyload\" data-sizes=\"auto\" data-srcset=\"https:\/\/buletin.de\/bucuresti\/wp-content\/uploads\/guido-jansen-Nz-zAt4qiuU-unsplash-2.jpg 593w, https:\/\/buletin.de\/bucuresti\/wp-content\/uploads\/guido-jansen-Nz-zAt4qiuU-unsplash-2-300x168.jpg 300w, https:\/\/buletin.de\/bucuresti\/wp-content\/uploads\/guido-jansen-Nz-zAt4qiuU-unsplash-2-550x308.jpg 550w\" sizes=\"(max-width: 593px) 100vw, 593px\" \/><\/figure>\n\n\n\n<figure class=\"wp-block-image size-large masonry-brick\"><img decoding=\"async\" width=\"592\" height=\"335\" src=\"data:image\/gif;base64,R0lGODlhAQABAAAAACH5BAEKAAEALAAAAAABAAEAAAICTAEAOw==\" data-src=\"https:\/\/buletin.de\/bucuresti\/wp-content\/uploads\/index2-4.jpg\" alt=\"Image gallery image\" class=\"wp-image-53336 lazyload\" data-sizes=\"auto\" data-srcset=\"https:\/\/buletin.de\/bucuresti\/wp-content\/uploads\/index2-4.jpg 592w, https:\/\/buletin.de\/bucuresti\/wp-content\/uploads\/index2-4-300x170.jpg 300w, https:\/\/buletin.de\/bucuresti\/wp-content\/uploads\/index2-4-550x311.jpg 550w\" sizes=\"(max-width: 592px) 100vw, 592px\" \/><\/figure>\n\n\n\n<figure class=\"wp-block-image size-large masonry-brick\"><img decoding=\"async\" width=\"586\" height=\"900\" src=\"data:image\/gif;base64,R0lGODlhAQABAAAAACH5BAEKAAEALAAAAAABAAEAAAICTAEAOw==\" data-src=\"https:\/\/buletin.de\/bucuresti\/wp-content\/uploads\/327571479_587157689413692_6956976151796289847_n-2-586x900.jpg\" alt=\"Image gallery image\" class=\"wp-image-53337 lazyload\" data-sizes=\"auto\" data-srcset=\"https:\/\/buletin.de\/bucuresti\/wp-content\/uploads\/327571479_587157689413692_6956976151796289847_n-2-586x900.jpg 586w, https:\/\/buletin.de\/bucuresti\/wp-content\/uploads\/327571479_587157689413692_6956976151796289847_n-2-195x300.jpg 195w, https:\/\/buletin.de\/bucuresti\/wp-content\/uploads\/327571479_587157689413692_6956976151796289847_n-2-550x844.jpg 550w, https:\/\/buletin.de\/bucuresti\/wp-content\/uploads\/327571479_587157689413692_6956976151796289847_n-2-326x500.jpg 326w, https:\/\/buletin.de\/bucuresti\/wp-content\/uploads\/327571479_587157689413692_6956976151796289847_n-2.jpg 591w\" sizes=\"(max-width: 586px) 100vw, 586px\" \/><\/figure>\n<\/figure>\n\n\n\n<p>\u00cen vederea continu\u0103rii cercet\u0103rilor, au mai fost identificate \u0219i ridicate, sisteme informatice, documente de eviden\u021b\u0103-contabil\u0103, precum \u0219i aproximativ 115.000 de lei. <\/p>\n\n\n\n<p>De asemenea, au fost sechestrate cu scopul satisfacerii crean\u0163ei asigurate, pentru recuperarea prejudiciului cauzat, bunuri mobile \u0219i imobile ale celor re\u021binu\u021bi \u00een valoare de 10.500.000 de lei.  <\/p>\n\n\n\n<p><em>\u201eEvaziune fiscal\u0103 \u00een form\u0103 continuat\u0103 \u0219i agravat\u0103\u201d<\/em> este infrac\u021biunea s\u0103v\u00e2r\u0219it\u0103 sub care sunt continuate cercet\u0103rile, sub supravegherea Parchetului de pe l\u00e2ng\u0103 Tribunalul Bucure\u0219ti, \u00eempreun\u0103 cu sprijinul Agen\u021biei Na\u021bionale de Administrare Fiscal\u0103 &#8211; Direc\u021bia General\u0103 a V\u0103milor.<\/p>\n\n\n\n<p><\/p>\n\n\n\n<p><\/p>\n\n\n\n<figure class=\"wp-block-video\"><video height=\"850\" style=\"aspect-ratio: 480 \/ 850;\" width=\"480\" controls src=\"https:\/\/buletin.de\/bucuresti\/wp-content\/uploads\/WhatsApp-Video-2022-12-08-at-13.31.351-1.mp4\"><\/video><\/figure>\n","protected":false},"excerpt":{"rendered":"<p>210.000 litri de p\u0103cur\u0103, f\u0103r\u0103 documente de provenien\u021b\u0103, au fost g\u0103si\u021bi \u00eentr-un depozit ilegal de combustibil din sectorul 2. Pe l\u00e2ng\u0103 containere cu combustibil, poli\u021bi\u0219tii au g\u0103sit \u0219i o instala\u021bie prelucrare de reziduuri petroliere. Prejudiciul este de 10.5 milioane de lei. Poli\u021bi\u0219tii Direc\u021biei Generale de Poli\u021bie a Municipiului Bucure\u0219ti &#8211; Serviciul de Investigare a Criminalit\u0103\u021bii [&hellip;]<\/p>\n","protected":false},"author":47,"featured_media":53333,"comment_status":"closed","ping_status":"open","sticky":false,"template":"","format":"standard","meta":{"_acf_changed":false,"inline_featured_image":false,"ngg_post_thumbnail":0,"footnotes":""},"categories":[62],"tags":[],"ppma_author":[22580],"class_list":["post-53328","post","type-post","status-publish","format-standard","has-post-thumbnail","hentry","category-stiri"],"acf":[],"yoast_head":"<!-- This site is optimized with the Yoast SEO Premium plugin v25.3 (Yoast SEO v27.4) - https:\/\/yoast.com\/product\/yoast-seo-premium-wordpress\/ -->\n<title>Video | Poli\u021bia a desfiin\u021bat un depozit ilegal de p\u0103cur\u0103. Prejudiciul dep\u0103\u0219e\u0219te 10 milioane de lei - Buletin de Bucure\u0219ti<\/title>\n<meta name=\"robots\" content=\"index, follow, max-snippet:-1, max-image-preview:large, max-video-preview:-1\" \/>\n<link rel=\"canonical\" href=\"https:\/\/buletin.de\/bucuresti\/video-politia-a-desfiintat-un-depozit-ilegal-de-pacura-prejudiciul-depaseste-10-milioane-de-lei\/\" \/>\n<meta property=\"og:locale\" content=\"en_GB\" \/>\n<meta property=\"og:type\" content=\"article\" \/>\n<meta property=\"og:title\" content=\"Video | Poli\u021bia a desfiin\u021bat un depozit ilegal de p\u0103cur\u0103. Prejudiciul dep\u0103\u0219e\u0219te 10 milioane de lei\" \/>\n<meta property=\"og:description\" content=\"210.000 litri de p\u0103cur\u0103, f\u0103r\u0103 documente de provenien\u021b\u0103, au fost g\u0103si\u021bi \u00eentr-un depozit ilegal de combustibil din sectorul 2. Pe l\u00e2ng\u0103 containere cu combustibil, poli\u021bi\u0219tii au g\u0103sit \u0219i o instala\u021bie prelucrare de reziduuri petroliere. Prejudiciul este de 10.5 milioane de lei. Poli\u021bi\u0219tii Direc\u021biei Generale de Poli\u021bie a Municipiului Bucure\u0219ti &#8211; Serviciul de Investigare a Criminalit\u0103\u021bii [&hellip;]\" \/>\n<meta property=\"og:url\" content=\"https:\/\/buletin.de\/bucuresti\/video-politia-a-desfiintat-un-depozit-ilegal-de-pacura-prejudiciul-depaseste-10-milioane-de-lei\/\" \/>\n<meta property=\"og:site_name\" content=\"Buletin de Bucure\u0219ti\" \/>\n<meta property=\"article:publisher\" content=\"https:\/\/www.facebook.com\/buletin.de.buc\" \/>\n<meta property=\"article:published_time\" content=\"2023-02-03T13:34:45+00:00\" \/>\n<meta property=\"og:image\" content=\"https:\/\/buletin.de\/bucuresti\/wp-content\/uploads\/guido-jansen-Nz-zAt4qiuU-unsplash-1.jpg\" \/>\n\t<meta property=\"og:image:width\" content=\"593\" \/>\n\t<meta property=\"og:image:height\" content=\"332\" \/>\n\t<meta property=\"og:image:type\" content=\"image\/jpeg\" \/>\n<meta name=\"author\" content=\"Adina C\u0103p\u00eelnean\" \/>\n<meta name=\"twitter:card\" content=\"summary_large_image\" \/>\n<meta name=\"twitter:label1\" content=\"Written by\" \/>\n\t<meta name=\"twitter:data1\" content=\"Adina C\u0103p\u00eelnean\" \/>\n\t<meta name=\"twitter:label2\" content=\"Estimated reading time\" \/>\n\t<meta name=\"twitter:data2\" content=\"2 minutes\" \/>\n<script type=\"application\/ld+json\" class=\"yoast-schema-graph\">{\"@context\":\"https:\\\/\\\/schema.org\",\"@graph\":[{\"@type\":\"Article\",\"@id\":\"https:\\\/\\\/buletin.de\\\/bucuresti\\\/video-politia-a-desfiintat-un-depozit-ilegal-de-pacura-prejudiciul-depaseste-10-milioane-de-lei\\\/#article\",\"isPartOf\":{\"@id\":\"https:\\\/\\\/buletin.de\\\/bucuresti\\\/video-politia-a-desfiintat-un-depozit-ilegal-de-pacura-prejudiciul-depaseste-10-milioane-de-lei\\\/\"},\"author\":{\"name\":\"Adina C\u0103p\u00eelnean\",\"@id\":\"https:\\\/\\\/buletin.de\\\/bucuresti\\\/#\\\/schema\\\/person\\\/ab174cf6711728e4ee83d672acf9a912\"},\"headline\":\"Video | Poli\u021bia a desfiin\u021bat un depozit ilegal de p\u0103cur\u0103. Prejudiciul dep\u0103\u0219e\u0219te 10 milioane de lei\",\"datePublished\":\"2023-02-03T13:34:45+00:00\",\"mainEntityOfPage\":{\"@id\":\"https:\\\/\\\/buletin.de\\\/bucuresti\\\/video-politia-a-desfiintat-un-depozit-ilegal-de-pacura-prejudiciul-depaseste-10-milioane-de-lei\\\/\"},\"wordCount\":238,\"publisher\":{\"@id\":\"https:\\\/\\\/buletin.de\\\/bucuresti\\\/#organization\"},\"image\":{\"@id\":\"https:\\\/\\\/buletin.de\\\/bucuresti\\\/video-politia-a-desfiintat-un-depozit-ilegal-de-pacura-prejudiciul-depaseste-10-milioane-de-lei\\\/#primaryimage\"},\"thumbnailUrl\":\"https:\\\/\\\/buletin.de\\\/bucuresti\\\/wp-content\\\/uploads\\\/guido-jansen-Nz-zAt4qiuU-unsplash-1.jpg\",\"articleSection\":[\"\u0218tiri\"],\"inLanguage\":\"en-GB\",\"copyrightYear\":\"2023\",\"copyrightHolder\":{\"@id\":\"https:\\\/\\\/buletin.de\\\/bucuresti\\\/#organization\"}},{\"@type\":\"WebPage\",\"@id\":\"https:\\\/\\\/buletin.de\\\/bucuresti\\\/video-politia-a-desfiintat-un-depozit-ilegal-de-pacura-prejudiciul-depaseste-10-milioane-de-lei\\\/\",\"url\":\"https:\\\/\\\/buletin.de\\\/bucuresti\\\/video-politia-a-desfiintat-un-depozit-ilegal-de-pacura-prejudiciul-depaseste-10-milioane-de-lei\\\/\",\"name\":\"Video | Poli\u021bia a desfiin\u021bat un depozit ilegal de p\u0103cur\u0103. Prejudiciul dep\u0103\u0219e\u0219te 10 milioane de lei - Buletin de Bucure\u0219ti\",\"isPartOf\":{\"@id\":\"https:\\\/\\\/buletin.de\\\/bucuresti\\\/#website\"},\"primaryImageOfPage\":{\"@id\":\"https:\\\/\\\/buletin.de\\\/bucuresti\\\/video-politia-a-desfiintat-un-depozit-ilegal-de-pacura-prejudiciul-depaseste-10-milioane-de-lei\\\/#primaryimage\"},\"image\":{\"@id\":\"https:\\\/\\\/buletin.de\\\/bucuresti\\\/video-politia-a-desfiintat-un-depozit-ilegal-de-pacura-prejudiciul-depaseste-10-milioane-de-lei\\\/#primaryimage\"},\"thumbnailUrl\":\"https:\\\/\\\/buletin.de\\\/bucuresti\\\/wp-content\\\/uploads\\\/guido-jansen-Nz-zAt4qiuU-unsplash-1.jpg\",\"datePublished\":\"2023-02-03T13:34:45+00:00\",\"breadcrumb\":{\"@id\":\"https:\\\/\\\/buletin.de\\\/bucuresti\\\/video-politia-a-desfiintat-un-depozit-ilegal-de-pacura-prejudiciul-depaseste-10-milioane-de-lei\\\/#breadcrumb\"},\"inLanguage\":\"en-GB\",\"potentialAction\":[{\"@type\":\"ReadAction\",\"target\":[\"https:\\\/\\\/buletin.de\\\/bucuresti\\\/video-politia-a-desfiintat-un-depozit-ilegal-de-pacura-prejudiciul-depaseste-10-milioane-de-lei\\\/\"]}]},{\"@type\":\"ImageObject\",\"inLanguage\":\"en-GB\",\"@id\":\"https:\\\/\\\/buletin.de\\\/bucuresti\\\/video-politia-a-desfiintat-un-depozit-ilegal-de-pacura-prejudiciul-depaseste-10-milioane-de-lei\\\/#primaryimage\",\"url\":\"https:\\\/\\\/buletin.de\\\/bucuresti\\\/wp-content\\\/uploads\\\/guido-jansen-Nz-zAt4qiuU-unsplash-1.jpg\",\"contentUrl\":\"https:\\\/\\\/buletin.de\\\/bucuresti\\\/wp-content\\\/uploads\\\/guido-jansen-Nz-zAt4qiuU-unsplash-1.jpg\",\"width\":593,\"height\":332},{\"@type\":\"BreadcrumbList\",\"@id\":\"https:\\\/\\\/buletin.de\\\/bucuresti\\\/video-politia-a-desfiintat-un-depozit-ilegal-de-pacura-prejudiciul-depaseste-10-milioane-de-lei\\\/#breadcrumb\",\"itemListElement\":[{\"@type\":\"ListItem\",\"position\":1,\"name\":\"Acas\u0103\",\"item\":\"https:\\\/\\\/buletin.de\\\/bucuresti\\\/\"},{\"@type\":\"ListItem\",\"position\":2,\"name\":\"Video | Poli\u021bia a desfiin\u021bat un depozit ilegal de p\u0103cur\u0103. Prejudiciul dep\u0103\u0219e\u0219te 10 milioane de lei\"}]},{\"@type\":\"WebSite\",\"@id\":\"https:\\\/\\\/buletin.de\\\/bucuresti\\\/#website\",\"url\":\"https:\\\/\\\/buletin.de\\\/bucuresti\\\/\",\"name\":\"Buletin de Bucure\u0219ti\",\"description\":\"\u0218tiri \u0219i investiga\u021bii esen\u021biale din capital\u0103\",\"publisher\":{\"@id\":\"https:\\\/\\\/buletin.de\\\/bucuresti\\\/#organization\"},\"potentialAction\":[{\"@type\":\"SearchAction\",\"target\":{\"@type\":\"EntryPoint\",\"urlTemplate\":\"https:\\\/\\\/buletin.de\\\/bucuresti\\\/?s={search_term_string}\"},\"query-input\":{\"@type\":\"PropertyValueSpecification\",\"valueRequired\":true,\"valueName\":\"search_term_string\"}}],\"inLanguage\":\"en-GB\"},{\"@type\":\"Organization\",\"@id\":\"https:\\\/\\\/buletin.de\\\/bucuresti\\\/#organization\",\"name\":\"Buletin de Bucure\u0219ti\",\"url\":\"https:\\\/\\\/buletin.de\\\/bucuresti\\\/\",\"logo\":{\"@type\":\"ImageObject\",\"inLanguage\":\"en-GB\",\"@id\":\"https:\\\/\\\/buletin.de\\\/bucuresti\\\/#\\\/schema\\\/logo\\\/image\\\/\",\"url\":\"https:\\\/\\\/buletin.de\\\/bucuresti\\\/wp-content\\\/uploads\\\/logo-bdb-full-wide-vernil-transparent.png\",\"contentUrl\":\"https:\\\/\\\/buletin.de\\\/bucuresti\\\/wp-content\\\/uploads\\\/logo-bdb-full-wide-vernil-transparent.png\",\"width\":1782,\"height\":626,\"caption\":\"Buletin de Bucure\u0219ti\"},\"image\":{\"@id\":\"https:\\\/\\\/buletin.de\\\/bucuresti\\\/#\\\/schema\\\/logo\\\/image\\\/\"},\"sameAs\":[\"https:\\\/\\\/www.facebook.com\\\/buletin.de.buc\",\"https:\\\/\\\/www.instagram.com\\\/buletinde.bucuresti\\\/\"]},{\"@type\":\"Person\",\"@id\":\"https:\\\/\\\/buletin.de\\\/bucuresti\\\/#\\\/schema\\\/person\\\/ab174cf6711728e4ee83d672acf9a912\",\"name\":\"Adina C\u0103p\u00eelnean\",\"image\":{\"@type\":\"ImageObject\",\"inLanguage\":\"en-GB\",\"@id\":\"https:\\\/\\\/secure.gravatar.com\\\/avatar\\\/4fe9675d6282fd7c1aa4e486a037d532d5728fc16a30360f293eb6126b2e73ad?s=96&d=monsterid&r=ge2b23868508aec3460d3c6a11d3b599a\",\"url\":\"https:\\\/\\\/secure.gravatar.com\\\/avatar\\\/4fe9675d6282fd7c1aa4e486a037d532d5728fc16a30360f293eb6126b2e73ad?s=96&d=monsterid&r=g\",\"contentUrl\":\"https:\\\/\\\/secure.gravatar.com\\\/avatar\\\/4fe9675d6282fd7c1aa4e486a037d532d5728fc16a30360f293eb6126b2e73ad?s=96&d=monsterid&r=g\",\"caption\":\"Adina C\u0103p\u00eelnean\"},\"url\":\"https:\\\/\\\/buletin.de\\\/bucuresti\\\/author\\\/adinacapilnean\\\/\"}]}<\/script>\n<!-- \/ Yoast SEO Premium plugin. -->","yoast_head_json":{"title":"Video | Poli\u021bia a desfiin\u021bat un depozit ilegal de p\u0103cur\u0103. Prejudiciul dep\u0103\u0219e\u0219te 10 milioane de lei - Buletin de Bucure\u0219ti","robots":{"index":"index","follow":"follow","max-snippet":"max-snippet:-1","max-image-preview":"max-image-preview:large","max-video-preview":"max-video-preview:-1"},"canonical":"https:\/\/buletin.de\/bucuresti\/video-politia-a-desfiintat-un-depozit-ilegal-de-pacura-prejudiciul-depaseste-10-milioane-de-lei\/","og_locale":"en_GB","og_type":"article","og_title":"Video | Poli\u021bia a desfiin\u021bat un depozit ilegal de p\u0103cur\u0103. Prejudiciul dep\u0103\u0219e\u0219te 10 milioane de lei","og_description":"210.000 litri de p\u0103cur\u0103, f\u0103r\u0103 documente de provenien\u021b\u0103, au fost g\u0103si\u021bi \u00eentr-un depozit ilegal de combustibil din sectorul 2. Pe l\u00e2ng\u0103 containere cu combustibil, poli\u021bi\u0219tii au g\u0103sit \u0219i o instala\u021bie prelucrare de reziduuri petroliere. Prejudiciul este de 10.5 milioane de lei. Poli\u021bi\u0219tii Direc\u021biei Generale de Poli\u021bie a Municipiului Bucure\u0219ti &#8211; Serviciul de Investigare a Criminalit\u0103\u021bii [&hellip;]","og_url":"https:\/\/buletin.de\/bucuresti\/video-politia-a-desfiintat-un-depozit-ilegal-de-pacura-prejudiciul-depaseste-10-milioane-de-lei\/","og_site_name":"Buletin de Bucure\u0219ti","article_publisher":"https:\/\/www.facebook.com\/buletin.de.buc","article_published_time":"2023-02-03T13:34:45+00:00","og_image":[{"width":593,"height":332,"url":"https:\/\/buletin.de\/bucuresti\/wp-content\/uploads\/guido-jansen-Nz-zAt4qiuU-unsplash-1.jpg","type":"image\/jpeg"}],"author":"Adina C\u0103p\u00eelnean","twitter_card":"summary_large_image","twitter_misc":{"Written by":"Adina C\u0103p\u00eelnean","Estimated reading time":"2 minutes"},"schema":{"@context":"https:\/\/schema.org","@graph":[{"@type":"Article","@id":"https:\/\/buletin.de\/bucuresti\/video-politia-a-desfiintat-un-depozit-ilegal-de-pacura-prejudiciul-depaseste-10-milioane-de-lei\/#article","isPartOf":{"@id":"https:\/\/buletin.de\/bucuresti\/video-politia-a-desfiintat-un-depozit-ilegal-de-pacura-prejudiciul-depaseste-10-milioane-de-lei\/"},"author":{"name":"Adina C\u0103p\u00eelnean","@id":"https:\/\/buletin.de\/bucuresti\/#\/schema\/person\/ab174cf6711728e4ee83d672acf9a912"},"headline":"Video | Poli\u021bia a desfiin\u021bat un depozit ilegal de p\u0103cur\u0103. Prejudiciul dep\u0103\u0219e\u0219te 10 milioane de lei","datePublished":"2023-02-03T13:34:45+00:00","mainEntityOfPage":{"@id":"https:\/\/buletin.de\/bucuresti\/video-politia-a-desfiintat-un-depozit-ilegal-de-pacura-prejudiciul-depaseste-10-milioane-de-lei\/"},"wordCount":238,"publisher":{"@id":"https:\/\/buletin.de\/bucuresti\/#organization"},"image":{"@id":"https:\/\/buletin.de\/bucuresti\/video-politia-a-desfiintat-un-depozit-ilegal-de-pacura-prejudiciul-depaseste-10-milioane-de-lei\/#primaryimage"},"thumbnailUrl":"https:\/\/buletin.de\/bucuresti\/wp-content\/uploads\/guido-jansen-Nz-zAt4qiuU-unsplash-1.jpg","articleSection":["\u0218tiri"],"inLanguage":"en-GB","copyrightYear":"2023","copyrightHolder":{"@id":"https:\/\/buletin.de\/bucuresti\/#organization"}},{"@type":"WebPage","@id":"https:\/\/buletin.de\/bucuresti\/video-politia-a-desfiintat-un-depozit-ilegal-de-pacura-prejudiciul-depaseste-10-milioane-de-lei\/","url":"https:\/\/buletin.de\/bucuresti\/video-politia-a-desfiintat-un-depozit-ilegal-de-pacura-prejudiciul-depaseste-10-milioane-de-lei\/","name":"Video | Poli\u021bia a desfiin\u021bat un depozit ilegal de p\u0103cur\u0103. Prejudiciul dep\u0103\u0219e\u0219te 10 milioane de lei - Buletin de Bucure\u0219ti","isPartOf":{"@id":"https:\/\/buletin.de\/bucuresti\/#website"},"primaryImageOfPage":{"@id":"https:\/\/buletin.de\/bucuresti\/video-politia-a-desfiintat-un-depozit-ilegal-de-pacura-prejudiciul-depaseste-10-milioane-de-lei\/#primaryimage"},"image":{"@id":"https:\/\/buletin.de\/bucuresti\/video-politia-a-desfiintat-un-depozit-ilegal-de-pacura-prejudiciul-depaseste-10-milioane-de-lei\/#primaryimage"},"thumbnailUrl":"https:\/\/buletin.de\/bucuresti\/wp-content\/uploads\/guido-jansen-Nz-zAt4qiuU-unsplash-1.jpg","datePublished":"2023-02-03T13:34:45+00:00","breadcrumb":{"@id":"https:\/\/buletin.de\/bucuresti\/video-politia-a-desfiintat-un-depozit-ilegal-de-pacura-prejudiciul-depaseste-10-milioane-de-lei\/#breadcrumb"},"inLanguage":"en-GB","potentialAction":[{"@type":"ReadAction","target":["https:\/\/buletin.de\/bucuresti\/video-politia-a-desfiintat-un-depozit-ilegal-de-pacura-prejudiciul-depaseste-10-milioane-de-lei\/"]}]},{"@type":"ImageObject","inLanguage":"en-GB","@id":"https:\/\/buletin.de\/bucuresti\/video-politia-a-desfiintat-un-depozit-ilegal-de-pacura-prejudiciul-depaseste-10-milioane-de-lei\/#primaryimage","url":"https:\/\/buletin.de\/bucuresti\/wp-content\/uploads\/guido-jansen-Nz-zAt4qiuU-unsplash-1.jpg","contentUrl":"https:\/\/buletin.de\/bucuresti\/wp-content\/uploads\/guido-jansen-Nz-zAt4qiuU-unsplash-1.jpg","width":593,"height":332},{"@type":"BreadcrumbList","@id":"https:\/\/buletin.de\/bucuresti\/video-politia-a-desfiintat-un-depozit-ilegal-de-pacura-prejudiciul-depaseste-10-milioane-de-lei\/#breadcrumb","itemListElement":[{"@type":"ListItem","position":1,"name":"Acas\u0103","item":"https:\/\/buletin.de\/bucuresti\/"},{"@type":"ListItem","position":2,"name":"Video | Poli\u021bia a desfiin\u021bat un depozit ilegal de p\u0103cur\u0103. Prejudiciul dep\u0103\u0219e\u0219te 10 milioane de lei"}]},{"@type":"WebSite","@id":"https:\/\/buletin.de\/bucuresti\/#website","url":"https:\/\/buletin.de\/bucuresti\/","name":"Buletin de Bucure\u0219ti","description":"\u0218tiri \u0219i investiga\u021bii esen\u021biale din capital\u0103","publisher":{"@id":"https:\/\/buletin.de\/bucuresti\/#organization"},"potentialAction":[{"@type":"SearchAction","target":{"@type":"EntryPoint","urlTemplate":"https:\/\/buletin.de\/bucuresti\/?s={search_term_string}"},"query-input":{"@type":"PropertyValueSpecification","valueRequired":true,"valueName":"search_term_string"}}],"inLanguage":"en-GB"},{"@type":"Organization","@id":"https:\/\/buletin.de\/bucuresti\/#organization","name":"Buletin de Bucure\u0219ti","url":"https:\/\/buletin.de\/bucuresti\/","logo":{"@type":"ImageObject","inLanguage":"en-GB","@id":"https:\/\/buletin.de\/bucuresti\/#\/schema\/logo\/image\/","url":"https:\/\/buletin.de\/bucuresti\/wp-content\/uploads\/logo-bdb-full-wide-vernil-transparent.png","contentUrl":"https:\/\/buletin.de\/bucuresti\/wp-content\/uploads\/logo-bdb-full-wide-vernil-transparent.png","width":1782,"height":626,"caption":"Buletin de Bucure\u0219ti"},"image":{"@id":"https:\/\/buletin.de\/bucuresti\/#\/schema\/logo\/image\/"},"sameAs":["https:\/\/www.facebook.com\/buletin.de.buc","https:\/\/www.instagram.com\/buletinde.bucuresti\/"]},{"@type":"Person","@id":"https:\/\/buletin.de\/bucuresti\/#\/schema\/person\/ab174cf6711728e4ee83d672acf9a912","name":"Adina C\u0103p\u00eelnean","image":{"@type":"ImageObject","inLanguage":"en-GB","@id":"https:\/\/secure.gravatar.com\/avatar\/4fe9675d6282fd7c1aa4e486a037d532d5728fc16a30360f293eb6126b2e73ad?s=96&d=monsterid&r=ge2b23868508aec3460d3c6a11d3b599a","url":"https:\/\/secure.gravatar.com\/avatar\/4fe9675d6282fd7c1aa4e486a037d532d5728fc16a30360f293eb6126b2e73ad?s=96&d=monsterid&r=g","contentUrl":"https:\/\/secure.gravatar.com\/avatar\/4fe9675d6282fd7c1aa4e486a037d532d5728fc16a30360f293eb6126b2e73ad?s=96&d=monsterid&r=g","caption":"Adina C\u0103p\u00eelnean"},"url":"https:\/\/buletin.de\/bucuresti\/author\/adinacapilnean\/"}]}},"authors":[{"term_id":22580,"user_id":47,"is_guest":0,"slug":"adinacapilnean","display_name":"Adina C\u0103p\u00eelnean","avatar_url":"https:\/\/secure.gravatar.com\/avatar\/4fe9675d6282fd7c1aa4e486a037d532d5728fc16a30360f293eb6126b2e73ad?s=96&d=monsterid&r=g","0":null,"1":"","2":"","3":"","4":"","5":"","6":"","7":"","8":""}],"_links":{"self":[{"href":"https:\/\/buletin.de\/bucuresti\/wp-json\/wp\/v2\/posts\/53328","targetHints":{"allow":["GET"]}}],"collection":[{"href":"https:\/\/buletin.de\/bucuresti\/wp-json\/wp\/v2\/posts"}],"about":[{"href":"https:\/\/buletin.de\/bucuresti\/wp-json\/wp\/v2\/types\/post"}],"author":[{"embeddable":true,"href":"https:\/\/buletin.de\/bucuresti\/wp-json\/wp\/v2\/users\/47"}],"replies":[{"embeddable":true,"href":"https:\/\/buletin.de\/bucuresti\/wp-json\/wp\/v2\/comments?post=53328"}],"version-history":[{"count":5,"href":"https:\/\/buletin.de\/bucuresti\/wp-json\/wp\/v2\/posts\/53328\/revisions"}],"predecessor-version":[{"id":53345,"href":"https:\/\/buletin.de\/bucuresti\/wp-json\/wp\/v2\/posts\/53328\/revisions\/53345"}],"wp:featuredmedia":[{"embeddable":true,"href":"https:\/\/buletin.de\/bucuresti\/wp-json\/wp\/v2\/media\/53333"}],"wp:attachment":[{"href":"https:\/\/buletin.de\/bucuresti\/wp-json\/wp\/v2\/media?parent=53328"}],"wp:term":[{"taxonomy":"category","embeddable":true,"href":"https:\/\/buletin.de\/bucuresti\/wp-json\/wp\/v2\/categories?post=53328"},{"taxonomy":"post_tag","embeddable":true,"href":"https:\/\/buletin.de\/bucuresti\/wp-json\/wp\/v2\/tags?post=53328"},{"taxonomy":"author","embeddable":true,"href":"https:\/\/buletin.de\/bucuresti\/wp-json\/wp\/v2\/ppma_author?post=53328"}],"curies":[{"name":"wp","href":"https:\/\/api.w.org\/{rel}","templated":true}]}}