{"id":53324,"date":"2023-02-03T12:33:55","date_gmt":"2023-02-03T10:33:55","guid":{"rendered":"https:\/\/buletin.de\/bucuresti\/?p=53324"},"modified":"2023-02-03T12:33:56","modified_gmt":"2023-02-03T10:33:56","slug":"modificari-de-trasee-stb","status":"publish","type":"post","link":"https:\/\/buletin.de\/bucuresti\/modificari-de-trasee-stb\/","title":{"rendered":"Modific\u0103ri de trasee STB"},"content":{"rendered":"\n<p>Linia N10\u00a0va func\u021biona pe un traseu modificat \u00een\u00a0nop\u021bile de vineri, s\u00e2mb\u0103t\u0103 \u0219i duminic\u0103 (03\/04, 04\/05 \u0219i 05\/06 februarie 2023), av\u00e2nd \u00een vedere restric\u021bionarea traficului auto pe \u0218oseaua Orhideelor (la intersec\u021bia cu Bd. Dinicu Golescu), pentru a permite montarea unei macarale, anun\u021b\u0103 Asocia\u021bia de Dezvoltare Intercomunitar\u0103 pentru Transport Public Bucure\u0219ti \u2013 Ilfov (TPBI).<\/p>\n\n\n\n<p>Astfel, autobuzele liniei N10 vor circula, de la intersec\u021bia \u0218os. Orhideelor\/ Calea Plevnei, prin Calea Plevnei, Str. Mircea Vulc\u0103nescu, Str. P\u00e2rc\u0103labul Baldovin, Str. G\u0103rii de Nord, Pia\u021ba G\u0103rii de Nord, apoi pe traseul de baz\u0103. Pe traseul modificat, vehiculele vor opri \u00een sta\u021biile\u00a0\u201ePrim\u0103ria Sector 6\u201d,\u00a0\u201eWiting\u201d,\u00a0\u201eBd. Dinicu Golescu\u201d\u00a0\u0219i\u00a0\u201eMinisterul Transporturilor\u201d.<\/p>\n\n\n\n<p>Totodat\u0103, la sf\u00e2r\u0219itul zilelor de\u00a03, 4 \u0219i 5 februarie 2023, plecarea \u00een ultima curs\u0103 a autobuzelor\u00a0liniilor 123 \u0219i 282\u00a0va fi devansat\u0103 cu cel mult 10 minute, pentru a evita intrarea vehiculelor \u00een zona restric\u021bionat\u0103.<\/p>\n\n\n\n<p>De mar\u021bi, 7 februarie, autobuzele liniei 163 vor opri \u0219i \u00een sta\u021bia \u201e\u0218tirbei Vod\u0103\u201d<\/p>\n\n\n\n<p>La solicitarea c\u0103l\u0103torilor, Asocia\u021bia de Dezvoltare Intercomunitar\u0103 pentru Transport Public Bucure\u0219ti \u2013 Ilfov (TPBI) a dispus ca autobuzele\u00a0liniei 163\u00a0s\u0103 opreasc\u0103 \u0219i \u00een sta\u021bia\u00a0\u201e\u0218tirbei Vod\u0103\u201d, pe sensul spre \u201ePia\u021ba Operei\u201d, comun cu troleibuzele liniei 96 \u0219i autobuzele liniei 196.<\/p>\n\n\n\n<p><\/p>\n\n\n\n<p>sursa foto cover: Forumul \u201eMetrou U\u0219or\u201d<\/p>\n","protected":false},"excerpt":{"rendered":"<p>Linia N10\u00a0va func\u021biona pe un traseu modificat \u00een\u00a0nop\u021bile de vineri, s\u00e2mb\u0103t\u0103 \u0219i duminic\u0103 (03\/04, 04\/05 \u0219i 05\/06 februarie 2023), av\u00e2nd \u00een vedere restric\u021bionarea traficului auto pe \u0218oseaua Orhideelor (la intersec\u021bia cu Bd. Dinicu Golescu), pentru a permite montarea unei macarale, anun\u021b\u0103 Asocia\u021bia de Dezvoltare Intercomunitar\u0103 pentru Transport Public Bucure\u0219ti \u2013 Ilfov (TPBI). Astfel, autobuzele liniei [&hellip;]<\/p>\n","protected":false},"author":18,"featured_media":53325,"comment_status":"closed","ping_status":"open","sticky":false,"template":"","format":"standard","meta":{"_acf_changed":false,"inline_featured_image":false,"ngg_post_thumbnail":0,"footnotes":""},"categories":[62],"tags":[9,2844,402,4432],"ppma_author":[22579],"class_list":["post-53324","post","type-post","status-publish","format-standard","has-post-thumbnail","hentry","category-stiri","tag-bucuresti","tag-modificari","tag-stb","tag-trasee"],"acf":[],"yoast_head":"<!-- This site is optimized with the Yoast SEO Premium plugin v25.3 (Yoast SEO v27.4) - https:\/\/yoast.com\/product\/yoast-seo-premium-wordpress\/ -->\n<title>Modific\u0103ri de trasee STB - Buletin de Bucure\u0219ti<\/title>\n<meta name=\"robots\" content=\"index, follow, max-snippet:-1, max-image-preview:large, max-video-preview:-1\" \/>\n<link rel=\"canonical\" href=\"https:\/\/buletin.de\/bucuresti\/modificari-de-trasee-stb\/\" \/>\n<meta property=\"og:locale\" content=\"en_GB\" \/>\n<meta property=\"og:type\" content=\"article\" \/>\n<meta property=\"og:title\" content=\"Modific\u0103ri de trasee STB\" \/>\n<meta property=\"og:description\" content=\"Linia N10\u00a0va func\u021biona pe un traseu modificat \u00een\u00a0nop\u021bile de vineri, s\u00e2mb\u0103t\u0103 \u0219i duminic\u0103 (03\/04, 04\/05 \u0219i 05\/06 februarie 2023), av\u00e2nd \u00een vedere restric\u021bionarea traficului auto pe \u0218oseaua Orhideelor (la intersec\u021bia cu Bd. Dinicu Golescu), pentru a permite montarea unei macarale, anun\u021b\u0103 Asocia\u021bia de Dezvoltare Intercomunitar\u0103 pentru Transport Public Bucure\u0219ti \u2013 Ilfov (TPBI). Astfel, autobuzele liniei [&hellip;]\" \/>\n<meta property=\"og:url\" content=\"https:\/\/buletin.de\/bucuresti\/modificari-de-trasee-stb\/\" \/>\n<meta property=\"og:site_name\" content=\"Buletin de Bucure\u0219ti\" \/>\n<meta property=\"article:publisher\" content=\"https:\/\/www.facebook.com\/buletin.de.buc\" \/>\n<meta property=\"article:published_time\" content=\"2023-02-03T10:33:55+00:00\" \/>\n<meta property=\"article:modified_time\" content=\"2023-02-03T10:33:56+00:00\" \/>\n<meta property=\"og:image\" content=\"https:\/\/buletin.de\/bucuresti\/wp-content\/uploads\/Autobuz-linia-N10-scaled-1.jpg\" \/>\n\t<meta property=\"og:image:width\" content=\"2000\" \/>\n\t<meta property=\"og:image:height\" content=\"1500\" \/>\n\t<meta property=\"og:image:type\" content=\"image\/jpeg\" \/>\n<meta name=\"author\" content=\"Teodora Stroe\" \/>\n<meta name=\"twitter:card\" content=\"summary_large_image\" \/>\n<meta name=\"twitter:label1\" content=\"Written by\" \/>\n\t<meta name=\"twitter:data1\" content=\"Teodora Stroe\" \/>\n\t<meta name=\"twitter:label2\" content=\"Estimated reading time\" \/>\n\t<meta name=\"twitter:data2\" content=\"1 minute\" \/>\n<script type=\"application\/ld+json\" class=\"yoast-schema-graph\">{\"@context\":\"https:\\\/\\\/schema.org\",\"@graph\":[{\"@type\":\"Article\",\"@id\":\"https:\\\/\\\/buletin.de\\\/bucuresti\\\/modificari-de-trasee-stb\\\/#article\",\"isPartOf\":{\"@id\":\"https:\\\/\\\/buletin.de\\\/bucuresti\\\/modificari-de-trasee-stb\\\/\"},\"author\":{\"name\":\"Teodora Stroe\",\"@id\":\"https:\\\/\\\/buletin.de\\\/bucuresti\\\/#\\\/schema\\\/person\\\/d369d7ddc775abece205795e0b804614\"},\"headline\":\"Modific\u0103ri de trasee STB\",\"datePublished\":\"2023-02-03T10:33:55+00:00\",\"dateModified\":\"2023-02-03T10:33:56+00:00\",\"mainEntityOfPage\":{\"@id\":\"https:\\\/\\\/buletin.de\\\/bucuresti\\\/modificari-de-trasee-stb\\\/\"},\"wordCount\":221,\"publisher\":{\"@id\":\"https:\\\/\\\/buletin.de\\\/bucuresti\\\/#organization\"},\"image\":{\"@id\":\"https:\\\/\\\/buletin.de\\\/bucuresti\\\/modificari-de-trasee-stb\\\/#primaryimage\"},\"thumbnailUrl\":\"https:\\\/\\\/buletin.de\\\/bucuresti\\\/wp-content\\\/uploads\\\/Autobuz-linia-N10-scaled-1.jpg\",\"keywords\":[\"bucuresti\",\"modificari\",\"stb\",\"trasee\"],\"articleSection\":[\"\u0218tiri\"],\"inLanguage\":\"en-GB\",\"copyrightYear\":\"2023\",\"copyrightHolder\":{\"@id\":\"https:\\\/\\\/buletin.de\\\/bucuresti\\\/#organization\"}},{\"@type\":\"WebPage\",\"@id\":\"https:\\\/\\\/buletin.de\\\/bucuresti\\\/modificari-de-trasee-stb\\\/\",\"url\":\"https:\\\/\\\/buletin.de\\\/bucuresti\\\/modificari-de-trasee-stb\\\/\",\"name\":\"Modific\u0103ri de trasee STB - Buletin de Bucure\u0219ti\",\"isPartOf\":{\"@id\":\"https:\\\/\\\/buletin.de\\\/bucuresti\\\/#website\"},\"primaryImageOfPage\":{\"@id\":\"https:\\\/\\\/buletin.de\\\/bucuresti\\\/modificari-de-trasee-stb\\\/#primaryimage\"},\"image\":{\"@id\":\"https:\\\/\\\/buletin.de\\\/bucuresti\\\/modificari-de-trasee-stb\\\/#primaryimage\"},\"thumbnailUrl\":\"https:\\\/\\\/buletin.de\\\/bucuresti\\\/wp-content\\\/uploads\\\/Autobuz-linia-N10-scaled-1.jpg\",\"datePublished\":\"2023-02-03T10:33:55+00:00\",\"dateModified\":\"2023-02-03T10:33:56+00:00\",\"breadcrumb\":{\"@id\":\"https:\\\/\\\/buletin.de\\\/bucuresti\\\/modificari-de-trasee-stb\\\/#breadcrumb\"},\"inLanguage\":\"en-GB\",\"potentialAction\":[{\"@type\":\"ReadAction\",\"target\":[\"https:\\\/\\\/buletin.de\\\/bucuresti\\\/modificari-de-trasee-stb\\\/\"]}]},{\"@type\":\"ImageObject\",\"inLanguage\":\"en-GB\",\"@id\":\"https:\\\/\\\/buletin.de\\\/bucuresti\\\/modificari-de-trasee-stb\\\/#primaryimage\",\"url\":\"https:\\\/\\\/buletin.de\\\/bucuresti\\\/wp-content\\\/uploads\\\/Autobuz-linia-N10-scaled-1.jpg\",\"contentUrl\":\"https:\\\/\\\/buletin.de\\\/bucuresti\\\/wp-content\\\/uploads\\\/Autobuz-linia-N10-scaled-1.jpg\",\"width\":2000,\"height\":1500},{\"@type\":\"BreadcrumbList\",\"@id\":\"https:\\\/\\\/buletin.de\\\/bucuresti\\\/modificari-de-trasee-stb\\\/#breadcrumb\",\"itemListElement\":[{\"@type\":\"ListItem\",\"position\":1,\"name\":\"Acas\u0103\",\"item\":\"https:\\\/\\\/buletin.de\\\/bucuresti\\\/\"},{\"@type\":\"ListItem\",\"position\":2,\"name\":\"Modific\u0103ri de trasee STB\"}]},{\"@type\":\"WebSite\",\"@id\":\"https:\\\/\\\/buletin.de\\\/bucuresti\\\/#website\",\"url\":\"https:\\\/\\\/buletin.de\\\/bucuresti\\\/\",\"name\":\"Buletin de Bucure\u0219ti\",\"description\":\"\u0218tiri \u0219i investiga\u021bii esen\u021biale din capital\u0103\",\"publisher\":{\"@id\":\"https:\\\/\\\/buletin.de\\\/bucuresti\\\/#organization\"},\"potentialAction\":[{\"@type\":\"SearchAction\",\"target\":{\"@type\":\"EntryPoint\",\"urlTemplate\":\"https:\\\/\\\/buletin.de\\\/bucuresti\\\/?s={search_term_string}\"},\"query-input\":{\"@type\":\"PropertyValueSpecification\",\"valueRequired\":true,\"valueName\":\"search_term_string\"}}],\"inLanguage\":\"en-GB\"},{\"@type\":\"Organization\",\"@id\":\"https:\\\/\\\/buletin.de\\\/bucuresti\\\/#organization\",\"name\":\"Buletin de Bucure\u0219ti\",\"url\":\"https:\\\/\\\/buletin.de\\\/bucuresti\\\/\",\"logo\":{\"@type\":\"ImageObject\",\"inLanguage\":\"en-GB\",\"@id\":\"https:\\\/\\\/buletin.de\\\/bucuresti\\\/#\\\/schema\\\/logo\\\/image\\\/\",\"url\":\"https:\\\/\\\/buletin.de\\\/bucuresti\\\/wp-content\\\/uploads\\\/logo-bdb-full-wide-vernil-transparent.png\",\"contentUrl\":\"https:\\\/\\\/buletin.de\\\/bucuresti\\\/wp-content\\\/uploads\\\/logo-bdb-full-wide-vernil-transparent.png\",\"width\":1782,\"height\":626,\"caption\":\"Buletin de Bucure\u0219ti\"},\"image\":{\"@id\":\"https:\\\/\\\/buletin.de\\\/bucuresti\\\/#\\\/schema\\\/logo\\\/image\\\/\"},\"sameAs\":[\"https:\\\/\\\/www.facebook.com\\\/buletin.de.buc\",\"https:\\\/\\\/www.instagram.com\\\/buletinde.bucuresti\\\/\"]},{\"@type\":\"Person\",\"@id\":\"https:\\\/\\\/buletin.de\\\/bucuresti\\\/#\\\/schema\\\/person\\\/d369d7ddc775abece205795e0b804614\",\"name\":\"Teodora Stroe\",\"image\":{\"@type\":\"ImageObject\",\"inLanguage\":\"en-GB\",\"@id\":\"https:\\\/\\\/secure.gravatar.com\\\/avatar\\\/2560b4cd9f5f1bc100b123158e657d75584bd1c3e1d9c69285720b9457c1b78d?s=96&d=monsterid&r=gc104800242ba5f2d78dd5d7dc4df08b6\",\"url\":\"https:\\\/\\\/secure.gravatar.com\\\/avatar\\\/2560b4cd9f5f1bc100b123158e657d75584bd1c3e1d9c69285720b9457c1b78d?s=96&d=monsterid&r=g\",\"contentUrl\":\"https:\\\/\\\/secure.gravatar.com\\\/avatar\\\/2560b4cd9f5f1bc100b123158e657d75584bd1c3e1d9c69285720b9457c1b78d?s=96&d=monsterid&r=g\",\"caption\":\"Teodora Stroe\"},\"url\":\"https:\\\/\\\/buletin.de\\\/bucuresti\\\/author\\\/simonacarlugea\\\/\"}]}<\/script>\n<!-- \/ Yoast SEO Premium plugin. -->","yoast_head_json":{"title":"Modific\u0103ri de trasee STB - Buletin de Bucure\u0219ti","robots":{"index":"index","follow":"follow","max-snippet":"max-snippet:-1","max-image-preview":"max-image-preview:large","max-video-preview":"max-video-preview:-1"},"canonical":"https:\/\/buletin.de\/bucuresti\/modificari-de-trasee-stb\/","og_locale":"en_GB","og_type":"article","og_title":"Modific\u0103ri de trasee STB","og_description":"Linia N10\u00a0va func\u021biona pe un traseu modificat \u00een\u00a0nop\u021bile de vineri, s\u00e2mb\u0103t\u0103 \u0219i duminic\u0103 (03\/04, 04\/05 \u0219i 05\/06 februarie 2023), av\u00e2nd \u00een vedere restric\u021bionarea traficului auto pe \u0218oseaua Orhideelor (la intersec\u021bia cu Bd. Dinicu Golescu), pentru a permite montarea unei macarale, anun\u021b\u0103 Asocia\u021bia de Dezvoltare Intercomunitar\u0103 pentru Transport Public Bucure\u0219ti \u2013 Ilfov (TPBI). Astfel, autobuzele liniei [&hellip;]","og_url":"https:\/\/buletin.de\/bucuresti\/modificari-de-trasee-stb\/","og_site_name":"Buletin de Bucure\u0219ti","article_publisher":"https:\/\/www.facebook.com\/buletin.de.buc","article_published_time":"2023-02-03T10:33:55+00:00","article_modified_time":"2023-02-03T10:33:56+00:00","og_image":[{"width":2000,"height":1500,"url":"https:\/\/buletin.de\/bucuresti\/wp-content\/uploads\/Autobuz-linia-N10-scaled-1.jpg","type":"image\/jpeg"}],"author":"Teodora Stroe","twitter_card":"summary_large_image","twitter_misc":{"Written by":"Teodora Stroe","Estimated reading time":"1 minute"},"schema":{"@context":"https:\/\/schema.org","@graph":[{"@type":"Article","@id":"https:\/\/buletin.de\/bucuresti\/modificari-de-trasee-stb\/#article","isPartOf":{"@id":"https:\/\/buletin.de\/bucuresti\/modificari-de-trasee-stb\/"},"author":{"name":"Teodora Stroe","@id":"https:\/\/buletin.de\/bucuresti\/#\/schema\/person\/d369d7ddc775abece205795e0b804614"},"headline":"Modific\u0103ri de trasee STB","datePublished":"2023-02-03T10:33:55+00:00","dateModified":"2023-02-03T10:33:56+00:00","mainEntityOfPage":{"@id":"https:\/\/buletin.de\/bucuresti\/modificari-de-trasee-stb\/"},"wordCount":221,"publisher":{"@id":"https:\/\/buletin.de\/bucuresti\/#organization"},"image":{"@id":"https:\/\/buletin.de\/bucuresti\/modificari-de-trasee-stb\/#primaryimage"},"thumbnailUrl":"https:\/\/buletin.de\/bucuresti\/wp-content\/uploads\/Autobuz-linia-N10-scaled-1.jpg","keywords":["bucuresti","modificari","stb","trasee"],"articleSection":["\u0218tiri"],"inLanguage":"en-GB","copyrightYear":"2023","copyrightHolder":{"@id":"https:\/\/buletin.de\/bucuresti\/#organization"}},{"@type":"WebPage","@id":"https:\/\/buletin.de\/bucuresti\/modificari-de-trasee-stb\/","url":"https:\/\/buletin.de\/bucuresti\/modificari-de-trasee-stb\/","name":"Modific\u0103ri de trasee STB - Buletin de Bucure\u0219ti","isPartOf":{"@id":"https:\/\/buletin.de\/bucuresti\/#website"},"primaryImageOfPage":{"@id":"https:\/\/buletin.de\/bucuresti\/modificari-de-trasee-stb\/#primaryimage"},"image":{"@id":"https:\/\/buletin.de\/bucuresti\/modificari-de-trasee-stb\/#primaryimage"},"thumbnailUrl":"https:\/\/buletin.de\/bucuresti\/wp-content\/uploads\/Autobuz-linia-N10-scaled-1.jpg","datePublished":"2023-02-03T10:33:55+00:00","dateModified":"2023-02-03T10:33:56+00:00","breadcrumb":{"@id":"https:\/\/buletin.de\/bucuresti\/modificari-de-trasee-stb\/#breadcrumb"},"inLanguage":"en-GB","potentialAction":[{"@type":"ReadAction","target":["https:\/\/buletin.de\/bucuresti\/modificari-de-trasee-stb\/"]}]},{"@type":"ImageObject","inLanguage":"en-GB","@id":"https:\/\/buletin.de\/bucuresti\/modificari-de-trasee-stb\/#primaryimage","url":"https:\/\/buletin.de\/bucuresti\/wp-content\/uploads\/Autobuz-linia-N10-scaled-1.jpg","contentUrl":"https:\/\/buletin.de\/bucuresti\/wp-content\/uploads\/Autobuz-linia-N10-scaled-1.jpg","width":2000,"height":1500},{"@type":"BreadcrumbList","@id":"https:\/\/buletin.de\/bucuresti\/modificari-de-trasee-stb\/#breadcrumb","itemListElement":[{"@type":"ListItem","position":1,"name":"Acas\u0103","item":"https:\/\/buletin.de\/bucuresti\/"},{"@type":"ListItem","position":2,"name":"Modific\u0103ri de trasee STB"}]},{"@type":"WebSite","@id":"https:\/\/buletin.de\/bucuresti\/#website","url":"https:\/\/buletin.de\/bucuresti\/","name":"Buletin de Bucure\u0219ti","description":"\u0218tiri \u0219i investiga\u021bii esen\u021biale din capital\u0103","publisher":{"@id":"https:\/\/buletin.de\/bucuresti\/#organization"},"potentialAction":[{"@type":"SearchAction","target":{"@type":"EntryPoint","urlTemplate":"https:\/\/buletin.de\/bucuresti\/?s={search_term_string}"},"query-input":{"@type":"PropertyValueSpecification","valueRequired":true,"valueName":"search_term_string"}}],"inLanguage":"en-GB"},{"@type":"Organization","@id":"https:\/\/buletin.de\/bucuresti\/#organization","name":"Buletin de Bucure\u0219ti","url":"https:\/\/buletin.de\/bucuresti\/","logo":{"@type":"ImageObject","inLanguage":"en-GB","@id":"https:\/\/buletin.de\/bucuresti\/#\/schema\/logo\/image\/","url":"https:\/\/buletin.de\/bucuresti\/wp-content\/uploads\/logo-bdb-full-wide-vernil-transparent.png","contentUrl":"https:\/\/buletin.de\/bucuresti\/wp-content\/uploads\/logo-bdb-full-wide-vernil-transparent.png","width":1782,"height":626,"caption":"Buletin de Bucure\u0219ti"},"image":{"@id":"https:\/\/buletin.de\/bucuresti\/#\/schema\/logo\/image\/"},"sameAs":["https:\/\/www.facebook.com\/buletin.de.buc","https:\/\/www.instagram.com\/buletinde.bucuresti\/"]},{"@type":"Person","@id":"https:\/\/buletin.de\/bucuresti\/#\/schema\/person\/d369d7ddc775abece205795e0b804614","name":"Teodora Stroe","image":{"@type":"ImageObject","inLanguage":"en-GB","@id":"https:\/\/secure.gravatar.com\/avatar\/2560b4cd9f5f1bc100b123158e657d75584bd1c3e1d9c69285720b9457c1b78d?s=96&d=monsterid&r=gc104800242ba5f2d78dd5d7dc4df08b6","url":"https:\/\/secure.gravatar.com\/avatar\/2560b4cd9f5f1bc100b123158e657d75584bd1c3e1d9c69285720b9457c1b78d?s=96&d=monsterid&r=g","contentUrl":"https:\/\/secure.gravatar.com\/avatar\/2560b4cd9f5f1bc100b123158e657d75584bd1c3e1d9c69285720b9457c1b78d?s=96&d=monsterid&r=g","caption":"Teodora Stroe"},"url":"https:\/\/buletin.de\/bucuresti\/author\/simonacarlugea\/"}]}},"authors":[{"term_id":22579,"user_id":18,"is_guest":0,"slug":"simonacarlugea","display_name":"Teodora Stroe","avatar_url":"https:\/\/secure.gravatar.com\/avatar\/2560b4cd9f5f1bc100b123158e657d75584bd1c3e1d9c69285720b9457c1b78d?s=96&d=monsterid&r=g","0":null,"1":"","2":"","3":"","4":"","5":"","6":"","7":"","8":""}],"_links":{"self":[{"href":"https:\/\/buletin.de\/bucuresti\/wp-json\/wp\/v2\/posts\/53324","targetHints":{"allow":["GET"]}}],"collection":[{"href":"https:\/\/buletin.de\/bucuresti\/wp-json\/wp\/v2\/posts"}],"about":[{"href":"https:\/\/buletin.de\/bucuresti\/wp-json\/wp\/v2\/types\/post"}],"author":[{"embeddable":true,"href":"https:\/\/buletin.de\/bucuresti\/wp-json\/wp\/v2\/users\/18"}],"replies":[{"embeddable":true,"href":"https:\/\/buletin.de\/bucuresti\/wp-json\/wp\/v2\/comments?post=53324"}],"version-history":[{"count":1,"href":"https:\/\/buletin.de\/bucuresti\/wp-json\/wp\/v2\/posts\/53324\/revisions"}],"predecessor-version":[{"id":53326,"href":"https:\/\/buletin.de\/bucuresti\/wp-json\/wp\/v2\/posts\/53324\/revisions\/53326"}],"wp:featuredmedia":[{"embeddable":true,"href":"https:\/\/buletin.de\/bucuresti\/wp-json\/wp\/v2\/media\/53325"}],"wp:attachment":[{"href":"https:\/\/buletin.de\/bucuresti\/wp-json\/wp\/v2\/media?parent=53324"}],"wp:term":[{"taxonomy":"category","embeddable":true,"href":"https:\/\/buletin.de\/bucuresti\/wp-json\/wp\/v2\/categories?post=53324"},{"taxonomy":"post_tag","embeddable":true,"href":"https:\/\/buletin.de\/bucuresti\/wp-json\/wp\/v2\/tags?post=53324"},{"taxonomy":"author","embeddable":true,"href":"https:\/\/buletin.de\/bucuresti\/wp-json\/wp\/v2\/ppma_author?post=53324"}],"curies":[{"name":"wp","href":"https:\/\/api.w.org\/{rel}","templated":true}]}}