{"id":5317,"date":"2020-04-02T08:53:24","date_gmt":"2020-04-02T05:53:24","guid":{"rendered":"https:\/\/buletin.de\/bucuresti\/?p=5317"},"modified":"2020-04-02T08:53:24","modified_gmt":"2020-04-02T05:53:24","slug":"covid-19-in-tara-un-medic-infectat-din-prahova-lipseste-din-documentele-oficiale-ale-grupului-de-informare-strategica","status":"publish","type":"post","link":"https:\/\/buletin.de\/bucuresti\/covid-19-in-tara-un-medic-infectat-din-prahova-lipseste-din-documentele-oficiale-ale-grupului-de-informare-strategica\/","title":{"rendered":"Covid-19 \u00een \u021bar\u0103 &#8211; Un medic infectat din Prahova lipse\u0219te din documentele oficiale ale Grupului de Informare Strategic\u0103"},"content":{"rendered":"\n<p><br><\/p>\n\n\n\n<p><strong>Grupul de Informare Strategic\u0103 a comunicat ultimele date privind num\u0103rul de medici infecta\u021bi \u0219i distribu\u021bia pe jude\u021be, pe 1 aprilie, la ora 21.00. Din informa\u021biile furnizate de institu\u021bia care se ocup\u0103 de centralizarea datelor despre bolnavii infecta\u021bi cu Covid-19 din Rom\u00e2nia rezulta c\u0103, la acea dat\u0103 erau confirmate 357 de \u00eemboln\u0103viri \u00een r\u00e2ndul personalului medical din \u021bar\u0103.&nbsp; Niciuna dintre persoanele diagnosticate cu Covid-19 nu era \u00een jude\u021bul Prahova. <\/strong><\/p>\n\n\n\n<p><br><\/p>\n\n\n\n<p>Cu zece ore \u00eenainte de anun\u021bul oficial al Grupului de Informare Strategic\u0103, un spital privat din Poiana C\u00e2mpina, Prahova, \u00ee\u0219i informa, oficial, pacien\u021bii c\u0103 un medic a fost confirmat pozitiv la testul Covid-19, cu o zi \u00eenainte, pe 31 martie. Mai mult, conducerea spitalului privat anun\u021ba c\u0103 \u201cimediat ce s-a comunicat rezultatul, conducerea Sanconfind, \u00een colaborare cu DSP Prahova a efectuat, \u00een aceea\u0219i zi, ancheta epidemiologic\u0103. Conform metodologiei na\u021bionale, au fost identifica\u021bi contactii apropiati si au intrat in izolare pentru 14 zile de la data contactului direct cu persoana infectata. Dintre contacti, 3 persoane sunt simptomatice \u0219i acestora li se efectueaz\u0103 testul RT-PCR. De precizat ca \u00een urma anchetei epidemiologice nu s-a putut identifica sursa infectarii medicului \u00een cauz\u0103.\u201d Asta rezult\u0103 c\u0103 DSP Prahova, institu\u021bia care ar fi trebuit s\u0103  comunicate datele oficiale c\u0103tre centru avea informa\u021bia de mai bine de 25 de ore. <br><\/p>\n\n\n\n<figure class=\"wp-block-embed-facebook wp-block-embed is-type-rich is-provider-facebook\"><div class=\"wp-block-embed__wrapper\">\nhttps:\/\/www.facebook.com\/SanConfind\/photos\/a.1570852283167571\/2525751737677616\/?type=3&#038;theater\n<\/div><\/figure>\n\n\n\n<p>Spitalul Privat a anun\u021bat, de asemenea, c\u0103 va face dezinfec\u021bie, iar sec\u021bia de obstretic\u0103-ginecologie va fi redeschis\u0103 abia pe 6 aprilie. Trei dintre cei cu care medicul intrase \u00een contact av\u00e2nd simptomele infect\u0103rii cu Covid 19.<\/p>\n\n\n\n<p><\/p>\n\n\n\n<p>Surs\u0103 foto: Unsplash<\/p>\n","protected":false},"excerpt":{"rendered":"<p>Grupul de Informare Strategic\u0103 a comunicat ultimele date privind num\u0103rul de medici infecta\u021bi \u0219i distribu\u021bia pe jude\u021be, pe 1 aprilie, la ora 21.00. Din informa\u021biile furnizate de institu\u021bia care se ocup\u0103 de centralizarea datelor despre bolnavii infecta\u021bi cu Covid-19 din Rom\u00e2nia rezulta c\u0103, la acea dat\u0103 erau confirmate 357 de \u00eemboln\u0103viri \u00een r\u00e2ndul personalului medical [&hellip;]<\/p>\n","protected":false},"author":2,"featured_media":5319,"comment_status":"closed","ping_status":"open","sticky":false,"template":"","format":"standard","meta":{"_acf_changed":false,"inline_featured_image":false,"ngg_post_thumbnail":0,"footnotes":""},"categories":[1],"tags":[],"ppma_author":[22584],"class_list":["post-5317","post","type-post","status-publish","format-standard","has-post-thumbnail","hentry","category-diverse"],"acf":[],"yoast_head":"<!-- This site is optimized with the Yoast SEO Premium plugin v25.3 (Yoast SEO v27.5) - https:\/\/yoast.com\/product\/yoast-seo-premium-wordpress\/ -->\n<title>Covid-19 \u00een \u021bar\u0103 - Un medic infectat din Prahova lipse\u0219te din documentele oficiale ale Grupului de Informare Strategic\u0103 - Buletin de Bucure\u0219ti<\/title>\n<meta name=\"robots\" content=\"index, follow, max-snippet:-1, max-image-preview:large, max-video-preview:-1\" \/>\n<link rel=\"canonical\" href=\"https:\/\/buletin.de\/bucuresti\/covid-19-in-tara-un-medic-infectat-din-prahova-lipseste-din-documentele-oficiale-ale-grupului-de-informare-strategica\/\" \/>\n<meta property=\"og:locale\" content=\"en_GB\" \/>\n<meta property=\"og:type\" content=\"article\" \/>\n<meta property=\"og:title\" content=\"Covid-19 \u00een \u021bar\u0103 - Un medic infectat din Prahova lipse\u0219te din documentele oficiale ale Grupului de Informare Strategic\u0103\" \/>\n<meta property=\"og:description\" content=\"Grupul de Informare Strategic\u0103 a comunicat ultimele date privind num\u0103rul de medici infecta\u021bi \u0219i distribu\u021bia pe jude\u021be, pe 1 aprilie, la ora 21.00. Din informa\u021biile furnizate de institu\u021bia care se ocup\u0103 de centralizarea datelor despre bolnavii infecta\u021bi cu Covid-19 din Rom\u00e2nia rezulta c\u0103, la acea dat\u0103 erau confirmate 357 de \u00eemboln\u0103viri \u00een r\u00e2ndul personalului medical [&hellip;]\" \/>\n<meta property=\"og:url\" content=\"https:\/\/buletin.de\/bucuresti\/covid-19-in-tara-un-medic-infectat-din-prahova-lipseste-din-documentele-oficiale-ale-grupului-de-informare-strategica\/\" \/>\n<meta property=\"og:site_name\" content=\"Buletin de Bucure\u0219ti\" \/>\n<meta property=\"article:publisher\" content=\"https:\/\/www.facebook.com\/buletin.de.buc\" \/>\n<meta property=\"article:published_time\" content=\"2020-04-02T05:53:24+00:00\" \/>\n<meta property=\"og:image\" content=\"https:\/\/buletin.de\/bucuresti\/wp-content\/uploads\/online-marketing-hIgeoQjS_iE-unsplash-scaled.jpg\" \/>\n\t<meta property=\"og:image:width\" content=\"2560\" \/>\n\t<meta property=\"og:image:height\" content=\"1440\" \/>\n\t<meta property=\"og:image:type\" content=\"image\/jpeg\" \/>\n<meta name=\"author\" content=\"Oana Despa\" \/>\n<meta name=\"twitter:card\" content=\"summary_large_image\" \/>\n<meta name=\"twitter:label1\" content=\"Written by\" \/>\n\t<meta name=\"twitter:data1\" content=\"Oana Despa\" \/>\n\t<meta name=\"twitter:label2\" content=\"Estimated reading time\" \/>\n\t<meta name=\"twitter:data2\" content=\"1 minute\" \/>\n<script type=\"application\/ld+json\" class=\"yoast-schema-graph\">{\"@context\":\"https:\\\/\\\/schema.org\",\"@graph\":[{\"@type\":\"Article\",\"@id\":\"https:\\\/\\\/buletin.de\\\/bucuresti\\\/covid-19-in-tara-un-medic-infectat-din-prahova-lipseste-din-documentele-oficiale-ale-grupului-de-informare-strategica\\\/#article\",\"isPartOf\":{\"@id\":\"https:\\\/\\\/buletin.de\\\/bucuresti\\\/covid-19-in-tara-un-medic-infectat-din-prahova-lipseste-din-documentele-oficiale-ale-grupului-de-informare-strategica\\\/\"},\"author\":{\"name\":\"Oana Despa\",\"@id\":\"https:\\\/\\\/buletin.de\\\/bucuresti\\\/#\\\/schema\\\/person\\\/f02780e5e00039cf0bc1d929798d0239\"},\"headline\":\"Covid-19 \u00een \u021bar\u0103 &#8211; Un medic infectat din Prahova lipse\u0219te din documentele oficiale ale Grupului de Informare Strategic\u0103\",\"datePublished\":\"2020-04-02T05:53:24+00:00\",\"mainEntityOfPage\":{\"@id\":\"https:\\\/\\\/buletin.de\\\/bucuresti\\\/covid-19-in-tara-un-medic-infectat-din-prahova-lipseste-din-documentele-oficiale-ale-grupului-de-informare-strategica\\\/\"},\"wordCount\":299,\"publisher\":{\"@id\":\"https:\\\/\\\/buletin.de\\\/bucuresti\\\/#organization\"},\"image\":{\"@id\":\"https:\\\/\\\/buletin.de\\\/bucuresti\\\/covid-19-in-tara-un-medic-infectat-din-prahova-lipseste-din-documentele-oficiale-ale-grupului-de-informare-strategica\\\/#primaryimage\"},\"thumbnailUrl\":\"https:\\\/\\\/buletin.de\\\/bucuresti\\\/wp-content\\\/uploads\\\/online-marketing-hIgeoQjS_iE-unsplash-scaled.jpg\",\"articleSection\":[\"Diverse\"],\"inLanguage\":\"en-GB\",\"copyrightYear\":\"2020\",\"copyrightHolder\":{\"@id\":\"https:\\\/\\\/buletin.de\\\/bucuresti\\\/#organization\"}},{\"@type\":\"WebPage\",\"@id\":\"https:\\\/\\\/buletin.de\\\/bucuresti\\\/covid-19-in-tara-un-medic-infectat-din-prahova-lipseste-din-documentele-oficiale-ale-grupului-de-informare-strategica\\\/\",\"url\":\"https:\\\/\\\/buletin.de\\\/bucuresti\\\/covid-19-in-tara-un-medic-infectat-din-prahova-lipseste-din-documentele-oficiale-ale-grupului-de-informare-strategica\\\/\",\"name\":\"Covid-19 \u00een \u021bar\u0103 - Un medic infectat din Prahova lipse\u0219te din documentele oficiale ale Grupului de Informare Strategic\u0103 - Buletin de Bucure\u0219ti\",\"isPartOf\":{\"@id\":\"https:\\\/\\\/buletin.de\\\/bucuresti\\\/#website\"},\"primaryImageOfPage\":{\"@id\":\"https:\\\/\\\/buletin.de\\\/bucuresti\\\/covid-19-in-tara-un-medic-infectat-din-prahova-lipseste-din-documentele-oficiale-ale-grupului-de-informare-strategica\\\/#primaryimage\"},\"image\":{\"@id\":\"https:\\\/\\\/buletin.de\\\/bucuresti\\\/covid-19-in-tara-un-medic-infectat-din-prahova-lipseste-din-documentele-oficiale-ale-grupului-de-informare-strategica\\\/#primaryimage\"},\"thumbnailUrl\":\"https:\\\/\\\/buletin.de\\\/bucuresti\\\/wp-content\\\/uploads\\\/online-marketing-hIgeoQjS_iE-unsplash-scaled.jpg\",\"datePublished\":\"2020-04-02T05:53:24+00:00\",\"breadcrumb\":{\"@id\":\"https:\\\/\\\/buletin.de\\\/bucuresti\\\/covid-19-in-tara-un-medic-infectat-din-prahova-lipseste-din-documentele-oficiale-ale-grupului-de-informare-strategica\\\/#breadcrumb\"},\"inLanguage\":\"en-GB\",\"potentialAction\":[{\"@type\":\"ReadAction\",\"target\":[\"https:\\\/\\\/buletin.de\\\/bucuresti\\\/covid-19-in-tara-un-medic-infectat-din-prahova-lipseste-din-documentele-oficiale-ale-grupului-de-informare-strategica\\\/\"]}]},{\"@type\":\"ImageObject\",\"inLanguage\":\"en-GB\",\"@id\":\"https:\\\/\\\/buletin.de\\\/bucuresti\\\/covid-19-in-tara-un-medic-infectat-din-prahova-lipseste-din-documentele-oficiale-ale-grupului-de-informare-strategica\\\/#primaryimage\",\"url\":\"https:\\\/\\\/buletin.de\\\/bucuresti\\\/wp-content\\\/uploads\\\/online-marketing-hIgeoQjS_iE-unsplash-scaled.jpg\",\"contentUrl\":\"https:\\\/\\\/buletin.de\\\/bucuresti\\\/wp-content\\\/uploads\\\/online-marketing-hIgeoQjS_iE-unsplash-scaled.jpg\",\"width\":2560,\"height\":1440},{\"@type\":\"BreadcrumbList\",\"@id\":\"https:\\\/\\\/buletin.de\\\/bucuresti\\\/covid-19-in-tara-un-medic-infectat-din-prahova-lipseste-din-documentele-oficiale-ale-grupului-de-informare-strategica\\\/#breadcrumb\",\"itemListElement\":[{\"@type\":\"ListItem\",\"position\":1,\"name\":\"Acas\u0103\",\"item\":\"https:\\\/\\\/buletin.de\\\/bucuresti\\\/\"},{\"@type\":\"ListItem\",\"position\":2,\"name\":\"Covid-19 \u00een \u021bar\u0103 &#8211; Un medic infectat din Prahova lipse\u0219te din documentele oficiale ale Grupului de Informare Strategic\u0103\"}]},{\"@type\":\"WebSite\",\"@id\":\"https:\\\/\\\/buletin.de\\\/bucuresti\\\/#website\",\"url\":\"https:\\\/\\\/buletin.de\\\/bucuresti\\\/\",\"name\":\"Buletin de Bucure\u0219ti\",\"description\":\"\u0218tiri \u0219i investiga\u021bii esen\u021biale din capital\u0103\",\"publisher\":{\"@id\":\"https:\\\/\\\/buletin.de\\\/bucuresti\\\/#organization\"},\"potentialAction\":[{\"@type\":\"SearchAction\",\"target\":{\"@type\":\"EntryPoint\",\"urlTemplate\":\"https:\\\/\\\/buletin.de\\\/bucuresti\\\/?s={search_term_string}\"},\"query-input\":{\"@type\":\"PropertyValueSpecification\",\"valueRequired\":true,\"valueName\":\"search_term_string\"}}],\"inLanguage\":\"en-GB\"},{\"@type\":\"Organization\",\"@id\":\"https:\\\/\\\/buletin.de\\\/bucuresti\\\/#organization\",\"name\":\"Buletin de Bucure\u0219ti\",\"url\":\"https:\\\/\\\/buletin.de\\\/bucuresti\\\/\",\"logo\":{\"@type\":\"ImageObject\",\"inLanguage\":\"en-GB\",\"@id\":\"https:\\\/\\\/buletin.de\\\/bucuresti\\\/#\\\/schema\\\/logo\\\/image\\\/\",\"url\":\"https:\\\/\\\/buletin.de\\\/bucuresti\\\/wp-content\\\/uploads\\\/logo-bdb-full-wide-vernil-transparent.png\",\"contentUrl\":\"https:\\\/\\\/buletin.de\\\/bucuresti\\\/wp-content\\\/uploads\\\/logo-bdb-full-wide-vernil-transparent.png\",\"width\":1782,\"height\":626,\"caption\":\"Buletin de Bucure\u0219ti\"},\"image\":{\"@id\":\"https:\\\/\\\/buletin.de\\\/bucuresti\\\/#\\\/schema\\\/logo\\\/image\\\/\"},\"sameAs\":[\"https:\\\/\\\/www.facebook.com\\\/buletin.de.buc\",\"https:\\\/\\\/www.instagram.com\\\/buletinde.bucuresti\\\/\"]},{\"@type\":\"Person\",\"@id\":\"https:\\\/\\\/buletin.de\\\/bucuresti\\\/#\\\/schema\\\/person\\\/f02780e5e00039cf0bc1d929798d0239\",\"name\":\"Oana Despa\",\"image\":{\"@type\":\"ImageObject\",\"inLanguage\":\"en-GB\",\"@id\":\"https:\\\/\\\/secure.gravatar.com\\\/avatar\\\/315d42f2ee19dcce5c47d87713af9f3ec85494d7026ca420f44668b51324357e?s=96&d=monsterid&r=g9679e8786333bebe875735ec1e7b81f0\",\"url\":\"https:\\\/\\\/secure.gravatar.com\\\/avatar\\\/315d42f2ee19dcce5c47d87713af9f3ec85494d7026ca420f44668b51324357e?s=96&d=monsterid&r=g\",\"contentUrl\":\"https:\\\/\\\/secure.gravatar.com\\\/avatar\\\/315d42f2ee19dcce5c47d87713af9f3ec85494d7026ca420f44668b51324357e?s=96&d=monsterid&r=g\",\"caption\":\"Oana Despa\"},\"description\":\"Editor\",\"url\":\"https:\\\/\\\/buletin.de\\\/bucuresti\\\/author\\\/oanadespa\\\/\"}]}<\/script>\n<!-- \/ Yoast SEO Premium plugin. -->","yoast_head_json":{"title":"Covid-19 \u00een \u021bar\u0103 - Un medic infectat din Prahova lipse\u0219te din documentele oficiale ale Grupului de Informare Strategic\u0103 - Buletin de Bucure\u0219ti","robots":{"index":"index","follow":"follow","max-snippet":"max-snippet:-1","max-image-preview":"max-image-preview:large","max-video-preview":"max-video-preview:-1"},"canonical":"https:\/\/buletin.de\/bucuresti\/covid-19-in-tara-un-medic-infectat-din-prahova-lipseste-din-documentele-oficiale-ale-grupului-de-informare-strategica\/","og_locale":"en_GB","og_type":"article","og_title":"Covid-19 \u00een \u021bar\u0103 - Un medic infectat din Prahova lipse\u0219te din documentele oficiale ale Grupului de Informare Strategic\u0103","og_description":"Grupul de Informare Strategic\u0103 a comunicat ultimele date privind num\u0103rul de medici infecta\u021bi \u0219i distribu\u021bia pe jude\u021be, pe 1 aprilie, la ora 21.00. Din informa\u021biile furnizate de institu\u021bia care se ocup\u0103 de centralizarea datelor despre bolnavii infecta\u021bi cu Covid-19 din Rom\u00e2nia rezulta c\u0103, la acea dat\u0103 erau confirmate 357 de \u00eemboln\u0103viri \u00een r\u00e2ndul personalului medical [&hellip;]","og_url":"https:\/\/buletin.de\/bucuresti\/covid-19-in-tara-un-medic-infectat-din-prahova-lipseste-din-documentele-oficiale-ale-grupului-de-informare-strategica\/","og_site_name":"Buletin de Bucure\u0219ti","article_publisher":"https:\/\/www.facebook.com\/buletin.de.buc","article_published_time":"2020-04-02T05:53:24+00:00","og_image":[{"width":2560,"height":1440,"url":"https:\/\/buletin.de\/bucuresti\/wp-content\/uploads\/online-marketing-hIgeoQjS_iE-unsplash-scaled.jpg","type":"image\/jpeg"}],"author":"Oana Despa","twitter_card":"summary_large_image","twitter_misc":{"Written by":"Oana Despa","Estimated reading time":"1 minute"},"schema":{"@context":"https:\/\/schema.org","@graph":[{"@type":"Article","@id":"https:\/\/buletin.de\/bucuresti\/covid-19-in-tara-un-medic-infectat-din-prahova-lipseste-din-documentele-oficiale-ale-grupului-de-informare-strategica\/#article","isPartOf":{"@id":"https:\/\/buletin.de\/bucuresti\/covid-19-in-tara-un-medic-infectat-din-prahova-lipseste-din-documentele-oficiale-ale-grupului-de-informare-strategica\/"},"author":{"name":"Oana Despa","@id":"https:\/\/buletin.de\/bucuresti\/#\/schema\/person\/f02780e5e00039cf0bc1d929798d0239"},"headline":"Covid-19 \u00een \u021bar\u0103 &#8211; Un medic infectat din Prahova lipse\u0219te din documentele oficiale ale Grupului de Informare Strategic\u0103","datePublished":"2020-04-02T05:53:24+00:00","mainEntityOfPage":{"@id":"https:\/\/buletin.de\/bucuresti\/covid-19-in-tara-un-medic-infectat-din-prahova-lipseste-din-documentele-oficiale-ale-grupului-de-informare-strategica\/"},"wordCount":299,"publisher":{"@id":"https:\/\/buletin.de\/bucuresti\/#organization"},"image":{"@id":"https:\/\/buletin.de\/bucuresti\/covid-19-in-tara-un-medic-infectat-din-prahova-lipseste-din-documentele-oficiale-ale-grupului-de-informare-strategica\/#primaryimage"},"thumbnailUrl":"https:\/\/buletin.de\/bucuresti\/wp-content\/uploads\/online-marketing-hIgeoQjS_iE-unsplash-scaled.jpg","articleSection":["Diverse"],"inLanguage":"en-GB","copyrightYear":"2020","copyrightHolder":{"@id":"https:\/\/buletin.de\/bucuresti\/#organization"}},{"@type":"WebPage","@id":"https:\/\/buletin.de\/bucuresti\/covid-19-in-tara-un-medic-infectat-din-prahova-lipseste-din-documentele-oficiale-ale-grupului-de-informare-strategica\/","url":"https:\/\/buletin.de\/bucuresti\/covid-19-in-tara-un-medic-infectat-din-prahova-lipseste-din-documentele-oficiale-ale-grupului-de-informare-strategica\/","name":"Covid-19 \u00een \u021bar\u0103 - Un medic infectat din Prahova lipse\u0219te din documentele oficiale ale Grupului de Informare Strategic\u0103 - Buletin de Bucure\u0219ti","isPartOf":{"@id":"https:\/\/buletin.de\/bucuresti\/#website"},"primaryImageOfPage":{"@id":"https:\/\/buletin.de\/bucuresti\/covid-19-in-tara-un-medic-infectat-din-prahova-lipseste-din-documentele-oficiale-ale-grupului-de-informare-strategica\/#primaryimage"},"image":{"@id":"https:\/\/buletin.de\/bucuresti\/covid-19-in-tara-un-medic-infectat-din-prahova-lipseste-din-documentele-oficiale-ale-grupului-de-informare-strategica\/#primaryimage"},"thumbnailUrl":"https:\/\/buletin.de\/bucuresti\/wp-content\/uploads\/online-marketing-hIgeoQjS_iE-unsplash-scaled.jpg","datePublished":"2020-04-02T05:53:24+00:00","breadcrumb":{"@id":"https:\/\/buletin.de\/bucuresti\/covid-19-in-tara-un-medic-infectat-din-prahova-lipseste-din-documentele-oficiale-ale-grupului-de-informare-strategica\/#breadcrumb"},"inLanguage":"en-GB","potentialAction":[{"@type":"ReadAction","target":["https:\/\/buletin.de\/bucuresti\/covid-19-in-tara-un-medic-infectat-din-prahova-lipseste-din-documentele-oficiale-ale-grupului-de-informare-strategica\/"]}]},{"@type":"ImageObject","inLanguage":"en-GB","@id":"https:\/\/buletin.de\/bucuresti\/covid-19-in-tara-un-medic-infectat-din-prahova-lipseste-din-documentele-oficiale-ale-grupului-de-informare-strategica\/#primaryimage","url":"https:\/\/buletin.de\/bucuresti\/wp-content\/uploads\/online-marketing-hIgeoQjS_iE-unsplash-scaled.jpg","contentUrl":"https:\/\/buletin.de\/bucuresti\/wp-content\/uploads\/online-marketing-hIgeoQjS_iE-unsplash-scaled.jpg","width":2560,"height":1440},{"@type":"BreadcrumbList","@id":"https:\/\/buletin.de\/bucuresti\/covid-19-in-tara-un-medic-infectat-din-prahova-lipseste-din-documentele-oficiale-ale-grupului-de-informare-strategica\/#breadcrumb","itemListElement":[{"@type":"ListItem","position":1,"name":"Acas\u0103","item":"https:\/\/buletin.de\/bucuresti\/"},{"@type":"ListItem","position":2,"name":"Covid-19 \u00een \u021bar\u0103 &#8211; Un medic infectat din Prahova lipse\u0219te din documentele oficiale ale Grupului de Informare Strategic\u0103"}]},{"@type":"WebSite","@id":"https:\/\/buletin.de\/bucuresti\/#website","url":"https:\/\/buletin.de\/bucuresti\/","name":"Buletin de Bucure\u0219ti","description":"\u0218tiri \u0219i investiga\u021bii esen\u021biale din capital\u0103","publisher":{"@id":"https:\/\/buletin.de\/bucuresti\/#organization"},"potentialAction":[{"@type":"SearchAction","target":{"@type":"EntryPoint","urlTemplate":"https:\/\/buletin.de\/bucuresti\/?s={search_term_string}"},"query-input":{"@type":"PropertyValueSpecification","valueRequired":true,"valueName":"search_term_string"}}],"inLanguage":"en-GB"},{"@type":"Organization","@id":"https:\/\/buletin.de\/bucuresti\/#organization","name":"Buletin de Bucure\u0219ti","url":"https:\/\/buletin.de\/bucuresti\/","logo":{"@type":"ImageObject","inLanguage":"en-GB","@id":"https:\/\/buletin.de\/bucuresti\/#\/schema\/logo\/image\/","url":"https:\/\/buletin.de\/bucuresti\/wp-content\/uploads\/logo-bdb-full-wide-vernil-transparent.png","contentUrl":"https:\/\/buletin.de\/bucuresti\/wp-content\/uploads\/logo-bdb-full-wide-vernil-transparent.png","width":1782,"height":626,"caption":"Buletin de Bucure\u0219ti"},"image":{"@id":"https:\/\/buletin.de\/bucuresti\/#\/schema\/logo\/image\/"},"sameAs":["https:\/\/www.facebook.com\/buletin.de.buc","https:\/\/www.instagram.com\/buletinde.bucuresti\/"]},{"@type":"Person","@id":"https:\/\/buletin.de\/bucuresti\/#\/schema\/person\/f02780e5e00039cf0bc1d929798d0239","name":"Oana Despa","image":{"@type":"ImageObject","inLanguage":"en-GB","@id":"https:\/\/secure.gravatar.com\/avatar\/315d42f2ee19dcce5c47d87713af9f3ec85494d7026ca420f44668b51324357e?s=96&d=monsterid&r=g9679e8786333bebe875735ec1e7b81f0","url":"https:\/\/secure.gravatar.com\/avatar\/315d42f2ee19dcce5c47d87713af9f3ec85494d7026ca420f44668b51324357e?s=96&d=monsterid&r=g","contentUrl":"https:\/\/secure.gravatar.com\/avatar\/315d42f2ee19dcce5c47d87713af9f3ec85494d7026ca420f44668b51324357e?s=96&d=monsterid&r=g","caption":"Oana Despa"},"description":"Editor","url":"https:\/\/buletin.de\/bucuresti\/author\/oanadespa\/"}]}},"authors":[{"term_id":22584,"user_id":2,"is_guest":0,"slug":"oanadespa","display_name":"Oana Despa","avatar_url":"https:\/\/secure.gravatar.com\/avatar\/315d42f2ee19dcce5c47d87713af9f3ec85494d7026ca420f44668b51324357e?s=96&d=monsterid&r=g","0":null,"1":"","2":"","3":"","4":"","5":"","6":"","7":"","8":""}],"_links":{"self":[{"href":"https:\/\/buletin.de\/bucuresti\/wp-json\/wp\/v2\/posts\/5317","targetHints":{"allow":["GET"]}}],"collection":[{"href":"https:\/\/buletin.de\/bucuresti\/wp-json\/wp\/v2\/posts"}],"about":[{"href":"https:\/\/buletin.de\/bucuresti\/wp-json\/wp\/v2\/types\/post"}],"author":[{"embeddable":true,"href":"https:\/\/buletin.de\/bucuresti\/wp-json\/wp\/v2\/users\/2"}],"replies":[{"embeddable":true,"href":"https:\/\/buletin.de\/bucuresti\/wp-json\/wp\/v2\/comments?post=5317"}],"version-history":[{"count":2,"href":"https:\/\/buletin.de\/bucuresti\/wp-json\/wp\/v2\/posts\/5317\/revisions"}],"predecessor-version":[{"id":5320,"href":"https:\/\/buletin.de\/bucuresti\/wp-json\/wp\/v2\/posts\/5317\/revisions\/5320"}],"wp:featuredmedia":[{"embeddable":true,"href":"https:\/\/buletin.de\/bucuresti\/wp-json\/wp\/v2\/media\/5319"}],"wp:attachment":[{"href":"https:\/\/buletin.de\/bucuresti\/wp-json\/wp\/v2\/media?parent=5317"}],"wp:term":[{"taxonomy":"category","embeddable":true,"href":"https:\/\/buletin.de\/bucuresti\/wp-json\/wp\/v2\/categories?post=5317"},{"taxonomy":"post_tag","embeddable":true,"href":"https:\/\/buletin.de\/bucuresti\/wp-json\/wp\/v2\/tags?post=5317"},{"taxonomy":"author","embeddable":true,"href":"https:\/\/buletin.de\/bucuresti\/wp-json\/wp\/v2\/ppma_author?post=5317"}],"curies":[{"name":"wp","href":"https:\/\/api.w.org\/{rel}","templated":true}]}}