{"id":53152,"date":"2023-02-01T13:39:34","date_gmt":"2023-02-01T11:39:34","guid":{"rendered":"https:\/\/buletin.de\/bucuresti\/?p=53152"},"modified":"2023-02-01T13:39:35","modified_gmt":"2023-02-01T11:39:35","slug":"capitalul-social-al-stb-va-fi-majorat-cu-301-milioane-de-lei-banii-vor-fi-folositi-pentru-construirea-unei-autobaze-si-modernizarea-mai-multor-tramvaie","status":"publish","type":"post","link":"https:\/\/buletin.de\/bucuresti\/capitalul-social-al-stb-va-fi-majorat-cu-301-milioane-de-lei-banii-vor-fi-folositi-pentru-construirea-unei-autobaze-si-modernizarea-mai-multor-tramvaie\/","title":{"rendered":"Capitalul social al STB va fi majorat cu 301 milioane de lei. Banii vor fi folosi\u021bi pentru construirea unei autobaze \u0219i modernizarea mai multor tramvaie"},"content":{"rendered":"\n<p><strong>Capitalul social al Societ\u0103\u0163ii de Transport Bucure\u015fti STB S.A. va fi majorat cu 301 milioane de lei, potrivit unei hot\u0103r\u00e2ri aprobate mar\u0163i de Consiliul General al Capitalei, cu 31 de voturi \u201epentru\u201d \u015fi 18 ab\u0163ineri.<\/strong><\/p>\n\n\n\n<p>Astfel, capitalul social al STB va fi \u00een valoare total\u0103 de 477.000.000 lei, \u00een propor\u0163ie de 99,89% &#8211; Bucure\u0219ti \u015fi 0,11% &#8211; jude\u021bul Ilfov.<\/p>\n\n\n\n<p>Directorul general al STB, Adrian Cri\u021b, a participat luni la \u0219edin\u021ba Comisiei de transporturi. Acesta a men\u021bionat c\u0103 investi\u021biile vizeaz\u0103 construirea unei autobaze electrice \u00een Giule\u0219ti \u0219i modernizarea a peste 70 de tramvaie.<\/p>\n\n\n\n<p>\u201ePractic, prin modernizare se va schimba \u015fi echipamentul de trac\u0163iune. Toate tramvaiele vor fi transformate \u00een tramvaie cu accesibilitate sporit\u0103, cu podeaua la nivelul peronului pentru o por\u0163iune de cel pu\u0163in 35% din \u00eentreaga suprafa\u0163\u0103 a tramvaiului \u015fi dotarea cu sisteme de climatizare pentru salonul pasagerilor \u015fi cabina manipulantului.\u201d, a precizat Adrian Cri\u021b, directorul STB S.A.<\/p>\n\n\n\n<p>STB vizeaz\u0103 construirea unei autobaze electrice \u00een Giule\u015fti, pe un teren aflat \u00een proprietatea societ\u0103\u0163ii \u2013 42.000.000 lei; modernizarea a 50 de tramvaie V3A \u2013 176.300.000 lei; repara\u0163ii capitale pentru patru caroserii de tramvaie V3A \u2013 3.225.808 lei; repara\u0163ii generale pentru patru caroserii de tramvaie \u2013 7.541.000 de lei; modernizarea a 20 de tramvaie Tatra \u2013 65.450.000 de lei; finalizarea unui tramvai Bucur LF \u2013 6.800.000 de lei.<\/p>\n","protected":false},"excerpt":{"rendered":"<p>Capitalul social al Societ\u0103\u0163ii de Transport Bucure\u015fti STB S.A. va fi majorat cu 301 milioane de lei, potrivit unei hot\u0103r\u00e2ri aprobate mar\u0163i de Consiliul General al Capitalei, cu 31 de voturi \u201epentru\u201d \u015fi 18 ab\u0163ineri. Astfel, capitalul social al STB va fi \u00een valoare total\u0103 de 477.000.000 lei, \u00een propor\u0163ie de 99,89% &#8211; Bucure\u0219ti \u015fi [&hellip;]<\/p>\n","protected":false},"author":46,"featured_media":53156,"comment_status":"closed","ping_status":"open","sticky":false,"template":"","format":"standard","meta":{"_acf_changed":false,"inline_featured_image":false,"ngg_post_thumbnail":0,"footnotes":""},"categories":[62],"tags":[5359,5358,1088,402,399],"ppma_author":[22605],"class_list":["post-53152","post","type-post","status-publish","format-standard","has-post-thumbnail","hentry","category-stiri","tag-autobazaelectrica","tag-capitalsocial","tag-modernizare","tag-stb","tag-tramvaie"],"acf":[],"yoast_head":"<!-- This site is optimized with the Yoast SEO Premium plugin v25.3 (Yoast SEO v27.4) - https:\/\/yoast.com\/product\/yoast-seo-premium-wordpress\/ -->\n<title>Capitalul social al STB va fi majorat cu 301 milioane de lei. Banii vor fi folosi\u021bi pentru construirea unei autobaze \u0219i modernizarea mai multor tramvaie - Buletin de Bucure\u0219ti<\/title>\n<meta name=\"robots\" content=\"index, follow, max-snippet:-1, max-image-preview:large, max-video-preview:-1\" \/>\n<link rel=\"canonical\" href=\"https:\/\/buletin.de\/bucuresti\/capitalul-social-al-stb-va-fi-majorat-cu-301-milioane-de-lei-banii-vor-fi-folositi-pentru-construirea-unei-autobaze-si-modernizarea-mai-multor-tramvaie\/\" \/>\n<meta property=\"og:locale\" content=\"en_GB\" \/>\n<meta property=\"og:type\" content=\"article\" \/>\n<meta property=\"og:title\" content=\"Capitalul social al STB va fi majorat cu 301 milioane de lei. Banii vor fi folosi\u021bi pentru construirea unei autobaze \u0219i modernizarea mai multor tramvaie\" \/>\n<meta property=\"og:description\" content=\"Capitalul social al Societ\u0103\u0163ii de Transport Bucure\u015fti STB S.A. va fi majorat cu 301 milioane de lei, potrivit unei hot\u0103r\u00e2ri aprobate mar\u0163i de Consiliul General al Capitalei, cu 31 de voturi \u201epentru\u201d \u015fi 18 ab\u0163ineri. Astfel, capitalul social al STB va fi \u00een valoare total\u0103 de 477.000.000 lei, \u00een propor\u0163ie de 99,89% &#8211; Bucure\u0219ti \u015fi [&hellip;]\" \/>\n<meta property=\"og:url\" content=\"https:\/\/buletin.de\/bucuresti\/capitalul-social-al-stb-va-fi-majorat-cu-301-milioane-de-lei-banii-vor-fi-folositi-pentru-construirea-unei-autobaze-si-modernizarea-mai-multor-tramvaie\/\" \/>\n<meta property=\"og:site_name\" content=\"Buletin de Bucure\u0219ti\" \/>\n<meta property=\"article:publisher\" content=\"https:\/\/www.facebook.com\/buletin.de.buc\" \/>\n<meta property=\"article:published_time\" content=\"2023-02-01T11:39:34+00:00\" \/>\n<meta property=\"article:modified_time\" content=\"2023-02-01T11:39:35+00:00\" \/>\n<meta property=\"og:image\" content=\"https:\/\/buletin.de\/bucuresti\/wp-content\/uploads\/321486294_537292098415802_7785599351810946531_n.jpg\" \/>\n\t<meta property=\"og:image:width\" content=\"1600\" \/>\n\t<meta property=\"og:image:height\" content=\"1033\" \/>\n\t<meta property=\"og:image:type\" content=\"image\/jpeg\" \/>\n<meta name=\"author\" content=\"Andreea Gelatu\" \/>\n<meta name=\"twitter:card\" content=\"summary_large_image\" \/>\n<meta name=\"twitter:label1\" content=\"Written by\" \/>\n\t<meta name=\"twitter:data1\" content=\"Andreea Gelatu\" \/>\n\t<meta name=\"twitter:label2\" content=\"Estimated reading time\" \/>\n\t<meta name=\"twitter:data2\" content=\"1 minute\" \/>\n<script type=\"application\/ld+json\" class=\"yoast-schema-graph\">{\"@context\":\"https:\\\/\\\/schema.org\",\"@graph\":[{\"@type\":\"Article\",\"@id\":\"https:\\\/\\\/buletin.de\\\/bucuresti\\\/capitalul-social-al-stb-va-fi-majorat-cu-301-milioane-de-lei-banii-vor-fi-folositi-pentru-construirea-unei-autobaze-si-modernizarea-mai-multor-tramvaie\\\/#article\",\"isPartOf\":{\"@id\":\"https:\\\/\\\/buletin.de\\\/bucuresti\\\/capitalul-social-al-stb-va-fi-majorat-cu-301-milioane-de-lei-banii-vor-fi-folositi-pentru-construirea-unei-autobaze-si-modernizarea-mai-multor-tramvaie\\\/\"},\"author\":{\"name\":\"Andreea Gelatu\",\"@id\":\"https:\\\/\\\/buletin.de\\\/bucuresti\\\/#\\\/schema\\\/person\\\/87734700b2c7f8608881f7e93b8834de\"},\"headline\":\"Capitalul social al STB va fi majorat cu 301 milioane de lei. Banii vor fi folosi\u021bi pentru construirea unei autobaze \u0219i modernizarea mai multor tramvaie\",\"datePublished\":\"2023-02-01T11:39:34+00:00\",\"dateModified\":\"2023-02-01T11:39:35+00:00\",\"mainEntityOfPage\":{\"@id\":\"https:\\\/\\\/buletin.de\\\/bucuresti\\\/capitalul-social-al-stb-va-fi-majorat-cu-301-milioane-de-lei-banii-vor-fi-folositi-pentru-construirea-unei-autobaze-si-modernizarea-mai-multor-tramvaie\\\/\"},\"wordCount\":243,\"publisher\":{\"@id\":\"https:\\\/\\\/buletin.de\\\/bucuresti\\\/#organization\"},\"image\":{\"@id\":\"https:\\\/\\\/buletin.de\\\/bucuresti\\\/capitalul-social-al-stb-va-fi-majorat-cu-301-milioane-de-lei-banii-vor-fi-folositi-pentru-construirea-unei-autobaze-si-modernizarea-mai-multor-tramvaie\\\/#primaryimage\"},\"thumbnailUrl\":\"https:\\\/\\\/buletin.de\\\/bucuresti\\\/wp-content\\\/uploads\\\/321486294_537292098415802_7785599351810946531_n.jpg\",\"keywords\":[\"autobaz\u0103electric\u0103\",\"capitalsocial\",\"modernizare\",\"stb\",\"tramvaie\"],\"articleSection\":[\"\u0218tiri\"],\"inLanguage\":\"en-GB\",\"copyrightYear\":\"2023\",\"copyrightHolder\":{\"@id\":\"https:\\\/\\\/buletin.de\\\/bucuresti\\\/#organization\"}},{\"@type\":\"WebPage\",\"@id\":\"https:\\\/\\\/buletin.de\\\/bucuresti\\\/capitalul-social-al-stb-va-fi-majorat-cu-301-milioane-de-lei-banii-vor-fi-folositi-pentru-construirea-unei-autobaze-si-modernizarea-mai-multor-tramvaie\\\/\",\"url\":\"https:\\\/\\\/buletin.de\\\/bucuresti\\\/capitalul-social-al-stb-va-fi-majorat-cu-301-milioane-de-lei-banii-vor-fi-folositi-pentru-construirea-unei-autobaze-si-modernizarea-mai-multor-tramvaie\\\/\",\"name\":\"Capitalul social al STB va fi majorat cu 301 milioane de lei. Banii vor fi folosi\u021bi pentru construirea unei autobaze \u0219i modernizarea mai multor tramvaie - Buletin de Bucure\u0219ti\",\"isPartOf\":{\"@id\":\"https:\\\/\\\/buletin.de\\\/bucuresti\\\/#website\"},\"primaryImageOfPage\":{\"@id\":\"https:\\\/\\\/buletin.de\\\/bucuresti\\\/capitalul-social-al-stb-va-fi-majorat-cu-301-milioane-de-lei-banii-vor-fi-folositi-pentru-construirea-unei-autobaze-si-modernizarea-mai-multor-tramvaie\\\/#primaryimage\"},\"image\":{\"@id\":\"https:\\\/\\\/buletin.de\\\/bucuresti\\\/capitalul-social-al-stb-va-fi-majorat-cu-301-milioane-de-lei-banii-vor-fi-folositi-pentru-construirea-unei-autobaze-si-modernizarea-mai-multor-tramvaie\\\/#primaryimage\"},\"thumbnailUrl\":\"https:\\\/\\\/buletin.de\\\/bucuresti\\\/wp-content\\\/uploads\\\/321486294_537292098415802_7785599351810946531_n.jpg\",\"datePublished\":\"2023-02-01T11:39:34+00:00\",\"dateModified\":\"2023-02-01T11:39:35+00:00\",\"breadcrumb\":{\"@id\":\"https:\\\/\\\/buletin.de\\\/bucuresti\\\/capitalul-social-al-stb-va-fi-majorat-cu-301-milioane-de-lei-banii-vor-fi-folositi-pentru-construirea-unei-autobaze-si-modernizarea-mai-multor-tramvaie\\\/#breadcrumb\"},\"inLanguage\":\"en-GB\",\"potentialAction\":[{\"@type\":\"ReadAction\",\"target\":[\"https:\\\/\\\/buletin.de\\\/bucuresti\\\/capitalul-social-al-stb-va-fi-majorat-cu-301-milioane-de-lei-banii-vor-fi-folositi-pentru-construirea-unei-autobaze-si-modernizarea-mai-multor-tramvaie\\\/\"]}]},{\"@type\":\"ImageObject\",\"inLanguage\":\"en-GB\",\"@id\":\"https:\\\/\\\/buletin.de\\\/bucuresti\\\/capitalul-social-al-stb-va-fi-majorat-cu-301-milioane-de-lei-banii-vor-fi-folositi-pentru-construirea-unei-autobaze-si-modernizarea-mai-multor-tramvaie\\\/#primaryimage\",\"url\":\"https:\\\/\\\/buletin.de\\\/bucuresti\\\/wp-content\\\/uploads\\\/321486294_537292098415802_7785599351810946531_n.jpg\",\"contentUrl\":\"https:\\\/\\\/buletin.de\\\/bucuresti\\\/wp-content\\\/uploads\\\/321486294_537292098415802_7785599351810946531_n.jpg\",\"width\":1600,\"height\":1033},{\"@type\":\"BreadcrumbList\",\"@id\":\"https:\\\/\\\/buletin.de\\\/bucuresti\\\/capitalul-social-al-stb-va-fi-majorat-cu-301-milioane-de-lei-banii-vor-fi-folositi-pentru-construirea-unei-autobaze-si-modernizarea-mai-multor-tramvaie\\\/#breadcrumb\",\"itemListElement\":[{\"@type\":\"ListItem\",\"position\":1,\"name\":\"Acas\u0103\",\"item\":\"https:\\\/\\\/buletin.de\\\/bucuresti\\\/\"},{\"@type\":\"ListItem\",\"position\":2,\"name\":\"Capitalul social al STB va fi majorat cu 301 milioane de lei. Banii vor fi folosi\u021bi pentru construirea unei autobaze \u0219i modernizarea mai multor tramvaie\"}]},{\"@type\":\"WebSite\",\"@id\":\"https:\\\/\\\/buletin.de\\\/bucuresti\\\/#website\",\"url\":\"https:\\\/\\\/buletin.de\\\/bucuresti\\\/\",\"name\":\"Buletin de Bucure\u0219ti\",\"description\":\"\u0218tiri \u0219i investiga\u021bii esen\u021biale din capital\u0103\",\"publisher\":{\"@id\":\"https:\\\/\\\/buletin.de\\\/bucuresti\\\/#organization\"},\"potentialAction\":[{\"@type\":\"SearchAction\",\"target\":{\"@type\":\"EntryPoint\",\"urlTemplate\":\"https:\\\/\\\/buletin.de\\\/bucuresti\\\/?s={search_term_string}\"},\"query-input\":{\"@type\":\"PropertyValueSpecification\",\"valueRequired\":true,\"valueName\":\"search_term_string\"}}],\"inLanguage\":\"en-GB\"},{\"@type\":\"Organization\",\"@id\":\"https:\\\/\\\/buletin.de\\\/bucuresti\\\/#organization\",\"name\":\"Buletin de Bucure\u0219ti\",\"url\":\"https:\\\/\\\/buletin.de\\\/bucuresti\\\/\",\"logo\":{\"@type\":\"ImageObject\",\"inLanguage\":\"en-GB\",\"@id\":\"https:\\\/\\\/buletin.de\\\/bucuresti\\\/#\\\/schema\\\/logo\\\/image\\\/\",\"url\":\"https:\\\/\\\/buletin.de\\\/bucuresti\\\/wp-content\\\/uploads\\\/logo-bdb-full-wide-vernil-transparent.png\",\"contentUrl\":\"https:\\\/\\\/buletin.de\\\/bucuresti\\\/wp-content\\\/uploads\\\/logo-bdb-full-wide-vernil-transparent.png\",\"width\":1782,\"height\":626,\"caption\":\"Buletin de Bucure\u0219ti\"},\"image\":{\"@id\":\"https:\\\/\\\/buletin.de\\\/bucuresti\\\/#\\\/schema\\\/logo\\\/image\\\/\"},\"sameAs\":[\"https:\\\/\\\/www.facebook.com\\\/buletin.de.buc\",\"https:\\\/\\\/www.instagram.com\\\/buletinde.bucuresti\\\/\"]},{\"@type\":\"Person\",\"@id\":\"https:\\\/\\\/buletin.de\\\/bucuresti\\\/#\\\/schema\\\/person\\\/87734700b2c7f8608881f7e93b8834de\",\"name\":\"Andreea Gelatu\",\"image\":{\"@type\":\"ImageObject\",\"inLanguage\":\"en-GB\",\"@id\":\"https:\\\/\\\/secure.gravatar.com\\\/avatar\\\/b716eca2f984b9b65bdd87118b4b909d940b619cbe6e8cb725fe11c1b1f4194f?s=96&d=monsterid&r=g9b5eff4996c6b842a29b3057a7b4746f\",\"url\":\"https:\\\/\\\/secure.gravatar.com\\\/avatar\\\/b716eca2f984b9b65bdd87118b4b909d940b619cbe6e8cb725fe11c1b1f4194f?s=96&d=monsterid&r=g\",\"contentUrl\":\"https:\\\/\\\/secure.gravatar.com\\\/avatar\\\/b716eca2f984b9b65bdd87118b4b909d940b619cbe6e8cb725fe11c1b1f4194f?s=96&d=monsterid&r=g\",\"caption\":\"Andreea Gelatu\"},\"url\":\"https:\\\/\\\/buletin.de\\\/bucuresti\\\/author\\\/andreeagelatu\\\/\"}]}<\/script>\n<!-- \/ Yoast SEO Premium plugin. -->","yoast_head_json":{"title":"Capitalul social al STB va fi majorat cu 301 milioane de lei. Banii vor fi folosi\u021bi pentru construirea unei autobaze \u0219i modernizarea mai multor tramvaie - Buletin de Bucure\u0219ti","robots":{"index":"index","follow":"follow","max-snippet":"max-snippet:-1","max-image-preview":"max-image-preview:large","max-video-preview":"max-video-preview:-1"},"canonical":"https:\/\/buletin.de\/bucuresti\/capitalul-social-al-stb-va-fi-majorat-cu-301-milioane-de-lei-banii-vor-fi-folositi-pentru-construirea-unei-autobaze-si-modernizarea-mai-multor-tramvaie\/","og_locale":"en_GB","og_type":"article","og_title":"Capitalul social al STB va fi majorat cu 301 milioane de lei. Banii vor fi folosi\u021bi pentru construirea unei autobaze \u0219i modernizarea mai multor tramvaie","og_description":"Capitalul social al Societ\u0103\u0163ii de Transport Bucure\u015fti STB S.A. va fi majorat cu 301 milioane de lei, potrivit unei hot\u0103r\u00e2ri aprobate mar\u0163i de Consiliul General al Capitalei, cu 31 de voturi \u201epentru\u201d \u015fi 18 ab\u0163ineri. Astfel, capitalul social al STB va fi \u00een valoare total\u0103 de 477.000.000 lei, \u00een propor\u0163ie de 99,89% &#8211; Bucure\u0219ti \u015fi [&hellip;]","og_url":"https:\/\/buletin.de\/bucuresti\/capitalul-social-al-stb-va-fi-majorat-cu-301-milioane-de-lei-banii-vor-fi-folositi-pentru-construirea-unei-autobaze-si-modernizarea-mai-multor-tramvaie\/","og_site_name":"Buletin de Bucure\u0219ti","article_publisher":"https:\/\/www.facebook.com\/buletin.de.buc","article_published_time":"2023-02-01T11:39:34+00:00","article_modified_time":"2023-02-01T11:39:35+00:00","og_image":[{"width":1600,"height":1033,"url":"https:\/\/buletin.de\/bucuresti\/wp-content\/uploads\/321486294_537292098415802_7785599351810946531_n.jpg","type":"image\/jpeg"}],"author":"Andreea Gelatu","twitter_card":"summary_large_image","twitter_misc":{"Written by":"Andreea Gelatu","Estimated reading time":"1 minute"},"schema":{"@context":"https:\/\/schema.org","@graph":[{"@type":"Article","@id":"https:\/\/buletin.de\/bucuresti\/capitalul-social-al-stb-va-fi-majorat-cu-301-milioane-de-lei-banii-vor-fi-folositi-pentru-construirea-unei-autobaze-si-modernizarea-mai-multor-tramvaie\/#article","isPartOf":{"@id":"https:\/\/buletin.de\/bucuresti\/capitalul-social-al-stb-va-fi-majorat-cu-301-milioane-de-lei-banii-vor-fi-folositi-pentru-construirea-unei-autobaze-si-modernizarea-mai-multor-tramvaie\/"},"author":{"name":"Andreea Gelatu","@id":"https:\/\/buletin.de\/bucuresti\/#\/schema\/person\/87734700b2c7f8608881f7e93b8834de"},"headline":"Capitalul social al STB va fi majorat cu 301 milioane de lei. Banii vor fi folosi\u021bi pentru construirea unei autobaze \u0219i modernizarea mai multor tramvaie","datePublished":"2023-02-01T11:39:34+00:00","dateModified":"2023-02-01T11:39:35+00:00","mainEntityOfPage":{"@id":"https:\/\/buletin.de\/bucuresti\/capitalul-social-al-stb-va-fi-majorat-cu-301-milioane-de-lei-banii-vor-fi-folositi-pentru-construirea-unei-autobaze-si-modernizarea-mai-multor-tramvaie\/"},"wordCount":243,"publisher":{"@id":"https:\/\/buletin.de\/bucuresti\/#organization"},"image":{"@id":"https:\/\/buletin.de\/bucuresti\/capitalul-social-al-stb-va-fi-majorat-cu-301-milioane-de-lei-banii-vor-fi-folositi-pentru-construirea-unei-autobaze-si-modernizarea-mai-multor-tramvaie\/#primaryimage"},"thumbnailUrl":"https:\/\/buletin.de\/bucuresti\/wp-content\/uploads\/321486294_537292098415802_7785599351810946531_n.jpg","keywords":["autobaz\u0103electric\u0103","capitalsocial","modernizare","stb","tramvaie"],"articleSection":["\u0218tiri"],"inLanguage":"en-GB","copyrightYear":"2023","copyrightHolder":{"@id":"https:\/\/buletin.de\/bucuresti\/#organization"}},{"@type":"WebPage","@id":"https:\/\/buletin.de\/bucuresti\/capitalul-social-al-stb-va-fi-majorat-cu-301-milioane-de-lei-banii-vor-fi-folositi-pentru-construirea-unei-autobaze-si-modernizarea-mai-multor-tramvaie\/","url":"https:\/\/buletin.de\/bucuresti\/capitalul-social-al-stb-va-fi-majorat-cu-301-milioane-de-lei-banii-vor-fi-folositi-pentru-construirea-unei-autobaze-si-modernizarea-mai-multor-tramvaie\/","name":"Capitalul social al STB va fi majorat cu 301 milioane de lei. Banii vor fi folosi\u021bi pentru construirea unei autobaze \u0219i modernizarea mai multor tramvaie - Buletin de Bucure\u0219ti","isPartOf":{"@id":"https:\/\/buletin.de\/bucuresti\/#website"},"primaryImageOfPage":{"@id":"https:\/\/buletin.de\/bucuresti\/capitalul-social-al-stb-va-fi-majorat-cu-301-milioane-de-lei-banii-vor-fi-folositi-pentru-construirea-unei-autobaze-si-modernizarea-mai-multor-tramvaie\/#primaryimage"},"image":{"@id":"https:\/\/buletin.de\/bucuresti\/capitalul-social-al-stb-va-fi-majorat-cu-301-milioane-de-lei-banii-vor-fi-folositi-pentru-construirea-unei-autobaze-si-modernizarea-mai-multor-tramvaie\/#primaryimage"},"thumbnailUrl":"https:\/\/buletin.de\/bucuresti\/wp-content\/uploads\/321486294_537292098415802_7785599351810946531_n.jpg","datePublished":"2023-02-01T11:39:34+00:00","dateModified":"2023-02-01T11:39:35+00:00","breadcrumb":{"@id":"https:\/\/buletin.de\/bucuresti\/capitalul-social-al-stb-va-fi-majorat-cu-301-milioane-de-lei-banii-vor-fi-folositi-pentru-construirea-unei-autobaze-si-modernizarea-mai-multor-tramvaie\/#breadcrumb"},"inLanguage":"en-GB","potentialAction":[{"@type":"ReadAction","target":["https:\/\/buletin.de\/bucuresti\/capitalul-social-al-stb-va-fi-majorat-cu-301-milioane-de-lei-banii-vor-fi-folositi-pentru-construirea-unei-autobaze-si-modernizarea-mai-multor-tramvaie\/"]}]},{"@type":"ImageObject","inLanguage":"en-GB","@id":"https:\/\/buletin.de\/bucuresti\/capitalul-social-al-stb-va-fi-majorat-cu-301-milioane-de-lei-banii-vor-fi-folositi-pentru-construirea-unei-autobaze-si-modernizarea-mai-multor-tramvaie\/#primaryimage","url":"https:\/\/buletin.de\/bucuresti\/wp-content\/uploads\/321486294_537292098415802_7785599351810946531_n.jpg","contentUrl":"https:\/\/buletin.de\/bucuresti\/wp-content\/uploads\/321486294_537292098415802_7785599351810946531_n.jpg","width":1600,"height":1033},{"@type":"BreadcrumbList","@id":"https:\/\/buletin.de\/bucuresti\/capitalul-social-al-stb-va-fi-majorat-cu-301-milioane-de-lei-banii-vor-fi-folositi-pentru-construirea-unei-autobaze-si-modernizarea-mai-multor-tramvaie\/#breadcrumb","itemListElement":[{"@type":"ListItem","position":1,"name":"Acas\u0103","item":"https:\/\/buletin.de\/bucuresti\/"},{"@type":"ListItem","position":2,"name":"Capitalul social al STB va fi majorat cu 301 milioane de lei. Banii vor fi folosi\u021bi pentru construirea unei autobaze \u0219i modernizarea mai multor tramvaie"}]},{"@type":"WebSite","@id":"https:\/\/buletin.de\/bucuresti\/#website","url":"https:\/\/buletin.de\/bucuresti\/","name":"Buletin de Bucure\u0219ti","description":"\u0218tiri \u0219i investiga\u021bii esen\u021biale din capital\u0103","publisher":{"@id":"https:\/\/buletin.de\/bucuresti\/#organization"},"potentialAction":[{"@type":"SearchAction","target":{"@type":"EntryPoint","urlTemplate":"https:\/\/buletin.de\/bucuresti\/?s={search_term_string}"},"query-input":{"@type":"PropertyValueSpecification","valueRequired":true,"valueName":"search_term_string"}}],"inLanguage":"en-GB"},{"@type":"Organization","@id":"https:\/\/buletin.de\/bucuresti\/#organization","name":"Buletin de Bucure\u0219ti","url":"https:\/\/buletin.de\/bucuresti\/","logo":{"@type":"ImageObject","inLanguage":"en-GB","@id":"https:\/\/buletin.de\/bucuresti\/#\/schema\/logo\/image\/","url":"https:\/\/buletin.de\/bucuresti\/wp-content\/uploads\/logo-bdb-full-wide-vernil-transparent.png","contentUrl":"https:\/\/buletin.de\/bucuresti\/wp-content\/uploads\/logo-bdb-full-wide-vernil-transparent.png","width":1782,"height":626,"caption":"Buletin de Bucure\u0219ti"},"image":{"@id":"https:\/\/buletin.de\/bucuresti\/#\/schema\/logo\/image\/"},"sameAs":["https:\/\/www.facebook.com\/buletin.de.buc","https:\/\/www.instagram.com\/buletinde.bucuresti\/"]},{"@type":"Person","@id":"https:\/\/buletin.de\/bucuresti\/#\/schema\/person\/87734700b2c7f8608881f7e93b8834de","name":"Andreea Gelatu","image":{"@type":"ImageObject","inLanguage":"en-GB","@id":"https:\/\/secure.gravatar.com\/avatar\/b716eca2f984b9b65bdd87118b4b909d940b619cbe6e8cb725fe11c1b1f4194f?s=96&d=monsterid&r=g9b5eff4996c6b842a29b3057a7b4746f","url":"https:\/\/secure.gravatar.com\/avatar\/b716eca2f984b9b65bdd87118b4b909d940b619cbe6e8cb725fe11c1b1f4194f?s=96&d=monsterid&r=g","contentUrl":"https:\/\/secure.gravatar.com\/avatar\/b716eca2f984b9b65bdd87118b4b909d940b619cbe6e8cb725fe11c1b1f4194f?s=96&d=monsterid&r=g","caption":"Andreea Gelatu"},"url":"https:\/\/buletin.de\/bucuresti\/author\/andreeagelatu\/"}]}},"authors":[{"term_id":22605,"user_id":46,"is_guest":0,"slug":"andreeagelatu","display_name":"Andreea Gelatu","avatar_url":"https:\/\/secure.gravatar.com\/avatar\/b716eca2f984b9b65bdd87118b4b909d940b619cbe6e8cb725fe11c1b1f4194f?s=96&d=monsterid&r=g","0":null,"1":"","2":"","3":"","4":"","5":"","6":"","7":"","8":""}],"_links":{"self":[{"href":"https:\/\/buletin.de\/bucuresti\/wp-json\/wp\/v2\/posts\/53152","targetHints":{"allow":["GET"]}}],"collection":[{"href":"https:\/\/buletin.de\/bucuresti\/wp-json\/wp\/v2\/posts"}],"about":[{"href":"https:\/\/buletin.de\/bucuresti\/wp-json\/wp\/v2\/types\/post"}],"author":[{"embeddable":true,"href":"https:\/\/buletin.de\/bucuresti\/wp-json\/wp\/v2\/users\/46"}],"replies":[{"embeddable":true,"href":"https:\/\/buletin.de\/bucuresti\/wp-json\/wp\/v2\/comments?post=53152"}],"version-history":[{"count":2,"href":"https:\/\/buletin.de\/bucuresti\/wp-json\/wp\/v2\/posts\/53152\/revisions"}],"predecessor-version":[{"id":53159,"href":"https:\/\/buletin.de\/bucuresti\/wp-json\/wp\/v2\/posts\/53152\/revisions\/53159"}],"wp:featuredmedia":[{"embeddable":true,"href":"https:\/\/buletin.de\/bucuresti\/wp-json\/wp\/v2\/media\/53156"}],"wp:attachment":[{"href":"https:\/\/buletin.de\/bucuresti\/wp-json\/wp\/v2\/media?parent=53152"}],"wp:term":[{"taxonomy":"category","embeddable":true,"href":"https:\/\/buletin.de\/bucuresti\/wp-json\/wp\/v2\/categories?post=53152"},{"taxonomy":"post_tag","embeddable":true,"href":"https:\/\/buletin.de\/bucuresti\/wp-json\/wp\/v2\/tags?post=53152"},{"taxonomy":"author","embeddable":true,"href":"https:\/\/buletin.de\/bucuresti\/wp-json\/wp\/v2\/ppma_author?post=53152"}],"curies":[{"name":"wp","href":"https:\/\/api.w.org\/{rel}","templated":true}]}}