{"id":52845,"date":"2023-01-27T17:44:48","date_gmt":"2023-01-27T15:44:48","guid":{"rendered":"https:\/\/buletin.de\/bucuresti\/?p=52845"},"modified":"2023-01-27T17:44:49","modified_gmt":"2023-01-27T15:44:49","slug":"fotovideo-sapte-restaurante-si-magazine-din-zona-pietei-unirii-inchise-temporar-de-anpc","status":"publish","type":"post","link":"https:\/\/buletin.de\/bucuresti\/fotovideo-sapte-restaurante-si-magazine-din-zona-pietei-unirii-inchise-temporar-de-anpc\/","title":{"rendered":"FOTO&#038;VIDEO | \u0218apte restaurante \u0219i magazine din zona Pie\u021bei Unirii, \u00eenchise temporar de ANPC"},"content":{"rendered":"\n<p><strong>Comisarii Autorit\u0103\u021bii Na\u021bionale pentru Protec\u021bia Consumatorilor (ANPC) au controlat mai multe restaurante \u0219i magazine care comercializeaz\u0103 produse alimentare sau de alimenta\u021bie public\u0103 din zona Pie\u021bei Unirii. \u00cen urma verific\u0103rilor, ace\u0219tia au descoperit c\u0103 se foloseau produse expirate, depozitate direct pe podea, dar \u0219i c\u0103 existau diferen\u021be de gramaj \u00eentre produsele de patiserie. Activitatea a \u0219apte magazine \u0219i restaurante a fost oprit\u0103 temporar, pe l\u00e2ng\u0103 amenzile aplicate, care ajung la 188.000 de lei. <\/strong><\/p>\n\n\n\n<blockquote class=\"wp-block-quote is-layout-flow wp-block-quote-is-layout-flow\"><p>Prioritiz\u0103m informa\u021biile primite \u00een mediul online, la nivelul Academiei Comisarilor. Viz\u0103m, \u00een anul 2023, zonele cu impact social major \u0219i, \u00een consecin\u021b\u0103, vom fi prezen\u021bi peste tot unde situa\u021bia&nbsp;o&nbsp;va&nbsp;impune!<\/p><cite>a declarat Horia Constantinescu, pre\u0219edintele ANPC.<\/cite><\/blockquote>\n\n\n\n<figure class=\"wp-block-video\"><video controls src=\"https:\/\/buletin.de\/bucuresti\/wp-content\/uploads\/WhatsApp-Video-2023-01-27-at-15.51.58.mp4\"><\/video><figcaption>O parte dintre nereguli g\u0103site la unul dintre restaurantele din zona Pie\u021bei Unirii. Surs\u0103 video: ANPC<\/figcaption><\/figure>\n\n\n\n<p><\/p>\n\n\n\n<p>La restaurantele verificate au fost g\u0103site mai multe cazuri \u00een care uleiul era folosit mai multe zile la r\u00e2nd, f\u0103r\u0103 s\u0103 fie schimbat, carnea era decongelat\u0103, m\u00e2ncarea era p\u0103strat\u0103 la temperaturi mult prea sc\u0103zute, iar o parte dintre produsele servite nu aveau etichete. Mai mult, verific\u0103rile au avut loc pe 25 \u0219i 26 ianuarie, iar unii comercian\u021bi preparau m\u00e2ncarea cu carne expirat\u0103 de aproape o s\u0103pt\u0103m\u00e2n\u0103 (19 ianuarie). Lista complet\u0103 a neregulilor g\u0103site de ANPC este urm\u0103toarea: <\/p>\n\n\n\n<ul class=\"has-background wp-block-list\" style=\"background-color:#f7eac6\"><li><em>folosirea unor produse alimentare f\u0103r\u0103 etichete cu elemente de identificare \u0219i caracterizare \u0219i f\u0103r\u0103 men\u021bionarea datei limit\u0103 de consum&nbsp;<\/em><\/li><li><em>prezen\u021ba insectelor vii \u00een unitate&nbsp;<\/em><\/li><li><em>nerespectarea vecin\u0103t\u0103\u021bii produselor alimentare \u00een spa\u021biile frigorifice (respectiv ou\u0103 neigenizate depozitate \u00een imediata vecin\u0103tate cu semipreparatelor)&nbsp;<\/em><\/li><li><em>schimbarea st\u0103rii termice ini\u021biale a produselor alimentare&nbsp;&nbsp;<\/em><\/li><li><em>comercializarea unor produse alimentare cu data limit\u0103 de consum depa\u0219it\u0103&nbsp;<\/em><\/li><li><em>utilizarea unor ustensile de buc\u0103t\u0103rie&nbsp; neprofesionale \u0219i cu grad avansat de uzur\u0103 \u0219i a bure\u021bilor de s\u00e2rm\u0103,&nbsp;<\/em><\/li><li><em>nerespectarea condi\u021biilor de depozitare men\u021bionate de produc\u0103tor&nbsp;<\/em><\/li><li><em>folosirea unor agregate frigorifice neigenizate corespunz\u0103tor cu lichide scurse, \u0219i rugin\u0103, cu depuneri de ghea\u021b\u0103, cu t\u0103vile deteriorate, cu fisuri \u0219i rupturi<\/em><\/li><li><em>depozitare produselor direct pe paviment&nbsp;<\/em><\/li><li><em>colectarea rezidurilor in recipiente neacoperite,&nbsp;<\/em><\/li><li><em>folosirea unor hote cu acumulare cantitativ\u0103 de praf \u0219i gr\u0103sime la nivelul tubulaturii&nbsp;<\/em><\/li><li><em>lipsa men\u021bion\u0103rii, \u00een lista meniu, a faptului c\u0103 ingredientul prezentat era de fapt un \u00eenlocuitor pe baz\u0103 de gr\u0103simi vegetale&nbsp;<\/em><\/li><li><em>nerespectarea temperaturii de p\u0103strare a produselor la masa cald\u0103&nbsp;<\/em><\/li><li><em>depozitarea produselor la temperatura mediului ambiant&nbsp;<\/em><\/li><li><em>folosirea unor c\u00e2ntare f\u0103r\u0103 verificare metrologic\u0103<\/em><\/li><li><em>lipsa autoriza\u021biei de func\u021bionare&nbsp;<\/em><\/li><li><em>comercializarea unor produse a c\u0103ror provenien\u021ba nu aputut fi stabilit\u0103&nbsp;<\/em><\/li><li><em>utilizarea unei mese de lucru cu rugin\u0103, acumul\u0103ri de praf, gr\u0103sime si rupturi&nbsp;<\/em><\/li><li><em>folosirea unor produse alimentare cu modific\u0103ri organoleptice \u0219i ambalaje&nbsp;<\/em><\/li><li><em>utilizarea, la bar, de paie din material plastic neambalate individual<\/em><\/li><li><em>diferen\u021be de gramaj \u00eentre produsele de patiserie<\/em><\/li><li><em>existen\u021ba pavimentului cu pl\u0103ci de gresie sparte\/fisurate \u0219i cu tavan cu pete de gr\u0103sime \u0219i impurit\u0103\u021bi&nbsp;<\/em><\/li><li><em>lipsa graficului de schimbare a uleiului de pr\u0103jire<\/em><\/li><li><em>reutilizarea ambalajelor din material plastic.<\/em><\/li><\/ul>\n\n\n\n<figure class=\"wp-block-gallery has-nested-images columns-default is-cropped wp-block-gallery-1 is-layout-flex wp-block-gallery-is-layout-flex\">\n<figure class=\"wp-block-image size-large\"><a href=\"https:\/\/buletin.de\/bucuresti\/wp-content\/uploads\/WhatsApp-Image-2023-01-27-at-15.53.56.jpeg\"><img fetchpriority=\"high\" decoding=\"async\" width=\"900\" height=\"675\" data-id=\"52857\" src=\"data:image\/gif;base64,R0lGODlhAQABAAAAACH5BAEKAAEALAAAAAABAAEAAAICTAEAOw==\" data-src=\"https:\/\/buletin.de\/bucuresti\/wp-content\/uploads\/WhatsApp-Image-2023-01-27-at-15.53.56-900x675.jpeg\" alt=\"\" class=\"wp-image-52857 lazyload\" data-sizes=\"auto\" data-srcset=\"https:\/\/buletin.de\/bucuresti\/wp-content\/uploads\/WhatsApp-Image-2023-01-27-at-15.53.56-900x675.jpeg 900w, https:\/\/buletin.de\/bucuresti\/wp-content\/uploads\/WhatsApp-Image-2023-01-27-at-15.53.56-300x225.jpeg 300w, https:\/\/buletin.de\/bucuresti\/wp-content\/uploads\/WhatsApp-Image-2023-01-27-at-15.53.56-768x576.jpeg 768w, https:\/\/buletin.de\/bucuresti\/wp-content\/uploads\/WhatsApp-Image-2023-01-27-at-15.53.56-1536x1152.jpeg 1536w, https:\/\/buletin.de\/bucuresti\/wp-content\/uploads\/WhatsApp-Image-2023-01-27-at-15.53.56-1060x795.jpeg 1060w, https:\/\/buletin.de\/bucuresti\/wp-content\/uploads\/WhatsApp-Image-2023-01-27-at-15.53.56-550x413.jpeg 550w, https:\/\/buletin.de\/bucuresti\/wp-content\/uploads\/WhatsApp-Image-2023-01-27-at-15.53.56-667x500.jpeg 667w, https:\/\/buletin.de\/bucuresti\/wp-content\/uploads\/WhatsApp-Image-2023-01-27-at-15.53.56-1440x1080.jpeg 1440w, https:\/\/buletin.de\/bucuresti\/wp-content\/uploads\/WhatsApp-Image-2023-01-27-at-15.53.56-600x450.jpeg 600w, https:\/\/buletin.de\/bucuresti\/wp-content\/uploads\/WhatsApp-Image-2023-01-27-at-15.53.56.jpeg 1600w\" sizes=\"(max-width: 900px) 100vw, 900px\" \/><\/a><\/figure>\n\n\n\n<figure class=\"wp-block-image size-large\"><a href=\"https:\/\/buletin.de\/bucuresti\/wp-content\/uploads\/WhatsApp-Image-2023-01-27-at-15.53.57.jpeg\"><img decoding=\"async\" width=\"900\" height=\"675\" data-id=\"52858\" src=\"data:image\/gif;base64,R0lGODlhAQABAAAAACH5BAEKAAEALAAAAAABAAEAAAICTAEAOw==\" data-src=\"https:\/\/buletin.de\/bucuresti\/wp-content\/uploads\/WhatsApp-Image-2023-01-27-at-15.53.57-900x675.jpeg\" alt=\"\" class=\"wp-image-52858 lazyload\" data-sizes=\"auto\" data-srcset=\"https:\/\/buletin.de\/bucuresti\/wp-content\/uploads\/WhatsApp-Image-2023-01-27-at-15.53.57-900x675.jpeg 900w, https:\/\/buletin.de\/bucuresti\/wp-content\/uploads\/WhatsApp-Image-2023-01-27-at-15.53.57-300x225.jpeg 300w, https:\/\/buletin.de\/bucuresti\/wp-content\/uploads\/WhatsApp-Image-2023-01-27-at-15.53.57-768x576.jpeg 768w, https:\/\/buletin.de\/bucuresti\/wp-content\/uploads\/WhatsApp-Image-2023-01-27-at-15.53.57-1536x1152.jpeg 1536w, https:\/\/buletin.de\/bucuresti\/wp-content\/uploads\/WhatsApp-Image-2023-01-27-at-15.53.57-1060x795.jpeg 1060w, https:\/\/buletin.de\/bucuresti\/wp-content\/uploads\/WhatsApp-Image-2023-01-27-at-15.53.57-550x413.jpeg 550w, https:\/\/buletin.de\/bucuresti\/wp-content\/uploads\/WhatsApp-Image-2023-01-27-at-15.53.57-667x500.jpeg 667w, https:\/\/buletin.de\/bucuresti\/wp-content\/uploads\/WhatsApp-Image-2023-01-27-at-15.53.57-1440x1080.jpeg 1440w, https:\/\/buletin.de\/bucuresti\/wp-content\/uploads\/WhatsApp-Image-2023-01-27-at-15.53.57-600x450.jpeg 600w, https:\/\/buletin.de\/bucuresti\/wp-content\/uploads\/WhatsApp-Image-2023-01-27-at-15.53.57.jpeg 1600w\" sizes=\"(max-width: 900px) 100vw, 900px\" \/><\/a><\/figure>\n\n\n\n<figure class=\"wp-block-image size-large\"><a href=\"https:\/\/buletin.de\/bucuresti\/wp-content\/uploads\/WhatsApp-Image-2023-01-27-at-15.53.57-1.jpeg\"><img decoding=\"async\" width=\"675\" height=\"900\" data-id=\"52859\" src=\"data:image\/gif;base64,R0lGODlhAQABAAAAACH5BAEKAAEALAAAAAABAAEAAAICTAEAOw==\" data-src=\"https:\/\/buletin.de\/bucuresti\/wp-content\/uploads\/WhatsApp-Image-2023-01-27-at-15.53.57-1-675x900.jpeg\" alt=\"\" class=\"wp-image-52859 lazyload\" data-sizes=\"auto\" data-srcset=\"https:\/\/buletin.de\/bucuresti\/wp-content\/uploads\/WhatsApp-Image-2023-01-27-at-15.53.57-1-675x900.jpeg 675w, https:\/\/buletin.de\/bucuresti\/wp-content\/uploads\/WhatsApp-Image-2023-01-27-at-15.53.57-1-225x300.jpeg 225w, https:\/\/buletin.de\/bucuresti\/wp-content\/uploads\/WhatsApp-Image-2023-01-27-at-15.53.57-1-768x1024.jpeg 768w, https:\/\/buletin.de\/bucuresti\/wp-content\/uploads\/WhatsApp-Image-2023-01-27-at-15.53.57-1-1152x1536.jpeg 1152w, https:\/\/buletin.de\/bucuresti\/wp-content\/uploads\/WhatsApp-Image-2023-01-27-at-15.53.57-1-1060x1413.jpeg 1060w, https:\/\/buletin.de\/bucuresti\/wp-content\/uploads\/WhatsApp-Image-2023-01-27-at-15.53.57-1-550x733.jpeg 550w, https:\/\/buletin.de\/bucuresti\/wp-content\/uploads\/WhatsApp-Image-2023-01-27-at-15.53.57-1-375x500.jpeg 375w, https:\/\/buletin.de\/bucuresti\/wp-content\/uploads\/WhatsApp-Image-2023-01-27-at-15.53.57-1-810x1080.jpeg 810w, https:\/\/buletin.de\/bucuresti\/wp-content\/uploads\/WhatsApp-Image-2023-01-27-at-15.53.57-1-600x800.jpeg 600w, https:\/\/buletin.de\/bucuresti\/wp-content\/uploads\/WhatsApp-Image-2023-01-27-at-15.53.57-1.jpeg 1200w\" sizes=\"(max-width: 675px) 100vw, 675px\" \/><\/a><\/figure>\n\n\n\n<figure class=\"wp-block-image size-large\"><a href=\"https:\/\/buletin.de\/bucuresti\/wp-content\/uploads\/WhatsApp-Image-2023-01-27-at-15.54.01.jpeg\"><img loading=\"lazy\" decoding=\"async\" width=\"900\" height=\"675\" data-id=\"52860\" src=\"data:image\/gif;base64,R0lGODlhAQABAAAAACH5BAEKAAEALAAAAAABAAEAAAICTAEAOw==\" data-src=\"https:\/\/buletin.de\/bucuresti\/wp-content\/uploads\/WhatsApp-Image-2023-01-27-at-15.54.01-900x675.jpeg\" alt=\"\" class=\"wp-image-52860 lazyload\" data-sizes=\"auto\" data-srcset=\"https:\/\/buletin.de\/bucuresti\/wp-content\/uploads\/WhatsApp-Image-2023-01-27-at-15.54.01-900x675.jpeg 900w, https:\/\/buletin.de\/bucuresti\/wp-content\/uploads\/WhatsApp-Image-2023-01-27-at-15.54.01-300x225.jpeg 300w, https:\/\/buletin.de\/bucuresti\/wp-content\/uploads\/WhatsApp-Image-2023-01-27-at-15.54.01-768x576.jpeg 768w, https:\/\/buletin.de\/bucuresti\/wp-content\/uploads\/WhatsApp-Image-2023-01-27-at-15.54.01-1536x1152.jpeg 1536w, https:\/\/buletin.de\/bucuresti\/wp-content\/uploads\/WhatsApp-Image-2023-01-27-at-15.54.01-1060x795.jpeg 1060w, https:\/\/buletin.de\/bucuresti\/wp-content\/uploads\/WhatsApp-Image-2023-01-27-at-15.54.01-550x413.jpeg 550w, https:\/\/buletin.de\/bucuresti\/wp-content\/uploads\/WhatsApp-Image-2023-01-27-at-15.54.01-667x500.jpeg 667w, https:\/\/buletin.de\/bucuresti\/wp-content\/uploads\/WhatsApp-Image-2023-01-27-at-15.54.01-1440x1080.jpeg 1440w, https:\/\/buletin.de\/bucuresti\/wp-content\/uploads\/WhatsApp-Image-2023-01-27-at-15.54.01-600x450.jpeg 600w, https:\/\/buletin.de\/bucuresti\/wp-content\/uploads\/WhatsApp-Image-2023-01-27-at-15.54.01.jpeg 1600w\" sizes=\"(max-width: 900px) 100vw, 900px\" \/><\/a><\/figure>\n\n\n\n<figure class=\"wp-block-image size-large\"><a href=\"https:\/\/buletin.de\/bucuresti\/wp-content\/uploads\/WhatsApp-Image-2023-01-27-at-15.54.04.jpeg\"><img loading=\"lazy\" decoding=\"async\" width=\"900\" height=\"675\" data-id=\"52861\" src=\"data:image\/gif;base64,R0lGODlhAQABAAAAACH5BAEKAAEALAAAAAABAAEAAAICTAEAOw==\" data-src=\"https:\/\/buletin.de\/bucuresti\/wp-content\/uploads\/WhatsApp-Image-2023-01-27-at-15.54.04-900x675.jpeg\" alt=\"\" class=\"wp-image-52861 lazyload\" data-sizes=\"auto\" data-srcset=\"https:\/\/buletin.de\/bucuresti\/wp-content\/uploads\/WhatsApp-Image-2023-01-27-at-15.54.04-900x675.jpeg 900w, https:\/\/buletin.de\/bucuresti\/wp-content\/uploads\/WhatsApp-Image-2023-01-27-at-15.54.04-300x225.jpeg 300w, https:\/\/buletin.de\/bucuresti\/wp-content\/uploads\/WhatsApp-Image-2023-01-27-at-15.54.04-768x576.jpeg 768w, https:\/\/buletin.de\/bucuresti\/wp-content\/uploads\/WhatsApp-Image-2023-01-27-at-15.54.04-1536x1152.jpeg 1536w, https:\/\/buletin.de\/bucuresti\/wp-content\/uploads\/WhatsApp-Image-2023-01-27-at-15.54.04-1060x795.jpeg 1060w, https:\/\/buletin.de\/bucuresti\/wp-content\/uploads\/WhatsApp-Image-2023-01-27-at-15.54.04-550x413.jpeg 550w, https:\/\/buletin.de\/bucuresti\/wp-content\/uploads\/WhatsApp-Image-2023-01-27-at-15.54.04-667x500.jpeg 667w, https:\/\/buletin.de\/bucuresti\/wp-content\/uploads\/WhatsApp-Image-2023-01-27-at-15.54.04-1920x1440.jpeg 1920w, https:\/\/buletin.de\/bucuresti\/wp-content\/uploads\/WhatsApp-Image-2023-01-27-at-15.54.04-1440x1080.jpeg 1440w, https:\/\/buletin.de\/bucuresti\/wp-content\/uploads\/WhatsApp-Image-2023-01-27-at-15.54.04-600x450.jpeg 600w, https:\/\/buletin.de\/bucuresti\/wp-content\/uploads\/WhatsApp-Image-2023-01-27-at-15.54.04.jpeg 2000w\" sizes=\"(max-width: 900px) 100vw, 900px\" \/><\/a><\/figure>\n<figcaption class=\"blocks-gallery-caption\">Alte nereguli g\u0103site de c\u0103tre inspectorii ANPC. Surs\u0103 Foto: ANPC <\/figcaption><\/figure>\n\n\n\n<p>\u00cen urma verific\u0103rilor, inspectorii ANPC au g\u0103sit nereguli la nu mai pu\u021bin de 19 operatori economici, to\u021bi dintre ei fiind amenda\u021bi. Au fost oprite \u0219i 400 kg de produse alimentare neconforme, iar \u0219apte operatori economici au fost \u00eenchi\u0219i p\u00e2n\u0103 la remedierea neregulilor.  <\/p>\n\n\n\n<ul class=\"has-background wp-block-list\" style=\"background-color:#f7eac6\"><li><em>SC Doely Gustos SRL<\/em><\/li><li><em>SC Market Media Food SRL &#8211; Trattoria Verdi<\/em><\/li><li><em>SC Avicri Food &amp; Drinks SRL <strong>(oprit temporar de la func\u021bionare)<\/strong><\/em><\/li><li><em>SC Emest Prest Service SRL<\/em><\/li><li><em>SC Bianco Latte SRL \u2013 Borsalino<strong> (oprit temporar de la func\u021bionare)<\/strong><\/em><\/li><li><em>SC Tomorrow Food SRL &#8211; Level Up Fast Food<\/em><\/li><li><em>SC Comida Mexicana SRL &#8211; Casa de Tacos<\/em><\/li><li><em>SC Carrefour Rom\u00e2nia SA <strong>(oprit temporar de la func\u021bionare 3 vitrine frigorifice)<\/strong><\/em><\/li><li><em>SC Pan Ion Prod Com SRL<\/em><\/li><li><em>SC Pamfi Jina SRL<\/em><\/li><li><em>SC Premier Restaurants Romania SRL &#8211; McDonald\u2019 Unirii<\/em><\/li><li><em>SC Zoomserie SRL \u2013 Cofet\u0103ria Zoomserie<\/em><\/li><li><em>SC Patiseria Tineretului S.R.L &#8211; Patiseria Tineretului <strong>(oprit temporar de la func\u021bionare)<\/strong><\/em><\/li><li><em>SC Berezka Stores SRL<\/em><\/li><li><em>SC Il Maestro S.R.L \u2013 Megapan<\/em><\/li><li><em>SC US Food Network SA &#8211; KFC Unirii<\/em><\/li><li><em>SC MLS Invest Trading SRL \u2013 Chopstix <strong>(oprit temporar de la func\u021bionare)<\/strong><\/em><\/li><li><em>SC Denis si bunicii SRL &#8211; Casa Denis Fast Food Delivery <strong>(oprit temporar de la func\u021bionare)<\/strong><\/em><\/li><li><em>Sc ALEXDMA Panification SRL &#8211; Covrig\u0103ria Alex <strong>(oprit temporar de la func\u021bionare)<\/strong><\/em><\/li><\/ul>\n\n\n\n<figure class=\"wp-block-gallery has-nested-images columns-2 is-cropped wp-block-gallery-2 is-layout-flex wp-block-gallery-is-layout-flex\">\n<figure class=\"wp-block-image size-large\"><img loading=\"lazy\" decoding=\"async\" width=\"900\" height=\"675\" data-id=\"52864\" src=\"data:image\/gif;base64,R0lGODlhAQABAAAAACH5BAEKAAEALAAAAAABAAEAAAICTAEAOw==\" data-src=\"https:\/\/buletin.de\/bucuresti\/wp-content\/uploads\/WhatsApp-Image-2023-01-27-at-15.53.59-900x675.jpeg\" alt=\"\" class=\"wp-image-52864 lazyload\" data-sizes=\"auto\" data-srcset=\"https:\/\/buletin.de\/bucuresti\/wp-content\/uploads\/WhatsApp-Image-2023-01-27-at-15.53.59-900x675.jpeg 900w, https:\/\/buletin.de\/bucuresti\/wp-content\/uploads\/WhatsApp-Image-2023-01-27-at-15.53.59-300x225.jpeg 300w, https:\/\/buletin.de\/bucuresti\/wp-content\/uploads\/WhatsApp-Image-2023-01-27-at-15.53.59-768x576.jpeg 768w, https:\/\/buletin.de\/bucuresti\/wp-content\/uploads\/WhatsApp-Image-2023-01-27-at-15.53.59-1536x1152.jpeg 1536w, https:\/\/buletin.de\/bucuresti\/wp-content\/uploads\/WhatsApp-Image-2023-01-27-at-15.53.59-1060x795.jpeg 1060w, https:\/\/buletin.de\/bucuresti\/wp-content\/uploads\/WhatsApp-Image-2023-01-27-at-15.53.59-550x413.jpeg 550w, https:\/\/buletin.de\/bucuresti\/wp-content\/uploads\/WhatsApp-Image-2023-01-27-at-15.53.59-667x500.jpeg 667w, https:\/\/buletin.de\/bucuresti\/wp-content\/uploads\/WhatsApp-Image-2023-01-27-at-15.53.59-1440x1080.jpeg 1440w, https:\/\/buletin.de\/bucuresti\/wp-content\/uploads\/WhatsApp-Image-2023-01-27-at-15.53.59-600x450.jpeg 600w, https:\/\/buletin.de\/bucuresti\/wp-content\/uploads\/WhatsApp-Image-2023-01-27-at-15.53.59.jpeg 1600w\" sizes=\"(max-width: 900px) 100vw, 900px\" \/><\/figure>\n\n\n\n<figure class=\"wp-block-image size-large\"><img loading=\"lazy\" decoding=\"async\" width=\"900\" height=\"675\" data-id=\"52865\" src=\"data:image\/gif;base64,R0lGODlhAQABAAAAACH5BAEKAAEALAAAAAABAAEAAAICTAEAOw==\" data-src=\"https:\/\/buletin.de\/bucuresti\/wp-content\/uploads\/WhatsApp-Image-2023-01-27-at-15.54.05-900x675.jpeg\" alt=\"\" class=\"wp-image-52865 lazyload\" data-sizes=\"auto\" data-srcset=\"https:\/\/buletin.de\/bucuresti\/wp-content\/uploads\/WhatsApp-Image-2023-01-27-at-15.54.05-900x675.jpeg 900w, https:\/\/buletin.de\/bucuresti\/wp-content\/uploads\/WhatsApp-Image-2023-01-27-at-15.54.05-300x225.jpeg 300w, https:\/\/buletin.de\/bucuresti\/wp-content\/uploads\/WhatsApp-Image-2023-01-27-at-15.54.05-768x576.jpeg 768w, https:\/\/buletin.de\/bucuresti\/wp-content\/uploads\/WhatsApp-Image-2023-01-27-at-15.54.05-1536x1152.jpeg 1536w, https:\/\/buletin.de\/bucuresti\/wp-content\/uploads\/WhatsApp-Image-2023-01-27-at-15.54.05-1060x795.jpeg 1060w, https:\/\/buletin.de\/bucuresti\/wp-content\/uploads\/WhatsApp-Image-2023-01-27-at-15.54.05-550x413.jpeg 550w, https:\/\/buletin.de\/bucuresti\/wp-content\/uploads\/WhatsApp-Image-2023-01-27-at-15.54.05-667x500.jpeg 667w, https:\/\/buletin.de\/bucuresti\/wp-content\/uploads\/WhatsApp-Image-2023-01-27-at-15.54.05-1920x1440.jpeg 1920w, https:\/\/buletin.de\/bucuresti\/wp-content\/uploads\/WhatsApp-Image-2023-01-27-at-15.54.05-1440x1080.jpeg 1440w, https:\/\/buletin.de\/bucuresti\/wp-content\/uploads\/WhatsApp-Image-2023-01-27-at-15.54.05-600x450.jpeg 600w, https:\/\/buletin.de\/bucuresti\/wp-content\/uploads\/WhatsApp-Image-2023-01-27-at-15.54.05.jpeg 2000w\" sizes=\"(max-width: 900px) 100vw, 900px\" \/><\/figure>\n\n\n\n<figure class=\"wp-block-image size-large\"><img loading=\"lazy\" decoding=\"async\" width=\"900\" height=\"675\" data-id=\"52866\" src=\"data:image\/gif;base64,R0lGODlhAQABAAAAACH5BAEKAAEALAAAAAABAAEAAAICTAEAOw==\" data-src=\"https:\/\/buletin.de\/bucuresti\/wp-content\/uploads\/WhatsApp-Image-2023-01-27-at-16.00.55-900x675.jpeg\" alt=\"\" class=\"wp-image-52866 lazyload\" data-sizes=\"auto\" data-srcset=\"https:\/\/buletin.de\/bucuresti\/wp-content\/uploads\/WhatsApp-Image-2023-01-27-at-16.00.55-900x675.jpeg 900w, https:\/\/buletin.de\/bucuresti\/wp-content\/uploads\/WhatsApp-Image-2023-01-27-at-16.00.55-300x225.jpeg 300w, https:\/\/buletin.de\/bucuresti\/wp-content\/uploads\/WhatsApp-Image-2023-01-27-at-16.00.55-768x576.jpeg 768w, https:\/\/buletin.de\/bucuresti\/wp-content\/uploads\/WhatsApp-Image-2023-01-27-at-16.00.55-1536x1152.jpeg 1536w, https:\/\/buletin.de\/bucuresti\/wp-content\/uploads\/WhatsApp-Image-2023-01-27-at-16.00.55-1060x795.jpeg 1060w, https:\/\/buletin.de\/bucuresti\/wp-content\/uploads\/WhatsApp-Image-2023-01-27-at-16.00.55-550x413.jpeg 550w, https:\/\/buletin.de\/bucuresti\/wp-content\/uploads\/WhatsApp-Image-2023-01-27-at-16.00.55-667x500.jpeg 667w, https:\/\/buletin.de\/bucuresti\/wp-content\/uploads\/WhatsApp-Image-2023-01-27-at-16.00.55-1920x1440.jpeg 1920w, https:\/\/buletin.de\/bucuresti\/wp-content\/uploads\/WhatsApp-Image-2023-01-27-at-16.00.55-1440x1080.jpeg 1440w, https:\/\/buletin.de\/bucuresti\/wp-content\/uploads\/WhatsApp-Image-2023-01-27-at-16.00.55-600x450.jpeg 600w, https:\/\/buletin.de\/bucuresti\/wp-content\/uploads\/WhatsApp-Image-2023-01-27-at-16.00.55.jpeg 2048w\" sizes=\"(max-width: 900px) 100vw, 900px\" \/><\/figure>\n\n\n\n<figure class=\"wp-block-image size-large\"><img loading=\"lazy\" decoding=\"async\" width=\"900\" height=\"675\" data-id=\"52867\" src=\"data:image\/gif;base64,R0lGODlhAQABAAAAACH5BAEKAAEALAAAAAABAAEAAAICTAEAOw==\" data-src=\"https:\/\/buletin.de\/bucuresti\/wp-content\/uploads\/WhatsApp-Image-2023-01-27-at-16.01.10-900x675.jpeg\" alt=\"\" class=\"wp-image-52867 lazyload\" data-sizes=\"auto\" data-srcset=\"https:\/\/buletin.de\/bucuresti\/wp-content\/uploads\/WhatsApp-Image-2023-01-27-at-16.01.10-900x675.jpeg 900w, https:\/\/buletin.de\/bucuresti\/wp-content\/uploads\/WhatsApp-Image-2023-01-27-at-16.01.10-300x225.jpeg 300w, https:\/\/buletin.de\/bucuresti\/wp-content\/uploads\/WhatsApp-Image-2023-01-27-at-16.01.10-768x576.jpeg 768w, https:\/\/buletin.de\/bucuresti\/wp-content\/uploads\/WhatsApp-Image-2023-01-27-at-16.01.10-1536x1152.jpeg 1536w, https:\/\/buletin.de\/bucuresti\/wp-content\/uploads\/WhatsApp-Image-2023-01-27-at-16.01.10-1060x795.jpeg 1060w, https:\/\/buletin.de\/bucuresti\/wp-content\/uploads\/WhatsApp-Image-2023-01-27-at-16.01.10-550x413.jpeg 550w, https:\/\/buletin.de\/bucuresti\/wp-content\/uploads\/WhatsApp-Image-2023-01-27-at-16.01.10-667x500.jpeg 667w, https:\/\/buletin.de\/bucuresti\/wp-content\/uploads\/WhatsApp-Image-2023-01-27-at-16.01.10-1440x1080.jpeg 1440w, https:\/\/buletin.de\/bucuresti\/wp-content\/uploads\/WhatsApp-Image-2023-01-27-at-16.01.10-600x450.jpeg 600w, https:\/\/buletin.de\/bucuresti\/wp-content\/uploads\/WhatsApp-Image-2023-01-27-at-16.01.10.jpeg 1600w\" sizes=\"(max-width: 900px) 100vw, 900px\" \/><\/figure>\n<figcaption class=\"blocks-gallery-caption\">O parte dintre restaurantele verificate de c\u0103tre ANPC. Surs\u0103 Foto: ANPC<\/figcaption><\/figure>\n\n\n\n<p><\/p>\n\n\n\n<p>Surs\u0103 Cover: ANPC <\/p>\n","protected":false},"excerpt":{"rendered":"<p>Comisarii Autorit\u0103\u021bii Na\u021bionale pentru Protec\u021bia Consumatorilor (ANPC) au controlat mai multe restaurante \u0219i magazine care comercializeaz\u0103 produse alimentare sau de alimenta\u021bie public\u0103 din zona Pie\u021bei Unirii. \u00cen urma verific\u0103rilor, ace\u0219tia au descoperit c\u0103 se foloseau produse expirate, depozitate direct pe podea, dar \u0219i c\u0103 existau diferen\u021be de gramaj \u00eentre produsele de patiserie. Activitatea a \u0219apte [&hellip;]<\/p>\n","protected":false},"author":17,"featured_media":52861,"comment_status":"closed","ping_status":"open","sticky":false,"template":"","format":"standard","meta":{"_acf_changed":false,"inline_featured_image":false,"ngg_post_thumbnail":0,"footnotes":""},"categories":[62],"tags":[3410,2475,13,4741,5320],"ppma_author":[22576],"class_list":["post-52845","post","type-post","status-publish","format-standard","has-post-thumbnail","hentry","category-stiri","tag-anpc","tag-expirat","tag-mancare","tag-piata-unirii-2","tag-prodse-elimentae"],"acf":[],"yoast_head":"<!-- This site is optimized with the Yoast SEO Premium plugin v25.3 (Yoast SEO v27.4) - https:\/\/yoast.com\/product\/yoast-seo-premium-wordpress\/ -->\n<title>FOTO&amp;VIDEO | \u0218apte restaurante \u0219i magazine din zona Pie\u021bei Unirii, \u00eenchise temporar de ANPC - Buletin de Bucure\u0219ti<\/title>\n<meta name=\"robots\" content=\"index, follow, max-snippet:-1, max-image-preview:large, max-video-preview:-1\" \/>\n<link rel=\"canonical\" href=\"https:\/\/buletin.de\/bucuresti\/fotovideo-sapte-restaurante-si-magazine-din-zona-pietei-unirii-inchise-temporar-de-anpc\/\" \/>\n<meta property=\"og:locale\" content=\"en_GB\" \/>\n<meta property=\"og:type\" content=\"article\" \/>\n<meta property=\"og:title\" content=\"FOTO&amp;VIDEO | \u0218apte restaurante \u0219i magazine din zona Pie\u021bei Unirii, \u00eenchise temporar de ANPC\" \/>\n<meta property=\"og:description\" content=\"Comisarii Autorit\u0103\u021bii Na\u021bionale pentru Protec\u021bia Consumatorilor (ANPC) au controlat mai multe restaurante \u0219i magazine care comercializeaz\u0103 produse alimentare sau de alimenta\u021bie public\u0103 din zona Pie\u021bei Unirii. \u00cen urma verific\u0103rilor, ace\u0219tia au descoperit c\u0103 se foloseau produse expirate, depozitate direct pe podea, dar \u0219i c\u0103 existau diferen\u021be de gramaj \u00eentre produsele de patiserie. Activitatea a \u0219apte [&hellip;]\" \/>\n<meta property=\"og:url\" content=\"https:\/\/buletin.de\/bucuresti\/fotovideo-sapte-restaurante-si-magazine-din-zona-pietei-unirii-inchise-temporar-de-anpc\/\" \/>\n<meta property=\"og:site_name\" content=\"Buletin de Bucure\u0219ti\" \/>\n<meta property=\"article:publisher\" content=\"https:\/\/www.facebook.com\/buletin.de.buc\" \/>\n<meta property=\"article:published_time\" content=\"2023-01-27T15:44:48+00:00\" \/>\n<meta property=\"article:modified_time\" content=\"2023-01-27T15:44:49+00:00\" \/>\n<meta property=\"og:image\" content=\"https:\/\/buletin.de\/bucuresti\/wp-content\/uploads\/WhatsApp-Image-2023-01-27-at-15.54.04.jpeg\" \/>\n\t<meta property=\"og:image:width\" content=\"2000\" \/>\n\t<meta property=\"og:image:height\" content=\"1500\" \/>\n\t<meta property=\"og:image:type\" content=\"image\/jpeg\" \/>\n<meta name=\"author\" content=\"Florin R\u00e2\u0219teiu\" \/>\n<meta name=\"twitter:card\" content=\"summary_large_image\" \/>\n<meta name=\"twitter:label1\" content=\"Written by\" \/>\n\t<meta name=\"twitter:data1\" content=\"Florin R\u00e2\u0219teiu\" \/>\n\t<meta name=\"twitter:label2\" content=\"Estimated reading time\" \/>\n\t<meta name=\"twitter:data2\" content=\"5 minutes\" \/>\n<script type=\"application\/ld+json\" class=\"yoast-schema-graph\">{\"@context\":\"https:\\\/\\\/schema.org\",\"@graph\":[{\"@type\":\"Article\",\"@id\":\"https:\\\/\\\/buletin.de\\\/bucuresti\\\/fotovideo-sapte-restaurante-si-magazine-din-zona-pietei-unirii-inchise-temporar-de-anpc\\\/#article\",\"isPartOf\":{\"@id\":\"https:\\\/\\\/buletin.de\\\/bucuresti\\\/fotovideo-sapte-restaurante-si-magazine-din-zona-pietei-unirii-inchise-temporar-de-anpc\\\/\"},\"author\":{\"name\":\"Florin R\u00e2\u0219teiu\",\"@id\":\"https:\\\/\\\/buletin.de\\\/bucuresti\\\/#\\\/schema\\\/person\\\/b0686d7a8b666c6afc78239777fd8a89\"},\"headline\":\"FOTO&#038;VIDEO | \u0218apte restaurante \u0219i magazine din zona Pie\u021bei Unirii, \u00eenchise temporar de ANPC\",\"datePublished\":\"2023-01-27T15:44:48+00:00\",\"dateModified\":\"2023-01-27T15:44:49+00:00\",\"mainEntityOfPage\":{\"@id\":\"https:\\\/\\\/buletin.de\\\/bucuresti\\\/fotovideo-sapte-restaurante-si-magazine-din-zona-pietei-unirii-inchise-temporar-de-anpc\\\/\"},\"wordCount\":802,\"publisher\":{\"@id\":\"https:\\\/\\\/buletin.de\\\/bucuresti\\\/#organization\"},\"image\":{\"@id\":\"https:\\\/\\\/buletin.de\\\/bucuresti\\\/fotovideo-sapte-restaurante-si-magazine-din-zona-pietei-unirii-inchise-temporar-de-anpc\\\/#primaryimage\"},\"thumbnailUrl\":\"https:\\\/\\\/buletin.de\\\/bucuresti\\\/wp-content\\\/uploads\\\/WhatsApp-Image-2023-01-27-at-15.54.04.jpeg\",\"keywords\":[\"anpc\",\"Expirat\",\"mancare\",\"Pia\u021ba Unirii\",\"prodse elimentae\"],\"articleSection\":[\"\u0218tiri\"],\"inLanguage\":\"en-GB\",\"copyrightYear\":\"2023\",\"copyrightHolder\":{\"@id\":\"https:\\\/\\\/buletin.de\\\/bucuresti\\\/#organization\"}},{\"@type\":\"WebPage\",\"@id\":\"https:\\\/\\\/buletin.de\\\/bucuresti\\\/fotovideo-sapte-restaurante-si-magazine-din-zona-pietei-unirii-inchise-temporar-de-anpc\\\/\",\"url\":\"https:\\\/\\\/buletin.de\\\/bucuresti\\\/fotovideo-sapte-restaurante-si-magazine-din-zona-pietei-unirii-inchise-temporar-de-anpc\\\/\",\"name\":\"FOTO&VIDEO | \u0218apte restaurante \u0219i magazine din zona Pie\u021bei Unirii, \u00eenchise temporar de ANPC - Buletin de Bucure\u0219ti\",\"isPartOf\":{\"@id\":\"https:\\\/\\\/buletin.de\\\/bucuresti\\\/#website\"},\"primaryImageOfPage\":{\"@id\":\"https:\\\/\\\/buletin.de\\\/bucuresti\\\/fotovideo-sapte-restaurante-si-magazine-din-zona-pietei-unirii-inchise-temporar-de-anpc\\\/#primaryimage\"},\"image\":{\"@id\":\"https:\\\/\\\/buletin.de\\\/bucuresti\\\/fotovideo-sapte-restaurante-si-magazine-din-zona-pietei-unirii-inchise-temporar-de-anpc\\\/#primaryimage\"},\"thumbnailUrl\":\"https:\\\/\\\/buletin.de\\\/bucuresti\\\/wp-content\\\/uploads\\\/WhatsApp-Image-2023-01-27-at-15.54.04.jpeg\",\"datePublished\":\"2023-01-27T15:44:48+00:00\",\"dateModified\":\"2023-01-27T15:44:49+00:00\",\"breadcrumb\":{\"@id\":\"https:\\\/\\\/buletin.de\\\/bucuresti\\\/fotovideo-sapte-restaurante-si-magazine-din-zona-pietei-unirii-inchise-temporar-de-anpc\\\/#breadcrumb\"},\"inLanguage\":\"en-GB\",\"potentialAction\":[{\"@type\":\"ReadAction\",\"target\":[\"https:\\\/\\\/buletin.de\\\/bucuresti\\\/fotovideo-sapte-restaurante-si-magazine-din-zona-pietei-unirii-inchise-temporar-de-anpc\\\/\"]}]},{\"@type\":\"ImageObject\",\"inLanguage\":\"en-GB\",\"@id\":\"https:\\\/\\\/buletin.de\\\/bucuresti\\\/fotovideo-sapte-restaurante-si-magazine-din-zona-pietei-unirii-inchise-temporar-de-anpc\\\/#primaryimage\",\"url\":\"https:\\\/\\\/buletin.de\\\/bucuresti\\\/wp-content\\\/uploads\\\/WhatsApp-Image-2023-01-27-at-15.54.04.jpeg\",\"contentUrl\":\"https:\\\/\\\/buletin.de\\\/bucuresti\\\/wp-content\\\/uploads\\\/WhatsApp-Image-2023-01-27-at-15.54.04.jpeg\",\"width\":2000,\"height\":1500},{\"@type\":\"BreadcrumbList\",\"@id\":\"https:\\\/\\\/buletin.de\\\/bucuresti\\\/fotovideo-sapte-restaurante-si-magazine-din-zona-pietei-unirii-inchise-temporar-de-anpc\\\/#breadcrumb\",\"itemListElement\":[{\"@type\":\"ListItem\",\"position\":1,\"name\":\"Acas\u0103\",\"item\":\"https:\\\/\\\/buletin.de\\\/bucuresti\\\/\"},{\"@type\":\"ListItem\",\"position\":2,\"name\":\"FOTO&#038;VIDEO | \u0218apte restaurante \u0219i magazine din zona Pie\u021bei Unirii, \u00eenchise temporar de ANPC\"}]},{\"@type\":\"WebSite\",\"@id\":\"https:\\\/\\\/buletin.de\\\/bucuresti\\\/#website\",\"url\":\"https:\\\/\\\/buletin.de\\\/bucuresti\\\/\",\"name\":\"Buletin de Bucure\u0219ti\",\"description\":\"\u0218tiri \u0219i investiga\u021bii esen\u021biale din capital\u0103\",\"publisher\":{\"@id\":\"https:\\\/\\\/buletin.de\\\/bucuresti\\\/#organization\"},\"potentialAction\":[{\"@type\":\"SearchAction\",\"target\":{\"@type\":\"EntryPoint\",\"urlTemplate\":\"https:\\\/\\\/buletin.de\\\/bucuresti\\\/?s={search_term_string}\"},\"query-input\":{\"@type\":\"PropertyValueSpecification\",\"valueRequired\":true,\"valueName\":\"search_term_string\"}}],\"inLanguage\":\"en-GB\"},{\"@type\":\"Organization\",\"@id\":\"https:\\\/\\\/buletin.de\\\/bucuresti\\\/#organization\",\"name\":\"Buletin de Bucure\u0219ti\",\"url\":\"https:\\\/\\\/buletin.de\\\/bucuresti\\\/\",\"logo\":{\"@type\":\"ImageObject\",\"inLanguage\":\"en-GB\",\"@id\":\"https:\\\/\\\/buletin.de\\\/bucuresti\\\/#\\\/schema\\\/logo\\\/image\\\/\",\"url\":\"https:\\\/\\\/buletin.de\\\/bucuresti\\\/wp-content\\\/uploads\\\/logo-bdb-full-wide-vernil-transparent.png\",\"contentUrl\":\"https:\\\/\\\/buletin.de\\\/bucuresti\\\/wp-content\\\/uploads\\\/logo-bdb-full-wide-vernil-transparent.png\",\"width\":1782,\"height\":626,\"caption\":\"Buletin de Bucure\u0219ti\"},\"image\":{\"@id\":\"https:\\\/\\\/buletin.de\\\/bucuresti\\\/#\\\/schema\\\/logo\\\/image\\\/\"},\"sameAs\":[\"https:\\\/\\\/www.facebook.com\\\/buletin.de.buc\",\"https:\\\/\\\/www.instagram.com\\\/buletinde.bucuresti\\\/\"]},{\"@type\":\"Person\",\"@id\":\"https:\\\/\\\/buletin.de\\\/bucuresti\\\/#\\\/schema\\\/person\\\/b0686d7a8b666c6afc78239777fd8a89\",\"name\":\"Florin R\u00e2\u0219teiu\",\"image\":{\"@type\":\"ImageObject\",\"inLanguage\":\"en-GB\",\"@id\":\"https:\\\/\\\/buletin.de\\\/bucuresti\\\/wp-content\\\/uploads\\\/Florin-Rasteiu-96x96.jpgf0a6fe28453aa12f0a60e4d0a2e3a78c\",\"url\":\"https:\\\/\\\/buletin.de\\\/bucuresti\\\/wp-content\\\/uploads\\\/Florin-Rasteiu-96x96.jpg\",\"contentUrl\":\"https:\\\/\\\/buletin.de\\\/bucuresti\\\/wp-content\\\/uploads\\\/Florin-Rasteiu-96x96.jpg\",\"caption\":\"Florin R\u00e2\u0219teiu\"},\"description\":\"Jurnalist de investiga\u021bie. Lucreaz\u0103 de aproape 6 ani la Buletin de Bucure\u0219ti, unde a publicat articole care scot la suprafa\u021b\u0103 corup\u021bia din Capital\u0103. Analizeaz\u0103 baze de date zilnic \u0219i scoate pove\u0219ti din exceluri pline de cifre. Pune reflectorul pe adev\u0103r cu fiecare ocazie. A c\u00e2\u0219tigat premiul I la categoria Pres\u0103 Local\u0103 \u00een 2025 \u0219i locul al II-lea la aceea\u0219i categorie \u00een 2024 \u00een cadrul Premiilor Superscrieri pentru jurnalism independent.\",\"url\":\"https:\\\/\\\/buletin.de\\\/bucuresti\\\/author\\\/florinrasteiu\\\/\"}]}<\/script>\n<!-- \/ Yoast SEO Premium plugin. -->","yoast_head_json":{"title":"FOTO&VIDEO | \u0218apte restaurante \u0219i magazine din zona Pie\u021bei Unirii, \u00eenchise temporar de ANPC - Buletin de Bucure\u0219ti","robots":{"index":"index","follow":"follow","max-snippet":"max-snippet:-1","max-image-preview":"max-image-preview:large","max-video-preview":"max-video-preview:-1"},"canonical":"https:\/\/buletin.de\/bucuresti\/fotovideo-sapte-restaurante-si-magazine-din-zona-pietei-unirii-inchise-temporar-de-anpc\/","og_locale":"en_GB","og_type":"article","og_title":"FOTO&VIDEO | \u0218apte restaurante \u0219i magazine din zona Pie\u021bei Unirii, \u00eenchise temporar de ANPC","og_description":"Comisarii Autorit\u0103\u021bii Na\u021bionale pentru Protec\u021bia Consumatorilor (ANPC) au controlat mai multe restaurante \u0219i magazine care comercializeaz\u0103 produse alimentare sau de alimenta\u021bie public\u0103 din zona Pie\u021bei Unirii. \u00cen urma verific\u0103rilor, ace\u0219tia au descoperit c\u0103 se foloseau produse expirate, depozitate direct pe podea, dar \u0219i c\u0103 existau diferen\u021be de gramaj \u00eentre produsele de patiserie. Activitatea a \u0219apte [&hellip;]","og_url":"https:\/\/buletin.de\/bucuresti\/fotovideo-sapte-restaurante-si-magazine-din-zona-pietei-unirii-inchise-temporar-de-anpc\/","og_site_name":"Buletin de Bucure\u0219ti","article_publisher":"https:\/\/www.facebook.com\/buletin.de.buc","article_published_time":"2023-01-27T15:44:48+00:00","article_modified_time":"2023-01-27T15:44:49+00:00","og_image":[{"width":2000,"height":1500,"url":"https:\/\/buletin.de\/bucuresti\/wp-content\/uploads\/WhatsApp-Image-2023-01-27-at-15.54.04.jpeg","type":"image\/jpeg"}],"author":"Florin R\u00e2\u0219teiu","twitter_card":"summary_large_image","twitter_misc":{"Written by":"Florin R\u00e2\u0219teiu","Estimated reading time":"5 minutes"},"schema":{"@context":"https:\/\/schema.org","@graph":[{"@type":"Article","@id":"https:\/\/buletin.de\/bucuresti\/fotovideo-sapte-restaurante-si-magazine-din-zona-pietei-unirii-inchise-temporar-de-anpc\/#article","isPartOf":{"@id":"https:\/\/buletin.de\/bucuresti\/fotovideo-sapte-restaurante-si-magazine-din-zona-pietei-unirii-inchise-temporar-de-anpc\/"},"author":{"name":"Florin R\u00e2\u0219teiu","@id":"https:\/\/buletin.de\/bucuresti\/#\/schema\/person\/b0686d7a8b666c6afc78239777fd8a89"},"headline":"FOTO&#038;VIDEO | \u0218apte restaurante \u0219i magazine din zona Pie\u021bei Unirii, \u00eenchise temporar de ANPC","datePublished":"2023-01-27T15:44:48+00:00","dateModified":"2023-01-27T15:44:49+00:00","mainEntityOfPage":{"@id":"https:\/\/buletin.de\/bucuresti\/fotovideo-sapte-restaurante-si-magazine-din-zona-pietei-unirii-inchise-temporar-de-anpc\/"},"wordCount":802,"publisher":{"@id":"https:\/\/buletin.de\/bucuresti\/#organization"},"image":{"@id":"https:\/\/buletin.de\/bucuresti\/fotovideo-sapte-restaurante-si-magazine-din-zona-pietei-unirii-inchise-temporar-de-anpc\/#primaryimage"},"thumbnailUrl":"https:\/\/buletin.de\/bucuresti\/wp-content\/uploads\/WhatsApp-Image-2023-01-27-at-15.54.04.jpeg","keywords":["anpc","Expirat","mancare","Pia\u021ba Unirii","prodse elimentae"],"articleSection":["\u0218tiri"],"inLanguage":"en-GB","copyrightYear":"2023","copyrightHolder":{"@id":"https:\/\/buletin.de\/bucuresti\/#organization"}},{"@type":"WebPage","@id":"https:\/\/buletin.de\/bucuresti\/fotovideo-sapte-restaurante-si-magazine-din-zona-pietei-unirii-inchise-temporar-de-anpc\/","url":"https:\/\/buletin.de\/bucuresti\/fotovideo-sapte-restaurante-si-magazine-din-zona-pietei-unirii-inchise-temporar-de-anpc\/","name":"FOTO&VIDEO | \u0218apte restaurante \u0219i magazine din zona Pie\u021bei Unirii, \u00eenchise temporar de ANPC - Buletin de Bucure\u0219ti","isPartOf":{"@id":"https:\/\/buletin.de\/bucuresti\/#website"},"primaryImageOfPage":{"@id":"https:\/\/buletin.de\/bucuresti\/fotovideo-sapte-restaurante-si-magazine-din-zona-pietei-unirii-inchise-temporar-de-anpc\/#primaryimage"},"image":{"@id":"https:\/\/buletin.de\/bucuresti\/fotovideo-sapte-restaurante-si-magazine-din-zona-pietei-unirii-inchise-temporar-de-anpc\/#primaryimage"},"thumbnailUrl":"https:\/\/buletin.de\/bucuresti\/wp-content\/uploads\/WhatsApp-Image-2023-01-27-at-15.54.04.jpeg","datePublished":"2023-01-27T15:44:48+00:00","dateModified":"2023-01-27T15:44:49+00:00","breadcrumb":{"@id":"https:\/\/buletin.de\/bucuresti\/fotovideo-sapte-restaurante-si-magazine-din-zona-pietei-unirii-inchise-temporar-de-anpc\/#breadcrumb"},"inLanguage":"en-GB","potentialAction":[{"@type":"ReadAction","target":["https:\/\/buletin.de\/bucuresti\/fotovideo-sapte-restaurante-si-magazine-din-zona-pietei-unirii-inchise-temporar-de-anpc\/"]}]},{"@type":"ImageObject","inLanguage":"en-GB","@id":"https:\/\/buletin.de\/bucuresti\/fotovideo-sapte-restaurante-si-magazine-din-zona-pietei-unirii-inchise-temporar-de-anpc\/#primaryimage","url":"https:\/\/buletin.de\/bucuresti\/wp-content\/uploads\/WhatsApp-Image-2023-01-27-at-15.54.04.jpeg","contentUrl":"https:\/\/buletin.de\/bucuresti\/wp-content\/uploads\/WhatsApp-Image-2023-01-27-at-15.54.04.jpeg","width":2000,"height":1500},{"@type":"BreadcrumbList","@id":"https:\/\/buletin.de\/bucuresti\/fotovideo-sapte-restaurante-si-magazine-din-zona-pietei-unirii-inchise-temporar-de-anpc\/#breadcrumb","itemListElement":[{"@type":"ListItem","position":1,"name":"Acas\u0103","item":"https:\/\/buletin.de\/bucuresti\/"},{"@type":"ListItem","position":2,"name":"FOTO&#038;VIDEO | \u0218apte restaurante \u0219i magazine din zona Pie\u021bei Unirii, \u00eenchise temporar de ANPC"}]},{"@type":"WebSite","@id":"https:\/\/buletin.de\/bucuresti\/#website","url":"https:\/\/buletin.de\/bucuresti\/","name":"Buletin de Bucure\u0219ti","description":"\u0218tiri \u0219i investiga\u021bii esen\u021biale din capital\u0103","publisher":{"@id":"https:\/\/buletin.de\/bucuresti\/#organization"},"potentialAction":[{"@type":"SearchAction","target":{"@type":"EntryPoint","urlTemplate":"https:\/\/buletin.de\/bucuresti\/?s={search_term_string}"},"query-input":{"@type":"PropertyValueSpecification","valueRequired":true,"valueName":"search_term_string"}}],"inLanguage":"en-GB"},{"@type":"Organization","@id":"https:\/\/buletin.de\/bucuresti\/#organization","name":"Buletin de Bucure\u0219ti","url":"https:\/\/buletin.de\/bucuresti\/","logo":{"@type":"ImageObject","inLanguage":"en-GB","@id":"https:\/\/buletin.de\/bucuresti\/#\/schema\/logo\/image\/","url":"https:\/\/buletin.de\/bucuresti\/wp-content\/uploads\/logo-bdb-full-wide-vernil-transparent.png","contentUrl":"https:\/\/buletin.de\/bucuresti\/wp-content\/uploads\/logo-bdb-full-wide-vernil-transparent.png","width":1782,"height":626,"caption":"Buletin de Bucure\u0219ti"},"image":{"@id":"https:\/\/buletin.de\/bucuresti\/#\/schema\/logo\/image\/"},"sameAs":["https:\/\/www.facebook.com\/buletin.de.buc","https:\/\/www.instagram.com\/buletinde.bucuresti\/"]},{"@type":"Person","@id":"https:\/\/buletin.de\/bucuresti\/#\/schema\/person\/b0686d7a8b666c6afc78239777fd8a89","name":"Florin R\u00e2\u0219teiu","image":{"@type":"ImageObject","inLanguage":"en-GB","@id":"https:\/\/buletin.de\/bucuresti\/wp-content\/uploads\/Florin-Rasteiu-96x96.jpgf0a6fe28453aa12f0a60e4d0a2e3a78c","url":"https:\/\/buletin.de\/bucuresti\/wp-content\/uploads\/Florin-Rasteiu-96x96.jpg","contentUrl":"https:\/\/buletin.de\/bucuresti\/wp-content\/uploads\/Florin-Rasteiu-96x96.jpg","caption":"Florin R\u00e2\u0219teiu"},"description":"Jurnalist de investiga\u021bie. Lucreaz\u0103 de aproape 6 ani la Buletin de Bucure\u0219ti, unde a publicat articole care scot la suprafa\u021b\u0103 corup\u021bia din Capital\u0103. Analizeaz\u0103 baze de date zilnic \u0219i scoate pove\u0219ti din exceluri pline de cifre. Pune reflectorul pe adev\u0103r cu fiecare ocazie. A c\u00e2\u0219tigat premiul I la categoria Pres\u0103 Local\u0103 \u00een 2025 \u0219i locul al II-lea la aceea\u0219i categorie \u00een 2024 \u00een cadrul Premiilor Superscrieri pentru jurnalism independent.","url":"https:\/\/buletin.de\/bucuresti\/author\/florinrasteiu\/"}]}},"authors":[{"term_id":22576,"user_id":17,"is_guest":0,"slug":"florinrasteiu","display_name":"Florin R\u00e2\u0219teiu","avatar_url":"https:\/\/buletin.de\/bucuresti\/wp-content\/uploads\/Florin-Rasteiu-96x96.jpg","0":null,"1":"","2":"","3":"","4":"","5":"","6":"","7":"","8":""}],"_links":{"self":[{"href":"https:\/\/buletin.de\/bucuresti\/wp-json\/wp\/v2\/posts\/52845","targetHints":{"allow":["GET"]}}],"collection":[{"href":"https:\/\/buletin.de\/bucuresti\/wp-json\/wp\/v2\/posts"}],"about":[{"href":"https:\/\/buletin.de\/bucuresti\/wp-json\/wp\/v2\/types\/post"}],"author":[{"embeddable":true,"href":"https:\/\/buletin.de\/bucuresti\/wp-json\/wp\/v2\/users\/17"}],"replies":[{"embeddable":true,"href":"https:\/\/buletin.de\/bucuresti\/wp-json\/wp\/v2\/comments?post=52845"}],"version-history":[{"count":5,"href":"https:\/\/buletin.de\/bucuresti\/wp-json\/wp\/v2\/posts\/52845\/revisions"}],"predecessor-version":[{"id":52878,"href":"https:\/\/buletin.de\/bucuresti\/wp-json\/wp\/v2\/posts\/52845\/revisions\/52878"}],"wp:featuredmedia":[{"embeddable":true,"href":"https:\/\/buletin.de\/bucuresti\/wp-json\/wp\/v2\/media\/52861"}],"wp:attachment":[{"href":"https:\/\/buletin.de\/bucuresti\/wp-json\/wp\/v2\/media?parent=52845"}],"wp:term":[{"taxonomy":"category","embeddable":true,"href":"https:\/\/buletin.de\/bucuresti\/wp-json\/wp\/v2\/categories?post=52845"},{"taxonomy":"post_tag","embeddable":true,"href":"https:\/\/buletin.de\/bucuresti\/wp-json\/wp\/v2\/tags?post=52845"},{"taxonomy":"author","embeddable":true,"href":"https:\/\/buletin.de\/bucuresti\/wp-json\/wp\/v2\/ppma_author?post=52845"}],"curies":[{"name":"wp","href":"https:\/\/api.w.org\/{rel}","templated":true}]}}