{"id":5283,"date":"2020-04-01T19:19:44","date_gmt":"2020-04-01T16:19:44","guid":{"rendered":"https:\/\/buletin.de\/bucuresti\/?p=5283"},"modified":"2021-06-02T13:22:04","modified_gmt":"2021-06-02T10:22:04","slug":"firma-lui-bogdan-chiriac-dc-news-media-group-contract-de-25-milioane-de-lei-pentru-organizarea-de-evenimente-in-plina-pandemie","status":"publish","type":"post","link":"https:\/\/buletin.de\/bucuresti\/firma-lui-bogdan-chiriac-dc-news-media-group-contract-de-25-milioane-de-lei-pentru-organizarea-de-evenimente-in-plina-pandemie\/","title":{"rendered":"Firma lui Bogdan Chirieac, DC News Media Group, contract de 2,5 milioane de lei pentru organizarea de evenimente, \u00een plin\u0103 pandemie"},"content":{"rendered":"\n<p><strong>Un contract de peste jum\u0103tate de milion de euro pentru organizarea de evenimente a fost atribuit ast\u0103zi de Prim\u0103ria Sectorului 4 \u00een parteneriat cu Direc\u021bia General\u0103 de Impozite \u0219i Taxe Locale Sector 4. Conform platformei de licita\u021bie publice SICAP, num\u0103rul de persoane care ar trebui s\u0103 participe pentru fiecare eveniment este 150 de persoane. Nu se specific\u0103 \u00een anun\u021bul de atribuire c\u00e2nd ar trebui s\u0103 aib\u0103 loc \u00eent\u00e2lnirile \u0219i despre ce ar trebui s\u0103 fie vorba. Patronul DC News, Bogdan Chirieac, a declarat pentru Buletin de Bucure\u0219ti, c\u0103 firma sa are notorietate. <\/strong><\/p>\n\n\n\n<p>\u201e<em>Obiectivul general al acestei achizi\u0163ii const\u0103 \u00een asigurarea condi\u021biilor pentru organizarea de evenimente de lucru ale Sectorului 4 al Municipiului Bucure\u015fti \u0219i&nbsp; Direc\u021bia General\u0103 de Impozite \u0219i Taxe Locale Sector 4, \u00een scopul unei bune inform\u0103ri a publicului pentru promovarea evenimentelor \u015fi proiectelor derulate precum \u0219i \u00een scopul realiz\u0103rii schimbului de experien\u021b\u0103 cu alte autorit\u0103\u021bi publice.<\/em>\u201d conform descrierii succinte SICAP<\/p>\n\n\n\n<div class=\"wp-block-group\"><div class=\"wp-block-group__inner-container is-layout-flow wp-block-group-is-layout-flow\">\n<p class=\"has-text-align-center sustine\" style=\"font-size:22px\"><strong>Dac\u0103 \u00ee\u021bi place ce facem \u0219i vrei s\u0103 ne sus\u021bii,<br><a href=\"https:\/\/its.funky.ong\/CFbuletin\">te rug\u0103m s\u0103 contribui la campania noastr\u0103 de crowdfunding<\/a><\/strong><\/p>\n\n\n\n<style>\n.sustine {\npadding: 30px;\nmargin: 40px auto!important;\nborder-radius: 30px;\nmax-width: 500px;\ndisplay: block;\nbackground: rgb(255,240,170);\nbackground: radial-gradient(circle, rgba(255,240,170,1) 48%, rgba(255,240,170,1) 85%, rgba(252,235,153,0.4906337535014006) 100%);\n}\n.sustine a:hover {\ncolor: red!important;\n}\n<\/style>\n<\/div><\/div>\n\n\n\n<p><strong>Acordul cadru a fost atribuit ast\u0103zi, 1 aprilie, firmelor Agrafics Communication \u0219i DCNews Media Group \u0219i are un termen de executare de 24 de luni. <\/strong>Conform platformei SICAP, Agrafics prime\u0219te 2.6 milioane de lei, iar DCNews 2.5 milioane de lei, ambele f\u0103r\u0103 TVA inclus. \u00cen acela\u0219i timp, pe aceea\u0219i platform\u0103, c\u00e2teva r\u00e2nduri mai sus, apare un singur ofertant c\u00e2\u0219tig\u0103tor: DCNews. <\/p>\n\n\n\n<div class=\"wp-block-image\"><figure class=\"aligncenter size-large\"><img fetchpriority=\"high\" decoding=\"async\" width=\"624\" height=\"155\" src=\"data:image\/gif;base64,R0lGODlhAQABAAAAACH5BAEKAAEALAAAAAABAAEAAAICTAEAOw==\" data-src=\"https:\/\/buletin.de\/bucuresti\/wp-content\/uploads\/image-92.png\" alt=\"\" class=\"wp-image-5287 lazyload\" data-sizes=\"auto\" data-srcset=\"https:\/\/buletin.de\/bucuresti\/wp-content\/uploads\/image-92.png 624w, https:\/\/buletin.de\/bucuresti\/wp-content\/uploads\/image-92-600x149.png 600w, https:\/\/buletin.de\/bucuresti\/wp-content\/uploads\/image-92-300x75.png 300w, https:\/\/buletin.de\/bucuresti\/wp-content\/uploads\/image-92-550x137.png 550w\" sizes=\"(max-width: 624px) 100vw, 624px\" \/><\/figure><\/div>\n\n\n\n<p>Agrafics Communication este de\u021binut\u0103 de \u0218tef\u0103nescu Daniela, cu 10% din ac\u021biuni \u0219i de \u0218tef\u0103nescu Gabriel Marian, cu 90%. De-a lungul timpului firma a c\u00e2\u0219tigat contracte publice de peste 55 milioane de lei cu  Ministerul Dezvolt\u0103rii Regionale, Ministerul Muncii \u0219i Justi\u021biei Sociale, Ministerul Finan\u021belor Publice, Ministerul Mediului, Ministerul Transporturilor, Ministerul Afacerilor Interne, Ministerul Economiei \u0219i Ministerul Educa\u021biei. Numele \u0218tef\u0103nescu Gabriel Marian apare \u00een actele mai multor firme, printre care \u0219i Ars Advertising. \u00cen urm\u0103 cu 10 ani, firma Ars Advertising a fost protagonista unui scandal, dup\u0103 ce ministrul Mediului de atunci, Nicolae Nemirschi, a oferit companiei un contract de jum\u0103tate de milion de EURO prin atribuire direct\u0103. \u00cen urma unei investiga\u021bii, Autoritatea Na\u021bional\u0103 pentru Reglementarea \u0219i Monitorizarea Achizi\u021biilor Publice (ANRMAP) a ar\u0103tat c\u0103 acest contract a fost primit ilegal.<\/p>\n\n\n\n<p>DCNews Media Group\na fost \u00eenfiin\u021bat\u0103 anul trecut \u0219i are ca domeniu principal de activitate servicii\nde publicitate. Firma este condus\u0103 de Bogdan Chirieac, jurnalist trecut prin\nmai multe redac\u021bii din Rom\u00e2nia, precum Adev\u0103rul \u0219i G\u00e2ndul \u0219i, \u00een prezent, DC\nNews, \u0219i de Cri\u0219an Rudolf Andreescu, redactor la DC News. Pe l\u00e2ng\u0103 DC News,\nChirieac \u0219i Cri\u0219an au \u00een comun Press Media Electronic; \u00een 2019 firma a primit\nun contract public de 175.340 RON de la Ministerul Fondurilor Europene. Conform\nunei <a href=\"https:\/\/www.g4media.ro\/cine-sunt-clientii-psd-platiti-din-subventii-publice.html\">investiga\u021bii\nG4Media<\/a>, Press Media Electronic SRL a \u00eencasat din subven\u021bii publice PSD \u00een\n2018 aproximativ 1.2 milioane de lei. Asociat la Press Media Electronic este \u0219i\nValentin V\u00eelcu, lector universitar la Facultatea de Jurnalism din cadrul\nUniversit\u0103\u021bii Bucure\u0219ti.<\/p>\n\n\n\n<p>Contractul pentru servicii de organizare evenimente pentru Sectorul 4 a fost scos la licita\u021bie de dou\u0103 ori. Conform Consiliului Na\u021bional de Solu\u021bionare a Contesta\u021biilor, firma Tehno Art Solutions a f\u0103cut o contesta\u021bie prin care a solicitat anularea rezultatului procedurii. Bogdan Chirieac care ne-a spus c\u0103 DCNews Media Group a c\u00e2\u0219tigat aceast\u0103 licita\u021bie de ambele d\u0103\u021bi. De\u0219i pe platforma de licita\u021bii apare c\u0103 au fost depuse oferte din partea a cinci companii, contactat de Buletin de Bucure\u0219ti, Bogdan Chirieac ne-a comunicat, de dou\u0103 ori, c\u0103 la licita\u021bie au participat 12 firme. Tot el ne-a spus c\u0103 se vor organiza 24 de evenimente \u00eentr-o perioad\u0103 de 24 de luni. \u00cen privin\u021ba desemn\u0103rii firmei sale, Bogdan Chiriac spune ce\u0103 este cunoscut\u0103 pe pia\u021b\u0103 \u0219i de aceea a fost preferat\u0103.<\/p>\n\n\n\n<figure class=\"wp-block-image size-large\"><img decoding=\"async\" width=\"624\" height=\"165\" src=\"data:image\/gif;base64,R0lGODlhAQABAAAAACH5BAEKAAEALAAAAAABAAEAAAICTAEAOw==\" data-src=\"https:\/\/buletin.de\/bucuresti\/wp-content\/uploads\/image-93.png\" alt=\"\" class=\"wp-image-5288 lazyload\" data-sizes=\"auto\" data-srcset=\"https:\/\/buletin.de\/bucuresti\/wp-content\/uploads\/image-93.png 624w, https:\/\/buletin.de\/bucuresti\/wp-content\/uploads\/image-93-600x159.png 600w, https:\/\/buletin.de\/bucuresti\/wp-content\/uploads\/image-93-300x79.png 300w, https:\/\/buletin.de\/bucuresti\/wp-content\/uploads\/image-93-550x145.png 550w\" sizes=\"(max-width: 624px) 100vw, 624px\" \/><\/figure>\n\n\n\n<p><\/p>\n\n\n\n<p>Am contactat un reprezentant al firmei Agrafics Communication, \u00eens\u0103 p\u00e2n\u0103 la momentul public\u0103rii articolului nu am primit niciun r\u0103spuns. De asemenea, am \u00eencercat s\u0103 lu\u0103m leg\u0103tura cu primarul Sectorului 4 Daniel B\u0103lu\u021b\u0103 pentru a primi c\u00e2teva clarific\u0103ri \u00een leg\u0103tur\u0103 cu acest acord-cadru. Nici el nu a dat nicio reac\u021bie. <\/p>\n\n\n\n<p><\/p>\n\n\n\n<p>Surs\u0103 foto: Facebook Prim\u0103ria Sectorului 4 <\/p>\n","protected":false},"excerpt":{"rendered":"<p>Un contract de peste jum\u0103tate de milion de euro pentru organizarea de evenimente a fost atribuit ast\u0103zi de Prim\u0103ria Sectorului 4 \u00een parteneriat cu Direc\u021bia General\u0103 de Impozite \u0219i Taxe Locale Sector 4. Conform platformei de licita\u021bie publice SICAP, num\u0103rul de persoane care ar trebui s\u0103 participe pentru fiecare eveniment este 150 de persoane. Nu [&hellip;]<\/p>\n","protected":false},"author":6,"featured_media":5292,"comment_status":"closed","ping_status":"open","sticky":false,"template":"","format":"standard","meta":{"_acf_changed":false,"inline_featured_image":false,"ngg_post_thumbnail":0,"footnotes":""},"categories":[24],"tags":[720,234,765],"ppma_author":[22588],"class_list":["post-5283","post","type-post","status-publish","format-standard","has-post-thumbnail","hentry","category-primarie","tag-achizitii-in-pandemie","tag-achizitii-publice","tag-sector-4"],"acf":[],"yoast_head":"<!-- This site is optimized with the Yoast SEO Premium plugin v25.3 (Yoast SEO v27.5) - https:\/\/yoast.com\/product\/yoast-seo-premium-wordpress\/ -->\n<title>Firma lui Bogdan Chirieac, DC News Media Group, contract de 2,5 milioane de lei pentru organizarea de evenimente, \u00een plin\u0103 pandemie - Buletin de Bucure\u0219ti<\/title>\n<meta name=\"robots\" content=\"index, follow, max-snippet:-1, max-image-preview:large, max-video-preview:-1\" \/>\n<link rel=\"canonical\" href=\"https:\/\/buletin.de\/bucuresti\/firma-lui-bogdan-chiriac-dc-news-media-group-contract-de-25-milioane-de-lei-pentru-organizarea-de-evenimente-in-plina-pandemie\/\" \/>\n<meta property=\"og:locale\" content=\"en_GB\" \/>\n<meta property=\"og:type\" content=\"article\" \/>\n<meta property=\"og:title\" content=\"Firma lui Bogdan Chirieac, DC News Media Group, contract de 2,5 milioane de lei pentru organizarea de evenimente, \u00een plin\u0103 pandemie\" \/>\n<meta property=\"og:description\" content=\"Un contract de peste jum\u0103tate de milion de euro pentru organizarea de evenimente a fost atribuit ast\u0103zi de Prim\u0103ria Sectorului 4 \u00een parteneriat cu Direc\u021bia General\u0103 de Impozite \u0219i Taxe Locale Sector 4. Conform platformei de licita\u021bie publice SICAP, num\u0103rul de persoane care ar trebui s\u0103 participe pentru fiecare eveniment este 150 de persoane. Nu [&hellip;]\" \/>\n<meta property=\"og:url\" content=\"https:\/\/buletin.de\/bucuresti\/firma-lui-bogdan-chiriac-dc-news-media-group-contract-de-25-milioane-de-lei-pentru-organizarea-de-evenimente-in-plina-pandemie\/\" \/>\n<meta property=\"og:site_name\" content=\"Buletin de Bucure\u0219ti\" \/>\n<meta property=\"article:publisher\" content=\"https:\/\/www.facebook.com\/buletin.de.buc\" \/>\n<meta property=\"article:published_time\" content=\"2020-04-01T16:19:44+00:00\" \/>\n<meta property=\"article:modified_time\" content=\"2021-06-02T10:22:04+00:00\" \/>\n<meta property=\"og:image\" content=\"https:\/\/buletin.de\/bucuresti\/wp-content\/uploads\/56951200_1156861987808129_73233607623180288_o.jpg\" \/>\n\t<meta property=\"og:image:width\" content=\"1824\" \/>\n\t<meta property=\"og:image:height\" content=\"1260\" \/>\n\t<meta property=\"og:image:type\" content=\"image\/jpeg\" \/>\n<meta name=\"author\" content=\"Bianca Albu\" \/>\n<meta name=\"twitter:card\" content=\"summary_large_image\" \/>\n<meta name=\"twitter:label1\" content=\"Written by\" \/>\n\t<meta name=\"twitter:data1\" content=\"Bianca Albu\" \/>\n\t<meta name=\"twitter:label2\" content=\"Estimated reading time\" \/>\n\t<meta name=\"twitter:data2\" content=\"4 minutes\" \/>\n<script type=\"application\/ld+json\" class=\"yoast-schema-graph\">{\"@context\":\"https:\\\/\\\/schema.org\",\"@graph\":[{\"@type\":\"Article\",\"@id\":\"https:\\\/\\\/buletin.de\\\/bucuresti\\\/firma-lui-bogdan-chiriac-dc-news-media-group-contract-de-25-milioane-de-lei-pentru-organizarea-de-evenimente-in-plina-pandemie\\\/#article\",\"isPartOf\":{\"@id\":\"https:\\\/\\\/buletin.de\\\/bucuresti\\\/firma-lui-bogdan-chiriac-dc-news-media-group-contract-de-25-milioane-de-lei-pentru-organizarea-de-evenimente-in-plina-pandemie\\\/\"},\"author\":{\"name\":\"Bianca Albu\",\"@id\":\"https:\\\/\\\/buletin.de\\\/bucuresti\\\/#\\\/schema\\\/person\\\/295dc2228d2dc79294d636619468dc7f\"},\"headline\":\"Firma lui Bogdan Chirieac, DC News Media Group, contract de 2,5 milioane de lei pentru organizarea de evenimente, \u00een plin\u0103 pandemie\",\"datePublished\":\"2020-04-01T16:19:44+00:00\",\"dateModified\":\"2021-06-02T10:22:04+00:00\",\"mainEntityOfPage\":{\"@id\":\"https:\\\/\\\/buletin.de\\\/bucuresti\\\/firma-lui-bogdan-chiriac-dc-news-media-group-contract-de-25-milioane-de-lei-pentru-organizarea-de-evenimente-in-plina-pandemie\\\/\"},\"wordCount\":719,\"publisher\":{\"@id\":\"https:\\\/\\\/buletin.de\\\/bucuresti\\\/#organization\"},\"image\":{\"@id\":\"https:\\\/\\\/buletin.de\\\/bucuresti\\\/firma-lui-bogdan-chiriac-dc-news-media-group-contract-de-25-milioane-de-lei-pentru-organizarea-de-evenimente-in-plina-pandemie\\\/#primaryimage\"},\"thumbnailUrl\":\"https:\\\/\\\/buletin.de\\\/bucuresti\\\/wp-content\\\/uploads\\\/56951200_1156861987808129_73233607623180288_o.jpg\",\"keywords\":[\"achizitii in pandemie\",\"achizitii publice\",\"Sector 4\"],\"articleSection\":[\"Prim\u0103rie\"],\"inLanguage\":\"en-GB\",\"copyrightYear\":\"2020\",\"copyrightHolder\":{\"@id\":\"https:\\\/\\\/buletin.de\\\/bucuresti\\\/#organization\"}},{\"@type\":\"WebPage\",\"@id\":\"https:\\\/\\\/buletin.de\\\/bucuresti\\\/firma-lui-bogdan-chiriac-dc-news-media-group-contract-de-25-milioane-de-lei-pentru-organizarea-de-evenimente-in-plina-pandemie\\\/\",\"url\":\"https:\\\/\\\/buletin.de\\\/bucuresti\\\/firma-lui-bogdan-chiriac-dc-news-media-group-contract-de-25-milioane-de-lei-pentru-organizarea-de-evenimente-in-plina-pandemie\\\/\",\"name\":\"Firma lui Bogdan Chirieac, DC News Media Group, contract de 2,5 milioane de lei pentru organizarea de evenimente, \u00een plin\u0103 pandemie - Buletin de Bucure\u0219ti\",\"isPartOf\":{\"@id\":\"https:\\\/\\\/buletin.de\\\/bucuresti\\\/#website\"},\"primaryImageOfPage\":{\"@id\":\"https:\\\/\\\/buletin.de\\\/bucuresti\\\/firma-lui-bogdan-chiriac-dc-news-media-group-contract-de-25-milioane-de-lei-pentru-organizarea-de-evenimente-in-plina-pandemie\\\/#primaryimage\"},\"image\":{\"@id\":\"https:\\\/\\\/buletin.de\\\/bucuresti\\\/firma-lui-bogdan-chiriac-dc-news-media-group-contract-de-25-milioane-de-lei-pentru-organizarea-de-evenimente-in-plina-pandemie\\\/#primaryimage\"},\"thumbnailUrl\":\"https:\\\/\\\/buletin.de\\\/bucuresti\\\/wp-content\\\/uploads\\\/56951200_1156861987808129_73233607623180288_o.jpg\",\"datePublished\":\"2020-04-01T16:19:44+00:00\",\"dateModified\":\"2021-06-02T10:22:04+00:00\",\"breadcrumb\":{\"@id\":\"https:\\\/\\\/buletin.de\\\/bucuresti\\\/firma-lui-bogdan-chiriac-dc-news-media-group-contract-de-25-milioane-de-lei-pentru-organizarea-de-evenimente-in-plina-pandemie\\\/#breadcrumb\"},\"inLanguage\":\"en-GB\",\"potentialAction\":[{\"@type\":\"ReadAction\",\"target\":[\"https:\\\/\\\/buletin.de\\\/bucuresti\\\/firma-lui-bogdan-chiriac-dc-news-media-group-contract-de-25-milioane-de-lei-pentru-organizarea-de-evenimente-in-plina-pandemie\\\/\"]}]},{\"@type\":\"ImageObject\",\"inLanguage\":\"en-GB\",\"@id\":\"https:\\\/\\\/buletin.de\\\/bucuresti\\\/firma-lui-bogdan-chiriac-dc-news-media-group-contract-de-25-milioane-de-lei-pentru-organizarea-de-evenimente-in-plina-pandemie\\\/#primaryimage\",\"url\":\"https:\\\/\\\/buletin.de\\\/bucuresti\\\/wp-content\\\/uploads\\\/56951200_1156861987808129_73233607623180288_o.jpg\",\"contentUrl\":\"https:\\\/\\\/buletin.de\\\/bucuresti\\\/wp-content\\\/uploads\\\/56951200_1156861987808129_73233607623180288_o.jpg\",\"width\":1824,\"height\":1260},{\"@type\":\"BreadcrumbList\",\"@id\":\"https:\\\/\\\/buletin.de\\\/bucuresti\\\/firma-lui-bogdan-chiriac-dc-news-media-group-contract-de-25-milioane-de-lei-pentru-organizarea-de-evenimente-in-plina-pandemie\\\/#breadcrumb\",\"itemListElement\":[{\"@type\":\"ListItem\",\"position\":1,\"name\":\"Acas\u0103\",\"item\":\"https:\\\/\\\/buletin.de\\\/bucuresti\\\/\"},{\"@type\":\"ListItem\",\"position\":2,\"name\":\"Firma lui Bogdan Chirieac, DC News Media Group, contract de 2,5 milioane de lei pentru organizarea de evenimente, \u00een plin\u0103 pandemie\"}]},{\"@type\":\"WebSite\",\"@id\":\"https:\\\/\\\/buletin.de\\\/bucuresti\\\/#website\",\"url\":\"https:\\\/\\\/buletin.de\\\/bucuresti\\\/\",\"name\":\"Buletin de Bucure\u0219ti\",\"description\":\"\u0218tiri \u0219i investiga\u021bii esen\u021biale din capital\u0103\",\"publisher\":{\"@id\":\"https:\\\/\\\/buletin.de\\\/bucuresti\\\/#organization\"},\"potentialAction\":[{\"@type\":\"SearchAction\",\"target\":{\"@type\":\"EntryPoint\",\"urlTemplate\":\"https:\\\/\\\/buletin.de\\\/bucuresti\\\/?s={search_term_string}\"},\"query-input\":{\"@type\":\"PropertyValueSpecification\",\"valueRequired\":true,\"valueName\":\"search_term_string\"}}],\"inLanguage\":\"en-GB\"},{\"@type\":\"Organization\",\"@id\":\"https:\\\/\\\/buletin.de\\\/bucuresti\\\/#organization\",\"name\":\"Buletin de Bucure\u0219ti\",\"url\":\"https:\\\/\\\/buletin.de\\\/bucuresti\\\/\",\"logo\":{\"@type\":\"ImageObject\",\"inLanguage\":\"en-GB\",\"@id\":\"https:\\\/\\\/buletin.de\\\/bucuresti\\\/#\\\/schema\\\/logo\\\/image\\\/\",\"url\":\"https:\\\/\\\/buletin.de\\\/bucuresti\\\/wp-content\\\/uploads\\\/logo-bdb-full-wide-vernil-transparent.png\",\"contentUrl\":\"https:\\\/\\\/buletin.de\\\/bucuresti\\\/wp-content\\\/uploads\\\/logo-bdb-full-wide-vernil-transparent.png\",\"width\":1782,\"height\":626,\"caption\":\"Buletin de Bucure\u0219ti\"},\"image\":{\"@id\":\"https:\\\/\\\/buletin.de\\\/bucuresti\\\/#\\\/schema\\\/logo\\\/image\\\/\"},\"sameAs\":[\"https:\\\/\\\/www.facebook.com\\\/buletin.de.buc\",\"https:\\\/\\\/www.instagram.com\\\/buletinde.bucuresti\\\/\"]},{\"@type\":\"Person\",\"@id\":\"https:\\\/\\\/buletin.de\\\/bucuresti\\\/#\\\/schema\\\/person\\\/295dc2228d2dc79294d636619468dc7f\",\"name\":\"Bianca Albu\",\"image\":{\"@type\":\"ImageObject\",\"inLanguage\":\"en-GB\",\"@id\":\"https:\\\/\\\/secure.gravatar.com\\\/avatar\\\/3df2e34e20f529e6fd7be4311ee1f7c4ec4aa886971590baf6fa214b15743516?s=96&d=monsterid&r=gf541c715eeec409ce8101252a3c0d8a7\",\"url\":\"https:\\\/\\\/secure.gravatar.com\\\/avatar\\\/3df2e34e20f529e6fd7be4311ee1f7c4ec4aa886971590baf6fa214b15743516?s=96&d=monsterid&r=g\",\"contentUrl\":\"https:\\\/\\\/secure.gravatar.com\\\/avatar\\\/3df2e34e20f529e6fd7be4311ee1f7c4ec4aa886971590baf6fa214b15743516?s=96&d=monsterid&r=g\",\"caption\":\"Bianca Albu\"},\"description\":\"Reporter\",\"url\":\"https:\\\/\\\/buletin.de\\\/bucuresti\\\/author\\\/biancaalbu\\\/\"}]}<\/script>\n<!-- \/ Yoast SEO Premium plugin. -->","yoast_head_json":{"title":"Firma lui Bogdan Chirieac, DC News Media Group, contract de 2,5 milioane de lei pentru organizarea de evenimente, \u00een plin\u0103 pandemie - Buletin de Bucure\u0219ti","robots":{"index":"index","follow":"follow","max-snippet":"max-snippet:-1","max-image-preview":"max-image-preview:large","max-video-preview":"max-video-preview:-1"},"canonical":"https:\/\/buletin.de\/bucuresti\/firma-lui-bogdan-chiriac-dc-news-media-group-contract-de-25-milioane-de-lei-pentru-organizarea-de-evenimente-in-plina-pandemie\/","og_locale":"en_GB","og_type":"article","og_title":"Firma lui Bogdan Chirieac, DC News Media Group, contract de 2,5 milioane de lei pentru organizarea de evenimente, \u00een plin\u0103 pandemie","og_description":"Un contract de peste jum\u0103tate de milion de euro pentru organizarea de evenimente a fost atribuit ast\u0103zi de Prim\u0103ria Sectorului 4 \u00een parteneriat cu Direc\u021bia General\u0103 de Impozite \u0219i Taxe Locale Sector 4. Conform platformei de licita\u021bie publice SICAP, num\u0103rul de persoane care ar trebui s\u0103 participe pentru fiecare eveniment este 150 de persoane. Nu [&hellip;]","og_url":"https:\/\/buletin.de\/bucuresti\/firma-lui-bogdan-chiriac-dc-news-media-group-contract-de-25-milioane-de-lei-pentru-organizarea-de-evenimente-in-plina-pandemie\/","og_site_name":"Buletin de Bucure\u0219ti","article_publisher":"https:\/\/www.facebook.com\/buletin.de.buc","article_published_time":"2020-04-01T16:19:44+00:00","article_modified_time":"2021-06-02T10:22:04+00:00","og_image":[{"width":1824,"height":1260,"url":"https:\/\/buletin.de\/bucuresti\/wp-content\/uploads\/56951200_1156861987808129_73233607623180288_o.jpg","type":"image\/jpeg"}],"author":"Bianca Albu","twitter_card":"summary_large_image","twitter_misc":{"Written by":"Bianca Albu","Estimated reading time":"4 minutes"},"schema":{"@context":"https:\/\/schema.org","@graph":[{"@type":"Article","@id":"https:\/\/buletin.de\/bucuresti\/firma-lui-bogdan-chiriac-dc-news-media-group-contract-de-25-milioane-de-lei-pentru-organizarea-de-evenimente-in-plina-pandemie\/#article","isPartOf":{"@id":"https:\/\/buletin.de\/bucuresti\/firma-lui-bogdan-chiriac-dc-news-media-group-contract-de-25-milioane-de-lei-pentru-organizarea-de-evenimente-in-plina-pandemie\/"},"author":{"name":"Bianca Albu","@id":"https:\/\/buletin.de\/bucuresti\/#\/schema\/person\/295dc2228d2dc79294d636619468dc7f"},"headline":"Firma lui Bogdan Chirieac, DC News Media Group, contract de 2,5 milioane de lei pentru organizarea de evenimente, \u00een plin\u0103 pandemie","datePublished":"2020-04-01T16:19:44+00:00","dateModified":"2021-06-02T10:22:04+00:00","mainEntityOfPage":{"@id":"https:\/\/buletin.de\/bucuresti\/firma-lui-bogdan-chiriac-dc-news-media-group-contract-de-25-milioane-de-lei-pentru-organizarea-de-evenimente-in-plina-pandemie\/"},"wordCount":719,"publisher":{"@id":"https:\/\/buletin.de\/bucuresti\/#organization"},"image":{"@id":"https:\/\/buletin.de\/bucuresti\/firma-lui-bogdan-chiriac-dc-news-media-group-contract-de-25-milioane-de-lei-pentru-organizarea-de-evenimente-in-plina-pandemie\/#primaryimage"},"thumbnailUrl":"https:\/\/buletin.de\/bucuresti\/wp-content\/uploads\/56951200_1156861987808129_73233607623180288_o.jpg","keywords":["achizitii in pandemie","achizitii publice","Sector 4"],"articleSection":["Prim\u0103rie"],"inLanguage":"en-GB","copyrightYear":"2020","copyrightHolder":{"@id":"https:\/\/buletin.de\/bucuresti\/#organization"}},{"@type":"WebPage","@id":"https:\/\/buletin.de\/bucuresti\/firma-lui-bogdan-chiriac-dc-news-media-group-contract-de-25-milioane-de-lei-pentru-organizarea-de-evenimente-in-plina-pandemie\/","url":"https:\/\/buletin.de\/bucuresti\/firma-lui-bogdan-chiriac-dc-news-media-group-contract-de-25-milioane-de-lei-pentru-organizarea-de-evenimente-in-plina-pandemie\/","name":"Firma lui Bogdan Chirieac, DC News Media Group, contract de 2,5 milioane de lei pentru organizarea de evenimente, \u00een plin\u0103 pandemie - Buletin de Bucure\u0219ti","isPartOf":{"@id":"https:\/\/buletin.de\/bucuresti\/#website"},"primaryImageOfPage":{"@id":"https:\/\/buletin.de\/bucuresti\/firma-lui-bogdan-chiriac-dc-news-media-group-contract-de-25-milioane-de-lei-pentru-organizarea-de-evenimente-in-plina-pandemie\/#primaryimage"},"image":{"@id":"https:\/\/buletin.de\/bucuresti\/firma-lui-bogdan-chiriac-dc-news-media-group-contract-de-25-milioane-de-lei-pentru-organizarea-de-evenimente-in-plina-pandemie\/#primaryimage"},"thumbnailUrl":"https:\/\/buletin.de\/bucuresti\/wp-content\/uploads\/56951200_1156861987808129_73233607623180288_o.jpg","datePublished":"2020-04-01T16:19:44+00:00","dateModified":"2021-06-02T10:22:04+00:00","breadcrumb":{"@id":"https:\/\/buletin.de\/bucuresti\/firma-lui-bogdan-chiriac-dc-news-media-group-contract-de-25-milioane-de-lei-pentru-organizarea-de-evenimente-in-plina-pandemie\/#breadcrumb"},"inLanguage":"en-GB","potentialAction":[{"@type":"ReadAction","target":["https:\/\/buletin.de\/bucuresti\/firma-lui-bogdan-chiriac-dc-news-media-group-contract-de-25-milioane-de-lei-pentru-organizarea-de-evenimente-in-plina-pandemie\/"]}]},{"@type":"ImageObject","inLanguage":"en-GB","@id":"https:\/\/buletin.de\/bucuresti\/firma-lui-bogdan-chiriac-dc-news-media-group-contract-de-25-milioane-de-lei-pentru-organizarea-de-evenimente-in-plina-pandemie\/#primaryimage","url":"https:\/\/buletin.de\/bucuresti\/wp-content\/uploads\/56951200_1156861987808129_73233607623180288_o.jpg","contentUrl":"https:\/\/buletin.de\/bucuresti\/wp-content\/uploads\/56951200_1156861987808129_73233607623180288_o.jpg","width":1824,"height":1260},{"@type":"BreadcrumbList","@id":"https:\/\/buletin.de\/bucuresti\/firma-lui-bogdan-chiriac-dc-news-media-group-contract-de-25-milioane-de-lei-pentru-organizarea-de-evenimente-in-plina-pandemie\/#breadcrumb","itemListElement":[{"@type":"ListItem","position":1,"name":"Acas\u0103","item":"https:\/\/buletin.de\/bucuresti\/"},{"@type":"ListItem","position":2,"name":"Firma lui Bogdan Chirieac, DC News Media Group, contract de 2,5 milioane de lei pentru organizarea de evenimente, \u00een plin\u0103 pandemie"}]},{"@type":"WebSite","@id":"https:\/\/buletin.de\/bucuresti\/#website","url":"https:\/\/buletin.de\/bucuresti\/","name":"Buletin de Bucure\u0219ti","description":"\u0218tiri \u0219i investiga\u021bii esen\u021biale din capital\u0103","publisher":{"@id":"https:\/\/buletin.de\/bucuresti\/#organization"},"potentialAction":[{"@type":"SearchAction","target":{"@type":"EntryPoint","urlTemplate":"https:\/\/buletin.de\/bucuresti\/?s={search_term_string}"},"query-input":{"@type":"PropertyValueSpecification","valueRequired":true,"valueName":"search_term_string"}}],"inLanguage":"en-GB"},{"@type":"Organization","@id":"https:\/\/buletin.de\/bucuresti\/#organization","name":"Buletin de Bucure\u0219ti","url":"https:\/\/buletin.de\/bucuresti\/","logo":{"@type":"ImageObject","inLanguage":"en-GB","@id":"https:\/\/buletin.de\/bucuresti\/#\/schema\/logo\/image\/","url":"https:\/\/buletin.de\/bucuresti\/wp-content\/uploads\/logo-bdb-full-wide-vernil-transparent.png","contentUrl":"https:\/\/buletin.de\/bucuresti\/wp-content\/uploads\/logo-bdb-full-wide-vernil-transparent.png","width":1782,"height":626,"caption":"Buletin de Bucure\u0219ti"},"image":{"@id":"https:\/\/buletin.de\/bucuresti\/#\/schema\/logo\/image\/"},"sameAs":["https:\/\/www.facebook.com\/buletin.de.buc","https:\/\/www.instagram.com\/buletinde.bucuresti\/"]},{"@type":"Person","@id":"https:\/\/buletin.de\/bucuresti\/#\/schema\/person\/295dc2228d2dc79294d636619468dc7f","name":"Bianca Albu","image":{"@type":"ImageObject","inLanguage":"en-GB","@id":"https:\/\/secure.gravatar.com\/avatar\/3df2e34e20f529e6fd7be4311ee1f7c4ec4aa886971590baf6fa214b15743516?s=96&d=monsterid&r=gf541c715eeec409ce8101252a3c0d8a7","url":"https:\/\/secure.gravatar.com\/avatar\/3df2e34e20f529e6fd7be4311ee1f7c4ec4aa886971590baf6fa214b15743516?s=96&d=monsterid&r=g","contentUrl":"https:\/\/secure.gravatar.com\/avatar\/3df2e34e20f529e6fd7be4311ee1f7c4ec4aa886971590baf6fa214b15743516?s=96&d=monsterid&r=g","caption":"Bianca Albu"},"description":"Reporter","url":"https:\/\/buletin.de\/bucuresti\/author\/biancaalbu\/"}]}},"authors":[{"term_id":22588,"user_id":6,"is_guest":0,"slug":"biancaalbu","display_name":"Bianca Albu","avatar_url":"https:\/\/secure.gravatar.com\/avatar\/3df2e34e20f529e6fd7be4311ee1f7c4ec4aa886971590baf6fa214b15743516?s=96&d=monsterid&r=g","0":null,"1":"","2":"","3":"","4":"","5":"","6":"","7":"","8":""}],"_links":{"self":[{"href":"https:\/\/buletin.de\/bucuresti\/wp-json\/wp\/v2\/posts\/5283","targetHints":{"allow":["GET"]}}],"collection":[{"href":"https:\/\/buletin.de\/bucuresti\/wp-json\/wp\/v2\/posts"}],"about":[{"href":"https:\/\/buletin.de\/bucuresti\/wp-json\/wp\/v2\/types\/post"}],"author":[{"embeddable":true,"href":"https:\/\/buletin.de\/bucuresti\/wp-json\/wp\/v2\/users\/6"}],"replies":[{"embeddable":true,"href":"https:\/\/buletin.de\/bucuresti\/wp-json\/wp\/v2\/comments?post=5283"}],"version-history":[{"count":15,"href":"https:\/\/buletin.de\/bucuresti\/wp-json\/wp\/v2\/posts\/5283\/revisions"}],"predecessor-version":[{"id":25788,"href":"https:\/\/buletin.de\/bucuresti\/wp-json\/wp\/v2\/posts\/5283\/revisions\/25788"}],"wp:featuredmedia":[{"embeddable":true,"href":"https:\/\/buletin.de\/bucuresti\/wp-json\/wp\/v2\/media\/5292"}],"wp:attachment":[{"href":"https:\/\/buletin.de\/bucuresti\/wp-json\/wp\/v2\/media?parent=5283"}],"wp:term":[{"taxonomy":"category","embeddable":true,"href":"https:\/\/buletin.de\/bucuresti\/wp-json\/wp\/v2\/categories?post=5283"},{"taxonomy":"post_tag","embeddable":true,"href":"https:\/\/buletin.de\/bucuresti\/wp-json\/wp\/v2\/tags?post=5283"},{"taxonomy":"author","embeddable":true,"href":"https:\/\/buletin.de\/bucuresti\/wp-json\/wp\/v2\/ppma_author?post=5283"}],"curies":[{"name":"wp","href":"https:\/\/api.w.org\/{rel}","templated":true}]}}