{"id":52545,"date":"2023-01-24T13:52:29","date_gmt":"2023-01-24T11:52:29","guid":{"rendered":"https:\/\/buletin.de\/bucuresti\/?p=52545"},"modified":"2023-01-24T13:58:57","modified_gmt":"2023-01-24T11:58:57","slug":"surse-stb-deraierea-tramvaiului-de-la-obor-din-vina-vatmanului-cele-de-la-piata-sudului-si-pallady-din-cauza-infrastructurii-si-a-tramvaielor-vechi","status":"publish","type":"post","link":"https:\/\/buletin.de\/bucuresti\/surse-stb-deraierea-tramvaiului-de-la-obor-din-vina-vatmanului-cele-de-la-piata-sudului-si-pallady-din-cauza-infrastructurii-si-a-tramvaielor-vechi\/","title":{"rendered":"Surse STB: Deraierea tramvaiului de la Obor, din vina vatmanului, cele de la Pia\u021ba Sudului \u0219i Pallady, din cauza infrastructurii \u0219i a tramvaielor vechi"},"content":{"rendered":"\n<p><strong>O comunicare intern\u0103 a STB, ajuns\u0103 \u00een posesia Buletin de Bucure\u0219ti, arat\u0103 c\u0103 deraierea tramvaiului din zona Bucur Obor s-ar fi produs din vina vatmanului care \u201ca for\u021bat\u201d intrarea \u00een intersec\u021bie. Celelalte dou\u0103 incidente, explic\u0103 sursele STB, \u021bin de starea precar\u0103 a c\u0103ii de rulare \u0219i a tramvaielor aflate \u00een circula\u021bie.<\/strong><\/p>\n\n\n\n<p>Potrivit comunic\u0103rii interne a STB, tramvaiul care a s\u0103rit de pe \u0219ine \u00een zona Bucur Obor \u0219i care a blocat circula\u021bia \u00een \u00eentreaga zon\u0103 a fost cauzat de un vatman angajat recent \u00een cadrul companiei.<\/p>\n\n\n\n<p>Red\u0103m, mai jos, informa\u021biile preliminare din comunic\u0103rile interne ale STB, anonimizate, cu privire la cauza accidentului:<\/p>\n\n\n\n<p class=\"has-luminous-vivid-orange-color has-luminous-vivid-amber-background-color has-text-color has-background\"><em>\u201cInformare: La ora 15:10, pe \u0218os. \u0218tefan cel Mare\/Calea Mo\u0219ilor, sens Pia\u021ba Sf. Gheorghe (pe acces), vagonul 036, depoul Victoria, linia 5, turul 6, conduc\u0103tor tramvai 29055, XXX,\u00a0 a deraiat cu boghiul 3 spre st\u00e2nga pe un scuar \u0219i cu boghiul 4 spre dreapta, \u00eenscriindu-se sens Pia\u021ba Iancului.<br><\/em><br><em><strong>Cauza deraierii: for\u021bare \u00een curba, stabile\u0219te Ing. XXX de la Baza I, \u00eempreun\u0103 cu echipajele sosite de la Permanenta Liniei.<\/strong> <br><\/em><br><em>\u00cen urma deraierii, vagonul a lovit cu col\u021b dreapta spate autoturismul B-XXX-XXX (fara a se \u00eenregistra persoane accidentate) \u0219i st\u00e2lpul care sus\u021bine semaforul.<\/em><br><em><br>S-au dirijat interven\u021biile 1 (3-30), 4 (3-3), depanarea 5 (3-14), remorcherul 3-21 de la Complex Comercial Titan \u0219i remorcherul 3-28 din depoul Vatra Luminoas\u0103. S-au dirijat interven\u021biile 1 (3-30), 4 (3-3), depanarea 5 (3-14), remorcherul 3-21 de la Complex Comercial Titan \u0219i remorcherul 3-28 din depoul Vatra Luminoas\u0103.<br>Remorcherul 3-28 a repus vagonul pe linie, iar remorcherul 3-21 a tractat vagonul \u00een depoul Dude\u0219ti, urm\u0103rit de interven\u021bia 1 (3-30). De la Baza I s-a prezentat un echipaj cu \u0219ef echipa XXX, de la Macazuri Automate &#8211; un echipaj cu sif echipa XXX, de la SIR Titan &#8211; maistrul de serviciu XXX, iar de la RES\u00a0echipajul\u00a05-23.\u201d<\/em><\/p>\n\n\n\n<figure class=\"wp-block-image size-large\"><img fetchpriority=\"high\" decoding=\"async\" width=\"900\" height=\"509\" src=\"data:image\/gif;base64,R0lGODlhAQABAAAAACH5BAEKAAEALAAAAAABAAEAAAICTAEAOw==\" data-src=\"https:\/\/buletin.de\/bucuresti\/wp-content\/uploads\/viteza-tramvai-900x509.jpg\" alt=\"\" class=\"wp-image-52547 lazyload\" data-sizes=\"auto\" data-srcset=\"https:\/\/buletin.de\/bucuresti\/wp-content\/uploads\/viteza-tramvai-900x509.jpg 900w, https:\/\/buletin.de\/bucuresti\/wp-content\/uploads\/viteza-tramvai-300x170.jpg 300w, https:\/\/buletin.de\/bucuresti\/wp-content\/uploads\/viteza-tramvai-768x434.jpg 768w, https:\/\/buletin.de\/bucuresti\/wp-content\/uploads\/viteza-tramvai-1060x599.jpg 1060w, https:\/\/buletin.de\/bucuresti\/wp-content\/uploads\/viteza-tramvai-550x311.jpg 550w, https:\/\/buletin.de\/bucuresti\/wp-content\/uploads\/viteza-tramvai-885x500.jpg 885w, https:\/\/buletin.de\/bucuresti\/wp-content\/uploads\/viteza-tramvai-600x339.jpg 600w, https:\/\/buletin.de\/bucuresti\/wp-content\/uploads\/viteza-tramvai.jpg 1138w\" sizes=\"(max-width: 900px) 100vw, 900px\" \/><figcaption><em>Viteza de deplasare a tramvaiului implicat \u00een incidetul de la Pia\u021ba Obor.<\/em><\/figcaption><\/figure>\n\n\n\n<p>C\u00e2t prive\u0219te celelalte dou\u0103 incidente, cel de la Pia\u021ba Sudului \u0219i cel din zona Bulevardului Theodor Pallady, acestea ar fi fost cauzate de starea precar\u0103 a infrastructurii din zon\u0103 \u0219i vechimea tramvaielor, arat\u0103 datele preliminare.<\/p>\n\n\n\n<p>O comisie de anchet\u0103 intern\u0103 evalueaz\u0103 zilele acestea toate cele trei incidente, iar raportul final va fi gata s\u0103pt\u0103m\u00e2na viitoare.<\/p>\n\n\n\n<p>Buletin de Bucure\u0219ti <a href=\"https:\/\/buletin.de\/bucuresti\/78-dintre-tramvaiele-din-capitala-si-au-depasit-durata-normala-de-functionare-care-sunt-cele-mai-frecvente-defectiuni\/\">a dezv\u0103luit \u00een octombrie anul trecut<\/a> c\u0103 din cele 410 tramvaie aflate \u00een parcul rulant al STB, 323 \u0219i-au dep\u0103\u0219it durata normal\u0103 de func\u021bionare. Cele mai multe tramvaie care trebuie schimbate sunt cele tip V3AM, adic\u0103 cele implicate \u00een incidentele de luni. Acestea au fost produse de STB \u00eentre 1994 \u0219i 2006 la Uzina de Repara\u021bii \u201cAtelierele Centrale\u201d.<\/p>\n","protected":false},"excerpt":{"rendered":"<p>O comunicare intern\u0103 a STB, ajuns\u0103 \u00een posesia Buletin de Bucure\u0219ti, arat\u0103 c\u0103 deraierea tramvaiului din zona Bucur Obor s-ar fi produs din vina vatmanului care \u201ca for\u021bat\u201d intrarea \u00een intersec\u021bie. Celelalte dou\u0103 incidente, explic\u0103 sursele STB, \u021bin de starea precar\u0103 a c\u0103ii de rulare \u0219i a tramvaielor aflate \u00een circula\u021bie. Potrivit comunic\u0103rii interne a [&hellip;]<\/p>\n","protected":false},"author":10,"featured_media":52483,"comment_status":"closed","ping_status":"open","sticky":false,"template":"","format":"standard","meta":{"_acf_changed":false,"inline_featured_image":false,"ngg_post_thumbnail":0,"footnotes":""},"categories":[3419,650],"tags":[612,9,5293,399],"ppma_author":[22575],"class_list":["post-52545","post","type-post","status-publish","format-standard","has-post-thumbnail","hentry","category-featured","category-transport","tag-ancheta","tag-bucuresti","tag-deraiere","tag-tramvaie"],"acf":[],"yoast_head":"<!-- This site is optimized with the Yoast SEO Premium plugin v25.3 (Yoast SEO v27.5) - https:\/\/yoast.com\/product\/yoast-seo-premium-wordpress\/ -->\n<title>Surse STB: Deraierea tramvaiului de la Obor, din vina vatmanului, cele de la Pia\u021ba Sudului \u0219i Pallady, din cauza infrastructurii \u0219i a tramvaielor vechi - Buletin de Bucure\u0219ti<\/title>\n<meta name=\"robots\" content=\"index, follow, max-snippet:-1, max-image-preview:large, max-video-preview:-1\" \/>\n<link rel=\"canonical\" href=\"https:\/\/buletin.de\/bucuresti\/surse-stb-deraierea-tramvaiului-de-la-obor-din-vina-vatmanului-cele-de-la-piata-sudului-si-pallady-din-cauza-infrastructurii-si-a-tramvaielor-vechi\/\" \/>\n<meta property=\"og:locale\" content=\"en_GB\" \/>\n<meta property=\"og:type\" content=\"article\" \/>\n<meta property=\"og:title\" content=\"Surse STB: Deraierea tramvaiului de la Obor, din vina vatmanului, cele de la Pia\u021ba Sudului \u0219i Pallady, din cauza infrastructurii \u0219i a tramvaielor vechi\" \/>\n<meta property=\"og:description\" content=\"O comunicare intern\u0103 a STB, ajuns\u0103 \u00een posesia Buletin de Bucure\u0219ti, arat\u0103 c\u0103 deraierea tramvaiului din zona Bucur Obor s-ar fi produs din vina vatmanului care \u201ca for\u021bat\u201d intrarea \u00een intersec\u021bie. Celelalte dou\u0103 incidente, explic\u0103 sursele STB, \u021bin de starea precar\u0103 a c\u0103ii de rulare \u0219i a tramvaielor aflate \u00een circula\u021bie. Potrivit comunic\u0103rii interne a [&hellip;]\" \/>\n<meta property=\"og:url\" content=\"https:\/\/buletin.de\/bucuresti\/surse-stb-deraierea-tramvaiului-de-la-obor-din-vina-vatmanului-cele-de-la-piata-sudului-si-pallady-din-cauza-infrastructurii-si-a-tramvaielor-vechi\/\" \/>\n<meta property=\"og:site_name\" content=\"Buletin de Bucure\u0219ti\" \/>\n<meta property=\"article:publisher\" content=\"https:\/\/www.facebook.com\/buletin.de.buc\" \/>\n<meta property=\"article:published_time\" content=\"2023-01-24T11:52:29+00:00\" \/>\n<meta property=\"article:modified_time\" content=\"2023-01-24T11:58:57+00:00\" \/>\n<meta property=\"og:image\" content=\"https:\/\/buletin.de\/bucuresti\/wp-content\/uploads\/326957289_669652674902182_2701277272316067459_n.jpg\" \/>\n\t<meta property=\"og:image:width\" content=\"1536\" \/>\n\t<meta property=\"og:image:height\" content=\"924\" \/>\n\t<meta property=\"og:image:type\" content=\"image\/jpeg\" \/>\n<meta name=\"author\" content=\"C\u0103t\u0103lin Dosca\u0219\" \/>\n<meta name=\"twitter:card\" content=\"summary_large_image\" \/>\n<meta name=\"twitter:label1\" content=\"Written by\" \/>\n\t<meta name=\"twitter:data1\" content=\"C\u0103t\u0103lin Dosca\u0219\" \/>\n\t<meta name=\"twitter:label2\" content=\"Estimated reading time\" \/>\n\t<meta name=\"twitter:data2\" content=\"3 minutes\" \/>\n<script type=\"application\/ld+json\" class=\"yoast-schema-graph\">{\"@context\":\"https:\\\/\\\/schema.org\",\"@graph\":[{\"@type\":\"Article\",\"@id\":\"https:\\\/\\\/buletin.de\\\/bucuresti\\\/surse-stb-deraierea-tramvaiului-de-la-obor-din-vina-vatmanului-cele-de-la-piata-sudului-si-pallady-din-cauza-infrastructurii-si-a-tramvaielor-vechi\\\/#article\",\"isPartOf\":{\"@id\":\"https:\\\/\\\/buletin.de\\\/bucuresti\\\/surse-stb-deraierea-tramvaiului-de-la-obor-din-vina-vatmanului-cele-de-la-piata-sudului-si-pallady-din-cauza-infrastructurii-si-a-tramvaielor-vechi\\\/\"},\"author\":{\"name\":\"C\u0103t\u0103lin Dosca\u0219\",\"@id\":\"https:\\\/\\\/buletin.de\\\/bucuresti\\\/#\\\/schema\\\/person\\\/31117187ed4d0bdb0a4c7d6acc79d0f8\"},\"headline\":\"Surse STB: Deraierea tramvaiului de la Obor, din vina vatmanului, cele de la Pia\u021ba Sudului \u0219i Pallady, din cauza infrastructurii \u0219i a tramvaielor vechi\",\"datePublished\":\"2023-01-24T11:52:29+00:00\",\"dateModified\":\"2023-01-24T11:58:57+00:00\",\"mainEntityOfPage\":{\"@id\":\"https:\\\/\\\/buletin.de\\\/bucuresti\\\/surse-stb-deraierea-tramvaiului-de-la-obor-din-vina-vatmanului-cele-de-la-piata-sudului-si-pallady-din-cauza-infrastructurii-si-a-tramvaielor-vechi\\\/\"},\"wordCount\":474,\"publisher\":{\"@id\":\"https:\\\/\\\/buletin.de\\\/bucuresti\\\/#organization\"},\"image\":{\"@id\":\"https:\\\/\\\/buletin.de\\\/bucuresti\\\/surse-stb-deraierea-tramvaiului-de-la-obor-din-vina-vatmanului-cele-de-la-piata-sudului-si-pallady-din-cauza-infrastructurii-si-a-tramvaielor-vechi\\\/#primaryimage\"},\"thumbnailUrl\":\"https:\\\/\\\/buletin.de\\\/bucuresti\\\/wp-content\\\/uploads\\\/326957289_669652674902182_2701277272316067459_n.jpg\",\"keywords\":[\"ancheta\",\"bucuresti\",\"deraiere\",\"tramvaie\"],\"articleSection\":[\"Featured\",\"Transport\"],\"inLanguage\":\"en-GB\",\"copyrightYear\":\"2023\",\"copyrightHolder\":{\"@id\":\"https:\\\/\\\/buletin.de\\\/bucuresti\\\/#organization\"}},{\"@type\":\"WebPage\",\"@id\":\"https:\\\/\\\/buletin.de\\\/bucuresti\\\/surse-stb-deraierea-tramvaiului-de-la-obor-din-vina-vatmanului-cele-de-la-piata-sudului-si-pallady-din-cauza-infrastructurii-si-a-tramvaielor-vechi\\\/\",\"url\":\"https:\\\/\\\/buletin.de\\\/bucuresti\\\/surse-stb-deraierea-tramvaiului-de-la-obor-din-vina-vatmanului-cele-de-la-piata-sudului-si-pallady-din-cauza-infrastructurii-si-a-tramvaielor-vechi\\\/\",\"name\":\"Surse STB: Deraierea tramvaiului de la Obor, din vina vatmanului, cele de la Pia\u021ba Sudului \u0219i Pallady, din cauza infrastructurii \u0219i a tramvaielor vechi - Buletin de Bucure\u0219ti\",\"isPartOf\":{\"@id\":\"https:\\\/\\\/buletin.de\\\/bucuresti\\\/#website\"},\"primaryImageOfPage\":{\"@id\":\"https:\\\/\\\/buletin.de\\\/bucuresti\\\/surse-stb-deraierea-tramvaiului-de-la-obor-din-vina-vatmanului-cele-de-la-piata-sudului-si-pallady-din-cauza-infrastructurii-si-a-tramvaielor-vechi\\\/#primaryimage\"},\"image\":{\"@id\":\"https:\\\/\\\/buletin.de\\\/bucuresti\\\/surse-stb-deraierea-tramvaiului-de-la-obor-din-vina-vatmanului-cele-de-la-piata-sudului-si-pallady-din-cauza-infrastructurii-si-a-tramvaielor-vechi\\\/#primaryimage\"},\"thumbnailUrl\":\"https:\\\/\\\/buletin.de\\\/bucuresti\\\/wp-content\\\/uploads\\\/326957289_669652674902182_2701277272316067459_n.jpg\",\"datePublished\":\"2023-01-24T11:52:29+00:00\",\"dateModified\":\"2023-01-24T11:58:57+00:00\",\"breadcrumb\":{\"@id\":\"https:\\\/\\\/buletin.de\\\/bucuresti\\\/surse-stb-deraierea-tramvaiului-de-la-obor-din-vina-vatmanului-cele-de-la-piata-sudului-si-pallady-din-cauza-infrastructurii-si-a-tramvaielor-vechi\\\/#breadcrumb\"},\"inLanguage\":\"en-GB\",\"potentialAction\":[{\"@type\":\"ReadAction\",\"target\":[\"https:\\\/\\\/buletin.de\\\/bucuresti\\\/surse-stb-deraierea-tramvaiului-de-la-obor-din-vina-vatmanului-cele-de-la-piata-sudului-si-pallady-din-cauza-infrastructurii-si-a-tramvaielor-vechi\\\/\"]}]},{\"@type\":\"ImageObject\",\"inLanguage\":\"en-GB\",\"@id\":\"https:\\\/\\\/buletin.de\\\/bucuresti\\\/surse-stb-deraierea-tramvaiului-de-la-obor-din-vina-vatmanului-cele-de-la-piata-sudului-si-pallady-din-cauza-infrastructurii-si-a-tramvaielor-vechi\\\/#primaryimage\",\"url\":\"https:\\\/\\\/buletin.de\\\/bucuresti\\\/wp-content\\\/uploads\\\/326957289_669652674902182_2701277272316067459_n.jpg\",\"contentUrl\":\"https:\\\/\\\/buletin.de\\\/bucuresti\\\/wp-content\\\/uploads\\\/326957289_669652674902182_2701277272316067459_n.jpg\",\"width\":1536,\"height\":924},{\"@type\":\"BreadcrumbList\",\"@id\":\"https:\\\/\\\/buletin.de\\\/bucuresti\\\/surse-stb-deraierea-tramvaiului-de-la-obor-din-vina-vatmanului-cele-de-la-piata-sudului-si-pallady-din-cauza-infrastructurii-si-a-tramvaielor-vechi\\\/#breadcrumb\",\"itemListElement\":[{\"@type\":\"ListItem\",\"position\":1,\"name\":\"Acas\u0103\",\"item\":\"https:\\\/\\\/buletin.de\\\/bucuresti\\\/\"},{\"@type\":\"ListItem\",\"position\":2,\"name\":\"Surse STB: Deraierea tramvaiului de la Obor, din vina vatmanului, cele de la Pia\u021ba Sudului \u0219i Pallady, din cauza infrastructurii \u0219i a tramvaielor vechi\"}]},{\"@type\":\"WebSite\",\"@id\":\"https:\\\/\\\/buletin.de\\\/bucuresti\\\/#website\",\"url\":\"https:\\\/\\\/buletin.de\\\/bucuresti\\\/\",\"name\":\"Buletin de Bucure\u0219ti\",\"description\":\"\u0218tiri \u0219i investiga\u021bii esen\u021biale din capital\u0103\",\"publisher\":{\"@id\":\"https:\\\/\\\/buletin.de\\\/bucuresti\\\/#organization\"},\"potentialAction\":[{\"@type\":\"SearchAction\",\"target\":{\"@type\":\"EntryPoint\",\"urlTemplate\":\"https:\\\/\\\/buletin.de\\\/bucuresti\\\/?s={search_term_string}\"},\"query-input\":{\"@type\":\"PropertyValueSpecification\",\"valueRequired\":true,\"valueName\":\"search_term_string\"}}],\"inLanguage\":\"en-GB\"},{\"@type\":\"Organization\",\"@id\":\"https:\\\/\\\/buletin.de\\\/bucuresti\\\/#organization\",\"name\":\"Buletin de Bucure\u0219ti\",\"url\":\"https:\\\/\\\/buletin.de\\\/bucuresti\\\/\",\"logo\":{\"@type\":\"ImageObject\",\"inLanguage\":\"en-GB\",\"@id\":\"https:\\\/\\\/buletin.de\\\/bucuresti\\\/#\\\/schema\\\/logo\\\/image\\\/\",\"url\":\"https:\\\/\\\/buletin.de\\\/bucuresti\\\/wp-content\\\/uploads\\\/logo-bdb-full-wide-vernil-transparent.png\",\"contentUrl\":\"https:\\\/\\\/buletin.de\\\/bucuresti\\\/wp-content\\\/uploads\\\/logo-bdb-full-wide-vernil-transparent.png\",\"width\":1782,\"height\":626,\"caption\":\"Buletin de Bucure\u0219ti\"},\"image\":{\"@id\":\"https:\\\/\\\/buletin.de\\\/bucuresti\\\/#\\\/schema\\\/logo\\\/image\\\/\"},\"sameAs\":[\"https:\\\/\\\/www.facebook.com\\\/buletin.de.buc\",\"https:\\\/\\\/www.instagram.com\\\/buletinde.bucuresti\\\/\"]},{\"@type\":\"Person\",\"@id\":\"https:\\\/\\\/buletin.de\\\/bucuresti\\\/#\\\/schema\\\/person\\\/31117187ed4d0bdb0a4c7d6acc79d0f8\",\"name\":\"C\u0103t\u0103lin Dosca\u0219\",\"image\":{\"@type\":\"ImageObject\",\"inLanguage\":\"en-GB\",\"@id\":\"https:\\\/\\\/buletin.de\\\/bucuresti\\\/wp-content\\\/uploads\\\/Catalin-Doscas-e1732731064764-96x96.jpga93e2943bb3b1c1f9ead823df6e6317a\",\"url\":\"https:\\\/\\\/buletin.de\\\/bucuresti\\\/wp-content\\\/uploads\\\/Catalin-Doscas-e1732731064764-96x96.jpg\",\"contentUrl\":\"https:\\\/\\\/buletin.de\\\/bucuresti\\\/wp-content\\\/uploads\\\/Catalin-Doscas-e1732731064764-96x96.jpg\",\"caption\":\"C\u0103t\u0103lin Dosca\u0219\"},\"description\":\"Reporter \u0219i redactor-\u0219ef Buletin de Bucure\u0219ti. Lucreaz\u0103 \u00een mass-media de la v\u00e2rsta de 15 ani, c\u00e2nd a publicat primele articole \u00een presa local\u0103 din Tecuci. \u00cen Bucure\u0219ti a lucrat \u00een redac\u021bii radio ca reporter, redactor \u0219i prezentator (StudentFM, Na\u021bionalFM, Radio Total, Smart FM), unde a acoperit domeniile politic, economic, social \u0219i externe. Ulterior, a fost editor-coordonator al postului Realitatea FM. Experien\u021ba \u00een jurnalismul online a dob\u00e2ndit-o la portalul B365.ro, unde a fost editor. \u00cen 2012 s-a angajat \u00een televiziune. La Realitatea TV a fost, pe r\u00e2nd, reporter la sec\u021bia Social, reporter special la emisiunea de reportaje \u0219i anchete \u201eReporterii Realit\u0103\u021bii\u201d, dar \u0219i editor al jurnalelor de \u0219tiri. Ulterior, a f\u0103cut parte din sec\u021bia de Investiga\u021bii de la Digi24 \u0219i a lucrat la campania \u201eRom\u00e2nia furat\u0103\u201d. A revenit \u00een presa scris\u0103 \u00een 2017, ca reporter special, \u00een cadrul unui proiect de repozi\u021bionare a tabloidului Libertatea \u00een cotidian generalist. Este jurnalist Buletin de Bucure\u0219ti din 2019.\",\"url\":\"https:\\\/\\\/buletin.de\\\/bucuresti\\\/author\\\/catalin\\\/\"}]}<\/script>\n<!-- \/ Yoast SEO Premium plugin. -->","yoast_head_json":{"title":"Surse STB: Deraierea tramvaiului de la Obor, din vina vatmanului, cele de la Pia\u021ba Sudului \u0219i Pallady, din cauza infrastructurii \u0219i a tramvaielor vechi - Buletin de Bucure\u0219ti","robots":{"index":"index","follow":"follow","max-snippet":"max-snippet:-1","max-image-preview":"max-image-preview:large","max-video-preview":"max-video-preview:-1"},"canonical":"https:\/\/buletin.de\/bucuresti\/surse-stb-deraierea-tramvaiului-de-la-obor-din-vina-vatmanului-cele-de-la-piata-sudului-si-pallady-din-cauza-infrastructurii-si-a-tramvaielor-vechi\/","og_locale":"en_GB","og_type":"article","og_title":"Surse STB: Deraierea tramvaiului de la Obor, din vina vatmanului, cele de la Pia\u021ba Sudului \u0219i Pallady, din cauza infrastructurii \u0219i a tramvaielor vechi","og_description":"O comunicare intern\u0103 a STB, ajuns\u0103 \u00een posesia Buletin de Bucure\u0219ti, arat\u0103 c\u0103 deraierea tramvaiului din zona Bucur Obor s-ar fi produs din vina vatmanului care \u201ca for\u021bat\u201d intrarea \u00een intersec\u021bie. Celelalte dou\u0103 incidente, explic\u0103 sursele STB, \u021bin de starea precar\u0103 a c\u0103ii de rulare \u0219i a tramvaielor aflate \u00een circula\u021bie. Potrivit comunic\u0103rii interne a [&hellip;]","og_url":"https:\/\/buletin.de\/bucuresti\/surse-stb-deraierea-tramvaiului-de-la-obor-din-vina-vatmanului-cele-de-la-piata-sudului-si-pallady-din-cauza-infrastructurii-si-a-tramvaielor-vechi\/","og_site_name":"Buletin de Bucure\u0219ti","article_publisher":"https:\/\/www.facebook.com\/buletin.de.buc","article_published_time":"2023-01-24T11:52:29+00:00","article_modified_time":"2023-01-24T11:58:57+00:00","og_image":[{"width":1536,"height":924,"url":"https:\/\/buletin.de\/bucuresti\/wp-content\/uploads\/326957289_669652674902182_2701277272316067459_n.jpg","type":"image\/jpeg"}],"author":"C\u0103t\u0103lin Dosca\u0219","twitter_card":"summary_large_image","twitter_misc":{"Written by":"C\u0103t\u0103lin Dosca\u0219","Estimated reading time":"3 minutes"},"schema":{"@context":"https:\/\/schema.org","@graph":[{"@type":"Article","@id":"https:\/\/buletin.de\/bucuresti\/surse-stb-deraierea-tramvaiului-de-la-obor-din-vina-vatmanului-cele-de-la-piata-sudului-si-pallady-din-cauza-infrastructurii-si-a-tramvaielor-vechi\/#article","isPartOf":{"@id":"https:\/\/buletin.de\/bucuresti\/surse-stb-deraierea-tramvaiului-de-la-obor-din-vina-vatmanului-cele-de-la-piata-sudului-si-pallady-din-cauza-infrastructurii-si-a-tramvaielor-vechi\/"},"author":{"name":"C\u0103t\u0103lin Dosca\u0219","@id":"https:\/\/buletin.de\/bucuresti\/#\/schema\/person\/31117187ed4d0bdb0a4c7d6acc79d0f8"},"headline":"Surse STB: Deraierea tramvaiului de la Obor, din vina vatmanului, cele de la Pia\u021ba Sudului \u0219i Pallady, din cauza infrastructurii \u0219i a tramvaielor vechi","datePublished":"2023-01-24T11:52:29+00:00","dateModified":"2023-01-24T11:58:57+00:00","mainEntityOfPage":{"@id":"https:\/\/buletin.de\/bucuresti\/surse-stb-deraierea-tramvaiului-de-la-obor-din-vina-vatmanului-cele-de-la-piata-sudului-si-pallady-din-cauza-infrastructurii-si-a-tramvaielor-vechi\/"},"wordCount":474,"publisher":{"@id":"https:\/\/buletin.de\/bucuresti\/#organization"},"image":{"@id":"https:\/\/buletin.de\/bucuresti\/surse-stb-deraierea-tramvaiului-de-la-obor-din-vina-vatmanului-cele-de-la-piata-sudului-si-pallady-din-cauza-infrastructurii-si-a-tramvaielor-vechi\/#primaryimage"},"thumbnailUrl":"https:\/\/buletin.de\/bucuresti\/wp-content\/uploads\/326957289_669652674902182_2701277272316067459_n.jpg","keywords":["ancheta","bucuresti","deraiere","tramvaie"],"articleSection":["Featured","Transport"],"inLanguage":"en-GB","copyrightYear":"2023","copyrightHolder":{"@id":"https:\/\/buletin.de\/bucuresti\/#organization"}},{"@type":"WebPage","@id":"https:\/\/buletin.de\/bucuresti\/surse-stb-deraierea-tramvaiului-de-la-obor-din-vina-vatmanului-cele-de-la-piata-sudului-si-pallady-din-cauza-infrastructurii-si-a-tramvaielor-vechi\/","url":"https:\/\/buletin.de\/bucuresti\/surse-stb-deraierea-tramvaiului-de-la-obor-din-vina-vatmanului-cele-de-la-piata-sudului-si-pallady-din-cauza-infrastructurii-si-a-tramvaielor-vechi\/","name":"Surse STB: Deraierea tramvaiului de la Obor, din vina vatmanului, cele de la Pia\u021ba Sudului \u0219i Pallady, din cauza infrastructurii \u0219i a tramvaielor vechi - Buletin de Bucure\u0219ti","isPartOf":{"@id":"https:\/\/buletin.de\/bucuresti\/#website"},"primaryImageOfPage":{"@id":"https:\/\/buletin.de\/bucuresti\/surse-stb-deraierea-tramvaiului-de-la-obor-din-vina-vatmanului-cele-de-la-piata-sudului-si-pallady-din-cauza-infrastructurii-si-a-tramvaielor-vechi\/#primaryimage"},"image":{"@id":"https:\/\/buletin.de\/bucuresti\/surse-stb-deraierea-tramvaiului-de-la-obor-din-vina-vatmanului-cele-de-la-piata-sudului-si-pallady-din-cauza-infrastructurii-si-a-tramvaielor-vechi\/#primaryimage"},"thumbnailUrl":"https:\/\/buletin.de\/bucuresti\/wp-content\/uploads\/326957289_669652674902182_2701277272316067459_n.jpg","datePublished":"2023-01-24T11:52:29+00:00","dateModified":"2023-01-24T11:58:57+00:00","breadcrumb":{"@id":"https:\/\/buletin.de\/bucuresti\/surse-stb-deraierea-tramvaiului-de-la-obor-din-vina-vatmanului-cele-de-la-piata-sudului-si-pallady-din-cauza-infrastructurii-si-a-tramvaielor-vechi\/#breadcrumb"},"inLanguage":"en-GB","potentialAction":[{"@type":"ReadAction","target":["https:\/\/buletin.de\/bucuresti\/surse-stb-deraierea-tramvaiului-de-la-obor-din-vina-vatmanului-cele-de-la-piata-sudului-si-pallady-din-cauza-infrastructurii-si-a-tramvaielor-vechi\/"]}]},{"@type":"ImageObject","inLanguage":"en-GB","@id":"https:\/\/buletin.de\/bucuresti\/surse-stb-deraierea-tramvaiului-de-la-obor-din-vina-vatmanului-cele-de-la-piata-sudului-si-pallady-din-cauza-infrastructurii-si-a-tramvaielor-vechi\/#primaryimage","url":"https:\/\/buletin.de\/bucuresti\/wp-content\/uploads\/326957289_669652674902182_2701277272316067459_n.jpg","contentUrl":"https:\/\/buletin.de\/bucuresti\/wp-content\/uploads\/326957289_669652674902182_2701277272316067459_n.jpg","width":1536,"height":924},{"@type":"BreadcrumbList","@id":"https:\/\/buletin.de\/bucuresti\/surse-stb-deraierea-tramvaiului-de-la-obor-din-vina-vatmanului-cele-de-la-piata-sudului-si-pallady-din-cauza-infrastructurii-si-a-tramvaielor-vechi\/#breadcrumb","itemListElement":[{"@type":"ListItem","position":1,"name":"Acas\u0103","item":"https:\/\/buletin.de\/bucuresti\/"},{"@type":"ListItem","position":2,"name":"Surse STB: Deraierea tramvaiului de la Obor, din vina vatmanului, cele de la Pia\u021ba Sudului \u0219i Pallady, din cauza infrastructurii \u0219i a tramvaielor vechi"}]},{"@type":"WebSite","@id":"https:\/\/buletin.de\/bucuresti\/#website","url":"https:\/\/buletin.de\/bucuresti\/","name":"Buletin de Bucure\u0219ti","description":"\u0218tiri \u0219i investiga\u021bii esen\u021biale din capital\u0103","publisher":{"@id":"https:\/\/buletin.de\/bucuresti\/#organization"},"potentialAction":[{"@type":"SearchAction","target":{"@type":"EntryPoint","urlTemplate":"https:\/\/buletin.de\/bucuresti\/?s={search_term_string}"},"query-input":{"@type":"PropertyValueSpecification","valueRequired":true,"valueName":"search_term_string"}}],"inLanguage":"en-GB"},{"@type":"Organization","@id":"https:\/\/buletin.de\/bucuresti\/#organization","name":"Buletin de Bucure\u0219ti","url":"https:\/\/buletin.de\/bucuresti\/","logo":{"@type":"ImageObject","inLanguage":"en-GB","@id":"https:\/\/buletin.de\/bucuresti\/#\/schema\/logo\/image\/","url":"https:\/\/buletin.de\/bucuresti\/wp-content\/uploads\/logo-bdb-full-wide-vernil-transparent.png","contentUrl":"https:\/\/buletin.de\/bucuresti\/wp-content\/uploads\/logo-bdb-full-wide-vernil-transparent.png","width":1782,"height":626,"caption":"Buletin de Bucure\u0219ti"},"image":{"@id":"https:\/\/buletin.de\/bucuresti\/#\/schema\/logo\/image\/"},"sameAs":["https:\/\/www.facebook.com\/buletin.de.buc","https:\/\/www.instagram.com\/buletinde.bucuresti\/"]},{"@type":"Person","@id":"https:\/\/buletin.de\/bucuresti\/#\/schema\/person\/31117187ed4d0bdb0a4c7d6acc79d0f8","name":"C\u0103t\u0103lin Dosca\u0219","image":{"@type":"ImageObject","inLanguage":"en-GB","@id":"https:\/\/buletin.de\/bucuresti\/wp-content\/uploads\/Catalin-Doscas-e1732731064764-96x96.jpga93e2943bb3b1c1f9ead823df6e6317a","url":"https:\/\/buletin.de\/bucuresti\/wp-content\/uploads\/Catalin-Doscas-e1732731064764-96x96.jpg","contentUrl":"https:\/\/buletin.de\/bucuresti\/wp-content\/uploads\/Catalin-Doscas-e1732731064764-96x96.jpg","caption":"C\u0103t\u0103lin Dosca\u0219"},"description":"Reporter \u0219i redactor-\u0219ef Buletin de Bucure\u0219ti. Lucreaz\u0103 \u00een mass-media de la v\u00e2rsta de 15 ani, c\u00e2nd a publicat primele articole \u00een presa local\u0103 din Tecuci. \u00cen Bucure\u0219ti a lucrat \u00een redac\u021bii radio ca reporter, redactor \u0219i prezentator (StudentFM, Na\u021bionalFM, Radio Total, Smart FM), unde a acoperit domeniile politic, economic, social \u0219i externe. Ulterior, a fost editor-coordonator al postului Realitatea FM. Experien\u021ba \u00een jurnalismul online a dob\u00e2ndit-o la portalul B365.ro, unde a fost editor. \u00cen 2012 s-a angajat \u00een televiziune. La Realitatea TV a fost, pe r\u00e2nd, reporter la sec\u021bia Social, reporter special la emisiunea de reportaje \u0219i anchete \u201eReporterii Realit\u0103\u021bii\u201d, dar \u0219i editor al jurnalelor de \u0219tiri. Ulterior, a f\u0103cut parte din sec\u021bia de Investiga\u021bii de la Digi24 \u0219i a lucrat la campania \u201eRom\u00e2nia furat\u0103\u201d. A revenit \u00een presa scris\u0103 \u00een 2017, ca reporter special, \u00een cadrul unui proiect de repozi\u021bionare a tabloidului Libertatea \u00een cotidian generalist. Este jurnalist Buletin de Bucure\u0219ti din 2019.","url":"https:\/\/buletin.de\/bucuresti\/author\/catalin\/"}]}},"authors":[{"term_id":22575,"user_id":10,"is_guest":0,"slug":"catalin","display_name":"C\u0103t\u0103lin Dosca\u0219","avatar_url":"https:\/\/buletin.de\/bucuresti\/wp-content\/uploads\/Catalin-Doscas-e1732731064764-96x96.jpg","0":null,"1":"","2":"","3":"","4":"","5":"","6":"","7":"","8":""}],"_links":{"self":[{"href":"https:\/\/buletin.de\/bucuresti\/wp-json\/wp\/v2\/posts\/52545","targetHints":{"allow":["GET"]}}],"collection":[{"href":"https:\/\/buletin.de\/bucuresti\/wp-json\/wp\/v2\/posts"}],"about":[{"href":"https:\/\/buletin.de\/bucuresti\/wp-json\/wp\/v2\/types\/post"}],"author":[{"embeddable":true,"href":"https:\/\/buletin.de\/bucuresti\/wp-json\/wp\/v2\/users\/10"}],"replies":[{"embeddable":true,"href":"https:\/\/buletin.de\/bucuresti\/wp-json\/wp\/v2\/comments?post=52545"}],"version-history":[{"count":3,"href":"https:\/\/buletin.de\/bucuresti\/wp-json\/wp\/v2\/posts\/52545\/revisions"}],"predecessor-version":[{"id":52549,"href":"https:\/\/buletin.de\/bucuresti\/wp-json\/wp\/v2\/posts\/52545\/revisions\/52549"}],"wp:featuredmedia":[{"embeddable":true,"href":"https:\/\/buletin.de\/bucuresti\/wp-json\/wp\/v2\/media\/52483"}],"wp:attachment":[{"href":"https:\/\/buletin.de\/bucuresti\/wp-json\/wp\/v2\/media?parent=52545"}],"wp:term":[{"taxonomy":"category","embeddable":true,"href":"https:\/\/buletin.de\/bucuresti\/wp-json\/wp\/v2\/categories?post=52545"},{"taxonomy":"post_tag","embeddable":true,"href":"https:\/\/buletin.de\/bucuresti\/wp-json\/wp\/v2\/tags?post=52545"},{"taxonomy":"author","embeddable":true,"href":"https:\/\/buletin.de\/bucuresti\/wp-json\/wp\/v2\/ppma_author?post=52545"}],"curies":[{"name":"wp","href":"https:\/\/api.w.org\/{rel}","templated":true}]}}