{"id":52480,"date":"2023-01-23T16:48:46","date_gmt":"2023-01-23T14:48:46","guid":{"rendered":"https:\/\/buletin.de\/bucuresti\/?p=52480"},"modified":"2023-01-23T16:48:46","modified_gmt":"2023-01-23T14:48:46","slug":"zi-cu-ghinion-pentru-stb-trei-tramvaie-au-deraiat","status":"publish","type":"post","link":"https:\/\/buletin.de\/bucuresti\/zi-cu-ghinion-pentru-stb-trei-tramvaie-au-deraiat\/","title":{"rendered":"Zi cu ghinion pentru STB. Trei tramvaie au deraiat"},"content":{"rendered":"\n<p>Trei tramvaie au deraiat ast\u0103zi, \u00een Bucure\u0219ti. Din fericire, accidentele nu s-au soldat cu victime. Circula\u021bia a fost, \u00eens\u0103, perturbat\u0103 c\u00e2teva zeci de minute p\u00e2n\u0103 c\u00e2nd garniturile au fost repuse pe \u0219ine. STB nu a comunicat, p\u00e2n\u0103 \u00een acest moment, din ce cauze s-au produs deraierile.<\/p>\n\n\n\n<p>Primul tramvai a deraiat \u00een jurul orei 14:30, pe Bulevardul Theodor Pallady, Strada Nicolae Teclu. Traficul rutier a fost restric\u021bionat \u00een totalitate pe bulevard. Ulterior, tramvaiul a fost pus pe ro\u021bi. \u00cen acest moment se circul\u0103 normal, traficul rutier a fost reluat.<\/p>\n\n\n\n<figure class=\"wp-block-image size-large\"><img fetchpriority=\"high\" decoding=\"async\" width=\"900\" height=\"695\" src=\"data:image\/gif;base64,R0lGODlhAQABAAAAACH5BAEKAAEALAAAAAABAAEAAAICTAEAOw==\" data-src=\"https:\/\/buletin.de\/bucuresti\/wp-content\/uploads\/326549537_1503438923479500_843763384463831104_n-1-900x695.jpg\" alt=\"\" class=\"wp-image-52484 lazyload\" data-sizes=\"auto\" data-srcset=\"https:\/\/buletin.de\/bucuresti\/wp-content\/uploads\/326549537_1503438923479500_843763384463831104_n-1-900x695.jpg 900w, https:\/\/buletin.de\/bucuresti\/wp-content\/uploads\/326549537_1503438923479500_843763384463831104_n-1-300x232.jpg 300w, https:\/\/buletin.de\/bucuresti\/wp-content\/uploads\/326549537_1503438923479500_843763384463831104_n-1-768x593.jpg 768w, https:\/\/buletin.de\/bucuresti\/wp-content\/uploads\/326549537_1503438923479500_843763384463831104_n-1-1060x818.jpg 1060w, https:\/\/buletin.de\/bucuresti\/wp-content\/uploads\/326549537_1503438923479500_843763384463831104_n-1-550x424.jpg 550w, https:\/\/buletin.de\/bucuresti\/wp-content\/uploads\/326549537_1503438923479500_843763384463831104_n-1-648x500.jpg 648w, https:\/\/buletin.de\/bucuresti\/wp-content\/uploads\/326549537_1503438923479500_843763384463831104_n-1-600x463.jpg 600w, https:\/\/buletin.de\/bucuresti\/wp-content\/uploads\/326549537_1503438923479500_843763384463831104_n-1.jpg 1200w\" sizes=\"(max-width: 900px) 100vw, 900px\" \/><figcaption>Surs\u0103: Facebook, Info Trafic Bucure\u0219ti \u0219i Ilfov<\/figcaption><\/figure>\n\n\n\n<p>Un al doilea tramvai a deraiat ast\u0103zi, \u00een jurul orei 15:10, \u00een zona Bucur Obor. Din primele informa\u021bii, dup\u0103 ce ar fi deraiat, tramvaiul se pare c\u0103 ar fi lovit o ma\u0219in\u0103. Nu sunt persoane r\u0103nite. Evenimentul rutier s-a soldat doar cu pagube materiale.<\/p>\n\n\n\n<p>Traficul rutier este restric\u021bionat pe banda 4, \u00een rond, sensul dinspre \u0218oseaua Colentina c\u0103tre Calea Mo\u0219ilor.<\/p>\n\n\n\n<figure class=\"wp-block-image size-large\"><img decoding=\"async\" width=\"900\" height=\"541\" src=\"data:image\/gif;base64,R0lGODlhAQABAAAAACH5BAEKAAEALAAAAAABAAEAAAICTAEAOw==\" data-src=\"https:\/\/buletin.de\/bucuresti\/wp-content\/uploads\/326957289_669652674902182_2701277272316067459_n-900x541.jpg\" alt=\"\" class=\"wp-image-52483 lazyload\" data-sizes=\"auto\" data-srcset=\"https:\/\/buletin.de\/bucuresti\/wp-content\/uploads\/326957289_669652674902182_2701277272316067459_n-900x541.jpg 900w, https:\/\/buletin.de\/bucuresti\/wp-content\/uploads\/326957289_669652674902182_2701277272316067459_n-300x180.jpg 300w, https:\/\/buletin.de\/bucuresti\/wp-content\/uploads\/326957289_669652674902182_2701277272316067459_n-768x462.jpg 768w, https:\/\/buletin.de\/bucuresti\/wp-content\/uploads\/326957289_669652674902182_2701277272316067459_n-1060x638.jpg 1060w, https:\/\/buletin.de\/bucuresti\/wp-content\/uploads\/326957289_669652674902182_2701277272316067459_n-550x331.jpg 550w, https:\/\/buletin.de\/bucuresti\/wp-content\/uploads\/326957289_669652674902182_2701277272316067459_n-831x500.jpg 831w, https:\/\/buletin.de\/bucuresti\/wp-content\/uploads\/326957289_669652674902182_2701277272316067459_n-600x361.jpg 600w, https:\/\/buletin.de\/bucuresti\/wp-content\/uploads\/326957289_669652674902182_2701277272316067459_n.jpg 1536w\" sizes=\"(max-width: 900px) 100vw, 900px\" \/><figcaption>Surs\u0103: Facebook, Info Trafic Bucure\u0219ti \u0219i Ilfov<\/figcaption><\/figure>\n\n\n\n<p>Un al treilea tramvai a deraiat \u00een Pia\u021ba Sudului \u0219i se ac\u021bioneaz\u0103, \u00een aceste momente, pentru repunerea sa pe \u0219ine.<\/p>\n\n\n\n<figure class=\"wp-block-video\"><video height=\"234\" style=\"aspect-ratio: 426 \/ 234;\" width=\"426\" controls src=\"https:\/\/buletin.de\/bucuresti\/wp-content\/uploads\/326275674_707573477550455_6840856428520769411_n.mp4\"><\/video><figcaption>Surs\u0103: Facebook, Info Trafic Bucure\u0219ti \u0219i Ilfov<\/figcaption><\/figure>\n\n\n\n<p>Vom reveni.<\/p>\n","protected":false},"excerpt":{"rendered":"<p>Trei tramvaie au deraiat ast\u0103zi, \u00een Bucure\u0219ti. Din fericire, accidentele nu s-au soldat cu victime. Circula\u021bia a fost, \u00eens\u0103, perturbat\u0103 c\u00e2teva zeci de minute p\u00e2n\u0103 c\u00e2nd garniturile au fost repuse pe \u0219ine. STB nu a comunicat, p\u00e2n\u0103 \u00een acest moment, din ce cauze s-au produs deraierile. Primul tramvai a deraiat \u00een jurul orei 14:30, pe [&hellip;]<\/p>\n","protected":false},"author":46,"featured_media":52482,"comment_status":"closed","ping_status":"open","sticky":false,"template":"","format":"standard","meta":{"_acf_changed":false,"inline_featured_image":false,"ngg_post_thumbnail":0,"footnotes":""},"categories":[62],"tags":[5287,5097,5285],"ppma_author":[22605],"class_list":["post-52480","post","type-post","status-publish","format-standard","has-post-thumbnail","hentry","category-stiri","tag-circulatierestrictionata","tag-traficrutier","tag-tramvaiederaiate"],"acf":[],"yoast_head":"<!-- This site is optimized with the Yoast SEO Premium plugin v25.3 (Yoast SEO v27.4) - https:\/\/yoast.com\/product\/yoast-seo-premium-wordpress\/ -->\n<title>Zi cu ghinion pentru STB. Trei tramvaie au deraiat - Buletin de Bucure\u0219ti<\/title>\n<meta name=\"robots\" content=\"index, follow, max-snippet:-1, max-image-preview:large, max-video-preview:-1\" \/>\n<link rel=\"canonical\" href=\"https:\/\/buletin.de\/bucuresti\/zi-cu-ghinion-pentru-stb-trei-tramvaie-au-deraiat\/\" \/>\n<meta property=\"og:locale\" content=\"en_GB\" \/>\n<meta property=\"og:type\" content=\"article\" \/>\n<meta property=\"og:title\" content=\"Zi cu ghinion pentru STB. Trei tramvaie au deraiat\" \/>\n<meta property=\"og:description\" content=\"Trei tramvaie au deraiat ast\u0103zi, \u00een Bucure\u0219ti. Din fericire, accidentele nu s-au soldat cu victime. Circula\u021bia a fost, \u00eens\u0103, perturbat\u0103 c\u00e2teva zeci de minute p\u00e2n\u0103 c\u00e2nd garniturile au fost repuse pe \u0219ine. STB nu a comunicat, p\u00e2n\u0103 \u00een acest moment, din ce cauze s-au produs deraierile. Primul tramvai a deraiat \u00een jurul orei 14:30, pe [&hellip;]\" \/>\n<meta property=\"og:url\" content=\"https:\/\/buletin.de\/bucuresti\/zi-cu-ghinion-pentru-stb-trei-tramvaie-au-deraiat\/\" \/>\n<meta property=\"og:site_name\" content=\"Buletin de Bucure\u0219ti\" \/>\n<meta property=\"article:publisher\" content=\"https:\/\/www.facebook.com\/buletin.de.buc\" \/>\n<meta property=\"article:published_time\" content=\"2023-01-23T14:48:46+00:00\" \/>\n<meta property=\"og:image\" content=\"https:\/\/buletin.de\/bucuresti\/wp-content\/uploads\/WhatsApp-Image-2023-01-23-at-16.12.20.jpeg\" \/>\n\t<meta property=\"og:image:width\" content=\"1535\" \/>\n\t<meta property=\"og:image:height\" content=\"940\" \/>\n\t<meta property=\"og:image:type\" content=\"image\/jpeg\" \/>\n<meta name=\"author\" content=\"Andreea Gelatu\" \/>\n<meta name=\"twitter:card\" content=\"summary_large_image\" \/>\n<meta name=\"twitter:label1\" content=\"Written by\" \/>\n\t<meta name=\"twitter:data1\" content=\"Andreea Gelatu\" \/>\n\t<meta name=\"twitter:label2\" content=\"Estimated reading time\" \/>\n\t<meta name=\"twitter:data2\" content=\"2 minutes\" \/>\n<script type=\"application\/ld+json\" class=\"yoast-schema-graph\">{\"@context\":\"https:\\\/\\\/schema.org\",\"@graph\":[{\"@type\":\"Article\",\"@id\":\"https:\\\/\\\/buletin.de\\\/bucuresti\\\/zi-cu-ghinion-pentru-stb-trei-tramvaie-au-deraiat\\\/#article\",\"isPartOf\":{\"@id\":\"https:\\\/\\\/buletin.de\\\/bucuresti\\\/zi-cu-ghinion-pentru-stb-trei-tramvaie-au-deraiat\\\/\"},\"author\":{\"name\":\"Andreea Gelatu\",\"@id\":\"https:\\\/\\\/buletin.de\\\/bucuresti\\\/#\\\/schema\\\/person\\\/87734700b2c7f8608881f7e93b8834de\"},\"headline\":\"Zi cu ghinion pentru STB. Trei tramvaie au deraiat\",\"datePublished\":\"2023-01-23T14:48:46+00:00\",\"mainEntityOfPage\":{\"@id\":\"https:\\\/\\\/buletin.de\\\/bucuresti\\\/zi-cu-ghinion-pentru-stb-trei-tramvaie-au-deraiat\\\/\"},\"wordCount\":218,\"publisher\":{\"@id\":\"https:\\\/\\\/buletin.de\\\/bucuresti\\\/#organization\"},\"image\":{\"@id\":\"https:\\\/\\\/buletin.de\\\/bucuresti\\\/zi-cu-ghinion-pentru-stb-trei-tramvaie-au-deraiat\\\/#primaryimage\"},\"thumbnailUrl\":\"https:\\\/\\\/buletin.de\\\/bucuresti\\\/wp-content\\\/uploads\\\/WhatsApp-Image-2023-01-23-at-16.12.20.jpeg\",\"keywords\":[\"circula\u021bierestric\u021bionat\u0103\",\"traficrutier\",\"tramvaiederaiate\"],\"articleSection\":[\"\u0218tiri\"],\"inLanguage\":\"en-GB\",\"copyrightYear\":\"2023\",\"copyrightHolder\":{\"@id\":\"https:\\\/\\\/buletin.de\\\/bucuresti\\\/#organization\"}},{\"@type\":\"WebPage\",\"@id\":\"https:\\\/\\\/buletin.de\\\/bucuresti\\\/zi-cu-ghinion-pentru-stb-trei-tramvaie-au-deraiat\\\/\",\"url\":\"https:\\\/\\\/buletin.de\\\/bucuresti\\\/zi-cu-ghinion-pentru-stb-trei-tramvaie-au-deraiat\\\/\",\"name\":\"Zi cu ghinion pentru STB. Trei tramvaie au deraiat - Buletin de Bucure\u0219ti\",\"isPartOf\":{\"@id\":\"https:\\\/\\\/buletin.de\\\/bucuresti\\\/#website\"},\"primaryImageOfPage\":{\"@id\":\"https:\\\/\\\/buletin.de\\\/bucuresti\\\/zi-cu-ghinion-pentru-stb-trei-tramvaie-au-deraiat\\\/#primaryimage\"},\"image\":{\"@id\":\"https:\\\/\\\/buletin.de\\\/bucuresti\\\/zi-cu-ghinion-pentru-stb-trei-tramvaie-au-deraiat\\\/#primaryimage\"},\"thumbnailUrl\":\"https:\\\/\\\/buletin.de\\\/bucuresti\\\/wp-content\\\/uploads\\\/WhatsApp-Image-2023-01-23-at-16.12.20.jpeg\",\"datePublished\":\"2023-01-23T14:48:46+00:00\",\"breadcrumb\":{\"@id\":\"https:\\\/\\\/buletin.de\\\/bucuresti\\\/zi-cu-ghinion-pentru-stb-trei-tramvaie-au-deraiat\\\/#breadcrumb\"},\"inLanguage\":\"en-GB\",\"potentialAction\":[{\"@type\":\"ReadAction\",\"target\":[\"https:\\\/\\\/buletin.de\\\/bucuresti\\\/zi-cu-ghinion-pentru-stb-trei-tramvaie-au-deraiat\\\/\"]}]},{\"@type\":\"ImageObject\",\"inLanguage\":\"en-GB\",\"@id\":\"https:\\\/\\\/buletin.de\\\/bucuresti\\\/zi-cu-ghinion-pentru-stb-trei-tramvaie-au-deraiat\\\/#primaryimage\",\"url\":\"https:\\\/\\\/buletin.de\\\/bucuresti\\\/wp-content\\\/uploads\\\/WhatsApp-Image-2023-01-23-at-16.12.20.jpeg\",\"contentUrl\":\"https:\\\/\\\/buletin.de\\\/bucuresti\\\/wp-content\\\/uploads\\\/WhatsApp-Image-2023-01-23-at-16.12.20.jpeg\",\"width\":1535,\"height\":940},{\"@type\":\"BreadcrumbList\",\"@id\":\"https:\\\/\\\/buletin.de\\\/bucuresti\\\/zi-cu-ghinion-pentru-stb-trei-tramvaie-au-deraiat\\\/#breadcrumb\",\"itemListElement\":[{\"@type\":\"ListItem\",\"position\":1,\"name\":\"Acas\u0103\",\"item\":\"https:\\\/\\\/buletin.de\\\/bucuresti\\\/\"},{\"@type\":\"ListItem\",\"position\":2,\"name\":\"Zi cu ghinion pentru STB. Trei tramvaie au deraiat\"}]},{\"@type\":\"WebSite\",\"@id\":\"https:\\\/\\\/buletin.de\\\/bucuresti\\\/#website\",\"url\":\"https:\\\/\\\/buletin.de\\\/bucuresti\\\/\",\"name\":\"Buletin de Bucure\u0219ti\",\"description\":\"\u0218tiri \u0219i investiga\u021bii esen\u021biale din capital\u0103\",\"publisher\":{\"@id\":\"https:\\\/\\\/buletin.de\\\/bucuresti\\\/#organization\"},\"potentialAction\":[{\"@type\":\"SearchAction\",\"target\":{\"@type\":\"EntryPoint\",\"urlTemplate\":\"https:\\\/\\\/buletin.de\\\/bucuresti\\\/?s={search_term_string}\"},\"query-input\":{\"@type\":\"PropertyValueSpecification\",\"valueRequired\":true,\"valueName\":\"search_term_string\"}}],\"inLanguage\":\"en-GB\"},{\"@type\":\"Organization\",\"@id\":\"https:\\\/\\\/buletin.de\\\/bucuresti\\\/#organization\",\"name\":\"Buletin de Bucure\u0219ti\",\"url\":\"https:\\\/\\\/buletin.de\\\/bucuresti\\\/\",\"logo\":{\"@type\":\"ImageObject\",\"inLanguage\":\"en-GB\",\"@id\":\"https:\\\/\\\/buletin.de\\\/bucuresti\\\/#\\\/schema\\\/logo\\\/image\\\/\",\"url\":\"https:\\\/\\\/buletin.de\\\/bucuresti\\\/wp-content\\\/uploads\\\/logo-bdb-full-wide-vernil-transparent.png\",\"contentUrl\":\"https:\\\/\\\/buletin.de\\\/bucuresti\\\/wp-content\\\/uploads\\\/logo-bdb-full-wide-vernil-transparent.png\",\"width\":1782,\"height\":626,\"caption\":\"Buletin de Bucure\u0219ti\"},\"image\":{\"@id\":\"https:\\\/\\\/buletin.de\\\/bucuresti\\\/#\\\/schema\\\/logo\\\/image\\\/\"},\"sameAs\":[\"https:\\\/\\\/www.facebook.com\\\/buletin.de.buc\",\"https:\\\/\\\/www.instagram.com\\\/buletinde.bucuresti\\\/\"]},{\"@type\":\"Person\",\"@id\":\"https:\\\/\\\/buletin.de\\\/bucuresti\\\/#\\\/schema\\\/person\\\/87734700b2c7f8608881f7e93b8834de\",\"name\":\"Andreea Gelatu\",\"image\":{\"@type\":\"ImageObject\",\"inLanguage\":\"en-GB\",\"@id\":\"https:\\\/\\\/secure.gravatar.com\\\/avatar\\\/b716eca2f984b9b65bdd87118b4b909d940b619cbe6e8cb725fe11c1b1f4194f?s=96&d=monsterid&r=g9b5eff4996c6b842a29b3057a7b4746f\",\"url\":\"https:\\\/\\\/secure.gravatar.com\\\/avatar\\\/b716eca2f984b9b65bdd87118b4b909d940b619cbe6e8cb725fe11c1b1f4194f?s=96&d=monsterid&r=g\",\"contentUrl\":\"https:\\\/\\\/secure.gravatar.com\\\/avatar\\\/b716eca2f984b9b65bdd87118b4b909d940b619cbe6e8cb725fe11c1b1f4194f?s=96&d=monsterid&r=g\",\"caption\":\"Andreea Gelatu\"},\"url\":\"https:\\\/\\\/buletin.de\\\/bucuresti\\\/author\\\/andreeagelatu\\\/\"}]}<\/script>\n<!-- \/ Yoast SEO Premium plugin. -->","yoast_head_json":{"title":"Zi cu ghinion pentru STB. Trei tramvaie au deraiat - Buletin de Bucure\u0219ti","robots":{"index":"index","follow":"follow","max-snippet":"max-snippet:-1","max-image-preview":"max-image-preview:large","max-video-preview":"max-video-preview:-1"},"canonical":"https:\/\/buletin.de\/bucuresti\/zi-cu-ghinion-pentru-stb-trei-tramvaie-au-deraiat\/","og_locale":"en_GB","og_type":"article","og_title":"Zi cu ghinion pentru STB. Trei tramvaie au deraiat","og_description":"Trei tramvaie au deraiat ast\u0103zi, \u00een Bucure\u0219ti. Din fericire, accidentele nu s-au soldat cu victime. Circula\u021bia a fost, \u00eens\u0103, perturbat\u0103 c\u00e2teva zeci de minute p\u00e2n\u0103 c\u00e2nd garniturile au fost repuse pe \u0219ine. STB nu a comunicat, p\u00e2n\u0103 \u00een acest moment, din ce cauze s-au produs deraierile. Primul tramvai a deraiat \u00een jurul orei 14:30, pe [&hellip;]","og_url":"https:\/\/buletin.de\/bucuresti\/zi-cu-ghinion-pentru-stb-trei-tramvaie-au-deraiat\/","og_site_name":"Buletin de Bucure\u0219ti","article_publisher":"https:\/\/www.facebook.com\/buletin.de.buc","article_published_time":"2023-01-23T14:48:46+00:00","og_image":[{"width":1535,"height":940,"url":"https:\/\/buletin.de\/bucuresti\/wp-content\/uploads\/WhatsApp-Image-2023-01-23-at-16.12.20.jpeg","type":"image\/jpeg"}],"author":"Andreea Gelatu","twitter_card":"summary_large_image","twitter_misc":{"Written by":"Andreea Gelatu","Estimated reading time":"2 minutes"},"schema":{"@context":"https:\/\/schema.org","@graph":[{"@type":"Article","@id":"https:\/\/buletin.de\/bucuresti\/zi-cu-ghinion-pentru-stb-trei-tramvaie-au-deraiat\/#article","isPartOf":{"@id":"https:\/\/buletin.de\/bucuresti\/zi-cu-ghinion-pentru-stb-trei-tramvaie-au-deraiat\/"},"author":{"name":"Andreea Gelatu","@id":"https:\/\/buletin.de\/bucuresti\/#\/schema\/person\/87734700b2c7f8608881f7e93b8834de"},"headline":"Zi cu ghinion pentru STB. Trei tramvaie au deraiat","datePublished":"2023-01-23T14:48:46+00:00","mainEntityOfPage":{"@id":"https:\/\/buletin.de\/bucuresti\/zi-cu-ghinion-pentru-stb-trei-tramvaie-au-deraiat\/"},"wordCount":218,"publisher":{"@id":"https:\/\/buletin.de\/bucuresti\/#organization"},"image":{"@id":"https:\/\/buletin.de\/bucuresti\/zi-cu-ghinion-pentru-stb-trei-tramvaie-au-deraiat\/#primaryimage"},"thumbnailUrl":"https:\/\/buletin.de\/bucuresti\/wp-content\/uploads\/WhatsApp-Image-2023-01-23-at-16.12.20.jpeg","keywords":["circula\u021bierestric\u021bionat\u0103","traficrutier","tramvaiederaiate"],"articleSection":["\u0218tiri"],"inLanguage":"en-GB","copyrightYear":"2023","copyrightHolder":{"@id":"https:\/\/buletin.de\/bucuresti\/#organization"}},{"@type":"WebPage","@id":"https:\/\/buletin.de\/bucuresti\/zi-cu-ghinion-pentru-stb-trei-tramvaie-au-deraiat\/","url":"https:\/\/buletin.de\/bucuresti\/zi-cu-ghinion-pentru-stb-trei-tramvaie-au-deraiat\/","name":"Zi cu ghinion pentru STB. Trei tramvaie au deraiat - Buletin de Bucure\u0219ti","isPartOf":{"@id":"https:\/\/buletin.de\/bucuresti\/#website"},"primaryImageOfPage":{"@id":"https:\/\/buletin.de\/bucuresti\/zi-cu-ghinion-pentru-stb-trei-tramvaie-au-deraiat\/#primaryimage"},"image":{"@id":"https:\/\/buletin.de\/bucuresti\/zi-cu-ghinion-pentru-stb-trei-tramvaie-au-deraiat\/#primaryimage"},"thumbnailUrl":"https:\/\/buletin.de\/bucuresti\/wp-content\/uploads\/WhatsApp-Image-2023-01-23-at-16.12.20.jpeg","datePublished":"2023-01-23T14:48:46+00:00","breadcrumb":{"@id":"https:\/\/buletin.de\/bucuresti\/zi-cu-ghinion-pentru-stb-trei-tramvaie-au-deraiat\/#breadcrumb"},"inLanguage":"en-GB","potentialAction":[{"@type":"ReadAction","target":["https:\/\/buletin.de\/bucuresti\/zi-cu-ghinion-pentru-stb-trei-tramvaie-au-deraiat\/"]}]},{"@type":"ImageObject","inLanguage":"en-GB","@id":"https:\/\/buletin.de\/bucuresti\/zi-cu-ghinion-pentru-stb-trei-tramvaie-au-deraiat\/#primaryimage","url":"https:\/\/buletin.de\/bucuresti\/wp-content\/uploads\/WhatsApp-Image-2023-01-23-at-16.12.20.jpeg","contentUrl":"https:\/\/buletin.de\/bucuresti\/wp-content\/uploads\/WhatsApp-Image-2023-01-23-at-16.12.20.jpeg","width":1535,"height":940},{"@type":"BreadcrumbList","@id":"https:\/\/buletin.de\/bucuresti\/zi-cu-ghinion-pentru-stb-trei-tramvaie-au-deraiat\/#breadcrumb","itemListElement":[{"@type":"ListItem","position":1,"name":"Acas\u0103","item":"https:\/\/buletin.de\/bucuresti\/"},{"@type":"ListItem","position":2,"name":"Zi cu ghinion pentru STB. Trei tramvaie au deraiat"}]},{"@type":"WebSite","@id":"https:\/\/buletin.de\/bucuresti\/#website","url":"https:\/\/buletin.de\/bucuresti\/","name":"Buletin de Bucure\u0219ti","description":"\u0218tiri \u0219i investiga\u021bii esen\u021biale din capital\u0103","publisher":{"@id":"https:\/\/buletin.de\/bucuresti\/#organization"},"potentialAction":[{"@type":"SearchAction","target":{"@type":"EntryPoint","urlTemplate":"https:\/\/buletin.de\/bucuresti\/?s={search_term_string}"},"query-input":{"@type":"PropertyValueSpecification","valueRequired":true,"valueName":"search_term_string"}}],"inLanguage":"en-GB"},{"@type":"Organization","@id":"https:\/\/buletin.de\/bucuresti\/#organization","name":"Buletin de Bucure\u0219ti","url":"https:\/\/buletin.de\/bucuresti\/","logo":{"@type":"ImageObject","inLanguage":"en-GB","@id":"https:\/\/buletin.de\/bucuresti\/#\/schema\/logo\/image\/","url":"https:\/\/buletin.de\/bucuresti\/wp-content\/uploads\/logo-bdb-full-wide-vernil-transparent.png","contentUrl":"https:\/\/buletin.de\/bucuresti\/wp-content\/uploads\/logo-bdb-full-wide-vernil-transparent.png","width":1782,"height":626,"caption":"Buletin de Bucure\u0219ti"},"image":{"@id":"https:\/\/buletin.de\/bucuresti\/#\/schema\/logo\/image\/"},"sameAs":["https:\/\/www.facebook.com\/buletin.de.buc","https:\/\/www.instagram.com\/buletinde.bucuresti\/"]},{"@type":"Person","@id":"https:\/\/buletin.de\/bucuresti\/#\/schema\/person\/87734700b2c7f8608881f7e93b8834de","name":"Andreea Gelatu","image":{"@type":"ImageObject","inLanguage":"en-GB","@id":"https:\/\/secure.gravatar.com\/avatar\/b716eca2f984b9b65bdd87118b4b909d940b619cbe6e8cb725fe11c1b1f4194f?s=96&d=monsterid&r=g9b5eff4996c6b842a29b3057a7b4746f","url":"https:\/\/secure.gravatar.com\/avatar\/b716eca2f984b9b65bdd87118b4b909d940b619cbe6e8cb725fe11c1b1f4194f?s=96&d=monsterid&r=g","contentUrl":"https:\/\/secure.gravatar.com\/avatar\/b716eca2f984b9b65bdd87118b4b909d940b619cbe6e8cb725fe11c1b1f4194f?s=96&d=monsterid&r=g","caption":"Andreea Gelatu"},"url":"https:\/\/buletin.de\/bucuresti\/author\/andreeagelatu\/"}]}},"authors":[{"term_id":22605,"user_id":46,"is_guest":0,"slug":"andreeagelatu","display_name":"Andreea Gelatu","avatar_url":"https:\/\/secure.gravatar.com\/avatar\/b716eca2f984b9b65bdd87118b4b909d940b619cbe6e8cb725fe11c1b1f4194f?s=96&d=monsterid&r=g","0":null,"1":"","2":"","3":"","4":"","5":"","6":"","7":"","8":""}],"_links":{"self":[{"href":"https:\/\/buletin.de\/bucuresti\/wp-json\/wp\/v2\/posts\/52480","targetHints":{"allow":["GET"]}}],"collection":[{"href":"https:\/\/buletin.de\/bucuresti\/wp-json\/wp\/v2\/posts"}],"about":[{"href":"https:\/\/buletin.de\/bucuresti\/wp-json\/wp\/v2\/types\/post"}],"author":[{"embeddable":true,"href":"https:\/\/buletin.de\/bucuresti\/wp-json\/wp\/v2\/users\/46"}],"replies":[{"embeddable":true,"href":"https:\/\/buletin.de\/bucuresti\/wp-json\/wp\/v2\/comments?post=52480"}],"version-history":[{"count":5,"href":"https:\/\/buletin.de\/bucuresti\/wp-json\/wp\/v2\/posts\/52480\/revisions"}],"predecessor-version":[{"id":52492,"href":"https:\/\/buletin.de\/bucuresti\/wp-json\/wp\/v2\/posts\/52480\/revisions\/52492"}],"wp:featuredmedia":[{"embeddable":true,"href":"https:\/\/buletin.de\/bucuresti\/wp-json\/wp\/v2\/media\/52482"}],"wp:attachment":[{"href":"https:\/\/buletin.de\/bucuresti\/wp-json\/wp\/v2\/media?parent=52480"}],"wp:term":[{"taxonomy":"category","embeddable":true,"href":"https:\/\/buletin.de\/bucuresti\/wp-json\/wp\/v2\/categories?post=52480"},{"taxonomy":"post_tag","embeddable":true,"href":"https:\/\/buletin.de\/bucuresti\/wp-json\/wp\/v2\/tags?post=52480"},{"taxonomy":"author","embeddable":true,"href":"https:\/\/buletin.de\/bucuresti\/wp-json\/wp\/v2\/ppma_author?post=52480"}],"curies":[{"name":"wp","href":"https:\/\/api.w.org\/{rel}","templated":true}]}}