{"id":52415,"date":"2023-01-23T11:47:24","date_gmt":"2023-01-23T09:47:24","guid":{"rendered":"https:\/\/buletin.de\/bucuresti\/?p=52415"},"modified":"2023-09-19T15:05:45","modified_gmt":"2023-09-19T13:05:45","slug":"editorial-hingheriada-orbilor","status":"publish","type":"post","link":"https:\/\/buletin.de\/bucuresti\/editorial-hingheriada-orbilor\/","title":{"rendered":"EDITORIAL | \u201eHingheriada\u201d orbilor \u00a0"},"content":{"rendered":"\n<p><strong>Tragedia de l\u00e2ng\u0103 Lacul Morii aduce a scenariu de film precum Ziua C\u00e2rti\u021bei. Aceea\u0219i melodie, c\u00e2ntat\u0103 de un arc cu tensiunea pe sf\u00e2r\u0219ite, care iese dintr-o fla\u0219net\u0103 t\u00e2r\u00e2t\u0103 plictisit printr-o mahala de secol 19. Spre deosebire de lumea lui Eugen Barbu din romanul Groapa, noroaiele Cu\u021baridei s-au mutat hacana, la c\u00e2\u021biva kilometri, iar cele dou\u0103 universuri \u2013 cel al boierilor din Centru \u0219i cel al am\u0103r\u00e2\u021bilor murdari &#8211; , se \u00eentrep\u0103trund ast\u0103zi gra\u021bie tehnologiei 4G \u0219i a samsarilor din imobiliare.&nbsp;<\/strong>&nbsp;&nbsp;&nbsp;<\/p>\n\n\n\n<p>S-a murit, dar s-a \u0219i acuzat \u2013 este sintagma ultimelor zile. Numai Dumnezeu n-a ap\u0103rut \u00een v\u00e2lv\u0103taia de opinii care au scos-o vinovat\u0103 inclusiv pe s\u0103rmana femeie. S-a vorbit \u0219i despre institu\u021bii, fix pe modelul \u201emor\u021bii cu p\u0103m\u00e2nt, vii cu h\u00e2rtii\u201d, despre responsabilit\u0103\u021bi, s-au cerut demisii, s-au analizat CV-uri.<\/p>\n\n\n\n<p>Asta la 17 ani distan\u021b\u0103 dup\u0103 ce un cet\u0103\u021bean asiatic a sf\u00e2r\u0219it pe str\u0103zile Bucure\u0219tiului din acela\u0219i motiv.<\/p>\n\n\n\n<p>Nimeni nu vorbe\u0219te \u00eens\u0103 despre o lege care se afl\u0103 deasupra tuturor comitetelor \u015fi comi\u0163iilor: Ordonan\u021ba de Urgen\u021b\u0103 nr. 155 din 21 noiembrie 2001 privind aprobarea programului de gestionare a c\u00e2inilor f\u0103r\u0103 st\u0103p\u00e2n, cu complet\u0103rile \u0219i modific\u0103rile ulterioare, <a href=\"https:\/\/legislatie.just.ro\/Public\/DetaliiDocumentAfis\/151567\">transformat\u0103 \u00een lege \u00een 2013<\/a>.<\/p>\n\n\n\n<p>Prevederile sale planteaz\u0103 semin\u021bele unei munci sisifice \u00een materie de gestionare a c\u00e2inilor \u201ef\u0103r\u0103 st\u0103p\u00e2n\u201d, cu ghilimele de rigoare.<\/p>\n\n\n\n<p>Prin prisma experien\u021bei de reporter de teren, care a acoperit Bucure\u0219tiul ultimilor ani \u0219i care a gustat de nenum\u0103rate ori din spaima ancestral\u0103 servit\u0103 de haite ap\u0103rute din p\u0103m\u00e2nt, \u00eemi permit s\u0103 spun c\u0103, \u00een Capital\u0103, c\u00e2inii \u201cf\u0103r\u0103 st\u0103p\u00e2n\u201d sunt o no\u021biune abstract\u0103. Bine, aici ar fi o mica excep\u021bie a maidanezilor care vie\u021buiesc la gropile de gunoi \u0219i care nu au de ce s\u0103 plece de acolo pentru c\u0103 au totul sub bot.&nbsp;&nbsp;<\/p>\n\n\n\n<p>\u00cen rest, \u00een Bucure\u0219ti fiecare maidanez are un st\u0103p\u00e2n sau mai mul\u021bi. Plec\u00e2nd de la cei care le arunc\u0103 un rest de \u0219aorm\u0103 din mil\u0103 sau de sa\u021bietate, \u0219i ajung\u00e2nd la doamnele \u00een capot care b\u00e2ntuie cu oala de ciorb\u0103 stricat\u0103 printre blocuri, \u00een frigul dimine\u021bii.<\/p>\n\n\n\n<p>Plus cet\u0103\u021benii-snobi care \u00eei pupa-n bot cu patos pentru un like pe Facebook sau pe Instagram \u0219i care atunci c\u00e2nd ajung acas\u0103 fac du\u0219 cu clor \u0219i apoi \u00ee\u0219i iau \u00een bra\u021be patrupedul pe care au dat sute de euro dup\u0103 f\u0103tare.<\/p>\n\n\n\n<p>Revenind la legea de mai sus, aceasta reglementeaz\u0103 inclusiv o procedur\u0103 menit\u0103 s\u0103 pre\u00eent\u00e2mpine captur\u0103rile accidentale de c\u00e2ini \u201cevada\u021bi\u201d \u0219i anume revendicarea c\u00e2inilor captura\u021bi de hingheri.<\/p>\n\n\n\n<p>\u0218i aici vin cu un exemplu personal. Acum trei ani, dup\u0103 ce prim\u0103ria de care apar\u021bin a str\u00e2ns vreo \u0219ase c\u00e2ini agresivi din zona \u00een care locuiesc, care \u00eencol\u021beau inclusiv mame cu copii \u00een bra\u021be, la c\u00e2teva zile \u201cproprietarul\u201d i-a eliberat fix \u00een acela\u0219i loc. Pe propria r\u0103spundere.&nbsp;&nbsp;<\/p>\n\n\n\n<p class=\"has-text-align-center has-background has-small-font-size\" style=\"background-color:#fcf1d5\">FORMULAR DE REVENDICARE\/ADOP\u021aIE<br>CONSILIUL LOCAL &#8230;&#8230;&#8230;&#8230;&#8230;&#8230;&#8230;<br>Serviciul de gestionare a c\u00e2inilor f\u0103r\u0103 st\u0103p\u00e2n<br>DECLARA\u021aIE-ANGAJAMENT nr. &#8230;&#8230;\/&#8230;&#8230;&#8230;<br><br>Subsemnatul\/Subsemnata, &#8230;&#8230;&#8230;&#8230;&#8230;&#8230;&#8230;&#8230;&#8230;&#8230;&#8230;&#8230;., domiciliat\/domiciliat\u0103 \u00een &#8230;&#8230;&#8230;&#8230;&#8230;&#8230;&#8230;&#8230;&#8230;&#8230;, str. &#8230;&#8230;&#8230;&#8230;&#8230;&#8230;&#8230;.. nr. &#8230;.., bl. &#8230;, et. &#8230;, ap. &#8230;., sc. &#8230;, jude\u021bul\/sectorul &#8230;&#8230;&#8230;&#8230;&#8230;&#8230;&#8230;&#8230;., telefon &#8230;&#8230;&#8230;&#8230;&#8230;&#8230;, posesor\/posesoare al\/a BI\/CI seria &#8230;&#8230; nr. &#8230;&#8230;&#8230;&#8230;&#8230;., eliberat\/eliberat\u0103 de &#8230;&#8230;&#8230;. la data de &#8230;&#8230;&#8230;&#8230;., m\u0103 angajez s\u0103 revendic\/s\u0103 adopt c\u00e2inele cu num\u0103rul de identificare &#8230;&#8230;&#8230;&#8230;&#8230;&#8230; sau microcipat cu num\u0103rul &#8230;&#8230;&#8230;&#8230;&#8230;., trecut \u00een carnetul de s\u0103n\u0103tate, ad\u0103postit de Serviciul de gestionare a c\u00e2inilor f\u0103r\u0103 st\u0103p\u00e2n, devenind proprietarul\/proprietara acestuia, \u00een urm\u0103toarele condi\u021bii:<br><br>1. s\u0103 respect normele de \u00eengrijire \u0219i hr\u0103nire a c\u00e2inelui;<br>2. s\u0103 prezint periodic c\u00e2inele la medicul veterinar, \u00een cazul \u00een care se impune interven\u021bia acestuia sau pentru a fi vaccinat antirabic;<br>3. s\u0103 anun\u021b Serviciul de gestionare a c\u00e2inilor f\u0103r\u0103 st\u0103p\u00e2n, \u00een cazul decesului, furtului, pierderii sau al \u00eenstr\u0103in\u0103rii acestuia, \u00een termen de 15 zile;<br>4. s\u0103 nu abandonez c\u00e2inele, s\u0103 \u00eel controlez, s\u0103 \u00eel supraveghez, iar, \u00een cazul \u00een care nu \u00eel mai doresc, s\u0103 \u00eel predau Serviciului de gestionare a c\u00e2inilor f\u0103r\u0103 st\u0103p\u00e2n;<br>5. s\u0103 permit reprezentan\u021bilor Serviciului de gestionare a c\u00e2inilor f\u0103r\u0103 st\u0103p\u00e2n s\u0103 monitorizeze c\u00e2inele adoptat;<br><strong>6. c\u00e2inele va fi crescut \u0219i ad\u0103postit la urm\u0103toarea adres\u0103: &#8230;&#8230;&#8230;&#8230;&#8230;&#8230;&#8230;&#8230;&#8230;&#8230;&#8230;&#8230;&#8230;&#8230;&#8230;&#8230;&#8230;..; orice schimbare de loca\u021bie mai mare de 15 zile va fi comunicat\u0103 telefonic serviciului de unde s-a f\u0103cut adop\u021bia. Declar totodat\u0103 c\u0103 de\u021bin un num\u0103r de &#8230;&#8230;&#8230; c\u00e2ini\/nu de\u021bin niciun c\u00e2ine.<\/strong><br><br>Data &#8230;&#8230;&#8230;..<br>Semn\u0103tura revendicatorului\/adoptatorului,<br>Semn\u0103tura reprezentantului Serviciului de gestionare a c\u00e2inilor f\u0103r\u0103 st\u0103p\u00e2n,<\/p>\n\n\n\n<p><\/p>\n\n\n\n<p>A\u0219adar, cine verific\u0103 dac\u0103, cel pu\u021bin, punctul \u0219ase este respectat? Dac\u0103 patrupedul revendicat are cu\u0219c\u0103 sau acoperi\u0219 \u0219i nu a fost eliberat ulterior l\u00e2ng\u0103 bloc, pe strada, sau pe c\u00e2mpul de l\u00e2ng\u0103? Nimeni al\u021bii dec\u00e2t inspectorii Autorit\u0103\u021bii Na\u021bionale Sanitar Veterinar\u0103 \u0219i pentru Siguran\u021ba Alimentelor care, pentru nerespectarea condi\u021biilor prev\u0103zute \u00een declara\u021bia-angajament, pot da amenzi de la 5.000 lei la 10.000 lei.<\/p>\n\n\n\n<p>\u00cen cazul abandonului, legiuitorul s-a radicalizat de-a dreptul \u0219i a prev\u0103zut \u00eenchisoarea de la 2 la 5 ani.<\/p>\n\n\n\n<p>Pe l\u00e2ng\u0103 faptul c\u0103 pu\u0219c\u0103riile \u201csunt pline\u201d de astfel de oameni ori grefierii au stenografiat mii de condamn\u0103ri cu suspendare \u0219i visteria statului d\u0103 pe-afar\u0103 de la amenzile \u00eencasate, crede\u021bi c\u0103 legea aceasta are vreo sincop\u0103 raport\u00e2ndu-ne la cele petrecute recent?<\/p>\n\n\n\n<p>Vreo sc\u0103pare, spre exemplu, care nu acoper\u0103 situa\u021bia \u00een care un c\u00e2ine care ar fi fost revendicat a fost l\u0103sat liber pe c\u00e2mp \u0219i a omor\u00e2t un om? Timp de r\u0103spuns: \u00eenc\u0103 17 de ani.<\/p>\n\n\n\n<p>FOTO: Inquam Photos \/ Alexandra Pandrea<\/p>\n","protected":false},"excerpt":{"rendered":"<p>Tragedia de l\u00e2ng\u0103 Lacul Morii aduce a scenariu de film precum Ziua C\u00e2rti\u021bei. Aceea\u0219i melodie, c\u00e2ntat\u0103 de un arc cu tensiunea pe sf\u00e2r\u0219ite, care iese dintr-o fla\u0219net\u0103 t\u00e2r\u00e2t\u0103 plictisit printr-o mahala de secol 19. Spre deosebire de lumea lui Eugen Barbu din romanul Groapa, noroaiele Cu\u021baridei s-au mutat hacana, la c\u00e2\u021biva kilometri, iar cele dou\u0103 [&hellip;]<\/p>\n","protected":false},"author":10,"featured_media":52416,"comment_status":"closed","ping_status":"open","sticky":false,"template":"","format":"standard","meta":{"_acf_changed":false,"inline_featured_image":false,"ngg_post_thumbnail":0,"footnotes":""},"categories":[41,3419,62],"tags":[3229,307,5273,5274,5276,5275],"ppma_author":[22575],"class_list":["post-52415","post","type-post","status-publish","format-standard","has-post-thumbnail","hentry","category-editorial","category-featured","category-stiri","tag-aspa","tag-caini","tag-lacul-morii","tag-lege","tag-maidanezi","tag-revendicare"],"acf":[],"yoast_head":"<!-- This site is optimized with the Yoast SEO Premium plugin v25.3 (Yoast SEO v27.4) - https:\/\/yoast.com\/product\/yoast-seo-premium-wordpress\/ -->\n<title>EDITORIAL | \u201eHingheriada\u201d orbilor \u00a0 - Buletin de Bucure\u0219ti<\/title>\n<meta name=\"robots\" content=\"index, follow, max-snippet:-1, max-image-preview:large, max-video-preview:-1\" \/>\n<link rel=\"canonical\" href=\"https:\/\/buletin.de\/bucuresti\/editorial-hingheriada-orbilor\/\" \/>\n<meta property=\"og:locale\" content=\"en_GB\" \/>\n<meta property=\"og:type\" content=\"article\" \/>\n<meta property=\"og:title\" content=\"EDITORIAL | \u201eHingheriada\u201d orbilor \u00a0\" \/>\n<meta property=\"og:description\" content=\"Tragedia de l\u00e2ng\u0103 Lacul Morii aduce a scenariu de film precum Ziua C\u00e2rti\u021bei. Aceea\u0219i melodie, c\u00e2ntat\u0103 de un arc cu tensiunea pe sf\u00e2r\u0219ite, care iese dintr-o fla\u0219net\u0103 t\u00e2r\u00e2t\u0103 plictisit printr-o mahala de secol 19. Spre deosebire de lumea lui Eugen Barbu din romanul Groapa, noroaiele Cu\u021baridei s-au mutat hacana, la c\u00e2\u021biva kilometri, iar cele dou\u0103 [&hellip;]\" \/>\n<meta property=\"og:url\" content=\"https:\/\/buletin.de\/bucuresti\/editorial-hingheriada-orbilor\/\" \/>\n<meta property=\"og:site_name\" content=\"Buletin de Bucure\u0219ti\" \/>\n<meta property=\"article:publisher\" content=\"https:\/\/www.facebook.com\/buletin.de.buc\" \/>\n<meta property=\"article:published_time\" content=\"2023-01-23T09:47:24+00:00\" \/>\n<meta property=\"article:modified_time\" content=\"2023-09-19T13:05:45+00:00\" \/>\n<meta property=\"og:image\" content=\"https:\/\/buletin.de\/bucuresti\/wp-content\/uploads\/ID149131_INQUAM_Photos_Alexandra_Pandrea.jpg\" \/>\n\t<meta property=\"og:image:width\" content=\"2000\" \/>\n\t<meta property=\"og:image:height\" content=\"1333\" \/>\n\t<meta property=\"og:image:type\" content=\"image\/jpeg\" \/>\n<meta name=\"author\" content=\"C\u0103t\u0103lin Dosca\u0219\" \/>\n<meta name=\"twitter:card\" content=\"summary_large_image\" \/>\n<meta name=\"twitter:label1\" content=\"Written by\" \/>\n\t<meta name=\"twitter:data1\" content=\"C\u0103t\u0103lin Dosca\u0219\" \/>\n\t<meta name=\"twitter:label2\" content=\"Estimated reading time\" \/>\n\t<meta name=\"twitter:data2\" content=\"4 minutes\" \/>\n<script type=\"application\/ld+json\" class=\"yoast-schema-graph\">{\"@context\":\"https:\\\/\\\/schema.org\",\"@graph\":[{\"@type\":\"Article\",\"@id\":\"https:\\\/\\\/buletin.de\\\/bucuresti\\\/editorial-hingheriada-orbilor\\\/#article\",\"isPartOf\":{\"@id\":\"https:\\\/\\\/buletin.de\\\/bucuresti\\\/editorial-hingheriada-orbilor\\\/\"},\"author\":{\"name\":\"C\u0103t\u0103lin Dosca\u0219\",\"@id\":\"https:\\\/\\\/buletin.de\\\/bucuresti\\\/#\\\/schema\\\/person\\\/31117187ed4d0bdb0a4c7d6acc79d0f8\"},\"headline\":\"EDITORIAL | \u201eHingheriada\u201d orbilor \u00a0\",\"datePublished\":\"2023-01-23T09:47:24+00:00\",\"dateModified\":\"2023-09-19T13:05:45+00:00\",\"mainEntityOfPage\":{\"@id\":\"https:\\\/\\\/buletin.de\\\/bucuresti\\\/editorial-hingheriada-orbilor\\\/\"},\"wordCount\":1000,\"publisher\":{\"@id\":\"https:\\\/\\\/buletin.de\\\/bucuresti\\\/#organization\"},\"image\":{\"@id\":\"https:\\\/\\\/buletin.de\\\/bucuresti\\\/editorial-hingheriada-orbilor\\\/#primaryimage\"},\"thumbnailUrl\":\"https:\\\/\\\/buletin.de\\\/bucuresti\\\/wp-content\\\/uploads\\\/ID149131_INQUAM_Photos_Alexandra_Pandrea.jpg\",\"keywords\":[\"aspa\",\"caini\",\"lacul morii\",\"lege\",\"maidanezi\",\"revendicare\"],\"articleSection\":[\"Editorial\",\"Featured\",\"\u0218tiri\"],\"inLanguage\":\"en-GB\",\"copyrightYear\":\"2023\",\"copyrightHolder\":{\"@id\":\"https:\\\/\\\/buletin.de\\\/bucuresti\\\/#organization\"}},{\"@type\":\"WebPage\",\"@id\":\"https:\\\/\\\/buletin.de\\\/bucuresti\\\/editorial-hingheriada-orbilor\\\/\",\"url\":\"https:\\\/\\\/buletin.de\\\/bucuresti\\\/editorial-hingheriada-orbilor\\\/\",\"name\":\"EDITORIAL | \u201eHingheriada\u201d orbilor \u00a0 - Buletin de Bucure\u0219ti\",\"isPartOf\":{\"@id\":\"https:\\\/\\\/buletin.de\\\/bucuresti\\\/#website\"},\"primaryImageOfPage\":{\"@id\":\"https:\\\/\\\/buletin.de\\\/bucuresti\\\/editorial-hingheriada-orbilor\\\/#primaryimage\"},\"image\":{\"@id\":\"https:\\\/\\\/buletin.de\\\/bucuresti\\\/editorial-hingheriada-orbilor\\\/#primaryimage\"},\"thumbnailUrl\":\"https:\\\/\\\/buletin.de\\\/bucuresti\\\/wp-content\\\/uploads\\\/ID149131_INQUAM_Photos_Alexandra_Pandrea.jpg\",\"datePublished\":\"2023-01-23T09:47:24+00:00\",\"dateModified\":\"2023-09-19T13:05:45+00:00\",\"breadcrumb\":{\"@id\":\"https:\\\/\\\/buletin.de\\\/bucuresti\\\/editorial-hingheriada-orbilor\\\/#breadcrumb\"},\"inLanguage\":\"en-GB\",\"potentialAction\":[{\"@type\":\"ReadAction\",\"target\":[\"https:\\\/\\\/buletin.de\\\/bucuresti\\\/editorial-hingheriada-orbilor\\\/\"]}]},{\"@type\":\"ImageObject\",\"inLanguage\":\"en-GB\",\"@id\":\"https:\\\/\\\/buletin.de\\\/bucuresti\\\/editorial-hingheriada-orbilor\\\/#primaryimage\",\"url\":\"https:\\\/\\\/buletin.de\\\/bucuresti\\\/wp-content\\\/uploads\\\/ID149131_INQUAM_Photos_Alexandra_Pandrea.jpg\",\"contentUrl\":\"https:\\\/\\\/buletin.de\\\/bucuresti\\\/wp-content\\\/uploads\\\/ID149131_INQUAM_Photos_Alexandra_Pandrea.jpg\",\"width\":2000,\"height\":1333},{\"@type\":\"BreadcrumbList\",\"@id\":\"https:\\\/\\\/buletin.de\\\/bucuresti\\\/editorial-hingheriada-orbilor\\\/#breadcrumb\",\"itemListElement\":[{\"@type\":\"ListItem\",\"position\":1,\"name\":\"Acas\u0103\",\"item\":\"https:\\\/\\\/buletin.de\\\/bucuresti\\\/\"},{\"@type\":\"ListItem\",\"position\":2,\"name\":\"EDITORIAL | \u201eHingheriada\u201d orbilor \u00a0\"}]},{\"@type\":\"WebSite\",\"@id\":\"https:\\\/\\\/buletin.de\\\/bucuresti\\\/#website\",\"url\":\"https:\\\/\\\/buletin.de\\\/bucuresti\\\/\",\"name\":\"Buletin de Bucure\u0219ti\",\"description\":\"\u0218tiri \u0219i investiga\u021bii esen\u021biale din capital\u0103\",\"publisher\":{\"@id\":\"https:\\\/\\\/buletin.de\\\/bucuresti\\\/#organization\"},\"potentialAction\":[{\"@type\":\"SearchAction\",\"target\":{\"@type\":\"EntryPoint\",\"urlTemplate\":\"https:\\\/\\\/buletin.de\\\/bucuresti\\\/?s={search_term_string}\"},\"query-input\":{\"@type\":\"PropertyValueSpecification\",\"valueRequired\":true,\"valueName\":\"search_term_string\"}}],\"inLanguage\":\"en-GB\"},{\"@type\":\"Organization\",\"@id\":\"https:\\\/\\\/buletin.de\\\/bucuresti\\\/#organization\",\"name\":\"Buletin de Bucure\u0219ti\",\"url\":\"https:\\\/\\\/buletin.de\\\/bucuresti\\\/\",\"logo\":{\"@type\":\"ImageObject\",\"inLanguage\":\"en-GB\",\"@id\":\"https:\\\/\\\/buletin.de\\\/bucuresti\\\/#\\\/schema\\\/logo\\\/image\\\/\",\"url\":\"https:\\\/\\\/buletin.de\\\/bucuresti\\\/wp-content\\\/uploads\\\/logo-bdb-full-wide-vernil-transparent.png\",\"contentUrl\":\"https:\\\/\\\/buletin.de\\\/bucuresti\\\/wp-content\\\/uploads\\\/logo-bdb-full-wide-vernil-transparent.png\",\"width\":1782,\"height\":626,\"caption\":\"Buletin de Bucure\u0219ti\"},\"image\":{\"@id\":\"https:\\\/\\\/buletin.de\\\/bucuresti\\\/#\\\/schema\\\/logo\\\/image\\\/\"},\"sameAs\":[\"https:\\\/\\\/www.facebook.com\\\/buletin.de.buc\",\"https:\\\/\\\/www.instagram.com\\\/buletinde.bucuresti\\\/\"]},{\"@type\":\"Person\",\"@id\":\"https:\\\/\\\/buletin.de\\\/bucuresti\\\/#\\\/schema\\\/person\\\/31117187ed4d0bdb0a4c7d6acc79d0f8\",\"name\":\"C\u0103t\u0103lin Dosca\u0219\",\"image\":{\"@type\":\"ImageObject\",\"inLanguage\":\"en-GB\",\"@id\":\"https:\\\/\\\/buletin.de\\\/bucuresti\\\/wp-content\\\/uploads\\\/Catalin-Doscas-e1732731064764-96x96.jpga93e2943bb3b1c1f9ead823df6e6317a\",\"url\":\"https:\\\/\\\/buletin.de\\\/bucuresti\\\/wp-content\\\/uploads\\\/Catalin-Doscas-e1732731064764-96x96.jpg\",\"contentUrl\":\"https:\\\/\\\/buletin.de\\\/bucuresti\\\/wp-content\\\/uploads\\\/Catalin-Doscas-e1732731064764-96x96.jpg\",\"caption\":\"C\u0103t\u0103lin Dosca\u0219\"},\"description\":\"Reporter \u0219i redactor-\u0219ef Buletin de Bucure\u0219ti. Lucreaz\u0103 \u00een mass-media de la v\u00e2rsta de 15 ani, c\u00e2nd a publicat primele articole \u00een presa local\u0103 din Tecuci. \u00cen Bucure\u0219ti a lucrat \u00een redac\u021bii radio ca reporter, redactor \u0219i prezentator (StudentFM, Na\u021bionalFM, Radio Total, Smart FM), unde a acoperit domeniile politic, economic, social \u0219i externe. Ulterior, a fost editor-coordonator al postului Realitatea FM. Experien\u021ba \u00een jurnalismul online a dob\u00e2ndit-o la portalul B365.ro, unde a fost editor. \u00cen 2012 s-a angajat \u00een televiziune. La Realitatea TV a fost, pe r\u00e2nd, reporter la sec\u021bia Social, reporter special la emisiunea de reportaje \u0219i anchete \u201eReporterii Realit\u0103\u021bii\u201d, dar \u0219i editor al jurnalelor de \u0219tiri. Ulterior, a f\u0103cut parte din sec\u021bia de Investiga\u021bii de la Digi24 \u0219i a lucrat la campania \u201eRom\u00e2nia furat\u0103\u201d. A revenit \u00een presa scris\u0103 \u00een 2017, ca reporter special, \u00een cadrul unui proiect de repozi\u021bionare a tabloidului Libertatea \u00een cotidian generalist. Este jurnalist Buletin de Bucure\u0219ti din 2019.\",\"url\":\"https:\\\/\\\/buletin.de\\\/bucuresti\\\/author\\\/catalin\\\/\"}]}<\/script>\n<!-- \/ Yoast SEO Premium plugin. -->","yoast_head_json":{"title":"EDITORIAL | \u201eHingheriada\u201d orbilor \u00a0 - Buletin de Bucure\u0219ti","robots":{"index":"index","follow":"follow","max-snippet":"max-snippet:-1","max-image-preview":"max-image-preview:large","max-video-preview":"max-video-preview:-1"},"canonical":"https:\/\/buletin.de\/bucuresti\/editorial-hingheriada-orbilor\/","og_locale":"en_GB","og_type":"article","og_title":"EDITORIAL | \u201eHingheriada\u201d orbilor \u00a0","og_description":"Tragedia de l\u00e2ng\u0103 Lacul Morii aduce a scenariu de film precum Ziua C\u00e2rti\u021bei. Aceea\u0219i melodie, c\u00e2ntat\u0103 de un arc cu tensiunea pe sf\u00e2r\u0219ite, care iese dintr-o fla\u0219net\u0103 t\u00e2r\u00e2t\u0103 plictisit printr-o mahala de secol 19. Spre deosebire de lumea lui Eugen Barbu din romanul Groapa, noroaiele Cu\u021baridei s-au mutat hacana, la c\u00e2\u021biva kilometri, iar cele dou\u0103 [&hellip;]","og_url":"https:\/\/buletin.de\/bucuresti\/editorial-hingheriada-orbilor\/","og_site_name":"Buletin de Bucure\u0219ti","article_publisher":"https:\/\/www.facebook.com\/buletin.de.buc","article_published_time":"2023-01-23T09:47:24+00:00","article_modified_time":"2023-09-19T13:05:45+00:00","og_image":[{"width":2000,"height":1333,"url":"https:\/\/buletin.de\/bucuresti\/wp-content\/uploads\/ID149131_INQUAM_Photos_Alexandra_Pandrea.jpg","type":"image\/jpeg"}],"author":"C\u0103t\u0103lin Dosca\u0219","twitter_card":"summary_large_image","twitter_misc":{"Written by":"C\u0103t\u0103lin Dosca\u0219","Estimated reading time":"4 minutes"},"schema":{"@context":"https:\/\/schema.org","@graph":[{"@type":"Article","@id":"https:\/\/buletin.de\/bucuresti\/editorial-hingheriada-orbilor\/#article","isPartOf":{"@id":"https:\/\/buletin.de\/bucuresti\/editorial-hingheriada-orbilor\/"},"author":{"name":"C\u0103t\u0103lin Dosca\u0219","@id":"https:\/\/buletin.de\/bucuresti\/#\/schema\/person\/31117187ed4d0bdb0a4c7d6acc79d0f8"},"headline":"EDITORIAL | \u201eHingheriada\u201d orbilor \u00a0","datePublished":"2023-01-23T09:47:24+00:00","dateModified":"2023-09-19T13:05:45+00:00","mainEntityOfPage":{"@id":"https:\/\/buletin.de\/bucuresti\/editorial-hingheriada-orbilor\/"},"wordCount":1000,"publisher":{"@id":"https:\/\/buletin.de\/bucuresti\/#organization"},"image":{"@id":"https:\/\/buletin.de\/bucuresti\/editorial-hingheriada-orbilor\/#primaryimage"},"thumbnailUrl":"https:\/\/buletin.de\/bucuresti\/wp-content\/uploads\/ID149131_INQUAM_Photos_Alexandra_Pandrea.jpg","keywords":["aspa","caini","lacul morii","lege","maidanezi","revendicare"],"articleSection":["Editorial","Featured","\u0218tiri"],"inLanguage":"en-GB","copyrightYear":"2023","copyrightHolder":{"@id":"https:\/\/buletin.de\/bucuresti\/#organization"}},{"@type":"WebPage","@id":"https:\/\/buletin.de\/bucuresti\/editorial-hingheriada-orbilor\/","url":"https:\/\/buletin.de\/bucuresti\/editorial-hingheriada-orbilor\/","name":"EDITORIAL | \u201eHingheriada\u201d orbilor \u00a0 - Buletin de Bucure\u0219ti","isPartOf":{"@id":"https:\/\/buletin.de\/bucuresti\/#website"},"primaryImageOfPage":{"@id":"https:\/\/buletin.de\/bucuresti\/editorial-hingheriada-orbilor\/#primaryimage"},"image":{"@id":"https:\/\/buletin.de\/bucuresti\/editorial-hingheriada-orbilor\/#primaryimage"},"thumbnailUrl":"https:\/\/buletin.de\/bucuresti\/wp-content\/uploads\/ID149131_INQUAM_Photos_Alexandra_Pandrea.jpg","datePublished":"2023-01-23T09:47:24+00:00","dateModified":"2023-09-19T13:05:45+00:00","breadcrumb":{"@id":"https:\/\/buletin.de\/bucuresti\/editorial-hingheriada-orbilor\/#breadcrumb"},"inLanguage":"en-GB","potentialAction":[{"@type":"ReadAction","target":["https:\/\/buletin.de\/bucuresti\/editorial-hingheriada-orbilor\/"]}]},{"@type":"ImageObject","inLanguage":"en-GB","@id":"https:\/\/buletin.de\/bucuresti\/editorial-hingheriada-orbilor\/#primaryimage","url":"https:\/\/buletin.de\/bucuresti\/wp-content\/uploads\/ID149131_INQUAM_Photos_Alexandra_Pandrea.jpg","contentUrl":"https:\/\/buletin.de\/bucuresti\/wp-content\/uploads\/ID149131_INQUAM_Photos_Alexandra_Pandrea.jpg","width":2000,"height":1333},{"@type":"BreadcrumbList","@id":"https:\/\/buletin.de\/bucuresti\/editorial-hingheriada-orbilor\/#breadcrumb","itemListElement":[{"@type":"ListItem","position":1,"name":"Acas\u0103","item":"https:\/\/buletin.de\/bucuresti\/"},{"@type":"ListItem","position":2,"name":"EDITORIAL | \u201eHingheriada\u201d orbilor \u00a0"}]},{"@type":"WebSite","@id":"https:\/\/buletin.de\/bucuresti\/#website","url":"https:\/\/buletin.de\/bucuresti\/","name":"Buletin de Bucure\u0219ti","description":"\u0218tiri \u0219i investiga\u021bii esen\u021biale din capital\u0103","publisher":{"@id":"https:\/\/buletin.de\/bucuresti\/#organization"},"potentialAction":[{"@type":"SearchAction","target":{"@type":"EntryPoint","urlTemplate":"https:\/\/buletin.de\/bucuresti\/?s={search_term_string}"},"query-input":{"@type":"PropertyValueSpecification","valueRequired":true,"valueName":"search_term_string"}}],"inLanguage":"en-GB"},{"@type":"Organization","@id":"https:\/\/buletin.de\/bucuresti\/#organization","name":"Buletin de Bucure\u0219ti","url":"https:\/\/buletin.de\/bucuresti\/","logo":{"@type":"ImageObject","inLanguage":"en-GB","@id":"https:\/\/buletin.de\/bucuresti\/#\/schema\/logo\/image\/","url":"https:\/\/buletin.de\/bucuresti\/wp-content\/uploads\/logo-bdb-full-wide-vernil-transparent.png","contentUrl":"https:\/\/buletin.de\/bucuresti\/wp-content\/uploads\/logo-bdb-full-wide-vernil-transparent.png","width":1782,"height":626,"caption":"Buletin de Bucure\u0219ti"},"image":{"@id":"https:\/\/buletin.de\/bucuresti\/#\/schema\/logo\/image\/"},"sameAs":["https:\/\/www.facebook.com\/buletin.de.buc","https:\/\/www.instagram.com\/buletinde.bucuresti\/"]},{"@type":"Person","@id":"https:\/\/buletin.de\/bucuresti\/#\/schema\/person\/31117187ed4d0bdb0a4c7d6acc79d0f8","name":"C\u0103t\u0103lin Dosca\u0219","image":{"@type":"ImageObject","inLanguage":"en-GB","@id":"https:\/\/buletin.de\/bucuresti\/wp-content\/uploads\/Catalin-Doscas-e1732731064764-96x96.jpga93e2943bb3b1c1f9ead823df6e6317a","url":"https:\/\/buletin.de\/bucuresti\/wp-content\/uploads\/Catalin-Doscas-e1732731064764-96x96.jpg","contentUrl":"https:\/\/buletin.de\/bucuresti\/wp-content\/uploads\/Catalin-Doscas-e1732731064764-96x96.jpg","caption":"C\u0103t\u0103lin Dosca\u0219"},"description":"Reporter \u0219i redactor-\u0219ef Buletin de Bucure\u0219ti. Lucreaz\u0103 \u00een mass-media de la v\u00e2rsta de 15 ani, c\u00e2nd a publicat primele articole \u00een presa local\u0103 din Tecuci. \u00cen Bucure\u0219ti a lucrat \u00een redac\u021bii radio ca reporter, redactor \u0219i prezentator (StudentFM, Na\u021bionalFM, Radio Total, Smart FM), unde a acoperit domeniile politic, economic, social \u0219i externe. Ulterior, a fost editor-coordonator al postului Realitatea FM. Experien\u021ba \u00een jurnalismul online a dob\u00e2ndit-o la portalul B365.ro, unde a fost editor. \u00cen 2012 s-a angajat \u00een televiziune. La Realitatea TV a fost, pe r\u00e2nd, reporter la sec\u021bia Social, reporter special la emisiunea de reportaje \u0219i anchete \u201eReporterii Realit\u0103\u021bii\u201d, dar \u0219i editor al jurnalelor de \u0219tiri. Ulterior, a f\u0103cut parte din sec\u021bia de Investiga\u021bii de la Digi24 \u0219i a lucrat la campania \u201eRom\u00e2nia furat\u0103\u201d. A revenit \u00een presa scris\u0103 \u00een 2017, ca reporter special, \u00een cadrul unui proiect de repozi\u021bionare a tabloidului Libertatea \u00een cotidian generalist. Este jurnalist Buletin de Bucure\u0219ti din 2019.","url":"https:\/\/buletin.de\/bucuresti\/author\/catalin\/"}]}},"authors":[{"term_id":22575,"user_id":10,"is_guest":0,"slug":"catalin","display_name":"C\u0103t\u0103lin Dosca\u0219","avatar_url":"https:\/\/buletin.de\/bucuresti\/wp-content\/uploads\/Catalin-Doscas-e1732731064764-96x96.jpg","0":null,"1":"","2":"","3":"","4":"","5":"","6":"","7":"","8":""}],"_links":{"self":[{"href":"https:\/\/buletin.de\/bucuresti\/wp-json\/wp\/v2\/posts\/52415","targetHints":{"allow":["GET"]}}],"collection":[{"href":"https:\/\/buletin.de\/bucuresti\/wp-json\/wp\/v2\/posts"}],"about":[{"href":"https:\/\/buletin.de\/bucuresti\/wp-json\/wp\/v2\/types\/post"}],"author":[{"embeddable":true,"href":"https:\/\/buletin.de\/bucuresti\/wp-json\/wp\/v2\/users\/10"}],"replies":[{"embeddable":true,"href":"https:\/\/buletin.de\/bucuresti\/wp-json\/wp\/v2\/comments?post=52415"}],"version-history":[{"count":9,"href":"https:\/\/buletin.de\/bucuresti\/wp-json\/wp\/v2\/posts\/52415\/revisions"}],"predecessor-version":[{"id":52427,"href":"https:\/\/buletin.de\/bucuresti\/wp-json\/wp\/v2\/posts\/52415\/revisions\/52427"}],"wp:featuredmedia":[{"embeddable":true,"href":"https:\/\/buletin.de\/bucuresti\/wp-json\/wp\/v2\/media\/52416"}],"wp:attachment":[{"href":"https:\/\/buletin.de\/bucuresti\/wp-json\/wp\/v2\/media?parent=52415"}],"wp:term":[{"taxonomy":"category","embeddable":true,"href":"https:\/\/buletin.de\/bucuresti\/wp-json\/wp\/v2\/categories?post=52415"},{"taxonomy":"post_tag","embeddable":true,"href":"https:\/\/buletin.de\/bucuresti\/wp-json\/wp\/v2\/tags?post=52415"},{"taxonomy":"author","embeddable":true,"href":"https:\/\/buletin.de\/bucuresti\/wp-json\/wp\/v2\/ppma_author?post=52415"}],"curies":[{"name":"wp","href":"https:\/\/api.w.org\/{rel}","templated":true}]}}